{"id":10938,"date":"2012-07-02T08:22:41","date_gmt":"2012-07-02T07:22:41","guid":{"rendered":"https:\/\/estyl.pl\/blog\/?p=10938"},"modified":"2016-10-24T15:05:05","modified_gmt":"2016-10-24T13:05:05","slug":"loreal-density-advanced-szampon-do-wlosow-przerzedzonych","status":"publish","type":"post","link":"https:\/\/estyl.pl\/blog\/loreal-density-advanced-szampon-do-wlosow-przerzedzonych\/","title":{"rendered":"L&#8217;Oreal Density Advanced szampon do w\u0142os\u00f3w przerzedzonych"},"content":{"rendered":"<h3>Rozdali\u015bmy naszym Testerkom komplety profesjonalnych kosmetyk\u00f3w L&#8221;Oreal do w\u0142os\u00f3w z pro\u015bb\u0105 o ich przetestowanie. Edyta przetestowa\u0142a\u00a0szampon do w\u0142os\u00f3w przerzedzonych L&#8217;Oreal Density Advanced. Przekonajcie si\u0119, czy ten kosmetyk uratowa\u0142 jej loki.<\/h3>\n<p><!--more--><\/p>\n<p><a href=\"https:\/\/estyl.pl\/blog\/wp-content\/uploads\/2012\/07\/loreal_density_advanced1.jpg\" target=\"_blank\" rel=\"lightbox[10938]\"><img decoding=\"async\" loading=\"lazy\" class=\"aligncenter wp-image-25483 size-full\" title=\"szampon do w\u0142os\u00f3w przerzedzonych\" src=\"https:\/\/estyl.pl\/blog\/wp-content\/uploads\/2012\/07\/loreal_density_advanced1.jpg\" alt=\"szampon do w\u0142os\u00f3w przerzedzonych\" width=\"575\" height=\"288\" srcset=\"https:\/\/estyl.pl\/blog\/wp-content\/uploads\/2012\/07\/loreal_density_advanced1.jpg 575w, https:\/\/estyl.pl\/blog\/wp-content\/uploads\/2012\/07\/loreal_density_advanced1-300x150.jpg 300w, https:\/\/estyl.pl\/blog\/wp-content\/uploads\/2012\/07\/loreal_density_advanced1-261x130.jpg 261w\" sizes=\"(max-width: 575px) 100vw, 575px\" \/><\/a><\/p>\n<p style=\"text-align: center;\">fot.\u00a0\u00a9 Pajmon.com Piotr Bielecki<\/p>\n<p>Kosmetyk zosta\u0142 oceniony w 7 kategoriach:<\/p>\n<ol>\n<li><a href=\"#opakowanie\">Opakowanie<\/a><\/li>\n<li><a href=\"#zapach\">Zapach i konsystencja<\/a><\/li>\n<li><a href=\"#wydajnosc\">Wydajno\u015b\u0107<\/a><\/li>\n<li><a href=\"#dzialanie\">Dzia\u0142anie<\/a><\/li>\n<li><a href=\"#zalety\">Zalety<\/a><\/li>\n<li><a href=\"#wady\">Wady<\/a><\/li>\n<li><a href=\"#ocena\">Ocena og\u00f3lna<\/a> w skali od 1 do 5<\/li>\n<\/ol>\n<p><img decoding=\"async\" loading=\"lazy\" class=\"alignleft wp-image-305 size-full\" title=\"szampon do w\u0142os\u00f3w przerzedzonych\" src=\"https:\/\/estyl.pl\/blog\/wp-content\/uploads\/2011\/03\/edyta_profil.jpg\" alt=\"szampon do w\u0142os\u00f3w przerzedzonych\" width=\"153\" height=\"200\" \/><strong>Edyta<\/strong> ma 22 lata, pracuje i uczy si\u0119 jednocze\u015bnie, dlatego jest do\u015b\u0107 zabiegana. Przeznacza na piel\u0119gnacj\u0119 w\u0142os\u00f3w minimum czasu; Codzienne mycie w\u0142os\u00f3w plus \u015brodki do ich stylizacji to podstawa jej wizerunku. Lubi naprawd\u0119 mocno zaznaczone loki.<\/p>\n<p>Jej d\u0142ugie blond loki s\u0105 przesuszone na ko\u0144cach, maj\u0105 tendencj\u0119 do wypadania &#8211; dlatego potrzebuj\u0105 wzmocnienia i nawil\u017cenia. Do tej pory Edyta u\u017cywa\u0142a kosmetyk\u00f3w do w\u0142os\u00f3w kr\u0119conych Nivea. Z kosmetyk\u00f3w profesjonalnych najbardziej lubi krem do lok\u00f3w Tigi Amplifier oraz od\u017cywk\u0119 bez sp\u0142ukiwania Tigi Curls Rock. O swoich w\u0142osach m\u00f3wi tak:<\/p>\n<ul>\n<li><strong>D\u0142ugo\u015b\u0107<\/strong>: d\u0142ugie<\/li>\n<li><strong>Farbowane<\/strong>: nie<\/li>\n<li><strong>Rodzaj w\u0142os\u00f3w<\/strong>: kr\u0119cone, wra\u017cliwe, kruche, ale du\u017ca obj\u0119to\u015b\u0107,<\/li>\n<li><strong>Problemy z w\u0142osami<\/strong>: <a href=\"https:\/\/estyl.pl\/wlosy\" data-internallinksmanager029f6b8e52c=\"2\" title=\"w\u0142osy\">w\u0142osy<\/a> w dotyku s\u0105 szorstkie, brak im po\u0142ysku, s\u0105 pozbawione elastyczno\u015bci, \u0142amliwe i zniszczone przy ko\u0144cach, maj\u0105 tendencj\u0119 do wypadania, puszenia i elektryzowania si\u0119.<\/li>\n<\/ul>\n<p><a href=\"https:\/\/estyl.pl\/blog\/wp-content\/uploads\/2012\/07\/loreal_density_advanced_shampoo.jpg\" target=\"_blank\" rel=\"lightbox[10938]\"><img decoding=\"async\" loading=\"lazy\" class=\"alignleft wp-image-10954\" title=\"szampon do w\u0142os\u00f3w przerzedzonych\" src=\"https:\/\/estyl.pl\/blog\/wp-content\/uploads\/2012\/07\/loreal_density_advanced_shampoo-150x150.jpg\" alt=\"szampon do w\u0142os\u00f3w przerzedzonych\" width=\"150\" height=\"150\" \/><\/a>Edyta dosta\u0142a do przetestowania szampon zag\u0119szczaj\u0105cy w\u0142osy cienkie, os\u0142abione i wypadaj\u0105ce L&#8217;Oreal Density Advanced. Szampon wzbogacono witaminami PP, B6 oraz kwasami Omega 6. Kosmetyk jest pierwszym krokiem pe\u0142nej kuracji przeciw wypadaniu w\u0142os\u00f3w. W sk\u0142ad pe\u0142nego zestawu wchodz\u0105c\u0105: szampon oczyszczaj\u0105cy i ampu\u0142ki Aminexil Advanced.<\/p>\n<p>W tej recenzji Edyta przedstawi swoj\u0105 opini\u0119 na temat szampon do w\u0142os\u00f3w przerzedzonych<a href=\"http:\/\/estyl.pl\/loreal-szampon-zageszczajacy-do-wlosow-przerzedzonych-250-ml\"><strong>\u00a0L&#8217;Oreal Density Advanced<\/strong><\/a>, do kupienia w sklepie eStyl.pl.<\/p>\n<p>1. <strong><a name=\"opakowanie\"><\/a>Opakowanie<\/strong>:<strong> Szampon do w\u0142os\u00f3w przerzedzonych\u00a0L&#8217;Oreal znajduje si\u0119 w niewielkiej buteleczce<\/strong>, przypominaj\u0105cej ma\u0142y wazonik ( w\u0105ski na g\u00f3rze i rozszerzony na dole), dzi\u0119ki czemu mie\u015bci si\u0119 w jednej d\u0142oni i jednocze\u015bnie \u0142atwo si\u0119 go otwiera. W celu jego u\u017cycia nale\u017cy lekko podwa\u017cy\u0107 kciukiem zamkni\u0119cie, przesuwaj\u0105c je w g\u00f3r\u0119. Jedynym minusem opakowania jest to, \u017ce butelka w ca\u0142o\u015bci pokryta jest bia\u0142\u0105 foli\u0105, przez co nie wida\u0107 (nawet pod \u015bwiat\u0142em) pozosta\u0142ej do wykorzystania ilo\u015bci szamponu. <strong>Butelka jest ma\u0142a i por\u0119czna<\/strong>, dlatego w \u0142azience zajmuje niewiele miejsca.<\/p>\n<p>2. <strong><a name=\"zapach\"><\/a>Zapach i konsystencja<\/strong>. Konsystencja szamponu jest <em><strong>g\u0119sta i przezroczysta<\/strong><\/em>, dlatego szampon nie wylewa si\u0119 z r\u0119ki i \u0142atwo aplikuje si\u0119 go na w\u0142osy.<strong> Zapach kojarzy mi si\u0119 z myd\u0142em szarym lub aptek\u0105 i s\u0142usznie, bo to przecie\u017c szampon leczniczy<\/strong>. Kosmetyk pieni si\u0119 \u015brednio, bo ma mniej substancji czynnych, dzi\u0119ki czemu nie podra\u017cnia sk\u00f3ry g\u0142owy.<\/p>\n<div class=\"minpic\"><a href=\"https:\/\/estyl.pl\/blog\/wp-content\/uploads\/2012\/07\/loreal_density_advanced_shampoo_op.jpg\" target=\"_blank\" rel=\"lightbox[10938]\"><img decoding=\"async\" loading=\"lazy\" class=\"alignnone wp-image-10958 size-thumbnail\" title=\"szampon do w\u0142os\u00f3w przerzedzonych\" src=\"https:\/\/estyl.pl\/blog\/wp-content\/uploads\/2012\/07\/loreal_density_advanced_shampoo_op-150x150.jpg\" alt=\"szampon do w\u0142os\u00f3w przerzedzonych\" width=\"150\" height=\"150\" \/><\/a><a href=\"https:\/\/estyl.pl\/blog\/wp-content\/uploads\/2012\/07\/loreal_density_advanced_back.jpg\" target=\"_blank\" rel=\"lightbox[10938]\"><img decoding=\"async\" loading=\"lazy\" class=\"alignnone wp-image-10959 size-thumbnail\" title=\"szampon do w\u0142os\u00f3w przerzedzonych\" src=\"https:\/\/estyl.pl\/blog\/wp-content\/uploads\/2012\/07\/loreal_density_advanced_back-150x150.jpg\" alt=\"szampon do w\u0142os\u00f3w przerzedzonych\" width=\"150\" height=\"150\" \/><\/a><a href=\"https:\/\/estyl.pl\/blog\/wp-content\/uploads\/2012\/07\/loreal_density_advanced_shampoo_op2.jpg\" target=\"_blank\" rel=\"lightbox[10938]\"><img decoding=\"async\" loading=\"lazy\" class=\"alignnone wp-image-10960 size-thumbnail\" title=\"szampon do w\u0142os\u00f3w przerzedzonych\" src=\"https:\/\/estyl.pl\/blog\/wp-content\/uploads\/2012\/07\/loreal_density_advanced_shampoo_op2-150x150.jpg\" alt=\"szampon do w\u0142os\u00f3w przerzedzonych\" width=\"150\" height=\"150\" \/><\/a><\/div>\n<p>3. <strong><a name=\"wydajnosc\"><\/a>Wydajno\u015b\u0107<\/strong>. Szamponu L&#8217;Oreal Density Advanced <strong>u\u017cywam od oko\u0142o trzech miesi\u0119cy i w chwili obecnej pozosta\u0142o mi\u00a0 3\/4<\/strong> szamponu do wykorzystania. U\u017cywam go dwa, maksymalnie trzy razy w tygodniu. Szampon w po\u0142\u0105czeniu z wod\u0105 znacznie mniej pieni si\u0119 w por\u00f3wnaniu do innych produkt\u00f3w, ale mimo to mo\u017cna bezproblemowo rozprowadzi\u0107 go po ca\u0142ej powierzchni w\u0142os\u00f3w, u\u017cywaj\u0105c przy tym jego niewielk\u0105 ilo\u015b\u0107.<\/p>\n<p>4. <strong><a name=\"dzialanie\"><\/a>Dzia\u0142anie<\/strong>. L&#8217;Oreal Density Advanced to szampon, kt\u00f3rego g\u0142\u00f3wnym zadaniem jest zwi\u0119kszenie obj\u0119to\u015bci w\u0142os\u00f3w, a tak\u017ce\u00a0 zapobieganie ich wypadaniu. Produkt przeznaczony jest do ka\u017cdego rodzaju w\u0142os\u00f3w: prostych, kr\u0119conych, farbowanych i naturalnych, wi\u0119c generalnie ka\u017cda z nas mo\u017ce z niego skorzysta\u0107. <strong>Polecam go ka\u017cdej osobie, kt\u00f3ra chce piel\u0119gnowa\u0107 swoje w\u0142osy i cieszy\u0107 si\u0119 ich wygl\u0105dem, a nie patrze\u0107 i zamartwia\u0107 si\u0119 ich wypadaniem.<\/strong> Zdecydowa\u0142am si\u0119 na ten szampon poniewa\u017c ci\u0105g\u0142e wypadanie w\u0142os\u00f3w jest dla mnie powa\u017cnym problemem i koszmarem. Moje w\u0142osy s\u0105 zniszczone i nara\u017cone na wypadanie z uwagi na ich piel\u0119gnacj\u0119: codzienne mycie i u\u017cywanie r\u00f3\u017cnych produkt\u00f3w do ich stylizacji spowodowa\u0142o, \u017ce przy ka\u017cdym myciu w\u0142os\u00f3w na d\u0142oniach pozostaj\u0105 mi pasma moich loczk\u00f3w.<\/p>\n<div class=\"minpic\"><a href=\"https:\/\/estyl.pl\/blog\/wp-content\/uploads\/2012\/07\/loreal_density_advanced_shampoo_konsystencja1.jpg\" target=\"_blank\" rel=\"lightbox[10938]\"><img decoding=\"async\" loading=\"lazy\" class=\"alignnone wp-image-10961 size-medium\" title=\"szampon do w\u0142os\u00f3w przerzedzonych\" src=\"https:\/\/estyl.pl\/blog\/wp-content\/uploads\/2012\/07\/loreal_density_advanced_shampoo_konsystencja1-300x200.jpg\" alt=\"szampon do w\u0142os\u00f3w przerzedzonych\" width=\"300\" height=\"200\" srcset=\"https:\/\/estyl.pl\/blog\/wp-content\/uploads\/2012\/07\/loreal_density_advanced_shampoo_konsystencja1-300x200.jpg 300w, https:\/\/estyl.pl\/blog\/wp-content\/uploads\/2012\/07\/loreal_density_advanced_shampoo_konsystencja1-580x386.jpg 580w, https:\/\/estyl.pl\/blog\/wp-content\/uploads\/2012\/07\/loreal_density_advanced_shampoo_konsystencja1-261x174.jpg 261w, https:\/\/estyl.pl\/blog\/wp-content\/uploads\/2012\/07\/loreal_density_advanced_shampoo_konsystencja1.jpg 720w\" sizes=\"(max-width: 300px) 100vw, 300px\" \/><\/a><a href=\"https:\/\/estyl.pl\/blog\/wp-content\/uploads\/2012\/07\/loreal_density_advanced_shampoo_konsystencja3.jpg\" target=\"_blank\" rel=\"lightbox[10938]\"><img decoding=\"async\" loading=\"lazy\" class=\"alignnone wp-image-10962 size-medium\" title=\"szampon do w\u0142os\u00f3w przerzedzonych\" src=\"https:\/\/estyl.pl\/blog\/wp-content\/uploads\/2012\/07\/loreal_density_advanced_shampoo_konsystencja3-300x200.jpg\" alt=\"szampon do w\u0142os\u00f3w przerzedzonych\" width=\"300\" height=\"200\" srcset=\"https:\/\/estyl.pl\/blog\/wp-content\/uploads\/2012\/07\/loreal_density_advanced_shampoo_konsystencja3-300x200.jpg 300w, https:\/\/estyl.pl\/blog\/wp-content\/uploads\/2012\/07\/loreal_density_advanced_shampoo_konsystencja3-580x386.jpg 580w, https:\/\/estyl.pl\/blog\/wp-content\/uploads\/2012\/07\/loreal_density_advanced_shampoo_konsystencja3-261x174.jpg 261w, https:\/\/estyl.pl\/blog\/wp-content\/uploads\/2012\/07\/loreal_density_advanced_shampoo_konsystencja3.jpg 720w\" sizes=\"(max-width: 300px) 100vw, 300px\" \/><\/a><a href=\"https:\/\/estyl.pl\/blog\/wp-content\/uploads\/2012\/07\/loreal_density_advanced_shampoo_konsystencja2.jpg\" target=\"_blank\" rel=\"lightbox[10938]\"><img decoding=\"async\" loading=\"lazy\" class=\"alignnone wp-image-10963 size-medium\" title=\"szampon do w\u0142os\u00f3w przerzedzonych\" src=\"https:\/\/estyl.pl\/blog\/wp-content\/uploads\/2012\/07\/loreal_density_advanced_shampoo_konsystencja2-300x230.jpg\" alt=\"szampon do w\u0142os\u00f3w przerzedzonych\" width=\"300\" height=\"230\" srcset=\"https:\/\/estyl.pl\/blog\/wp-content\/uploads\/2012\/07\/loreal_density_advanced_shampoo_konsystencja2-300x230.jpg 300w, https:\/\/estyl.pl\/blog\/wp-content\/uploads\/2012\/07\/loreal_density_advanced_shampoo_konsystencja2-580x446.jpg 580w, https:\/\/estyl.pl\/blog\/wp-content\/uploads\/2012\/07\/loreal_density_advanced_shampoo_konsystencja2-261x200.jpg 261w, https:\/\/estyl.pl\/blog\/wp-content\/uploads\/2012\/07\/loreal_density_advanced_shampoo_konsystencja2.jpg 624w\" sizes=\"(max-width: 300px) 100vw, 300px\" \/><\/a><\/div>\n<h3><strong>L&#8217;Oreal po raz kolejny mnie nie zawi\u00f3d\u0142.<\/strong> Kosmetyki tej firmy zawsze robi\u0142y na mnie du\u017ce wra\u017cenie i w pe\u0142ni by\u0142am z nich zadowolona. Szampon do w\u0142os\u00f3w przerzedzonych Density Advanced r\u00f3wnie\u017c uzyska\u0142\u00a0 u mnie du\u017cy plus. U\u017cywam go od trzech miesi\u0119cy i ju\u017c zauwa\u017cy\u0142am pierwsze efekty. <em><strong>Po umyciu moje loczki zostaj\u0105 u nasady g\u0142owy, a nie na moich d\u0142oniach, czy szczotce do w\u0142os\u00f3w<\/strong><\/em>. Zauwa\u017cy\u0142am zdecydowan\u0105 popraw\u0119 jako\u015bci swojej fryzury i mniej w\u0142os\u00f3w wok\u00f3\u0142 mnie.<\/h3>\n<p>Aby efekt by\u0142 naprawd\u0119 zadowalaj\u0105cy, <strong>nale\u017cy u\u017cywa\u0107 szamponu co najmniej przez kilka miesi\u0119cy ci\u0105giem<\/strong> (do trzech razy w tygodniu). W przypadku rzadkiego u\u017cywania efekt nie b\u0119dzie trwa\u0142y &#8211; przez jaki\u015b czas u\u017cywa\u0142am innego szamponu i od razu zauwa\u017cy\u0142am, \u017ce powr\u00f3ci\u0142 do mnie problem zwi\u0105zany z wypadaniem w\u0142os\u00f3w.<\/p>\n<p>5. <strong><a name=\"zalety\"><\/a>Zalety<\/strong>: dzia\u0142anie szamponu &#8211; w\u0142osy naprawd\u0119 przesta\u0142y mi wypada\u0107, przez co zyska\u0142y wi\u0119ksz\u0105 obj\u0119to\u015b\u0107, stosunkowo niska cena.<\/p>\n<p>6. <strong><a name=\"wady\"><\/a>Wady<\/strong>: opakowanie szamponu &#8211; nie wida\u0107 pozosta\u0142ej do wykorzystania ilo\u015bci szamponu.<\/p>\n<p>7. <strong><a name=\"ocena\"><\/a>Ocena og\u00f3lna<\/strong>: 4<\/p>\n","protected":false},"excerpt":{"rendered":"<p>Rozdali\u015bmy naszym Testerkom komplety profesjonalnych kosmetyk\u00f3w L&#8221;Oreal do w\u0142os\u00f3w z pro\u015bb\u0105 o ich przetestowanie. Edyta przetestowa\u0142a\u00a0szampon do w\u0142os\u00f3w przerzedzonych L&#8217;Oreal Density Advanced. Przekonajcie si\u0119, czy ten kosmetyk uratowa\u0142 jej loki.<\/p>\n","protected":false},"author":23,"featured_media":25485,"comment_status":"open","ping_status":"closed","sticky":false,"template":"","format":"standard","meta":{"_eb_attr":""},"categories":[4,33],"tags":[1107,2123,2078,2174,232],"acf":[],"yoast_head":"<!-- This site is optimized with the Yoast SEO plugin v20.8 - https:\/\/yoast.com\/wordpress\/plugins\/seo\/ -->\n<title>Szampon do w\u0142os\u00f3w przerzedzonych L&#039;Oreal - opinia<\/title>\n<meta name=\"description\" content=\"Jak poradzi\u0107 sobie z wypadaniem w\u0142os\u00f3w? Kosmetyk\u00f3w, kt\u00f3re temu zapobiegaj\u0105, jest wiele. My przetestowali\u015bmy szampon do w\u0142os\u00f3w przerzedzonych L&#039;Oreal.\" \/>\n<meta name=\"robots\" content=\"index, follow, max-snippet:-1, max-image-preview:large, max-video-preview:-1\" \/>\n<link rel=\"canonical\" href=\"https:\/\/estyl.pl\/blog\/loreal-density-advanced-szampon-do-wlosow-przerzedzonych\/\" \/>\n<meta property=\"og:locale\" content=\"pl_PL\" \/>\n<meta property=\"og:type\" content=\"article\" \/>\n<meta property=\"og:title\" content=\"Szampon do w\u0142os\u00f3w przerzedzonych L&#039;Oreal - opinia\" \/>\n<meta property=\"og:description\" content=\"Jak poradzi\u0107 sobie z wypadaniem w\u0142os\u00f3w? Kosmetyk\u00f3w, kt\u00f3re temu zapobiegaj\u0105, jest wiele. My przetestowali\u015bmy szampon do w\u0142os\u00f3w przerzedzonych L&#039;Oreal.\" \/>\n<meta property=\"og:url\" content=\"https:\/\/estyl.pl\/blog\/loreal-density-advanced-szampon-do-wlosow-przerzedzonych\/\" \/>\n<meta property=\"og:site_name\" content=\"Blog | Estyl.pl\" \/>\n<meta property=\"article:author\" content=\"kdrogowskakwasnik\" \/>\n<meta property=\"article:published_time\" content=\"2012-07-02T07:22:41+00:00\" \/>\n<meta property=\"article:modified_time\" content=\"2016-10-24T13:05:05+00:00\" \/>\n<meta property=\"og:image\" content=\"https:\/\/estyl.pl\/blog\/wp-content\/uploads\/2012\/07\/szampon-do-w\u0142os\u00f3w-przerzedzonych.png\" \/>\n\t<meta property=\"og:image:width\" content=\"755\" \/>\n\t<meta property=\"og:image:height\" content=\"320\" \/>\n\t<meta property=\"og:image:type\" content=\"image\/png\" \/>\n<meta name=\"author\" content=\"Karolina\" \/>\n<meta name=\"twitter:label1\" content=\"Napisane przez\" \/>\n\t<meta name=\"twitter:data1\" content=\"Karolina\" \/>\n\t<meta name=\"twitter:label2\" content=\"Szacowany czas czytania\" \/>\n\t<meta name=\"twitter:data2\" content=\"4 minuty\" \/>\n<script type=\"application\/ld+json\" class=\"yoast-schema-graph\">{\"@context\":\"https:\/\/schema.org\",\"@graph\":[{\"@type\":\"WebPage\",\"@id\":\"https:\/\/estyl.pl\/blog\/loreal-density-advanced-szampon-do-wlosow-przerzedzonych\/\",\"url\":\"https:\/\/estyl.pl\/blog\/loreal-density-advanced-szampon-do-wlosow-przerzedzonych\/\",\"name\":\"Szampon do w\u0142os\u00f3w przerzedzonych L'Oreal - opinia\",\"isPartOf\":{\"@id\":\"https:\/\/estyl.pl\/blog\/#website\"},\"datePublished\":\"2012-07-02T07:22:41+00:00\",\"dateModified\":\"2016-10-24T13:05:05+00:00\",\"author\":{\"@id\":\"https:\/\/estyl.pl\/blog\/#\/schema\/person\/debe1fb907542b5dc82bccc2029e474f\"},\"description\":\"Jak poradzi\u0107 sobie z wypadaniem w\u0142os\u00f3w? Kosmetyk\u00f3w, kt\u00f3re temu zapobiegaj\u0105, jest wiele. My przetestowali\u015bmy szampon do w\u0142os\u00f3w przerzedzonych L'Oreal.\",\"breadcrumb\":{\"@id\":\"https:\/\/estyl.pl\/blog\/loreal-density-advanced-szampon-do-wlosow-przerzedzonych\/#breadcrumb\"},\"inLanguage\":\"pl-PL\",\"potentialAction\":[{\"@type\":\"ReadAction\",\"target\":[\"https:\/\/estyl.pl\/blog\/loreal-density-advanced-szampon-do-wlosow-przerzedzonych\/\"]}]},{\"@type\":\"BreadcrumbList\",\"@id\":\"https:\/\/estyl.pl\/blog\/loreal-density-advanced-szampon-do-wlosow-przerzedzonych\/#breadcrumb\",\"itemListElement\":[{\"@type\":\"ListItem\",\"position\":1,\"name\":\"Piel\u0119gnacja w\u0142os\u00f3w\",\"item\":\"https:\/\/estyl.pl\/blog\/pielegnacja-wlosow\/\"},{\"@type\":\"ListItem\",\"position\":2,\"name\":\"L&#8217;Oreal Density Advanced szampon do w\u0142os\u00f3w przerzedzonych\"}]},{\"@type\":\"WebSite\",\"@id\":\"https:\/\/estyl.pl\/blog\/#website\",\"url\":\"https:\/\/estyl.pl\/blog\/\",\"name\":\"Blog | Estyl.pl\",\"description\":\"Kosmetyki do w\u0142os\u00f3w, porady, piel\u0119gnacja, stylizacja\",\"potentialAction\":[{\"@type\":\"SearchAction\",\"target\":{\"@type\":\"EntryPoint\",\"urlTemplate\":\"https:\/\/estyl.pl\/blog\/?s={search_term_string}\"},\"query-input\":\"required name=search_term_string\"}],\"inLanguage\":\"pl-PL\"},{\"@type\":\"Person\",\"@id\":\"https:\/\/estyl.pl\/blog\/#\/schema\/person\/debe1fb907542b5dc82bccc2029e474f\",\"name\":\"Karolina\",\"description\":\"Absolwentka kosmetologii i dietetyki na \u015al\u0105skiej Wy\u017cszej Szkole Medycznej w Katowicach. Ze sklepem Estyl.pl zwi\u0105zana od wielu lat. Wiedz\u0119 na temat produkt\u00f3w zebra\u0142a pracuj\u0105c w sklepie stacjonanym w Katowicach. Aktualnie pracuje jako copywriter, co daje jej du\u017co satysfakcji. Uwielbia testowa\u0107 nowe kosmetyki.\",\"sameAs\":[\"kdrogowskakwasnik\"],\"url\":\"https:\/\/estyl.pl\/blog\/author\/k-mistalsiekiera\/\"}]}<\/script>\n<!-- \/ Yoast SEO plugin. -->","yoast_head_json":{"title":"Szampon do w\u0142os\u00f3w przerzedzonych L'Oreal - opinia","description":"Jak poradzi\u0107 sobie z wypadaniem w\u0142os\u00f3w? Kosmetyk\u00f3w, kt\u00f3re temu zapobiegaj\u0105, jest wiele. My przetestowali\u015bmy szampon do w\u0142os\u00f3w przerzedzonych L'Oreal.","robots":{"index":"index","follow":"follow","max-snippet":"max-snippet:-1","max-image-preview":"max-image-preview:large","max-video-preview":"max-video-preview:-1"},"canonical":"https:\/\/estyl.pl\/blog\/loreal-density-advanced-szampon-do-wlosow-przerzedzonych\/","og_locale":"pl_PL","og_type":"article","og_title":"Szampon do w\u0142os\u00f3w przerzedzonych L'Oreal - opinia","og_description":"Jak poradzi\u0107 sobie z wypadaniem w\u0142os\u00f3w? Kosmetyk\u00f3w, kt\u00f3re temu zapobiegaj\u0105, jest wiele. My przetestowali\u015bmy szampon do w\u0142os\u00f3w przerzedzonych L'Oreal.","og_url":"https:\/\/estyl.pl\/blog\/loreal-density-advanced-szampon-do-wlosow-przerzedzonych\/","og_site_name":"Blog | Estyl.pl","article_author":"kdrogowskakwasnik","article_published_time":"2012-07-02T07:22:41+00:00","article_modified_time":"2016-10-24T13:05:05+00:00","og_image":[{"width":755,"height":320,"url":"https:\/\/estyl.pl\/blog\/wp-content\/uploads\/2012\/07\/szampon-do-w\u0142os\u00f3w-przerzedzonych.png","type":"image\/png"}],"author":"Karolina","twitter_misc":{"Napisane przez":"Karolina","Szacowany czas czytania":"4 minuty"},"schema":{"@context":"https:\/\/schema.org","@graph":[{"@type":"WebPage","@id":"https:\/\/estyl.pl\/blog\/loreal-density-advanced-szampon-do-wlosow-przerzedzonych\/","url":"https:\/\/estyl.pl\/blog\/loreal-density-advanced-szampon-do-wlosow-przerzedzonych\/","name":"Szampon do w\u0142os\u00f3w przerzedzonych L'Oreal - opinia","isPartOf":{"@id":"https:\/\/estyl.pl\/blog\/#website"},"datePublished":"2012-07-02T07:22:41+00:00","dateModified":"2016-10-24T13:05:05+00:00","author":{"@id":"https:\/\/estyl.pl\/blog\/#\/schema\/person\/debe1fb907542b5dc82bccc2029e474f"},"description":"Jak poradzi\u0107 sobie z wypadaniem w\u0142os\u00f3w? Kosmetyk\u00f3w, kt\u00f3re temu zapobiegaj\u0105, jest wiele. My przetestowali\u015bmy szampon do w\u0142os\u00f3w przerzedzonych L'Oreal.","breadcrumb":{"@id":"https:\/\/estyl.pl\/blog\/loreal-density-advanced-szampon-do-wlosow-przerzedzonych\/#breadcrumb"},"inLanguage":"pl-PL","potentialAction":[{"@type":"ReadAction","target":["https:\/\/estyl.pl\/blog\/loreal-density-advanced-szampon-do-wlosow-przerzedzonych\/"]}]},{"@type":"BreadcrumbList","@id":"https:\/\/estyl.pl\/blog\/loreal-density-advanced-szampon-do-wlosow-przerzedzonych\/#breadcrumb","itemListElement":[{"@type":"ListItem","position":1,"name":"Piel\u0119gnacja w\u0142os\u00f3w","item":"https:\/\/estyl.pl\/blog\/pielegnacja-wlosow\/"},{"@type":"ListItem","position":2,"name":"L&#8217;Oreal Density Advanced szampon do w\u0142os\u00f3w przerzedzonych"}]},{"@type":"WebSite","@id":"https:\/\/estyl.pl\/blog\/#website","url":"https:\/\/estyl.pl\/blog\/","name":"Blog | Estyl.pl","description":"Kosmetyki do w\u0142os\u00f3w, porady, piel\u0119gnacja, stylizacja","potentialAction":[{"@type":"SearchAction","target":{"@type":"EntryPoint","urlTemplate":"https:\/\/estyl.pl\/blog\/?s={search_term_string}"},"query-input":"required name=search_term_string"}],"inLanguage":"pl-PL"},{"@type":"Person","@id":"https:\/\/estyl.pl\/blog\/#\/schema\/person\/debe1fb907542b5dc82bccc2029e474f","name":"Karolina","description":"Absolwentka kosmetologii i dietetyki na \u015al\u0105skiej Wy\u017cszej Szkole Medycznej w Katowicach. Ze sklepem Estyl.pl zwi\u0105zana od wielu lat. Wiedz\u0119 na temat produkt\u00f3w zebra\u0142a pracuj\u0105c w sklepie stacjonanym w Katowicach. Aktualnie pracuje jako copywriter, co daje jej du\u017co satysfakcji. Uwielbia testowa\u0107 nowe kosmetyki.","sameAs":["kdrogowskakwasnik"],"url":"https:\/\/estyl.pl\/blog\/author\/k-mistalsiekiera\/"}]}},"_links":{"self":[{"href":"https:\/\/estyl.pl\/blog\/wp-json\/wp\/v2\/posts\/10938"}],"collection":[{"href":"https:\/\/estyl.pl\/blog\/wp-json\/wp\/v2\/posts"}],"about":[{"href":"https:\/\/estyl.pl\/blog\/wp-json\/wp\/v2\/types\/post"}],"author":[{"embeddable":true,"href":"https:\/\/estyl.pl\/blog\/wp-json\/wp\/v2\/users\/23"}],"replies":[{"embeddable":true,"href":"https:\/\/estyl.pl\/blog\/wp-json\/wp\/v2\/comments?post=10938"}],"version-history":[{"count":49,"href":"https:\/\/estyl.pl\/blog\/wp-json\/wp\/v2\/posts\/10938\/revisions"}],"predecessor-version":[{"id":31200,"href":"https:\/\/estyl.pl\/blog\/wp-json\/wp\/v2\/posts\/10938\/revisions\/31200"}],"wp:featuredmedia":[{"embeddable":true,"href":"https:\/\/estyl.pl\/blog\/wp-json\/wp\/v2\/media\/25485"}],"wp:attachment":[{"href":"https:\/\/estyl.pl\/blog\/wp-json\/wp\/v2\/media?parent=10938"}],"wp:term":[{"taxonomy":"category","embeddable":true,"href":"https:\/\/estyl.pl\/blog\/wp-json\/wp\/v2\/categories?post=10938"},{"taxonomy":"post_tag","embeddable":true,"href":"https:\/\/estyl.pl\/blog\/wp-json\/wp\/v2\/tags?post=10938"}],"curies":[{"name":"wp","href":"https:\/\/api.w.org\/{rel}","templated":true}]}}