{"id":1094,"date":"2017-01-12T10:02:00","date_gmt":"2017-01-12T08:02:00","guid":{"rendered":"https:\/\/estyl.pl\/blog\/?p=1094"},"modified":"2019-06-05T13:44:21","modified_gmt":"2019-06-05T11:44:21","slug":"co-lubia-jesc-wlosy","status":"publish","type":"post","link":"https:\/\/estyl.pl\/blog\/co-lubia-jesc-wlosy\/","title":{"rendered":"Wp\u0142yw diety na w\u0142osy"},"content":{"rendered":"<h3 style=\"text-align: justify;\">Masz k\u0142opoty z w\u0142osami? S\u0105 \u0142amliwe, pozbawione blasku, a mo\u017ce wypadaj\u0105? Wszystkie stosowane przez Ciebie kosmetyki do piel\u0119gnacji dzia\u0142aj\u0105 dora\u017anie? Je\u017celi tak, to pora zastanowi\u0107 si\u0119 nad tym, co jesz. Okazuje si\u0119, \u017ce nawet najlepszy kosmetyk do w\u0142os\u00f3w nie jest w stanie poradzi\u0107 sobie z problemem, je\u017celi w organizmie brakuje podstawowych sk\u0142adnik\u00f3w od\u017cywczych. Je\u017celi w ostatnim czasie przesz\u0142a\u015b na drastyczn\u0105 diet\u0119, nie zdziw si\u0119, \u017ce Twoje w\u0142osy straci\u0142y na urodzie. Jaki jest wp\u0142yw diety na w\u0142osy?<!--more--><\/h3>\n<p style=\"text-align: justify;\"><a href=\"https:\/\/estyl.pl\/blog\/wp-content\/uploads\/2014\/05\/co-lubia-jesc-wlosy.jpg\" target=\"_blank\" rel=\"lightbox[1094]\"><img decoding=\"async\" loading=\"lazy\" class=\"aligncenter wp-image-26728 size-full\" title=\"wp\u0142yw diety na w\u0142osy\" src=\"https:\/\/estyl.pl\/blog\/wp-content\/uploads\/2014\/05\/co-lubia-jesc-wlosy.jpg\" alt=\"wp\u0142yw diety na w\u0142osy\" width=\"575\" height=\"381\" srcset=\"https:\/\/estyl.pl\/blog\/wp-content\/uploads\/2014\/05\/co-lubia-jesc-wlosy.jpg 575w, https:\/\/estyl.pl\/blog\/wp-content\/uploads\/2014\/05\/co-lubia-jesc-wlosy-300x199.jpg 300w, https:\/\/estyl.pl\/blog\/wp-content\/uploads\/2014\/05\/co-lubia-jesc-wlosy-261x173.jpg 261w, https:\/\/estyl.pl\/blog\/wp-content\/uploads\/2014\/05\/co-lubia-jesc-wlosy-212x140.jpg 212w\" sizes=\"(max-width: 575px) 100vw, 575px\" \/><\/a><\/p>\n<p style=\"text-align: center;\">\u00a9 Photl.com<\/p>\n<h2>Problemy z w\u0142osami, a dieta<\/h2>\n<p style=\"text-align: justify;\">Wzmo\u017cone wypadanie w\u0142os\u00f3w, ich nadmierna sucho\u015b\u0107 czy matowo\u015b\u0107 mog\u0105 by\u0107 wynikiem nie tylko wzmo\u017conego stresu czy przem\u0119czenia lecz r\u00f3wnie\u017c mog\u0105 wskazywa\u0107 na wiele zaburze\u0144.<\/p>\n<p style=\"text-align: justify;\">Cz\u0119sto nadmierne wypadanie w\u0142os\u00f3w spowodowane jest pojawieniem si\u0119 <strong>anemii<\/strong>. Aby poprawi\u0107 stan w\u0142os\u00f3w oraz zminimalizowa\u0107 wyst\u0119powanie anemii warto si\u0119ga\u0107 po <strong>produkty bogate w \u017celazo : jab\u0142ka, dynie, broku\u0142y, warzywa li\u015bciaste oraz czerwone mi\u0119so i pe\u0142ne ziarna<\/strong>. Dla poprawy wynik\u00f3w warto r\u00f3wnie\u017c zrezygnowa\u0107 ze spo\u017cywania kawy, czarnej herbaty, cukry oraz oczywi\u015bcie produkt\u00f3w typu fast food.<\/p>\n<p style=\"text-align: justify;\"><strong>Wzmo\u017cone <a href=\"https:\/\/estyl.pl\/blog\/2013\/08\/wypadanie-wlosow-fakty-i-mity\/\" target=\"_blank\">wypadanie w\u0142os\u00f3w<\/a><\/strong> mo\u017ce by\u0107 wynikiem zaburze\u0144 hormonalnych lecz cz\u0119sto jest to sygna\u0142, \u017ce naszemu organizmowi brakuje witamin i minera\u0142\u00f3w. Tylko odpowiednio zbilansowana dieta, bogata we wszystkie sk\u0142adniki od\u017cywcze zapewnia naszemu organizmowi odpowiedni\u0105 ilo\u015b\u0107 witamin i minera\u0142\u00f3w do prawid\u0142owego wzrostu i funkcjonowania. Tak wi\u0119c pami\u0119tajmy, aby w naszej diecie nie zabrak\u0142o produkt\u00f3w bogatych w <strong>witamin\u0119 D, takich jak: w\u0105troba, nabia\u0142, ryby, produkty zbo\u017cowe<\/strong>. Warto r\u00f3wnie\u017c pami\u0119ta\u0107 o spo\u017cywaniu produkt\u00f3w zawieraj\u0105cych <strong>witamin\u0119 B6<\/strong>, kt\u00f3ra r\u00f3wnie\u017c zapobiega wypadaniu w\u0142os\u00f3w. <strong>Bogate s\u0105 w ni\u0105 takie produkty jak: groszek, fasola, marchew, otr\u0119by czy orzechy<\/strong>. Nie mo\u017cemy zapomina\u0107 r\u00f3wnie\u017c o witaminie E znajduj\u0105cej si\u0119 w szpinaku, migda\u0142ach czy broku\u0142ach. Warto r\u00f3wnie\u017c, aby diecie nie zabrak\u0142o dwutlenku krzemu, cynku, \u017celaza i jodu, kt\u00f3re maj\u0105 ogromny wp\u0142yw na wzmocnienie w\u0142os\u00f3w, a tym samym przeciwdzia\u0142aj\u0105\u00a0 ich wypadaniu. Minera\u0142y te mo\u017cecie znale\u017a\u0107 w takich produktach jak: owies, j\u0119czmie\u0144, jaja, truskawki, krowim mleku, wo\u0142owinie, w\u0105trobie, zielonych warzywach czy czerwonym mi\u0119sie.<\/p>\n<h2 style=\"text-align: justify;\">Wp\u0142yw diety na w\u0142osy &#8211; o tym pami\u0119taj!<\/h2>\n<p style=\"text-align: justify;\"><strong>W diecie poni\u017cej 1200 kcal<\/strong>, czy \u015bmieciowym jedzeniu, trudno znale\u017a\u0107 bogactwo sk\u0142adnik\u00f3w od\u017cywczych. W\u0142osy, podobnie jak ca\u0142y organizm potrzebuj\u0105 budulca, po to by zachowa\u0107\u00a0 form\u0119 i jak najlepsz\u0105 kondycj\u0119. Tylko zbilansowana dieta sprawi, \u017ce Twoje w\u0142osy odzyskaj\u0105 blask, stan\u0105 si\u0119 nawil\u017cone i zdrowe.<\/p>\n<p style=\"text-align: justify;\"><strong>Nasza rada:<\/strong><br \/>\nDo swego programu piel\u0119gnacji w\u0142os\u00f3w i codziennego menu dodaj poni\u017csze produkty a gwarantujemy, \u017ce Twoje w\u0142osy odwdzi\u0119cz\u0105 si\u0119 zdrowym blaskiem i wyra\u017an\u0105 g\u0119sto\u015bci\u0105. (Efekty b\u0119d\u0105 widoczne po p\u00f3\u0142 roku). <em>Oto co lubi\u0105 je\u015b\u0107 w\u0142osy:<\/em><\/p>\n<ul style=\"text-align: justify;\">\n<li><strong>Chude mi\u0119so, jaja<\/strong>, <strong>nabia\u0142<\/strong><br \/>\nS\u0105 doskona\u0142ym \u017ar\u00f3d\u0142em bia\u0142ka, kt\u00f3ry jest podstawowym budulcem w\u0142osa.<\/li>\n<li><strong>Wo\u0142owina, w\u0105tr\u00f3bka kurza<\/strong><br \/>\nDzi\u0119ki du\u017cej zawarto\u015bci \u017celaza oraz witaminie B12 i B6 zapobiegniesz wzmo\u017conemu wypadaniu w\u0142os\u00f3w, wzmacniaj\u0105c je. Niestety, najlepiej przyswajalnym \u017ar\u00f3d\u0142em \u017celaza jest mi\u0119so, nie ro\u015bliny.<\/li>\n<li><strong>Ryby morskie, siemi\u0119 lniane<\/strong><br \/>\nPr\u00f3cz wysokowarto\u015bciowego bia\u0142ka, ryby zawieraj\u0105 tak\u017ce nienasycone kwasy t\u0142uszczowe, kt\u00f3re nawil\u017caj\u0105 w\u0142osy od \u015brodka, dodaj\u0105c im mi\u0119sisto\u015bci.<\/li>\n<li><strong>Kie\u0142ki soi, ry\u017c br\u0105zowy, p\u0142atki owsiane<\/strong><br \/>\nBogate w biotyn\u0119, witaminy A, E, C oraz witaminy z grupy B, co pobudzi wzrost w\u0142os\u00f3w oraz zapobiegnie ich wypadaniu.<\/li>\n<li><strong>Broku\u0142y, cebula i inne zielone warzywa<\/strong><br \/>\nTo bogate \u017ar\u00f3d\u0142o minera\u0142\u00f3w (m.in. siarka, krzem) oraz kwasu foliowego, kt\u00f3rych zadaniem jest doda\u0107 w\u0142osom grubo\u015bci, si\u0142y i blasku.<\/li>\n<li><strong>Woda<\/strong><br \/>\nNale\u017cy pi\u0107 8 \u2013 10 szklanek wody dziennie. Dzi\u0119ki niej w\u0142osy stan\u0105 si\u0119 nawil\u017cone i jedwabi\u015bcie g\u0142adkie.<\/li>\n<\/ul>\n<p style=\"text-align: justify;\">O w\u0142osy zadbasz te\u017c \u0142ykaj\u0105c odpowiednie <strong>suplementy diety<\/strong>. Na rynku dost\u0119pnych jest wiele skutecznych preparat\u00f3w, kt\u00f3re od\u017cywiaj\u0105 w\u0142os od \u015brodka. Pami\u0119taj, by wybiera\u0107 te wielosk\u0142adnikowe, kt\u00f3re nie zaburzaj\u0105 r\u00f3wnowagi organizmu. Polecam sprawdzone przez wiele Pa\u0144 tabletki do w\u0142os\u00f3w Silica, Belissa, Anacaps, K\u00e9rastase Nutrients Densi-Recharge czy Hairvity.<\/p>\n<p style=\"text-align: justify;\"><a href=\"https:\/\/estyl.pl\/blog\/wp-content\/uploads\/2017\/01\/cats1.jpg\" target=\"_blank\" rel=\"lightbox[1094]\"><img decoding=\"async\" loading=\"lazy\" class=\"aligncenter wp-image-31809 size-full\" title=\"Wypadanie w\u0142os\u00f3w\" src=\"https:\/\/estyl.pl\/blog\/wp-content\/uploads\/2017\/01\/cats1.jpg\" alt=\"Suplementy zapobiegaj\u0105ce wypadaniu w\u0142os\u00f3w\" width=\"600\" height=\"300\" srcset=\"https:\/\/estyl.pl\/blog\/wp-content\/uploads\/2017\/01\/cats1.jpg 600w, https:\/\/estyl.pl\/blog\/wp-content\/uploads\/2017\/01\/cats1-300x150.jpg 300w, https:\/\/estyl.pl\/blog\/wp-content\/uploads\/2017\/01\/cats1-580x290.jpg 580w, https:\/\/estyl.pl\/blog\/wp-content\/uploads\/2017\/01\/cats1-261x131.jpg 261w\" sizes=\"(max-width: 600px) 100vw, 600px\" \/><\/a><\/p>\n<p style=\"text-align: center;\"><a href=\"https:\/\/estyl.pl\/hairvity-suplement-diety-dla-zdrowych-wlosow\" target=\"_blank\">Hairvity suplement diety<\/a>\u00a0 \/ K\u00e9rastase Nutrients Densi-Recharge suplement diety przeciw nadmiernemu wypadaniu w\u0142os\u00f3w<\/p>\n<p style=\"text-align: justify;\">Na efekty dzia\u0142ania suplement\u00f3w, jak i diety przyjaznej w\u0142osom musisz niestety poczeka\u0107. Nie mo\u017cna oczekiwa\u0107 cud\u00f3w po tygodniu stosowania kuracji. Nie zniech\u0119caj si\u0119 wi\u0119c i pami\u0119taj, \u017ce cierpliwo\u015b\u0107 pop\u0142aca. Piel\u0119gnuj\u0105c odpowiednio w\u0142osy oraz od\u017cywiaj\u0105c si\u0119 zdrowo przynajmniej przez 6 miesi\u0119cy zyskasz nie tylko <a title=\"kometyki do w\u0142os\u00f3w\" href=\"https:\/\/estyl.pl\/wlosy\">pi\u0119kne w\u0142osy<\/a>, ale tak\u017ce sk\u00f3r\u0119 i paznokcie.\u00a0 Nie musimy Ci\u0119 chyba przekonywa\u0107, jak du\u017ce znaczenie maj\u0105 one dla kobiecej urody i jak wielki jest\u00a0wp\u0142yw diety na w\u0142osy i urod\u0119 w og\u00f3le.<\/p>\n","protected":false},"excerpt":{"rendered":"<p>Masz k\u0142opoty z w\u0142osami? S\u0105 \u0142amliwe, pozbawione blasku, a mo\u017ce wypadaj\u0105? Wszystkie stosowane przez Ciebie kosmetyki do piel\u0119gnacji dzia\u0142aj\u0105 dora\u017anie? Je\u017celi tak, to pora zastanowi\u0107 si\u0119 nad tym, co jesz. Okazuje si\u0119, \u017ce nawet najlepszy kosmetyk do w\u0142os\u00f3w nie jest w stanie poradzi\u0107 sobie z problemem, je\u017celi w organizmie brakuje podstawowych sk\u0142adnik\u00f3w od\u017cywczych. Je\u017celi w [&hellip;]<\/p>\n","protected":false},"author":1,"featured_media":26731,"comment_status":"open","ping_status":"closed","sticky":false,"template":"","format":"standard","meta":{"_eb_attr":""},"categories":[4],"tags":[2309,2308,232,141],"acf":[],"yoast_head":"<!-- This site is optimized with the Yoast SEO plugin v20.8 - https:\/\/yoast.com\/wordpress\/plugins\/seo\/ -->\n<title>Jak du\u017cy jest wp\u0142yw diety na w\u0142osy?<\/title>\n<meta name=\"description\" content=\"Cz\u0119sto nie zdajemy sobie sprawy z tego, jak bardzo to co jemy, oddzia\u0142uje na nasze zdrowie, zachowanie i wygl\u0105d. A jaki jest wp\u0142yw diety na w\u0142osy?\" \/>\n<meta name=\"robots\" content=\"index, follow, max-snippet:-1, max-image-preview:large, max-video-preview:-1\" \/>\n<link rel=\"canonical\" href=\"https:\/\/estyl.pl\/blog\/co-lubia-jesc-wlosy\/\" \/>\n<meta property=\"og:locale\" content=\"pl_PL\" \/>\n<meta property=\"og:type\" content=\"article\" \/>\n<meta property=\"og:title\" content=\"Jak du\u017cy jest wp\u0142yw diety na w\u0142osy?\" \/>\n<meta property=\"og:description\" content=\"Cz\u0119sto nie zdajemy sobie sprawy z tego, jak bardzo to co jemy, oddzia\u0142uje na nasze zdrowie, zachowanie i wygl\u0105d. A jaki jest wp\u0142yw diety na w\u0142osy?\" \/>\n<meta property=\"og:url\" content=\"https:\/\/estyl.pl\/blog\/co-lubia-jesc-wlosy\/\" \/>\n<meta property=\"og:site_name\" content=\"Blog | Estyl.pl\" \/>\n<meta property=\"article:published_time\" content=\"2017-01-12T08:02:00+00:00\" \/>\n<meta property=\"article:modified_time\" content=\"2019-06-05T11:44:21+00:00\" \/>\n<meta property=\"og:image\" content=\"https:\/\/estyl.pl\/blog\/wp-content\/uploads\/2014\/05\/woman-eating-healthy-food-for-beauty.jpg\" \/>\n\t<meta property=\"og:image:width\" content=\"755\" \/>\n\t<meta property=\"og:image:height\" content=\"320\" \/>\n\t<meta property=\"og:image:type\" content=\"image\/jpeg\" \/>\n<meta name=\"author\" content=\"admin\" \/>\n<meta name=\"twitter:label1\" content=\"Napisane przez\" \/>\n\t<meta name=\"twitter:data1\" content=\"admin\" \/>\n\t<meta name=\"twitter:label2\" content=\"Szacowany czas czytania\" \/>\n\t<meta name=\"twitter:data2\" content=\"4 minuty\" \/>\n<script type=\"application\/ld+json\" class=\"yoast-schema-graph\">{\"@context\":\"https:\/\/schema.org\",\"@graph\":[{\"@type\":\"WebPage\",\"@id\":\"https:\/\/estyl.pl\/blog\/co-lubia-jesc-wlosy\/\",\"url\":\"https:\/\/estyl.pl\/blog\/co-lubia-jesc-wlosy\/\",\"name\":\"Jak du\u017cy jest wp\u0142yw diety na w\u0142osy?\",\"isPartOf\":{\"@id\":\"https:\/\/estyl.pl\/blog\/#website\"},\"datePublished\":\"2017-01-12T08:02:00+00:00\",\"dateModified\":\"2019-06-05T11:44:21+00:00\",\"author\":{\"@id\":\"https:\/\/estyl.pl\/blog\/#\/schema\/person\/22fff2064045ce23be580e18ca255220\"},\"description\":\"Cz\u0119sto nie zdajemy sobie sprawy z tego, jak bardzo to co jemy, oddzia\u0142uje na nasze zdrowie, zachowanie i wygl\u0105d. A jaki jest wp\u0142yw diety na w\u0142osy?\",\"breadcrumb\":{\"@id\":\"https:\/\/estyl.pl\/blog\/co-lubia-jesc-wlosy\/#breadcrumb\"},\"inLanguage\":\"pl-PL\",\"potentialAction\":[{\"@type\":\"ReadAction\",\"target\":[\"https:\/\/estyl.pl\/blog\/co-lubia-jesc-wlosy\/\"]}]},{\"@type\":\"BreadcrumbList\",\"@id\":\"https:\/\/estyl.pl\/blog\/co-lubia-jesc-wlosy\/#breadcrumb\",\"itemListElement\":[{\"@type\":\"ListItem\",\"position\":1,\"name\":\"Piel\u0119gnacja w\u0142os\u00f3w\",\"item\":\"https:\/\/estyl.pl\/blog\/pielegnacja-wlosow\/\"},{\"@type\":\"ListItem\",\"position\":2,\"name\":\"Wp\u0142yw diety na w\u0142osy\"}]},{\"@type\":\"WebSite\",\"@id\":\"https:\/\/estyl.pl\/blog\/#website\",\"url\":\"https:\/\/estyl.pl\/blog\/\",\"name\":\"Blog | Estyl.pl\",\"description\":\"Kosmetyki do w\u0142os\u00f3w, porady, piel\u0119gnacja, stylizacja\",\"potentialAction\":[{\"@type\":\"SearchAction\",\"target\":{\"@type\":\"EntryPoint\",\"urlTemplate\":\"https:\/\/estyl.pl\/blog\/?s={search_term_string}\"},\"query-input\":\"required name=search_term_string\"}],\"inLanguage\":\"pl-PL\"},{\"@type\":\"Person\",\"@id\":\"https:\/\/estyl.pl\/blog\/#\/schema\/person\/22fff2064045ce23be580e18ca255220\",\"name\":\"admin\",\"url\":\"https:\/\/estyl.pl\/blog\/author\/admin\/\"}]}<\/script>\n<!-- \/ Yoast SEO plugin. -->","yoast_head_json":{"title":"Jak du\u017cy jest wp\u0142yw diety na w\u0142osy?","description":"Cz\u0119sto nie zdajemy sobie sprawy z tego, jak bardzo to co jemy, oddzia\u0142uje na nasze zdrowie, zachowanie i wygl\u0105d. A jaki jest wp\u0142yw diety na w\u0142osy?","robots":{"index":"index","follow":"follow","max-snippet":"max-snippet:-1","max-image-preview":"max-image-preview:large","max-video-preview":"max-video-preview:-1"},"canonical":"https:\/\/estyl.pl\/blog\/co-lubia-jesc-wlosy\/","og_locale":"pl_PL","og_type":"article","og_title":"Jak du\u017cy jest wp\u0142yw diety na w\u0142osy?","og_description":"Cz\u0119sto nie zdajemy sobie sprawy z tego, jak bardzo to co jemy, oddzia\u0142uje na nasze zdrowie, zachowanie i wygl\u0105d. A jaki jest wp\u0142yw diety na w\u0142osy?","og_url":"https:\/\/estyl.pl\/blog\/co-lubia-jesc-wlosy\/","og_site_name":"Blog | Estyl.pl","article_published_time":"2017-01-12T08:02:00+00:00","article_modified_time":"2019-06-05T11:44:21+00:00","og_image":[{"width":755,"height":320,"url":"https:\/\/estyl.pl\/blog\/wp-content\/uploads\/2014\/05\/woman-eating-healthy-food-for-beauty.jpg","type":"image\/jpeg"}],"author":"admin","twitter_misc":{"Napisane przez":"admin","Szacowany czas czytania":"4 minuty"},"schema":{"@context":"https:\/\/schema.org","@graph":[{"@type":"WebPage","@id":"https:\/\/estyl.pl\/blog\/co-lubia-jesc-wlosy\/","url":"https:\/\/estyl.pl\/blog\/co-lubia-jesc-wlosy\/","name":"Jak du\u017cy jest wp\u0142yw diety na w\u0142osy?","isPartOf":{"@id":"https:\/\/estyl.pl\/blog\/#website"},"datePublished":"2017-01-12T08:02:00+00:00","dateModified":"2019-06-05T11:44:21+00:00","author":{"@id":"https:\/\/estyl.pl\/blog\/#\/schema\/person\/22fff2064045ce23be580e18ca255220"},"description":"Cz\u0119sto nie zdajemy sobie sprawy z tego, jak bardzo to co jemy, oddzia\u0142uje na nasze zdrowie, zachowanie i wygl\u0105d. A jaki jest wp\u0142yw diety na w\u0142osy?","breadcrumb":{"@id":"https:\/\/estyl.pl\/blog\/co-lubia-jesc-wlosy\/#breadcrumb"},"inLanguage":"pl-PL","potentialAction":[{"@type":"ReadAction","target":["https:\/\/estyl.pl\/blog\/co-lubia-jesc-wlosy\/"]}]},{"@type":"BreadcrumbList","@id":"https:\/\/estyl.pl\/blog\/co-lubia-jesc-wlosy\/#breadcrumb","itemListElement":[{"@type":"ListItem","position":1,"name":"Piel\u0119gnacja w\u0142os\u00f3w","item":"https:\/\/estyl.pl\/blog\/pielegnacja-wlosow\/"},{"@type":"ListItem","position":2,"name":"Wp\u0142yw diety na w\u0142osy"}]},{"@type":"WebSite","@id":"https:\/\/estyl.pl\/blog\/#website","url":"https:\/\/estyl.pl\/blog\/","name":"Blog | Estyl.pl","description":"Kosmetyki do w\u0142os\u00f3w, porady, piel\u0119gnacja, stylizacja","potentialAction":[{"@type":"SearchAction","target":{"@type":"EntryPoint","urlTemplate":"https:\/\/estyl.pl\/blog\/?s={search_term_string}"},"query-input":"required name=search_term_string"}],"inLanguage":"pl-PL"},{"@type":"Person","@id":"https:\/\/estyl.pl\/blog\/#\/schema\/person\/22fff2064045ce23be580e18ca255220","name":"admin","url":"https:\/\/estyl.pl\/blog\/author\/admin\/"}]}},"_links":{"self":[{"href":"https:\/\/estyl.pl\/blog\/wp-json\/wp\/v2\/posts\/1094"}],"collection":[{"href":"https:\/\/estyl.pl\/blog\/wp-json\/wp\/v2\/posts"}],"about":[{"href":"https:\/\/estyl.pl\/blog\/wp-json\/wp\/v2\/types\/post"}],"author":[{"embeddable":true,"href":"https:\/\/estyl.pl\/blog\/wp-json\/wp\/v2\/users\/1"}],"replies":[{"embeddable":true,"href":"https:\/\/estyl.pl\/blog\/wp-json\/wp\/v2\/comments?post=1094"}],"version-history":[{"count":70,"href":"https:\/\/estyl.pl\/blog\/wp-json\/wp\/v2\/posts\/1094\/revisions"}],"predecessor-version":[{"id":33545,"href":"https:\/\/estyl.pl\/blog\/wp-json\/wp\/v2\/posts\/1094\/revisions\/33545"}],"wp:featuredmedia":[{"embeddable":true,"href":"https:\/\/estyl.pl\/blog\/wp-json\/wp\/v2\/media\/26731"}],"wp:attachment":[{"href":"https:\/\/estyl.pl\/blog\/wp-json\/wp\/v2\/media?parent=1094"}],"wp:term":[{"taxonomy":"category","embeddable":true,"href":"https:\/\/estyl.pl\/blog\/wp-json\/wp\/v2\/categories?post=1094"},{"taxonomy":"post_tag","embeddable":true,"href":"https:\/\/estyl.pl\/blog\/wp-json\/wp\/v2\/tags?post=1094"}],"curies":[{"name":"wp","href":"https:\/\/api.w.org\/{rel}","templated":true}]}}