{"id":11416,"date":"2012-07-25T11:53:56","date_gmt":"2012-07-25T10:53:56","guid":{"rendered":"https:\/\/estyl.pl\/blog\/?p=11416"},"modified":"2017-05-15T08:40:21","modified_gmt":"2017-05-15T06:40:21","slug":"opaski-do-wlosow-na-lato-2012","status":"publish","type":"post","link":"https:\/\/estyl.pl\/blog\/opaski-do-wlosow-na-lato-2012\/","title":{"rendered":"Opaski do w\u0142os\u00f3w na lato"},"content":{"rendered":"<h3 style=\"text-align: justify;\"><strong><b>Latem ch\u0119tniej si\u0119gamy nie tylko po nowe fryzury, ale i r\u00f3wnie odwa\u017cne dodatki. Dzi\u0119ki ma\u0142emu detalowi we w\u0142osach, mo\u017cemy o\u017cywi\u0107 swoj\u0105 fryzur\u0119 i doda\u0107 wizerunkowi okre\u015blonego charakteru. Wbrew pozorom <\/b><b><i>rodzaj wybranej ozdoby do w\u0142os\u00f3w potrafi \u015bwietnie podkr\u0119ci\u0107 albo r\u00f3wnie umiej\u0119tnie popsu\u0107 nasz\u0105 stylizacj\u0119<\/i><\/b><b>. Dzi\u015b o tym, po jakie letnie opaski do w\u0142os\u00f3w si\u0119ga\u0107, by uchodzi\u0107 za rasow\u0105 fashionistk\u0119, a nie fashion victim oraz z jak\u0105 fryzur\u0105 je zestawia\u0107. Dowiedz si\u0119, co dok\u0142adnie wpisuje si\u0119 w obecne trendy.<\/b><\/strong><\/h3>\n<h3><!--more--><\/h3>\n<h2><a href=\"https:\/\/estyl.pl\/blog\/wp-content\/uploads\/2012\/07\/ozdobna1.jpg\" rel=\"lightbox[11416]\"><img decoding=\"async\" loading=\"lazy\" class=\"aligncenter wp-image-32515 size-full\" src=\"https:\/\/estyl.pl\/blog\/wp-content\/uploads\/2012\/07\/ozdobna1.jpg\" alt=\"ozdobna1\" width=\"600\" height=\"600\" srcset=\"https:\/\/estyl.pl\/blog\/wp-content\/uploads\/2012\/07\/ozdobna1.jpg 600w, https:\/\/estyl.pl\/blog\/wp-content\/uploads\/2012\/07\/ozdobna1-300x300.jpg 300w, https:\/\/estyl.pl\/blog\/wp-content\/uploads\/2012\/07\/ozdobna1-580x580.jpg 580w, https:\/\/estyl.pl\/blog\/wp-content\/uploads\/2012\/07\/ozdobna1-261x261.jpg 261w\" sizes=\"(max-width: 600px) 100vw, 600px\" \/><\/a><\/h2>\n<h2><\/h2>\n<p style=\"text-align: center;\">\u017ar\u00f3d\u0142o: pinterest.com<\/p>\n<h2><\/h2>\n<h2>Jakie fryzury na lato?<\/h2>\n<p style=\"text-align: justify;\"><span style=\"font-weight: 400;\">Letnie fryzury \u015bwietnie komponuj\u0105 si\u0119 z r\u00f3\u017cnego rodzaju opaskami. Zobacz, jakie z nich wybiera\u0107 i jak je dopasowa\u0107 do uczesania.<\/span><\/p>\n<h3><b>Cienkie opaski ozdobne i bi\u017cuteryjne<\/b><\/h3>\n<p style=\"text-align: justify;\"><b>Cieniutkie opaski do w\u0142os\u00f3w to z pewno\u015bci\u0105 hit lata<\/b><span style=\"font-weight: 400;\">. Dobrze, gdy opaska posiada elementy bi\u017cuterii, w\u00f3wczas mo\u017ce spe\u0142nia\u0107 tak\u017ce rol\u0119 wizytow\u0105.<\/span><b><i> Im wi\u0119cej widowiskowych i l\u015bni\u0105cych element\u00f3w, tym bardziej wieczorowego charakteru nabiera opaska<\/i><\/b><span style=\"font-weight: 400;\"> do w\u0142os\u00f3w. Cienkie opaski do w\u0142os\u00f3w, o bardziej dziennym charakterze posiadaj\u0105 subtelne elementy ozdobne, jak <\/span><b>ma\u0142e, l\u015bni\u0105ce kamyczki, kokardki, kwiatki, czy per\u0142y<\/b><span style=\"font-weight: 400;\">. Delikatne i cienkie opaski typowo bi\u017cuteryjne oraz opaski codzienne doskonale wsp\u00f3\u0142graj\u0105 z fryzurami zaczesanymi do ty\u0142u, lekko rozwianymi i natapirowanymi. <\/span><b>Pasuj\u0105 zar\u00f3wno do w\u0142os\u00f3w d\u0142ugich, niedba\u0142ych koczk\u00f3w, wielkich, natapirowanych kok\u00f3w, jak i kr\u00f3tkich fryzur wieczorowych i codziennych<\/b><span style=\"font-weight: 400;\">. Na uwag\u0119 zas\u0142uguj\u0105 delikatne<\/span><b><i> opaski z dodatkow\u0105 p\u00f3\u0142obr\u0119cz\u0105<\/i><\/b><span style=\"font-weight: 400;\"> dziel\u0105c\u0105 g\u0142ow\u0119 na p\u00f3\u0142. Ozdoby przywodz\u0105 na my\u015bl ksi\u0119\u017cniczki z Tolkiena lub zadziorne wojowniczki z Conana. Ten dodatkowy element pozwala na dodanie fryzurze obj\u0119to\u015bci u nasady. B\u0105d\u017a trendy tego lata!<\/span><\/p>\n<div class=\"minpic\"><a href=\"https:\/\/estyl.pl\/blog\/wp-content\/uploads\/2012\/07\/opaskiozdobne.jpg\" rel=\"lightbox[11416]\"><img decoding=\"async\" loading=\"lazy\" class=\"aligncenter wp-image-32641 size-full\" src=\"https:\/\/estyl.pl\/blog\/wp-content\/uploads\/2012\/07\/opaskiozdobne.jpg\" alt=\"opaskiozdobne\" width=\"600\" height=\"450\" srcset=\"https:\/\/estyl.pl\/blog\/wp-content\/uploads\/2012\/07\/opaskiozdobne.jpg 600w, https:\/\/estyl.pl\/blog\/wp-content\/uploads\/2012\/07\/opaskiozdobne-300x225.jpg 300w, https:\/\/estyl.pl\/blog\/wp-content\/uploads\/2012\/07\/opaskiozdobne-580x435.jpg 580w, https:\/\/estyl.pl\/blog\/wp-content\/uploads\/2012\/07\/opaskiozdobne-261x196.jpg 261w\" sizes=\"(max-width: 600px) 100vw, 600px\" \/><\/a><\/div>\n<div class=\"minpic\" style=\"text-align: center;\">\u017ar\u00f3d\u0142o: pinterest.com<\/div>\n<div class=\"minpic\">\n<h3 style=\"text-align: left;\"><b>Opaski w stylu retro<\/b><\/h3>\n<p style=\"text-align: justify;\"><span style=\"font-weight: 400;\">Opaski do w\u0142os\u00f3w w formie chustki <\/span><b>\u015bwietnie podkre\u015blaj\u0105 styl vintage oraz pin-up girls<\/b><span style=\"font-weight: 400;\">. Ten typ ozdoby pasuje do pe\u0142nych fryzur a\u2019la Brigitte Bardot, rodem z lat 60-tych i nadaje si\u0119 do noszenia na co dzie\u0144. Mog\u0105 je nosi\u0107 zar\u00f3wno m\u0142ode osoby, jak i Panie dojrza\u0142e. <\/span><b><i>Chustki s\u0105 idealnym dodatkiem do fryzury na lato, podkre\u015blaj\u0105c wakacyjny styl<\/i><\/b> <span style=\"font-weight: 400;\">w\u0142a\u015bcicielki. Gruba opaska do fryzury w stylu retro, mo\u017ce mie\u0107 w sobie nutk\u0119 wsp\u00f3\u0142czesno\u015bci, dodaj\u0105c nam rockowego charakteru oraz porcji drapie\u017cno\u015bci, a nie tylko cukierkowej pozy. Wystarczy odpowiednio j\u0105 zawi\u0105za\u0107 lub u\u017cy\u0107 bandany. Tutaj kluczow\u0105 rol\u0119 odgrywa <\/span><a href=\"http:\/\/estyl.pl\/makijaz\" target=\"_blank\"><b>makija\u017c<\/b><\/a><span style=\"font-weight: 400;\">, dodatki oraz ubi\u00f3r. <\/span><b>Nie chodzi to to, by zosta\u0107 klonem Brigitte, ale by po\u0142\u0105czy\u0107 elementy retro z mod\u0105 XXI wieku. <\/b><span style=\"font-weight: 400;\">Takie chustki do w\u0142os\u00f3w \u015bwietnie b\u0119d\u0105 si\u0119 komponowa\u0107 z du\u017c\u0105, z\u0142ot\u0105 bi\u017cuteri\u0105 oraz wzorzystymi ubraniami. Niekt\u00f3re z nich s\u0105 wykonane z materia\u0142u, jednak maj\u0105 w sobie cienki drucik u\u0142atwiaj\u0105cy modelowanie opaski i dopasowanie jej do fryzury.<\/span><\/p>\n<\/div>\n<div class=\"minpic\" style=\"text-align: center;\"><a href=\"https:\/\/estyl.pl\/blog\/wp-content\/uploads\/2012\/07\/opaskichustki.jpg\" rel=\"lightbox[11416]\"><img decoding=\"async\" loading=\"lazy\" class=\"aligncenter wp-image-32643 size-large\" src=\"https:\/\/estyl.pl\/blog\/wp-content\/uploads\/2012\/07\/opaskichustki-580x367.jpg\" alt=\"opaskichustki\" width=\"580\" height=\"367\" srcset=\"https:\/\/estyl.pl\/blog\/wp-content\/uploads\/2012\/07\/opaskichustki-580x367.jpg 580w, https:\/\/estyl.pl\/blog\/wp-content\/uploads\/2012\/07\/opaskichustki-300x190.jpg 300w, https:\/\/estyl.pl\/blog\/wp-content\/uploads\/2012\/07\/opaskichustki-261x165.jpg 261w, https:\/\/estyl.pl\/blog\/wp-content\/uploads\/2012\/07\/opaskichustki.jpg 600w\" sizes=\"(max-width: 580px) 100vw, 580px\" \/><\/a><\/div>\n<div class=\"minpic\" style=\"text-align: center;\">\u00a0\u017ar\u00f3d\u0142o: pinterest.com<\/div>\n<h3><b>Opaski z plecionki<\/b><\/h3>\n<p style=\"text-align: justify;\"><strong><span style=\"font-weight: 400;\">Opaski do w\u0142os\u00f3w formie plecionki to ostatni z modnych trend\u00f3w we <\/span><a href=\"https:\/\/estyl.pl\/blog\/2011\/06\/letnie-fryzury\/\" target=\"_blank\"><span style=\"font-weight: 400;\">fryzurach na lato<\/span><\/a><span style=\"font-weight: 400;\">. Modne plecionki do w\u0142os\u00f3w mog\u0105 by\u0107 grubsze ni\u017c opaski bi\u017cuteryjne, ale zdecydowanie cie\u0144sze ni\u017c grube chustki wakacyjne. <\/span><b>Najbardziej popularne kolory plecionek to g\u0142\u00f3wnie czarny, z\u0142oty, \u017c\u00f3\u0142ty, bia\u0142y i srebrny. <\/b><span style=\"font-weight: 400;\">Bardzo modne s\u0105 cienkie opaski imituj\u0105ce warkocze w kolorze piaskowym lub br\u0105zowym. Opaski z plecionki dobrze wygl\u0105daj\u0105 z d\u0142ugimi, upi\u0119tymi w\u0142osami, a tak\u017ce modnymi w tym sezonie <\/span><a href=\"https:\/\/estyl.pl\/blog\/2016\/08\/zakrec-sie-na-koniec-lata-sprawdz-jak-podkreslic-skret-wlosow\/\" target=\"_blank\"><span style=\"font-weight: 400;\">falami od po\u0142owy ucha.<\/span><\/a><\/strong><\/p>\n<p style=\"text-align: justify;\"><a href=\"https:\/\/estyl.pl\/blog\/wp-content\/uploads\/2012\/07\/plecionka1.jpg\" rel=\"lightbox[11416]\"><img decoding=\"async\" loading=\"lazy\" class=\"aligncenter wp-image-32519 size-full\" src=\"https:\/\/estyl.pl\/blog\/wp-content\/uploads\/2012\/07\/plecionka1.jpg\" alt=\"plecionka1\" width=\"600\" height=\"919\" srcset=\"https:\/\/estyl.pl\/blog\/wp-content\/uploads\/2012\/07\/plecionka1.jpg 600w, https:\/\/estyl.pl\/blog\/wp-content\/uploads\/2012\/07\/plecionka1-196x300.jpg 196w, https:\/\/estyl.pl\/blog\/wp-content\/uploads\/2012\/07\/plecionka1-580x888.jpg 580w, https:\/\/estyl.pl\/blog\/wp-content\/uploads\/2012\/07\/plecionka1-261x400.jpg 261w\" sizes=\"(max-width: 600px) 100vw, 600px\" \/><\/a><\/p>\n<p style=\"text-align: center;\">\u017ar\u00f3d\u0142o: pinterest.com<\/p>\n<div class=\"minpic\"><a title=\"Plecionka dobrze wygl\u0105da z niedba\u0142ym kokiem \/ Foto: \u00a9 sugarscape.com\" href=\"https:\/\/estyl.pl\/blog\/wp-content\/uploads\/2012\/07\/opaski-plecionki1.jpg\" rel=\"lightbox[11416]\"><img decoding=\"async\" loading=\"lazy\" class=\"alignnone  wp-image-11511\" title=\"Plecionka dobrze wygl\u0105da z niedba\u0142ym kokiem\" src=\"https:\/\/estyl.pl\/blog\/wp-content\/uploads\/2012\/07\/opaski-plecionki1-150x150.jpg\" alt=\"\" width=\"150\" height=\"150\" \/><\/a><a title=\"Opaska plecionka pasuje do g\u0142adkiego ko\u0144skiego ogona \/ Foto: \u00a9 lyst.com\" href=\"https:\/\/estyl.pl\/blog\/wp-content\/uploads\/2012\/07\/opaski-plecionki3.jpg\" rel=\"lightbox[11416]\"><img decoding=\"async\" loading=\"lazy\" class=\"alignnone  wp-image-11513\" title=\"Opaska plecionka pasuje do g\u0142adkiego ko\u0144skiego ogona\" src=\"https:\/\/estyl.pl\/blog\/wp-content\/uploads\/2012\/07\/opaski-plecionki3-150x150.jpg\" alt=\"\" width=\"150\" height=\"150\" \/><\/a><a title=\"Czarna plecionka w stylu hippie \/ Foto: \u00a9 lyst.com\" href=\"https:\/\/estyl.pl\/blog\/wp-content\/uploads\/2012\/07\/opaski-plecionki4.jpg\" rel=\"lightbox[11416]\"><img decoding=\"async\" loading=\"lazy\" class=\"alignnone size-thumbnail wp-image-11514\" title=\"Czarna plecionka w stylu hippie\" src=\"https:\/\/estyl.pl\/blog\/wp-content\/uploads\/2012\/07\/opaski-plecionki4-150x150.jpg\" alt=\"\" width=\"150\" height=\"150\" \/><\/a><a title=\"Bia\u0142a opaska z plecionki z dodatkiem kwiatu \/ Foto: \u00a9 fashionfinder.asos.com\" href=\"https:\/\/estyl.pl\/blog\/wp-content\/uploads\/2012\/07\/opaski-plecionki5.jpg\" rel=\"lightbox[11416]\"><img decoding=\"async\" loading=\"lazy\" class=\"alignnone  wp-image-11515\" title=\"Bia\u0142a opaska z plecionki z dodatkiem kwiatu\" src=\"https:\/\/estyl.pl\/blog\/wp-content\/uploads\/2012\/07\/opaski-plecionki5-150x150.jpg\" alt=\"\" width=\"150\" height=\"150\" \/><\/a><a title=\"Plecionka w modnym, z\u0142otym kolorze \/ Foto: \u00a9 company.co.uk\" href=\"https:\/\/estyl.pl\/blog\/wp-content\/uploads\/2012\/07\/opaski-plecionki6.jpg\" rel=\"lightbox[11416]\"><img decoding=\"async\" loading=\"lazy\" class=\"alignnone  wp-image-11516\" title=\"Plecionka w modnym, z\u0142otym kolorze\" src=\"https:\/\/estyl.pl\/blog\/wp-content\/uploads\/2012\/07\/opaski-plecionki6-150x150.jpg\" alt=\"\" width=\"150\" height=\"150\" \/><\/a><a title=\"Opaski z plecionki nosz\u0105 gwiazdy i celebryci \/ Foto: \u00a9 blogs.liverpooldailypost.co.uk\" href=\"https:\/\/estyl.pl\/blog\/wp-content\/uploads\/2012\/07\/opaski-plecionki7.jpg\" rel=\"lightbox[11416]\"><img decoding=\"async\" loading=\"lazy\" class=\"alignnone  wp-image-11517\" title=\"Opaski z plecionki nosz\u0105 gwiazdy i celebryci\" src=\"https:\/\/estyl.pl\/blog\/wp-content\/uploads\/2012\/07\/opaski-plecionki7-150x150.jpg\" alt=\"\" width=\"150\" height=\"150\" \/><\/a><a title=\"Podw\u00f3jna opaska z plecionki pasuje do fal od po\u0142owy ucha \/ Foto: \u00a9 beautyworksonline.com\" href=\"https:\/\/estyl.pl\/blog\/wp-content\/uploads\/2012\/07\/opaski-plecionki8.jpg\" rel=\"lightbox[11416]\"><img decoding=\"async\" loading=\"lazy\" class=\"alignnone  wp-image-11518\" title=\"Podw\u00f3jna opaska z plecionki pasuje do fal od po\u0142owy ucha\" src=\"https:\/\/estyl.pl\/blog\/wp-content\/uploads\/2012\/07\/opaski-plecionki8-150x150.jpg\" alt=\"\" width=\"150\" height=\"150\" \/><\/a><a title=\"Czerwona, cienka opaska z abstrakcyjn\u0105 kokardk\u0105 \/ Foto: \u00a9 lyst.com\" href=\"https:\/\/estyl.pl\/blog\/wp-content\/uploads\/2012\/07\/opaski-plecionki9.jpg\" rel=\"lightbox[11416]\"><img decoding=\"async\" loading=\"lazy\" class=\"alignnone  wp-image-11519\" title=\"Czerwona, cienka opaska z abstrakcyjn\u0105 kokardk\u0105\" src=\"https:\/\/estyl.pl\/blog\/wp-content\/uploads\/2012\/07\/opaski-plecionki9-150x150.jpg\" alt=\"\" width=\"150\" height=\"150\" \/><\/a><\/div>\n<div class=\"minpic\" style=\"text-align: justify;\">\n<h3><b>Opaski na gumce<\/b><\/h3>\n<p><strong><span style=\"font-weight: 400;\">Kolejn\u0105 form\u0105 ozdoby do w\u0142os\u00f3w jest opaska na gumce. Jest bardzo wygodna, \u0142atwo si\u0119 j\u0105 nak\u0142ada, a fryzury na lato \u015bwietnie si\u0119 z ni\u0105 komponuj\u0105. Opaski mog\u0105 by\u0107 ozdobione kwiatami, koralikami, z\u0142otymi czy srebrnymi listkami. <strong>W obecne trendy wpisuj\u0105 si\u0119 te kolorowe w stylu boho i to je polecamy \u0142\u0105czy\u0107 z letnimi ubraniami<\/strong>. B\u0119d\u0105 idealne jako element stylizacji podczas wakacyjnych festiwali!<\/span><\/strong><\/p>\n<\/div>\n<div class=\"minpic\" style=\"text-align: justify;\"><\/div>\n<div class=\"minpic\" style=\"text-align: justify; padding-left: 210px;\"><a href=\"https:\/\/estyl.pl\/blog\/wp-content\/uploads\/2012\/07\/opaskinagumce3.jpg\" target=\"_blank\" rel=\"lightbox[11416]\"><img decoding=\"async\" loading=\"lazy\" class=\"alignnone wp-image-32521 size-full\" src=\"https:\/\/estyl.pl\/blog\/wp-content\/uploads\/2012\/07\/opaskanagumce1.jpg\" alt=\"opaskanagumce1\" width=\"200\" height=\"250\" \/><\/a><a href=\"https:\/\/estyl.pl\/blog\/wp-content\/uploads\/2012\/07\/opaskinagumce3.jpg\" target=\"_blank\" rel=\"lightbox[11416]\"><img decoding=\"async\" loading=\"lazy\" class=\"alignnone wp-image-32520 size-full\" src=\"https:\/\/estyl.pl\/blog\/wp-content\/uploads\/2012\/07\/opaskinagumce3.jpg\" alt=\"opaskinagumce3\" width=\"200\" height=\"250\" \/><\/a><\/div>\n<div class=\"minpic\" style=\"text-align: center;\">\u017ar\u00f3d\u0142o: pinterest.com<\/div>\n<h2 class=\"minpic\" style=\"text-align: justify;\">Jak nosi\u0107 opaski do w\u0142os\u00f3w?<\/h2>\n<p><span style=\"font-weight: 400;\">Mo\u017cemy je nosi\u0107 tak naprawd\u0119 do ka\u017cdej fryzury. Najlepiej komponuj\u0105 si\u0119 jednak:<\/span><\/p>\n<ol>\n<li style=\"font-weight: 400;\"><span style=\"font-weight: 400;\">Przy rozpuszczonych w\u0142osach, lekko zmierzwionych w stylu hippie lub g\u0142adko zaczesanych przy fryzurach wieczorowych.<\/span><\/li>\n<li style=\"font-weight: 400;\"><span style=\"font-weight: 400;\">Opaska w formie chustki \u015bwietnie wygl\u0105da do lu\u017anego koka lub warkocza.<\/span><\/li>\n<li style=\"font-weight: 400;\"><span style=\"font-weight: 400;\">Ozdobna opaska b\u0119dzie pasowa\u0107 do g\u0142adkiego koka w eleganckim stylu.<\/span><\/li>\n<li style=\"font-weight: 400;\"><span style=\"font-weight: 400;\">W\u0142osy mo\u017cemy zebra\u0107 pod opask\u0119 z gumk\u0105, aby stworzy\u0107 fryzur\u0119 w stylu greckim.<\/span><\/li>\n<\/ol>\n<p style=\"padding-left: 180px;\"><a href=\"https:\/\/estyl.pl\/blog\/wp-content\/uploads\/2012\/07\/greckafryzura.jpg\" rel=\"lightbox[11416]\"><img decoding=\"async\" loading=\"lazy\" class=\"alignnone size-medium wp-image-32523\" src=\"https:\/\/estyl.pl\/blog\/wp-content\/uploads\/2012\/07\/greckafryzura-217x300.jpg\" alt=\"greckafryzura\" width=\"217\" height=\"300\" srcset=\"https:\/\/estyl.pl\/blog\/wp-content\/uploads\/2012\/07\/greckafryzura-217x300.jpg 217w, https:\/\/estyl.pl\/blog\/wp-content\/uploads\/2012\/07\/greckafryzura-261x360.jpg 261w, https:\/\/estyl.pl\/blog\/wp-content\/uploads\/2012\/07\/greckafryzura.jpg 300w\" sizes=\"(max-width: 217px) 100vw, 217px\" \/> <\/a><img decoding=\"async\" loading=\"lazy\" class=\"alignnone size-medium wp-image-32524\" src=\"https:\/\/estyl.pl\/blog\/wp-content\/uploads\/2012\/07\/opaskaaa-217x300.jpg\" alt=\"opaskaaa\" width=\"217\" height=\"300\" srcset=\"https:\/\/estyl.pl\/blog\/wp-content\/uploads\/2012\/07\/opaskaaa-217x300.jpg 217w, https:\/\/estyl.pl\/blog\/wp-content\/uploads\/2012\/07\/opaskaaa-261x360.jpg 261w, https:\/\/estyl.pl\/blog\/wp-content\/uploads\/2012\/07\/opaskaaa.jpg 300w\" sizes=\"(max-width: 217px) 100vw, 217px\" \/><\/p>\n<p style=\"text-align: center;\">zdj\u0119cie: womanadvice.pl, pinterest.com<\/p>\n<p style=\"text-align: justify;\"><b>Pami\u0119taj o tym, \u017ce ozdobna opaska do w\u0142os\u00f3w to tak\u017ce rodzaj bi\u017cuterii<\/b><span style=\"font-weight: 400;\">, czy widocznej ozdoby. Dlatego warto rozwa\u017cnie dobiera\u0107 pozosta\u0142e elementy naszej garderoby, by nie przesadzi\u0107 w \u017cadn\u0105 stron\u0119 i nie wygl\u0105da\u0107 wulgarnie lub \u015bmiesznie.<\/span><\/p>\n","protected":false},"excerpt":{"rendered":"<p>Latem ch\u0119tniej si\u0119gamy nie tylko po nowe fryzury, ale i r\u00f3wnie odwa\u017cne dodatki. Dzi\u0119ki ma\u0142emu detalowi we w\u0142osach, mo\u017cemy o\u017cywi\u0107 swoj\u0105 fryzur\u0119 i doda\u0107 wizerunkowi okre\u015blonego charakteru. Wbrew pozorom rodzaj wybranej ozdoby do w\u0142os\u00f3w potrafi \u015bwietnie podkr\u0119ci\u0107 albo r\u00f3wnie umiej\u0119tnie popsu\u0107 nasz\u0105 stylizacj\u0119. Dzi\u015b o tym, po jakie letnie opaski do w\u0142os\u00f3w si\u0119ga\u0107, by uchodzi\u0107 [&hellip;]<\/p>\n","protected":false},"author":23,"featured_media":26336,"comment_status":"open","ping_status":"closed","sticky":false,"template":"","format":"standard","meta":{"_eb_attr":""},"categories":[5],"tags":[956,2271,172],"acf":[],"yoast_head":"<!-- This site is optimized with the Yoast SEO plugin v20.8 - https:\/\/yoast.com\/wordpress\/plugins\/seo\/ -->\n<title>Opaski do w\u0142os\u00f3w na lato<\/title>\n<meta name=\"description\" content=\"Dzi\u015b o tym po jakie letnie opaski do w\u0142os\u00f3w si\u0119ga\u0107, by uchodzi\u0107 za rasow\u0105 fashionistk\u0119, a nie fashion victim oraz z jak\u0105 fryzur\u0105 je zestawia\u0107.\" \/>\n<meta name=\"robots\" content=\"index, follow, max-snippet:-1, max-image-preview:large, max-video-preview:-1\" \/>\n<link rel=\"canonical\" href=\"https:\/\/estyl.pl\/blog\/opaski-do-wlosow-na-lato-2012\/\" \/>\n<meta property=\"og:locale\" content=\"pl_PL\" \/>\n<meta property=\"og:type\" content=\"article\" \/>\n<meta property=\"og:title\" content=\"Opaski do w\u0142os\u00f3w na lato\" \/>\n<meta property=\"og:description\" content=\"Dzi\u015b o tym po jakie letnie opaski do w\u0142os\u00f3w si\u0119ga\u0107, by uchodzi\u0107 za rasow\u0105 fashionistk\u0119, a nie fashion victim oraz z jak\u0105 fryzur\u0105 je zestawia\u0107.\" \/>\n<meta property=\"og:url\" content=\"https:\/\/estyl.pl\/blog\/opaski-do-wlosow-na-lato-2012\/\" \/>\n<meta property=\"og:site_name\" content=\"Blog | Estyl.pl\" \/>\n<meta property=\"article:author\" content=\"kdrogowskakwasnik\" \/>\n<meta property=\"article:published_time\" content=\"2012-07-25T10:53:56+00:00\" \/>\n<meta property=\"article:modified_time\" content=\"2017-05-15T06:40:21+00:00\" \/>\n<meta property=\"og:image\" content=\"https:\/\/estyl.pl\/blog\/wp-content\/uploads\/2012\/07\/opaski-do-w\u0142os\u00f3w.jpg\" \/>\n\t<meta property=\"og:image:width\" content=\"755\" \/>\n\t<meta property=\"og:image:height\" content=\"320\" \/>\n\t<meta property=\"og:image:type\" content=\"image\/jpeg\" \/>\n<meta name=\"author\" content=\"Karolina\" \/>\n<meta name=\"twitter:label1\" content=\"Napisane przez\" \/>\n\t<meta name=\"twitter:data1\" content=\"Karolina\" \/>\n\t<meta name=\"twitter:label2\" content=\"Szacowany czas czytania\" \/>\n\t<meta name=\"twitter:data2\" content=\"4 minuty\" \/>\n<script type=\"application\/ld+json\" class=\"yoast-schema-graph\">{\"@context\":\"https:\/\/schema.org\",\"@graph\":[{\"@type\":\"WebPage\",\"@id\":\"https:\/\/estyl.pl\/blog\/opaski-do-wlosow-na-lato-2012\/\",\"url\":\"https:\/\/estyl.pl\/blog\/opaski-do-wlosow-na-lato-2012\/\",\"name\":\"Opaski do w\u0142os\u00f3w na lato\",\"isPartOf\":{\"@id\":\"https:\/\/estyl.pl\/blog\/#website\"},\"datePublished\":\"2012-07-25T10:53:56+00:00\",\"dateModified\":\"2017-05-15T06:40:21+00:00\",\"author\":{\"@id\":\"https:\/\/estyl.pl\/blog\/#\/schema\/person\/debe1fb907542b5dc82bccc2029e474f\"},\"description\":\"Dzi\u015b o tym po jakie letnie opaski do w\u0142os\u00f3w si\u0119ga\u0107, by uchodzi\u0107 za rasow\u0105 fashionistk\u0119, a nie fashion victim oraz z jak\u0105 fryzur\u0105 je zestawia\u0107.\",\"breadcrumb\":{\"@id\":\"https:\/\/estyl.pl\/blog\/opaski-do-wlosow-na-lato-2012\/#breadcrumb\"},\"inLanguage\":\"pl-PL\",\"potentialAction\":[{\"@type\":\"ReadAction\",\"target\":[\"https:\/\/estyl.pl\/blog\/opaski-do-wlosow-na-lato-2012\/\"]}]},{\"@type\":\"BreadcrumbList\",\"@id\":\"https:\/\/estyl.pl\/blog\/opaski-do-wlosow-na-lato-2012\/#breadcrumb\",\"itemListElement\":[{\"@type\":\"ListItem\",\"position\":1,\"name\":\"Stylizacja w\u0142os\u00f3w\",\"item\":\"https:\/\/estyl.pl\/blog\/stylizacja-wlosow\/\"},{\"@type\":\"ListItem\",\"position\":2,\"name\":\"Opaski do w\u0142os\u00f3w na lato\"}]},{\"@type\":\"WebSite\",\"@id\":\"https:\/\/estyl.pl\/blog\/#website\",\"url\":\"https:\/\/estyl.pl\/blog\/\",\"name\":\"Blog | Estyl.pl\",\"description\":\"Kosmetyki do w\u0142os\u00f3w, porady, piel\u0119gnacja, stylizacja\",\"potentialAction\":[{\"@type\":\"SearchAction\",\"target\":{\"@type\":\"EntryPoint\",\"urlTemplate\":\"https:\/\/estyl.pl\/blog\/?s={search_term_string}\"},\"query-input\":\"required name=search_term_string\"}],\"inLanguage\":\"pl-PL\"},{\"@type\":\"Person\",\"@id\":\"https:\/\/estyl.pl\/blog\/#\/schema\/person\/debe1fb907542b5dc82bccc2029e474f\",\"name\":\"Karolina\",\"description\":\"Absolwentka kosmetologii i dietetyki na \u015al\u0105skiej Wy\u017cszej Szkole Medycznej w Katowicach. Ze sklepem Estyl.pl zwi\u0105zana od wielu lat. Wiedz\u0119 na temat produkt\u00f3w zebra\u0142a pracuj\u0105c w sklepie stacjonanym w Katowicach. Aktualnie pracuje jako copywriter, co daje jej du\u017co satysfakcji. Uwielbia testowa\u0107 nowe kosmetyki.\",\"sameAs\":[\"kdrogowskakwasnik\"],\"url\":\"https:\/\/estyl.pl\/blog\/author\/k-mistalsiekiera\/\"}]}<\/script>\n<!-- \/ Yoast SEO plugin. -->","yoast_head_json":{"title":"Opaski do w\u0142os\u00f3w na lato","description":"Dzi\u015b o tym po jakie letnie opaski do w\u0142os\u00f3w si\u0119ga\u0107, by uchodzi\u0107 za rasow\u0105 fashionistk\u0119, a nie fashion victim oraz z jak\u0105 fryzur\u0105 je zestawia\u0107.","robots":{"index":"index","follow":"follow","max-snippet":"max-snippet:-1","max-image-preview":"max-image-preview:large","max-video-preview":"max-video-preview:-1"},"canonical":"https:\/\/estyl.pl\/blog\/opaski-do-wlosow-na-lato-2012\/","og_locale":"pl_PL","og_type":"article","og_title":"Opaski do w\u0142os\u00f3w na lato","og_description":"Dzi\u015b o tym po jakie letnie opaski do w\u0142os\u00f3w si\u0119ga\u0107, by uchodzi\u0107 za rasow\u0105 fashionistk\u0119, a nie fashion victim oraz z jak\u0105 fryzur\u0105 je zestawia\u0107.","og_url":"https:\/\/estyl.pl\/blog\/opaski-do-wlosow-na-lato-2012\/","og_site_name":"Blog | Estyl.pl","article_author":"kdrogowskakwasnik","article_published_time":"2012-07-25T10:53:56+00:00","article_modified_time":"2017-05-15T06:40:21+00:00","og_image":[{"width":755,"height":320,"url":"https:\/\/estyl.pl\/blog\/wp-content\/uploads\/2012\/07\/opaski-do-w\u0142os\u00f3w.jpg","type":"image\/jpeg"}],"author":"Karolina","twitter_misc":{"Napisane przez":"Karolina","Szacowany czas czytania":"4 minuty"},"schema":{"@context":"https:\/\/schema.org","@graph":[{"@type":"WebPage","@id":"https:\/\/estyl.pl\/blog\/opaski-do-wlosow-na-lato-2012\/","url":"https:\/\/estyl.pl\/blog\/opaski-do-wlosow-na-lato-2012\/","name":"Opaski do w\u0142os\u00f3w na lato","isPartOf":{"@id":"https:\/\/estyl.pl\/blog\/#website"},"datePublished":"2012-07-25T10:53:56+00:00","dateModified":"2017-05-15T06:40:21+00:00","author":{"@id":"https:\/\/estyl.pl\/blog\/#\/schema\/person\/debe1fb907542b5dc82bccc2029e474f"},"description":"Dzi\u015b o tym po jakie letnie opaski do w\u0142os\u00f3w si\u0119ga\u0107, by uchodzi\u0107 za rasow\u0105 fashionistk\u0119, a nie fashion victim oraz z jak\u0105 fryzur\u0105 je zestawia\u0107.","breadcrumb":{"@id":"https:\/\/estyl.pl\/blog\/opaski-do-wlosow-na-lato-2012\/#breadcrumb"},"inLanguage":"pl-PL","potentialAction":[{"@type":"ReadAction","target":["https:\/\/estyl.pl\/blog\/opaski-do-wlosow-na-lato-2012\/"]}]},{"@type":"BreadcrumbList","@id":"https:\/\/estyl.pl\/blog\/opaski-do-wlosow-na-lato-2012\/#breadcrumb","itemListElement":[{"@type":"ListItem","position":1,"name":"Stylizacja w\u0142os\u00f3w","item":"https:\/\/estyl.pl\/blog\/stylizacja-wlosow\/"},{"@type":"ListItem","position":2,"name":"Opaski do w\u0142os\u00f3w na lato"}]},{"@type":"WebSite","@id":"https:\/\/estyl.pl\/blog\/#website","url":"https:\/\/estyl.pl\/blog\/","name":"Blog | Estyl.pl","description":"Kosmetyki do w\u0142os\u00f3w, porady, piel\u0119gnacja, stylizacja","potentialAction":[{"@type":"SearchAction","target":{"@type":"EntryPoint","urlTemplate":"https:\/\/estyl.pl\/blog\/?s={search_term_string}"},"query-input":"required name=search_term_string"}],"inLanguage":"pl-PL"},{"@type":"Person","@id":"https:\/\/estyl.pl\/blog\/#\/schema\/person\/debe1fb907542b5dc82bccc2029e474f","name":"Karolina","description":"Absolwentka kosmetologii i dietetyki na \u015al\u0105skiej Wy\u017cszej Szkole Medycznej w Katowicach. Ze sklepem Estyl.pl zwi\u0105zana od wielu lat. Wiedz\u0119 na temat produkt\u00f3w zebra\u0142a pracuj\u0105c w sklepie stacjonanym w Katowicach. Aktualnie pracuje jako copywriter, co daje jej du\u017co satysfakcji. Uwielbia testowa\u0107 nowe kosmetyki.","sameAs":["kdrogowskakwasnik"],"url":"https:\/\/estyl.pl\/blog\/author\/k-mistalsiekiera\/"}]}},"_links":{"self":[{"href":"https:\/\/estyl.pl\/blog\/wp-json\/wp\/v2\/posts\/11416"}],"collection":[{"href":"https:\/\/estyl.pl\/blog\/wp-json\/wp\/v2\/posts"}],"about":[{"href":"https:\/\/estyl.pl\/blog\/wp-json\/wp\/v2\/types\/post"}],"author":[{"embeddable":true,"href":"https:\/\/estyl.pl\/blog\/wp-json\/wp\/v2\/users\/23"}],"replies":[{"embeddable":true,"href":"https:\/\/estyl.pl\/blog\/wp-json\/wp\/v2\/comments?post=11416"}],"version-history":[{"count":115,"href":"https:\/\/estyl.pl\/blog\/wp-json\/wp\/v2\/posts\/11416\/revisions"}],"predecessor-version":[{"id":32645,"href":"https:\/\/estyl.pl\/blog\/wp-json\/wp\/v2\/posts\/11416\/revisions\/32645"}],"wp:featuredmedia":[{"embeddable":true,"href":"https:\/\/estyl.pl\/blog\/wp-json\/wp\/v2\/media\/26336"}],"wp:attachment":[{"href":"https:\/\/estyl.pl\/blog\/wp-json\/wp\/v2\/media?parent=11416"}],"wp:term":[{"taxonomy":"category","embeddable":true,"href":"https:\/\/estyl.pl\/blog\/wp-json\/wp\/v2\/categories?post=11416"},{"taxonomy":"post_tag","embeddable":true,"href":"https:\/\/estyl.pl\/blog\/wp-json\/wp\/v2\/tags?post=11416"}],"curies":[{"name":"wp","href":"https:\/\/api.w.org\/{rel}","templated":true}]}}