{"id":12437,"date":"2012-08-31T11:16:48","date_gmt":"2012-08-31T10:16:48","guid":{"rendered":"https:\/\/estyl.pl\/blog\/?p=12437"},"modified":"2016-10-21T16:25:27","modified_gmt":"2016-10-21T14:25:27","slug":"nowosci-serii-kerastase-ultime","status":"publish","type":"post","link":"https:\/\/estyl.pl\/blog\/nowosci-serii-kerastase-ultime\/","title":{"rendered":"Olejki do w\u0142os\u00f3w z serii K\u00e9rastase Ultime"},"content":{"rendered":"<h3>Piel\u0119gnacyjne olejki do w\u0142os\u00f3w\u00a0K\u00e9rastase Ultime maj\u0105\u00a0trzy nowe rodzaje. Olejki do w\u0142os\u00f3w K Ultime to teraz \u015bwiadoma piel\u0119gnacja, oparta na okre\u015blonych potrzebach naszych w\u0142os\u00f3w. W\u0142osy cienkie lubi\u0105 nawil\u017cenie i obj\u0119to\u015b\u0107, w\u0142osy farbowane kochaj\u0105 blask i wyg\u0142adzenie, w\u0142osy zniszczone wymagaj\u0105 od\u017cywienia i wzmocnienia na ca\u0142ej swej d\u0142ugo\u015bci. Nowe olejki K\u00e9rastase to nie tylko innowacyjna technologia, ale i upi\u0119kszaj\u0105ca, wszechstronna piel\u0119gnacja s\u0142u\u017c\u0105ca wszystkim rodzajom w\u0142os\u00f3w. K\u00e9rastase Ultime w kilku wymiarach \u2013 dostosuj kosmetyk do swoich potrzeb!<\/h3>\n<h3><!--more--><\/h3>\n<h3><a href=\"https:\/\/estyl.pl\/blog\/wp-content\/uploads\/2012\/08\/kerastase_elixir_ultime-1.jpg\" target=\"_blank\" rel=\"lightbox[12437]\"><img decoding=\"async\" loading=\"lazy\" class=\"aligncenter wp-image-27620 size-full\" title=\"Olejki do w\u0142os\u00f3w z serii K\u00e9rastase Ultime\" src=\"https:\/\/estyl.pl\/blog\/wp-content\/uploads\/2012\/08\/kerastase_elixir_ultime-1.jpg\" alt=\"Olejki do w\u0142os\u00f3w z serii K\u00e9rastase Ultime\" width=\"575\" height=\"348\" srcset=\"https:\/\/estyl.pl\/blog\/wp-content\/uploads\/2012\/08\/kerastase_elixir_ultime-1.jpg 575w, https:\/\/estyl.pl\/blog\/wp-content\/uploads\/2012\/08\/kerastase_elixir_ultime-1-300x182.jpg 300w, https:\/\/estyl.pl\/blog\/wp-content\/uploads\/2012\/08\/kerastase_elixir_ultime-1-261x158.jpg 261w\" sizes=\"(max-width: 575px) 100vw, 575px\" \/><\/a><\/h3>\n<h3>K\u00e9rastase Ultime do w\u0142os\u00f3w cienkich i normalnych<\/h3>\n<p><a href=\"https:\/\/estyl.pl\/blog\/wp-content\/uploads\/2012\/08\/elixir-ultime_cienkie.jpg\" target=\"_blank\" rel=\"lightbox[12437]\"><img decoding=\"async\" loading=\"lazy\" class=\"alignleft wp-image-12449 size-thumbnail\" title=\"K\u00e9rastase Elixir Ultime w\u0142osy cienkie\" src=\"https:\/\/estyl.pl\/blog\/wp-content\/uploads\/2012\/08\/elixir-ultime_cienkie-150x150.jpg\" alt=\"Olejki do w\u0142os\u00f3w z serii K\u00e9rastase Ultime\" width=\"150\" height=\"150\" srcset=\"https:\/\/estyl.pl\/blog\/wp-content\/uploads\/2012\/08\/elixir-ultime_cienkie-150x150.jpg 150w, https:\/\/estyl.pl\/blog\/wp-content\/uploads\/2012\/08\/elixir-ultime_cienkie-300x300.jpg 300w, https:\/\/estyl.pl\/blog\/wp-content\/uploads\/2012\/08\/elixir-ultime_cienkie-261x261.jpg 261w, https:\/\/estyl.pl\/blog\/wp-content\/uploads\/2012\/08\/elixir-ultime_cienkie.jpg 480w\" sizes=\"(max-width: 150px) 100vw, 150px\" \/><\/a>K\u00e9rastase Elixir Ultime Cheveux Fins et Sensibilises to <em><strong>olejek o w\u0142a\u015bciwo\u015bciach silnie nawil\u017caj\u0105cych i wyg\u0142adzaj\u0105cych w\u0142osy<\/strong><\/em>, bez efektu obci\u0105\u017cenia fryzury. Serum K Ultime zawiera w sk\u0142adzie wyci\u0105g z r\u00f3\u017cy o w\u0142a\u015bciwo\u015bciach uelastyczniaj\u0105cych przesuszone w\u0142osy.<strong> Ekstrakt r\u00f3\u017cy<\/strong> wykazuje tak\u017ce dzia\u0142anie ochronne przed czynnikami zewn\u0119trznymi oraz szkodliwym promieniowaniem UV. <a href=\"http:\/\/estyl.pl\/elixir-ultime-cheveux-fins-et-sensibilises-olejek-do-wlosow-cienkich-wrazliwych-100-ml\" target=\"_blank\"><strong>Serum K\u00e9rastase do w\u0142os\u00f3w cienkich<\/strong><\/a> charakteryzuje si\u0119 lekko\u015bci\u0105, ma\u0142o t\u0142ust\u0105 konsystencj\u0105 i \u015bwie\u017cym, kwiatowym aromatem. Olejek polecamy <strong>w\u0142osom delikatnym, kt\u00f3re \u0142atwo obci\u0105\u017cy\u0107 \u015brodkami do stylizacji, uwra\u017cliwionym, lekko suchym oraz pozbawionym witalno\u015bci i blasku<\/strong>.<\/p>\n<h3>K\u00e9rastase Ultime do w\u0142os\u00f3w farbowanych<\/h3>\n<p><a href=\"https:\/\/estyl.pl\/blog\/wp-content\/uploads\/2012\/08\/elixir-ultime_farbowane.jpg\" target=\"_blank\" rel=\"lightbox[12437]\"><img decoding=\"async\" loading=\"lazy\" class=\"alignleft wp-image-12450 size-thumbnail\" title=\"K\u00e9rastase Elixir Ultime w\u0142osy farbowane\" src=\"https:\/\/estyl.pl\/blog\/wp-content\/uploads\/2012\/08\/elixir-ultime_farbowane-150x150.jpg\" alt=\"Olejki do w\u0142os\u00f3w z serii K\u00e9rastase Ultime\" width=\"150\" height=\"150\" srcset=\"https:\/\/estyl.pl\/blog\/wp-content\/uploads\/2012\/08\/elixir-ultime_farbowane-150x150.jpg 150w, https:\/\/estyl.pl\/blog\/wp-content\/uploads\/2012\/08\/elixir-ultime_farbowane-300x300.jpg 300w, https:\/\/estyl.pl\/blog\/wp-content\/uploads\/2012\/08\/elixir-ultime_farbowane-261x261.jpg 261w, https:\/\/estyl.pl\/blog\/wp-content\/uploads\/2012\/08\/elixir-ultime_farbowane.jpg 480w\" sizes=\"(max-width: 150px) 100vw, 150px\" \/><\/a>K\u00e9rastase Elixir Ultime Cheveux Colores to <strong>olejek dedykowany w\u0142osom farbowanym, rozja\u015bnianym, tonowanym lub z pasemkami.<\/strong> W\u0142osy koloryzowane potrzebuj\u0105 g\u0142\u00f3wnie blasku i nawil\u017cenia, by jak najd\u0142u\u017cej podtrzyma\u0107 ich \u017cywy odcie\u0144. <a href=\"https:\/\/estyl.pl\/marka\/kerastase\" target=\"_blank\"><strong>Olejek K\u00e9rastase do w\u0142os\u00f3w farbowanych<\/strong><\/a> zawiera w sk\u0142adzie <em><strong>substancje o\u017cywiaj\u0105ce kolor oraz op\u00f3\u017aniaj\u0105ce starzenie w\u0142os\u00f3w<\/strong><\/em>. Nale\u017cy do nich zielona herbata, o silnych w\u0142a\u015bciwo\u015bciach antyoksydacyjnych, ochronnych, od\u017cywczych i dotleniaj\u0105cych. <strong>Wyci\u0105g z herbaty<\/strong> chroni zewn\u0119trzn\u0105 pow\u0142ok\u0119 w\u0142osa, czyni\u0105c go jedwabi\u015bci g\u0142adkim i l\u015bni\u0105cym. Elixir K Ultime pachnie elegancko, ale subtelnie. <strong>Pami\u0119taj<\/strong> o tym, \u017ce warto chroni\u0107 w\u0142osy, bo promieniowanie UV przyspiesza p\u0142owienie koloru w\u0142os\u00f3w, a tak\u017ce siwienie.<\/p>\n<h3>K\u00e9rastase Ultime do w\u0142os\u00f3w zniszczonych<\/h3>\n<p><a href=\"https:\/\/estyl.pl\/blog\/wp-content\/uploads\/2012\/08\/elixir-ultime-zniszczone.jpg\" target=\"_blank\" rel=\"lightbox[12437]\"><img decoding=\"async\" loading=\"lazy\" class=\"alignleft wp-image-12451 size-thumbnail\" title=\"K\u00e9rastase Elixir Ultime w\u0142osy zniszczone\" src=\"https:\/\/estyl.pl\/blog\/wp-content\/uploads\/2012\/08\/elixir-ultime-zniszczone-150x150.jpg\" alt=\"Olejki do w\u0142os\u00f3w z serii K\u00e9rastase Ultime\" width=\"150\" height=\"150\" srcset=\"https:\/\/estyl.pl\/blog\/wp-content\/uploads\/2012\/08\/elixir-ultime-zniszczone-150x150.jpg 150w, https:\/\/estyl.pl\/blog\/wp-content\/uploads\/2012\/08\/elixir-ultime-zniszczone-300x300.jpg 300w, https:\/\/estyl.pl\/blog\/wp-content\/uploads\/2012\/08\/elixir-ultime-zniszczone-261x261.jpg 261w, https:\/\/estyl.pl\/blog\/wp-content\/uploads\/2012\/08\/elixir-ultime-zniszczone.jpg 480w\" sizes=\"(max-width: 150px) 100vw, 150px\" \/><\/a>K\u00e9rastase Elixir Ultime Cheveux Abimes to <em><strong>olejek stworzony dla w\u0142os\u00f3w zniszczonych zabiegami fryzjerskimi, uszkodzonych na ca\u0142ej d\u0142ugo\u015bci, suchych i ma\u0142o elastycznych<\/strong><\/em>. Sk\u0142adniki od\u017cywcze i antyoksydacyjne zawarte w serum wnikaj\u0105 w \u0142usk\u0119 w\u0142os\u00f3w, odbudowuj\u0105c ubytki w ich strukturze. <a href=\"http:\/\/estyl.pl\/kerastase-elixir-ultime-cheveux-abimex-olejek-do-wlosow-zniszczonych125-ml\" target=\"_blank\"><strong>Serum K\u00e9rastase do w\u0142os\u00f3w zniszczonych<\/strong><\/a> zawiera w sk\u0142adzie witaminy A i C oraz wap\u0144, kt\u00f3rego ilo\u015b\u0107 w kom\u00f3rkach cia\u0142a zmniejsza si\u0119 wraz z up\u0142ywem czasu. Oko\u0142o 50 roku \u017cycia <strong>warto\u015b\u0107 wapnia sukcesywnie spada, a wraz z tym procesem w\u0142os staje si\u0119 bardziej kruchy i \u0142amliwy<\/strong>. Olejek to tak\u017ce<em><strong> \u017ar\u00f3d\u0142o aminokwas\u00f3w, kt\u00f3re niczym cegie\u0142ki wbudowuj\u0105 si\u0119 w trzon w\u0142osa<\/strong><\/em>, lataj\u0105c jego ubytki. Bia\u0142ko sprawia, \u017ce w\u0142osy s\u0105 spr\u0119\u017cyste, mocne i l\u015bni\u0105ce. Elixir pachnie wanili\u0105 oraz kwiatami, a jego zapach gra we w\u0142osach przez wiele godzin.<\/p>\n<p>Wszystkie <strong>olejki K\u00e9rastase Ultime<\/strong> posiadaj\u0105 zdecydowanie lekk\u0105 form\u0119, kt\u00f3ra od\u017cywia w\u0142osy bez efektu nadmiernego obci\u0105\u017cenia fryzury. Fanom klasycznej formy olejku polecamy <a href=\"http:\/\/estyl.pl\/elixir-ultime-oleo-complex-olejek-pielegnacyjny-100ml\" target=\"_blank\"><strong>serum piel\u0119gnacyjne K\u00e9rastase Ultime<\/strong><\/a> o pi\u0119knym korzennym zapachu i r\u00f3wnie delikatnej formule.<\/p>\n","protected":false},"excerpt":{"rendered":"<p>Piel\u0119gnacyjne olejki do w\u0142os\u00f3w\u00a0K\u00e9rastase Ultime maj\u0105\u00a0trzy nowe rodzaje. Olejki do w\u0142os\u00f3w K Ultime to teraz \u015bwiadoma piel\u0119gnacja, oparta na okre\u015blonych potrzebach naszych w\u0142os\u00f3w. W\u0142osy cienkie lubi\u0105 nawil\u017cenie i obj\u0119to\u015b\u0107, w\u0142osy farbowane kochaj\u0105 blask i wyg\u0142adzenie, w\u0142osy zniszczone wymagaj\u0105 od\u017cywienia i wzmocnienia na ca\u0142ej swej d\u0142ugo\u015bci. Nowe olejki K\u00e9rastase to nie tylko innowacyjna technologia, ale i [&hellip;]<\/p>\n","protected":false},"author":23,"featured_media":0,"comment_status":"open","ping_status":"closed","sticky":false,"template":"","format":"standard","meta":{"_eb_attr":""},"categories":[3],"tags":[38,2278,120,239,1226,69,283],"acf":[],"yoast_head":"<!-- This site is optimized with the Yoast SEO plugin v20.8 - https:\/\/yoast.com\/wordpress\/plugins\/seo\/ -->\n<title>Olejki do w\u0142os\u00f3w z serii Kerastase Ultime<\/title>\n<meta name=\"description\" content=\"Nowe olejki do w\u0142os\u00f3w Kerastase Ultime spe\u0142niaj\u0105 r\u00f3\u017cne potrzeby: nawil\u017caj\u0105, regeneruj\u0105 i wyg\u0142adzaj\u0105 w\u0142osy. Wybierz odpowiednie serum dla siebie.\" \/>\n<meta name=\"robots\" content=\"index, follow, max-snippet:-1, max-image-preview:large, max-video-preview:-1\" \/>\n<link rel=\"canonical\" href=\"https:\/\/estyl.pl\/blog\/nowosci-serii-kerastase-ultime\/\" \/>\n<meta property=\"og:locale\" content=\"pl_PL\" \/>\n<meta property=\"og:type\" content=\"article\" \/>\n<meta property=\"og:title\" content=\"Olejki do w\u0142os\u00f3w z serii Kerastase Ultime\" \/>\n<meta property=\"og:description\" content=\"Nowe olejki do w\u0142os\u00f3w Kerastase Ultime spe\u0142niaj\u0105 r\u00f3\u017cne potrzeby: nawil\u017caj\u0105, regeneruj\u0105 i wyg\u0142adzaj\u0105 w\u0142osy. Wybierz odpowiednie serum dla siebie.\" \/>\n<meta property=\"og:url\" content=\"https:\/\/estyl.pl\/blog\/nowosci-serii-kerastase-ultime\/\" \/>\n<meta property=\"og:site_name\" content=\"Blog | Estyl.pl\" \/>\n<meta property=\"article:author\" content=\"kdrogowskakwasnik\" \/>\n<meta property=\"article:published_time\" content=\"2012-08-31T10:16:48+00:00\" \/>\n<meta property=\"article:modified_time\" content=\"2016-10-21T14:25:27+00:00\" \/>\n<meta property=\"og:image\" content=\"https:\/\/estyl.pl\/blog\/wp-content\/uploads\/2012\/08\/kerastase_elixir_ultime-1.jpg\" \/>\n<meta name=\"author\" content=\"Karolina\" \/>\n<meta name=\"twitter:label1\" content=\"Napisane przez\" \/>\n\t<meta name=\"twitter:data1\" content=\"Karolina\" \/>\n\t<meta name=\"twitter:label2\" content=\"Szacowany czas czytania\" \/>\n\t<meta name=\"twitter:data2\" content=\"3 minuty\" \/>\n<script type=\"application\/ld+json\" class=\"yoast-schema-graph\">{\"@context\":\"https:\/\/schema.org\",\"@graph\":[{\"@type\":\"WebPage\",\"@id\":\"https:\/\/estyl.pl\/blog\/nowosci-serii-kerastase-ultime\/\",\"url\":\"https:\/\/estyl.pl\/blog\/nowosci-serii-kerastase-ultime\/\",\"name\":\"Olejki do w\u0142os\u00f3w z serii Kerastase Ultime\",\"isPartOf\":{\"@id\":\"https:\/\/estyl.pl\/blog\/#website\"},\"datePublished\":\"2012-08-31T10:16:48+00:00\",\"dateModified\":\"2016-10-21T14:25:27+00:00\",\"author\":{\"@id\":\"https:\/\/estyl.pl\/blog\/#\/schema\/person\/debe1fb907542b5dc82bccc2029e474f\"},\"description\":\"Nowe olejki do w\u0142os\u00f3w Kerastase Ultime spe\u0142niaj\u0105 r\u00f3\u017cne potrzeby: nawil\u017caj\u0105, regeneruj\u0105 i wyg\u0142adzaj\u0105 w\u0142osy. Wybierz odpowiednie serum dla siebie.\",\"breadcrumb\":{\"@id\":\"https:\/\/estyl.pl\/blog\/nowosci-serii-kerastase-ultime\/#breadcrumb\"},\"inLanguage\":\"pl-PL\",\"potentialAction\":[{\"@type\":\"ReadAction\",\"target\":[\"https:\/\/estyl.pl\/blog\/nowosci-serii-kerastase-ultime\/\"]}]},{\"@type\":\"BreadcrumbList\",\"@id\":\"https:\/\/estyl.pl\/blog\/nowosci-serii-kerastase-ultime\/#breadcrumb\",\"itemListElement\":[{\"@type\":\"ListItem\",\"position\":1,\"name\":\"Nowo\u015bci\",\"item\":\"https:\/\/estyl.pl\/blog\/nowosci\/\"},{\"@type\":\"ListItem\",\"position\":2,\"name\":\"Olejki do w\u0142os\u00f3w z serii K\u00e9rastase Ultime\"}]},{\"@type\":\"WebSite\",\"@id\":\"https:\/\/estyl.pl\/blog\/#website\",\"url\":\"https:\/\/estyl.pl\/blog\/\",\"name\":\"Blog | Estyl.pl\",\"description\":\"Kosmetyki do w\u0142os\u00f3w, porady, piel\u0119gnacja, stylizacja\",\"potentialAction\":[{\"@type\":\"SearchAction\",\"target\":{\"@type\":\"EntryPoint\",\"urlTemplate\":\"https:\/\/estyl.pl\/blog\/?s={search_term_string}\"},\"query-input\":\"required name=search_term_string\"}],\"inLanguage\":\"pl-PL\"},{\"@type\":\"Person\",\"@id\":\"https:\/\/estyl.pl\/blog\/#\/schema\/person\/debe1fb907542b5dc82bccc2029e474f\",\"name\":\"Karolina\",\"description\":\"Absolwentka kosmetologii i dietetyki na \u015al\u0105skiej Wy\u017cszej Szkole Medycznej w Katowicach. Ze sklepem Estyl.pl zwi\u0105zana od wielu lat. Wiedz\u0119 na temat produkt\u00f3w zebra\u0142a pracuj\u0105c w sklepie stacjonanym w Katowicach. Aktualnie pracuje jako copywriter, co daje jej du\u017co satysfakcji. Uwielbia testowa\u0107 nowe kosmetyki.\",\"sameAs\":[\"kdrogowskakwasnik\"],\"url\":\"https:\/\/estyl.pl\/blog\/author\/k-mistalsiekiera\/\"}]}<\/script>\n<!-- \/ Yoast SEO plugin. -->","yoast_head_json":{"title":"Olejki do w\u0142os\u00f3w z serii Kerastase Ultime","description":"Nowe olejki do w\u0142os\u00f3w Kerastase Ultime spe\u0142niaj\u0105 r\u00f3\u017cne potrzeby: nawil\u017caj\u0105, regeneruj\u0105 i wyg\u0142adzaj\u0105 w\u0142osy. Wybierz odpowiednie serum dla siebie.","robots":{"index":"index","follow":"follow","max-snippet":"max-snippet:-1","max-image-preview":"max-image-preview:large","max-video-preview":"max-video-preview:-1"},"canonical":"https:\/\/estyl.pl\/blog\/nowosci-serii-kerastase-ultime\/","og_locale":"pl_PL","og_type":"article","og_title":"Olejki do w\u0142os\u00f3w z serii Kerastase Ultime","og_description":"Nowe olejki do w\u0142os\u00f3w Kerastase Ultime spe\u0142niaj\u0105 r\u00f3\u017cne potrzeby: nawil\u017caj\u0105, regeneruj\u0105 i wyg\u0142adzaj\u0105 w\u0142osy. Wybierz odpowiednie serum dla siebie.","og_url":"https:\/\/estyl.pl\/blog\/nowosci-serii-kerastase-ultime\/","og_site_name":"Blog | Estyl.pl","article_author":"kdrogowskakwasnik","article_published_time":"2012-08-31T10:16:48+00:00","article_modified_time":"2016-10-21T14:25:27+00:00","og_image":[{"url":"https:\/\/estyl.pl\/blog\/wp-content\/uploads\/2012\/08\/kerastase_elixir_ultime-1.jpg"}],"author":"Karolina","twitter_misc":{"Napisane przez":"Karolina","Szacowany czas czytania":"3 minuty"},"schema":{"@context":"https:\/\/schema.org","@graph":[{"@type":"WebPage","@id":"https:\/\/estyl.pl\/blog\/nowosci-serii-kerastase-ultime\/","url":"https:\/\/estyl.pl\/blog\/nowosci-serii-kerastase-ultime\/","name":"Olejki do w\u0142os\u00f3w z serii Kerastase Ultime","isPartOf":{"@id":"https:\/\/estyl.pl\/blog\/#website"},"datePublished":"2012-08-31T10:16:48+00:00","dateModified":"2016-10-21T14:25:27+00:00","author":{"@id":"https:\/\/estyl.pl\/blog\/#\/schema\/person\/debe1fb907542b5dc82bccc2029e474f"},"description":"Nowe olejki do w\u0142os\u00f3w Kerastase Ultime spe\u0142niaj\u0105 r\u00f3\u017cne potrzeby: nawil\u017caj\u0105, regeneruj\u0105 i wyg\u0142adzaj\u0105 w\u0142osy. Wybierz odpowiednie serum dla siebie.","breadcrumb":{"@id":"https:\/\/estyl.pl\/blog\/nowosci-serii-kerastase-ultime\/#breadcrumb"},"inLanguage":"pl-PL","potentialAction":[{"@type":"ReadAction","target":["https:\/\/estyl.pl\/blog\/nowosci-serii-kerastase-ultime\/"]}]},{"@type":"BreadcrumbList","@id":"https:\/\/estyl.pl\/blog\/nowosci-serii-kerastase-ultime\/#breadcrumb","itemListElement":[{"@type":"ListItem","position":1,"name":"Nowo\u015bci","item":"https:\/\/estyl.pl\/blog\/nowosci\/"},{"@type":"ListItem","position":2,"name":"Olejki do w\u0142os\u00f3w z serii K\u00e9rastase Ultime"}]},{"@type":"WebSite","@id":"https:\/\/estyl.pl\/blog\/#website","url":"https:\/\/estyl.pl\/blog\/","name":"Blog | Estyl.pl","description":"Kosmetyki do w\u0142os\u00f3w, porady, piel\u0119gnacja, stylizacja","potentialAction":[{"@type":"SearchAction","target":{"@type":"EntryPoint","urlTemplate":"https:\/\/estyl.pl\/blog\/?s={search_term_string}"},"query-input":"required name=search_term_string"}],"inLanguage":"pl-PL"},{"@type":"Person","@id":"https:\/\/estyl.pl\/blog\/#\/schema\/person\/debe1fb907542b5dc82bccc2029e474f","name":"Karolina","description":"Absolwentka kosmetologii i dietetyki na \u015al\u0105skiej Wy\u017cszej Szkole Medycznej w Katowicach. Ze sklepem Estyl.pl zwi\u0105zana od wielu lat. Wiedz\u0119 na temat produkt\u00f3w zebra\u0142a pracuj\u0105c w sklepie stacjonanym w Katowicach. Aktualnie pracuje jako copywriter, co daje jej du\u017co satysfakcji. Uwielbia testowa\u0107 nowe kosmetyki.","sameAs":["kdrogowskakwasnik"],"url":"https:\/\/estyl.pl\/blog\/author\/k-mistalsiekiera\/"}]}},"_links":{"self":[{"href":"https:\/\/estyl.pl\/blog\/wp-json\/wp\/v2\/posts\/12437"}],"collection":[{"href":"https:\/\/estyl.pl\/blog\/wp-json\/wp\/v2\/posts"}],"about":[{"href":"https:\/\/estyl.pl\/blog\/wp-json\/wp\/v2\/types\/post"}],"author":[{"embeddable":true,"href":"https:\/\/estyl.pl\/blog\/wp-json\/wp\/v2\/users\/23"}],"replies":[{"embeddable":true,"href":"https:\/\/estyl.pl\/blog\/wp-json\/wp\/v2\/comments?post=12437"}],"version-history":[{"count":35,"href":"https:\/\/estyl.pl\/blog\/wp-json\/wp\/v2\/posts\/12437\/revisions"}],"predecessor-version":[{"id":31145,"href":"https:\/\/estyl.pl\/blog\/wp-json\/wp\/v2\/posts\/12437\/revisions\/31145"}],"wp:attachment":[{"href":"https:\/\/estyl.pl\/blog\/wp-json\/wp\/v2\/media?parent=12437"}],"wp:term":[{"taxonomy":"category","embeddable":true,"href":"https:\/\/estyl.pl\/blog\/wp-json\/wp\/v2\/categories?post=12437"},{"taxonomy":"post_tag","embeddable":true,"href":"https:\/\/estyl.pl\/blog\/wp-json\/wp\/v2\/tags?post=12437"}],"curies":[{"name":"wp","href":"https:\/\/api.w.org\/{rel}","templated":true}]}}