{"id":12854,"date":"2012-09-20T12:18:21","date_gmt":"2012-09-20T11:18:21","guid":{"rendered":"https:\/\/estyl.pl\/blog\/?p=12854"},"modified":"2014-12-25T16:49:42","modified_gmt":"2014-12-25T14:49:42","slug":"szampon-redken-time-reset","status":"publish","type":"post","link":"https:\/\/estyl.pl\/blog\/szampon-redken-time-reset\/","title":{"rendered":"Szampon Redken Time Reset"},"content":{"rendered":"<h3>Z wiekiem w\u0142osy staj\u0105 si\u0119 os\u0142abione i potrzebuj\u0105 specjalnej piel\u0119gnacji. Jednym z kosmetyk\u00f3w, kt\u00f3ry jest dost\u0119pny na rynku, jest\u00a0szampon do w\u0142os\u00f3w starzej\u0105cych si\u0119 Redken Time Reset. Nasza Testerka Klara wypr\u00f3bowa\u0142a go dla Was. Szampon zawiera m.in. \u0142agodz\u0105c\u0105 zielon\u0105 herbat\u0119, odbudowuj\u0105ce ceramidy i piel\u0119gnuj\u0105ce olejki.<\/h3>\n<p><!--more--><\/p>\n<p><a href=\"https:\/\/estyl.pl\/blog\/wp-content\/uploads\/2012\/09\/redken_time_reset_szampon1.jpg\" target=\"_blank\" rel=\"lightbox[12854]\"><img decoding=\"async\" loading=\"lazy\" class=\"aligncenter wp-image-25670 size-full\" title=\"szampon do w\u0142os\u00f3w starzej\u0105cych si\u0119\" src=\"https:\/\/estyl.pl\/blog\/wp-content\/uploads\/2012\/09\/redken_time_reset_szampon1.jpg\" alt=\"szampon do w\u0142os\u00f3w starzej\u0105cych si\u0119\" width=\"575\" height=\"281\" srcset=\"https:\/\/estyl.pl\/blog\/wp-content\/uploads\/2012\/09\/redken_time_reset_szampon1.jpg 575w, https:\/\/estyl.pl\/blog\/wp-content\/uploads\/2012\/09\/redken_time_reset_szampon1-300x147.jpg 300w, https:\/\/estyl.pl\/blog\/wp-content\/uploads\/2012\/09\/redken_time_reset_szampon1-261x128.jpg 261w\" sizes=\"(max-width: 575px) 100vw, 575px\" \/><\/a><\/p>\n<p style=\"text-align: center;\">fot.\u00a0\u00a9 Pajmon.com Piotr Bielecki<\/p>\n<p>Kosmetyki zosta\u0142y ocenione w 7 kategoriach:<\/p>\n<ol>\n<li><a href=\"#opakowanie\">Opakowanie<\/a><\/li>\n<li><a href=\"#zapach\">Zapach i konsystencja<\/a><\/li>\n<li><a href=\"#wydajnosc\">Wydajno\u015b\u0107<\/a><\/li>\n<li><a href=\"#dzialanie\">Dzia\u0142anie<\/a><\/li>\n<li><a href=\"#zalety\">Zalety<\/a><\/li>\n<li><a href=\"#wady\">Wady<\/a><\/li>\n<li><a href=\"#ocena\">Ocena og\u00f3lna<\/a> w skali od 1 do 5<\/li>\n<\/ol>\n<p><a href=\"https:\/\/estyl.pl\/blog\/wp-content\/uploads\/2011\/06\/profil_klara_b.jpg\" target=\"_blank\" rel=\"lightbox[12854]\"><img decoding=\"async\" loading=\"lazy\" class=\"alignleft wp-image-1351 size-full\" title=\"szampon do w\u0142os\u00f3w starzej\u0105cych si\u0119\" src=\"https:\/\/estyl.pl\/blog\/wp-content\/uploads\/2011\/06\/profil_klara.jpg\" alt=\"szampon do w\u0142os\u00f3w starzej\u0105cych si\u0119\" width=\"145\" height=\"200\" \/><\/a><strong>Klara<\/strong> (35 lat) jest prawnikiem i osob\u0105 mocno zapracowan\u0105. Nie \u015bledzi nowo\u015bci kosmetycznych, bo nie ma na to czasu. Kosmetyki do w\u0142os\u00f3w kupuje z doskoku, czyli najcz\u0119\u015bciej w markecie albo gdy bywa u fryzjera.<\/p>\n<p><strong><a href=\"https:\/\/estyl.pl\/wlosy\" data-internallinksmanager029f6b8e52c=\"2\" title=\"w\u0142osy\">W\u0142osy<\/a> do ramion<\/strong> &#8211; falowane i os\u0142abione, na ko\u0144cach przesuszone. Koloryzowane tylko w salonach fryzjerskich. \u015arodki do stylizacji w\u0142os\u00f3w, by podkre\u015bli\u0107 ich skr\u0119t i ujarzmi\u0107 puszenie, stosowane zawsze na ko\u0144cu. W\u0142osy Klary potrzebuj\u0105 kuracji regeneruj\u0105co-nawil\u017caj\u0105cej i wzmacniaj\u0105cej. Klara najbardziej lubi kosmetyki do w\u0142os\u00f3w Matrix, Yes To Carrots oraz Tigi. O swoich w\u0142osach m\u00f3wi tak:<\/p>\n<ul>\n<li><strong>D\u0142ugo\u015b\u0107<\/strong>: p\u00f3\u0142d\u0142ugie, do ramion (ostatnio obci\u0119te kr\u00f3cej).<\/li>\n<li><strong>Farbowane<\/strong>: tak.<\/li>\n<li><strong>Rodzaj w\u0142os\u00f3w<\/strong>: cienkie i siwiej\u0105ce, cz\u0119\u015bciowo proste, cz\u0119\u015bciowo zwijaj\u0105ce si\u0119, faluj\u0105ce, trudne do u\u0142o\u017cenia.<\/li>\n<li><strong>Problemy z w\u0142osami<\/strong>: w\u0142osy przet\u0142uszczaj\u0105 si\u0119 przy sk\u00f3rze g\u0142owy, za to na ko\u0144cach s\u0105 przesuszone, okresowo wypadaj\u0105, z tendencj\u0105 do puszenia si\u0119.<\/li>\n<\/ul>\n<p><a href=\"https:\/\/estyl.pl\/blog\/wp-content\/uploads\/2012\/09\/Redken_time_reset_zestaw.jpg\" target=\"_blank\" rel=\"lightbox[12854]\"><img decoding=\"async\" loading=\"lazy\" class=\"alignleft wp-image-12914 size-thumbnail\" title=\"szampon do w\u0142os\u00f3w starzej\u0105cych si\u0119\" src=\"https:\/\/estyl.pl\/blog\/wp-content\/uploads\/2012\/09\/Redken_time_reset_zestaw-150x150.jpg\" alt=\"szampon do w\u0142os\u00f3w starzej\u0105cych si\u0119\" width=\"150\" height=\"150\" \/><\/a>Klara <em>dosta\u0142a do przetestowania zestaw kosmetyk\u00f3w Redken<\/em>. W sk\u0142ad zestawu wchodz\u0105:<\/p>\n<ul>\n<li><a href=\"http:\/\/estyl.pl\/wlosy\/wedlug-producenta\/redken\/time-reset\/redken-time-reset-szampon-do-wlosow-oslabionych-wiekiem-300-ml.html\">szampon do w\u0142os\u00f3w starzej\u0105cych si\u0119 Redken Time Reset<\/a>,<\/li>\n<li><a href=\"https:\/\/estyl.pl\/blog\/2012\/10\/redken-time-reset-odzywka-do-wlosow-oslabionych-wiekiem\/\">od\u017cywka do w\u0142os\u00f3w os\u0142abionych wiekim Redken Time Reset<\/a>,<\/li>\n<li><a href=\"https:\/\/estyl.pl\/blog\/2013\/04\/kuracja-wlosow-na-noc-redken-real-control-overnight-treat\/\">kuracja na noc Redken Real Control<\/a>.<\/li>\n<\/ul>\n<p>W tej recenzji Klara opowie Wam co s\u0105dzi na temat <a href=\"http:\/\/estyl.pl\/redken-time-reset-szampon-do-wlosow-oslabionych-wiekiem-300-ml.html\"><strong>szamponu do w\u0142os\u00f3w os\u0142abionych wiekiem Redken Time Reset<\/strong><\/a>, do kupienia w sklepie Estyl.pl.<\/p>\n<p>1. <strong><a name=\"opakowanie\"><\/a>Opakowanie<\/strong>. Szampon do w\u0142os\u00f3w starzej\u0105cych si\u0119 Redken Time Reset posiada <em><strong>fioletowe, p\u00f3\u0142przezroczyste i lekko opalizuj\u0105ce opakowanie<\/strong><\/em> z plastiku. Szampon ma zatrzaskow\u0105, klasyczn\u0105 zakr\u0119tk\u0119, kt\u00f3ra mocno i pewnie trzyma.<\/p>\n<p>2. <strong><a name=\"zapach\"><\/a>Zapach i konsystencja<\/strong>. Zapach szamponu Redken to <strong>mieszanka aromatu miodu z delikatnymi kwiatami<\/strong>. Zapach d\u0142ugo trwa na w\u0142osach, jest przyjemny i odpr\u0119\u017caj\u0105cy. Konsystencja szamponu to przezroczysty, <strong>miodowy \u017cel<\/strong>.<\/p>\n<p>3. <strong><a name=\"wydajnosc\"><\/a>Wydajno\u015b\u0107<\/strong>. Przy niemal codziennym myciu moich lok\u00f3w, szampon o pojemno\u015bci 300 starczy\u0142 mi na <em><strong>ponad 2,5 miesi\u0105ca<\/strong><\/em>, co uwa\u017cam za dobry rezultat.<\/p>\n<p><a href=\"https:\/\/estyl.pl\/blog\/wp-content\/uploads\/2012\/09\/redken_time_reset_szampon3.jpg\" target=\"_blank\" rel=\"lightbox[12854]\"><img decoding=\"async\" loading=\"lazy\" class=\"alignleft wp-image-12918 size-thumbnail\" title=\"szampon do w\u0142os\u00f3w starzej\u0105cych si\u0119\" src=\"https:\/\/estyl.pl\/blog\/wp-content\/uploads\/2012\/09\/redken_time_reset_szampon3-150x150.jpg\" alt=\"szampon do w\u0142os\u00f3w starzej\u0105cych si\u0119\" width=\"150\" height=\"150\" \/><\/a>4. <strong><a name=\"dzialanie\"><\/a>Dzia\u0142anie<\/strong>. Moje wymagania co do szamponu do w\u0142os\u00f3w s\u0105 zawsze zwi\u0105zane z <em><strong>delikatnym oczyszczaniem, nawil\u017ceniem oraz rozpl\u0105taniem moich lok\u00f3w<\/strong><\/em>. Jako alergiczka zwracam te\u017c baczn\u0105 uwag\u0119 na stan sk\u00f3ry g\u0142owy, po u\u017cyciu nowego kosmetyku. Bywa, \u017ce moja sk\u00f3ra reaguje \u0142upie\u017cem lub nadwra\u017cliwo\u015bci\u0105 (\u015bwi\u0105d, pieczenie) na nowy szampon. Tutaj nie zaobserwowa\u0142am \u017cadnego z tych objaw\u00f3w. <strong>Szampon do w\u0142os\u00f3w starzej\u0105cych si\u0119\u00a0Redken Time Reset \u0142agodnie oczyszcza, pozostawiaj\u0105c loki naprawd\u0119 nawil\u017cone i g\u0142adkie<\/strong>. Wystarczy niewielka jego ilo\u015b\u0107, by umy\u0107 w\u0142osy, co jest du\u017c\u0105 zalet\u0105 produktu. Szampon Redken Time Reset dobrze si\u0119 pieni i ma \u017celow\u0105 konsystencj\u0119, dzi\u0119ki czemu moje w\u0142osy nie przet\u0142uszczaj\u0105 si\u0119 szybciej i nie s\u0105 obci\u0105\u017cone.<\/p>\n<h3><strong>Szampon do w\u0142os\u00f3w starzej\u0105cych si\u0119 marki Redken posiada te\u017c dodatkow\u0105 zalet\u0119<\/strong>, kt\u00f3rej raczej si\u0119 nie spodziewa\u0142am. <em><strong>Moje delikatne w\u0142osy zyskuj\u0105 wyra\u017anie na obj\u0119to\u015bci<\/strong><\/em>, gdy umyj\u0119 szamponem swoje loki. Fryzura jest odbita od sk\u00f3ry g\u0142owy i <strong>bardziej pe\u0142na<\/strong>. Szczeg\u00f3lnie wyczuwam r\u00f3\u017cnic\u0119, gdy korzystam z innego produktu do mycia.<\/h3>\n<p>Najwa\u017cniejsz\u0105 zalet\u0105 szamponu Redken Time Reset jest fakt, \u017ce kosmetyk dobrze nawil\u017ca moje suche loki &#8211; <em><strong>w\u0142osy staj\u0105 si\u0119 spr\u0119\u017cyste<\/strong><\/em> i bardziej elastyczne. Szampon mimo, \u017ce \u017celowy <strong>jest bardzo \u201e\u015bliski\u201d<\/strong>, dzi\u0119ki czemu w\u0142osy \u0142atwo rozczesa\u0107, <strong>nie pusz\u0105 si\u0119<\/strong> i nie elektryzuj\u0105.<\/p>\n<div class=\"minpic\"><a href=\"https:\/\/estyl.pl\/blog\/wp-content\/uploads\/2012\/09\/redken_time_reset_szampon_cap.jpg\" target=\"_blank\" rel=\"lightbox[12854]\"><img decoding=\"async\" loading=\"lazy\" class=\"alignnone wp-image-12921 size-thumbnail\" title=\"szampon do w\u0142os\u00f3w starzej\u0105cych si\u0119\" src=\"https:\/\/estyl.pl\/blog\/wp-content\/uploads\/2012\/09\/redken_time_reset_szampon_cap-150x150.jpg\" alt=\"szampon do w\u0142os\u00f3w starzej\u0105cych si\u0119\" width=\"150\" height=\"150\" \/><\/a><a href=\"https:\/\/estyl.pl\/blog\/wp-content\/uploads\/2012\/09\/redken_time_reset_szampon_konsyst.jpg\" target=\"_blank\" rel=\"lightbox[12854]\"><img decoding=\"async\" loading=\"lazy\" class=\"alignnone wp-image-12922\" title=\"szampon do w\u0142os\u00f3w starzej\u0105cych si\u0119\" src=\"https:\/\/estyl.pl\/blog\/wp-content\/uploads\/2012\/09\/redken_time_reset_szampon_konsyst-150x150.jpg\" alt=\"szampon do w\u0142os\u00f3w starzej\u0105cych si\u0119\" width=\"150\" height=\"150\" \/><\/a><a href=\"https:\/\/estyl.pl\/blog\/wp-content\/uploads\/2012\/09\/redken_time_reset_szampon_konsyst3.jpg\" target=\"_blank\" rel=\"lightbox[12854]\"><img decoding=\"async\" loading=\"lazy\" class=\"alignnone wp-image-12923 size-thumbnail\" title=\"szampon do w\u0142os\u00f3w starzej\u0105cych si\u0119\" src=\"https:\/\/estyl.pl\/blog\/wp-content\/uploads\/2012\/09\/redken_time_reset_szampon_konsyst3-150x150.jpg\" alt=\"szampon do w\u0142os\u00f3w starzej\u0105cych si\u0119\" width=\"150\" height=\"150\" srcset=\"https:\/\/estyl.pl\/blog\/wp-content\/uploads\/2012\/09\/redken_time_reset_szampon_konsyst3-150x150.jpg 150w, https:\/\/estyl.pl\/blog\/wp-content\/uploads\/2012\/09\/redken_time_reset_szampon_konsyst3-300x300.jpg 300w, https:\/\/estyl.pl\/blog\/wp-content\/uploads\/2012\/09\/redken_time_reset_szampon_konsyst3-261x261.jpg 261w, https:\/\/estyl.pl\/blog\/wp-content\/uploads\/2012\/09\/redken_time_reset_szampon_konsyst3.jpg 480w\" sizes=\"(max-width: 150px) 100vw, 150px\" \/><\/a><\/div>\n<p><strong>Szampon Redken do w\u0142os\u00f3w os\u0142abionych czasem zaskoczy\u0142 mnie pozytywnie swoim sk\u0142adem<\/strong>. Znalaz\u0142am w nim zielon\u0105 herbat\u0119, ceramidy, olejki, a nawet filtry UV. Kosmetyk bardzo mi si\u0119 podoba, bo dba o moje loki i sk\u00f3r\u0119 g\u0142owy w spos\u00f3b optymalny. Znacz\u0105c\u0105 wad\u0105 produktu jest jego wysoka cena, czemu daj\u0119 wyraz w ocenie ko\u0144cowej.<\/p>\n<p>5. <strong><a name=\"zalety\"><\/a>Zalety<\/strong>: eliminuje puszenie w\u0142os\u00f3w, dodaje obj\u0119to\u015bci, nawil\u017ca, odpr\u0119\u017caj\u0105co pachnie, posiada filtry UV, wydajny.<\/p>\n<p>6. <strong><a name=\"wady\"><\/a>Wady<\/strong>: cena.<\/p>\n<p>7. <strong><a name=\"ocena\"><\/a>Ocena og\u00f3lna<\/strong>: 4,5 (ze wzgl\u0119du na cen\u0119).<\/p>\n","protected":false},"excerpt":{"rendered":"<p>Z wiekiem w\u0142osy staj\u0105 si\u0119 os\u0142abione i potrzebuj\u0105 specjalnej piel\u0119gnacji. Jednym z kosmetyk\u00f3w, kt\u00f3ry jest dost\u0119pny na rynku, jest\u00a0szampon do w\u0142os\u00f3w starzej\u0105cych si\u0119 Redken Time Reset. Nasza Testerka Klara wypr\u00f3bowa\u0142a go dla Was. Szampon zawiera m.in. \u0142agodz\u0105c\u0105 zielon\u0105 herbat\u0119, odbudowuj\u0105ce ceramidy i piel\u0119gnuj\u0105ce olejki.<\/p>\n","protected":false},"author":1,"featured_media":25673,"comment_status":"open","ping_status":"closed","sticky":false,"template":"","format":"standard","meta":{"_eb_attr":""},"categories":[4,33],"tags":[2123,2078,150,53,2189],"acf":[],"yoast_head":"<!-- This site is optimized with the Yoast SEO plugin v20.8 - https:\/\/yoast.com\/wordpress\/plugins\/seo\/ -->\n<title>Szampon do w\u0142os\u00f3w starzej\u0105cych si\u0119 Redken - cofnij czas!<\/title>\n<meta name=\"description\" content=\"Redken Time Reset, szampon do w\u0142os\u00f3w starzej\u0105cych si\u0119, posiada wszystko, czego potrzebuj\u0105 Twoje os\u0142abione czasem w\u0142osy: olejki, ceramidy, zielona herbata...\" \/>\n<meta name=\"robots\" content=\"index, follow, max-snippet:-1, max-image-preview:large, max-video-preview:-1\" \/>\n<link rel=\"canonical\" href=\"https:\/\/estyl.pl\/blog\/szampon-redken-time-reset\/\" \/>\n<meta property=\"og:locale\" content=\"pl_PL\" \/>\n<meta property=\"og:type\" content=\"article\" \/>\n<meta property=\"og:title\" content=\"Szampon do w\u0142os\u00f3w starzej\u0105cych si\u0119 Redken - cofnij czas!\" \/>\n<meta property=\"og:description\" content=\"Redken Time Reset, szampon do w\u0142os\u00f3w starzej\u0105cych si\u0119, posiada wszystko, czego potrzebuj\u0105 Twoje os\u0142abione czasem w\u0142osy: olejki, ceramidy, zielona herbata...\" \/>\n<meta property=\"og:url\" content=\"https:\/\/estyl.pl\/blog\/szampon-redken-time-reset\/\" \/>\n<meta property=\"og:site_name\" content=\"Blog | Estyl.pl\" \/>\n<meta property=\"article:published_time\" content=\"2012-09-20T11:18:21+00:00\" \/>\n<meta property=\"article:modified_time\" content=\"2014-12-25T14:49:42+00:00\" \/>\n<meta property=\"og:image\" content=\"https:\/\/estyl.pl\/blog\/wp-content\/uploads\/2012\/09\/szampon-do-w\u0142os\u00f3w-starzej\u0105cych-si\u0119.png\" \/>\n\t<meta property=\"og:image:width\" content=\"755\" \/>\n\t<meta property=\"og:image:height\" content=\"320\" \/>\n\t<meta property=\"og:image:type\" content=\"image\/png\" \/>\n<meta name=\"author\" content=\"admin\" \/>\n<meta name=\"twitter:label1\" content=\"Napisane przez\" \/>\n\t<meta name=\"twitter:data1\" content=\"admin\" \/>\n\t<meta name=\"twitter:label2\" content=\"Szacowany czas czytania\" \/>\n\t<meta name=\"twitter:data2\" content=\"4 minuty\" \/>\n<script type=\"application\/ld+json\" class=\"yoast-schema-graph\">{\"@context\":\"https:\/\/schema.org\",\"@graph\":[{\"@type\":\"WebPage\",\"@id\":\"https:\/\/estyl.pl\/blog\/szampon-redken-time-reset\/\",\"url\":\"https:\/\/estyl.pl\/blog\/szampon-redken-time-reset\/\",\"name\":\"Szampon do w\u0142os\u00f3w starzej\u0105cych si\u0119 Redken - cofnij czas!\",\"isPartOf\":{\"@id\":\"https:\/\/estyl.pl\/blog\/#website\"},\"datePublished\":\"2012-09-20T11:18:21+00:00\",\"dateModified\":\"2014-12-25T14:49:42+00:00\",\"author\":{\"@id\":\"https:\/\/estyl.pl\/blog\/#\/schema\/person\/22fff2064045ce23be580e18ca255220\"},\"description\":\"Redken Time Reset, szampon do w\u0142os\u00f3w starzej\u0105cych si\u0119, posiada wszystko, czego potrzebuj\u0105 Twoje os\u0142abione czasem w\u0142osy: olejki, ceramidy, zielona herbata...\",\"breadcrumb\":{\"@id\":\"https:\/\/estyl.pl\/blog\/szampon-redken-time-reset\/#breadcrumb\"},\"inLanguage\":\"pl-PL\",\"potentialAction\":[{\"@type\":\"ReadAction\",\"target\":[\"https:\/\/estyl.pl\/blog\/szampon-redken-time-reset\/\"]}]},{\"@type\":\"BreadcrumbList\",\"@id\":\"https:\/\/estyl.pl\/blog\/szampon-redken-time-reset\/#breadcrumb\",\"itemListElement\":[{\"@type\":\"ListItem\",\"position\":1,\"name\":\"Piel\u0119gnacja w\u0142os\u00f3w\",\"item\":\"https:\/\/estyl.pl\/blog\/pielegnacja-wlosow\/\"},{\"@type\":\"ListItem\",\"position\":2,\"name\":\"Szampon Redken Time Reset\"}]},{\"@type\":\"WebSite\",\"@id\":\"https:\/\/estyl.pl\/blog\/#website\",\"url\":\"https:\/\/estyl.pl\/blog\/\",\"name\":\"Blog | Estyl.pl\",\"description\":\"Kosmetyki do w\u0142os\u00f3w, porady, piel\u0119gnacja, stylizacja\",\"potentialAction\":[{\"@type\":\"SearchAction\",\"target\":{\"@type\":\"EntryPoint\",\"urlTemplate\":\"https:\/\/estyl.pl\/blog\/?s={search_term_string}\"},\"query-input\":\"required name=search_term_string\"}],\"inLanguage\":\"pl-PL\"},{\"@type\":\"Person\",\"@id\":\"https:\/\/estyl.pl\/blog\/#\/schema\/person\/22fff2064045ce23be580e18ca255220\",\"name\":\"admin\",\"url\":\"https:\/\/estyl.pl\/blog\/author\/admin\/\"}]}<\/script>\n<!-- \/ Yoast SEO plugin. -->","yoast_head_json":{"title":"Szampon do w\u0142os\u00f3w starzej\u0105cych si\u0119 Redken - cofnij czas!","description":"Redken Time Reset, szampon do w\u0142os\u00f3w starzej\u0105cych si\u0119, posiada wszystko, czego potrzebuj\u0105 Twoje os\u0142abione czasem w\u0142osy: olejki, ceramidy, zielona herbata...","robots":{"index":"index","follow":"follow","max-snippet":"max-snippet:-1","max-image-preview":"max-image-preview:large","max-video-preview":"max-video-preview:-1"},"canonical":"https:\/\/estyl.pl\/blog\/szampon-redken-time-reset\/","og_locale":"pl_PL","og_type":"article","og_title":"Szampon do w\u0142os\u00f3w starzej\u0105cych si\u0119 Redken - cofnij czas!","og_description":"Redken Time Reset, szampon do w\u0142os\u00f3w starzej\u0105cych si\u0119, posiada wszystko, czego potrzebuj\u0105 Twoje os\u0142abione czasem w\u0142osy: olejki, ceramidy, zielona herbata...","og_url":"https:\/\/estyl.pl\/blog\/szampon-redken-time-reset\/","og_site_name":"Blog | Estyl.pl","article_published_time":"2012-09-20T11:18:21+00:00","article_modified_time":"2014-12-25T14:49:42+00:00","og_image":[{"width":755,"height":320,"url":"https:\/\/estyl.pl\/blog\/wp-content\/uploads\/2012\/09\/szampon-do-w\u0142os\u00f3w-starzej\u0105cych-si\u0119.png","type":"image\/png"}],"author":"admin","twitter_misc":{"Napisane przez":"admin","Szacowany czas czytania":"4 minuty"},"schema":{"@context":"https:\/\/schema.org","@graph":[{"@type":"WebPage","@id":"https:\/\/estyl.pl\/blog\/szampon-redken-time-reset\/","url":"https:\/\/estyl.pl\/blog\/szampon-redken-time-reset\/","name":"Szampon do w\u0142os\u00f3w starzej\u0105cych si\u0119 Redken - cofnij czas!","isPartOf":{"@id":"https:\/\/estyl.pl\/blog\/#website"},"datePublished":"2012-09-20T11:18:21+00:00","dateModified":"2014-12-25T14:49:42+00:00","author":{"@id":"https:\/\/estyl.pl\/blog\/#\/schema\/person\/22fff2064045ce23be580e18ca255220"},"description":"Redken Time Reset, szampon do w\u0142os\u00f3w starzej\u0105cych si\u0119, posiada wszystko, czego potrzebuj\u0105 Twoje os\u0142abione czasem w\u0142osy: olejki, ceramidy, zielona herbata...","breadcrumb":{"@id":"https:\/\/estyl.pl\/blog\/szampon-redken-time-reset\/#breadcrumb"},"inLanguage":"pl-PL","potentialAction":[{"@type":"ReadAction","target":["https:\/\/estyl.pl\/blog\/szampon-redken-time-reset\/"]}]},{"@type":"BreadcrumbList","@id":"https:\/\/estyl.pl\/blog\/szampon-redken-time-reset\/#breadcrumb","itemListElement":[{"@type":"ListItem","position":1,"name":"Piel\u0119gnacja w\u0142os\u00f3w","item":"https:\/\/estyl.pl\/blog\/pielegnacja-wlosow\/"},{"@type":"ListItem","position":2,"name":"Szampon Redken Time Reset"}]},{"@type":"WebSite","@id":"https:\/\/estyl.pl\/blog\/#website","url":"https:\/\/estyl.pl\/blog\/","name":"Blog | Estyl.pl","description":"Kosmetyki do w\u0142os\u00f3w, porady, piel\u0119gnacja, stylizacja","potentialAction":[{"@type":"SearchAction","target":{"@type":"EntryPoint","urlTemplate":"https:\/\/estyl.pl\/blog\/?s={search_term_string}"},"query-input":"required name=search_term_string"}],"inLanguage":"pl-PL"},{"@type":"Person","@id":"https:\/\/estyl.pl\/blog\/#\/schema\/person\/22fff2064045ce23be580e18ca255220","name":"admin","url":"https:\/\/estyl.pl\/blog\/author\/admin\/"}]}},"_links":{"self":[{"href":"https:\/\/estyl.pl\/blog\/wp-json\/wp\/v2\/posts\/12854"}],"collection":[{"href":"https:\/\/estyl.pl\/blog\/wp-json\/wp\/v2\/posts"}],"about":[{"href":"https:\/\/estyl.pl\/blog\/wp-json\/wp\/v2\/types\/post"}],"author":[{"embeddable":true,"href":"https:\/\/estyl.pl\/blog\/wp-json\/wp\/v2\/users\/1"}],"replies":[{"embeddable":true,"href":"https:\/\/estyl.pl\/blog\/wp-json\/wp\/v2\/comments?post=12854"}],"version-history":[{"count":36,"href":"https:\/\/estyl.pl\/blog\/wp-json\/wp\/v2\/posts\/12854\/revisions"}],"predecessor-version":[{"id":25674,"href":"https:\/\/estyl.pl\/blog\/wp-json\/wp\/v2\/posts\/12854\/revisions\/25674"}],"wp:featuredmedia":[{"embeddable":true,"href":"https:\/\/estyl.pl\/blog\/wp-json\/wp\/v2\/media\/25673"}],"wp:attachment":[{"href":"https:\/\/estyl.pl\/blog\/wp-json\/wp\/v2\/media?parent=12854"}],"wp:term":[{"taxonomy":"category","embeddable":true,"href":"https:\/\/estyl.pl\/blog\/wp-json\/wp\/v2\/categories?post=12854"},{"taxonomy":"post_tag","embeddable":true,"href":"https:\/\/estyl.pl\/blog\/wp-json\/wp\/v2\/tags?post=12854"}],"curies":[{"name":"wp","href":"https:\/\/api.w.org\/{rel}","templated":true}]}}