{"id":13678,"date":"2012-10-19T08:25:29","date_gmt":"2012-10-19T07:25:29","guid":{"rendered":"https:\/\/estyl.pl\/blog\/?p=13678"},"modified":"2015-07-28T15:19:55","modified_gmt":"2015-07-28T13:19:55","slug":"kosmetyki-redken-time-reset-do-wlosow-oslabionych","status":"publish","type":"post","link":"https:\/\/estyl.pl\/blog\/kosmetyki-redken-time-reset-do-wlosow-oslabionych\/","title":{"rendered":"Redken Time Reset &#8211; seria piel\u0119gnuj\u0105ca w\u0142osy os\u0142abione"},"content":{"rendered":"<h3>Wiele z nas obserwuje spadek kondycji w\u0142os\u00f3w wraz z up\u0142ywem czasu. Wbrew pozorom problem dotyka nie tylko panie po 50-ce, ale te\u017c du\u017co m\u0142odsze pokolenia. Wp\u0142yw na os\u0142abienie w\u0142os\u00f3w ma wiele czynnik\u00f3w, od niew\u0142a\u015bciwej piel\u0119gnacji, po zaburzenia hormonalne. Te ostatnie dotykaj\u0105 rzesz\u0119 Pa\u0144 \u2013 w\u0142osy staj\u0105 si\u0119 w\u00f3wczas kruche, s\u0142abe i ma\u0142o witalne. Podstaw\u0105 jest wzmocnienie w\u0142os\u00f3w i wi\u0119ksza dba\u0142o\u015b\u0107 o sk\u00f3r\u0119 g\u0142owy. R\u00f3wnie istotny jest dob\u00f3r w\u0142a\u015bciwych \u015brodk\u00f3w kondycjonuj\u0105cych, kt\u00f3re wzmocni\u0105 w\u0142osy i dodadz\u0105 fryzurze wigoru, blasku oraz obj\u0119to\u015bci. Oto seria Redken Time Reset piel\u0119gnuj\u0105ca w\u0142osy os\u0142abione\u00a0up\u0142ywaj\u0105cym czasem i czynnikami zewn\u0119trznymi.<\/h3>\n<h3><!--more--><\/h3>\n<h3><a href=\"https:\/\/estyl.pl\/blog\/wp-content\/uploads\/2012\/10\/kosmetyki_redken_time_reset1.jpg\" target=\"_blank\" rel=\"lightbox[13678]\"><img decoding=\"async\" loading=\"lazy\" class=\"aligncenter wp-image-27600 size-full\" title=\"Redken Time Reset - seria piel\u0119gnuj\u0105ca w\u0142osy os\u0142abione\" src=\"https:\/\/estyl.pl\/blog\/wp-content\/uploads\/2012\/10\/kosmetyki_redken_time_reset1.jpg\" alt=\"Redken Time Reset\" width=\"575\" height=\"317\" srcset=\"https:\/\/estyl.pl\/blog\/wp-content\/uploads\/2012\/10\/kosmetyki_redken_time_reset1.jpg 575w, https:\/\/estyl.pl\/blog\/wp-content\/uploads\/2012\/10\/kosmetyki_redken_time_reset1-300x165.jpg 300w, https:\/\/estyl.pl\/blog\/wp-content\/uploads\/2012\/10\/kosmetyki_redken_time_reset1-261x144.jpg 261w\" sizes=\"(max-width: 575px) 100vw, 575px\" \/><\/a><\/h3>\n<h3>Szampon Time Reset<\/h3>\n<p><a href=\"https:\/\/estyl.pl\/blog\/wp-content\/uploads\/2012\/10\/redken_time_reset_shampoo.jpg\" target=\"_blank\" rel=\"lightbox[13678]\"><img decoding=\"async\" loading=\"lazy\" class=\"alignleft wp-image-13724 size-thumbnail\" title=\"Szampon Redken Time Reset\" src=\"https:\/\/estyl.pl\/blog\/wp-content\/uploads\/2012\/10\/redken_time_reset_shampoo-150x150.jpg\" alt=\"Redken Time Reset\" width=\"150\" height=\"150\" srcset=\"https:\/\/estyl.pl\/blog\/wp-content\/uploads\/2012\/10\/redken_time_reset_shampoo-150x150.jpg 150w, https:\/\/estyl.pl\/blog\/wp-content\/uploads\/2012\/10\/redken_time_reset_shampoo-300x300.jpg 300w, https:\/\/estyl.pl\/blog\/wp-content\/uploads\/2012\/10\/redken_time_reset_shampoo-261x261.jpg 261w, https:\/\/estyl.pl\/blog\/wp-content\/uploads\/2012\/10\/redken_time_reset_shampoo.jpg 480w\" sizes=\"(max-width: 150px) 100vw, 150px\" \/><\/a><a title=\"szampon Redken\" href=\"http:\/\/estyl.pl\/wlosy\/wedlug-producenta\/redken\/time-reset\/redken-time-reset-szampon-do-wlosow-oslabionych-wiekiem-300-ml.html\" target=\"_blank\"><strong>Szampon Redken Time Reset<\/strong><\/a> <strong>zwi\u0119ksza odporno\u015b\u0107 w\u0142os\u00f3w<\/strong> s\u0142abych i wiotkich. Kosmetyk posiada przezroczyst\u0105, lekk\u0105 formu\u0142\u0119, kt\u00f3ra <strong>delikatnie oczyszcza w\u0142osy s\u0142abe<\/strong>. Szampon Redken Time Reset <strong>koi wra\u017cliw\u0105 sk\u00f3r\u0119 g\u0142owy, eliminuj\u0105c porowato\u015b\u0107 <\/strong>fryzury. Dzi\u0119ki temu w\u0142osy \u0142atwo poddaj\u0105 si\u0119 stylizacji, <em><strong>s\u0105 bardziej nawil\u017cone i g\u0142adkie<\/strong><\/em>. Szampon dodaje obj\u0119to\u015bci i po\u0142ysku w\u0142osom delikatnym, chroni te\u017c fryzur\u0119 przed szkodliwym promieniowaniem UV.<\/p>\n<h3>Od\u017cywka Time Reset<\/h3>\n<p><a href=\"https:\/\/estyl.pl\/blog\/wp-content\/uploads\/2012\/10\/redken_time_reset_conditioner.jpg\" target=\"_blank\" rel=\"lightbox[13678]\"><img decoding=\"async\" loading=\"lazy\" class=\"alignleft wp-image-13725 size-thumbnail\" title=\"Od\u017cywka Redken Time Reset\" src=\"https:\/\/estyl.pl\/blog\/wp-content\/uploads\/2012\/10\/redken_time_reset_conditioner-150x150.jpg\" alt=\"Redken Time Reset\" width=\"150\" height=\"150\" srcset=\"https:\/\/estyl.pl\/blog\/wp-content\/uploads\/2012\/10\/redken_time_reset_conditioner-150x150.jpg 150w, https:\/\/estyl.pl\/blog\/wp-content\/uploads\/2012\/10\/redken_time_reset_conditioner-300x300.jpg 300w, https:\/\/estyl.pl\/blog\/wp-content\/uploads\/2012\/10\/redken_time_reset_conditioner-261x261.jpg 261w, https:\/\/estyl.pl\/blog\/wp-content\/uploads\/2012\/10\/redken_time_reset_conditioner.jpg 480w\" sizes=\"(max-width: 150px) 100vw, 150px\" \/><\/a><a title=\"od\u017cywka Redken\" href=\"http:\/\/estyl.pl\/wlosy\/wedlug-producenta\/redken\/time-reset\/redken-time-reset-odzywka-do-wlosow-oslabionych-wiekiem-250-ml.html\" target=\"_blank\"><strong>Od\u017cywka Redken Time Reset<\/strong><\/a> zwalcza oznaki starzenia si\u0119 w\u0142os\u00f3w spowodowane czasem, chorobami i czynnikami zewn\u0119trznymi. <em><strong>Od\u017cywka Redken uzupe\u0142nia struktur\u0119 w\u0142os\u00f3w cienkich i s\u0142abych <a href=\"https:\/\/estyl.pl\/blog\/2012\/10\/wlasciwosci-ceramidow\/\">ceramidami<\/a>, kt\u00f3re wbudowuj\u0105 si\u0119 w luki w\u0142os\u00f3w niczym cegie\u0142ki.<\/strong><\/em> Dzi\u0119ki temu fryzura zyskuje na obj\u0119to\u015bci, w\u0142osy staj\u0105 si\u0119 pe\u0142ne i bardziej elastyczne. Od\u017cywka Time Reset <strong>zawiera w sk\u0142adzie silne antyoksydanty<\/strong>, jak olejek kamelii, zielona herbata, ceramidy, lipidy, kt\u00f3re wzmacniaj\u0105 w\u0142osy, zapobiegaj\u0105c ich krucho\u015bci. <strong>Od\u017cywka nie obci\u0105\u017ca w\u0142os\u00f3w<\/strong> i z powodzeniem mo\u017ce by\u0107 u\u017cywana jako kosmetyk codziennego u\u017cytku.<\/p>\n<p>Seria kosmetyk\u00f3w <a title=\"Redken Time Reset\" href=\"http:\/\/estyl.pl\/wlosy\/wedlug-producenta\/redken\/time-reset.html\" target=\"_blank\">Redken Time Reset<\/a> poprawia og\u00f3ln\u0105 kondycj\u0119 w\u0142os\u00f3w, odnawia ich wiotk\u0105 struktur\u0119, dodaje fryzurze blasku, obj\u0119to\u015bci i nawil\u017cenia.<\/p>\n","protected":false},"excerpt":{"rendered":"<p>Wiele z nas obserwuje spadek kondycji w\u0142os\u00f3w wraz z up\u0142ywem czasu. Wbrew pozorom problem dotyka nie tylko panie po 50-ce, ale te\u017c du\u017co m\u0142odsze pokolenia. Wp\u0142yw na os\u0142abienie w\u0142os\u00f3w ma wiele czynnik\u00f3w, od niew\u0142a\u015bciwej piel\u0119gnacji, po zaburzenia hormonalne. Te ostatnie dotykaj\u0105 rzesz\u0119 Pa\u0144 \u2013 w\u0142osy staj\u0105 si\u0119 w\u00f3wczas kruche, s\u0142abe i ma\u0142o witalne. Podstaw\u0105 jest [&hellip;]<\/p>\n","protected":false},"author":1,"featured_media":0,"comment_status":"open","ping_status":"closed","sticky":false,"template":"","format":"standard","meta":{"_eb_attr":""},"categories":[3],"tags":[2075,150,57,2393],"acf":[],"yoast_head":"<!-- This site is optimized with the Yoast SEO plugin v20.8 - https:\/\/yoast.com\/wordpress\/plugins\/seo\/ -->\n<title>Redken Time Reset - seria piel\u0119gnuj\u0105ca w\u0142osy os\u0142abione<\/title>\n<meta name=\"description\" content=\"Je\u015bli widzisz pierwsze oznaki starzenia si\u0119 w\u0142os\u00f3w, nie czekaj! Up\u0142ywaj\u0105cy czas i warunki atmosferyczne niszcz\u0105 struktur\u0119 w\u0142osa. Poznaj Redken Time Reset!\" \/>\n<meta name=\"robots\" content=\"index, follow, max-snippet:-1, max-image-preview:large, max-video-preview:-1\" \/>\n<link rel=\"canonical\" href=\"https:\/\/estyl.pl\/blog\/kosmetyki-redken-time-reset-do-wlosow-oslabionych\/\" \/>\n<meta property=\"og:locale\" content=\"pl_PL\" \/>\n<meta property=\"og:type\" content=\"article\" \/>\n<meta property=\"og:title\" content=\"Redken Time Reset - seria piel\u0119gnuj\u0105ca w\u0142osy os\u0142abione\" \/>\n<meta property=\"og:description\" content=\"Je\u015bli widzisz pierwsze oznaki starzenia si\u0119 w\u0142os\u00f3w, nie czekaj! Up\u0142ywaj\u0105cy czas i warunki atmosferyczne niszcz\u0105 struktur\u0119 w\u0142osa. Poznaj Redken Time Reset!\" \/>\n<meta property=\"og:url\" content=\"https:\/\/estyl.pl\/blog\/kosmetyki-redken-time-reset-do-wlosow-oslabionych\/\" \/>\n<meta property=\"og:site_name\" content=\"Blog | Estyl.pl\" \/>\n<meta property=\"article:published_time\" content=\"2012-10-19T07:25:29+00:00\" \/>\n<meta property=\"article:modified_time\" content=\"2015-07-28T13:19:55+00:00\" \/>\n<meta property=\"og:image\" content=\"https:\/\/estyl.pl\/blog\/wp-content\/uploads\/2012\/10\/kosmetyki_redken_time_reset1.jpg\" \/>\n<meta name=\"author\" content=\"admin\" \/>\n<meta name=\"twitter:label1\" content=\"Napisane przez\" \/>\n\t<meta name=\"twitter:data1\" content=\"admin\" \/>\n\t<meta name=\"twitter:label2\" content=\"Szacowany czas czytania\" \/>\n\t<meta name=\"twitter:data2\" content=\"2 minuty\" \/>\n<script type=\"application\/ld+json\" class=\"yoast-schema-graph\">{\"@context\":\"https:\/\/schema.org\",\"@graph\":[{\"@type\":\"WebPage\",\"@id\":\"https:\/\/estyl.pl\/blog\/kosmetyki-redken-time-reset-do-wlosow-oslabionych\/\",\"url\":\"https:\/\/estyl.pl\/blog\/kosmetyki-redken-time-reset-do-wlosow-oslabionych\/\",\"name\":\"Redken Time Reset - seria piel\u0119gnuj\u0105ca w\u0142osy os\u0142abione\",\"isPartOf\":{\"@id\":\"https:\/\/estyl.pl\/blog\/#website\"},\"datePublished\":\"2012-10-19T07:25:29+00:00\",\"dateModified\":\"2015-07-28T13:19:55+00:00\",\"author\":{\"@id\":\"https:\/\/estyl.pl\/blog\/#\/schema\/person\/22fff2064045ce23be580e18ca255220\"},\"description\":\"Je\u015bli widzisz pierwsze oznaki starzenia si\u0119 w\u0142os\u00f3w, nie czekaj! Up\u0142ywaj\u0105cy czas i warunki atmosferyczne niszcz\u0105 struktur\u0119 w\u0142osa. Poznaj Redken Time Reset!\",\"breadcrumb\":{\"@id\":\"https:\/\/estyl.pl\/blog\/kosmetyki-redken-time-reset-do-wlosow-oslabionych\/#breadcrumb\"},\"inLanguage\":\"pl-PL\",\"potentialAction\":[{\"@type\":\"ReadAction\",\"target\":[\"https:\/\/estyl.pl\/blog\/kosmetyki-redken-time-reset-do-wlosow-oslabionych\/\"]}]},{\"@type\":\"BreadcrumbList\",\"@id\":\"https:\/\/estyl.pl\/blog\/kosmetyki-redken-time-reset-do-wlosow-oslabionych\/#breadcrumb\",\"itemListElement\":[{\"@type\":\"ListItem\",\"position\":1,\"name\":\"Nowo\u015bci\",\"item\":\"https:\/\/estyl.pl\/blog\/nowosci\/\"},{\"@type\":\"ListItem\",\"position\":2,\"name\":\"Redken Time Reset &#8211; seria piel\u0119gnuj\u0105ca w\u0142osy os\u0142abione\"}]},{\"@type\":\"WebSite\",\"@id\":\"https:\/\/estyl.pl\/blog\/#website\",\"url\":\"https:\/\/estyl.pl\/blog\/\",\"name\":\"Blog | Estyl.pl\",\"description\":\"Kosmetyki do w\u0142os\u00f3w, porady, piel\u0119gnacja, stylizacja\",\"potentialAction\":[{\"@type\":\"SearchAction\",\"target\":{\"@type\":\"EntryPoint\",\"urlTemplate\":\"https:\/\/estyl.pl\/blog\/?s={search_term_string}\"},\"query-input\":\"required name=search_term_string\"}],\"inLanguage\":\"pl-PL\"},{\"@type\":\"Person\",\"@id\":\"https:\/\/estyl.pl\/blog\/#\/schema\/person\/22fff2064045ce23be580e18ca255220\",\"name\":\"admin\",\"url\":\"https:\/\/estyl.pl\/blog\/author\/admin\/\"}]}<\/script>\n<!-- \/ Yoast SEO plugin. -->","yoast_head_json":{"title":"Redken Time Reset - seria piel\u0119gnuj\u0105ca w\u0142osy os\u0142abione","description":"Je\u015bli widzisz pierwsze oznaki starzenia si\u0119 w\u0142os\u00f3w, nie czekaj! Up\u0142ywaj\u0105cy czas i warunki atmosferyczne niszcz\u0105 struktur\u0119 w\u0142osa. Poznaj Redken Time Reset!","robots":{"index":"index","follow":"follow","max-snippet":"max-snippet:-1","max-image-preview":"max-image-preview:large","max-video-preview":"max-video-preview:-1"},"canonical":"https:\/\/estyl.pl\/blog\/kosmetyki-redken-time-reset-do-wlosow-oslabionych\/","og_locale":"pl_PL","og_type":"article","og_title":"Redken Time Reset - seria piel\u0119gnuj\u0105ca w\u0142osy os\u0142abione","og_description":"Je\u015bli widzisz pierwsze oznaki starzenia si\u0119 w\u0142os\u00f3w, nie czekaj! Up\u0142ywaj\u0105cy czas i warunki atmosferyczne niszcz\u0105 struktur\u0119 w\u0142osa. Poznaj Redken Time Reset!","og_url":"https:\/\/estyl.pl\/blog\/kosmetyki-redken-time-reset-do-wlosow-oslabionych\/","og_site_name":"Blog | Estyl.pl","article_published_time":"2012-10-19T07:25:29+00:00","article_modified_time":"2015-07-28T13:19:55+00:00","og_image":[{"url":"https:\/\/estyl.pl\/blog\/wp-content\/uploads\/2012\/10\/kosmetyki_redken_time_reset1.jpg"}],"author":"admin","twitter_misc":{"Napisane przez":"admin","Szacowany czas czytania":"2 minuty"},"schema":{"@context":"https:\/\/schema.org","@graph":[{"@type":"WebPage","@id":"https:\/\/estyl.pl\/blog\/kosmetyki-redken-time-reset-do-wlosow-oslabionych\/","url":"https:\/\/estyl.pl\/blog\/kosmetyki-redken-time-reset-do-wlosow-oslabionych\/","name":"Redken Time Reset - seria piel\u0119gnuj\u0105ca w\u0142osy os\u0142abione","isPartOf":{"@id":"https:\/\/estyl.pl\/blog\/#website"},"datePublished":"2012-10-19T07:25:29+00:00","dateModified":"2015-07-28T13:19:55+00:00","author":{"@id":"https:\/\/estyl.pl\/blog\/#\/schema\/person\/22fff2064045ce23be580e18ca255220"},"description":"Je\u015bli widzisz pierwsze oznaki starzenia si\u0119 w\u0142os\u00f3w, nie czekaj! Up\u0142ywaj\u0105cy czas i warunki atmosferyczne niszcz\u0105 struktur\u0119 w\u0142osa. Poznaj Redken Time Reset!","breadcrumb":{"@id":"https:\/\/estyl.pl\/blog\/kosmetyki-redken-time-reset-do-wlosow-oslabionych\/#breadcrumb"},"inLanguage":"pl-PL","potentialAction":[{"@type":"ReadAction","target":["https:\/\/estyl.pl\/blog\/kosmetyki-redken-time-reset-do-wlosow-oslabionych\/"]}]},{"@type":"BreadcrumbList","@id":"https:\/\/estyl.pl\/blog\/kosmetyki-redken-time-reset-do-wlosow-oslabionych\/#breadcrumb","itemListElement":[{"@type":"ListItem","position":1,"name":"Nowo\u015bci","item":"https:\/\/estyl.pl\/blog\/nowosci\/"},{"@type":"ListItem","position":2,"name":"Redken Time Reset &#8211; seria piel\u0119gnuj\u0105ca w\u0142osy os\u0142abione"}]},{"@type":"WebSite","@id":"https:\/\/estyl.pl\/blog\/#website","url":"https:\/\/estyl.pl\/blog\/","name":"Blog | Estyl.pl","description":"Kosmetyki do w\u0142os\u00f3w, porady, piel\u0119gnacja, stylizacja","potentialAction":[{"@type":"SearchAction","target":{"@type":"EntryPoint","urlTemplate":"https:\/\/estyl.pl\/blog\/?s={search_term_string}"},"query-input":"required name=search_term_string"}],"inLanguage":"pl-PL"},{"@type":"Person","@id":"https:\/\/estyl.pl\/blog\/#\/schema\/person\/22fff2064045ce23be580e18ca255220","name":"admin","url":"https:\/\/estyl.pl\/blog\/author\/admin\/"}]}},"_links":{"self":[{"href":"https:\/\/estyl.pl\/blog\/wp-json\/wp\/v2\/posts\/13678"}],"collection":[{"href":"https:\/\/estyl.pl\/blog\/wp-json\/wp\/v2\/posts"}],"about":[{"href":"https:\/\/estyl.pl\/blog\/wp-json\/wp\/v2\/types\/post"}],"author":[{"embeddable":true,"href":"https:\/\/estyl.pl\/blog\/wp-json\/wp\/v2\/users\/1"}],"replies":[{"embeddable":true,"href":"https:\/\/estyl.pl\/blog\/wp-json\/wp\/v2\/comments?post=13678"}],"version-history":[{"count":36,"href":"https:\/\/estyl.pl\/blog\/wp-json\/wp\/v2\/posts\/13678\/revisions"}],"predecessor-version":[{"id":27603,"href":"https:\/\/estyl.pl\/blog\/wp-json\/wp\/v2\/posts\/13678\/revisions\/27603"}],"wp:attachment":[{"href":"https:\/\/estyl.pl\/blog\/wp-json\/wp\/v2\/media?parent=13678"}],"wp:term":[{"taxonomy":"category","embeddable":true,"href":"https:\/\/estyl.pl\/blog\/wp-json\/wp\/v2\/categories?post=13678"},{"taxonomy":"post_tag","embeddable":true,"href":"https:\/\/estyl.pl\/blog\/wp-json\/wp\/v2\/tags?post=13678"}],"curies":[{"name":"wp","href":"https:\/\/api.w.org\/{rel}","templated":true}]}}