{"id":14086,"date":"2012-10-23T13:00:55","date_gmt":"2012-10-23T12:00:55","guid":{"rendered":"https:\/\/estyl.pl\/blog\/?p=14086"},"modified":"2015-07-28T13:20:41","modified_gmt":"2015-07-28T11:20:41","slug":"nowosci-kerastase-elixir-ultime","status":"publish","type":"post","link":"https:\/\/estyl.pl\/blog\/nowosci-kerastase-elixir-ultime\/","title":{"rendered":"Nowo\u015bci K\u00e9rastase Elixir Ultime!"},"content":{"rendered":"<h3>Eliksir, szampon do wszystkich rodzaj\u00f3w w\u0142os\u00f3w i maska dedykowana w\u0142osom delikatnym to elementy serii\u00a0K\u00e9rastase Elixir Ultime. Przedstawiamy dwa nowe kosmetyki uzupe\u0142niaj\u0105ce dzia\u0142anie eliksiru.<\/h3>\n<p><!--more--><\/p>\n<h3><a href=\"https:\/\/estyl.pl\/blog\/wp-content\/uploads\/2012\/10\/kerastase_elixir_ultime1.jpg\" target=\"_blank\" rel=\"lightbox[14086]\"><img decoding=\"async\" loading=\"lazy\" class=\"aligncenter wp-image-27597 size-full\" title=\"Nowo\u015bci K\u00e9rastase Elixir Ultime\" src=\"https:\/\/estyl.pl\/blog\/wp-content\/uploads\/2012\/10\/kerastase_elixir_ultime1.jpg\" alt=\"Kerastase\" width=\"575\" height=\"526\" srcset=\"https:\/\/estyl.pl\/blog\/wp-content\/uploads\/2012\/10\/kerastase_elixir_ultime1.jpg 575w, https:\/\/estyl.pl\/blog\/wp-content\/uploads\/2012\/10\/kerastase_elixir_ultime1-300x274.jpg 300w, https:\/\/estyl.pl\/blog\/wp-content\/uploads\/2012\/10\/kerastase_elixir_ultime1-261x239.jpg 261w\" sizes=\"(max-width: 575px) 100vw, 575px\" \/><\/a><\/h3>\n<h3>Kompleksowa piel\u0119gnacja w\u0142os\u00f3w za pomoc\u0105 nowej serii K\u00e9rastase Ultime od dzi\u015b w estyl.pl!<\/h3>\n<p><strong>Szampon K\u00e9rastase<\/strong> <strong>Elixir Ultime<\/strong> do wszystkich rodzaj\u00f3w w\u0142os\u00f3w raz <strong>maska K\u00e9rastase Oleo Complexe<\/strong> dedykowana tak\u017ce w\u0142osom cienkim i delikatnym, to nowe produkty serii, uzupe\u0142niaj\u0105ce dzia\u0142anie eliksiru. Zobacz pe\u0142n\u0105 ofert\u0119 <strong><a title=\"K\u00e9rastase Ultime\" href=\"http:\/\/estyl.pl\/wlosy\/wedlug-producenta\/kerastase\/ultime.html\" target=\"_blank\">K\u00e9rastase Ultime<\/a><\/strong> i wybierz optymalny dla siebie program piel\u0119gnacyjny. Pami\u0119tajcie, \u017ce <strong>now\u0105 mark\u0119 witamy now\u0105, atrakcyjn\u0105 cen\u0105<\/strong>.<\/p>\n","protected":false},"excerpt":{"rendered":"<p>Eliksir, szampon do wszystkich rodzaj\u00f3w w\u0142os\u00f3w i maska dedykowana w\u0142osom delikatnym to elementy serii\u00a0K\u00e9rastase Elixir Ultime. Przedstawiamy dwa nowe kosmetyki uzupe\u0142niaj\u0105ce dzia\u0142anie eliksiru.<\/p>\n","protected":false},"author":23,"featured_media":0,"comment_status":"open","ping_status":"closed","sticky":false,"template":"","format":"standard","meta":{"_eb_attr":""},"categories":[3],"tags":[38,307,57,239],"acf":[],"yoast_head":"<!-- This site is optimized with the Yoast SEO plugin v20.8 - https:\/\/yoast.com\/wordpress\/plugins\/seo\/ -->\n<title>Nowo\u015bci Kerastase Elixir Ultime w eStyl.pl<\/title>\n<meta name=\"description\" content=\"Kerastase Elixir Ultime to kuracja dedykowana w\u0142osom cienkim i delikatnym. W jej sk\u0142ad wchodzi szampon, maska do w\u0142os\u00f3w i eliksir. Poznaj nowe produkty z serii.\" \/>\n<meta name=\"robots\" content=\"index, follow, max-snippet:-1, max-image-preview:large, max-video-preview:-1\" \/>\n<link rel=\"canonical\" href=\"https:\/\/estyl.pl\/blog\/nowosci-kerastase-elixir-ultime\/\" \/>\n<meta property=\"og:locale\" content=\"pl_PL\" \/>\n<meta property=\"og:type\" content=\"article\" \/>\n<meta property=\"og:title\" content=\"Nowo\u015bci Kerastase Elixir Ultime w eStyl.pl\" \/>\n<meta property=\"og:description\" content=\"Kerastase Elixir Ultime to kuracja dedykowana w\u0142osom cienkim i delikatnym. W jej sk\u0142ad wchodzi szampon, maska do w\u0142os\u00f3w i eliksir. Poznaj nowe produkty z serii.\" \/>\n<meta property=\"og:url\" content=\"https:\/\/estyl.pl\/blog\/nowosci-kerastase-elixir-ultime\/\" \/>\n<meta property=\"og:site_name\" content=\"Blog | Estyl.pl\" \/>\n<meta property=\"article:author\" content=\"kdrogowskakwasnik\" \/>\n<meta property=\"article:published_time\" content=\"2012-10-23T12:00:55+00:00\" \/>\n<meta property=\"article:modified_time\" content=\"2015-07-28T11:20:41+00:00\" \/>\n<meta property=\"og:image\" content=\"https:\/\/estyl.pl\/blog\/wp-content\/uploads\/2012\/10\/kerastase_elixir_ultime1.jpg\" \/>\n<meta name=\"author\" content=\"Karolina\" \/>\n<meta name=\"twitter:label1\" content=\"Napisane przez\" \/>\n\t<meta name=\"twitter:data1\" content=\"Karolina\" \/>\n\t<meta name=\"twitter:label2\" content=\"Szacowany czas czytania\" \/>\n\t<meta name=\"twitter:data2\" content=\"1 minuta\" \/>\n<script type=\"application\/ld+json\" class=\"yoast-schema-graph\">{\"@context\":\"https:\/\/schema.org\",\"@graph\":[{\"@type\":\"WebPage\",\"@id\":\"https:\/\/estyl.pl\/blog\/nowosci-kerastase-elixir-ultime\/\",\"url\":\"https:\/\/estyl.pl\/blog\/nowosci-kerastase-elixir-ultime\/\",\"name\":\"Nowo\u015bci Kerastase Elixir Ultime w eStyl.pl\",\"isPartOf\":{\"@id\":\"https:\/\/estyl.pl\/blog\/#website\"},\"datePublished\":\"2012-10-23T12:00:55+00:00\",\"dateModified\":\"2015-07-28T11:20:41+00:00\",\"author\":{\"@id\":\"https:\/\/estyl.pl\/blog\/#\/schema\/person\/debe1fb907542b5dc82bccc2029e474f\"},\"description\":\"Kerastase Elixir Ultime to kuracja dedykowana w\u0142osom cienkim i delikatnym. W jej sk\u0142ad wchodzi szampon, maska do w\u0142os\u00f3w i eliksir. Poznaj nowe produkty z serii.\",\"breadcrumb\":{\"@id\":\"https:\/\/estyl.pl\/blog\/nowosci-kerastase-elixir-ultime\/#breadcrumb\"},\"inLanguage\":\"pl-PL\",\"potentialAction\":[{\"@type\":\"ReadAction\",\"target\":[\"https:\/\/estyl.pl\/blog\/nowosci-kerastase-elixir-ultime\/\"]}]},{\"@type\":\"BreadcrumbList\",\"@id\":\"https:\/\/estyl.pl\/blog\/nowosci-kerastase-elixir-ultime\/#breadcrumb\",\"itemListElement\":[{\"@type\":\"ListItem\",\"position\":1,\"name\":\"Nowo\u015bci\",\"item\":\"https:\/\/estyl.pl\/blog\/nowosci\/\"},{\"@type\":\"ListItem\",\"position\":2,\"name\":\"Nowo\u015bci K\u00e9rastase Elixir Ultime!\"}]},{\"@type\":\"WebSite\",\"@id\":\"https:\/\/estyl.pl\/blog\/#website\",\"url\":\"https:\/\/estyl.pl\/blog\/\",\"name\":\"Blog | Estyl.pl\",\"description\":\"Kosmetyki do w\u0142os\u00f3w, porady, piel\u0119gnacja, stylizacja\",\"potentialAction\":[{\"@type\":\"SearchAction\",\"target\":{\"@type\":\"EntryPoint\",\"urlTemplate\":\"https:\/\/estyl.pl\/blog\/?s={search_term_string}\"},\"query-input\":\"required name=search_term_string\"}],\"inLanguage\":\"pl-PL\"},{\"@type\":\"Person\",\"@id\":\"https:\/\/estyl.pl\/blog\/#\/schema\/person\/debe1fb907542b5dc82bccc2029e474f\",\"name\":\"Karolina\",\"description\":\"Absolwentka kosmetologii i dietetyki na \u015al\u0105skiej Wy\u017cszej Szkole Medycznej w Katowicach. Ze sklepem Estyl.pl zwi\u0105zana od wielu lat. Wiedz\u0119 na temat produkt\u00f3w zebra\u0142a pracuj\u0105c w sklepie stacjonanym w Katowicach. Aktualnie pracuje jako copywriter, co daje jej du\u017co satysfakcji. Uwielbia testowa\u0107 nowe kosmetyki.\",\"sameAs\":[\"kdrogowskakwasnik\"],\"url\":\"https:\/\/estyl.pl\/blog\/author\/k-mistalsiekiera\/\"}]}<\/script>\n<!-- \/ Yoast SEO plugin. -->","yoast_head_json":{"title":"Nowo\u015bci Kerastase Elixir Ultime w eStyl.pl","description":"Kerastase Elixir Ultime to kuracja dedykowana w\u0142osom cienkim i delikatnym. W jej sk\u0142ad wchodzi szampon, maska do w\u0142os\u00f3w i eliksir. Poznaj nowe produkty z serii.","robots":{"index":"index","follow":"follow","max-snippet":"max-snippet:-1","max-image-preview":"max-image-preview:large","max-video-preview":"max-video-preview:-1"},"canonical":"https:\/\/estyl.pl\/blog\/nowosci-kerastase-elixir-ultime\/","og_locale":"pl_PL","og_type":"article","og_title":"Nowo\u015bci Kerastase Elixir Ultime w eStyl.pl","og_description":"Kerastase Elixir Ultime to kuracja dedykowana w\u0142osom cienkim i delikatnym. W jej sk\u0142ad wchodzi szampon, maska do w\u0142os\u00f3w i eliksir. Poznaj nowe produkty z serii.","og_url":"https:\/\/estyl.pl\/blog\/nowosci-kerastase-elixir-ultime\/","og_site_name":"Blog | Estyl.pl","article_author":"kdrogowskakwasnik","article_published_time":"2012-10-23T12:00:55+00:00","article_modified_time":"2015-07-28T11:20:41+00:00","og_image":[{"url":"https:\/\/estyl.pl\/blog\/wp-content\/uploads\/2012\/10\/kerastase_elixir_ultime1.jpg"}],"author":"Karolina","twitter_misc":{"Napisane przez":"Karolina","Szacowany czas czytania":"1 minuta"},"schema":{"@context":"https:\/\/schema.org","@graph":[{"@type":"WebPage","@id":"https:\/\/estyl.pl\/blog\/nowosci-kerastase-elixir-ultime\/","url":"https:\/\/estyl.pl\/blog\/nowosci-kerastase-elixir-ultime\/","name":"Nowo\u015bci Kerastase Elixir Ultime w eStyl.pl","isPartOf":{"@id":"https:\/\/estyl.pl\/blog\/#website"},"datePublished":"2012-10-23T12:00:55+00:00","dateModified":"2015-07-28T11:20:41+00:00","author":{"@id":"https:\/\/estyl.pl\/blog\/#\/schema\/person\/debe1fb907542b5dc82bccc2029e474f"},"description":"Kerastase Elixir Ultime to kuracja dedykowana w\u0142osom cienkim i delikatnym. W jej sk\u0142ad wchodzi szampon, maska do w\u0142os\u00f3w i eliksir. Poznaj nowe produkty z serii.","breadcrumb":{"@id":"https:\/\/estyl.pl\/blog\/nowosci-kerastase-elixir-ultime\/#breadcrumb"},"inLanguage":"pl-PL","potentialAction":[{"@type":"ReadAction","target":["https:\/\/estyl.pl\/blog\/nowosci-kerastase-elixir-ultime\/"]}]},{"@type":"BreadcrumbList","@id":"https:\/\/estyl.pl\/blog\/nowosci-kerastase-elixir-ultime\/#breadcrumb","itemListElement":[{"@type":"ListItem","position":1,"name":"Nowo\u015bci","item":"https:\/\/estyl.pl\/blog\/nowosci\/"},{"@type":"ListItem","position":2,"name":"Nowo\u015bci K\u00e9rastase Elixir Ultime!"}]},{"@type":"WebSite","@id":"https:\/\/estyl.pl\/blog\/#website","url":"https:\/\/estyl.pl\/blog\/","name":"Blog | Estyl.pl","description":"Kosmetyki do w\u0142os\u00f3w, porady, piel\u0119gnacja, stylizacja","potentialAction":[{"@type":"SearchAction","target":{"@type":"EntryPoint","urlTemplate":"https:\/\/estyl.pl\/blog\/?s={search_term_string}"},"query-input":"required name=search_term_string"}],"inLanguage":"pl-PL"},{"@type":"Person","@id":"https:\/\/estyl.pl\/blog\/#\/schema\/person\/debe1fb907542b5dc82bccc2029e474f","name":"Karolina","description":"Absolwentka kosmetologii i dietetyki na \u015al\u0105skiej Wy\u017cszej Szkole Medycznej w Katowicach. Ze sklepem Estyl.pl zwi\u0105zana od wielu lat. Wiedz\u0119 na temat produkt\u00f3w zebra\u0142a pracuj\u0105c w sklepie stacjonanym w Katowicach. Aktualnie pracuje jako copywriter, co daje jej du\u017co satysfakcji. Uwielbia testowa\u0107 nowe kosmetyki.","sameAs":["kdrogowskakwasnik"],"url":"https:\/\/estyl.pl\/blog\/author\/k-mistalsiekiera\/"}]}},"_links":{"self":[{"href":"https:\/\/estyl.pl\/blog\/wp-json\/wp\/v2\/posts\/14086"}],"collection":[{"href":"https:\/\/estyl.pl\/blog\/wp-json\/wp\/v2\/posts"}],"about":[{"href":"https:\/\/estyl.pl\/blog\/wp-json\/wp\/v2\/types\/post"}],"author":[{"embeddable":true,"href":"https:\/\/estyl.pl\/blog\/wp-json\/wp\/v2\/users\/23"}],"replies":[{"embeddable":true,"href":"https:\/\/estyl.pl\/blog\/wp-json\/wp\/v2\/comments?post=14086"}],"version-history":[{"count":29,"href":"https:\/\/estyl.pl\/blog\/wp-json\/wp\/v2\/posts\/14086\/revisions"}],"predecessor-version":[{"id":27599,"href":"https:\/\/estyl.pl\/blog\/wp-json\/wp\/v2\/posts\/14086\/revisions\/27599"}],"wp:attachment":[{"href":"https:\/\/estyl.pl\/blog\/wp-json\/wp\/v2\/media?parent=14086"}],"wp:term":[{"taxonomy":"category","embeddable":true,"href":"https:\/\/estyl.pl\/blog\/wp-json\/wp\/v2\/categories?post=14086"},{"taxonomy":"post_tag","embeddable":true,"href":"https:\/\/estyl.pl\/blog\/wp-json\/wp\/v2\/tags?post=14086"}],"curies":[{"name":"wp","href":"https:\/\/api.w.org\/{rel}","templated":true}]}}