{"id":14217,"date":"2012-10-31T10:01:36","date_gmt":"2012-10-31T09:01:36","guid":{"rendered":"https:\/\/estyl.pl\/blog\/?p=14217"},"modified":"2016-10-12T10:55:39","modified_gmt":"2016-10-12T08:55:39","slug":"pielegnacja-wlosow-elektryzujacych-sie","status":"publish","type":"post","link":"https:\/\/estyl.pl\/blog\/pielegnacja-wlosow-elektryzujacych-sie\/","title":{"rendered":"Jak piel\u0119gnowa\u0107 w\u0142osy elektryzuj\u0105ce si\u0119"},"content":{"rendered":"<h3>Elektryzowanie si\u0119 w\u0142os\u00f3w to efekt niedostatecznego ich nawil\u017cenia, zmiennej pogody i suchego powietrza w domu.\u00a0 To dlatego z nadmiernym puszeniem w\u0142os\u00f3w spotykamy si\u0119 zwykle podczas pochmurnej jesieni lub mro\u017anej zimy. Wystarczy kilka zmian w piel\u0119gnacji i stylizacji fryzury, by zminimalizowa\u0107 ten uci\u0105\u017cliwy problem. Dzi\u015b o tym, jak piel\u0119gnowa\u0107 w\u0142osy elektryzuj\u0105ce si\u0119.<\/h3>\n<h3><!--more--><\/h3>\n<h3><a href=\"https:\/\/estyl.pl\/blog\/wp-content\/uploads\/2012\/10\/wlosy_elektryzyjace_pielegnacja1.jpg\" target=\"_blank\" rel=\"lightbox[14217]\"><img decoding=\"async\" loading=\"lazy\" class=\"aligncenter wp-image-26936 size-full\" title=\"Jak piel\u0119gnowa\u0107 w\u0142osy elektryzuj\u0105ce si\u0119\" src=\"https:\/\/estyl.pl\/blog\/wp-content\/uploads\/2012\/10\/wlosy_elektryzyjace_pielegnacja1.jpg\" alt=\"w\u0142osy elektryzuj\u0105ce si\u0119\" width=\"575\" height=\"340\" srcset=\"https:\/\/estyl.pl\/blog\/wp-content\/uploads\/2012\/10\/wlosy_elektryzyjace_pielegnacja1.jpg 575w, https:\/\/estyl.pl\/blog\/wp-content\/uploads\/2012\/10\/wlosy_elektryzyjace_pielegnacja1-300x177.jpg 300w, https:\/\/estyl.pl\/blog\/wp-content\/uploads\/2012\/10\/wlosy_elektryzyjace_pielegnacja1-261x154.jpg 261w\" sizes=\"(max-width: 575px) 100vw, 575px\" \/><\/a><\/h3>\n<p style=\"text-align: center;\">fot.\u00a0\u00a9 photl.com<\/p>\n<h3>Mycie w\u0142os\u00f3w pusz\u0105cych si\u0119<\/h3>\n<p><a href=\"https:\/\/estyl.pl\/blog\/wp-content\/uploads\/2012\/10\/kerastase_bain_satin_1.jpg\" target=\"_blank\" rel=\"lightbox[14217]\"><img decoding=\"async\" loading=\"lazy\" class=\"alignleft wp-image-14241\" title=\"K\u0105piel proteinowa K\u00e9rastase Bain Satin\" src=\"https:\/\/estyl.pl\/blog\/wp-content\/uploads\/2012\/10\/kerastase_bain_satin_1-150x150.jpg\" alt=\"w\u0142osy elektryzuj\u0105ce si\u0119\" width=\"150\" height=\"150\" srcset=\"https:\/\/estyl.pl\/blog\/wp-content\/uploads\/2012\/10\/kerastase_bain_satin_1-150x150.jpg 150w, https:\/\/estyl.pl\/blog\/wp-content\/uploads\/2012\/10\/kerastase_bain_satin_1-300x300.jpg 300w, https:\/\/estyl.pl\/blog\/wp-content\/uploads\/2012\/10\/kerastase_bain_satin_1-261x261.jpg 261w, https:\/\/estyl.pl\/blog\/wp-content\/uploads\/2012\/10\/kerastase_bain_satin_1.jpg 480w\" sizes=\"(max-width: 150px) 100vw, 150px\" \/><\/a><strong>Je\u015bli do tej pory si\u0119ga\u0142a\u015b po szampon bez zastanowienia<\/strong>, zim\u0105 i jesieni\u0105 musisz bardziej \u015bwiadomie dobiera\u0107 ten kosmetyk oczyszczaj\u0105cy. Przy w\u0142osach elektryzuj\u0105cych si\u0119 <em><strong>przestawiamy si\u0119 na szampony nawil\u017caj\u0105ce lub szampony proteinowe<\/strong><\/em>, <em><strong>kt\u00f3rych zadaniem jest wype\u0142ni\u0107<\/strong><\/em> i doci\u0105\u017cy\u0107 struktur\u0119 elektryzuj\u0105cych si\u0119 w\u0142os\u00f3w (ceramidy, aminokwasy, keratyna, olejki). Szampony te<strong> potrafi\u0105 uszczelni\u0107 rozchylone \u0142uski<\/strong> suchych w\u0142os\u00f3w ju\u017c na etapie mycia. Dobrze stosowa\u0107 je na zmian\u0119, by nie obci\u0105\u017cy\u0107 nadmiernie fryzury lub wybra\u0107 szampon nawil\u017caj\u0105cy dedykowany w\u0142osom delikatnym. <strong>Raz na tydzie\u0144 u\u017cywamy szamponu oczyszczaj\u0105cego<\/strong> w\u0142osy lub peelingu sk\u00f3ry g\u0142owy, by zmy\u0107 z w\u0142os\u00f3w resztki stylizator\u00f3w\u00a0 lub nadmiar \u015brodk\u00f3w od\u017cywczych.<\/p>\n<div class=\"minpic\"><a href=\"https:\/\/estyl.pl\/blog\/wp-content\/uploads\/2012\/10\/redken_clear_moisture_shampoo.jpg\" target=\"_blank\" rel=\"lightbox[14217]\"><img decoding=\"async\" loading=\"lazy\" class=\"alignnone wp-image-14245 size-thumbnail\" title=\"Szampon silnie nawil\u017caj\u0105cy Redken Clear Moisture\" src=\"https:\/\/estyl.pl\/blog\/wp-content\/uploads\/2012\/10\/redken_clear_moisture_shampoo-150x150.jpg\" alt=\"w\u0142osy elektryzuj\u0105ce si\u0119\" width=\"150\" height=\"150\" srcset=\"https:\/\/estyl.pl\/blog\/wp-content\/uploads\/2012\/10\/redken_clear_moisture_shampoo-150x150.jpg 150w, https:\/\/estyl.pl\/blog\/wp-content\/uploads\/2012\/10\/redken_clear_moisture_shampoo-300x300.jpg 300w, https:\/\/estyl.pl\/blog\/wp-content\/uploads\/2012\/10\/redken_clear_moisture_shampoo-261x261.jpg 261w, https:\/\/estyl.pl\/blog\/wp-content\/uploads\/2012\/10\/redken_clear_moisture_shampoo.jpg 480w\" sizes=\"(max-width: 150px) 100vw, 150px\" \/><\/a><a href=\"https:\/\/estyl.pl\/blog\/wp-content\/uploads\/2012\/10\/alterna_bamboo_smooth_shampoo_250ml.jpg\" target=\"_blank\" rel=\"lightbox[14217]\"><img decoding=\"async\" loading=\"lazy\" class=\"alignnone wp-image-13866 size-thumbnail\" title=\"Szampon wyg\u0142adzaj\u0105cy w\u0142osy suche Alterna Bamboo Smooth\" src=\"https:\/\/estyl.pl\/blog\/wp-content\/uploads\/2012\/10\/alterna_bamboo_smooth_shampoo_250ml-150x150.jpg\" alt=\"w\u0142osy elektryzuj\u0105ce si\u0119\" width=\"150\" height=\"150\" srcset=\"https:\/\/estyl.pl\/blog\/wp-content\/uploads\/2012\/10\/alterna_bamboo_smooth_shampoo_250ml-150x150.jpg 150w, https:\/\/estyl.pl\/blog\/wp-content\/uploads\/2012\/10\/alterna_bamboo_smooth_shampoo_250ml-300x300.jpg 300w, https:\/\/estyl.pl\/blog\/wp-content\/uploads\/2012\/10\/alterna_bamboo_smooth_shampoo_250ml-261x261.jpg 261w, https:\/\/estyl.pl\/blog\/wp-content\/uploads\/2012\/10\/alterna_bamboo_smooth_shampoo_250ml.jpg 480w\" sizes=\"(max-width: 150px) 100vw, 150px\" \/><\/a><\/div>\n<p><strong>Polecamy<\/strong> k\u0105piel od\u017cywcz\u0105 do w\u0142os\u00f3w lekko suchych <a href=\"http:\/\/estyl.pl\/kerastase-bain-satin-1-kapiel-odzywcza-do-wlosow-lekko-suchych-i-uwrazliwionych-250-ml\" target=\"_blank\"><strong>K\u00e9rastase Bain Satin 1<\/strong><\/a>, szampon silnie nawil\u017caj\u0105cy <a title=\"Morrocanoil Hydration\" href=\"http:\/\/estyl.pl\/hydration-szampon-nawilzajacy-z-olejkiem-arganowym-250ml\" target=\"_blank\"><strong>Morrocanoil Hydration<\/strong><\/a>\u00a0oraz\u00a0 szampon wyg\u0142adzaj\u0105cy w\u0142osy <a href=\"http:\/\/estyl.pl\/alterna-bamboo-smooth-anti-frizz-szampon-wygladzajacy-250-ml\" target=\"_blank\"><strong>Alterna Bamboo Smooth Anti Frizz<\/strong><\/a>.<\/p>\n<h3>Od\u017cywki do w\u0142os\u00f3w odwodnionych<\/h3>\n<p><a href=\"https:\/\/estyl.pl\/blog\/wp-content\/uploads\/2012\/10\/jmo_citrus_neroli_detangler.jpg\" target=\"_blank\" rel=\"lightbox[14217]\"><img decoding=\"async\" loading=\"lazy\" class=\"alignleft wp-image-14248 size-thumbnail\" title=\"Od\u017cywka JMO silnie nawil\u017caj\u0105ca za pomoc\u0105 organicznych sk\u0142adnik\u00f3w\" src=\"https:\/\/estyl.pl\/blog\/wp-content\/uploads\/2012\/10\/jmo_citrus_neroli_detangler-150x150.jpg\" alt=\"w\u0142osy elektryzuj\u0105ce si\u0119\" width=\"150\" height=\"150\" srcset=\"https:\/\/estyl.pl\/blog\/wp-content\/uploads\/2012\/10\/jmo_citrus_neroli_detangler-150x150.jpg 150w, https:\/\/estyl.pl\/blog\/wp-content\/uploads\/2012\/10\/jmo_citrus_neroli_detangler-300x300.jpg 300w, https:\/\/estyl.pl\/blog\/wp-content\/uploads\/2012\/10\/jmo_citrus_neroli_detangler-261x261.jpg 261w, https:\/\/estyl.pl\/blog\/wp-content\/uploads\/2012\/10\/jmo_citrus_neroli_detangler.jpg 480w\" sizes=\"(max-width: 150px) 100vw, 150px\" \/><\/a><strong>Nawil\u017caj, nawil\u017caj i jeszcze raz nawil\u017caj!<\/strong> Przy problemie elektryzowania w\u0142os\u00f3w mo\u017cesz zmieni\u0107 od\u017cywk\u0119 na l\u017cejsz\u0105, ale <em><strong>r\u00f3wnie\u017c silnie nawil\u017caj\u0105c\u0105<\/strong><\/em>, g\u0142\u00f3wnie z racji doci\u0105\u017cania w\u0142os\u00f3w bardziej nawil\u017caj\u0105cymi i ci\u0119\u017cszymi szamponami.\u00a0 Dotyczy to w\u0142os\u00f3w cienkich i delikatnych, kt\u00f3re z regu\u0142y myte s\u0105 co dzie\u0144 lub co drugi dzie\u0144 i kt\u00f3re do\u015b\u0107 \u0142atwo obci\u0105\u017cy\u0107. W przypadku w\u0142os\u00f3w grubych lub normalnych obserwuj jak wygl\u0105daj\u0105 po u\u017cyciu konkretnego zestawu i dostosuj piel\u0119gnacj\u0119 do swoich potrzeb (<em><strong>im ci\u0119\u017cszy szampon, tym l\u017cejsza od\u017cywka<\/strong><\/em>, im l\u017cejszy szampon, tym ci\u0119\u017csza od\u017cywka codzienna). <strong>Dodatkowo warto kupi\u0107 od\u017cywk\u0119 bez sp\u0142ukiwania, kt\u00f3ra doci\u0105\u017cy suche pasma zbyt lekkich i pusz\u0105cych si\u0119 w\u0142os\u00f3w<\/strong>, zapobiegnie utracie wilgoci, a co za tym idzie <em><strong>zminimalizuje elektryzowanie<\/strong><\/em> w\u0142os\u00f3w. Bez wzgl\u0119du na rodzaj posiadanej fryzury, <strong>obowi\u0105zkowo raz na tydzie\u0144 aplikujemy na w\u0142osy mask\u0119 o dzia\u0142aniu silnie nawil\u017caj\u0105cym i regeneruj\u0105cym<\/strong>. Takie cechy posiadaj\u0105 zwykle maski do w\u0142os\u00f3w suchych i odwodnionych, a efektom ich regularnego stosowania jest dodanie w\u0142osom elektryzuj\u0105cym si\u0119 wymarzonej porcji spr\u0119\u017cysto\u015bci.<\/p>\n<div class=\"minpic\"><a href=\"https:\/\/estyl.pl\/blog\/wp-content\/uploads\/2012\/10\/kerastase_lait_vital1.jpg\" target=\"_blank\" rel=\"lightbox[14217]\"><img decoding=\"async\" loading=\"lazy\" class=\"alignnone wp-image-14249 size-thumbnail\" title=\"Mleczko proteinowe K\u00e9rastase Nutritive Lait Vital\" src=\"https:\/\/estyl.pl\/blog\/wp-content\/uploads\/2012\/10\/kerastase_lait_vital1-150x150.jpg\" alt=\"w\u0142osy elektryzuj\u0105ce si\u0119\" width=\"150\" height=\"150\" \/><\/a><a href=\"https:\/\/estyl.pl\/blog\/wp-content\/uploads\/2012\/10\/kerastase_elixir_ultime_mask.jpg\" target=\"_blank\" rel=\"lightbox[14217]\"><img decoding=\"async\" loading=\"lazy\" class=\"alignnone wp-image-14250 size-thumbnail\" title=\"Maska K\u00e9rastase Elixir Ultime\" src=\"https:\/\/estyl.pl\/blog\/wp-content\/uploads\/2012\/10\/kerastase_elixir_ultime_mask-150x150.jpg\" alt=\"w\u0142osy elektryzuj\u0105ce si\u0119\" width=\"150\" height=\"150\" srcset=\"https:\/\/estyl.pl\/blog\/wp-content\/uploads\/2012\/10\/kerastase_elixir_ultime_mask-150x150.jpg 150w, https:\/\/estyl.pl\/blog\/wp-content\/uploads\/2012\/10\/kerastase_elixir_ultime_mask-300x300.jpg 300w, https:\/\/estyl.pl\/blog\/wp-content\/uploads\/2012\/10\/kerastase_elixir_ultime_mask-261x261.jpg 261w, https:\/\/estyl.pl\/blog\/wp-content\/uploads\/2012\/10\/kerastase_elixir_ultime_mask.jpg 480w\" sizes=\"(max-width: 150px) 100vw, 150px\" \/><\/a><\/div>\n<p><strong>Polecamy<\/strong> <strong>nasz hit<\/strong> sklepowy: od\u017cywk\u0119 wyg\u0142adzaj\u0105c\u0105 do w\u0142os\u00f3w suchych <a href=\"http:\/\/estyl.pl\/john-masters-organics-cytrus-i-gorzka-pomarancza-odzywka-wygladzajaca-ulatwiajaca-rozczesywanie-bez-splukiwania-236ml\" target=\"_blank\"><strong>John Masters Citrus &amp; Neroli<\/strong><\/a>, mleczko proteinowe <a href=\"http:\/\/estyl.pl\/kerastase-lait-vital-mleczko-proteinowe-do-wlosow-normalnych-lekko-suchych-200-ml\" target=\"_blank\"><strong>K\u00e9rastase Lait Vital<\/strong><\/a> oraz mask\u0119 <a href=\"http:\/\/estyl.pl\/kerastase-elixir-ultime-oleo-complex-maska-do-kazdego-rodzaju-wlosow-200ml\" target=\"_blank\"><strong>K\u00e9rastase Elixir Ultime<\/strong><\/a>, z dodatkiem kilku olej\u00f3w szlachetnych.<\/p>\n<h3>Oleje do w\u0142os\u00f3w wysoko porowatych<\/h3>\n<p><a href=\"https:\/\/estyl.pl\/blog\/wp-content\/uploads\/2012\/04\/jmo_argan_oil.jpg\" target=\"_blank\" rel=\"lightbox[14217]\"><img decoding=\"async\" loading=\"lazy\" class=\"alignleft wp-image-9107 size-thumbnail\" title=\"Olejek arganowy doskonale eliminuje puszenie w\u0142os\u00f3w\" src=\"https:\/\/estyl.pl\/blog\/wp-content\/uploads\/2012\/04\/jmo_argan_oil-150x150.jpg\" alt=\"w\u0142osy elektryzuj\u0105ce si\u0119\" width=\"150\" height=\"150\" srcset=\"https:\/\/estyl.pl\/blog\/wp-content\/uploads\/2012\/04\/jmo_argan_oil-150x150.jpg 150w, https:\/\/estyl.pl\/blog\/wp-content\/uploads\/2012\/04\/jmo_argan_oil-300x300.jpg 300w, https:\/\/estyl.pl\/blog\/wp-content\/uploads\/2012\/04\/jmo_argan_oil-261x261.jpg 261w, https:\/\/estyl.pl\/blog\/wp-content\/uploads\/2012\/04\/jmo_argan_oil.jpg 480w\" sizes=\"(max-width: 150px) 100vw, 150px\" \/><\/a><strong>W\u0142osy elektryzuj\u0105ce si\u0119<\/strong> (zwykle suche i wysoko porowate, o otwartych \u0142uskach) <strong>kochaj\u0105 jedno- i wielonienasycone oleje do w\u0142os\u00f3w<\/strong>, jak jednonienasycony, p\u00f3\u0142wnikaj\u0105cy <em><strong>olej arganowy<\/strong><\/em> (kwasy oleinowe Omega 9), kt\u00f3ry nawil\u017ca i zapobiega ich puszeniu, dyscyplinuj\u0105cy i wyg\u0142adzaj\u0105cy w\u0142osy <em><strong>olej z orzech\u00f3w macadamia<\/strong><\/em>, czy wielonienasycony (Omega 3 i 6) <em><strong>olej z wiesio\u0142ka<\/strong><\/em>. Czysty <strong>olej kokosowy mo\u017ce wzmaga\u0107 puszenie w\u0142os\u00f3w w przypadku w\u0142os\u00f3w wysoko porowatych<\/strong>, gdy\u017c jest\u00a0 olejem\u00a0 zawieraj\u0105cym du\u017co kwas\u00f3w t\u0142uszczowych nasyconych, wnikaj\u0105cych i \u201erozpychaj\u0105cych\u201d \u0142uski w\u0142os\u00f3w od \u015brodka ( kwas laurynowy i Omega 9). <strong>Szorstko\u015b\u0107 w\u0142os\u00f3w i przys\u0142owiowe siano, to znak, \u017ce dany olej niekoniecznie Ci s\u0142u\u017cy<\/strong>. Ka\u017cde w\u0142osy s\u0105 inne i nale\u017cy metod\u0105 pr\u00f3b oraz b\u0142\u0119d\u00f3w dobra\u0107 ten dla siebie. Olej mo\u017cesz aplikowa\u0107 na noc, jako mask\u0119 silne regeneruj\u0105c\u0105 lub jako sta\u0142y punkt piel\u0119gnacji w du\u017co mniejszej ilo\u015bci. <strong>Olej arganowy ma t\u0105 zalet\u0119<\/strong>, \u017ce u\u017cyty w umiarze, nie przet\u0142uszcza w\u0142os\u00f3w i nie pozostawia t\u0142ustego filmu.<\/p>\n<div class=\"minpic\"><a href=\"https:\/\/estyl.pl\/blog\/wp-content\/uploads\/2012\/08\/elixir-ultime-zniszczone.jpg\" target=\"_blank\" rel=\"lightbox[14217]\"><img decoding=\"async\" loading=\"lazy\" class=\"alignnone wp-image-12451 size-thumbnail\" title=\"K\u00e9rastase Elixir Ultime w\u0142osy zniszczone\" src=\"https:\/\/estyl.pl\/blog\/wp-content\/uploads\/2012\/08\/elixir-ultime-zniszczone-150x150.jpg\" alt=\"w\u0142osy elektryzuj\u0105ce si\u0119\" width=\"150\" height=\"150\" srcset=\"https:\/\/estyl.pl\/blog\/wp-content\/uploads\/2012\/08\/elixir-ultime-zniszczone-150x150.jpg 150w, https:\/\/estyl.pl\/blog\/wp-content\/uploads\/2012\/08\/elixir-ultime-zniszczone-300x300.jpg 300w, https:\/\/estyl.pl\/blog\/wp-content\/uploads\/2012\/08\/elixir-ultime-zniszczone-261x261.jpg 261w, https:\/\/estyl.pl\/blog\/wp-content\/uploads\/2012\/08\/elixir-ultime-zniszczone.jpg 480w\" sizes=\"(max-width: 150px) 100vw, 150px\" \/><\/a><a href=\"https:\/\/estyl.pl\/blog\/wp-content\/uploads\/2011\/11\/JMO-kuracja-intensywnie-nawilzajaca.jpg\" target=\"_blank\" rel=\"lightbox[14217]\"><img decoding=\"async\" loading=\"lazy\" class=\"alignnone wp-image-4554\" title=\"Kuracja intensywnie nawil\u017caj\u0105ca JMO z olejem wiesio\u0142ka\" src=\"https:\/\/estyl.pl\/blog\/wp-content\/uploads\/2011\/11\/JMO-kuracja-intensywnie-nawilzajaca-150x150.jpg\" alt=\"w\u0142osy elektryzuj\u0105ce si\u0119\" width=\"150\" height=\"150\" srcset=\"https:\/\/estyl.pl\/blog\/wp-content\/uploads\/2011\/11\/JMO-kuracja-intensywnie-nawilzajaca-150x150.jpg 150w, https:\/\/estyl.pl\/blog\/wp-content\/uploads\/2011\/11\/JMO-kuracja-intensywnie-nawilzajaca-300x300.jpg 300w, https:\/\/estyl.pl\/blog\/wp-content\/uploads\/2011\/11\/JMO-kuracja-intensywnie-nawilzajaca-261x261.jpg 261w, https:\/\/estyl.pl\/blog\/wp-content\/uploads\/2011\/11\/JMO-kuracja-intensywnie-nawilzajaca.jpg 480w\" sizes=\"(max-width: 150px) 100vw, 150px\" \/><\/a><\/div>\n<p><strong>Polecamy<\/strong> certyfikowany, czysty <a title=\"olej arganowy JMO\" href=\"http:\/\/estyl.pl\/john-masters-organics-100-argan-oil-olejek-arganowy-59-ml\" target=\"_blank\"><strong>olej arganowy John Masters<\/strong><\/a>, olejek do w\u0142os\u00f3w zniszczonych <a title=\"olejek do w\u0142os\u00f3w zniszczonych K\u00e9rastase\" href=\"http:\/\/estyl.pl\/kerastase-elixir-ultime-cheveux-abimex-olejek-do-wlosow-zniszczonych125-ml\" target=\"_blank\"><strong>K\u00e9rastase Utlime\u00a0Cheveux Abimes<\/strong><\/a> oraz kuracje silnie nawil\u017caj\u0105c\u0105 w\u0142osy <a href=\"http:\/\/estyl.pl\/john-masters-organics-kuracja-intensywnie-nawilzajaca-15ml\" target=\"_blank\"><strong>John Masters Organics Dry Hair Nourishment &amp; Defrizzer<\/strong><\/a>.<\/p>\n<p>O tym <a href=\"https:\/\/estyl.pl\/blog\/2012\/11\/jak-stylizowac-wlosy-elektryzujace-sie\/\" target=\"_blank\">jak stylizowa\u0107 w\u0142osy elektryzuj\u0105ce si\u0119<\/a> ju\u017c za tydzie\u0144, za\u015b o powodach elektryzowania w\u0142os\u00f3w <a href=\"https:\/\/estyl.pl\/blog\/2011\/02\/gdy-wlosy-sie-elektryzuja\" target=\"_blank\"><strong>przeczytasz tutaj<\/strong><\/a>.<\/p>\n","protected":false},"excerpt":{"rendered":"<p>Elektryzowanie si\u0119 w\u0142os\u00f3w to efekt niedostatecznego ich nawil\u017cenia, zmiennej pogody i suchego powietrza w domu.\u00a0 To dlatego z nadmiernym puszeniem w\u0142os\u00f3w spotykamy si\u0119 zwykle podczas pochmurnej jesieni lub mro\u017anej zimy. Wystarczy kilka zmian w piel\u0119gnacji i stylizacji fryzury, by zminimalizowa\u0107 ten uci\u0105\u017cliwy problem. Dzi\u015b o tym, jak piel\u0119gnowa\u0107 w\u0142osy elektryzuj\u0105ce si\u0119.<\/p>\n","protected":false},"author":23,"featured_media":27022,"comment_status":"open","ping_status":"closed","sticky":false,"template":"","format":"standard","meta":{"_eb_attr":""},"categories":[4],"tags":[67,154,1145,35],"acf":[],"yoast_head":"<!-- This site is optimized with the Yoast SEO plugin v20.8 - https:\/\/yoast.com\/wordpress\/plugins\/seo\/ -->\n<title>Jak piel\u0119gnowa\u0107 w\u0142osy elektryzuj\u0105ce si\u0119. Polecane kosmetyki<\/title>\n<meta name=\"description\" content=\"Jak za pomoc\u0105 drobnych codziennych trik\u00f3w i odpowiednich kosmetyk\u00f3w piel\u0119gnowa\u0107 w\u0142osy elektryzuj\u0105ce si\u0119? Polecamy szampony, od\u017cywki i oleje do w\u0142os\u00f3w.\" \/>\n<meta name=\"robots\" content=\"index, follow, max-snippet:-1, max-image-preview:large, max-video-preview:-1\" \/>\n<link rel=\"canonical\" href=\"https:\/\/estyl.pl\/blog\/pielegnacja-wlosow-elektryzujacych-sie\/\" \/>\n<meta property=\"og:locale\" content=\"pl_PL\" \/>\n<meta property=\"og:type\" content=\"article\" \/>\n<meta property=\"og:title\" content=\"Jak piel\u0119gnowa\u0107 w\u0142osy elektryzuj\u0105ce si\u0119. Polecane kosmetyki\" \/>\n<meta property=\"og:description\" content=\"Jak za pomoc\u0105 drobnych codziennych trik\u00f3w i odpowiednich kosmetyk\u00f3w piel\u0119gnowa\u0107 w\u0142osy elektryzuj\u0105ce si\u0119? Polecamy szampony, od\u017cywki i oleje do w\u0142os\u00f3w.\" \/>\n<meta property=\"og:url\" content=\"https:\/\/estyl.pl\/blog\/pielegnacja-wlosow-elektryzujacych-sie\/\" \/>\n<meta property=\"og:site_name\" content=\"Blog | Estyl.pl\" \/>\n<meta property=\"article:author\" content=\"kdrogowskakwasnik\" \/>\n<meta property=\"article:published_time\" content=\"2012-10-31T09:01:36+00:00\" \/>\n<meta property=\"article:modified_time\" content=\"2016-10-12T08:55:39+00:00\" \/>\n<meta property=\"og:image\" content=\"https:\/\/estyl.pl\/blog\/wp-content\/uploads\/2012\/10\/elektryzujace-sie.jpg\" \/>\n\t<meta property=\"og:image:width\" content=\"755\" \/>\n\t<meta property=\"og:image:height\" content=\"320\" \/>\n\t<meta property=\"og:image:type\" content=\"image\/jpeg\" \/>\n<meta name=\"author\" content=\"Karolina\" \/>\n<meta name=\"twitter:label1\" content=\"Napisane przez\" \/>\n\t<meta name=\"twitter:data1\" content=\"Karolina\" \/>\n\t<meta name=\"twitter:label2\" content=\"Szacowany czas czytania\" \/>\n\t<meta name=\"twitter:data2\" content=\"4 minuty\" \/>\n<script type=\"application\/ld+json\" class=\"yoast-schema-graph\">{\"@context\":\"https:\/\/schema.org\",\"@graph\":[{\"@type\":\"WebPage\",\"@id\":\"https:\/\/estyl.pl\/blog\/pielegnacja-wlosow-elektryzujacych-sie\/\",\"url\":\"https:\/\/estyl.pl\/blog\/pielegnacja-wlosow-elektryzujacych-sie\/\",\"name\":\"Jak piel\u0119gnowa\u0107 w\u0142osy elektryzuj\u0105ce si\u0119. Polecane kosmetyki\",\"isPartOf\":{\"@id\":\"https:\/\/estyl.pl\/blog\/#website\"},\"datePublished\":\"2012-10-31T09:01:36+00:00\",\"dateModified\":\"2016-10-12T08:55:39+00:00\",\"author\":{\"@id\":\"https:\/\/estyl.pl\/blog\/#\/schema\/person\/debe1fb907542b5dc82bccc2029e474f\"},\"description\":\"Jak za pomoc\u0105 drobnych codziennych trik\u00f3w i odpowiednich kosmetyk\u00f3w piel\u0119gnowa\u0107 w\u0142osy elektryzuj\u0105ce si\u0119? Polecamy szampony, od\u017cywki i oleje do w\u0142os\u00f3w.\",\"breadcrumb\":{\"@id\":\"https:\/\/estyl.pl\/blog\/pielegnacja-wlosow-elektryzujacych-sie\/#breadcrumb\"},\"inLanguage\":\"pl-PL\",\"potentialAction\":[{\"@type\":\"ReadAction\",\"target\":[\"https:\/\/estyl.pl\/blog\/pielegnacja-wlosow-elektryzujacych-sie\/\"]}]},{\"@type\":\"BreadcrumbList\",\"@id\":\"https:\/\/estyl.pl\/blog\/pielegnacja-wlosow-elektryzujacych-sie\/#breadcrumb\",\"itemListElement\":[{\"@type\":\"ListItem\",\"position\":1,\"name\":\"Piel\u0119gnacja w\u0142os\u00f3w\",\"item\":\"https:\/\/estyl.pl\/blog\/pielegnacja-wlosow\/\"},{\"@type\":\"ListItem\",\"position\":2,\"name\":\"Jak piel\u0119gnowa\u0107 w\u0142osy elektryzuj\u0105ce si\u0119\"}]},{\"@type\":\"WebSite\",\"@id\":\"https:\/\/estyl.pl\/blog\/#website\",\"url\":\"https:\/\/estyl.pl\/blog\/\",\"name\":\"Blog | Estyl.pl\",\"description\":\"Kosmetyki do w\u0142os\u00f3w, porady, piel\u0119gnacja, stylizacja\",\"potentialAction\":[{\"@type\":\"SearchAction\",\"target\":{\"@type\":\"EntryPoint\",\"urlTemplate\":\"https:\/\/estyl.pl\/blog\/?s={search_term_string}\"},\"query-input\":\"required name=search_term_string\"}],\"inLanguage\":\"pl-PL\"},{\"@type\":\"Person\",\"@id\":\"https:\/\/estyl.pl\/blog\/#\/schema\/person\/debe1fb907542b5dc82bccc2029e474f\",\"name\":\"Karolina\",\"description\":\"Absolwentka kosmetologii i dietetyki na \u015al\u0105skiej Wy\u017cszej Szkole Medycznej w Katowicach. Ze sklepem Estyl.pl zwi\u0105zana od wielu lat. Wiedz\u0119 na temat produkt\u00f3w zebra\u0142a pracuj\u0105c w sklepie stacjonanym w Katowicach. Aktualnie pracuje jako copywriter, co daje jej du\u017co satysfakcji. Uwielbia testowa\u0107 nowe kosmetyki.\",\"sameAs\":[\"kdrogowskakwasnik\"],\"url\":\"https:\/\/estyl.pl\/blog\/author\/k-mistalsiekiera\/\"}]}<\/script>\n<!-- \/ Yoast SEO plugin. -->","yoast_head_json":{"title":"Jak piel\u0119gnowa\u0107 w\u0142osy elektryzuj\u0105ce si\u0119. Polecane kosmetyki","description":"Jak za pomoc\u0105 drobnych codziennych trik\u00f3w i odpowiednich kosmetyk\u00f3w piel\u0119gnowa\u0107 w\u0142osy elektryzuj\u0105ce si\u0119? Polecamy szampony, od\u017cywki i oleje do w\u0142os\u00f3w.","robots":{"index":"index","follow":"follow","max-snippet":"max-snippet:-1","max-image-preview":"max-image-preview:large","max-video-preview":"max-video-preview:-1"},"canonical":"https:\/\/estyl.pl\/blog\/pielegnacja-wlosow-elektryzujacych-sie\/","og_locale":"pl_PL","og_type":"article","og_title":"Jak piel\u0119gnowa\u0107 w\u0142osy elektryzuj\u0105ce si\u0119. Polecane kosmetyki","og_description":"Jak za pomoc\u0105 drobnych codziennych trik\u00f3w i odpowiednich kosmetyk\u00f3w piel\u0119gnowa\u0107 w\u0142osy elektryzuj\u0105ce si\u0119? Polecamy szampony, od\u017cywki i oleje do w\u0142os\u00f3w.","og_url":"https:\/\/estyl.pl\/blog\/pielegnacja-wlosow-elektryzujacych-sie\/","og_site_name":"Blog | Estyl.pl","article_author":"kdrogowskakwasnik","article_published_time":"2012-10-31T09:01:36+00:00","article_modified_time":"2016-10-12T08:55:39+00:00","og_image":[{"width":755,"height":320,"url":"https:\/\/estyl.pl\/blog\/wp-content\/uploads\/2012\/10\/elektryzujace-sie.jpg","type":"image\/jpeg"}],"author":"Karolina","twitter_misc":{"Napisane przez":"Karolina","Szacowany czas czytania":"4 minuty"},"schema":{"@context":"https:\/\/schema.org","@graph":[{"@type":"WebPage","@id":"https:\/\/estyl.pl\/blog\/pielegnacja-wlosow-elektryzujacych-sie\/","url":"https:\/\/estyl.pl\/blog\/pielegnacja-wlosow-elektryzujacych-sie\/","name":"Jak piel\u0119gnowa\u0107 w\u0142osy elektryzuj\u0105ce si\u0119. Polecane kosmetyki","isPartOf":{"@id":"https:\/\/estyl.pl\/blog\/#website"},"datePublished":"2012-10-31T09:01:36+00:00","dateModified":"2016-10-12T08:55:39+00:00","author":{"@id":"https:\/\/estyl.pl\/blog\/#\/schema\/person\/debe1fb907542b5dc82bccc2029e474f"},"description":"Jak za pomoc\u0105 drobnych codziennych trik\u00f3w i odpowiednich kosmetyk\u00f3w piel\u0119gnowa\u0107 w\u0142osy elektryzuj\u0105ce si\u0119? Polecamy szampony, od\u017cywki i oleje do w\u0142os\u00f3w.","breadcrumb":{"@id":"https:\/\/estyl.pl\/blog\/pielegnacja-wlosow-elektryzujacych-sie\/#breadcrumb"},"inLanguage":"pl-PL","potentialAction":[{"@type":"ReadAction","target":["https:\/\/estyl.pl\/blog\/pielegnacja-wlosow-elektryzujacych-sie\/"]}]},{"@type":"BreadcrumbList","@id":"https:\/\/estyl.pl\/blog\/pielegnacja-wlosow-elektryzujacych-sie\/#breadcrumb","itemListElement":[{"@type":"ListItem","position":1,"name":"Piel\u0119gnacja w\u0142os\u00f3w","item":"https:\/\/estyl.pl\/blog\/pielegnacja-wlosow\/"},{"@type":"ListItem","position":2,"name":"Jak piel\u0119gnowa\u0107 w\u0142osy elektryzuj\u0105ce si\u0119"}]},{"@type":"WebSite","@id":"https:\/\/estyl.pl\/blog\/#website","url":"https:\/\/estyl.pl\/blog\/","name":"Blog | Estyl.pl","description":"Kosmetyki do w\u0142os\u00f3w, porady, piel\u0119gnacja, stylizacja","potentialAction":[{"@type":"SearchAction","target":{"@type":"EntryPoint","urlTemplate":"https:\/\/estyl.pl\/blog\/?s={search_term_string}"},"query-input":"required name=search_term_string"}],"inLanguage":"pl-PL"},{"@type":"Person","@id":"https:\/\/estyl.pl\/blog\/#\/schema\/person\/debe1fb907542b5dc82bccc2029e474f","name":"Karolina","description":"Absolwentka kosmetologii i dietetyki na \u015al\u0105skiej Wy\u017cszej Szkole Medycznej w Katowicach. Ze sklepem Estyl.pl zwi\u0105zana od wielu lat. Wiedz\u0119 na temat produkt\u00f3w zebra\u0142a pracuj\u0105c w sklepie stacjonanym w Katowicach. Aktualnie pracuje jako copywriter, co daje jej du\u017co satysfakcji. Uwielbia testowa\u0107 nowe kosmetyki.","sameAs":["kdrogowskakwasnik"],"url":"https:\/\/estyl.pl\/blog\/author\/k-mistalsiekiera\/"}]}},"_links":{"self":[{"href":"https:\/\/estyl.pl\/blog\/wp-json\/wp\/v2\/posts\/14217"}],"collection":[{"href":"https:\/\/estyl.pl\/blog\/wp-json\/wp\/v2\/posts"}],"about":[{"href":"https:\/\/estyl.pl\/blog\/wp-json\/wp\/v2\/types\/post"}],"author":[{"embeddable":true,"href":"https:\/\/estyl.pl\/blog\/wp-json\/wp\/v2\/users\/23"}],"replies":[{"embeddable":true,"href":"https:\/\/estyl.pl\/blog\/wp-json\/wp\/v2\/comments?post=14217"}],"version-history":[{"count":67,"href":"https:\/\/estyl.pl\/blog\/wp-json\/wp\/v2\/posts\/14217\/revisions"}],"predecessor-version":[{"id":30976,"href":"https:\/\/estyl.pl\/blog\/wp-json\/wp\/v2\/posts\/14217\/revisions\/30976"}],"wp:featuredmedia":[{"embeddable":true,"href":"https:\/\/estyl.pl\/blog\/wp-json\/wp\/v2\/media\/27022"}],"wp:attachment":[{"href":"https:\/\/estyl.pl\/blog\/wp-json\/wp\/v2\/media?parent=14217"}],"wp:term":[{"taxonomy":"category","embeddable":true,"href":"https:\/\/estyl.pl\/blog\/wp-json\/wp\/v2\/categories?post=14217"},{"taxonomy":"post_tag","embeddable":true,"href":"https:\/\/estyl.pl\/blog\/wp-json\/wp\/v2\/tags?post=14217"}],"curies":[{"name":"wp","href":"https:\/\/api.w.org\/{rel}","templated":true}]}}