{"id":14763,"date":"2012-11-21T11:55:04","date_gmt":"2012-11-21T10:55:04","guid":{"rendered":"https:\/\/estyl.pl\/blog\/?p=14763"},"modified":"2016-09-30T13:49:43","modified_gmt":"2016-09-30T11:49:43","slug":"zakrecona-i-zmyslowa-czyli-fryzury-z-termolokow","status":"publish","type":"post","link":"https:\/\/estyl.pl\/blog\/zakrecona-i-zmyslowa-czyli-fryzury-z-termolokow\/","title":{"rendered":"Zakr\u0119cona i zmys\u0142owa, czyli co potrafi\u0105 termoloki"},"content":{"rendered":"<h3>W\u0142osy &#8211; dla wielu kobiet nie tylko ozdoba, ale i spos\u00f3b na wyra\u017cenie samej siebie. Kluczem do tego jest dobre strzy\u017cenie i mo\u017cna odkrywa\u0107 si\u0119 na nowo, tworz\u0105c inne uczesania ka\u017cdego dnia. Dla wsp\u00f3\u0142czesnej kobiety najwa\u017cniejsza jest jednak piel\u0119gnacja i zdrowie w\u0142os\u00f3w. Nowa fryzura owszem, ale nie kosztem kondycji w\u0142osa. Termoloki s\u0105 szans\u0105 na szybk\u0105 zmian\u0119 wizerunku, stanowi\u0105 te\u017c doskona\u0142\u0105 alternatyw\u0119 dla niszcz\u0105cego dzia\u0142ania prostownic, czy tradycyjnych lok\u00f3wek do w\u0142os\u00f3w.<\/h3>\n<h3><!--more--><\/h3>\n<h3><a href=\"https:\/\/estyl.pl\/blog\/wp-content\/uploads\/2012\/11\/termoloki_babyliss1.jpg\" target=\"_blank\" rel=\"lightbox[14763]\"><img decoding=\"async\" loading=\"lazy\" class=\"aligncenter wp-image-27133 size-full\" title=\"Termoloki BaByliss\" src=\"https:\/\/estyl.pl\/blog\/wp-content\/uploads\/2012\/11\/termoloki_babyliss1.jpg\" alt=\"termoloki\" width=\"575\" height=\"250\" srcset=\"https:\/\/estyl.pl\/blog\/wp-content\/uploads\/2012\/11\/termoloki_babyliss1.jpg 575w, https:\/\/estyl.pl\/blog\/wp-content\/uploads\/2012\/11\/termoloki_babyliss1-300x130.jpg 300w, https:\/\/estyl.pl\/blog\/wp-content\/uploads\/2012\/11\/termoloki_babyliss1-261x113.jpg 261w\" sizes=\"(max-width: 575px) 100vw, 575px\" \/><\/a><\/h3>\n<h3>Lu\u017ane fale<\/h3>\n<p><a title=\"Lu\u017ane, du\u017ce fale na w\u0142osach \/ Foto: \u00a9 bellasugar.com\" href=\"https:\/\/estyl.pl\/blog\/wp-content\/uploads\/2012\/11\/duze-fale.jpg\" target=\"_blank\" rel=\"lightbox[14763]\"><img decoding=\"async\" loading=\"lazy\" class=\"alignleft wp-image-14779 size-thumbnail\" title=\"Lu\u017ane, du\u017ce fale na w\u0142osach\" src=\"https:\/\/estyl.pl\/blog\/wp-content\/uploads\/2012\/11\/duze-fale-150x150.jpg\" alt=\"termoloki\" width=\"150\" height=\"150\" \/><\/a>Je\u015bli chcesz na g\u0142owie <em><strong>lu\u017ane i kobiece fale<\/strong><\/em> w stylu lat dwudziestych, powinna\u015b wybra\u0107 <strong>termoloki Babyliss<\/strong> o du\u017cej \u015brednicy. Tak\u0105 fryzur\u0119 jest najtrudniej osi\u0105gn\u0105\u0107, bowiem <strong>\u0142atwo jest przedobrzy\u0107 i zbytnio zakr\u0119ci\u0107 w\u0142osy<\/strong>, osi\u0105gaj\u0105c efekt mokrej w\u0142oszki. W\u0142osy zakr\u0119camy na grube pasma, zaczynaj\u0105c od ko\u0144c\u00f3w. <strong>Skr\u0119t ko\u0144czymy nie przy samej sk\u00f3rze<\/strong>, <strong>ale oko\u0142o 3 cm od\u00a0 nasady g\u0142owy<\/strong>. Pasma nawijamy do\u015b\u0107 lu\u017ano, by osi\u0105gn\u0105\u0107 spr\u0119\u017cyste i lu\u017ano opadaj\u0105ce fale. <strong>Po oko\u0142o 7 minutach<\/strong> \u015bci\u0105gamy termoloki.\u00a0 Je\u015bli stwierdzisz, \u017ce w\u0142osy s\u0105 za ma\u0142o uniesione u nasady i chcesz doda\u0107 swoim falom porcji obj\u0119to\u015bci u\u017cyj wcze\u015bniej <a href=\"https:\/\/estyl.pl\/marka\/alterna\" target=\"_blank\"><strong>pianki do w\u0142os\u00f3w cienkich Alterna Bamboo<\/strong><\/a>. Na\u0142\u00f3\u017c grube wa\u0142ki tylko przy nasadzie w\u0142os\u00f3w, ko\u0144ce pozostawiaj\u0105c lu\u017ane. Wystarczy kilka minut i b\u0119dziesz mia\u0142a mega kobiec\u0105 fryzur\u0119. <em><strong>Je\u015bli brak Ci czasu na dwuetapowy spos\u00f3b wykonania lu\u017anych fal<\/strong><\/em>, od razu mo\u017cesz skr\u0119ca\u0107 w\u0142osy tu\u017c przy sk\u00f3rze. B\u0119dziesz mia\u0142a w\u0142osy zarazem odbite i pofalowane. Pami\u0119taj tylko, by <strong>nie nak\u0142ada\u0107 wa\u0142k\u00f3w bardzo \u015bci\u015ble<\/strong>. Unikniesz efektu baranka. Na koniec, by doda\u0107 w\u0142osom \u015bwiat\u0142a, spryskaj je delikatnie lekkim olejkiem w sprayu <a title=\"Macadamia Healing Oil Spray\" href=\"http:\/\/estyl.pl\/macadamia-healing-oil-spray-naturalny-olejek-w-sprayu-125ml\" target=\"_blank\"><strong>Macadamia Healing Oil Spray<\/strong><\/a>.<\/p>\n<div class=\"minpic\"><a href=\"https:\/\/estyl.pl\/blog\/wp-content\/uploads\/2012\/09\/alterna_bamboo_volume_weightless_whipped_mousse.jpg\" target=\"_blank\" rel=\"lightbox[14763]\"><img decoding=\"async\" loading=\"lazy\" class=\"alignnone wp-image-12632 size-thumbnail\" title=\"Pianka dodaj\u0105ca fryzurze obj\u0119to\u015bci Alterna Bamboo Volume Weightless Whipped\" src=\"https:\/\/estyl.pl\/blog\/wp-content\/uploads\/2012\/09\/alterna_bamboo_volume_weightless_whipped_mousse-150x150.jpg\" alt=\"termoloki\" width=\"150\" height=\"150\" srcset=\"https:\/\/estyl.pl\/blog\/wp-content\/uploads\/2012\/09\/alterna_bamboo_volume_weightless_whipped_mousse-150x150.jpg 150w, https:\/\/estyl.pl\/blog\/wp-content\/uploads\/2012\/09\/alterna_bamboo_volume_weightless_whipped_mousse-300x300.jpg 300w, https:\/\/estyl.pl\/blog\/wp-content\/uploads\/2012\/09\/alterna_bamboo_volume_weightless_whipped_mousse-261x261.jpg 261w, https:\/\/estyl.pl\/blog\/wp-content\/uploads\/2012\/09\/alterna_bamboo_volume_weightless_whipped_mousse.jpg 480w\" sizes=\"(max-width: 150px) 100vw, 150px\" \/><\/a><a href=\"https:\/\/estyl.pl\/blog\/wp-content\/uploads\/2012\/11\/macadamia_healing_oil_spray.jpg\" target=\"_blank\" rel=\"lightbox[14763]\"><img decoding=\"async\" loading=\"lazy\" class=\"alignnone wp-image-14802 size-thumbnail\" title=\"Macadamia Healing Oil - lekki spray do w\u0142os\u00f3w\" src=\"https:\/\/estyl.pl\/blog\/wp-content\/uploads\/2012\/11\/macadamia_healing_oil_spray-150x150.jpg\" alt=\"termoloki\" width=\"150\" height=\"150\" srcset=\"https:\/\/estyl.pl\/blog\/wp-content\/uploads\/2012\/11\/macadamia_healing_oil_spray-150x150.jpg 150w, https:\/\/estyl.pl\/blog\/wp-content\/uploads\/2012\/11\/macadamia_healing_oil_spray-300x300.jpg 300w, https:\/\/estyl.pl\/blog\/wp-content\/uploads\/2012\/11\/macadamia_healing_oil_spray-261x261.jpg 261w, https:\/\/estyl.pl\/blog\/wp-content\/uploads\/2012\/11\/macadamia_healing_oil_spray.jpg 480w\" sizes=\"(max-width: 150px) 100vw, 150px\" \/><\/a><\/div>\n<h3>Elastyczne loki<\/h3>\n<p><a title=\"Spr\u0119\u017cyste loki \/ Foto: \u00a9 thehairstyler.com\" href=\"https:\/\/estyl.pl\/blog\/wp-content\/uploads\/2012\/11\/sprezyste-loki.jpg\" target=\"_blank\" rel=\"lightbox[14763]\"><img decoding=\"async\" loading=\"lazy\" class=\"alignleft wp-image-14780\" title=\"Spr\u0119\u017cyste loki\" src=\"https:\/\/estyl.pl\/blog\/wp-content\/uploads\/2012\/11\/sprezyste-loki-150x150.jpg\" alt=\"termoloki\" width=\"150\" height=\"150\" \/><\/a>Spr\u0119\u017cyste loki osi\u0105gniesz za pomoc\u0105 <strong>r\u00f3\u017cnej grubo\u015bci termolok\u00f3w<\/strong>. Wszystko po to, by w\u0142osy <em><strong>wygl\u0105da\u0142y jak najbardziej naturalnie<\/strong><\/em>. W\u0142osy powinny by\u0107 pokryte <a title=\"pianka do lok\u00f3w Wella\" href=\"http:\/\/estyl.pl\/boost-bounds-curl-pianka-do-lokow-300ml\" target=\"_blank\"><strong>piank\u0105 do lok\u00f3w<\/strong><\/a>, kt\u00f3ra utrwala skr\u0119t. Jej ilo\u015b\u0107 zale\u017cy od tendencji naszych w\u0142os\u00f3w do skr\u0119cania. W\u0142osy proste potrzebuj\u0105 jej wi\u0119cej, w\u0142osy\u00a0 falowane z natury, mniej. Wszystkie wa\u0142ki-termoloki powinny \u015bci\u015ble przylega\u0107 do sk\u00f3ry g\u0142owy.\u00a0 <strong>Wa\u0142ki nak\u0142adamy warstwami<\/strong>, co da najlepszy efekt wizualny. Zaczynamy od nasady g\u0142owy i wa\u0142k\u00f3w o najgrubszej \u015brednicy. Potem, \u015brednimi wa\u0142kami zakr\u0119camy boki. Na ko\u0144cu za\u015b zajmujemy si\u0119 samym ty\u0142em, nakr\u0119caj\u0105c na kosmyki w\u0142os\u00f3w wa\u0142ki najmniejsze. <em><strong>Termoloki \u015bci\u0105gamy po up\u0142ywie oko\u0142o 20 minut<\/strong><\/em>. Je\u015bli nie jeste\u015b pewna, czy skr\u0119t jest w\u0142a\u015bciwy sprawd\u017a jedno pasmo w\u0142os\u00f3w. W\u0142os\u00f3w tak zakr\u0119conych nie rozczesujemy, bo fryzura straci sw\u0105 naturalno\u015b\u0107. <strong>Skr\u0119t mo\u017cesz pog\u0142\u0119bi\u0107 nakr\u0119caj\u0105c potem w\u0142osy lok po loku na palec wskazuj\u0105cy<\/strong>. Mo\u017cesz\u00a0 na\u0142o\u017cy\u0107 w\u00f3wczas <a href=\"http:\/\/estyl.pl\/macadamia-healing-oil-treatment-naturalny-olejek-do-wlosow-10ml\" target=\"_blank\"><strong>serum do w\u0142os\u00f3w Macadamia<\/strong><\/a>, kt\u00f3re doda lokom blasku i \u015bwiat\u0142a. Loki warto utrwali\u0107 spryskuj\u0105c fryzur\u0119 lakierem. <strong>W tym celu odchyl g\u0142ow\u0119, jakby\u015b chcia\u0142a umy\u0107 w\u0142os<\/strong>y i\u00a0 u\u017cyj \u015brodka stylizuj\u0105cego. Nast\u0119pnie delikatnie potrz\u0105\u015bnij g\u0142ow\u0105, by w\u0142osy u\u0142o\u017cy\u0142y si\u0119 swobodnie.<\/p>\n<div class=\"minpic\"><a href=\"https:\/\/estyl.pl\/blog\/wp-content\/uploads\/2012\/11\/fresh_curls_spring_mousse.jpg\" target=\"_blank\" rel=\"lightbox[14763]\"><img decoding=\"async\" loading=\"lazy\" class=\"alignnone wp-image-14803 size-thumbnail\" title=\"Pianka zapobiegaj\u0105ca opadaniu lok\u00f3w Redken Fresh Curls Spring Mousse\" src=\"https:\/\/estyl.pl\/blog\/wp-content\/uploads\/2012\/11\/fresh_curls_spring_mousse-150x150.jpg\" alt=\"termoloki\" width=\"150\" height=\"150\" srcset=\"https:\/\/estyl.pl\/blog\/wp-content\/uploads\/2012\/11\/fresh_curls_spring_mousse-150x150.jpg 150w, https:\/\/estyl.pl\/blog\/wp-content\/uploads\/2012\/11\/fresh_curls_spring_mousse-300x300.jpg 300w, https:\/\/estyl.pl\/blog\/wp-content\/uploads\/2012\/11\/fresh_curls_spring_mousse-261x261.jpg 261w, https:\/\/estyl.pl\/blog\/wp-content\/uploads\/2012\/11\/fresh_curls_spring_mousse.jpg 480w\" sizes=\"(max-width: 150px) 100vw, 150px\" \/><\/a><a href=\"https:\/\/estyl.pl\/blog\/wp-content\/uploads\/2012\/11\/macadamia_healing_oil_treatment_10ml.jpg\" target=\"_blank\" rel=\"lightbox[14763]\"><img decoding=\"async\" loading=\"lazy\" class=\"alignnone wp-image-14804\" title=\"Olejek do w\u0142os\u00f3w Macadamia Healing Oil Treatment 10ml\" src=\"https:\/\/estyl.pl\/blog\/wp-content\/uploads\/2012\/11\/macadamia_healing_oil_treatment_10ml-150x150.jpg\" alt=\"termoloki\" width=\"150\" height=\"150\" srcset=\"https:\/\/estyl.pl\/blog\/wp-content\/uploads\/2012\/11\/macadamia_healing_oil_treatment_10ml-150x150.jpg 150w, https:\/\/estyl.pl\/blog\/wp-content\/uploads\/2012\/11\/macadamia_healing_oil_treatment_10ml-300x300.jpg 300w, https:\/\/estyl.pl\/blog\/wp-content\/uploads\/2012\/11\/macadamia_healing_oil_treatment_10ml-261x261.jpg 261w, https:\/\/estyl.pl\/blog\/wp-content\/uploads\/2012\/11\/macadamia_healing_oil_treatment_10ml.jpg 480w\" sizes=\"(max-width: 150px) 100vw, 150px\" \/><\/a><\/div>\n<p><strong>Zapami\u0119taj:<\/strong><\/p>\n<ul>\n<li>Du\u017ce termoloki dodaj\u0105 obj\u0119to\u015bci, mniejsze bardziej skr\u0119caj\u0105 w\u0142osy,<\/li>\n<li>Zawsze przed u\u017cyciem termolok\u00f3w, pokryj w\u0142osy kosmetykiem stylizuj\u0105cym,<\/li>\n<li>Na koniec fryzur\u0119 utrwal lakierem, je\u015bli zachodzi taka potrzeba.<\/li>\n<\/ul>\n","protected":false},"excerpt":{"rendered":"<p>W\u0142osy &#8211; dla wielu kobiet nie tylko ozdoba, ale i spos\u00f3b na wyra\u017cenie samej siebie. Kluczem do tego jest dobre strzy\u017cenie i mo\u017cna odkrywa\u0107 si\u0119 na nowo, tworz\u0105c inne uczesania ka\u017cdego dnia. Dla wsp\u00f3\u0142czesnej kobiety najwa\u017cniejsza jest jednak piel\u0119gnacja i zdrowie w\u0142os\u00f3w. Nowa fryzura owszem, ale nie kosztem kondycji w\u0142osa. Termoloki s\u0105 szans\u0105 na szybk\u0105 [&hellip;]<\/p>\n","protected":false},"author":1,"featured_media":0,"comment_status":"open","ping_status":"closed","sticky":false,"template":"","format":"standard","meta":{"_eb_attr":""},"categories":[5],"tags":[2045,61,1187],"acf":[],"yoast_head":"<!-- This site is optimized with the Yoast SEO plugin v20.8 - https:\/\/yoast.com\/wordpress\/plugins\/seo\/ -->\n<title>Jak u\u017cywa\u0107 termoloki? Wskaz\u00f3wki i propozycje fryzur<\/title>\n<meta name=\"description\" content=\"Popularne fryzury, jakie mog\u0105 stworzy\u0107 termoloki, to fale, loki i pe\u0142na obj\u0119to\u015bci fryzura z w\u0142os\u00f3w prostych. Proponujemy fryzury \u0142atwe do wykonania.\" \/>\n<meta name=\"robots\" content=\"index, follow, max-snippet:-1, max-image-preview:large, max-video-preview:-1\" \/>\n<link rel=\"canonical\" href=\"https:\/\/estyl.pl\/blog\/zakrecona-i-zmyslowa-czyli-fryzury-z-termolokow\/\" \/>\n<meta property=\"og:locale\" content=\"pl_PL\" \/>\n<meta property=\"og:type\" content=\"article\" \/>\n<meta property=\"og:title\" content=\"Jak u\u017cywa\u0107 termoloki? Wskaz\u00f3wki i propozycje fryzur\" \/>\n<meta property=\"og:description\" content=\"Popularne fryzury, jakie mog\u0105 stworzy\u0107 termoloki, to fale, loki i pe\u0142na obj\u0119to\u015bci fryzura z w\u0142os\u00f3w prostych. Proponujemy fryzury \u0142atwe do wykonania.\" \/>\n<meta property=\"og:url\" content=\"https:\/\/estyl.pl\/blog\/zakrecona-i-zmyslowa-czyli-fryzury-z-termolokow\/\" \/>\n<meta property=\"og:site_name\" content=\"Blog | Estyl.pl\" \/>\n<meta property=\"article:published_time\" content=\"2012-11-21T10:55:04+00:00\" \/>\n<meta property=\"article:modified_time\" content=\"2016-09-30T11:49:43+00:00\" \/>\n<meta property=\"og:image\" content=\"https:\/\/estyl.pl\/blog\/wp-content\/uploads\/2012\/11\/termoloki_babyliss1.jpg\" \/>\n<meta name=\"author\" content=\"admin\" \/>\n<meta name=\"twitter:label1\" content=\"Napisane przez\" \/>\n\t<meta name=\"twitter:data1\" content=\"admin\" \/>\n\t<meta name=\"twitter:label2\" content=\"Szacowany czas czytania\" \/>\n\t<meta name=\"twitter:data2\" content=\"3 minuty\" \/>\n<script type=\"application\/ld+json\" class=\"yoast-schema-graph\">{\"@context\":\"https:\/\/schema.org\",\"@graph\":[{\"@type\":\"WebPage\",\"@id\":\"https:\/\/estyl.pl\/blog\/zakrecona-i-zmyslowa-czyli-fryzury-z-termolokow\/\",\"url\":\"https:\/\/estyl.pl\/blog\/zakrecona-i-zmyslowa-czyli-fryzury-z-termolokow\/\",\"name\":\"Jak u\u017cywa\u0107 termoloki? Wskaz\u00f3wki i propozycje fryzur\",\"isPartOf\":{\"@id\":\"https:\/\/estyl.pl\/blog\/#website\"},\"datePublished\":\"2012-11-21T10:55:04+00:00\",\"dateModified\":\"2016-09-30T11:49:43+00:00\",\"author\":{\"@id\":\"https:\/\/estyl.pl\/blog\/#\/schema\/person\/22fff2064045ce23be580e18ca255220\"},\"description\":\"Popularne fryzury, jakie mog\u0105 stworzy\u0107 termoloki, to fale, loki i pe\u0142na obj\u0119to\u015bci fryzura z w\u0142os\u00f3w prostych. Proponujemy fryzury \u0142atwe do wykonania.\",\"breadcrumb\":{\"@id\":\"https:\/\/estyl.pl\/blog\/zakrecona-i-zmyslowa-czyli-fryzury-z-termolokow\/#breadcrumb\"},\"inLanguage\":\"pl-PL\",\"potentialAction\":[{\"@type\":\"ReadAction\",\"target\":[\"https:\/\/estyl.pl\/blog\/zakrecona-i-zmyslowa-czyli-fryzury-z-termolokow\/\"]}]},{\"@type\":\"BreadcrumbList\",\"@id\":\"https:\/\/estyl.pl\/blog\/zakrecona-i-zmyslowa-czyli-fryzury-z-termolokow\/#breadcrumb\",\"itemListElement\":[{\"@type\":\"ListItem\",\"position\":1,\"name\":\"Stylizacja w\u0142os\u00f3w\",\"item\":\"https:\/\/estyl.pl\/blog\/stylizacja-wlosow\/\"},{\"@type\":\"ListItem\",\"position\":2,\"name\":\"Zakr\u0119cona i zmys\u0142owa, czyli co potrafi\u0105 termoloki\"}]},{\"@type\":\"WebSite\",\"@id\":\"https:\/\/estyl.pl\/blog\/#website\",\"url\":\"https:\/\/estyl.pl\/blog\/\",\"name\":\"Blog | Estyl.pl\",\"description\":\"Kosmetyki do w\u0142os\u00f3w, porady, piel\u0119gnacja, stylizacja\",\"potentialAction\":[{\"@type\":\"SearchAction\",\"target\":{\"@type\":\"EntryPoint\",\"urlTemplate\":\"https:\/\/estyl.pl\/blog\/?s={search_term_string}\"},\"query-input\":\"required name=search_term_string\"}],\"inLanguage\":\"pl-PL\"},{\"@type\":\"Person\",\"@id\":\"https:\/\/estyl.pl\/blog\/#\/schema\/person\/22fff2064045ce23be580e18ca255220\",\"name\":\"admin\",\"url\":\"https:\/\/estyl.pl\/blog\/author\/admin\/\"}]}<\/script>\n<!-- \/ Yoast SEO plugin. -->","yoast_head_json":{"title":"Jak u\u017cywa\u0107 termoloki? Wskaz\u00f3wki i propozycje fryzur","description":"Popularne fryzury, jakie mog\u0105 stworzy\u0107 termoloki, to fale, loki i pe\u0142na obj\u0119to\u015bci fryzura z w\u0142os\u00f3w prostych. Proponujemy fryzury \u0142atwe do wykonania.","robots":{"index":"index","follow":"follow","max-snippet":"max-snippet:-1","max-image-preview":"max-image-preview:large","max-video-preview":"max-video-preview:-1"},"canonical":"https:\/\/estyl.pl\/blog\/zakrecona-i-zmyslowa-czyli-fryzury-z-termolokow\/","og_locale":"pl_PL","og_type":"article","og_title":"Jak u\u017cywa\u0107 termoloki? Wskaz\u00f3wki i propozycje fryzur","og_description":"Popularne fryzury, jakie mog\u0105 stworzy\u0107 termoloki, to fale, loki i pe\u0142na obj\u0119to\u015bci fryzura z w\u0142os\u00f3w prostych. Proponujemy fryzury \u0142atwe do wykonania.","og_url":"https:\/\/estyl.pl\/blog\/zakrecona-i-zmyslowa-czyli-fryzury-z-termolokow\/","og_site_name":"Blog | Estyl.pl","article_published_time":"2012-11-21T10:55:04+00:00","article_modified_time":"2016-09-30T11:49:43+00:00","og_image":[{"url":"https:\/\/estyl.pl\/blog\/wp-content\/uploads\/2012\/11\/termoloki_babyliss1.jpg"}],"author":"admin","twitter_misc":{"Napisane przez":"admin","Szacowany czas czytania":"3 minuty"},"schema":{"@context":"https:\/\/schema.org","@graph":[{"@type":"WebPage","@id":"https:\/\/estyl.pl\/blog\/zakrecona-i-zmyslowa-czyli-fryzury-z-termolokow\/","url":"https:\/\/estyl.pl\/blog\/zakrecona-i-zmyslowa-czyli-fryzury-z-termolokow\/","name":"Jak u\u017cywa\u0107 termoloki? Wskaz\u00f3wki i propozycje fryzur","isPartOf":{"@id":"https:\/\/estyl.pl\/blog\/#website"},"datePublished":"2012-11-21T10:55:04+00:00","dateModified":"2016-09-30T11:49:43+00:00","author":{"@id":"https:\/\/estyl.pl\/blog\/#\/schema\/person\/22fff2064045ce23be580e18ca255220"},"description":"Popularne fryzury, jakie mog\u0105 stworzy\u0107 termoloki, to fale, loki i pe\u0142na obj\u0119to\u015bci fryzura z w\u0142os\u00f3w prostych. Proponujemy fryzury \u0142atwe do wykonania.","breadcrumb":{"@id":"https:\/\/estyl.pl\/blog\/zakrecona-i-zmyslowa-czyli-fryzury-z-termolokow\/#breadcrumb"},"inLanguage":"pl-PL","potentialAction":[{"@type":"ReadAction","target":["https:\/\/estyl.pl\/blog\/zakrecona-i-zmyslowa-czyli-fryzury-z-termolokow\/"]}]},{"@type":"BreadcrumbList","@id":"https:\/\/estyl.pl\/blog\/zakrecona-i-zmyslowa-czyli-fryzury-z-termolokow\/#breadcrumb","itemListElement":[{"@type":"ListItem","position":1,"name":"Stylizacja w\u0142os\u00f3w","item":"https:\/\/estyl.pl\/blog\/stylizacja-wlosow\/"},{"@type":"ListItem","position":2,"name":"Zakr\u0119cona i zmys\u0142owa, czyli co potrafi\u0105 termoloki"}]},{"@type":"WebSite","@id":"https:\/\/estyl.pl\/blog\/#website","url":"https:\/\/estyl.pl\/blog\/","name":"Blog | Estyl.pl","description":"Kosmetyki do w\u0142os\u00f3w, porady, piel\u0119gnacja, stylizacja","potentialAction":[{"@type":"SearchAction","target":{"@type":"EntryPoint","urlTemplate":"https:\/\/estyl.pl\/blog\/?s={search_term_string}"},"query-input":"required name=search_term_string"}],"inLanguage":"pl-PL"},{"@type":"Person","@id":"https:\/\/estyl.pl\/blog\/#\/schema\/person\/22fff2064045ce23be580e18ca255220","name":"admin","url":"https:\/\/estyl.pl\/blog\/author\/admin\/"}]}},"_links":{"self":[{"href":"https:\/\/estyl.pl\/blog\/wp-json\/wp\/v2\/posts\/14763"}],"collection":[{"href":"https:\/\/estyl.pl\/blog\/wp-json\/wp\/v2\/posts"}],"about":[{"href":"https:\/\/estyl.pl\/blog\/wp-json\/wp\/v2\/types\/post"}],"author":[{"embeddable":true,"href":"https:\/\/estyl.pl\/blog\/wp-json\/wp\/v2\/users\/1"}],"replies":[{"embeddable":true,"href":"https:\/\/estyl.pl\/blog\/wp-json\/wp\/v2\/comments?post=14763"}],"version-history":[{"count":56,"href":"https:\/\/estyl.pl\/blog\/wp-json\/wp\/v2\/posts\/14763\/revisions"}],"predecessor-version":[{"id":30905,"href":"https:\/\/estyl.pl\/blog\/wp-json\/wp\/v2\/posts\/14763\/revisions\/30905"}],"wp:attachment":[{"href":"https:\/\/estyl.pl\/blog\/wp-json\/wp\/v2\/media?parent=14763"}],"wp:term":[{"taxonomy":"category","embeddable":true,"href":"https:\/\/estyl.pl\/blog\/wp-json\/wp\/v2\/categories?post=14763"},{"taxonomy":"post_tag","embeddable":true,"href":"https:\/\/estyl.pl\/blog\/wp-json\/wp\/v2\/tags?post=14763"}],"curies":[{"name":"wp","href":"https:\/\/api.w.org\/{rel}","templated":true}]}}