{"id":14884,"date":"2012-12-05T13:24:34","date_gmt":"2012-12-05T12:24:34","guid":{"rendered":"https:\/\/estyl.pl\/blog\/?p=14884"},"modified":"2015-05-14T11:08:38","modified_gmt":"2015-05-14T09:08:38","slug":"modne-fryzury-na-zime-2013","status":"publish","type":"post","link":"https:\/\/estyl.pl\/blog\/modne-fryzury-na-zime-2013\/","title":{"rendered":"Modne fryzury na zim\u0119 2013"},"content":{"rendered":"<h3>Fryzury na zim\u0119 2013 to powr\u00f3t naturalnych uczesa\u0144 i sprawdzonych trend\u00f3w sprzed kilkunastu lat. W tym sezonie stawiamy raczej na fryzury \u0142atwe do wykonania, kt\u00f3re mo\u017cna osi\u0105gn\u0105\u0107 domowymi i szybkim sposobami. Najwa\u017cniejszym elementem tych fryzur jest dba\u0142o\u015b\u0107 o kondycj\u0119 w\u0142os\u00f3w oraz wywa\u017cona stylizacja fryzury.\u00a0 Dzi\u015b o romantycznych\u00a0 i kobiecych rodzajach uczesa\u0144, kt\u00f3re nosi\u0107 b\u0119dziemy w okresie jesienno-zimowym 2013.<\/h3>\n<h3><!--more-->Zmys\u0142owe lata 60-te<\/h3>\n<p>Zim\u0105 zaobserwujemy <strong>comeback mega kobiecych fryzur z lat sze\u015b\u0107dziesi\u0105tych<\/strong>, fryzur <em><strong>retro z lat czterdziestych<\/strong><\/em> oraz mod\u0119 na <strong>obj\u0119to\u015b\u0107 w\u0142os\u00f3w<\/strong>, od nasady, po ko\u0144ce. <strong>Fryzura w stylu Brigitte Bardot<\/strong>, w wersji z opask\u0105, kokiem lub z delikatnym upi\u0119ciem bocznych warstw w\u0142os\u00f3w lub grzywki to niekwestionowany <em><strong>hit jesieni oraz zimy 2013<\/strong><\/em>. R\u00f3wnie atrakcyjnym uczesaniem s\u0105 <strong>fryzury w stylu Rity Hayworth \u2013 kaskada pe\u0142nych obj\u0119to\u015bci, grubych fal<\/strong>. Fryzur\u0119 w rozmiarze XXL tak\u017ce mo\u017cemy zaczesywa\u0107 do ty\u0142u, jednak <em><strong>bez efektu \u017celowania, czy nadmiernego wyg\u0142adzania<\/strong><\/em> nasady w\u0142os\u00f3w. <strong>W\u0142osy tu\u017c przy sk\u00f3rze powinny by\u0107<\/strong> natapirowane, ustylizowane wa\u0142kami, termolokami lub przy pomocy wsuwek. <strong>Puszysta fryzura<\/strong> wymaga dobrania odpowiednich kosmetyk\u00f3w, ju\u017c na etapie piel\u0119gnacji w\u0142os\u00f3w.<\/p>\n<div class=\"minpic\"><a title=\"Koczek z lat 60-tych \/ Foto: \u00a9 glamourmagazine.co.u\" href=\"https:\/\/estyl.pl\/blog\/wp-content\/uploads\/2012\/11\/wlosy2013-objetosc1.jpg\" target=\"_blank\" rel=\"lightbox[14884]\"><img decoding=\"async\" loading=\"lazy\" class=\"alignnone wp-image-14955\" title=\"Koczek z lat 60-tych\" src=\"https:\/\/estyl.pl\/blog\/wp-content\/uploads\/2012\/11\/wlosy2013-objetosc1-150x150.jpg\" alt=\"fryzury na zim\u0119\" width=\"150\" height=\"150\" \/><\/a><a title=\"Fryzura XXL \/ Foto: \u00a9 bellasugar.com.au\" href=\"https:\/\/estyl.pl\/blog\/wp-content\/uploads\/2012\/11\/wlosy2013-objetosc2.jpg\" target=\"_blank\" rel=\"lightbox[14884]\"><img decoding=\"async\" loading=\"lazy\" class=\"alignnone wp-image-14956 size-thumbnail\" title=\"Fryzura XXL\" src=\"https:\/\/estyl.pl\/blog\/wp-content\/uploads\/2012\/11\/wlosy2013-objetosc2-150x150.jpg\" alt=\"fryzury na zim\u0119\" width=\"150\" height=\"150\" srcset=\"https:\/\/estyl.pl\/blog\/wp-content\/uploads\/2012\/11\/wlosy2013-objetosc2-150x150.jpg 150w, https:\/\/estyl.pl\/blog\/wp-content\/uploads\/2012\/11\/wlosy2013-objetosc2-300x300.jpg 300w, https:\/\/estyl.pl\/blog\/wp-content\/uploads\/2012\/11\/wlosy2013-objetosc2-261x261.jpg 261w, https:\/\/estyl.pl\/blog\/wp-content\/uploads\/2012\/11\/wlosy2013-objetosc2.jpg 480w\" sizes=\"(max-width: 150px) 100vw, 150px\" \/><\/a><a title=\"Fryzura &quot;na bardotk\u0119&quot; \/ Foto: \u00a9 bellasugar.com.au\" href=\"https:\/\/estyl.pl\/blog\/wp-content\/uploads\/2012\/11\/wlosy2013-objetosc3.jpg\" target=\"_blank\" rel=\"lightbox[14884]\"><img decoding=\"async\" loading=\"lazy\" class=\"alignnone wp-image-14957 size-thumbnail\" title=\"Fryzura &quot;na bardotk\u0119&quot;\" src=\"https:\/\/estyl.pl\/blog\/wp-content\/uploads\/2012\/11\/wlosy2013-objetosc3-150x150.jpg\" alt=\"fryzury na zim\u0119\" width=\"150\" height=\"150\" srcset=\"https:\/\/estyl.pl\/blog\/wp-content\/uploads\/2012\/11\/wlosy2013-objetosc3-150x150.jpg 150w, https:\/\/estyl.pl\/blog\/wp-content\/uploads\/2012\/11\/wlosy2013-objetosc3-300x300.jpg 300w, https:\/\/estyl.pl\/blog\/wp-content\/uploads\/2012\/11\/wlosy2013-objetosc3-261x261.jpg 261w, https:\/\/estyl.pl\/blog\/wp-content\/uploads\/2012\/11\/wlosy2013-objetosc3.jpg 480w\" sizes=\"(max-width: 150px) 100vw, 150px\" \/><\/a><a href=\"https:\/\/estyl.pl\/blog\/wp-content\/uploads\/2012\/11\/alterna_bamboo_volume_shampoo.jpg\" target=\"_blank\" rel=\"lightbox[14884]\"><img decoding=\"async\" loading=\"lazy\" class=\"alignnone wp-image-14969 size-thumbnail\" title=\"Alterna Bamboo Volume Shampoo\" src=\"https:\/\/estyl.pl\/blog\/wp-content\/uploads\/2012\/11\/alterna_bamboo_volume_shampoo-150x150.jpg\" alt=\"fryzury na zim\u0119\" width=\"150\" height=\"150\" srcset=\"https:\/\/estyl.pl\/blog\/wp-content\/uploads\/2012\/11\/alterna_bamboo_volume_shampoo-150x150.jpg 150w, https:\/\/estyl.pl\/blog\/wp-content\/uploads\/2012\/11\/alterna_bamboo_volume_shampoo-300x300.jpg 300w, https:\/\/estyl.pl\/blog\/wp-content\/uploads\/2012\/11\/alterna_bamboo_volume_shampoo-261x261.jpg 261w, https:\/\/estyl.pl\/blog\/wp-content\/uploads\/2012\/11\/alterna_bamboo_volume_shampoo.jpg 480w\" sizes=\"(max-width: 150px) 100vw, 150px\" \/><\/a><a href=\"https:\/\/estyl.pl\/blog\/wp-content\/uploads\/2012\/11\/alterna_bamboo_volume_plumping_strand_expand.jpg\" target=\"_blank\" rel=\"lightbox[14884]\"><img decoding=\"async\" loading=\"lazy\" class=\"alignnone wp-image-14971 size-thumbnail\" title=\"Alterna Bamboo Volume Plumping Strand Expand\" src=\"https:\/\/estyl.pl\/blog\/wp-content\/uploads\/2012\/11\/alterna_bamboo_volume_plumping_strand_expand-150x150.jpg\" alt=\"fryzury na zim\u0119\" width=\"150\" height=\"150\" srcset=\"https:\/\/estyl.pl\/blog\/wp-content\/uploads\/2012\/11\/alterna_bamboo_volume_plumping_strand_expand-150x150.jpg 150w, https:\/\/estyl.pl\/blog\/wp-content\/uploads\/2012\/11\/alterna_bamboo_volume_plumping_strand_expand-300x300.jpg 300w, https:\/\/estyl.pl\/blog\/wp-content\/uploads\/2012\/11\/alterna_bamboo_volume_plumping_strand_expand-261x261.jpg 261w, https:\/\/estyl.pl\/blog\/wp-content\/uploads\/2012\/11\/alterna_bamboo_volume_plumping_strand_expand.jpg 480w\" sizes=\"(max-width: 150px) 100vw, 150px\" \/><\/a><a href=\"https:\/\/estyl.pl\/blog\/wp-content\/uploads\/2012\/09\/alterna_bamboo_volume_weightless_whipped_mousse.jpg\" target=\"_blank\" rel=\"lightbox[14884]\"><img decoding=\"async\" loading=\"lazy\" class=\"alignnone wp-image-12632 size-thumbnail\" title=\"Alterna Bamboo Volume Weightless Whipped Mousse\" src=\"https:\/\/estyl.pl\/blog\/wp-content\/uploads\/2012\/09\/alterna_bamboo_volume_weightless_whipped_mousse-150x150.jpg\" alt=\"fryzury na zim\u0119\" width=\"150\" height=\"150\" srcset=\"https:\/\/estyl.pl\/blog\/wp-content\/uploads\/2012\/09\/alterna_bamboo_volume_weightless_whipped_mousse-150x150.jpg 150w, https:\/\/estyl.pl\/blog\/wp-content\/uploads\/2012\/09\/alterna_bamboo_volume_weightless_whipped_mousse-300x300.jpg 300w, https:\/\/estyl.pl\/blog\/wp-content\/uploads\/2012\/09\/alterna_bamboo_volume_weightless_whipped_mousse-261x261.jpg 261w, https:\/\/estyl.pl\/blog\/wp-content\/uploads\/2012\/09\/alterna_bamboo_volume_weightless_whipped_mousse.jpg 480w\" sizes=\"(max-width: 150px) 100vw, 150px\" \/><\/a><\/div>\n<p>Polecamy szampon dodaj\u0105cy w\u0142osom obj\u0119to\u015bci <a href=\"http:\/\/estyl.pl\/alterna-bamboo-abundant-volume-szampon-dodajacy-objetosci-250-ml.html\"><strong>Alterna Bamboo Abundant Volume<\/strong><\/a>, lotion pogrubiaj\u0105cy w\u0142osy cienkie i delikatne <a href=\"http:\/\/estyl.pl\/alterna-bamboo-volume-plumping-strand-expand-lotion-pogrubiajacy-wlosy-100-ml.html\"><strong>Alterna Bamboo Volume Plumping Strand Expand<\/strong><\/a> oraz piank\u0119 dodaj\u0105c\u0105 w\u0142osom cia\u0142a i zapobiegaj\u0105c\u0105 ich elektryzowaniu <a href=\"http:\/\/estyl.pl\/alterna-bamboo-volume-weightless-whipped-mousse-pianka-dodajaca-objetosci-200-ml.html\"><strong>Alterna Bamboo Volume Weightless Whipped Mousse<\/strong><\/a>.<\/p>\n<h3>Upi\u0119cia w\u0142os\u00f3w 2013<\/h3>\n<p>Jesieni\u0105 i zim\u0105 2013 upinamy w\u0142osy kieruj\u0105c si\u0119 swoj\u0105 wygod\u0105\u00a0 oraz kreowanymi trendami. <strong>W\u0142osy upinamy wi\u0119c zar\u00f3wno na g\u0142adko, podpinamy w nie\u0142adzie, czy w rozmiarze XXL<\/strong>. Bardzo popularnym uczesaniem na jesie\u0144-zim\u0119 2013 jest <em><strong>ciasny koczek baletnicy<\/strong><\/em>, upi\u0119ty na linii karku lub wy\u017cej. Modne s\u0105 tak\u017ce romantyczne i lu\u017aniejsze, <em><strong>niskie koki<\/strong><\/em>, a tak\u017ce <em><strong>wysokie koczki<\/strong><\/em> na czubku g\u0142owy, kt\u00f3re kr\u00f3lowa\u0142y te\u017c wiosn\u0105. Bardzo modne s\u0105 <em><strong>upi\u0119cia z rozpuszczonych, falowanych w\u0142os\u00f3w<\/strong> <\/em>z podpi\u0119tymi i skr\u0119conymi pasmami bocznymi lub grzywk\u0105. <strong>Ten rodzaj fryzury, w r\u00f3\u017cnych jej odmianach, b\u0119dzie kr\u00f3lowa\u0142 jesieni\u0105 i zim\u0105 2013<\/strong>. Powracaj\u0105 zn\u00f3w <em><strong>elementy plecionek oraz ko\u0144skie, g\u0142adkie kuce<\/strong><\/em>. Pe\u0142ne uczesania i <em><strong>fryzury w stylu lat 60-tych<\/strong><\/em> to kolejna odmiana trend\u00f3w zimowych.<strong> W\u0142osy ozdabiamy du\u017cymi spinkami<\/strong>, kt\u00f3re same w sobie stanowi\u0105 zauwa\u017caln\u0105 ozdob\u0119.<\/p>\n<div class=\"minpic\"><a title=\"Koczek baletnicy \/ Foto: \u00a9 glamourmagazine.co.uk\" href=\"https:\/\/estyl.pl\/blog\/wp-content\/uploads\/2012\/11\/wlosy2013-upiecia1.jpg\" target=\"_blank\" rel=\"lightbox[14884]\"><img decoding=\"async\" loading=\"lazy\" class=\"alignnone wp-image-14960\" title=\"Koczek baletnicy\" src=\"https:\/\/estyl.pl\/blog\/wp-content\/uploads\/2012\/11\/wlosy2013-upiecia1-150x150.jpg\" alt=\"fryzury na zim\u0119\" width=\"150\" height=\"150\" \/><\/a><a title=\"Lu\u017ane upi\u0119cie w\u0142os\u00f3w \/ Foto: \u00a9 glamourmagazine.co.uk\" href=\"https:\/\/estyl.pl\/blog\/wp-content\/uploads\/2012\/11\/wlosy2013-upiecia2.jpg\" target=\"_blank\" rel=\"lightbox[14884]\"><img decoding=\"async\" loading=\"lazy\" class=\"alignnone wp-image-14961 size-thumbnail\" title=\"Lu\u017ane upi\u0119cie w\u0142os\u00f3w\" src=\"https:\/\/estyl.pl\/blog\/wp-content\/uploads\/2012\/11\/wlosy2013-upiecia2-150x150.jpg\" alt=\"fryzury na zim\u0119\" width=\"150\" height=\"150\" \/><\/a><a title=\"Upi\u0119te, falowane w\u0142osy \/ Foto: \u00a9 glamourmagazine.co.uk\" href=\"https:\/\/estyl.pl\/blog\/wp-content\/uploads\/2012\/11\/wlosy2013-upiecia3.jpg\" target=\"_blank\" rel=\"lightbox[14884]\"><img decoding=\"async\" loading=\"lazy\" class=\"alignnone wp-image-14962\" title=\"Upi\u0119te, falowane w\u0142osy\" src=\"https:\/\/estyl.pl\/blog\/wp-content\/uploads\/2012\/11\/wlosy2013-upiecia3-150x150.jpg\" alt=\"fryzury na zim\u0119\" width=\"150\" height=\"150\" \/><\/a><a title=\"Najmodniejsza fryzura sezonu 2013 \/ Foto: \u00a9 glamourmagazine.co.uk\" href=\"https:\/\/estyl.pl\/blog\/wp-content\/uploads\/2012\/11\/wlosy2013-upiecia4.jpg\" target=\"_blank\" rel=\"lightbox[14884]\"><img decoding=\"async\" loading=\"lazy\" class=\"alignnone wp-image-14963 size-thumbnail\" title=\"Najmodniejsza fryzura sezonu 2013\" src=\"https:\/\/estyl.pl\/blog\/wp-content\/uploads\/2012\/11\/wlosy2013-upiecia4-150x150.jpg\" alt=\"fryzury na zim\u0119\" width=\"150\" height=\"150\" \/><\/a><a title=\"Upi\u0119cie z plecionk\u0105 \/ Foto: \u00a9 glamourmagazine.co.uk\" href=\"https:\/\/estyl.pl\/blog\/wp-content\/uploads\/2012\/11\/wlosy2013-upiecia5.jpg\" target=\"_blank\" rel=\"lightbox[14884]\"><img decoding=\"async\" loading=\"lazy\" class=\"alignnone wp-image-14965 size-thumbnail\" title=\"Upi\u0119cie z plecionk\u0105\" src=\"https:\/\/estyl.pl\/blog\/wp-content\/uploads\/2012\/11\/wlosy2013-upiecia5-150x150.jpg\" alt=\"fryzury na zim\u0119\" width=\"150\" height=\"150\" \/><\/a><a title=\"Ko\u0144ski kuc \/ Foto: \u00a9 glamourmagazine.co.uk\" href=\"https:\/\/estyl.pl\/blog\/wp-content\/uploads\/2012\/11\/wlosy2013-upiecia6.jpg\" target=\"_blank\" rel=\"lightbox[14884]\"><img decoding=\"async\" loading=\"lazy\" class=\"alignnone wp-image-14966 size-thumbnail\" title=\"Ko\u0144ski ogon\" src=\"https:\/\/estyl.pl\/blog\/wp-content\/uploads\/2012\/11\/wlosy2013-upiecia6-150x150.jpg\" alt=\"fryzury na zim\u0119\" width=\"150\" height=\"150\" \/><\/a><a href=\"https:\/\/estyl.pl\/blog\/wp-content\/uploads\/2012\/11\/macadamia_healing_oil_treatment_10ml.jpg\" target=\"_blank\" rel=\"lightbox[14884]\"><img decoding=\"async\" loading=\"lazy\" class=\"alignnone wp-image-14804 size-thumbnail\" title=\"Macadamia Healing Oil Treatment\" src=\"https:\/\/estyl.pl\/blog\/wp-content\/uploads\/2012\/11\/macadamia_healing_oil_treatment_10ml-150x150.jpg\" alt=\"fryzury na zim\u0119\" width=\"150\" height=\"150\" srcset=\"https:\/\/estyl.pl\/blog\/wp-content\/uploads\/2012\/11\/macadamia_healing_oil_treatment_10ml-150x150.jpg 150w, https:\/\/estyl.pl\/blog\/wp-content\/uploads\/2012\/11\/macadamia_healing_oil_treatment_10ml-300x300.jpg 300w, https:\/\/estyl.pl\/blog\/wp-content\/uploads\/2012\/11\/macadamia_healing_oil_treatment_10ml-261x261.jpg 261w, https:\/\/estyl.pl\/blog\/wp-content\/uploads\/2012\/11\/macadamia_healing_oil_treatment_10ml.jpg 480w\" sizes=\"(max-width: 150px) 100vw, 150px\" \/><\/a><a href=\"https:\/\/estyl.pl\/blog\/wp-content\/uploads\/2012\/10\/jmo_shine-on.jpg\" target=\"_blank\" rel=\"lightbox[14884]\"><img decoding=\"async\" loading=\"lazy\" class=\"alignnone wp-image-14150 size-thumbnail\" title=\"JMO Shine On\" src=\"https:\/\/estyl.pl\/blog\/wp-content\/uploads\/2012\/10\/jmo_shine-on-150x150.jpg\" alt=\"fryzury na zim\u0119\" width=\"150\" height=\"150\" srcset=\"https:\/\/estyl.pl\/blog\/wp-content\/uploads\/2012\/10\/jmo_shine-on-150x150.jpg 150w, https:\/\/estyl.pl\/blog\/wp-content\/uploads\/2012\/10\/jmo_shine-on-300x300.jpg 300w, https:\/\/estyl.pl\/blog\/wp-content\/uploads\/2012\/10\/jmo_shine-on-261x261.jpg 261w, https:\/\/estyl.pl\/blog\/wp-content\/uploads\/2012\/10\/jmo_shine-on.jpg 480w\" sizes=\"(max-width: 150px) 100vw, 150px\" \/><\/a><a href=\"https:\/\/estyl.pl\/blog\/wp-content\/uploads\/2012\/11\/alterna_caviar_full_body_volume_cream.jpg\" target=\"_blank\" rel=\"lightbox[14884]\"><img decoding=\"async\" loading=\"lazy\" class=\"alignnone wp-image-14976 size-thumbnail\" title=\"Alterna Caviar Full Body Volume Cream\" src=\"https:\/\/estyl.pl\/blog\/wp-content\/uploads\/2012\/11\/alterna_caviar_full_body_volume_cream-150x150.jpg\" alt=\"fryzury na zim\u0119\" width=\"150\" height=\"150\" srcset=\"https:\/\/estyl.pl\/blog\/wp-content\/uploads\/2012\/11\/alterna_caviar_full_body_volume_cream-150x150.jpg 150w, https:\/\/estyl.pl\/blog\/wp-content\/uploads\/2012\/11\/alterna_caviar_full_body_volume_cream-300x300.jpg 300w, https:\/\/estyl.pl\/blog\/wp-content\/uploads\/2012\/11\/alterna_caviar_full_body_volume_cream-261x261.jpg 261w, https:\/\/estyl.pl\/blog\/wp-content\/uploads\/2012\/11\/alterna_caviar_full_body_volume_cream.jpg 480w\" sizes=\"(max-width: 150px) 100vw, 150px\" \/><\/a><\/div>\n<p>Do upi\u0119\u0107 <em><strong>ma\u0142ych, ciasnych koczk\u00f3w i g\u0142adkich ko\u0144skich kucyk\u00f3w<\/strong><\/em> polecamy kosmetyki wyg\u0142adzaj\u0105ce, jak naturalny olejek do w\u0142os\u00f3w <a href=\"http:\/\/estyl.pl\/macadamia-healing-oil-treatment-naturalny-olejek-do-wlosow-30ml.html\"><strong>Macadamia Healing Oil Treatment<\/strong><\/a>. W przypadku <em><strong>skr\u0119conych upi\u0119\u0107 sprawdzi si\u0119 \u017cel<\/strong><\/em> do w\u0142os\u00f3w <a href=\"http:\/\/estyl.pl\/john-masters-organics-odzywka-bez-slukiwania-blask-i-miekosc-113g.html\"><strong>John Masters Organics Shine On<\/strong><\/a>, za\u015b do <em><strong>nadania w\u0142osom obj\u0119to\u015bci u nasady<\/strong><\/em> polecamy krem <strong><a title=\"Alterna Caviar - krem nadaj\u0105cy obj\u0119to\u015b\u0107\" href=\"http:\/\/estyl.pl\/alterna-caviar-full-body-volume-krem-nadajacy-objetosc-100ml\" target=\"_blank\">Alterna\u00a0Caviar Full-Body Volume<\/a>.<\/strong><\/p>\n","protected":false},"excerpt":{"rendered":"<p>Fryzury na zim\u0119 2013 to powr\u00f3t naturalnych uczesa\u0144 i sprawdzonych trend\u00f3w sprzed kilkunastu lat. W tym sezonie stawiamy raczej na fryzury \u0142atwe do wykonania, kt\u00f3re mo\u017cna osi\u0105gn\u0105\u0107 domowymi i szybkim sposobami. Najwa\u017cniejszym elementem tych fryzur jest dba\u0142o\u015b\u0107 o kondycj\u0119 w\u0142os\u00f3w oraz wywa\u017cona stylizacja fryzury.\u00a0 Dzi\u015b o romantycznych\u00a0 i kobiecych rodzajach uczesa\u0144, kt\u00f3re nosi\u0107 b\u0119dziemy w [&hellip;]<\/p>\n","protected":false},"author":1,"featured_media":0,"comment_status":"open","ping_status":"closed","sticky":false,"template":"","format":"standard","meta":{"_eb_attr":""},"categories":[5],"tags":[1192,2113,171,2350],"acf":[],"yoast_head":"<!-- This site is optimized with the Yoast SEO plugin v20.8 - https:\/\/yoast.com\/wordpress\/plugins\/seo\/ -->\n<title>Modne fryzury na zim\u0119 2013<\/title>\n<meta name=\"description\" content=\"Romantyczne, kobiece, naturalne - takie s\u0105 fryzury na zim\u0119 2013. Modne s\u0105 lu\u017ane upi\u0119cia i delikatna stylizacja, Przedstawiamy najmodniejsze uczesania.\" \/>\n<meta name=\"robots\" content=\"index, follow, max-snippet:-1, max-image-preview:large, max-video-preview:-1\" \/>\n<link rel=\"canonical\" href=\"https:\/\/estyl.pl\/blog\/modne-fryzury-na-zime-2013\/\" \/>\n<meta property=\"og:locale\" content=\"pl_PL\" \/>\n<meta property=\"og:type\" content=\"article\" \/>\n<meta property=\"og:title\" content=\"Modne fryzury na zim\u0119 2013\" \/>\n<meta property=\"og:description\" content=\"Romantyczne, kobiece, naturalne - takie s\u0105 fryzury na zim\u0119 2013. Modne s\u0105 lu\u017ane upi\u0119cia i delikatna stylizacja, Przedstawiamy najmodniejsze uczesania.\" \/>\n<meta property=\"og:url\" content=\"https:\/\/estyl.pl\/blog\/modne-fryzury-na-zime-2013\/\" \/>\n<meta property=\"og:site_name\" content=\"Blog | Estyl.pl\" \/>\n<meta property=\"article:published_time\" content=\"2012-12-05T12:24:34+00:00\" \/>\n<meta property=\"article:modified_time\" content=\"2015-05-14T09:08:38+00:00\" \/>\n<meta property=\"og:image\" content=\"https:\/\/estyl.pl\/blog\/wp-content\/uploads\/2012\/11\/wlosy2013-objetosc1-150x150.jpg\" \/>\n<meta name=\"author\" content=\"admin\" \/>\n<meta name=\"twitter:label1\" content=\"Napisane przez\" \/>\n\t<meta name=\"twitter:data1\" content=\"admin\" \/>\n\t<meta name=\"twitter:label2\" content=\"Szacowany czas czytania\" \/>\n\t<meta name=\"twitter:data2\" content=\"2 minuty\" \/>\n<script type=\"application\/ld+json\" class=\"yoast-schema-graph\">{\"@context\":\"https:\/\/schema.org\",\"@graph\":[{\"@type\":\"WebPage\",\"@id\":\"https:\/\/estyl.pl\/blog\/modne-fryzury-na-zime-2013\/\",\"url\":\"https:\/\/estyl.pl\/blog\/modne-fryzury-na-zime-2013\/\",\"name\":\"Modne fryzury na zim\u0119 2013\",\"isPartOf\":{\"@id\":\"https:\/\/estyl.pl\/blog\/#website\"},\"datePublished\":\"2012-12-05T12:24:34+00:00\",\"dateModified\":\"2015-05-14T09:08:38+00:00\",\"author\":{\"@id\":\"https:\/\/estyl.pl\/blog\/#\/schema\/person\/22fff2064045ce23be580e18ca255220\"},\"description\":\"Romantyczne, kobiece, naturalne - takie s\u0105 fryzury na zim\u0119 2013. Modne s\u0105 lu\u017ane upi\u0119cia i delikatna stylizacja, Przedstawiamy najmodniejsze uczesania.\",\"breadcrumb\":{\"@id\":\"https:\/\/estyl.pl\/blog\/modne-fryzury-na-zime-2013\/#breadcrumb\"},\"inLanguage\":\"pl-PL\",\"potentialAction\":[{\"@type\":\"ReadAction\",\"target\":[\"https:\/\/estyl.pl\/blog\/modne-fryzury-na-zime-2013\/\"]}]},{\"@type\":\"BreadcrumbList\",\"@id\":\"https:\/\/estyl.pl\/blog\/modne-fryzury-na-zime-2013\/#breadcrumb\",\"itemListElement\":[{\"@type\":\"ListItem\",\"position\":1,\"name\":\"Stylizacja w\u0142os\u00f3w\",\"item\":\"https:\/\/estyl.pl\/blog\/stylizacja-wlosow\/\"},{\"@type\":\"ListItem\",\"position\":2,\"name\":\"Modne fryzury na zim\u0119 2013\"}]},{\"@type\":\"WebSite\",\"@id\":\"https:\/\/estyl.pl\/blog\/#website\",\"url\":\"https:\/\/estyl.pl\/blog\/\",\"name\":\"Blog | Estyl.pl\",\"description\":\"Kosmetyki do w\u0142os\u00f3w, porady, piel\u0119gnacja, stylizacja\",\"potentialAction\":[{\"@type\":\"SearchAction\",\"target\":{\"@type\":\"EntryPoint\",\"urlTemplate\":\"https:\/\/estyl.pl\/blog\/?s={search_term_string}\"},\"query-input\":\"required name=search_term_string\"}],\"inLanguage\":\"pl-PL\"},{\"@type\":\"Person\",\"@id\":\"https:\/\/estyl.pl\/blog\/#\/schema\/person\/22fff2064045ce23be580e18ca255220\",\"name\":\"admin\",\"url\":\"https:\/\/estyl.pl\/blog\/author\/admin\/\"}]}<\/script>\n<!-- \/ Yoast SEO plugin. -->","yoast_head_json":{"title":"Modne fryzury na zim\u0119 2013","description":"Romantyczne, kobiece, naturalne - takie s\u0105 fryzury na zim\u0119 2013. Modne s\u0105 lu\u017ane upi\u0119cia i delikatna stylizacja, Przedstawiamy najmodniejsze uczesania.","robots":{"index":"index","follow":"follow","max-snippet":"max-snippet:-1","max-image-preview":"max-image-preview:large","max-video-preview":"max-video-preview:-1"},"canonical":"https:\/\/estyl.pl\/blog\/modne-fryzury-na-zime-2013\/","og_locale":"pl_PL","og_type":"article","og_title":"Modne fryzury na zim\u0119 2013","og_description":"Romantyczne, kobiece, naturalne - takie s\u0105 fryzury na zim\u0119 2013. Modne s\u0105 lu\u017ane upi\u0119cia i delikatna stylizacja, Przedstawiamy najmodniejsze uczesania.","og_url":"https:\/\/estyl.pl\/blog\/modne-fryzury-na-zime-2013\/","og_site_name":"Blog | Estyl.pl","article_published_time":"2012-12-05T12:24:34+00:00","article_modified_time":"2015-05-14T09:08:38+00:00","og_image":[{"url":"https:\/\/estyl.pl\/blog\/wp-content\/uploads\/2012\/11\/wlosy2013-objetosc1-150x150.jpg"}],"author":"admin","twitter_misc":{"Napisane przez":"admin","Szacowany czas czytania":"2 minuty"},"schema":{"@context":"https:\/\/schema.org","@graph":[{"@type":"WebPage","@id":"https:\/\/estyl.pl\/blog\/modne-fryzury-na-zime-2013\/","url":"https:\/\/estyl.pl\/blog\/modne-fryzury-na-zime-2013\/","name":"Modne fryzury na zim\u0119 2013","isPartOf":{"@id":"https:\/\/estyl.pl\/blog\/#website"},"datePublished":"2012-12-05T12:24:34+00:00","dateModified":"2015-05-14T09:08:38+00:00","author":{"@id":"https:\/\/estyl.pl\/blog\/#\/schema\/person\/22fff2064045ce23be580e18ca255220"},"description":"Romantyczne, kobiece, naturalne - takie s\u0105 fryzury na zim\u0119 2013. Modne s\u0105 lu\u017ane upi\u0119cia i delikatna stylizacja, Przedstawiamy najmodniejsze uczesania.","breadcrumb":{"@id":"https:\/\/estyl.pl\/blog\/modne-fryzury-na-zime-2013\/#breadcrumb"},"inLanguage":"pl-PL","potentialAction":[{"@type":"ReadAction","target":["https:\/\/estyl.pl\/blog\/modne-fryzury-na-zime-2013\/"]}]},{"@type":"BreadcrumbList","@id":"https:\/\/estyl.pl\/blog\/modne-fryzury-na-zime-2013\/#breadcrumb","itemListElement":[{"@type":"ListItem","position":1,"name":"Stylizacja w\u0142os\u00f3w","item":"https:\/\/estyl.pl\/blog\/stylizacja-wlosow\/"},{"@type":"ListItem","position":2,"name":"Modne fryzury na zim\u0119 2013"}]},{"@type":"WebSite","@id":"https:\/\/estyl.pl\/blog\/#website","url":"https:\/\/estyl.pl\/blog\/","name":"Blog | Estyl.pl","description":"Kosmetyki do w\u0142os\u00f3w, porady, piel\u0119gnacja, stylizacja","potentialAction":[{"@type":"SearchAction","target":{"@type":"EntryPoint","urlTemplate":"https:\/\/estyl.pl\/blog\/?s={search_term_string}"},"query-input":"required name=search_term_string"}],"inLanguage":"pl-PL"},{"@type":"Person","@id":"https:\/\/estyl.pl\/blog\/#\/schema\/person\/22fff2064045ce23be580e18ca255220","name":"admin","url":"https:\/\/estyl.pl\/blog\/author\/admin\/"}]}},"_links":{"self":[{"href":"https:\/\/estyl.pl\/blog\/wp-json\/wp\/v2\/posts\/14884"}],"collection":[{"href":"https:\/\/estyl.pl\/blog\/wp-json\/wp\/v2\/posts"}],"about":[{"href":"https:\/\/estyl.pl\/blog\/wp-json\/wp\/v2\/types\/post"}],"author":[{"embeddable":true,"href":"https:\/\/estyl.pl\/blog\/wp-json\/wp\/v2\/users\/1"}],"replies":[{"embeddable":true,"href":"https:\/\/estyl.pl\/blog\/wp-json\/wp\/v2\/comments?post=14884"}],"version-history":[{"count":46,"href":"https:\/\/estyl.pl\/blog\/wp-json\/wp\/v2\/posts\/14884\/revisions"}],"predecessor-version":[{"id":27128,"href":"https:\/\/estyl.pl\/blog\/wp-json\/wp\/v2\/posts\/14884\/revisions\/27128"}],"wp:attachment":[{"href":"https:\/\/estyl.pl\/blog\/wp-json\/wp\/v2\/media?parent=14884"}],"wp:term":[{"taxonomy":"category","embeddable":true,"href":"https:\/\/estyl.pl\/blog\/wp-json\/wp\/v2\/categories?post=14884"},{"taxonomy":"post_tag","embeddable":true,"href":"https:\/\/estyl.pl\/blog\/wp-json\/wp\/v2\/tags?post=14884"}],"curies":[{"name":"wp","href":"https:\/\/api.w.org\/{rel}","templated":true}]}}