{"id":15474,"date":"2012-12-12T13:26:30","date_gmt":"2012-12-12T12:26:30","guid":{"rendered":"https:\/\/estyl.pl\/blog\/?p=15474"},"modified":"2019-06-10T13:36:18","modified_gmt":"2019-06-10T11:36:18","slug":"problem-z-glowy-czyli-mycie-wlosow-kontra-mity","status":"publish","type":"post","link":"https:\/\/estyl.pl\/blog\/problem-z-glowy-czyli-mycie-wlosow-kontra-mity\/","title":{"rendered":"Problem z g\u0142owy, czyli mycie w\u0142os\u00f3w kontra mity"},"content":{"rendered":"<h3>Mycie w\u0142os\u00f3w i ich od\u017cywianie przy pomocy odpowiednio dobranych kosmetyk\u00f3w to podstawa regularnego dbania o zdrowie czupryny.\u00a0Pierwszy etap piel\u0119gnacji to dobranie szamponu do rodzaju sk\u00f3ry g\u0142owy i w\u0142os\u00f3w. Jak pogodzi\u0107 te dwie rzeczy, dopieszczaj\u0105c zar\u00f3wno kapry\u015bny skalp, jak i trudn\u0105 w utrzymaniu fryzur\u0119? Dzi\u015b pod lup\u0105 wszelkie zabiegi piel\u0119gnacyjne dotycz\u0105ce mycia r\u00f3\u017cnego rodzaju w\u0142os\u00f3w. Sprawd\u017a, co s\u0142u\u017cy ich zdrowiu i urodzie, a co sprawia, \u017ce wygl\u0105daj\u0105 bez \u017cycia.<\/h3>\n<h3><!--more--><\/h3>\n<h3><a href=\"https:\/\/estyl.pl\/blog\/wp-content\/uploads\/2012\/12\/mycie_wlosow_mity1.jpg\" target=\"_blank\" rel=\"lightbox[15474]\"><img decoding=\"async\" loading=\"lazy\" class=\"aligncenter wp-image-26925 size-full\" title=\"mycie w\u0142os\u00f3w\" src=\"https:\/\/estyl.pl\/blog\/wp-content\/uploads\/2012\/12\/mycie_wlosow_mity1.jpg\" alt=\"mycie w\u0142os\u00f3w\" width=\"575\" height=\"342\" srcset=\"https:\/\/estyl.pl\/blog\/wp-content\/uploads\/2012\/12\/mycie_wlosow_mity1.jpg 575w, https:\/\/estyl.pl\/blog\/wp-content\/uploads\/2012\/12\/mycie_wlosow_mity1-300x178.jpg 300w, https:\/\/estyl.pl\/blog\/wp-content\/uploads\/2012\/12\/mycie_wlosow_mity1-261x155.jpg 261w\" sizes=\"(max-width: 575px) 100vw, 575px\" \/><\/a><\/h3>\n<p style=\"text-align: center;\">fot.\u00a0\u00a9 photl.com<\/p>\n<h3>Mycie a elektryzowanie w\u0142os\u00f3w<\/h3>\n<p><a href=\"https:\/\/estyl.pl\/blog\/wp-content\/uploads\/2011\/11\/fudge_dry_shampoo.jpg\" target=\"_blank\" rel=\"lightbox[15474]\"><img decoding=\"async\" loading=\"lazy\" class=\"alignleft wp-image-4547\" title=\"Suchy szampon Fudge Dry Shampoo\" src=\"https:\/\/estyl.pl\/blog\/wp-content\/uploads\/2011\/11\/fudge_dry_shampoo-150x150.jpg\" alt=\"mycie w\u0142os\u00f3w\" width=\"150\" height=\"150\" srcset=\"https:\/\/estyl.pl\/blog\/wp-content\/uploads\/2011\/11\/fudge_dry_shampoo-150x150.jpg 150w, https:\/\/estyl.pl\/blog\/wp-content\/uploads\/2011\/11\/fudge_dry_shampoo-300x300.jpg 300w, https:\/\/estyl.pl\/blog\/wp-content\/uploads\/2011\/11\/fudge_dry_shampoo-261x261.jpg 261w, https:\/\/estyl.pl\/blog\/wp-content\/uploads\/2011\/11\/fudge_dry_shampoo.jpg 480w\" sizes=\"(max-width: 150px) 100vw, 150px\" \/><\/a>Wiele z nas <strong>jesieni\u0105 i zim\u0105 cierpi na nadmierne elektryzowanie w\u0142os\u00f3w<\/strong>. Niestety codzienne ich mycie mo\u017ce sprzyja\u0107 temu zjawisku. Czemu tak dzieje? Ot\u00f3\u017c w\u0142osy umyte, to w\u0142osy bardzo sypkie i \u015bwie\u017ce, dlatego bardziej podlegaj\u0105 zjawiskom puszenia. <strong>Najlepsz\u0105 rad\u0105 jest zr\u00f3wnowa\u017cenie ilo\u015bci naturalnych olejk\u00f3w wyst\u0119puj\u0105cych na w\u0142osach i\u00a0 sk\u00f3rze g\u0142owy<\/strong>. Przy du\u017cym problemie elektryzowania w\u0142os\u00f3w warto spr\u00f3bowa\u0107 wyd\u0142u\u017cy\u0107 czas mi\u0119dzy jednym myciem g\u0142owy, a drugim, robi\u0105c to co drugi dzie\u0144. W tym celu <em><strong>u\u017cywamy szampon\u00f3w suchych jedynie u nasady w\u0142os\u00f3w<\/strong><\/em>. Je\u015bli musisz myc g\u0142ow\u0119 codziennie, zainwestuj w dobrej jako\u015bci <strong>kosmetyki nawil\u017caj\u0105ce i nat\u0142uszczaj\u0105ce w\u0142osy, kt\u00f3re eliminuj\u0105 efekt puchu, lekko doci\u0105\u017caj\u0105c suche kosmyki<\/strong> i pasma w\u0142os\u00f3w. Warto mie\u0107 pod r\u0119k\u0105 krem do w\u0142os\u00f3w, olejek lub serum, spray antystatyczny, czy od\u017cywk\u0119 bez sp\u0142ukiwania. Z pewno\u015bci\u0105 ka\u017cda z nas znajdzie co\u015b do swego rodzaju w\u0142os\u00f3w. <strong>Pami\u0119taj<\/strong>, by przy problemie nadmiernego elektryzowania, rzadziej my\u0107 w\u0142osy lub u\u017cywa\u0107 kosmetyk\u00f3w doci\u0105\u017caj\u0105cych faktur\u0119 pusz\u0105cych si\u0119 w\u0142os\u00f3w.<\/p>\n<div class=\"minpic\"><a href=\"https:\/\/estyl.pl\/blog\/wp-content\/uploads\/2012\/03\/kerastase_nectar_thermique.jpg\" target=\"_blank\" rel=\"lightbox[15474]\"><img decoding=\"async\" loading=\"lazy\" class=\"alignnone wp-image-8042 size-thumbnail\" title=\"Nektar K\u00e9rastase Thermique\" src=\"https:\/\/estyl.pl\/blog\/wp-content\/uploads\/2012\/03\/kerastase_nectar_thermique-150x150.jpg\" alt=\"mycie w\u0142os\u00f3w\" width=\"150\" height=\"150\" srcset=\"https:\/\/estyl.pl\/blog\/wp-content\/uploads\/2012\/03\/kerastase_nectar_thermique-150x150.jpg 150w, https:\/\/estyl.pl\/blog\/wp-content\/uploads\/2012\/03\/kerastase_nectar_thermique-300x300.jpg 300w, https:\/\/estyl.pl\/blog\/wp-content\/uploads\/2012\/03\/kerastase_nectar_thermique-261x261.jpg 261w, https:\/\/estyl.pl\/blog\/wp-content\/uploads\/2012\/03\/kerastase_nectar_thermique.jpg 480w\" sizes=\"(max-width: 150px) 100vw, 150px\" \/><\/a><a href=\"https:\/\/estyl.pl\/blog\/wp-content\/uploads\/2012\/09\/alterna_caviar_photo_age_defense.jpg\" target=\"_blank\" rel=\"lightbox[15474]\"><img decoding=\"async\" loading=\"lazy\" class=\"alignnone wp-image-12837 size-thumbnail\" title=\"Emulsja Alterna Caviar Photo Age Defense\" src=\"https:\/\/estyl.pl\/blog\/wp-content\/uploads\/2012\/09\/alterna_caviar_photo_age_defense-150x150.jpg\" alt=\"mycie w\u0142os\u00f3w\" width=\"150\" height=\"150\" srcset=\"https:\/\/estyl.pl\/blog\/wp-content\/uploads\/2012\/09\/alterna_caviar_photo_age_defense-150x150.jpg 150w, https:\/\/estyl.pl\/blog\/wp-content\/uploads\/2012\/09\/alterna_caviar_photo_age_defense-300x300.jpg 300w, https:\/\/estyl.pl\/blog\/wp-content\/uploads\/2012\/09\/alterna_caviar_photo_age_defense-261x261.jpg 261w, https:\/\/estyl.pl\/blog\/wp-content\/uploads\/2012\/09\/alterna_caviar_photo_age_defense.jpg 480w\" sizes=\"(max-width: 150px) 100vw, 150px\" \/><\/a><\/div>\n<p><strong>Polecamy<\/strong> <a href=\"http:\/\/estyl.pl\/kerastase-nectar-thermique-nektar-termiczny-150-ml.html\"><strong>nektar termiczny K\u00e9rastase<\/strong><\/a>, kt\u00f3ry ujarzmia nawet najbardziej suche w\u0142osy, suchy szampon <strong><a title=\"szampon suchy L'Oreal\" href=\"http:\/\/estyl.pl\/l-oreal-tecni-art-fresh-dust-dry-suchy-szampon-150ml\" target=\"_blank\">L&#8217;Oreal\u00a0Tecni.art Fresh Dust Dry<\/a><\/strong>, kt\u00f3ry od\u015bwie\u017ca w\u0142osy z syndromem drugiego dnia oraz emulsj\u0119 bez sp\u0142ukiwania <a href=\"http:\/\/estyl.pl\/alterna-seasilk-caviar-photo-age-defense-leave-in-emulsja-regenerujaco-ochronna-do-wlosow-60-ml.html\"><strong>Alterna SeaSilk Caviar Photo-Age Defense<\/strong><\/a>.<\/p>\n<h3>Mycie w\u0142os\u00f3w przet\u0142uszczaj\u0105cych si\u0119<\/h3>\n<p><a href=\"https:\/\/estyl.pl\/blog\/wp-content\/uploads\/2012\/12\/Kerastase_Bain_Clarifant.jpg\" target=\"_blank\" rel=\"lightbox[15474]\"><img decoding=\"async\" loading=\"lazy\" class=\"alignleft wp-image-15508 size-thumbnail\" title=\"K\u0105piel K\u00e9rastase Bain Clarifant\" src=\"https:\/\/estyl.pl\/blog\/wp-content\/uploads\/2012\/12\/Kerastase_Bain_Clarifant-150x150.jpg\" alt=\"mycie w\u0142os\u00f3w\" width=\"150\" height=\"150\" srcset=\"https:\/\/estyl.pl\/blog\/wp-content\/uploads\/2012\/12\/Kerastase_Bain_Clarifant-150x150.jpg 150w, https:\/\/estyl.pl\/blog\/wp-content\/uploads\/2012\/12\/Kerastase_Bain_Clarifant-300x300.jpg 300w, https:\/\/estyl.pl\/blog\/wp-content\/uploads\/2012\/12\/Kerastase_Bain_Clarifant-261x261.jpg 261w, https:\/\/estyl.pl\/blog\/wp-content\/uploads\/2012\/12\/Kerastase_Bain_Clarifant.jpg 480w\" sizes=\"(max-width: 150px) 100vw, 150px\" \/><\/a>Cz\u0119sto funkcjonuje mit na temat szkodliwej cz\u0119stotliwo\u015bci mycia w\u0142os\u00f3w przet\u0142uszczaj\u0105cych si\u0119. <strong>Owszem zbyt cz\u0119ste mycie, zbyt silnymi \u015brodkami najpierw obsusza sztucznie sk\u00f3r\u0119 g\u0142owy, a potem wzmaga produkcj\u0119 sebum<\/strong>. Nie zmienia to jednak faktu, \u017ce w\u0142osy t\u0142uste nale\u017cy my\u0107 cz\u0119\u015bciej, ni\u017c inne, koncentruj\u0105c si\u0119 na doborze w\u0142a\u015bciwego \u015brodka myj\u0105cego. Osobom myj\u0105cym w\u0142osy codziennie polecam <em><strong>\u0142agodne szampony do wra\u017cliwej sk\u00f3ry g\u0142owy, mycie w\u0142os\u00f3w metod\u0105 OMO lub rozcie\u0144czanie szamponu z SLES na r\u0119ku lub w kubeczku<\/strong><\/em>. U\u017cywanie ka\u017cdego dnia silnego szamponu do w\u0142os\u00f3w przet\u0142uszczaj\u0105cych si\u0119 mo\u017ce podra\u017cnia\u0107 sk\u00f3r\u0119 i sprawdzi si\u0119 raczej w wypadku oczyszczania w\u0142os\u00f3w raz na dwa, trzy dni. <strong>Szampon do w\u0142os\u00f3w przet\u0142uszczaj\u0105cych si\u0119<\/strong> u\u017cywany w takich odst\u0119pach czasu, zagwarantuje nam d\u0142u\u017csz\u0105 \u015bwie\u017co\u015b\u0107 czupryny &#8211; w przypadku jego nadu\u017cywania, mo\u017cemy osi\u0105gn\u0105\u0107 efekt odwrotny. <strong>Pami\u0119taj:<\/strong> w przypadku w\u0142os\u00f3w t\u0142ustych u\u017cywaj silnych detergent\u00f3w myj\u0105cych raz na dwa dni, na co dzie\u0144 wybierz \u0142agodny szampon do w\u0142os\u00f3w.<\/p>\n<div class=\"minpic\"><a href=\"https:\/\/estyl.pl\/blog\/wp-content\/uploads\/2012\/12\/Goldwell_Dualsenses_Scalp_Regulation.jpg\" target=\"_blank\" rel=\"lightbox[15474]\"><img decoding=\"async\" loading=\"lazy\" class=\"alignnone wp-image-15509\" title=\"Goldwell Dualsenses Scalp Regulation szampon\" src=\"https:\/\/estyl.pl\/blog\/wp-content\/uploads\/2012\/12\/Goldwell_Dualsenses_Scalp_Regulation-150x150.jpg\" alt=\"mycie w\u0142os\u00f3w\" width=\"150\" height=\"150\" srcset=\"https:\/\/estyl.pl\/blog\/wp-content\/uploads\/2012\/12\/Goldwell_Dualsenses_Scalp_Regulation-150x150.jpg 150w, https:\/\/estyl.pl\/blog\/wp-content\/uploads\/2012\/12\/Goldwell_Dualsenses_Scalp_Regulation-300x300.jpg 300w, https:\/\/estyl.pl\/blog\/wp-content\/uploads\/2012\/12\/Goldwell_Dualsenses_Scalp_Regulation-261x261.jpg 261w, https:\/\/estyl.pl\/blog\/wp-content\/uploads\/2012\/12\/Goldwell_Dualsenses_Scalp_Regulation.jpg 480w\" sizes=\"(max-width: 150px) 100vw, 150px\" \/><\/a><a href=\"https:\/\/estyl.pl\/blog\/wp-content\/uploads\/2012\/12\/Goldwell_Dualsenes_Scalp_Specialist_Sensitive.jpg\" target=\"_blank\" rel=\"lightbox[15474]\"><img decoding=\"async\" loading=\"lazy\" class=\"alignnone wp-image-15510 size-thumbnail\" title=\"Szampon \u0142agodz\u0105cy Goldwell Dualsenes Scalp Specialist Sensitive\" src=\"https:\/\/estyl.pl\/blog\/wp-content\/uploads\/2012\/12\/Goldwell_Dualsenes_Scalp_Specialist_Sensitive-150x150.jpg\" alt=\"mycie w\u0142os\u00f3w\" width=\"150\" height=\"150\" srcset=\"https:\/\/estyl.pl\/blog\/wp-content\/uploads\/2012\/12\/Goldwell_Dualsenes_Scalp_Specialist_Sensitive-150x150.jpg 150w, https:\/\/estyl.pl\/blog\/wp-content\/uploads\/2012\/12\/Goldwell_Dualsenes_Scalp_Specialist_Sensitive-300x300.jpg 300w, https:\/\/estyl.pl\/blog\/wp-content\/uploads\/2012\/12\/Goldwell_Dualsenes_Scalp_Specialist_Sensitive-261x261.jpg 261w, https:\/\/estyl.pl\/blog\/wp-content\/uploads\/2012\/12\/Goldwell_Dualsenes_Scalp_Specialist_Sensitive.jpg 480w\" sizes=\"(max-width: 150px) 100vw, 150px\" \/><\/a><\/div>\n<p><strong>Polecamy<\/strong> k\u0105piel do w\u0142os\u00f3w t\u0142ustych i przet\u0142uszczaj\u0105cych si\u0119 <a title=\"JMO Mi\u0119ta i Wi\u0105z\u00f3wka B\u0142otna\" href=\"http:\/\/estyl.pl\/john-masters-organics-mieta-wiazowka-blotna-szampon-do-wlosow-tlustych-236ml\" target=\"_blank\"><strong>John Masters Organics\u00a0<\/strong><b>Mi\u0119ta i Wi\u0105z\u00f3wka B\u0142otna<\/b><\/a>\u00a0i\u00a0szampon g\u0142\u0119boko oczyszczaj\u0105cy <a title=\"Joico K-Pak Clarifying\" href=\"http:\/\/estyl.pl\/joico-k-pak-clarifying-szampon-gleboko-oczyszczajacy-300ml\" target=\"_blank\">Joico K-Pak Clarifying<\/a>.<\/p>\n","protected":false},"excerpt":{"rendered":"<p>Mycie w\u0142os\u00f3w i ich od\u017cywianie przy pomocy odpowiednio dobranych kosmetyk\u00f3w to podstawa regularnego dbania o zdrowie czupryny.\u00a0Pierwszy etap piel\u0119gnacji to dobranie szamponu do rodzaju sk\u00f3ry g\u0142owy i w\u0142os\u00f3w. Jak pogodzi\u0107 te dwie rzeczy, dopieszczaj\u0105c zar\u00f3wno kapry\u015bny skalp, jak i trudn\u0105 w utrzymaniu fryzur\u0119? Dzi\u015b pod lup\u0105 wszelkie zabiegi piel\u0119gnacyjne dotycz\u0105ce mycia r\u00f3\u017cnego rodzaju w\u0142os\u00f3w. Sprawd\u017a, [&hellip;]<\/p>\n","protected":false},"author":23,"featured_media":27020,"comment_status":"open","ping_status":"closed","sticky":false,"template":"","format":"standard","meta":{"_eb_attr":""},"categories":[4],"tags":[36,600,343,1251],"acf":[],"yoast_head":"<!-- This site is optimized with the Yoast SEO plugin v20.8 - https:\/\/yoast.com\/wordpress\/plugins\/seo\/ -->\n<title>Mycie w\u0142os\u00f3w przet\u0142uszczaj\u0105cych si\u0119 i elektryzuj\u0105cych - porady<\/title>\n<meta name=\"description\" content=\"Jak my\u0107 w\u0142osy, aby nie przet\u0142uszcza\u0142y si\u0119 i nie elektryzowa\u0142y? Co to jest metoda OMO? Mycie w\u0142os\u00f3w - fakty i mity. Przeczytaj nasze porady.\" \/>\n<meta name=\"robots\" content=\"index, follow, max-snippet:-1, max-image-preview:large, max-video-preview:-1\" \/>\n<link rel=\"canonical\" href=\"https:\/\/estyl.pl\/blog\/problem-z-glowy-czyli-mycie-wlosow-kontra-mity\/\" \/>\n<meta property=\"og:locale\" content=\"pl_PL\" \/>\n<meta property=\"og:type\" content=\"article\" \/>\n<meta property=\"og:title\" content=\"Mycie w\u0142os\u00f3w przet\u0142uszczaj\u0105cych si\u0119 i elektryzuj\u0105cych - porady\" \/>\n<meta property=\"og:description\" content=\"Jak my\u0107 w\u0142osy, aby nie przet\u0142uszcza\u0142y si\u0119 i nie elektryzowa\u0142y? Co to jest metoda OMO? Mycie w\u0142os\u00f3w - fakty i mity. Przeczytaj nasze porady.\" \/>\n<meta property=\"og:url\" content=\"https:\/\/estyl.pl\/blog\/problem-z-glowy-czyli-mycie-wlosow-kontra-mity\/\" \/>\n<meta property=\"og:site_name\" content=\"Blog | Estyl.pl\" \/>\n<meta property=\"article:author\" content=\"kdrogowskakwasnik\" \/>\n<meta property=\"article:published_time\" content=\"2012-12-12T12:26:30+00:00\" \/>\n<meta property=\"article:modified_time\" content=\"2019-06-10T11:36:18+00:00\" \/>\n<meta property=\"og:image\" content=\"https:\/\/estyl.pl\/blog\/wp-content\/uploads\/2012\/12\/mycie-2.jpg\" \/>\n\t<meta property=\"og:image:width\" content=\"755\" \/>\n\t<meta property=\"og:image:height\" content=\"320\" \/>\n\t<meta property=\"og:image:type\" content=\"image\/jpeg\" \/>\n<meta name=\"author\" content=\"Karolina\" \/>\n<meta name=\"twitter:label1\" content=\"Napisane przez\" \/>\n\t<meta name=\"twitter:data1\" content=\"Karolina\" \/>\n\t<meta name=\"twitter:label2\" content=\"Szacowany czas czytania\" \/>\n\t<meta name=\"twitter:data2\" content=\"3 minuty\" \/>\n<script type=\"application\/ld+json\" class=\"yoast-schema-graph\">{\"@context\":\"https:\/\/schema.org\",\"@graph\":[{\"@type\":\"WebPage\",\"@id\":\"https:\/\/estyl.pl\/blog\/problem-z-glowy-czyli-mycie-wlosow-kontra-mity\/\",\"url\":\"https:\/\/estyl.pl\/blog\/problem-z-glowy-czyli-mycie-wlosow-kontra-mity\/\",\"name\":\"Mycie w\u0142os\u00f3w przet\u0142uszczaj\u0105cych si\u0119 i elektryzuj\u0105cych - porady\",\"isPartOf\":{\"@id\":\"https:\/\/estyl.pl\/blog\/#website\"},\"datePublished\":\"2012-12-12T12:26:30+00:00\",\"dateModified\":\"2019-06-10T11:36:18+00:00\",\"author\":{\"@id\":\"https:\/\/estyl.pl\/blog\/#\/schema\/person\/debe1fb907542b5dc82bccc2029e474f\"},\"description\":\"Jak my\u0107 w\u0142osy, aby nie przet\u0142uszcza\u0142y si\u0119 i nie elektryzowa\u0142y? Co to jest metoda OMO? Mycie w\u0142os\u00f3w - fakty i mity. Przeczytaj nasze porady.\",\"breadcrumb\":{\"@id\":\"https:\/\/estyl.pl\/blog\/problem-z-glowy-czyli-mycie-wlosow-kontra-mity\/#breadcrumb\"},\"inLanguage\":\"pl-PL\",\"potentialAction\":[{\"@type\":\"ReadAction\",\"target\":[\"https:\/\/estyl.pl\/blog\/problem-z-glowy-czyli-mycie-wlosow-kontra-mity\/\"]}]},{\"@type\":\"BreadcrumbList\",\"@id\":\"https:\/\/estyl.pl\/blog\/problem-z-glowy-czyli-mycie-wlosow-kontra-mity\/#breadcrumb\",\"itemListElement\":[{\"@type\":\"ListItem\",\"position\":1,\"name\":\"Piel\u0119gnacja w\u0142os\u00f3w\",\"item\":\"https:\/\/estyl.pl\/blog\/pielegnacja-wlosow\/\"},{\"@type\":\"ListItem\",\"position\":2,\"name\":\"Problem z g\u0142owy, czyli mycie w\u0142os\u00f3w kontra mity\"}]},{\"@type\":\"WebSite\",\"@id\":\"https:\/\/estyl.pl\/blog\/#website\",\"url\":\"https:\/\/estyl.pl\/blog\/\",\"name\":\"Blog | Estyl.pl\",\"description\":\"Kosmetyki do w\u0142os\u00f3w, porady, piel\u0119gnacja, stylizacja\",\"potentialAction\":[{\"@type\":\"SearchAction\",\"target\":{\"@type\":\"EntryPoint\",\"urlTemplate\":\"https:\/\/estyl.pl\/blog\/?s={search_term_string}\"},\"query-input\":\"required name=search_term_string\"}],\"inLanguage\":\"pl-PL\"},{\"@type\":\"Person\",\"@id\":\"https:\/\/estyl.pl\/blog\/#\/schema\/person\/debe1fb907542b5dc82bccc2029e474f\",\"name\":\"Karolina\",\"description\":\"Absolwentka kosmetologii i dietetyki na \u015al\u0105skiej Wy\u017cszej Szkole Medycznej w Katowicach. Ze sklepem Estyl.pl zwi\u0105zana od wielu lat. Wiedz\u0119 na temat produkt\u00f3w zebra\u0142a pracuj\u0105c w sklepie stacjonanym w Katowicach. Aktualnie pracuje jako copywriter, co daje jej du\u017co satysfakcji. Uwielbia testowa\u0107 nowe kosmetyki.\",\"sameAs\":[\"kdrogowskakwasnik\"],\"url\":\"https:\/\/estyl.pl\/blog\/author\/k-mistalsiekiera\/\"}]}<\/script>\n<!-- \/ Yoast SEO plugin. -->","yoast_head_json":{"title":"Mycie w\u0142os\u00f3w przet\u0142uszczaj\u0105cych si\u0119 i elektryzuj\u0105cych - porady","description":"Jak my\u0107 w\u0142osy, aby nie przet\u0142uszcza\u0142y si\u0119 i nie elektryzowa\u0142y? Co to jest metoda OMO? Mycie w\u0142os\u00f3w - fakty i mity. Przeczytaj nasze porady.","robots":{"index":"index","follow":"follow","max-snippet":"max-snippet:-1","max-image-preview":"max-image-preview:large","max-video-preview":"max-video-preview:-1"},"canonical":"https:\/\/estyl.pl\/blog\/problem-z-glowy-czyli-mycie-wlosow-kontra-mity\/","og_locale":"pl_PL","og_type":"article","og_title":"Mycie w\u0142os\u00f3w przet\u0142uszczaj\u0105cych si\u0119 i elektryzuj\u0105cych - porady","og_description":"Jak my\u0107 w\u0142osy, aby nie przet\u0142uszcza\u0142y si\u0119 i nie elektryzowa\u0142y? Co to jest metoda OMO? Mycie w\u0142os\u00f3w - fakty i mity. Przeczytaj nasze porady.","og_url":"https:\/\/estyl.pl\/blog\/problem-z-glowy-czyli-mycie-wlosow-kontra-mity\/","og_site_name":"Blog | Estyl.pl","article_author":"kdrogowskakwasnik","article_published_time":"2012-12-12T12:26:30+00:00","article_modified_time":"2019-06-10T11:36:18+00:00","og_image":[{"width":755,"height":320,"url":"https:\/\/estyl.pl\/blog\/wp-content\/uploads\/2012\/12\/mycie-2.jpg","type":"image\/jpeg"}],"author":"Karolina","twitter_misc":{"Napisane przez":"Karolina","Szacowany czas czytania":"3 minuty"},"schema":{"@context":"https:\/\/schema.org","@graph":[{"@type":"WebPage","@id":"https:\/\/estyl.pl\/blog\/problem-z-glowy-czyli-mycie-wlosow-kontra-mity\/","url":"https:\/\/estyl.pl\/blog\/problem-z-glowy-czyli-mycie-wlosow-kontra-mity\/","name":"Mycie w\u0142os\u00f3w przet\u0142uszczaj\u0105cych si\u0119 i elektryzuj\u0105cych - porady","isPartOf":{"@id":"https:\/\/estyl.pl\/blog\/#website"},"datePublished":"2012-12-12T12:26:30+00:00","dateModified":"2019-06-10T11:36:18+00:00","author":{"@id":"https:\/\/estyl.pl\/blog\/#\/schema\/person\/debe1fb907542b5dc82bccc2029e474f"},"description":"Jak my\u0107 w\u0142osy, aby nie przet\u0142uszcza\u0142y si\u0119 i nie elektryzowa\u0142y? Co to jest metoda OMO? Mycie w\u0142os\u00f3w - fakty i mity. Przeczytaj nasze porady.","breadcrumb":{"@id":"https:\/\/estyl.pl\/blog\/problem-z-glowy-czyli-mycie-wlosow-kontra-mity\/#breadcrumb"},"inLanguage":"pl-PL","potentialAction":[{"@type":"ReadAction","target":["https:\/\/estyl.pl\/blog\/problem-z-glowy-czyli-mycie-wlosow-kontra-mity\/"]}]},{"@type":"BreadcrumbList","@id":"https:\/\/estyl.pl\/blog\/problem-z-glowy-czyli-mycie-wlosow-kontra-mity\/#breadcrumb","itemListElement":[{"@type":"ListItem","position":1,"name":"Piel\u0119gnacja w\u0142os\u00f3w","item":"https:\/\/estyl.pl\/blog\/pielegnacja-wlosow\/"},{"@type":"ListItem","position":2,"name":"Problem z g\u0142owy, czyli mycie w\u0142os\u00f3w kontra mity"}]},{"@type":"WebSite","@id":"https:\/\/estyl.pl\/blog\/#website","url":"https:\/\/estyl.pl\/blog\/","name":"Blog | Estyl.pl","description":"Kosmetyki do w\u0142os\u00f3w, porady, piel\u0119gnacja, stylizacja","potentialAction":[{"@type":"SearchAction","target":{"@type":"EntryPoint","urlTemplate":"https:\/\/estyl.pl\/blog\/?s={search_term_string}"},"query-input":"required name=search_term_string"}],"inLanguage":"pl-PL"},{"@type":"Person","@id":"https:\/\/estyl.pl\/blog\/#\/schema\/person\/debe1fb907542b5dc82bccc2029e474f","name":"Karolina","description":"Absolwentka kosmetologii i dietetyki na \u015al\u0105skiej Wy\u017cszej Szkole Medycznej w Katowicach. Ze sklepem Estyl.pl zwi\u0105zana od wielu lat. Wiedz\u0119 na temat produkt\u00f3w zebra\u0142a pracuj\u0105c w sklepie stacjonanym w Katowicach. Aktualnie pracuje jako copywriter, co daje jej du\u017co satysfakcji. Uwielbia testowa\u0107 nowe kosmetyki.","sameAs":["kdrogowskakwasnik"],"url":"https:\/\/estyl.pl\/blog\/author\/k-mistalsiekiera\/"}]}},"_links":{"self":[{"href":"https:\/\/estyl.pl\/blog\/wp-json\/wp\/v2\/posts\/15474"}],"collection":[{"href":"https:\/\/estyl.pl\/blog\/wp-json\/wp\/v2\/posts"}],"about":[{"href":"https:\/\/estyl.pl\/blog\/wp-json\/wp\/v2\/types\/post"}],"author":[{"embeddable":true,"href":"https:\/\/estyl.pl\/blog\/wp-json\/wp\/v2\/users\/23"}],"replies":[{"embeddable":true,"href":"https:\/\/estyl.pl\/blog\/wp-json\/wp\/v2\/comments?post=15474"}],"version-history":[{"count":42,"href":"https:\/\/estyl.pl\/blog\/wp-json\/wp\/v2\/posts\/15474\/revisions"}],"predecessor-version":[{"id":26928,"href":"https:\/\/estyl.pl\/blog\/wp-json\/wp\/v2\/posts\/15474\/revisions\/26928"}],"wp:featuredmedia":[{"embeddable":true,"href":"https:\/\/estyl.pl\/blog\/wp-json\/wp\/v2\/media\/27020"}],"wp:attachment":[{"href":"https:\/\/estyl.pl\/blog\/wp-json\/wp\/v2\/media?parent=15474"}],"wp:term":[{"taxonomy":"category","embeddable":true,"href":"https:\/\/estyl.pl\/blog\/wp-json\/wp\/v2\/categories?post=15474"},{"taxonomy":"post_tag","embeddable":true,"href":"https:\/\/estyl.pl\/blog\/wp-json\/wp\/v2\/tags?post=15474"}],"curies":[{"name":"wp","href":"https:\/\/api.w.org\/{rel}","templated":true}]}}