{"id":16178,"date":"2013-01-30T13:33:52","date_gmt":"2013-01-30T12:33:52","guid":{"rendered":"https:\/\/estyl.pl\/blog\/?p=16178"},"modified":"2019-10-25T13:05:23","modified_gmt":"2019-10-25T11:05:23","slug":"odzywka-bez-splukiwania-a-wlosy-problematyczne","status":"publish","type":"post","link":"https:\/\/estyl.pl\/blog\/odzywka-bez-splukiwania-a-wlosy-problematyczne\/","title":{"rendered":"Od\u017cywki bez sp\u0142ukiwania a w\u0142osy problematyczne"},"content":{"rendered":"<h3>Od\u017cywki bez sp\u0142ukiwania cz\u0119sto traktuje si\u0119 z przymru\u017ceniem oka, jako zb\u0119dny i niepotrzebny\u00a0 gad\u017cet kosmetyczny. Wielu z nas zapomina o tym, \u017ce w\u0142osy problematyczne wymagaj\u0105 dopieszczenia i wi\u0119kszej porcji uwagi. Od\u017cywki bez sp\u0142ukiwania nie tylko nawil\u017caj\u0105, dodaj\u0105 obj\u0119to\u015bci i wyg\u0142adzaj\u0105 struktur\u0119 w\u0142os\u00f3w, ale pe\u0142ni\u0105 te\u017c do\u015b\u0107 istotn\u0105 funkcj\u0119 ochronn\u0105. Dzi\u015b o od\u017cywkach bez sp\u0142ukiwania w piel\u0119gnacji w\u0142os\u00f3w farbowanych i o tym dlaczego warto zainwestowa\u0107 w ten typ od\u017cywki latem i zim\u0105.<\/h3>\n<h3><!--more--><\/h3>\n<h3><a href=\"https:\/\/estyl.pl\/blog\/wp-content\/uploads\/2013\/01\/odzywka_bez_splukiwania1.jpg\" target=\"_blank\" rel=\"lightbox[16178]\"><img decoding=\"async\" loading=\"lazy\" class=\"aligncenter wp-image-26906 size-full\" title=\"od\u017cywki bez sp\u0142ukiwania\" src=\"https:\/\/estyl.pl\/blog\/wp-content\/uploads\/2013\/01\/odzywka_bez_splukiwania1.jpg\" alt=\"od\u017cywki bez sp\u0142ukiwania\" width=\"575\" height=\"342\" srcset=\"https:\/\/estyl.pl\/blog\/wp-content\/uploads\/2013\/01\/odzywka_bez_splukiwania1.jpg 575w, https:\/\/estyl.pl\/blog\/wp-content\/uploads\/2013\/01\/odzywka_bez_splukiwania1-300x178.jpg 300w, https:\/\/estyl.pl\/blog\/wp-content\/uploads\/2013\/01\/odzywka_bez_splukiwania1-261x155.jpg 261w\" sizes=\"(max-width: 575px) 100vw, 575px\" \/><\/a><\/h3>\n<h3><\/h3>\n<p style=\"text-align: center;\">fot. \u00a9 photl.com<\/p>\n<h3>W\u0142osy farbowane<\/h3>\n<p><a href=\"https:\/\/estyl.pl\/blog\/wp-content\/uploads\/2012\/09\/alterna_caviar_photo_age_defense.jpg\" target=\"_blank\" rel=\"lightbox[16178]\"><img decoding=\"async\" loading=\"lazy\" class=\"alignleft wp-image-12837\" title=\"Emulsja bez sp\u0142ukiwania Alterna Caviar Photo Age Defense\" src=\"https:\/\/estyl.pl\/blog\/wp-content\/uploads\/2012\/09\/alterna_caviar_photo_age_defense-150x150.jpg\" alt=\"od\u017cywki bez sp\u0142ukiwania\" width=\"150\" height=\"150\" srcset=\"https:\/\/estyl.pl\/blog\/wp-content\/uploads\/2012\/09\/alterna_caviar_photo_age_defense-150x150.jpg 150w, https:\/\/estyl.pl\/blog\/wp-content\/uploads\/2012\/09\/alterna_caviar_photo_age_defense-300x300.jpg 300w, https:\/\/estyl.pl\/blog\/wp-content\/uploads\/2012\/09\/alterna_caviar_photo_age_defense-261x261.jpg 261w, https:\/\/estyl.pl\/blog\/wp-content\/uploads\/2012\/09\/alterna_caviar_photo_age_defense.jpg 480w\" sizes=\"(max-width: 150px) 100vw, 150px\" \/><\/a><strong>W\u0142osy farbowane, rozja\u015bniane<\/strong> i podawane innym zabiegom niszcz\u0105cym ich struktur\u0119, jak prostowanie, czy u\u017cywanie lok\u00f3wki, s\u0105 bardziej ni\u017c inne nara\u017cone na zniszczenia. <em><strong>\u0141uski takich w\u0142os\u00f3w s\u0105 zwykle nastroszone<\/strong><\/em>, zamiast \u015bci\u015ble przylega\u0107 do siebie niczym p\u0142ytki dach\u00f3wki. Ten typ nier\u00f3wnomiernego roz\u0142o\u017cenia \u0142usek wywo\u0142uje niekorzystny efekt wizualny \u2013 <em><strong>w\u0142osy trac\u0105 blask, s\u0105 kruche i ma\u0142o elastyczne<\/strong><\/em>. Piel\u0119gnacja w\u0142os\u00f3w farbowanych i zniszczonych to nie tylko odpowiednio dobrane szampony, od\u017cywki i maski, ale te\u017c ochrona w\u0142os\u00f3w. <strong>Od\u017cywki bez sp\u0142ukiwania pe\u0142ni\u0105 t\u0105 podw\u00f3jn\u0105, kompleksow\u0105 rol\u0119<\/strong> \u2013 regeneruj\u0105c i powlekaj\u0105c w\u0142osy ochronnym filmem. Ich du\u017c\u0105 zalet\u0105 jest <em><strong>dodanie w\u0142osom farbowanym blasku<\/strong><\/em>. Gdy zale\u017cy Ci na po\u0142ysku w\u0142os\u00f3w, <strong>szukaj w sk\u0142adzie od\u017cywki bez sp\u0142ukiwania takich substancji, jak<\/strong>: olejki (arganowy, z pestek moreli, olej\u00a0 makadamia), keratyna, aloes, pantenol, witamina C, jedwab, wyci\u0105g z bambusa, pigmenty odbijaj\u0105ce \u015bwiat\u0142o (mika). Je\u015bli nie lubisz olejk\u00f3w do w\u0142os\u00f3w, mo\u017cesz je zast\u0105pi\u0107 od\u017cywkami bez sp\u0142ukiwania lub kremami o w\u0142a\u015bciwo\u015bciach piel\u0119gnuj\u0105cych.<\/p>\n<div class=\"minpic\"><a href=\"https:\/\/estyl.pl\/blog\/wp-content\/uploads\/2013\/01\/Kerastase_Chroma_Termique.jpg\" target=\"_blank\" rel=\"lightbox[16178]\"><img decoding=\"async\" loading=\"lazy\" class=\"alignnone wp-image-16206 size-thumbnail\" title=\"Mleczko do w\u0142os\u00f3w K\u00e9rastase Chroma Termique\" src=\"https:\/\/estyl.pl\/blog\/wp-content\/uploads\/2013\/01\/Kerastase_Chroma_Termique-150x150.jpg\" alt=\"od\u017cywki bez sp\u0142ukiwania\" width=\"150\" height=\"150\" srcset=\"https:\/\/estyl.pl\/blog\/wp-content\/uploads\/2013\/01\/Kerastase_Chroma_Termique-150x150.jpg 150w, https:\/\/estyl.pl\/blog\/wp-content\/uploads\/2013\/01\/Kerastase_Chroma_Termique-300x300.jpg 300w, https:\/\/estyl.pl\/blog\/wp-content\/uploads\/2013\/01\/Kerastase_Chroma_Termique-261x261.jpg 261w, https:\/\/estyl.pl\/blog\/wp-content\/uploads\/2013\/01\/Kerastase_Chroma_Termique.jpg 480w\" sizes=\"(max-width: 150px) 100vw, 150px\" \/><\/a><a href=\"https:\/\/estyl.pl\/blog\/wp-content\/uploads\/2013\/01\/wella_professionals_brilliance_leave-in_balm.jpg\" target=\"_blank\" rel=\"lightbox[16178]\"><img decoding=\"async\" loading=\"lazy\" class=\"alignnone wp-image-16209 size-thumbnail\" title=\" Balsam do w\u0142os\u00f3w Wella Professionals Brilliance Leave-in Balm\" src=\"https:\/\/estyl.pl\/blog\/wp-content\/uploads\/2013\/01\/wella_professionals_brilliance_leave-in_balm-150x150.jpg\" alt=\"od\u017cywki bez sp\u0142ukiwania\" width=\"150\" height=\"150\" srcset=\"https:\/\/estyl.pl\/blog\/wp-content\/uploads\/2013\/01\/wella_professionals_brilliance_leave-in_balm-150x150.jpg 150w, https:\/\/estyl.pl\/blog\/wp-content\/uploads\/2013\/01\/wella_professionals_brilliance_leave-in_balm-300x300.jpg 300w, https:\/\/estyl.pl\/blog\/wp-content\/uploads\/2013\/01\/wella_professionals_brilliance_leave-in_balm-261x261.jpg 261w, https:\/\/estyl.pl\/blog\/wp-content\/uploads\/2013\/01\/wella_professionals_brilliance_leave-in_balm.jpg 480w\" sizes=\"(max-width: 150px) 100vw, 150px\" \/><\/a><\/div>\n<p><strong>Polecamy<\/strong> kuracj\u0119 dodaj\u0105c\u0105 w\u0142osom \u015bwiat\u0142a <a href=\"https:\/\/estyl.pl\/fusio-dose-concentre-pixelist-kuracja-rozswietlajaca-do-wlosow-farbowanych-12ml\" target=\"_blank\"><strong>K\u00e9rastase Oleo Fusio<\/strong><\/a>, mleczko termiczne <a title=\"K\u00e9rastase Thermique\" href=\"https:\/\/estyl.pl\/marka\/kerastase\" target=\"_blank\"><strong>K\u00e9rastase Thermique<\/strong><\/a> oraz balsam bez sp\u0142ukiwania do w\u0142os\u00f3w farbowanych <strong><a href=\"https:\/\/estyl.pl\/wella-professionals-brilliance-balsam-bez-splukiwania-do-wlosow-farbowanych\" target=\"_blank\">Wella Professionals Brilliance<\/a><\/strong>.<\/p>\n<h3>Ochrona przed promieniowaniem i mrozem<\/h3>\n<p><a href=\"https:\/\/estyl.pl\/blog\/wp-content\/uploads\/2012\/09\/alterna_caviar_oil_gel_100ml.jpg\" target=\"_blank\" rel=\"lightbox[16178]\"><img decoding=\"async\" loading=\"lazy\" class=\"alignleft wp-image-12625 size-thumbnail\" title=\"Od\u017cywka bez sp\u0142ukiwania w formie \u017celu Alterna Caviar Oil Gel\" src=\"https:\/\/estyl.pl\/blog\/wp-content\/uploads\/2012\/09\/alterna_caviar_oil_gel_100ml-150x150.jpg\" alt=\"od\u017cywki bez sp\u0142ukiwania\" width=\"150\" height=\"150\" srcset=\"https:\/\/estyl.pl\/blog\/wp-content\/uploads\/2012\/09\/alterna_caviar_oil_gel_100ml-150x150.jpg 150w, https:\/\/estyl.pl\/blog\/wp-content\/uploads\/2012\/09\/alterna_caviar_oil_gel_100ml-300x300.jpg 300w, https:\/\/estyl.pl\/blog\/wp-content\/uploads\/2012\/09\/alterna_caviar_oil_gel_100ml-261x261.jpg 261w, https:\/\/estyl.pl\/blog\/wp-content\/uploads\/2012\/09\/alterna_caviar_oil_gel_100ml.jpg 480w\" sizes=\"(max-width: 150px) 100vw, 150px\" \/><\/a><strong>Od\u017cywki bez sp\u0142ukiwania doskonale zdaj\u0105 egzamin podczas s\u0142onecznego lata, jak i mro\u017anej zimy<\/strong>. Dzi\u0119ki nim mo\u017cesz ochroni\u0107 swoje w\u0142osy przed szkodliwymi czynnikami zewn\u0119trznymi (spaliny, smog, kurz) i promieniowaniem UV, kt\u00f3re zim\u0105 jest r\u00f3wnie szkodliwe. Je\u015bli podczas wakacji pozostajesz w mie\u015bcie, nie musisz u\u017cywa\u0107 filtr\u00f3w do w\u0142os\u00f3w.<em><strong> Od\u017cywka bez sp\u0142ukiwania to dodatkowa warstwa izoluj\u0105ca w\u0142osy od szkodliwych promieni UV<\/strong><\/em>. Podczas zimy, gdy promieniowanie jest jeszcze silniejsze (s\u0142o\u0144ce jest ni\u017cej horyzontu), a Ty nie lubisz chowa\u0107 w\u0142os\u00f3w pod czapk\u0105, <em><strong>od\u017cywka spe\u0142nia r\u00f3wnie wa\u017cn\u0105 rol\u0119 ochronn\u0105, dodatkowo izoluj\u0105c w\u0142osy od niskiej temperatury<\/strong><\/em>.\u00a0 Pami\u0119taj, by latem wybiera\u0107 lekkie od\u017cywki bez sp\u0142ukiwania, zim\u0105 obstawiaj\u0105c ciut ci\u0119\u017cszy kaliber (nawet z zawarto\u015bci\u0105 silikon\u00f3w w sk\u0142adzie).<\/p>\n<div class=\"minpic\"><a href=\"https:\/\/estyl.pl\/blog\/wp-content\/uploads\/2013\/01\/Joico_sun_therapy_protective_sun_milk_150.jpg\" target=\"_blank\" rel=\"lightbox[16178]\"><img decoding=\"async\" loading=\"lazy\" class=\"alignnone wp-image-16212 size-thumbnail\" title=\"Mleczko ochronne Joico Sun Therapy Protective Sun Milk\" src=\"https:\/\/estyl.pl\/blog\/wp-content\/uploads\/2013\/01\/Joico_sun_therapy_protective_sun_milk_150-150x150.jpg\" alt=\"od\u017cywki bez sp\u0142ukiwania\" width=\"150\" height=\"150\" srcset=\"https:\/\/estyl.pl\/blog\/wp-content\/uploads\/2013\/01\/Joico_sun_therapy_protective_sun_milk_150-150x150.jpg 150w, https:\/\/estyl.pl\/blog\/wp-content\/uploads\/2013\/01\/Joico_sun_therapy_protective_sun_milk_150-300x300.jpg 300w, https:\/\/estyl.pl\/blog\/wp-content\/uploads\/2013\/01\/Joico_sun_therapy_protective_sun_milk_150-261x261.jpg 261w, https:\/\/estyl.pl\/blog\/wp-content\/uploads\/2013\/01\/Joico_sun_therapy_protective_sun_milk_150.jpg 480w\" sizes=\"(max-width: 150px) 100vw, 150px\" \/><\/a><a href=\"https:\/\/estyl.pl\/blog\/wp-content\/uploads\/2013\/01\/LOreal_Hydra_Repair.jpg\" target=\"_blank\" rel=\"lightbox[16178]\"><img decoding=\"async\" loading=\"lazy\" class=\"alignnone wp-image-16213 size-thumbnail\" title=\"Od\u017cywka w formie spraya L'Oreal Hydra Repair\" src=\"https:\/\/estyl.pl\/blog\/wp-content\/uploads\/2013\/01\/LOreal_Hydra_Repair-150x150.jpg\" alt=\"od\u017cywki bez sp\u0142ukiwania\" width=\"150\" height=\"150\" srcset=\"https:\/\/estyl.pl\/blog\/wp-content\/uploads\/2013\/01\/LOreal_Hydra_Repair-150x150.jpg 150w, https:\/\/estyl.pl\/blog\/wp-content\/uploads\/2013\/01\/LOreal_Hydra_Repair-300x300.jpg 300w, https:\/\/estyl.pl\/blog\/wp-content\/uploads\/2013\/01\/LOreal_Hydra_Repair-261x261.jpg 261w, https:\/\/estyl.pl\/blog\/wp-content\/uploads\/2013\/01\/LOreal_Hydra_Repair.jpg 479w\" sizes=\"(max-width: 150px) 100vw, 150px\" \/><\/a><\/div>\n<p><strong>Polecamy<\/strong> kuracj\u0119 regeneruj\u0105c\u0105 w \u017celu <strong>Alterna SeaSilk Caviar Oil Gel<\/strong> , od\u017cywka w \u017celu po s\u0142o\u0144cu <a href=\"https:\/\/estyl.pl\/paul-mitchell-color-protect-locking-spray-spray-do-wlosow-farbowanych-250ml\" target=\"_blank\">Paul Mitchell<\/a>\u00a0oraz dwufazowy spray nawil\u017caj\u0105cy w\u0142osy <a href=\"https:\/\/estyl.pl\/loreal-intense-repair-hydra-repair-odzywka-nawilzajaca-w-sprayu-150-ml\" target=\"_blank\"><strong>L&#8217;Oreal Intense Repair Hydra Repair<\/strong>.<\/a><\/p>\n<p><strong>Zapami\u0119taj<\/strong>, <em><strong>od\u017cywki bez sp\u0142ukiwania<\/strong><\/em>:<\/p>\n<ul>\n<li>uzupe\u0142niaj\u0105 piel\u0119gnacj\u0119 podstawow\u0105,<\/li>\n<li>sprawdzaj\u0105 si\u0119 w przypadku w\u0142os\u00f3w bardzo cienkich i delikatnych,<\/li>\n<li>s\u0105 idealne dla os\u00f3b zabieganych,<\/li>\n<li>nawil\u017caj\u0105 przesuszone w\u0142osy,<\/li>\n<li>pe\u0142ni\u0105 funkcj\u0119 ochronn\u0105,<\/li>\n<li>dodaj\u0105 w\u0142osom blasku,<\/li>\n<li>zapobiegaj\u0105 puszeniu i utracie wody z \u0142uski w\u0142osa,<\/li>\n<li>dodaj\u0105 w\u0142osom masy i obj\u0119to\u015bci,<\/li>\n<li>definiuj\u0105 loki i fale,<\/li>\n<li>sprawdzaj\u0105 si\u0119 na w\u0142osach dzieci (seria <a href=\"https:\/\/estyl.pl\/marka\/loreal\" target=\"_blank\"><strong>L&#8217;Oreal Nature Tendresse Kids<\/strong><\/a>).<\/li>\n<\/ul>\n","protected":false},"excerpt":{"rendered":"<p>Od\u017cywki bez sp\u0142ukiwania cz\u0119sto traktuje si\u0119 z przymru\u017ceniem oka, jako zb\u0119dny i niepotrzebny\u00a0 gad\u017cet kosmetyczny. Wielu z nas zapomina o tym, \u017ce w\u0142osy problematyczne wymagaj\u0105 dopieszczenia i wi\u0119kszej porcji uwagi. Od\u017cywki bez sp\u0142ukiwania nie tylko nawil\u017caj\u0105, dodaj\u0105 obj\u0119to\u015bci i wyg\u0142adzaj\u0105 struktur\u0119 w\u0142os\u00f3w, ale pe\u0142ni\u0105 te\u017c do\u015b\u0107 istotn\u0105 funkcj\u0119 ochronn\u0105. Dzi\u015b o od\u017cywkach bez sp\u0142ukiwania w [&hellip;]<\/p>\n","protected":false},"author":1,"featured_media":27015,"comment_status":"open","ping_status":"closed","sticky":false,"template":"","format":"standard","meta":{"_eb_attr":""},"categories":[4],"tags":[194,2331,1226],"acf":[],"yoast_head":"<!-- This site is optimized with the Yoast SEO plugin v20.8 - https:\/\/yoast.com\/wordpress\/plugins\/seo\/ -->\n<title>Od\u017cywki bez sp\u0142ukiwania a w\u0142osy problematyczne<\/title>\n<meta name=\"description\" content=\"Od\u017cywki bez sp\u0142ukiwania nawil\u017caj\u0105, dodaj\u0105 obj\u0119to\u015bci i wyg\u0142adzaj\u0105 struktur\u0119 w\u0142os\u00f3w. Jak je stosowa\u0107 przy piel\u0119gnacji w\u0142os\u00f3w farbowanych?\" \/>\n<meta name=\"robots\" content=\"index, follow, max-snippet:-1, max-image-preview:large, max-video-preview:-1\" \/>\n<link rel=\"canonical\" href=\"https:\/\/estyl.pl\/blog\/odzywka-bez-splukiwania-a-wlosy-problematyczne\/\" \/>\n<meta property=\"og:locale\" content=\"pl_PL\" \/>\n<meta property=\"og:type\" content=\"article\" \/>\n<meta property=\"og:title\" content=\"Od\u017cywki bez sp\u0142ukiwania a w\u0142osy problematyczne\" \/>\n<meta property=\"og:description\" content=\"Od\u017cywki bez sp\u0142ukiwania nawil\u017caj\u0105, dodaj\u0105 obj\u0119to\u015bci i wyg\u0142adzaj\u0105 struktur\u0119 w\u0142os\u00f3w. Jak je stosowa\u0107 przy piel\u0119gnacji w\u0142os\u00f3w farbowanych?\" \/>\n<meta property=\"og:url\" content=\"https:\/\/estyl.pl\/blog\/odzywka-bez-splukiwania-a-wlosy-problematyczne\/\" \/>\n<meta property=\"og:site_name\" content=\"Blog | Estyl.pl\" \/>\n<meta property=\"article:published_time\" content=\"2013-01-30T12:33:52+00:00\" \/>\n<meta property=\"article:modified_time\" content=\"2019-10-25T11:05:23+00:00\" \/>\n<meta property=\"og:image\" content=\"https:\/\/estyl.pl\/blog\/wp-content\/uploads\/2013\/01\/odzywki.jpg\" \/>\n\t<meta property=\"og:image:width\" content=\"755\" \/>\n\t<meta property=\"og:image:height\" content=\"320\" \/>\n\t<meta property=\"og:image:type\" content=\"image\/jpeg\" \/>\n<meta name=\"author\" content=\"admin\" \/>\n<meta name=\"twitter:label1\" content=\"Napisane przez\" \/>\n\t<meta name=\"twitter:data1\" content=\"admin\" \/>\n\t<meta name=\"twitter:label2\" content=\"Szacowany czas czytania\" \/>\n\t<meta name=\"twitter:data2\" content=\"3 minuty\" \/>\n<script type=\"application\/ld+json\" class=\"yoast-schema-graph\">{\"@context\":\"https:\/\/schema.org\",\"@graph\":[{\"@type\":\"WebPage\",\"@id\":\"https:\/\/estyl.pl\/blog\/odzywka-bez-splukiwania-a-wlosy-problematyczne\/\",\"url\":\"https:\/\/estyl.pl\/blog\/odzywka-bez-splukiwania-a-wlosy-problematyczne\/\",\"name\":\"Od\u017cywki bez sp\u0142ukiwania a w\u0142osy problematyczne\",\"isPartOf\":{\"@id\":\"https:\/\/estyl.pl\/blog\/#website\"},\"datePublished\":\"2013-01-30T12:33:52+00:00\",\"dateModified\":\"2019-10-25T11:05:23+00:00\",\"author\":{\"@id\":\"https:\/\/estyl.pl\/blog\/#\/schema\/person\/22fff2064045ce23be580e18ca255220\"},\"description\":\"Od\u017cywki bez sp\u0142ukiwania nawil\u017caj\u0105, dodaj\u0105 obj\u0119to\u015bci i wyg\u0142adzaj\u0105 struktur\u0119 w\u0142os\u00f3w. Jak je stosowa\u0107 przy piel\u0119gnacji w\u0142os\u00f3w farbowanych?\",\"breadcrumb\":{\"@id\":\"https:\/\/estyl.pl\/blog\/odzywka-bez-splukiwania-a-wlosy-problematyczne\/#breadcrumb\"},\"inLanguage\":\"pl-PL\",\"potentialAction\":[{\"@type\":\"ReadAction\",\"target\":[\"https:\/\/estyl.pl\/blog\/odzywka-bez-splukiwania-a-wlosy-problematyczne\/\"]}]},{\"@type\":\"BreadcrumbList\",\"@id\":\"https:\/\/estyl.pl\/blog\/odzywka-bez-splukiwania-a-wlosy-problematyczne\/#breadcrumb\",\"itemListElement\":[{\"@type\":\"ListItem\",\"position\":1,\"name\":\"Piel\u0119gnacja w\u0142os\u00f3w\",\"item\":\"https:\/\/estyl.pl\/blog\/pielegnacja-wlosow\/\"},{\"@type\":\"ListItem\",\"position\":2,\"name\":\"Od\u017cywki bez sp\u0142ukiwania a w\u0142osy problematyczne\"}]},{\"@type\":\"WebSite\",\"@id\":\"https:\/\/estyl.pl\/blog\/#website\",\"url\":\"https:\/\/estyl.pl\/blog\/\",\"name\":\"Blog | Estyl.pl\",\"description\":\"Kosmetyki do w\u0142os\u00f3w, porady, piel\u0119gnacja, stylizacja\",\"potentialAction\":[{\"@type\":\"SearchAction\",\"target\":{\"@type\":\"EntryPoint\",\"urlTemplate\":\"https:\/\/estyl.pl\/blog\/?s={search_term_string}\"},\"query-input\":\"required name=search_term_string\"}],\"inLanguage\":\"pl-PL\"},{\"@type\":\"Person\",\"@id\":\"https:\/\/estyl.pl\/blog\/#\/schema\/person\/22fff2064045ce23be580e18ca255220\",\"name\":\"admin\",\"url\":\"https:\/\/estyl.pl\/blog\/author\/admin\/\"}]}<\/script>\n<!-- \/ Yoast SEO plugin. -->","yoast_head_json":{"title":"Od\u017cywki bez sp\u0142ukiwania a w\u0142osy problematyczne","description":"Od\u017cywki bez sp\u0142ukiwania nawil\u017caj\u0105, dodaj\u0105 obj\u0119to\u015bci i wyg\u0142adzaj\u0105 struktur\u0119 w\u0142os\u00f3w. Jak je stosowa\u0107 przy piel\u0119gnacji w\u0142os\u00f3w farbowanych?","robots":{"index":"index","follow":"follow","max-snippet":"max-snippet:-1","max-image-preview":"max-image-preview:large","max-video-preview":"max-video-preview:-1"},"canonical":"https:\/\/estyl.pl\/blog\/odzywka-bez-splukiwania-a-wlosy-problematyczne\/","og_locale":"pl_PL","og_type":"article","og_title":"Od\u017cywki bez sp\u0142ukiwania a w\u0142osy problematyczne","og_description":"Od\u017cywki bez sp\u0142ukiwania nawil\u017caj\u0105, dodaj\u0105 obj\u0119to\u015bci i wyg\u0142adzaj\u0105 struktur\u0119 w\u0142os\u00f3w. Jak je stosowa\u0107 przy piel\u0119gnacji w\u0142os\u00f3w farbowanych?","og_url":"https:\/\/estyl.pl\/blog\/odzywka-bez-splukiwania-a-wlosy-problematyczne\/","og_site_name":"Blog | Estyl.pl","article_published_time":"2013-01-30T12:33:52+00:00","article_modified_time":"2019-10-25T11:05:23+00:00","og_image":[{"width":755,"height":320,"url":"https:\/\/estyl.pl\/blog\/wp-content\/uploads\/2013\/01\/odzywki.jpg","type":"image\/jpeg"}],"author":"admin","twitter_misc":{"Napisane przez":"admin","Szacowany czas czytania":"3 minuty"},"schema":{"@context":"https:\/\/schema.org","@graph":[{"@type":"WebPage","@id":"https:\/\/estyl.pl\/blog\/odzywka-bez-splukiwania-a-wlosy-problematyczne\/","url":"https:\/\/estyl.pl\/blog\/odzywka-bez-splukiwania-a-wlosy-problematyczne\/","name":"Od\u017cywki bez sp\u0142ukiwania a w\u0142osy problematyczne","isPartOf":{"@id":"https:\/\/estyl.pl\/blog\/#website"},"datePublished":"2013-01-30T12:33:52+00:00","dateModified":"2019-10-25T11:05:23+00:00","author":{"@id":"https:\/\/estyl.pl\/blog\/#\/schema\/person\/22fff2064045ce23be580e18ca255220"},"description":"Od\u017cywki bez sp\u0142ukiwania nawil\u017caj\u0105, dodaj\u0105 obj\u0119to\u015bci i wyg\u0142adzaj\u0105 struktur\u0119 w\u0142os\u00f3w. Jak je stosowa\u0107 przy piel\u0119gnacji w\u0142os\u00f3w farbowanych?","breadcrumb":{"@id":"https:\/\/estyl.pl\/blog\/odzywka-bez-splukiwania-a-wlosy-problematyczne\/#breadcrumb"},"inLanguage":"pl-PL","potentialAction":[{"@type":"ReadAction","target":["https:\/\/estyl.pl\/blog\/odzywka-bez-splukiwania-a-wlosy-problematyczne\/"]}]},{"@type":"BreadcrumbList","@id":"https:\/\/estyl.pl\/blog\/odzywka-bez-splukiwania-a-wlosy-problematyczne\/#breadcrumb","itemListElement":[{"@type":"ListItem","position":1,"name":"Piel\u0119gnacja w\u0142os\u00f3w","item":"https:\/\/estyl.pl\/blog\/pielegnacja-wlosow\/"},{"@type":"ListItem","position":2,"name":"Od\u017cywki bez sp\u0142ukiwania a w\u0142osy problematyczne"}]},{"@type":"WebSite","@id":"https:\/\/estyl.pl\/blog\/#website","url":"https:\/\/estyl.pl\/blog\/","name":"Blog | Estyl.pl","description":"Kosmetyki do w\u0142os\u00f3w, porady, piel\u0119gnacja, stylizacja","potentialAction":[{"@type":"SearchAction","target":{"@type":"EntryPoint","urlTemplate":"https:\/\/estyl.pl\/blog\/?s={search_term_string}"},"query-input":"required name=search_term_string"}],"inLanguage":"pl-PL"},{"@type":"Person","@id":"https:\/\/estyl.pl\/blog\/#\/schema\/person\/22fff2064045ce23be580e18ca255220","name":"admin","url":"https:\/\/estyl.pl\/blog\/author\/admin\/"}]}},"_links":{"self":[{"href":"https:\/\/estyl.pl\/blog\/wp-json\/wp\/v2\/posts\/16178"}],"collection":[{"href":"https:\/\/estyl.pl\/blog\/wp-json\/wp\/v2\/posts"}],"about":[{"href":"https:\/\/estyl.pl\/blog\/wp-json\/wp\/v2\/types\/post"}],"author":[{"embeddable":true,"href":"https:\/\/estyl.pl\/blog\/wp-json\/wp\/v2\/users\/1"}],"replies":[{"embeddable":true,"href":"https:\/\/estyl.pl\/blog\/wp-json\/wp\/v2\/comments?post=16178"}],"version-history":[{"count":53,"href":"https:\/\/estyl.pl\/blog\/wp-json\/wp\/v2\/posts\/16178\/revisions"}],"predecessor-version":[{"id":35238,"href":"https:\/\/estyl.pl\/blog\/wp-json\/wp\/v2\/posts\/16178\/revisions\/35238"}],"wp:featuredmedia":[{"embeddable":true,"href":"https:\/\/estyl.pl\/blog\/wp-json\/wp\/v2\/media\/27015"}],"wp:attachment":[{"href":"https:\/\/estyl.pl\/blog\/wp-json\/wp\/v2\/media?parent=16178"}],"wp:term":[{"taxonomy":"category","embeddable":true,"href":"https:\/\/estyl.pl\/blog\/wp-json\/wp\/v2\/categories?post=16178"},{"taxonomy":"post_tag","embeddable":true,"href":"https:\/\/estyl.pl\/blog\/wp-json\/wp\/v2\/tags?post=16178"}],"curies":[{"name":"wp","href":"https:\/\/api.w.org\/{rel}","templated":true}]}}