{"id":16217,"date":"2013-02-13T14:20:17","date_gmt":"2013-02-13T13:20:17","guid":{"rendered":"https:\/\/estyl.pl\/blog\/?p=16217"},"modified":"2016-10-14T11:10:23","modified_gmt":"2016-10-14T09:10:23","slug":"termoloki-i-wlosy-proste","status":"publish","type":"post","link":"https:\/\/estyl.pl\/blog\/termoloki-i-wlosy-proste\/","title":{"rendered":"Wi\u0119ksza obj\u0119to\u015b\u0107 fryzury &#8211; wypr\u00f3buj termoloki!"},"content":{"rendered":"<h3>Ciep\u0142ymi wa\u0142kami mo\u017cna wyczarowa\u0107 wiele modnych i kobiecych fryzur nie naruszaj\u0105c przy tym struktury w\u0142os\u00f3w. To podstawowa zaleta termolok\u00f3w, wyr\u00f3\u017cniaj\u0105ca je w\u015br\u00f3d innych urz\u0105dze\u0144 do stylizacji w\u0142os\u00f3w.\u00a0 Termoloki nie niszcz\u0105 w\u0142os\u00f3w, s\u0105 praktyczne i szybko od\u015bwie\u017c\u0105 ka\u017cd\u0105 fryzur\u0119. Profesjonalne termoloki, jak Babyliss, Remington, czy Revlon maj\u0105 zwykle w swym zestawie wa\u0142ki o r\u00f3\u017cnych grubo\u015bciach. Pozwala to na kreowanie r\u00f3\u017cnego rodzaju fryzur, co jest niew\u0105tpliwym atutem tego wynalazku. Dzi\u015b o tym, jak nada\u0107 w\u0142osom prostym wi\u0119cej obj\u0119to\u015bci przy u\u017cyciu du\u017cych wa\u0142k\u00f3w i szybko reanimowa\u0107 nasz\u0105 fryzur\u0119.<\/h3>\n<h3><!--more--><\/h3>\n<h3><a href=\"https:\/\/estyl.pl\/blog\/wp-content\/uploads\/2013\/02\/termoloki_wlosy_proste.jpg\" target=\"_blank\" rel=\"lightbox[16217]\"><img decoding=\"async\" loading=\"lazy\" class=\"aligncenter wp-image-27103 size-full\" title=\"termoloki\" src=\"https:\/\/estyl.pl\/blog\/wp-content\/uploads\/2013\/02\/termoloki_wlosy_proste.jpg\" alt=\"termoloki\" width=\"575\" height=\"342\" srcset=\"https:\/\/estyl.pl\/blog\/wp-content\/uploads\/2013\/02\/termoloki_wlosy_proste.jpg 575w, https:\/\/estyl.pl\/blog\/wp-content\/uploads\/2013\/02\/termoloki_wlosy_proste-300x178.jpg 300w, https:\/\/estyl.pl\/blog\/wp-content\/uploads\/2013\/02\/termoloki_wlosy_proste-261x155.jpg 261w\" sizes=\"(max-width: 575px) 100vw, 575px\" \/><\/a><\/h3>\n<p style=\"text-align: center;\">fot.\u00a0\u00a9 photl.com<\/p>\n<h3>Odbij od nasady<\/h3>\n<p><a title=\"W\u0142osy odbite od nasady \/ Foto: \u00a9 gossip-celebrity-news.com\" href=\"https:\/\/estyl.pl\/blog\/wp-content\/uploads\/2013\/01\/wlosy_odbite_od_nasady.jpg\" target=\"_blank\" rel=\"lightbox[16217]\"><img decoding=\"async\" loading=\"lazy\" class=\"alignleft wp-image-16226 size-thumbnail\" title=\"W\u0142osy odbite od nasady\" src=\"https:\/\/estyl.pl\/blog\/wp-content\/uploads\/2013\/01\/wlosy_odbite_od_nasady-150x150.jpg\" alt=\"termoloki\" width=\"150\" height=\"150\" \/><\/a><strong>W\u0142osy proste i d\u0142ugie<\/strong>, by wygl\u0105da\u0142y \u0142adnie powinny by\u0107 odbite u nasady, za\u015b lekkie na ko\u0144cach. Taka fryzur\u0119 mo\u017cna osi\u0105gn\u0105\u0107 susz\u0105c w\u0142osy i nawijaj\u0105c je na okr\u0105g\u0142\u0105 szczotk\u0119. Niestety, ten spos\u00f3b stylizacji jest do\u015b\u0107 pracoch\u0142onny, a taki sam efekt obj\u0119to\u015bci w znacznie kr\u00f3tszym czasie otrzymamy u\u017cywaj\u0105c termolok\u00f3w. Koniecznie wybieraj te o grubej \u015brednicy. <em><strong>Ma\u0142a \u015brednica wa\u0142k\u00f3w nie da zamierzonego efektu i nadaje si\u0119 raczej do w\u0142os\u00f3w kr\u00f3tkich.<\/strong><\/em> W\u0142osy do przygotowania tej fryzury powinny by\u0107 prawie suche. Rozdziel je na grube pasma i <strong>zawi\u0144 na termoloki tylko przy sk\u00f3rze g\u0142owy<\/strong>, reszt\u0119 w\u0142os\u00f3w zostawiaj\u0105c wolno. <strong>Termoloki<\/strong> powinny by\u0107 za\u0142o\u017cone dok\u0142adnie i musz\u0105 \u015bci\u015ble przylega\u0107. <strong>Je\u015bli w\u0142osy maj\u0105 tendencj\u0119 do opadania<\/strong> &#8211;\u00a0 spryskaj je lakierem do w\u0142os\u00f3w w miejscu skr\u0119tu, tu\u017c po za\u0142o\u017ceniu wa\u0142k\u00f3w. <em><strong>Gdy termoloki wystygn<\/strong><\/em>\u0105, (zwykle po oko\u0142o 15 minutach) zdejm je i roztrzep w\u0142osy. Mo\u017cesz je delikatnie przeczesa\u0107 palcami albo grzebieniem o szeroko rozstawionych z\u0119bach, omijaj\u0105c g\u00f3rn\u0105 warstw\u0119 fryzury.<\/p>\n<div class=\"minpic\"><a href=\"https:\/\/estyl.pl\/blog\/wp-content\/uploads\/2013\/01\/Alterna_Ultra_Hold_Hairspray.jpg\" target=\"_blank\" rel=\"lightbox[16217]\"><img decoding=\"async\" loading=\"lazy\" class=\"alignnone wp-image-16229\" title=\"Lakier do w\u0142os\u00f3w Alterna Caviar Extra Hold Hairspray\" src=\"https:\/\/estyl.pl\/blog\/wp-content\/uploads\/2013\/01\/Alterna_Ultra_Hold_Hairspray-150x150.jpg\" alt=\"termoloki\" width=\"150\" height=\"150\" srcset=\"https:\/\/estyl.pl\/blog\/wp-content\/uploads\/2013\/01\/Alterna_Ultra_Hold_Hairspray-150x150.jpg 150w, https:\/\/estyl.pl\/blog\/wp-content\/uploads\/2013\/01\/Alterna_Ultra_Hold_Hairspray-300x300.jpg 300w, https:\/\/estyl.pl\/blog\/wp-content\/uploads\/2013\/01\/Alterna_Ultra_Hold_Hairspray-261x261.jpg 261w, https:\/\/estyl.pl\/blog\/wp-content\/uploads\/2013\/01\/Alterna_Ultra_Hold_Hairspray.jpg 480w\" sizes=\"(max-width: 150px) 100vw, 150px\" \/><\/a><a href=\"https:\/\/estyl.pl\/blog\/wp-content\/uploads\/2013\/01\/Kerastase_Soleil_Huile_Celeste.jpg\" target=\"_blank\" rel=\"lightbox[16217]\"><img decoding=\"async\" loading=\"lazy\" class=\"alignnone wp-image-16230 size-thumbnail\" title=\"Olejek nab\u0142yszczaj\u0105cy w sprayu K\u00e9rastase Soleil Huile Celeste\" src=\"https:\/\/estyl.pl\/blog\/wp-content\/uploads\/2013\/01\/Kerastase_Soleil_Huile_Celeste-150x150.jpg\" alt=\"termoloki\" width=\"150\" height=\"150\" srcset=\"https:\/\/estyl.pl\/blog\/wp-content\/uploads\/2013\/01\/Kerastase_Soleil_Huile_Celeste-150x150.jpg 150w, https:\/\/estyl.pl\/blog\/wp-content\/uploads\/2013\/01\/Kerastase_Soleil_Huile_Celeste-300x300.jpg 300w, https:\/\/estyl.pl\/blog\/wp-content\/uploads\/2013\/01\/Kerastase_Soleil_Huile_Celeste-261x261.jpg 261w, https:\/\/estyl.pl\/blog\/wp-content\/uploads\/2013\/01\/Kerastase_Soleil_Huile_Celeste.jpg 480w\" sizes=\"(max-width: 150px) 100vw, 150px\" \/><\/a><\/div>\n<p><strong>Polecamy<\/strong> lakier do w\u0142os\u00f3w <a href=\"http:\/\/estyl.pl\/alterna-seasilk-caviar-extra-hold-hair-spray-mocny-lakier-do-wlosow-340g\" target=\"_blank\"><strong>Alterna SeaSilk Caviar Extra Hold Hair Spray<\/strong><\/a> i nawil\u017caj\u0105cy spray do w\u0142os\u00f3w\u00a0<a title=\"Caviar Rapid Repair\" href=\"http:\/\/estyl.pl\/alterna-seasilk-caviar-rapid-repair-spray-nawilzajacy-spray-do-wlosow-100-ml-8430\" target=\"_blank\"><strong>Caviar Rapid Repair<\/strong><\/a>.<\/p>\n<h3>Reanimuj na szybko<\/h3>\n<p><a title=\"Fryzura z grubych termolok\u00f3w \/ Foto: \u00a9 besthairstyleshaircuts.com\" href=\"https:\/\/estyl.pl\/blog\/wp-content\/uploads\/2013\/01\/fryzura_z_grubych_termolokow.jpg\" target=\"_blank\" rel=\"lightbox[16217]\"><img decoding=\"async\" loading=\"lazy\" class=\"alignleft wp-image-16227 size-thumbnail\" title=\"Fryzura z grubych termolokow\" src=\"https:\/\/estyl.pl\/blog\/wp-content\/uploads\/2013\/01\/fryzura_z_grubych_termolokow-150x150.jpg\" alt=\"termoloki\" width=\"150\" height=\"150\" \/><\/a><strong>Inna wersja fryzury<\/strong> polega na nawini\u0119ciu na termoloki w\u0142os\u00f3w na ca\u0142ej ich d\u0142ugo\u015bci. W\u0142osy\u00a0 tak\u017ce powinny by\u0107 ju\u017c suche, pokryte \u015brodkiem do stylizacji, takim jak pianka nadaj\u0105ca obj\u0119to\u015b\u0107, czy \u017cel do w\u0142os\u00f3w.<strong> W celu szybkiego od\u015bwie\u017cenia fryzury i nadania w\u0142osom prostym upragnionej formy<\/strong>, wybieramy termoloki grube, nie cienkie, czy \u015brednie, kt\u00f3re mog\u0105 skr\u0119ci\u0107 w\u0142osy. Wa\u0142ki pozostawiamy na w\u0142osach podzielonych na grube pasma trzy, cztery minuty. <em><strong>Im d\u0142u\u017cej trzymasz termoloki na w\u0142osach, tym wi\u0119kszy osi\u0105gniesz ich skr\u0119t<\/strong><\/em>. Kr\u00f3tkie trzymanie wa\u0142k\u00f3w na g\u0142owie doda fryzurze i w\u0142osom prostym jedynie obj\u0119to\u015bci i sprawi, \u017ce b\u0119dzie wygl\u0105da\u0142a na pe\u0142niejsz\u0105.<\/p>\n<div class=\"minpic\"><a href=\"https:\/\/estyl.pl\/blog\/wp-content\/uploads\/2012\/09\/jmo_sweet_orange_and_silk.jpg\" target=\"_blank\" rel=\"lightbox[16217]\"><img decoding=\"async\" loading=\"lazy\" class=\"alignnone wp-image-12615 size-thumbnail\" title=\"\u017bel do w\u0142os\u00f3w John Masters Organics Sweet Orange &amp; Silk Protein\" src=\"https:\/\/estyl.pl\/blog\/wp-content\/uploads\/2012\/09\/jmo_sweet_orange_and_silk-150x150.jpg\" alt=\"termoloki\" width=\"150\" height=\"150\" srcset=\"https:\/\/estyl.pl\/blog\/wp-content\/uploads\/2012\/09\/jmo_sweet_orange_and_silk-150x150.jpg 150w, https:\/\/estyl.pl\/blog\/wp-content\/uploads\/2012\/09\/jmo_sweet_orange_and_silk-300x300.jpg 300w, https:\/\/estyl.pl\/blog\/wp-content\/uploads\/2012\/09\/jmo_sweet_orange_and_silk-261x261.jpg 261w, https:\/\/estyl.pl\/blog\/wp-content\/uploads\/2012\/09\/jmo_sweet_orange_and_silk.jpg 480w\" sizes=\"(max-width: 150px) 100vw, 150px\" \/><\/a><a href=\"https:\/\/estyl.pl\/blog\/wp-content\/uploads\/2013\/01\/Alterna_Caviar_Non_Areosol_Mousse.jpg\" target=\"_blank\" rel=\"lightbox[16217]\"><img decoding=\"async\" loading=\"lazy\" class=\"alignnone wp-image-16233\" title=\"Pianka dodaj\u0105ca obj\u0119to\u015bci Alterna Caviar Non Areosol Mousse\" src=\"https:\/\/estyl.pl\/blog\/wp-content\/uploads\/2013\/01\/Alterna_Caviar_Non_Areosol_Mousse-150x150.jpg\" alt=\"termoloki\" width=\"150\" height=\"150\" srcset=\"https:\/\/estyl.pl\/blog\/wp-content\/uploads\/2013\/01\/Alterna_Caviar_Non_Areosol_Mousse-150x150.jpg 150w, https:\/\/estyl.pl\/blog\/wp-content\/uploads\/2013\/01\/Alterna_Caviar_Non_Areosol_Mousse-300x300.jpg 300w, https:\/\/estyl.pl\/blog\/wp-content\/uploads\/2013\/01\/Alterna_Caviar_Non_Areosol_Mousse-261x261.jpg 261w, https:\/\/estyl.pl\/blog\/wp-content\/uploads\/2013\/01\/Alterna_Caviar_Non_Areosol_Mousse.jpg 480w\" sizes=\"(max-width: 150px) 100vw, 150px\" \/><\/a><\/div>\n<p><strong>Polecamy<\/strong> organiczny \u017cel do stylizacji w\u0142os\u00f3w z proteinami jedwabiu i aloesem <a href=\"http:\/\/estyl.pl\/john-masters-organics-slodka-pomarancza-i-jedwab-zel-stylizujacy-237-ml\" target=\"_blank\"><strong>John Masters Organics S\u0142odka pomara\u0144cza i jedwab<\/strong><\/a> oraz piank\u0119 do w\u0142os\u00f3w pozbawionych obj\u0119to\u015bci\u00a0<a title=\"Goldwell StyleSign\" href=\"http:\/\/estyl.pl\/goldwell-stylesign-volume-power-whip-pianka-zwiekszajaca-objetosc-300-ml\" target=\"_blank\"><strong>Goldwell StyleSign<\/strong><\/a>.<\/p>\n","protected":false},"excerpt":{"rendered":"<p>Ciep\u0142ymi wa\u0142kami mo\u017cna wyczarowa\u0107 wiele modnych i kobiecych fryzur nie naruszaj\u0105c przy tym struktury w\u0142os\u00f3w. To podstawowa zaleta termolok\u00f3w, wyr\u00f3\u017cniaj\u0105ca je w\u015br\u00f3d innych urz\u0105dze\u0144 do stylizacji w\u0142os\u00f3w.\u00a0 Termoloki nie niszcz\u0105 w\u0142os\u00f3w, s\u0105 praktyczne i szybko od\u015bwie\u017c\u0105 ka\u017cd\u0105 fryzur\u0119. Profesjonalne termoloki, jak Babyliss, Remington, czy Revlon maj\u0105 zwykle w swym zestawie wa\u0142ki o r\u00f3\u017cnych grubo\u015bciach. Pozwala [&hellip;]<\/p>\n","protected":false},"author":1,"featured_media":0,"comment_status":"open","ping_status":"closed","sticky":false,"template":"","format":"standard","meta":{"_eb_attr":""},"categories":[5],"tags":[1886,1187,1359],"acf":[],"yoast_head":"<!-- This site is optimized with the Yoast SEO plugin v20.8 - https:\/\/yoast.com\/wordpress\/plugins\/seo\/ -->\n<title>Wi\u0119ksza obj\u0119to\u015b\u0107 fryzury - wypr\u00f3buj termoloki!<\/title>\n<meta name=\"description\" content=\"Termoloki nie niszcz\u0105 w\u0142os\u00f3w, s\u0105 praktyczne i szybko od\u015bwie\u017c\u0105 ka\u017cd\u0105 fryzur\u0119. Mo\u017cna dzi\u0119ki nim tak\u017ce nada\u0107 obj\u0119to\u015b\u0107 fryzurze, tak\u017ce w\u0142osom prostym.\" \/>\n<meta name=\"robots\" content=\"index, follow, max-snippet:-1, max-image-preview:large, max-video-preview:-1\" \/>\n<link rel=\"canonical\" href=\"https:\/\/estyl.pl\/blog\/termoloki-i-wlosy-proste\/\" \/>\n<meta property=\"og:locale\" content=\"pl_PL\" \/>\n<meta property=\"og:type\" content=\"article\" \/>\n<meta property=\"og:title\" content=\"Wi\u0119ksza obj\u0119to\u015b\u0107 fryzury - wypr\u00f3buj termoloki!\" \/>\n<meta property=\"og:description\" content=\"Termoloki nie niszcz\u0105 w\u0142os\u00f3w, s\u0105 praktyczne i szybko od\u015bwie\u017c\u0105 ka\u017cd\u0105 fryzur\u0119. Mo\u017cna dzi\u0119ki nim tak\u017ce nada\u0107 obj\u0119to\u015b\u0107 fryzurze, tak\u017ce w\u0142osom prostym.\" \/>\n<meta property=\"og:url\" content=\"https:\/\/estyl.pl\/blog\/termoloki-i-wlosy-proste\/\" \/>\n<meta property=\"og:site_name\" content=\"Blog | Estyl.pl\" \/>\n<meta property=\"article:published_time\" content=\"2013-02-13T13:20:17+00:00\" \/>\n<meta property=\"article:modified_time\" content=\"2016-10-14T09:10:23+00:00\" \/>\n<meta property=\"og:image\" content=\"https:\/\/estyl.pl\/blog\/wp-content\/uploads\/2013\/02\/termoloki_wlosy_proste.jpg\" \/>\n<meta name=\"author\" content=\"admin\" \/>\n<meta name=\"twitter:label1\" content=\"Napisane przez\" \/>\n\t<meta name=\"twitter:data1\" content=\"admin\" \/>\n\t<meta name=\"twitter:label2\" content=\"Szacowany czas czytania\" \/>\n\t<meta name=\"twitter:data2\" content=\"3 minuty\" \/>\n<script type=\"application\/ld+json\" class=\"yoast-schema-graph\">{\"@context\":\"https:\/\/schema.org\",\"@graph\":[{\"@type\":\"WebPage\",\"@id\":\"https:\/\/estyl.pl\/blog\/termoloki-i-wlosy-proste\/\",\"url\":\"https:\/\/estyl.pl\/blog\/termoloki-i-wlosy-proste\/\",\"name\":\"Wi\u0119ksza obj\u0119to\u015b\u0107 fryzury - wypr\u00f3buj termoloki!\",\"isPartOf\":{\"@id\":\"https:\/\/estyl.pl\/blog\/#website\"},\"datePublished\":\"2013-02-13T13:20:17+00:00\",\"dateModified\":\"2016-10-14T09:10:23+00:00\",\"author\":{\"@id\":\"https:\/\/estyl.pl\/blog\/#\/schema\/person\/22fff2064045ce23be580e18ca255220\"},\"description\":\"Termoloki nie niszcz\u0105 w\u0142os\u00f3w, s\u0105 praktyczne i szybko od\u015bwie\u017c\u0105 ka\u017cd\u0105 fryzur\u0119. Mo\u017cna dzi\u0119ki nim tak\u017ce nada\u0107 obj\u0119to\u015b\u0107 fryzurze, tak\u017ce w\u0142osom prostym.\",\"breadcrumb\":{\"@id\":\"https:\/\/estyl.pl\/blog\/termoloki-i-wlosy-proste\/#breadcrumb\"},\"inLanguage\":\"pl-PL\",\"potentialAction\":[{\"@type\":\"ReadAction\",\"target\":[\"https:\/\/estyl.pl\/blog\/termoloki-i-wlosy-proste\/\"]}]},{\"@type\":\"BreadcrumbList\",\"@id\":\"https:\/\/estyl.pl\/blog\/termoloki-i-wlosy-proste\/#breadcrumb\",\"itemListElement\":[{\"@type\":\"ListItem\",\"position\":1,\"name\":\"Stylizacja w\u0142os\u00f3w\",\"item\":\"https:\/\/estyl.pl\/blog\/stylizacja-wlosow\/\"},{\"@type\":\"ListItem\",\"position\":2,\"name\":\"Wi\u0119ksza obj\u0119to\u015b\u0107 fryzury &#8211; wypr\u00f3buj termoloki!\"}]},{\"@type\":\"WebSite\",\"@id\":\"https:\/\/estyl.pl\/blog\/#website\",\"url\":\"https:\/\/estyl.pl\/blog\/\",\"name\":\"Blog | Estyl.pl\",\"description\":\"Kosmetyki do w\u0142os\u00f3w, porady, piel\u0119gnacja, stylizacja\",\"potentialAction\":[{\"@type\":\"SearchAction\",\"target\":{\"@type\":\"EntryPoint\",\"urlTemplate\":\"https:\/\/estyl.pl\/blog\/?s={search_term_string}\"},\"query-input\":\"required name=search_term_string\"}],\"inLanguage\":\"pl-PL\"},{\"@type\":\"Person\",\"@id\":\"https:\/\/estyl.pl\/blog\/#\/schema\/person\/22fff2064045ce23be580e18ca255220\",\"name\":\"admin\",\"url\":\"https:\/\/estyl.pl\/blog\/author\/admin\/\"}]}<\/script>\n<!-- \/ Yoast SEO plugin. -->","yoast_head_json":{"title":"Wi\u0119ksza obj\u0119to\u015b\u0107 fryzury - wypr\u00f3buj termoloki!","description":"Termoloki nie niszcz\u0105 w\u0142os\u00f3w, s\u0105 praktyczne i szybko od\u015bwie\u017c\u0105 ka\u017cd\u0105 fryzur\u0119. Mo\u017cna dzi\u0119ki nim tak\u017ce nada\u0107 obj\u0119to\u015b\u0107 fryzurze, tak\u017ce w\u0142osom prostym.","robots":{"index":"index","follow":"follow","max-snippet":"max-snippet:-1","max-image-preview":"max-image-preview:large","max-video-preview":"max-video-preview:-1"},"canonical":"https:\/\/estyl.pl\/blog\/termoloki-i-wlosy-proste\/","og_locale":"pl_PL","og_type":"article","og_title":"Wi\u0119ksza obj\u0119to\u015b\u0107 fryzury - wypr\u00f3buj termoloki!","og_description":"Termoloki nie niszcz\u0105 w\u0142os\u00f3w, s\u0105 praktyczne i szybko od\u015bwie\u017c\u0105 ka\u017cd\u0105 fryzur\u0119. Mo\u017cna dzi\u0119ki nim tak\u017ce nada\u0107 obj\u0119to\u015b\u0107 fryzurze, tak\u017ce w\u0142osom prostym.","og_url":"https:\/\/estyl.pl\/blog\/termoloki-i-wlosy-proste\/","og_site_name":"Blog | Estyl.pl","article_published_time":"2013-02-13T13:20:17+00:00","article_modified_time":"2016-10-14T09:10:23+00:00","og_image":[{"url":"https:\/\/estyl.pl\/blog\/wp-content\/uploads\/2013\/02\/termoloki_wlosy_proste.jpg"}],"author":"admin","twitter_misc":{"Napisane przez":"admin","Szacowany czas czytania":"3 minuty"},"schema":{"@context":"https:\/\/schema.org","@graph":[{"@type":"WebPage","@id":"https:\/\/estyl.pl\/blog\/termoloki-i-wlosy-proste\/","url":"https:\/\/estyl.pl\/blog\/termoloki-i-wlosy-proste\/","name":"Wi\u0119ksza obj\u0119to\u015b\u0107 fryzury - wypr\u00f3buj termoloki!","isPartOf":{"@id":"https:\/\/estyl.pl\/blog\/#website"},"datePublished":"2013-02-13T13:20:17+00:00","dateModified":"2016-10-14T09:10:23+00:00","author":{"@id":"https:\/\/estyl.pl\/blog\/#\/schema\/person\/22fff2064045ce23be580e18ca255220"},"description":"Termoloki nie niszcz\u0105 w\u0142os\u00f3w, s\u0105 praktyczne i szybko od\u015bwie\u017c\u0105 ka\u017cd\u0105 fryzur\u0119. Mo\u017cna dzi\u0119ki nim tak\u017ce nada\u0107 obj\u0119to\u015b\u0107 fryzurze, tak\u017ce w\u0142osom prostym.","breadcrumb":{"@id":"https:\/\/estyl.pl\/blog\/termoloki-i-wlosy-proste\/#breadcrumb"},"inLanguage":"pl-PL","potentialAction":[{"@type":"ReadAction","target":["https:\/\/estyl.pl\/blog\/termoloki-i-wlosy-proste\/"]}]},{"@type":"BreadcrumbList","@id":"https:\/\/estyl.pl\/blog\/termoloki-i-wlosy-proste\/#breadcrumb","itemListElement":[{"@type":"ListItem","position":1,"name":"Stylizacja w\u0142os\u00f3w","item":"https:\/\/estyl.pl\/blog\/stylizacja-wlosow\/"},{"@type":"ListItem","position":2,"name":"Wi\u0119ksza obj\u0119to\u015b\u0107 fryzury &#8211; wypr\u00f3buj termoloki!"}]},{"@type":"WebSite","@id":"https:\/\/estyl.pl\/blog\/#website","url":"https:\/\/estyl.pl\/blog\/","name":"Blog | Estyl.pl","description":"Kosmetyki do w\u0142os\u00f3w, porady, piel\u0119gnacja, stylizacja","potentialAction":[{"@type":"SearchAction","target":{"@type":"EntryPoint","urlTemplate":"https:\/\/estyl.pl\/blog\/?s={search_term_string}"},"query-input":"required name=search_term_string"}],"inLanguage":"pl-PL"},{"@type":"Person","@id":"https:\/\/estyl.pl\/blog\/#\/schema\/person\/22fff2064045ce23be580e18ca255220","name":"admin","url":"https:\/\/estyl.pl\/blog\/author\/admin\/"}]}},"_links":{"self":[{"href":"https:\/\/estyl.pl\/blog\/wp-json\/wp\/v2\/posts\/16217"}],"collection":[{"href":"https:\/\/estyl.pl\/blog\/wp-json\/wp\/v2\/posts"}],"about":[{"href":"https:\/\/estyl.pl\/blog\/wp-json\/wp\/v2\/types\/post"}],"author":[{"embeddable":true,"href":"https:\/\/estyl.pl\/blog\/wp-json\/wp\/v2\/users\/1"}],"replies":[{"embeddable":true,"href":"https:\/\/estyl.pl\/blog\/wp-json\/wp\/v2\/comments?post=16217"}],"version-history":[{"count":56,"href":"https:\/\/estyl.pl\/blog\/wp-json\/wp\/v2\/posts\/16217\/revisions"}],"predecessor-version":[{"id":31051,"href":"https:\/\/estyl.pl\/blog\/wp-json\/wp\/v2\/posts\/16217\/revisions\/31051"}],"wp:attachment":[{"href":"https:\/\/estyl.pl\/blog\/wp-json\/wp\/v2\/media?parent=16217"}],"wp:term":[{"taxonomy":"category","embeddable":true,"href":"https:\/\/estyl.pl\/blog\/wp-json\/wp\/v2\/categories?post=16217"},{"taxonomy":"post_tag","embeddable":true,"href":"https:\/\/estyl.pl\/blog\/wp-json\/wp\/v2\/tags?post=16217"}],"curies":[{"name":"wp","href":"https:\/\/api.w.org\/{rel}","templated":true}]}}