{"id":17234,"date":"2013-03-08T12:00:24","date_gmt":"2013-03-08T11:00:24","guid":{"rendered":"https:\/\/estyl.pl\/blog\/?p=17234"},"modified":"2016-10-24T15:08:41","modified_gmt":"2016-10-24T13:08:41","slug":"nowosci-serii-loreal-mythic-oil","status":"publish","type":"post","link":"https:\/\/estyl.pl\/blog\/nowosci-serii-loreal-mythic-oil\/","title":{"rendered":"Nowo\u015bci serii L&#8217;Oreal Mythic Oil"},"content":{"rendered":"<p>Seria kosmetyk\u00f3w L&#8217;Oreal, bazuj\u0105ca na cenionym oleju arganowym poszerzy\u0142a si\u0119 o nowe produkty Mythic Oil. Opr\u00f3cz znanych ju\u017c olejk\u00f3w do stylizacji w\u0142os\u00f3w, w serii L&#8217;Oreal Mythic Oil znajdziemy teraz <a href=\"https:\/\/estyl.pl\/insight-dry-hair-nourishing-shampoo-szampon-odzywczy-400-ml\" data-internallinksmanager029f6b8e52c=\"8\" title=\"szampon nawil\u017caj\u0105cy\">szampon nawil\u017caj\u0105cy<\/a>, od\u017cywk\u0119 oraz mask\u0119 do w\u0142os\u00f3w. O tym czego si\u0119 spodziewa\u0107 po nowym trio Mythic Oil, przeczytacie poni\u017cej.<!--more--><\/p>\n<div id=\"attachment_17246\" style=\"width: 585px\" class=\"wp-caption aligncenter\"><img aria-describedby=\"caption-attachment-17246\" decoding=\"async\" loading=\"lazy\" class=\"  wp-image-17246 size-full\" title=\"Kosmetyki L'Oreal Mythic Oil\" src=\"https:\/\/estyl.pl\/blog\/wp-content\/uploads\/2013\/03\/Loreal_Mythic_Oil.jpg\" alt=\"Mythic Oil\" width=\"575\" height=\"342\" srcset=\"https:\/\/estyl.pl\/blog\/wp-content\/uploads\/2013\/03\/Loreal_Mythic_Oil.jpg 575w, https:\/\/estyl.pl\/blog\/wp-content\/uploads\/2013\/03\/Loreal_Mythic_Oil-300x178.jpg 300w, https:\/\/estyl.pl\/blog\/wp-content\/uploads\/2013\/03\/Loreal_Mythic_Oil-261x155.jpg 261w\" sizes=\"(max-width: 575px) 100vw, 575px\" \/><p id=\"caption-attachment-17246\" class=\"wp-caption-text\">Kosmetyki L&#8217;Oreal Mythic Oil \/ Foto: \u00a9 mygloss.ch<\/p><\/div>\n<p>&nbsp;<\/p>\n<h3>Szampon Mythic Oil<\/h3>\n<p><a href=\"https:\/\/estyl.pl\/blog\/wp-content\/uploads\/2013\/03\/Loreal_Mythic_Oil_Shampoo.jpg\" rel=\"lightbox[17234]\"><img decoding=\"async\" loading=\"lazy\" class=\"alignleft wp-image-17247 size-thumbnail\" title=\"Loreal Mythic Oil Shampoo\" src=\"https:\/\/estyl.pl\/blog\/wp-content\/uploads\/2013\/03\/Loreal_Mythic_Oil_Shampoo-150x150.jpg\" alt=\"\" width=\"150\" height=\"150\" srcset=\"https:\/\/estyl.pl\/blog\/wp-content\/uploads\/2013\/03\/Loreal_Mythic_Oil_Shampoo-150x150.jpg 150w, https:\/\/estyl.pl\/blog\/wp-content\/uploads\/2013\/03\/Loreal_Mythic_Oil_Shampoo-300x300.jpg 300w, https:\/\/estyl.pl\/blog\/wp-content\/uploads\/2013\/03\/Loreal_Mythic_Oil_Shampoo-261x261.jpg 261w, https:\/\/estyl.pl\/blog\/wp-content\/uploads\/2013\/03\/Loreal_Mythic_Oil_Shampoo.jpg 480w\" sizes=\"(max-width: 150px) 100vw, 150px\" \/><\/a><a href=\"http:\/\/estyl.pl\/mythic-oil-szampon-do-kazdego-rodzaju-wlosow-250ml\" target=\"_blank\"><strong>Szampon L&#8217;Oreal Mythic Oil<\/strong><\/a> przeznaczony jest do ka\u017cdego rodzaju w\u0142os\u00f3w, w tym w\u0142os\u00f3w suchych, pozbawionych elastyczno\u015bci i po\u0142ysku. Kosmetyk <em><strong>\u0142agodnie oczyszcza sk\u00f3r\u0119 g\u0142owy i <a href=\"https:\/\/estyl.pl\/wlosy\" data-internallinksmanager029f6b8e52c=\"2\" title=\"w\u0142osy\">w\u0142osy<\/a><\/strong><\/em> z nagromadzonego sebum, nie pozbawiaj\u0105c ich naturalnych olej\u00f3w ochronnych. <strong>W sk\u0142adzie szamponu znajdziemy mi\u0119dzy innymi<\/strong> oleje: arganowy i z nasiona bawe\u0142ny oraz witamin\u0119 E i kwasy t\u0142uszczowe. Szampon zmi\u0119kcza, wyg\u0142adza i od\u017cywia w\u0142osy, <strong>eliminuj\u0105c zjawisko puszenia i elektryzowania<\/strong> si\u0119 w\u0142os\u00f3w. L&#8217;Oreal Mythic Oil Shampoo przypomina szampony Johnson&#8217;s Baby, jego <em><strong>aromat jest mydlano-dzieci\u0119cy<\/strong><\/em>, a dzia\u0142anie r\u00f3wnie \u0142agodne. Szampon<strong> reguluje pH sk\u00f3ry g\u0142owy<\/strong>, \u0142agodzi podra\u017cnienia i koi zmiany zapalne. Jego formu\u0142a opiera si\u0119 na wyci\u0105gach\u00a0 naturalnych, a sk\u0142ad pozbawiono szkodliwych paraben\u00f3w. Szampon wyst\u0119puje w pojemno\u015bciach: <strong>250 ml<\/strong> raz <strong>750 ml<\/strong>.<\/p>\n<h3>Od\u017cywka Mythic Oil<\/h3>\n<p><a href=\"https:\/\/estyl.pl\/blog\/wp-content\/uploads\/2013\/03\/Loreal_Mythic_Oil_Conditioner.jpg\" rel=\"lightbox[17234]\"><img decoding=\"async\" loading=\"lazy\" class=\"alignleft wp-image-17248 size-thumbnail\" title=\"Loreal Mythic Oil Conditioner\" src=\"https:\/\/estyl.pl\/blog\/wp-content\/uploads\/2013\/03\/Loreal_Mythic_Oil_Conditioner-150x150.jpg\" alt=\"Mythic Oil\" width=\"150\" height=\"150\" srcset=\"https:\/\/estyl.pl\/blog\/wp-content\/uploads\/2013\/03\/Loreal_Mythic_Oil_Conditioner-150x150.jpg 150w, https:\/\/estyl.pl\/blog\/wp-content\/uploads\/2013\/03\/Loreal_Mythic_Oil_Conditioner-300x300.jpg 300w, https:\/\/estyl.pl\/blog\/wp-content\/uploads\/2013\/03\/Loreal_Mythic_Oil_Conditioner-261x261.jpg 261w, https:\/\/estyl.pl\/blog\/wp-content\/uploads\/2013\/03\/Loreal_Mythic_Oil_Conditioner.jpg 480w\" sizes=\"(max-width: 150px) 100vw, 150px\" \/><\/a><a href=\"http:\/\/estyl.pl\/loreal-mythic-oil-odzywka-do-kazdego-rodzaju-wlosow-190ml\" target=\"_blank\"><strong>Od\u017cywka L&#8217;Oreal Mythic Oil<\/strong><\/a> podobnie jak szampon z tej serii, dedykowana jest wszystkim rodzajom w\u0142os\u00f3w. Szczeg\u00f3lnie <strong>polecana w\u0142osom suchym, farbowanym, kr\u0119conym i pozbawionym wilgoci<\/strong>. Kosmetyk jest bardzo wydajny, wystarczy ma\u0142a porcja, by pokry\u0107 nawet d\u0142ugie w\u0142osy. Od\u017cywka Mythic Oil nawil\u017ca, u\u0142atwia rozczesywanie i zapobiega pl\u0105taniu w\u0142os\u00f3w. <strong>U\u017cyta z umiarem nie obci\u0105\u017ca nawet cienkich w\u0142os\u00f3w<\/strong>, nadaj\u0105c fryzurze wymarzon\u0105 mi\u0119kko\u015b\u0107, puszysto\u015b\u0107 oraz blask. W sk\u0142adzie od\u017cywki L&#8217;Oreal Mythic Oil <em><strong>znajdziemy naturalne wyci\u0105gi,<\/strong><\/em> jak olej z pestek winogron, arganowy, z nasion bawe\u0142ny, olej awokado. Od\u017cywka <strong>pachnie bardziej intensywnie i kwiatowo ni\u017c szampon<\/strong> z serii Mythic Oil, a z jej sk\u0142adu\u00a0 wyeliminowano wszelkie parabeny. Kosmetyk, podobnie, jak szampon posiada wygodne opakowanie z pompk\u0105. Od\u017cywka wyst\u0119puje w pojemno\u015bciach: <strong>190 ml<\/strong> oraz <strong>750 ml<\/strong>.<\/p>\n<h3>Maska Mythic Oil<\/h3>\n<p><a href=\"https:\/\/estyl.pl\/blog\/wp-content\/uploads\/2013\/03\/Loreal_Mythic_Oil_Mask.jpg\" rel=\"lightbox[17234]\"><img decoding=\"async\" loading=\"lazy\" class=\"alignleft wp-image-17249 size-thumbnail\" title=\"Loreal Mythic Oil Mask\" src=\"https:\/\/estyl.pl\/blog\/wp-content\/uploads\/2013\/03\/Loreal_Mythic_Oil_Mask-150x150.jpg\" alt=\"Mythic Oil\" width=\"150\" height=\"150\" srcset=\"https:\/\/estyl.pl\/blog\/wp-content\/uploads\/2013\/03\/Loreal_Mythic_Oil_Mask-150x150.jpg 150w, https:\/\/estyl.pl\/blog\/wp-content\/uploads\/2013\/03\/Loreal_Mythic_Oil_Mask-300x300.jpg 300w, https:\/\/estyl.pl\/blog\/wp-content\/uploads\/2013\/03\/Loreal_Mythic_Oil_Mask-261x261.jpg 261w, https:\/\/estyl.pl\/blog\/wp-content\/uploads\/2013\/03\/Loreal_Mythic_Oil_Mask.jpg 480w\" sizes=\"(max-width: 150px) 100vw, 150px\" \/><\/a><a href=\"http:\/\/estyl.pl\/loreal-mythic-oil-maska-do-kazdego-rodzaju-wlosow-200ml\" target=\"_blank\"><strong>Maska L&#8217;Oreal Mythic Oil<\/strong><\/a> przeznaczona jest <strong>do piel\u0119gnacji w\u0142os\u00f3w trudnych w uk\u0142adaniu, sztywnych, przesuszonych lub k\u0119dzierzawych<\/strong>. Produkt mo\u017ce obci\u0105\u017ca\u0107 w\u0142osy cienkie, dlatego posiadaczki w\u0142os\u00f3w o delikatnej strukturze, powinny u\u017cywa\u0107 maski rzadziej lub w mniejszych ilo\u015bciach. <em><strong>Produkt ma zbit\u0105, do\u015b\u0107 g\u0119st\u0105 konsystencj\u0119, dzi\u0119ki czemu nie sp\u0142ywa z w\u0142os\u00f3w<\/strong><\/em> podczas kilkominutowej aplikacji. W sk\u0142adzie maski L&#8217;Oreal znajdziemy <strong>takie same oleje, jak w od\u017cywce do w\u0142os\u00f3w<\/strong>: olej arganowy, winogronowy, z nasion bawe\u0142ny oraz awokado. Maska Mythic Oil intensywnie wyg\u0142adza, nawil\u017ca i regeneruje w\u0142osy suche, kt\u00f3re pusz\u0105 si\u0119 i \u017cyj\u0105 swoim \u017cyciem. <strong>Maska doci\u0105\u017ca w\u0142osy przesuszone, z tendencj\u0105 do elektryzowania ko\u0144c\u00f3wek<\/strong>, bez obci\u0105\u017cania ca\u0142o\u015bci fryzury. Kosmetyk pachnie \u015bwie\u017co, kwiatowo, a jego zapach d\u0142ugo pozostaje na w\u0142osach. Produkt pozbawiony jest szkodliwych paraben\u00f3w, a sk\u0142adniki pochodz\u0105 z ekologicznych upraw. Maska wyst\u0119puje w dw\u00f3ch pojemno\u015bciach: <strong>200 ml<\/strong> oraz <strong>500 ml<\/strong>.<\/p>\n","protected":false},"excerpt":{"rendered":"<p>Seria kosmetyk\u00f3w L&#8217;Oreal, bazuj\u0105ca na cenionym oleju arganowym poszerzy\u0142a si\u0119 o nowe produkty Mythic Oil. Opr\u00f3cz znanych ju\u017c olejk\u00f3w do stylizacji w\u0142os\u00f3w, w serii L&#8217;Oreal Mythic Oil znajdziemy teraz szampon nawil\u017caj\u0105cy, od\u017cywk\u0119 oraz mask\u0119 do w\u0142os\u00f3w. O tym czego si\u0119 spodziewa\u0107 po nowym trio Mythic Oil, przeczytacie poni\u017cej.<\/p>\n","protected":false},"author":1,"featured_media":24864,"comment_status":"open","ping_status":"closed","sticky":false,"template":"","format":"standard","meta":{"_eb_attr":""},"categories":[3,4],"tags":[36,1107,2104,307,213,67,154,57,1226,69],"acf":[],"yoast_head":"<!-- This site is optimized with the Yoast SEO plugin v20.8 - https:\/\/yoast.com\/wordpress\/plugins\/seo\/ -->\n<title>Mythic Oil - nowo\u015bci od Loreal<\/title>\n<meta name=\"description\" content=\"Seria kosmetyk\u00f3w L&#039;Oreal, bazuj\u0105ca na cenionym oleju arganowym poszerzy\u0142a si\u0119 o nowe produkty Mythic Oil. Jak dzia\u0142aj\u0105 i dla kogo s\u0105 przeczytaj!\" \/>\n<meta name=\"robots\" content=\"index, follow, max-snippet:-1, max-image-preview:large, max-video-preview:-1\" \/>\n<link rel=\"canonical\" href=\"https:\/\/estyl.pl\/blog\/nowosci-serii-loreal-mythic-oil\/\" \/>\n<meta property=\"og:locale\" content=\"pl_PL\" \/>\n<meta property=\"og:type\" content=\"article\" \/>\n<meta property=\"og:title\" content=\"Mythic Oil - nowo\u015bci od Loreal\" \/>\n<meta property=\"og:description\" content=\"Seria kosmetyk\u00f3w L&#039;Oreal, bazuj\u0105ca na cenionym oleju arganowym poszerzy\u0142a si\u0119 o nowe produkty Mythic Oil. Jak dzia\u0142aj\u0105 i dla kogo s\u0105 przeczytaj!\" \/>\n<meta property=\"og:url\" content=\"https:\/\/estyl.pl\/blog\/nowosci-serii-loreal-mythic-oil\/\" \/>\n<meta property=\"og:site_name\" content=\"Blog | Estyl.pl\" \/>\n<meta property=\"article:published_time\" content=\"2013-03-08T11:00:24+00:00\" \/>\n<meta property=\"article:modified_time\" content=\"2016-10-24T13:08:41+00:00\" \/>\n<meta property=\"og:image\" content=\"https:\/\/estyl.pl\/blog\/wp-content\/uploads\/2013\/03\/mythic-oil.jpg\" \/>\n\t<meta property=\"og:image:width\" content=\"755\" \/>\n\t<meta property=\"og:image:height\" content=\"320\" \/>\n\t<meta property=\"og:image:type\" content=\"image\/jpeg\" \/>\n<meta name=\"author\" content=\"admin\" \/>\n<meta name=\"twitter:label1\" content=\"Napisane przez\" \/>\n\t<meta name=\"twitter:data1\" content=\"admin\" \/>\n\t<meta name=\"twitter:label2\" content=\"Szacowany czas czytania\" \/>\n\t<meta name=\"twitter:data2\" content=\"3 minuty\" \/>\n<script type=\"application\/ld+json\" class=\"yoast-schema-graph\">{\"@context\":\"https:\/\/schema.org\",\"@graph\":[{\"@type\":\"WebPage\",\"@id\":\"https:\/\/estyl.pl\/blog\/nowosci-serii-loreal-mythic-oil\/\",\"url\":\"https:\/\/estyl.pl\/blog\/nowosci-serii-loreal-mythic-oil\/\",\"name\":\"Mythic Oil - nowo\u015bci od Loreal\",\"isPartOf\":{\"@id\":\"https:\/\/estyl.pl\/blog\/#website\"},\"datePublished\":\"2013-03-08T11:00:24+00:00\",\"dateModified\":\"2016-10-24T13:08:41+00:00\",\"author\":{\"@id\":\"https:\/\/estyl.pl\/blog\/#\/schema\/person\/22fff2064045ce23be580e18ca255220\"},\"description\":\"Seria kosmetyk\u00f3w L'Oreal, bazuj\u0105ca na cenionym oleju arganowym poszerzy\u0142a si\u0119 o nowe produkty Mythic Oil. Jak dzia\u0142aj\u0105 i dla kogo s\u0105 przeczytaj!\",\"breadcrumb\":{\"@id\":\"https:\/\/estyl.pl\/blog\/nowosci-serii-loreal-mythic-oil\/#breadcrumb\"},\"inLanguage\":\"pl-PL\",\"potentialAction\":[{\"@type\":\"ReadAction\",\"target\":[\"https:\/\/estyl.pl\/blog\/nowosci-serii-loreal-mythic-oil\/\"]}]},{\"@type\":\"BreadcrumbList\",\"@id\":\"https:\/\/estyl.pl\/blog\/nowosci-serii-loreal-mythic-oil\/#breadcrumb\",\"itemListElement\":[{\"@type\":\"ListItem\",\"position\":1,\"name\":\"Nowo\u015bci\",\"item\":\"https:\/\/estyl.pl\/blog\/nowosci\/\"},{\"@type\":\"ListItem\",\"position\":2,\"name\":\"Nowo\u015bci serii L&#8217;Oreal Mythic Oil\"}]},{\"@type\":\"WebSite\",\"@id\":\"https:\/\/estyl.pl\/blog\/#website\",\"url\":\"https:\/\/estyl.pl\/blog\/\",\"name\":\"Blog | Estyl.pl\",\"description\":\"Kosmetyki do w\u0142os\u00f3w, porady, piel\u0119gnacja, stylizacja\",\"potentialAction\":[{\"@type\":\"SearchAction\",\"target\":{\"@type\":\"EntryPoint\",\"urlTemplate\":\"https:\/\/estyl.pl\/blog\/?s={search_term_string}\"},\"query-input\":\"required name=search_term_string\"}],\"inLanguage\":\"pl-PL\"},{\"@type\":\"Person\",\"@id\":\"https:\/\/estyl.pl\/blog\/#\/schema\/person\/22fff2064045ce23be580e18ca255220\",\"name\":\"admin\",\"url\":\"https:\/\/estyl.pl\/blog\/author\/admin\/\"}]}<\/script>\n<!-- \/ Yoast SEO plugin. -->","yoast_head_json":{"title":"Mythic Oil - nowo\u015bci od Loreal","description":"Seria kosmetyk\u00f3w L'Oreal, bazuj\u0105ca na cenionym oleju arganowym poszerzy\u0142a si\u0119 o nowe produkty Mythic Oil. Jak dzia\u0142aj\u0105 i dla kogo s\u0105 przeczytaj!","robots":{"index":"index","follow":"follow","max-snippet":"max-snippet:-1","max-image-preview":"max-image-preview:large","max-video-preview":"max-video-preview:-1"},"canonical":"https:\/\/estyl.pl\/blog\/nowosci-serii-loreal-mythic-oil\/","og_locale":"pl_PL","og_type":"article","og_title":"Mythic Oil - nowo\u015bci od Loreal","og_description":"Seria kosmetyk\u00f3w L'Oreal, bazuj\u0105ca na cenionym oleju arganowym poszerzy\u0142a si\u0119 o nowe produkty Mythic Oil. Jak dzia\u0142aj\u0105 i dla kogo s\u0105 przeczytaj!","og_url":"https:\/\/estyl.pl\/blog\/nowosci-serii-loreal-mythic-oil\/","og_site_name":"Blog | Estyl.pl","article_published_time":"2013-03-08T11:00:24+00:00","article_modified_time":"2016-10-24T13:08:41+00:00","og_image":[{"width":755,"height":320,"url":"https:\/\/estyl.pl\/blog\/wp-content\/uploads\/2013\/03\/mythic-oil.jpg","type":"image\/jpeg"}],"author":"admin","twitter_misc":{"Napisane przez":"admin","Szacowany czas czytania":"3 minuty"},"schema":{"@context":"https:\/\/schema.org","@graph":[{"@type":"WebPage","@id":"https:\/\/estyl.pl\/blog\/nowosci-serii-loreal-mythic-oil\/","url":"https:\/\/estyl.pl\/blog\/nowosci-serii-loreal-mythic-oil\/","name":"Mythic Oil - nowo\u015bci od Loreal","isPartOf":{"@id":"https:\/\/estyl.pl\/blog\/#website"},"datePublished":"2013-03-08T11:00:24+00:00","dateModified":"2016-10-24T13:08:41+00:00","author":{"@id":"https:\/\/estyl.pl\/blog\/#\/schema\/person\/22fff2064045ce23be580e18ca255220"},"description":"Seria kosmetyk\u00f3w L'Oreal, bazuj\u0105ca na cenionym oleju arganowym poszerzy\u0142a si\u0119 o nowe produkty Mythic Oil. Jak dzia\u0142aj\u0105 i dla kogo s\u0105 przeczytaj!","breadcrumb":{"@id":"https:\/\/estyl.pl\/blog\/nowosci-serii-loreal-mythic-oil\/#breadcrumb"},"inLanguage":"pl-PL","potentialAction":[{"@type":"ReadAction","target":["https:\/\/estyl.pl\/blog\/nowosci-serii-loreal-mythic-oil\/"]}]},{"@type":"BreadcrumbList","@id":"https:\/\/estyl.pl\/blog\/nowosci-serii-loreal-mythic-oil\/#breadcrumb","itemListElement":[{"@type":"ListItem","position":1,"name":"Nowo\u015bci","item":"https:\/\/estyl.pl\/blog\/nowosci\/"},{"@type":"ListItem","position":2,"name":"Nowo\u015bci serii L&#8217;Oreal Mythic Oil"}]},{"@type":"WebSite","@id":"https:\/\/estyl.pl\/blog\/#website","url":"https:\/\/estyl.pl\/blog\/","name":"Blog | Estyl.pl","description":"Kosmetyki do w\u0142os\u00f3w, porady, piel\u0119gnacja, stylizacja","potentialAction":[{"@type":"SearchAction","target":{"@type":"EntryPoint","urlTemplate":"https:\/\/estyl.pl\/blog\/?s={search_term_string}"},"query-input":"required name=search_term_string"}],"inLanguage":"pl-PL"},{"@type":"Person","@id":"https:\/\/estyl.pl\/blog\/#\/schema\/person\/22fff2064045ce23be580e18ca255220","name":"admin","url":"https:\/\/estyl.pl\/blog\/author\/admin\/"}]}},"_links":{"self":[{"href":"https:\/\/estyl.pl\/blog\/wp-json\/wp\/v2\/posts\/17234"}],"collection":[{"href":"https:\/\/estyl.pl\/blog\/wp-json\/wp\/v2\/posts"}],"about":[{"href":"https:\/\/estyl.pl\/blog\/wp-json\/wp\/v2\/types\/post"}],"author":[{"embeddable":true,"href":"https:\/\/estyl.pl\/blog\/wp-json\/wp\/v2\/users\/1"}],"replies":[{"embeddable":true,"href":"https:\/\/estyl.pl\/blog\/wp-json\/wp\/v2\/comments?post=17234"}],"version-history":[{"count":24,"href":"https:\/\/estyl.pl\/blog\/wp-json\/wp\/v2\/posts\/17234\/revisions"}],"predecessor-version":[{"id":31204,"href":"https:\/\/estyl.pl\/blog\/wp-json\/wp\/v2\/posts\/17234\/revisions\/31204"}],"wp:featuredmedia":[{"embeddable":true,"href":"https:\/\/estyl.pl\/blog\/wp-json\/wp\/v2\/media\/24864"}],"wp:attachment":[{"href":"https:\/\/estyl.pl\/blog\/wp-json\/wp\/v2\/media?parent=17234"}],"wp:term":[{"taxonomy":"category","embeddable":true,"href":"https:\/\/estyl.pl\/blog\/wp-json\/wp\/v2\/categories?post=17234"},{"taxonomy":"post_tag","embeddable":true,"href":"https:\/\/estyl.pl\/blog\/wp-json\/wp\/v2\/tags?post=17234"}],"curies":[{"name":"wp","href":"https:\/\/api.w.org\/{rel}","templated":true}]}}