{"id":17584,"date":"2013-04-05T11:55:44","date_gmt":"2013-04-05T10:55:44","guid":{"rendered":"https:\/\/estyl.pl\/blog\/?p=17584"},"modified":"2019-06-11T14:02:13","modified_gmt":"2019-06-11T12:02:13","slug":"ekstrakt-z-aloesu","status":"publish","type":"post","link":"https:\/\/estyl.pl\/blog\/ekstrakt-z-aloesu\/","title":{"rendered":"Ekstrakt z aloesu czyli aloes w kosmetykach"},"content":{"rendered":"<p><strong>Aloes, czyli <em>Aloe Barbadensis<\/em> lub <em>Aloe Vera<\/em> to ro\u015blina, kt\u00f3rej wyci\u0105gi i ekstrakty do\u015b\u0107 cz\u0119sto wykorzystuje si\u0119 w przemy\u015ble kosmetycznym. Aloes nale\u017cy do silnych antyoksydant\u00f3w (witaminy A, C, E) oraz substancji o w\u0142a\u015bciwo\u015bciach nawil\u017caj\u0105co-regeneruj\u0105cych. Aloes w kosmetykach nawil\u017caj\u0105cych jest bardzo popularnym sk\u0142adnikiem.<\/strong><!--more--><\/p>\n<p>W sk\u0142adzie ekstraktu aloesu pozyskiwanego z jego li\u015bci, znajdziemy takie substancje, jak: witaminy z grupy B, beta karoten, cholina i witamina C; minera\u0142y ( m.in. wap\u0144, \u017celazo, potas, chrom); aminokwasy, nienasycone kwasy t\u0142uszczowe, substancje przeciwbakteryjne, przeciwb\u00f3lowe i przeciwzapalne; enzymy (amylaza, lipaza); ligniny, czyli substancje o dzia\u0142aniu penetracyjnym; odka\u017caj\u0105ce saponiny, czy cukry.<\/p>\n<p>&nbsp;<\/p>\n<div id=\"attachment_17601\" style=\"width: 585px\" class=\"wp-caption aligncenter\"><a href=\"https:\/\/estyl.pl\/blog\/wp-content\/uploads\/2013\/04\/ekstrakt_z_aloesu.jpg\" rel=\"lightbox[17584]\"><img aria-describedby=\"caption-attachment-17601\" decoding=\"async\" loading=\"lazy\" class=\"wp-image-17601 size-full\" title=\"Ekstrakt z aloesu\" src=\"https:\/\/estyl.pl\/blog\/wp-content\/uploads\/2013\/04\/ekstrakt_z_aloesu.jpg\" alt=\"\" width=\"575\" height=\"342\" srcset=\"https:\/\/estyl.pl\/blog\/wp-content\/uploads\/2013\/04\/ekstrakt_z_aloesu.jpg 575w, https:\/\/estyl.pl\/blog\/wp-content\/uploads\/2013\/04\/ekstrakt_z_aloesu-300x178.jpg 300w, https:\/\/estyl.pl\/blog\/wp-content\/uploads\/2013\/04\/ekstrakt_z_aloesu-261x155.jpg 261w\" sizes=\"(max-width: 575px) 100vw, 575px\" \/><\/a><p id=\"caption-attachment-17601\" class=\"wp-caption-text\">Ekstrakt z aloesu \/ \u00a9Piotr Marcinski &#8211; Fotolia.com<\/p><\/div>\n<p><strong>Sok i mi\u0105\u017csz aloesowy<\/strong> znajduje zastosowanie w medycynie, jak i w przemy\u015ble kosmetycznym. Ekstrakt aloesu to cz\u0119sty sk\u0142adnik krem\u00f3w do twarzy, balsam\u00f3w do cia\u0142a, szampon\u00f3w, masek oraz od\u017cywek do w\u0142os\u00f3w. <em><strong>Aloes w kosmetykach do piel\u0119gnacji w\u0142os\u00f3w, dzia\u0142a na kom\u00f3rki macierzy w\u0142osowej<\/strong><\/em>, stymuluj\u0105c procesy podzia\u0142\u00f3w kom\u00f3rkowych oraz wzrost nowych, mocnych w\u0142os\u00f3w.<\/p>\n<h3>Oto g\u0142\u00f3wne w\u0142a\u015bciwo\u015bci aloesu:<\/h3>\n<ul>\n<li>pobudza u\u015bpione mieszki w\u0142os\u00f3w (szampony, od\u017cywki i wcierki),<\/li>\n<li>stymuluje wzrost w\u0142os\u00f3w,<\/li>\n<li>regeneruje macierz w\u0142os\u00f3w,<\/li>\n<li>ma dzia\u0142anie anty\u0142upie\u017cowe,<\/li>\n<li>wykazuje w\u0142a\u015bciwo\u015bci penetracyjne w g\u0142\u0105b sk\u00f3ry,<\/li>\n<li>wzmacnia i nawil\u017ca <a href=\"https:\/\/estyl.pl\/wlosy\" data-internallinksmanager029f6b8e52c=\"2\" title=\"w\u0142osy\">w\u0142osy<\/a> oraz sk\u00f3r\u0119,<\/li>\n<li>koi podra\u017cnion\u0105 sk\u00f3r\u0119,<\/li>\n<li>\u0142agodzi poparzenia s\u0142oneczne i stany zapalne,<\/li>\n<li>wspomaga gojenie ran,<\/li>\n<li>wykazuje silne dzia\u0142anie antyoksydacyjne,<\/li>\n<li>spowalnia procesy starzenia,<\/li>\n<li>dzia\u0142a antybakteryjnie,<\/li>\n<li>regeneruje i odm\u0142adza sk\u00f3r\u0119,<\/li>\n<li>wspomaga leczenie tr\u0105dziku i zmian sk\u00f3rnych,<\/li>\n<li>utrzymuje w\u0142a\u015bciwe pH sk\u00f3ry,<\/li>\n<li>dzia\u0142a jako aktywator fibroblast\u00f3w, czyli kom\u00f3rek produkuj\u0105cych kolagen,<\/li>\n<li>stymuluje mikrokr\u0105\u017cenie podsk\u00f3rne,<\/li>\n<li>jest naturalnym filtrem UVA i UVB,<\/li>\n<li>dzia\u0142a antycellulitowo i wzmacnia tkank\u0119 \u0142\u0105czn\u0105.<\/li>\n<\/ul>\n<div class=\"minpic\"><a href=\"http:\/\/estyl.pl\/john-masters-organics-odzywka-bez-slukiwania-blask-i-miekosc-113g\" target=\"_blank\"><img decoding=\"async\" loading=\"lazy\" class=\"alignnone wp-image-14150 size-medium\" title=\"JMO Shine On\" src=\"https:\/\/estyl.pl\/blog\/wp-content\/uploads\/2012\/10\/jmo_shine-on-300x300.jpg\" alt=\"aloes w kosmetykach\" width=\"300\" height=\"300\" srcset=\"https:\/\/estyl.pl\/blog\/wp-content\/uploads\/2012\/10\/jmo_shine-on-300x300.jpg 300w, https:\/\/estyl.pl\/blog\/wp-content\/uploads\/2012\/10\/jmo_shine-on-150x150.jpg 150w, https:\/\/estyl.pl\/blog\/wp-content\/uploads\/2012\/10\/jmo_shine-on-261x261.jpg 261w, https:\/\/estyl.pl\/blog\/wp-content\/uploads\/2012\/10\/jmo_shine-on.jpg 480w\" sizes=\"(max-width: 300px) 100vw, 300px\" \/><\/a><a href=\"https:\/\/estyl.pl\/blog\/wp-content\/uploads\/2012\/09\/goldwell_dualsenses_green_real_moisture_shampoo.jpg\" rel=\"lightbox[17584]\"><img decoding=\"async\" loading=\"lazy\" class=\"alignnone wp-image-13177 size-medium\" title=\"aloes w kosmetykach\" src=\"https:\/\/estyl.pl\/blog\/wp-content\/uploads\/2012\/09\/goldwell_dualsenses_green_real_moisture_shampoo-300x300.jpg\" alt=\"aloes w kosmetykach\" width=\"300\" height=\"300\" srcset=\"https:\/\/estyl.pl\/blog\/wp-content\/uploads\/2012\/09\/goldwell_dualsenses_green_real_moisture_shampoo-300x300.jpg 300w, https:\/\/estyl.pl\/blog\/wp-content\/uploads\/2012\/09\/goldwell_dualsenses_green_real_moisture_shampoo-150x150.jpg 150w, https:\/\/estyl.pl\/blog\/wp-content\/uploads\/2012\/09\/goldwell_dualsenses_green_real_moisture_shampoo-261x261.jpg 261w, https:\/\/estyl.pl\/blog\/wp-content\/uploads\/2012\/09\/goldwell_dualsenses_green_real_moisture_shampoo.jpg 480w\" sizes=\"(max-width: 300px) 100vw, 300px\" \/><\/a><\/div>\n<p><strong>Polecamy<\/strong> nast\u0119puj\u0105ce kosmetyki z dodatkiem aloesu: od\u017cywk\u0119 nadaj\u0105c\u0105 w\u0142osom blask i mi\u0119kko\u015b\u0107 <a href=\"http:\/\/estyl.pl\/john-masters-organics-odzywka-bez-slukiwania-blask-i-miekosc-113g\" target=\"_blank\"><strong>John Masters Shine On<\/strong><\/a>, organiczny <a href=\"https:\/\/estyl.pl\/insight-dry-hair-nourishing-shampoo-szampon-odzywczy-400-ml\" data-internallinksmanager029f6b8e52c=\"8\" title=\"szampon nawil\u017caj\u0105cy\">szampon nawil\u017caj\u0105cy<\/a> <strong><a href=\"https:\/\/estyl.pl\/marka\/goldwell\" target=\"_blank\">Goldwell Dualsenses Green Real <\/a><\/strong>oraz\u00a0balsam do cia\u0142a\u00a0<a href=\"http:\/\/estyl.pl\/john-masters-organics-czerwona-pomarancza-and-wanilia-balsam-do-ciala-236-ml\" target=\"_blank\"><strong>John Masters Blood Orange &amp; Vanilla Body Milk<\/strong><\/a>\u00a0.\u00a0Ekstrakt aloesu to tak\u017ce podstawowa baza <strong>kosmetyk\u00f3w naturalnych Santaverde<\/strong>.<\/p>\n<p>&nbsp;<\/p>\n<p><a href=\"https:\/\/estyl.pl\/blog\/wp-content\/uploads\/2013\/04\/aloes-w-kosmetykach.jpg\" rel=\"lightbox[17584]\"><img decoding=\"async\" loading=\"lazy\" class=\"aligncenter wp-image-25317 size-full\" title=\"aloes w kosmetykach\" src=\"https:\/\/estyl.pl\/blog\/wp-content\/uploads\/2013\/04\/aloes-w-kosmetykach.jpg\" alt=\"aloes w kosmetykach\" width=\"755\" height=\"350\" srcset=\"https:\/\/estyl.pl\/blog\/wp-content\/uploads\/2013\/04\/aloes-w-kosmetykach.jpg 755w, https:\/\/estyl.pl\/blog\/wp-content\/uploads\/2013\/04\/aloes-w-kosmetykach-300x139.jpg 300w, https:\/\/estyl.pl\/blog\/wp-content\/uploads\/2013\/04\/aloes-w-kosmetykach-580x268.jpg 580w, https:\/\/estyl.pl\/blog\/wp-content\/uploads\/2013\/04\/aloes-w-kosmetykach-261x120.jpg 261w\" sizes=\"(max-width: 755px) 100vw, 755px\" \/><\/a><\/p>\n","protected":false},"excerpt":{"rendered":"<p>Aloes, czyli Aloe Barbadensis lub Aloe Vera to ro\u015blina, kt\u00f3rej wyci\u0105gi i ekstrakty do\u015b\u0107 cz\u0119sto wykorzystuje si\u0119 w przemy\u015ble kosmetycznym. Aloes nale\u017cy do silnych antyoksydant\u00f3w (witaminy A, C, E) oraz substancji o w\u0142a\u015bciwo\u015bciach nawil\u017caj\u0105co-regeneruj\u0105cych. Aloes w kosmetykach nawil\u017caj\u0105cych jest bardzo popularnym sk\u0142adnikiem.<\/p>\n","protected":false},"author":1,"featured_media":25317,"comment_status":"open","ping_status":"closed","sticky":false,"template":"","format":"standard","meta":{"_eb_attr":""},"categories":[34],"tags":[1427,2088],"acf":[],"yoast_head":"<!-- This site is optimized with the Yoast SEO plugin v20.8 - https:\/\/yoast.com\/wordpress\/plugins\/seo\/ -->\n<title>Aloes w kosmetykach czyli o ekstrakcie z aloesu<\/title>\n<meta name=\"description\" content=\"Aloes w kosmetykach nawil\u017caj\u0105cych jest bardzo popularnym sk\u0142adnikiem. Poznaj jego w\u0142a\u015bciwo\u015bci i dzia\u0142anie. DLaczego jest tak popularny. Przekonaj si\u0119 i ty!\" \/>\n<meta name=\"robots\" content=\"index, follow, max-snippet:-1, max-image-preview:large, max-video-preview:-1\" \/>\n<link rel=\"canonical\" href=\"https:\/\/estyl.pl\/blog\/ekstrakt-z-aloesu\/\" \/>\n<meta property=\"og:locale\" content=\"pl_PL\" \/>\n<meta property=\"og:type\" content=\"article\" \/>\n<meta property=\"og:title\" content=\"Aloes w kosmetykach czyli o ekstrakcie z aloesu\" \/>\n<meta property=\"og:description\" content=\"Aloes w kosmetykach nawil\u017caj\u0105cych jest bardzo popularnym sk\u0142adnikiem. Poznaj jego w\u0142a\u015bciwo\u015bci i dzia\u0142anie. DLaczego jest tak popularny. Przekonaj si\u0119 i ty!\" \/>\n<meta property=\"og:url\" content=\"https:\/\/estyl.pl\/blog\/ekstrakt-z-aloesu\/\" \/>\n<meta property=\"og:site_name\" content=\"Blog | Estyl.pl\" \/>\n<meta property=\"article:published_time\" content=\"2013-04-05T10:55:44+00:00\" \/>\n<meta property=\"article:modified_time\" content=\"2019-06-11T12:02:13+00:00\" \/>\n<meta property=\"og:image\" content=\"https:\/\/estyl.pl\/blog\/wp-content\/uploads\/2013\/04\/aloes-w-kosmetykach.jpg\" \/>\n\t<meta property=\"og:image:width\" content=\"755\" \/>\n\t<meta property=\"og:image:height\" content=\"350\" \/>\n\t<meta property=\"og:image:type\" content=\"image\/jpeg\" \/>\n<meta name=\"author\" content=\"admin\" \/>\n<meta name=\"twitter:label1\" content=\"Napisane przez\" \/>\n\t<meta name=\"twitter:data1\" content=\"admin\" \/>\n\t<meta name=\"twitter:label2\" content=\"Szacowany czas czytania\" \/>\n\t<meta name=\"twitter:data2\" content=\"2 minuty\" \/>\n<script type=\"application\/ld+json\" class=\"yoast-schema-graph\">{\"@context\":\"https:\/\/schema.org\",\"@graph\":[{\"@type\":\"WebPage\",\"@id\":\"https:\/\/estyl.pl\/blog\/ekstrakt-z-aloesu\/\",\"url\":\"https:\/\/estyl.pl\/blog\/ekstrakt-z-aloesu\/\",\"name\":\"Aloes w kosmetykach czyli o ekstrakcie z aloesu\",\"isPartOf\":{\"@id\":\"https:\/\/estyl.pl\/blog\/#website\"},\"datePublished\":\"2013-04-05T10:55:44+00:00\",\"dateModified\":\"2019-06-11T12:02:13+00:00\",\"author\":{\"@id\":\"https:\/\/estyl.pl\/blog\/#\/schema\/person\/22fff2064045ce23be580e18ca255220\"},\"description\":\"Aloes w kosmetykach nawil\u017caj\u0105cych jest bardzo popularnym sk\u0142adnikiem. Poznaj jego w\u0142a\u015bciwo\u015bci i dzia\u0142anie. DLaczego jest tak popularny. Przekonaj si\u0119 i ty!\",\"breadcrumb\":{\"@id\":\"https:\/\/estyl.pl\/blog\/ekstrakt-z-aloesu\/#breadcrumb\"},\"inLanguage\":\"pl-PL\",\"potentialAction\":[{\"@type\":\"ReadAction\",\"target\":[\"https:\/\/estyl.pl\/blog\/ekstrakt-z-aloesu\/\"]}]},{\"@type\":\"BreadcrumbList\",\"@id\":\"https:\/\/estyl.pl\/blog\/ekstrakt-z-aloesu\/#breadcrumb\",\"itemListElement\":[{\"@type\":\"ListItem\",\"position\":1,\"name\":\"Leksykon kosmetyczny\",\"item\":\"https:\/\/estyl.pl\/blog\/leksykon-kosmetyczny\/\"},{\"@type\":\"ListItem\",\"position\":2,\"name\":\"Ekstrakt z aloesu czyli aloes w kosmetykach\"}]},{\"@type\":\"WebSite\",\"@id\":\"https:\/\/estyl.pl\/blog\/#website\",\"url\":\"https:\/\/estyl.pl\/blog\/\",\"name\":\"Blog | Estyl.pl\",\"description\":\"Kosmetyki do w\u0142os\u00f3w, porady, piel\u0119gnacja, stylizacja\",\"potentialAction\":[{\"@type\":\"SearchAction\",\"target\":{\"@type\":\"EntryPoint\",\"urlTemplate\":\"https:\/\/estyl.pl\/blog\/?s={search_term_string}\"},\"query-input\":\"required name=search_term_string\"}],\"inLanguage\":\"pl-PL\"},{\"@type\":\"Person\",\"@id\":\"https:\/\/estyl.pl\/blog\/#\/schema\/person\/22fff2064045ce23be580e18ca255220\",\"name\":\"admin\",\"url\":\"https:\/\/estyl.pl\/blog\/author\/admin\/\"}]}<\/script>\n<!-- \/ Yoast SEO plugin. -->","yoast_head_json":{"title":"Aloes w kosmetykach czyli o ekstrakcie z aloesu","description":"Aloes w kosmetykach nawil\u017caj\u0105cych jest bardzo popularnym sk\u0142adnikiem. Poznaj jego w\u0142a\u015bciwo\u015bci i dzia\u0142anie. DLaczego jest tak popularny. Przekonaj si\u0119 i ty!","robots":{"index":"index","follow":"follow","max-snippet":"max-snippet:-1","max-image-preview":"max-image-preview:large","max-video-preview":"max-video-preview:-1"},"canonical":"https:\/\/estyl.pl\/blog\/ekstrakt-z-aloesu\/","og_locale":"pl_PL","og_type":"article","og_title":"Aloes w kosmetykach czyli o ekstrakcie z aloesu","og_description":"Aloes w kosmetykach nawil\u017caj\u0105cych jest bardzo popularnym sk\u0142adnikiem. Poznaj jego w\u0142a\u015bciwo\u015bci i dzia\u0142anie. DLaczego jest tak popularny. Przekonaj si\u0119 i ty!","og_url":"https:\/\/estyl.pl\/blog\/ekstrakt-z-aloesu\/","og_site_name":"Blog | Estyl.pl","article_published_time":"2013-04-05T10:55:44+00:00","article_modified_time":"2019-06-11T12:02:13+00:00","og_image":[{"width":755,"height":350,"url":"https:\/\/estyl.pl\/blog\/wp-content\/uploads\/2013\/04\/aloes-w-kosmetykach.jpg","type":"image\/jpeg"}],"author":"admin","twitter_misc":{"Napisane przez":"admin","Szacowany czas czytania":"2 minuty"},"schema":{"@context":"https:\/\/schema.org","@graph":[{"@type":"WebPage","@id":"https:\/\/estyl.pl\/blog\/ekstrakt-z-aloesu\/","url":"https:\/\/estyl.pl\/blog\/ekstrakt-z-aloesu\/","name":"Aloes w kosmetykach czyli o ekstrakcie z aloesu","isPartOf":{"@id":"https:\/\/estyl.pl\/blog\/#website"},"datePublished":"2013-04-05T10:55:44+00:00","dateModified":"2019-06-11T12:02:13+00:00","author":{"@id":"https:\/\/estyl.pl\/blog\/#\/schema\/person\/22fff2064045ce23be580e18ca255220"},"description":"Aloes w kosmetykach nawil\u017caj\u0105cych jest bardzo popularnym sk\u0142adnikiem. Poznaj jego w\u0142a\u015bciwo\u015bci i dzia\u0142anie. DLaczego jest tak popularny. Przekonaj si\u0119 i ty!","breadcrumb":{"@id":"https:\/\/estyl.pl\/blog\/ekstrakt-z-aloesu\/#breadcrumb"},"inLanguage":"pl-PL","potentialAction":[{"@type":"ReadAction","target":["https:\/\/estyl.pl\/blog\/ekstrakt-z-aloesu\/"]}]},{"@type":"BreadcrumbList","@id":"https:\/\/estyl.pl\/blog\/ekstrakt-z-aloesu\/#breadcrumb","itemListElement":[{"@type":"ListItem","position":1,"name":"Leksykon kosmetyczny","item":"https:\/\/estyl.pl\/blog\/leksykon-kosmetyczny\/"},{"@type":"ListItem","position":2,"name":"Ekstrakt z aloesu czyli aloes w kosmetykach"}]},{"@type":"WebSite","@id":"https:\/\/estyl.pl\/blog\/#website","url":"https:\/\/estyl.pl\/blog\/","name":"Blog | Estyl.pl","description":"Kosmetyki do w\u0142os\u00f3w, porady, piel\u0119gnacja, stylizacja","potentialAction":[{"@type":"SearchAction","target":{"@type":"EntryPoint","urlTemplate":"https:\/\/estyl.pl\/blog\/?s={search_term_string}"},"query-input":"required name=search_term_string"}],"inLanguage":"pl-PL"},{"@type":"Person","@id":"https:\/\/estyl.pl\/blog\/#\/schema\/person\/22fff2064045ce23be580e18ca255220","name":"admin","url":"https:\/\/estyl.pl\/blog\/author\/admin\/"}]}},"_links":{"self":[{"href":"https:\/\/estyl.pl\/blog\/wp-json\/wp\/v2\/posts\/17584"}],"collection":[{"href":"https:\/\/estyl.pl\/blog\/wp-json\/wp\/v2\/posts"}],"about":[{"href":"https:\/\/estyl.pl\/blog\/wp-json\/wp\/v2\/types\/post"}],"author":[{"embeddable":true,"href":"https:\/\/estyl.pl\/blog\/wp-json\/wp\/v2\/users\/1"}],"replies":[{"embeddable":true,"href":"https:\/\/estyl.pl\/blog\/wp-json\/wp\/v2\/comments?post=17584"}],"version-history":[{"count":29,"href":"https:\/\/estyl.pl\/blog\/wp-json\/wp\/v2\/posts\/17584\/revisions"}],"predecessor-version":[{"id":31099,"href":"https:\/\/estyl.pl\/blog\/wp-json\/wp\/v2\/posts\/17584\/revisions\/31099"}],"wp:featuredmedia":[{"embeddable":true,"href":"https:\/\/estyl.pl\/blog\/wp-json\/wp\/v2\/media\/25317"}],"wp:attachment":[{"href":"https:\/\/estyl.pl\/blog\/wp-json\/wp\/v2\/media?parent=17584"}],"wp:term":[{"taxonomy":"category","embeddable":true,"href":"https:\/\/estyl.pl\/blog\/wp-json\/wp\/v2\/categories?post=17584"},{"taxonomy":"post_tag","embeddable":true,"href":"https:\/\/estyl.pl\/blog\/wp-json\/wp\/v2\/tags?post=17584"}],"curies":[{"name":"wp","href":"https:\/\/api.w.org\/{rel}","templated":true}]}}