{"id":17864,"date":"2013-04-10T08:30:04","date_gmt":"2013-04-10T06:30:04","guid":{"rendered":"https:\/\/estyl.pl\/blog\/?p=17864"},"modified":"2020-09-04T13:57:43","modified_gmt":"2020-09-04T11:57:43","slug":"jak-rozpoznac-rodzaj-wlosow-wlosy-suche","status":"publish","type":"post","link":"https:\/\/estyl.pl\/blog\/jak-rozpoznac-rodzaj-wlosow-wlosy-suche\/","title":{"rendered":"Jak rozpozna\u0107 rodzaj w\u0142os\u00f3w: w\u0142osy suche"},"content":{"rendered":"<h3>W\u0142osy dzielimy na kilka podstawowych grup, kt\u00f3rych okre\u015blenie nie sprawia wi\u0119kszo\u015bci z nas k\u0142opotu. Dylemat pojawia si\u0119 w\u00f3wczas, gdy fryzura nie chce si\u0119 uk\u0142ada\u0107, a w\u0142osy sprawiaj\u0105 coraz wi\u0119cej problem\u00f3w. W\u0142osy mog\u0105 si\u0119 zmienia\u0107 na przestrzeni lat, co wymusza tak\u017ce zmian\u0119 ich piel\u0119gnacji. Dzi\u015b o tym, jak rozpozna\u0107 i dba\u0107 o w\u0142osy suche.<\/h3>\n<h3><!--more--><\/h3>\n<h3>Jak rozpozna\u0107 w\u0142osy suche?<\/h3>\n<p><a href=\"https:\/\/estyl.pl\/blog\/wp-content\/uploads\/2012\/10\/kerastase_bain_satin_1.jpg\" target=\"_blank\" rel=\"noopener noreferrer\" rel=\"lightbox[17864]\"><img decoding=\"async\" loading=\"lazy\" class=\"alignleft wp-image-14241 size-thumbnail\" title=\"K\u00e9rastase Bain Satin 1\" src=\"https:\/\/estyl.pl\/blog\/wp-content\/uploads\/2012\/10\/kerastase_bain_satin_1-150x150.jpg\" alt=\"w\u0142osy suche\" width=\"150\" height=\"150\" srcset=\"https:\/\/estyl.pl\/blog\/wp-content\/uploads\/2012\/10\/kerastase_bain_satin_1-150x150.jpg 150w, https:\/\/estyl.pl\/blog\/wp-content\/uploads\/2012\/10\/kerastase_bain_satin_1-300x300.jpg 300w, https:\/\/estyl.pl\/blog\/wp-content\/uploads\/2012\/10\/kerastase_bain_satin_1-261x261.jpg 261w, https:\/\/estyl.pl\/blog\/wp-content\/uploads\/2012\/10\/kerastase_bain_satin_1.jpg 480w\" sizes=\"(max-width: 150px) 100vw, 150px\" \/><\/a><strong>W\u0142osy suche s\u0105 zwykle nieprzyjemne w dotyku, sianowate i zbyt szorstkie<\/strong>, co spowodowane jest rozchylonymi \u0142uskami pojedynczych w\u0142os\u00f3w. W\u0142osom suchym cz\u0119sto <em><strong>brakuje po\u0142ysku i spr\u0119\u017cysto\u015bci<\/strong><\/em>, kt\u00f3ra dana jest czuprynom z wysokim stopniem nawil\u017cenia. W przypadku w\u0142os\u00f3w suchych odpowiada za to zbyt <strong>ma\u0142a produkcja sebum<\/strong>, czyli substancji, kt\u00f3ra chroni trzon w\u0142os\u00f3w przed ucieczk\u0105 wilgoci. <strong>To sprawia, \u017ce w\u0142osy suche mo\u017cna my\u0107 rzadziej<\/strong>, ale wskutek niskiego poziomu wilgotno\u015bci, do\u015b\u0107 cz\u0119sto si\u0119 \u0142ami\u0105, krusz\u0105 oraz nadmiernie elektryzuj\u0105. <strong>Gdy przeci\u0105gniemy pod palcem suchy w\u0142os<\/strong> w przeciwn\u0105 stron\u0119, czyli od ko\u0144ca do g\u00f3ry, wyra\u017anie mo\u017cna wyczu\u0107 du\u017ce szczeliny i chropowato\u015b\u0107. To wyra\u017ana oznaka przesuszenia w\u0142os\u00f3w.<\/p>\n<p><strong>W\u0142osy suche z natury, czyli ma\u0142o elastyczne i\u00a0 ma\u0142o l\u015bni\u0105ce<\/strong> mog\u0105 sta\u0107 si\u0119 jeszcze bardziej suche pod wp\u0142ywem niew\u0142a\u015bciwej piel\u0119gnacji. Przesuszeniu mo\u017ce ulec ka\u017cdy rodzaj w\u0142os\u00f3w, o ile obchodzimy si\u0119 z nimi niew\u0142a\u015bciwie. <strong>Czynniki zewn\u0119trzne<\/strong>, takie jak chlorowana woda, zbyt du\u017co solarium lub s\u0142o\u0144ca, a tak\u017ce <strong>zabiegi<\/strong>, jak koloryzacja, rozja\u015bnianie lub codzienne korzystanie z lok\u00f3wek, czy prostownic mog\u0105 doprowadzi\u0107 do przesuszenia w\u0142os\u00f3w i efektu \u201esiana na g\u0142owie\u201d. <strong>W\u0142a\u015bcicielki w\u0142os\u00f3w suchych cz\u0119sto cierpi\u0105 z powodu<\/strong> przesuszenia sk\u00f3ry g\u0142owy, co wywo\u0142ane jest produkcj\u0105 zbyt ma\u0142ej ilo\u015bci sebum. <strong>Sucha sk\u00f3ra g\u0142owy<\/strong> bardzo cz\u0119sto jest do\u015b\u0107 napi\u0119ta i \u0142atwo ulega \u015bwi\u0105dowi. Nierzadko wyst\u0119puje te\u017c na na ich <em><strong>\u0142upie\u017c suchy<\/strong><\/em>, co wywo\u0142ane jest zbyt agresywnymi \u015brodkami myj\u0105cymi i stosowaniem za du\u017cej ilo\u015bci szamponu, z racji rzadszego mycia g\u0142owy.<\/p>\n<div class=\"minpic\"><a href=\"https:\/\/estyl.pl\/blog\/wp-content\/uploads\/2013\/04\/Loreal_Riche_Macadamia_Shampoo.jpg\" target=\"_blank\" rel=\"noopener noreferrer\" rel=\"lightbox[17864]\"><img decoding=\"async\" loading=\"lazy\" class=\"alignnone wp-image-17881 size-thumbnail\" title=\"Loreal Riche Macadamia Shampoo\" src=\"https:\/\/estyl.pl\/blog\/wp-content\/uploads\/2013\/04\/Loreal_Riche_Macadamia_Shampoo-150x150.jpg\" alt=\"w\u0142osy suche\" width=\"150\" height=\"150\" srcset=\"https:\/\/estyl.pl\/blog\/wp-content\/uploads\/2013\/04\/Loreal_Riche_Macadamia_Shampoo-150x150.jpg 150w, https:\/\/estyl.pl\/blog\/wp-content\/uploads\/2013\/04\/Loreal_Riche_Macadamia_Shampoo-300x300.jpg 300w, https:\/\/estyl.pl\/blog\/wp-content\/uploads\/2013\/04\/Loreal_Riche_Macadamia_Shampoo-261x261.jpg 261w, https:\/\/estyl.pl\/blog\/wp-content\/uploads\/2013\/04\/Loreal_Riche_Macadamia_Shampoo.jpg 480w\" sizes=\"(max-width: 150px) 100vw, 150px\" \/><\/a><a href=\"https:\/\/estyl.pl\/blog\/wp-content\/uploads\/2012\/03\/redken_extreme_shampoo.jpg\" target=\"_blank\" rel=\"noopener noreferrer\" rel=\"lightbox[17864]\"><img decoding=\"async\" loading=\"lazy\" class=\"alignnone wp-image-7938 size-thumbnail\" title=\"Redken Extreme Shampoo\" src=\"https:\/\/estyl.pl\/blog\/wp-content\/uploads\/2012\/03\/redken_extreme_shampoo-150x150.jpg\" alt=\"w\u0142osy suche\" width=\"150\" height=\"150\" srcset=\"https:\/\/estyl.pl\/blog\/wp-content\/uploads\/2012\/03\/redken_extreme_shampoo-150x150.jpg 150w, https:\/\/estyl.pl\/blog\/wp-content\/uploads\/2012\/03\/redken_extreme_shampoo-300x300.jpg 300w, https:\/\/estyl.pl\/blog\/wp-content\/uploads\/2012\/03\/redken_extreme_shampoo-261x261.jpg 261w, https:\/\/estyl.pl\/blog\/wp-content\/uploads\/2012\/03\/redken_extreme_shampoo.jpg 480w\" sizes=\"(max-width: 150px) 100vw, 150px\" \/><\/a><a href=\"https:\/\/estyl.pl\/blog\/wp-content\/uploads\/2013\/04\/JMO_Evening-Primrose-Shampoo.jpg\" target=\"_blank\" rel=\"noopener noreferrer\" rel=\"lightbox[17864]\"><img decoding=\"async\" loading=\"lazy\" class=\"alignnone wp-image-17882 size-thumbnail\" title=\"JMO Evening Primrose Shampoo\" src=\"https:\/\/estyl.pl\/blog\/wp-content\/uploads\/2013\/04\/JMO_Evening-Primrose-Shampoo-150x150.jpg\" alt=\"w\u0142osy suche\" width=\"150\" height=\"150\" srcset=\"https:\/\/estyl.pl\/blog\/wp-content\/uploads\/2013\/04\/JMO_Evening-Primrose-Shampoo-150x150.jpg 150w, https:\/\/estyl.pl\/blog\/wp-content\/uploads\/2013\/04\/JMO_Evening-Primrose-Shampoo-300x300.jpg 300w, https:\/\/estyl.pl\/blog\/wp-content\/uploads\/2013\/04\/JMO_Evening-Primrose-Shampoo-261x261.jpg 261w, https:\/\/estyl.pl\/blog\/wp-content\/uploads\/2013\/04\/JMO_Evening-Primrose-Shampoo.jpg 480w\" sizes=\"(max-width: 150px) 100vw, 150px\" \/><\/a><\/div>\n<p><strong>Do mycia w\u0142os\u00f3w suchych polecamy:<\/strong> k\u0105piel od\u017cywcz\u0105 do w\u0142os\u00f3w suchych i uwra\u017cliwionych <a href=\"https:\/\/estyl.pl\/kerastase-bain-satin-1-kapiel-odzywcza-do-wlosow-lekko-suchych-i-uwrazliwionych-250-ml\" target=\"_blank\" rel=\"noopener noreferrer\"><strong>K\u00e9rastase Bain Satin 1<\/strong><\/a>, szampon od\u017cywiaj\u0105cy\u00a0w\u0142osy suche <strong><a title=\"L'Oreal Intense Repair\" href=\"https:\/\/estyl.pl\/nutrifier-szampon-do-wlosow-suchych-i-przesuszonych-1500ml\" target=\"_blank\" rel=\"noopener noreferrer\">L&#8217;Oreal Intense Repair<\/a>\u00a0<\/strong>oraz organiczny szampon nawil\u017caj\u0105cy w\u0142osy suche i dbaj\u0105cy o kondycj\u0119 sk\u00f3ry g\u0142owy <a href=\"https:\/\/estyl.pl\/john-masters-organics-wieczorny-pierwiosnek-szampon-do-wlosow-suchych-236ml\" target=\"_blank\" rel=\"noopener noreferrer\"><strong>John Masters Organics Wieczorny Pierwiosnek<\/strong><\/a>.<\/p>\n<h3>G\u0142\u00f3wne zasady piel\u0119gnacji<\/h3>\n<p><a href=\"https:\/\/estyl.pl\/blog\/wp-content\/uploads\/2012\/09\/alterna_bamboo_smooth_kendi_oil.jpg\" target=\"_blank\" rel=\"noopener noreferrer\" rel=\"lightbox[17864]\"><img decoding=\"async\" loading=\"lazy\" class=\"alignleft wp-image-12993 size-thumbnail\" title=\"Alterna Bamboo Smooth Kendi Oil\" src=\"https:\/\/estyl.pl\/blog\/wp-content\/uploads\/2012\/09\/alterna_bamboo_smooth_kendi_oil-150x150.jpg\" alt=\"w\u0142osy suche\" width=\"150\" height=\"150\" srcset=\"https:\/\/estyl.pl\/blog\/wp-content\/uploads\/2012\/09\/alterna_bamboo_smooth_kendi_oil-150x150.jpg 150w, https:\/\/estyl.pl\/blog\/wp-content\/uploads\/2012\/09\/alterna_bamboo_smooth_kendi_oil-300x300.jpg 300w, https:\/\/estyl.pl\/blog\/wp-content\/uploads\/2012\/09\/alterna_bamboo_smooth_kendi_oil-261x261.jpg 261w, https:\/\/estyl.pl\/blog\/wp-content\/uploads\/2012\/09\/alterna_bamboo_smooth_kendi_oil.jpg 480w\" sizes=\"(max-width: 150px) 100vw, 150px\" \/><\/a><strong>W\u0142osy suche cz\u0119sto wygl\u0105daj\u0105 wizualnie jak wieche\u0107 s\u0142omy<\/strong>, przypominaj\u0105c odwodnion\u0105 ro\u015blink\u0119. Z jednej strony osoby z w\u0142osami suchymi mog\u0105 pozwoli\u0107 sobie na rzadsze mycie czupryny, nawet do 1 lub 2 raz\u00f3w w tygodniu, z drugiej powinny zadba\u0107 o ich odpowiednie nawil\u017cenie i regeneracj\u0119. <em><strong>W\u0142osy suche wymagaj\u0105 wysokiej jako\u015bci sk\u0142adnik\u00f3w i ekstrakt\u00f3w ju\u017c na etapie mycia<\/strong><\/em>, nie lubi\u0105 te\u017c mocno oczyszczaj\u0105cych szampon\u00f3w, kt\u00f3re naruszaj\u0105 ich r\u00f3wnowag\u0119 hydrolipidow\u0105. Z kolei rzadkie mycie wymusza cz\u0119sto stosowanie silnie odt\u0142uszczaj\u0105cych szampon\u00f3w. To du\u017cy b\u0142\u0105d. <strong>Warto szuka\u0107 w sk\u0142adnikach szampon\u00f3w do w\u0142os\u00f3w suchych<\/strong> nawil\u017caj\u0105cych olej\u00f3w, humektant\u00f3w (aloes, mi\u00f3d) i witamin, pami\u0119taj\u0105c, by nie nadu\u017cywa\u0107 jego ilo\u015bci podczas mycia g\u0142owy.<\/p>\n<h3><strong>W\u0142osy suche to cz\u0119sto w\u0142osy zniszczone i przesuszone, loki oraz fale<\/strong> &#8211; dlatego jak \u017cadne inne wymagaj\u0105 odpowiedniej dawki od\u017cywczych protein i nawil\u017caj\u0105cych humektant\u00f3w, zawartych w od\u017cywkach i maskach do w\u0142os\u00f3w.<\/h3>\n<p>Ich g\u0142\u00f3wne zadanie to <em><strong>nawodnienie w\u0142os\u00f3w, zamkni\u0119cie rozchylonych \u0142usek i dodanie fryzurze blasku<\/strong><\/em>. W\u0142osy suche i przesuszone z racji podatno\u015bci na mikrouszkodzenia i zniszczenia, potrzebuj\u0105 tak\u017ce kosmetyk\u00f3w ochronnych, jak <strong>olejek, krem do w\u0142os\u00f3w, czy serum<\/strong>.<\/p>\n<div class=\"minpic\"><a href=\"https:\/\/estyl.pl\/blog\/wp-content\/uploads\/2013\/04\/Alterna_Ten_Conditioner.jpg\" target=\"_blank\" rel=\"noopener noreferrer\" rel=\"lightbox[17864]\"><img decoding=\"async\" loading=\"lazy\" class=\"alignnone wp-image-17884 size-thumbnail\" title=\"Alterna Ten Conditioner\" src=\"https:\/\/estyl.pl\/blog\/wp-content\/uploads\/2013\/04\/Alterna_Ten_Conditioner-150x150.jpg\" alt=\"w\u0142osy suche\" width=\"150\" height=\"150\" srcset=\"https:\/\/estyl.pl\/blog\/wp-content\/uploads\/2013\/04\/Alterna_Ten_Conditioner-150x150.jpg 150w, https:\/\/estyl.pl\/blog\/wp-content\/uploads\/2013\/04\/Alterna_Ten_Conditioner-300x300.jpg 300w, https:\/\/estyl.pl\/blog\/wp-content\/uploads\/2013\/04\/Alterna_Ten_Conditioner-261x261.jpg 261w, https:\/\/estyl.pl\/blog\/wp-content\/uploads\/2013\/04\/Alterna_Ten_Conditioner.jpg 480w\" sizes=\"(max-width: 150px) 100vw, 150px\" \/><\/a><a href=\"https:\/\/estyl.pl\/blog\/wp-content\/uploads\/2012\/03\/kerastase_nectar_thermique.jpg\" target=\"_blank\" rel=\"noopener noreferrer\" rel=\"lightbox[17864]\"><img decoding=\"async\" loading=\"lazy\" class=\"alignnone wp-image-8042 size-thumbnail\" title=\"K\u00e9rastase Nectar Thermique\" src=\"https:\/\/estyl.pl\/blog\/wp-content\/uploads\/2012\/03\/kerastase_nectar_thermique-150x150.jpg\" alt=\"w\u0142osy suche\" width=\"150\" height=\"150\" srcset=\"https:\/\/estyl.pl\/blog\/wp-content\/uploads\/2012\/03\/kerastase_nectar_thermique-150x150.jpg 150w, https:\/\/estyl.pl\/blog\/wp-content\/uploads\/2012\/03\/kerastase_nectar_thermique-300x300.jpg 300w, https:\/\/estyl.pl\/blog\/wp-content\/uploads\/2012\/03\/kerastase_nectar_thermique-261x261.jpg 261w, https:\/\/estyl.pl\/blog\/wp-content\/uploads\/2012\/03\/kerastase_nectar_thermique.jpg 480w\" sizes=\"(max-width: 150px) 100vw, 150px\" \/><\/a><a href=\"https:\/\/estyl.pl\/blog\/wp-content\/uploads\/2013\/04\/Alterna_Caviar_RepairX_Masque.jpg\" target=\"_blank\" rel=\"noopener noreferrer\" rel=\"lightbox[17864]\"><img decoding=\"async\" loading=\"lazy\" class=\"alignnone wp-image-17885 size-thumbnail\" title=\"Alterna Caviar RepairX Masque\" src=\"https:\/\/estyl.pl\/blog\/wp-content\/uploads\/2013\/04\/Alterna_Caviar_RepairX_Masque-150x150.jpg\" alt=\"w\u0142osy suche\" width=\"150\" height=\"150\" \/><\/a><\/div>\n<p><strong>Do od\u017cywiania w\u0142os\u00f3w suchych polecamy:<\/strong> olejek wzmacniaj\u0105co-wyg\u0142adzaj\u0105cy <a href=\"https:\/\/estyl.pl\/davines-oi-oil-olejek-do-wlosow-50ml\" target=\"_blank\" rel=\"noopener noreferrer\">Davines Oi Oil olejek do w\u0142os\u00f3w,<\/a> od\u017cywk\u0119 silnie nawil\u017caj\u0105c\u0105 <a href=\"https:\/\/estyl.pl\/marka\/alterna\" target=\"_blank\" rel=\"noopener noreferrer\"><strong>Alterna TEN Conditioner<\/strong><\/a>, nektar termiczny do w\u0142os\u00f3w suchych <a href=\"https:\/\/estyl.pl\/kerastase-nectar-thermique-nektar-termiczny-150-ml\" target=\"_blank\" rel=\"noopener noreferrer\"><strong>K\u00e9rastase Nectar Thermique<\/strong><\/a> oraz kuracj\u0119 g\u0142\u0119boko odbudowuj\u0105c\u0105 w\u0142osy zniszczone i suche <a href=\"https:\/\/estyl.pl\/alterna-caviar-repair-rx-micro-bead-fill-fix-treatment-masque-kuracja-do-wlosow-bardzo-zniszczonych-150ml\" target=\"_blank\" rel=\"noopener noreferrer\"><strong>Alterna Caviar Repair Rx Micro-Bead Fill<\/strong><\/a>.<\/p>\n<p><strong>Zapami\u0119taj, w\u0142osy suche:<\/strong><\/p>\n<ul>\n<li>nie przet\u0142uszczaj\u0105 si\u0119,<\/li>\n<li>s\u0105 szorstkie i matowe,<\/li>\n<li>brak im po\u0142ysku i elastyczno\u015bci,<\/li>\n<li>s\u0105 odwodnione i cz\u0119sto si\u0119 pusz\u0105,<\/li>\n<li>cierpi\u0105 na \u0142upie\u017c lub problemy sk\u00f3ry g\u0142owy,<\/li>\n<li>wymagaj\u0105 delikatnego traktowania.<\/li>\n<\/ul>\n","protected":false},"excerpt":{"rendered":"<p>W\u0142osy dzielimy na kilka podstawowych grup, kt\u00f3rych okre\u015blenie nie sprawia wi\u0119kszo\u015bci z nas k\u0142opotu. Dylemat pojawia si\u0119 w\u00f3wczas, gdy fryzura nie chce si\u0119 uk\u0142ada\u0107, a w\u0142osy sprawiaj\u0105 coraz wi\u0119cej problem\u00f3w. W\u0142osy mog\u0105 si\u0119 zmienia\u0107 na przestrzeni lat, co wymusza tak\u017ce zmian\u0119 ich piel\u0119gnacji. Dzi\u015b o tym, jak rozpozna\u0107 i dba\u0107 o w\u0142osy suche.<\/p>\n","protected":false},"author":1,"featured_media":27012,"comment_status":"open","ping_status":"closed","sticky":false,"template":"","format":"standard","meta":{"_eb_attr":""},"categories":[4],"tags":[2327,820,69],"acf":[],"yoast_head":"<!-- This site is optimized with the Yoast SEO plugin v20.8 - https:\/\/yoast.com\/wordpress\/plugins\/seo\/ -->\n<title>Jak rozpozna\u0107 rodzaj w\u0142os\u00f3w: w\u0142osy suche<\/title>\n<meta name=\"description\" content=\"W\u0142osy suche s\u0105 \u0142amliwe, porowate i nieprzyjemne w dotyku. \u0141atwo si\u0119 pusz\u0105 i elektryzuj\u0105. Jak zapobiec problemom z w\u0142osami suchymi?\" \/>\n<meta name=\"robots\" content=\"index, follow, max-snippet:-1, max-image-preview:large, max-video-preview:-1\" \/>\n<link rel=\"canonical\" href=\"https:\/\/estyl.pl\/blog\/jak-rozpoznac-rodzaj-wlosow-wlosy-suche\/\" \/>\n<meta property=\"og:locale\" content=\"pl_PL\" \/>\n<meta property=\"og:type\" content=\"article\" \/>\n<meta property=\"og:title\" content=\"Jak rozpozna\u0107 rodzaj w\u0142os\u00f3w: w\u0142osy suche\" \/>\n<meta property=\"og:description\" content=\"W\u0142osy suche s\u0105 \u0142amliwe, porowate i nieprzyjemne w dotyku. \u0141atwo si\u0119 pusz\u0105 i elektryzuj\u0105. Jak zapobiec problemom z w\u0142osami suchymi?\" \/>\n<meta property=\"og:url\" content=\"https:\/\/estyl.pl\/blog\/jak-rozpoznac-rodzaj-wlosow-wlosy-suche\/\" \/>\n<meta property=\"og:site_name\" content=\"Blog | Estyl.pl\" \/>\n<meta property=\"article:published_time\" content=\"2013-04-10T06:30:04+00:00\" \/>\n<meta property=\"article:modified_time\" content=\"2020-09-04T11:57:43+00:00\" \/>\n<meta property=\"og:image\" content=\"https:\/\/estyl.pl\/blog\/wp-content\/uploads\/2013\/04\/suche.jpg\" \/>\n\t<meta property=\"og:image:width\" content=\"755\" \/>\n\t<meta property=\"og:image:height\" content=\"320\" \/>\n\t<meta property=\"og:image:type\" content=\"image\/jpeg\" \/>\n<meta name=\"author\" content=\"admin\" \/>\n<meta name=\"twitter:label1\" content=\"Napisane przez\" \/>\n\t<meta name=\"twitter:data1\" content=\"admin\" \/>\n\t<meta name=\"twitter:label2\" content=\"Szacowany czas czytania\" \/>\n\t<meta name=\"twitter:data2\" content=\"4 minuty\" \/>\n<script type=\"application\/ld+json\" class=\"yoast-schema-graph\">{\"@context\":\"https:\/\/schema.org\",\"@graph\":[{\"@type\":\"WebPage\",\"@id\":\"https:\/\/estyl.pl\/blog\/jak-rozpoznac-rodzaj-wlosow-wlosy-suche\/\",\"url\":\"https:\/\/estyl.pl\/blog\/jak-rozpoznac-rodzaj-wlosow-wlosy-suche\/\",\"name\":\"Jak rozpozna\u0107 rodzaj w\u0142os\u00f3w: w\u0142osy suche\",\"isPartOf\":{\"@id\":\"https:\/\/estyl.pl\/blog\/#website\"},\"datePublished\":\"2013-04-10T06:30:04+00:00\",\"dateModified\":\"2020-09-04T11:57:43+00:00\",\"author\":{\"@id\":\"https:\/\/estyl.pl\/blog\/#\/schema\/person\/22fff2064045ce23be580e18ca255220\"},\"description\":\"W\u0142osy suche s\u0105 \u0142amliwe, porowate i nieprzyjemne w dotyku. \u0141atwo si\u0119 pusz\u0105 i elektryzuj\u0105. Jak zapobiec problemom z w\u0142osami suchymi?\",\"breadcrumb\":{\"@id\":\"https:\/\/estyl.pl\/blog\/jak-rozpoznac-rodzaj-wlosow-wlosy-suche\/#breadcrumb\"},\"inLanguage\":\"pl-PL\",\"potentialAction\":[{\"@type\":\"ReadAction\",\"target\":[\"https:\/\/estyl.pl\/blog\/jak-rozpoznac-rodzaj-wlosow-wlosy-suche\/\"]}]},{\"@type\":\"BreadcrumbList\",\"@id\":\"https:\/\/estyl.pl\/blog\/jak-rozpoznac-rodzaj-wlosow-wlosy-suche\/#breadcrumb\",\"itemListElement\":[{\"@type\":\"ListItem\",\"position\":1,\"name\":\"Piel\u0119gnacja w\u0142os\u00f3w\",\"item\":\"https:\/\/estyl.pl\/blog\/pielegnacja-wlosow\/\"},{\"@type\":\"ListItem\",\"position\":2,\"name\":\"Jak rozpozna\u0107 rodzaj w\u0142os\u00f3w: w\u0142osy suche\"}]},{\"@type\":\"WebSite\",\"@id\":\"https:\/\/estyl.pl\/blog\/#website\",\"url\":\"https:\/\/estyl.pl\/blog\/\",\"name\":\"Blog | Estyl.pl\",\"description\":\"Kosmetyki do w\u0142os\u00f3w, porady, piel\u0119gnacja, stylizacja\",\"potentialAction\":[{\"@type\":\"SearchAction\",\"target\":{\"@type\":\"EntryPoint\",\"urlTemplate\":\"https:\/\/estyl.pl\/blog\/?s={search_term_string}\"},\"query-input\":\"required name=search_term_string\"}],\"inLanguage\":\"pl-PL\"},{\"@type\":\"Person\",\"@id\":\"https:\/\/estyl.pl\/blog\/#\/schema\/person\/22fff2064045ce23be580e18ca255220\",\"name\":\"admin\",\"url\":\"https:\/\/estyl.pl\/blog\/author\/admin\/\"}]}<\/script>\n<!-- \/ Yoast SEO plugin. -->","yoast_head_json":{"title":"Jak rozpozna\u0107 rodzaj w\u0142os\u00f3w: w\u0142osy suche","description":"W\u0142osy suche s\u0105 \u0142amliwe, porowate i nieprzyjemne w dotyku. \u0141atwo si\u0119 pusz\u0105 i elektryzuj\u0105. Jak zapobiec problemom z w\u0142osami suchymi?","robots":{"index":"index","follow":"follow","max-snippet":"max-snippet:-1","max-image-preview":"max-image-preview:large","max-video-preview":"max-video-preview:-1"},"canonical":"https:\/\/estyl.pl\/blog\/jak-rozpoznac-rodzaj-wlosow-wlosy-suche\/","og_locale":"pl_PL","og_type":"article","og_title":"Jak rozpozna\u0107 rodzaj w\u0142os\u00f3w: w\u0142osy suche","og_description":"W\u0142osy suche s\u0105 \u0142amliwe, porowate i nieprzyjemne w dotyku. \u0141atwo si\u0119 pusz\u0105 i elektryzuj\u0105. Jak zapobiec problemom z w\u0142osami suchymi?","og_url":"https:\/\/estyl.pl\/blog\/jak-rozpoznac-rodzaj-wlosow-wlosy-suche\/","og_site_name":"Blog | Estyl.pl","article_published_time":"2013-04-10T06:30:04+00:00","article_modified_time":"2020-09-04T11:57:43+00:00","og_image":[{"width":755,"height":320,"url":"https:\/\/estyl.pl\/blog\/wp-content\/uploads\/2013\/04\/suche.jpg","type":"image\/jpeg"}],"author":"admin","twitter_misc":{"Napisane przez":"admin","Szacowany czas czytania":"4 minuty"},"schema":{"@context":"https:\/\/schema.org","@graph":[{"@type":"WebPage","@id":"https:\/\/estyl.pl\/blog\/jak-rozpoznac-rodzaj-wlosow-wlosy-suche\/","url":"https:\/\/estyl.pl\/blog\/jak-rozpoznac-rodzaj-wlosow-wlosy-suche\/","name":"Jak rozpozna\u0107 rodzaj w\u0142os\u00f3w: w\u0142osy suche","isPartOf":{"@id":"https:\/\/estyl.pl\/blog\/#website"},"datePublished":"2013-04-10T06:30:04+00:00","dateModified":"2020-09-04T11:57:43+00:00","author":{"@id":"https:\/\/estyl.pl\/blog\/#\/schema\/person\/22fff2064045ce23be580e18ca255220"},"description":"W\u0142osy suche s\u0105 \u0142amliwe, porowate i nieprzyjemne w dotyku. \u0141atwo si\u0119 pusz\u0105 i elektryzuj\u0105. Jak zapobiec problemom z w\u0142osami suchymi?","breadcrumb":{"@id":"https:\/\/estyl.pl\/blog\/jak-rozpoznac-rodzaj-wlosow-wlosy-suche\/#breadcrumb"},"inLanguage":"pl-PL","potentialAction":[{"@type":"ReadAction","target":["https:\/\/estyl.pl\/blog\/jak-rozpoznac-rodzaj-wlosow-wlosy-suche\/"]}]},{"@type":"BreadcrumbList","@id":"https:\/\/estyl.pl\/blog\/jak-rozpoznac-rodzaj-wlosow-wlosy-suche\/#breadcrumb","itemListElement":[{"@type":"ListItem","position":1,"name":"Piel\u0119gnacja w\u0142os\u00f3w","item":"https:\/\/estyl.pl\/blog\/pielegnacja-wlosow\/"},{"@type":"ListItem","position":2,"name":"Jak rozpozna\u0107 rodzaj w\u0142os\u00f3w: w\u0142osy suche"}]},{"@type":"WebSite","@id":"https:\/\/estyl.pl\/blog\/#website","url":"https:\/\/estyl.pl\/blog\/","name":"Blog | Estyl.pl","description":"Kosmetyki do w\u0142os\u00f3w, porady, piel\u0119gnacja, stylizacja","potentialAction":[{"@type":"SearchAction","target":{"@type":"EntryPoint","urlTemplate":"https:\/\/estyl.pl\/blog\/?s={search_term_string}"},"query-input":"required name=search_term_string"}],"inLanguage":"pl-PL"},{"@type":"Person","@id":"https:\/\/estyl.pl\/blog\/#\/schema\/person\/22fff2064045ce23be580e18ca255220","name":"admin","url":"https:\/\/estyl.pl\/blog\/author\/admin\/"}]}},"_links":{"self":[{"href":"https:\/\/estyl.pl\/blog\/wp-json\/wp\/v2\/posts\/17864"}],"collection":[{"href":"https:\/\/estyl.pl\/blog\/wp-json\/wp\/v2\/posts"}],"about":[{"href":"https:\/\/estyl.pl\/blog\/wp-json\/wp\/v2\/types\/post"}],"author":[{"embeddable":true,"href":"https:\/\/estyl.pl\/blog\/wp-json\/wp\/v2\/users\/1"}],"replies":[{"embeddable":true,"href":"https:\/\/estyl.pl\/blog\/wp-json\/wp\/v2\/comments?post=17864"}],"version-history":[{"count":34,"href":"https:\/\/estyl.pl\/blog\/wp-json\/wp\/v2\/posts\/17864\/revisions"}],"predecessor-version":[{"id":36837,"href":"https:\/\/estyl.pl\/blog\/wp-json\/wp\/v2\/posts\/17864\/revisions\/36837"}],"wp:featuredmedia":[{"embeddable":true,"href":"https:\/\/estyl.pl\/blog\/wp-json\/wp\/v2\/media\/27012"}],"wp:attachment":[{"href":"https:\/\/estyl.pl\/blog\/wp-json\/wp\/v2\/media?parent=17864"}],"wp:term":[{"taxonomy":"category","embeddable":true,"href":"https:\/\/estyl.pl\/blog\/wp-json\/wp\/v2\/categories?post=17864"},{"taxonomy":"post_tag","embeddable":true,"href":"https:\/\/estyl.pl\/blog\/wp-json\/wp\/v2\/tags?post=17864"}],"curies":[{"name":"wp","href":"https:\/\/api.w.org\/{rel}","templated":true}]}}