{"id":17904,"date":"2013-04-19T10:23:16","date_gmt":"2013-04-19T08:23:16","guid":{"rendered":"https:\/\/estyl.pl\/blog\/?p=17904"},"modified":"2016-10-14T10:36:01","modified_gmt":"2016-10-14T08:36:01","slug":"lakier-do-wlosow","status":"publish","type":"post","link":"https:\/\/estyl.pl\/blog\/lakier-do-wlosow\/","title":{"rendered":"Lakier do w\u0142os\u00f3w"},"content":{"rendered":"<h3>Lakier do w\u0142os\u00f3w to kosmetyk na bazie wody, alkoholu lub \u017cywicy, stosowany w celu utrwalenia u\u0142o\u017conej fryzury. Kosmetyk wyst\u0119puje zwykle w formie aerozolu i jest ostatnim krokiem uk\u0142adania w\u0142os\u00f3w. Przed\u0142u\u017ca on trwa\u0142o\u015b\u0107 fryzury oraz chroni j\u0105 przed czynnikami zewn\u0119trznymi i atmosferycznymi (wiatr, mr\u00f3z, ocieranie si\u0119 o ubrania). Lakier rozpylamy z odleg\u0142o\u015bci oko\u0142o 30 cm, szerokim, nigdy w\u0105skim strumieniem, tak by pokry\u0107 jak najwi\u0119ksz\u0105 cz\u0119\u015b\u0107 fryzury. Kosmetyk stosujemy zawsze na suche w\u0142osy.<\/h3>\n<p><!--more--><strong>Lakiery do w\u0142os\u00f3w<\/strong> wyst\u0119puj\u0105 w r\u00f3\u017cnej formie i maj\u0105 r\u00f3\u017cny stopie\u0144 utrwalenia \u2013 od niskiego, po bardzo mocny. <em><strong>Lakiery lekkie<\/strong><\/em> daj\u0105 najbardziej <img decoding=\"async\" loading=\"lazy\" class=\" wp-image-1443 size-full alignleft\" title=\"Lakier do w\u0142os\u00f3w - leksykon kosmetyczny\" src=\"https:\/\/estyl.pl\/blog\/wp-content\/uploads\/2011\/06\/leksykon_kosmetyczny_z.jpg\" alt=\"Lakier do w\u0142os\u00f3w\" width=\"150\" height=\"150\" \/>naturalny\u00a0efekt, utrwalaj\u0105c <a href=\"https:\/\/estyl.pl\/wlosy\" data-internallinksmanager029f6b8e52c=\"2\" title=\"w\u0142osy\">w\u0142osy<\/a> bardzo delikatnie. Po jego u\u017cyciu nie wyst\u0119puje efekt nienaturalnego he\u0142mu, dlatego lakiery lekkie i \u015brednie poleca si\u0119 fryzurom z w\u0142os\u00f3w d\u0142ugich. <em><strong>Lakiery mocne<\/strong><\/em> utrwalaj\u0105 w\u0142osy du\u017co intensywniej, dlatego poleca si\u0119 je w\u0142osom kr\u00f3tkim, fryzurom typu bo lub misternie u\u0142o\u017conym kokom, upi\u0119ciom i splotom.<\/p>\n<p><strong>Lakiery do w\u0142os\u00f3w r\u00f3\u017cni\u0105 si\u0119 nie tylko stopniem utrwalenia<\/strong>, ale te\u017c dostosowane s\u0105 do rodzaju w\u0142os\u00f3w. <em><strong>W\u0142osy matowe<\/strong><\/em> polubi\u0105 lakiery lekko nab\u0142yszczaj\u0105ce, <em><strong>w\u0142osy cienkie<\/strong><\/em> &#8211; lakiery dodaj\u0105ce obj\u0119to\u015bci, <em><strong>w\u0142osy suche<\/strong> <\/em>&#8211; lakiery dodaj\u0105ce spr\u0119\u017cysto\u015bci, <em><strong>w\u0142osy t\u0142uste<\/strong><\/em> \u2013 lakiery nieobci\u0105\u017caj\u0105ce, <em><strong>osoby z wra\u017cliw\u0105 sk\u00f3r\u0105 g\u0142owy<\/strong><\/em> &#8211;\u00a0 lakiery pozbawione zapachu.<\/p>\n<p><strong>Dobrej jako\u015bci lakier<\/strong> nie skleja w\u0142os\u00f3w i nie powoduje podra\u017cnie\u0144 sk\u00f3ry g\u0142owy, o ile u\u017cyty jest rozs\u0105dnie. Zbyt du\u017ca jego ilo\u015b\u0107 powoduje nieestetyczny efekt matowych, przet\u0142uszczonych w\u0142os\u00f3w, klapni\u0119cie fryzury, a tak\u017ce kruszenie si\u0119 kosmetyku na w\u0142osach.<\/p>\n<div class=\"minpic\"><a href=\"https:\/\/estyl.pl\/blog\/wp-content\/uploads\/2013\/04\/Alterna-Bamboo-Style-Ultra-Hold-Hairspray.jpg\" target=\"_blank\" rel=\"lightbox[17904]\"><img decoding=\"async\" loading=\"lazy\" class=\"alignnone wp-image-17917 size-thumbnail\" title=\"Lakier do w\u0142os\u00f3w Alterna Bamboo Style Ultra Hold Hairspray\" src=\"https:\/\/estyl.pl\/blog\/wp-content\/uploads\/2013\/04\/Alterna-Bamboo-Style-Ultra-Hold-Hairspray-150x150.jpg\" alt=\"Lakier do w\u0142os\u00f3w\" width=\"150\" height=\"150\" srcset=\"https:\/\/estyl.pl\/blog\/wp-content\/uploads\/2013\/04\/Alterna-Bamboo-Style-Ultra-Hold-Hairspray-150x150.jpg 150w, https:\/\/estyl.pl\/blog\/wp-content\/uploads\/2013\/04\/Alterna-Bamboo-Style-Ultra-Hold-Hairspray-300x300.jpg 300w, https:\/\/estyl.pl\/blog\/wp-content\/uploads\/2013\/04\/Alterna-Bamboo-Style-Ultra-Hold-Hairspray-261x261.jpg 261w, https:\/\/estyl.pl\/blog\/wp-content\/uploads\/2013\/04\/Alterna-Bamboo-Style-Ultra-Hold-Hairspray.jpg 480w\" sizes=\"(max-width: 150px) 100vw, 150px\" \/><\/a><a href=\"https:\/\/estyl.pl\/blog\/wp-content\/uploads\/2013\/04\/Alterna-Bamboo-Smooth-Anti-Humidity-Hair-Spray.jpg\" target=\"_blank\" rel=\"lightbox[17904]\"><img decoding=\"async\" loading=\"lazy\" class=\"alignnone wp-image-17918 size-thumbnail\" title=\"Lakier do w\u0142os\u00f3w Alterna Bamboo Smooth Anti-Humidity Hair Spray\" src=\"https:\/\/estyl.pl\/blog\/wp-content\/uploads\/2013\/04\/Alterna-Bamboo-Smooth-Anti-Humidity-Hair-Spray-150x150.jpg\" alt=\"Lakier do w\u0142os\u00f3w\" width=\"150\" height=\"150\" srcset=\"https:\/\/estyl.pl\/blog\/wp-content\/uploads\/2013\/04\/Alterna-Bamboo-Smooth-Anti-Humidity-Hair-Spray-150x150.jpg 150w, https:\/\/estyl.pl\/blog\/wp-content\/uploads\/2013\/04\/Alterna-Bamboo-Smooth-Anti-Humidity-Hair-Spray-300x300.jpg 300w, https:\/\/estyl.pl\/blog\/wp-content\/uploads\/2013\/04\/Alterna-Bamboo-Smooth-Anti-Humidity-Hair-Spray-261x261.jpg 261w, https:\/\/estyl.pl\/blog\/wp-content\/uploads\/2013\/04\/Alterna-Bamboo-Smooth-Anti-Humidity-Hair-Spray.jpg 480w\" sizes=\"(max-width: 150px) 100vw, 150px\" \/><\/a><a href=\"https:\/\/estyl.pl\/blog\/wp-content\/uploads\/2013\/04\/Matrix-Total-Results-Amplify-Hairspray.jpg\" target=\"_blank\" rel=\"lightbox[17904]\"><img decoding=\"async\" loading=\"lazy\" class=\"alignnone wp-image-17919 size-thumbnail\" title=\"Lakier do w\u0142os\u00f3w Matrix Total Results Amplify Hairspray\" src=\"https:\/\/estyl.pl\/blog\/wp-content\/uploads\/2013\/04\/Matrix-Total-Results-Amplify-Hairspray-150x150.jpg\" alt=\"Lakier do w\u0142os\u00f3w\" width=\"150\" height=\"150\" srcset=\"https:\/\/estyl.pl\/blog\/wp-content\/uploads\/2013\/04\/Matrix-Total-Results-Amplify-Hairspray-150x150.jpg 150w, https:\/\/estyl.pl\/blog\/wp-content\/uploads\/2013\/04\/Matrix-Total-Results-Amplify-Hairspray-300x300.jpg 300w, https:\/\/estyl.pl\/blog\/wp-content\/uploads\/2013\/04\/Matrix-Total-Results-Amplify-Hairspray-261x261.jpg 261w, https:\/\/estyl.pl\/blog\/wp-content\/uploads\/2013\/04\/Matrix-Total-Results-Amplify-Hairspray.jpg 480w\" sizes=\"(max-width: 150px) 100vw, 150px\" \/><\/a><\/div>\n<p><strong>Polecamy:<\/strong> mocny <a href=\"https:\/\/estyl.pl\/wlosy\/stylizacja\/lakiery-i-spraye\" data-internallinksmanager029f6b8e52c=\"5\" title=\"lakier do w\u0142os\u00f3w\">lakier do w\u0142os\u00f3w<\/a> <a href=\"http:\/\/estyl.pl\/alterna-bamboo-style-ultra-hold-hairspray-mocny-lakier-do-wlosow-213g\" target=\"_blank\"><strong>Alterna Bamboo Style Ultra Hold Hairspray<\/strong><\/a>, kt\u00f3ry chroni w\u0142osy przed wilgoci\u0105, lakier do w\u0142os\u00f3w <a title=\"Alterna Bamboo Smooth Anti-Humidity Hair Spray\" href=\"http:\/\/estyl.pl\/wlosy\/stylizacja\/lakiery-i-spraye\" target=\"_blank\"><strong>Alterna Bamboo Smooth Anti-Humidity Hair Spray<\/strong><\/a>, daj\u0105cy efekt spr\u0119\u017cystych w\u0142os\u00f3w oraz lakier nadaj\u0105cy w\u0142osom obj\u0119to\u015b\u0107 <a title=\"Matrix Total Results Amplify Hairspray\" href=\"https:\/\/estyl.pl\/marka\/matrix\" target=\"_blank\"><strong>Matrix Total Results Amplify Hairspray<\/strong><\/a>.<\/p>\n","protected":false},"excerpt":{"rendered":"<p>Lakier do w\u0142os\u00f3w to kosmetyk na bazie wody, alkoholu lub \u017cywicy, stosowany w celu utrwalenia u\u0142o\u017conej fryzury. Kosmetyk wyst\u0119puje zwykle w formie aerozolu i jest ostatnim krokiem uk\u0142adania w\u0142os\u00f3w. Przed\u0142u\u017ca on trwa\u0142o\u015b\u0107 fryzury oraz chroni j\u0105 przed czynnikami zewn\u0119trznymi i atmosferycznymi (wiatr, mr\u00f3z, ocieranie si\u0119 o ubrania). Lakier rozpylamy z odleg\u0142o\u015bci oko\u0142o 30 cm, szerokim, [&hellip;]<\/p>\n","protected":false},"author":1,"featured_media":0,"comment_status":"open","ping_status":"closed","sticky":false,"template":"","format":"standard","meta":{"_eb_attr":""},"categories":[34],"tags":[1466],"acf":[],"yoast_head":"<!-- This site is optimized with the Yoast SEO plugin v20.8 - https:\/\/yoast.com\/wordpress\/plugins\/seo\/ -->\n<title>Lakier do w\u0142os\u00f3w<\/title>\n<meta name=\"description\" content=\"Jak stosowa\u0107 lakier do w\u0142os\u00f3w, jak wybra\u0107 dobry lakier i czy to dobry kosmetyk dla os\u00f3b z wra\u017cliw\u0105 sk\u00f3r\u0105 g\u0142owy? O tym wszystkim piszemy w naszym leksykonie.\" \/>\n<meta name=\"robots\" content=\"index, follow, max-snippet:-1, max-image-preview:large, max-video-preview:-1\" \/>\n<link rel=\"canonical\" href=\"https:\/\/estyl.pl\/blog\/lakier-do-wlosow\/\" \/>\n<meta property=\"og:locale\" content=\"pl_PL\" \/>\n<meta property=\"og:type\" content=\"article\" \/>\n<meta property=\"og:title\" content=\"Lakier do w\u0142os\u00f3w\" \/>\n<meta property=\"og:description\" content=\"Jak stosowa\u0107 lakier do w\u0142os\u00f3w, jak wybra\u0107 dobry lakier i czy to dobry kosmetyk dla os\u00f3b z wra\u017cliw\u0105 sk\u00f3r\u0105 g\u0142owy? O tym wszystkim piszemy w naszym leksykonie.\" \/>\n<meta property=\"og:url\" content=\"https:\/\/estyl.pl\/blog\/lakier-do-wlosow\/\" \/>\n<meta property=\"og:site_name\" content=\"Blog | Estyl.pl\" \/>\n<meta property=\"article:published_time\" content=\"2013-04-19T08:23:16+00:00\" \/>\n<meta property=\"article:modified_time\" content=\"2016-10-14T08:36:01+00:00\" \/>\n<meta property=\"og:image\" content=\"https:\/\/estyl.pl\/blog\/wp-content\/uploads\/2011\/06\/leksykon_kosmetyczny_z.jpg\" \/>\n<meta name=\"author\" content=\"admin\" \/>\n<meta name=\"twitter:label1\" content=\"Napisane przez\" \/>\n\t<meta name=\"twitter:data1\" content=\"admin\" \/>\n\t<meta name=\"twitter:label2\" content=\"Szacowany czas czytania\" \/>\n\t<meta name=\"twitter:data2\" content=\"2 minuty\" \/>\n<script type=\"application\/ld+json\" class=\"yoast-schema-graph\">{\"@context\":\"https:\/\/schema.org\",\"@graph\":[{\"@type\":\"WebPage\",\"@id\":\"https:\/\/estyl.pl\/blog\/lakier-do-wlosow\/\",\"url\":\"https:\/\/estyl.pl\/blog\/lakier-do-wlosow\/\",\"name\":\"Lakier do w\u0142os\u00f3w\",\"isPartOf\":{\"@id\":\"https:\/\/estyl.pl\/blog\/#website\"},\"datePublished\":\"2013-04-19T08:23:16+00:00\",\"dateModified\":\"2016-10-14T08:36:01+00:00\",\"author\":{\"@id\":\"https:\/\/estyl.pl\/blog\/#\/schema\/person\/22fff2064045ce23be580e18ca255220\"},\"description\":\"Jak stosowa\u0107 lakier do w\u0142os\u00f3w, jak wybra\u0107 dobry lakier i czy to dobry kosmetyk dla os\u00f3b z wra\u017cliw\u0105 sk\u00f3r\u0105 g\u0142owy? O tym wszystkim piszemy w naszym leksykonie.\",\"breadcrumb\":{\"@id\":\"https:\/\/estyl.pl\/blog\/lakier-do-wlosow\/#breadcrumb\"},\"inLanguage\":\"pl-PL\",\"potentialAction\":[{\"@type\":\"ReadAction\",\"target\":[\"https:\/\/estyl.pl\/blog\/lakier-do-wlosow\/\"]}]},{\"@type\":\"BreadcrumbList\",\"@id\":\"https:\/\/estyl.pl\/blog\/lakier-do-wlosow\/#breadcrumb\",\"itemListElement\":[{\"@type\":\"ListItem\",\"position\":1,\"name\":\"Leksykon kosmetyczny\",\"item\":\"https:\/\/estyl.pl\/blog\/leksykon-kosmetyczny\/\"},{\"@type\":\"ListItem\",\"position\":2,\"name\":\"Lakier do w\u0142os\u00f3w\"}]},{\"@type\":\"WebSite\",\"@id\":\"https:\/\/estyl.pl\/blog\/#website\",\"url\":\"https:\/\/estyl.pl\/blog\/\",\"name\":\"Blog | Estyl.pl\",\"description\":\"Kosmetyki do w\u0142os\u00f3w, porady, piel\u0119gnacja, stylizacja\",\"potentialAction\":[{\"@type\":\"SearchAction\",\"target\":{\"@type\":\"EntryPoint\",\"urlTemplate\":\"https:\/\/estyl.pl\/blog\/?s={search_term_string}\"},\"query-input\":\"required name=search_term_string\"}],\"inLanguage\":\"pl-PL\"},{\"@type\":\"Person\",\"@id\":\"https:\/\/estyl.pl\/blog\/#\/schema\/person\/22fff2064045ce23be580e18ca255220\",\"name\":\"admin\",\"url\":\"https:\/\/estyl.pl\/blog\/author\/admin\/\"}]}<\/script>\n<!-- \/ Yoast SEO plugin. -->","yoast_head_json":{"title":"Lakier do w\u0142os\u00f3w","description":"Jak stosowa\u0107 lakier do w\u0142os\u00f3w, jak wybra\u0107 dobry lakier i czy to dobry kosmetyk dla os\u00f3b z wra\u017cliw\u0105 sk\u00f3r\u0105 g\u0142owy? O tym wszystkim piszemy w naszym leksykonie.","robots":{"index":"index","follow":"follow","max-snippet":"max-snippet:-1","max-image-preview":"max-image-preview:large","max-video-preview":"max-video-preview:-1"},"canonical":"https:\/\/estyl.pl\/blog\/lakier-do-wlosow\/","og_locale":"pl_PL","og_type":"article","og_title":"Lakier do w\u0142os\u00f3w","og_description":"Jak stosowa\u0107 lakier do w\u0142os\u00f3w, jak wybra\u0107 dobry lakier i czy to dobry kosmetyk dla os\u00f3b z wra\u017cliw\u0105 sk\u00f3r\u0105 g\u0142owy? O tym wszystkim piszemy w naszym leksykonie.","og_url":"https:\/\/estyl.pl\/blog\/lakier-do-wlosow\/","og_site_name":"Blog | Estyl.pl","article_published_time":"2013-04-19T08:23:16+00:00","article_modified_time":"2016-10-14T08:36:01+00:00","og_image":[{"url":"https:\/\/estyl.pl\/blog\/wp-content\/uploads\/2011\/06\/leksykon_kosmetyczny_z.jpg"}],"author":"admin","twitter_misc":{"Napisane przez":"admin","Szacowany czas czytania":"2 minuty"},"schema":{"@context":"https:\/\/schema.org","@graph":[{"@type":"WebPage","@id":"https:\/\/estyl.pl\/blog\/lakier-do-wlosow\/","url":"https:\/\/estyl.pl\/blog\/lakier-do-wlosow\/","name":"Lakier do w\u0142os\u00f3w","isPartOf":{"@id":"https:\/\/estyl.pl\/blog\/#website"},"datePublished":"2013-04-19T08:23:16+00:00","dateModified":"2016-10-14T08:36:01+00:00","author":{"@id":"https:\/\/estyl.pl\/blog\/#\/schema\/person\/22fff2064045ce23be580e18ca255220"},"description":"Jak stosowa\u0107 lakier do w\u0142os\u00f3w, jak wybra\u0107 dobry lakier i czy to dobry kosmetyk dla os\u00f3b z wra\u017cliw\u0105 sk\u00f3r\u0105 g\u0142owy? O tym wszystkim piszemy w naszym leksykonie.","breadcrumb":{"@id":"https:\/\/estyl.pl\/blog\/lakier-do-wlosow\/#breadcrumb"},"inLanguage":"pl-PL","potentialAction":[{"@type":"ReadAction","target":["https:\/\/estyl.pl\/blog\/lakier-do-wlosow\/"]}]},{"@type":"BreadcrumbList","@id":"https:\/\/estyl.pl\/blog\/lakier-do-wlosow\/#breadcrumb","itemListElement":[{"@type":"ListItem","position":1,"name":"Leksykon kosmetyczny","item":"https:\/\/estyl.pl\/blog\/leksykon-kosmetyczny\/"},{"@type":"ListItem","position":2,"name":"Lakier do w\u0142os\u00f3w"}]},{"@type":"WebSite","@id":"https:\/\/estyl.pl\/blog\/#website","url":"https:\/\/estyl.pl\/blog\/","name":"Blog | Estyl.pl","description":"Kosmetyki do w\u0142os\u00f3w, porady, piel\u0119gnacja, stylizacja","potentialAction":[{"@type":"SearchAction","target":{"@type":"EntryPoint","urlTemplate":"https:\/\/estyl.pl\/blog\/?s={search_term_string}"},"query-input":"required name=search_term_string"}],"inLanguage":"pl-PL"},{"@type":"Person","@id":"https:\/\/estyl.pl\/blog\/#\/schema\/person\/22fff2064045ce23be580e18ca255220","name":"admin","url":"https:\/\/estyl.pl\/blog\/author\/admin\/"}]}},"_links":{"self":[{"href":"https:\/\/estyl.pl\/blog\/wp-json\/wp\/v2\/posts\/17904"}],"collection":[{"href":"https:\/\/estyl.pl\/blog\/wp-json\/wp\/v2\/posts"}],"about":[{"href":"https:\/\/estyl.pl\/blog\/wp-json\/wp\/v2\/types\/post"}],"author":[{"embeddable":true,"href":"https:\/\/estyl.pl\/blog\/wp-json\/wp\/v2\/users\/1"}],"replies":[{"embeddable":true,"href":"https:\/\/estyl.pl\/blog\/wp-json\/wp\/v2\/comments?post=17904"}],"version-history":[{"count":23,"href":"https:\/\/estyl.pl\/blog\/wp-json\/wp\/v2\/posts\/17904\/revisions"}],"predecessor-version":[{"id":31029,"href":"https:\/\/estyl.pl\/blog\/wp-json\/wp\/v2\/posts\/17904\/revisions\/31029"}],"wp:attachment":[{"href":"https:\/\/estyl.pl\/blog\/wp-json\/wp\/v2\/media?parent=17904"}],"wp:term":[{"taxonomy":"category","embeddable":true,"href":"https:\/\/estyl.pl\/blog\/wp-json\/wp\/v2\/categories?post=17904"},{"taxonomy":"post_tag","embeddable":true,"href":"https:\/\/estyl.pl\/blog\/wp-json\/wp\/v2\/tags?post=17904"}],"curies":[{"name":"wp","href":"https:\/\/api.w.org\/{rel}","templated":true}]}}