{"id":18616,"date":"2013-05-22T10:01:56","date_gmt":"2013-05-22T08:01:56","guid":{"rendered":"https:\/\/estyl.pl\/blog\/?p=18616"},"modified":"2019-10-25T12:58:37","modified_gmt":"2019-10-25T10:58:37","slug":"jak-rozpoznac-rodzaj-wlosow-wlosy-przerzedzone-i-rzadkie","status":"publish","type":"post","link":"https:\/\/estyl.pl\/blog\/jak-rozpoznac-rodzaj-wlosow-wlosy-przerzedzone-i-rzadkie\/","title":{"rendered":"Jak rozpozna\u0107 rodzaj w\u0142os\u00f3w: rzadkie w\u0142osy i przerzedzone"},"content":{"rendered":"<h3 style=\"text-align: justify;\"><b>Dziennie tracimy od kilkunastu do oko\u0142o 150 w\u0142os\u00f3w. Jest to fizjologiczne zjawisko, kt\u00f3re mie\u015bci si\u0119 w normach. Sukcesywne wypadanie du\u017co wi\u0119kszej ilo\u015bci w\u0142os\u00f3w, nie zwi\u0105zane z przej\u015bciem p\u00f3r roku, antybiotykoterapi\u0105, czy porodem sygnalizuje powa\u017cniejszy proces chorobowy. W\u0142osy rzadkie, przerzedzone i cienkie wymagaj\u0105 zwykle starannej piel\u0119gnacji i do\u015b\u0107 d\u0142ugotrwa\u0142ego leczenia.<\/b><\/h3>\n<h3><!--more--><\/h3>\n<h3><a href=\"https:\/\/estyl.pl\/blog\/wp-content\/uploads\/2013\/05\/Kerastase-Stimuliste-Bain-GL1.jpg\" target=\"_blank\" rel=\"lightbox[18616]\"><img decoding=\"async\" loading=\"lazy\" class=\"aligncenter wp-image-26869 size-full\" title=\"w\u0142osy przerzedzone - K\u00e9rastase Bain Stimuliste\" src=\"https:\/\/estyl.pl\/blog\/wp-content\/uploads\/2013\/05\/Kerastase-Stimuliste-Bain-GL1.jpg\" alt=\"w\u0142osy przerzedzone\" width=\"575\" height=\"342\" srcset=\"https:\/\/estyl.pl\/blog\/wp-content\/uploads\/2013\/05\/Kerastase-Stimuliste-Bain-GL1.jpg 575w, https:\/\/estyl.pl\/blog\/wp-content\/uploads\/2013\/05\/Kerastase-Stimuliste-Bain-GL1-300x178.jpg 300w, https:\/\/estyl.pl\/blog\/wp-content\/uploads\/2013\/05\/Kerastase-Stimuliste-Bain-GL1-261x155.jpg 261w\" sizes=\"(max-width: 575px) 100vw, 575px\" \/><\/a><\/h3>\n<p style=\"text-align: center;\">fot.\u00a0\u00a9 Pajmon.com Piotr Bielecki<\/p>\n<h2>Jak rozpozna\u0107 w\u0142osy przerzedzone i rzadkie?<\/h2>\n<p style=\"text-align: justify;\"><a href=\"https:\/\/estyl.pl\/blog\/wp-content\/uploads\/2013\/05\/se_density_advanced_sh_500.jpg\" target=\"_blank\" rel=\"lightbox[18616]\"><img decoding=\"async\" loading=\"lazy\" class=\"alignleft wp-image-18629 size-thumbnail\" title=\"Szampon L'Oreal Density Advanced\" src=\"https:\/\/estyl.pl\/blog\/wp-content\/uploads\/2013\/05\/se_density_advanced_sh_500-150x150.jpg\" alt=\"w\u0142osy przerzedzone\" width=\"150\" height=\"150\" srcset=\"https:\/\/estyl.pl\/blog\/wp-content\/uploads\/2013\/05\/se_density_advanced_sh_500-150x150.jpg 150w, https:\/\/estyl.pl\/blog\/wp-content\/uploads\/2013\/05\/se_density_advanced_sh_500-300x300.jpg 300w, https:\/\/estyl.pl\/blog\/wp-content\/uploads\/2013\/05\/se_density_advanced_sh_500-261x261.jpg 261w, https:\/\/estyl.pl\/blog\/wp-content\/uploads\/2013\/05\/se_density_advanced_sh_500.jpg 479w\" sizes=\"(max-width: 150px) 100vw, 150px\" \/><\/a><b>Rzadkie w\u0142osy\u00a0i cienkie to dar natury<\/b>, wyst\u0119puj\u0105cy u cz\u0119\u015bci populacji. Cz\u0119sto towarzysz\u0105 im prze\u015bwity oraz du\u017ce, szerokie przedzia\u0142ki. Niestety nawet ten rodzaj w\u0142os\u00f3w mo\u017ce ulec <b><i>ponownemu zjawisku os\u0142abienia<\/i><\/b>, dlatego, jak \u017caden inny wymaga nieustannej dba\u0142o\u015bci, piel\u0119gnacji i wzmacniania. <b>W\u0142osy przerzedzone<\/b> to zwykle skutek post\u0119puj\u0105cego procesu ich os\u0142abienia oraz masowego, regularnego wypadania i gubienia w\u0142os\u00f3w. W\u0142osy przerzedzone to <b>chorobowy stan, kt\u00f3remu mo\u017ce ulec ka\u017cdy rodzaj w\u0142os\u00f3w<\/b>, od grubych, po cienkie. Je\u015bli nagle zauwa\u017cy\u0142a\u015b ubytek cz\u0119\u015bci w\u0142os\u00f3w, kucyk sta\u0142 si\u0119 mizerny, a w\u0142osy matowe, liche i bez po\u0142ysku, to znak, \u017ce pora zadba\u0107 o ich wzmocnienie. Pierwsz\u0105 oznak\u0105 przerzedzania czupryny jest <b><i>wzmo\u017cone wypadanie w\u0142os\u00f3w<\/i><\/b>, nie tylko podczas czesania i mycia. Przerzedzenie w\u0142os\u00f3w mog\u0105 te\u017c wywo\u0142a\u0107 <b><i>choroby sk\u00f3ry g\u0142owy<\/i><\/b>, jak \u0142ojotok, \u015bwi\u0105d, przesuszenie, czy \u0142upie\u017c t\u0142usty, kt\u00f3ry bezwzgl\u0119dnie wymaga leczenia. <b>Ka\u017cda nier\u00f3wnowaga na sk\u00f3rze g\u0142owy<\/b> sprzyja os\u0142abieniu cebulek w\u0142os\u00f3w, udaremniaj\u0105c wszelakie procesy wymiany kom\u00f3rkowej i oddychania, w efekcie \u00a0skracaj\u0105c \u017cycie w\u0142os\u00f3w. Najcz\u0119\u015bciej za przerzedzenie w\u0142os\u00f3w odpowiada <b><i>zaburzona praca hormon\u00f3w<\/i><\/b>, czyli przysadki m\u00f3zgowej, tarczycy, nadnerczy, a tak\u017ce <b><i>anemia<\/i><\/b>, czy <b><i>stresuj\u0105cy tryb \u017cycia<\/i><\/b>. Odpowiednie badania hormonalne, a tak\u017ce zwyk\u0142a morfologia krwi odpowiedz\u0105, gdzie szuka\u0107 \u017ar\u00f3d\u0142a naszych problem\u00f3w. Tak oto, po nitce do k\u0142\u0119bka, mo\u017cemy <b>zdiagnozowa\u0107 przyczyn\u0119 przerzedzenia<\/b> i skupi\u0107 si\u0119 na jej leczeniu.<\/p>\n<h3><em>Przyczyny wypadania w\u0142os\u00f3w<\/em><\/h3>\n<p><span style=\"text-decoration: underline;\"><span style=\"font-weight: 400;\">Do g\u0142\u00f3wnych przyczyn nale\u017cy:<\/span><\/span><\/p>\n<ul>\n<li style=\"font-weight: 400;\"><span style=\"font-weight: 400;\">nieprawid\u0142owa gospodarka hormonalna, co mo\u017ce powodowa\u0107 <\/span><span style=\"font-weight: 400;\">\u0142ysienie androgenowe<\/span><span style=\"font-weight: 400;\">,<\/span><\/li>\n<li style=\"font-weight: 400;\"><span style=\"font-weight: 400;\">okres menopauzy,<\/span><\/li>\n<li style=\"font-weight: 400;\"><span style=\"font-weight: 400;\">ci\u0105\u017ca,<\/span><\/li>\n<li style=\"font-weight: 400;\"><span style=\"font-weight: 400;\">antykoncepcja hormonalna,<\/span><\/li>\n<li style=\"font-weight: 400;\"><span style=\"font-weight: 400;\">czynniki genetyczne,<\/span><\/li>\n<li style=\"font-weight: 400;\"><span style=\"font-weight: 400;\">niekt\u00f3re choroby &#8211; g\u0142\u00f3wnie niedoczynno\u015b\u0107 i nadczynno\u015b\u0107 tarczycy oraz przysadki,<\/span><\/li>\n<li style=\"font-weight: 400;\"><span style=\"font-weight: 400;\">os\u0142abienie mieszk\u00f3w w\u0142osowych zwi\u0105zane z procesami starzenia si\u0119,<\/span><\/li>\n<li style=\"font-weight: 400;\"><span style=\"font-weight: 400;\">\u017ale dobrana dieta,<\/span><\/li>\n<li style=\"font-weight: 400;\"><span style=\"font-weight: 400;\">stany zapalne organizmu,<\/span><\/li>\n<li style=\"font-weight: 400;\"><span style=\"font-weight: 400;\">stres,<\/span><\/li>\n<li style=\"font-weight: 400;\"><span style=\"font-weight: 400;\">niew\u0142a\u015bciwa piel\u0119gnacja,<\/span><\/li>\n<li style=\"font-weight: 400;\"><span style=\"font-weight: 400;\">zbyt intensywne zabiegi fryzjerskie,<\/span><\/li>\n<li style=\"font-weight: 400;\"><span style=\"font-weight: 400;\">choroby i infekcje sk\u00f3ry g\u0142owy,<\/span><\/li>\n<li style=\"font-weight: 400;\"><span style=\"font-weight: 400;\">przyjmowanie niekt\u00f3rych lek\u00f3w.<\/span><\/li>\n<\/ul>\n<h2>Rzadkie w\u0142osy\u00a0&#8211; g\u0142\u00f3wne zasady piel\u0119gnacji<\/h2>\n<h3>Mycie w\u0142os\u00f3w rzadkich i przerzedzonych<\/h3>\n<p style=\"text-align: justify;\"><a href=\"https:\/\/estyl.pl\/blog\/wp-content\/uploads\/2011\/11\/jmo-deep-scalp.jpg\" target=\"_blank\" rel=\"lightbox[18616]\"><img decoding=\"async\" loading=\"lazy\" class=\"alignleft wp-image-4382 size-thumbnail\" title=\"Kuracja JMO Deep Scalp\" src=\"https:\/\/estyl.pl\/blog\/wp-content\/uploads\/2011\/11\/jmo-deep-scalp-150x150.jpg\" alt=\"w\u0142osy przerzedzone\" width=\"150\" height=\"150\" srcset=\"https:\/\/estyl.pl\/blog\/wp-content\/uploads\/2011\/11\/jmo-deep-scalp-150x150.jpg 150w, https:\/\/estyl.pl\/blog\/wp-content\/uploads\/2011\/11\/jmo-deep-scalp-300x300.jpg 300w, https:\/\/estyl.pl\/blog\/wp-content\/uploads\/2011\/11\/jmo-deep-scalp-261x261.jpg 261w, https:\/\/estyl.pl\/blog\/wp-content\/uploads\/2011\/11\/jmo-deep-scalp.jpg 480w\" sizes=\"(max-width: 150px) 100vw, 150px\" \/><\/a>Bez wzgl\u0119du na przyczyn\u0119 wypadania w\u0142os\u00f3w, nale\u017cy wdro\u017cy\u0107 w \u017cycie kilka zasad piel\u0119gnacyjnych. W\u0142osy cienkie i przerzedzone wymagaj\u0105 delikatnego traktowanianawet podczas mycia w\u0142os\u00f3w. Zbyt gor\u0105ca woda, nadmierne tarcie, czy zbyt mocne ugniatanie mo\u017ce os\u0142abi\u0107 i tak s\u0142abe ju\u017c cebulki w\u0142os\u00f3w. Z tego typu w\u0142osami obchodzimy si\u0119 delikatnie, niczym z kaszmirowym swetrem, u\u017cywaj\u0105c do ich mycia specjalistycznych, wzmacniaj\u0105cych w\u0142osy szampon\u00f3w. Mog\u0105 to by\u0107 szampony do w\u0142os\u00f3w cienkich, s\u0142abych lub do wra\u017cliwej sk\u00f3ry g\u0142owy&gt;.<\/p>\n<p style=\"text-align: justify;\">W\u0142osy przerzedzone i rzadkie lubi\u0105 maski i od\u017cywki nawil\u017caj\u0105ce, z dodatkiem warto\u015bciowych olej\u00f3w, z pogrubiaj\u0105c\u0105 w\u0142osy keratyn\u0105, wyci\u0105gami ro\u015blinnymi i odbudowuj\u0105cymi proteinami. W\u0142osy wypadaj\u0105ce, przerzedzone i s\u0142abe wymagaj\u0105 wyj\u0105tkowej dba\u0142o\u015bci o sk\u00f3r\u0119 g\u0142owy. Szczeg\u00f3lnie, je\u015bli zale\u017cy nam na zg\u0119szczeniu fryzury i odzyskaniu dawnej kondycji w\u0142os\u00f3w. Bez tego typu piel\u0119gnacji, w\u0142osy nie odzyskaj\u0105 dawnej grubo\u015bci. Zamiast kupowa\u0107 kolejny szampon, skoncentruj si\u0119 na pobudzaniu masa\u017cem i wzmacnianiu cebulek w\u0142os\u00f3w leczniczymi wcierkami do sk\u00f3ry g\u0142owy.<\/p>\n<div class=\"minpic\"><a href=\"https:\/\/estyl.pl\/blog\/wp-content\/uploads\/2012\/04\/kerastase_densi_recharge.jpg\" target=\"_blank\" rel=\"lightbox[18616]\"><img decoding=\"async\" loading=\"lazy\" class=\"alignnone wp-image-9103 size-thumbnail\" title=\"K\u00e9rastase Densi Recharge\" src=\"https:\/\/estyl.pl\/blog\/wp-content\/uploads\/2012\/04\/kerastase_densi_recharge-150x150.jpg\" alt=\"w\u0142osy przerzedzone\" width=\"150\" height=\"150\" \/><\/a><a href=\"https:\/\/estyl.pl\/blog\/wp-content\/uploads\/2012\/02\/Kerastase-Stimuliste-Spray.jpg\" target=\"_blank\" rel=\"lightbox[18616]\"><img decoding=\"async\" loading=\"lazy\" class=\"alignnone wp-image-7549 size-thumbnail\" title=\"K\u00e9rastase Stimuliste Spray\" src=\"https:\/\/estyl.pl\/blog\/wp-content\/uploads\/2012\/02\/Kerastase-Stimuliste-Spray-150x150.jpg\" alt=\"w\u0142osy przerzedzone\" width=\"150\" height=\"150\" srcset=\"https:\/\/estyl.pl\/blog\/wp-content\/uploads\/2012\/02\/Kerastase-Stimuliste-Spray-150x150.jpg 150w, https:\/\/estyl.pl\/blog\/wp-content\/uploads\/2012\/02\/Kerastase-Stimuliste-Spray-300x300.jpg 300w, https:\/\/estyl.pl\/blog\/wp-content\/uploads\/2012\/02\/Kerastase-Stimuliste-Spray-261x261.jpg 261w, https:\/\/estyl.pl\/blog\/wp-content\/uploads\/2012\/02\/Kerastase-Stimuliste-Spray.jpg 480w\" sizes=\"(max-width: 150px) 100vw, 150px\" \/><\/a><\/div>\n<p style=\"text-align: justify;\"><b>Bez wzgl\u0119du na przyczyn\u0119 wypadania w\u0142os\u00f3w<\/b>, nale\u017cy wdro\u017cy\u0107 w \u017cycie kilka zasad piel\u0119gnacyjnych. W\u0142osy cienkie i przerzedzone <b><i>wymagaj\u0105 delikatnego traktowania<\/i><\/b> nawet podczas mycia w\u0142os\u00f3w. Zbyt gor\u0105ca woda, nadmierne tarcie, czy zbyt mocne ugniatanie mo\u017ce os\u0142abi\u0107 i tak s\u0142abe ju\u017c cebulki w\u0142os\u00f3w. Z tego typu w\u0142osami obchodzimy si\u0119 delikatnie, niczym z kaszmirowym swetrem, u\u017cywaj\u0105c do ich mycia specjalistycznych, wzmacniaj\u0105cych w\u0142osy szampon\u00f3w. Mog\u0105 to by\u0107 <b>szampony do w\u0142os\u00f3w cienkich, s\u0142abych lub do wra\u017cliwej sk\u00f3ry g\u0142owy<\/b>.<\/p>\n<p style=\"text-align: justify; padding-left: 150px;\"><a href=\"https:\/\/estyl.pl\/blog\/wp-content\/uploads\/2012\/06\/kerastase_bain_stimuliste_gl.jpg\" target=\"_blank\" rel=\"lightbox[18616]\"><img decoding=\"async\" loading=\"lazy\" class=\"alignnone wp-image-10573 size-thumbnail\" title=\"K\u00e9rastase Bain Stimuliste GL\" src=\"https:\/\/estyl.pl\/blog\/wp-content\/uploads\/2012\/06\/kerastase_bain_stimuliste_gl-150x150.jpg\" alt=\"w\u0142osy przerzedzone\" width=\"150\" height=\"150\" srcset=\"https:\/\/estyl.pl\/blog\/wp-content\/uploads\/2012\/06\/kerastase_bain_stimuliste_gl-150x150.jpg 150w, https:\/\/estyl.pl\/blog\/wp-content\/uploads\/2012\/06\/kerastase_bain_stimuliste_gl-300x300.jpg 300w, https:\/\/estyl.pl\/blog\/wp-content\/uploads\/2012\/06\/kerastase_bain_stimuliste_gl-261x261.jpg 261w, https:\/\/estyl.pl\/blog\/wp-content\/uploads\/2012\/06\/kerastase_bain_stimuliste_gl.jpg 480w\" sizes=\"(max-width: 150px) 100vw, 150px\" \/><\/a><a href=\"https:\/\/estyl.pl\/blog\/wp-content\/uploads\/2013\/03\/Alterna_Caviar_Daily_Detoxifying_Shampoo.jpg\" target=\"_blank\" rel=\"lightbox[18616]\"><img decoding=\"async\" loading=\"lazy\" class=\"alignnone wp-image-17597 size-thumbnail\" title=\"Alterna Caviar Daily Detoxifying Shampoo\" src=\"https:\/\/estyl.pl\/blog\/wp-content\/uploads\/2013\/03\/Alterna_Caviar_Daily_Detoxifying_Shampoo-150x150.jpg\" alt=\"w\u0142osy przerzedzone\" width=\"150\" height=\"150\" srcset=\"https:\/\/estyl.pl\/blog\/wp-content\/uploads\/2013\/03\/Alterna_Caviar_Daily_Detoxifying_Shampoo-150x150.jpg 150w, https:\/\/estyl.pl\/blog\/wp-content\/uploads\/2013\/03\/Alterna_Caviar_Daily_Detoxifying_Shampoo-300x300.jpg 300w, https:\/\/estyl.pl\/blog\/wp-content\/uploads\/2013\/03\/Alterna_Caviar_Daily_Detoxifying_Shampoo-261x261.jpg 261w, https:\/\/estyl.pl\/blog\/wp-content\/uploads\/2013\/03\/Alterna_Caviar_Daily_Detoxifying_Shampoo.jpg 480w\" sizes=\"(max-width: 150px) 100vw, 150px\" \/><\/a><a href=\"https:\/\/estyl.pl\/blog\/wp-content\/uploads\/2012\/12\/Goldwell_Dualsenes_Scalp_Specialist_Sensitive.jpg\" target=\"_blank\" rel=\"lightbox[18616]\"><img decoding=\"async\" loading=\"lazy\" class=\"alignnone wp-image-15510 size-thumbnail\" title=\"Goldwell Dualsenes Scalp Specialist Sensitive\" src=\"https:\/\/estyl.pl\/blog\/wp-content\/uploads\/2012\/12\/Goldwell_Dualsenes_Scalp_Specialist_Sensitive-150x150.jpg\" alt=\"w\u0142osy przerzedzone\" width=\"150\" height=\"150\" srcset=\"https:\/\/estyl.pl\/blog\/wp-content\/uploads\/2012\/12\/Goldwell_Dualsenes_Scalp_Specialist_Sensitive-150x150.jpg 150w, https:\/\/estyl.pl\/blog\/wp-content\/uploads\/2012\/12\/Goldwell_Dualsenes_Scalp_Specialist_Sensitive-300x300.jpg 300w, https:\/\/estyl.pl\/blog\/wp-content\/uploads\/2012\/12\/Goldwell_Dualsenes_Scalp_Specialist_Sensitive-261x261.jpg 261w, https:\/\/estyl.pl\/blog\/wp-content\/uploads\/2012\/12\/Goldwell_Dualsenes_Scalp_Specialist_Sensitive.jpg 480w\" sizes=\"(max-width: 150px) 100vw, 150px\" \/><\/a><\/p>\n<p style=\"text-align: justify;\"><b>Do mycia w\u0142os\u00f3w przerzedzonych i rzadkich polecamy<\/b>: szampon do w\u0142os\u00f3w przerzedzonych<a href=\"https:\/\/estyl.pl\/loreal-szampon-zageszczajacy-do-wlosow-przerzedzonych-250-ml\" target=\"_blank\"> <b>L\u2019Oreal Density Advanced<\/b><\/a>, k\u0105piel zag\u0119szczaj\u0105c\u0105 w\u0142osy cienkie i wypadaj\u0105ce<a href=\"https:\/\/estyl.pl\/kerastase-prevention-kapiel-zageszczajaca-do-wlosow-normalnych-250-ml\" target=\"_blank\"> <b>K\u00e9rastase Stimuliste Bain GL<\/b><\/a>, szampon pogrubiaj\u0105cy w\u0142osy<a href=\"https:\/\/estyl.pl\/alterna-seasilk-caviar-clinical-daily-detoxifying-szampon-pogrubiajacy-i-oczyszczajacy-wlosy-250-ml\" target=\"_blank\"> <b>Alterna Caviar Clinical<\/b><\/a> \u00a0oraz szampon do wra\u017cliwej sk\u00f3ry g\u0142owy<a href=\"https:\/\/estyl.pl\/invigo-balance-senso-calm-szampon-do-wrazliwej-skory-glowy-250ml\" target=\"_blank\"> Wella Balance Calm<\/a>.<\/p>\n<h3 style=\"text-align: justify;\">Od\u017cywianie i regeneracja w\u0142os\u00f3w przerzedzonych<\/h3>\n<p style=\"text-align: justify;\"><b>W\u0142osy przerzedzone i rzadkie lubi\u0105<\/b> maski i od\u017cywki nawil\u017caj\u0105ce, z dodatkiem warto\u015bciowych olej\u00f3w, z pogrubiaj\u0105c\u0105 w\u0142osy keratyn\u0105, wyci\u0105gami ro\u015blinnymi i odbudowuj\u0105cymi proteinami. S\u0142u\u017c\u0105 im r\u00f3wnie\u017c witamina z gruby B, \u017ce\u0144-sze\u0144, chinina. Uwa\u017cajmy na produkty, kt\u00f3re maj\u0105 du\u017c\u0105 ilo\u015b\u0107 konserwant\u00f3w, silikon\u00f3w i alkoholu.<\/p>\n<p style=\"text-align: justify;\"><b>Do piel\u0119gnacji w\u0142os\u00f3w przerzedzonych polecamy<\/b>: zag\u0119szczaj\u0105c\u0105 i wzmacniaj\u0105c\u0105 w\u0142osy wcierk\u0119 zio\u0142ow\u0105<a href=\"https:\/\/estyl.pl\/blog\/2011\/09\/kuracja-zwiekszajaca-objetosc-wlosow-john-masters-organics\/\" target=\"_blank\"> <b>John Masters Deep Scalp<\/b><\/a>, spray wzmacniaj\u0105cy<a href=\"https:\/\/estyl.pl\/alterna-seasilk-caviar-clinical-daily-root-scalp-stimulator-spray-wzmacniajacy-i-zageszczajacy-wlosy-100-ml\" target=\"_blank\"> <b>Caviar Clinical Stimulator <\/b><\/a>, tabletki zapobiegaj\u0105ce nadmiernemu wypadaniu w\u0142os\u00f3w<a href=\"https:\/\/estyl.pl\/marka\/kerastase\"> <b>K\u00e9rastase Nutrients Densi-Recharge<\/b><\/a> oraz spray przeciw wypadaniu <a href=\"https:\/\/estyl.pl\/kerastase-stimuliste-spray-przeciwko-wypadaniu-wlosow-125-ml\" target=\"_blank\"><b>K\u00e9rastase Stimuliste<\/b><\/a>.<\/p>\n<p style=\"text-align: justify; padding-left: 90px;\"><a href=\"https:\/\/estyl.pl\/blog\/wp-content\/uploads\/2013\/05\/caviar.jpg\" rel=\"lightbox[18616]\"><img decoding=\"async\" loading=\"lazy\" class=\"alignnone size-medium wp-image-32344\" src=\"https:\/\/estyl.pl\/blog\/wp-content\/uploads\/2013\/05\/caviar-300x300.jpg\" alt=\"caviar\" width=\"300\" height=\"300\" srcset=\"https:\/\/estyl.pl\/blog\/wp-content\/uploads\/2013\/05\/caviar-300x300.jpg 300w, https:\/\/estyl.pl\/blog\/wp-content\/uploads\/2013\/05\/caviar-580x580.jpg 580w, https:\/\/estyl.pl\/blog\/wp-content\/uploads\/2013\/05\/caviar-755x755.jpg 755w, https:\/\/estyl.pl\/blog\/wp-content\/uploads\/2013\/05\/caviar-261x261.jpg 261w, https:\/\/estyl.pl\/blog\/wp-content\/uploads\/2013\/05\/caviar.jpg 1000w\" sizes=\"(max-width: 300px) 100vw, 300px\" \/><\/a><a href=\"https:\/\/estyl.pl\/blog\/wp-content\/uploads\/2013\/05\/deep-scalp.jpg\" rel=\"lightbox[18616]\"><img decoding=\"async\" loading=\"lazy\" class=\"alignnone wp-image-32345 size-medium\" src=\"https:\/\/estyl.pl\/blog\/wp-content\/uploads\/2013\/05\/deep-scalp-300x300.jpg\" alt=\"deep scalp\" width=\"300\" height=\"300\" srcset=\"https:\/\/estyl.pl\/blog\/wp-content\/uploads\/2013\/05\/deep-scalp.jpg 300w, https:\/\/estyl.pl\/blog\/wp-content\/uploads\/2013\/05\/deep-scalp-261x261.jpg 261w\" sizes=\"(max-width: 300px) 100vw, 300px\" \/><\/a><\/p>\n<h3>Zadbaj o sk\u00f3r\u0119 g\u0142owy<\/h3>\n<p style=\"text-align: justify;\">W\u0142osy wypadaj\u0105ce, <b>przerzedzone i s\u0142abe wymagaj\u0105 wyj\u0105tkowej dba\u0142o\u015bci o sk\u00f3r\u0119 g\u0142owy<\/b>. Szczeg\u00f3lnie, je\u015bli zale\u017cy nam na zag\u0119szczeniu fryzury i odzyskaniu dawnej kondycji w\u0142os\u00f3w. Bez tego typu piel\u0119gnacji, w\u0142osy nie odzyskaj\u0105 dawnej grubo\u015bci. Zdrowa sk\u00f3ra g\u0142owy ro g\u0119sta i zadbana fryzura. <b>Zamiast kupowa\u0107 kolejny szampon, skoncentruj si\u0119 na pobudzaniu masa\u017cem i wzmacnianiu cebulek w\u0142os\u00f3w<\/b> leczniczymi wcierkami do sk\u00f3ry g\u0142owy. Masa\u017c skalpu przynosi \u015bwietne efekty, poprawia jego ukrwienie i pobudza cebulki. Wykonujemy go bardzo delikatnie, lekko uciskaj\u0105c sk\u00f3r\u0119 g\u0142owy, nie pocieraj\u0105c jej zbyt mocno, poniewa\u017c mo\u017ce to zaszkodzi\u0107 naszym w\u0142osom. Dobrze jest po\u0142\u0105czy\u0107 go z zastosowaniem wcierek. Bardzo dobrze wp\u0142ywaj\u0105 one na stan sk\u00f3ry g\u0142owy, a jednocze\u015bnie pomagaj\u0105 zag\u0119\u015bci\u0107 fryzur\u0119. Warto r\u00f3wnie\u017c stosowa\u0107 ampu\u0142ki, wod\u0119 brzozow\u0105, a nawet sok z cytryny dla odpowiedniej piel\u0119gnacji sk\u00f3ry g\u0142owy.<\/p>\n<p style=\"text-align: justify;\">Sk\u00f3ra g\u0142owy podzi\u0119kuje nam za produkty, takie jak \u00a0<a href=\"https:\/\/estyl.pl\/kerastase-prevention-kapiel-zageszczajaca-do-wlosow-normalnych-1000-ml\" target=\"_blank\"><b>K\u00e9rastase Prevention Bain<\/b><\/a> &#8211; k\u0105piel zag\u0119szczaj\u0105c\u0105 oraz \u00a0<a href=\"https:\/\/estyl.pl\/halier-fortesse-odzywka-wzmacniajaca-wlosy-150ml\" target=\"_blank\"><b>Halier Fortesse<\/b><\/a> &#8211; od\u017cywk\u0119, kt\u00f3ra zag\u0119\u015bci w\u0142osy, ale r\u00f3wnie\u017c pozwoli zadba\u0107 o skalp.<\/p>\n<p style=\"text-align: justify; padding-left: 90px;\"><a href=\"https:\/\/estyl.pl\/blog\/wp-content\/uploads\/2013\/05\/fortesse.jpg\" rel=\"lightbox[18616]\"><img decoding=\"async\" loading=\"lazy\" class=\"alignnone size-medium wp-image-32346\" src=\"https:\/\/estyl.pl\/blog\/wp-content\/uploads\/2013\/05\/fortesse-300x300.jpg\" alt=\"fortesse\" width=\"300\" height=\"300\" srcset=\"https:\/\/estyl.pl\/blog\/wp-content\/uploads\/2013\/05\/fortesse-300x300.jpg 300w, https:\/\/estyl.pl\/blog\/wp-content\/uploads\/2013\/05\/fortesse-580x580.jpg 580w, https:\/\/estyl.pl\/blog\/wp-content\/uploads\/2013\/05\/fortesse-755x755.jpg 755w, https:\/\/estyl.pl\/blog\/wp-content\/uploads\/2013\/05\/fortesse-261x261.jpg 261w, https:\/\/estyl.pl\/blog\/wp-content\/uploads\/2013\/05\/fortesse.jpg 1000w\" sizes=\"(max-width: 300px) 100vw, 300px\" \/><\/a>\u00a0 <a href=\"https:\/\/estyl.pl\/blog\/wp-content\/uploads\/2013\/05\/kerastase.jpg\" rel=\"lightbox[18616]\"><img decoding=\"async\" loading=\"lazy\" class=\"alignnone size-medium wp-image-32348\" src=\"https:\/\/estyl.pl\/blog\/wp-content\/uploads\/2013\/05\/kerastase-300x300.jpg\" alt=\"kerastase\" width=\"300\" height=\"300\" srcset=\"https:\/\/estyl.pl\/blog\/wp-content\/uploads\/2013\/05\/kerastase-300x300.jpg 300w, https:\/\/estyl.pl\/blog\/wp-content\/uploads\/2013\/05\/kerastase-580x580.jpg 580w, https:\/\/estyl.pl\/blog\/wp-content\/uploads\/2013\/05\/kerastase-261x261.jpg 261w, https:\/\/estyl.pl\/blog\/wp-content\/uploads\/2013\/05\/kerastase.jpg 700w\" sizes=\"(max-width: 300px) 100vw, 300px\" \/><\/a><\/p>\n<h2 style=\"text-align: justify;\">Jak stylizowa\u0107 rzadkie w\u0142osy?<\/h2>\n<p style=\"text-align: justify;\">Stylizacj\u0119 w\u0142os\u00f3w cienkich warto rozpocz\u0105\u0107 ju\u017c od samego modelowania. Do tego z pewno\u015bci\u0105 przyda nam si\u0119 okr\u0105g\u0142a szczotka. Modelowanie za jej pomoc\u0105 doda bowiem fryzurze obj\u0119to\u015bci, \u017ceby j\u0105 utrwali\u0107 wystarczy na\u0142o\u017cy\u0107 troch\u0119 pianki. Polecamy <a href=\"https:\/\/estyl.pl\/wooden-boar-25mm-okragla-drewniana-szczotka-z-wlosiem-dzika\" target=\"_blank\"><b> MaroccanOil szczotk\u0119 okr\u0105g\u0142\u0105, drewnian\u0105 z naturalnym w\u0142osiem<\/b><\/a><b>. <\/b>Je\u015bli jeste\u015b posiadaczk\u0105 rzadkich w\u0142os\u00f3w, lepiej sprawdz\u0105 si\u0119 r\u00f3wnie\u017c kr\u00f3tkie fryzury. W\u0142os\u00f3w cienkich lepiej nie tapirowa\u0107, poniewa\u017c mo\u017cna je tylko os\u0142abi\u0107.<\/p>\n<p style=\"text-align: justify; padding-left: 120px;\"><a href=\"https:\/\/estyl.pl\/blog\/wp-content\/uploads\/2013\/05\/rzadkie1.jpg\" rel=\"lightbox[18616]\"><img decoding=\"async\" loading=\"lazy\" class=\"alignnone  wp-image-32293\" src=\"https:\/\/estyl.pl\/blog\/wp-content\/uploads\/2013\/05\/rzadkie1-300x300.jpg\" alt=\"rzadkie1\" width=\"285\" height=\"285\" srcset=\"https:\/\/estyl.pl\/blog\/wp-content\/uploads\/2013\/05\/rzadkie1-300x300.jpg 300w, https:\/\/estyl.pl\/blog\/wp-content\/uploads\/2013\/05\/rzadkie1-261x261.jpg 261w, https:\/\/estyl.pl\/blog\/wp-content\/uploads\/2013\/05\/rzadkie1.jpg 564w\" sizes=\"(max-width: 285px) 100vw, 285px\" \/><\/a> <a href=\"https:\/\/estyl.pl\/blog\/wp-content\/uploads\/2013\/05\/rzadkie2.jpg\" rel=\"lightbox[18616]\"><img decoding=\"async\" loading=\"lazy\" class=\"alignnone  wp-image-32294\" src=\"https:\/\/estyl.pl\/blog\/wp-content\/uploads\/2013\/05\/rzadkie2-262x300.jpg\" alt=\"rzadkie2\" width=\"246\" height=\"281\" srcset=\"https:\/\/estyl.pl\/blog\/wp-content\/uploads\/2013\/05\/rzadkie2-262x300.jpg 262w, https:\/\/estyl.pl\/blog\/wp-content\/uploads\/2013\/05\/rzadkie2-261x298.jpg 261w, https:\/\/estyl.pl\/blog\/wp-content\/uploads\/2013\/05\/rzadkie2.jpg 300w\" sizes=\"(max-width: 246px) 100vw, 246px\" \/><\/a><\/p>\n<p style=\"padding-left: 90px; text-align: center;\">\u017ar\u00f3d\u0142o: ofeminin.pl<\/p>\n<h2 style=\"text-align: justify;\"><b>Rzadkie w\u0142osy\u00a0i przerzedzone &#8211; czy dieta ma znaczenie?<\/b><\/h2>\n<p style=\"text-align: justify;\">To, w jaki spos\u00f3b si\u0119 od\u017cywiamy bardzo cz\u0119sto znajduje odzwierciedlenie w wygl\u0105dzie naszych w\u0142os\u00f3w. Do ich wzrostu oraz wzmocnienia potrzebne s\u0105 nienasycone kwasy t\u0142uszczowe, witaminy A, E, z grupy B oraz substancje od\u017cywcze, takie jak \u017celazo, cynk, krzem, siarka. Upewnij si\u0119, \u017ce Twoja dieta jest warto\u015bciowa. By\u0107 mo\u017ce cz\u0119\u015bciowo problem rzadkich w\u0142os\u00f3w le\u017cy w nieprawid\u0142owym od\u017cywianiu si\u0119.<\/p>\n<p>Zapami\u0119taj, w\u0142osy przerzedzone i rzadkie:<\/p>\n<ul>\n<li>wygl\u0105daj\u0105 na cienkie i matowe,<\/li>\n<li>wypadaj\u0105 w do\u015b\u0107 du\u017cych ilo\u015bciach,<\/li>\n<li>s\u0105 efektem zaburzonej gospodarki hormonalnej,<\/li>\n<li>os\u0142abia je niew\u0142a\u015bciwa piel\u0119gnacja,<\/li>\n<li>to skutek nieleczonego \u0142upie\u017cu t\u0142ustego lub \u0142ojotoku,<\/li>\n<li>cieniej\u0105 pod wp\u0142ywem stresu i braku witamin,<\/li>\n<li>mo\u017cna zag\u0119\u015bci\u0107, rozpoznaj\u0105c w\u0142a\u015bciwie przyczyn\u0119 ich wypadania.<\/li>\n<\/ul>\n<h3><em>Efekty dzia\u0142ania produkt\u00f3w<\/em><\/h3>\n<p style=\"text-align: justify;\"><span style=\"font-weight: 400;\">Efekty dzia\u0142ania wszelkich kosmetyk\u00f3w wzmacniaj\u0105cych w\u0142osy, b\u0105d\u017a te\u017c przeciwdzia\u0142aj\u0105cych ich wypadaniu, maj\u0105 d\u0142u\u017cszy efekt dzia\u0142ania ni\u017c inne produkty piel\u0119gnacyjne przeznaczone do w\u0142os\u00f3w. Pierwsze r\u00f3\u017cnice oczywi\u015bcie mog\u0105 by\u0107 widoczne ju\u017c po pierwszych zastosowaniach. My\u015bl\u0119 tu o takich zmianach jak: u\u0142atwienie w uk\u0142adaniu w\u0142os\u00f3w, podniesienie w\u0142os\u00f3w od nasady, czy dodanie im obj\u0119to\u015bci. Je\u015bli m\u00f3wimy natomiast o efektach d\u0142ugotrwa\u0142ych to widoczne zmiany zobaczymy po oko\u0142o 3 miesi\u0105cach. Czasem zdarza si\u0119 szybciej. Efekty te zobaczymy, je\u015bli produkty czy te\u017c kosmetyki b\u0119dziemy stosowa\u0107 regularnie i zgodnie z zaleceniami producenta. Cz\u0119sto klienci zadaj\u0105 nam r\u00f3wnie\u017c pytanie &#8211; czy rezultaty stosowanych kosmetyk\u00f3w, preparat\u00f3w przeznaczone dla rzadkich w\u0142os\u00f3w i przerzedzonych s\u0105 trwa\u0142e. Tak! Musimy jednak pami\u0119ta\u0107, aby po zako\u0144czonej kuracji stara\u0107 si\u0119 unika\u0107 wszelkich czynnik\u00f3w powoduj\u0105cych przerzedzenie w\u0142os\u00f3w. Starajmy si\u0119 dba\u0107 o diet\u0119, ogranicza\u0107 koloryzacj\u0119 czy nadmiern\u0105 stylizacj\u0119.<\/span><\/p>\n<p>Pami\u0119taj, \u017ce niezale\u017cnie od tego czy masz w\u0142osy cienkie i rzadkie z natury, czy mo\u017ce przerzedzi\u0142y si\u0119 na skutek r\u00f3\u017cnych czynnik\u00f3w, poprzez odpowiedni\u0105 piel\u0119gnacj\u0119 i zdrowy styl \u017cycia mo\u017cesz je zag\u0119\u015bci\u0107 i nada\u0107 im pi\u0119kny wygl\u0105d! Skorzystaj z naszych rad i ciesz si\u0119 pi\u0119knymi, a przede wszystkim zdrowymi w\u0142osami ka\u017cdego dnia. W naszym sklepie znale\u017a\u0107 mo\u017cecie wiele produkt\u00f3w przeznaczonych dla <a href=\"https:\/\/estyl.pl\/wlosy-wypadajace-lub-przerzedzone\" target=\"_blank\">w\u0142os\u00f3w wypadaj\u0105cych i przerzedzonych<\/a>.<\/p>\n","protected":false},"excerpt":{"rendered":"<p>Dziennie tracimy od kilkunastu do oko\u0142o 150 w\u0142os\u00f3w. Jest to fizjologiczne zjawisko, kt\u00f3re mie\u015bci si\u0119 w normach. Sukcesywne wypadanie du\u017co wi\u0119kszej ilo\u015bci w\u0142os\u00f3w, nie zwi\u0105zane z przej\u015bciem p\u00f3r roku, antybiotykoterapi\u0105, czy porodem sygnalizuje powa\u017cniejszy proces chorobowy. W\u0142osy rzadkie, przerzedzone i cienkie wymagaj\u0105 zwykle starannej piel\u0119gnacji i do\u015b\u0107 d\u0142ugotrwa\u0142ego leczenia.<\/p>\n","protected":false},"author":1,"featured_media":27006,"comment_status":"open","ping_status":"closed","sticky":false,"template":"","format":"standard","meta":{"_eb_attr":""},"categories":[4,5],"tags":[2570,239,1520,232],"acf":[],"yoast_head":"<!-- This site is optimized with the Yoast SEO plugin v20.8 - https:\/\/yoast.com\/wordpress\/plugins\/seo\/ -->\n<title>Jak rozpozna\u0107 rodzaj w\u0142os\u00f3w: rzadkie w\u0142osy i przerzedzone<\/title>\n<meta name=\"description\" content=\"Choroba, stres i kuracja lekami mog\u0105 sprawi\u0107, \u017ce zintensyfikuje si\u0119 codzienna utrata w\u0142os\u00f3w. Rzadkie w\u0142osy i przerzedzone to powa\u017cny problem.\" \/>\n<meta name=\"robots\" content=\"index, follow, max-snippet:-1, max-image-preview:large, max-video-preview:-1\" \/>\n<link rel=\"canonical\" href=\"https:\/\/estyl.pl\/blog\/jak-rozpoznac-rodzaj-wlosow-wlosy-przerzedzone-i-rzadkie\/\" \/>\n<meta property=\"og:locale\" content=\"pl_PL\" \/>\n<meta property=\"og:type\" content=\"article\" \/>\n<meta property=\"og:title\" content=\"Jak rozpozna\u0107 rodzaj w\u0142os\u00f3w: rzadkie w\u0142osy i przerzedzone\" \/>\n<meta property=\"og:description\" content=\"Choroba, stres i kuracja lekami mog\u0105 sprawi\u0107, \u017ce zintensyfikuje si\u0119 codzienna utrata w\u0142os\u00f3w. Rzadkie w\u0142osy i przerzedzone to powa\u017cny problem.\" \/>\n<meta property=\"og:url\" content=\"https:\/\/estyl.pl\/blog\/jak-rozpoznac-rodzaj-wlosow-wlosy-przerzedzone-i-rzadkie\/\" \/>\n<meta property=\"og:site_name\" content=\"Blog | Estyl.pl\" \/>\n<meta property=\"article:published_time\" content=\"2013-05-22T08:01:56+00:00\" \/>\n<meta property=\"article:modified_time\" content=\"2019-10-25T10:58:37+00:00\" \/>\n<meta property=\"og:image\" content=\"https:\/\/estyl.pl\/blog\/wp-content\/uploads\/2013\/05\/w\u0142osy-rzadzkie.jpg\" \/>\n\t<meta property=\"og:image:width\" content=\"755\" \/>\n\t<meta property=\"og:image:height\" content=\"320\" \/>\n\t<meta property=\"og:image:type\" content=\"image\/jpeg\" \/>\n<meta name=\"author\" content=\"admin\" \/>\n<meta name=\"twitter:label1\" content=\"Napisane przez\" \/>\n\t<meta name=\"twitter:data1\" content=\"admin\" \/>\n\t<meta name=\"twitter:label2\" content=\"Szacowany czas czytania\" \/>\n\t<meta name=\"twitter:data2\" content=\"8 minut\" \/>\n<script type=\"application\/ld+json\" class=\"yoast-schema-graph\">{\"@context\":\"https:\/\/schema.org\",\"@graph\":[{\"@type\":\"WebPage\",\"@id\":\"https:\/\/estyl.pl\/blog\/jak-rozpoznac-rodzaj-wlosow-wlosy-przerzedzone-i-rzadkie\/\",\"url\":\"https:\/\/estyl.pl\/blog\/jak-rozpoznac-rodzaj-wlosow-wlosy-przerzedzone-i-rzadkie\/\",\"name\":\"Jak rozpozna\u0107 rodzaj w\u0142os\u00f3w: rzadkie w\u0142osy i przerzedzone\",\"isPartOf\":{\"@id\":\"https:\/\/estyl.pl\/blog\/#website\"},\"datePublished\":\"2013-05-22T08:01:56+00:00\",\"dateModified\":\"2019-10-25T10:58:37+00:00\",\"author\":{\"@id\":\"https:\/\/estyl.pl\/blog\/#\/schema\/person\/22fff2064045ce23be580e18ca255220\"},\"description\":\"Choroba, stres i kuracja lekami mog\u0105 sprawi\u0107, \u017ce zintensyfikuje si\u0119 codzienna utrata w\u0142os\u00f3w. Rzadkie w\u0142osy i przerzedzone to powa\u017cny problem.\",\"breadcrumb\":{\"@id\":\"https:\/\/estyl.pl\/blog\/jak-rozpoznac-rodzaj-wlosow-wlosy-przerzedzone-i-rzadkie\/#breadcrumb\"},\"inLanguage\":\"pl-PL\",\"potentialAction\":[{\"@type\":\"ReadAction\",\"target\":[\"https:\/\/estyl.pl\/blog\/jak-rozpoznac-rodzaj-wlosow-wlosy-przerzedzone-i-rzadkie\/\"]}]},{\"@type\":\"BreadcrumbList\",\"@id\":\"https:\/\/estyl.pl\/blog\/jak-rozpoznac-rodzaj-wlosow-wlosy-przerzedzone-i-rzadkie\/#breadcrumb\",\"itemListElement\":[{\"@type\":\"ListItem\",\"position\":1,\"name\":\"Piel\u0119gnacja w\u0142os\u00f3w\",\"item\":\"https:\/\/estyl.pl\/blog\/pielegnacja-wlosow\/\"},{\"@type\":\"ListItem\",\"position\":2,\"name\":\"Jak rozpozna\u0107 rodzaj w\u0142os\u00f3w: rzadkie w\u0142osy i przerzedzone\"}]},{\"@type\":\"WebSite\",\"@id\":\"https:\/\/estyl.pl\/blog\/#website\",\"url\":\"https:\/\/estyl.pl\/blog\/\",\"name\":\"Blog | Estyl.pl\",\"description\":\"Kosmetyki do w\u0142os\u00f3w, porady, piel\u0119gnacja, stylizacja\",\"potentialAction\":[{\"@type\":\"SearchAction\",\"target\":{\"@type\":\"EntryPoint\",\"urlTemplate\":\"https:\/\/estyl.pl\/blog\/?s={search_term_string}\"},\"query-input\":\"required name=search_term_string\"}],\"inLanguage\":\"pl-PL\"},{\"@type\":\"Person\",\"@id\":\"https:\/\/estyl.pl\/blog\/#\/schema\/person\/22fff2064045ce23be580e18ca255220\",\"name\":\"admin\",\"url\":\"https:\/\/estyl.pl\/blog\/author\/admin\/\"}]}<\/script>\n<!-- \/ Yoast SEO plugin. -->","yoast_head_json":{"title":"Jak rozpozna\u0107 rodzaj w\u0142os\u00f3w: rzadkie w\u0142osy i przerzedzone","description":"Choroba, stres i kuracja lekami mog\u0105 sprawi\u0107, \u017ce zintensyfikuje si\u0119 codzienna utrata w\u0142os\u00f3w. Rzadkie w\u0142osy i przerzedzone to powa\u017cny problem.","robots":{"index":"index","follow":"follow","max-snippet":"max-snippet:-1","max-image-preview":"max-image-preview:large","max-video-preview":"max-video-preview:-1"},"canonical":"https:\/\/estyl.pl\/blog\/jak-rozpoznac-rodzaj-wlosow-wlosy-przerzedzone-i-rzadkie\/","og_locale":"pl_PL","og_type":"article","og_title":"Jak rozpozna\u0107 rodzaj w\u0142os\u00f3w: rzadkie w\u0142osy i przerzedzone","og_description":"Choroba, stres i kuracja lekami mog\u0105 sprawi\u0107, \u017ce zintensyfikuje si\u0119 codzienna utrata w\u0142os\u00f3w. Rzadkie w\u0142osy i przerzedzone to powa\u017cny problem.","og_url":"https:\/\/estyl.pl\/blog\/jak-rozpoznac-rodzaj-wlosow-wlosy-przerzedzone-i-rzadkie\/","og_site_name":"Blog | Estyl.pl","article_published_time":"2013-05-22T08:01:56+00:00","article_modified_time":"2019-10-25T10:58:37+00:00","og_image":[{"width":755,"height":320,"url":"https:\/\/estyl.pl\/blog\/wp-content\/uploads\/2013\/05\/w\u0142osy-rzadzkie.jpg","type":"image\/jpeg"}],"author":"admin","twitter_misc":{"Napisane przez":"admin","Szacowany czas czytania":"8 minut"},"schema":{"@context":"https:\/\/schema.org","@graph":[{"@type":"WebPage","@id":"https:\/\/estyl.pl\/blog\/jak-rozpoznac-rodzaj-wlosow-wlosy-przerzedzone-i-rzadkie\/","url":"https:\/\/estyl.pl\/blog\/jak-rozpoznac-rodzaj-wlosow-wlosy-przerzedzone-i-rzadkie\/","name":"Jak rozpozna\u0107 rodzaj w\u0142os\u00f3w: rzadkie w\u0142osy i przerzedzone","isPartOf":{"@id":"https:\/\/estyl.pl\/blog\/#website"},"datePublished":"2013-05-22T08:01:56+00:00","dateModified":"2019-10-25T10:58:37+00:00","author":{"@id":"https:\/\/estyl.pl\/blog\/#\/schema\/person\/22fff2064045ce23be580e18ca255220"},"description":"Choroba, stres i kuracja lekami mog\u0105 sprawi\u0107, \u017ce zintensyfikuje si\u0119 codzienna utrata w\u0142os\u00f3w. Rzadkie w\u0142osy i przerzedzone to powa\u017cny problem.","breadcrumb":{"@id":"https:\/\/estyl.pl\/blog\/jak-rozpoznac-rodzaj-wlosow-wlosy-przerzedzone-i-rzadkie\/#breadcrumb"},"inLanguage":"pl-PL","potentialAction":[{"@type":"ReadAction","target":["https:\/\/estyl.pl\/blog\/jak-rozpoznac-rodzaj-wlosow-wlosy-przerzedzone-i-rzadkie\/"]}]},{"@type":"BreadcrumbList","@id":"https:\/\/estyl.pl\/blog\/jak-rozpoznac-rodzaj-wlosow-wlosy-przerzedzone-i-rzadkie\/#breadcrumb","itemListElement":[{"@type":"ListItem","position":1,"name":"Piel\u0119gnacja w\u0142os\u00f3w","item":"https:\/\/estyl.pl\/blog\/pielegnacja-wlosow\/"},{"@type":"ListItem","position":2,"name":"Jak rozpozna\u0107 rodzaj w\u0142os\u00f3w: rzadkie w\u0142osy i przerzedzone"}]},{"@type":"WebSite","@id":"https:\/\/estyl.pl\/blog\/#website","url":"https:\/\/estyl.pl\/blog\/","name":"Blog | Estyl.pl","description":"Kosmetyki do w\u0142os\u00f3w, porady, piel\u0119gnacja, stylizacja","potentialAction":[{"@type":"SearchAction","target":{"@type":"EntryPoint","urlTemplate":"https:\/\/estyl.pl\/blog\/?s={search_term_string}"},"query-input":"required name=search_term_string"}],"inLanguage":"pl-PL"},{"@type":"Person","@id":"https:\/\/estyl.pl\/blog\/#\/schema\/person\/22fff2064045ce23be580e18ca255220","name":"admin","url":"https:\/\/estyl.pl\/blog\/author\/admin\/"}]}},"_links":{"self":[{"href":"https:\/\/estyl.pl\/blog\/wp-json\/wp\/v2\/posts\/18616"}],"collection":[{"href":"https:\/\/estyl.pl\/blog\/wp-json\/wp\/v2\/posts"}],"about":[{"href":"https:\/\/estyl.pl\/blog\/wp-json\/wp\/v2\/types\/post"}],"author":[{"embeddable":true,"href":"https:\/\/estyl.pl\/blog\/wp-json\/wp\/v2\/users\/1"}],"replies":[{"embeddable":true,"href":"https:\/\/estyl.pl\/blog\/wp-json\/wp\/v2\/comments?post=18616"}],"version-history":[{"count":41,"href":"https:\/\/estyl.pl\/blog\/wp-json\/wp\/v2\/posts\/18616\/revisions"}],"predecessor-version":[{"id":33574,"href":"https:\/\/estyl.pl\/blog\/wp-json\/wp\/v2\/posts\/18616\/revisions\/33574"}],"wp:featuredmedia":[{"embeddable":true,"href":"https:\/\/estyl.pl\/blog\/wp-json\/wp\/v2\/media\/27006"}],"wp:attachment":[{"href":"https:\/\/estyl.pl\/blog\/wp-json\/wp\/v2\/media?parent=18616"}],"wp:term":[{"taxonomy":"category","embeddable":true,"href":"https:\/\/estyl.pl\/blog\/wp-json\/wp\/v2\/categories?post=18616"},{"taxonomy":"post_tag","embeddable":true,"href":"https:\/\/estyl.pl\/blog\/wp-json\/wp\/v2\/tags?post=18616"}],"curies":[{"name":"wp","href":"https:\/\/api.w.org\/{rel}","templated":true}]}}