{"id":18645,"date":"2013-05-31T10:00:04","date_gmt":"2013-05-31T08:00:04","guid":{"rendered":"https:\/\/estyl.pl\/blog\/?p=18645"},"modified":"2015-07-21T11:25:12","modified_gmt":"2015-07-21T09:25:12","slug":"olejki-moroccanoil-do-skory-glowy","status":"publish","type":"post","link":"https:\/\/estyl.pl\/blog\/olejki-moroccanoil-do-skory-glowy\/","title":{"rendered":"Olejki Moroccanoil do sk\u00f3ry g\u0142owy"},"content":{"rendered":"<h3>Problemy sk\u00f3ry g\u0142owy to nie tylko przykry dyskomfort codzienny, ale i choroba utrudniaj\u0105ca wzrost zdrowych w\u0142os\u00f3w. Je\u015bli masz w\u0142osy s\u0142abe, rzadkie lub wypadaj\u0105ce i chcesz poprawi\u0107 ich jako\u015b\u0107 zainwestuj w olejki do w\u0142os\u00f3w lub lecznicze ampu\u0142ki. Wcierki do w\u0142os\u00f3w potrafi\u0105 zag\u0119\u015bci\u0107 w\u0142osy, r\u00f3wnowa\u017c\u0105c te\u017c prac\u0119 sk\u00f3ry g\u0142owy. Oto nowe olejki Moroccanoil, przemy\u015blane pod k\u0105tem okre\u015blonych problem\u00f3w sk\u00f3ry g\u0142owy.<\/h3>\n<h3><!--more--><\/h3>\n<h3><a href=\"https:\/\/estyl.pl\/blog\/wp-content\/uploads\/2013\/05\/olejki_do_skory_glowy1.jpg\" target=\"_blank\" rel=\"lightbox[18645]\"><img decoding=\"async\" loading=\"lazy\" class=\"aligncenter wp-image-27539 size-full\" title=\"Olejki Moroccanoil do t\u0142ustej i przesuszonej sk\u00f3ry g\u0142owy\" src=\"https:\/\/estyl.pl\/blog\/wp-content\/uploads\/2013\/05\/olejki_do_skory_glowy1.jpg\" alt=\"Moroccanoil\" width=\"575\" height=\"342\" srcset=\"https:\/\/estyl.pl\/blog\/wp-content\/uploads\/2013\/05\/olejki_do_skory_glowy1.jpg 575w, https:\/\/estyl.pl\/blog\/wp-content\/uploads\/2013\/05\/olejki_do_skory_glowy1-300x178.jpg 300w, https:\/\/estyl.pl\/blog\/wp-content\/uploads\/2013\/05\/olejki_do_skory_glowy1-261x155.jpg 261w\" sizes=\"(max-width: 575px) 100vw, 575px\" \/><\/a><\/h3>\n<h3>Olejek Moroccanoil do przesuszonej sk\u00f3ry g\u0142owy<\/h3>\n<p><img decoding=\"async\" loading=\"lazy\" class=\"alignleft wp-image-18656 size-thumbnail\" title=\"Moroccanoil Dry No More Scalp\" src=\"https:\/\/estyl.pl\/blog\/wp-content\/uploads\/2013\/05\/moroccanoil-dry-no-more-scalp-150x150.jpg\" alt=\"Moroccanoil\" width=\"150\" height=\"150\" srcset=\"https:\/\/estyl.pl\/blog\/wp-content\/uploads\/2013\/05\/moroccanoil-dry-no-more-scalp-150x150.jpg 150w, https:\/\/estyl.pl\/blog\/wp-content\/uploads\/2013\/05\/moroccanoil-dry-no-more-scalp-300x300.jpg 300w, https:\/\/estyl.pl\/blog\/wp-content\/uploads\/2013\/05\/moroccanoil-dry-no-more-scalp-261x261.jpg 261w, https:\/\/estyl.pl\/blog\/wp-content\/uploads\/2013\/05\/moroccanoil-dry-no-more-scalp.jpg 480w\" sizes=\"(max-width: 150px) 100vw, 150px\" \/><a href=\"http:\/\/estyl.pl\/moroccanoil-dry-scalp-no-more-olejek-przywracajacy-rownowage-przesuszonej-skory-glowy-45-ml.html\"><strong>Moroccanoil Dry Scalp No More<\/strong><\/a> to olejek dedykowany osobom <strong>z problemami przesuszenia skalpu<\/strong>. Kosmetyk reguluje zaburzenia gospodarki sk\u00f3ry g\u0142owy, redukuje \u015bwi\u0105d, \u0142agodzi podra\u017cnienia i koi such\u0105 sk\u00f3r\u0119. Olejek wraz z masa\u017cem pobudza cebulki w\u0142os\u00f3w do wzrostu, poprawia kr\u0105\u017cenie i zapobiega wypadaniu w\u0142os\u00f3w.<strong> W sk\u0142adzie olejku znajdziemy<\/strong> olejek arganowy, witamin\u0119 E, olejek lawendowy, olej rzepakowy, kwas salicylowy, czy olejek z pelargonii. Olejek stosujemy <strong>przed myciem w\u0142os\u00f3w<\/strong>, wmasowuj\u0105c go dok\u0142adanie w sk\u00f3r\u0119 g\u0142owy. Kosmetyk posiada wygodny aplikator w postaci pipety i pojemno\u015b\u0107 45 ml.<\/p>\n<h3>Olejek Moroccanoil do t\u0142ustej sk\u00f3ry g\u0142owy<\/h3>\n<p><img decoding=\"async\" loading=\"lazy\" class=\"alignleft wp-image-18654 size-thumbnail\" title=\"Moroccanoil Scalp No More\" src=\"https:\/\/estyl.pl\/blog\/wp-content\/uploads\/2013\/05\/Moroccanoil_Scalp_No_More-150x150.jpg\" alt=\"Moroccanoil\" width=\"150\" height=\"150\" srcset=\"https:\/\/estyl.pl\/blog\/wp-content\/uploads\/2013\/05\/Moroccanoil_Scalp_No_More-150x150.jpg 150w, https:\/\/estyl.pl\/blog\/wp-content\/uploads\/2013\/05\/Moroccanoil_Scalp_No_More-300x300.jpg 300w, https:\/\/estyl.pl\/blog\/wp-content\/uploads\/2013\/05\/Moroccanoil_Scalp_No_More-261x261.jpg 261w, https:\/\/estyl.pl\/blog\/wp-content\/uploads\/2013\/05\/Moroccanoil_Scalp_No_More.jpg 480w\" sizes=\"(max-width: 150px) 100vw, 150px\" \/><a href=\"http:\/\/estyl.pl\/moroccanoil-oil-scalp-no-more-olejek-przywracajacy-rownowage-przetluszczajacej-sie-skory-glowy-45-ml.html\"><strong>Moroccanoil Oil Scalp No More<\/strong><\/a> to kuracja w formie olejku <strong>reguluj\u0105cego nadmierne przet\u0142uszczanie skalpu<\/strong>\u00a0 i zapalenie mieszk\u00f3w w\u0142osowych. Kosmetyk przywraca r\u00f3wnowag\u0119 \u0142ojotokowej sk\u00f3rze, rewitalizuje i unosi w\u0142osy od korzeni, \u0142agodzi podra\u017cnienia i wzmacnia cebulki w\u0142os\u00f3w. <strong>W sk\u0142adzie kosmetyku znajdziemy<\/strong> mi\u0119dzy innymi, takie substancje czynne, jak olejek arganowy, proteiny, olejek imbirowy, olejek lawendowy, olej rycynowy, flawonoidy (apigenina), kwas oleanolowy. Olejek mo\u017ce by\u0107 u\u017cywany <strong>przed koloryzacj\u0105 w\u0142os\u00f3w<\/strong>, w celu zapobie\u017cenia podra\u017cnieniom i zminimalizowaniu <strong>wypadania w\u0142os\u00f3w<\/strong>. Kosmetyk wyst\u0119puje w opakowaniu o pojemno\u015bci 45 ml.<\/p>\n","protected":false},"excerpt":{"rendered":"<p>Problemy sk\u00f3ry g\u0142owy to nie tylko przykry dyskomfort codzienny, ale i choroba utrudniaj\u0105ca wzrost zdrowych w\u0142os\u00f3w. Je\u015bli masz w\u0142osy s\u0142abe, rzadkie lub wypadaj\u0105ce i chcesz poprawi\u0107 ich jako\u015b\u0107 zainwestuj w olejki do w\u0142os\u00f3w lub lecznicze ampu\u0142ki. Wcierki do w\u0142os\u00f3w potrafi\u0105 zag\u0119\u015bci\u0107 w\u0142osy, r\u00f3wnowa\u017c\u0105c te\u017c prac\u0119 sk\u00f3ry g\u0142owy. Oto nowe olejki Moroccanoil, przemy\u015blane pod k\u0105tem okre\u015blonych [&hellip;]<\/p>\n","protected":false},"author":23,"featured_media":0,"comment_status":"open","ping_status":"closed","sticky":false,"template":"","format":"standard","meta":{"_eb_attr":""},"categories":[3],"tags":[1522,888,1012],"acf":[],"yoast_head":"<!-- This site is optimized with the Yoast SEO plugin v20.8 - https:\/\/yoast.com\/wordpress\/plugins\/seo\/ -->\n<title>Olejki Moroccanoil do sk\u00f3ry g\u0142owy<\/title>\n<meta name=\"description\" content=\"Niewa\u017cne, czy Twoja sk\u00f3ra g\u0142owy jest t\u0142usta czy przesuszona. Oba te problemy rozwi\u0105zuj\u0105 olejki Moroccanoil. Poznaj jego dwa rodzaje.\" \/>\n<meta name=\"robots\" content=\"index, follow, max-snippet:-1, max-image-preview:large, max-video-preview:-1\" \/>\n<link rel=\"canonical\" href=\"https:\/\/estyl.pl\/blog\/olejki-moroccanoil-do-skory-glowy\/\" \/>\n<meta property=\"og:locale\" content=\"pl_PL\" \/>\n<meta property=\"og:type\" content=\"article\" \/>\n<meta property=\"og:title\" content=\"Olejki Moroccanoil do sk\u00f3ry g\u0142owy\" \/>\n<meta property=\"og:description\" content=\"Niewa\u017cne, czy Twoja sk\u00f3ra g\u0142owy jest t\u0142usta czy przesuszona. Oba te problemy rozwi\u0105zuj\u0105 olejki Moroccanoil. Poznaj jego dwa rodzaje.\" \/>\n<meta property=\"og:url\" content=\"https:\/\/estyl.pl\/blog\/olejki-moroccanoil-do-skory-glowy\/\" \/>\n<meta property=\"og:site_name\" content=\"Blog | Estyl.pl\" \/>\n<meta property=\"article:author\" content=\"kdrogowskakwasnik\" \/>\n<meta property=\"article:published_time\" content=\"2013-05-31T08:00:04+00:00\" \/>\n<meta property=\"article:modified_time\" content=\"2015-07-21T09:25:12+00:00\" \/>\n<meta property=\"og:image\" content=\"https:\/\/estyl.pl\/blog\/wp-content\/uploads\/2013\/05\/olejki_do_skory_glowy1.jpg\" \/>\n<meta name=\"author\" content=\"Karolina\" \/>\n<meta name=\"twitter:label1\" content=\"Napisane przez\" \/>\n\t<meta name=\"twitter:data1\" content=\"Karolina\" \/>\n\t<meta name=\"twitter:label2\" content=\"Szacowany czas czytania\" \/>\n\t<meta name=\"twitter:data2\" content=\"2 minuty\" \/>\n<script type=\"application\/ld+json\" class=\"yoast-schema-graph\">{\"@context\":\"https:\/\/schema.org\",\"@graph\":[{\"@type\":\"WebPage\",\"@id\":\"https:\/\/estyl.pl\/blog\/olejki-moroccanoil-do-skory-glowy\/\",\"url\":\"https:\/\/estyl.pl\/blog\/olejki-moroccanoil-do-skory-glowy\/\",\"name\":\"Olejki Moroccanoil do sk\u00f3ry g\u0142owy\",\"isPartOf\":{\"@id\":\"https:\/\/estyl.pl\/blog\/#website\"},\"datePublished\":\"2013-05-31T08:00:04+00:00\",\"dateModified\":\"2015-07-21T09:25:12+00:00\",\"author\":{\"@id\":\"https:\/\/estyl.pl\/blog\/#\/schema\/person\/debe1fb907542b5dc82bccc2029e474f\"},\"description\":\"Niewa\u017cne, czy Twoja sk\u00f3ra g\u0142owy jest t\u0142usta czy przesuszona. Oba te problemy rozwi\u0105zuj\u0105 olejki Moroccanoil. Poznaj jego dwa rodzaje.\",\"breadcrumb\":{\"@id\":\"https:\/\/estyl.pl\/blog\/olejki-moroccanoil-do-skory-glowy\/#breadcrumb\"},\"inLanguage\":\"pl-PL\",\"potentialAction\":[{\"@type\":\"ReadAction\",\"target\":[\"https:\/\/estyl.pl\/blog\/olejki-moroccanoil-do-skory-glowy\/\"]}]},{\"@type\":\"BreadcrumbList\",\"@id\":\"https:\/\/estyl.pl\/blog\/olejki-moroccanoil-do-skory-glowy\/#breadcrumb\",\"itemListElement\":[{\"@type\":\"ListItem\",\"position\":1,\"name\":\"Nowo\u015bci\",\"item\":\"https:\/\/estyl.pl\/blog\/nowosci\/\"},{\"@type\":\"ListItem\",\"position\":2,\"name\":\"Olejki Moroccanoil do sk\u00f3ry g\u0142owy\"}]},{\"@type\":\"WebSite\",\"@id\":\"https:\/\/estyl.pl\/blog\/#website\",\"url\":\"https:\/\/estyl.pl\/blog\/\",\"name\":\"Blog | Estyl.pl\",\"description\":\"Kosmetyki do w\u0142os\u00f3w, porady, piel\u0119gnacja, stylizacja\",\"potentialAction\":[{\"@type\":\"SearchAction\",\"target\":{\"@type\":\"EntryPoint\",\"urlTemplate\":\"https:\/\/estyl.pl\/blog\/?s={search_term_string}\"},\"query-input\":\"required name=search_term_string\"}],\"inLanguage\":\"pl-PL\"},{\"@type\":\"Person\",\"@id\":\"https:\/\/estyl.pl\/blog\/#\/schema\/person\/debe1fb907542b5dc82bccc2029e474f\",\"name\":\"Karolina\",\"description\":\"Absolwentka kosmetologii i dietetyki na \u015al\u0105skiej Wy\u017cszej Szkole Medycznej w Katowicach. Ze sklepem Estyl.pl zwi\u0105zana od wielu lat. Wiedz\u0119 na temat produkt\u00f3w zebra\u0142a pracuj\u0105c w sklepie stacjonanym w Katowicach. Aktualnie pracuje jako copywriter, co daje jej du\u017co satysfakcji. Uwielbia testowa\u0107 nowe kosmetyki.\",\"sameAs\":[\"kdrogowskakwasnik\"],\"url\":\"https:\/\/estyl.pl\/blog\/author\/k-mistalsiekiera\/\"}]}<\/script>\n<!-- \/ Yoast SEO plugin. -->","yoast_head_json":{"title":"Olejki Moroccanoil do sk\u00f3ry g\u0142owy","description":"Niewa\u017cne, czy Twoja sk\u00f3ra g\u0142owy jest t\u0142usta czy przesuszona. Oba te problemy rozwi\u0105zuj\u0105 olejki Moroccanoil. Poznaj jego dwa rodzaje.","robots":{"index":"index","follow":"follow","max-snippet":"max-snippet:-1","max-image-preview":"max-image-preview:large","max-video-preview":"max-video-preview:-1"},"canonical":"https:\/\/estyl.pl\/blog\/olejki-moroccanoil-do-skory-glowy\/","og_locale":"pl_PL","og_type":"article","og_title":"Olejki Moroccanoil do sk\u00f3ry g\u0142owy","og_description":"Niewa\u017cne, czy Twoja sk\u00f3ra g\u0142owy jest t\u0142usta czy przesuszona. Oba te problemy rozwi\u0105zuj\u0105 olejki Moroccanoil. Poznaj jego dwa rodzaje.","og_url":"https:\/\/estyl.pl\/blog\/olejki-moroccanoil-do-skory-glowy\/","og_site_name":"Blog | Estyl.pl","article_author":"kdrogowskakwasnik","article_published_time":"2013-05-31T08:00:04+00:00","article_modified_time":"2015-07-21T09:25:12+00:00","og_image":[{"url":"https:\/\/estyl.pl\/blog\/wp-content\/uploads\/2013\/05\/olejki_do_skory_glowy1.jpg"}],"author":"Karolina","twitter_misc":{"Napisane przez":"Karolina","Szacowany czas czytania":"2 minuty"},"schema":{"@context":"https:\/\/schema.org","@graph":[{"@type":"WebPage","@id":"https:\/\/estyl.pl\/blog\/olejki-moroccanoil-do-skory-glowy\/","url":"https:\/\/estyl.pl\/blog\/olejki-moroccanoil-do-skory-glowy\/","name":"Olejki Moroccanoil do sk\u00f3ry g\u0142owy","isPartOf":{"@id":"https:\/\/estyl.pl\/blog\/#website"},"datePublished":"2013-05-31T08:00:04+00:00","dateModified":"2015-07-21T09:25:12+00:00","author":{"@id":"https:\/\/estyl.pl\/blog\/#\/schema\/person\/debe1fb907542b5dc82bccc2029e474f"},"description":"Niewa\u017cne, czy Twoja sk\u00f3ra g\u0142owy jest t\u0142usta czy przesuszona. Oba te problemy rozwi\u0105zuj\u0105 olejki Moroccanoil. Poznaj jego dwa rodzaje.","breadcrumb":{"@id":"https:\/\/estyl.pl\/blog\/olejki-moroccanoil-do-skory-glowy\/#breadcrumb"},"inLanguage":"pl-PL","potentialAction":[{"@type":"ReadAction","target":["https:\/\/estyl.pl\/blog\/olejki-moroccanoil-do-skory-glowy\/"]}]},{"@type":"BreadcrumbList","@id":"https:\/\/estyl.pl\/blog\/olejki-moroccanoil-do-skory-glowy\/#breadcrumb","itemListElement":[{"@type":"ListItem","position":1,"name":"Nowo\u015bci","item":"https:\/\/estyl.pl\/blog\/nowosci\/"},{"@type":"ListItem","position":2,"name":"Olejki Moroccanoil do sk\u00f3ry g\u0142owy"}]},{"@type":"WebSite","@id":"https:\/\/estyl.pl\/blog\/#website","url":"https:\/\/estyl.pl\/blog\/","name":"Blog | Estyl.pl","description":"Kosmetyki do w\u0142os\u00f3w, porady, piel\u0119gnacja, stylizacja","potentialAction":[{"@type":"SearchAction","target":{"@type":"EntryPoint","urlTemplate":"https:\/\/estyl.pl\/blog\/?s={search_term_string}"},"query-input":"required name=search_term_string"}],"inLanguage":"pl-PL"},{"@type":"Person","@id":"https:\/\/estyl.pl\/blog\/#\/schema\/person\/debe1fb907542b5dc82bccc2029e474f","name":"Karolina","description":"Absolwentka kosmetologii i dietetyki na \u015al\u0105skiej Wy\u017cszej Szkole Medycznej w Katowicach. Ze sklepem Estyl.pl zwi\u0105zana od wielu lat. Wiedz\u0119 na temat produkt\u00f3w zebra\u0142a pracuj\u0105c w sklepie stacjonanym w Katowicach. Aktualnie pracuje jako copywriter, co daje jej du\u017co satysfakcji. Uwielbia testowa\u0107 nowe kosmetyki.","sameAs":["kdrogowskakwasnik"],"url":"https:\/\/estyl.pl\/blog\/author\/k-mistalsiekiera\/"}]}},"_links":{"self":[{"href":"https:\/\/estyl.pl\/blog\/wp-json\/wp\/v2\/posts\/18645"}],"collection":[{"href":"https:\/\/estyl.pl\/blog\/wp-json\/wp\/v2\/posts"}],"about":[{"href":"https:\/\/estyl.pl\/blog\/wp-json\/wp\/v2\/types\/post"}],"author":[{"embeddable":true,"href":"https:\/\/estyl.pl\/blog\/wp-json\/wp\/v2\/users\/23"}],"replies":[{"embeddable":true,"href":"https:\/\/estyl.pl\/blog\/wp-json\/wp\/v2\/comments?post=18645"}],"version-history":[{"count":21,"href":"https:\/\/estyl.pl\/blog\/wp-json\/wp\/v2\/posts\/18645\/revisions"}],"predecessor-version":[{"id":27541,"href":"https:\/\/estyl.pl\/blog\/wp-json\/wp\/v2\/posts\/18645\/revisions\/27541"}],"wp:attachment":[{"href":"https:\/\/estyl.pl\/blog\/wp-json\/wp\/v2\/media?parent=18645"}],"wp:term":[{"taxonomy":"category","embeddable":true,"href":"https:\/\/estyl.pl\/blog\/wp-json\/wp\/v2\/categories?post=18645"},{"taxonomy":"post_tag","embeddable":true,"href":"https:\/\/estyl.pl\/blog\/wp-json\/wp\/v2\/tags?post=18645"}],"curies":[{"name":"wp","href":"https:\/\/api.w.org\/{rel}","templated":true}]}}