{"id":18970,"date":"2013-06-26T10:00:33","date_gmt":"2013-06-26T08:00:33","guid":{"rendered":"https:\/\/estyl.pl\/blog\/?p=18970"},"modified":"2019-10-25T12:32:57","modified_gmt":"2019-10-25T10:32:57","slug":"meskie-fryzury-odzywianie-i-stylizacja","status":"publish","type":"post","link":"https:\/\/estyl.pl\/blog\/meskie-fryzury-odzywianie-i-stylizacja\/","title":{"rendered":"M\u0119skie fryzury: od\u017cywianie i stylizacja"},"content":{"rendered":"<h3>Czy Wasi Panowie cz\u0119sto korzystaj\u0105 z kosmetyk\u00f3w, kt\u00f3re zakupicie, czy raczej sami dbaj\u0105 o swoje kosmetyczne zabawki? Moje do\u015bwiadczenia w tym zakresie nauczy\u0142y mnie, by w por\u0119 uzupe\u0142nia\u0107 zaistnia\u0142e braki kosmetyczne, bo m\u00f3j m\u0119\u017cczyzna pami\u0119ta jedynie o \u017celu do w\u0142os\u00f3w i piance do golenia. Ca\u0142a reszta, czyli kremy, szampony, czy od\u017cywki do w\u0142os\u00f3w to moja domena. Sprawia mi to du\u017c\u0105 frajd\u0119 i mimo pocz\u0105tkowego buntu, teraz z rado\u015bci\u0105 wybieram dla niego nowe kosmetyki piel\u0119gnacyjne.\u00a0Bo kto lepiej zadba o m\u0119skie fryzury ni\u017c my, kobiety?<\/h3>\n<h3><!--more--><\/h3>\n<h3><a href=\"https:\/\/estyl.pl\/blog\/wp-content\/uploads\/2013\/06\/stylizacja_meskich_wlosow1.jpg\" target=\"_blank\" rel=\"lightbox[18970]\"><img decoding=\"async\" loading=\"lazy\" class=\"aligncenter wp-image-26852 size-full\" title=\"m\u0119skie fryzury\" src=\"https:\/\/estyl.pl\/blog\/wp-content\/uploads\/2013\/06\/stylizacja_meskich_wlosow1.jpg\" alt=\"m\u0119skie fryzury\" width=\"575\" height=\"342\" srcset=\"https:\/\/estyl.pl\/blog\/wp-content\/uploads\/2013\/06\/stylizacja_meskich_wlosow1.jpg 575w, https:\/\/estyl.pl\/blog\/wp-content\/uploads\/2013\/06\/stylizacja_meskich_wlosow1-300x178.jpg 300w, https:\/\/estyl.pl\/blog\/wp-content\/uploads\/2013\/06\/stylizacja_meskich_wlosow1-261x155.jpg 261w\" sizes=\"(max-width: 575px) 100vw, 575px\" \/><\/a><\/h3>\n<p style=\"text-align: center;\">fot.\u00a0\u00a9 Photl.com<\/p>\n<h3>Od\u017cywki dla m\u0119\u017cczyzn<\/h3>\n<p><a href=\"https:\/\/estyl.pl\/blog\/wp-content\/uploads\/2013\/06\/Alterna-Bamboo-MEN-Nourishing-Conditioner.jpg\" target=\"_blank\" rel=\"lightbox[18970]\"><img decoding=\"async\" loading=\"lazy\" class=\"alignleft wp-image-19000 size-thumbnail\" title=\"Alterna Bamboo MEN Nourishing Conditioner\" src=\"https:\/\/estyl.pl\/blog\/wp-content\/uploads\/2013\/06\/Alterna-Bamboo-MEN-Nourishing-Conditioner-150x150.jpg\" alt=\"m\u0119skie fryzury\" width=\"150\" height=\"150\" srcset=\"https:\/\/estyl.pl\/blog\/wp-content\/uploads\/2013\/06\/Alterna-Bamboo-MEN-Nourishing-Conditioner-150x150.jpg 150w, https:\/\/estyl.pl\/blog\/wp-content\/uploads\/2013\/06\/Alterna-Bamboo-MEN-Nourishing-Conditioner-300x300.jpg 300w, https:\/\/estyl.pl\/blog\/wp-content\/uploads\/2013\/06\/Alterna-Bamboo-MEN-Nourishing-Conditioner-261x261.jpg 261w, https:\/\/estyl.pl\/blog\/wp-content\/uploads\/2013\/06\/Alterna-Bamboo-MEN-Nourishing-Conditioner.jpg 480w\" sizes=\"(max-width: 150px) 100vw, 150px\" \/><\/a>Do tej pory pokutuje mit, jakoby u\u017cywanie od\u017cywek do w\u0142os\u00f3w by\u0142o niem\u0119skie i uw\u0142acza\u0142o m\u0119skiej dumie. Ten stereotyp powoli odchodzi w zapomnienie, a <strong>Panowie coraz mniej boj\u0105 si\u0119 stosowania wszelkiej ma\u015bci kosmetyk\u00f3w<\/strong>. Owszem kr\u00f3tkie fryzury m\u0119\u017cczyzn nie wymagaj\u0105 skomplikowanej piel\u0119gnacji, jak o wiele delikatniejsze w\u0142osy kobiet. Uwaga Pan\u00f3w powinna raczej skoncentrowa\u0107 si\u0119 na doborze takiej <strong>od\u017cywki, kt\u00f3ra zadzia\u0142a na dw\u00f3ch p\u0142aszczyznach<\/strong>. Po pierwsze <em><strong>zadba wizualnie o jako\u015b\u0107 w\u0142os\u00f3w<\/strong><\/em> dodaj\u0105c im po\u0142ysku i g\u0119sto\u015bci, ale jednocze\u015bnie <em><strong>zminimalizuje problemy sk\u00f3ry g\u0142owy<\/strong><\/em>. Nie musz\u0105 to by\u0107 od\u017cywki dedykowane specjalnie Panom, cho\u0107 bez w\u0105tpienia typowe linie m\u0119skie dzia\u0142aj\u0105 bardziej od\u015bwie\u017caj\u0105co i witalizuj\u0105co na ich w\u0142osy.<\/p>\n<div class=\"minpic\"><a href=\"https:\/\/estyl.pl\/blog\/wp-content\/uploads\/2013\/06\/American-Crew-Classic-Stimulating-Conditioner.jpg\" target=\"_blank\" rel=\"lightbox[18970]\"><img decoding=\"async\" loading=\"lazy\" class=\"alignnone wp-image-19001 size-thumbnail\" title=\"American Crew Classic Stimulating Conditioner\" src=\"https:\/\/estyl.pl\/blog\/wp-content\/uploads\/2013\/06\/American-Crew-Classic-Stimulating-Conditioner-150x150.jpg\" alt=\"m\u0119skie fryzury\" width=\"150\" height=\"150\" srcset=\"https:\/\/estyl.pl\/blog\/wp-content\/uploads\/2013\/06\/American-Crew-Classic-Stimulating-Conditioner-150x150.jpg 150w, https:\/\/estyl.pl\/blog\/wp-content\/uploads\/2013\/06\/American-Crew-Classic-Stimulating-Conditioner-300x300.jpg 300w, https:\/\/estyl.pl\/blog\/wp-content\/uploads\/2013\/06\/American-Crew-Classic-Stimulating-Conditioner-261x261.jpg 261w, https:\/\/estyl.pl\/blog\/wp-content\/uploads\/2013\/06\/American-Crew-Classic-Stimulating-Conditioner.jpg 480w\" sizes=\"(max-width: 150px) 100vw, 150px\" \/><\/a><a href=\"https:\/\/estyl.pl\/blog\/wp-content\/uploads\/2013\/06\/TIGI-B-for-Men-Clean-Up-Peppermint-Conditioner.jpg\" target=\"_blank\" rel=\"lightbox[18970]\"><img decoding=\"async\" loading=\"lazy\" class=\"alignnone wp-image-19002 size-thumbnail\" title=\"TIGI B for Men Clean Up Peppermint Conditioner\" src=\"https:\/\/estyl.pl\/blog\/wp-content\/uploads\/2013\/06\/TIGI-B-for-Men-Clean-Up-Peppermint-Conditioner-150x150.jpg\" alt=\"m\u0119skie fryzury\" width=\"150\" height=\"150\" srcset=\"https:\/\/estyl.pl\/blog\/wp-content\/uploads\/2013\/06\/TIGI-B-for-Men-Clean-Up-Peppermint-Conditioner-150x150.jpg 150w, https:\/\/estyl.pl\/blog\/wp-content\/uploads\/2013\/06\/TIGI-B-for-Men-Clean-Up-Peppermint-Conditioner-300x300.jpg 300w, https:\/\/estyl.pl\/blog\/wp-content\/uploads\/2013\/06\/TIGI-B-for-Men-Clean-Up-Peppermint-Conditioner-261x261.jpg 261w, https:\/\/estyl.pl\/blog\/wp-content\/uploads\/2013\/06\/TIGI-B-for-Men-Clean-Up-Peppermint-Conditioner.jpg 480w\" sizes=\"(max-width: 150px) 100vw, 150px\" \/><\/a><a href=\"https:\/\/estyl.pl\/blog\/wp-content\/uploads\/2013\/06\/tea-tree-calming-conditioner.jpg\" target=\"_blank\" rel=\"lightbox[18970]\"><img decoding=\"async\" loading=\"lazy\" class=\"alignnone wp-image-19003 size-thumbnail\" title=\"Crew Tea Tree Calming Conditioner\" src=\"https:\/\/estyl.pl\/blog\/wp-content\/uploads\/2013\/06\/tea-tree-calming-conditioner-150x150.jpg\" alt=\"m\u0119skie fryzury\" width=\"150\" height=\"150\" srcset=\"https:\/\/estyl.pl\/blog\/wp-content\/uploads\/2013\/06\/tea-tree-calming-conditioner-150x150.jpg 150w, https:\/\/estyl.pl\/blog\/wp-content\/uploads\/2013\/06\/tea-tree-calming-conditioner-300x300.jpg 300w, https:\/\/estyl.pl\/blog\/wp-content\/uploads\/2013\/06\/tea-tree-calming-conditioner-261x261.jpg 261w, https:\/\/estyl.pl\/blog\/wp-content\/uploads\/2013\/06\/tea-tree-calming-conditioner.jpg 480w\" sizes=\"(max-width: 150px) 100vw, 150px\" \/><\/a><\/div>\n<p><strong>Dla m\u0119\u017cczyzn polecamy:<\/strong> funkcjonaln\u0105 od\u017cywk\u0119 i krem do golenia\u00a0 w jednym <a href=\"https:\/\/estyl.pl\/alterna-bamboo-men-nourishing-conditioner-shaving-cream-organiczna-odzywka-i-krem-do-golenia-w-jednym-250ml\" target=\"_blank\"><strong>Bamboo MEN Nourishing Conditioner &amp; Shaving Cream<\/strong><\/a>, od\u017cywk\u0119 nawil\u017caj\u0105c\u0105\u00a0w\u0142osy <strong><a title=\"od\u017cywka American Crew\" href=\"https:\/\/estyl.pl\/ac-classic-daily-odzywka-nawilzajaca-250ml\" target=\"_blank\">American Crew Classic Stimulating Conditione<\/a>r.<\/strong><\/p>\n<h3>Stylizacja m\u0119skich fryzur<\/h3>\n<p><a href=\"https:\/\/estyl.pl\/blog\/wp-content\/uploads\/2013\/06\/Alterna-Bamboo-MEN-Power-Hold-Maximum-Strength-Gel.jpg\" target=\"_blank\" rel=\"lightbox[18970]\"><img decoding=\"async\" loading=\"lazy\" class=\"alignleft wp-image-19005 size-thumbnail\" title=\"Alterna Bamboo MEN Power Hold Maximum Strength Gel\" src=\"https:\/\/estyl.pl\/blog\/wp-content\/uploads\/2013\/06\/Alterna-Bamboo-MEN-Power-Hold-Maximum-Strength-Gel-150x150.jpg\" alt=\"m\u0119skie fryzury\" width=\"150\" height=\"150\" srcset=\"https:\/\/estyl.pl\/blog\/wp-content\/uploads\/2013\/06\/Alterna-Bamboo-MEN-Power-Hold-Maximum-Strength-Gel-150x150.jpg 150w, https:\/\/estyl.pl\/blog\/wp-content\/uploads\/2013\/06\/Alterna-Bamboo-MEN-Power-Hold-Maximum-Strength-Gel-300x300.jpg 300w, https:\/\/estyl.pl\/blog\/wp-content\/uploads\/2013\/06\/Alterna-Bamboo-MEN-Power-Hold-Maximum-Strength-Gel-261x261.jpg 261w, https:\/\/estyl.pl\/blog\/wp-content\/uploads\/2013\/06\/Alterna-Bamboo-MEN-Power-Hold-Maximum-Strength-Gel.jpg 480w\" sizes=\"(max-width: 150px) 100vw, 150px\" \/><\/a><strong>Kr\u00f3tkie w\u0142osy m\u0119\u017cczyzn<\/strong> wymagaj\u0105 podkre\u015blenia ich faktury w\u0142a\u015bciwymi kosmetykami do stylizacji. To taka kropka nad i, kt\u00f3ra zwykle wyra\u017ca osobowo\u015b\u0107 ka\u017cdego z Pan\u00f3w. Dany kosmetyk dobieramy pod k\u0105tem noszonej fryzury i rodzaju strzy\u017cenia. <strong>Innego rodzaju stylizacji wymagaj\u0105 w\u0142osy, kt\u00f3re s\u0105 s\u0142abe i wypadaj\u0105,\u00a0 innego takie, kt\u00f3re s\u0105 g\u0119ste, cienkie, czy te\u017c normalne<\/strong>. Ze\u00a0 wzgl\u0119du na faktur\u0119 swoich w\u0142os\u00f3w i problemy z w\u0142osami, Panowie mog\u0105 wybiera\u0107 w takich \u015brodkach do stylizacji, jak pasty, \u017cele, pianki, czy kremy. <strong>\u015arodki te mog\u0105<\/strong> mierzwi\u0107 w\u0142osy, dodaj\u0105c im g\u0119sto\u015bci, nadawa\u0107 m\u0119skim fryzurom po\u0142ysku i g\u0142adko\u015bci lub wr\u0119cz odwrotnie, je\u015bli kto\u015b lubi matowy efekt na w\u0142osach. <strong>Kosmetyki do stylizacji m\u0119skich fryzur powinny posiada\u0107 w sk\u0142adzie<\/strong> wyci\u0105gi ro\u015blinne; substancje wzmacniaj\u0105ce w\u0142osy, jak arginina; czy stymuluj\u0105cy i lubiany przez Pan\u00f3w mentol lub wyci\u0105g z eukaliptusa.<\/p>\n<div class=\"minpic\"><a href=\"https:\/\/estyl.pl\/blog\/wp-content\/uploads\/2013\/06\/Kerastase-Homme-Capital-Force-Sculpting-Fixing-Gel.jpg\" target=\"_blank\" rel=\"lightbox[18970]\"><img decoding=\"async\" loading=\"lazy\" class=\"alignnone wp-image-19006 size-thumbnail\" title=\"K\u00e9rastase Homme Capital Force Sculpting Fixing Gel\" src=\"https:\/\/estyl.pl\/blog\/wp-content\/uploads\/2013\/06\/Kerastase-Homme-Capital-Force-Sculpting-Fixing-Gel-150x150.jpg\" alt=\"m\u0119skie fryzury\" width=\"150\" height=\"150\" srcset=\"https:\/\/estyl.pl\/blog\/wp-content\/uploads\/2013\/06\/Kerastase-Homme-Capital-Force-Sculpting-Fixing-Gel-150x150.jpg 150w, https:\/\/estyl.pl\/blog\/wp-content\/uploads\/2013\/06\/Kerastase-Homme-Capital-Force-Sculpting-Fixing-Gel-300x300.jpg 300w, https:\/\/estyl.pl\/blog\/wp-content\/uploads\/2013\/06\/Kerastase-Homme-Capital-Force-Sculpting-Fixing-Gel-261x261.jpg 261w, https:\/\/estyl.pl\/blog\/wp-content\/uploads\/2013\/06\/Kerastase-Homme-Capital-Force-Sculpting-Fixing-Gel.jpg 480w\" sizes=\"(max-width: 150px) 100vw, 150px\" \/><\/a><a href=\"https:\/\/estyl.pl\/blog\/wp-content\/uploads\/2013\/06\/Alterna-Bamboo-MEN-Texturizing-Wax-Style-Stick.jpg\" target=\"_blank\" rel=\"lightbox[18970]\"><img decoding=\"async\" loading=\"lazy\" class=\"alignnone wp-image-19007 size-thumbnail\" title=\"Alterna Bamboo MEN Texturizing Wax Style Stick\" src=\"https:\/\/estyl.pl\/blog\/wp-content\/uploads\/2013\/06\/Alterna-Bamboo-MEN-Texturizing-Wax-Style-Stick-150x150.jpg\" alt=\"m\u0119skie fryzury\" width=\"150\" height=\"150\" srcset=\"https:\/\/estyl.pl\/blog\/wp-content\/uploads\/2013\/06\/Alterna-Bamboo-MEN-Texturizing-Wax-Style-Stick-150x150.jpg 150w, https:\/\/estyl.pl\/blog\/wp-content\/uploads\/2013\/06\/Alterna-Bamboo-MEN-Texturizing-Wax-Style-Stick-300x300.jpg 300w, https:\/\/estyl.pl\/blog\/wp-content\/uploads\/2013\/06\/Alterna-Bamboo-MEN-Texturizing-Wax-Style-Stick-261x261.jpg 261w, https:\/\/estyl.pl\/blog\/wp-content\/uploads\/2013\/06\/Alterna-Bamboo-MEN-Texturizing-Wax-Style-Stick.jpg 480w\" sizes=\"(max-width: 150px) 100vw, 150px\" \/><\/a><a href=\"https:\/\/estyl.pl\/blog\/wp-content\/uploads\/2013\/06\/American-Crew-Tea-Tree-Firm-Hold_Cream.jpg\" target=\"_blank\" rel=\"lightbox[18970]\"><img decoding=\"async\" loading=\"lazy\" class=\"alignnone wp-image-19008 size-thumbnail\" title=\"American Crew Tea Tree Firm Hold Cream\" src=\"https:\/\/estyl.pl\/blog\/wp-content\/uploads\/2013\/06\/American-Crew-Tea-Tree-Firm-Hold_Cream-150x150.jpg\" alt=\"m\u0119skie fryzury\" width=\"150\" height=\"150\" srcset=\"https:\/\/estyl.pl\/blog\/wp-content\/uploads\/2013\/06\/American-Crew-Tea-Tree-Firm-Hold_Cream-150x150.jpg 150w, https:\/\/estyl.pl\/blog\/wp-content\/uploads\/2013\/06\/American-Crew-Tea-Tree-Firm-Hold_Cream-300x300.jpg 300w, https:\/\/estyl.pl\/blog\/wp-content\/uploads\/2013\/06\/American-Crew-Tea-Tree-Firm-Hold_Cream-261x261.jpg 261w, https:\/\/estyl.pl\/blog\/wp-content\/uploads\/2013\/06\/American-Crew-Tea-Tree-Firm-Hold_Cream.jpg 480w\" sizes=\"(max-width: 150px) 100vw, 150px\" \/><\/a><\/div>\n<p><strong>Dla m\u0119\u017cczyzn polecamy:<\/strong> bardzo mocny \u017cel do stylizacji w\u0142os\u00f3w <a href=\"https:\/\/estyl.pl\/loreal-tecni-art-fix-max-zel-strukturyzujaco-utrwalajacy-200-ml-3527\" target=\"_blank\">Loreal Tecni.Art Fix Max<\/a>, \u017cel pogrubiaj\u0105cy\u00a0<strong>K\u00e9rastase Homme CF Ultra-fixing Gel\u00a0<\/strong>oraz krem do w\u0142os\u00f3w\u00a0<a href=\"https:\/\/estyl.pl\/wella-sp-men-defined-structure-krem-modelujacy-do-wlosow-100ml\" target=\"_blank\">Wella Sp Man Defined Structure.<\/a><\/p>\n<p>ZOBACZ R\u00d3WNIE\u017b: <a href=\"https:\/\/estyl.pl\/blog\/2019\/10\/pompadour-jak-ulozyc-fryzure\/\" target=\"_blank\">Pompadour \u2013 jak u\u0142o\u017cy\u0107 fryzur\u0119?<\/a><\/p>\n","protected":false},"excerpt":{"rendered":"<p>Czy Wasi Panowie cz\u0119sto korzystaj\u0105 z kosmetyk\u00f3w, kt\u00f3re zakupicie, czy raczej sami dbaj\u0105 o swoje kosmetyczne zabawki? Moje do\u015bwiadczenia w tym zakresie nauczy\u0142y mnie, by w por\u0119 uzupe\u0142nia\u0107 zaistnia\u0142e braki kosmetyczne, bo m\u00f3j m\u0119\u017cczyzna pami\u0119ta jedynie o \u017celu do w\u0142os\u00f3w i piance do golenia. Ca\u0142a reszta, czyli kremy, szampony, czy od\u017cywki do w\u0142os\u00f3w to moja [&hellip;]<\/p>\n","protected":false},"author":1,"featured_media":27002,"comment_status":"open","ping_status":"closed","sticky":false,"template":"","format":"standard","meta":{"_eb_attr":""},"categories":[4],"tags":[104,1566],"acf":[],"yoast_head":"<!-- This site is optimized with the Yoast SEO plugin v20.8 - https:\/\/yoast.com\/wordpress\/plugins\/seo\/ -->\n<title>M\u0119skie fryzury: od\u017cywianie i stylizacja<\/title>\n<meta name=\"description\" content=\"Jak dba\u0107 o m\u0119skie fryzury i jak je stylizowa\u0107? Polecamy najlepsze kosmetyki dla m\u0119\u017cczyzn, kt\u00f3rych Wasi Panowie nie b\u0119d\u0105 si\u0119 wstydzili w\u015br\u00f3d koleg\u00f3w.\" \/>\n<meta name=\"robots\" content=\"index, follow, max-snippet:-1, max-image-preview:large, max-video-preview:-1\" \/>\n<link rel=\"canonical\" href=\"https:\/\/estyl.pl\/blog\/meskie-fryzury-odzywianie-i-stylizacja\/\" \/>\n<meta property=\"og:locale\" content=\"pl_PL\" \/>\n<meta property=\"og:type\" content=\"article\" \/>\n<meta property=\"og:title\" content=\"M\u0119skie fryzury: od\u017cywianie i stylizacja\" \/>\n<meta property=\"og:description\" content=\"Jak dba\u0107 o m\u0119skie fryzury i jak je stylizowa\u0107? Polecamy najlepsze kosmetyki dla m\u0119\u017cczyzn, kt\u00f3rych Wasi Panowie nie b\u0119d\u0105 si\u0119 wstydzili w\u015br\u00f3d koleg\u00f3w.\" \/>\n<meta property=\"og:url\" content=\"https:\/\/estyl.pl\/blog\/meskie-fryzury-odzywianie-i-stylizacja\/\" \/>\n<meta property=\"og:site_name\" content=\"Blog | Estyl.pl\" \/>\n<meta property=\"article:published_time\" content=\"2013-06-26T08:00:33+00:00\" \/>\n<meta property=\"article:modified_time\" content=\"2019-10-25T10:32:57+00:00\" \/>\n<meta property=\"og:image\" content=\"https:\/\/estyl.pl\/blog\/wp-content\/uploads\/2013\/06\/meskie-fryzury.jpg\" \/>\n\t<meta property=\"og:image:width\" content=\"755\" \/>\n\t<meta property=\"og:image:height\" content=\"320\" \/>\n\t<meta property=\"og:image:type\" content=\"image\/jpeg\" \/>\n<meta name=\"author\" content=\"admin\" \/>\n<meta name=\"twitter:label1\" content=\"Napisane przez\" \/>\n\t<meta name=\"twitter:data1\" content=\"admin\" \/>\n\t<meta name=\"twitter:label2\" content=\"Szacowany czas czytania\" \/>\n\t<meta name=\"twitter:data2\" content=\"3 minuty\" \/>\n<script type=\"application\/ld+json\" class=\"yoast-schema-graph\">{\"@context\":\"https:\/\/schema.org\",\"@graph\":[{\"@type\":\"WebPage\",\"@id\":\"https:\/\/estyl.pl\/blog\/meskie-fryzury-odzywianie-i-stylizacja\/\",\"url\":\"https:\/\/estyl.pl\/blog\/meskie-fryzury-odzywianie-i-stylizacja\/\",\"name\":\"M\u0119skie fryzury: od\u017cywianie i stylizacja\",\"isPartOf\":{\"@id\":\"https:\/\/estyl.pl\/blog\/#website\"},\"datePublished\":\"2013-06-26T08:00:33+00:00\",\"dateModified\":\"2019-10-25T10:32:57+00:00\",\"author\":{\"@id\":\"https:\/\/estyl.pl\/blog\/#\/schema\/person\/22fff2064045ce23be580e18ca255220\"},\"description\":\"Jak dba\u0107 o m\u0119skie fryzury i jak je stylizowa\u0107? Polecamy najlepsze kosmetyki dla m\u0119\u017cczyzn, kt\u00f3rych Wasi Panowie nie b\u0119d\u0105 si\u0119 wstydzili w\u015br\u00f3d koleg\u00f3w.\",\"breadcrumb\":{\"@id\":\"https:\/\/estyl.pl\/blog\/meskie-fryzury-odzywianie-i-stylizacja\/#breadcrumb\"},\"inLanguage\":\"pl-PL\",\"potentialAction\":[{\"@type\":\"ReadAction\",\"target\":[\"https:\/\/estyl.pl\/blog\/meskie-fryzury-odzywianie-i-stylizacja\/\"]}]},{\"@type\":\"BreadcrumbList\",\"@id\":\"https:\/\/estyl.pl\/blog\/meskie-fryzury-odzywianie-i-stylizacja\/#breadcrumb\",\"itemListElement\":[{\"@type\":\"ListItem\",\"position\":1,\"name\":\"Piel\u0119gnacja w\u0142os\u00f3w\",\"item\":\"https:\/\/estyl.pl\/blog\/pielegnacja-wlosow\/\"},{\"@type\":\"ListItem\",\"position\":2,\"name\":\"M\u0119skie fryzury: od\u017cywianie i stylizacja\"}]},{\"@type\":\"WebSite\",\"@id\":\"https:\/\/estyl.pl\/blog\/#website\",\"url\":\"https:\/\/estyl.pl\/blog\/\",\"name\":\"Blog | Estyl.pl\",\"description\":\"Kosmetyki do w\u0142os\u00f3w, porady, piel\u0119gnacja, stylizacja\",\"potentialAction\":[{\"@type\":\"SearchAction\",\"target\":{\"@type\":\"EntryPoint\",\"urlTemplate\":\"https:\/\/estyl.pl\/blog\/?s={search_term_string}\"},\"query-input\":\"required name=search_term_string\"}],\"inLanguage\":\"pl-PL\"},{\"@type\":\"Person\",\"@id\":\"https:\/\/estyl.pl\/blog\/#\/schema\/person\/22fff2064045ce23be580e18ca255220\",\"name\":\"admin\",\"url\":\"https:\/\/estyl.pl\/blog\/author\/admin\/\"}]}<\/script>\n<!-- \/ Yoast SEO plugin. -->","yoast_head_json":{"title":"M\u0119skie fryzury: od\u017cywianie i stylizacja","description":"Jak dba\u0107 o m\u0119skie fryzury i jak je stylizowa\u0107? Polecamy najlepsze kosmetyki dla m\u0119\u017cczyzn, kt\u00f3rych Wasi Panowie nie b\u0119d\u0105 si\u0119 wstydzili w\u015br\u00f3d koleg\u00f3w.","robots":{"index":"index","follow":"follow","max-snippet":"max-snippet:-1","max-image-preview":"max-image-preview:large","max-video-preview":"max-video-preview:-1"},"canonical":"https:\/\/estyl.pl\/blog\/meskie-fryzury-odzywianie-i-stylizacja\/","og_locale":"pl_PL","og_type":"article","og_title":"M\u0119skie fryzury: od\u017cywianie i stylizacja","og_description":"Jak dba\u0107 o m\u0119skie fryzury i jak je stylizowa\u0107? Polecamy najlepsze kosmetyki dla m\u0119\u017cczyzn, kt\u00f3rych Wasi Panowie nie b\u0119d\u0105 si\u0119 wstydzili w\u015br\u00f3d koleg\u00f3w.","og_url":"https:\/\/estyl.pl\/blog\/meskie-fryzury-odzywianie-i-stylizacja\/","og_site_name":"Blog | Estyl.pl","article_published_time":"2013-06-26T08:00:33+00:00","article_modified_time":"2019-10-25T10:32:57+00:00","og_image":[{"width":755,"height":320,"url":"https:\/\/estyl.pl\/blog\/wp-content\/uploads\/2013\/06\/meskie-fryzury.jpg","type":"image\/jpeg"}],"author":"admin","twitter_misc":{"Napisane przez":"admin","Szacowany czas czytania":"3 minuty"},"schema":{"@context":"https:\/\/schema.org","@graph":[{"@type":"WebPage","@id":"https:\/\/estyl.pl\/blog\/meskie-fryzury-odzywianie-i-stylizacja\/","url":"https:\/\/estyl.pl\/blog\/meskie-fryzury-odzywianie-i-stylizacja\/","name":"M\u0119skie fryzury: od\u017cywianie i stylizacja","isPartOf":{"@id":"https:\/\/estyl.pl\/blog\/#website"},"datePublished":"2013-06-26T08:00:33+00:00","dateModified":"2019-10-25T10:32:57+00:00","author":{"@id":"https:\/\/estyl.pl\/blog\/#\/schema\/person\/22fff2064045ce23be580e18ca255220"},"description":"Jak dba\u0107 o m\u0119skie fryzury i jak je stylizowa\u0107? Polecamy najlepsze kosmetyki dla m\u0119\u017cczyzn, kt\u00f3rych Wasi Panowie nie b\u0119d\u0105 si\u0119 wstydzili w\u015br\u00f3d koleg\u00f3w.","breadcrumb":{"@id":"https:\/\/estyl.pl\/blog\/meskie-fryzury-odzywianie-i-stylizacja\/#breadcrumb"},"inLanguage":"pl-PL","potentialAction":[{"@type":"ReadAction","target":["https:\/\/estyl.pl\/blog\/meskie-fryzury-odzywianie-i-stylizacja\/"]}]},{"@type":"BreadcrumbList","@id":"https:\/\/estyl.pl\/blog\/meskie-fryzury-odzywianie-i-stylizacja\/#breadcrumb","itemListElement":[{"@type":"ListItem","position":1,"name":"Piel\u0119gnacja w\u0142os\u00f3w","item":"https:\/\/estyl.pl\/blog\/pielegnacja-wlosow\/"},{"@type":"ListItem","position":2,"name":"M\u0119skie fryzury: od\u017cywianie i stylizacja"}]},{"@type":"WebSite","@id":"https:\/\/estyl.pl\/blog\/#website","url":"https:\/\/estyl.pl\/blog\/","name":"Blog | Estyl.pl","description":"Kosmetyki do w\u0142os\u00f3w, porady, piel\u0119gnacja, stylizacja","potentialAction":[{"@type":"SearchAction","target":{"@type":"EntryPoint","urlTemplate":"https:\/\/estyl.pl\/blog\/?s={search_term_string}"},"query-input":"required name=search_term_string"}],"inLanguage":"pl-PL"},{"@type":"Person","@id":"https:\/\/estyl.pl\/blog\/#\/schema\/person\/22fff2064045ce23be580e18ca255220","name":"admin","url":"https:\/\/estyl.pl\/blog\/author\/admin\/"}]}},"_links":{"self":[{"href":"https:\/\/estyl.pl\/blog\/wp-json\/wp\/v2\/posts\/18970"}],"collection":[{"href":"https:\/\/estyl.pl\/blog\/wp-json\/wp\/v2\/posts"}],"about":[{"href":"https:\/\/estyl.pl\/blog\/wp-json\/wp\/v2\/types\/post"}],"author":[{"embeddable":true,"href":"https:\/\/estyl.pl\/blog\/wp-json\/wp\/v2\/users\/1"}],"replies":[{"embeddable":true,"href":"https:\/\/estyl.pl\/blog\/wp-json\/wp\/v2\/comments?post=18970"}],"version-history":[{"count":33,"href":"https:\/\/estyl.pl\/blog\/wp-json\/wp\/v2\/posts\/18970\/revisions"}],"predecessor-version":[{"id":35232,"href":"https:\/\/estyl.pl\/blog\/wp-json\/wp\/v2\/posts\/18970\/revisions\/35232"}],"wp:featuredmedia":[{"embeddable":true,"href":"https:\/\/estyl.pl\/blog\/wp-json\/wp\/v2\/media\/27002"}],"wp:attachment":[{"href":"https:\/\/estyl.pl\/blog\/wp-json\/wp\/v2\/media?parent=18970"}],"wp:term":[{"taxonomy":"category","embeddable":true,"href":"https:\/\/estyl.pl\/blog\/wp-json\/wp\/v2\/categories?post=18970"},{"taxonomy":"post_tag","embeddable":true,"href":"https:\/\/estyl.pl\/blog\/wp-json\/wp\/v2\/tags?post=18970"}],"curies":[{"name":"wp","href":"https:\/\/api.w.org\/{rel}","templated":true}]}}