{"id":19044,"date":"2013-06-21T10:33:27","date_gmt":"2013-06-21T08:33:27","guid":{"rendered":"https:\/\/estyl.pl\/blog\/?p=19044"},"modified":"2019-08-20T11:18:24","modified_gmt":"2019-08-20T09:18:24","slug":"kosmetyki-loreal-pro-keratin","status":"publish","type":"post","link":"https:\/\/estyl.pl\/blog\/kosmetyki-loreal-pro-keratin\/","title":{"rendered":"Kosmetyki L&#8217;Oreal Pro-Keratin"},"content":{"rendered":"<p><strong>Zniszczone <a href=\"https:\/\/estyl.pl\/wlosy\" data-internallinksmanager029f6b8e52c=\"2\" title=\"w\u0142osy\">w\u0142osy<\/a><\/strong> zawsze wymagaj\u0105 silniejszej odbudowy i regeneracji. Szkodliwe czynnik zewn\u0119trzne, kt\u00f3re w\u0105tpliwie towarzysz\u0105 nam upalnym latem, mog\u0105 przyczyni\u0107 si\u0119 do pogorszenia stanu fryzur. Je\u015bli zauwa\u017cysz <strong>nag\u0142e przesuszenie i wzmo\u017con\u0105 krucho\u015b\u0107 w\u0142os\u00f3w<\/strong>, pora siepn\u0105\u0107 po ci\u0119\u017cszy kaliber. Z pomoc\u0105 przychodz\u00a0Loreal Pro Kreatin .<\/p>\n<h3><!--more--><\/h3>\n<h3><a href=\"https:\/\/estyl.pl\/blog\/wp-content\/uploads\/2013\/06\/Loreal-Pro-Kreatin.jpg\" rel=\"lightbox[19044]\"><img decoding=\"async\" loading=\"lazy\" class=\"aligncenter wp-image-24866 size-full\" src=\"https:\/\/estyl.pl\/blog\/wp-content\/uploads\/2013\/06\/Loreal-Pro-Kreatin.jpg\" alt=\"Loreal Pro Kreatin\" width=\"755\" height=\"320\" srcset=\"https:\/\/estyl.pl\/blog\/wp-content\/uploads\/2013\/06\/Loreal-Pro-Kreatin.jpg 755w, https:\/\/estyl.pl\/blog\/wp-content\/uploads\/2013\/06\/Loreal-Pro-Kreatin-300x127.jpg 300w, https:\/\/estyl.pl\/blog\/wp-content\/uploads\/2013\/06\/Loreal-Pro-Kreatin-580x245.jpg 580w, https:\/\/estyl.pl\/blog\/wp-content\/uploads\/2013\/06\/Loreal-Pro-Kreatin-261x110.jpg 261w\" sizes=\"(max-width: 755px) 100vw, 755px\" \/><\/a><\/h3>\n<h3>Szampon do w\u0142os\u00f3w zniszczonych<\/h3>\n<p><a href=\"https:\/\/estyl.pl\/blog\/wp-content\/uploads\/2013\/06\/LOreal-Pro-Keratin-Refill-Shampoo.jpg\" rel=\"lightbox[19044]\"><img decoding=\"async\" loading=\"lazy\" class=\"alignleft  wp-image-19066\" title=\"Szampon L'Oreal Pro-Keratin Refill Shampoo\" src=\"https:\/\/estyl.pl\/blog\/wp-content\/uploads\/2013\/06\/LOreal-Pro-Keratin-Refill-Shampoo-150x150.jpg\" alt=\"\" width=\"150\" height=\"150\" srcset=\"https:\/\/estyl.pl\/blog\/wp-content\/uploads\/2013\/06\/LOreal-Pro-Keratin-Refill-Shampoo-150x150.jpg 150w, https:\/\/estyl.pl\/blog\/wp-content\/uploads\/2013\/06\/LOreal-Pro-Keratin-Refill-Shampoo-300x300.jpg 300w, https:\/\/estyl.pl\/blog\/wp-content\/uploads\/2013\/06\/LOreal-Pro-Keratin-Refill-Shampoo-261x261.jpg 261w, https:\/\/estyl.pl\/blog\/wp-content\/uploads\/2013\/06\/LOreal-Pro-Keratin-Refill-Shampoo.jpg 480w\" sizes=\"(max-width: 150px) 100vw, 150px\" \/><\/a><a href=\"https:\/\/estyl.pl\/loreal-pro-keratin-refill-szampon-ochronny-do-wlosow-zniszczonych-i-kruchych-250-ml\" target=\"_blank\"><strong>Szampon L&#8217;Oreal Pro-Keratin<\/strong><\/a> to <strong>pierwszy krok odbudowy w\u0142os\u00f3w zniszczonych<\/strong>. Szampon dedykowany jest w\u0142osom krusz\u0105cym si\u0119, zniszczonym i ma\u0142o elastycznym. Kosmetyk posiada <strong>\u0142agodn\u0105 baz\u0119 myj\u0105c\u0105, <\/strong>kt\u00f3ra nie obsusza dodatkowo w\u0142\u00f3kna w\u0142os\u00f3w. Pro-Keratin Refill Shampoo\u00a0 delikatnie oczyszcza fryzur\u0119, od\u017cywiaj\u0105c w\u0142osy na etapie mycia. <strong>W\u0142\u00f3kno w\u0142osa staje si\u0119 wype\u0142nione keratyn\u0105, aminokwasami<\/strong>, dzi\u0119ki czemu fryzura wydaje si\u0119 bardziej pe\u0142na i puszysta. Szampon L&#8217;Oreal Pro Keratin wyst\u0119puje w pojemno\u015bciach: <a href=\"https:\/\/estyl.pl\/loreal-pro-keratin-refill-szampon-ochronny-do-wlosow-zniszczonych-i-kruchych-250-ml\" target=\"_blank\"><strong>250 ml<\/strong><\/a>, <a href=\"https:\/\/estyl.pl\/loreal-pro-keratin-refill-szampon-ochronny-do-wlosow-zniszczonych-i-kruchych-500-ml\" target=\"_blank\"><strong>500 ml<\/strong><\/a> z wygodn\u0105 pompk\u0105 oraz w ekonomicznym opakowaniu <a href=\"https:\/\/estyl.pl\/loreal-pro-keratin-refill-szampon-ochronny-do-wlosow-zniszczonych-i-kruchych-1500-ml\" target=\"_blank\"><strong>1000 ml<\/strong><\/a>.<\/p>\n<h3>Od\u017cywka i maska odbudowuj\u0105ca<\/h3>\n<p><a href=\"https:\/\/estyl.pl\/blog\/wp-content\/uploads\/2013\/06\/loreal_pro_keratin_conditioner_150ml_1.jpg\" rel=\"lightbox[19044]\"><img decoding=\"async\" loading=\"lazy\" class=\"alignleft wp-image-19068 size-thumbnail\" title=\"Od\u017cywka L'Oreal Pro-Keratin Conditioner\" src=\"https:\/\/estyl.pl\/blog\/wp-content\/uploads\/2013\/06\/loreal_pro_keratin_conditioner_150ml_1-150x150.jpg\" alt=\"Loreal Pro Kreatin\" width=\"150\" height=\"150\" srcset=\"https:\/\/estyl.pl\/blog\/wp-content\/uploads\/2013\/06\/loreal_pro_keratin_conditioner_150ml_1-150x150.jpg 150w, https:\/\/estyl.pl\/blog\/wp-content\/uploads\/2013\/06\/loreal_pro_keratin_conditioner_150ml_1-300x300.jpg 300w, https:\/\/estyl.pl\/blog\/wp-content\/uploads\/2013\/06\/loreal_pro_keratin_conditioner_150ml_1-261x261.jpg 261w, https:\/\/estyl.pl\/blog\/wp-content\/uploads\/2013\/06\/loreal_pro_keratin_conditioner_150ml_1.jpg 480w\" sizes=\"(max-width: 150px) 100vw, 150px\" \/><\/a><a href=\"https:\/\/estyl.pl\/loreal-pro-keratin-refill-conditioner-odzywka-ochronna-do-wlosow-zniszczonych-i-kruchych-150-ml\" target=\"_blank\"><strong>Od\u017cywka L&#8217;Oreal Pro-Keratin Refill Conditioner<\/strong><\/a> to <strong>drugi krok profesjonalnej odbudowy w\u0142os\u00f3w<\/strong>. Zalet\u0105 od\u017cywki jest szybko\u015b\u0107 aplikacji. Wystarczy kilka minut, by sk\u0142adniki aktywne dotar\u0142y do wn\u0119trza w\u0142os\u00f3w i otuli\u0142y je zewn\u0119trzn\u0105 tarcz\u0105 ochronn\u0105. <strong>W sk\u0142adzie od\u017cywki znajdziemy takie substancje<\/strong>, jak wbudowuj\u0105c\u0105 si\u0119 w porowate luki fryzury pro-keratyn\u0119, od\u017cywcze proteiny pszeniczne oraz lipidy. Od\u017cywka L&#8217;Oreal Pro-Keratin Refill Conditioner oraz silniejsza w dzia\u0142aniu <strong>maska L&#8217;Oreal Pro-Keratin Refill Masque<\/strong>, dodaj\u0105 w\u0142osom zniszczonym blasku, elastyczno\u015bci oraz si\u0142y.<\/p>\n<h3>Ochronny krem do w\u0142os\u00f3w<\/h3>\n<p><a href=\"https:\/\/estyl.pl\/blog\/wp-content\/uploads\/2013\/06\/LOreal-Pro-Keratin-Refill-Protective-Blow-Dry-Cream.jpg\" rel=\"lightbox[19044]\"><img decoding=\"async\" loading=\"lazy\" class=\"alignleft wp-image-19069 size-thumbnail\" title=\"Krem termiczny L'Oreal Pro-Keratin \" src=\"https:\/\/estyl.pl\/blog\/wp-content\/uploads\/2013\/06\/LOreal-Pro-Keratin-Refill-Protective-Blow-Dry-Cream-150x150.jpg\" alt=\"Loreal Pro Kreatin\" width=\"150\" height=\"150\" srcset=\"https:\/\/estyl.pl\/blog\/wp-content\/uploads\/2013\/06\/LOreal-Pro-Keratin-Refill-Protective-Blow-Dry-Cream-150x150.jpg 150w, https:\/\/estyl.pl\/blog\/wp-content\/uploads\/2013\/06\/LOreal-Pro-Keratin-Refill-Protective-Blow-Dry-Cream-300x300.jpg 300w, https:\/\/estyl.pl\/blog\/wp-content\/uploads\/2013\/06\/LOreal-Pro-Keratin-Refill-Protective-Blow-Dry-Cream-261x261.jpg 261w, https:\/\/estyl.pl\/blog\/wp-content\/uploads\/2013\/06\/LOreal-Pro-Keratin-Refill-Protective-Blow-Dry-Cream.jpg 480w\" sizes=\"(max-width: 150px) 100vw, 150px\" \/><\/a><strong>L&#8217;Oreal Pro-Keratin Refill Protective Blow-Dry Cream<\/strong> to <strong>trzeci krok obudowy w\u0142os\u00f3w<\/strong> zniszczonych czynnikami zewn\u0119trznymi i zabiegami chemicznymi. Kosmetyk <strong>jest rodzajem kremu ochronnego<\/strong> dlatego stosujemy go na umytych i osuszonych r\u0119cznikiem w\u0142osach. Krem termiczny L&#8217;Oreal Pro-Keratin <strong>wyg\u0142adza w\u0142\u00f3kno w\u0142os\u00f3w zniszczonych, chroni je<\/strong> przed ciep\u0142em suszarki, promieniowaniem i wiatrem. Pami\u0119tajmy, \u017ce <strong>lepiej nie nadu\u017cywa\u0107 kosmetyku<\/strong>, by nie obci\u0105\u017cy\u0107 nadmiernie fryzury. Zbyt du\u017ca ilo\u015b\u0107 kremu mo\u017ce da\u0107 efekt t\u0142ustych, nieestetycznych str\u0105k\u00f3w.<\/p>\n<h3>Ampu\u0142ki od\u017cywcze<\/h3>\n<p><a href=\"https:\/\/estyl.pl\/loreal-pro-keratin-refill-power-kera-recharge-ampulka-odzywcza-do-wlosow-zniszczonych-i-kruchych-10-ml\" target=\"_blank\"><strong>L<\/strong><\/a><strong><a href=\"https:\/\/estyl.pl\/blog\/wp-content\/uploads\/2013\/06\/LOreal-Pro-Keratin-Refill-Power-Kera-Recharge.jpg\" rel=\"lightbox[19044]\"><img decoding=\"async\" loading=\"lazy\" class=\"alignleft size-thumbnail wp-image-19070\" title=\"Ampu\u0142ki L'Oreal Pro-Keratin Refill Power Kera Recharge\" src=\"https:\/\/estyl.pl\/blog\/wp-content\/uploads\/2013\/06\/LOreal-Pro-Keratin-Refill-Power-Kera-Recharge-150x150.jpg\" alt=\"\" width=\"150\" height=\"150\" srcset=\"https:\/\/estyl.pl\/blog\/wp-content\/uploads\/2013\/06\/LOreal-Pro-Keratin-Refill-Power-Kera-Recharge-150x150.jpg 150w, https:\/\/estyl.pl\/blog\/wp-content\/uploads\/2013\/06\/LOreal-Pro-Keratin-Refill-Power-Kera-Recharge-300x300.jpg 300w, https:\/\/estyl.pl\/blog\/wp-content\/uploads\/2013\/06\/LOreal-Pro-Keratin-Refill-Power-Kera-Recharge-261x261.jpg 261w, https:\/\/estyl.pl\/blog\/wp-content\/uploads\/2013\/06\/LOreal-Pro-Keratin-Refill-Power-Kera-Recharge.jpg 480w\" sizes=\"(max-width: 150px) 100vw, 150px\" \/><\/a>&#8217;Oreal Pro-Keratin Refill Power Kera-Recharge<\/strong> to ostatni i <strong>najskuteczniej dzia\u0142aj\u0105cy system odbudowy w\u0142os\u00f3w<\/strong> zniszczonych i suchych Je\u015bli inne kosmetyki Ci\u0119 zawiod\u0142y, a Twoja fryzura nadal pozostawia wiele do \u017cyczenia, si\u0119gnij po ampu\u0142ki od\u017cywcze do w\u0142os\u00f3w. Kosmetyk\u00a0<strong> intensywnie odbudowuje przesuszone i kruche pasma w\u0142os\u00f3w, <\/strong>wype\u0142nia je keratyn\u0105 i od\u017cywia olejkami ro\u015blinnymi. Ampu\u0142ki L&#8217;Oreal Pro Keratin pozostawiaj\u0105 fryzur\u0119 mi\u0119kk\u0105, g\u0142adk\u0105 i l\u015bni\u0105c\u0105. <strong>Minimalizuj\u0105 tak\u017ce zjawisko puszenia<\/strong> i nieestetycznego elektryzowania w\u0142os\u00f3w.<\/p>\n","protected":false},"excerpt":{"rendered":"<p>Zniszczone w\u0142osy zawsze wymagaj\u0105 silniejszej odbudowy i regeneracji. Szkodliwe czynnik zewn\u0119trzne, kt\u00f3re w\u0105tpliwie towarzysz\u0105 nam upalnym latem, mog\u0105 przyczyni\u0107 si\u0119 do pogorszenia stanu fryzur. Je\u015bli zauwa\u017cysz nag\u0142e przesuszenie i wzmo\u017con\u0105 krucho\u015b\u0107 w\u0142os\u00f3w, pora siepn\u0105\u0107 po ci\u0119\u017cszy kaliber. Z pomoc\u0105 przychodz\u00a0Loreal Pro Kreatin .<\/p>\n","protected":false},"author":23,"featured_media":24866,"comment_status":"open","ping_status":"closed","sticky":false,"template":"","format":"standard","meta":{"_eb_attr":""},"categories":[3,4],"tags":[291,2117,1107,2104,198,151,213,57,283],"acf":[],"yoast_head":"<!-- This site is optimized with the Yoast SEO plugin v20.8 - https:\/\/yoast.com\/wordpress\/plugins\/seo\/ -->\n<title>Loreal Pro Kreatin - na ratunek zniszczonym w\u0142osom<\/title>\n<meta name=\"description\" content=\"Zniszczone w\u0142osy zawsze wymagaj\u0105 silniejszej odbudowy i regeneracji. Tu z pomoc\u0105 przychodzi seria kosmetyk\u00f3w Loreal Pro Kreatin\" \/>\n<meta name=\"robots\" content=\"index, follow, max-snippet:-1, max-image-preview:large, max-video-preview:-1\" \/>\n<link rel=\"canonical\" href=\"https:\/\/estyl.pl\/blog\/kosmetyki-loreal-pro-keratin\/\" \/>\n<meta property=\"og:locale\" content=\"pl_PL\" \/>\n<meta property=\"og:type\" content=\"article\" \/>\n<meta property=\"og:title\" content=\"Loreal Pro Kreatin - na ratunek zniszczonym w\u0142osom\" \/>\n<meta property=\"og:description\" content=\"Zniszczone w\u0142osy zawsze wymagaj\u0105 silniejszej odbudowy i regeneracji. Tu z pomoc\u0105 przychodzi seria kosmetyk\u00f3w Loreal Pro Kreatin\" \/>\n<meta property=\"og:url\" content=\"https:\/\/estyl.pl\/blog\/kosmetyki-loreal-pro-keratin\/\" \/>\n<meta property=\"og:site_name\" content=\"Blog | Estyl.pl\" \/>\n<meta property=\"article:author\" content=\"kdrogowskakwasnik\" \/>\n<meta property=\"article:published_time\" content=\"2013-06-21T08:33:27+00:00\" \/>\n<meta property=\"article:modified_time\" content=\"2019-08-20T09:18:24+00:00\" \/>\n<meta property=\"og:image\" content=\"https:\/\/estyl.pl\/blog\/wp-content\/uploads\/2013\/06\/Loreal-Pro-Kreatin.jpg\" \/>\n\t<meta property=\"og:image:width\" content=\"755\" \/>\n\t<meta property=\"og:image:height\" content=\"320\" \/>\n\t<meta property=\"og:image:type\" content=\"image\/jpeg\" \/>\n<meta name=\"author\" content=\"Karolina\" \/>\n<meta name=\"twitter:label1\" content=\"Napisane przez\" \/>\n\t<meta name=\"twitter:data1\" content=\"Karolina\" \/>\n\t<meta name=\"twitter:label2\" content=\"Szacowany czas czytania\" \/>\n\t<meta name=\"twitter:data2\" content=\"2 minuty\" \/>\n<script type=\"application\/ld+json\" class=\"yoast-schema-graph\">{\"@context\":\"https:\/\/schema.org\",\"@graph\":[{\"@type\":\"WebPage\",\"@id\":\"https:\/\/estyl.pl\/blog\/kosmetyki-loreal-pro-keratin\/\",\"url\":\"https:\/\/estyl.pl\/blog\/kosmetyki-loreal-pro-keratin\/\",\"name\":\"Loreal Pro Kreatin - na ratunek zniszczonym w\u0142osom\",\"isPartOf\":{\"@id\":\"https:\/\/estyl.pl\/blog\/#website\"},\"datePublished\":\"2013-06-21T08:33:27+00:00\",\"dateModified\":\"2019-08-20T09:18:24+00:00\",\"author\":{\"@id\":\"https:\/\/estyl.pl\/blog\/#\/schema\/person\/debe1fb907542b5dc82bccc2029e474f\"},\"description\":\"Zniszczone w\u0142osy zawsze wymagaj\u0105 silniejszej odbudowy i regeneracji. Tu z pomoc\u0105 przychodzi seria kosmetyk\u00f3w Loreal Pro Kreatin\",\"breadcrumb\":{\"@id\":\"https:\/\/estyl.pl\/blog\/kosmetyki-loreal-pro-keratin\/#breadcrumb\"},\"inLanguage\":\"pl-PL\",\"potentialAction\":[{\"@type\":\"ReadAction\",\"target\":[\"https:\/\/estyl.pl\/blog\/kosmetyki-loreal-pro-keratin\/\"]}]},{\"@type\":\"BreadcrumbList\",\"@id\":\"https:\/\/estyl.pl\/blog\/kosmetyki-loreal-pro-keratin\/#breadcrumb\",\"itemListElement\":[{\"@type\":\"ListItem\",\"position\":1,\"name\":\"Nowo\u015bci\",\"item\":\"https:\/\/estyl.pl\/blog\/nowosci\/\"},{\"@type\":\"ListItem\",\"position\":2,\"name\":\"Kosmetyki L&#8217;Oreal Pro-Keratin\"}]},{\"@type\":\"WebSite\",\"@id\":\"https:\/\/estyl.pl\/blog\/#website\",\"url\":\"https:\/\/estyl.pl\/blog\/\",\"name\":\"Blog | Estyl.pl\",\"description\":\"Kosmetyki do w\u0142os\u00f3w, porady, piel\u0119gnacja, stylizacja\",\"potentialAction\":[{\"@type\":\"SearchAction\",\"target\":{\"@type\":\"EntryPoint\",\"urlTemplate\":\"https:\/\/estyl.pl\/blog\/?s={search_term_string}\"},\"query-input\":\"required name=search_term_string\"}],\"inLanguage\":\"pl-PL\"},{\"@type\":\"Person\",\"@id\":\"https:\/\/estyl.pl\/blog\/#\/schema\/person\/debe1fb907542b5dc82bccc2029e474f\",\"name\":\"Karolina\",\"description\":\"Absolwentka kosmetologii i dietetyki na \u015al\u0105skiej Wy\u017cszej Szkole Medycznej w Katowicach. Ze sklepem Estyl.pl zwi\u0105zana od wielu lat. Wiedz\u0119 na temat produkt\u00f3w zebra\u0142a pracuj\u0105c w sklepie stacjonanym w Katowicach. Aktualnie pracuje jako copywriter, co daje jej du\u017co satysfakcji. Uwielbia testowa\u0107 nowe kosmetyki.\",\"sameAs\":[\"kdrogowskakwasnik\"],\"url\":\"https:\/\/estyl.pl\/blog\/author\/k-mistalsiekiera\/\"}]}<\/script>\n<!-- \/ Yoast SEO plugin. -->","yoast_head_json":{"title":"Loreal Pro Kreatin - na ratunek zniszczonym w\u0142osom","description":"Zniszczone w\u0142osy zawsze wymagaj\u0105 silniejszej odbudowy i regeneracji. Tu z pomoc\u0105 przychodzi seria kosmetyk\u00f3w Loreal Pro Kreatin","robots":{"index":"index","follow":"follow","max-snippet":"max-snippet:-1","max-image-preview":"max-image-preview:large","max-video-preview":"max-video-preview:-1"},"canonical":"https:\/\/estyl.pl\/blog\/kosmetyki-loreal-pro-keratin\/","og_locale":"pl_PL","og_type":"article","og_title":"Loreal Pro Kreatin - na ratunek zniszczonym w\u0142osom","og_description":"Zniszczone w\u0142osy zawsze wymagaj\u0105 silniejszej odbudowy i regeneracji. Tu z pomoc\u0105 przychodzi seria kosmetyk\u00f3w Loreal Pro Kreatin","og_url":"https:\/\/estyl.pl\/blog\/kosmetyki-loreal-pro-keratin\/","og_site_name":"Blog | Estyl.pl","article_author":"kdrogowskakwasnik","article_published_time":"2013-06-21T08:33:27+00:00","article_modified_time":"2019-08-20T09:18:24+00:00","og_image":[{"width":755,"height":320,"url":"https:\/\/estyl.pl\/blog\/wp-content\/uploads\/2013\/06\/Loreal-Pro-Kreatin.jpg","type":"image\/jpeg"}],"author":"Karolina","twitter_misc":{"Napisane przez":"Karolina","Szacowany czas czytania":"2 minuty"},"schema":{"@context":"https:\/\/schema.org","@graph":[{"@type":"WebPage","@id":"https:\/\/estyl.pl\/blog\/kosmetyki-loreal-pro-keratin\/","url":"https:\/\/estyl.pl\/blog\/kosmetyki-loreal-pro-keratin\/","name":"Loreal Pro Kreatin - na ratunek zniszczonym w\u0142osom","isPartOf":{"@id":"https:\/\/estyl.pl\/blog\/#website"},"datePublished":"2013-06-21T08:33:27+00:00","dateModified":"2019-08-20T09:18:24+00:00","author":{"@id":"https:\/\/estyl.pl\/blog\/#\/schema\/person\/debe1fb907542b5dc82bccc2029e474f"},"description":"Zniszczone w\u0142osy zawsze wymagaj\u0105 silniejszej odbudowy i regeneracji. Tu z pomoc\u0105 przychodzi seria kosmetyk\u00f3w Loreal Pro Kreatin","breadcrumb":{"@id":"https:\/\/estyl.pl\/blog\/kosmetyki-loreal-pro-keratin\/#breadcrumb"},"inLanguage":"pl-PL","potentialAction":[{"@type":"ReadAction","target":["https:\/\/estyl.pl\/blog\/kosmetyki-loreal-pro-keratin\/"]}]},{"@type":"BreadcrumbList","@id":"https:\/\/estyl.pl\/blog\/kosmetyki-loreal-pro-keratin\/#breadcrumb","itemListElement":[{"@type":"ListItem","position":1,"name":"Nowo\u015bci","item":"https:\/\/estyl.pl\/blog\/nowosci\/"},{"@type":"ListItem","position":2,"name":"Kosmetyki L&#8217;Oreal Pro-Keratin"}]},{"@type":"WebSite","@id":"https:\/\/estyl.pl\/blog\/#website","url":"https:\/\/estyl.pl\/blog\/","name":"Blog | Estyl.pl","description":"Kosmetyki do w\u0142os\u00f3w, porady, piel\u0119gnacja, stylizacja","potentialAction":[{"@type":"SearchAction","target":{"@type":"EntryPoint","urlTemplate":"https:\/\/estyl.pl\/blog\/?s={search_term_string}"},"query-input":"required name=search_term_string"}],"inLanguage":"pl-PL"},{"@type":"Person","@id":"https:\/\/estyl.pl\/blog\/#\/schema\/person\/debe1fb907542b5dc82bccc2029e474f","name":"Karolina","description":"Absolwentka kosmetologii i dietetyki na \u015al\u0105skiej Wy\u017cszej Szkole Medycznej w Katowicach. Ze sklepem Estyl.pl zwi\u0105zana od wielu lat. Wiedz\u0119 na temat produkt\u00f3w zebra\u0142a pracuj\u0105c w sklepie stacjonanym w Katowicach. Aktualnie pracuje jako copywriter, co daje jej du\u017co satysfakcji. Uwielbia testowa\u0107 nowe kosmetyki.","sameAs":["kdrogowskakwasnik"],"url":"https:\/\/estyl.pl\/blog\/author\/k-mistalsiekiera\/"}]}},"_links":{"self":[{"href":"https:\/\/estyl.pl\/blog\/wp-json\/wp\/v2\/posts\/19044"}],"collection":[{"href":"https:\/\/estyl.pl\/blog\/wp-json\/wp\/v2\/posts"}],"about":[{"href":"https:\/\/estyl.pl\/blog\/wp-json\/wp\/v2\/types\/post"}],"author":[{"embeddable":true,"href":"https:\/\/estyl.pl\/blog\/wp-json\/wp\/v2\/users\/23"}],"replies":[{"embeddable":true,"href":"https:\/\/estyl.pl\/blog\/wp-json\/wp\/v2\/comments?post=19044"}],"version-history":[{"count":31,"href":"https:\/\/estyl.pl\/blog\/wp-json\/wp\/v2\/posts\/19044\/revisions"}],"predecessor-version":[{"id":34414,"href":"https:\/\/estyl.pl\/blog\/wp-json\/wp\/v2\/posts\/19044\/revisions\/34414"}],"wp:featuredmedia":[{"embeddable":true,"href":"https:\/\/estyl.pl\/blog\/wp-json\/wp\/v2\/media\/24866"}],"wp:attachment":[{"href":"https:\/\/estyl.pl\/blog\/wp-json\/wp\/v2\/media?parent=19044"}],"wp:term":[{"taxonomy":"category","embeddable":true,"href":"https:\/\/estyl.pl\/blog\/wp-json\/wp\/v2\/categories?post=19044"},{"taxonomy":"post_tag","embeddable":true,"href":"https:\/\/estyl.pl\/blog\/wp-json\/wp\/v2\/tags?post=19044"}],"curies":[{"name":"wp","href":"https:\/\/api.w.org\/{rel}","templated":true}]}}