{"id":19209,"date":"2013-06-27T10:20:51","date_gmt":"2013-06-27T08:20:51","guid":{"rendered":"https:\/\/estyl.pl\/blog\/?p=19209"},"modified":"2016-10-10T15:59:12","modified_gmt":"2016-10-10T13:59:12","slug":"redken-blonde-glam-szampon-do-wlosow-blond","status":"publish","type":"post","link":"https:\/\/estyl.pl\/blog\/redken-blonde-glam-szampon-do-wlosow-blond\/","title":{"rendered":"Redken Blonde Glam szampon do w\u0142os\u00f3w blond"},"content":{"rendered":"<h3>Szampony dedykowane konkretnemu kolorowi w\u0142os\u00f3w &#8211; potrzebne czy zb\u0119dny wydatek? Ka\u017cdy kolor w\u0142os\u00f3w ma swoj\u0105 specyfik\u0119, na przyk\u0142ad blond potrafi wpada\u0107 w niemi\u0142\u0105 dla oka \u017c\u00f3\u0142\u0107, \u0142atwo traci \u015bwietliste refleksy. Do tego w\u0142osy blond bywaj\u0105 delikatne i cienkie. Szampon do w\u0142os\u00f3w blond Rdeken Blonde Glam o\u017cywia jasny kolor w\u0142os\u00f3w, a dodatkowo dba o w\u0142osy przesuszone.<\/h3>\n<p><!--more--><\/p>\n<p><a href=\"https:\/\/estyl.pl\/blog\/wp-content\/uploads\/2013\/06\/Redken-Blonde-Glam-Shampoo1.jpg\" target=\"_blank\" rel=\"lightbox[19209]\"><img decoding=\"async\" loading=\"lazy\" class=\"aligncenter wp-image-25991 size-full\" title=\"szampon do w\u0142os\u00f3w blond\" src=\"https:\/\/estyl.pl\/blog\/wp-content\/uploads\/2013\/06\/Redken-Blonde-Glam-Shampoo1.jpg\" alt=\"szampon do w\u0142os\u00f3w blond\" width=\"575\" height=\"312\" srcset=\"https:\/\/estyl.pl\/blog\/wp-content\/uploads\/2013\/06\/Redken-Blonde-Glam-Shampoo1.jpg 575w, https:\/\/estyl.pl\/blog\/wp-content\/uploads\/2013\/06\/Redken-Blonde-Glam-Shampoo1-300x163.jpg 300w, https:\/\/estyl.pl\/blog\/wp-content\/uploads\/2013\/06\/Redken-Blonde-Glam-Shampoo1-261x142.jpg 261w\" sizes=\"(max-width: 575px) 100vw, 575px\" \/><\/a><\/p>\n<p style=\"text-align: center;\">fot.\u00a0\u00a9 Pajmon.com Aneta Wysocka<\/p>\n<p>Zgodnie z nasz\u0105 formu\u0142\u0105, szampon do w\u0142os\u00f3w blond Redken zosta\u0142 oceniony w 7 kluczowych kategoriach:<\/p>\n<ol>\n<li><a href=\"#opakowanie\">Opakowanie<\/a><\/li>\n<li><a href=\"#zapach\">Zapach i konsystencja<\/a><\/li>\n<li><a href=\"#wydajnosc\">Wydajno\u015b\u0107<\/a><\/li>\n<li><a href=\"#dzialanie\">Dzia\u0142anie<\/a><\/li>\n<li><a href=\"#zalety\">Zalety<\/a><\/li>\n<li><a href=\"#wady\">Wady<\/a><\/li>\n<li><a href=\"#ocena\">Ocena og\u00f3lna<\/a> w skali od 1 do 5<\/li>\n<\/ol>\n<p><a href=\"https:\/\/estyl.pl\/blog\/wp-content\/uploads\/2012\/04\/profil_wlosow_eli.jpg\" target=\"_blank\" rel=\"lightbox[19209]\"><img decoding=\"async\" loading=\"lazy\" class=\"alignleft wp-image-9202\" title=\"szampon do w\u0142os\u00f3w blond\" src=\"https:\/\/estyl.pl\/blog\/wp-content\/uploads\/2012\/04\/profil_wlosow_eli-150x150.jpg\" alt=\"szampon do w\u0142os\u00f3w blond\" width=\"150\" height=\"150\" \/><\/a><strong>El\u017cbieta<\/strong>, psycholog. Od pewnego czasu jej marzeniem s\u0105 d\u0142ugie <a href=\"https:\/\/estyl.pl\/wlosy\" data-internallinksmanager029f6b8e52c=\"2\" title=\"w\u0142osy\">w\u0142osy<\/a>, upi\u0119te w gruby kok, dlatego z wielkim zaanga\u017cowaniem dba o kondycj\u0119 swoich w\u0142os\u00f3w. Mimo cz\u0119stej zmiany fryzury oraz ich koloru, stan i wygl\u0105d w\u0142os\u00f3w jest godny pozazdroszczenia. Wi\u0119kszo\u015b\u0107 r\u00f3wie\u015bnik\u00f3w nie dowierza, \u017ce b\u0119d\u0105c po 50-ce, mo\u017cna mie\u0107 tak g\u0119ste, zdrowe i d\u0142ugie w\u0142osy.<\/p>\n<p><strong>El\u017cbieta ma w\u0142osy si\u0119gaj\u0105ce pasa<\/strong>. W\u0142osy s\u0105 regularnie farbowane od wielu lat. Od pewnego czasu jest to gama wszelkich odcieni blondu. Od popielatego, przez naturalny po skandynawski blond. Mimo tak licznej kolorystyki, w\u0142osy nie s\u0105 zniszczone, konieczne jest tylko ich regularne podcinanie, ze wzgl\u0119du na rozdwajanie si\u0119 ko\u0144c\u00f3wek. Problem z ko\u0144c\u00f3wkami w\u0142os\u00f3w, to niestety efekt cz\u0119stego farbowania w\u0142os\u00f3w na jasny kolor. W zale\u017cno\u015bci od u\u017cytych kosmetyk\u00f3w, potrafi\u0105 by\u0107 niesforne i puszy\u0107 si\u0119. Poza tym w\u0142osy s\u0105 suche, ale nie przesuszone, poniewa\u017c ich w\u0142a\u015bcicielka dba o ich regularne nawil\u017canie. Wed\u0142ug El\u017cbiety, przy zapuszczaniu w\u0142os\u00f3w niezb\u0119dne staj\u0105 si\u0119 kosmetyki piel\u0119gnacyjne. Do jej ulubionych marek nale\u017c\u0105: TIGI, Loreal, Wella, CHI.<\/p>\n<p>O swoich w\u0142osach m\u00f3wi tak:<\/p>\n<ul>\n<li><strong>D\u0142ugo\u015b\u0107<\/strong>: d\u0142ugie do pasa<\/li>\n<li><strong>Farbowane<\/strong>: tak<\/li>\n<li><strong> Rodzaj w\u0142os\u00f3w<\/strong>: grube, proste<\/li>\n<li><strong> Problemy z w\u0142osami<\/strong>: w\u0142osy s\u0105 suche, przez co potrzebuj\u0105 g\u0142\u0119bokiego nawil\u017cenia. Cz\u0119sto zdarza si\u0119, \u017ce w\u0142osy tu\u017c po farbowaniu szybko blakn\u0105 i staj\u0105 si\u0119 matowe. By nie wygl\u0105da\u0142y jak siano, trzeba je cz\u0119sto farbowa\u0107. To z kolei sprawia, \u017ce w\u0142osy wymagaj\u0105 sporo uwagi i bardzo uwa\u017cnej piel\u0119gnacji. Ich najwi\u0119kszym problem s\u0105 rozdwajaj\u0105ce ko\u0144c\u00f3wki.<\/li>\n<\/ul>\n<p><em><a href=\"https:\/\/estyl.pl\/blog\/wp-content\/uploads\/2013\/06\/Redken-Blonde-Glam-Shampoo_2.jpg\" target=\"_blank\" rel=\"lightbox[19209]\"><img decoding=\"async\" loading=\"lazy\" class=\"alignleft wp-image-19219 size-thumbnail\" title=\"szampon do w\u0142os\u00f3w blond\" src=\"https:\/\/estyl.pl\/blog\/wp-content\/uploads\/2013\/06\/Redken-Blonde-Glam-Shampoo_2-150x150.jpg\" alt=\"szampon do w\u0142os\u00f3w blond\" width=\"150\" height=\"150\" \/><\/a>El\u017cbieta dosta\u0142a do przetestowania zestaw kosmetyk\u00f3w do w\u0142os\u00f3w blond<\/em>. W sk\u0142ad zestawu wchodz\u0105 kosmetyki marki Redken Blonde Glam:<\/p>\n<ul>\n<li><a href=\"http:\/\/estyl.pl\/wlosy\/szampony\" target=\"_blank\">Redken Blonde Glam szampon do w\u0142os\u00f3w blond<\/a>;<\/li>\n<li><a href=\"https:\/\/estyl.pl\/blog\/2013\/07\/redken-blonde-glam-odzywka-do-wlosow-blond\/\" target=\"_blank\">Redken Blonde Glam od\u017cywka do w\u0142os\u00f3w blond<\/a>;<\/li>\n<li><a href=\"https:\/\/estyl.pl\/blog\/2013\/08\/redken-blonde-glam-utrwalacz-koloru-do-wlosow-blond-o-zimnych-odcieniach\/\" target=\"_blank\">Redken Blonde Glam utrwalacz koloru do zimnych odcieni blondu<\/a>.<\/li>\n<\/ul>\n<p>Dzi\u015b, El\u017cbieta podzieli si\u0119 z Wami opini\u0105 na temat <a href=\"http:\/\/estyl.pl\/wlosy\/szampony\" target=\"_blank\"><strong>szamponu do w\u0142os\u00f3w blond Redken Blonde Glam<\/strong><\/a>, do kupienia w sklepie eStyl.pl.<\/p>\n<p>1. <strong><a name=\"opakowanie\"><\/a>Opakowanie<\/strong>. Szampon <strong>Redken Blonde Glam<\/strong> mie\u015bci si\u0119 w plastykowej butelce o pojemno\u015bci 300ml, w kolorze p\u00f3\u0142prze\u017aroczystej \u017c\u00f3\u0142ci. By zaaplikowa\u0107 kosmetyk, wystarczy podnie\u015b\u0107 zatrzask czarnej nakr\u0119tki. To m\u00f3j ulubiony rodzaj zakr\u0119tek opakowa\u0144, poniewa\u017c dzi\u0119ki temu, <strong>nie trzeba bawi\u0107 si\u0119 w zakr\u0119canie, czy odkr\u0119canie kosmetyku<\/strong>. Szczeg\u00f3lnie, gdy stoimy pod prysznicem. Sama buteleczka ma bardzo ciekawy kszta\u0142t. Prz\u00f3d opakowania jest p\u0142aski, ty\u0142 natomiast wypuk\u0142y. Boki opakowania maj\u0105 ciekawe, poziome wypuk\u0142o\u015bci, dzi\u0119ki kt\u00f3rym buteleczk\u0119 szamponu dobrze utrzyma\u0107 w mokrej d\u0142oni.<\/p>\n<p>2. <strong><a name=\"zapach\"><\/a>Zapach i konsystencja<\/strong>. Zawarto\u015b\u0107 ekstraktu z grapefruita sprawia, \u017ce szampon Redken do w\u0142os\u00f3w blond ma przyjemny, lekki i bardzo <strong>orze\u017awiaj\u0105cy zapach cytrus\u00f3w<\/strong>. Konsystencja szamponu jest bardzo delikatna. To do\u015b\u0107 rzadka, <em><strong>p\u00f3\u0142prze\u017aroczysta substancja, w kolorze per\u0142owej \u017c\u00f3\u0142ci<\/strong><\/em>.<\/p>\n<p>3. <strong><a name=\"wydajnosc\"><\/a>Wydajno\u015b\u0107<\/strong>. Szampon do w\u0142os\u00f3w blond Redken Blonde Glam ze wzgl\u0119du na swoj\u0105 lekk\u0105 konsystencj\u0119, \u015bwietnie rozprowadza si\u0119 na w\u0142osach. Dodatkowo <strong>doskonale si\u0119 pieni<\/strong>, dzi\u0119ki czemu wystarczy zaaplikowa\u0107 <em><strong>niewielk\u0105 ilo\u015b\u0107 kosmetyku, by dok\u0142adnie pokry\u0107 pian\u0105<\/strong><\/em> wszystkie w\u0142osy i sk\u00f3r\u0119 g\u0142owy. Opakowanie szamponu wystarczy\u0142o mi na jeden miesi\u0105c stosowania, ale jak wida\u0107 na zdj\u0119ciu \u2013 mam bardzo d\u0142ugie i g\u0119ste w\u0142osy. Tak wi\u0119c niemal ka\u017cdy szampon szybko mi si\u0119 ko\u0144czy. Uwa\u017cam, \u017ce <strong>wydajno\u015b\u0107 szamponu<\/strong> jest og\u00f3lnie m\u00f3wi\u0105c \u2013 <strong>podobna do wszystkich tego typu produkt\u00f3w<\/strong>.<\/p>\n<div class=\"minpic\"><a href=\"https:\/\/estyl.pl\/blog\/wp-content\/uploads\/2013\/06\/Redken-Blonde-Glam-Shampoo_3.jpg\" target=\"_blank\" rel=\"lightbox[19209]\"><img decoding=\"async\" loading=\"lazy\" class=\"alignnone wp-image-19221 size-medium\" title=\"szampon do w\u0142os\u00f3w blond\" src=\"https:\/\/estyl.pl\/blog\/wp-content\/uploads\/2013\/06\/Redken-Blonde-Glam-Shampoo_3-200x300.jpg\" alt=\"szampon do w\u0142os\u00f3w blond\" width=\"200\" height=\"300\" srcset=\"https:\/\/estyl.pl\/blog\/wp-content\/uploads\/2013\/06\/Redken-Blonde-Glam-Shampoo_3-200x300.jpg 200w, https:\/\/estyl.pl\/blog\/wp-content\/uploads\/2013\/06\/Redken-Blonde-Glam-Shampoo_3-261x391.jpg 261w, https:\/\/estyl.pl\/blog\/wp-content\/uploads\/2013\/06\/Redken-Blonde-Glam-Shampoo_3.jpg 367w\" sizes=\"(max-width: 200px) 100vw, 200px\" \/><\/a><a href=\"https:\/\/estyl.pl\/blog\/wp-content\/uploads\/2013\/06\/Redken-Blonde-Glam-Shampoo_4.jpg\" target=\"_blank\" rel=\"lightbox[19209]\"><img decoding=\"async\" loading=\"lazy\" class=\"alignnone wp-image-19222 size-medium\" title=\"szampon do w\u0142os\u00f3w blond\" src=\"https:\/\/estyl.pl\/blog\/wp-content\/uploads\/2013\/06\/Redken-Blonde-Glam-Shampoo_4-200x300.jpg\" alt=\"szampon do w\u0142os\u00f3w blond\" width=\"200\" height=\"300\" srcset=\"https:\/\/estyl.pl\/blog\/wp-content\/uploads\/2013\/06\/Redken-Blonde-Glam-Shampoo_4-200x300.jpg 200w, https:\/\/estyl.pl\/blog\/wp-content\/uploads\/2013\/06\/Redken-Blonde-Glam-Shampoo_4-261x391.jpg 261w, https:\/\/estyl.pl\/blog\/wp-content\/uploads\/2013\/06\/Redken-Blonde-Glam-Shampoo_4.jpg 367w\" sizes=\"(max-width: 200px) 100vw, 200px\" \/><\/a><\/div>\n<p>4. <strong><a name=\"dzialanie\"><\/a>Dzia\u0142anie<\/strong>. Zadaniem szamponu do w\u0142os\u00f3w blond jest ochrona oraz pog\u0142\u0119bienie koloru blond w\u0142os\u00f3w. <em><strong>Redken Blonde Shampoo nadaje w\u0142osom wielowymiarowe refleksy<\/strong><\/em>, kt\u00f3re dodatkowo s\u0105 pe\u0142ne blasku. Wspaniale zmi\u0119kcza w\u0142osy, kt\u00f3re ju\u017c po jednym myciu, sta\u0142y si\u0119 spr\u0119\u017cyste i jedwabiste w dotyku. Stosuj\u0105c ca\u0142y zestaw do w\u0142os\u00f3w blond marki Redken, zauwa\u017cy\u0142am, \u017ce faktycznie moje <em><strong>blond w\u0142osy przesta\u0142y mie\u0107 brzydki \u017c\u00f3\u0142tawy odcie\u0144,<\/strong><\/em> a ich kolor sta\u0142 si\u0119 bardziej naturalny. To z pewno\u015bci\u0105 zas\u0142uga z\u0142otych refleks\u00f3w, kt\u00f3re sprawiaj\u0105, \u017ce kolor w\u0142os\u00f3w wydaje si\u0119 by\u0107 tr\u00f3jwymiarowy. Po zastosowaniu szamponu wraz z od\u017cywk\u0105 moje w\u0142osy mia\u0142y <strong>pi\u0119kne blond pasemka, szczeg\u00f3lnie na w\u0142osach okalaj\u0105cych twarz<\/strong>. Dzi\u0119ki temu ca\u0142a fryzura wygl\u0105da\u0142a bardzo naturalnie, tak jakby by\u0142 to m\u00f3j prawdziwy kolor w\u0142os\u00f3w.<\/p>\n<h3>Szampon do w\u0142os\u00f3w blond Redken Blonde Glam ma za zadanie r\u00f3wnie\u017c ochroni\u0107 kolor w\u0142os\u00f3w przed p\u0142owieniem. Faktycznie, stosowa\u0142am ca\u0142y zestaw w okresie letnim i by\u0142y to pierwsze wakacje, w kt\u00f3rych <strong>nie mia\u0142am na g\u0142owie, wysuszonego, sp\u0142owia\u0142ego siana.<\/strong><\/h3>\n<p>5. <strong><a name=\"zalety\"><\/a>Zalety<\/strong>. Szampon Redken Blonde pi\u0119knie pachnie, orze\u017awiaj\u0105c\u0105 nut\u0105 cytrus\u00f3w. Bardzo \u0142atwo go sp\u0142uka\u0107. Pozostawia w\u0142osy <em><strong>l\u015bni\u0105ce i pe\u0142ne naturalnego blasku<\/strong><\/em>. Szampon dodatkowo <em><strong>od\u017cywia w\u0142osy<\/strong><\/em>. Po jego stosowaniu moje nieco przesuszone ci\u0105g\u0142ym rozja\u015bnianiem w\u0142osy, sta\u0142y si\u0119 dobrze <em><strong>od\u017cywione i spr\u0119\u017cyst<\/strong><strong>e<\/strong><\/em>, a ich stan poprawi\u0142 si\u0119 w widoczny spos\u00f3b.<\/p>\n<p>6. <strong><a name=\"wady\"><\/a>Wady<\/strong>. Trudno znale\u017a\u0107 wad\u0119 w tak doskona\u0142ym produkcie. <strong>Dla blondynek, kt\u00f3re borykaj\u0105 si\u0119 z przesuszonymi<\/strong>, pozbawionymi blasku w\u0142osami, nawet cena szamponu nie powinna by\u0107 wad\u0105. <strong>Efekt po jego zastosowaniu jest wart swojej ceny<\/strong>.<\/p>\n<p>7. <strong><a name=\"ocena\"><\/a>Ocena og\u00f3lna<\/strong>. Produkt oceniam na mocn\u0105 <strong>5<\/strong>.<\/p>\n<p><img decoding=\"async\" loading=\"lazy\" class=\"alignnone wp-image-19218 size-full\" title=\"szampon do w\u0142os\u00f3w blond\" src=\"https:\/\/estyl.pl\/blog\/wp-content\/uploads\/2013\/06\/Redken-Blonde-Glam-Shampoo_9.jpg\" alt=\"szampon do w\u0142os\u00f3w blond\" width=\"575\" height=\"295\" srcset=\"https:\/\/estyl.pl\/blog\/wp-content\/uploads\/2013\/06\/Redken-Blonde-Glam-Shampoo_9.jpg 575w, https:\/\/estyl.pl\/blog\/wp-content\/uploads\/2013\/06\/Redken-Blonde-Glam-Shampoo_9-300x153.jpg 300w, https:\/\/estyl.pl\/blog\/wp-content\/uploads\/2013\/06\/Redken-Blonde-Glam-Shampoo_9-261x133.jpg 261w\" sizes=\"(max-width: 575px) 100vw, 575px\" \/><\/p>\n","protected":false},"excerpt":{"rendered":"<p>Szampony dedykowane konkretnemu kolorowi w\u0142os\u00f3w &#8211; potrzebne czy zb\u0119dny wydatek? Ka\u017cdy kolor w\u0142os\u00f3w ma swoj\u0105 specyfik\u0119, na przyk\u0142ad blond potrafi wpada\u0107 w niemi\u0142\u0105 dla oka \u017c\u00f3\u0142\u0107, \u0142atwo traci \u015bwietliste refleksy. Do tego w\u0142osy blond bywaj\u0105 delikatne i cienkie. Szampon do w\u0142os\u00f3w blond Rdeken Blonde Glam o\u017cywia jasny kolor w\u0142os\u00f3w, a dodatkowo dba o w\u0142osy przesuszone.<\/p>\n","protected":false},"author":23,"featured_media":25993,"comment_status":"open","ping_status":"closed","sticky":false,"template":"","format":"standard","meta":{"_eb_attr":""},"categories":[4,33],"tags":[2123,2078,150,701,69],"acf":[],"yoast_head":"<!-- This site is optimized with the Yoast SEO plugin v20.8 - https:\/\/yoast.com\/wordpress\/plugins\/seo\/ -->\n<title>Szampon do w\u0142os\u00f3w blond Redken Blonde Glam<\/title>\n<meta name=\"description\" content=\"Sprawdzony szampon do w\u0142os\u00f3w blond marki Redken przywracaj\u0105cy \u015bwietliste refleksy i od\u017cywiaj\u0105cy cienkie, przesuszone w\u0142osy. Przeczytaj recenzj\u0119.\" \/>\n<meta name=\"robots\" content=\"index, follow, max-snippet:-1, max-image-preview:large, max-video-preview:-1\" \/>\n<link rel=\"canonical\" href=\"https:\/\/estyl.pl\/blog\/redken-blonde-glam-szampon-do-wlosow-blond\/\" \/>\n<meta property=\"og:locale\" content=\"pl_PL\" \/>\n<meta property=\"og:type\" content=\"article\" \/>\n<meta property=\"og:title\" content=\"Szampon do w\u0142os\u00f3w blond Redken Blonde Glam\" \/>\n<meta property=\"og:description\" content=\"Sprawdzony szampon do w\u0142os\u00f3w blond marki Redken przywracaj\u0105cy \u015bwietliste refleksy i od\u017cywiaj\u0105cy cienkie, przesuszone w\u0142osy. Przeczytaj recenzj\u0119.\" \/>\n<meta property=\"og:url\" content=\"https:\/\/estyl.pl\/blog\/redken-blonde-glam-szampon-do-wlosow-blond\/\" \/>\n<meta property=\"og:site_name\" content=\"Blog | Estyl.pl\" \/>\n<meta property=\"article:author\" content=\"kdrogowskakwasnik\" \/>\n<meta property=\"article:published_time\" content=\"2013-06-27T08:20:51+00:00\" \/>\n<meta property=\"article:modified_time\" content=\"2016-10-10T13:59:12+00:00\" \/>\n<meta property=\"og:image\" content=\"https:\/\/estyl.pl\/blog\/wp-content\/uploads\/2013\/06\/szampon-do-w\u0142os\u00f3w-blond.jpg\" \/>\n\t<meta property=\"og:image:width\" content=\"755\" \/>\n\t<meta property=\"og:image:height\" content=\"320\" \/>\n\t<meta property=\"og:image:type\" content=\"image\/jpeg\" \/>\n<meta name=\"author\" content=\"Karolina\" \/>\n<meta name=\"twitter:label1\" content=\"Napisane przez\" \/>\n\t<meta name=\"twitter:data1\" content=\"Karolina\" \/>\n\t<meta name=\"twitter:label2\" content=\"Szacowany czas czytania\" \/>\n\t<meta name=\"twitter:data2\" content=\"5 minut\" \/>\n<script type=\"application\/ld+json\" class=\"yoast-schema-graph\">{\"@context\":\"https:\/\/schema.org\",\"@graph\":[{\"@type\":\"WebPage\",\"@id\":\"https:\/\/estyl.pl\/blog\/redken-blonde-glam-szampon-do-wlosow-blond\/\",\"url\":\"https:\/\/estyl.pl\/blog\/redken-blonde-glam-szampon-do-wlosow-blond\/\",\"name\":\"Szampon do w\u0142os\u00f3w blond Redken Blonde Glam\",\"isPartOf\":{\"@id\":\"https:\/\/estyl.pl\/blog\/#website\"},\"datePublished\":\"2013-06-27T08:20:51+00:00\",\"dateModified\":\"2016-10-10T13:59:12+00:00\",\"author\":{\"@id\":\"https:\/\/estyl.pl\/blog\/#\/schema\/person\/debe1fb907542b5dc82bccc2029e474f\"},\"description\":\"Sprawdzony szampon do w\u0142os\u00f3w blond marki Redken przywracaj\u0105cy \u015bwietliste refleksy i od\u017cywiaj\u0105cy cienkie, przesuszone w\u0142osy. Przeczytaj recenzj\u0119.\",\"breadcrumb\":{\"@id\":\"https:\/\/estyl.pl\/blog\/redken-blonde-glam-szampon-do-wlosow-blond\/#breadcrumb\"},\"inLanguage\":\"pl-PL\",\"potentialAction\":[{\"@type\":\"ReadAction\",\"target\":[\"https:\/\/estyl.pl\/blog\/redken-blonde-glam-szampon-do-wlosow-blond\/\"]}]},{\"@type\":\"BreadcrumbList\",\"@id\":\"https:\/\/estyl.pl\/blog\/redken-blonde-glam-szampon-do-wlosow-blond\/#breadcrumb\",\"itemListElement\":[{\"@type\":\"ListItem\",\"position\":1,\"name\":\"Piel\u0119gnacja w\u0142os\u00f3w\",\"item\":\"https:\/\/estyl.pl\/blog\/pielegnacja-wlosow\/\"},{\"@type\":\"ListItem\",\"position\":2,\"name\":\"Redken Blonde Glam szampon do w\u0142os\u00f3w blond\"}]},{\"@type\":\"WebSite\",\"@id\":\"https:\/\/estyl.pl\/blog\/#website\",\"url\":\"https:\/\/estyl.pl\/blog\/\",\"name\":\"Blog | Estyl.pl\",\"description\":\"Kosmetyki do w\u0142os\u00f3w, porady, piel\u0119gnacja, stylizacja\",\"potentialAction\":[{\"@type\":\"SearchAction\",\"target\":{\"@type\":\"EntryPoint\",\"urlTemplate\":\"https:\/\/estyl.pl\/blog\/?s={search_term_string}\"},\"query-input\":\"required name=search_term_string\"}],\"inLanguage\":\"pl-PL\"},{\"@type\":\"Person\",\"@id\":\"https:\/\/estyl.pl\/blog\/#\/schema\/person\/debe1fb907542b5dc82bccc2029e474f\",\"name\":\"Karolina\",\"description\":\"Absolwentka kosmetologii i dietetyki na \u015al\u0105skiej Wy\u017cszej Szkole Medycznej w Katowicach. Ze sklepem Estyl.pl zwi\u0105zana od wielu lat. Wiedz\u0119 na temat produkt\u00f3w zebra\u0142a pracuj\u0105c w sklepie stacjonanym w Katowicach. Aktualnie pracuje jako copywriter, co daje jej du\u017co satysfakcji. Uwielbia testowa\u0107 nowe kosmetyki.\",\"sameAs\":[\"kdrogowskakwasnik\"],\"url\":\"https:\/\/estyl.pl\/blog\/author\/k-mistalsiekiera\/\"}]}<\/script>\n<!-- \/ Yoast SEO plugin. -->","yoast_head_json":{"title":"Szampon do w\u0142os\u00f3w blond Redken Blonde Glam","description":"Sprawdzony szampon do w\u0142os\u00f3w blond marki Redken przywracaj\u0105cy \u015bwietliste refleksy i od\u017cywiaj\u0105cy cienkie, przesuszone w\u0142osy. Przeczytaj recenzj\u0119.","robots":{"index":"index","follow":"follow","max-snippet":"max-snippet:-1","max-image-preview":"max-image-preview:large","max-video-preview":"max-video-preview:-1"},"canonical":"https:\/\/estyl.pl\/blog\/redken-blonde-glam-szampon-do-wlosow-blond\/","og_locale":"pl_PL","og_type":"article","og_title":"Szampon do w\u0142os\u00f3w blond Redken Blonde Glam","og_description":"Sprawdzony szampon do w\u0142os\u00f3w blond marki Redken przywracaj\u0105cy \u015bwietliste refleksy i od\u017cywiaj\u0105cy cienkie, przesuszone w\u0142osy. Przeczytaj recenzj\u0119.","og_url":"https:\/\/estyl.pl\/blog\/redken-blonde-glam-szampon-do-wlosow-blond\/","og_site_name":"Blog | Estyl.pl","article_author":"kdrogowskakwasnik","article_published_time":"2013-06-27T08:20:51+00:00","article_modified_time":"2016-10-10T13:59:12+00:00","og_image":[{"width":755,"height":320,"url":"https:\/\/estyl.pl\/blog\/wp-content\/uploads\/2013\/06\/szampon-do-w\u0142os\u00f3w-blond.jpg","type":"image\/jpeg"}],"author":"Karolina","twitter_misc":{"Napisane przez":"Karolina","Szacowany czas czytania":"5 minut"},"schema":{"@context":"https:\/\/schema.org","@graph":[{"@type":"WebPage","@id":"https:\/\/estyl.pl\/blog\/redken-blonde-glam-szampon-do-wlosow-blond\/","url":"https:\/\/estyl.pl\/blog\/redken-blonde-glam-szampon-do-wlosow-blond\/","name":"Szampon do w\u0142os\u00f3w blond Redken Blonde Glam","isPartOf":{"@id":"https:\/\/estyl.pl\/blog\/#website"},"datePublished":"2013-06-27T08:20:51+00:00","dateModified":"2016-10-10T13:59:12+00:00","author":{"@id":"https:\/\/estyl.pl\/blog\/#\/schema\/person\/debe1fb907542b5dc82bccc2029e474f"},"description":"Sprawdzony szampon do w\u0142os\u00f3w blond marki Redken przywracaj\u0105cy \u015bwietliste refleksy i od\u017cywiaj\u0105cy cienkie, przesuszone w\u0142osy. Przeczytaj recenzj\u0119.","breadcrumb":{"@id":"https:\/\/estyl.pl\/blog\/redken-blonde-glam-szampon-do-wlosow-blond\/#breadcrumb"},"inLanguage":"pl-PL","potentialAction":[{"@type":"ReadAction","target":["https:\/\/estyl.pl\/blog\/redken-blonde-glam-szampon-do-wlosow-blond\/"]}]},{"@type":"BreadcrumbList","@id":"https:\/\/estyl.pl\/blog\/redken-blonde-glam-szampon-do-wlosow-blond\/#breadcrumb","itemListElement":[{"@type":"ListItem","position":1,"name":"Piel\u0119gnacja w\u0142os\u00f3w","item":"https:\/\/estyl.pl\/blog\/pielegnacja-wlosow\/"},{"@type":"ListItem","position":2,"name":"Redken Blonde Glam szampon do w\u0142os\u00f3w blond"}]},{"@type":"WebSite","@id":"https:\/\/estyl.pl\/blog\/#website","url":"https:\/\/estyl.pl\/blog\/","name":"Blog | Estyl.pl","description":"Kosmetyki do w\u0142os\u00f3w, porady, piel\u0119gnacja, stylizacja","potentialAction":[{"@type":"SearchAction","target":{"@type":"EntryPoint","urlTemplate":"https:\/\/estyl.pl\/blog\/?s={search_term_string}"},"query-input":"required name=search_term_string"}],"inLanguage":"pl-PL"},{"@type":"Person","@id":"https:\/\/estyl.pl\/blog\/#\/schema\/person\/debe1fb907542b5dc82bccc2029e474f","name":"Karolina","description":"Absolwentka kosmetologii i dietetyki na \u015al\u0105skiej Wy\u017cszej Szkole Medycznej w Katowicach. Ze sklepem Estyl.pl zwi\u0105zana od wielu lat. Wiedz\u0119 na temat produkt\u00f3w zebra\u0142a pracuj\u0105c w sklepie stacjonanym w Katowicach. Aktualnie pracuje jako copywriter, co daje jej du\u017co satysfakcji. Uwielbia testowa\u0107 nowe kosmetyki.","sameAs":["kdrogowskakwasnik"],"url":"https:\/\/estyl.pl\/blog\/author\/k-mistalsiekiera\/"}]}},"_links":{"self":[{"href":"https:\/\/estyl.pl\/blog\/wp-json\/wp\/v2\/posts\/19209"}],"collection":[{"href":"https:\/\/estyl.pl\/blog\/wp-json\/wp\/v2\/posts"}],"about":[{"href":"https:\/\/estyl.pl\/blog\/wp-json\/wp\/v2\/types\/post"}],"author":[{"embeddable":true,"href":"https:\/\/estyl.pl\/blog\/wp-json\/wp\/v2\/users\/23"}],"replies":[{"embeddable":true,"href":"https:\/\/estyl.pl\/blog\/wp-json\/wp\/v2\/comments?post=19209"}],"version-history":[{"count":19,"href":"https:\/\/estyl.pl\/blog\/wp-json\/wp\/v2\/posts\/19209\/revisions"}],"predecessor-version":[{"id":31001,"href":"https:\/\/estyl.pl\/blog\/wp-json\/wp\/v2\/posts\/19209\/revisions\/31001"}],"wp:featuredmedia":[{"embeddable":true,"href":"https:\/\/estyl.pl\/blog\/wp-json\/wp\/v2\/media\/25993"}],"wp:attachment":[{"href":"https:\/\/estyl.pl\/blog\/wp-json\/wp\/v2\/media?parent=19209"}],"wp:term":[{"taxonomy":"category","embeddable":true,"href":"https:\/\/estyl.pl\/blog\/wp-json\/wp\/v2\/categories?post=19209"},{"taxonomy":"post_tag","embeddable":true,"href":"https:\/\/estyl.pl\/blog\/wp-json\/wp\/v2\/tags?post=19209"}],"curies":[{"name":"wp","href":"https:\/\/api.w.org\/{rel}","templated":true}]}}