{"id":19253,"date":"2014-07-21T10:10:55","date_gmt":"2014-07-21T08:10:55","guid":{"rendered":"https:\/\/estyl.pl\/blog\/?p=19253"},"modified":"2025-06-11T12:42:52","modified_gmt":"2025-06-11T10:42:52","slug":"santaverde-xingu-serum-do-twarzy","status":"publish","type":"post","link":"https:\/\/estyl.pl\/blog\/santaverde-xingu-serum-do-twarzy\/","title":{"rendered":"Santaverde Xingu &#8211; serum do twarzy intensywnie przeciwutleniaj\u0105ce"},"content":{"rendered":"<h3>Serum do twarzy Santaverde Xingu wykazuje silne dzia\u0142anie antyoksydacyjne. Zmniejsza widoczno\u015b\u0107 por\u00f3w, a co najwa\u017cniejsze &#8211; mo\u017ce by\u0107 stosowane przez posiadaczki ka\u017cdego rodzaju cery. Lekka, niet\u0142usta formu\u0142a nie pozostawia filmu na sk\u00f3rze i nie zapycha por\u00f3w.<\/h3>\n<p><!--more--><\/p>\n<p><a href=\"https:\/\/estyl.pl\/blog\/wp-content\/uploads\/2014\/07\/Santaverde-Xingu-Serum.jpg\" target=\"_blank\" rel=\"noopener\" rel=\"lightbox[19253]\"><img decoding=\"async\" loading=\"lazy\" class=\"aligncenter wp-image-26629 size-full\" title=\"serum do twarzy Santaverde\" src=\"https:\/\/estyl.pl\/blog\/wp-content\/uploads\/2014\/07\/Santaverde-Xingu-Serum.jpg\" alt=\"serum do twarzy\" width=\"575\" height=\"375\" srcset=\"https:\/\/estyl.pl\/blog\/wp-content\/uploads\/2014\/07\/Santaverde-Xingu-Serum.jpg 575w, https:\/\/estyl.pl\/blog\/wp-content\/uploads\/2014\/07\/Santaverde-Xingu-Serum-300x196.jpg 300w, https:\/\/estyl.pl\/blog\/wp-content\/uploads\/2014\/07\/Santaverde-Xingu-Serum-261x170.jpg 261w\" sizes=\"(max-width: 575px) 100vw, 575px\" \/><\/a><\/p>\n<p style=\"text-align: center;\">fot.\u00a0\u00a9 Pajmon.com Piotr Bielecki<\/p>\n<p>Zgodnie z formu\u0142\u0105 testu serum do twarzy Santaverde zosta\u0142o ocenione w 7 kategoriach:<\/p>\n<ol>\n<li><a href=\"#opakowanie\">Opakowanie<\/a><\/li>\n<li><a href=\"#zapach\">Zapach i konsystencja<\/a><\/li>\n<li><a href=\"#wydajnosc\">Wydajno\u015b\u0107<\/a><\/li>\n<li><a href=\"#dzialanie\">Dzia\u0142anie<\/a><\/li>\n<li><a href=\"#zalety\">Zalety<\/a><\/li>\n<li><a href=\"#wady\">Wady<\/a><\/li>\n<li><a href=\"#ocena\">Ocena og\u00f3lna<\/a> w skali od 1 do 5<\/li>\n<\/ol>\n<p><a href=\"https:\/\/estyl.pl\/blog\/wp-content\/uploads\/2011\/11\/profil_cery.jpg\" target=\"_blank\" rel=\"noopener\" rel=\"lightbox[19253]\"><img decoding=\"async\" loading=\"lazy\" class=\"alignleft wp-image-4000 size-thumbnail\" title=\"serum do twarzy\" src=\"https:\/\/estyl.pl\/blog\/wp-content\/uploads\/2011\/11\/profil_cery-150x150.jpg\" alt=\"serum do twarzy\" width=\"150\" height=\"150\" \/><\/a><strong>Ma\u0142gosia ma oko\u0142o 30 lat<\/strong> i mieszan\u0105 cer\u0119, kt\u00f3ra sprawia jej troch\u0119 k\u0142opot\u00f3w. Cz\u0119\u015b\u0107 twarzy w strefie T lubi si\u0119 przet\u0142uszcza\u0107, reszta sk\u00f3ry ma tendencj\u0119 do okresowego przesuszania. Piel\u0119gnacja cery Ma\u0142gosi nastawiona jest g\u0142\u00f3wnie na normalizowanie proces\u00f3w przet\u0142uszczania jej sk\u00f3ry oraz walk\u0119 z pierwszymi oznakami starzenia si\u0119. Ulubione marki kosmetyczne Ma\u0142gosi to Nuxe, Dr. Hauschka, Estee Lauder, Lierac oraz kosmetyki apteczne firm Avene, La Roche Posay, SVR oraz Bioderma.<\/p>\n<p><strong>Pe\u0142ny profil cery Ma\u0142gosi<\/strong>:<\/p>\n<ul>\n<li><strong> Rodzaj cery<\/strong>: mieszana, dojrza\u0142a;<\/li>\n<li><strong> Sk\u0142onno\u015b\u0107 do alergii<\/strong>: ma\u0142a;<\/li>\n<li><strong> Rozszerzone naczynka<\/strong>: jedynie w okolicach skrzyde\u0142ek nosa;<\/li>\n<li><strong> Widoczne zmarszczki<\/strong>: pierwsze za\u0142amania w okolicach oczu;<\/li>\n<li><strong> Problemy z cer\u0105<\/strong>: przet\u0142uszczanie, nadmierne \u015bwiecenie si\u0119 w strefie T, okresowe przesuszenie, rozszerzone pory, zask\u00f3rniki, stopniowa utrata j\u0119drno\u015bci i blasku sk\u00f3ry.<\/li>\n<\/ul>\n<p><a href=\"https:\/\/estyl.pl\/blog\/wp-content\/uploads\/2013\/07\/Santaverde-Xingu-Serum_3.jpg\" target=\"_blank\" rel=\"noopener\" rel=\"lightbox[19253]\"><img decoding=\"async\" loading=\"lazy\" class=\"alignleft wp-image-19275 size-thumbnail\" title=\"Serum do twarzy Santaverde Xingu - opinia Ma\u0142gosi\" src=\"https:\/\/estyl.pl\/blog\/wp-content\/uploads\/2013\/07\/Santaverde-Xingu-Serum_3-150x150.jpg\" alt=\"serum do twarzy\" width=\"150\" height=\"150\" \/><\/a>Ma\u0142gosia testowa\u0142a dla Was <strong><a href=\"https:\/\/estyl.pl\/kosmetyki-do-ciala\/twarz\/serum\" target=\"_blank\" rel=\"noopener\">serum do twarzy<\/a> ochronne i przeciwutleniaj\u0105ce Santaverde Xingu<\/strong>, do kupienia w sklepie eStyl.pl i dzi\u015b opowie Wam o swoich wra\u017ceniach z jego test\u00f3w.<\/p>\n<p>1. <strong><a name=\"opakowanie\"><\/a>Opakowanie<\/strong>.\u00a0 Serum do twarzy <strong>Santaverde Xingu<\/strong> opakowano w\u00a0tworzywo sztuczne imituj\u0105ce szk\u0142o. Dzi\u0119ki matowej fakturze u\u017cytego materia\u0142u, kosmetyk doskonale le\u017cy w d\u0142oni. Dodatkowym opakowaniem jest kartonowe, czarne pude\u0142ko, kt\u00f3rego pozbawiony jest tester produktu (tak, jak w moim przypadku, dlatego nie ma go na zdj\u0119ciach). Du\u017c\u0105 <strong>zalet\u0105 opakowania jest dozownik<\/strong>, <strong>kt\u00f3ry precyzyjnie dozuje ilo\u015b\u0107 kosmetyku<\/strong>. Gdy zachodzi potrzeba mo\u017cna wycisn\u0105\u0107 nawet p\u00f3\u0142 dozy, dzi\u0119ki czemu drogocenna zawarto\u015b\u0107 nie marnuje si\u0119.<\/p>\n<p>2. <strong><a name=\"zapach\"><\/a>Zapach i konsystencja<\/strong>. Serum ochronne Xingu pachnie bardzo rze\u015bko i promiennie. Mi przypomina <em><strong>koktajl owocowy, prze\u0142amany nut\u0105 egzotycznych olejk\u00f3w.<\/strong><\/em> Serum ma bardzo ma \u017celow\u0105 i lekk\u0105, typow\u0105 dla serum konsystencj\u0119.<\/p>\n<p><a href=\"https:\/\/estyl.pl\/blog\/wp-content\/uploads\/2013\/07\/Xingu-Serum-uzywane-29.jpg\" target=\"_blank\" rel=\"noopener\" rel=\"lightbox[19253]\"><img decoding=\"async\" loading=\"lazy\" class=\"alignleft wp-image-19280 size-thumbnail\" title=\"serum do twarzy Santaverde Xingu po dw\u00f3ch miesi\u0105cach u\u017cywania\" src=\"https:\/\/estyl.pl\/blog\/wp-content\/uploads\/2013\/07\/Xingu-Serum-uzywane-29-150x150.jpg\" alt=\"serum do twarzy\" width=\"150\" height=\"150\" \/><\/a>3. <strong><a name=\"wydajnosc\"><\/a>Wydajno\u015b\u0107<\/strong>. Santavarde Xingu to <strong>bardzo wydajny <\/strong>kosmetyk. Po <strong>dwumiesi\u0119cznym testowaniu, zu\u017cycie oceniam na oko\u0142o 20 procent<\/strong>. W tym czasie serum u\u017cywa\u0142am dwa razy dziennie lub tylko raz, w formie kuracji nocnej (co drugi dzie\u0144 naprzemiennie). <strong>Na noc<\/strong> aplikowa\u0142am p\u00f3\u0142tora pompki (twarz i szyja), <strong>na dzie\u0144<\/strong> wystarcza jedna, by zminimalizowa\u0107 obci\u0105\u017cenie cery kosmetykami.<\/p>\n<p>4. <strong><a name=\"dzialanie\"><\/a>Dzia\u0142anie<\/strong>. Serum stosowa\u0142am <em><strong>codziennie wieczorem<\/strong><\/em>, bo doskonale wpisuje si\u0119 w <strong>lekk\u0105 i niezapychaj\u0105c\u0105 por\u00f3w nocn\u0105 piel\u0119gnacj\u0119 cery mieszanej<\/strong>. U\u017cycie serum Xingu poprzedza\u0142am dok\u0142adnym umyciem i tonizowaniem buzi. Latem taki rodzaj nawil\u017cania w zupe\u0142no\u015bci mi wystarcza. Gdy czu\u0142am, \u017ce buzia chce co\u015b tre\u015bciwszego (zdarza\u0142o si\u0119 to bardzo rzadko) aplikowa\u0142am dodatkowo na noc <a href=\"https:\/\/estyl.pl\/davines-oi-oil-olejek-do-wlosow-50ml\" data-internallinksmanager029f6b8e52c=\"9\" title=\"Davines Oi Oi olejek do w\u0142os\u00f3w\" target=\"_blank\" rel=\"noopener\">olejek<\/a> lub tre\u015bciwszy krem. Serum antyoksydacyjnego Santaverde u\u017cywa\u0142am <em><strong>tak\u017ce rano, jednak co drugi dzie\u0144<\/strong><\/em>. Po wch\u0142oni\u0119ciu si\u0119 kosmetyku, jak zwykle stosowa\u0142am sw\u00f3j ulubiony filtr mineralny <a href=\"https:\/\/estyl.pl\/blog\/john-masters-organics-spf-30-naturalny-mineralny-filtr-przeciwsloneczny\/\" target=\"_blank\" rel=\"noopener\"><strong>John Masters Organics SPF 30<\/strong><\/a>. <strong>Xingu bardzo dobrze wsp\u00f3\u0142pracuje z tym rodzajem filtra<\/strong>, makija\u017c si\u0119 nie warzy, a <em><strong>twarz nie \u015bwieci si\u0119<\/strong><\/em> niczym latarnia.<\/p>\n<div class=\"minpic\"><a href=\"https:\/\/estyl.pl\/blog\/wp-content\/uploads\/2013\/07\/Santaverde-Xingu-Serum_5.jpg\" target=\"_blank\" rel=\"noopener\" rel=\"lightbox[19253]\"><img decoding=\"async\" loading=\"lazy\" class=\"alignnone wp-image-19284 size-thumbnail\" title=\"Opakowanie serum do twarzy Xingu\" src=\"https:\/\/estyl.pl\/blog\/wp-content\/uploads\/2013\/07\/Santaverde-Xingu-Serum_5-150x150.jpg\" alt=\"serum do twarzy\" width=\"150\" height=\"150\" \/><\/a><a href=\"https:\/\/estyl.pl\/blog\/wp-content\/uploads\/2013\/07\/Santaverde-Xingu-Serum_4.jpg\" target=\"_blank\" rel=\"noopener\" rel=\"lightbox[19253]\"><img decoding=\"async\" loading=\"lazy\" class=\"alignnone wp-image-19283\" title=\"serum do twarzy Xingu bazuje na organicznym mi\u0105\u017cszu aloesu\" src=\"https:\/\/estyl.pl\/blog\/wp-content\/uploads\/2013\/07\/Santaverde-Xingu-Serum_4-150x150.jpg\" alt=\"serum do twarzy\" width=\"150\" height=\"150\" \/><\/a><a href=\"https:\/\/estyl.pl\/blog\/wp-content\/uploads\/2013\/07\/Santaverde-Xingu-Serum_6.jpg\" target=\"_blank\" rel=\"noopener\" rel=\"lightbox[19253]\"><img decoding=\"async\" loading=\"lazy\" class=\"alignnone wp-image-19285 size-thumbnail\" title=\"serum do twarzy Santaverde posiada certyfikaty naturalne i nie jest testowane na zwierz\u0119tach\" src=\"https:\/\/estyl.pl\/blog\/wp-content\/uploads\/2013\/07\/Santaverde-Xingu-Serum_6-150x150.jpg\" alt=\"serum do twarzy\" width=\"150\" height=\"150\" \/><\/a><\/div>\n<p><strong>Serum antyoksydacyjne Xingu ma naprawd\u0119 lekk\u0105 konsystencj\u0119<\/strong>, dzi\u0119ki czemu \u015bwietnie rozprowadza si\u0119 na buzi, wch\u0142ania i nie zapycha t\u0142ustej, mieszanej cery. Kosmetyk <em><strong>nie pozostawia lepkiej, czy t\u0142ustej warstwy<\/strong><\/em>, dlatego mimo olejk\u00f3w w sk\u0142adzie <strong>sprawdzi\u0142 si\u0119\u00a0 na buzi sk\u0142onnej do nadprodukcji sebum<\/strong>, czyli takiej jak moja.<\/p>\n<p><strong>Xingu<\/strong> to nazwa\u00a0 rzeki w p\u00f3\u0142nocnej Brazylii, a <strong>bogactwo naturalne las\u00f3w Amazonii wykorzystano w formule antyoksydacyjnej linii Xingu<\/strong>. Dzi\u0119ki fenomenalnemu wprost sk\u0142adowi, serum wpisuje si\u0119 w piel\u0119gnacj\u0119 przeciwstarzeniow\u0105 i to na naprawd\u0119 wysokim poziomie. <em><strong>Wed\u0142ug producenta serum zapobiega\u00a0 stresowi oksydacyjnemu<\/strong><\/em> i ochrania nasz\u0105 sk\u00f3r\u0119 na poziomie <strong>11 ORAC na 1 gram produktu<\/strong> (1 g odpowiada w przybli\u017ceniu dw\u00f3m aplikacjom w ci\u0105gu dnia). ORAC to skr\u00f3t od <em><strong>Oxygen Radical Absorbance Capacity<\/strong><\/em> co oznacza zdolno\u015b\u0107 absorpcji wolnych rodnik\u00f3w przez silne antyutleniacze.<\/p>\n<div class=\"minpic\"><a href=\"https:\/\/estyl.pl\/blog\/wp-content\/uploads\/2013\/07\/Xingu-Serum-uzywane-12.jpg\" target=\"_blank\" rel=\"noopener\" rel=\"lightbox[19253]\"><img decoding=\"async\" loading=\"lazy\" class=\"alignnone wp-image-19287 size-medium\" title=\"Po dw\u00f3ch miesi\u0105cach zu\u017cy\u0142am 20% serum do twarzy\" src=\"https:\/\/estyl.pl\/blog\/wp-content\/uploads\/2013\/07\/Xingu-Serum-uzywane-12-225x300.jpg\" alt=\"serum do twarzy\" width=\"225\" height=\"300\" srcset=\"https:\/\/estyl.pl\/blog\/wp-content\/uploads\/2013\/07\/Xingu-Serum-uzywane-12-225x300.jpg 225w, https:\/\/estyl.pl\/blog\/wp-content\/uploads\/2013\/07\/Xingu-Serum-uzywane-12-261x347.jpg 261w, https:\/\/estyl.pl\/blog\/wp-content\/uploads\/2013\/07\/Xingu-Serum-uzywane-12.jpg 413w\" sizes=\"(max-width: 225px) 100vw, 225px\" \/><\/a><a href=\"https:\/\/estyl.pl\/blog\/wp-content\/uploads\/2013\/07\/Xingu-Serum-uzywane-19.jpg\" target=\"_blank\" rel=\"noopener\" rel=\"lightbox[19253]\"><img decoding=\"async\" loading=\"lazy\" class=\"alignnone wp-image-19289 size-medium\" title=\"Jak wida\u0107, serum do twarzy Xingu starcza na d\u0142ugo\" src=\"https:\/\/estyl.pl\/blog\/wp-content\/uploads\/2013\/07\/Xingu-Serum-uzywane-26-239x300.jpg\" alt=\"serum do twarzy\" width=\"239\" height=\"300\" srcset=\"https:\/\/estyl.pl\/blog\/wp-content\/uploads\/2013\/07\/Xingu-Serum-uzywane-26-239x300.jpg 239w, https:\/\/estyl.pl\/blog\/wp-content\/uploads\/2013\/07\/Xingu-Serum-uzywane-26-261x326.jpg 261w, https:\/\/estyl.pl\/blog\/wp-content\/uploads\/2013\/07\/Xingu-Serum-uzywane-26.jpg 440w\" sizes=\"(max-width: 239px) 100vw, 239px\" \/><img decoding=\"async\" loading=\"lazy\" class=\"alignnone wp-image-19288 size-medium\" title=\"Zu\u017cycie serum do twarzy Xingu obserwujemy od do\u0142u opakowania\" src=\"https:\/\/estyl.pl\/blog\/wp-content\/uploads\/2013\/07\/Xingu-Serum-uzywane-19-300x239.jpg\" alt=\"serum do twarzy\" width=\"300\" height=\"239\" srcset=\"https:\/\/estyl.pl\/blog\/wp-content\/uploads\/2013\/07\/Xingu-Serum-uzywane-19-300x239.jpg 300w, https:\/\/estyl.pl\/blog\/wp-content\/uploads\/2013\/07\/Xingu-Serum-uzywane-19-580x463.jpg 580w, https:\/\/estyl.pl\/blog\/wp-content\/uploads\/2013\/07\/Xingu-Serum-uzywane-19-261x208.jpg 261w, https:\/\/estyl.pl\/blog\/wp-content\/uploads\/2013\/07\/Xingu-Serum-uzywane-19.jpg 688w\" sizes=\"(max-width: 300px) 100vw, 300px\" \/><\/a><\/div>\n<p>Serum przeciwstarzeniowe Xingu Santaverde da\u0142o mojej sk\u00f3rze<strong> widoczny zastrzyk energii<\/strong>. Cera sta\u0142a si\u0119 przejrzysta, wszelkie drobne linie uleg\u0142y wyg\u0142adzeniu, przez co rozszerzone pory (moja najwi\u0119ksza udr\u0119ka) wyda\u0142y si\u0119 mniejsze.<\/p>\n<h3>Serum do twarzy Xingu wyr\u00f3wna\u0142o koloryt mojej buzi, zdecydowanie <strong>\u0142agodz\u0105c jej podra\u017cnienia, czy zaczerwieniania, szczeg\u00f3lnie te ko\u0142o skrzyde\u0142ek nosa<\/strong>. Przyznam, \u017ce nie spodziewa\u0142am si\u0119 takiego spektrum dzia\u0142ania kosmetyku i <strong>mimo zab\u00f3jczo wysokiej ceny Xingu, pozytywnie mnie zaskoczy\u0142<\/strong>.<\/h3>\n<div class=\"minpic\"><a href=\"https:\/\/estyl.pl\/blog\/wp-content\/uploads\/2013\/07\/Santaverde-Xingu-Serum_7.jpg\" target=\"_blank\" rel=\"noopener\" rel=\"lightbox[19253]\"><img decoding=\"async\" loading=\"lazy\" class=\"alignnone wp-image-19291 size-thumbnail\" title=\"serum do twarzy Santaverde Xingu wygl\u0105da i pachnie owocowo\" src=\"https:\/\/estyl.pl\/blog\/wp-content\/uploads\/2013\/07\/Santaverde-Xingu-Serum_7-150x150.jpg\" alt=\"serum do twarzy\" width=\"150\" height=\"150\" srcset=\"https:\/\/estyl.pl\/blog\/wp-content\/uploads\/2013\/07\/Santaverde-Xingu-Serum_7-150x150.jpg 150w, https:\/\/estyl.pl\/blog\/wp-content\/uploads\/2013\/07\/Santaverde-Xingu-Serum_7-300x300.jpg 300w, https:\/\/estyl.pl\/blog\/wp-content\/uploads\/2013\/07\/Santaverde-Xingu-Serum_7-261x261.jpg 261w, https:\/\/estyl.pl\/blog\/wp-content\/uploads\/2013\/07\/Santaverde-Xingu-Serum_7.jpg 550w\" sizes=\"(max-width: 150px) 100vw, 150px\" \/><\/a><a href=\"https:\/\/estyl.pl\/blog\/wp-content\/uploads\/2013\/07\/Santaverde-Xingu-Serum_8.jpg\" target=\"_blank\" rel=\"noopener\" rel=\"lightbox[19253]\"><img decoding=\"async\" loading=\"lazy\" class=\"alignnone wp-image-19292 size-thumbnail\" title=\"serum do twarzy Santaverde ma lekk\u0105 kosnsytencj\u0119 i nie zapycha por\u00f3w\" src=\"https:\/\/estyl.pl\/blog\/wp-content\/uploads\/2013\/07\/Santaverde-Xingu-Serum_8-150x150.jpg\" alt=\"serum do twarzy\" width=\"150\" height=\"150\" \/><\/a><a href=\"https:\/\/estyl.pl\/blog\/wp-content\/uploads\/2013\/07\/Santaverde-Xingu-Serum_9.jpg\" target=\"_blank\" rel=\"noopener\" rel=\"lightbox[19253]\"><img decoding=\"async\" loading=\"lazy\" class=\"alignnone wp-image-19293 size-thumbnail\" title=\"Serum do twarzy Xingu zmniejszy\u0142o widoczno\u015b\u0107 moich du\u017cych por\u00f3w\" src=\"https:\/\/estyl.pl\/blog\/wp-content\/uploads\/2013\/07\/Santaverde-Xingu-Serum_9-150x150.jpg\" alt=\"serum do twarzy\" width=\"150\" height=\"150\" srcset=\"https:\/\/estyl.pl\/blog\/wp-content\/uploads\/2013\/07\/Santaverde-Xingu-Serum_9-150x150.jpg 150w, https:\/\/estyl.pl\/blog\/wp-content\/uploads\/2013\/07\/Santaverde-Xingu-Serum_9-300x300.jpg 300w, https:\/\/estyl.pl\/blog\/wp-content\/uploads\/2013\/07\/Santaverde-Xingu-Serum_9-261x261.jpg 261w, https:\/\/estyl.pl\/blog\/wp-content\/uploads\/2013\/07\/Santaverde-Xingu-Serum_9.jpg 550w\" sizes=\"(max-width: 150px) 100vw, 150px\" \/><\/a><\/div>\n<p>5. <strong><a name=\"zalety\"><\/a>Zalety<\/strong>. <strong>Zbija i napina<\/strong> sk\u00f3r\u0119, dodaje jej m\u0142odzie\u0144czego blasku, <strong>\u015bwie\u017co\u015bci i przejrzysto\u015bci<\/strong>. Mam wra\u017cenie, \u017ce <strong>lekko \u015bci\u0105ga rozszerzone pory<\/strong>. Nie obci\u0105\u017ca i <strong>nie przet\u0142uszcza <\/strong>buzi, <strong>\u0142agodzi zaczerwienienia<\/strong> i podra\u017cnienia. <strong>Poprawia nawil\u017cenie<\/strong> i wyg\u0142adza sk\u00f3r\u0119 twarzy.<\/p>\n<p>6. <strong><a name=\"wady\"><\/a>Wady<\/strong>. G\u0142\u00f3wn\u0105 wad\u0105 kosmetyku jest astronomiczna <strong>cena serum<\/strong> Santaverde.<\/p>\n<p>7. <strong><a name=\"ocena\"><\/a>Ocena og\u00f3lna<\/strong>. Bior\u0105c pod uwag\u0119 efekty na mojej sk\u00f3rze, chcia\u0142abym oceni\u0107 serum na 6. Ze wzgl\u0119du na cen\u0119, kt\u00f3ra dla wielu mo\u017ce wydawa\u0107 si\u0119 wyg\u00f3rowana, musz\u0119 obni\u017cy\u0107 not\u0119 do <strong>5<\/strong>.<\/p>\n<p><img decoding=\"async\" loading=\"lazy\" class=\"aligncenter wp-image-19278 size-full\" title=\"Serum do twarzy Santaverde Xingu - zalety i wady\" src=\"https:\/\/estyl.pl\/blog\/wp-content\/uploads\/2013\/07\/Santaverde-Xingu-Serum_10.jpg\" alt=\"serum do twarzy\" width=\"575\" height=\"342\" srcset=\"https:\/\/estyl.pl\/blog\/wp-content\/uploads\/2013\/07\/Santaverde-Xingu-Serum_10.jpg 575w, https:\/\/estyl.pl\/blog\/wp-content\/uploads\/2013\/07\/Santaverde-Xingu-Serum_10-300x178.jpg 300w, https:\/\/estyl.pl\/blog\/wp-content\/uploads\/2013\/07\/Santaverde-Xingu-Serum_10-261x155.jpg 261w\" sizes=\"(max-width: 575px) 100vw, 575px\" \/><\/p>\n<p>ZOBACZ R\u00d3WNIE\u017b:\u00a0<a title=\"Jak stosowa\u0107 serum do twarzy?\" href=\"https:\/\/estyl.pl\/blog\/2019\/12\/jak-stosowac-serum-do-twarzy-praktyczne-porady\/\" target=\"_blank\" rel=\"noopener\">Jak stosowa\u0107 serum do twarzy? \u2013 praktyczne porady!<\/a><\/p>\n","protected":false},"excerpt":{"rendered":"<p>Serum do twarzy Santaverde Xingu wykazuje silne dzia\u0142anie antyoksydacyjne. Zmniejsza widoczno\u015b\u0107 por\u00f3w, a co najwa\u017cniejsze &#8211; mo\u017ce by\u0107 stosowane przez posiadaczki ka\u017cdego rodzaju cery. Lekka, niet\u0142usta formu\u0142a nie pozostawia filmu na sk\u00f3rze i nie zapycha por\u00f3w.<\/p>\n","protected":false},"author":1,"featured_media":25088,"comment_status":"open","ping_status":"closed","sticky":false,"template":"","format":"standard","meta":{"_eb_attr":""},"categories":[33,2094],"tags":[2123,2078,1550,1594],"acf":[],"yoast_head":"<!-- This site is optimized with the Yoast SEO plugin v20.8 - https:\/\/yoast.com\/wordpress\/plugins\/seo\/ -->\n<title>Serum do twarzy Santaverde Xingu przeciwutleniaj\u0105ce<\/title>\n<meta name=\"description\" content=\"Przeczytaj recenzj\u0119 serum do twarzy Santaverde Xingu. Jest intensywnie przeciwutleniaj\u0105ce, ale czy spe\u0142nia wszystkie obietnice producenta?\" \/>\n<meta name=\"robots\" content=\"index, follow, max-snippet:-1, max-image-preview:large, max-video-preview:-1\" \/>\n<link rel=\"canonical\" href=\"https:\/\/estyl.pl\/blog\/santaverde-xingu-serum-do-twarzy\/\" \/>\n<meta property=\"og:locale\" content=\"pl_PL\" \/>\n<meta property=\"og:type\" content=\"article\" \/>\n<meta property=\"og:title\" content=\"Serum do twarzy Santaverde Xingu przeciwutleniaj\u0105ce\" \/>\n<meta property=\"og:description\" content=\"Przeczytaj recenzj\u0119 serum do twarzy Santaverde Xingu. Jest intensywnie przeciwutleniaj\u0105ce, ale czy spe\u0142nia wszystkie obietnice producenta?\" \/>\n<meta property=\"og:url\" content=\"https:\/\/estyl.pl\/blog\/santaverde-xingu-serum-do-twarzy\/\" \/>\n<meta property=\"og:site_name\" content=\"Blog | Estyl.pl\" \/>\n<meta property=\"article:published_time\" content=\"2014-07-21T08:10:55+00:00\" \/>\n<meta property=\"article:modified_time\" content=\"2025-06-11T10:42:52+00:00\" \/>\n<meta property=\"og:image\" content=\"https:\/\/estyl.pl\/blog\/wp-content\/uploads\/2014\/07\/serum-do-twarzy1.jpg\" \/>\n\t<meta property=\"og:image:width\" content=\"755\" \/>\n\t<meta property=\"og:image:height\" content=\"320\" \/>\n\t<meta property=\"og:image:type\" content=\"image\/jpeg\" \/>\n<meta name=\"author\" content=\"admin\" \/>\n<meta name=\"twitter:label1\" content=\"Napisane przez\" \/>\n\t<meta name=\"twitter:data1\" content=\"admin\" \/>\n\t<meta name=\"twitter:label2\" content=\"Szacowany czas czytania\" \/>\n\t<meta name=\"twitter:data2\" content=\"8 minut\" \/>\n<script type=\"application\/ld+json\" class=\"yoast-schema-graph\">{\"@context\":\"https:\/\/schema.org\",\"@graph\":[{\"@type\":\"WebPage\",\"@id\":\"https:\/\/estyl.pl\/blog\/santaverde-xingu-serum-do-twarzy\/\",\"url\":\"https:\/\/estyl.pl\/blog\/santaverde-xingu-serum-do-twarzy\/\",\"name\":\"Serum do twarzy Santaverde Xingu przeciwutleniaj\u0105ce\",\"isPartOf\":{\"@id\":\"https:\/\/estyl.pl\/blog\/#website\"},\"datePublished\":\"2014-07-21T08:10:55+00:00\",\"dateModified\":\"2025-06-11T10:42:52+00:00\",\"author\":{\"@id\":\"https:\/\/estyl.pl\/blog\/#\/schema\/person\/22fff2064045ce23be580e18ca255220\"},\"description\":\"Przeczytaj recenzj\u0119 serum do twarzy Santaverde Xingu. Jest intensywnie przeciwutleniaj\u0105ce, ale czy spe\u0142nia wszystkie obietnice producenta?\",\"breadcrumb\":{\"@id\":\"https:\/\/estyl.pl\/blog\/santaverde-xingu-serum-do-twarzy\/#breadcrumb\"},\"inLanguage\":\"pl-PL\",\"potentialAction\":[{\"@type\":\"ReadAction\",\"target\":[\"https:\/\/estyl.pl\/blog\/santaverde-xingu-serum-do-twarzy\/\"]}]},{\"@type\":\"BreadcrumbList\",\"@id\":\"https:\/\/estyl.pl\/blog\/santaverde-xingu-serum-do-twarzy\/#breadcrumb\",\"itemListElement\":[{\"@type\":\"ListItem\",\"position\":1,\"name\":\"Testy kosmetyk\u00f3w\",\"item\":\"https:\/\/estyl.pl\/blog\/testy-kosmetykow\/\"},{\"@type\":\"ListItem\",\"position\":2,\"name\":\"Santaverde Xingu &#8211; serum do twarzy intensywnie przeciwutleniaj\u0105ce\"}]},{\"@type\":\"WebSite\",\"@id\":\"https:\/\/estyl.pl\/blog\/#website\",\"url\":\"https:\/\/estyl.pl\/blog\/\",\"name\":\"Blog | Estyl.pl\",\"description\":\"Kosmetyki do w\u0142os\u00f3w, porady, piel\u0119gnacja, stylizacja\",\"potentialAction\":[{\"@type\":\"SearchAction\",\"target\":{\"@type\":\"EntryPoint\",\"urlTemplate\":\"https:\/\/estyl.pl\/blog\/?s={search_term_string}\"},\"query-input\":\"required name=search_term_string\"}],\"inLanguage\":\"pl-PL\"},{\"@type\":\"Person\",\"@id\":\"https:\/\/estyl.pl\/blog\/#\/schema\/person\/22fff2064045ce23be580e18ca255220\",\"name\":\"admin\",\"url\":\"https:\/\/estyl.pl\/blog\/author\/admin\/\"}]}<\/script>\n<!-- \/ Yoast SEO plugin. -->","yoast_head_json":{"title":"Serum do twarzy Santaverde Xingu przeciwutleniaj\u0105ce","description":"Przeczytaj recenzj\u0119 serum do twarzy Santaverde Xingu. Jest intensywnie przeciwutleniaj\u0105ce, ale czy spe\u0142nia wszystkie obietnice producenta?","robots":{"index":"index","follow":"follow","max-snippet":"max-snippet:-1","max-image-preview":"max-image-preview:large","max-video-preview":"max-video-preview:-1"},"canonical":"https:\/\/estyl.pl\/blog\/santaverde-xingu-serum-do-twarzy\/","og_locale":"pl_PL","og_type":"article","og_title":"Serum do twarzy Santaverde Xingu przeciwutleniaj\u0105ce","og_description":"Przeczytaj recenzj\u0119 serum do twarzy Santaverde Xingu. Jest intensywnie przeciwutleniaj\u0105ce, ale czy spe\u0142nia wszystkie obietnice producenta?","og_url":"https:\/\/estyl.pl\/blog\/santaverde-xingu-serum-do-twarzy\/","og_site_name":"Blog | Estyl.pl","article_published_time":"2014-07-21T08:10:55+00:00","article_modified_time":"2025-06-11T10:42:52+00:00","og_image":[{"width":755,"height":320,"url":"https:\/\/estyl.pl\/blog\/wp-content\/uploads\/2014\/07\/serum-do-twarzy1.jpg","type":"image\/jpeg"}],"author":"admin","twitter_misc":{"Napisane przez":"admin","Szacowany czas czytania":"8 minut"},"schema":{"@context":"https:\/\/schema.org","@graph":[{"@type":"WebPage","@id":"https:\/\/estyl.pl\/blog\/santaverde-xingu-serum-do-twarzy\/","url":"https:\/\/estyl.pl\/blog\/santaverde-xingu-serum-do-twarzy\/","name":"Serum do twarzy Santaverde Xingu przeciwutleniaj\u0105ce","isPartOf":{"@id":"https:\/\/estyl.pl\/blog\/#website"},"datePublished":"2014-07-21T08:10:55+00:00","dateModified":"2025-06-11T10:42:52+00:00","author":{"@id":"https:\/\/estyl.pl\/blog\/#\/schema\/person\/22fff2064045ce23be580e18ca255220"},"description":"Przeczytaj recenzj\u0119 serum do twarzy Santaverde Xingu. Jest intensywnie przeciwutleniaj\u0105ce, ale czy spe\u0142nia wszystkie obietnice producenta?","breadcrumb":{"@id":"https:\/\/estyl.pl\/blog\/santaverde-xingu-serum-do-twarzy\/#breadcrumb"},"inLanguage":"pl-PL","potentialAction":[{"@type":"ReadAction","target":["https:\/\/estyl.pl\/blog\/santaverde-xingu-serum-do-twarzy\/"]}]},{"@type":"BreadcrumbList","@id":"https:\/\/estyl.pl\/blog\/santaverde-xingu-serum-do-twarzy\/#breadcrumb","itemListElement":[{"@type":"ListItem","position":1,"name":"Testy kosmetyk\u00f3w","item":"https:\/\/estyl.pl\/blog\/testy-kosmetykow\/"},{"@type":"ListItem","position":2,"name":"Santaverde Xingu &#8211; serum do twarzy intensywnie przeciwutleniaj\u0105ce"}]},{"@type":"WebSite","@id":"https:\/\/estyl.pl\/blog\/#website","url":"https:\/\/estyl.pl\/blog\/","name":"Blog | Estyl.pl","description":"Kosmetyki do w\u0142os\u00f3w, porady, piel\u0119gnacja, stylizacja","potentialAction":[{"@type":"SearchAction","target":{"@type":"EntryPoint","urlTemplate":"https:\/\/estyl.pl\/blog\/?s={search_term_string}"},"query-input":"required name=search_term_string"}],"inLanguage":"pl-PL"},{"@type":"Person","@id":"https:\/\/estyl.pl\/blog\/#\/schema\/person\/22fff2064045ce23be580e18ca255220","name":"admin","url":"https:\/\/estyl.pl\/blog\/author\/admin\/"}]}},"_links":{"self":[{"href":"https:\/\/estyl.pl\/blog\/wp-json\/wp\/v2\/posts\/19253"}],"collection":[{"href":"https:\/\/estyl.pl\/blog\/wp-json\/wp\/v2\/posts"}],"about":[{"href":"https:\/\/estyl.pl\/blog\/wp-json\/wp\/v2\/types\/post"}],"author":[{"embeddable":true,"href":"https:\/\/estyl.pl\/blog\/wp-json\/wp\/v2\/users\/1"}],"replies":[{"embeddable":true,"href":"https:\/\/estyl.pl\/blog\/wp-json\/wp\/v2\/comments?post=19253"}],"version-history":[{"count":69,"href":"https:\/\/estyl.pl\/blog\/wp-json\/wp\/v2\/posts\/19253\/revisions"}],"predecessor-version":[{"id":39390,"href":"https:\/\/estyl.pl\/blog\/wp-json\/wp\/v2\/posts\/19253\/revisions\/39390"}],"wp:featuredmedia":[{"embeddable":true,"href":"https:\/\/estyl.pl\/blog\/wp-json\/wp\/v2\/media\/25088"}],"wp:attachment":[{"href":"https:\/\/estyl.pl\/blog\/wp-json\/wp\/v2\/media?parent=19253"}],"wp:term":[{"taxonomy":"category","embeddable":true,"href":"https:\/\/estyl.pl\/blog\/wp-json\/wp\/v2\/categories?post=19253"},{"taxonomy":"post_tag","embeddable":true,"href":"https:\/\/estyl.pl\/blog\/wp-json\/wp\/v2\/tags?post=19253"}],"curies":[{"name":"wp","href":"https:\/\/api.w.org\/{rel}","templated":true}]}}