{"id":19495,"date":"2013-07-17T10:00:23","date_gmt":"2013-07-17T08:00:23","guid":{"rendered":"https:\/\/estyl.pl\/blog\/?p=19495"},"modified":"2015-04-11T23:36:45","modified_gmt":"2015-04-11T21:36:45","slug":"letnie-kosmetyki-do-wlosow-farbowanych","status":"publish","type":"post","link":"https:\/\/estyl.pl\/blog\/letnie-kosmetyki-do-wlosow-farbowanych\/","title":{"rendered":"Letnie kosmetyki do w\u0142os\u00f3w farbowanych"},"content":{"rendered":"<h3>Utrzymanie koloru w\u0142os\u00f3w farbowanych ukierunkowane jest na walk\u0119 z odrostami oraz utrwalenie intensywnej i \u017cywej barwy w\u0142os\u00f3w. Niestety pora letnia bardziej ni\u017c inne sprzyja wystawianiu si\u0119 na s\u0142o\u0144ce, cz\u0119stszym kontaktom z wod\u0105 i r\u00f3wnie regularnemu myciu fryzury. W\u0142osy farbowane\u00a0potrzebuj\u0105 m\u0105drej i przemy\u015blanej piel\u0119gnacji, by fryzura l\u015bni\u0142a zdrowiem, a kolor by\u0142 promienny i intensywny. Jakie s\u0105 najlepsze\u00a0kosmetyki do w\u0142os\u00f3w farbowanych?<\/h3>\n<h3><!--more--><\/h3>\n<h3><a href=\"https:\/\/estyl.pl\/blog\/wp-content\/uploads\/2013\/07\/letnie_kosmetyki_do_wlosow1.jpg\" target=\"_blank\" rel=\"lightbox[19495]\"><img decoding=\"async\" loading=\"lazy\" class=\"aligncenter wp-image-26845 size-full\" title=\"kosmetyki do w\u0142os\u00f3w farbowanych\" src=\"https:\/\/estyl.pl\/blog\/wp-content\/uploads\/2013\/07\/letnie_kosmetyki_do_wlosow1.jpg\" alt=\"kosmetyki do w\u0142os\u00f3w farbowanych\" width=\"575\" height=\"342\" srcset=\"https:\/\/estyl.pl\/blog\/wp-content\/uploads\/2013\/07\/letnie_kosmetyki_do_wlosow1.jpg 575w, https:\/\/estyl.pl\/blog\/wp-content\/uploads\/2013\/07\/letnie_kosmetyki_do_wlosow1-300x178.jpg 300w, https:\/\/estyl.pl\/blog\/wp-content\/uploads\/2013\/07\/letnie_kosmetyki_do_wlosow1-261x155.jpg 261w\" sizes=\"(max-width: 575px) 100vw, 575px\" \/><\/a><\/h3>\n<p style=\"text-align: center;\">fot.\u00a0\u00a9 Photl.com<\/p>\n<h3>Od\u017cywki do w\u0142os\u00f3w farbowanych<\/h3>\n<p><a href=\"https:\/\/estyl.pl\/blog\/wp-content\/uploads\/2012\/11\/Alterna_Bamboo_UV_Mask.jpg\" target=\"_blank\" rel=\"lightbox[19495]\"><img decoding=\"async\" loading=\"lazy\" class=\"alignleft wp-image-15192 size-thumbnail\" title=\"Alterna Bamboo UV Mask\" src=\"https:\/\/estyl.pl\/blog\/wp-content\/uploads\/2012\/11\/Alterna_Bamboo_UV_Mask-150x150.jpg\" alt=\"kosmetyki do w\u0142os\u00f3w farbowanych\" width=\"150\" height=\"150\" srcset=\"https:\/\/estyl.pl\/blog\/wp-content\/uploads\/2012\/11\/Alterna_Bamboo_UV_Mask-150x150.jpg 150w, https:\/\/estyl.pl\/blog\/wp-content\/uploads\/2012\/11\/Alterna_Bamboo_UV_Mask-300x300.jpg 300w, https:\/\/estyl.pl\/blog\/wp-content\/uploads\/2012\/11\/Alterna_Bamboo_UV_Mask-261x261.jpg 261w, https:\/\/estyl.pl\/blog\/wp-content\/uploads\/2012\/11\/Alterna_Bamboo_UV_Mask.jpg 480w\" sizes=\"(max-width: 150px) 100vw, 150px\" \/><\/a>Podobno ponad <strong>80 procent Polek farbuje regularnie<\/strong> swoje w\u0142osy. Latem tak\u017ce nie rezygnujemy z tego sposobu poskre\u015blania urody. Niestety <strong>podczas zabiegu koloryzacji,<\/strong> nawet tej naj\u0142agodniejszej, w\u0142osy trac\u0105 cz\u0119\u015b\u0107 swojej ochronnej warstwy lipidowej. Ta naturalna pow\u0142oka utrzymuje w\u0142os w g\u0142adko\u015bci, zapobiega puszeniu i utracie wilgoci. Farba do w\u0142os\u00f3w wnika w \u0142usk\u0119 w\u0142osa, przebijaj\u0105c tarcz\u0119 lipidow\u0105, otulaj\u0105c\u0105 w\u0142osy. <strong>Dlatego po farbowaniu w\u0142osy<\/strong> z regu\u0142y staj\u0105 si\u0119 bardziej suche,\u00a0 chropowate i niemi\u0142e w dotyku, mimo pozor\u00f3w g\u0142adko\u015bci. <strong>Lato stwarza dla tego typu w\u0142osa dwa zagro\u017cenia:<\/strong> pierwsze z nich to woda, drugie to s\u0142o\u0144ce. <strong>Woda morska<\/strong>, czy ta z basenu powoduje szybsze wyp\u0142ukiwanie si\u0119 barwnika\u00a0 z w\u0142os\u00f3w farbowanych, a krople wody na nich dzia\u0142aj\u0105 niczym soczewki, przyci\u0105gaj\u0105ce jeszcze wi\u0119ksze dawki promieniowania.<\/p>\n<p><strong>Od\u017cywki do w\u0142os\u00f3w na lato<\/strong> oraz silniej dzia\u0142aj\u0105ce maski powinny by\u0107 stosowane po ka\u017cdej k\u0105pieli s\u0142onecznej, a <em><strong>w formie nie sp\u0142ukiwanej<\/strong><\/em>, przed wyj\u015bciem na pla\u017c\u0119. Silnie nawil\u017canie, regeneracja i zabezpieczanie w\u0142os\u00f3w, powoli zminimalizowa\u0107 zjawisko ich przesuszenia. Letnie od\u017cywki do w\u0142os\u00f3w<strong> powinny by\u0107 oparte na nawil\u017caj\u0105cych humektantach, od\u017cywczych proteinach i emolientach, kt\u00f3re otaczaj\u0105 w\u0142osy warstw\u0105 olejk\u00f3w i substancji t\u0142uszczowych.<\/strong> Wa\u017cne s\u0105 proporcje tych substancji, dlatego warto zainwestowa\u0107\u00a0 w maski s\u0142oneczne, kt\u00f3re zadbaj\u0105 o odpowiedni poziom nawil\u017cenia i regeneracj\u0119 w\u0142os\u00f3w, a dodatkowo zawieraj\u0105 filtry UV. <strong>Je\u015bli nie mamy pod r\u0119k\u0105 od\u017cywki s\u0142onecznej<\/strong>, starajmy si\u0119 dobra\u0107 kosmetyk, sprawdzaj\u0105c jego sk\u0142ad. <strong>Szukaj w maskach<\/strong> ekstrakt\u00f3w ro\u015blinnych, olejk\u00f3w, aminokwas\u00f3w i hydrolizowanej keratyny. Je\u015bli Twoje w\u0142osy lubi\u0105 si\u0119 przet\u0142uszcza\u0107, s\u0105 cienkie i delikatne u\u017cywaj l\u017cejszej, nawil\u017caj\u0105cej od\u017cywki codziennej, a bardziej tre\u015bciw\u0105 mask\u0119 stosuj co kilka dni.<\/p>\n<div class=\"minpic\"><a href=\"https:\/\/estyl.pl\/blog\/wp-content\/uploads\/2012\/08\/kerastase_soleil_lait_richesse.jpg\" target=\"_blank\" rel=\"lightbox[19495]\"><img decoding=\"async\" loading=\"lazy\" class=\"alignnone wp-image-11914 size-thumbnail\" title=\"K\u00e9rastase Soleil Lait Richese\" src=\"https:\/\/estyl.pl\/blog\/wp-content\/uploads\/2012\/08\/kerastase_soleil_lait_richesse-150x150.jpg\" alt=\"kosmetyki do w\u0142os\u00f3w farbowanych\" width=\"150\" height=\"150\" srcset=\"https:\/\/estyl.pl\/blog\/wp-content\/uploads\/2012\/08\/kerastase_soleil_lait_richesse-150x150.jpg 150w, https:\/\/estyl.pl\/blog\/wp-content\/uploads\/2012\/08\/kerastase_soleil_lait_richesse-300x300.jpg 300w, https:\/\/estyl.pl\/blog\/wp-content\/uploads\/2012\/08\/kerastase_soleil_lait_richesse-261x261.jpg 261w, https:\/\/estyl.pl\/blog\/wp-content\/uploads\/2012\/08\/kerastase_soleil_lait_richesse.jpg 480w\" sizes=\"(max-width: 150px) 100vw, 150px\" \/><\/a><a href=\"https:\/\/estyl.pl\/blog\/wp-content\/uploads\/2013\/07\/LOreal-Expert-Potionizer-Colour.jpg\" target=\"_blank\" rel=\"lightbox[19495]\"><img decoding=\"async\" loading=\"lazy\" class=\"alignnone wp-image-19518 size-thumbnail\" title=\"L'Oreal Expert Potionizer Colour\" src=\"https:\/\/estyl.pl\/blog\/wp-content\/uploads\/2013\/07\/LOreal-Expert-Potionizer-Colour-150x150.jpg\" alt=\"kosmetyki do w\u0142os\u00f3w farbowanych\" width=\"150\" height=\"150\" srcset=\"https:\/\/estyl.pl\/blog\/wp-content\/uploads\/2013\/07\/LOreal-Expert-Potionizer-Colour-150x150.jpg 150w, https:\/\/estyl.pl\/blog\/wp-content\/uploads\/2013\/07\/LOreal-Expert-Potionizer-Colour-300x300.jpg 300w, https:\/\/estyl.pl\/blog\/wp-content\/uploads\/2013\/07\/LOreal-Expert-Potionizer-Colour-261x261.jpg 261w, https:\/\/estyl.pl\/blog\/wp-content\/uploads\/2013\/07\/LOreal-Expert-Potionizer-Colour.jpg 480w\" sizes=\"(max-width: 150px) 100vw, 150px\" \/><\/a><a href=\"https:\/\/estyl.pl\/blog\/wp-content\/uploads\/2013\/07\/Kerastase-Reflection-Chroma-Captive.jpg\" target=\"_blank\" rel=\"lightbox[19495]\"><img decoding=\"async\" loading=\"lazy\" class=\"alignnone wp-image-19519 size-thumbnail\" title=\"K\u00e9rastase Reflection Chroma Captive\" src=\"https:\/\/estyl.pl\/blog\/wp-content\/uploads\/2013\/07\/Kerastase-Reflection-Chroma-Captive-150x150.jpg\" alt=\"kosmetyki do w\u0142os\u00f3w farbowanych\" width=\"150\" height=\"150\" srcset=\"https:\/\/estyl.pl\/blog\/wp-content\/uploads\/2013\/07\/Kerastase-Reflection-Chroma-Captive-150x150.jpg 150w, https:\/\/estyl.pl\/blog\/wp-content\/uploads\/2013\/07\/Kerastase-Reflection-Chroma-Captive-300x300.jpg 300w, https:\/\/estyl.pl\/blog\/wp-content\/uploads\/2013\/07\/Kerastase-Reflection-Chroma-Captive-261x261.jpg 261w, https:\/\/estyl.pl\/blog\/wp-content\/uploads\/2013\/07\/Kerastase-Reflection-Chroma-Captive.jpg 480w\" sizes=\"(max-width: 150px) 100vw, 150px\" \/><\/a><\/div>\n<p><strong>Polecamy:<\/strong> mask\u0119 wyd\u0142u\u017caj\u0105c\u0105 \u017cywotno\u015b\u0107 koloru w\u0142os\u00f3w farbowanych <a href=\"http:\/\/estyl.pl\/alterna-bamboo-uv-rehab-deep-hydration-masque-intesywnie-nawilzajaca-maska-do-wlosow-150-ml.html\"><strong>Alterna Bamboo UV+ Rehab Deep Hydration Masque<\/strong><\/a>, mleczko regeneruj\u0105ce po s\u0142o\u0144cu <strong><a href=\"http:\/\/estyl.pl\/kerastase-soleil-lait-richesse-mleczko-regenerujace-po-sloncu-200-ml.html\">K\u00e9rastase Soleil Lait Richesse<\/a>\u00a0<\/strong>i\u00a0mask\u0119 roz\u015bwietlaj\u0105c\u0105 do w\u0142os\u00f3w farbowanych <a href=\"http:\/\/estyl.pl\/kerastase-reflection-chroma-captive-maska-rozswietlajaca-do-wlosow-farbowanych-200-ml.html\"><strong>K\u00e9rastase Reflection Chroma Captive<\/strong><\/a>.<br \/>\n<strong>Zapami\u0119taj:<\/strong> Duet wakacyjny, czyli woda plus s\u0142o\u0144ce dzia\u0142a na w\u0142osy koloryzowane niczym zabieg rozja\u015bniania. Je\u015bli nie lubisz sprej\u00f3w z filtrami, zainwestuj w od\u017cywk\u0119 bez sp\u0142ukiwania, kt\u00f3ra tak\u017ce ochroni Twoje w\u0142osy. Po ka\u017cdym pobycie na pla\u017cy umyj lub sp\u0142ucz w\u0142osy. Woda morska osadza si\u0119 na w\u0142osach i degraduje ich \u0142a\u0144cuchy keratynowe.<\/p>\n<h3>Letnie kosmetyki ochronne<\/h3>\n<p><a href=\"https:\/\/estyl.pl\/blog\/wp-content\/uploads\/2013\/06\/Alterna-Bamboo-Beach-Summer-Sun-Recovery-Spray.jpg\" target=\"_blank\" rel=\"lightbox[19495]\"><img decoding=\"async\" loading=\"lazy\" class=\"alignleft wp-image-19033 size-thumbnail\" title=\"Alterna Bamboo Beach Summer Sun Recovery Spray\" src=\"https:\/\/estyl.pl\/blog\/wp-content\/uploads\/2013\/06\/Alterna-Bamboo-Beach-Summer-Sun-Recovery-Spray-150x150.jpg\" alt=\"kosmetyki do w\u0142os\u00f3w farbowanych\" width=\"150\" height=\"150\" srcset=\"https:\/\/estyl.pl\/blog\/wp-content\/uploads\/2013\/06\/Alterna-Bamboo-Beach-Summer-Sun-Recovery-Spray-150x150.jpg 150w, https:\/\/estyl.pl\/blog\/wp-content\/uploads\/2013\/06\/Alterna-Bamboo-Beach-Summer-Sun-Recovery-Spray-300x300.jpg 300w, https:\/\/estyl.pl\/blog\/wp-content\/uploads\/2013\/06\/Alterna-Bamboo-Beach-Summer-Sun-Recovery-Spray-261x261.jpg 261w, https:\/\/estyl.pl\/blog\/wp-content\/uploads\/2013\/06\/Alterna-Bamboo-Beach-Summer-Sun-Recovery-Spray.jpg 480w\" sizes=\"(max-width: 150px) 100vw, 150px\" \/><\/a><strong>Mokre i koloryzowane w\u0142osy<\/strong>, wystawione na dzia\u0142anie s\u0142o\u0144ca ulegaj\u0105 licznym mikrouszkodzeniom. <em><strong>Promienie UV rozrywaj\u0105 \u0142a\u0144cuchy keratynowe w\u0142os\u00f3w<\/strong><\/em>, a te staj\u0105 si\u0119 coraz bardziej kruche, matowe i ma\u0142o elastyczne. S\u0142o\u0144ce os\u0142abia nie tylko struktur\u0119 samego w\u0142osa, wysuszaj\u0105c go na wi\u00f3r i pozbawiaj\u0105c spr\u0119\u017cysto\u015bci, ale te\u017c szkodzi mieszkom w\u0142osowym. <strong>Cz\u0119sto po wakacjach cierpimy na wzmo\u017cone wypadanie w\u0142os\u00f3w<\/strong>, co mo\u017ce by\u0107 efektem braku w\u0142a\u015bciwej piel\u0119gnacji oraz ochrony w\u0142os\u00f3w i sk\u00f3ry g\u0142owy przed s\u0142o\u0144cem. <strong>Chustki i kapelusze w jasnych kolorach<\/strong> (odbijanie promieni UV) to kolejny przyjaciel w walce o kolor w\u0142os\u00f3w, a tak\u017ce zapobieganie ich wypadaniu.<\/p>\n<p><strong>Latem warto stosowa\u0107 ochronne \u00a0kosmetyki do w\u0142os\u00f3w farbowanych oparte na olejkach i silikonach<\/strong>, kt\u00f3re otulaj\u0105 \u0142usk\u0119 w\u0142osa, chroni\u0105c go dodatkowo przed czynnikami z zewn\u0105trz. Dodatkowo kosmetyki ochronne <em><strong>oparte na olejkach zapobiegaj\u0105 wyp\u0142ukiwaniu z w\u0142os\u00f3w koloryzowanych barwnika<\/strong><\/em>. Pami\u0119tajmy, \u017ce korzystanie z wody os\u0142abia dzia\u0142anie kosmetyk\u00f3w ochronnych, dlatego aplikacj\u0119 mgie\u0142ek, czy od\u017cywek nale\u017cy ponawia\u0107 w ci\u0105gu dnia ( mniej wi\u0119cej co 3 godziny). <strong>Je\u015bli nie lubisz silikon\u00f3w lub jeste\u015b fank\u0105 piel\u0119gnacji naturalnej<\/strong> polecamy <a href=\"http:\/\/estyl.pl\/john-masters-organics-100-argan-oil-olejek-arganowy-59-ml.html\"><strong><em>olejki naturalne<\/em><\/strong><\/a> lub wielofunkcyjne <a href=\"https:\/\/estyl.pl\/blog\/2012\/09\/john-masters-organics-cacao-cupuacu-mus-do-rak-i-ciala\/\"><strong><em>mas\u0142a ochronne<\/em><\/strong><\/a>. Przed s\u0142o\u0144cem i promieniowaniem UV chroni\u0105 te\u017c oleje: <a href=\"http:\/\/estyl.pl\/wlosy\/wedlug-producenta\/macadamia.html\"><strong>macadamia<\/strong><\/a>, mas\u0142o shea, olej sezamowy, kokosowy.<\/p>\n<div class=\"minpic\"><a href=\"https:\/\/estyl.pl\/blog\/wp-content\/uploads\/2013\/01\/Kerastase_Soleil_Huile_Celeste.jpg\" target=\"_blank\" rel=\"lightbox[19495]\"><img decoding=\"async\" loading=\"lazy\" class=\"alignnone wp-image-16230 size-thumbnail\" title=\"K\u00e9rastase Soleil Huile Celeste\" src=\"https:\/\/estyl.pl\/blog\/wp-content\/uploads\/2013\/01\/Kerastase_Soleil_Huile_Celeste-150x150.jpg\" alt=\"kosmetyki do w\u0142os\u00f3w farbowanych\" width=\"150\" height=\"150\" srcset=\"https:\/\/estyl.pl\/blog\/wp-content\/uploads\/2013\/01\/Kerastase_Soleil_Huile_Celeste-150x150.jpg 150w, https:\/\/estyl.pl\/blog\/wp-content\/uploads\/2013\/01\/Kerastase_Soleil_Huile_Celeste-300x300.jpg 300w, https:\/\/estyl.pl\/blog\/wp-content\/uploads\/2013\/01\/Kerastase_Soleil_Huile_Celeste-261x261.jpg 261w, https:\/\/estyl.pl\/blog\/wp-content\/uploads\/2013\/01\/Kerastase_Soleil_Huile_Celeste.jpg 480w\" sizes=\"(max-width: 150px) 100vw, 150px\" \/><\/a><a href=\"https:\/\/estyl.pl\/blog\/wp-content\/uploads\/2012\/12\/Redken_Color_Extend_Total_Recharge.jpg\" target=\"_blank\" rel=\"lightbox[19495]\"><img decoding=\"async\" loading=\"lazy\" class=\"alignnone wp-image-15368 size-thumbnail\" title=\"Redken Color Extend Total Recharge\" src=\"https:\/\/estyl.pl\/blog\/wp-content\/uploads\/2012\/12\/Redken_Color_Extend_Total_Recharge-150x150.jpg\" alt=\"kosmetyki do w\u0142os\u00f3w farbowanych\" width=\"150\" height=\"150\" srcset=\"https:\/\/estyl.pl\/blog\/wp-content\/uploads\/2012\/12\/Redken_Color_Extend_Total_Recharge-150x150.jpg 150w, https:\/\/estyl.pl\/blog\/wp-content\/uploads\/2012\/12\/Redken_Color_Extend_Total_Recharge-300x300.jpg 300w, https:\/\/estyl.pl\/blog\/wp-content\/uploads\/2012\/12\/Redken_Color_Extend_Total_Recharge-261x261.jpg 261w, https:\/\/estyl.pl\/blog\/wp-content\/uploads\/2012\/12\/Redken_Color_Extend_Total_Recharge.jpg 480w\" sizes=\"(max-width: 150px) 100vw, 150px\" \/><\/a><a href=\"https:\/\/estyl.pl\/blog\/wp-content\/uploads\/2013\/07\/kerastase_soleil_huile_lacte_125.jpg\" target=\"_blank\" rel=\"lightbox[19495]\"><img decoding=\"async\" loading=\"lazy\" class=\"alignnone wp-image-19515 size-thumbnail\" title=\"K\u00e9rastase Soleil Huile Lacte\" src=\"https:\/\/estyl.pl\/blog\/wp-content\/uploads\/2013\/07\/kerastase_soleil_huile_lacte_125-150x150.jpg\" alt=\"kosmetyki do w\u0142os\u00f3w farbowanych\" width=\"150\" height=\"150\" srcset=\"https:\/\/estyl.pl\/blog\/wp-content\/uploads\/2013\/07\/kerastase_soleil_huile_lacte_125-150x150.jpg 150w, https:\/\/estyl.pl\/blog\/wp-content\/uploads\/2013\/07\/kerastase_soleil_huile_lacte_125-300x300.jpg 300w, https:\/\/estyl.pl\/blog\/wp-content\/uploads\/2013\/07\/kerastase_soleil_huile_lacte_125-261x261.jpg 261w, https:\/\/estyl.pl\/blog\/wp-content\/uploads\/2013\/07\/kerastase_soleil_huile_lacte_125.jpg 480w\" sizes=\"(max-width: 150px) 100vw, 150px\" \/><\/a><\/div>\n<p><strong>Polecamy:<\/strong> mgie\u0142k\u0119 ochronn\u0105 przed s\u0142o\u0144cem <a title=\"Bamboo Beach Sun Recovery\" href=\"http:\/\/estyl.pl\/alterna-bamboo-beach-summer-2014-sun-recovery-mgielka-ochronna-przed-sloncem-125ml\" target=\"_blank\"><strong>Alterna Bamboo Beach Summer Sun Recovery Spray<\/strong><\/a><strong>\u00a0<\/strong>i\u00a0dwufazowe mleczko ochronne <a href=\"http:\/\/estyl.pl\/kerastase-soleil-huile-lactee-dwufazowe-mleczko-ochronne-przed-sloncem-125ml.html\"><strong>K\u00e9rastase Soleil Huile Lactee<\/strong><\/a>.<br \/>\n<strong>Zapami\u0119taj:<\/strong>\u00a0 Najbardziej odporne na promieniowanie UV s\u0105 w\u0142osy naturalnie ciemne. W\u0142osy siwe i rozja\u015bniane s\u0105 mniej odporne na promienie UV (zawieraj\u0105 ma\u0142o melaniny, czyli naturalnego barwnika). W\u0142osy farbowane na rudo p\u0142owiej\u0105 na s\u0142o\u0144cu o wiele szybciej, ni\u017c ka\u017cdy inny rodzaj w\u0142os\u00f3w. R\u00f3wnie istotne, jak kosmetyki ochronne s\u0105 nakrycia g\u0142owy.<\/p>\n","protected":false},"excerpt":{"rendered":"<p>Utrzymanie koloru w\u0142os\u00f3w farbowanych ukierunkowane jest na walk\u0119 z odrostami oraz utrwalenie intensywnej i \u017cywej barwy w\u0142os\u00f3w. Niestety pora letnia bardziej ni\u017c inne sprzyja wystawianiu si\u0119 na s\u0142o\u0144ce, cz\u0119stszym kontaktom z wod\u0105 i r\u00f3wnie regularnemu myciu fryzury. W\u0142osy farbowane\u00a0potrzebuj\u0105 m\u0105drej i przemy\u015blanej piel\u0119gnacji, by fryzura l\u015bni\u0142a zdrowiem, a kolor by\u0142 promienny i intensywny. Jakie s\u0105 [&hellip;]<\/p>\n","protected":false},"author":23,"featured_media":27000,"comment_status":"open","ping_status":"closed","sticky":false,"template":"","format":"standard","meta":{"_eb_attr":""},"categories":[4],"tags":[2323,96,860,1226],"acf":[],"yoast_head":"<!-- This site is optimized with the Yoast SEO plugin v20.8 - https:\/\/yoast.com\/wordpress\/plugins\/seo\/ -->\n<title>Letnie kosmetyki do w\u0142os\u00f3w farbowanych - przegl\u0105d produkt\u00f3w<\/title>\n<meta name=\"description\" content=\"Wysoka temperatura, promieniowanie UV i s\u0142ona woda przyczyniaj\u0105 si\u0119 do blakni\u0119cia koloru w\u0142os\u00f3w. Jakie s\u0105 najlepsze kosmetyki do w\u0142os\u00f3w farbowanych?\" \/>\n<meta name=\"robots\" content=\"index, follow, max-snippet:-1, max-image-preview:large, max-video-preview:-1\" \/>\n<link rel=\"canonical\" href=\"https:\/\/estyl.pl\/blog\/letnie-kosmetyki-do-wlosow-farbowanych\/\" \/>\n<meta property=\"og:locale\" content=\"pl_PL\" \/>\n<meta property=\"og:type\" content=\"article\" \/>\n<meta property=\"og:title\" content=\"Letnie kosmetyki do w\u0142os\u00f3w farbowanych - przegl\u0105d produkt\u00f3w\" \/>\n<meta property=\"og:description\" content=\"Wysoka temperatura, promieniowanie UV i s\u0142ona woda przyczyniaj\u0105 si\u0119 do blakni\u0119cia koloru w\u0142os\u00f3w. Jakie s\u0105 najlepsze kosmetyki do w\u0142os\u00f3w farbowanych?\" \/>\n<meta property=\"og:url\" content=\"https:\/\/estyl.pl\/blog\/letnie-kosmetyki-do-wlosow-farbowanych\/\" \/>\n<meta property=\"og:site_name\" content=\"Blog | Estyl.pl\" \/>\n<meta property=\"article:author\" content=\"kdrogowskakwasnik\" \/>\n<meta property=\"article:published_time\" content=\"2013-07-17T08:00:23+00:00\" \/>\n<meta property=\"article:modified_time\" content=\"2015-04-11T21:36:45+00:00\" \/>\n<meta property=\"og:image\" content=\"https:\/\/estyl.pl\/blog\/wp-content\/uploads\/2013\/07\/lato.jpg\" \/>\n\t<meta property=\"og:image:width\" content=\"755\" \/>\n\t<meta property=\"og:image:height\" content=\"320\" \/>\n\t<meta property=\"og:image:type\" content=\"image\/jpeg\" \/>\n<meta name=\"author\" content=\"Karolina\" \/>\n<meta name=\"twitter:label1\" content=\"Napisane przez\" \/>\n\t<meta name=\"twitter:data1\" content=\"Karolina\" \/>\n\t<meta name=\"twitter:label2\" content=\"Szacowany czas czytania\" \/>\n\t<meta name=\"twitter:data2\" content=\"4 minuty\" \/>\n<script type=\"application\/ld+json\" class=\"yoast-schema-graph\">{\"@context\":\"https:\/\/schema.org\",\"@graph\":[{\"@type\":\"WebPage\",\"@id\":\"https:\/\/estyl.pl\/blog\/letnie-kosmetyki-do-wlosow-farbowanych\/\",\"url\":\"https:\/\/estyl.pl\/blog\/letnie-kosmetyki-do-wlosow-farbowanych\/\",\"name\":\"Letnie kosmetyki do w\u0142os\u00f3w farbowanych - przegl\u0105d produkt\u00f3w\",\"isPartOf\":{\"@id\":\"https:\/\/estyl.pl\/blog\/#website\"},\"datePublished\":\"2013-07-17T08:00:23+00:00\",\"dateModified\":\"2015-04-11T21:36:45+00:00\",\"author\":{\"@id\":\"https:\/\/estyl.pl\/blog\/#\/schema\/person\/debe1fb907542b5dc82bccc2029e474f\"},\"description\":\"Wysoka temperatura, promieniowanie UV i s\u0142ona woda przyczyniaj\u0105 si\u0119 do blakni\u0119cia koloru w\u0142os\u00f3w. Jakie s\u0105 najlepsze kosmetyki do w\u0142os\u00f3w farbowanych?\",\"breadcrumb\":{\"@id\":\"https:\/\/estyl.pl\/blog\/letnie-kosmetyki-do-wlosow-farbowanych\/#breadcrumb\"},\"inLanguage\":\"pl-PL\",\"potentialAction\":[{\"@type\":\"ReadAction\",\"target\":[\"https:\/\/estyl.pl\/blog\/letnie-kosmetyki-do-wlosow-farbowanych\/\"]}]},{\"@type\":\"BreadcrumbList\",\"@id\":\"https:\/\/estyl.pl\/blog\/letnie-kosmetyki-do-wlosow-farbowanych\/#breadcrumb\",\"itemListElement\":[{\"@type\":\"ListItem\",\"position\":1,\"name\":\"Piel\u0119gnacja w\u0142os\u00f3w\",\"item\":\"https:\/\/estyl.pl\/blog\/pielegnacja-wlosow\/\"},{\"@type\":\"ListItem\",\"position\":2,\"name\":\"Letnie kosmetyki do w\u0142os\u00f3w farbowanych\"}]},{\"@type\":\"WebSite\",\"@id\":\"https:\/\/estyl.pl\/blog\/#website\",\"url\":\"https:\/\/estyl.pl\/blog\/\",\"name\":\"Blog | Estyl.pl\",\"description\":\"Kosmetyki do w\u0142os\u00f3w, porady, piel\u0119gnacja, stylizacja\",\"potentialAction\":[{\"@type\":\"SearchAction\",\"target\":{\"@type\":\"EntryPoint\",\"urlTemplate\":\"https:\/\/estyl.pl\/blog\/?s={search_term_string}\"},\"query-input\":\"required name=search_term_string\"}],\"inLanguage\":\"pl-PL\"},{\"@type\":\"Person\",\"@id\":\"https:\/\/estyl.pl\/blog\/#\/schema\/person\/debe1fb907542b5dc82bccc2029e474f\",\"name\":\"Karolina\",\"description\":\"Absolwentka kosmetologii i dietetyki na \u015al\u0105skiej Wy\u017cszej Szkole Medycznej w Katowicach. Ze sklepem Estyl.pl zwi\u0105zana od wielu lat. Wiedz\u0119 na temat produkt\u00f3w zebra\u0142a pracuj\u0105c w sklepie stacjonanym w Katowicach. Aktualnie pracuje jako copywriter, co daje jej du\u017co satysfakcji. Uwielbia testowa\u0107 nowe kosmetyki.\",\"sameAs\":[\"kdrogowskakwasnik\"],\"url\":\"https:\/\/estyl.pl\/blog\/author\/k-mistalsiekiera\/\"}]}<\/script>\n<!-- \/ Yoast SEO plugin. -->","yoast_head_json":{"title":"Letnie kosmetyki do w\u0142os\u00f3w farbowanych - przegl\u0105d produkt\u00f3w","description":"Wysoka temperatura, promieniowanie UV i s\u0142ona woda przyczyniaj\u0105 si\u0119 do blakni\u0119cia koloru w\u0142os\u00f3w. Jakie s\u0105 najlepsze kosmetyki do w\u0142os\u00f3w farbowanych?","robots":{"index":"index","follow":"follow","max-snippet":"max-snippet:-1","max-image-preview":"max-image-preview:large","max-video-preview":"max-video-preview:-1"},"canonical":"https:\/\/estyl.pl\/blog\/letnie-kosmetyki-do-wlosow-farbowanych\/","og_locale":"pl_PL","og_type":"article","og_title":"Letnie kosmetyki do w\u0142os\u00f3w farbowanych - przegl\u0105d produkt\u00f3w","og_description":"Wysoka temperatura, promieniowanie UV i s\u0142ona woda przyczyniaj\u0105 si\u0119 do blakni\u0119cia koloru w\u0142os\u00f3w. Jakie s\u0105 najlepsze kosmetyki do w\u0142os\u00f3w farbowanych?","og_url":"https:\/\/estyl.pl\/blog\/letnie-kosmetyki-do-wlosow-farbowanych\/","og_site_name":"Blog | Estyl.pl","article_author":"kdrogowskakwasnik","article_published_time":"2013-07-17T08:00:23+00:00","article_modified_time":"2015-04-11T21:36:45+00:00","og_image":[{"width":755,"height":320,"url":"https:\/\/estyl.pl\/blog\/wp-content\/uploads\/2013\/07\/lato.jpg","type":"image\/jpeg"}],"author":"Karolina","twitter_misc":{"Napisane przez":"Karolina","Szacowany czas czytania":"4 minuty"},"schema":{"@context":"https:\/\/schema.org","@graph":[{"@type":"WebPage","@id":"https:\/\/estyl.pl\/blog\/letnie-kosmetyki-do-wlosow-farbowanych\/","url":"https:\/\/estyl.pl\/blog\/letnie-kosmetyki-do-wlosow-farbowanych\/","name":"Letnie kosmetyki do w\u0142os\u00f3w farbowanych - przegl\u0105d produkt\u00f3w","isPartOf":{"@id":"https:\/\/estyl.pl\/blog\/#website"},"datePublished":"2013-07-17T08:00:23+00:00","dateModified":"2015-04-11T21:36:45+00:00","author":{"@id":"https:\/\/estyl.pl\/blog\/#\/schema\/person\/debe1fb907542b5dc82bccc2029e474f"},"description":"Wysoka temperatura, promieniowanie UV i s\u0142ona woda przyczyniaj\u0105 si\u0119 do blakni\u0119cia koloru w\u0142os\u00f3w. Jakie s\u0105 najlepsze kosmetyki do w\u0142os\u00f3w farbowanych?","breadcrumb":{"@id":"https:\/\/estyl.pl\/blog\/letnie-kosmetyki-do-wlosow-farbowanych\/#breadcrumb"},"inLanguage":"pl-PL","potentialAction":[{"@type":"ReadAction","target":["https:\/\/estyl.pl\/blog\/letnie-kosmetyki-do-wlosow-farbowanych\/"]}]},{"@type":"BreadcrumbList","@id":"https:\/\/estyl.pl\/blog\/letnie-kosmetyki-do-wlosow-farbowanych\/#breadcrumb","itemListElement":[{"@type":"ListItem","position":1,"name":"Piel\u0119gnacja w\u0142os\u00f3w","item":"https:\/\/estyl.pl\/blog\/pielegnacja-wlosow\/"},{"@type":"ListItem","position":2,"name":"Letnie kosmetyki do w\u0142os\u00f3w farbowanych"}]},{"@type":"WebSite","@id":"https:\/\/estyl.pl\/blog\/#website","url":"https:\/\/estyl.pl\/blog\/","name":"Blog | Estyl.pl","description":"Kosmetyki do w\u0142os\u00f3w, porady, piel\u0119gnacja, stylizacja","potentialAction":[{"@type":"SearchAction","target":{"@type":"EntryPoint","urlTemplate":"https:\/\/estyl.pl\/blog\/?s={search_term_string}"},"query-input":"required name=search_term_string"}],"inLanguage":"pl-PL"},{"@type":"Person","@id":"https:\/\/estyl.pl\/blog\/#\/schema\/person\/debe1fb907542b5dc82bccc2029e474f","name":"Karolina","description":"Absolwentka kosmetologii i dietetyki na \u015al\u0105skiej Wy\u017cszej Szkole Medycznej w Katowicach. Ze sklepem Estyl.pl zwi\u0105zana od wielu lat. Wiedz\u0119 na temat produkt\u00f3w zebra\u0142a pracuj\u0105c w sklepie stacjonanym w Katowicach. Aktualnie pracuje jako copywriter, co daje jej du\u017co satysfakcji. Uwielbia testowa\u0107 nowe kosmetyki.","sameAs":["kdrogowskakwasnik"],"url":"https:\/\/estyl.pl\/blog\/author\/k-mistalsiekiera\/"}]}},"_links":{"self":[{"href":"https:\/\/estyl.pl\/blog\/wp-json\/wp\/v2\/posts\/19495"}],"collection":[{"href":"https:\/\/estyl.pl\/blog\/wp-json\/wp\/v2\/posts"}],"about":[{"href":"https:\/\/estyl.pl\/blog\/wp-json\/wp\/v2\/types\/post"}],"author":[{"embeddable":true,"href":"https:\/\/estyl.pl\/blog\/wp-json\/wp\/v2\/users\/23"}],"replies":[{"embeddable":true,"href":"https:\/\/estyl.pl\/blog\/wp-json\/wp\/v2\/comments?post=19495"}],"version-history":[{"count":35,"href":"https:\/\/estyl.pl\/blog\/wp-json\/wp\/v2\/posts\/19495\/revisions"}],"predecessor-version":[{"id":26847,"href":"https:\/\/estyl.pl\/blog\/wp-json\/wp\/v2\/posts\/19495\/revisions\/26847"}],"wp:featuredmedia":[{"embeddable":true,"href":"https:\/\/estyl.pl\/blog\/wp-json\/wp\/v2\/media\/27000"}],"wp:attachment":[{"href":"https:\/\/estyl.pl\/blog\/wp-json\/wp\/v2\/media?parent=19495"}],"wp:term":[{"taxonomy":"category","embeddable":true,"href":"https:\/\/estyl.pl\/blog\/wp-json\/wp\/v2\/categories?post=19495"},{"taxonomy":"post_tag","embeddable":true,"href":"https:\/\/estyl.pl\/blog\/wp-json\/wp\/v2\/tags?post=19495"}],"curies":[{"name":"wp","href":"https:\/\/api.w.org\/{rel}","templated":true}]}}