{"id":19599,"date":"2013-07-29T10:00:43","date_gmt":"2013-07-29T08:00:43","guid":{"rendered":"https:\/\/estyl.pl\/blog\/?p=19599"},"modified":"2015-01-17T23:17:01","modified_gmt":"2015-01-17T21:17:01","slug":"kerastase-soleil-huile-celeste-spray-z-lsniacymi-drobinkami","status":"publish","type":"post","link":"https:\/\/estyl.pl\/blog\/kerastase-soleil-huile-celeste-spray-z-lsniacymi-drobinkami\/","title":{"rendered":"K\u00e9rastase Soleil Huile Celeste spray z l\u015bni\u0105cymi drobinkami"},"content":{"rendered":"<h3>Nasza testerka wypr\u00f3bowa\u0142a\u00a0spray z l\u015bni\u0105cymi drobinkami\u00a0K\u00e9rastase Soleil Huile Celeste. Okaza\u0142o si\u0119, \u017ce kosmetyk nadaje si\u0119 nie tylko do w\u0142os\u00f3w. Przekonajcie si\u0119, jakie nowe, zaskakuj\u0105ce przeznaczenie dla niego znalaz\u0142a.<\/h3>\n<p><!--more--><\/p>\n<p><a href=\"https:\/\/estyl.pl\/blog\/wp-content\/uploads\/2013\/07\/Kerastase-Soleil-Huile-Celeste_11.jpg\" target=\"_blank\" rel=\"lightbox[19599]\"><img decoding=\"async\" loading=\"lazy\" class=\"aligncenter wp-image-26054 size-full\" title=\"spray z l\u015bni\u0105cymi drobinkami K\u00e9rastase\" src=\"https:\/\/estyl.pl\/blog\/wp-content\/uploads\/2013\/07\/Kerastase-Soleil-Huile-Celeste_11.jpg\" alt=\"spray z l\u015bni\u0105cymi drobinkami\" width=\"575\" height=\"342\" srcset=\"https:\/\/estyl.pl\/blog\/wp-content\/uploads\/2013\/07\/Kerastase-Soleil-Huile-Celeste_11.jpg 575w, https:\/\/estyl.pl\/blog\/wp-content\/uploads\/2013\/07\/Kerastase-Soleil-Huile-Celeste_11-300x178.jpg 300w, https:\/\/estyl.pl\/blog\/wp-content\/uploads\/2013\/07\/Kerastase-Soleil-Huile-Celeste_11-261x155.jpg 261w\" sizes=\"(max-width: 575px) 100vw, 575px\" \/><\/a><\/p>\n<p style=\"text-align: center;\">fot.\u00a0\u00a9 Pajmon.com Aneta Wysocka<\/p>\n<p>Zgodnie z nasz\u0105 formu\u0142\u0105, spray z l\u015bni\u0105cymi drobinkami K\u00e9rastase zosta\u0142 oceniony w 7 kluczowych kategoriach:<\/p>\n<ol>\n<li><a href=\"#opakowanie\">Opakowanie<\/a><\/li>\n<li><a href=\"#zapach\">Zapach i konsystencja<\/a><\/li>\n<li><a href=\"#wydajnosc\">Wydajno\u015b\u0107<\/a><\/li>\n<li><a href=\"#dzialanie\">Dzia\u0142anie<\/a><\/li>\n<li><a href=\"#zalety\">Zalety<\/a><\/li>\n<li><a href=\"#wady\">Wady<\/a><\/li>\n<li><a href=\"#ocena\">Ocena og\u00f3lna<\/a> w skali od 1 do 5<\/li>\n<\/ol>\n<p><a href=\"https:\/\/estyl.pl\/blog\/wp-content\/uploads\/2012\/03\/profil_wlosow_anety.jpg\" target=\"_blank\" rel=\"lightbox[19599]\"><img decoding=\"async\" loading=\"lazy\" class=\"alignleft wp-image-8081 size-thumbnail\" title=\"Profil w\u0142os\u00f3w Anety\" src=\"https:\/\/estyl.pl\/blog\/wp-content\/uploads\/2012\/03\/profil_wlosow_anety-150x150.jpg\" alt=\"spray z l\u015bni\u0105cymi drobinkami\" width=\"150\" height=\"150\" \/><\/a><strong>Aneta<\/strong> pracuje w agencji interaktywnej. Jej cz\u0119ste spotkania z klientami, wymuszaj\u0105 na niej dba\u0142o\u015b\u0107 o wygl\u0105d. Jej proste <a href=\"https:\/\/estyl.pl\/wlosy\" data-internallinksmanager029f6b8e52c=\"2\" title=\"w\u0142osy\">w\u0142osy<\/a> nigdy nie sprawia\u0142y wi\u0119kszych problem\u00f3w, dlatego szampony i pozosta\u0142e kosmetyki, wybiera\u0142a do tej pory kieruj\u0105c si\u0119 g\u0142\u00f3wnie ich zapachem i cen\u0105. Jak sama przyznaje, nie wierzy\u0142a, \u017ce jakikolwiek kosmetyk mo\u017ce zmieni\u0107 wygl\u0105d jej fryzury.<\/p>\n<p><strong>W\u0142osy do ramion<\/strong> \u2013 proste, cienkie i przet\u0142uszczaj\u0105ce si\u0119. Nigdy nie farbowane, maj\u0105 intensywny, g\u0142\u0119boki odcie\u0144 czekolady. Po umyciu s\u0105 b\u0142yszcz\u0105ce, chocia\u017c do\u015b\u0107 szybko trac\u0105 \u015bwie\u017co\u015b\u0107. Aneta musi my\u0107 w\u0142osy codziennie, poniewa\u017c na drugi dzie\u0144 po umyciu, s\u0105 ju\u017c przet\u0142uszczone u nasady. Naj\u0142adniejsze efekty zdaniem Anety, w\u0142osy zyskuj\u0105 po umyciu ich szamponami nawil\u017caj\u0105cymi. Aneta najbardziej lubi lekkie kosmetyki do w\u0142os\u00f3w, kt\u00f3re nie obci\u0105\u017caj\u0105 jej delikatnej fryzury. W ostatnim czasie do jej ulubionych marek do\u0142\u0105czy\u0142y: Matrix, LOreal Profesional, Wella oraz Goldwell.<\/p>\n<p>O swoich w\u0142osach m\u00f3wi tak:<\/p>\n<ul>\n<li><strong>D\u0142ugo\u015b\u0107<\/strong>: p\u00f3\u0142d\u0142ugie, do ramion<\/li>\n<li><strong>Farbowane<\/strong>: nie<\/li>\n<li><strong> Rodzaj w\u0142os\u00f3w<\/strong>: proste i cienkie.<\/li>\n<li><strong> Problemy z w\u0142osami<\/strong>: w\u0142osy przet\u0142uszczaj\u0105 si\u0119 przy sk\u00f3rze g\u0142owy, cebulki w\u0142os\u00f3w s\u0105 bardzo delikatne, niemal niewidoczne. W\u0142osy cz\u0119sto wypadaj\u0105, ale na ich miejscu niemal natychmiast pojawiaj\u0105 si\u0119 nowe w\u0142oski. Niestety rosn\u0105ce w\u0142oski, odstaj\u0105 od pozosta\u0142ych i trudno je ujarzmi\u0107.<\/li>\n<\/ul>\n<p><a href=\"https:\/\/estyl.pl\/blog\/wp-content\/uploads\/2013\/07\/Kerastase-Soleil-Huile-Celeste_2.jpg\" target=\"_blank\" rel=\"lightbox[19599]\"><img decoding=\"async\" loading=\"lazy\" class=\"alignleft wp-image-19640 size-thumbnail\" title=\"Spray K\u00e9rastase Soleil Huile Celeste - opinia Anety\" src=\"https:\/\/estyl.pl\/blog\/wp-content\/uploads\/2013\/07\/Kerastase-Soleil-Huile-Celeste_2-150x150.jpg\" alt=\"spray z l\u015bni\u0105cymi drobinkami\" width=\"150\" height=\"150\" \/><\/a><em>Aneta testowa\u0142a dla Was kosmetyki s\u0142oneczne do piel\u0119gnacji i stylizacji w\u0142os\u00f3w K\u00e9rastase Soleil<\/em>. W sk\u0142ad zestawu wchodz\u0105:<\/p>\n<ul>\n<li><a href=\"https:\/\/estyl.pl\/blog\/2013\/08\/kerastase-soleil-masque-uv-defense-active\/\">K\u00e9rastase Soleil UV Defensive Active Masque maska ochronna<\/a>;<\/li>\n<li><a href=\"http:\/\/estyl.pl\/kerastase-soleil-huile-celeste-nawilzajacy-spray-z-lsniacym-drobinkami-125-ml.html\">K\u00e9rastase Soleil Huile Celeste spray z l\u015bni\u0105cymi drobinkami<\/a>;<\/li>\n<li><a href=\"https:\/\/estyl.pl\/blog\/2013\/07\/kerastase-soleil-micro-voile-protecteur-mgielka-ochronna-przed-sloncem\/\">K\u00e9rastase Soleil Micro-Voile Protecteur mgie\u0142ka ochronna<\/a>.<\/li>\n<\/ul>\n<p>Dzi\u015b Aneta podzieli si\u0119 z Wami opini\u0105 na temat olejku w spreju <a href=\"http:\/\/estyl.pl\/kerastase-soleil-huile-celeste-nawilzajacy-spray-z-lsniacym-drobinkami-125-ml.html\"><strong>K\u00e9rastase Huile Celeste<\/strong><\/a>, do kupienia w sklepie eStyl.pl.<\/p>\n<p>1. <strong><a name=\"opakowanie\"><\/a>Opakowanie<\/strong>. Mgie\u0142ka do w\u0142os\u00f3w to <strong>typowy spray z atomizerem<\/strong>. Podobnie jak inne produkty marki K\u00e9rastase, r\u00f3wnie\u017c Soleil Huile Celeste znajduje si\u0119 w bardzo por\u0119cznym opakowaniu. Eliptyczny kszta\u0142t plastykowej buteleczki, sprawia, \u017ce \u015bwietnie trzyma si\u0119 ona w d\u0142oni. Ma\u0142e opakowanie (125ml) jest bardzo por\u0119czne i <strong>nie zajmuje du\u017co miejsca<\/strong>.<\/p>\n<p>2. <strong><a name=\"zapach\"><\/a>Zapach i konsystencja<\/strong>. Intensywny, nieprzyt\u0142aczaj\u0105cy <strong>zapach perfum o kwiatowej nucie utrzymuje si\u0119 do\u015b\u0107 d\u0142ugo na w\u0142osach<\/strong>.\u00a0 W po\u0142\u0105czeniu z zapachem pozosta\u0142ych kosmetyk\u00f3w z serii K\u00e9rastase Soleil \u2013 w\u0142osy pachn\u0105 naprawd\u0119 d\u0142ugo i intensywnie.\u00a0 Spray Huile Celeste posiada w swoich sk\u0142adzie olej macadamia, dlatego jego <em><strong>konsystencja jest wodno \u2013oleista<\/strong><\/em>. Jest jednak na tyle lekka, \u017ce \u0142atwo i r\u00f3wnomiernie rozprowadza si\u0119 na w\u0142osach.<\/p>\n<p><a href=\"https:\/\/estyl.pl\/blog\/wp-content\/uploads\/2013\/07\/Kerastase-Soleil-Huile-Celeste_3.jpg\" target=\"_blank\" rel=\"lightbox[19599]\"><img decoding=\"async\" loading=\"lazy\" class=\"alignleft wp-image-19642\" title=\"K\u00e9rastase Soleil Huile Celeste - wydajno\u015b\u0107\" src=\"https:\/\/estyl.pl\/blog\/wp-content\/uploads\/2013\/07\/Kerastase-Soleil-Huile-Celeste_3-150x150.jpg\" alt=\"spray z l\u015bni\u0105cymi drobinkami\" width=\"150\" height=\"150\" \/><\/a>3. <strong><a name=\"wydajnosc\"><\/a>Wydajno\u015b\u0107<\/strong>. Ze wzgl\u0119du na l\u015bni\u0105ce drobinki, kt\u00f3re znajduj\u0105 si\u0119 w K\u00e9rastase Soleil Huile Celeste, u\u017cywa\u0142am go do\u015b\u0107 oszcz\u0119dnie, nie chc\u0105c przesadzi\u0107 z ilo\u015bci\u0105 brokatu na moich w\u0142osach. Poniewa\u017c s\u0105 to naprawd\u0119 mikroskopijne drobinki, <strong>wystarczy\u0142o, \u017ce nacisn\u0119\u0142am atomizer 3 razy wok\u00f3\u0142 g\u0142owy<\/strong>, a <a href=\"https:\/\/estyl.pl\/davines-oi-oil-olejek-do-wlosow-50ml\" data-internallinksmanager029f6b8e52c=\"9\" title=\"Davines Oi Oi olejek do w\u0142os\u00f3w\" target=\"_blank\" rel=\"noopener\">olejek<\/a> pokrywa\u0142 ca\u0142\u0105 d\u0142ugo\u015b\u0107 moich w\u0142os\u00f3w. My\u015bl\u0119, \u017ce spray K\u00e9rastase jest <em><strong>bardzo wydajny<\/strong><\/em>, w\u00f3wczas gdy stosuje si\u0119 go z umiarem.<\/p>\n<p>4. <strong><a name=\"dzialanie\"><\/a>Dzia\u0142anie<\/strong>. Jestem <strong>wielk\u0105 fank\u0105 tego produktu<\/strong>. Spray z l\u015bni\u0105cymi drobinkami K\u00e9rastase <strong>nie tylko chroni w\u0142osy przed szkodliwym promieniowaniem s\u0142o\u0144ca, ale r\u00f3wnie\u017c doskonale piel\u0119gnuje<\/strong> fryzur\u0119. Przyczynia si\u0119 do zachowania koloru oraz zapewnia niesamowity po\u0142ysk. Spray Huile Celeste\u00a0 <em><strong>roz\u015bwietla w\u0142\u00f3kna w\u0142os\u00f3w<\/strong><\/em> dzi\u0119ki obecno\u015bci male\u0144kich, z\u0142otych drobinek, kt\u00f3re pi\u0119knie po\u0142yskuj\u0105 w blasku s\u0142o\u0144ca. Ten opalizuj\u0105cy efekt by\u0142 najbardziej widoczny, gdy mia\u0142am upi\u0119te w\u0142osy. Poniewa\u017c niewielkie i co wa\u017cne, lekkie opakowanie mog\u0142am zabiera\u0107 ze sob\u0105 na\u00a0 pla\u017c\u0119, stosowa\u0142am olejek kilka razy w ci\u0105gu dnia, zawsze po k\u0105pieli w morzu. Zaskoczy\u0142o mnie, \u017ce<strong> spray nie obci\u0105\u017cy\u0142<\/strong> moich w\u0142os\u00f3w i nie sprawi\u0142, \u017ce sta\u0142y si\u0119 t\u0142uste. Wr\u0119cz przeciwnie, w\u0142osy by\u0142y nawil\u017cone i g\u0142adkie. Nie mia\u0142am r\u00f3wnie\u017c problemu ze zmyciem olejku z w\u0142os\u00f3w. Wystarczy\u0142o jedno umycie szamponem, by zmy\u0107 pozosta\u0142o\u015bci olejku z w\u0142os\u00f3w. Spray by\u0142 niezast\u0105piony po ka\u017cdej k\u0105pieli w s\u0142onym morzu, po kt\u00f3rej wyciera\u0142am w\u0142osy r\u0119cznikiem. <strong>By unikn\u0105\u0107 puszenia<\/strong>, aplikowa\u0142am na d\u0142o\u0144 odrobin\u0119 sprayu, a nast\u0119pnie rozprowadza\u0142am kosmetyk na w\u0142osy. Dzi\u0119ki temu mog\u0142am zapomnie\u0107 o kiepskiej fryzurze, a dodatkowo moje w\u0142osy pi\u0119knie b\u0142yszcza\u0142y.<\/p>\n<h3><strong>Spray z l\u015bni\u0105cymi drobinkami Huile Celeste wspaniale od\u017cywi\u0142a moje w\u0142osy<\/strong>. Mimo nara\u017cenia ich na dzia\u0142anie s\u0142o\u0144ca, morskiej wody i chloru, nie mia\u0142am problemu z przesuszonymi pasmami. W\u0142osy <em><strong>by\u0142y mi\u0119kkie i mog\u0142am je rozczesa\u0107<\/strong> <\/em>bez problemu. Przed wyjazdem na urlop, przeczyta\u0142am, \u017ce wiele kobiet znalaz\u0142o dodatkowe zastosowanie tego produktu, <strong>stosuj\u0105c go jako olejek do cia\u0142a<\/strong>. Sprawdzi\u0142am ten trik podczas urlopu i przed wieczornym wyj\u015bciem na kolacj\u0119, posmarowa\u0142am olejkiem swoje opalone nogi. Efekt by\u0142 piorunuj\u0105cy.<\/h3>\n<div class=\"minpic\"><a href=\"https:\/\/estyl.pl\/blog\/wp-content\/uploads\/2013\/07\/Kerastase-Soleil-Huile-Celeste_4.jpg\" target=\"_blank\" rel=\"lightbox[19599]\"><img decoding=\"async\" loading=\"lazy\" class=\"alignnone wp-image-19643 size-medium\" title=\"Spray Huile Celeste dodaje fryzurze po\u0142ysku i \u015bwiat\u0142a\" src=\"https:\/\/estyl.pl\/blog\/wp-content\/uploads\/2013\/07\/Kerastase-Soleil-Huile-Celeste_4-300x200.jpg\" alt=\"spray z l\u015bni\u0105cymi drobinkami\" width=\"300\" height=\"200\" srcset=\"https:\/\/estyl.pl\/blog\/wp-content\/uploads\/2013\/07\/Kerastase-Soleil-Huile-Celeste_4-300x200.jpg 300w, https:\/\/estyl.pl\/blog\/wp-content\/uploads\/2013\/07\/Kerastase-Soleil-Huile-Celeste_4-580x386.jpg 580w, https:\/\/estyl.pl\/blog\/wp-content\/uploads\/2013\/07\/Kerastase-Soleil-Huile-Celeste_4-750x500.jpg 750w, https:\/\/estyl.pl\/blog\/wp-content\/uploads\/2013\/07\/Kerastase-Soleil-Huile-Celeste_4-261x174.jpg 261w, https:\/\/estyl.pl\/blog\/wp-content\/uploads\/2013\/07\/Kerastase-Soleil-Huile-Celeste_4.jpg 825w\" sizes=\"(max-width: 300px) 100vw, 300px\" \/><\/a><a href=\"https:\/\/estyl.pl\/blog\/wp-content\/uploads\/2013\/07\/Kerastase-Soleil-Huile-Celeste_5.jpg\" rel=\"lightbox[19599]\"><img decoding=\"async\" loading=\"lazy\" class=\"alignnone wp-image-19644 size-medium\" title=\"Drobinki w Huile Celeste s\u0105 subtelne\" src=\"https:\/\/estyl.pl\/blog\/wp-content\/uploads\/2013\/07\/Kerastase-Soleil-Huile-Celeste_5-300x200.jpg\" alt=\"spray z l\u015bni\u0105cymi drobinkami\" width=\"300\" height=\"200\" srcset=\"https:\/\/estyl.pl\/blog\/wp-content\/uploads\/2013\/07\/Kerastase-Soleil-Huile-Celeste_5-300x200.jpg 300w, https:\/\/estyl.pl\/blog\/wp-content\/uploads\/2013\/07\/Kerastase-Soleil-Huile-Celeste_5-580x386.jpg 580w, https:\/\/estyl.pl\/blog\/wp-content\/uploads\/2013\/07\/Kerastase-Soleil-Huile-Celeste_5-750x500.jpg 750w, https:\/\/estyl.pl\/blog\/wp-content\/uploads\/2013\/07\/Kerastase-Soleil-Huile-Celeste_5-261x174.jpg 261w, https:\/\/estyl.pl\/blog\/wp-content\/uploads\/2013\/07\/Kerastase-Soleil-Huile-Celeste_5.jpg 825w\" sizes=\"(max-width: 300px) 100vw, 300px\" \/><\/a><\/div>\n<p>5. <strong><a name=\"zalety\"><\/a>Zalety<\/strong>. Lekkie i bardzo por\u0119czne opakowanie, to niew\u0105tpliwa zaleta tego produktu. G\u0142\u00f3wnie dlatego, \u017ce mo\u017cna go wzi\u0105\u0107 ze sob\u0105 w ka\u017cd\u0105 podr\u00f3\u017c. Elegancki zapach i z\u0142ote drobinki sprawi\u0142y, \u017ce za ka\u017cdym razem kiedy u\u017cywa\u0142am olejku K\u00e9rastase, czu\u0142am si\u0119 naprawd\u0119 luksusowo.\u00a0 <strong>Za g\u0142\u00f3wn\u0105 zalet\u0119 kosmetyku uwa\u017cam widoczny, ekstra opalizuj\u0105cy efekt<\/strong>, jaki nadaje on w\u0142osom. Dodatkowym atutem z pewno\u015bci\u0105 jest <strong>ochrona koloru<\/strong>.<\/p>\n<p>6. <strong><a name=\"wady\"><\/a>Wady<\/strong>. Drobinki do\u015b\u0107 szybko osiadaj\u0105 na dnie pojemnika, do kt\u00f3rego si\u0119\u00a0 przyklejaj\u0105. By je odklei\u0107, <strong>nale\u017cy naprawd\u0119 mocno wstrz\u0105sn\u0105\u0107 buteleczk\u0105<\/strong>.<\/p>\n<p>7. <strong><a name=\"ocena\"><\/a>Ocena og\u00f3lna<\/strong>. Dla mnie to <strong>5 z du\u017cym plusem<\/strong>.\u00a0 Z pewno\u015bci\u0105 si\u0119gn\u0119 po ten produkt r\u00f3wnie\u017c poza sezonem letnim, poniewa\u017c po\u0142ysk jaki nadaje w\u0142osom, <strong>jest naprawd\u0119 niesamowity<\/strong>.<\/p>\n","protected":false},"excerpt":{"rendered":"<p>Nasza testerka wypr\u00f3bowa\u0142a\u00a0spray z l\u015bni\u0105cymi drobinkami\u00a0K\u00e9rastase Soleil Huile Celeste. Okaza\u0142o si\u0119, \u017ce kosmetyk nadaje si\u0119 nie tylko do w\u0142os\u00f3w. Przekonajcie si\u0119, jakie nowe, zaskakuj\u0105ce przeznaczenie dla niego znalaz\u0142a.<\/p>\n","protected":false},"author":1,"featured_media":26057,"comment_status":"open","ping_status":"closed","sticky":false,"template":"","format":"standard","meta":{"_eb_attr":""},"categories":[4,33],"tags":[38,2123,1464,2078,2240],"acf":[],"yoast_head":"<!-- This site is optimized with the Yoast SEO plugin v20.8 - https:\/\/yoast.com\/wordpress\/plugins\/seo\/ -->\n<title>Spray z l\u015bni\u0105cymi drobinkami Kerastase<\/title>\n<meta name=\"description\" content=\"Kosmetyk, kt\u00f3ry jednocze\u015bnie piel\u0119gnuje w\u0142osy i dzia\u0142a stylizuj\u0105co jest marzeniem ka\u017cdej z nas. Spray z l\u015bni\u0105cymi drobinkami Kerastase spe\u0142nia te wymagania.\" \/>\n<meta name=\"robots\" content=\"index, follow, max-snippet:-1, max-image-preview:large, max-video-preview:-1\" \/>\n<link rel=\"canonical\" href=\"https:\/\/estyl.pl\/blog\/kerastase-soleil-huile-celeste-spray-z-lsniacymi-drobinkami\/\" \/>\n<meta property=\"og:locale\" content=\"pl_PL\" \/>\n<meta property=\"og:type\" content=\"article\" \/>\n<meta property=\"og:title\" content=\"Spray z l\u015bni\u0105cymi drobinkami Kerastase\" \/>\n<meta property=\"og:description\" content=\"Kosmetyk, kt\u00f3ry jednocze\u015bnie piel\u0119gnuje w\u0142osy i dzia\u0142a stylizuj\u0105co jest marzeniem ka\u017cdej z nas. Spray z l\u015bni\u0105cymi drobinkami Kerastase spe\u0142nia te wymagania.\" \/>\n<meta property=\"og:url\" content=\"https:\/\/estyl.pl\/blog\/kerastase-soleil-huile-celeste-spray-z-lsniacymi-drobinkami\/\" \/>\n<meta property=\"og:site_name\" content=\"Blog | Estyl.pl\" \/>\n<meta property=\"article:published_time\" content=\"2013-07-29T08:00:43+00:00\" \/>\n<meta property=\"article:modified_time\" content=\"2015-01-17T21:17:01+00:00\" \/>\n<meta property=\"og:image\" content=\"https:\/\/estyl.pl\/blog\/wp-content\/uploads\/2013\/07\/spray-z-l\u015bni\u0105cymi-drobinkami.png\" \/>\n\t<meta property=\"og:image:width\" content=\"755\" \/>\n\t<meta property=\"og:image:height\" content=\"320\" \/>\n\t<meta property=\"og:image:type\" content=\"image\/png\" \/>\n<meta name=\"author\" content=\"admin\" \/>\n<meta name=\"twitter:label1\" content=\"Napisane przez\" \/>\n\t<meta name=\"twitter:data1\" content=\"admin\" \/>\n\t<meta name=\"twitter:label2\" content=\"Szacowany czas czytania\" \/>\n\t<meta name=\"twitter:data2\" content=\"5 minut\" \/>\n<script type=\"application\/ld+json\" class=\"yoast-schema-graph\">{\"@context\":\"https:\/\/schema.org\",\"@graph\":[{\"@type\":\"WebPage\",\"@id\":\"https:\/\/estyl.pl\/blog\/kerastase-soleil-huile-celeste-spray-z-lsniacymi-drobinkami\/\",\"url\":\"https:\/\/estyl.pl\/blog\/kerastase-soleil-huile-celeste-spray-z-lsniacymi-drobinkami\/\",\"name\":\"Spray z l\u015bni\u0105cymi drobinkami Kerastase\",\"isPartOf\":{\"@id\":\"https:\/\/estyl.pl\/blog\/#website\"},\"datePublished\":\"2013-07-29T08:00:43+00:00\",\"dateModified\":\"2015-01-17T21:17:01+00:00\",\"author\":{\"@id\":\"https:\/\/estyl.pl\/blog\/#\/schema\/person\/22fff2064045ce23be580e18ca255220\"},\"description\":\"Kosmetyk, kt\u00f3ry jednocze\u015bnie piel\u0119gnuje w\u0142osy i dzia\u0142a stylizuj\u0105co jest marzeniem ka\u017cdej z nas. Spray z l\u015bni\u0105cymi drobinkami Kerastase spe\u0142nia te wymagania.\",\"breadcrumb\":{\"@id\":\"https:\/\/estyl.pl\/blog\/kerastase-soleil-huile-celeste-spray-z-lsniacymi-drobinkami\/#breadcrumb\"},\"inLanguage\":\"pl-PL\",\"potentialAction\":[{\"@type\":\"ReadAction\",\"target\":[\"https:\/\/estyl.pl\/blog\/kerastase-soleil-huile-celeste-spray-z-lsniacymi-drobinkami\/\"]}]},{\"@type\":\"BreadcrumbList\",\"@id\":\"https:\/\/estyl.pl\/blog\/kerastase-soleil-huile-celeste-spray-z-lsniacymi-drobinkami\/#breadcrumb\",\"itemListElement\":[{\"@type\":\"ListItem\",\"position\":1,\"name\":\"Piel\u0119gnacja w\u0142os\u00f3w\",\"item\":\"https:\/\/estyl.pl\/blog\/pielegnacja-wlosow\/\"},{\"@type\":\"ListItem\",\"position\":2,\"name\":\"K\u00e9rastase Soleil Huile Celeste spray z l\u015bni\u0105cymi drobinkami\"}]},{\"@type\":\"WebSite\",\"@id\":\"https:\/\/estyl.pl\/blog\/#website\",\"url\":\"https:\/\/estyl.pl\/blog\/\",\"name\":\"Blog | Estyl.pl\",\"description\":\"Kosmetyki do w\u0142os\u00f3w, porady, piel\u0119gnacja, stylizacja\",\"potentialAction\":[{\"@type\":\"SearchAction\",\"target\":{\"@type\":\"EntryPoint\",\"urlTemplate\":\"https:\/\/estyl.pl\/blog\/?s={search_term_string}\"},\"query-input\":\"required name=search_term_string\"}],\"inLanguage\":\"pl-PL\"},{\"@type\":\"Person\",\"@id\":\"https:\/\/estyl.pl\/blog\/#\/schema\/person\/22fff2064045ce23be580e18ca255220\",\"name\":\"admin\",\"url\":\"https:\/\/estyl.pl\/blog\/author\/admin\/\"}]}<\/script>\n<!-- \/ Yoast SEO plugin. -->","yoast_head_json":{"title":"Spray z l\u015bni\u0105cymi drobinkami Kerastase","description":"Kosmetyk, kt\u00f3ry jednocze\u015bnie piel\u0119gnuje w\u0142osy i dzia\u0142a stylizuj\u0105co jest marzeniem ka\u017cdej z nas. Spray z l\u015bni\u0105cymi drobinkami Kerastase spe\u0142nia te wymagania.","robots":{"index":"index","follow":"follow","max-snippet":"max-snippet:-1","max-image-preview":"max-image-preview:large","max-video-preview":"max-video-preview:-1"},"canonical":"https:\/\/estyl.pl\/blog\/kerastase-soleil-huile-celeste-spray-z-lsniacymi-drobinkami\/","og_locale":"pl_PL","og_type":"article","og_title":"Spray z l\u015bni\u0105cymi drobinkami Kerastase","og_description":"Kosmetyk, kt\u00f3ry jednocze\u015bnie piel\u0119gnuje w\u0142osy i dzia\u0142a stylizuj\u0105co jest marzeniem ka\u017cdej z nas. Spray z l\u015bni\u0105cymi drobinkami Kerastase spe\u0142nia te wymagania.","og_url":"https:\/\/estyl.pl\/blog\/kerastase-soleil-huile-celeste-spray-z-lsniacymi-drobinkami\/","og_site_name":"Blog | Estyl.pl","article_published_time":"2013-07-29T08:00:43+00:00","article_modified_time":"2015-01-17T21:17:01+00:00","og_image":[{"width":755,"height":320,"url":"https:\/\/estyl.pl\/blog\/wp-content\/uploads\/2013\/07\/spray-z-l\u015bni\u0105cymi-drobinkami.png","type":"image\/png"}],"author":"admin","twitter_misc":{"Napisane przez":"admin","Szacowany czas czytania":"5 minut"},"schema":{"@context":"https:\/\/schema.org","@graph":[{"@type":"WebPage","@id":"https:\/\/estyl.pl\/blog\/kerastase-soleil-huile-celeste-spray-z-lsniacymi-drobinkami\/","url":"https:\/\/estyl.pl\/blog\/kerastase-soleil-huile-celeste-spray-z-lsniacymi-drobinkami\/","name":"Spray z l\u015bni\u0105cymi drobinkami Kerastase","isPartOf":{"@id":"https:\/\/estyl.pl\/blog\/#website"},"datePublished":"2013-07-29T08:00:43+00:00","dateModified":"2015-01-17T21:17:01+00:00","author":{"@id":"https:\/\/estyl.pl\/blog\/#\/schema\/person\/22fff2064045ce23be580e18ca255220"},"description":"Kosmetyk, kt\u00f3ry jednocze\u015bnie piel\u0119gnuje w\u0142osy i dzia\u0142a stylizuj\u0105co jest marzeniem ka\u017cdej z nas. Spray z l\u015bni\u0105cymi drobinkami Kerastase spe\u0142nia te wymagania.","breadcrumb":{"@id":"https:\/\/estyl.pl\/blog\/kerastase-soleil-huile-celeste-spray-z-lsniacymi-drobinkami\/#breadcrumb"},"inLanguage":"pl-PL","potentialAction":[{"@type":"ReadAction","target":["https:\/\/estyl.pl\/blog\/kerastase-soleil-huile-celeste-spray-z-lsniacymi-drobinkami\/"]}]},{"@type":"BreadcrumbList","@id":"https:\/\/estyl.pl\/blog\/kerastase-soleil-huile-celeste-spray-z-lsniacymi-drobinkami\/#breadcrumb","itemListElement":[{"@type":"ListItem","position":1,"name":"Piel\u0119gnacja w\u0142os\u00f3w","item":"https:\/\/estyl.pl\/blog\/pielegnacja-wlosow\/"},{"@type":"ListItem","position":2,"name":"K\u00e9rastase Soleil Huile Celeste spray z l\u015bni\u0105cymi drobinkami"}]},{"@type":"WebSite","@id":"https:\/\/estyl.pl\/blog\/#website","url":"https:\/\/estyl.pl\/blog\/","name":"Blog | Estyl.pl","description":"Kosmetyki do w\u0142os\u00f3w, porady, piel\u0119gnacja, stylizacja","potentialAction":[{"@type":"SearchAction","target":{"@type":"EntryPoint","urlTemplate":"https:\/\/estyl.pl\/blog\/?s={search_term_string}"},"query-input":"required name=search_term_string"}],"inLanguage":"pl-PL"},{"@type":"Person","@id":"https:\/\/estyl.pl\/blog\/#\/schema\/person\/22fff2064045ce23be580e18ca255220","name":"admin","url":"https:\/\/estyl.pl\/blog\/author\/admin\/"}]}},"_links":{"self":[{"href":"https:\/\/estyl.pl\/blog\/wp-json\/wp\/v2\/posts\/19599"}],"collection":[{"href":"https:\/\/estyl.pl\/blog\/wp-json\/wp\/v2\/posts"}],"about":[{"href":"https:\/\/estyl.pl\/blog\/wp-json\/wp\/v2\/types\/post"}],"author":[{"embeddable":true,"href":"https:\/\/estyl.pl\/blog\/wp-json\/wp\/v2\/users\/1"}],"replies":[{"embeddable":true,"href":"https:\/\/estyl.pl\/blog\/wp-json\/wp\/v2\/comments?post=19599"}],"version-history":[{"count":20,"href":"https:\/\/estyl.pl\/blog\/wp-json\/wp\/v2\/posts\/19599\/revisions"}],"predecessor-version":[{"id":26056,"href":"https:\/\/estyl.pl\/blog\/wp-json\/wp\/v2\/posts\/19599\/revisions\/26056"}],"wp:featuredmedia":[{"embeddable":true,"href":"https:\/\/estyl.pl\/blog\/wp-json\/wp\/v2\/media\/26057"}],"wp:attachment":[{"href":"https:\/\/estyl.pl\/blog\/wp-json\/wp\/v2\/media?parent=19599"}],"wp:term":[{"taxonomy":"category","embeddable":true,"href":"https:\/\/estyl.pl\/blog\/wp-json\/wp\/v2\/categories?post=19599"},{"taxonomy":"post_tag","embeddable":true,"href":"https:\/\/estyl.pl\/blog\/wp-json\/wp\/v2\/tags?post=19599"}],"curies":[{"name":"wp","href":"https:\/\/api.w.org\/{rel}","templated":true}]}}