{"id":21467,"date":"2013-12-19T17:55:21","date_gmt":"2013-12-19T15:55:21","guid":{"rendered":"https:\/\/estyl.pl\/blog\/?p=21467"},"modified":"2019-10-24T12:37:47","modified_gmt":"2019-10-24T10:37:47","slug":"kerastase-resistance-volumactive-spray","status":"publish","type":"post","link":"https:\/\/estyl.pl\/blog\/kerastase-resistance-volumactive-spray\/","title":{"rendered":"K\u00e9rastase Resistance Volumactive Spray &#8211; spray nadaj\u0105cy obj\u0119to\u015b\u0107"},"content":{"rendered":"<h3>Spray nadaj\u0105cy obj\u0119to\u015b\u0107 K\u00e9rastase Resistance Volumactive nie skleja pasm, <em><strong>nie obci\u0105\u017ca w\u0142os\u00f3w<\/strong><\/em>, jest bardzo wydajny. Mo\u017cna\u00a0go stosowa\u0107 przy sk\u00f3rze g\u0142owy, bez obaw o\u00a0szybsze przet\u0142uszczanie w\u0142os\u00f3w. Widocznie pogrubia struktur\u0119 w\u0142osa, idealnie uk\u0142ada loki i fale oraz przeciwdzia\u0142a puszeniu w\u0142os\u00f3w.<\/h3>\n<p><!--more--><\/p>\n<p><a href=\"https:\/\/estyl.pl\/blog\/wp-content\/uploads\/2013\/12\/Kerastase-Volumactive-Spray-12.jpg\" target=\"_blank\" rel=\"lightbox[21467]\"><img decoding=\"async\" loading=\"lazy\" class=\"aligncenter wp-image-26288 size-full\" title=\"spray nadaj\u0105cy obj\u0119to\u015b\u0107\" src=\"https:\/\/estyl.pl\/blog\/wp-content\/uploads\/2013\/12\/Kerastase-Volumactive-Spray-12.jpg\" alt=\"spray nadaj\u0105cy obj\u0119to\u015b\u0107\" width=\"575\" height=\"350\" srcset=\"https:\/\/estyl.pl\/blog\/wp-content\/uploads\/2013\/12\/Kerastase-Volumactive-Spray-12.jpg 575w, https:\/\/estyl.pl\/blog\/wp-content\/uploads\/2013\/12\/Kerastase-Volumactive-Spray-12-300x183.jpg 300w, https:\/\/estyl.pl\/blog\/wp-content\/uploads\/2013\/12\/Kerastase-Volumactive-Spray-12-261x159.jpg 261w\" sizes=\"(max-width: 575px) 100vw, 575px\" \/><\/a><\/p>\n<p style=\"text-align: center;\">fot.\u00a0\u00a9 Pajmon.com Aleksandra Koz\u0142owska<\/p>\n<p>Zgodnie z formu\u0142\u0105 testu spray nadaj\u0105cy obj\u0119to\u015b\u0107 K\u00e9rastase zosta\u0142 oceniony w 7 kluczowych kategoriach:<\/p>\n<ol>\n<li><a href=\"#opakowanie\">Opakowanie<\/a><\/li>\n<li><a href=\"#zapach\">Zapach i konsystencja<\/a><\/li>\n<li><a href=\"#wydajnosc\">Wydajno\u015b\u0107<\/a><\/li>\n<li><a href=\"#dzialanie\">Dzia\u0142anie<\/a><\/li>\n<li><a href=\"#zalety\">Zalety<\/a><\/li>\n<li><a href=\"#wady\">Wady<\/a><\/li>\n<li><a href=\"#ocena\">Ocena og\u00f3lna<\/a> w skali od 1 do 5<\/li>\n<\/ol>\n<p><strong><a href=\"https:\/\/estyl.pl\/blog\/wp-content\/uploads\/2013\/02\/Profil_wlosow_Aleksandra.jpg\" target=\"_blank\" rel=\"lightbox[21467]\"><img decoding=\"async\" loading=\"lazy\" class=\"alignleft wp-image-16692 size-thumbnail\" title=\"spray nadaj\u0105cy obj\u0119to\u015b\u0107\" src=\"https:\/\/estyl.pl\/blog\/wp-content\/uploads\/2013\/02\/Profil_wlosow_Aleksandra-150x150.jpg\" alt=\"spray nadaj\u0105cy obj\u0119to\u015b\u0107\" width=\"150\" height=\"150\" \/><\/a>Aleksandra <\/strong>jest studentk\u0105 grafiki, uwa\u017ca, \u017ce fryzura tak\u017ce mo\u017ce by\u0107 pewnego rodzaju dzie\u0142em artystycznym, dlatego sama cz\u0119sto eksperymentuje z w\u0142osami. Lubi odwa\u017cne \u015bci\u0119cia i oryginalne kolory. Ola ma <a href=\"https:\/\/estyl.pl\/wlosy\" data-internallinksmanager029f6b8e52c=\"2\" title=\"w\u0142osy\">w\u0142osy<\/a> lekko kr\u0119cone z tendencj\u0105 do puszenia si\u0119. Aby je ujarzmi\u0107 cz\u0119sto si\u0119ga po prostownic\u0119 czy lok\u00f3wk\u0119, co z kolei znacznie pogorszy\u0142o ich kondycj\u0119. Sta\u0142y si\u0119 \u0142amliwe i pozbawione blasku.<\/p>\n<p><strong> Aby utrzyma\u0107 estetyczny wygl\u0105d swoich fal<\/strong>, jest zmuszona do szczeg\u00f3lnej dba\u0142o\u015bci o fryzur\u0119 i dob\u00f3r odpowiednich kosmetyk\u00f3w piel\u0119gnacyjnych. Ola g\u0142\u00f3wny nacisk k\u0142adzie na produkty, kt\u00f3re nie spowoduj\u0105 obci\u0105\u017cenia w\u0142os\u00f3w oraz nadadz\u0105 im po\u0142ysk i lekko\u015b\u0107. Jej ulubione marki kosmetyczne to K\u00e9rastase, Alterna, L&#8217;Oreal. O swoich w\u0142osach m\u00f3wi tak:<\/p>\n<ul>\n<li><strong>D\u0142ugo\u015b\u0107<\/strong>: d\u0142ugie.<\/li>\n<li><strong>Farbowane<\/strong>: tak.<\/li>\n<li><strong>Rodzaj w\u0142os\u00f3w<\/strong>: falowane, podatne na kr\u0119cenie, do\u015b\u0107 grube.<\/li>\n<li><strong>Problemy z w\u0142osami<\/strong>: suche i \u0142amliwe ko\u0144c\u00f3wki, u nasady szybko si\u0119 przet\u0142uszczaj\u0105, cz\u0119sto si\u0119 pusz\u0105 i niefortunnie kr\u0119c\u0105.<\/li>\n<\/ul>\n<p><a href=\"https:\/\/estyl.pl\/blog\/wp-content\/uploads\/2013\/12\/Kerastase-Volumactive-Spray-2.jpg\" target=\"_blank\" rel=\"lightbox[21467]\"><img decoding=\"async\" loading=\"lazy\" class=\"alignleft wp-image-21478 size-thumbnail\" title=\"spray nadaj\u0105cy obj\u0119to\u015b\u0107 K\u00e9rastase Volumactive Spray - recenzja Oli\" src=\"https:\/\/estyl.pl\/blog\/wp-content\/uploads\/2013\/12\/Kerastase-Volumactive-Spray-2-150x150.jpg\" alt=\"spray nadaj\u0105cy obj\u0119to\u015b\u0107\" width=\"150\" height=\"150\" \/><\/a><em>Aleksandra testowa\u0142a dla Was zestaw kosmetyk\u00f3w K\u00e9rastase.<\/em>\u00a0W sk\u0142ad zestawu wchodz\u0105:<\/p>\n<ul>\n<li><a href=\"https:\/\/estyl.pl\/blog\/2013\/10\/kerastase-bain-volumactive-szampon-nadajacy-objetosc\/\" target=\"_blank\">k\u0105piel nadaj\u0105ca obj\u0119to\u015b\u0107 K\u00e9rastase Bain Volumactive<\/a>,<\/li>\n<li><a href=\"https:\/\/estyl.pl\/blog\/2013\/11\/kerastase-volumactive-masque-maska-nadajaca-objetosc-do-wlosow-cienkich\/\" target=\"_blank\">maska nadaj\u0105ca obj\u0119to\u015b\u0107 K\u00e9rastase Volumactive Masque<\/a>,<\/li>\n<li><a href=\"https:\/\/estyl.pl\/wlosy\/typy-produktu\/stylizacja\" target=\"_blank\">spray\u00a0nadaj\u0105cy obj\u0119to\u015b\u0107 K\u00e9rastase Volumactive Mousse<\/a>,<\/li>\n<li><a href=\"https:\/\/estyl.pl\/marka\/kerastase\/volumifique\" target=\"_blank\">\u017cel nadaj\u0105cy obj\u0119to\u015b\u0107 K\u00e9rastase Volumactive Spray<\/a>.<\/li>\n<\/ul>\n<p>W tej recenzji Ola opowie Wam co s\u0105dzi na temat sprayu\u00a0do w\u0142os\u00f3w cienkich<a href=\"https:\/\/estyl.pl\/marka\/kerastase\/volumifique\" target=\"_blank\"><strong> K\u00e9rastase Resistance Spray<\/strong><\/a><strong>, <\/strong>do kupienia w sklepie Estyl.pl<\/p>\n<p>1. <strong><a name=\"opakowanie\"><\/a>Opakowanie<\/strong>. Spray nadaj\u0105cy obj\u0119to\u015b\u0107 K\u00e9rastase Volumactive znajduje si\u0119 w pod\u0142u\u017cnej buteleczce o pojemno\u015bci <strong>125 ml.<\/strong> Opakowanie jest plastikowe, w kolorze zieleni i jasnej mi\u0119ty. Do aplikacji s\u0142u\u017cy <strong>atomizer w spreju<\/strong>, kt\u00f3ry zosta\u0142 zabezpieczony przed przypadkowym wypry\u015bni\u0119ciem plastikow\u0105 zatyczk\u0105. U\u017cytkowanie kosmetyku jest bardzo proste i wygodne, a buteleczka bardzo por\u0119czna. Testowa\u0142am jeszcze star\u0105 wersj\u0119 kosmetyku &#8211; nowa seria nosi nazw\u0119: K\u00e9rastase Volumifique i ma nieco zmienion\u0105 szat\u0119 graficzn\u0105.<\/p>\n<div class=\"minpic\"><a href=\"https:\/\/estyl.pl\/blog\/wp-content\/uploads\/2013\/12\/Kerastase-Volumactive-Spray-3.jpg\" target=\"_blank\" rel=\"lightbox[21467]\"><img decoding=\"async\" loading=\"lazy\" class=\"alignnone wp-image-21480 size-thumbnail\" title=\"spray nadaj\u0105cy obj\u0119to\u015b\u0107 K\u00e9rastase Resistance Spray - opakowanie\" src=\"https:\/\/estyl.pl\/blog\/wp-content\/uploads\/2013\/12\/Kerastase-Volumactive-Spray-3-150x150.jpg\" alt=\"spray nadaj\u0105cy obj\u0119to\u015b\u0107\" width=\"150\" height=\"150\" \/><\/a><a href=\"https:\/\/estyl.pl\/blog\/wp-content\/uploads\/2013\/12\/Kerastase-Volumactive-Spray-4.jpg\" target=\"_blank\" rel=\"lightbox[21467]\"><img decoding=\"async\" loading=\"lazy\" class=\"alignnone wp-image-21481 size-thumbnail\" title=\"spray nadaj\u0105cy obj\u0119to\u015b\u0107 K\u00e9rastase Resistance Volumactive Spray - sk\u0142ad\" src=\"https:\/\/estyl.pl\/blog\/wp-content\/uploads\/2013\/12\/Kerastase-Volumactive-Spray-4-150x150.jpg\" alt=\"spray nadaj\u0105cy obj\u0119to\u015b\u0107\" width=\"150\" height=\"150\" \/><\/a><a href=\"https:\/\/estyl.pl\/blog\/wp-content\/uploads\/2013\/12\/Kerastase-Volumactive-Spray-5.jpg\" target=\"_blank\" rel=\"lightbox[21467]\"><img decoding=\"async\" loading=\"lazy\" class=\"alignnone wp-image-21482 size-thumbnail\" title=\"spray nadaj\u0105cy obj\u0119to\u015b\u0107\" src=\"https:\/\/estyl.pl\/blog\/wp-content\/uploads\/2013\/12\/Kerastase-Volumactive-Spray-5-150x150.jpg\" alt=\"spray nadaj\u0105cy obj\u0119to\u015b\u0107\" width=\"150\" height=\"150\" \/><\/a><\/div>\n<p>2. <strong><a name=\"zapach\"><\/a>Zapach i konsystencja<\/strong>. Kosmetyk ma <strong>zaskakuj\u0105c\u0105 konsystencj\u0119<\/strong>. Nie jest on wodnisty, czy oleisty jak typowy spray, ale delikatnie g\u0119sty i przypominaj\u0105cy kremow\u0105 galaretk\u0119, natomiast po wypry\u015bni\u0119ciu tworzy do\u015b\u0107 du\u017c\u0105 chmurk\u0119 lekkiej mgie\u0142ki. Nale\u017cy jednak robi\u0107 to zdecydowanym ruchem, przyciskaj\u0105c atomizer do ko\u0144ca, aby unikn\u0105\u0107 zbyt powolnego pry\u015bni\u0119cia g\u0119stym strumieniem. <strong>Zapach sprayu\u00a0jest perfumowany<\/strong>, ale lekko dusz\u0105cy, pachnie jak typowy kosmetyk do stylizacji w\u0142os\u00f3w.<\/p>\n<p>3. <strong><a name=\"wydajnosc\"><\/a>Wydajno\u015b\u0107<\/strong>. Spray K\u00e9rastase Volumactive jest <strong>wydajny<\/strong>. Kosmetyku nie stosowa\u0142am jako codzienn\u0105 piel\u0119gnacje, ale raz na jaki\u015b czas, gdy moje w\u0142osy potrzebowa\u0142y dodatkowej obj\u0119to\u015bci i spr\u0119\u017cysto\u015bci, co znacznie wyd\u0142u\u017cy\u0142o okres u\u017cytkowania. Ponadto tworzy du\u017c\u0105 mgie\u0142k\u0119, kt\u00f3ra r\u00f3wnomiernie osiada na pasmach. Na pokrycie moich ca\u0142ych w\u0142os\u00f3w aplikowa\u0142am oko\u0142o <strong>4-6 dawek atomizera<\/strong>.<\/p>\n<div class=\"minpic\"><a href=\"https:\/\/estyl.pl\/blog\/wp-content\/uploads\/2013\/12\/Kerastase-Volumactive-Spray-6.jpg\" target=\"_blank\" rel=\"lightbox[21467]\"><img decoding=\"async\" loading=\"lazy\" class=\"alignnone wp-image-21483 size-thumbnail\" title=\"spray nadaj\u0105cy obj\u0119to\u015b\u0107 K\u00e9rastase -kosystencja\" src=\"https:\/\/estyl.pl\/blog\/wp-content\/uploads\/2013\/12\/Kerastase-Volumactive-Spray-6-150x150.jpg\" alt=\"spray nadaj\u0105cy obj\u0119to\u015b\u0107\" width=\"150\" height=\"150\" \/><\/a><a href=\"https:\/\/estyl.pl\/blog\/wp-content\/uploads\/2013\/12\/Kerastase-Volumactive-Spray-7.jpg\" target=\"_blank\" rel=\"lightbox[21467]\"><img decoding=\"async\" loading=\"lazy\" class=\"alignnone wp-image-21484 size-thumbnail\" title=\"spray nadaj\u0105cy obj\u0119to\u015b\u0107 ma zaskakuj\u0105c\u0105 formu\u0142\u0119\" src=\"https:\/\/estyl.pl\/blog\/wp-content\/uploads\/2013\/12\/Kerastase-Volumactive-Spray-7-150x150.jpg\" alt=\"spray nadaj\u0105cy obj\u0119to\u015b\u0107\" width=\"150\" height=\"150\" \/><\/a><a href=\"https:\/\/estyl.pl\/blog\/wp-content\/uploads\/2013\/12\/Kerastase-Volumactive-Spray-8.jpg\" target=\"_blank\" rel=\"lightbox[21467]\"><img decoding=\"async\" loading=\"lazy\" class=\"alignnone wp-image-21485 size-thumbnail\" title=\"spray nadaj\u0105cy obj\u0119to\u015b\u0107 K\u00e9rastase zauwa\u017calnie pogrubia w\u0142osy\" src=\"https:\/\/estyl.pl\/blog\/wp-content\/uploads\/2013\/12\/Kerastase-Volumactive-Spray-8-150x150.jpg\" alt=\"spray nadaj\u0105cy obj\u0119to\u015b\u0107\" width=\"150\" height=\"150\" \/><\/a><\/div>\n<p>4. <strong><a name=\"dzialanie\"><\/a>Dzia\u0142anie<\/strong>. Spray nadaj\u0105cy obj\u0119to\u015b\u0107\u00a0K\u00e9rastase Resistance Volumactive tak jak zapewnia producent <strong>daje intensywn\u0105 obj\u0119to\u015b\u0107<\/strong>. Stosowa\u0142am na umyte i wysuszone w\u0142osy, bezpo\u015brednio dozuj\u0105c kilka porcji na poszczeg\u00f3lne pasma. Aby uzyska\u0107 maksymalny efekt uniesienia, zaleca si\u0119 dodatkowo stylizacj\u0119. W ten spos\u00f3b uzyska\u0142am uniesione przy sk\u00f3rze g\u0142owy kosmyki, kt\u00f3re nie by\u0142y sklejone czy lepkie, ale sypkie i delikatne, dodatkowo utworzy\u0142 on wok\u00f3\u0142 w\u0142osa pow\u0142ok\u0119, kt\u00f3ra automatycznie i natychmiastowo pogrubi\u0142a je na ca\u0142ej d\u0142ugo\u015bci. Wyczu\u0142am r\u00f3wnie\u017c, \u017ce <strong>kosmetyk nadaje fryzurze delikatn\u0105 tekstur\u0119<\/strong>. Nie jest to spray, kt\u00f3rego efekty widoczne s\u0105 tylko po wymodelowaniu w\u0142os\u00f3w. Kosmetyk sprawdzi si\u0119 tak\u017ce na naszej pozbawionej obj\u0119to\u015bci fryzurze, <strong>gdy nie mamy czasu na d\u0142ug\u0105 i \u017cmudn\u0105 stylizacj\u0119<\/strong>. Po aplikacji kosmyki zdaj\u0105 si\u0119 wydawa\u0107 pogrubione i delikatnie scalone, co zauwa\u017cy\u0142am w przypadku moich wiecznie spuszonych fal. Du\u017cym atutem jest to, \u017ce <strong>nie jest on lepki<\/strong> i nie skleja pasm w sztuczne, obci\u0105\u017cone loki, ale pozostawia je lekkie i mi\u0119kkie.<\/p>\n<h3>Spray nadaj\u0105cy obj\u0119to\u015b\u0107\u00a0sprawdzi si\u0119 na ka\u017cdych w\u0142osach &#8211; <strong>cienkim i prostym<\/strong> doda du\u017cej obj\u0119to\u015bci, a <strong>grube loki, czy fale<\/strong> zyskaj\u0105 spr\u0119\u017cysto\u015b\u0107 i utrwalenie. Spray\u00a0K\u00e9rastase Volumactive w swoim sk\u0142adzie posiada mi\u0119dzy innymi Vita-Ciment wzmacniaj\u0105cy w\u0142osy oraz polimery, kt\u00f3re s\u0105 odpowiedzialne za ich obj\u0119to\u015b\u0107.<\/h3>\n<p>5. <strong><a name=\"zalety\"><\/a>Zalety<\/strong>. Spray do w\u0142os\u00f3w K\u00e9rastase Volumactive przede wszystkim spe\u0142nia si\u0119 w jego podstawowej roli, jak\u0105 jest <em><strong>nadanie obj\u0119to\u015bci<\/strong><\/em>. Nie skleja pasm, <em><strong>nie obci\u0105\u017ca ich<\/strong><\/em>, jest za to lekki i bardzo wydajny. <em><strong>Nie jest oleisty<\/strong><\/em>, wi\u0119c mo\u017cemy go stosowa\u0107 przy sk\u00f3rze g\u0142owy, bez obaw o nat\u0142uszczenie w\u0142os\u00f3w u nasady. Widocznie pogrubia struktur\u0119 w\u0142osa, nadaj\u0105c im struktur\u0119 i u\u0142atwiaj\u0105c uk\u0142adanie. <em><strong>Ujarzmia spuszone fale<\/strong><\/em> i nieokie\u0142zane loki. Delikatnie utrwala fryzur\u0119.<\/p>\n<div class=\"minpic\"><a href=\"https:\/\/estyl.pl\/blog\/wp-content\/uploads\/2013\/12\/Kerastase-Volumactive-Spray-9.jpg\" target=\"_blank\" rel=\"lightbox[21467]\"><img decoding=\"async\" loading=\"lazy\" class=\"alignnone wp-image-21486\" title=\"spray nadaj\u0105cy obj\u0119to\u015b\u0107 doskonale ujarzmia puszenie lok\u00f3w i fal, a w\u0142osom cienkim dodaje obj\u0119to\u015bci\" src=\"https:\/\/estyl.pl\/blog\/wp-content\/uploads\/2013\/12\/Kerastase-Volumactive-Spray-9-150x150.jpg\" alt=\"spray nadaj\u0105cy obj\u0119to\u015b\u0107\" width=\"150\" height=\"150\" \/><\/a><a href=\"https:\/\/estyl.pl\/blog\/wp-content\/uploads\/2013\/12\/Kerastase-Volumactive-Spray-10.jpg\" target=\"_blank\" rel=\"lightbox[21467]\"><img decoding=\"async\" loading=\"lazy\" class=\"alignnone wp-image-21487 size-thumbnail\" title=\"spray nadaj\u0105cy obj\u0119to\u015b\u0107 dodatkowo utrwala fryzur\u0119\" src=\"https:\/\/estyl.pl\/blog\/wp-content\/uploads\/2013\/12\/Kerastase-Volumactive-Spray-10-150x150.jpg\" alt=\"spray nadaj\u0105cy obj\u0119to\u015b\u0107\" width=\"150\" height=\"150\" \/><\/a><a href=\"https:\/\/estyl.pl\/blog\/wp-content\/uploads\/2013\/12\/Kerastase-Volumactive-Spray-11.jpg\" target=\"_blank\" rel=\"lightbox[21467]\"><img decoding=\"async\" loading=\"lazy\" class=\"alignnone wp-image-21488 size-thumbnail\" title=\"spray nadaj\u0105cy obj\u0119to\u015b\u0107 daje bardzo naturalny efekt\" src=\"https:\/\/estyl.pl\/blog\/wp-content\/uploads\/2013\/12\/Kerastase-Volumactive-Spray-11-150x150.jpg\" alt=\"spray nadaj\u0105cy obj\u0119to\u015b\u0107\" width=\"150\" height=\"150\" \/><\/a><\/div>\n<p>6. <strong><a name=\"wady\"><\/a>Wady<\/strong>. Nie zauwa\u017cy\u0142am \u017cadnej wady w dzia\u0142aniu sprayu, jednak niekt\u00f3rym mo\u017ce sprawi\u0107 trudno\u015b\u0107 <strong>opanowanie dozownika<\/strong>, kt\u00f3ry przy zbyt powolnym przyci\u015bni\u0119ciu, nie rozpyla mgie\u0142ki, ale smug\u0119 g\u0119stej konsystencji. Ja osobi\u015bcie nie mia\u0142am z tym wi\u0119kszych problem\u00f3w.<\/p>\n<p>7. <strong><a name=\"ocena\"><\/a>Ocena og\u00f3lna<\/strong>. Spray do w\u0142os\u00f3w K\u00e9rastase Volumactive oceniam na zas\u0142u\u017cone <strong>5<\/strong>. Warto posiada\u0107 taki kosmetyk na swojej p\u00f3\u0142ce, dlatego ch\u0119tnie <strong>pokusi\u0142abym si\u0119 o kolejne opakowanie<\/strong>.<\/p>\n","protected":false},"excerpt":{"rendered":"<p>Spray nadaj\u0105cy obj\u0119to\u015b\u0107 K\u00e9rastase Resistance Volumactive nie skleja pasm, nie obci\u0105\u017ca w\u0142os\u00f3w, jest bardzo wydajny. Mo\u017cna\u00a0go stosowa\u0107 przy sk\u00f3rze g\u0142owy, bez obaw o\u00a0szybsze przet\u0142uszczanie w\u0142os\u00f3w. Widocznie pogrubia struktur\u0119 w\u0142osa, idealnie uk\u0142ada loki i fale oraz przeciwdzia\u0142a puszeniu w\u0142os\u00f3w.<\/p>\n","protected":false},"author":1,"featured_media":26291,"comment_status":"open","ping_status":"closed","sticky":false,"template":"","format":"standard","meta":{"_eb_attr":""},"categories":[4,33],"tags":[60,38,2123,2078,2169,239],"acf":[],"yoast_head":"<!-- This site is optimized with the Yoast SEO plugin v20.8 - https:\/\/yoast.com\/wordpress\/plugins\/seo\/ -->\n<title>Spray nadaj\u0105cy obj\u0119to\u015b\u0107 Kerastase do w\u0142os\u00f3w cienkich<\/title>\n<meta name=\"description\" content=\"Spray nadaj\u0105cy obj\u0119to\u015b\u0107 Kerastase sprawdza si\u0119 na pozbawionej obj\u0119to\u015bci fryzurze, gdy nie na czasu na d\u0142ug\u0105 i \u017cmudn\u0105 stylizacj\u0119. Przeczytaj nasz\u0105 recenzj\u0119.\" \/>\n<meta name=\"robots\" content=\"index, follow, max-snippet:-1, max-image-preview:large, max-video-preview:-1\" \/>\n<link rel=\"canonical\" href=\"https:\/\/estyl.pl\/blog\/kerastase-resistance-volumactive-spray\/\" \/>\n<meta property=\"og:locale\" content=\"pl_PL\" \/>\n<meta property=\"og:type\" content=\"article\" \/>\n<meta property=\"og:title\" content=\"Spray nadaj\u0105cy obj\u0119to\u015b\u0107 Kerastase do w\u0142os\u00f3w cienkich\" \/>\n<meta property=\"og:description\" content=\"Spray nadaj\u0105cy obj\u0119to\u015b\u0107 Kerastase sprawdza si\u0119 na pozbawionej obj\u0119to\u015bci fryzurze, gdy nie na czasu na d\u0142ug\u0105 i \u017cmudn\u0105 stylizacj\u0119. Przeczytaj nasz\u0105 recenzj\u0119.\" \/>\n<meta property=\"og:url\" content=\"https:\/\/estyl.pl\/blog\/kerastase-resistance-volumactive-spray\/\" \/>\n<meta property=\"og:site_name\" content=\"Blog | Estyl.pl\" \/>\n<meta property=\"article:published_time\" content=\"2013-12-19T15:55:21+00:00\" \/>\n<meta property=\"article:modified_time\" content=\"2019-10-24T10:37:47+00:00\" \/>\n<meta property=\"og:image\" content=\"https:\/\/estyl.pl\/blog\/wp-content\/uploads\/2013\/12\/spray-nadaj\u0105cy-obj\u0119to\u015b\u0107-Kerastase.png\" \/>\n\t<meta property=\"og:image:width\" content=\"755\" \/>\n\t<meta property=\"og:image:height\" content=\"320\" \/>\n\t<meta property=\"og:image:type\" content=\"image\/png\" \/>\n<meta name=\"author\" content=\"admin\" \/>\n<meta name=\"twitter:label1\" content=\"Napisane przez\" \/>\n\t<meta name=\"twitter:data1\" content=\"admin\" \/>\n\t<meta name=\"twitter:label2\" content=\"Szacowany czas czytania\" \/>\n\t<meta name=\"twitter:data2\" content=\"5 minut\" \/>\n<script type=\"application\/ld+json\" class=\"yoast-schema-graph\">{\"@context\":\"https:\/\/schema.org\",\"@graph\":[{\"@type\":\"WebPage\",\"@id\":\"https:\/\/estyl.pl\/blog\/kerastase-resistance-volumactive-spray\/\",\"url\":\"https:\/\/estyl.pl\/blog\/kerastase-resistance-volumactive-spray\/\",\"name\":\"Spray nadaj\u0105cy obj\u0119to\u015b\u0107 Kerastase do w\u0142os\u00f3w cienkich\",\"isPartOf\":{\"@id\":\"https:\/\/estyl.pl\/blog\/#website\"},\"datePublished\":\"2013-12-19T15:55:21+00:00\",\"dateModified\":\"2019-10-24T10:37:47+00:00\",\"author\":{\"@id\":\"https:\/\/estyl.pl\/blog\/#\/schema\/person\/22fff2064045ce23be580e18ca255220\"},\"description\":\"Spray nadaj\u0105cy obj\u0119to\u015b\u0107 Kerastase sprawdza si\u0119 na pozbawionej obj\u0119to\u015bci fryzurze, gdy nie na czasu na d\u0142ug\u0105 i \u017cmudn\u0105 stylizacj\u0119. Przeczytaj nasz\u0105 recenzj\u0119.\",\"breadcrumb\":{\"@id\":\"https:\/\/estyl.pl\/blog\/kerastase-resistance-volumactive-spray\/#breadcrumb\"},\"inLanguage\":\"pl-PL\",\"potentialAction\":[{\"@type\":\"ReadAction\",\"target\":[\"https:\/\/estyl.pl\/blog\/kerastase-resistance-volumactive-spray\/\"]}]},{\"@type\":\"BreadcrumbList\",\"@id\":\"https:\/\/estyl.pl\/blog\/kerastase-resistance-volumactive-spray\/#breadcrumb\",\"itemListElement\":[{\"@type\":\"ListItem\",\"position\":1,\"name\":\"Piel\u0119gnacja w\u0142os\u00f3w\",\"item\":\"https:\/\/estyl.pl\/blog\/pielegnacja-wlosow\/\"},{\"@type\":\"ListItem\",\"position\":2,\"name\":\"K\u00e9rastase Resistance Volumactive Spray &#8211; spray nadaj\u0105cy obj\u0119to\u015b\u0107\"}]},{\"@type\":\"WebSite\",\"@id\":\"https:\/\/estyl.pl\/blog\/#website\",\"url\":\"https:\/\/estyl.pl\/blog\/\",\"name\":\"Blog | Estyl.pl\",\"description\":\"Kosmetyki do w\u0142os\u00f3w, porady, piel\u0119gnacja, stylizacja\",\"potentialAction\":[{\"@type\":\"SearchAction\",\"target\":{\"@type\":\"EntryPoint\",\"urlTemplate\":\"https:\/\/estyl.pl\/blog\/?s={search_term_string}\"},\"query-input\":\"required name=search_term_string\"}],\"inLanguage\":\"pl-PL\"},{\"@type\":\"Person\",\"@id\":\"https:\/\/estyl.pl\/blog\/#\/schema\/person\/22fff2064045ce23be580e18ca255220\",\"name\":\"admin\",\"url\":\"https:\/\/estyl.pl\/blog\/author\/admin\/\"}]}<\/script>\n<!-- \/ Yoast SEO plugin. -->","yoast_head_json":{"title":"Spray nadaj\u0105cy obj\u0119to\u015b\u0107 Kerastase do w\u0142os\u00f3w cienkich","description":"Spray nadaj\u0105cy obj\u0119to\u015b\u0107 Kerastase sprawdza si\u0119 na pozbawionej obj\u0119to\u015bci fryzurze, gdy nie na czasu na d\u0142ug\u0105 i \u017cmudn\u0105 stylizacj\u0119. Przeczytaj nasz\u0105 recenzj\u0119.","robots":{"index":"index","follow":"follow","max-snippet":"max-snippet:-1","max-image-preview":"max-image-preview:large","max-video-preview":"max-video-preview:-1"},"canonical":"https:\/\/estyl.pl\/blog\/kerastase-resistance-volumactive-spray\/","og_locale":"pl_PL","og_type":"article","og_title":"Spray nadaj\u0105cy obj\u0119to\u015b\u0107 Kerastase do w\u0142os\u00f3w cienkich","og_description":"Spray nadaj\u0105cy obj\u0119to\u015b\u0107 Kerastase sprawdza si\u0119 na pozbawionej obj\u0119to\u015bci fryzurze, gdy nie na czasu na d\u0142ug\u0105 i \u017cmudn\u0105 stylizacj\u0119. Przeczytaj nasz\u0105 recenzj\u0119.","og_url":"https:\/\/estyl.pl\/blog\/kerastase-resistance-volumactive-spray\/","og_site_name":"Blog | Estyl.pl","article_published_time":"2013-12-19T15:55:21+00:00","article_modified_time":"2019-10-24T10:37:47+00:00","og_image":[{"width":755,"height":320,"url":"https:\/\/estyl.pl\/blog\/wp-content\/uploads\/2013\/12\/spray-nadaj\u0105cy-obj\u0119to\u015b\u0107-Kerastase.png","type":"image\/png"}],"author":"admin","twitter_misc":{"Napisane przez":"admin","Szacowany czas czytania":"5 minut"},"schema":{"@context":"https:\/\/schema.org","@graph":[{"@type":"WebPage","@id":"https:\/\/estyl.pl\/blog\/kerastase-resistance-volumactive-spray\/","url":"https:\/\/estyl.pl\/blog\/kerastase-resistance-volumactive-spray\/","name":"Spray nadaj\u0105cy obj\u0119to\u015b\u0107 Kerastase do w\u0142os\u00f3w cienkich","isPartOf":{"@id":"https:\/\/estyl.pl\/blog\/#website"},"datePublished":"2013-12-19T15:55:21+00:00","dateModified":"2019-10-24T10:37:47+00:00","author":{"@id":"https:\/\/estyl.pl\/blog\/#\/schema\/person\/22fff2064045ce23be580e18ca255220"},"description":"Spray nadaj\u0105cy obj\u0119to\u015b\u0107 Kerastase sprawdza si\u0119 na pozbawionej obj\u0119to\u015bci fryzurze, gdy nie na czasu na d\u0142ug\u0105 i \u017cmudn\u0105 stylizacj\u0119. Przeczytaj nasz\u0105 recenzj\u0119.","breadcrumb":{"@id":"https:\/\/estyl.pl\/blog\/kerastase-resistance-volumactive-spray\/#breadcrumb"},"inLanguage":"pl-PL","potentialAction":[{"@type":"ReadAction","target":["https:\/\/estyl.pl\/blog\/kerastase-resistance-volumactive-spray\/"]}]},{"@type":"BreadcrumbList","@id":"https:\/\/estyl.pl\/blog\/kerastase-resistance-volumactive-spray\/#breadcrumb","itemListElement":[{"@type":"ListItem","position":1,"name":"Piel\u0119gnacja w\u0142os\u00f3w","item":"https:\/\/estyl.pl\/blog\/pielegnacja-wlosow\/"},{"@type":"ListItem","position":2,"name":"K\u00e9rastase Resistance Volumactive Spray &#8211; spray nadaj\u0105cy obj\u0119to\u015b\u0107"}]},{"@type":"WebSite","@id":"https:\/\/estyl.pl\/blog\/#website","url":"https:\/\/estyl.pl\/blog\/","name":"Blog | Estyl.pl","description":"Kosmetyki do w\u0142os\u00f3w, porady, piel\u0119gnacja, stylizacja","potentialAction":[{"@type":"SearchAction","target":{"@type":"EntryPoint","urlTemplate":"https:\/\/estyl.pl\/blog\/?s={search_term_string}"},"query-input":"required name=search_term_string"}],"inLanguage":"pl-PL"},{"@type":"Person","@id":"https:\/\/estyl.pl\/blog\/#\/schema\/person\/22fff2064045ce23be580e18ca255220","name":"admin","url":"https:\/\/estyl.pl\/blog\/author\/admin\/"}]}},"_links":{"self":[{"href":"https:\/\/estyl.pl\/blog\/wp-json\/wp\/v2\/posts\/21467"}],"collection":[{"href":"https:\/\/estyl.pl\/blog\/wp-json\/wp\/v2\/posts"}],"about":[{"href":"https:\/\/estyl.pl\/blog\/wp-json\/wp\/v2\/types\/post"}],"author":[{"embeddable":true,"href":"https:\/\/estyl.pl\/blog\/wp-json\/wp\/v2\/users\/1"}],"replies":[{"embeddable":true,"href":"https:\/\/estyl.pl\/blog\/wp-json\/wp\/v2\/comments?post=21467"}],"version-history":[{"count":31,"href":"https:\/\/estyl.pl\/blog\/wp-json\/wp\/v2\/posts\/21467\/revisions"}],"predecessor-version":[{"id":35199,"href":"https:\/\/estyl.pl\/blog\/wp-json\/wp\/v2\/posts\/21467\/revisions\/35199"}],"wp:featuredmedia":[{"embeddable":true,"href":"https:\/\/estyl.pl\/blog\/wp-json\/wp\/v2\/media\/26291"}],"wp:attachment":[{"href":"https:\/\/estyl.pl\/blog\/wp-json\/wp\/v2\/media?parent=21467"}],"wp:term":[{"taxonomy":"category","embeddable":true,"href":"https:\/\/estyl.pl\/blog\/wp-json\/wp\/v2\/categories?post=21467"},{"taxonomy":"post_tag","embeddable":true,"href":"https:\/\/estyl.pl\/blog\/wp-json\/wp\/v2\/tags?post=21467"}],"curies":[{"name":"wp","href":"https:\/\/api.w.org\/{rel}","templated":true}]}}