{"id":2170,"date":"2011-08-29T13:04:02","date_gmt":"2011-08-29T12:04:02","guid":{"rendered":"https:\/\/estyl.pl\/blog\/?p=2170"},"modified":"2016-10-10T15:52:02","modified_gmt":"2016-10-10T13:52:02","slug":"krem-do-lokow-tigi-foxy-curls","status":"publish","type":"post","link":"https:\/\/estyl.pl\/blog\/krem-do-lokow-tigi-foxy-curls\/","title":{"rendered":"Krem do lok\u00f3w TIGI Foxy Curls"},"content":{"rendered":"<p>Co jaki\u015b czas dajemy naszym testerkom do wypr\u00f3bowania kosmetyki z oferty sklepu Estyl.pl. Sprawdzaj\u0105 one na sobie konsystencj\u0119, zapach i dzia\u0142anie. Oceniaj\u0105 kosmetyki i por\u00f3wnuj\u0105 ich dzia\u0142anie z tym co obiecuje producent. Dzi\u015b pora na kolejny test &#8211;\u00a0<strong>Krem do lok\u00f3w TIGI Foxy Curls<\/strong><!--more--><\/p>\n<p><strong><a href=\"https:\/\/estyl.pl\/blog\/wp-content\/uploads\/2011\/06\/profil_klara_b.jpg\" rel=\"lightbox[2170]\"><img decoding=\"async\" loading=\"lazy\" class=\"alignleft wp-image-1351 size-thumbnail\" title=\"Profil w\u0142os\u00f3w Klary\" src=\"https:\/\/estyl.pl\/blog\/wp-content\/uploads\/2011\/06\/profil_klara-145x150.jpg\" alt=\"Krem do lok\u00f3w TIGI Foxy Curls\" width=\"145\" height=\"150\" \/><\/a>Klara<\/strong> (35 lat) jest prawnikiem i osob\u0105 mocno zapracowan\u0105. Nie \u015bledzi nowo\u015bci kosmetycznych, bo nie ma na to czasu. Kosmetyki do w\u0142os\u00f3w kupuje z doskoku, czyli najcz\u0119\u015bciej w markecie albo gdy bywa u fryzjera.<\/p>\n<p><a href=\"https:\/\/estyl.pl\/wlosy\" data-internallinksmanager029f6b8e52c=\"2\" title=\"w\u0142osy\">W\u0142osy<\/a> do ramion &#8211; falowane i os\u0142abione, na ko\u0144cach przesuszone. Koloryzowane tylko w salonach fryzjerskich. \u015arodki do stylizacji w\u0142os\u00f3w, by podkre\u015bli\u0107 ich skr\u0119t i ujarzmi\u0107 puszenie, stosowane zawsze na ko\u0144cu. W\u0142osy Klary potrzebuj\u0105 kuracji regeneruj\u0105co-nawil\u017caj\u0105cej i wzmacniaj\u0105cej. Klara najbardziej lubi kosmetyki do w\u0142os\u00f3w Matrix, Yes To Carrots oraz Tigi. O swoich w\u0142osach m\u00f3wi tak:<\/p>\n<ul>\n<li><strong>D\u0142ugo\u015b\u0107<\/strong>: p\u00f3\u0142d\u0142ugie, do ramion (ostatnio obci\u0119te kr\u00f3cej).<\/li>\n<li><strong>Farbowane<\/strong>: tak.<\/li>\n<li><strong>Rodzaj w\u0142os\u00f3w<\/strong>: cienkie i siwiej\u0105ce, cz\u0119\u015bciowo proste, cz\u0119\u015bciowo zwijaj\u0105ce si\u0119, faluj\u0105ce, trudne do u\u0142o\u017cenia.<\/li>\n<li><strong>Problemy z w\u0142osami<\/strong>: w\u0142osy przet\u0142uszczaj\u0105 si\u0119 przy sk\u00f3rze g\u0142owy, za to na ko\u0144cach s\u0105 przesuszone, okresowo wypadaj\u0105, z tendencj\u0105 do puszenia si\u0119.<\/li>\n<\/ul>\n<p>Rozdali\u015bmy naszym kole\u017cankom komplety kosmetyk\u00f3w z pro\u015bb\u0105 o ich przetestowanie. Prosili\u015bmy, by obiektywnie oceni\u0142y ich zalety jak i wady. Kosmetyki zosta\u0142y ocenione w 7 kategoriach:<\/p>\n<ol>\n<li><a href=\"#opakowanie\">Opakowanie<\/a><\/li>\n<li><a href=\"#zapach\">Zapach i konsystencja<\/a><\/li>\n<li><a href=\"#wydajnosc\">Wydajno\u015b\u0107<\/a><\/li>\n<li><a href=\"#dzialanie\">Dzia\u0142anie<\/a><\/li>\n<li><a href=\"#zalety\">Zalety<\/a><\/li>\n<li><a href=\"#wady\">Wady<\/a><\/li>\n<li><a href=\"#ocena\">Ocena og\u00f3lna<\/a> w skali od 1 do 5<\/li>\n<\/ol>\n<p><a href=\"https:\/\/estyl.pl\/blog\/wp-content\/uploads\/2011\/08\/tigi_foxy_curls_krem.jpg\" rel=\"lightbox[2170]\"><img decoding=\"async\" loading=\"lazy\" class=\"alignleft wp-image-2194 size-thumbnail\" title=\"Krem do lok\u00f3w Tigi Foxy Curls\" src=\"https:\/\/estyl.pl\/blog\/wp-content\/uploads\/2011\/08\/tigi_foxy_curls_krem-150x150.jpg\" alt=\"Krem do lok\u00f3w TIGI Foxy Curls\" width=\"150\" height=\"150\" srcset=\"https:\/\/estyl.pl\/blog\/wp-content\/uploads\/2011\/08\/tigi_foxy_curls_krem-150x150.jpg 150w, https:\/\/estyl.pl\/blog\/wp-content\/uploads\/2011\/08\/tigi_foxy_curls_krem-300x300.jpg 300w, https:\/\/estyl.pl\/blog\/wp-content\/uploads\/2011\/08\/tigi_foxy_curls_krem-261x261.jpg 261w, https:\/\/estyl.pl\/blog\/wp-content\/uploads\/2011\/08\/tigi_foxy_curls_krem.jpg 550w\" sizes=\"(max-width: 150px) 100vw, 150px\" \/><\/a>Klara <em>dosta\u0142a do przetestowania zestaw kosmetyk\u00f3w Tigi<\/em>. W sk\u0142ad zestawu wchodz\u0105:<\/p>\n<ul>\n<li><a title=\"Szampon do lok\u00f3w Tigi Foxy Curl.\" href=\"https:\/\/estyl.pl\/blog\/2011\/06\/szampon-do-lokow-tigi-foxy-curls\/\" target=\"_blank\">szampon do lok\u00f3w Tigi Foxy Curl<\/a>;<\/li>\n<li><a href=\"https:\/\/estyl.pl\/blog\/2011\/08\/odzywka-nawilzajaca-do-lokow-tigi-foxy-curls\/\" target=\"_blank\">od\u017cywka nawil\u017caj\u0105ca do lok\u00f3w Tigi Foxy Curls<\/a>;<\/li>\n<li><a href=\"http:\/\/estyl.pl\/wlosy\/stylizacja\" target=\"_blank\">krem do uk\u0142adania lok\u00f3w Tigi Foxy Curls Cotour Cream<\/a>.<\/li>\n<\/ul>\n<p>W tej recenzji Klara opowie Wam co s\u0105dzi na temat kremu do lok\u00f3w <a href=\"http:\/\/estyl.pl\/wlosy\/stylizacja\" target=\"_blank\"><strong>TIGI Foxy Curls<\/strong><\/a>.<\/p>\n<p>1. <strong><a name=\"opakowanie\"><\/a>Opakowanie<\/strong> kremu do uk\u0142adania lok\u00f3w przypomina w kszta\u0142cie gruszk\u0119. Opakowanie jest plastikowe (bezpieczne), w tym samym intensywnie fioletowym kolorze, co opakowania szamponu i od\u017cywki. Bardzo wygodnym rozwi\u0105zaniem jest zastosowana przez producenta pompka do wyciskania kremu. Dozownik, przy jednym naci\u015bni\u0119ciu pompki, wyciska na d\u0142o\u0144 niewielk\u0105 ilo\u015b\u0107 kremu. Ilo\u015b\u0107 ta bardzo mi pasowa\u0142a \u2013 w razie potrzeby wyciska\u0142am kolejn\u0105 porcj\u0119 kremu, a za to nie zdarzy\u0142o mi si\u0119 sp\u0142ukiwa\u0107 kremu z d\u0142oni lub na\u0142o\u017cy\u0107 go w nadmiernej, przyt\u0142aczaj\u0105cej w\u0142osy ilo\u015bci.<\/p>\n<p>2. <strong><a name=\"zapach\"><\/a>Zapach<\/strong> kremu jest dok\u0142adnie taki sam jak zapach szamponu i od\u017cywki z tej serii. <em><strong>Wydaje si\u0119 by\u0107 mieszanin\u0105 egzotycznych owoc\u00f3w, migda\u0142\u00f3w i pysznego, domowego ciasta<\/strong><\/em>. Zapach jest bardzo przyjemny, intensywny, wyczuwalny przez ca\u0142y dzie\u0144. Krem nie pozostawia lepkiej warstwy zar\u00f3wno na w\u0142osach, jak i na d\u0142oni. Ma kremow\u0105 konsytencj\u0119 i cielisty kolor.<\/p>\n<p>3. <strong><a name=\"wydajnosc\"><\/a>Wydajno\u015b\u0107<\/strong>. Krem jest bardzo wydajny. U\u017cywam go ju\u017c 4 miesi\u0105ce, a pozosta\u0142a mi jeszcze po\u0142owa opakowania. Krem jest w opakowaniu o pojemno\u015bci 200 ml.<\/p>\n<p><a href=\"https:\/\/estyl.pl\/blog\/wp-content\/uploads\/2011\/08\/togi_foxy_curls_krem_kons.jpg\" rel=\"lightbox[2170]\"><img decoding=\"async\" loading=\"lazy\" class=\"alignleft wp-image-2200 size-thumbnail\" title=\"Konsystencja kremu do stylizacji lok\u00f3w Tigi Foxy\" src=\"https:\/\/estyl.pl\/blog\/wp-content\/uploads\/2011\/08\/togi_foxy_curls_krem_kons-150x150.jpg\" alt=\"Krem do lok\u00f3w TIGI Foxy Curls\" width=\"150\" height=\"150\" \/><\/a>4. <strong><a name=\"dzialanie\"><\/a>Dzia\u0142anie<\/strong>. Zgodnie z zaleceniami na opakowaniu, krem do uk\u0142adania w\u0142os\u00f3w nak\u0142ada\u0142am na wytarte r\u0119cznikiem, wilgotne w\u0142osy. Kosmetyk wciera\u0142am we w\u0142osy \u0142api\u0105c pukle w\u0142os\u00f3w w d\u0142o\u0144 i \u015bciskaj\u0105c je. To jest najlepszy spos\u00f3b na nadanie moim w\u0142osom po\u017c\u0105danego skr\u0119tu.<\/p>\n<p><strong>\u00a0Krem do lok\u00f3w TIGI Foxy Curls\u00a0<\/strong>bardzo skutecznie pomaga\u0142 mi w utrzymaniu tego skr\u0119tu. Nie zdarzy\u0142o mi si\u0119, by po wysuszeniu w\u0142os\u00f3w loki rozprostowa\u0142y si\u0119. Skr\u0119t lok\u00f3w utrzymywa\u0142 si\u0119 tak\u017ce po u\u017cyciu suszarki. Przyznam, \u017ce na moich w\u0142osach lepsza fryzura pozostawa\u0142a po wolnym suszeniu w\u0142os\u00f3w na powietrzu, bez dodatkowego u\u017cycia suszarki. Potem ju\u017c nie u\u017cywam grzebienia ani szczotki.<\/p>\n<blockquote>\n<h3><strong>Fryzura jest bardzo naturalna i mam wra\u017cenie, \u017ce nie wida\u0107 zanadto u\u017cycia jakiegokolwiek utrwalacza lok\u00f3w.<\/strong><\/h3>\n<\/blockquote>\n<p>Zdarzy\u0142o mi si\u0119 r\u00f3wnie\u017c u\u017cy\u0107 kremu na suche w\u0142osy \u2013 jednak w takiej sytuacji w\u0142osy tworz\u0105 zlepione fale. Efekt nie jest tak dobry, jak przy u\u017cyciu kosmetyku na wilgotne w\u0142osy. Moje w\u0142osy bardzo plubi\u0142y si\u0119 z kremem Tigi do stylizacji lok\u00f3w. Dla moich kr\u0119conych w\u0142os\u00f3w okaza\u0142 si\u0119 on najlepszym\u00a0 kosmetykiem, z ca\u0142ego zestawu testowego.<\/p>\n<p>5. <strong><a name=\"zalety\"><\/a>Zalety<\/strong>: trwa\u0142e u\u0142o\u017cenie fryzury,\u00a0\u015bwietna wydajno\u015b\u0107, przyjemny zapach<\/p>\n<p>6. <strong><a name=\"wady\"><\/a>Wady<\/strong>: nie ma<\/p>\n<p>7. <strong><a name=\"ocena\"><\/a>Ocena og\u00f3lna<\/strong>: 5.<\/p>\n<p><a href=\"https:\/\/estyl.pl\/blog\/wp-content\/uploads\/2011\/08\/Krem-do-lok\u00f3w-TIGI-Foxy-Curls.jpg\" rel=\"lightbox[2170]\"><img decoding=\"async\" loading=\"lazy\" class=\"aligncenter wp-image-24806 size-full\" src=\"https:\/\/estyl.pl\/blog\/wp-content\/uploads\/2011\/08\/Krem-do-lok\u00f3w-TIGI-Foxy-Curls.jpg\" alt=\"Krem do lok\u00f3w TIGI Foxy Curls\" width=\"755\" height=\"320\" srcset=\"https:\/\/estyl.pl\/blog\/wp-content\/uploads\/2011\/08\/Krem-do-lok\u00f3w-TIGI-Foxy-Curls.jpg 755w, https:\/\/estyl.pl\/blog\/wp-content\/uploads\/2011\/08\/Krem-do-lok\u00f3w-TIGI-Foxy-Curls-300x127.jpg 300w, https:\/\/estyl.pl\/blog\/wp-content\/uploads\/2011\/08\/Krem-do-lok\u00f3w-TIGI-Foxy-Curls-580x246.jpg 580w, https:\/\/estyl.pl\/blog\/wp-content\/uploads\/2011\/08\/Krem-do-lok\u00f3w-TIGI-Foxy-Curls-261x111.jpg 261w\" sizes=\"(max-width: 755px) 100vw, 755px\" \/><\/a><\/p>\n","protected":false},"excerpt":{"rendered":"<p>Co jaki\u015b czas dajemy naszym testerkom do wypr\u00f3bowania kosmetyki z oferty sklepu Estyl.pl. Sprawdzaj\u0105 one na sobie konsystencj\u0119, zapach i dzia\u0142anie. Oceniaj\u0105 kosmetyki i por\u00f3wnuj\u0105 ich dzia\u0142anie z tym co obiecuje producent. Dzi\u015b pora na kolejny test &#8211;\u00a0Krem do lok\u00f3w TIGI Foxy Curls<\/p>\n","protected":false},"author":23,"featured_media":24806,"comment_status":"open","ping_status":"closed","sticky":false,"template":"","format":"standard","meta":{"_eb_attr":""},"categories":[5,33],"tags":[217,137],"acf":[],"yoast_head":"<!-- This site is optimized with the Yoast SEO plugin v20.8 - https:\/\/yoast.com\/wordpress\/plugins\/seo\/ -->\n<title>Krem do lok\u00f3w TIGI Foxy Curls - jak dzia\u0142a<\/title>\n<meta name=\"description\" content=\"Krem do lok\u00f3w TIGI Foxy Curls - sprawdzili\u015bmy jak dzia\u0142a i czy spe\u0142nia obietnic\u0119 producenta. Przeczytaj opini\u0119 naszej testerki o kremie.\" \/>\n<meta name=\"robots\" content=\"index, follow, max-snippet:-1, max-image-preview:large, max-video-preview:-1\" \/>\n<link rel=\"canonical\" href=\"https:\/\/estyl.pl\/blog\/krem-do-lokow-tigi-foxy-curls\/\" \/>\n<meta property=\"og:locale\" content=\"pl_PL\" \/>\n<meta property=\"og:type\" content=\"article\" \/>\n<meta property=\"og:title\" content=\"Krem do lok\u00f3w TIGI Foxy Curls - jak dzia\u0142a\" \/>\n<meta property=\"og:description\" content=\"Krem do lok\u00f3w TIGI Foxy Curls - sprawdzili\u015bmy jak dzia\u0142a i czy spe\u0142nia obietnic\u0119 producenta. Przeczytaj opini\u0119 naszej testerki o kremie.\" \/>\n<meta property=\"og:url\" content=\"https:\/\/estyl.pl\/blog\/krem-do-lokow-tigi-foxy-curls\/\" \/>\n<meta property=\"og:site_name\" content=\"Blog | Estyl.pl\" \/>\n<meta property=\"article:author\" content=\"kdrogowskakwasnik\" \/>\n<meta property=\"article:published_time\" content=\"2011-08-29T12:04:02+00:00\" \/>\n<meta property=\"article:modified_time\" content=\"2016-10-10T13:52:02+00:00\" \/>\n<meta property=\"og:image\" content=\"https:\/\/estyl.pl\/blog\/wp-content\/uploads\/2011\/08\/Krem-do-lok\u00f3w-TIGI-Foxy-Curls.jpg\" \/>\n\t<meta property=\"og:image:width\" content=\"755\" \/>\n\t<meta property=\"og:image:height\" content=\"320\" \/>\n\t<meta property=\"og:image:type\" content=\"image\/jpeg\" \/>\n<meta name=\"author\" content=\"Karolina\" \/>\n<meta name=\"twitter:label1\" content=\"Napisane przez\" \/>\n\t<meta name=\"twitter:data1\" content=\"Karolina\" \/>\n\t<meta name=\"twitter:label2\" content=\"Szacowany czas czytania\" \/>\n\t<meta name=\"twitter:data2\" content=\"4 minuty\" \/>\n<script type=\"application\/ld+json\" class=\"yoast-schema-graph\">{\"@context\":\"https:\/\/schema.org\",\"@graph\":[{\"@type\":\"WebPage\",\"@id\":\"https:\/\/estyl.pl\/blog\/krem-do-lokow-tigi-foxy-curls\/\",\"url\":\"https:\/\/estyl.pl\/blog\/krem-do-lokow-tigi-foxy-curls\/\",\"name\":\"Krem do lok\u00f3w TIGI Foxy Curls - jak dzia\u0142a\",\"isPartOf\":{\"@id\":\"https:\/\/estyl.pl\/blog\/#website\"},\"datePublished\":\"2011-08-29T12:04:02+00:00\",\"dateModified\":\"2016-10-10T13:52:02+00:00\",\"author\":{\"@id\":\"https:\/\/estyl.pl\/blog\/#\/schema\/person\/debe1fb907542b5dc82bccc2029e474f\"},\"description\":\"Krem do lok\u00f3w TIGI Foxy Curls - sprawdzili\u015bmy jak dzia\u0142a i czy spe\u0142nia obietnic\u0119 producenta. Przeczytaj opini\u0119 naszej testerki o kremie.\",\"breadcrumb\":{\"@id\":\"https:\/\/estyl.pl\/blog\/krem-do-lokow-tigi-foxy-curls\/#breadcrumb\"},\"inLanguage\":\"pl-PL\",\"potentialAction\":[{\"@type\":\"ReadAction\",\"target\":[\"https:\/\/estyl.pl\/blog\/krem-do-lokow-tigi-foxy-curls\/\"]}]},{\"@type\":\"BreadcrumbList\",\"@id\":\"https:\/\/estyl.pl\/blog\/krem-do-lokow-tigi-foxy-curls\/#breadcrumb\",\"itemListElement\":[{\"@type\":\"ListItem\",\"position\":1,\"name\":\"Stylizacja w\u0142os\u00f3w\",\"item\":\"https:\/\/estyl.pl\/blog\/stylizacja-wlosow\/\"},{\"@type\":\"ListItem\",\"position\":2,\"name\":\"Krem do lok\u00f3w TIGI Foxy Curls\"}]},{\"@type\":\"WebSite\",\"@id\":\"https:\/\/estyl.pl\/blog\/#website\",\"url\":\"https:\/\/estyl.pl\/blog\/\",\"name\":\"Blog | Estyl.pl\",\"description\":\"Kosmetyki do w\u0142os\u00f3w, porady, piel\u0119gnacja, stylizacja\",\"potentialAction\":[{\"@type\":\"SearchAction\",\"target\":{\"@type\":\"EntryPoint\",\"urlTemplate\":\"https:\/\/estyl.pl\/blog\/?s={search_term_string}\"},\"query-input\":\"required name=search_term_string\"}],\"inLanguage\":\"pl-PL\"},{\"@type\":\"Person\",\"@id\":\"https:\/\/estyl.pl\/blog\/#\/schema\/person\/debe1fb907542b5dc82bccc2029e474f\",\"name\":\"Karolina\",\"description\":\"Absolwentka kosmetologii i dietetyki na \u015al\u0105skiej Wy\u017cszej Szkole Medycznej w Katowicach. Ze sklepem Estyl.pl zwi\u0105zana od wielu lat. Wiedz\u0119 na temat produkt\u00f3w zebra\u0142a pracuj\u0105c w sklepie stacjonanym w Katowicach. Aktualnie pracuje jako copywriter, co daje jej du\u017co satysfakcji. Uwielbia testowa\u0107 nowe kosmetyki.\",\"sameAs\":[\"kdrogowskakwasnik\"],\"url\":\"https:\/\/estyl.pl\/blog\/author\/k-mistalsiekiera\/\"}]}<\/script>\n<!-- \/ Yoast SEO plugin. -->","yoast_head_json":{"title":"Krem do lok\u00f3w TIGI Foxy Curls - jak dzia\u0142a","description":"Krem do lok\u00f3w TIGI Foxy Curls - sprawdzili\u015bmy jak dzia\u0142a i czy spe\u0142nia obietnic\u0119 producenta. Przeczytaj opini\u0119 naszej testerki o kremie.","robots":{"index":"index","follow":"follow","max-snippet":"max-snippet:-1","max-image-preview":"max-image-preview:large","max-video-preview":"max-video-preview:-1"},"canonical":"https:\/\/estyl.pl\/blog\/krem-do-lokow-tigi-foxy-curls\/","og_locale":"pl_PL","og_type":"article","og_title":"Krem do lok\u00f3w TIGI Foxy Curls - jak dzia\u0142a","og_description":"Krem do lok\u00f3w TIGI Foxy Curls - sprawdzili\u015bmy jak dzia\u0142a i czy spe\u0142nia obietnic\u0119 producenta. Przeczytaj opini\u0119 naszej testerki o kremie.","og_url":"https:\/\/estyl.pl\/blog\/krem-do-lokow-tigi-foxy-curls\/","og_site_name":"Blog | Estyl.pl","article_author":"kdrogowskakwasnik","article_published_time":"2011-08-29T12:04:02+00:00","article_modified_time":"2016-10-10T13:52:02+00:00","og_image":[{"width":755,"height":320,"url":"https:\/\/estyl.pl\/blog\/wp-content\/uploads\/2011\/08\/Krem-do-lok\u00f3w-TIGI-Foxy-Curls.jpg","type":"image\/jpeg"}],"author":"Karolina","twitter_misc":{"Napisane przez":"Karolina","Szacowany czas czytania":"4 minuty"},"schema":{"@context":"https:\/\/schema.org","@graph":[{"@type":"WebPage","@id":"https:\/\/estyl.pl\/blog\/krem-do-lokow-tigi-foxy-curls\/","url":"https:\/\/estyl.pl\/blog\/krem-do-lokow-tigi-foxy-curls\/","name":"Krem do lok\u00f3w TIGI Foxy Curls - jak dzia\u0142a","isPartOf":{"@id":"https:\/\/estyl.pl\/blog\/#website"},"datePublished":"2011-08-29T12:04:02+00:00","dateModified":"2016-10-10T13:52:02+00:00","author":{"@id":"https:\/\/estyl.pl\/blog\/#\/schema\/person\/debe1fb907542b5dc82bccc2029e474f"},"description":"Krem do lok\u00f3w TIGI Foxy Curls - sprawdzili\u015bmy jak dzia\u0142a i czy spe\u0142nia obietnic\u0119 producenta. Przeczytaj opini\u0119 naszej testerki o kremie.","breadcrumb":{"@id":"https:\/\/estyl.pl\/blog\/krem-do-lokow-tigi-foxy-curls\/#breadcrumb"},"inLanguage":"pl-PL","potentialAction":[{"@type":"ReadAction","target":["https:\/\/estyl.pl\/blog\/krem-do-lokow-tigi-foxy-curls\/"]}]},{"@type":"BreadcrumbList","@id":"https:\/\/estyl.pl\/blog\/krem-do-lokow-tigi-foxy-curls\/#breadcrumb","itemListElement":[{"@type":"ListItem","position":1,"name":"Stylizacja w\u0142os\u00f3w","item":"https:\/\/estyl.pl\/blog\/stylizacja-wlosow\/"},{"@type":"ListItem","position":2,"name":"Krem do lok\u00f3w TIGI Foxy Curls"}]},{"@type":"WebSite","@id":"https:\/\/estyl.pl\/blog\/#website","url":"https:\/\/estyl.pl\/blog\/","name":"Blog | Estyl.pl","description":"Kosmetyki do w\u0142os\u00f3w, porady, piel\u0119gnacja, stylizacja","potentialAction":[{"@type":"SearchAction","target":{"@type":"EntryPoint","urlTemplate":"https:\/\/estyl.pl\/blog\/?s={search_term_string}"},"query-input":"required name=search_term_string"}],"inLanguage":"pl-PL"},{"@type":"Person","@id":"https:\/\/estyl.pl\/blog\/#\/schema\/person\/debe1fb907542b5dc82bccc2029e474f","name":"Karolina","description":"Absolwentka kosmetologii i dietetyki na \u015al\u0105skiej Wy\u017cszej Szkole Medycznej w Katowicach. Ze sklepem Estyl.pl zwi\u0105zana od wielu lat. Wiedz\u0119 na temat produkt\u00f3w zebra\u0142a pracuj\u0105c w sklepie stacjonanym w Katowicach. Aktualnie pracuje jako copywriter, co daje jej du\u017co satysfakcji. Uwielbia testowa\u0107 nowe kosmetyki.","sameAs":["kdrogowskakwasnik"],"url":"https:\/\/estyl.pl\/blog\/author\/k-mistalsiekiera\/"}]}},"_links":{"self":[{"href":"https:\/\/estyl.pl\/blog\/wp-json\/wp\/v2\/posts\/2170"}],"collection":[{"href":"https:\/\/estyl.pl\/blog\/wp-json\/wp\/v2\/posts"}],"about":[{"href":"https:\/\/estyl.pl\/blog\/wp-json\/wp\/v2\/types\/post"}],"author":[{"embeddable":true,"href":"https:\/\/estyl.pl\/blog\/wp-json\/wp\/v2\/users\/23"}],"replies":[{"embeddable":true,"href":"https:\/\/estyl.pl\/blog\/wp-json\/wp\/v2\/comments?post=2170"}],"version-history":[{"count":39,"href":"https:\/\/estyl.pl\/blog\/wp-json\/wp\/v2\/posts\/2170\/revisions"}],"predecessor-version":[{"id":30995,"href":"https:\/\/estyl.pl\/blog\/wp-json\/wp\/v2\/posts\/2170\/revisions\/30995"}],"wp:featuredmedia":[{"embeddable":true,"href":"https:\/\/estyl.pl\/blog\/wp-json\/wp\/v2\/media\/24806"}],"wp:attachment":[{"href":"https:\/\/estyl.pl\/blog\/wp-json\/wp\/v2\/media?parent=2170"}],"wp:term":[{"taxonomy":"category","embeddable":true,"href":"https:\/\/estyl.pl\/blog\/wp-json\/wp\/v2\/categories?post=2170"},{"taxonomy":"post_tag","embeddable":true,"href":"https:\/\/estyl.pl\/blog\/wp-json\/wp\/v2\/tags?post=2170"}],"curies":[{"name":"wp","href":"https:\/\/api.w.org\/{rel}","templated":true}]}}