{"id":22001,"date":"2014-01-29T10:01:04","date_gmt":"2014-01-29T08:01:04","guid":{"rendered":"https:\/\/estyl.pl\/blog\/?p=22001"},"modified":"2015-03-28T22:26:56","modified_gmt":"2015-03-28T20:26:56","slug":"zimowe-problemy-z-wlosami-cz-1","status":"publish","type":"post","link":"https:\/\/estyl.pl\/blog\/zimowe-problemy-z-wlosami-cz-1\/","title":{"rendered":"Problemy z w\u0142osami zim\u0105 \u2013 cz. 1"},"content":{"rendered":"<h3>Problemy z w\u0142osami zim\u0105 sk\u0142aniaj\u0105 do refleksji nad kondycj\u0105 fryzury. Cz\u0119sto nie zdajemy sobie sprawy, \u017ce przyczyn\u0105 problem\u00f3w w uk\u0142adaniu w\u0142os\u00f3w s\u0105 codzienne nawyki piel\u0119gnacyjne. Wystarczy dokona\u0107 lekkiego liftingu przyzwyczaje\u0144, by zaobserwowa\u0107 popraw\u0119 wygl\u0105du w\u0142os\u00f3w, jak i swojej samooceny. Zamiast walki z wiatrakami polecamy wnikliwe przeanalizowanie swojej piel\u0119gnacji i dostosowanie jej do pory roku. Dzi\u015b o k\u0142opotach zimowych, z kt\u00f3rymi styka si\u0119 wi\u0119kszo\u015b\u0107 z nas \u2013 mowa o elektryzowaniu w\u0142os\u00f3w i r\u00f3wnie cz\u0119stym braku obj\u0119to\u015bci fryzury.<\/h3>\n<h3><!--more--><\/h3>\n<h3><a href=\"https:\/\/estyl.pl\/blog\/wp-content\/uploads\/2014\/01\/wlosy-zima-1.jpg\" target=\"_blank\" rel=\"lightbox[22001]\"><img decoding=\"async\" loading=\"lazy\" class=\"aligncenter wp-image-26789 size-full\" title=\"Problemy z w\u0142osami zim\u0105\" src=\"https:\/\/estyl.pl\/blog\/wp-content\/uploads\/2014\/01\/wlosy-zima-1.jpg\" alt=\"Problemy z w\u0142osami zim\u0105\" width=\"575\" height=\"381\" srcset=\"https:\/\/estyl.pl\/blog\/wp-content\/uploads\/2014\/01\/wlosy-zima-1.jpg 575w, https:\/\/estyl.pl\/blog\/wp-content\/uploads\/2014\/01\/wlosy-zima-1-300x199.jpg 300w, https:\/\/estyl.pl\/blog\/wp-content\/uploads\/2014\/01\/wlosy-zima-1-261x173.jpg 261w, https:\/\/estyl.pl\/blog\/wp-content\/uploads\/2014\/01\/wlosy-zima-1-212x140.jpg 212w\" sizes=\"(max-width: 575px) 100vw, 575px\" \/><\/a><\/h3>\n<p style=\"text-align: center;\">fot.\u00a0\u00a9 Photl.com<\/p>\n<h3>Elektryzowanie w\u0142os\u00f3w<\/h3>\n<p><a href=\"https:\/\/estyl.pl\/blog\/wp-content\/uploads\/2013\/08\/Tangle_Teezer_Salon_Elite_Orange_Burst.jpg\" target=\"_blank\" rel=\"lightbox[22001]\"><img decoding=\"async\" loading=\"lazy\" class=\"alignleft wp-image-19741 size-thumbnail\" title=\"Tangle Teezer Salon Elite Orange Burst\" src=\"https:\/\/estyl.pl\/blog\/wp-content\/uploads\/2013\/08\/Tangle_Teezer_Salon_Elite_Orange_Burst-150x150.jpg\" alt=\"Problemy z w\u0142osami zim\u0105\" width=\"150\" height=\"150\" srcset=\"https:\/\/estyl.pl\/blog\/wp-content\/uploads\/2013\/08\/Tangle_Teezer_Salon_Elite_Orange_Burst-150x150.jpg 150w, https:\/\/estyl.pl\/blog\/wp-content\/uploads\/2013\/08\/Tangle_Teezer_Salon_Elite_Orange_Burst-300x300.jpg 300w, https:\/\/estyl.pl\/blog\/wp-content\/uploads\/2013\/08\/Tangle_Teezer_Salon_Elite_Orange_Burst-261x261.jpg 261w, https:\/\/estyl.pl\/blog\/wp-content\/uploads\/2013\/08\/Tangle_Teezer_Salon_Elite_Orange_Burst.jpg 480w\" sizes=\"(max-width: 150px) 100vw, 150px\" \/><\/a><strong>Zimowe wahania temperatury<\/strong>, czyli przechodzenie z jednej temperatury w drug\u0105, czapki z tworzyw sztucznych, nadu\u017cywanie przyrz\u0105d\u00f3w termicznych lub \u015brodk\u00f3w do stylizacji fryzur &#8211;\u00a0 te czynniki maj\u0105 najwi\u0119kszy wp\u0142yw na elektryzowanie w\u0142os\u00f3w. Suche powietrze w zamkni\u0119tych pomieszczeniach wyci\u0105ga ca\u0142\u0105 wilgo\u0107 z wn\u0119trza w\u0142osa. Efektem jest przesuszona fryzura, kt\u00f3ra puszy si\u0119 i elektryzuje. By temu zapobiec wa\u017cne jest dostosowanie piel\u0119gnacji w\u0142os\u00f3w do pory roku. Wi\u0119cej o elektryzowaniu w\u0142os\u00f3w przeczytasz <a href=\"https:\/\/estyl.pl\/blog\/2011\/02\/gdy-wlosy-sie-elektryzuja\/\"><strong>TU<\/strong><\/a>. Zim\u0105 <strong>nawil\u017camy i nat\u0142uszczamy w\u0142osy na zmian\u0119<\/strong>, by zapobiec ustawicznemu ich wysychaniu i marzni\u0119ciu. Szukamy w od\u017cywkach substancji t\u0142uszczowych (<em>emolient\u00f3w<\/em>) oraz nawil\u017caj\u0105cych (<a href=\"https:\/\/estyl.pl\/blog\/2011\/06\/humektanty-wlasciwosci-i-rodzaje\/\"><em>humektanty<\/em><\/a>). Pami\u0119tajmy, \u017ce w\u0142os zim\u0105 potrzebuje g\u0142\u00f3wnie ochrony (co\u015b na kszta\u0142t puchowej pierzyny) \u2013 koncentrujemy si\u0119 wi\u0119c g\u0142\u00f3wnie na substancjach oleistych, kt\u00f3re powlekaj\u0105 \u0142usk\u0119 w\u0142osa filmem ochronnym. Substancje nawil\u017caj\u0105ce maj\u0105 stanowi\u0107 jedynie zdrow\u0105 przeciwwag\u0119, minimalizuj\u0105c zjawisko obci\u0105\u017cenia lub przet\u0142uszczania w\u0142os\u00f3w. <strong>Dobrze sprawdz\u0105 si\u0119 od\u017cywki i maski<\/strong> oparte na ceramidach, olejach, mas\u0142ach ro\u015blinnych, alkoholach t\u0142uszczowych, woskach, czy polimerach. Dzi\u0119ki temu w\u0142osy stan\u0105 si\u0119 elastyczne, mi\u0119kkie i zdecydowanie mnie napuszone. Nie b\u00f3jmy si\u0119 zim\u0105 silikon\u00f3w \u2013 stosowane w\u0142a\u015bciwie stanowi\u0105 kolejn\u0105 warstw\u0119 ochronn\u0105, kt\u00f3ra oddziela w\u0142os od destrukcyjnych czynnik\u00f3w zewn\u0119trznych. <strong>Polecamy:<\/strong> <a href=\"http:\/\/estyl.pl\/manufacturer\/index\/search\/a\/f\/manufacturer\/tangleteezer\"><strong>szczotki Tangle Teezer<\/strong><\/a>, kt\u00f3re mimo, \u017ce wykonane z plastiku znacznie eliminuj\u0105 zjawisko puszenia, mask\u0119 emolientow\u0105 <a href=\"http:\/\/estyl.pl\/kerastase-masquintense-maska-odzywcza-do-wlosow-cienkich-200-ml\"><strong>K\u00e9rastase Masquintense<\/strong><\/a> oraz spray zapobiegaj\u0105cy puszeniu ka\u017cdego rodzaju w\u0142os\u00f3w <a href=\"http:\/\/estyl.pl\/moroccanoil-frizz-control-spray-zapobiegajacy-puszeniu-sie-wlosow-100-ml\"><strong>Moroccanoil Frizz Control<\/strong><\/a>.<\/p>\n<div class=\"minpic\"><a href=\"https:\/\/estyl.pl\/blog\/wp-content\/uploads\/2011\/12\/Kerastase-Masquintense.jpg\" target=\"_blank\" rel=\"lightbox[22001]\"><img decoding=\"async\" loading=\"lazy\" class=\"alignnone wp-image-5065 size-thumbnail\" title=\"K\u00e9rastase Masquintense\" src=\"https:\/\/estyl.pl\/blog\/wp-content\/uploads\/2011\/12\/Kerastase-Masquintense-150x150.jpg\" alt=\"Problemy z w\u0142osami zim\u0105\" width=\"150\" height=\"150\" srcset=\"https:\/\/estyl.pl\/blog\/wp-content\/uploads\/2011\/12\/Kerastase-Masquintense-150x150.jpg 150w, https:\/\/estyl.pl\/blog\/wp-content\/uploads\/2011\/12\/Kerastase-Masquintense-300x300.jpg 300w, https:\/\/estyl.pl\/blog\/wp-content\/uploads\/2011\/12\/Kerastase-Masquintense-261x261.jpg 261w, https:\/\/estyl.pl\/blog\/wp-content\/uploads\/2011\/12\/Kerastase-Masquintense.jpg 400w\" sizes=\"(max-width: 150px) 100vw, 150px\" \/><\/a><a href=\"https:\/\/estyl.pl\/blog\/wp-content\/uploads\/2014\/01\/moroccanoil-frizz-control-spray.jpg\" target=\"_blank\" rel=\"lightbox[22001]\"><img decoding=\"async\" loading=\"lazy\" class=\"alignnone wp-image-22022 size-thumbnail\" title=\"Moroccanoil frizz control spray\" src=\"https:\/\/estyl.pl\/blog\/wp-content\/uploads\/2014\/01\/moroccanoil-frizz-control-spray-150x150.jpg\" alt=\"Problemy z w\u0142osami zim\u0105\" width=\"150\" height=\"150\" srcset=\"https:\/\/estyl.pl\/blog\/wp-content\/uploads\/2014\/01\/moroccanoil-frizz-control-spray-150x150.jpg 150w, https:\/\/estyl.pl\/blog\/wp-content\/uploads\/2014\/01\/moroccanoil-frizz-control-spray-300x300.jpg 300w, https:\/\/estyl.pl\/blog\/wp-content\/uploads\/2014\/01\/moroccanoil-frizz-control-spray-261x261.jpg 261w, https:\/\/estyl.pl\/blog\/wp-content\/uploads\/2014\/01\/moroccanoil-frizz-control-spray.jpg 480w\" sizes=\"(max-width: 150px) 100vw, 150px\" \/><\/a><\/div>\n<p><strong>Zapami\u0119taj:<\/strong> Elektryzowanie w\u0142os\u00f3w zmniejsz\u0105 od\u017cywki i maski z przewag\u0105 emolient\u00f3w, suszarka z funkcji jonizacji, p\u0142yny antystatyczne o dzia\u0142aniu nawil\u017caj\u0105cym w formie od\u017cywek w spreju, cz\u0119stsze ni\u017c zwykle <a href=\"https:\/\/estyl.pl\/blog\/2013\/03\/olejowanie-wlosow\/\"><em>olejowanie w\u0142os\u00f3w<\/em><\/a>, stosowanie ochronnych silikon\u00f3w.<\/p>\n<h3>Utrata obj\u0119to\u015bci<\/h3>\n<p><a href=\"https:\/\/estyl.pl\/blog\/wp-content\/uploads\/2014\/01\/Kerastase-Bain-Volumifique.jpg\" target=\"_blank\" rel=\"lightbox[22001]\"><img decoding=\"async\" loading=\"lazy\" class=\"alignleft wp-image-22019 size-thumbnail\" title=\"K\u00e9rastase Bain Volumifique\" src=\"https:\/\/estyl.pl\/blog\/wp-content\/uploads\/2014\/01\/Kerastase-Bain-Volumifique-150x150.jpg\" alt=\"Problemy z w\u0142osami zim\u0105\" width=\"150\" height=\"150\" srcset=\"https:\/\/estyl.pl\/blog\/wp-content\/uploads\/2014\/01\/Kerastase-Bain-Volumifique-150x150.jpg 150w, https:\/\/estyl.pl\/blog\/wp-content\/uploads\/2014\/01\/Kerastase-Bain-Volumifique-300x300.jpg 300w, https:\/\/estyl.pl\/blog\/wp-content\/uploads\/2014\/01\/Kerastase-Bain-Volumifique-261x261.jpg 261w, https:\/\/estyl.pl\/blog\/wp-content\/uploads\/2014\/01\/Kerastase-Bain-Volumifique.jpg 480w\" sizes=\"(max-width: 150px) 100vw, 150px\" \/><\/a>Utrata obj\u0119to\u015bci i przys\u0142owiowych \u201eprzyklap w\u0142os\u00f3w\u201d to ogromny, zimowy problem wielu Pa\u0144. Dotyka on wi\u0119kszo\u015b\u0107 z nas, bez wzgl\u0119du na d\u0142ugo\u015b\u0107 w\u0142os\u00f3w i rodzaj fryzury. <strong>Opadanie w\u0142os\u00f3w to efekt<\/strong> noszenia czapek i kaptur\u00f3w, a tak\u017ce niedostosowania piel\u0119gnacji do aury za oknem. Przede wszystkim mycie \u2013 je\u015bli do tej pory robi\u0142a\u015b to rano, pora na zmian\u0119 nawyk\u00f3w. \u015awie\u017co umyte w\u0142osy maj\u0105 jeszcze wi\u0119ksz\u0105 tendencj\u0119 do elektryzowania, a potem \u201eosiadania\u201d pod ci\u0119\u017carem czapki, czy szala. Myj w\u0142osy wieczorem i zainwestuj w kosmetyki lekko usztywniaj\u0105ce i poprawiaj\u0105ce tekstur\u0119 w\u0142os\u00f3w. <strong>Stosuj\u0105c \u015brodki do stylizacji<\/strong> nie wcieraj ich jedynie w wierzchni\u0105 warstw\u0119 w\u0142os\u00f3w, koncentruj\u0105c si\u0119 te\u017c na dolnych i g\u0142\u0119bszych partiach fryzury. Najlepiej aplikowa\u0107 je przy pochylonej do przodu g\u0142owie, dzi\u0119ki czemu zwi\u0119kszysz obj\u0119to\u015b\u0107 fryzury.\u00a0 Zainwestuj te\u017c w szampony pogrubiaj\u0105ce w\u0142osy, co zapobiegnie ich opadaniu u nasady. <strong>Polecamy<\/strong>: szampon pogrubiaj\u0105cy w\u0142osy <a href=\"http:\/\/estyl.pl\/volumifique-bain-kapiel-nadajaca-objetosc-wlosom-cienkim-250ml\"><strong>K\u00e9rastase Bain Volumifique<\/strong><\/a>, past\u0119 pogrubiaj\u0105c\u0105 w\u0142osy <a href=\"http:\/\/estyl.pl\/john-masters-organics-wanilia-i-mandarynka-kosmetyk-do-ukladania-wlosow-57g\"><strong>JMO Wanilia i Mandarynka<\/strong><\/a> oraz \u017cel podnosz\u0105cy w\u0142osy u nasady <a href=\"http:\/\/estyl.pl\/kerastase-lift-veritage-zel-dodajacy-objetosci-i-podnoszacy-wlosy-u-nasady-75ml\"><strong>K\u00e9rastase Lift Veritage<\/strong><\/a>.<\/p>\n<div class=\"minpic\"><a href=\"https:\/\/estyl.pl\/blog\/wp-content\/uploads\/2011\/12\/John-Masters-Organics-Wanilia-i-Mandarynka.jpg\" target=\"_blank\" rel=\"lightbox[22001]\"><img decoding=\"async\" loading=\"lazy\" class=\"alignnone wp-image-4935 size-thumbnail\" title=\"John Masters Organics Wanilia i Mandarynka\" src=\"https:\/\/estyl.pl\/blog\/wp-content\/uploads\/2011\/12\/John-Masters-Organics-Wanilia-i-Mandarynka-150x150.jpg\" alt=\"Problemy z w\u0142osami zim\u0105\" width=\"150\" height=\"150\" srcset=\"https:\/\/estyl.pl\/blog\/wp-content\/uploads\/2011\/12\/John-Masters-Organics-Wanilia-i-Mandarynka-150x150.jpg 150w, https:\/\/estyl.pl\/blog\/wp-content\/uploads\/2011\/12\/John-Masters-Organics-Wanilia-i-Mandarynka-300x300.jpg 300w, https:\/\/estyl.pl\/blog\/wp-content\/uploads\/2011\/12\/John-Masters-Organics-Wanilia-i-Mandarynka-261x261.jpg 261w, https:\/\/estyl.pl\/blog\/wp-content\/uploads\/2011\/12\/John-Masters-Organics-Wanilia-i-Mandarynka.jpg 400w\" sizes=\"(max-width: 150px) 100vw, 150px\" \/><\/a><a href=\"https:\/\/estyl.pl\/blog\/wp-content\/uploads\/2013\/08\/Kerastase_Lift_Veritage.jpg\" target=\"_blank\" rel=\"lightbox[22001]\"><img decoding=\"async\" loading=\"lazy\" class=\"alignnone wp-image-19833 size-thumbnail\" title=\"K\u00e9rastase Lift Veritage\" src=\"https:\/\/estyl.pl\/blog\/wp-content\/uploads\/2013\/08\/Kerastase_Lift_Veritage-150x150.jpg\" alt=\"Problemy z w\u0142osami zim\u0105\" width=\"150\" height=\"150\" srcset=\"https:\/\/estyl.pl\/blog\/wp-content\/uploads\/2013\/08\/Kerastase_Lift_Veritage-150x150.jpg 150w, https:\/\/estyl.pl\/blog\/wp-content\/uploads\/2013\/08\/Kerastase_Lift_Veritage-300x300.jpg 300w, https:\/\/estyl.pl\/blog\/wp-content\/uploads\/2013\/08\/Kerastase_Lift_Veritage-261x261.jpg 261w, https:\/\/estyl.pl\/blog\/wp-content\/uploads\/2013\/08\/Kerastase_Lift_Veritage.jpg 480w\" sizes=\"(max-width: 150px) 100vw, 150px\" \/><\/a><\/div>\n<p><strong>Zapami\u0119taj:<\/strong> By zapobiec utracie obj\u0119to\u015bci fryzury zmie\u0144 zim\u0105 szampon na pogrubiaj\u0105cy i mniej obci\u0105\u017caj\u0105cy w\u0142osy. Postaw na dobry \u015brodek do stylizacji w\u0142os\u00f3w \u2013 past\u0119, \u017cel lub spray dodaj\u0105cy w\u0142osom obj\u0119to\u015bci i lekko usztywniaj\u0105cy suche w\u0142osy. Wybieraj szeroki kaptur, komin lub ma\u0142o obciskaj\u0105c\u0105 w\u0142osy czapk\u0119.<\/p>\n","protected":false},"excerpt":{"rendered":"<p>Problemy z w\u0142osami zim\u0105 sk\u0142aniaj\u0105 do refleksji nad kondycj\u0105 fryzury. Cz\u0119sto nie zdajemy sobie sprawy, \u017ce przyczyn\u0105 problem\u00f3w w uk\u0142adaniu w\u0142os\u00f3w s\u0105 codzienne nawyki piel\u0119gnacyjne. Wystarczy dokona\u0107 lekkiego liftingu przyzwyczaje\u0144, by zaobserwowa\u0107 popraw\u0119 wygl\u0105du w\u0142os\u00f3w, jak i swojej samooceny. Zamiast walki z wiatrakami polecamy wnikliwe przeanalizowanie swojej piel\u0119gnacji i dostosowanie jej do pory roku. Dzi\u015b [&hellip;]<\/p>\n","protected":false},"author":1,"featured_media":26791,"comment_status":"open","ping_status":"closed","sticky":false,"template":"","format":"standard","meta":{"_eb_attr":""},"categories":[4],"tags":[36,97,2313],"acf":[],"yoast_head":"<!-- This site is optimized with the Yoast SEO plugin v20.8 - https:\/\/yoast.com\/wordpress\/plugins\/seo\/ -->\n<title>Problemy z w\u0142osami zim\u0105 - obj\u0119to\u015b\u0107 i elektryzowanie si\u0119 w\u0142os\u00f3w<\/title>\n<meta name=\"description\" content=\"Problemy z w\u0142osami zim\u0105 spowodowane s\u0105 codziennymi nawykami piel\u0119gnacyjnymi. Przeczytaj nasze porady i poznaj polecane kosmetyki.\" \/>\n<meta name=\"robots\" content=\"index, follow, max-snippet:-1, max-image-preview:large, max-video-preview:-1\" \/>\n<link rel=\"canonical\" href=\"https:\/\/estyl.pl\/blog\/zimowe-problemy-z-wlosami-cz-1\/\" \/>\n<meta property=\"og:locale\" content=\"pl_PL\" \/>\n<meta property=\"og:type\" content=\"article\" \/>\n<meta property=\"og:title\" content=\"Problemy z w\u0142osami zim\u0105 - obj\u0119to\u015b\u0107 i elektryzowanie si\u0119 w\u0142os\u00f3w\" \/>\n<meta property=\"og:description\" content=\"Problemy z w\u0142osami zim\u0105 spowodowane s\u0105 codziennymi nawykami piel\u0119gnacyjnymi. Przeczytaj nasze porady i poznaj polecane kosmetyki.\" \/>\n<meta property=\"og:url\" content=\"https:\/\/estyl.pl\/blog\/zimowe-problemy-z-wlosami-cz-1\/\" \/>\n<meta property=\"og:site_name\" content=\"Blog | Estyl.pl\" \/>\n<meta property=\"article:published_time\" content=\"2014-01-29T08:01:04+00:00\" \/>\n<meta property=\"article:modified_time\" content=\"2015-03-28T20:26:56+00:00\" \/>\n<meta property=\"og:image\" content=\"https:\/\/estyl.pl\/blog\/wp-content\/uploads\/2014\/01\/jak-dba\u0107-o-w\u0142osy-zim\u01052.jpg\" \/>\n\t<meta property=\"og:image:width\" content=\"755\" \/>\n\t<meta property=\"og:image:height\" content=\"320\" \/>\n\t<meta property=\"og:image:type\" content=\"image\/jpeg\" \/>\n<meta name=\"author\" content=\"admin\" \/>\n<meta name=\"twitter:label1\" content=\"Napisane przez\" \/>\n\t<meta name=\"twitter:data1\" content=\"admin\" \/>\n\t<meta name=\"twitter:label2\" content=\"Szacowany czas czytania\" \/>\n\t<meta name=\"twitter:data2\" content=\"3 minuty\" \/>\n<script type=\"application\/ld+json\" class=\"yoast-schema-graph\">{\"@context\":\"https:\/\/schema.org\",\"@graph\":[{\"@type\":\"WebPage\",\"@id\":\"https:\/\/estyl.pl\/blog\/zimowe-problemy-z-wlosami-cz-1\/\",\"url\":\"https:\/\/estyl.pl\/blog\/zimowe-problemy-z-wlosami-cz-1\/\",\"name\":\"Problemy z w\u0142osami zim\u0105 - obj\u0119to\u015b\u0107 i elektryzowanie si\u0119 w\u0142os\u00f3w\",\"isPartOf\":{\"@id\":\"https:\/\/estyl.pl\/blog\/#website\"},\"datePublished\":\"2014-01-29T08:01:04+00:00\",\"dateModified\":\"2015-03-28T20:26:56+00:00\",\"author\":{\"@id\":\"https:\/\/estyl.pl\/blog\/#\/schema\/person\/22fff2064045ce23be580e18ca255220\"},\"description\":\"Problemy z w\u0142osami zim\u0105 spowodowane s\u0105 codziennymi nawykami piel\u0119gnacyjnymi. Przeczytaj nasze porady i poznaj polecane kosmetyki.\",\"breadcrumb\":{\"@id\":\"https:\/\/estyl.pl\/blog\/zimowe-problemy-z-wlosami-cz-1\/#breadcrumb\"},\"inLanguage\":\"pl-PL\",\"potentialAction\":[{\"@type\":\"ReadAction\",\"target\":[\"https:\/\/estyl.pl\/blog\/zimowe-problemy-z-wlosami-cz-1\/\"]}]},{\"@type\":\"BreadcrumbList\",\"@id\":\"https:\/\/estyl.pl\/blog\/zimowe-problemy-z-wlosami-cz-1\/#breadcrumb\",\"itemListElement\":[{\"@type\":\"ListItem\",\"position\":1,\"name\":\"Piel\u0119gnacja w\u0142os\u00f3w\",\"item\":\"https:\/\/estyl.pl\/blog\/pielegnacja-wlosow\/\"},{\"@type\":\"ListItem\",\"position\":2,\"name\":\"Problemy z w\u0142osami zim\u0105 \u2013 cz. 1\"}]},{\"@type\":\"WebSite\",\"@id\":\"https:\/\/estyl.pl\/blog\/#website\",\"url\":\"https:\/\/estyl.pl\/blog\/\",\"name\":\"Blog | Estyl.pl\",\"description\":\"Kosmetyki do w\u0142os\u00f3w, porady, piel\u0119gnacja, stylizacja\",\"potentialAction\":[{\"@type\":\"SearchAction\",\"target\":{\"@type\":\"EntryPoint\",\"urlTemplate\":\"https:\/\/estyl.pl\/blog\/?s={search_term_string}\"},\"query-input\":\"required name=search_term_string\"}],\"inLanguage\":\"pl-PL\"},{\"@type\":\"Person\",\"@id\":\"https:\/\/estyl.pl\/blog\/#\/schema\/person\/22fff2064045ce23be580e18ca255220\",\"name\":\"admin\",\"url\":\"https:\/\/estyl.pl\/blog\/author\/admin\/\"}]}<\/script>\n<!-- \/ Yoast SEO plugin. -->","yoast_head_json":{"title":"Problemy z w\u0142osami zim\u0105 - obj\u0119to\u015b\u0107 i elektryzowanie si\u0119 w\u0142os\u00f3w","description":"Problemy z w\u0142osami zim\u0105 spowodowane s\u0105 codziennymi nawykami piel\u0119gnacyjnymi. Przeczytaj nasze porady i poznaj polecane kosmetyki.","robots":{"index":"index","follow":"follow","max-snippet":"max-snippet:-1","max-image-preview":"max-image-preview:large","max-video-preview":"max-video-preview:-1"},"canonical":"https:\/\/estyl.pl\/blog\/zimowe-problemy-z-wlosami-cz-1\/","og_locale":"pl_PL","og_type":"article","og_title":"Problemy z w\u0142osami zim\u0105 - obj\u0119to\u015b\u0107 i elektryzowanie si\u0119 w\u0142os\u00f3w","og_description":"Problemy z w\u0142osami zim\u0105 spowodowane s\u0105 codziennymi nawykami piel\u0119gnacyjnymi. Przeczytaj nasze porady i poznaj polecane kosmetyki.","og_url":"https:\/\/estyl.pl\/blog\/zimowe-problemy-z-wlosami-cz-1\/","og_site_name":"Blog | Estyl.pl","article_published_time":"2014-01-29T08:01:04+00:00","article_modified_time":"2015-03-28T20:26:56+00:00","og_image":[{"width":755,"height":320,"url":"https:\/\/estyl.pl\/blog\/wp-content\/uploads\/2014\/01\/jak-dba\u0107-o-w\u0142osy-zim\u01052.jpg","type":"image\/jpeg"}],"author":"admin","twitter_misc":{"Napisane przez":"admin","Szacowany czas czytania":"3 minuty"},"schema":{"@context":"https:\/\/schema.org","@graph":[{"@type":"WebPage","@id":"https:\/\/estyl.pl\/blog\/zimowe-problemy-z-wlosami-cz-1\/","url":"https:\/\/estyl.pl\/blog\/zimowe-problemy-z-wlosami-cz-1\/","name":"Problemy z w\u0142osami zim\u0105 - obj\u0119to\u015b\u0107 i elektryzowanie si\u0119 w\u0142os\u00f3w","isPartOf":{"@id":"https:\/\/estyl.pl\/blog\/#website"},"datePublished":"2014-01-29T08:01:04+00:00","dateModified":"2015-03-28T20:26:56+00:00","author":{"@id":"https:\/\/estyl.pl\/blog\/#\/schema\/person\/22fff2064045ce23be580e18ca255220"},"description":"Problemy z w\u0142osami zim\u0105 spowodowane s\u0105 codziennymi nawykami piel\u0119gnacyjnymi. Przeczytaj nasze porady i poznaj polecane kosmetyki.","breadcrumb":{"@id":"https:\/\/estyl.pl\/blog\/zimowe-problemy-z-wlosami-cz-1\/#breadcrumb"},"inLanguage":"pl-PL","potentialAction":[{"@type":"ReadAction","target":["https:\/\/estyl.pl\/blog\/zimowe-problemy-z-wlosami-cz-1\/"]}]},{"@type":"BreadcrumbList","@id":"https:\/\/estyl.pl\/blog\/zimowe-problemy-z-wlosami-cz-1\/#breadcrumb","itemListElement":[{"@type":"ListItem","position":1,"name":"Piel\u0119gnacja w\u0142os\u00f3w","item":"https:\/\/estyl.pl\/blog\/pielegnacja-wlosow\/"},{"@type":"ListItem","position":2,"name":"Problemy z w\u0142osami zim\u0105 \u2013 cz. 1"}]},{"@type":"WebSite","@id":"https:\/\/estyl.pl\/blog\/#website","url":"https:\/\/estyl.pl\/blog\/","name":"Blog | Estyl.pl","description":"Kosmetyki do w\u0142os\u00f3w, porady, piel\u0119gnacja, stylizacja","potentialAction":[{"@type":"SearchAction","target":{"@type":"EntryPoint","urlTemplate":"https:\/\/estyl.pl\/blog\/?s={search_term_string}"},"query-input":"required name=search_term_string"}],"inLanguage":"pl-PL"},{"@type":"Person","@id":"https:\/\/estyl.pl\/blog\/#\/schema\/person\/22fff2064045ce23be580e18ca255220","name":"admin","url":"https:\/\/estyl.pl\/blog\/author\/admin\/"}]}},"_links":{"self":[{"href":"https:\/\/estyl.pl\/blog\/wp-json\/wp\/v2\/posts\/22001"}],"collection":[{"href":"https:\/\/estyl.pl\/blog\/wp-json\/wp\/v2\/posts"}],"about":[{"href":"https:\/\/estyl.pl\/blog\/wp-json\/wp\/v2\/types\/post"}],"author":[{"embeddable":true,"href":"https:\/\/estyl.pl\/blog\/wp-json\/wp\/v2\/users\/1"}],"replies":[{"embeddable":true,"href":"https:\/\/estyl.pl\/blog\/wp-json\/wp\/v2\/comments?post=22001"}],"version-history":[{"count":26,"href":"https:\/\/estyl.pl\/blog\/wp-json\/wp\/v2\/posts\/22001\/revisions"}],"predecessor-version":[{"id":26790,"href":"https:\/\/estyl.pl\/blog\/wp-json\/wp\/v2\/posts\/22001\/revisions\/26790"}],"wp:featuredmedia":[{"embeddable":true,"href":"https:\/\/estyl.pl\/blog\/wp-json\/wp\/v2\/media\/26791"}],"wp:attachment":[{"href":"https:\/\/estyl.pl\/blog\/wp-json\/wp\/v2\/media?parent=22001"}],"wp:term":[{"taxonomy":"category","embeddable":true,"href":"https:\/\/estyl.pl\/blog\/wp-json\/wp\/v2\/categories?post=22001"},{"taxonomy":"post_tag","embeddable":true,"href":"https:\/\/estyl.pl\/blog\/wp-json\/wp\/v2\/tags?post=22001"}],"curies":[{"name":"wp","href":"https:\/\/api.w.org\/{rel}","templated":true}]}}