{"id":23226,"date":"2014-05-16T09:41:06","date_gmt":"2014-05-16T07:41:06","guid":{"rendered":"https:\/\/estyl.pl\/blog\/?p=23226"},"modified":"2019-05-27T09:07:55","modified_gmt":"2019-05-27T07:07:55","slug":"olejek-roucou-wlasciwosci-i-dzialanie","status":"publish","type":"post","link":"https:\/\/estyl.pl\/blog\/olejek-roucou-wlasciwosci-i-dzialanie\/","title":{"rendered":"Olejek roucou \u2013 w\u0142a\u015bciwo\u015bci i dzia\u0142anie"},"content":{"rendered":"<p><strong><a href=\"https:\/\/estyl.pl\/davines-oi-oil-olejek-do-wlosow-50ml\" data-internallinksmanager029f6b8e52c=\"9\" title=\"Davines Oi Oi olejek do w\u0142os\u00f3w\" target=\"_blank\" rel=\"noopener\">Olejek<\/a>\u00a0 roucou<\/strong> otrzymywany jest z nasion drzewa Roucou, podchodz\u0105cego z Ameryki Po\u0142udniowej. Drzewo Roucou wyst\u0119puje te\u017c pod innymi nazwami, z kt\u00f3rych najpopularniejsze to: drzewo <em>Annatto, Urucum, Achiote i Bixa Orellana<\/em> (\u0142aci\u0144ska nazwa). Indianie stosowali olejek Roucou do ochrony sk\u00f3ry przed s\u0142o\u0144cem oraz uci\u0105\u017cliwymi owadami. Podczas migracji Indian z Amazonii, nasiona Roucou zosta\u0142y sprowadzone do Polinezji, kt\u00f3rej wilgotny klimat sprzyja\u0142 uprawie drzew Achiote.<\/p>\n<p><!--more--> <strong>Czerwony barwnik<\/strong> (biksyna) zawarty w mi\u0105\u017cszu otaczaj\u0105cym owoce Roucou rdzenni mieszka\u0144cy Ameryki u\u017cywali do barwienia cia\u0142a podczas wszelkich \u015bwi\u0105t i ceremonii. Do dzisiaj biksyn\u0119 stosuje si\u0119 w celu barwienia ser\u00f3w \u017c\u00f3\u0142tych, margaryn, czy w\u0119dlin. Jako ciekawostk\u0119 dodam, \u017ce barwnika z nasion Roucou u\u017cywa\u0142 sam Gauguin do realizacji swoich prac.<\/p>\n<p><a href=\"https:\/\/estyl.pl\/blog\/wp-content\/uploads\/2014\/05\/olejek-rocou.jpg\" target=\"_blank\" rel=\"lightbox[23226]\"><img decoding=\"async\" loading=\"lazy\" class=\"aligncenter wp-image-26478 size-full\" title=\"Olejek roucou\" src=\"https:\/\/estyl.pl\/blog\/wp-content\/uploads\/2014\/05\/olejek-rocou.jpg\" alt=\"Olejek roucou\" width=\"750\" height=\"460\" srcset=\"https:\/\/estyl.pl\/blog\/wp-content\/uploads\/2014\/05\/olejek-rocou.jpg 750w, https:\/\/estyl.pl\/blog\/wp-content\/uploads\/2014\/05\/olejek-rocou-300x184.jpg 300w, https:\/\/estyl.pl\/blog\/wp-content\/uploads\/2014\/05\/olejek-rocou-580x356.jpg 580w, https:\/\/estyl.pl\/blog\/wp-content\/uploads\/2014\/05\/olejek-rocou-261x160.jpg 261w\" sizes=\"(max-width: 750px) 100vw, 750px\" \/><\/a><\/p>\n<p><strong>Szkar\u0142atne nasiona Roucou<\/strong> pochodz\u0105 z ma\u0142ych drzewek Bixa Orellana. Arnota w\u0142a\u015bciwa pochodzi z rodziny arnowatych, osi\u0105gaj\u0105c wysoko\u015b\u0107 do 10 m. Ro\u015blina kwitnie niemal przez ca\u0142y rok, wydaj\u0105c charakterystyczne, kolczaste owoce. Ka\u017cdy du\u017cy owoc Achiote to \u017ar\u00f3d\u0142o oko\u0142o 50 nasion. Jak si\u0119 okaza\u0142o nasiona Roucou posiadaj\u0105 nie tylko fenomenalne w\u0142a\u015bciwo\u015bci barwi\u0105ce, ale te\u017c sprawdzaj\u0105 si\u0119 w kuchni (aromat ziaren Roucou przypomina nieco ga\u0142k\u0119 muszkato\u0142ow\u0105).<\/p>\n<h3><strong>Opr\u00f3cz barwnik\u00f3w<\/strong> nasiona Roucou zawieraj\u0105 w sk\u0142adzie karotenoidy, olejki, aminokwasy, sacharoz\u0119, kwas salicylowy, kwas elagowy, selen, magnez, czy wap\u0144. Od jakiego czasu olejek z Roucou wykorzystuje si\u0119 tak\u017ce w przemy\u015ble medycznym i kosmetycznym.<\/h3>\n<p><a href=\"https:\/\/estyl.pl\/blog\/wp-content\/uploads\/2014\/05\/olejek-rocou-davines.jpg\" rel=\"lightbox[23226]\"><img decoding=\"async\" loading=\"lazy\" class=\"aligncenter wp-image-26477 size-full\" title=\"Olejek roucou\" src=\"https:\/\/estyl.pl\/blog\/wp-content\/uploads\/2014\/05\/olejek-rocou-davines.jpg\" alt=\"olejek rocou davines\" width=\"755\" height=\"320\" srcset=\"https:\/\/estyl.pl\/blog\/wp-content\/uploads\/2014\/05\/olejek-rocou-davines.jpg 755w, https:\/\/estyl.pl\/blog\/wp-content\/uploads\/2014\/05\/olejek-rocou-davines-300x127.jpg 300w, https:\/\/estyl.pl\/blog\/wp-content\/uploads\/2014\/05\/olejek-rocou-davines-580x246.jpg 580w, https:\/\/estyl.pl\/blog\/wp-content\/uploads\/2014\/05\/olejek-rocou-davines-261x111.jpg 261w\" sizes=\"(max-width: 755px) 100vw, 755px\" \/><\/a><\/p>\n<h3>G\u0142\u00f3wne w\u0142a\u015bciwo\u015bci olejku z nasion Roucou:<\/h3>\n<ul>\n<li>silne w\u0142a\u015bciwo\u015bci przeciwutleniaj\u0105ce (zwalcza wolne rodniki),<\/li>\n<li>zapobiega przedwczesnemu starzeniu sk\u00f3ry i w\u0142os\u00f3w,<\/li>\n<li>stymuluje produkcj\u0119 melaniny,<\/li>\n<li>chroni przed promieniowaniem UV i czynnikami zewn\u0119trznymi,<\/li>\n<li>odbudowuje struktur\u0119 w\u0142os\u00f3w,<\/li>\n<li>zmi\u0119kcza i nawil\u017ca <a href=\"https:\/\/estyl.pl\/wlosy\" data-internallinksmanager029f6b8e52c=\"2\" title=\"w\u0142osy\">w\u0142osy<\/a>,<\/li>\n<li>dzia\u0142a antybakteryjnie i \u015bci\u0105gaj\u0105co na sk\u00f3r\u0119,<\/li>\n<li>pomaga w walce z siwieniem,<\/li>\n<li>u\u0142atwia rozczesywanie w\u0142os\u00f3w,<\/li>\n<li>zapobiega puszeniu i elektryzowaniu,<\/li>\n<li>nie obci\u0105\u017ca struktury w\u0142osa.<\/li>\n<\/ul>\n<div class=\"minpic\"><a href=\"https:\/\/estyl.pl\/davines-oi-oil-conditioner-250ml\" target=\"_blank\"><img decoding=\"async\" loading=\"lazy\" class=\"alignnone size-thumbnail wp-image-23242\" title=\"Davines Ol Conditioner\" src=\"https:\/\/estyl.pl\/blog\/wp-content\/uploads\/2014\/05\/Davines-Ol-Conditioner-150x150.jpg\" alt=\"Davines Ol Conditioner\" width=\"150\" height=\"150\" srcset=\"https:\/\/estyl.pl\/blog\/wp-content\/uploads\/2014\/05\/Davines-Ol-Conditioner-150x150.jpg 150w, https:\/\/estyl.pl\/blog\/wp-content\/uploads\/2014\/05\/Davines-Ol-Conditioner-300x300.jpg 300w, https:\/\/estyl.pl\/blog\/wp-content\/uploads\/2014\/05\/Davines-Ol-Conditioner-261x261.jpg 261w, https:\/\/estyl.pl\/blog\/wp-content\/uploads\/2014\/05\/Davines-Ol-Conditioner.jpg 480w\" sizes=\"(max-width: 150px) 100vw, 150px\" \/><\/a><a href=\"https:\/\/estyl.pl\/davines-oi-oil-olejek-do-wlosow-50ml\"><img decoding=\"async\" loading=\"lazy\" class=\"alignnone size-thumbnail wp-image-23243\" title=\"Olejek Davines Ol Oil\" src=\"https:\/\/estyl.pl\/blog\/wp-content\/uploads\/2014\/05\/Davines-Ol-Oil-150x150.jpg\" alt=\"Olejek Davines Ol Oil\" width=\"150\" height=\"150\" srcset=\"https:\/\/estyl.pl\/blog\/wp-content\/uploads\/2014\/05\/Davines-Ol-Oil-150x150.jpg 150w, https:\/\/estyl.pl\/blog\/wp-content\/uploads\/2014\/05\/Davines-Ol-Oil-300x300.jpg 300w, https:\/\/estyl.pl\/blog\/wp-content\/uploads\/2014\/05\/Davines-Ol-Oil-261x261.jpg 261w, https:\/\/estyl.pl\/blog\/wp-content\/uploads\/2014\/05\/Davines-Ol-Oil.jpg 480w\" sizes=\"(max-width: 150px) 100vw, 150px\" \/><\/a><a href=\"https:\/\/estyl.pl\/davines-oi-szampon-do-kazdego-rodzaju-wlosow-280ml\"><img decoding=\"async\" loading=\"lazy\" class=\"alignnone wp-image-23244 size-thumbnail\" title=\"Davines Ol Shampoo\" src=\"https:\/\/estyl.pl\/blog\/wp-content\/uploads\/2014\/05\/Davines-Ol-Shampoo-150x150.jpg\" alt=\"Davines Ol Shampoo\" width=\"150\" height=\"150\" srcset=\"https:\/\/estyl.pl\/blog\/wp-content\/uploads\/2014\/05\/Davines-Ol-Shampoo-150x150.jpg 150w, https:\/\/estyl.pl\/blog\/wp-content\/uploads\/2014\/05\/Davines-Ol-Shampoo-300x300.jpg 300w, https:\/\/estyl.pl\/blog\/wp-content\/uploads\/2014\/05\/Davines-Ol-Shampoo-261x261.jpg 261w, https:\/\/estyl.pl\/blog\/wp-content\/uploads\/2014\/05\/Davines-Ol-Shampoo.jpg 480w\" sizes=\"(max-width: 150px) 100vw, 150px\" \/><\/a><\/div>\n<p><strong>Olejek Roucou znajdziecie<\/strong> w kosmetykach do w\u0142os\u00f3w Davienes takich, jak: od\u017cywka do ka\u017cdego rodzaju w\u0142os\u00f3w <a href=\"https:\/\/estyl.pl\/davines-oi-oil-conditioner-250ml\" target=\"_blank\"><strong>Davines Ol OIL<\/strong><\/a>, olejek <a href=\"https:\/\/estyl.pl\/davines-oi-oil-olejek-do-wlosow-50ml\" target=\"_blank\"><strong>Davines Ol Oil<\/strong><\/a> oraz <a href=\"https:\/\/estyl.pl\/davines-oi-szampon-do-kazdego-rodzaju-wlosow-280ml\" target=\"_blank\"><strong>szampon Ol Oil<\/strong> <\/a>dodaj\u0105cy w\u0142osom mi\u0119kko\u015bci i obj\u0119to\u015bci.<\/p>\n","protected":false},"excerpt":{"rendered":"<p>Olejek\u00a0 roucou otrzymywany jest z nasion drzewa Roucou, podchodz\u0105cego z Ameryki Po\u0142udniowej. Drzewo Roucou wyst\u0119puje te\u017c pod innymi nazwami, z kt\u00f3rych najpopularniejsze to: drzewo Annatto, Urucum, Achiote i Bixa Orellana (\u0142aci\u0144ska nazwa). Indianie stosowali olejek Roucou do ochrony sk\u00f3ry przed s\u0142o\u0144cem oraz uci\u0105\u017cliwymi owadami. Podczas migracji Indian z Amazonii, nasiona Roucou zosta\u0142y sprowadzone do Polinezji, [&hellip;]<\/p>\n","protected":false},"author":23,"featured_media":26477,"comment_status":"open","ping_status":"closed","sticky":false,"template":"","format":"standard","meta":{"_eb_attr":""},"categories":[34],"tags":[2003,156],"acf":[],"yoast_head":"<!-- This site is optimized with the Yoast SEO plugin v20.8 - https:\/\/yoast.com\/wordpress\/plugins\/seo\/ -->\n<title>Olejek roucou - w\u0142a\u015bciwo\u015bci i dzia\u0142anie olejku<\/title>\n<meta name=\"description\" content=\"Znasz Olejek roucou ? A czy wiesz jakie w\u0142a\u015bciwo\u015bci i dzia\u0142anie dla Twoich w\u0142os\u00f3w ma olejek roucou ? Dzi\u015b opowiemy troch\u0119 o tym cennym sk\u0142adniku kosmetyk\u00f3w\" \/>\n<meta name=\"robots\" content=\"index, follow, max-snippet:-1, max-image-preview:large, max-video-preview:-1\" \/>\n<link rel=\"canonical\" href=\"https:\/\/estyl.pl\/blog\/olejek-roucou-wlasciwosci-i-dzialanie\/\" \/>\n<meta property=\"og:locale\" content=\"pl_PL\" \/>\n<meta property=\"og:type\" content=\"article\" \/>\n<meta property=\"og:title\" content=\"Olejek roucou - w\u0142a\u015bciwo\u015bci i dzia\u0142anie olejku\" \/>\n<meta property=\"og:description\" content=\"Znasz Olejek roucou ? A czy wiesz jakie w\u0142a\u015bciwo\u015bci i dzia\u0142anie dla Twoich w\u0142os\u00f3w ma olejek roucou ? Dzi\u015b opowiemy troch\u0119 o tym cennym sk\u0142adniku kosmetyk\u00f3w\" \/>\n<meta property=\"og:url\" content=\"https:\/\/estyl.pl\/blog\/olejek-roucou-wlasciwosci-i-dzialanie\/\" \/>\n<meta property=\"og:site_name\" content=\"Blog | Estyl.pl\" \/>\n<meta property=\"article:author\" content=\"kdrogowskakwasnik\" \/>\n<meta property=\"article:published_time\" content=\"2014-05-16T07:41:06+00:00\" \/>\n<meta property=\"article:modified_time\" content=\"2019-05-27T07:07:55+00:00\" \/>\n<meta property=\"og:image\" content=\"https:\/\/estyl.pl\/blog\/wp-content\/uploads\/2014\/05\/olejek-rocou-davines.jpg\" \/>\n\t<meta property=\"og:image:width\" content=\"755\" \/>\n\t<meta property=\"og:image:height\" content=\"320\" \/>\n\t<meta property=\"og:image:type\" content=\"image\/jpeg\" \/>\n<meta name=\"author\" content=\"Karolina\" \/>\n<meta name=\"twitter:label1\" content=\"Napisane przez\" \/>\n\t<meta name=\"twitter:data1\" content=\"Karolina\" \/>\n\t<meta name=\"twitter:label2\" content=\"Szacowany czas czytania\" \/>\n\t<meta name=\"twitter:data2\" content=\"2 minuty\" \/>\n<script type=\"application\/ld+json\" class=\"yoast-schema-graph\">{\"@context\":\"https:\/\/schema.org\",\"@graph\":[{\"@type\":\"WebPage\",\"@id\":\"https:\/\/estyl.pl\/blog\/olejek-roucou-wlasciwosci-i-dzialanie\/\",\"url\":\"https:\/\/estyl.pl\/blog\/olejek-roucou-wlasciwosci-i-dzialanie\/\",\"name\":\"Olejek roucou - w\u0142a\u015bciwo\u015bci i dzia\u0142anie olejku\",\"isPartOf\":{\"@id\":\"https:\/\/estyl.pl\/blog\/#website\"},\"datePublished\":\"2014-05-16T07:41:06+00:00\",\"dateModified\":\"2019-05-27T07:07:55+00:00\",\"author\":{\"@id\":\"https:\/\/estyl.pl\/blog\/#\/schema\/person\/debe1fb907542b5dc82bccc2029e474f\"},\"description\":\"Znasz Olejek roucou ? A czy wiesz jakie w\u0142a\u015bciwo\u015bci i dzia\u0142anie dla Twoich w\u0142os\u00f3w ma olejek roucou ? Dzi\u015b opowiemy troch\u0119 o tym cennym sk\u0142adniku kosmetyk\u00f3w\",\"breadcrumb\":{\"@id\":\"https:\/\/estyl.pl\/blog\/olejek-roucou-wlasciwosci-i-dzialanie\/#breadcrumb\"},\"inLanguage\":\"pl-PL\",\"potentialAction\":[{\"@type\":\"ReadAction\",\"target\":[\"https:\/\/estyl.pl\/blog\/olejek-roucou-wlasciwosci-i-dzialanie\/\"]}]},{\"@type\":\"BreadcrumbList\",\"@id\":\"https:\/\/estyl.pl\/blog\/olejek-roucou-wlasciwosci-i-dzialanie\/#breadcrumb\",\"itemListElement\":[{\"@type\":\"ListItem\",\"position\":1,\"name\":\"Leksykon kosmetyczny\",\"item\":\"https:\/\/estyl.pl\/blog\/leksykon-kosmetyczny\/\"},{\"@type\":\"ListItem\",\"position\":2,\"name\":\"Olejek roucou \u2013 w\u0142a\u015bciwo\u015bci i dzia\u0142anie\"}]},{\"@type\":\"WebSite\",\"@id\":\"https:\/\/estyl.pl\/blog\/#website\",\"url\":\"https:\/\/estyl.pl\/blog\/\",\"name\":\"Blog | Estyl.pl\",\"description\":\"Kosmetyki do w\u0142os\u00f3w, porady, piel\u0119gnacja, stylizacja\",\"potentialAction\":[{\"@type\":\"SearchAction\",\"target\":{\"@type\":\"EntryPoint\",\"urlTemplate\":\"https:\/\/estyl.pl\/blog\/?s={search_term_string}\"},\"query-input\":\"required name=search_term_string\"}],\"inLanguage\":\"pl-PL\"},{\"@type\":\"Person\",\"@id\":\"https:\/\/estyl.pl\/blog\/#\/schema\/person\/debe1fb907542b5dc82bccc2029e474f\",\"name\":\"Karolina\",\"description\":\"Absolwentka kosmetologii i dietetyki na \u015al\u0105skiej Wy\u017cszej Szkole Medycznej w Katowicach. Ze sklepem Estyl.pl zwi\u0105zana od wielu lat. Wiedz\u0119 na temat produkt\u00f3w zebra\u0142a pracuj\u0105c w sklepie stacjonanym w Katowicach. Aktualnie pracuje jako copywriter, co daje jej du\u017co satysfakcji. Uwielbia testowa\u0107 nowe kosmetyki.\",\"sameAs\":[\"kdrogowskakwasnik\"],\"url\":\"https:\/\/estyl.pl\/blog\/author\/k-mistalsiekiera\/\"}]}<\/script>\n<!-- \/ Yoast SEO plugin. -->","yoast_head_json":{"title":"Olejek roucou - w\u0142a\u015bciwo\u015bci i dzia\u0142anie olejku","description":"Znasz Olejek roucou ? A czy wiesz jakie w\u0142a\u015bciwo\u015bci i dzia\u0142anie dla Twoich w\u0142os\u00f3w ma olejek roucou ? Dzi\u015b opowiemy troch\u0119 o tym cennym sk\u0142adniku kosmetyk\u00f3w","robots":{"index":"index","follow":"follow","max-snippet":"max-snippet:-1","max-image-preview":"max-image-preview:large","max-video-preview":"max-video-preview:-1"},"canonical":"https:\/\/estyl.pl\/blog\/olejek-roucou-wlasciwosci-i-dzialanie\/","og_locale":"pl_PL","og_type":"article","og_title":"Olejek roucou - w\u0142a\u015bciwo\u015bci i dzia\u0142anie olejku","og_description":"Znasz Olejek roucou ? A czy wiesz jakie w\u0142a\u015bciwo\u015bci i dzia\u0142anie dla Twoich w\u0142os\u00f3w ma olejek roucou ? Dzi\u015b opowiemy troch\u0119 o tym cennym sk\u0142adniku kosmetyk\u00f3w","og_url":"https:\/\/estyl.pl\/blog\/olejek-roucou-wlasciwosci-i-dzialanie\/","og_site_name":"Blog | Estyl.pl","article_author":"kdrogowskakwasnik","article_published_time":"2014-05-16T07:41:06+00:00","article_modified_time":"2019-05-27T07:07:55+00:00","og_image":[{"width":755,"height":320,"url":"https:\/\/estyl.pl\/blog\/wp-content\/uploads\/2014\/05\/olejek-rocou-davines.jpg","type":"image\/jpeg"}],"author":"Karolina","twitter_misc":{"Napisane przez":"Karolina","Szacowany czas czytania":"2 minuty"},"schema":{"@context":"https:\/\/schema.org","@graph":[{"@type":"WebPage","@id":"https:\/\/estyl.pl\/blog\/olejek-roucou-wlasciwosci-i-dzialanie\/","url":"https:\/\/estyl.pl\/blog\/olejek-roucou-wlasciwosci-i-dzialanie\/","name":"Olejek roucou - w\u0142a\u015bciwo\u015bci i dzia\u0142anie olejku","isPartOf":{"@id":"https:\/\/estyl.pl\/blog\/#website"},"datePublished":"2014-05-16T07:41:06+00:00","dateModified":"2019-05-27T07:07:55+00:00","author":{"@id":"https:\/\/estyl.pl\/blog\/#\/schema\/person\/debe1fb907542b5dc82bccc2029e474f"},"description":"Znasz Olejek roucou ? A czy wiesz jakie w\u0142a\u015bciwo\u015bci i dzia\u0142anie dla Twoich w\u0142os\u00f3w ma olejek roucou ? Dzi\u015b opowiemy troch\u0119 o tym cennym sk\u0142adniku kosmetyk\u00f3w","breadcrumb":{"@id":"https:\/\/estyl.pl\/blog\/olejek-roucou-wlasciwosci-i-dzialanie\/#breadcrumb"},"inLanguage":"pl-PL","potentialAction":[{"@type":"ReadAction","target":["https:\/\/estyl.pl\/blog\/olejek-roucou-wlasciwosci-i-dzialanie\/"]}]},{"@type":"BreadcrumbList","@id":"https:\/\/estyl.pl\/blog\/olejek-roucou-wlasciwosci-i-dzialanie\/#breadcrumb","itemListElement":[{"@type":"ListItem","position":1,"name":"Leksykon kosmetyczny","item":"https:\/\/estyl.pl\/blog\/leksykon-kosmetyczny\/"},{"@type":"ListItem","position":2,"name":"Olejek roucou \u2013 w\u0142a\u015bciwo\u015bci i dzia\u0142anie"}]},{"@type":"WebSite","@id":"https:\/\/estyl.pl\/blog\/#website","url":"https:\/\/estyl.pl\/blog\/","name":"Blog | Estyl.pl","description":"Kosmetyki do w\u0142os\u00f3w, porady, piel\u0119gnacja, stylizacja","potentialAction":[{"@type":"SearchAction","target":{"@type":"EntryPoint","urlTemplate":"https:\/\/estyl.pl\/blog\/?s={search_term_string}"},"query-input":"required name=search_term_string"}],"inLanguage":"pl-PL"},{"@type":"Person","@id":"https:\/\/estyl.pl\/blog\/#\/schema\/person\/debe1fb907542b5dc82bccc2029e474f","name":"Karolina","description":"Absolwentka kosmetologii i dietetyki na \u015al\u0105skiej Wy\u017cszej Szkole Medycznej w Katowicach. Ze sklepem Estyl.pl zwi\u0105zana od wielu lat. Wiedz\u0119 na temat produkt\u00f3w zebra\u0142a pracuj\u0105c w sklepie stacjonanym w Katowicach. Aktualnie pracuje jako copywriter, co daje jej du\u017co satysfakcji. Uwielbia testowa\u0107 nowe kosmetyki.","sameAs":["kdrogowskakwasnik"],"url":"https:\/\/estyl.pl\/blog\/author\/k-mistalsiekiera\/"}]}},"_links":{"self":[{"href":"https:\/\/estyl.pl\/blog\/wp-json\/wp\/v2\/posts\/23226"}],"collection":[{"href":"https:\/\/estyl.pl\/blog\/wp-json\/wp\/v2\/posts"}],"about":[{"href":"https:\/\/estyl.pl\/blog\/wp-json\/wp\/v2\/types\/post"}],"author":[{"embeddable":true,"href":"https:\/\/estyl.pl\/blog\/wp-json\/wp\/v2\/users\/23"}],"replies":[{"embeddable":true,"href":"https:\/\/estyl.pl\/blog\/wp-json\/wp\/v2\/comments?post=23226"}],"version-history":[{"count":26,"href":"https:\/\/estyl.pl\/blog\/wp-json\/wp\/v2\/posts\/23226\/revisions"}],"predecessor-version":[{"id":33333,"href":"https:\/\/estyl.pl\/blog\/wp-json\/wp\/v2\/posts\/23226\/revisions\/33333"}],"wp:featuredmedia":[{"embeddable":true,"href":"https:\/\/estyl.pl\/blog\/wp-json\/wp\/v2\/media\/26477"}],"wp:attachment":[{"href":"https:\/\/estyl.pl\/blog\/wp-json\/wp\/v2\/media?parent=23226"}],"wp:term":[{"taxonomy":"category","embeddable":true,"href":"https:\/\/estyl.pl\/blog\/wp-json\/wp\/v2\/categories?post=23226"},{"taxonomy":"post_tag","embeddable":true,"href":"https:\/\/estyl.pl\/blog\/wp-json\/wp\/v2\/tags?post=23226"}],"curies":[{"name":"wp","href":"https:\/\/api.w.org\/{rel}","templated":true}]}}