{"id":24435,"date":"2014-09-10T10:56:42","date_gmt":"2014-09-10T08:56:42","guid":{"rendered":"https:\/\/estyl.pl\/blog\/?p=24435"},"modified":"2024-11-19T13:22:51","modified_gmt":"2024-11-19T11:22:51","slug":"rekonstrukcja-wlosow-zniszczonych-wg-joico-k-pak","status":"publish","type":"post","link":"https:\/\/estyl.pl\/blog\/rekonstrukcja-wlosow-zniszczonych-wg-joico-k-pak\/","title":{"rendered":"Rekonstrukcja w\u0142os\u00f3w JOICO K-PAK"},"content":{"rendered":"<p style=\"text-align: justify;\"><b>Je\u015bli Twoje <a href=\"https:\/\/estyl.pl\/wlosy\" data-internallinksmanager029f6b8e52c=\"2\" title=\"w\u0142osy\">w\u0142osy<\/a> s\u0105 zniszczone ci\u0105g\u0142ym suszeniem, modelowaniem lub farbowaniem, a Ty nie masz ju\u017c pomys\u0142u na ich odbudow\u0119, koniecznie musisz pozna\u0107, czym jest<\/b><a href=\"https:\/\/estyl.pl\/marka\/joico\/k-pak\" target=\"_blank\" rel=\"noopener noreferrer\">&nbsp;<b>rekonstrukcja w\u0142os\u00f3w JOICO K-PAK<\/b><\/a><b>. To intensywna regeneracja Twoich w\u0142os\u00f3w ju\u017c po pierwszym zastosowaniu.<\/b><!--more--><\/p>\n<h3 style=\"text-align: justify;\"><\/h3>\n<p><a href=\"https:\/\/estyl.pl\/blog\/wp-content\/uploads\/2014\/09\/joico-k-pak-2.jpg\" target=\"_blank\" rel=\"noopener noreferrer\" rel=\"lightbox[24435]\"><img decoding=\"async\" loading=\"lazy\" class=\"aligncenter wp-image-37072 size-full\" title=\"Rekonstrukcja w\u0142os\u00f3w Joico K-PAK \" src=\"https:\/\/estyl.pl\/blog\/wp-content\/uploads\/2014\/09\/joico-k-pak-2.jpg\" alt=\"Rekonstrukcja w\u0142os\u00f3w Joico K-PAK \" width=\"755\" height=\"315\" srcset=\"https:\/\/estyl.pl\/blog\/wp-content\/uploads\/2014\/09\/joico-k-pak-2.jpg 755w, https:\/\/estyl.pl\/blog\/wp-content\/uploads\/2014\/09\/joico-k-pak-2-300x125.jpg 300w, https:\/\/estyl.pl\/blog\/wp-content\/uploads\/2014\/09\/joico-k-pak-2-580x242.jpg 580w, https:\/\/estyl.pl\/blog\/wp-content\/uploads\/2014\/09\/joico-k-pak-2-261x109.jpg 261w\" sizes=\"(max-width: 755px) 100vw, 755px\" \/><\/a><\/p>\n<h2 style=\"text-align: justify;\"><b>Na czym polega zabieg rekonstrukcji JOICO K-PAK?<\/b><\/h2>\n<p style=\"text-align: justify;\">Zabieg dost\u0119pny jest w salonach fryzjerskich, ale spokojnie mo\u017cesz go r\u00f3wnie\u017c wykonywa\u0107 w domowym zaciszu wedle potrzeby.<\/p>\n<p style=\"text-align: justify;\">Ja, po ciep\u0142ych, pe\u0142nych s\u0142o\u0144ca wakacjach, postanowi\u0142am go zafundowa\u0107 swoim w\u0142osom. To niesamowite, jak bardzo widoczny jest efekt. Wida\u0107 go ju\u017c po ok. 45 minutach piel\u0119gnacji, dlatego nie omieszka\u0142am podzieli\u0107 si\u0119 z Tob\u0105 swoimi wra\u017ceniami.<\/p>\n<p style=\"text-align: justify;\">Fenomen tej rekonstrukcji tkwi w 4 etapach \u2013 4 produktach<a href=\"https:\/\/estyl.pl\/marka\/joico\" target=\"_blank\" rel=\"noopener noreferrer\"> JOICO<\/a> nak\u0142adanych odpowiednio i kolejno po sobie.<\/p>\n<p style=\"text-align: justify;\"><a href=\"https:\/\/estyl.pl\/blog\/wp-content\/uploads\/2014\/09\/Joico-produkty.png\" target=\"_blank\" rel=\"noopener noreferrer\" rel=\"lightbox[24435]\"><img decoding=\"async\" loading=\"lazy\" class=\"aligncenter wp-image-37062 size-large\" title=\"Rekonstrukcja w\u0142os\u00f3w Joico K-PAK\" src=\"https:\/\/estyl.pl\/blog\/wp-content\/uploads\/2014\/09\/Joico-produkty-580x362.png\" alt=\"Rekonstrukcja w\u0142os\u00f3w Joico K-PAK\" width=\"580\" height=\"362\" srcset=\"https:\/\/estyl.pl\/blog\/wp-content\/uploads\/2014\/09\/Joico-produkty-580x362.png 580w, https:\/\/estyl.pl\/blog\/wp-content\/uploads\/2014\/09\/Joico-produkty-300x187.png 300w, https:\/\/estyl.pl\/blog\/wp-content\/uploads\/2014\/09\/Joico-produkty-768x479.png 768w, https:\/\/estyl.pl\/blog\/wp-content\/uploads\/2014\/09\/Joico-produkty-1536x959.png 1536w, https:\/\/estyl.pl\/blog\/wp-content\/uploads\/2014\/09\/Joico-produkty-2048x1278.png 2048w, https:\/\/estyl.pl\/blog\/wp-content\/uploads\/2014\/09\/Joico-produkty-755x471.png 755w, https:\/\/estyl.pl\/blog\/wp-content\/uploads\/2014\/09\/Joico-produkty-261x163.png 261w\" sizes=\"(max-width: 580px) 100vw, 580px\" \/><\/a><a href=\"https:\/\/estyl.pl\/blog\/wp-content\/uploads\/2014\/09\/joico-k-pak.jpg\" rel=\"lightbox[24435]\"><br \/>\n<\/a><\/p>\n<h3 style=\"text-align: justify;\"><b>Etap I \u2013 oczyszczanie<\/b><\/h3>\n<p style=\"text-align: justify;\"><a href=\"https:\/\/estyl.pl\/blog\/wp-content\/uploads\/2014\/09\/Joico-Clarifying-Shampoo.png\" target=\"_blank\" rel=\"noopener noreferrer\" rel=\"lightbox[24435]\"><img decoding=\"async\" loading=\"lazy\" class=\"alignleft wp-image-37063\" title=\"Rekonstrukcja w\u0142os\u00f3w Joico K-PAK - Etap I - Szampon oczyszczaj\u0105cy\" src=\"https:\/\/estyl.pl\/blog\/wp-content\/uploads\/2014\/09\/Joico-Clarifying-Shampoo.png\" alt=\"Rekonstrukcja w\u0142os\u00f3w Joico K-PAK - Etap I - Szampon oczyszczaj\u0105cy\" width=\"79\" height=\"150\" srcset=\"https:\/\/estyl.pl\/blog\/wp-content\/uploads\/2014\/09\/Joico-Clarifying-Shampoo.png 2540w, https:\/\/estyl.pl\/blog\/wp-content\/uploads\/2014\/09\/Joico-Clarifying-Shampoo-159x300.png 159w, https:\/\/estyl.pl\/blog\/wp-content\/uploads\/2014\/09\/Joico-Clarifying-Shampoo-580x1096.png 580w, https:\/\/estyl.pl\/blog\/wp-content\/uploads\/2014\/09\/Joico-Clarifying-Shampoo-768x1451.png 768w, https:\/\/estyl.pl\/blog\/wp-content\/uploads\/2014\/09\/Joico-Clarifying-Shampoo-813x1536.png 813w, https:\/\/estyl.pl\/blog\/wp-content\/uploads\/2014\/09\/Joico-Clarifying-Shampoo-1084x2048.png 1084w, https:\/\/estyl.pl\/blog\/wp-content\/uploads\/2014\/09\/Joico-Clarifying-Shampoo-755x1427.png 755w, https:\/\/estyl.pl\/blog\/wp-content\/uploads\/2014\/09\/Joico-Clarifying-Shampoo-261x493.png 261w\" sizes=\"(max-width: 79px) 100vw, 79px\" \/><\/a><\/p>\n<p>&nbsp;<\/p>\n<p style=\"text-align: justify;\"><a href=\"https:\/\/estyl.pl\/joico-k-pak-clarifying-szampon-gleboko-oczyszczajacy-300ml\" target=\"_blank\" rel=\"noopener noreferrer\">Claryfying Shampoo<\/a> albo<a href=\"https:\/\/estyl.pl\/joico-k-pak-szampon-do-wlosow-zniszczonych-300ml\" target=\"_blank\" rel=\"noopener noreferrer\"> K-PAK Shampoo<\/a> \u2013 delikatny szampon o potr\u00f3jnym dzia\u0142aniu, oczyszcza w\u0142osy i sk\u00f3r\u0119 g\u0142owy, usuwa resztki produkt\u00f3w do stylizacji oraz mineralne osady i dog\u0142\u0119bnie nawil\u017ca w\u0142osy.<\/p>\n<p style=\"text-align: justify;\">Na\u0142\u00f3\u017c <a href=\"https:\/\/estyl.pl\/revlon-uniq-one-odzywczy-szampon-do-wlosow-300ml\">szampon<\/a> na w\u0142osy, delikatnie masuj\u0105c okr\u0119\u017cnymi ruchami tu\u017c u nasady w\u0142os\u00f3w oraz na ca\u0142ej ich d\u0142ugo\u015bci. Nast\u0119pnie sp\u0142ucz.<\/p>\n<h3><\/h3>\n<h3 style=\"text-align: justify;\"><b>Etap II \u2013 przywr\u00f3cenie w\u0142a\u015bciwego pH i wyg\u0142adzanie<\/b><\/h3>\n<p style=\"text-align: justify;\"><a href=\"https:\/\/estyl.pl\/blog\/wp-content\/uploads\/2014\/09\/joico_k-pak_cuticle_sealer_1000ml_new-1.jpg\" target=\"_blank\" rel=\"noopener noreferrer\" rel=\"lightbox[24435]\"><img decoding=\"async\" loading=\"lazy\" class=\"alignleft wp-image-37065\" title=\"Rekonstrukcja Joico K-PAK - Etap II - Cuticle Sealer\" src=\"https:\/\/estyl.pl\/blog\/wp-content\/uploads\/2014\/09\/joico_k-pak_cuticle_sealer_1000ml_new-1.jpg\" alt=\"Rekonstrukcja Joico K-PAK - Etap II - Cuticle Sealer\" width=\"63\" height=\"150\" srcset=\"https:\/\/estyl.pl\/blog\/wp-content\/uploads\/2014\/09\/joico_k-pak_cuticle_sealer_1000ml_new-1.jpg 236w, https:\/\/estyl.pl\/blog\/wp-content\/uploads\/2014\/09\/joico_k-pak_cuticle_sealer_1000ml_new-1-126x300.jpg 126w\" sizes=\"(max-width: 63px) 100vw, 63px\" \/><\/a><\/p>\n<p>&nbsp;<\/p>\n<p style=\"text-align: justify;\"><a href=\"https:\/\/estyl.pl\/k-pak-cuticle-sealer-neutralizer-1000ml?utm_source=blog&amp;utm_medium=blog_wpis&amp;utm_campaign=joico_k_pak\" target=\"_blank\" rel=\"noopener noreferrer\">Cuticle Sealer<\/a> \u2013 od\u017cywka do w\u0142os\u00f3w, kt\u00f3ra przywraca im naturalne pH, wyg\u0142adza powierzchni\u0119 w\u0142osa i przygotowuje do dalszych etap\u00f3w piel\u0119gnacji.<\/p>\n<p style=\"text-align: justify;\">Na\u0142\u00f3\u017c od\u017cywk\u0119 na wilgotne w\u0142osy, rozprowad\u017a po ca\u0142ej d\u0142ugo\u015bci i pozostaw na 5 minut, nast\u0119pnie dok\u0142adnie sp\u0142ucz.<\/p>\n<h3><\/h3>\n<h3><\/h3>\n<h3 style=\"text-align: justify;\"><b>Etap III \u2013 odbudowa<\/b><\/h3>\n<p style=\"text-align: justify;\"><a href=\"https:\/\/estyl.pl\/blog\/wp-content\/uploads\/2014\/09\/Joico-Reconstructor-zabieg.png\" target=\"_blank\" rel=\"noopener noreferrer\" rel=\"lightbox[24435]\"><img decoding=\"async\" loading=\"lazy\" class=\"alignleft wp-image-37066\" title=\"Rekonstrukcja Joico K-PAK - Etap III - Reconstructor\" src=\"https:\/\/estyl.pl\/blog\/wp-content\/uploads\/2014\/09\/Joico-Reconstructor-zabieg.png\" alt=\"Rekonstrukcja Joico K-PAK - Etap III - Reconstructor\" width=\"104\" height=\"150\" srcset=\"https:\/\/estyl.pl\/blog\/wp-content\/uploads\/2014\/09\/Joico-Reconstructor-zabieg.png 3332w, https:\/\/estyl.pl\/blog\/wp-content\/uploads\/2014\/09\/Joico-Reconstructor-zabieg-208x300.png 208w, https:\/\/estyl.pl\/blog\/wp-content\/uploads\/2014\/09\/Joico-Reconstructor-zabieg-580x836.png 580w, https:\/\/estyl.pl\/blog\/wp-content\/uploads\/2014\/09\/Joico-Reconstructor-zabieg-768x1106.png 768w, https:\/\/estyl.pl\/blog\/wp-content\/uploads\/2014\/09\/Joico-Reconstructor-zabieg-1066x1536.png 1066w, https:\/\/estyl.pl\/blog\/wp-content\/uploads\/2014\/09\/Joico-Reconstructor-zabieg-1422x2048.png 1422w, https:\/\/estyl.pl\/blog\/wp-content\/uploads\/2014\/09\/Joico-Reconstructor-zabieg-755x1088.png 755w, https:\/\/estyl.pl\/blog\/wp-content\/uploads\/2014\/09\/Joico-Reconstructor-zabieg-261x376.png 261w\" sizes=\"(max-width: 104px) 100vw, 104px\" \/><\/a><a href=\"https:\/\/estyl.pl\/joico-k-pak-deep-penetrating-reconstructor-kuracja-proteinowa-150ml\" target=\"_blank\" rel=\"noopener noreferrer\">Deep-Penetrating Reconstructor<\/a> \u2013 intensywna <a href=\"https:\/\/estyl.pl\/revlon-uniq-one-kuracja-do-wlosow-10-w-1-150ml\">kuracja<\/a> proteinowa odbudowuj\u0105ca wewn\u0119trzn\u0105 struktur\u0119 w\u0142osa.<\/p>\n<p style=\"text-align: justify;\">Gwiazda ca\u0142ego procesu, naprawia struktur\u0119 w\u0142osa bia\u0142kami na\u0142adowanymi dodatnio i ujemnie, dostarcza w\u0142osowi 19 aminokwas\u00f3w w celu odbudowy jego uszkodzonych lub zniszczonych fragment\u00f3w.<\/p>\n<p style=\"text-align: justify;\">Na\u0142\u00f3\u017c na umyte w\u0142osy i pozostaw na 5 minut lub d\u0142u\u017cej, nast\u0119pnie sp\u0142ucz.<\/p>\n<p>&nbsp;<\/p>\n<p style=\"text-align: justify;\">UWAGA &#8211; po kuracji proteinowej rekonstruktorem nale\u017cy ZAWSZE u\u017cy\u0107 dobrej od\u017cywki, inaczej \u0142uski w\u0142os\u00f3w nie zostan\u0105 zamkni\u0119te i w\u0142osy b\u0119d\u0105 szorstkie i suche. Producent zaleca u\u017cywanie od\u017cywek z serii K-PAK (zw\u0142aszcza Intense Hydrator), r\u00f3wnoleg\u0142e stosowanie produkt\u00f3w z tej samej linii ma wzmacnia\u0107 oczekiwane efekty. Nie wolno pomin\u0105\u0107 tego etapu, bo efekt nie b\u0119dzie zadowalaj\u0105cy!<\/p>\n<h3 style=\"text-align: justify;\"><b>Etap IV \u2013 nawil\u017canie<\/b><\/h3>\n<p style=\"text-align: justify;\"><a href=\"https:\/\/estyl.pl\/blog\/wp-content\/uploads\/2014\/09\/Joico-Intense-Hydrator.png\" target=\"_blank\" rel=\"noopener noreferrer\" rel=\"lightbox[24435]\"><img decoding=\"async\" loading=\"lazy\" class=\"alignleft wp-image-37067\" title=\"Rekonstrukcja Joico K-PAK - Etap IV - Intense Hydrator\" src=\"https:\/\/estyl.pl\/blog\/wp-content\/uploads\/2014\/09\/Joico-Intense-Hydrator.png\" alt=\"Rekonstrukcja Joico K-PAK - Etap IV - Intense Hydrator\" width=\"85\" height=\"150\" srcset=\"https:\/\/estyl.pl\/blog\/wp-content\/uploads\/2014\/09\/Joico-Intense-Hydrator.png 2714w, https:\/\/estyl.pl\/blog\/wp-content\/uploads\/2014\/09\/Joico-Intense-Hydrator-170x300.png 170w, https:\/\/estyl.pl\/blog\/wp-content\/uploads\/2014\/09\/Joico-Intense-Hydrator-580x1026.png 580w, https:\/\/estyl.pl\/blog\/wp-content\/uploads\/2014\/09\/Joico-Intense-Hydrator-768x1358.png 768w, https:\/\/estyl.pl\/blog\/wp-content\/uploads\/2014\/09\/Joico-Intense-Hydrator-868x1536.png 868w, https:\/\/estyl.pl\/blog\/wp-content\/uploads\/2014\/09\/Joico-Intense-Hydrator-1158x2048.png 1158w, https:\/\/estyl.pl\/blog\/wp-content\/uploads\/2014\/09\/Joico-Intense-Hydrator-755x1335.png 755w, https:\/\/estyl.pl\/blog\/wp-content\/uploads\/2014\/09\/Joico-Intense-Hydrator-261x462.png 261w\" sizes=\"(max-width: 85px) 100vw, 85px\" \/><\/a><a href=\"https:\/\/estyl.pl\/k-pak-intense-hydrator-intensywna-terapia-nawilzajaca-250ml\" target=\"_blank\" rel=\"noopener noreferrer\">Intense Hydrator<\/a> \u2013 intensywna terapia nawil\u017caj\u0105ca, przywraca odpowiedni stopie\u0144 nawil\u017cenia nawet bardzo wysuszonym i zniszczonym w\u0142osom i sprawia, \u017ce pasma nabieraj\u0105 promiennego i zdrowego blasku, poprawia spr\u0119\u017cysto\u015b\u0107, wzmacnia i od\u017cywia. Dzi\u0119ki unikalnej mieszance sk\u0142adnik\u00f3w Intense Hydrator zatrzymuje wilgo\u0107 we w\u0142osach, kt\u00f3re na d\u0142ugi czas pozostaj\u0105 zdrowe i pe\u0142ne blasku.<\/p>\n<p style=\"text-align: justify;\">Polecany zw\u0142aszcza dla os\u00f3b stosuj\u0105cych <b>K-PAK Deep Penetrating Reconstructor<\/b>, gdy\u017c zamyka \u0142uski w\u0142osa.<\/p>\n<p>&nbsp;<\/p>\n<p style=\"text-align: justify;\">Na\u0142\u00f3\u017c niewielk\u0105 ilo\u015b\u0107 K-PAK Intense Hydrator na umyte i osuszone r\u0119cznikiem w\u0142osy, pozw\u00f3l masce wnikn\u0105\u0107 w g\u0142\u0105b w\u0142osa, pozostawiaj\u0105c j\u0105 na przynajmniej 5 minut, nast\u0119pnie sp\u0142ucz i u\u0142\u00f3\u017c w\u0142osy.<\/p>\n<p style=\"text-align: justify;\">Producent zadba\u0142 r\u00f3wnie\u017c o produkty do stylizacji i piel\u0119gnacji domowej. Dzi\u0119ki ich stosowaniu mo\u017cemy na d\u0142u\u017cej cieszy\u0107 si\u0119 efektami zabiegu.<\/p>\n\n<p style=\"text-align: justify;\"><b>Osobi\u015bcie mog\u0119 zapewni\u0107, \u017ce po takim luksusowym zabiegu w\u0142osy s\u0105 skutecznie odbudowane, od\u017cywione i wzmocnione. Joico K-PAK przywraca im si\u0142\u0119, blask i zdrowy wygl\u0105d!<\/b><\/p>\n<p style=\"text-align: justify;\">Musisz spr\u00f3bowa\u0107!<\/p>\n<p><iframe loading=\"lazy\" title=\"Zabieg Rekonstrukcji W\u0142os\u00f3w JOICO K-PAK - skuteczna odbudowa zniszczonych w\u0142os\u00f3w\" width=\"500\" height=\"375\" src=\"https:\/\/www.youtube.com\/embed\/r30S8xVfno4?feature=oembed\" frameborder=\"0\" allow=\"accelerometer; autoplay; clipboard-write; encrypted-media; gyroscope; picture-in-picture; web-share\" referrerpolicy=\"strict-origin-when-cross-origin\" allowfullscreen><\/iframe><\/p>\n<h2><b>Rekonstrukcja w\u0142os\u00f3w Joico K-PAK &#8211; co wyr\u00f3\u017cnia produkty?<\/b><\/h2>\n<p><span style=\"font-weight: 400;\">Rekonstrukcja w\u0142os\u00f3w Joico K-PAK to najpopularniejszy zabieg wykonywany przez profesjonalist\u00f3w w salonach fryzjerskich. Jego dzia\u0142anie skupia si\u0119 na odbudowie zniszczonych kosmyk\u00f3w ju\u017c na poziomie cz\u0105stkowym. <\/span><b>Produkty serii Joico K-PAK zawieraj\u0105 szereg technologii i sk\u0142adnik\u00f3w, kt\u00f3re naprawiaj\u0105 uszkodzone i wzmacniaj\u0105 os\u0142abione w\u0142osy.<\/b><span style=\"font-weight: 400;\"> Zwi\u0119kszona dawka keratyny naprawia zniszczone kosmyki sprawiaj\u0105c, \u017ce staj\u0105 si\u0119 one 2 razy mocniejsze. W\u0142osy elastyczne i pe\u0142ne blasku? TAK!<\/span><\/p>\n<p><span style=\"font-weight: 400;\">Rekonstrukcja w\u0142os\u00f3w Joico K-PAK posiada technologi\u0119 Quadramine Complex wzbogacon\u0105 o technologi\u0119 SmartRelease:<\/span><\/p>\n<h3><b>Quadramine Complex<\/b><\/h3>\n<p><span style=\"font-weight: 400;\">Zestaw <\/span><b>19 aminokwas\u00f3w<\/b><span style=\"font-weight: 400;\">, kt\u00f3re odbudowuj\u0105 w\u0142os od wewn\u0105trz, jak i od zewn\u0105trz. Technologia ta zawiera <\/span><b>wysokie st\u0119\u017cenie protein keratyny<\/b><span style=\"font-weight: 400;\">, kt\u00f3re na\u0142adowane dodatnio przylegaj\u0105 bardzo mocno do zniszczonych cz\u0119\u015bci kosmyk\u00f3w. Dzi\u0119ki technologii Quadramine Complex uszkodzenia w\u0142osa zostaj\u0105 naprawione. Technologia ta zawarta jest w KA\u017bDYM produkcie do piel\u0119gnacji marki Joico.&nbsp;<\/span><a href=\"https:\/\/estyl.pl\/blog\/wp-content\/uploads\/2014\/09\/quadramine-complex.png\" target=\"_blank\" rel=\"noopener noreferrer\" rel=\"lightbox[24435]\"><img decoding=\"async\" loading=\"lazy\" class=\"aligncenter wp-image-37060 size-large\" title=\"Rekonstrukcja w\u0142os\u00f3w Joico K-PAK - Quadramine complex\" src=\"https:\/\/estyl.pl\/blog\/wp-content\/uploads\/2014\/09\/quadramine-complex-580x437.png\" alt=\"Rekonstrukcja w\u0142os\u00f3w Joico K-PAK - Quadramine complex\" width=\"580\" height=\"437\" srcset=\"https:\/\/estyl.pl\/blog\/wp-content\/uploads\/2014\/09\/quadramine-complex-580x437.png 580w, https:\/\/estyl.pl\/blog\/wp-content\/uploads\/2014\/09\/quadramine-complex-300x226.png 300w, https:\/\/estyl.pl\/blog\/wp-content\/uploads\/2014\/09\/quadramine-complex-768x579.png 768w, https:\/\/estyl.pl\/blog\/wp-content\/uploads\/2014\/09\/quadramine-complex-755x569.png 755w, https:\/\/estyl.pl\/blog\/wp-content\/uploads\/2014\/09\/quadramine-complex-261x197.png 261w, https:\/\/estyl.pl\/blog\/wp-content\/uploads\/2014\/09\/quadramine-complex.png 793w\" sizes=\"(max-width: 580px) 100vw, 580px\" \/><\/a><\/p>\n<h3><b>SmartRelease z du\u017c\u0105 dawk\u0105 keratyny<\/b><\/h3>\n<p><b>Bogactwo liposom\u00f3w, keratyny, argininy oraz oleju z dzikiej r\u00f3\u017cy. <\/b><span style=\"font-weight: 400;\">Po\u0142\u0105czenie tych sk\u0142adnik\u00f3w w jedn\u0105 technologi\u0119 sprawia, \u017ce piel\u0119gnacja w\u0142os\u00f3w staje si\u0119 jeszcze bardziej skuteczna. Technologia SmartRelease pozwala na dostarczanie liposom\u00f3w do samego budulca w\u0142osa. Systematycznie uwalniane zostaj\u0105 na w\u0142osach przez kolejne 3 mycia! Zwi\u0119kszona zawarto\u015b\u0107 keratyny wnika w g\u0142\u0105b kosmyk\u00f3w i pozwala na zachowanie zdrowych i mocnych w\u0142os\u00f3w. Arginina to sk\u0142adnik, kt\u00f3rego brakuje w\u0142osom poddawanym cz\u0119stym koloryzacjom czy nadmiernym stylizacjom. I to on odpowiada w du\u017cej mierze za os\u0142abienie w\u0142os\u00f3w. <\/span><b>Technologii SmartRelease zawarta w produktach przeznaczonych do rekonstrukcji w\u0142os\u00f3w Joico K-PAK pozwala na przywr\u00f3cenie w\u0142osom argininy, dzi\u0119ki czemu staj\u0105 si\u0119 silne i pi\u0119knie wygl\u0105daj\u0105.<\/b> <span style=\"font-weight: 400;\">Olej z dzikiej r\u00f3\u017cy to gwarancja witalno\u015bci. Bogaty w antyoksydanty, beta-karoten i witaminy potrzebne puklom chroni je, zmi\u0119kcza, ale i przeciwdzia\u0142a puszeniu i nadaje blask.&nbsp;<\/span><\/p>\n<p><a href=\"https:\/\/estyl.pl\/blog\/wp-content\/uploads\/2014\/09\/SmartRelease.png\" target=\"_blank\" rel=\"noopener noreferrer\" rel=\"lightbox[24435]\"><img decoding=\"async\" loading=\"lazy\" class=\"aligncenter wp-image-37061 size-large\" title=\"Rekonstrukcja w\u0142os\u00f3w Joico K-PAK - SmartRelease\" src=\"https:\/\/estyl.pl\/blog\/wp-content\/uploads\/2014\/09\/SmartRelease-580x170.png\" alt=\"Rekonstrukcja w\u0142os\u00f3w Joico K-PAK - SmartRelease\" width=\"580\" height=\"170\" srcset=\"https:\/\/estyl.pl\/blog\/wp-content\/uploads\/2014\/09\/SmartRelease-580x170.png 580w, https:\/\/estyl.pl\/blog\/wp-content\/uploads\/2014\/09\/SmartRelease-300x88.png 300w, https:\/\/estyl.pl\/blog\/wp-content\/uploads\/2014\/09\/SmartRelease-768x225.png 768w, https:\/\/estyl.pl\/blog\/wp-content\/uploads\/2014\/09\/SmartRelease-755x221.png 755w, https:\/\/estyl.pl\/blog\/wp-content\/uploads\/2014\/09\/SmartRelease-261x76.png 261w, https:\/\/estyl.pl\/blog\/wp-content\/uploads\/2014\/09\/SmartRelease.png 799w\" sizes=\"(max-width: 580px) 100vw, 580px\" \/><\/a><\/p>\n<h2>Warto pami\u0119ta\u0107, \u017ce marka JOICO :<\/h2>\n<ul>\n<li><i>odkry\u0142a wydajno\u015b\u0107 i efekty p\u0142yn\u0105ce z wykorzystywania zhydrolizowanych protein keratyny zawieraj\u0105cych 19 aminokwas\u00f3w, jakie znajduj\u0105 si\u0119 w proteinach keratyny w\u0142os\u00f3w,<\/i><\/li>\n<li><i>umie\u015bci\u0142a kombinacj\u0119 wagi i rozmiar\u00f3w cz\u0105steczek na opakowaniach produkt\u00f3w, poniewa\u017c odpowiednia kombinacja wagi cz\u0105steczek jest kluczowa dla odbudowy zniszczonej struktury w\u0142os\u00f3w,<\/i><\/li>\n<li><i>opracowa\u0142a i opatentowa\u0142a unikalny sk\u0142adnik aktywny Quadramine Complex.<\/i><\/li>\n<\/ul>\n<p style=\"text-align: left;\"><span style=\"color: #999999;\">\u0179r\u00f3d\u0142o: www.fryzjerzy.com\/aktualnosci\/aktualnosci-fryzjerskie\/joico-wyznacza-standardy-791<\/span><\/p>\n<blockquote>\n<p style=\"text-align: center;\"><strong><i>\u2026\u201eKiedy szukam kosmetyk\u00f3w i marek do wsp\u00f3\u0142pracy, szukam autentyczno\u015bci, ale nie tylko w produktach, ale tak\u017ce w ludziach, kt\u00f3rzy za nimi stoj\u0105. Dlatego zakocha\u0142am si\u0119 w JOICO.\u201d\u2026<\/i><\/strong><\/p>\n<\/blockquote>\n<p><span style=\"font-weight: 400;\">Tymi s\u0142owami \u015bwiatowa ambasadorka marki Joico <\/span><b>Larisa Love <\/b><span style=\"font-weight: 400;\">okre\u015bli\u0142a swoj\u0105 wsp\u00f3\u0142prac\u0119 z mark\u0105.&nbsp;<\/span><\/p>\n<p><span style=\"color: #999999;\">\u0179r\u00f3d\u0142o: www.hairtrendy.pl\/articlesView,2461,larisa-live&#8212;swiatowa-ambasadorka-marki-joico,PL<\/span><\/p>\n<p><span style=\"font-weight: 400;\">Jak widzisz, rekonstrukcja w\u0142os\u00f3w Joico K-PAK to doskona\u0142e rozwi\u0105zanie dla ka\u017cdego! Mo\u017cesz wykona\u0107 j\u0105 w profesjonalnym salonie fryzjerskim, ale r\u00f3wnie\u017c w zaciszu swojego domu. Efekt b\u0119dzie natychmiastowy i zachwycaj\u0105cy!<\/span><\/p>\n\n","protected":false},"excerpt":{"rendered":"<p>Je\u015bli Twoje w\u0142osy s\u0105 zniszczone ci\u0105g\u0142ym suszeniem, modelowaniem lub farbowaniem, a Ty nie masz ju\u017c pomys\u0142u na ich odbudow\u0119, koniecznie musisz pozna\u0107, czym jest&nbsp;rekonstrukcja w\u0142os\u00f3w JOICO K-PAK. To intensywna regeneracja Twoich w\u0142os\u00f3w ju\u017c po pierwszym zastosowaniu.<\/p>\n","protected":false},"author":1,"featured_media":37072,"comment_status":"open","ping_status":"closed","sticky":false,"template":"","format":"standard","meta":{"_eb_attr":""},"categories":[4],"tags":[975,2499,2123,213,57,2702],"acf":[],"yoast_head":"<!-- This site is optimized with the Yoast SEO plugin v20.8 - https:\/\/yoast.com\/wordpress\/plugins\/seo\/ -->\n<title>Rekonstrukcja w\u0142os\u00f3w JOICO K-PAK - mocna regeneracja!<\/title>\n<meta name=\"description\" content=\"Rekonstrukcja w\u0142os\u00f3w Joico K-PAK to idealne rozwi\u0105zanie je\u015bli Twoje w\u0142osy zniszczone s\u0105 ci\u0105g\u0142ym suszeniem, modelowaniem lub farbowaniem. Sp\u00f3buj koniecznie!\" \/>\n<meta name=\"robots\" content=\"index, follow, max-snippet:-1, max-image-preview:large, max-video-preview:-1\" \/>\n<link rel=\"canonical\" href=\"https:\/\/estyl.pl\/blog\/rekonstrukcja-wlosow-zniszczonych-wg-joico-k-pak\/\" \/>\n<meta property=\"og:locale\" content=\"pl_PL\" \/>\n<meta property=\"og:type\" content=\"article\" \/>\n<meta property=\"og:title\" content=\"Rekonstrukcja w\u0142os\u00f3w JOICO K-PAK - mocna regeneracja!\" \/>\n<meta property=\"og:description\" content=\"Rekonstrukcja w\u0142os\u00f3w Joico K-PAK to idealne rozwi\u0105zanie je\u015bli Twoje w\u0142osy zniszczone s\u0105 ci\u0105g\u0142ym suszeniem, modelowaniem lub farbowaniem. Sp\u00f3buj koniecznie!\" \/>\n<meta property=\"og:url\" content=\"https:\/\/estyl.pl\/blog\/rekonstrukcja-wlosow-zniszczonych-wg-joico-k-pak\/\" \/>\n<meta property=\"og:site_name\" content=\"Blog | Estyl.pl\" \/>\n<meta property=\"article:published_time\" content=\"2014-09-10T08:56:42+00:00\" \/>\n<meta property=\"article:modified_time\" content=\"2024-11-19T11:22:51+00:00\" \/>\n<meta property=\"og:image\" content=\"https:\/\/estyl.pl\/blog\/wp-content\/uploads\/2014\/09\/joico-k-pak-2.jpg\" \/>\n\t<meta property=\"og:image:width\" content=\"755\" \/>\n\t<meta property=\"og:image:height\" content=\"315\" \/>\n\t<meta property=\"og:image:type\" content=\"image\/jpeg\" \/>\n<meta name=\"author\" content=\"admin\" \/>\n<meta name=\"twitter:label1\" content=\"Napisane przez\" \/>\n\t<meta name=\"twitter:data1\" content=\"admin\" \/>\n\t<meta name=\"twitter:label2\" content=\"Szacowany czas czytania\" \/>\n\t<meta name=\"twitter:data2\" content=\"7 minut\" \/>\n<script type=\"application\/ld+json\" class=\"yoast-schema-graph\">{\"@context\":\"https:\/\/schema.org\",\"@graph\":[{\"@type\":\"WebPage\",\"@id\":\"https:\/\/estyl.pl\/blog\/rekonstrukcja-wlosow-zniszczonych-wg-joico-k-pak\/\",\"url\":\"https:\/\/estyl.pl\/blog\/rekonstrukcja-wlosow-zniszczonych-wg-joico-k-pak\/\",\"name\":\"Rekonstrukcja w\u0142os\u00f3w JOICO K-PAK - mocna regeneracja!\",\"isPartOf\":{\"@id\":\"https:\/\/estyl.pl\/blog\/#website\"},\"datePublished\":\"2014-09-10T08:56:42+00:00\",\"dateModified\":\"2024-11-19T11:22:51+00:00\",\"author\":{\"@id\":\"https:\/\/estyl.pl\/blog\/#\/schema\/person\/22fff2064045ce23be580e18ca255220\"},\"description\":\"Rekonstrukcja w\u0142os\u00f3w Joico K-PAK to idealne rozwi\u0105zanie je\u015bli Twoje w\u0142osy zniszczone s\u0105 ci\u0105g\u0142ym suszeniem, modelowaniem lub farbowaniem. Sp\u00f3buj koniecznie!\",\"breadcrumb\":{\"@id\":\"https:\/\/estyl.pl\/blog\/rekonstrukcja-wlosow-zniszczonych-wg-joico-k-pak\/#breadcrumb\"},\"inLanguage\":\"pl-PL\",\"potentialAction\":[{\"@type\":\"ReadAction\",\"target\":[\"https:\/\/estyl.pl\/blog\/rekonstrukcja-wlosow-zniszczonych-wg-joico-k-pak\/\"]}]},{\"@type\":\"BreadcrumbList\",\"@id\":\"https:\/\/estyl.pl\/blog\/rekonstrukcja-wlosow-zniszczonych-wg-joico-k-pak\/#breadcrumb\",\"itemListElement\":[{\"@type\":\"ListItem\",\"position\":1,\"name\":\"Piel\u0119gnacja w\u0142os\u00f3w\",\"item\":\"https:\/\/estyl.pl\/blog\/pielegnacja-wlosow\/\"},{\"@type\":\"ListItem\",\"position\":2,\"name\":\"Rekonstrukcja w\u0142os\u00f3w JOICO K-PAK\"}]},{\"@type\":\"WebSite\",\"@id\":\"https:\/\/estyl.pl\/blog\/#website\",\"url\":\"https:\/\/estyl.pl\/blog\/\",\"name\":\"Blog | Estyl.pl\",\"description\":\"Kosmetyki do w\u0142os\u00f3w, porady, piel\u0119gnacja, stylizacja\",\"potentialAction\":[{\"@type\":\"SearchAction\",\"target\":{\"@type\":\"EntryPoint\",\"urlTemplate\":\"https:\/\/estyl.pl\/blog\/?s={search_term_string}\"},\"query-input\":\"required name=search_term_string\"}],\"inLanguage\":\"pl-PL\"},{\"@type\":\"Person\",\"@id\":\"https:\/\/estyl.pl\/blog\/#\/schema\/person\/22fff2064045ce23be580e18ca255220\",\"name\":\"admin\",\"url\":\"https:\/\/estyl.pl\/blog\/author\/admin\/\"}]}<\/script>\n<!-- \/ Yoast SEO plugin. -->","yoast_head_json":{"title":"Rekonstrukcja w\u0142os\u00f3w JOICO K-PAK - mocna regeneracja!","description":"Rekonstrukcja w\u0142os\u00f3w Joico K-PAK to idealne rozwi\u0105zanie je\u015bli Twoje w\u0142osy zniszczone s\u0105 ci\u0105g\u0142ym suszeniem, modelowaniem lub farbowaniem. Sp\u00f3buj koniecznie!","robots":{"index":"index","follow":"follow","max-snippet":"max-snippet:-1","max-image-preview":"max-image-preview:large","max-video-preview":"max-video-preview:-1"},"canonical":"https:\/\/estyl.pl\/blog\/rekonstrukcja-wlosow-zniszczonych-wg-joico-k-pak\/","og_locale":"pl_PL","og_type":"article","og_title":"Rekonstrukcja w\u0142os\u00f3w JOICO K-PAK - mocna regeneracja!","og_description":"Rekonstrukcja w\u0142os\u00f3w Joico K-PAK to idealne rozwi\u0105zanie je\u015bli Twoje w\u0142osy zniszczone s\u0105 ci\u0105g\u0142ym suszeniem, modelowaniem lub farbowaniem. Sp\u00f3buj koniecznie!","og_url":"https:\/\/estyl.pl\/blog\/rekonstrukcja-wlosow-zniszczonych-wg-joico-k-pak\/","og_site_name":"Blog | Estyl.pl","article_published_time":"2014-09-10T08:56:42+00:00","article_modified_time":"2024-11-19T11:22:51+00:00","og_image":[{"width":755,"height":315,"url":"https:\/\/estyl.pl\/blog\/wp-content\/uploads\/2014\/09\/joico-k-pak-2.jpg","type":"image\/jpeg"}],"author":"admin","twitter_misc":{"Napisane przez":"admin","Szacowany czas czytania":"7 minut"},"schema":{"@context":"https:\/\/schema.org","@graph":[{"@type":"WebPage","@id":"https:\/\/estyl.pl\/blog\/rekonstrukcja-wlosow-zniszczonych-wg-joico-k-pak\/","url":"https:\/\/estyl.pl\/blog\/rekonstrukcja-wlosow-zniszczonych-wg-joico-k-pak\/","name":"Rekonstrukcja w\u0142os\u00f3w JOICO K-PAK - mocna regeneracja!","isPartOf":{"@id":"https:\/\/estyl.pl\/blog\/#website"},"datePublished":"2014-09-10T08:56:42+00:00","dateModified":"2024-11-19T11:22:51+00:00","author":{"@id":"https:\/\/estyl.pl\/blog\/#\/schema\/person\/22fff2064045ce23be580e18ca255220"},"description":"Rekonstrukcja w\u0142os\u00f3w Joico K-PAK to idealne rozwi\u0105zanie je\u015bli Twoje w\u0142osy zniszczone s\u0105 ci\u0105g\u0142ym suszeniem, modelowaniem lub farbowaniem. Sp\u00f3buj koniecznie!","breadcrumb":{"@id":"https:\/\/estyl.pl\/blog\/rekonstrukcja-wlosow-zniszczonych-wg-joico-k-pak\/#breadcrumb"},"inLanguage":"pl-PL","potentialAction":[{"@type":"ReadAction","target":["https:\/\/estyl.pl\/blog\/rekonstrukcja-wlosow-zniszczonych-wg-joico-k-pak\/"]}]},{"@type":"BreadcrumbList","@id":"https:\/\/estyl.pl\/blog\/rekonstrukcja-wlosow-zniszczonych-wg-joico-k-pak\/#breadcrumb","itemListElement":[{"@type":"ListItem","position":1,"name":"Piel\u0119gnacja w\u0142os\u00f3w","item":"https:\/\/estyl.pl\/blog\/pielegnacja-wlosow\/"},{"@type":"ListItem","position":2,"name":"Rekonstrukcja w\u0142os\u00f3w JOICO K-PAK"}]},{"@type":"WebSite","@id":"https:\/\/estyl.pl\/blog\/#website","url":"https:\/\/estyl.pl\/blog\/","name":"Blog | Estyl.pl","description":"Kosmetyki do w\u0142os\u00f3w, porady, piel\u0119gnacja, stylizacja","potentialAction":[{"@type":"SearchAction","target":{"@type":"EntryPoint","urlTemplate":"https:\/\/estyl.pl\/blog\/?s={search_term_string}"},"query-input":"required name=search_term_string"}],"inLanguage":"pl-PL"},{"@type":"Person","@id":"https:\/\/estyl.pl\/blog\/#\/schema\/person\/22fff2064045ce23be580e18ca255220","name":"admin","url":"https:\/\/estyl.pl\/blog\/author\/admin\/"}]}},"_links":{"self":[{"href":"https:\/\/estyl.pl\/blog\/wp-json\/wp\/v2\/posts\/24435"}],"collection":[{"href":"https:\/\/estyl.pl\/blog\/wp-json\/wp\/v2\/posts"}],"about":[{"href":"https:\/\/estyl.pl\/blog\/wp-json\/wp\/v2\/types\/post"}],"author":[{"embeddable":true,"href":"https:\/\/estyl.pl\/blog\/wp-json\/wp\/v2\/users\/1"}],"replies":[{"embeddable":true,"href":"https:\/\/estyl.pl\/blog\/wp-json\/wp\/v2\/comments?post=24435"}],"version-history":[{"count":22,"href":"https:\/\/estyl.pl\/blog\/wp-json\/wp\/v2\/posts\/24435\/revisions"}],"predecessor-version":[{"id":39257,"href":"https:\/\/estyl.pl\/blog\/wp-json\/wp\/v2\/posts\/24435\/revisions\/39257"}],"wp:featuredmedia":[{"embeddable":true,"href":"https:\/\/estyl.pl\/blog\/wp-json\/wp\/v2\/media\/37072"}],"wp:attachment":[{"href":"https:\/\/estyl.pl\/blog\/wp-json\/wp\/v2\/media?parent=24435"}],"wp:term":[{"taxonomy":"category","embeddable":true,"href":"https:\/\/estyl.pl\/blog\/wp-json\/wp\/v2\/categories?post=24435"},{"taxonomy":"post_tag","embeddable":true,"href":"https:\/\/estyl.pl\/blog\/wp-json\/wp\/v2\/tags?post=24435"}],"curies":[{"name":"wp","href":"https:\/\/api.w.org\/{rel}","templated":true}]}}