{"id":25120,"date":"2014-12-09T20:41:25","date_gmt":"2014-12-09T18:41:25","guid":{"rendered":"https:\/\/estyl.pl\/blog\/?p=25120"},"modified":"2014-12-11T01:58:22","modified_gmt":"2014-12-10T23:58:22","slug":"jak-wybrac-fotografa-na-slub","status":"publish","type":"post","link":"https:\/\/estyl.pl\/blog\/jak-wybrac-fotografa-na-slub\/","title":{"rendered":"Jak wybra\u0107 fotografa na \u015blub? Poradnik Panny M\u0142odej cz.3"},"content":{"rendered":"<p><span style=\"font-size: 13px;\">\u015alub to moment w naszym \u017cyciu o kt\u00f3rym chcemy pami\u0119ta\u0107 ca\u0142y czas. Dzisiaj w <\/span><a style=\"font-size: 13px;\" href=\"https:\/\/estyl.pl\/blog\/tagi\/poradnik-panny-mlodej\/\" target=\"_blank\">Poradniku Nieperfekcyjnej Panny M\u0142odej<\/a><span style=\"font-size: 13px;\"> zastanowimy si\u0119 co pomo\u017ce nam zatrzyma\u0107 te chwile, czyli jak wybra\u0107 fotografa na \u015blub.<\/span><\/p>\n<p><!--more--><a href=\"https:\/\/estyl.pl\/blog\/wp-content\/uploads\/2014\/12\/zdj\u0119cia-plenerowe-\u015blub.jpg\" rel=\"lightbox[25120]\"><img decoding=\"async\" loading=\"lazy\" class=\"aligncenter wp-image-25125\" src=\"https:\/\/estyl.pl\/blog\/wp-content\/uploads\/2014\/12\/zdj\u0119cia-plenerowe-\u015blub-580x385.jpg\" alt=\"zdj\u0119cia plenerowe \u015blub\" width=\"700\" height=\"466\" srcset=\"https:\/\/estyl.pl\/blog\/wp-content\/uploads\/2014\/12\/zdj\u0119cia-plenerowe-\u015blub-580x385.jpg 580w, https:\/\/estyl.pl\/blog\/wp-content\/uploads\/2014\/12\/zdj\u0119cia-plenerowe-\u015blub-300x199.jpg 300w, https:\/\/estyl.pl\/blog\/wp-content\/uploads\/2014\/12\/zdj\u0119cia-plenerowe-\u015blub-755x502.jpg 755w, https:\/\/estyl.pl\/blog\/wp-content\/uploads\/2014\/12\/zdj\u0119cia-plenerowe-\u015blub-261x173.jpg 261w, https:\/\/estyl.pl\/blog\/wp-content\/uploads\/2014\/12\/zdj\u0119cia-plenerowe-\u015blub-212x140.jpg 212w\" sizes=\"(max-width: 700px) 100vw, 700px\" \/><\/a><\/p>\n<p><strong>Fotograf<\/strong>, kt\u00f3ry zrobi zdj\u0119cia o jakich marzymy to podstawa ka\u017cdego wesela! Nie wyobra\u017cam sobie tego dnia bez wspania\u0142ych chwil zatrzymanych na zdj\u0119ciach, kt\u00f3re mo\u017cemy obejrze\u0107 w ka\u017cdej chwili. My trafili\u015bmy na wspania\u0142\u0105 par\u0119 <a href=\"http:\/\/www.foto-grafica.pl\" target=\"_blank\">Marzenk\u0119 i Tomka<\/a>, kt\u00f3rzy na samym pocz\u0105tku nas wys\u0142uchali i poznali, dzi\u0119ki czemu doskonale zrozumieli czego oczekujemy. Zdj\u0119cia wysz\u0142y wspaniale zar\u00f3wno te ze \u015blubu jak i z pleneru.<\/p>\n<h3>Zatem jak wybra\u0107 fotografa na \u015blub ?<\/h3>\n<p>Najwa\u017cniejsze przy wyborze fotografa wed\u0142ug mnie jest to, aby nie tylko zna\u0142 si\u0119 na tym co robi, ale r\u00f3wnie\u017c aby ta praca sprawia\u0142a mu rado\u015b\u0107. Wa\u017cne jest to aby Was wys\u0142ucha\u0142 i w 100% spe\u0142ni\u0142 Wasze oczekiwania.<\/p>\n<p><a href=\"https:\/\/estyl.pl\/blog\/wp-content\/uploads\/2014\/12\/jak-wybrac-fotografa-na-\u015blub.jpg\" rel=\"lightbox[25120]\"><img decoding=\"async\" loading=\"lazy\" class=\"aligncenter wp-image-25122\" src=\"https:\/\/estyl.pl\/blog\/wp-content\/uploads\/2014\/12\/jak-wybrac-fotografa-na-\u015blub-580x385.jpg\" alt=\"jak wybrac fotografa na \u015blub\" width=\"1000\" height=\"665\" srcset=\"https:\/\/estyl.pl\/blog\/wp-content\/uploads\/2014\/12\/jak-wybrac-fotografa-na-\u015blub-580x385.jpg 580w, https:\/\/estyl.pl\/blog\/wp-content\/uploads\/2014\/12\/jak-wybrac-fotografa-na-\u015blub-300x199.jpg 300w, https:\/\/estyl.pl\/blog\/wp-content\/uploads\/2014\/12\/jak-wybrac-fotografa-na-\u015blub-755x502.jpg 755w, https:\/\/estyl.pl\/blog\/wp-content\/uploads\/2014\/12\/jak-wybrac-fotografa-na-\u015blub-261x173.jpg 261w, https:\/\/estyl.pl\/blog\/wp-content\/uploads\/2014\/12\/jak-wybrac-fotografa-na-\u015blub-212x140.jpg 212w\" sizes=\"(max-width: 1000px) 100vw, 1000px\" \/><\/a><\/p>\n<p>Kamerzysta i filmik z wesela? No w\u0142a\u015bnie\u00a0tutaj wielu z Was jest za tym, \u017ceby kr\u0119ci\u0107 ca\u0142y \u015blub i wesele. Mnie niestety perspektywa siedzenia p\u00f3\u017aniej 5 godzin i ogl\u0105dania, a raczej szukania siebie nie satysfakcjonuje. Nasz fotograf zaproponowa\u0142 nakr\u0119cenie kilku minutowych filmik\u00f3w z najwa\u017cniejszych moment\u00f3w tego dnia. Super materia\u0142, do tego dobra muzyka i mamy filmik, kt\u00f3ry zawsze chce si\u0119 ogl\u0105da\u0107. Mo\u017ce warto o tym pomy\u015ble\u0107?<\/p>\n<h3>Wybieramy plener do zdj\u0119\u0107 \u015blubnych<\/h3>\n<p><strong>Plener<\/strong> \u2013 wielu z Was pewnie zastanawia si\u0119 co tutaj wymy\u015bli\u0107. My te\u017c d\u0142ugo my\u015bleli\u015bmy. Nie zdecydowali\u015bmy si\u0119 na sesj\u0119 w plenerze w dniu \u015blubu bo:<br \/>\n1. szkoda nam by\u0142o ca\u0142ej imprezy na kt\u00f3rej nie by\u0142o by nas z 2-3 h<br \/>\n2. ka\u017cdy nam to odradza\u0142<br \/>\n3. musieliby\u015bmy by\u0107 strasznie uwa\u017cni co do naszego wygl\u0105du (czyt. nie mo\u017cemy si\u0119 zbrudzi\u0107)<br \/>\n4. zdj\u0119cia by\u0142y by pozowane, sztywne, klasyczne, a takich nie chcieli\u015bmy<\/p>\n<p>Chcieli\u015bmy co\u015b innego. Wpadli\u015bmy na pomys\u0142, \u017ceby przede wszystkim zdj\u0119cia by\u0142y na \u201eluzaka\u201d dlatego zar\u00f3wno ja jak i m\u0105\u017c mieli\u015bmy za\u0142o\u017cone trampki. Bardzo chcieli\u015bmy, \u017ceby ten dzie\u0144 te\u017c sprawia\u0142 nam frajd\u0119. Wiadomo znali\u015bmy ju\u017c Marzenk\u0119 i Tomka wi\u0119c by\u0142o nam \u0142atwiej si\u0119 zrozumie\u0107. Zdecydowali\u015bmy si\u0119 na rowery, miejsce o\u015bwiadczyn, zamek niedaleko naszej miejscowo\u015bci, a raczej park przy zamku, no i rzek\u0119. I wiecie co nie \u017ca\u0142uj\u0119, \u017ce na niekt\u00f3rych zdj\u0119ciach mam <a href=\"https:\/\/estyl.pl\/wlosy\" data-internallinksmanager029f6b8e52c=\"2\" title=\"w\u0142osy\">w\u0142osy<\/a> nie tak u\u0142o\u017cone jak chcia\u0142am, \u017ce trampki by\u0142y tak brudne od trawy i ci\u0119\u017cko by\u0142o je wypra\u0107, \u017ce suknia \u015blubna wywo\u0142a\u0142a na Paniach w pralni ju\u017c nie tylko zdziwienie, ale r\u00f3wnie\u017c przera\u017cenie. Ten dzie\u0144 by\u0142 wspania\u0142y, te zdj\u0119cia s\u0105 wspania\u0142e i ta rado\u015b\u0107 wszystkich woko\u0142o te\u017c by\u0142a wspania\u0142a. Plener sprawi\u0142 nam tyle rado\u015bci co sam \u015blub!<\/p>\n<p>Popatrzcie co uda\u0142o si\u0119 stworzy\u0107 Tomkowi z tego szalonego dnia:<\/p>\n<p><a href=\"https:\/\/estyl.pl\/blog\/wp-content\/uploads\/2014\/12\/zdj\u0119cie-w-plenerze.jpg\" rel=\"lightbox[25120]\"><img decoding=\"async\" loading=\"lazy\" class=\"aligncenter wp-image-25126\" src=\"https:\/\/estyl.pl\/blog\/wp-content\/uploads\/2014\/12\/zdj\u0119cie-w-plenerze-580x385.jpg\" alt=\"zdj\u0119cie w plenerze\" width=\"1000\" height=\"665\" srcset=\"https:\/\/estyl.pl\/blog\/wp-content\/uploads\/2014\/12\/zdj\u0119cie-w-plenerze-580x385.jpg 580w, https:\/\/estyl.pl\/blog\/wp-content\/uploads\/2014\/12\/zdj\u0119cie-w-plenerze-300x199.jpg 300w, https:\/\/estyl.pl\/blog\/wp-content\/uploads\/2014\/12\/zdj\u0119cie-w-plenerze-755x502.jpg 755w, https:\/\/estyl.pl\/blog\/wp-content\/uploads\/2014\/12\/zdj\u0119cie-w-plenerze-261x173.jpg 261w, https:\/\/estyl.pl\/blog\/wp-content\/uploads\/2014\/12\/zdj\u0119cie-w-plenerze-212x140.jpg 212w\" sizes=\"(max-width: 1000px) 100vw, 1000px\" \/><\/a><\/p>\n<p><a href=\"https:\/\/estyl.pl\/blog\/wp-content\/uploads\/2014\/12\/jak-wybra\u0107-fotografa-na-\u015blub.jpg.jpg\" rel=\"lightbox[25120]\"><img decoding=\"async\" loading=\"lazy\" class=\"aligncenter wp-image-25123\" src=\"https:\/\/estyl.pl\/blog\/wp-content\/uploads\/2014\/12\/jak-wybra\u0107-fotografa-na-\u015blub.jpg-580x871.jpg\" alt=\"jak wybra\u0107 fotografa na \u015blub.jpg\" width=\"1000\" height=\"1503\" srcset=\"https:\/\/estyl.pl\/blog\/wp-content\/uploads\/2014\/12\/jak-wybra\u0107-fotografa-na-\u015blub.jpg-580x871.jpg 580w, https:\/\/estyl.pl\/blog\/wp-content\/uploads\/2014\/12\/jak-wybra\u0107-fotografa-na-\u015blub.jpg-199x300.jpg 199w, https:\/\/estyl.pl\/blog\/wp-content\/uploads\/2014\/12\/jak-wybra\u0107-fotografa-na-\u015blub.jpg-755x1134.jpg 755w, https:\/\/estyl.pl\/blog\/wp-content\/uploads\/2014\/12\/jak-wybra\u0107-fotografa-na-\u015blub.jpg-261x392.jpg 261w\" sizes=\"(max-width: 1000px) 100vw, 1000px\" \/><\/a><\/p>\n<p>&nbsp;<\/p>\n<p>Naprawd\u0119 plener nie musi by\u0107 nudny! Pami\u0119tajcie o tym, \u017ce to jest Wasza pami\u0105tka, a im bardziej szalona tym bardziej b\u0119dziecie o tym pami\u0119ta\u0107 i to wspomina\u0107.<\/p>\n<h3>Go\u015bcie weselni &#8211; nie zapomnij o nich!<\/h3>\n<p><strong>Ksi\u0119ga go\u015bci<\/strong> \u2013 kiedy\u015b mniej modne, teraz coraz bardziej. Ksi\u0119ga, kt\u00f3ra doczeka\u0142a si\u0119 ju\u017c wielu ods\u0142on i ka\u017cda z nich jest ciekawa. Mo\u017ce by\u0107 w formie klasycznej ksi\u0105\u017cki, gdzie ka\u017cdy z go\u015bci wpisze si\u0119, albo po prostu si\u0119 podpisze. My wybrali\u015bmy mniej zobowi\u0105zuj\u0105c\u0105 wersj\u0119 i zakupili\u015bmy drzewko, a raczej obraz, na kt\u00f3rym ka\u017cdy z go\u015bci odcisn\u0105\u0142 swojego kciuka i go podpisa\u0142.<\/p>\n<p>Drzewko wisi teraz na naszej \u015bcianie w pokoju i przypomina nam o tym dniu i o rodzinie, kt\u00f3ra by\u0142a z nami w tym wa\u017cnym momencie naszego \u017cycia.<a href=\"https:\/\/estyl.pl\/blog\/wp-content\/uploads\/2014\/12\/ksiega-go\u015bci-na-weselu.jpg\" rel=\"lightbox[25120]\"><img decoding=\"async\" loading=\"lazy\" class=\"aligncenter size-full wp-image-25124\" src=\"https:\/\/estyl.pl\/blog\/wp-content\/uploads\/2014\/12\/ksiega-go\u015bci-na-weselu.jpg\" alt=\"ksiega go\u015bci na weselu\" width=\"382\" height=\"553\" srcset=\"https:\/\/estyl.pl\/blog\/wp-content\/uploads\/2014\/12\/ksiega-go\u015bci-na-weselu.jpg 382w, https:\/\/estyl.pl\/blog\/wp-content\/uploads\/2014\/12\/ksiega-go\u015bci-na-weselu-207x300.jpg 207w, https:\/\/estyl.pl\/blog\/wp-content\/uploads\/2014\/12\/ksiega-go\u015bci-na-weselu-261x377.jpg 261w\" sizes=\"(max-width: 382px) 100vw, 382px\" \/><\/a><\/p>\n<p>Inna opcja to <strong>fotobudka<\/strong> \u2013 coraz modniejsza na wszystkich weselach. My nie zdecydowali\u015bmy si\u0119 na ni\u0105, ale to bardzo fajna sprawa. Ka\u017cdy z go\u015bci w asy\u015bcie zabawnych gad\u017cet\u00f3w mo\u017ce zrobi\u0107 sobie seri\u0119 zdj\u0119\u0107. \u015awietna pami\u0105tka, a do tego od razu ka\u017cdy ma zdj\u0119cia.<br \/>\n<strong>Aparaty na sto\u0142ach<\/strong> \u2013 tego te\u017c u nas nie by\u0142o, ale s\u0142ysza\u0142am , \u017ce te\u017c si\u0119 to sprawdza i sprawia du\u017co rado\u015bci. Chodzi o to, \u017ce ka\u017cdy st\u00f3\u0142 ma sw\u00f3j aparat i zdj\u0119cia s\u0105 robione z perspektywy go\u015bci. P\u00f3\u017aniej wszystkie aparaty zgarnia M\u0142oda Para i te\u017c ma pami\u0105tk\u0119. Przynajmniej m\u0142odzi wiedz\u0105 czy si\u0119 wszystko podoba\u0142o no i czy smakowa\u0142o jedzenie \ud83d\ude1b<\/p>\n<p>To chyba tyle w tej chwili. Je\u015bli wpadn\u0119 na jakie\u015b jeszcze pomys\u0142y to stworz\u0119 kolejny wpis na ten temat. Chcia\u0142am pokaza\u0107 Wam, \u017ce s\u0105 chwile i momenty, kt\u00f3re warto zatrzyma\u0107 i po jakim\u015b czasie do nich wraca\u0107, a im one b\u0119d\u0105 rado\u015bniejsze i zabawniejsze tym lepiej b\u0119dziecie o nich my\u015ble\u0107. Pami\u0119tajcie, \u017ce to jest Wasz dzie\u0144 (wiem m\u00f3wi\u0119 to nie pierwszy raz) i musicie by\u0107 w 100% zadowoleni. Wybierajcie takich fotograf\u00f3w, kamerzyst\u00f3w i takie gad\u017cety, kt\u00f3re sprawi\u0105, \u017ce b\u0119dziecie chcieli te chwile w postaci pami\u0105tek pokazywa\u0107, chwali\u0107 si\u0119 nimi i do nich wraca\u0107.<\/p>\n<p><strong>A jak Wy zatrzymali\u015bcie chwil\u0119 w tym dniu?<\/strong><\/p>\n","protected":false},"excerpt":{"rendered":"<p>\u015alub to moment w naszym \u017cyciu o kt\u00f3rym chcemy pami\u0119ta\u0107 ca\u0142y czas. Dzisiaj w Poradniku Nieperfekcyjnej Panny M\u0142odej zastanowimy si\u0119 co pomo\u017ce nam zatrzyma\u0107 te chwile, czyli jak wybra\u0107 fotografa na \u015blub.<\/p>\n","protected":false},"author":23,"featured_media":25127,"comment_status":"open","ping_status":"closed","sticky":false,"template":"","format":"standard","meta":{"_eb_attr":""},"categories":[2091],"tags":[2088,2102,2095,2087],"acf":[],"yoast_head":"<!-- This site is optimized with the Yoast SEO plugin v20.8 - https:\/\/yoast.com\/wordpress\/plugins\/seo\/ -->\n<title>Jak wybra\u0107 fotografa na \u015blub? Poradnik Panny M\u0142odej<\/title>\n<meta name=\"description\" content=\"Jak wybra\u0107 fotografa na \u015blub, jak udokumentowa\u0107 ten wa\u017cny dzie\u0144 \u015blubu, \u017ceby mie\u0107 wspania\u0142\u0105 pami\u0105tk\u0119?- Poradnik Nieperfekcyjnej Panny M\u0142odej cz.3\" \/>\n<meta name=\"robots\" content=\"index, follow, max-snippet:-1, max-image-preview:large, max-video-preview:-1\" \/>\n<link rel=\"canonical\" href=\"https:\/\/estyl.pl\/blog\/jak-wybrac-fotografa-na-slub\/\" \/>\n<meta property=\"og:locale\" content=\"pl_PL\" \/>\n<meta property=\"og:type\" content=\"article\" \/>\n<meta property=\"og:title\" content=\"Jak wybra\u0107 fotografa na \u015blub? Poradnik Panny M\u0142odej\" \/>\n<meta property=\"og:description\" content=\"Jak wybra\u0107 fotografa na \u015blub, jak udokumentowa\u0107 ten wa\u017cny dzie\u0144 \u015blubu, \u017ceby mie\u0107 wspania\u0142\u0105 pami\u0105tk\u0119?- Poradnik Nieperfekcyjnej Panny M\u0142odej cz.3\" \/>\n<meta property=\"og:url\" content=\"https:\/\/estyl.pl\/blog\/jak-wybrac-fotografa-na-slub\/\" \/>\n<meta property=\"og:site_name\" content=\"Blog | Estyl.pl\" \/>\n<meta property=\"article:author\" content=\"kdrogowskakwasnik\" \/>\n<meta property=\"article:published_time\" content=\"2014-12-09T18:41:25+00:00\" \/>\n<meta property=\"article:modified_time\" content=\"2014-12-10T23:58:22+00:00\" \/>\n<meta property=\"og:image\" content=\"https:\/\/estyl.pl\/blog\/wp-content\/uploads\/2014\/12\/jak-wybra\u0107-fotografa-na-\u015blub-poradnik.jpg\" \/>\n\t<meta property=\"og:image:width\" content=\"755\" \/>\n\t<meta property=\"og:image:height\" content=\"319\" \/>\n\t<meta property=\"og:image:type\" content=\"image\/jpeg\" \/>\n<meta name=\"author\" content=\"Karolina\" \/>\n<meta name=\"twitter:label1\" content=\"Napisane przez\" \/>\n\t<meta name=\"twitter:data1\" content=\"Karolina\" \/>\n\t<meta name=\"twitter:label2\" content=\"Szacowany czas czytania\" \/>\n\t<meta name=\"twitter:data2\" content=\"4 minuty\" \/>\n<script type=\"application\/ld+json\" class=\"yoast-schema-graph\">{\"@context\":\"https:\/\/schema.org\",\"@graph\":[{\"@type\":\"WebPage\",\"@id\":\"https:\/\/estyl.pl\/blog\/jak-wybrac-fotografa-na-slub\/\",\"url\":\"https:\/\/estyl.pl\/blog\/jak-wybrac-fotografa-na-slub\/\",\"name\":\"Jak wybra\u0107 fotografa na \u015blub? Poradnik Panny M\u0142odej\",\"isPartOf\":{\"@id\":\"https:\/\/estyl.pl\/blog\/#website\"},\"datePublished\":\"2014-12-09T18:41:25+00:00\",\"dateModified\":\"2014-12-10T23:58:22+00:00\",\"author\":{\"@id\":\"https:\/\/estyl.pl\/blog\/#\/schema\/person\/debe1fb907542b5dc82bccc2029e474f\"},\"description\":\"Jak wybra\u0107 fotografa na \u015blub, jak udokumentowa\u0107 ten wa\u017cny dzie\u0144 \u015blubu, \u017ceby mie\u0107 wspania\u0142\u0105 pami\u0105tk\u0119?- Poradnik Nieperfekcyjnej Panny M\u0142odej cz.3\",\"breadcrumb\":{\"@id\":\"https:\/\/estyl.pl\/blog\/jak-wybrac-fotografa-na-slub\/#breadcrumb\"},\"inLanguage\":\"pl-PL\",\"potentialAction\":[{\"@type\":\"ReadAction\",\"target\":[\"https:\/\/estyl.pl\/blog\/jak-wybrac-fotografa-na-slub\/\"]}]},{\"@type\":\"BreadcrumbList\",\"@id\":\"https:\/\/estyl.pl\/blog\/jak-wybrac-fotografa-na-slub\/#breadcrumb\",\"itemListElement\":[{\"@type\":\"ListItem\",\"position\":1,\"name\":\"Lifestyle\",\"item\":\"https:\/\/estyl.pl\/blog\/lifestyle-2\/\"},{\"@type\":\"ListItem\",\"position\":2,\"name\":\"Jak wybra\u0107 fotografa na \u015blub? Poradnik Panny M\u0142odej cz.3\"}]},{\"@type\":\"WebSite\",\"@id\":\"https:\/\/estyl.pl\/blog\/#website\",\"url\":\"https:\/\/estyl.pl\/blog\/\",\"name\":\"Blog | Estyl.pl\",\"description\":\"Kosmetyki do w\u0142os\u00f3w, porady, piel\u0119gnacja, stylizacja\",\"potentialAction\":[{\"@type\":\"SearchAction\",\"target\":{\"@type\":\"EntryPoint\",\"urlTemplate\":\"https:\/\/estyl.pl\/blog\/?s={search_term_string}\"},\"query-input\":\"required name=search_term_string\"}],\"inLanguage\":\"pl-PL\"},{\"@type\":\"Person\",\"@id\":\"https:\/\/estyl.pl\/blog\/#\/schema\/person\/debe1fb907542b5dc82bccc2029e474f\",\"name\":\"Karolina\",\"description\":\"Absolwentka kosmetologii i dietetyki na \u015al\u0105skiej Wy\u017cszej Szkole Medycznej w Katowicach. Ze sklepem Estyl.pl zwi\u0105zana od wielu lat. Wiedz\u0119 na temat produkt\u00f3w zebra\u0142a pracuj\u0105c w sklepie stacjonanym w Katowicach. Aktualnie pracuje jako copywriter, co daje jej du\u017co satysfakcji. Uwielbia testowa\u0107 nowe kosmetyki.\",\"sameAs\":[\"kdrogowskakwasnik\"],\"url\":\"https:\/\/estyl.pl\/blog\/author\/k-mistalsiekiera\/\"}]}<\/script>\n<!-- \/ Yoast SEO plugin. -->","yoast_head_json":{"title":"Jak wybra\u0107 fotografa na \u015blub? Poradnik Panny M\u0142odej","description":"Jak wybra\u0107 fotografa na \u015blub, jak udokumentowa\u0107 ten wa\u017cny dzie\u0144 \u015blubu, \u017ceby mie\u0107 wspania\u0142\u0105 pami\u0105tk\u0119?- Poradnik Nieperfekcyjnej Panny M\u0142odej cz.3","robots":{"index":"index","follow":"follow","max-snippet":"max-snippet:-1","max-image-preview":"max-image-preview:large","max-video-preview":"max-video-preview:-1"},"canonical":"https:\/\/estyl.pl\/blog\/jak-wybrac-fotografa-na-slub\/","og_locale":"pl_PL","og_type":"article","og_title":"Jak wybra\u0107 fotografa na \u015blub? Poradnik Panny M\u0142odej","og_description":"Jak wybra\u0107 fotografa na \u015blub, jak udokumentowa\u0107 ten wa\u017cny dzie\u0144 \u015blubu, \u017ceby mie\u0107 wspania\u0142\u0105 pami\u0105tk\u0119?- Poradnik Nieperfekcyjnej Panny M\u0142odej cz.3","og_url":"https:\/\/estyl.pl\/blog\/jak-wybrac-fotografa-na-slub\/","og_site_name":"Blog | Estyl.pl","article_author":"kdrogowskakwasnik","article_published_time":"2014-12-09T18:41:25+00:00","article_modified_time":"2014-12-10T23:58:22+00:00","og_image":[{"width":755,"height":319,"url":"https:\/\/estyl.pl\/blog\/wp-content\/uploads\/2014\/12\/jak-wybra\u0107-fotografa-na-\u015blub-poradnik.jpg","type":"image\/jpeg"}],"author":"Karolina","twitter_misc":{"Napisane przez":"Karolina","Szacowany czas czytania":"4 minuty"},"schema":{"@context":"https:\/\/schema.org","@graph":[{"@type":"WebPage","@id":"https:\/\/estyl.pl\/blog\/jak-wybrac-fotografa-na-slub\/","url":"https:\/\/estyl.pl\/blog\/jak-wybrac-fotografa-na-slub\/","name":"Jak wybra\u0107 fotografa na \u015blub? Poradnik Panny M\u0142odej","isPartOf":{"@id":"https:\/\/estyl.pl\/blog\/#website"},"datePublished":"2014-12-09T18:41:25+00:00","dateModified":"2014-12-10T23:58:22+00:00","author":{"@id":"https:\/\/estyl.pl\/blog\/#\/schema\/person\/debe1fb907542b5dc82bccc2029e474f"},"description":"Jak wybra\u0107 fotografa na \u015blub, jak udokumentowa\u0107 ten wa\u017cny dzie\u0144 \u015blubu, \u017ceby mie\u0107 wspania\u0142\u0105 pami\u0105tk\u0119?- Poradnik Nieperfekcyjnej Panny M\u0142odej cz.3","breadcrumb":{"@id":"https:\/\/estyl.pl\/blog\/jak-wybrac-fotografa-na-slub\/#breadcrumb"},"inLanguage":"pl-PL","potentialAction":[{"@type":"ReadAction","target":["https:\/\/estyl.pl\/blog\/jak-wybrac-fotografa-na-slub\/"]}]},{"@type":"BreadcrumbList","@id":"https:\/\/estyl.pl\/blog\/jak-wybrac-fotografa-na-slub\/#breadcrumb","itemListElement":[{"@type":"ListItem","position":1,"name":"Lifestyle","item":"https:\/\/estyl.pl\/blog\/lifestyle-2\/"},{"@type":"ListItem","position":2,"name":"Jak wybra\u0107 fotografa na \u015blub? Poradnik Panny M\u0142odej cz.3"}]},{"@type":"WebSite","@id":"https:\/\/estyl.pl\/blog\/#website","url":"https:\/\/estyl.pl\/blog\/","name":"Blog | Estyl.pl","description":"Kosmetyki do w\u0142os\u00f3w, porady, piel\u0119gnacja, stylizacja","potentialAction":[{"@type":"SearchAction","target":{"@type":"EntryPoint","urlTemplate":"https:\/\/estyl.pl\/blog\/?s={search_term_string}"},"query-input":"required name=search_term_string"}],"inLanguage":"pl-PL"},{"@type":"Person","@id":"https:\/\/estyl.pl\/blog\/#\/schema\/person\/debe1fb907542b5dc82bccc2029e474f","name":"Karolina","description":"Absolwentka kosmetologii i dietetyki na \u015al\u0105skiej Wy\u017cszej Szkole Medycznej w Katowicach. Ze sklepem Estyl.pl zwi\u0105zana od wielu lat. Wiedz\u0119 na temat produkt\u00f3w zebra\u0142a pracuj\u0105c w sklepie stacjonanym w Katowicach. Aktualnie pracuje jako copywriter, co daje jej du\u017co satysfakcji. Uwielbia testowa\u0107 nowe kosmetyki.","sameAs":["kdrogowskakwasnik"],"url":"https:\/\/estyl.pl\/blog\/author\/k-mistalsiekiera\/"}]}},"_links":{"self":[{"href":"https:\/\/estyl.pl\/blog\/wp-json\/wp\/v2\/posts\/25120"}],"collection":[{"href":"https:\/\/estyl.pl\/blog\/wp-json\/wp\/v2\/posts"}],"about":[{"href":"https:\/\/estyl.pl\/blog\/wp-json\/wp\/v2\/types\/post"}],"author":[{"embeddable":true,"href":"https:\/\/estyl.pl\/blog\/wp-json\/wp\/v2\/users\/23"}],"replies":[{"embeddable":true,"href":"https:\/\/estyl.pl\/blog\/wp-json\/wp\/v2\/comments?post=25120"}],"version-history":[{"count":10,"href":"https:\/\/estyl.pl\/blog\/wp-json\/wp\/v2\/posts\/25120\/revisions"}],"predecessor-version":[{"id":25147,"href":"https:\/\/estyl.pl\/blog\/wp-json\/wp\/v2\/posts\/25120\/revisions\/25147"}],"wp:featuredmedia":[{"embeddable":true,"href":"https:\/\/estyl.pl\/blog\/wp-json\/wp\/v2\/media\/25127"}],"wp:attachment":[{"href":"https:\/\/estyl.pl\/blog\/wp-json\/wp\/v2\/media?parent=25120"}],"wp:term":[{"taxonomy":"category","embeddable":true,"href":"https:\/\/estyl.pl\/blog\/wp-json\/wp\/v2\/categories?post=25120"},{"taxonomy":"post_tag","embeddable":true,"href":"https:\/\/estyl.pl\/blog\/wp-json\/wp\/v2\/tags?post=25120"}],"curies":[{"name":"wp","href":"https:\/\/api.w.org\/{rel}","templated":true}]}}