{"id":2590,"date":"2016-09-22T09:00:43","date_gmt":"2016-09-22T07:00:43","guid":{"rendered":"https:\/\/estyl.pl\/blog\/?p=2590"},"modified":"2020-09-23T09:51:13","modified_gmt":"2020-09-23T07:51:13","slug":"jesienne-fryzury","status":"publish","type":"post","link":"https:\/\/estyl.pl\/blog\/jesienne-fryzury\/","title":{"rendered":"Jesienne fryzury &#8211; najmodniejsze propozycje"},"content":{"rendered":"<p style=\"text-align: justify;\"><span style=\"font-weight: 400;\">Jesienne fryzury maj\u0105 w sobie co\u015b z nostalgicznej atmosfery tej pory roku. Subtelne koki, naturalne fale wygl\u0105daj\u0105, jakby by\u0142y u\u0142o\u017cone przez wiatr. Ogl\u0105daj\u0105c jesienne pokazy mody, mo\u017cna zauwa\u017cy\u0107 nowe i \u015bmia\u0142e projekty. Jednak fryzury modelek s\u0105 jedynie t\u0142em dla ekstrawaganckich ubior\u00f3w. W tym sezonie na pewno ka\u017cda z nas znajdzie odpowiedni\u0105 stylizacj\u0119 w\u0142os\u00f3w do swojego wygl\u0105du oraz stylu \u017cycia. Zainspiruj si\u0119!<\/span><\/p>\n<p style=\"text-align: justify;\"><!--more--><\/p>\n<h2 style=\"text-align: justify;\">Jesienne fryzury &#8211; 10 propozycji<\/h2>\n<p style=\"text-align: justify;\"><strong><span style=\"font-weight: 400;\">Jesienne fryzury maj\u0105 cechy wsp\u00f3lne z letnimi. S\u0105 tak\u017ce kobiece i unikaj\u0105 krzykliwej ekstrawagancji. <a href=\"https:\/\/estyl.pl\/wlosy\" data-internallinksmanager029f6b8e52c=\"2\" title=\"w\u0142osy\">W\u0142osy<\/a> jesieni\u0105 powinny by\u0107 przede wszystkim w romantycznym nie\u0142adzie, a ich kolory zgodne z natur\u0105. Ale czy na pewno w tym sezonie? Oto, co proponuj\u0105 nam styli\u015bci.<\/span><\/strong><\/p>\n<p style=\"text-align: justify;\"><a href=\"https:\/\/estyl.pl\/blog\/wp-content\/uploads\/2011\/09\/fryzury-na-jesie\u0144.jpg\" rel=\"lightbox[2590]\"><img decoding=\"async\" loading=\"lazy\" class=\"aligncenter size-full wp-image-24826\" src=\"https:\/\/estyl.pl\/blog\/wp-content\/uploads\/2011\/09\/fryzury-na-jesie\u0144.jpg\" alt=\"fryzury na jesie\u0144\" width=\"755\" height=\"320\" srcset=\"https:\/\/estyl.pl\/blog\/wp-content\/uploads\/2011\/09\/fryzury-na-jesie\u0144.jpg 755w, https:\/\/estyl.pl\/blog\/wp-content\/uploads\/2011\/09\/fryzury-na-jesie\u0144-300x127.jpg 300w, https:\/\/estyl.pl\/blog\/wp-content\/uploads\/2011\/09\/fryzury-na-jesie\u0144-580x245.jpg 580w, https:\/\/estyl.pl\/blog\/wp-content\/uploads\/2011\/09\/fryzury-na-jesie\u0144-261x110.jpg 261w\" sizes=\"(max-width: 755px) 100vw, 755px\" \/><\/a><\/p>\n<h3 style=\"text-align: justify;\"><b>Eleganckie, retro fale<\/b><\/h3>\n<p style=\"text-align: justify;\"><span style=\"font-weight: 400;\">Najmodniejszy trend panuj\u0105cy w\u015br\u00f3d fryzur od kilku sezon\u00f3w tym razem w lekkiej modyfikacji. G\u0142\u00f3wn\u0105 zasada jaka powinna panowa\u0107 na g\u0142owie brzmi &#8211; \u201c<\/span><a href=\"https:\/\/estyl.pl\/blog\/2011\/09\/wlosy-matowe\/\"><span style=\"font-weight: 400;\">zamiast by\u0107 matowymi powinny l\u015bni\u0107 zdrowym blaskiem<\/span><\/a><span style=\"font-weight: 400;\">\u201d. Najwa\u017cniejsze, by w\u0142osy wygl\u0105da\u0142y maksymalnie naturalnie. <\/span><b><i>Dobrze, by u nasady fryzura by\u0142a w miar\u0119 g\u0142adka, fale i du\u017ce loki powinny rozpoczyna\u0107 si\u0119 dopiero na wysoko\u015bci ucha<\/i><\/b><span style=\"font-weight: 400;\">. R\u00f3wnie modne b\u0119d\u0105 kobiece fale i loki w stylu retro i lat dwudziestych. Je\u015bli masz w\u0142osy kr\u0119cone naturalnie mo\u017cesz tylko podkre\u015bli\u0107 ich faktur\u0119 piank\u0105, <\/span><a href=\"http:\/\/estyl.pl\/davines-more-inside-sea-salt-spray-sol-morska-250ml\"><span style=\"font-weight: 400;\">sol\u0105 morsk\u0105 do w\u0142os\u00f3w<\/span><\/a><span style=\"font-weight: 400;\"> lub \u017celem do lok\u00f3w. Panie o w\u0142osach prostych mog\u0105 u\u017cy\u0107 lok\u00f3wki, szczotki do modelowania, termolok\u00f3w i pianki lub <\/span><a href=\"http:\/\/estyl.pl\/wlosy\/stylizacja\/pasty-gumy-i-pomady\/stylizujace.html\"><span style=\"font-weight: 400;\">pasty do stylizacji w\u0142os\u00f3w<\/span><\/a><span style=\"font-weight: 400;\">. <\/span><\/p>\n<h3 style=\"padding-left: 30px; text-align: justify;\"><a href=\"https:\/\/estyl.pl\/blog\/wp-content\/uploads\/2011\/09\/lana-del-rey-v-magazine-02.jpg\" target=\"_blank\" rel=\"noopener noreferrer\" rel=\"lightbox[2590]\"><img decoding=\"async\" loading=\"lazy\" class=\"alignnone wp-image-30782\" title=\"Lena Del Ray w zmys\u0142owych falach\" src=\"https:\/\/estyl.pl\/blog\/wp-content\/uploads\/2011\/09\/lana-del-rey-v-magazine-02-580x694.jpg\" alt=\"Lena Del Ray w zmys\u0142owych falach\" width=\"201\" height=\"240\" srcset=\"https:\/\/estyl.pl\/blog\/wp-content\/uploads\/2011\/09\/lana-del-rey-v-magazine-02-580x694.jpg 580w, https:\/\/estyl.pl\/blog\/wp-content\/uploads\/2011\/09\/lana-del-rey-v-magazine-02-251x300.jpg 251w, https:\/\/estyl.pl\/blog\/wp-content\/uploads\/2011\/09\/lana-del-rey-v-magazine-02-755x904.jpg 755w, https:\/\/estyl.pl\/blog\/wp-content\/uploads\/2011\/09\/lana-del-rey-v-magazine-02-261x312.jpg 261w, https:\/\/estyl.pl\/blog\/wp-content\/uploads\/2011\/09\/lana-del-rey-v-magazine-02.jpg 1021w\" sizes=\"(max-width: 201px) 100vw, 201px\" \/><\/a>\u00a0<a href=\"https:\/\/estyl.pl\/blog\/wp-content\/uploads\/2011\/09\/fryzury-jesien-zima-2017-autumn-winter-hairstyles-trends009.jpg\" target=\"_blank\" rel=\"noopener noreferrer\" rel=\"lightbox[2590]\"><img decoding=\"async\" loading=\"lazy\" class=\"alignnone wp-image-30778\" title=\"Delikatne mi\u0119kkie fale na co dzie\u0144\" src=\"https:\/\/estyl.pl\/blog\/wp-content\/uploads\/2011\/09\/fryzury-jesien-zima-2017-autumn-winter-hairstyles-trends009-580x636.jpg\" alt=\"Delikatne mi\u0119kkie fale na co dzie\u0144\" width=\"219\" height=\"240\" srcset=\"https:\/\/estyl.pl\/blog\/wp-content\/uploads\/2011\/09\/fryzury-jesien-zima-2017-autumn-winter-hairstyles-trends009-580x636.jpg 580w, https:\/\/estyl.pl\/blog\/wp-content\/uploads\/2011\/09\/fryzury-jesien-zima-2017-autumn-winter-hairstyles-trends009-274x300.jpg 274w, https:\/\/estyl.pl\/blog\/wp-content\/uploads\/2011\/09\/fryzury-jesien-zima-2017-autumn-winter-hairstyles-trends009-755x828.jpg 755w, https:\/\/estyl.pl\/blog\/wp-content\/uploads\/2011\/09\/fryzury-jesien-zima-2017-autumn-winter-hairstyles-trends009-261x286.jpg 261w, https:\/\/estyl.pl\/blog\/wp-content\/uploads\/2011\/09\/fryzury-jesien-zima-2017-autumn-winter-hairstyles-trends009.jpg 764w\" sizes=\"(max-width: 219px) 100vw, 219px\" \/><\/a> <a href=\"https:\/\/estyl.pl\/blog\/wp-content\/uploads\/2011\/09\/8.-Miekkie-fale.jpg\" target=\"_blank\" rel=\"noopener noreferrer\" rel=\"lightbox[2590]\"><img decoding=\"async\" loading=\"lazy\" class=\"alignnone wp-image-30765\" title=\"Romantyczne mi\u0119kkie fale\" src=\"https:\/\/estyl.pl\/blog\/wp-content\/uploads\/2011\/09\/8.-Miekkie-fale.jpg\" alt=\"Romantyczne mi\u0119kkie fale\" width=\"173\" height=\"240\" srcset=\"https:\/\/estyl.pl\/blog\/wp-content\/uploads\/2011\/09\/8.-Miekkie-fale.jpg 522w, https:\/\/estyl.pl\/blog\/wp-content\/uploads\/2011\/09\/8.-Miekkie-fale-217x300.jpg 217w, https:\/\/estyl.pl\/blog\/wp-content\/uploads\/2011\/09\/8.-Miekkie-fale-261x362.jpg 261w\" sizes=\"(max-width: 173px) 100vw, 173px\" \/><\/a><\/h3>\n<p style=\"text-align: center;\"><span style=\"font-weight: 400;\">\u017arod\u0142o: <\/span><span style=\"font-weight: 400;\">zielonakaruzela.pl<\/span><span style=\"font-weight: 400;\"> , <\/span><span style=\"font-weight: 400;\">www.ukhairdressers.com <\/span><span style=\"font-weight: 400;\">, <\/span><span style=\"font-weight: 400;\">www.snobka.pl<\/span><\/p>\n<p>ZOBACZ R\u00d3WNIE\u017b: <a href=\"https:\/\/estyl.pl\/blog\/2020\/09\/modne-fryzury-na-jesien-2020-roku-zobacz-co-sie-nosi\/\">Modne fryzury na jesie\u0144 2020 roku &#8211; zobacz co si\u0119 nosi!<\/a><\/p>\n<h3><b>Modne plecionki<\/b><\/h3>\n<p style=\"text-align: justify;\"><span style=\"font-weight: 400;\">Jesienne fryzury to wszelkiego rodzaju plecionki. Mo\u017cesz nosi\u0107 grube k\u0142osy, warkocze francuskie, cienkie warkocze, kt\u00f3rymi oplatasz ca\u0142\u0105 g\u0142ow\u0119, asymetryczne splecion\u0105 grzywk\u0119. <\/span><b>Plecionki mo\u017cesz \u0142\u0105czy\u0107 z dowoln\u0105 fryzur\u0105<\/b><span style=\"font-weight: 400;\">. Jednak tego typu fryzury wymagaj\u0105 troch\u0119 wprawy i zdolno\u015bci manualnych. Na szcz\u0119\u015bcie w Internecie znajdziesz mn\u00f3stwo filmik\u00f3w instrukta\u017cowych. Wystarczy odpowiednia ilo\u015b\u0107 \u0107wicze\u0144 \u2013 naprawd\u0119! Zawsze mo\u017cesz poprosi\u0107 o pomoc mam\u0119, siostr\u0119 czy kole\u017cank\u0119. Wsp\u00f3lne plecionki przy kubku dobrej herbaty to idealny spos\u00f3b na jesienne popo\u0142udnie. Doskonale do utrwalenia tego typu fryzury sprawdza si\u0119 <\/span><a href=\"http:\/\/estyl.pl\/wlosy\/stylizacja\/lakiery-i-spraye\"><span style=\"font-weight: 400;\">lakiery do w\u0142os\u00f3w<\/span><\/a><span style=\"font-weight: 400;\">, kt\u00f3re nawet w najbardziej deszczow\u0105 pogod\u0119 zachowaj\u0105 nasze w\u0142osy w ryzach.<\/span><\/p>\n<p style=\"text-align: justify;\"><strong><span style=\"font-weight: 400;\">Zobaczcie sami jak \u0142atwo wykona\u0107 taki warkocz.<\/span><\/strong><\/p>\n<p style=\"text-align: justify;\"><iframe loading=\"lazy\" src=\"https:\/\/www.youtube.com\/embed\/axnbRDcByhk\" width=\"754\" height=\"424\" frameborder=\"0\" allowfullscreen=\"allowfullscreen\"><\/iframe><\/p>\n<p style=\"text-align: center;\">\u00a0<span style=\"font-weight: 400;\">\u017ar\u00f3d\u0142o: <\/span><span style=\"font-weight: 400;\">https:\/\/www.youtube.com\/watch?v=axnbRDcByhk<\/span><\/p>\n<h3><b>Karbowane w\u0142osy<\/b><\/h3>\n<p style=\"text-align: justify;\"><span style=\"font-weight: 400;\">Pami\u0119tacie w latach 80-tych jak karbowa\u0142o si\u0119 w\u0142osy na tak zwanej \u201cgofrownicy\u201d? W\u0142a\u015bnie tej jesieni do \u0142ask powracaj\u0105 szalone karbowane w\u0142osy. Ca\u0142e w\u0142osy, a mo\u017ce tylko pasma? Wszystko jest dozwolone. Ta stylizacja wspaniale sprawdzi nawet na bardzo cienkich w\u0142osach, poniewa\u017c rewelacyjnie dodaje obj\u0119to\u015bci. A wi\u0119c do dzie\u0142a!<\/span><\/p>\n<p style=\"padding-left: 60px; text-align: justify;\"><a href=\"https:\/\/estyl.pl\/blog\/wp-content\/uploads\/2011\/09\/versacelookbook6.jpg\" target=\"_blank\" rel=\"noopener noreferrer\" rel=\"lightbox[2590]\"><img decoding=\"async\" loading=\"lazy\" class=\"alignnone wp-image-30790\" title=\"Szalone karbowanie\" src=\"https:\/\/estyl.pl\/blog\/wp-content\/uploads\/2011\/09\/versacelookbook6-580x773.jpg\" alt=\"Szalone karbowanie\" width=\"180\" height=\"240\" srcset=\"https:\/\/estyl.pl\/blog\/wp-content\/uploads\/2011\/09\/versacelookbook6-580x773.jpg 580w, https:\/\/estyl.pl\/blog\/wp-content\/uploads\/2011\/09\/versacelookbook6-225x300.jpg 225w, https:\/\/estyl.pl\/blog\/wp-content\/uploads\/2011\/09\/versacelookbook6-755x1006.jpg 755w, https:\/\/estyl.pl\/blog\/wp-content\/uploads\/2011\/09\/versacelookbook6-261x348.jpg 261w, https:\/\/estyl.pl\/blog\/wp-content\/uploads\/2011\/09\/versacelookbook6.jpg 800w\" sizes=\"(max-width: 180px) 100vw, 180px\" \/><\/a>\u00a0<a href=\"https:\/\/estyl.pl\/blog\/wp-content\/uploads\/2011\/09\/galeria_fryzur_2_20140917_1829542920.jpg\" target=\"_blank\" rel=\"noopener noreferrer\" rel=\"lightbox[2590]\"><img decoding=\"async\" loading=\"lazy\" class=\"alignnone wp-image-30780\" title=\"W\u0142osy karbowane i warkocz - super po\u0142\u0105czenie\" src=\"https:\/\/estyl.pl\/blog\/wp-content\/uploads\/2011\/09\/galeria_fryzur_2_20140917_1829542920-580x580.jpg\" alt=\"W\u0142osy karbowane i warkocz - super po\u0142\u0105czenie\" width=\"240\" height=\"240\" srcset=\"https:\/\/estyl.pl\/blog\/wp-content\/uploads\/2011\/09\/galeria_fryzur_2_20140917_1829542920-580x580.jpg 580w, https:\/\/estyl.pl\/blog\/wp-content\/uploads\/2011\/09\/galeria_fryzur_2_20140917_1829542920-300x300.jpg 300w, https:\/\/estyl.pl\/blog\/wp-content\/uploads\/2011\/09\/galeria_fryzur_2_20140917_1829542920-755x755.jpg 755w, https:\/\/estyl.pl\/blog\/wp-content\/uploads\/2011\/09\/galeria_fryzur_2_20140917_1829542920-261x261.jpg 261w, https:\/\/estyl.pl\/blog\/wp-content\/uploads\/2011\/09\/galeria_fryzur_2_20140917_1829542920.jpg 902w\" sizes=\"(max-width: 240px) 100vw, 240px\" \/><\/a>\u00a0<a href=\"https:\/\/estyl.pl\/blog\/wp-content\/uploads\/2011\/09\/14716.jpg\" target=\"_blank\" rel=\"noopener noreferrer\" rel=\"lightbox[2590]\"><img decoding=\"async\" loading=\"lazy\" class=\"alignnone wp-image-30767\" title=\"Wyg\u0142adzone karbowane w\u0142osy te\u017c wygl\u0105daj\u0105 zjawiskowo\" src=\"https:\/\/estyl.pl\/blog\/wp-content\/uploads\/2011\/09\/14716.jpg\" alt=\"Wyg\u0142adzone karbowane w\u0142osy te\u017c wygl\u0105daj\u0105 zjawiskowo\" width=\"160\" height=\"240\" srcset=\"https:\/\/estyl.pl\/blog\/wp-content\/uploads\/2011\/09\/14716.jpg 500w, https:\/\/estyl.pl\/blog\/wp-content\/uploads\/2011\/09\/14716-200x300.jpg 200w, https:\/\/estyl.pl\/blog\/wp-content\/uploads\/2011\/09\/14716-261x392.jpg 261w\" sizes=\"(max-width: 160px) 100vw, 160px\" \/><\/a><\/p>\n<p style=\"text-align: center;\"><span style=\"font-weight: 400;\">\u017ar\u00f3d\u0142o: <\/span><span style=\"font-weight: 400;\">www.bloblo.pl<\/span><span style=\"font-weight: 400;\">, <\/span><span style=\"font-weight: 400;\">www.wloo.pl<\/span><span style=\"font-weight: 400;\">, <\/span><span style=\"font-weight: 400;\">polki.pl<\/span><\/p>\n<h3><b>Romantyczne upi\u0119cia i koczki<\/b><\/h3>\n<p style=\"text-align: justify;\"><strong><span style=\"font-weight: 400;\">Jesienne fryzury uwypuklaj\u0105 romantyczn\u0105 natur\u0119 kobiety. W tym sezonie kr\u00f3luj\u0105 lekkie <\/span><b>upi\u0119cia w\u0142os\u00f3w, kt\u00f3re maj\u0105 by\u0107 dziewcz\u0119ce, ale z charakterem<\/b><span style=\"font-weight: 400;\">. Pojedyncze kosmyki w\u0142os\u00f3w powinny okala\u0107 Twoj\u0105 twarz, jakby\u015b dopiero wsta\u0142a z \u0142\u00f3\u017cka. Pozornie fryzura ma stwarza\u0107 wra\u017cenie niedba\u0142ej, roztrzepanej, ale i nonszalanckiej. Je\u015bli chcesz przed\u0142u\u017cy\u0107 trwa\u0142o\u015b\u0107 takiej fryzury u\u017cyj <\/span><a href=\"http:\/\/estyl.pl\/wlosy\/stylizacja\/lakiery-i-spraye\"><span style=\"font-weight: 400;\">lakieru do w\u0142os\u00f3w<\/span><\/a><span style=\"font-weight: 400;\">, ale bardzo niewiele. Bowiem w tej stylizacji ma panowa\u0107 delikatno\u015b\u0107. Jesienne fryzury stwarzaj\u0105 wiele mo\u017cliwo\u015bci \u2013 mo\u017cesz upina\u0107, splata\u0107 lub zwi\u0105zywa\u0107 dowoln\u0105 cz\u0119\u015b\u0107 w\u0142os\u00f3w, a wolne kosmyki niech oplataj\u0105 Twoja twarz.<\/span><\/strong><\/p>\n<div class=\"minpic\" style=\"padding-left: 60px; text-align: justify;\"><a href=\"https:\/\/estyl.pl\/blog\/wp-content\/uploads\/2011\/09\/10858509_10153290096394516_4254570788336785727_n-600x4341.jpg\" target=\"_blank\" rel=\"noopener noreferrer\" rel=\"lightbox[2590]\"><img decoding=\"async\" loading=\"lazy\" class=\"alignnone wp-image-30791\" title=\"Kok w innym wydaniu\" src=\"https:\/\/estyl.pl\/blog\/wp-content\/uploads\/2011\/09\/10858509_10153290096394516_4254570788336785727_n-600x4341.jpg\" alt=\"Kok w innym wydaniu\" width=\"268\" height=\"240\" srcset=\"https:\/\/estyl.pl\/blog\/wp-content\/uploads\/2011\/09\/10858509_10153290096394516_4254570788336785727_n-600x4341.jpg 484w, https:\/\/estyl.pl\/blog\/wp-content\/uploads\/2011\/09\/10858509_10153290096394516_4254570788336785727_n-600x4341-300x269.jpg 300w, https:\/\/estyl.pl\/blog\/wp-content\/uploads\/2011\/09\/10858509_10153290096394516_4254570788336785727_n-600x4341-261x234.jpg 261w\" sizes=\"(max-width: 268px) 100vw, 268px\" \/><\/a>\u00a0<a href=\"https:\/\/estyl.pl\/blog\/wp-content\/uploads\/2011\/09\/fryzury.jpg\" target=\"_blank\" rel=\"noopener noreferrer\" rel=\"lightbox[2590]\"><img decoding=\"async\" loading=\"lazy\" class=\"alignnone wp-image-30777\" title=\"Fryzura na co dzie\u0144 dla ka\u017cdego\" src=\"https:\/\/estyl.pl\/blog\/wp-content\/uploads\/2011\/09\/fryzury.jpg\" alt=\"Fryzura na co dzie\u0144 dla ka\u017cdego\" width=\"160\" height=\"240\" srcset=\"https:\/\/estyl.pl\/blog\/wp-content\/uploads\/2011\/09\/fryzury.jpg 467w, https:\/\/estyl.pl\/blog\/wp-content\/uploads\/2011\/09\/fryzury-200x300.jpg 200w, https:\/\/estyl.pl\/blog\/wp-content\/uploads\/2011\/09\/fryzury-261x391.jpg 261w\" sizes=\"(max-width: 160px) 100vw, 160px\" \/><\/a>\u00a0<a href=\"https:\/\/estyl.pl\/blog\/wp-content\/uploads\/2011\/09\/298074-walentynki-2016-romantyczne-upiecia-na-walentynkowe-randez-vous.jpg\" target=\"_blank\" rel=\"noopener noreferrer\" rel=\"lightbox[2590]\"><img decoding=\"async\" loading=\"lazy\" class=\"alignnone wp-image-30768\" title=\"Warkocz w ka\u017cdej wersji wygl\u0105da romantycznie\" src=\"https:\/\/estyl.pl\/blog\/wp-content\/uploads\/2011\/09\/298074-walentynki-2016-romantyczne-upiecia-na-walentynkowe-randez-vous.jpg\" alt=\"Warkocz w ka\u017cdej wersji wygl\u0105da romantycznie\" width=\"160\" height=\"240\" srcset=\"https:\/\/estyl.pl\/blog\/wp-content\/uploads\/2011\/09\/298074-walentynki-2016-romantyczne-upiecia-na-walentynkowe-randez-vous.jpg 564w, https:\/\/estyl.pl\/blog\/wp-content\/uploads\/2011\/09\/298074-walentynki-2016-romantyczne-upiecia-na-walentynkowe-randez-vous-200x300.jpg 200w, https:\/\/estyl.pl\/blog\/wp-content\/uploads\/2011\/09\/298074-walentynki-2016-romantyczne-upiecia-na-walentynkowe-randez-vous-261x392.jpg 261w\" sizes=\"(max-width: 160px) 100vw, 160px\" \/><\/a><\/div>\n<div class=\"minpic\" style=\"text-align: justify;\">\n<p style=\"text-align: center;\"><span style=\"font-weight: 400;\">\u017ar\u00f3d\u0142o: <\/span><span style=\"font-weight: 400;\">justdoit-kudels.blogspot.com<\/span><span style=\"font-weight: 400;\">, <\/span><span style=\"font-weight: 400;\">naslubnymkobiercu.pl<\/span><span style=\"font-weight: 400;\"> , <\/span><span style=\"font-weight: 400;\">styl.fm<\/span><\/p>\n<h3><b>Grzywki<\/b><\/h3>\n<p><span style=\"font-weight: 400;\">Tej jesieni kr\u00f3luj\u0105 grzywki! Nie sko\u015bne, kt\u00f3re od kilku sezon\u00f3w brylowa\u0142y na salonach. Proste, d\u0142ugie, zakrywaj\u0105c oczy z prostym przedzia\u0142kiem na \u015brodku g\u0142owy. Pami\u0119tajcie jednak, \u017ce grzywka w szczeg\u00f3lno\u015bci ta prosta nie jest dla ka\u017cdego. Je\u015bli nie wiecie czy b\u0119dzie Wam pasowa\u0107 zapytajcie o opini\u0119 Waszego fryzjera b\u0105d\u017a dopnijcie na jeden dzie\u0144 grzywk\u0119 clip-in. Ewentualnie zaczeszcie cz\u0119\u015b\u0107 w\u0142os\u00f3w do przodu i upnijcie, aby przekona\u0107 si\u0119 czy ta stylizacja jest dla Was. Je\u015bli Twoje w\u0142osy naturalnie opadaj\u0105 lub szybko przet\u0142uszczaj\u0105 si\u0119, u\u017cyj <\/span><a href=\"http:\/\/estyl.pl\/wlosy\/stylizacja\/pianki\"><span style=\"font-weight: 400;\">pianki dodaj\u0105cej obj\u0119to\u015bci<\/span><\/a><span style=\"font-weight: 400;\">. Wa\u017cne by ten element fryzury pasowa\u0142 do kszta\u0142tu naszej twarzy i dodawa\u0142 nam wdzi\u0119ku. Grzywki jesienne maj\u0105 odm\u0142adza\u0107, a nie dodawa\u0107 lat. Grzywk\u0119 t\u0105 mo\u017cesz nosi\u0107 zar\u00f3wno do w\u0142os\u00f3w d\u0142ugich, jak i kr\u00f3tkich.<\/span><\/p>\n<p style=\"padding-left: 90px;\"><a href=\"https:\/\/estyl.pl\/blog\/wp-content\/uploads\/2011\/09\/fryzury2011_grzywki_02.jpg\" rel=\"lightbox[2590]\"><br \/>\n<\/a>\u00a0<a href=\"https:\/\/estyl.pl\/blog\/wp-content\/uploads\/2011\/09\/dluga-prosta-grzywka.jpg\" target=\"_blank\" rel=\"noopener noreferrer\" rel=\"lightbox[2590]\"><img decoding=\"async\" loading=\"lazy\" class=\"alignnone wp-image-30775\" title=\"Grzywka i proste w\u0142osy dla nas bomba\" src=\"https:\/\/estyl.pl\/blog\/wp-content\/uploads\/2011\/09\/dluga-prosta-grzywka-580x769.jpg\" alt=\"Grzywka i proste w\u0142osy dla nas bomba\" width=\"181\" height=\"240\" srcset=\"https:\/\/estyl.pl\/blog\/wp-content\/uploads\/2011\/09\/dluga-prosta-grzywka-580x769.jpg 580w, https:\/\/estyl.pl\/blog\/wp-content\/uploads\/2011\/09\/dluga-prosta-grzywka-226x300.jpg 226w, https:\/\/estyl.pl\/blog\/wp-content\/uploads\/2011\/09\/dluga-prosta-grzywka-755x1001.jpg 755w, https:\/\/estyl.pl\/blog\/wp-content\/uploads\/2011\/09\/dluga-prosta-grzywka-261x346.jpg 261w, https:\/\/estyl.pl\/blog\/wp-content\/uploads\/2011\/09\/dluga-prosta-grzywka.jpg 772w\" sizes=\"(max-width: 181px) 100vw, 181px\" \/>\u00a0<img decoding=\"async\" loading=\"lazy\" class=\" wp-image-30788 alignnone\" title=\"Grzywka w wersji eleganckiej\" src=\"https:\/\/estyl.pl\/blog\/wp-content\/uploads\/2011\/09\/qyep79-580x1028.jpg\" alt=\"Grzywka w wersji eleganckiej\" width=\"135\" height=\"240\" srcset=\"https:\/\/estyl.pl\/blog\/wp-content\/uploads\/2011\/09\/qyep79-580x1028.jpg 580w, https:\/\/estyl.pl\/blog\/wp-content\/uploads\/2011\/09\/qyep79-169x300.jpg 169w, https:\/\/estyl.pl\/blog\/wp-content\/uploads\/2011\/09\/qyep79-261x462.jpg 261w, https:\/\/estyl.pl\/blog\/wp-content\/uploads\/2011\/09\/qyep79.jpg 750w\" sizes=\"(max-width: 135px) 100vw, 135px\" \/><\/a>\u00a0<a href=\"https:\/\/estyl.pl\/blog\/wp-content\/uploads\/2011\/09\/bob-prosty.jpg\" target=\"_blank\" rel=\"noopener noreferrer\" rel=\"lightbox[2590]\"><img decoding=\"async\" loading=\"lazy\" class=\"alignnone wp-image-30773\" title=\"Grzywka jako uwi\u0119czenie d\u0142ugiego boba\" src=\"https:\/\/estyl.pl\/blog\/wp-content\/uploads\/2011\/09\/bob-prosty-580x774.jpg\" alt=\"Grzywka jako uwi\u0119czenie d\u0142ugiego boba\" width=\"180\" height=\"240\" srcset=\"https:\/\/estyl.pl\/blog\/wp-content\/uploads\/2011\/09\/bob-prosty-580x774.jpg 580w, https:\/\/estyl.pl\/blog\/wp-content\/uploads\/2011\/09\/bob-prosty-225x300.jpg 225w, https:\/\/estyl.pl\/blog\/wp-content\/uploads\/2011\/09\/bob-prosty-755x1007.jpg 755w, https:\/\/estyl.pl\/blog\/wp-content\/uploads\/2011\/09\/bob-prosty-261x348.jpg 261w, https:\/\/estyl.pl\/blog\/wp-content\/uploads\/2011\/09\/bob-prosty.jpg 1000w\" sizes=\"(max-width: 180px) 100vw, 180px\" \/><\/a><\/p>\n<\/div>\n<div class=\"minpic\" style=\"text-align: justify;\">\n<p style=\"text-align: center;\"><span style=\"font-weight: 400;\">\u017ar\u00f3d\u0142o: <\/span><span style=\"font-weight: 400;\">alsastylla.blogspot.com<\/span><span style=\"font-weight: 400;\"> , <\/span><span style=\"font-weight: 400;\">fryzurki.blox.pl<\/span><span style=\"font-weight: 400;\">, <\/span><span style=\"font-weight: 400;\">www.styllowe.pl<\/span><\/p>\n<\/div>\n<h3><b>Ko\u0144skie ogony<\/b><\/h3>\n<p style=\"text-align: justify;\"><span style=\"font-weight: 400;\">Prosty kuc mo\u017ce by\u0107 seksowny, gdy zrobimy go w\u0142a\u015bciwie. <\/span><b>Najbardziej po\u017c\u0105danym w sezonie jesienno-zimowym b\u0119dzie ten niski, g\u0142adko zaczesany ko\u0144ski ogon<\/b><span style=\"font-weight: 400;\">. Mo\u017ce on by\u0107 zar\u00f3wno g\u0142adko jak i nonszalancko, niedbale zaczesany. W tym przypadku przydadz\u0105 si\u0119 Wam takie produkty jak <\/span><a href=\"http:\/\/estyl.pl\/davines-ol-absolute-colour-gloss-serum-13ml\"><span style=\"font-weight: 400;\">serum nab\u0142yszczaj\u0105ce w\u0142osy<\/span><\/a><span style=\"font-weight: 400;\">, <\/span><a href=\"http:\/\/estyl.pl\/wlosy\/stylizacja\/kremy\"><span style=\"font-weight: 400;\">krem do ich uk\u0142adania<\/span><\/a><span style=\"font-weight: 400;\"> czy <\/span><a href=\"http:\/\/estyl.pl\/akcesoria\/prostownice\"><span style=\"font-weight: 400;\">prostownicy<\/span><\/a><span style=\"font-weight: 400;\">. Obowi\u0105zkowo jednak musi znale\u017a\u0107 si\u0119 na nim wst\u0105\u017cka b\u0105d\u017a ozdobna gumka, wtedy taka wersja fryzury jest bardzo elegancka i z pewno\u015bci\u0105 przyci\u0105ga wzrok m\u0119\u017cczyzn.<\/span><\/p>\n<h3 style=\"padding-left: 60px; text-align: justify;\"><a href=\"https:\/\/estyl.pl\/blog\/wp-content\/uploads\/2011\/09\/2256184.jpg\" target=\"_blank\" rel=\"noopener noreferrer\" rel=\"lightbox[2590]\"><img decoding=\"async\" loading=\"lazy\" class=\"alignnone wp-image-30769\" title=\"Elegancko i na luzie\" src=\"https:\/\/estyl.pl\/blog\/wp-content\/uploads\/2011\/09\/2256184-580x435.jpg\" alt=\"Elegancko i na luzie\" width=\"320\" height=\"240\" srcset=\"https:\/\/estyl.pl\/blog\/wp-content\/uploads\/2011\/09\/2256184-580x435.jpg 580w, https:\/\/estyl.pl\/blog\/wp-content\/uploads\/2011\/09\/2256184-300x225.jpg 300w, https:\/\/estyl.pl\/blog\/wp-content\/uploads\/2011\/09\/2256184-261x196.jpg 261w, https:\/\/estyl.pl\/blog\/wp-content\/uploads\/2011\/09\/2256184.jpg 650w\" sizes=\"(max-width: 320px) 100vw, 320px\" \/><\/a>\u00a0<a href=\"https:\/\/estyl.pl\/blog\/wp-content\/uploads\/2011\/09\/f5.jpeg\" target=\"_blank\" rel=\"noopener noreferrer\" rel=\"lightbox[2590]\"><img decoding=\"async\" loading=\"lazy\" class=\"alignnone wp-image-30776\" title=\"Wst\u0105\u017cka we w\u0142osach nada delikatno\u015bci\" src=\"https:\/\/estyl.pl\/blog\/wp-content\/uploads\/2011\/09\/f5.jpeg\" alt=\"Wst\u0105\u017cka we w\u0142osach nada delikatno\u015bci\" width=\"240\" height=\"240\" srcset=\"https:\/\/estyl.pl\/blog\/wp-content\/uploads\/2011\/09\/f5.jpeg 320w, https:\/\/estyl.pl\/blog\/wp-content\/uploads\/2011\/09\/f5-300x300.jpeg 300w, https:\/\/estyl.pl\/blog\/wp-content\/uploads\/2011\/09\/f5-261x261.jpeg 261w\" sizes=\"(max-width: 240px) 100vw, 240px\" \/><\/a><\/h3>\n<div class=\"minpic\" style=\"text-align: justify;\">\n<p style=\"text-align: center;\"><span style=\"font-weight: 400;\">\u017ar\u00f3d\u0142o: polki.pl , zszywka.pl<\/span><\/p>\n<h3><b>Kok samuraja<\/b><\/h3>\n<p><strong><span style=\"font-weight: 400;\">Na pocz\u0105tku lu\u017ane, najcz\u0119\u015bciej domowe upi\u0119cie w\u0142os\u00f3w. Nast\u0119pnie ma\u0142ymi kroczkami zacz\u0119\u0142o pojawia\u0107 si\u0119 ulicach wi\u0119kszych miast. Aktualnie bryluje na wybiegach. Kok samuraja inaczej zwany p\u00f3\u0142koczek &#8211; efektowny, ale przede wszystkim wygodny. Zapo\u017cyczony od p\u0142ci m\u0119skiej, ale doskonale sprawdza si\u0119 u kobiet. Wygl\u0105da bardzo kobieco i dodaje du\u017co uroku. Tej jesieni szturmem podbije ulice nie tylko polskich miast.<\/span><\/strong><\/p>\n<\/div>\n<div class=\"minpic\" style=\"padding-left: 60px; text-align: justify;\"><a href=\"https:\/\/estyl.pl\/blog\/wp-content\/uploads\/2011\/09\/2256186.jpg\" rel=\"lightbox[2590]\"><img decoding=\"async\" loading=\"lazy\" class=\"alignnone wp-image-30770 size-full\" src=\"https:\/\/estyl.pl\/blog\/wp-content\/uploads\/2011\/09\/2256186-e1474451731766.jpg\" alt=\"2256186\" width=\"320\" height=\"240\" \/><\/a><a href=\"https:\/\/estyl.pl\/blog\/wp-content\/uploads\/2016\/09\/b9e0d64ce7fc22919618d77d13594c94-e1474451490180.jpg\" rel=\"lightbox[2590]\"><img decoding=\"async\" loading=\"lazy\" class=\"alignnone size-full wp-image-30823\" src=\"https:\/\/estyl.pl\/blog\/wp-content\/uploads\/2016\/09\/b9e0d64ce7fc22919618d77d13594c94-e1474451490180.jpg\" alt=\"kok samuraja\" width=\"160\" height=\"240\" \/><\/a><\/div>\n<div class=\"minpic\" style=\"text-align: justify;\">\n<h3 style=\"text-align: left;\"><b>Przedzia\u0142ek na \u015brodku<\/b><\/h3>\n<p style=\"text-align: left;\"><span style=\"font-weight: 400;\">Drugi sezon, a on dalej bryluje na salonach. Najszybsza fryzura &#8211; przedzia\u0142ek na \u015brodku, a do tego proste, pofalowane, a nawet kr\u0119cone w\u0142osy. Ten styl zawsze si\u0119 obroni. Mo\u017cecie r\u00f3wnie\u017c po\u0142\u0105czy\u0107 idealnie prosty przedzia\u0142ek z kucykiem, a nawet warkoczem. Kt\u00f3ra opcje wybieracie?<\/span><\/p>\n<p style=\"padding-left: 60px;\"><a href=\"https:\/\/estyl.pl\/blog\/wp-content\/uploads\/2011\/09\/modne_fryzury_proste_wlosy_z_91493.jpg\" target=\"_blank\" rel=\"noopener noreferrer\" rel=\"lightbox[2590]\"><img decoding=\"async\" loading=\"lazy\" class=\"alignnone wp-image-30783\" title=\"Przedzia\u0142ek w wersji klasycznej z prostymi w\u0142osami\" src=\"https:\/\/estyl.pl\/blog\/wp-content\/uploads\/2011\/09\/modne_fryzury_proste_wlosy_z_91493.jpg\" alt=\"Przedzia\u0142ek w wersji klasycznej z prostymi w\u0142osami\" width=\"178\" height=\"240\" srcset=\"https:\/\/estyl.pl\/blog\/wp-content\/uploads\/2011\/09\/modne_fryzury_proste_wlosy_z_91493.jpg 351w, https:\/\/estyl.pl\/blog\/wp-content\/uploads\/2011\/09\/modne_fryzury_proste_wlosy_z_91493-223x300.jpg 223w, https:\/\/estyl.pl\/blog\/wp-content\/uploads\/2011\/09\/modne_fryzury_proste_wlosy_z_91493-261x352.jpg 261w\" sizes=\"(max-width: 178px) 100vw, 178px\" \/><\/a>\u00a0<a href=\"https:\/\/estyl.pl\/blog\/wp-content\/uploads\/2011\/09\/klasyka4.jpg\" target=\"_blank\" rel=\"noopener noreferrer\" rel=\"lightbox[2590]\"><img decoding=\"async\" loading=\"lazy\" class=\"alignnone wp-image-30781\" title=\"Lekkie fale zawsze zachwycaj\u0105\" src=\"https:\/\/estyl.pl\/blog\/wp-content\/uploads\/2011\/09\/klasyka4-580x790.jpg\" alt=\"Lekkie fale zawsze zachwycaj\u0105\" width=\"176\" height=\"240\" srcset=\"https:\/\/estyl.pl\/blog\/wp-content\/uploads\/2011\/09\/klasyka4-580x790.jpg 580w, https:\/\/estyl.pl\/blog\/wp-content\/uploads\/2011\/09\/klasyka4-220x300.jpg 220w, https:\/\/estyl.pl\/blog\/wp-content\/uploads\/2011\/09\/klasyka4-755x1029.jpg 755w, https:\/\/estyl.pl\/blog\/wp-content\/uploads\/2011\/09\/klasyka4-261x356.jpg 261w, https:\/\/estyl.pl\/blog\/wp-content\/uploads\/2011\/09\/klasyka4.jpg 1174w\" sizes=\"(max-width: 176px) 100vw, 176px\" \/><\/a>\u00a0<a href=\"https:\/\/estyl.pl\/blog\/wp-content\/uploads\/2011\/09\/11042.jpg\" target=\"_blank\" rel=\"noopener noreferrer\" rel=\"lightbox[2590]\"><img decoding=\"async\" loading=\"lazy\" class=\"alignnone wp-image-30766\" title=\"Zmys\u0142owe fale dzi\u0119ki przedzia\u0142kowi zachwycaj\u0105\" src=\"https:\/\/estyl.pl\/blog\/wp-content\/uploads\/2011\/09\/11042.jpg\" alt=\"Zmys\u0142owe fale dzi\u0119ki przedzia\u0142kowi zachwycaj\u0105\" width=\"179\" height=\"240\" srcset=\"https:\/\/estyl.pl\/blog\/wp-content\/uploads\/2011\/09\/11042.jpg 500w, https:\/\/estyl.pl\/blog\/wp-content\/uploads\/2011\/09\/11042-224x300.jpg 224w, https:\/\/estyl.pl\/blog\/wp-content\/uploads\/2011\/09\/11042-261x349.jpg 261w\" sizes=\"(max-width: 179px) 100vw, 179px\" \/><\/a><\/p>\n<\/div>\n<div class=\"minpic\" style=\"text-align: justify;\">\n<p style=\"text-align: center;\"><span style=\"font-weight: 400;\">\u017ar\u00f3d\u0142o: <\/span><span style=\"font-weight: 400;\">www.urodaiwlosy.pl<\/span><span style=\"font-weight: 400;\">, fryzjeris.pl , <\/span><span style=\"font-weight: 400;\">glamki.se.pl<\/span><\/p>\n<h3><b>Ozdoby do w\u0142os\u00f3w w stylu retro<\/b><\/h3>\n<p><strong><span style=\"font-weight: 400;\">Jesie\u0144 i zima, mimo aury nie sprzyjaj\u0105cej ods\u0142anianiu g\u0142owy, wprowadza wiele akcesori\u00f3w i dodatk\u00f3w ozdobnych do w\u0142os\u00f3w stylizowanych na retro, z domieszk\u0105 nowoczesno\u015bci. Ozdoby te przydadz\u0105 si\u0119 w czasie karnawa\u0142u i w\u00f3wczas, gdy zapragniesz na swej g\u0142owie ma\u0142ej odmiany. <\/span><b>Styli\u015bci fryzur polecaj\u0105 ozdobne opaski, nitki lub tasiemki do w\u0142os\u00f3w, kt\u00f3rymi mo\u017cna przewi\u0105za\u0107 kuca, koczek lub wple\u015b\u0107 je misternie w warkocz.<\/b><span style=\"font-weight: 400;\"> Zgodnie z obowi\u0105zuj\u0105cymi trendami, akcesoria do fryzur tak\u017ce nawi\u0105zuj\u0105 do delikatnej natury kobiecej i stylu retro, dlatego ozdoby do w\u0142os\u00f3w powinny by\u0107 koronkowe, at\u0142asowe lub bi\u017cuteryjne. Nadal modne s\u0105 opaski do w\u0142os\u00f3w o r\u00f3\u017cnej szeroko\u015bci. Nowo\u015bci\u0105 s\u0105 ozdobne spinki do w\u0142os\u00f3w, kt\u00f3re pi\u0119knie komponuj\u0105 si\u0119 z koczkami, plecionkami i romantycznymi upi\u0119ciami. Spinka powinna by\u0107 widoczna, l\u015bni\u0105ca lub wysadzana kamieniami. <\/span><b>Dobrze, gdy przypomina babciny styl<\/b><span style=\"font-weight: 400;\"> \u2013 warto poszuka\u0107 w szafie swojej mamy lub babci bi\u017cuterii w tym stylu.<\/span><\/strong><\/p>\n<\/div>\n<div class=\"minpic\" style=\"padding-left: 60px; text-align: justify;\"><a href=\"https:\/\/estyl.pl\/blog\/wp-content\/uploads\/2011\/09\/pobrane.jpg\" target=\"_blank\" rel=\"noopener noreferrer\" rel=\"lightbox[2590]\"><img decoding=\"async\" loading=\"lazy\" class=\"alignnone wp-image-30787\" title=\"Opaska to hit sezonu\" src=\"https:\/\/estyl.pl\/blog\/wp-content\/uploads\/2011\/09\/pobrane.jpg\" alt=\"Opaska to hit sezonu\" width=\"160\" height=\"240\" \/><\/a>\u00a0<a href=\"https:\/\/estyl.pl\/blog\/wp-content\/uploads\/2011\/09\/pobrane-1.jpg\" target=\"_blank\" rel=\"noopener noreferrer\" rel=\"lightbox[2590]\"><img decoding=\"async\" loading=\"lazy\" class=\"alignnone wp-image-30785\" title=\"Delikatnie, ale jak\u017ce romantycznie\" src=\"https:\/\/estyl.pl\/blog\/wp-content\/uploads\/2011\/09\/pobrane-1.jpg\" alt=\"Delikatnie, ale jak\u017ce romantycznie\" width=\"188\" height=\"240\" \/><\/a>\u00a0<a href=\"https:\/\/estyl.pl\/blog\/wp-content\/uploads\/2011\/09\/fryzury-jesien-zima-2017-autumn-winter-hairstyles-trends013.jpg\" target=\"_blank\" rel=\"noopener noreferrer\" rel=\"lightbox[2590]\"><img decoding=\"async\" loading=\"lazy\" class=\"alignnone wp-image-30779\" title=\"Romantyczny loki ozdobione opask\u0105\" src=\"https:\/\/estyl.pl\/blog\/wp-content\/uploads\/2011\/09\/fryzury-jesien-zima-2017-autumn-winter-hairstyles-trends013-580x682.jpg\" alt=\"Romantyczny loki ozdobione opask\u0105\" width=\"208\" height=\"245\" srcset=\"https:\/\/estyl.pl\/blog\/wp-content\/uploads\/2011\/09\/fryzury-jesien-zima-2017-autumn-winter-hairstyles-trends013-580x682.jpg 580w, https:\/\/estyl.pl\/blog\/wp-content\/uploads\/2011\/09\/fryzury-jesien-zima-2017-autumn-winter-hairstyles-trends013-255x300.jpg 255w, https:\/\/estyl.pl\/blog\/wp-content\/uploads\/2011\/09\/fryzury-jesien-zima-2017-autumn-winter-hairstyles-trends013-755x888.jpg 755w, https:\/\/estyl.pl\/blog\/wp-content\/uploads\/2011\/09\/fryzury-jesien-zima-2017-autumn-winter-hairstyles-trends013-261x307.jpg 261w, https:\/\/estyl.pl\/blog\/wp-content\/uploads\/2011\/09\/fryzury-jesien-zima-2017-autumn-winter-hairstyles-trends013.jpg 764w\" sizes=\"(max-width: 208px) 100vw, 208px\" \/><\/a><\/div>\n<div class=\"minpic\" style=\"text-align: justify;\">\n<p style=\"text-align: center;\"><span style=\"font-weight: 400;\">\u017ar\u00f3d\u0142o: <\/span><span style=\"font-weight: 400;\">fashionpost.pl<\/span><span style=\"font-weight: 400;\"> ,<\/span><span style=\"font-weight: 400;\">www.snobka.pl<\/span><span style=\"font-weight: 400;\"> , <\/span><span style=\"font-weight: 400;\">www.aniamaluje.com<\/span><\/p>\n<h3><b>Kolory, kolory, kolory<\/b><\/h3>\n<p><strong><span style=\"font-weight: 400;\">Jesienne fryzury to kolory natury po\u0142\u0105czone z pastelowymi odcieniami. W tym sezonie rz\u0105dz\u0105 popiele, b\u0142\u0119kity, a nawet dodatki r\u00f3\u017cu, ale nie tylko. Jesienna koloryzacja na pewno w tym sezonie b\u0119dzie zachwyca\u0107. O <\/span><a href=\"https:\/\/estyl.pl\/blog\/2016\/09\/jakie-trendy-w\u2026la-marka-wella\/\"><span style=\"font-weight: 400;\">najnowszych trendach w koloryzacji<\/span><\/a><span style=\"font-weight: 400;\"> pisali\u015bmy kilka dni temu.<\/span><\/strong><\/p>\n<\/div>\n<div class=\"minpic\" style=\"text-align: justify; padding-left: 90px;\"><a href=\"https:\/\/estyl.pl\/blog\/wp-content\/uploads\/2011\/09\/pobrane-2.jpg\" target=\"_blank\" rel=\"noopener noreferrer\" rel=\"lightbox[2590]\"><img decoding=\"async\" loading=\"lazy\" class=\"alignnone wp-image-30774\" title=\"Pastelowe refleksy to hit tego sezonu\" src=\"https:\/\/estyl.pl\/blog\/wp-content\/uploads\/2011\/09\/CT_Instamatic_3.jpg\" alt=\"Pastelowe refleksy to hit tego sezonu\" width=\"160\" height=\"240\" srcset=\"https:\/\/estyl.pl\/blog\/wp-content\/uploads\/2011\/09\/CT_Instamatic_3.jpg 283w, https:\/\/estyl.pl\/blog\/wp-content\/uploads\/2011\/09\/CT_Instamatic_3-200x300.jpg 200w, https:\/\/estyl.pl\/blog\/wp-content\/uploads\/2011\/09\/CT_Instamatic_3-261x392.jpg 261w\" sizes=\"(max-width: 160px) 100vw, 160px\" \/><\/a>\u00a0\u00a0<a href=\"https:\/\/estyl.pl\/blog\/wp-content\/uploads\/2011\/09\/blond3.png\" target=\"_blank\" rel=\"noopener noreferrer\" rel=\"lightbox[2590]\"><img decoding=\"async\" loading=\"lazy\" class=\"alignnone wp-image-30786\" title=\"Ombre blonde\" src=\"https:\/\/estyl.pl\/blog\/wp-content\/uploads\/2011\/09\/pobrane-2.jpg\" alt=\"Ombre blonde\" width=\"217\" height=\"240\" \/><\/a><a href=\"https:\/\/estyl.pl\/blog\/wp-content\/uploads\/2016\/09\/blond_3_subtil_saphona_salon_poznan_koloryzacja_zimowe_blondy_ice_colors.png\" rel=\"lightbox[2590]\"><img decoding=\"async\" loading=\"lazy\" class=\"alignnone wp-image-30816 size-full\" src=\"https:\/\/estyl.pl\/blog\/wp-content\/uploads\/2016\/09\/blond_3_subtil_saphona_salon_poznan_koloryzacja_zimowe_blondy_ice_colors-e1474443728421.png\" alt=\"ice bronde\" width=\"224\" height=\"240\" \/><\/a><\/div>\n<div class=\"minpic\" style=\"text-align: justify;\">\n<p style=\"text-align: center;\"><span style=\"font-weight: 400;\">\u017ar\u00f3d\u0142o: <\/span><span style=\"font-weight: 400;\">georgelesliehairdressing.co.uk<\/span><span style=\"font-weight: 400;\">,\u00a0<\/span><span style=\"font-weight: 400;\">ibeauty.pl<\/span><span style=\"font-weight: 400;\">, <\/span><span style=\"font-weight: 400;\">www.ducastel.pl<\/span><\/p>\n<p style=\"text-align: left;\"><span style=\"font-weight: 400;\">Jak widzicie w tym sezonie jesie\u0144\/ zima 2016\/2017 prawie wszystko jest dozwolone. Mo\u017cecie wybiera\u0107 do woli w koloryzacji czy stylizacji. Ka\u017cdy znajdzie co\u015b dla siebie. A wi\u0119c,<strong> kt\u00f3ra stylizacja skrad\u0142a Wasze jesienne serce?<\/strong><\/span><\/p>\n<\/div>\n<div class=\"minpic\" style=\"text-align: justify;\"><\/div>\n<div class=\"minpic\" style=\"text-align: justify;\"><\/div>\n<div class=\"minpic\" style=\"text-align: justify;\"><\/div>\n<div class=\"minpic\" style=\"text-align: justify;\"><\/div>\n<div class=\"minpic\" style=\"text-align: justify;\"><\/div>\n<div class=\"minpic\" style=\"text-align: justify;\"><\/div>\n","protected":false},"excerpt":{"rendered":"<p>Jesienne fryzury maj\u0105 w sobie co\u015b z nostalgicznej atmosfery tej pory roku. Subtelne koki, naturalne fale wygl\u0105daj\u0105, jakby by\u0142y u\u0142o\u017cone przez wiatr. Ogl\u0105daj\u0105c jesienne pokazy mody, mo\u017cna zauwa\u017cy\u0107 nowe i \u015bmia\u0142e projekty. Jednak fryzury modelek s\u0105 jedynie t\u0142em dla ekstrawaganckich ubior\u00f3w. W tym sezonie na pewno ka\u017cda z nas znajdzie odpowiedni\u0105 stylizacj\u0119 w\u0142os\u00f3w do swojego [&hellip;]<\/p>\n","protected":false},"author":1,"featured_media":24826,"comment_status":"open","ping_status":"closed","sticky":false,"template":"","format":"standard","meta":{"_eb_attr":""},"categories":[5],"tags":[2112,1748,2113,20,172,135,105,262],"acf":[],"yoast_head":"<!-- This site is optimized with the Yoast SEO plugin v20.8 - https:\/\/yoast.com\/wordpress\/plugins\/seo\/ -->\n<title>Jesienne fryzury - lu\u017ane warkocze i fale, romantyczne koki<\/title>\n<meta name=\"description\" content=\"Jesienne fryzury maj\u0105 wygl\u0105da\u0107 naturalnie. S\u0105 proste do u\u0142o\u017cenia i podkre\u015bl\u0105 twoj\u0105 kobiec\u0105 natur\u0119. Sprawd\u017a najmodniejsze propozycje.\" \/>\n<meta name=\"robots\" content=\"index, follow, max-snippet:-1, max-image-preview:large, max-video-preview:-1\" \/>\n<link rel=\"canonical\" href=\"https:\/\/estyl.pl\/blog\/jesienne-fryzury\/\" \/>\n<meta property=\"og:locale\" content=\"pl_PL\" \/>\n<meta property=\"og:type\" content=\"article\" \/>\n<meta property=\"og:title\" content=\"Jesienne fryzury - lu\u017ane warkocze i fale, romantyczne koki\" \/>\n<meta property=\"og:description\" content=\"Jesienne fryzury maj\u0105 wygl\u0105da\u0107 naturalnie. S\u0105 proste do u\u0142o\u017cenia i podkre\u015bl\u0105 twoj\u0105 kobiec\u0105 natur\u0119. Sprawd\u017a najmodniejsze propozycje.\" \/>\n<meta property=\"og:url\" content=\"https:\/\/estyl.pl\/blog\/jesienne-fryzury\/\" \/>\n<meta property=\"og:site_name\" content=\"Blog | Estyl.pl\" \/>\n<meta property=\"article:published_time\" content=\"2016-09-22T07:00:43+00:00\" \/>\n<meta property=\"article:modified_time\" content=\"2020-09-23T07:51:13+00:00\" \/>\n<meta property=\"og:image\" content=\"https:\/\/estyl.pl\/blog\/wp-content\/uploads\/2011\/09\/fryzury-na-jesie\u0144.jpg\" \/>\n\t<meta property=\"og:image:width\" content=\"755\" \/>\n\t<meta property=\"og:image:height\" content=\"320\" \/>\n\t<meta property=\"og:image:type\" content=\"image\/jpeg\" \/>\n<meta name=\"author\" content=\"admin\" \/>\n<meta name=\"twitter:label1\" content=\"Napisane przez\" \/>\n\t<meta name=\"twitter:data1\" content=\"admin\" \/>\n\t<meta name=\"twitter:label2\" content=\"Szacowany czas czytania\" \/>\n\t<meta name=\"twitter:data2\" content=\"7 minut\" \/>\n<script type=\"application\/ld+json\" class=\"yoast-schema-graph\">{\"@context\":\"https:\/\/schema.org\",\"@graph\":[{\"@type\":\"WebPage\",\"@id\":\"https:\/\/estyl.pl\/blog\/jesienne-fryzury\/\",\"url\":\"https:\/\/estyl.pl\/blog\/jesienne-fryzury\/\",\"name\":\"Jesienne fryzury - lu\u017ane warkocze i fale, romantyczne koki\",\"isPartOf\":{\"@id\":\"https:\/\/estyl.pl\/blog\/#website\"},\"datePublished\":\"2016-09-22T07:00:43+00:00\",\"dateModified\":\"2020-09-23T07:51:13+00:00\",\"author\":{\"@id\":\"https:\/\/estyl.pl\/blog\/#\/schema\/person\/22fff2064045ce23be580e18ca255220\"},\"description\":\"Jesienne fryzury maj\u0105 wygl\u0105da\u0107 naturalnie. S\u0105 proste do u\u0142o\u017cenia i podkre\u015bl\u0105 twoj\u0105 kobiec\u0105 natur\u0119. Sprawd\u017a najmodniejsze propozycje.\",\"breadcrumb\":{\"@id\":\"https:\/\/estyl.pl\/blog\/jesienne-fryzury\/#breadcrumb\"},\"inLanguage\":\"pl-PL\",\"potentialAction\":[{\"@type\":\"ReadAction\",\"target\":[\"https:\/\/estyl.pl\/blog\/jesienne-fryzury\/\"]}]},{\"@type\":\"BreadcrumbList\",\"@id\":\"https:\/\/estyl.pl\/blog\/jesienne-fryzury\/#breadcrumb\",\"itemListElement\":[{\"@type\":\"ListItem\",\"position\":1,\"name\":\"Stylizacja w\u0142os\u00f3w\",\"item\":\"https:\/\/estyl.pl\/blog\/stylizacja-wlosow\/\"},{\"@type\":\"ListItem\",\"position\":2,\"name\":\"Jesienne fryzury &#8211; najmodniejsze propozycje\"}]},{\"@type\":\"WebSite\",\"@id\":\"https:\/\/estyl.pl\/blog\/#website\",\"url\":\"https:\/\/estyl.pl\/blog\/\",\"name\":\"Blog | Estyl.pl\",\"description\":\"Kosmetyki do w\u0142os\u00f3w, porady, piel\u0119gnacja, stylizacja\",\"potentialAction\":[{\"@type\":\"SearchAction\",\"target\":{\"@type\":\"EntryPoint\",\"urlTemplate\":\"https:\/\/estyl.pl\/blog\/?s={search_term_string}\"},\"query-input\":\"required name=search_term_string\"}],\"inLanguage\":\"pl-PL\"},{\"@type\":\"Person\",\"@id\":\"https:\/\/estyl.pl\/blog\/#\/schema\/person\/22fff2064045ce23be580e18ca255220\",\"name\":\"admin\",\"url\":\"https:\/\/estyl.pl\/blog\/author\/admin\/\"}]}<\/script>\n<!-- \/ Yoast SEO plugin. -->","yoast_head_json":{"title":"Jesienne fryzury - lu\u017ane warkocze i fale, romantyczne koki","description":"Jesienne fryzury maj\u0105 wygl\u0105da\u0107 naturalnie. S\u0105 proste do u\u0142o\u017cenia i podkre\u015bl\u0105 twoj\u0105 kobiec\u0105 natur\u0119. Sprawd\u017a najmodniejsze propozycje.","robots":{"index":"index","follow":"follow","max-snippet":"max-snippet:-1","max-image-preview":"max-image-preview:large","max-video-preview":"max-video-preview:-1"},"canonical":"https:\/\/estyl.pl\/blog\/jesienne-fryzury\/","og_locale":"pl_PL","og_type":"article","og_title":"Jesienne fryzury - lu\u017ane warkocze i fale, romantyczne koki","og_description":"Jesienne fryzury maj\u0105 wygl\u0105da\u0107 naturalnie. S\u0105 proste do u\u0142o\u017cenia i podkre\u015bl\u0105 twoj\u0105 kobiec\u0105 natur\u0119. Sprawd\u017a najmodniejsze propozycje.","og_url":"https:\/\/estyl.pl\/blog\/jesienne-fryzury\/","og_site_name":"Blog | Estyl.pl","article_published_time":"2016-09-22T07:00:43+00:00","article_modified_time":"2020-09-23T07:51:13+00:00","og_image":[{"width":755,"height":320,"url":"https:\/\/estyl.pl\/blog\/wp-content\/uploads\/2011\/09\/fryzury-na-jesie\u0144.jpg","type":"image\/jpeg"}],"author":"admin","twitter_misc":{"Napisane przez":"admin","Szacowany czas czytania":"7 minut"},"schema":{"@context":"https:\/\/schema.org","@graph":[{"@type":"WebPage","@id":"https:\/\/estyl.pl\/blog\/jesienne-fryzury\/","url":"https:\/\/estyl.pl\/blog\/jesienne-fryzury\/","name":"Jesienne fryzury - lu\u017ane warkocze i fale, romantyczne koki","isPartOf":{"@id":"https:\/\/estyl.pl\/blog\/#website"},"datePublished":"2016-09-22T07:00:43+00:00","dateModified":"2020-09-23T07:51:13+00:00","author":{"@id":"https:\/\/estyl.pl\/blog\/#\/schema\/person\/22fff2064045ce23be580e18ca255220"},"description":"Jesienne fryzury maj\u0105 wygl\u0105da\u0107 naturalnie. S\u0105 proste do u\u0142o\u017cenia i podkre\u015bl\u0105 twoj\u0105 kobiec\u0105 natur\u0119. Sprawd\u017a najmodniejsze propozycje.","breadcrumb":{"@id":"https:\/\/estyl.pl\/blog\/jesienne-fryzury\/#breadcrumb"},"inLanguage":"pl-PL","potentialAction":[{"@type":"ReadAction","target":["https:\/\/estyl.pl\/blog\/jesienne-fryzury\/"]}]},{"@type":"BreadcrumbList","@id":"https:\/\/estyl.pl\/blog\/jesienne-fryzury\/#breadcrumb","itemListElement":[{"@type":"ListItem","position":1,"name":"Stylizacja w\u0142os\u00f3w","item":"https:\/\/estyl.pl\/blog\/stylizacja-wlosow\/"},{"@type":"ListItem","position":2,"name":"Jesienne fryzury &#8211; najmodniejsze propozycje"}]},{"@type":"WebSite","@id":"https:\/\/estyl.pl\/blog\/#website","url":"https:\/\/estyl.pl\/blog\/","name":"Blog | Estyl.pl","description":"Kosmetyki do w\u0142os\u00f3w, porady, piel\u0119gnacja, stylizacja","potentialAction":[{"@type":"SearchAction","target":{"@type":"EntryPoint","urlTemplate":"https:\/\/estyl.pl\/blog\/?s={search_term_string}"},"query-input":"required name=search_term_string"}],"inLanguage":"pl-PL"},{"@type":"Person","@id":"https:\/\/estyl.pl\/blog\/#\/schema\/person\/22fff2064045ce23be580e18ca255220","name":"admin","url":"https:\/\/estyl.pl\/blog\/author\/admin\/"}]}},"_links":{"self":[{"href":"https:\/\/estyl.pl\/blog\/wp-json\/wp\/v2\/posts\/2590"}],"collection":[{"href":"https:\/\/estyl.pl\/blog\/wp-json\/wp\/v2\/posts"}],"about":[{"href":"https:\/\/estyl.pl\/blog\/wp-json\/wp\/v2\/types\/post"}],"author":[{"embeddable":true,"href":"https:\/\/estyl.pl\/blog\/wp-json\/wp\/v2\/users\/1"}],"replies":[{"embeddable":true,"href":"https:\/\/estyl.pl\/blog\/wp-json\/wp\/v2\/comments?post=2590"}],"version-history":[{"count":87,"href":"https:\/\/estyl.pl\/blog\/wp-json\/wp\/v2\/posts\/2590\/revisions"}],"predecessor-version":[{"id":36879,"href":"https:\/\/estyl.pl\/blog\/wp-json\/wp\/v2\/posts\/2590\/revisions\/36879"}],"wp:featuredmedia":[{"embeddable":true,"href":"https:\/\/estyl.pl\/blog\/wp-json\/wp\/v2\/media\/24826"}],"wp:attachment":[{"href":"https:\/\/estyl.pl\/blog\/wp-json\/wp\/v2\/media?parent=2590"}],"wp:term":[{"taxonomy":"category","embeddable":true,"href":"https:\/\/estyl.pl\/blog\/wp-json\/wp\/v2\/categories?post=2590"},{"taxonomy":"post_tag","embeddable":true,"href":"https:\/\/estyl.pl\/blog\/wp-json\/wp\/v2\/tags?post=2590"}],"curies":[{"name":"wp","href":"https:\/\/api.w.org\/{rel}","templated":true}]}}