{"id":2704,"date":"2011-09-16T11:04:34","date_gmt":"2011-09-16T09:04:34","guid":{"rendered":"https:\/\/estyl.pl\/blog\/?p=2704"},"modified":"2016-10-31T13:20:14","modified_gmt":"2016-10-31T11:20:14","slug":"olej-kameliowy","status":"publish","type":"post","link":"https:\/\/estyl.pl\/blog\/olej-kameliowy\/","title":{"rendered":"Olej kameliowy &#8211; herbaciany"},"content":{"rendered":"<p><strong>Olej kameliowy<\/strong> (<em>Camellia oil<\/em>) nazywany te\u017c <strong>olejem herbacianym<\/strong>, to \u015brodek stosowany w kulturze azjatyckiej od wielu tysi\u0119cy lat. Ro\u015bliny kameliowe uprawiane s\u0105 g\u0142\u00f3wnie w Chinach i Japonii. Drzewa kameliowe przypominaj\u0105 drzewa oliwne i podobnie s\u0105 uprawiane. Olej, tak jak oliwa z oliwek, otrzymywany jest z du\u017cych nasion. Olej herbaciany<strong>\u00a0mo\u017cna stosowa\u0107 w dw\u00f3ch formach<\/strong>: w postaci zewn\u0119trznej, jako olej piel\u0119gnacyjny oraz wewn\u0119trznie, jako produkt o w\u0142a\u015bciwo\u015bciach leczniczych. Olej kameliowy u\u017cywany wewn\u0119trznie ma dzia\u0142anie antyrakowe, zapobiega cukrzycy, mia\u017cd\u017cycy, lipemii, niep\u0142odno\u015bci, nadmiernemu tyciu, chorobom wie\u0144cowym\u00a0oraz odtruwa organizm.<!--more--><\/p>\n<h2>Olejek kameliowy &#8211; w\u0142a\u015bciwo\u015bci<\/h2>\n<p>Swym dzia\u0142aniem i w\u0142a\u015bciwo\u015bciami przypomina oliw\u0119 z oliwek dlatego nazywany jest oliw\u0105 z oliwek Dalekiego Wschodu. <strong>Olej kameliowy jest niet\u0142usty, szybko si\u0119 wch\u0142ania i nie pozostawia nieprzyjemnego uczucia lepko\u015bci dlatego warto go u\u017cywa\u0107 w celach piel\u0119gnacyjnych<\/strong>.<\/p>\n<p><a href=\"https:\/\/estyl.pl\/blog\/wp-content\/uploads\/2011\/04\/olejek-arganowy-do-w\u0142os\u00f3w.jpg\" target=\"_blank\" rel=\"lightbox[2704]\"><img decoding=\"async\" loading=\"lazy\" class=\"aligncenter wp-image-24707 size-full\" title=\"olej herbaciany do w\u0142os\u00f3w\" src=\"https:\/\/estyl.pl\/blog\/wp-content\/uploads\/2011\/04\/olejek-arganowy-do-w\u0142os\u00f3w.jpg\" alt=\"olej herbaciany do w\u0142os\u00f3w\" width=\"755\" height=\"455\" srcset=\"https:\/\/estyl.pl\/blog\/wp-content\/uploads\/2011\/04\/olejek-arganowy-do-w\u0142os\u00f3w.jpg 755w, https:\/\/estyl.pl\/blog\/wp-content\/uploads\/2011\/04\/olejek-arganowy-do-w\u0142os\u00f3w-300x180.jpg 300w, https:\/\/estyl.pl\/blog\/wp-content\/uploads\/2011\/04\/olejek-arganowy-do-w\u0142os\u00f3w-580x349.jpg 580w, https:\/\/estyl.pl\/blog\/wp-content\/uploads\/2011\/04\/olejek-arganowy-do-w\u0142os\u00f3w-261x157.jpg 261w\" sizes=\"(max-width: 755px) 100vw, 755px\" \/><\/a><br \/>\nNajbardziej popularne kosmetyki z dodatkiem oleju kameliowego to <a href=\"http:\/\/estyl.pl\/kosmetyki-do-ciala\/kremy-i-olejki\" target=\"_blank\">kremy<\/a>, oliwki do twarzy i cia\u0142a oraz preparaty w formie <a href=\"http:\/\/estyl.pl\/wlosy\/stylizacja\/serum\" target=\"_blank\">serum do ochrony<\/a> i od\u017cywiania w\u0142os\u00f3w. Olej kameliowy r\u00f3\u017cni si\u0119 od oliwy z oliwek wi\u0119ksz\u0105 ilo\u015bci\u0105 nienasyconych kwas\u00f3w t\u0142uszczowych i w zwi\u0105zku z tym posiada o wiele lepsze w\u0142a\u015bciwo\u015bci antyoksydacyjne. \u015arednia zawarto\u015b\u0107 kwas\u00f3w t\u0142uszczowych w oleju kameliowym wynosi:<\/p>\n<ul>\n<li>Kwas oleinowy \u2013 86 %<\/li>\n<li>Kwas palmitynowy \u2013 7,5 %<\/li>\n<li>Kwas linolowy \u2013 4 %<\/li>\n<li>Kwas stearynowy \u2013 2 %<\/li>\n<li>Kwas arachidowy \u2013 0,5 %<\/li>\n<\/ul>\n<h2>Olej kameliowy &#8211; zastosowanie<\/h2>\n<p><strong>Oto g\u0142\u00f3wne zalety stosowania oleju kameliowego na sk\u00f3r\u0119 oraz <a href=\"https:\/\/estyl.pl\/wlosy\" data-internallinksmanager029f6b8e52c=\"2\" title=\"w\u0142osy\">w\u0142osy<\/a><\/strong>:<\/p>\n<ol>\n<li><em><strong>Utrzymuje odpowiedni poziom wilgotno\u015bci w\u0142os\u00f3w<\/strong><\/em>, sk\u00f3ry g\u0142owy oraz sk\u00f3ry cia\u0142a z racji swego powinowactwa do sk\u00f3ry ludzkiej i mo\u017cliwo\u015bci g\u0142\u0119bokiej jej penetracji,<\/li>\n<li><em><strong>Chroni nask\u00f3rek i w\u0142osy przed wysuszeniem<\/strong><\/em>, regeneruje, ma w\u0142a\u015bciwo\u015bci antyoksydacyjne. Warto wciera\u0107 <a href=\"https:\/\/estyl.pl\/davines-oi-oil-olejek-do-wlosow-50ml\" data-internallinksmanager029f6b8e52c=\"9\" title=\"Davines Oi Oi olejek do w\u0142os\u00f3w\" target=\"_blank\" rel=\"noopener\">olejek<\/a> kameliowy w sk\u00f3r\u0119 szyi i <a href=\"https:\/\/estyl.pl\/blog\/2013\/12\/starzenie-skory-dloni\/\" target=\"_blank\">starzej\u0105c\u0105 si\u0119 sk\u00f3r\u0119 d\u0142oni<\/a> przed snem,<\/li>\n<li><em><strong>Stosowany przed myciem g\u0142owy<\/strong><\/em> zapobiega nadmiernemu <a href=\"https:\/\/estyl.pl\/blog\/2016\/06\/wlosy-wypadajace\/\" target=\"_blank\">wypadaniu w\u0142os\u00f3w<\/a> oraz <a href=\"https:\/\/estyl.pl\/blog\/2013\/07\/lupiez-suchy\/\" target=\"_blank\">\u0142upie\u017cowi<\/a>,<\/li>\n<li><em><strong>Od\u017cywia w\u0142osy<\/strong><\/em>, chroni ich ko\u0144c\u00f3wki oraz dzia\u0142a na w\u0142osy elektrostatycznie dlatego polecany jest w przypadku <a href=\"http:\/\/estyl.pl\/wlosy-suche-przesuszone\" target=\"_blank\">w\u0142os\u00f3w suchych<\/a>, porowatych i <a href=\"https:\/\/estyl.pl\/blog\/2011\/02\/elektryzujace-sie-wlosy\/\" target=\"_blank\">elektryzuj\u0105cych si\u0119<\/a>.<\/li>\n<li><em><strong>Chroni przed promieniowaniem s\u0142onecznym<\/strong><\/em>, cho\u0107 nie w taki spos\u00f3b, jak specjalistyczne \u015brodki do ochrony przed UV,<\/li>\n<li><em><strong>Od\u017cywia kruche paznokcie<\/strong><\/em> i suche sk\u00f3rki, dlatego warto u\u017cywa\u0107 go w formie od\u017cywki do paznokci,<\/li>\n<li><em><strong>Doskona\u0142y do masa\u017cu cia\u0142a<\/strong><\/em>, sk\u00f3ry suchej, wra\u017cliwej i ma\u0142o nawil\u017conej. Proponuj\u0119 wymiesza\u0107 1 \u0142y\u017ck\u0119 olej kameliowego z kilkoma kroplami oleju pomara\u0144czowego, lawendowego lub z jakimkolwiek innym olejkiem aromaterapeutycznym.<\/li>\n<\/ol>\n<p><strong>Rozr\u00f3\u017cnia si\u0119 kilkadziesi\u0105t gatunk\u00f3w Kamelii, niekt\u00f3rych u\u017cywa si\u0119 si\u0119 tak\u017ce do cel\u00f3w kosmetycznych<\/strong>:<\/p>\n<p>&#8211; <strong>Camellia Japonica<\/strong>, czyli kamelia japo\u0144ska uprawiana g\u0142\u00f3wnie w ogrodach buddyjskich mnich\u00f3w, a tak\u017ce w Korei i na Tajwanie. U\u017cywana g\u0142\u00f3wnie do piel\u0119gnacji twarzy, w\u0142os\u00f3w i paznokci;<\/p>\n<p>&#8211; <strong>Camellia Kissi<\/strong>, to kamelia bogata w polifenole, poprawia struktur\u0119 w\u0142os\u00f3w i paznokci, nadaje w\u0142osom po\u0142ysku;<\/p>\n<p>&#8211; <strong>Camellia Oleifera<\/strong>, czyli kamelia olejodajna to ma\u0142e drzewo cynamonowe, uprawiana g\u0142\u00f3wnie w Chinach, przypomina krzewy herbaciane i cz\u0119sto z nimi b\u0142\u0119dnie uto\u017csamiana;<\/p>\n<p>&#8211; <strong>Camellia Sasanqua<\/strong>, pochodzi z Japonii, u\u017cywana g\u0142\u00f3wnie w przemy\u015ble i w procesie produkcji <a href=\"http:\/\/estyl.pl\/kosmetyki-do-ciala\/myd\" target=\"_blank\">myd\u0142a<\/a>;<\/p>\n<p>&#8211; <strong>Camellia Sinensis<\/strong>, zwykle wyci\u0105g z li\u015bci zielonej herbaty. Pochodzi z Chin, wiecznie zielona, u\u017cywana w ekskluzywnych kosmetykach do w\u0142os\u00f3w w formie ekstraktu z li\u015bci najcenniejszych gatunk\u00f3w bia\u0142ej herbaty.<\/p>\n<h2>Kosmetyki zawieraj\u0105ce olejek kameliowy<\/h2>\n<p><em><strong>Przyk\u0142adowe kosmetyki do w\u0142os\u00f3w, kt\u00f3re zawieraj\u0105 w swym sk\u0142adzie wyci\u0105gi lub oleje kameliowe to<\/strong><\/em>: olejek <a href=\"http:\/\/estyl.pl\/elixir-ultime-oleo-complex-olejek-pielegnacyjny-100ml\" target=\"_blank\">K\u00e9rastase Elixir Ultime<\/a> (Camellia Kissi), szampon do w\u0142os\u00f3w Biosilk Silk Therapy, od\u017cywka do w\u0142os\u00f3w Garnier Fructis Sleek, <a href=\"http:\/\/estyl.pl\/hollywood-waves-siren-waves-kremowy-zel-do-lokow-150ml\" target=\"_blank\">krem do uk\u0142adania lok\u00f3w L&#8217;Oreal Hollywood Waves Siren Waves<\/a>, od\u017cywka Alterna Hemp Repair, rekonstruktor w\u0142os\u00f3w Pureology Instant Repair, od\u017cywka Redken Time Reset Deep Treatment, szampon Aubrey Organics White Camellia Ultra,\u00a0 od\u017cywka <a href=\"http:\/\/estyl.pl\/john-masters-organics-cytrus-i-gorzka-pomarancza-odzywka-wygladzajaca-ulatwiajaca-rozczesywanie-bez-splukiwania-236ml\" target=\"_blank\">John Masters Citrus i Neroli<\/a> (Camellia sinensis).<\/p>\n","protected":false},"excerpt":{"rendered":"<p>Olej kameliowy (Camellia oil) nazywany te\u017c olejem herbacianym, to \u015brodek stosowany w kulturze azjatyckiej od wielu tysi\u0119cy lat. Ro\u015bliny kameliowe uprawiane s\u0105 g\u0142\u00f3wnie w Chinach i Japonii. Drzewa kameliowe przypominaj\u0105 drzewa oliwne i podobnie s\u0105 uprawiane. Olej, tak jak oliwa z oliwek, otrzymywany jest z du\u017cych nasion. Olej herbaciany\u00a0mo\u017cna stosowa\u0107 w dw\u00f3ch formach: w postaci [&hellip;]<\/p>\n","protected":false},"author":23,"featured_media":24844,"comment_status":"open","ping_status":"closed","sticky":false,"template":"","format":"standard","meta":{"_eb_attr":""},"categories":[34],"tags":[273,2114,268,1146,69],"acf":[],"yoast_head":"<!-- This site is optimized with the Yoast SEO plugin v20.8 - https:\/\/yoast.com\/wordpress\/plugins\/seo\/ -->\n<title>Olej kameliowy na ratunek w\u0142osom i paznokciom<\/title>\n<meta name=\"description\" content=\"Olej kameliowy zwany te\u017c herbacianym nawil\u017ca i od\u017cywia w\u0142osy i paznokcie. Ma tak\u017ce dobroczynne dzia\u0142anie dla naszej sk\u00f3ry. Poznaj jego zalety.\" \/>\n<meta name=\"robots\" content=\"index, follow, max-snippet:-1, max-image-preview:large, max-video-preview:-1\" \/>\n<link rel=\"canonical\" href=\"https:\/\/estyl.pl\/blog\/olej-kameliowy\/\" \/>\n<meta property=\"og:locale\" content=\"pl_PL\" \/>\n<meta property=\"og:type\" content=\"article\" \/>\n<meta property=\"og:title\" content=\"Olej kameliowy na ratunek w\u0142osom i paznokciom\" \/>\n<meta property=\"og:description\" content=\"Olej kameliowy zwany te\u017c herbacianym nawil\u017ca i od\u017cywia w\u0142osy i paznokcie. Ma tak\u017ce dobroczynne dzia\u0142anie dla naszej sk\u00f3ry. Poznaj jego zalety.\" \/>\n<meta property=\"og:url\" content=\"https:\/\/estyl.pl\/blog\/olej-kameliowy\/\" \/>\n<meta property=\"og:site_name\" content=\"Blog | Estyl.pl\" \/>\n<meta property=\"article:author\" content=\"kdrogowskakwasnik\" \/>\n<meta property=\"article:published_time\" content=\"2011-09-16T09:04:34+00:00\" \/>\n<meta property=\"article:modified_time\" content=\"2016-10-31T11:20:14+00:00\" \/>\n<meta property=\"og:image\" content=\"https:\/\/estyl.pl\/blog\/wp-content\/uploads\/2011\/09\/olejek-arganowy-do-w\u0142os\u00f3w.jpg\" \/>\n\t<meta property=\"og:image:width\" content=\"755\" \/>\n\t<meta property=\"og:image:height\" content=\"455\" \/>\n\t<meta property=\"og:image:type\" content=\"image\/jpeg\" \/>\n<meta name=\"author\" content=\"Karolina\" \/>\n<meta name=\"twitter:label1\" content=\"Napisane przez\" \/>\n\t<meta name=\"twitter:data1\" content=\"Karolina\" \/>\n\t<meta name=\"twitter:label2\" content=\"Szacowany czas czytania\" \/>\n\t<meta name=\"twitter:data2\" content=\"3 minuty\" \/>\n<script type=\"application\/ld+json\" class=\"yoast-schema-graph\">{\"@context\":\"https:\/\/schema.org\",\"@graph\":[{\"@type\":\"WebPage\",\"@id\":\"https:\/\/estyl.pl\/blog\/olej-kameliowy\/\",\"url\":\"https:\/\/estyl.pl\/blog\/olej-kameliowy\/\",\"name\":\"Olej kameliowy na ratunek w\u0142osom i paznokciom\",\"isPartOf\":{\"@id\":\"https:\/\/estyl.pl\/blog\/#website\"},\"datePublished\":\"2011-09-16T09:04:34+00:00\",\"dateModified\":\"2016-10-31T11:20:14+00:00\",\"author\":{\"@id\":\"https:\/\/estyl.pl\/blog\/#\/schema\/person\/debe1fb907542b5dc82bccc2029e474f\"},\"description\":\"Olej kameliowy zwany te\u017c herbacianym nawil\u017ca i od\u017cywia w\u0142osy i paznokcie. Ma tak\u017ce dobroczynne dzia\u0142anie dla naszej sk\u00f3ry. Poznaj jego zalety.\",\"breadcrumb\":{\"@id\":\"https:\/\/estyl.pl\/blog\/olej-kameliowy\/#breadcrumb\"},\"inLanguage\":\"pl-PL\",\"potentialAction\":[{\"@type\":\"ReadAction\",\"target\":[\"https:\/\/estyl.pl\/blog\/olej-kameliowy\/\"]}]},{\"@type\":\"BreadcrumbList\",\"@id\":\"https:\/\/estyl.pl\/blog\/olej-kameliowy\/#breadcrumb\",\"itemListElement\":[{\"@type\":\"ListItem\",\"position\":1,\"name\":\"Leksykon kosmetyczny\",\"item\":\"https:\/\/estyl.pl\/blog\/leksykon-kosmetyczny\/\"},{\"@type\":\"ListItem\",\"position\":2,\"name\":\"Olej kameliowy &#8211; herbaciany\"}]},{\"@type\":\"WebSite\",\"@id\":\"https:\/\/estyl.pl\/blog\/#website\",\"url\":\"https:\/\/estyl.pl\/blog\/\",\"name\":\"Blog | Estyl.pl\",\"description\":\"Kosmetyki do w\u0142os\u00f3w, porady, piel\u0119gnacja, stylizacja\",\"potentialAction\":[{\"@type\":\"SearchAction\",\"target\":{\"@type\":\"EntryPoint\",\"urlTemplate\":\"https:\/\/estyl.pl\/blog\/?s={search_term_string}\"},\"query-input\":\"required name=search_term_string\"}],\"inLanguage\":\"pl-PL\"},{\"@type\":\"Person\",\"@id\":\"https:\/\/estyl.pl\/blog\/#\/schema\/person\/debe1fb907542b5dc82bccc2029e474f\",\"name\":\"Karolina\",\"description\":\"Absolwentka kosmetologii i dietetyki na \u015al\u0105skiej Wy\u017cszej Szkole Medycznej w Katowicach. Ze sklepem Estyl.pl zwi\u0105zana od wielu lat. Wiedz\u0119 na temat produkt\u00f3w zebra\u0142a pracuj\u0105c w sklepie stacjonanym w Katowicach. Aktualnie pracuje jako copywriter, co daje jej du\u017co satysfakcji. Uwielbia testowa\u0107 nowe kosmetyki.\",\"sameAs\":[\"kdrogowskakwasnik\"],\"url\":\"https:\/\/estyl.pl\/blog\/author\/k-mistalsiekiera\/\"}]}<\/script>\n<!-- \/ Yoast SEO plugin. -->","yoast_head_json":{"title":"Olej kameliowy na ratunek w\u0142osom i paznokciom","description":"Olej kameliowy zwany te\u017c herbacianym nawil\u017ca i od\u017cywia w\u0142osy i paznokcie. Ma tak\u017ce dobroczynne dzia\u0142anie dla naszej sk\u00f3ry. Poznaj jego zalety.","robots":{"index":"index","follow":"follow","max-snippet":"max-snippet:-1","max-image-preview":"max-image-preview:large","max-video-preview":"max-video-preview:-1"},"canonical":"https:\/\/estyl.pl\/blog\/olej-kameliowy\/","og_locale":"pl_PL","og_type":"article","og_title":"Olej kameliowy na ratunek w\u0142osom i paznokciom","og_description":"Olej kameliowy zwany te\u017c herbacianym nawil\u017ca i od\u017cywia w\u0142osy i paznokcie. Ma tak\u017ce dobroczynne dzia\u0142anie dla naszej sk\u00f3ry. Poznaj jego zalety.","og_url":"https:\/\/estyl.pl\/blog\/olej-kameliowy\/","og_site_name":"Blog | Estyl.pl","article_author":"kdrogowskakwasnik","article_published_time":"2011-09-16T09:04:34+00:00","article_modified_time":"2016-10-31T11:20:14+00:00","og_image":[{"width":755,"height":455,"url":"https:\/\/estyl.pl\/blog\/wp-content\/uploads\/2011\/09\/olejek-arganowy-do-w\u0142os\u00f3w.jpg","type":"image\/jpeg"}],"author":"Karolina","twitter_misc":{"Napisane przez":"Karolina","Szacowany czas czytania":"3 minuty"},"schema":{"@context":"https:\/\/schema.org","@graph":[{"@type":"WebPage","@id":"https:\/\/estyl.pl\/blog\/olej-kameliowy\/","url":"https:\/\/estyl.pl\/blog\/olej-kameliowy\/","name":"Olej kameliowy na ratunek w\u0142osom i paznokciom","isPartOf":{"@id":"https:\/\/estyl.pl\/blog\/#website"},"datePublished":"2011-09-16T09:04:34+00:00","dateModified":"2016-10-31T11:20:14+00:00","author":{"@id":"https:\/\/estyl.pl\/blog\/#\/schema\/person\/debe1fb907542b5dc82bccc2029e474f"},"description":"Olej kameliowy zwany te\u017c herbacianym nawil\u017ca i od\u017cywia w\u0142osy i paznokcie. Ma tak\u017ce dobroczynne dzia\u0142anie dla naszej sk\u00f3ry. Poznaj jego zalety.","breadcrumb":{"@id":"https:\/\/estyl.pl\/blog\/olej-kameliowy\/#breadcrumb"},"inLanguage":"pl-PL","potentialAction":[{"@type":"ReadAction","target":["https:\/\/estyl.pl\/blog\/olej-kameliowy\/"]}]},{"@type":"BreadcrumbList","@id":"https:\/\/estyl.pl\/blog\/olej-kameliowy\/#breadcrumb","itemListElement":[{"@type":"ListItem","position":1,"name":"Leksykon kosmetyczny","item":"https:\/\/estyl.pl\/blog\/leksykon-kosmetyczny\/"},{"@type":"ListItem","position":2,"name":"Olej kameliowy &#8211; herbaciany"}]},{"@type":"WebSite","@id":"https:\/\/estyl.pl\/blog\/#website","url":"https:\/\/estyl.pl\/blog\/","name":"Blog | Estyl.pl","description":"Kosmetyki do w\u0142os\u00f3w, porady, piel\u0119gnacja, stylizacja","potentialAction":[{"@type":"SearchAction","target":{"@type":"EntryPoint","urlTemplate":"https:\/\/estyl.pl\/blog\/?s={search_term_string}"},"query-input":"required name=search_term_string"}],"inLanguage":"pl-PL"},{"@type":"Person","@id":"https:\/\/estyl.pl\/blog\/#\/schema\/person\/debe1fb907542b5dc82bccc2029e474f","name":"Karolina","description":"Absolwentka kosmetologii i dietetyki na \u015al\u0105skiej Wy\u017cszej Szkole Medycznej w Katowicach. Ze sklepem Estyl.pl zwi\u0105zana od wielu lat. Wiedz\u0119 na temat produkt\u00f3w zebra\u0142a pracuj\u0105c w sklepie stacjonanym w Katowicach. Aktualnie pracuje jako copywriter, co daje jej du\u017co satysfakcji. Uwielbia testowa\u0107 nowe kosmetyki.","sameAs":["kdrogowskakwasnik"],"url":"https:\/\/estyl.pl\/blog\/author\/k-mistalsiekiera\/"}]}},"_links":{"self":[{"href":"https:\/\/estyl.pl\/blog\/wp-json\/wp\/v2\/posts\/2704"}],"collection":[{"href":"https:\/\/estyl.pl\/blog\/wp-json\/wp\/v2\/posts"}],"about":[{"href":"https:\/\/estyl.pl\/blog\/wp-json\/wp\/v2\/types\/post"}],"author":[{"embeddable":true,"href":"https:\/\/estyl.pl\/blog\/wp-json\/wp\/v2\/users\/23"}],"replies":[{"embeddable":true,"href":"https:\/\/estyl.pl\/blog\/wp-json\/wp\/v2\/comments?post=2704"}],"version-history":[{"count":53,"href":"https:\/\/estyl.pl\/blog\/wp-json\/wp\/v2\/posts\/2704\/revisions"}],"predecessor-version":[{"id":31348,"href":"https:\/\/estyl.pl\/blog\/wp-json\/wp\/v2\/posts\/2704\/revisions\/31348"}],"wp:featuredmedia":[{"embeddable":true,"href":"https:\/\/estyl.pl\/blog\/wp-json\/wp\/v2\/media\/24844"}],"wp:attachment":[{"href":"https:\/\/estyl.pl\/blog\/wp-json\/wp\/v2\/media?parent=2704"}],"wp:term":[{"taxonomy":"category","embeddable":true,"href":"https:\/\/estyl.pl\/blog\/wp-json\/wp\/v2\/categories?post=2704"},{"taxonomy":"post_tag","embeddable":true,"href":"https:\/\/estyl.pl\/blog\/wp-json\/wp\/v2\/tags?post=2704"}],"curies":[{"name":"wp","href":"https:\/\/api.w.org\/{rel}","templated":true}]}}