{"id":27345,"date":"2015-07-03T15:15:15","date_gmt":"2015-07-03T13:15:15","guid":{"rendered":"https:\/\/estyl.pl\/blog\/?p=27345"},"modified":"2015-07-03T15:15:15","modified_gmt":"2015-07-03T13:15:15","slug":"slubna-apteczka-pierwszej-pomocy","status":"publish","type":"post","link":"https:\/\/estyl.pl\/blog\/slubna-apteczka-pierwszej-pomocy\/","title":{"rendered":"\u015alubna apteczka pierwszej pomocy"},"content":{"rendered":"<p>\u015alub i wesele to wymarzony dzie\u0144 dla wielu par. W tym dniu nic nie powinno nas zaskoczy\u0107. Z regu\u0142y jest to dzie\u0144 planowany od dawna i mamy nadziej\u0119, \u017ce o niczym nie zapomnieli\u015bmy. Czasem jednak zdarzaj\u0105 si\u0119 zaskakuj\u0105ce sytuacje, a wtedy warto mie\u0107 par\u0119 przydatnych rzeczy pod r\u0119k\u0105.<br \/>\n<strong>Jakich? \u015alubna apteczka pierwszej pomocy to zbi\u00f3r rzeczy, kt\u00f3re pomog\u0105 Wam w kryzysowej sytuacji.<\/strong><!--more--><\/p>\n<p><a href=\"https:\/\/estyl.pl\/blog\/wp-content\/uploads\/2015\/07\/shutterstock_125210636.jpg\" target=\"_blank\" rel=\"lightbox[27345]\"><img decoding=\"async\" loading=\"lazy\" class=\"aligncenter wp-image-27347 size-full\" title=\"\u015alubna apteczka pierwszej pomocy\" src=\"https:\/\/estyl.pl\/blog\/wp-content\/uploads\/2015\/07\/shutterstock_125210636.jpg\" alt=\"\u015alubna apteczka pierwszej pomocy\" width=\"755\" height=\"604\" srcset=\"https:\/\/estyl.pl\/blog\/wp-content\/uploads\/2015\/07\/shutterstock_125210636.jpg 755w, https:\/\/estyl.pl\/blog\/wp-content\/uploads\/2015\/07\/shutterstock_125210636-300x240.jpg 300w, https:\/\/estyl.pl\/blog\/wp-content\/uploads\/2015\/07\/shutterstock_125210636-580x464.jpg 580w, https:\/\/estyl.pl\/blog\/wp-content\/uploads\/2015\/07\/shutterstock_125210636-261x209.jpg 261w\" sizes=\"(max-width: 755px) 100vw, 755px\" \/><\/a><br \/>\n<strong>Przybornik do szycia<\/strong><\/p>\n<p>Mo\u017ce to brzmi dla Was dziwnie, ale uwierzcie mi, \u017ce warto mie\u0107 cho\u0107by nici i ig\u0142\u0119. Cz\u0119sto zdarzaj\u0105 si\u0119 sytuacje, \u017ce np. guzik od marynarki odpadnie, sukienka si\u0119 zarwie. Przy dobrej zabawie kiedy nasze ruchy s\u0105 nie do ko\u0144ca okie\u0142znane nawet nie wiemy jak i kiedy co\u015b mo\u017ce si\u0119 urwa\u0107. Wtedy nieoceniony b\u0119dzie w\u0142a\u015bnie taki przybornik. Ja sama na swoim weselu szy\u0142am mojemu m\u0119\u017cowi przy stole guzik od marynarki. No c\u00f3\u017c tak si\u0119 ko\u0144cz\u0105 wygibasy na parkiecie. Na szcz\u0119\u015bcie byli\u015bmy przygotowani, wi\u0119c ig\u0142a i nitka posz\u0142a w ruch i guzik znalaz\u0142 si\u0119 na swoim miejscu.<\/p>\n<p><strong>Apteczka<\/strong><\/p>\n<p>Wyobra\u017cacie sobie, \u017ceby \u015blubna apteczka pierwszej pomocy by\u0142a bez produkt\u00f3w typowych dla ka\u017cdej apteczki? Ja nie. Wi\u0119c warto zaopatrzy\u0107 si\u0119 w <strong>plastry<\/strong>, czy to klasyczne czy na odciski (mog\u0105 si\u0119 lepiej sprawdzi\u0107) oraz<strong> tabletki przeciwb\u00f3lowe<\/strong>.<br \/>\nObdarte stopy to naprawd\u0119 utrapienie w dalszej zabawie. Zar\u00f3wno Pani jak i Pan M\u0142ody cho\u0107 na chwil\u0119 b\u0119d\u0105 w stanie z\u0142agodzi\u0107 b\u00f3l spowodowany nowym obuwiem.<br \/>\nJe\u015bli chodzi natomiast o tabletki przeciwb\u00f3lowe to naprawd\u0119 jest to co\u015b bardzo potrzebnego. Ka\u017cdy z nas inaczej reaguje na stres. \u015alub, \u017cyczenia, g\u0142o\u015bna muzyka mog\u0105 czasem doprowadzi\u0107 do gorszego samopoczucia. Czasem zdarza si\u0119, \u017ce b\u00f3l g\u0142owy jest tak silny, \u017ce definitywnie potrafi zniszczy\u0107 ka\u017cdy dzie\u0144. Nie pozw\u00f3lmy na to!<\/p>\n<p><a href=\"https:\/\/estyl.pl\/blog\/wp-content\/uploads\/2015\/07\/przybornik.jpg\" target=\"_blank\" rel=\"lightbox[27345]\"><img decoding=\"async\" loading=\"lazy\" class=\"aligncenter wp-image-27346 size-full\" title=\"\u015alubna apteczka pierwszej pomocy\" src=\"https:\/\/estyl.pl\/blog\/wp-content\/uploads\/2015\/07\/przybornik.jpg\" alt=\"\u015blubna apteczka pierwszej pomocy\" width=\"736\" height=\"441\" srcset=\"https:\/\/estyl.pl\/blog\/wp-content\/uploads\/2015\/07\/przybornik.jpg 736w, https:\/\/estyl.pl\/blog\/wp-content\/uploads\/2015\/07\/przybornik-300x180.jpg 300w, https:\/\/estyl.pl\/blog\/wp-content\/uploads\/2015\/07\/przybornik-580x348.jpg 580w, https:\/\/estyl.pl\/blog\/wp-content\/uploads\/2015\/07\/przybornik-261x156.jpg 261w\" sizes=\"(max-width: 736px) 100vw, 736px\" \/><\/a>Zdj\u0119cie: trelemoreleiwesele.blogspot.com<\/p>\n<p><strong>Bezbarwny lakier do paznokci<\/strong><\/p>\n<p>Mo\u017cecie zapyta\u0107 \u2013 po co? Paznokcie ka\u017cda Panna M\u0142oda ma przygotowane przez kosmetyczk\u0119, wi\u0119c wydaje si\u0119, \u017ce to rzecz zupe\u0142nie nie potrzebna. Pami\u0119tajcie jednak, \u017ce<strong> lakier nie tylko s\u0142u\u017cy do paznokci<\/strong>. \u015awietnie sprawdza si\u0119 w roli zatuszowania oczka w po\u0144czochach lub rajstopach. Dodatkowo je\u015bli Panna m\u0142oda posiada sukni\u0119 \u015blubn\u0105 wyt\u0142aczan\u0105 cekinami doskonale sprawdza si\u0119 w roli \u201ekleju\u201d dla przymocowania, gdy kt\u00f3ry\u015b z cekin\u00f3w odpadnie.<\/p>\n<p><strong>Obuwie na zmian\u0119<\/strong><\/p>\n<p>Musz\u0119 tutaj zwr\u00f3ci\u0107 uwag\u0119, \u017ce ten punkt jest skierowany <strong>do obojga nowo\u017ce\u0144c\u00f3w<\/strong>. Zar\u00f3wno Panna m\u0142oda, jak i Pan m\u0142ody na weselu maj\u0105 nowe obuwie. S\u0105 sztywne, nie \u201ewychodzone\u201d wi\u0119c o obdarcia nie trudno. Ja sobie te\u017c obieca\u0142am, \u017ce przed weselem rozci\u0105gn\u0119 szpilki tak aby mnie nie obdziera\u0142y. Wiecie co mo\u017ce jeden raz je za\u0142o\u017cy\u0142am wi\u0119c nie \u0142ud\u017acie si\u0119, \u017ce u Was b\u0119dzie inaczej. Lepiej zatem w zanadrzu mie\u0107 buty w kt\u00f3rych potrafimy przeta\u0144czy\u0107 ca\u0142\u0105 noc. Czasem plastry s\u0105 tylko ukojeniem na chwil\u0119, a <strong>dodatkowe obuwie na zmian\u0119 ratunkiem dla naszych st\u00f3p<\/strong>.<\/p>\n<p><a href=\"https:\/\/estyl.pl\/blog\/wp-content\/uploads\/2015\/07\/Slub-1.jpg\" rel=\"lightbox[27345]\"><img decoding=\"async\" loading=\"lazy\" class=\"aligncenter wp-image-27349 size-full\" title=\"obuwie na \u015blub\" src=\"https:\/\/estyl.pl\/blog\/wp-content\/uploads\/2015\/07\/Slub-1.jpg\" alt=\"obuwie na \u015blub\" width=\"420\" height=\"286\" srcset=\"https:\/\/estyl.pl\/blog\/wp-content\/uploads\/2015\/07\/Slub-1.jpg 420w, https:\/\/estyl.pl\/blog\/wp-content\/uploads\/2015\/07\/Slub-1-220x150.jpg 220w, https:\/\/estyl.pl\/blog\/wp-content\/uploads\/2015\/07\/Slub-1-300x204.jpg 300w, https:\/\/estyl.pl\/blog\/wp-content\/uploads\/2015\/07\/Slub-1-261x178.jpg 261w\" sizes=\"(max-width: 420px) 100vw, 420px\" \/><\/a><\/p>\n<p><strong>Produkty do poprawki makija\u017cu<\/strong><\/p>\n<p>O makija\u017cu by\u0142 ju\u017c <a title=\"makija\u017c \u015blubny\" href=\"https:\/\/estyl.pl\/blog\/2015\/01\/makijaz-slubny-go-dobrac\/\" target=\"_blank\">osobny wpis<\/a>. Wspomina\u0142am w nim o tym co warto mie\u0107 w kosmetyczce w tym wa\u017cnym dniu. Warto, aby w kosmetyczce znalaz\u0142y si\u0119<strong> bibu\u0142ki matuj\u0105ce<\/strong>. Sprawdz\u0105 si\u0119 doskonale zar\u00f3wno dla kobiety, jak i dla m\u0119\u017cczyzny, kt\u00f3rzy s\u0105 w centrum zainteresowania ca\u0142\u0105 noc. Bibu\u0142ki doskonale <strong>zmatuj\u0105 cer\u0119<\/strong> oraz daj\u0105 <strong>uczucie od\u015bwie\u017cenia<\/strong>. Zapewni to Wam tak\u017ce brak po\u0142ysku na zdj\u0119ciach, kt\u00f3rego pewnie nie chcecie. Nale\u017cy pami\u0119ta\u0107, aby w swojej kosmetyczce Panna M\u0142oda mia\u0142a dodatkowo: <strong>b\u0142yszczyk\/pomadk\u0119\u00a0<\/strong>i\u00a0<strong>r\u00f3\u017c do policzk\u00f3w<\/strong>.<br \/>\nNaprawd\u0119 nic innego nie b\u0119dzie Wam potrzebne.<br \/>\n<strong>Zapasowe rajstopy lub po\u0144czochy<\/strong><\/p>\n<p>Panna m\u0142oda, kt\u00f3ra w dniu \u015blubu b\u0119dzie mia\u0142a za\u0142o\u017cone rajstopy b\u0105d\u017a po\u0144czochy koniecznie musi mie\u0107 ich dodatkow\u0105 par\u0119. B\u0119dzie jak znalaz\u0142, je\u015bli zrobi si\u0119 zadziora. Nie \u017cycz\u0119 nikomu, ale mo\u017ce si\u0119 zdarzy\u0107 ju\u017c kryzysowa sytuacja w trakcie ubierania si\u0119 przysz\u0142ej Panny M\u0142odej. Stres, mocne podci\u0105gni\u0119cie i pstryk&#8230; dziura gotowa. Dodatkowa para naprawd\u0119 ratuje \u017cycie!<br \/>\nPowy\u017csza lista to rzeczy, kt\u00f3re warto, aby Pa\u0144stwo M\u0142odzi mieli gdzie\u015b pod r\u0119k\u0105. Nikt nie jest w stanie przewidzie\u0107 tego co si\u0119 wydarzy. Pami\u0119tajcie prosz\u0119, aby na pocz\u0105tku przekaza\u0107 je komu\u015b, lub od razu wrzu\u0107cie je do samochodu, kt\u00f3rym pojedziecie. P\u00f3\u017aniej popro\u015bcie \u015bwiadka, aby przyni\u00f3s\u0142 je do pokoju czy mia\u0142 je gdzie\u015b w Waszym pobli\u017cu. S\u0105 to rzeczy, kt\u00f3re w naszym przypadku si\u0119 rewelacyjnie sprawdzi\u0142y. Guzik zosta\u0142 przyszyty, plastry na moment uratowa\u0142y moje stopy, a dodatkowa para but\u00f3w by\u0142a jak zbawienie. Teraz mo\u017ce wydawa\u0107 si\u0119 Wam to \u015bmieszne i zupe\u0142nie nie potrzebne, ale uwierzcie mi, \u017ce \u015blubna apteczka pierwszej pomocy mo\u017ce uratowa\u0107 Wam zabaw\u0119.<\/p>\n<h3>A mo\u017ce s\u0105 produkty, kt\u00f3re sami by\u015bcie dorzucili do tej listy?<\/h3>\n","protected":false},"excerpt":{"rendered":"<p>\u015alub i wesele to wymarzony dzie\u0144 dla wielu par. W tym dniu nic nie powinno nas zaskoczy\u0107. Z regu\u0142y jest to dzie\u0144 planowany od dawna i mamy nadziej\u0119, \u017ce o niczym nie zapomnieli\u015bmy. Czasem jednak zdarzaj\u0105 si\u0119 zaskakuj\u0105ce sytuacje, a wtedy warto mie\u0107 par\u0119 przydatnych rzeczy pod r\u0119k\u0105. Jakich? \u015alubna apteczka pierwszej pomocy to zbi\u00f3r [&hellip;]<\/p>\n","protected":false},"author":23,"featured_media":27351,"comment_status":"open","ping_status":"closed","sticky":false,"template":"","format":"standard","meta":{"_eb_attr":""},"categories":[2091],"tags":[2088,2102,2095],"acf":[],"yoast_head":"<!-- This site is optimized with the Yoast SEO plugin v20.8 - https:\/\/yoast.com\/wordpress\/plugins\/seo\/ -->\n<title>\u015alubna apteczka pierwszej pomocy<\/title>\n<meta name=\"description\" content=\"\u015alubna apteczka pierwszej pomocy to zbi\u00f3r rzeczy, kt\u00f3re pomog\u0105 Wam w kryzysowej sytuacji w czasie Waszego \u015blubu.\" \/>\n<meta name=\"robots\" content=\"index, follow, max-snippet:-1, max-image-preview:large, max-video-preview:-1\" \/>\n<link rel=\"canonical\" href=\"https:\/\/estyl.pl\/blog\/slubna-apteczka-pierwszej-pomocy\/\" \/>\n<meta property=\"og:locale\" content=\"pl_PL\" \/>\n<meta property=\"og:type\" content=\"article\" \/>\n<meta property=\"og:title\" content=\"\u015alubna apteczka pierwszej pomocy\" \/>\n<meta property=\"og:description\" content=\"\u015alubna apteczka pierwszej pomocy to zbi\u00f3r rzeczy, kt\u00f3re pomog\u0105 Wam w kryzysowej sytuacji w czasie Waszego \u015blubu.\" \/>\n<meta property=\"og:url\" content=\"https:\/\/estyl.pl\/blog\/slubna-apteczka-pierwszej-pomocy\/\" \/>\n<meta property=\"og:site_name\" content=\"Blog | Estyl.pl\" \/>\n<meta property=\"article:author\" content=\"kdrogowskakwasnik\" \/>\n<meta property=\"article:published_time\" content=\"2015-07-03T13:15:15+00:00\" \/>\n<meta property=\"og:image\" content=\"https:\/\/estyl.pl\/blog\/wp-content\/uploads\/2015\/07\/Depositphotos_22165853_s.jpg\" \/>\n\t<meta property=\"og:image:width\" content=\"755\" \/>\n\t<meta property=\"og:image:height\" content=\"325\" \/>\n\t<meta property=\"og:image:type\" content=\"image\/jpeg\" \/>\n<meta name=\"author\" content=\"Karolina\" \/>\n<meta name=\"twitter:label1\" content=\"Napisane przez\" \/>\n\t<meta name=\"twitter:data1\" content=\"Karolina\" \/>\n\t<meta name=\"twitter:label2\" content=\"Szacowany czas czytania\" \/>\n\t<meta name=\"twitter:data2\" content=\"4 minuty\" \/>\n<script type=\"application\/ld+json\" class=\"yoast-schema-graph\">{\"@context\":\"https:\/\/schema.org\",\"@graph\":[{\"@type\":\"WebPage\",\"@id\":\"https:\/\/estyl.pl\/blog\/slubna-apteczka-pierwszej-pomocy\/\",\"url\":\"https:\/\/estyl.pl\/blog\/slubna-apteczka-pierwszej-pomocy\/\",\"name\":\"\u015alubna apteczka pierwszej pomocy\",\"isPartOf\":{\"@id\":\"https:\/\/estyl.pl\/blog\/#website\"},\"datePublished\":\"2015-07-03T13:15:15+00:00\",\"dateModified\":\"2015-07-03T13:15:15+00:00\",\"author\":{\"@id\":\"https:\/\/estyl.pl\/blog\/#\/schema\/person\/debe1fb907542b5dc82bccc2029e474f\"},\"description\":\"\u015alubna apteczka pierwszej pomocy to zbi\u00f3r rzeczy, kt\u00f3re pomog\u0105 Wam w kryzysowej sytuacji w czasie Waszego \u015blubu.\",\"breadcrumb\":{\"@id\":\"https:\/\/estyl.pl\/blog\/slubna-apteczka-pierwszej-pomocy\/#breadcrumb\"},\"inLanguage\":\"pl-PL\",\"potentialAction\":[{\"@type\":\"ReadAction\",\"target\":[\"https:\/\/estyl.pl\/blog\/slubna-apteczka-pierwszej-pomocy\/\"]}]},{\"@type\":\"BreadcrumbList\",\"@id\":\"https:\/\/estyl.pl\/blog\/slubna-apteczka-pierwszej-pomocy\/#breadcrumb\",\"itemListElement\":[{\"@type\":\"ListItem\",\"position\":1,\"name\":\"Lifestyle\",\"item\":\"https:\/\/estyl.pl\/blog\/lifestyle-2\/\"},{\"@type\":\"ListItem\",\"position\":2,\"name\":\"\u015alubna apteczka pierwszej pomocy\"}]},{\"@type\":\"WebSite\",\"@id\":\"https:\/\/estyl.pl\/blog\/#website\",\"url\":\"https:\/\/estyl.pl\/blog\/\",\"name\":\"Blog | Estyl.pl\",\"description\":\"Kosmetyki do w\u0142os\u00f3w, porady, piel\u0119gnacja, stylizacja\",\"potentialAction\":[{\"@type\":\"SearchAction\",\"target\":{\"@type\":\"EntryPoint\",\"urlTemplate\":\"https:\/\/estyl.pl\/blog\/?s={search_term_string}\"},\"query-input\":\"required name=search_term_string\"}],\"inLanguage\":\"pl-PL\"},{\"@type\":\"Person\",\"@id\":\"https:\/\/estyl.pl\/blog\/#\/schema\/person\/debe1fb907542b5dc82bccc2029e474f\",\"name\":\"Karolina\",\"description\":\"Absolwentka kosmetologii i dietetyki na \u015al\u0105skiej Wy\u017cszej Szkole Medycznej w Katowicach. Ze sklepem Estyl.pl zwi\u0105zana od wielu lat. Wiedz\u0119 na temat produkt\u00f3w zebra\u0142a pracuj\u0105c w sklepie stacjonanym w Katowicach. Aktualnie pracuje jako copywriter, co daje jej du\u017co satysfakcji. Uwielbia testowa\u0107 nowe kosmetyki.\",\"sameAs\":[\"kdrogowskakwasnik\"],\"url\":\"https:\/\/estyl.pl\/blog\/author\/k-mistalsiekiera\/\"}]}<\/script>\n<!-- \/ Yoast SEO plugin. -->","yoast_head_json":{"title":"\u015alubna apteczka pierwszej pomocy","description":"\u015alubna apteczka pierwszej pomocy to zbi\u00f3r rzeczy, kt\u00f3re pomog\u0105 Wam w kryzysowej sytuacji w czasie Waszego \u015blubu.","robots":{"index":"index","follow":"follow","max-snippet":"max-snippet:-1","max-image-preview":"max-image-preview:large","max-video-preview":"max-video-preview:-1"},"canonical":"https:\/\/estyl.pl\/blog\/slubna-apteczka-pierwszej-pomocy\/","og_locale":"pl_PL","og_type":"article","og_title":"\u015alubna apteczka pierwszej pomocy","og_description":"\u015alubna apteczka pierwszej pomocy to zbi\u00f3r rzeczy, kt\u00f3re pomog\u0105 Wam w kryzysowej sytuacji w czasie Waszego \u015blubu.","og_url":"https:\/\/estyl.pl\/blog\/slubna-apteczka-pierwszej-pomocy\/","og_site_name":"Blog | Estyl.pl","article_author":"kdrogowskakwasnik","article_published_time":"2015-07-03T13:15:15+00:00","og_image":[{"width":755,"height":325,"url":"https:\/\/estyl.pl\/blog\/wp-content\/uploads\/2015\/07\/Depositphotos_22165853_s.jpg","type":"image\/jpeg"}],"author":"Karolina","twitter_misc":{"Napisane przez":"Karolina","Szacowany czas czytania":"4 minuty"},"schema":{"@context":"https:\/\/schema.org","@graph":[{"@type":"WebPage","@id":"https:\/\/estyl.pl\/blog\/slubna-apteczka-pierwszej-pomocy\/","url":"https:\/\/estyl.pl\/blog\/slubna-apteczka-pierwszej-pomocy\/","name":"\u015alubna apteczka pierwszej pomocy","isPartOf":{"@id":"https:\/\/estyl.pl\/blog\/#website"},"datePublished":"2015-07-03T13:15:15+00:00","dateModified":"2015-07-03T13:15:15+00:00","author":{"@id":"https:\/\/estyl.pl\/blog\/#\/schema\/person\/debe1fb907542b5dc82bccc2029e474f"},"description":"\u015alubna apteczka pierwszej pomocy to zbi\u00f3r rzeczy, kt\u00f3re pomog\u0105 Wam w kryzysowej sytuacji w czasie Waszego \u015blubu.","breadcrumb":{"@id":"https:\/\/estyl.pl\/blog\/slubna-apteczka-pierwszej-pomocy\/#breadcrumb"},"inLanguage":"pl-PL","potentialAction":[{"@type":"ReadAction","target":["https:\/\/estyl.pl\/blog\/slubna-apteczka-pierwszej-pomocy\/"]}]},{"@type":"BreadcrumbList","@id":"https:\/\/estyl.pl\/blog\/slubna-apteczka-pierwszej-pomocy\/#breadcrumb","itemListElement":[{"@type":"ListItem","position":1,"name":"Lifestyle","item":"https:\/\/estyl.pl\/blog\/lifestyle-2\/"},{"@type":"ListItem","position":2,"name":"\u015alubna apteczka pierwszej pomocy"}]},{"@type":"WebSite","@id":"https:\/\/estyl.pl\/blog\/#website","url":"https:\/\/estyl.pl\/blog\/","name":"Blog | Estyl.pl","description":"Kosmetyki do w\u0142os\u00f3w, porady, piel\u0119gnacja, stylizacja","potentialAction":[{"@type":"SearchAction","target":{"@type":"EntryPoint","urlTemplate":"https:\/\/estyl.pl\/blog\/?s={search_term_string}"},"query-input":"required name=search_term_string"}],"inLanguage":"pl-PL"},{"@type":"Person","@id":"https:\/\/estyl.pl\/blog\/#\/schema\/person\/debe1fb907542b5dc82bccc2029e474f","name":"Karolina","description":"Absolwentka kosmetologii i dietetyki na \u015al\u0105skiej Wy\u017cszej Szkole Medycznej w Katowicach. Ze sklepem Estyl.pl zwi\u0105zana od wielu lat. Wiedz\u0119 na temat produkt\u00f3w zebra\u0142a pracuj\u0105c w sklepie stacjonanym w Katowicach. Aktualnie pracuje jako copywriter, co daje jej du\u017co satysfakcji. Uwielbia testowa\u0107 nowe kosmetyki.","sameAs":["kdrogowskakwasnik"],"url":"https:\/\/estyl.pl\/blog\/author\/k-mistalsiekiera\/"}]}},"_links":{"self":[{"href":"https:\/\/estyl.pl\/blog\/wp-json\/wp\/v2\/posts\/27345"}],"collection":[{"href":"https:\/\/estyl.pl\/blog\/wp-json\/wp\/v2\/posts"}],"about":[{"href":"https:\/\/estyl.pl\/blog\/wp-json\/wp\/v2\/types\/post"}],"author":[{"embeddable":true,"href":"https:\/\/estyl.pl\/blog\/wp-json\/wp\/v2\/users\/23"}],"replies":[{"embeddable":true,"href":"https:\/\/estyl.pl\/blog\/wp-json\/wp\/v2\/comments?post=27345"}],"version-history":[{"count":3,"href":"https:\/\/estyl.pl\/blog\/wp-json\/wp\/v2\/posts\/27345\/revisions"}],"predecessor-version":[{"id":27352,"href":"https:\/\/estyl.pl\/blog\/wp-json\/wp\/v2\/posts\/27345\/revisions\/27352"}],"wp:featuredmedia":[{"embeddable":true,"href":"https:\/\/estyl.pl\/blog\/wp-json\/wp\/v2\/media\/27351"}],"wp:attachment":[{"href":"https:\/\/estyl.pl\/blog\/wp-json\/wp\/v2\/media?parent=27345"}],"wp:term":[{"taxonomy":"category","embeddable":true,"href":"https:\/\/estyl.pl\/blog\/wp-json\/wp\/v2\/categories?post=27345"},{"taxonomy":"post_tag","embeddable":true,"href":"https:\/\/estyl.pl\/blog\/wp-json\/wp\/v2\/tags?post=27345"}],"curies":[{"name":"wp","href":"https:\/\/api.w.org\/{rel}","templated":true}]}}