{"id":27914,"date":"2015-12-08T17:43:39","date_gmt":"2015-12-08T15:43:39","guid":{"rendered":"https:\/\/estyl.pl\/blog\/?p=27914"},"modified":"2019-11-28T11:32:23","modified_gmt":"2019-11-28T09:32:23","slug":"siedem-dni-dawania-i-swiatowe-marki-co-laczy-jedno-z-drugim","status":"publish","type":"post","link":"https:\/\/estyl.pl\/blog\/siedem-dni-dawania-i-swiatowe-marki-co-laczy-jedno-z-drugim\/","title":{"rendered":"Siedem Dni Dawania i \u015bwiatowe marki &#8211; co \u0142\u0105czy jedno z drugim?"},"content":{"rendered":"<p><span style=\"font-weight: 400;\">Mamy dla Was doskona\u0142y plan dzia\u0142ania &#8211; najbli\u017cszy tydzie\u0144 w Estyl.pl b\u0119dzie wyj\u0105tkowy! Dlaczego? Ka\u017cdego dnia wybrane przez nas kosmetyki obj\u0119te zostan\u0105\u00a0rabatem, a co wi\u0119cej b\u0119dziecie mogli dowiedzie\u0107 si\u0119 o nich czego\u015b interesuj\u0105cego, pozna\u0107 marki od \u201czaplecza\u201d. Szykujcie si\u0119 na wyj\u0105tkowe ciekawostki \ud83d\ude42<\/span><\/p>\n<p><!--more--><\/p>\n<p><img decoding=\"async\" loading=\"lazy\" class=\"aligncenter size-full wp-image-27918\" src=\"https:\/\/estyl.pl\/blog\/wp-content\/uploads\/2015\/12\/JMO-lp.jpg\" alt=\"John Masters Organics\" width=\"720\" height=\"315\" srcset=\"https:\/\/estyl.pl\/blog\/wp-content\/uploads\/2015\/12\/JMO-lp.jpg 720w, https:\/\/estyl.pl\/blog\/wp-content\/uploads\/2015\/12\/JMO-lp-300x131.jpg 300w, https:\/\/estyl.pl\/blog\/wp-content\/uploads\/2015\/12\/JMO-lp-580x254.jpg 580w, https:\/\/estyl.pl\/blog\/wp-content\/uploads\/2015\/12\/JMO-lp-261x114.jpg 261w\" sizes=\"(max-width: 720px) 100vw, 720px\" \/><\/p>\n<p style=\"text-align: center;\"><strong><span style=\"font-weight: 400;\">\u0179r\u00f3d\u0142o: https:\/\/i.johnmasters.com\/post\/large\/dmx2kevofc3d.jpg<\/span><\/strong><\/p>\n<p>Co zyskujecie?<\/p>\n<ul>\n<li style=\"font-weight: 400;\"><span style=\"font-weight: 400;\">Wiele ciekawych informacji na temat produkt\u00f3w i marek, produkty polecane przez \u015bwiatowej s\u0142awy stylist\u00f3w&#8221;<\/span><\/li>\n<\/ul>\n<p><span style=\"font-weight: 400;\">Przygotowane ciekawostki na temat marek, zebrali\u015bmy w jedn\u0105 ca\u0142o\u015b\u0107, \u017ceby <\/span><span style=\"font-weight: 400;\">by\u0142o \u0142atwiej pozna\u0107 produkty, a sama lektura sta\u0142a si\u0119 czyst\u0105 przyjemno\u015bci\u0105<\/span><span style=\"font-weight: 400;\">. Co wa\u017cne, poznacie nie tylko w\u0142a\u015bciwo\u015bci kosmetyk\u00f3w, ale dowiecie si\u0119 w jakich dodatkowych akcjach bior\u0105 udzia\u0142 firmy, kt\u00f3re je tworz\u0105.\u00a0Przedsi\u0119biorstwa kosmetyczne nie tylko wytwarzaj\u0105 i sprzedaj\u0105 produkty, ale r\u00f3wnie\u017c udziel\u0105 si\u0119 spo\u0142ecznie:<\/span><\/p>\n<ul>\n<li><span style=\"font-weight: 400;\">tworz\u0105 programy szkole\u0144,<\/span><\/li>\n<li><span style=\"font-weight: 400;\">szkol\u0105 przysz\u0142ych fryzjer\u00f3w,<\/span><\/li>\n<li><span style=\"font-weight: 400;\">maj\u0105 swoich ambasador\u00f3w marek,<\/span><\/li>\n<li>wsp\u00f3\u0142pracuj\u0105cy z nimi styli\u015bci udzielaj\u0105 wywiad\u00f3w, w kt\u00f3rych zdradzaj\u0105 sprawdzone sposoby na piel\u0119gnacj\u0119 i stylizacj\u0119 w\u0142os\u00f3w.<\/li>\n<\/ul>\n<p><span style=\"font-weight: 400;\">Ka\u017cda marka ma swojego eksperta, kt\u00f3ry tworzy otoczk\u0119 nie tylko o samym\u00a0<\/span><span style=\"font-weight: 400;\">produkcie, ale <\/span><span style=\"font-weight: 400;\">r\u00f3wnie\u017c stanowi warto\u015bciowe \u017ar\u00f3d\u0142o informacji w jaki spos\u00f3b prawid\u0142owo go u\u017cywa\u0107.\u00a0<\/span><strong><span style=\"font-weight: 400;\">Przygotowali\u015bmy r\u00f3wnie\u017c, informacj\u0119 o tym, na jakich pokazach u\u017cyto tych\u00a0kosmetyk\u00f3w oraz w kt\u00f3rych salonach <\/span><span style=\"font-weight: 400;\">mo\u017cemy je znale\u017a\u0107<\/span><span style=\"font-weight: 400;\">.<\/span><\/strong><\/p>\n<p>&nbsp;<\/p>\n<p style=\"text-align: center;\"><img decoding=\"async\" loading=\"lazy\" class=\"aligncenter size-full wp-image-27923\" src=\"https:\/\/estyl.pl\/blog\/wp-content\/uploads\/2015\/12\/davines-crop1.jpg\" alt=\"Davines\" width=\"750\" height=\"303\" srcset=\"https:\/\/estyl.pl\/blog\/wp-content\/uploads\/2015\/12\/davines-crop1.jpg 750w, https:\/\/estyl.pl\/blog\/wp-content\/uploads\/2015\/12\/davines-crop1-300x121.jpg 300w, https:\/\/estyl.pl\/blog\/wp-content\/uploads\/2015\/12\/davines-crop1-580x234.jpg 580w, https:\/\/estyl.pl\/blog\/wp-content\/uploads\/2015\/12\/davines-crop1-261x105.jpg 261w\" sizes=\"(max-width: 750px) 100vw, 750px\" \/><\/p>\n<p style=\"text-align: center;\"><span style=\"color: #000000;\"><span style=\"font-weight: 400;\">\u0179r\u00f3d\u0142o: hhtp:\/\/www.hairxanadu.com\/images\/davines.jpg<\/span><\/span><\/p>\n<p><span style=\"font-weight: 400;\">Na razie nie chcemy zdradza\u0107 szczeg\u00f3\u0142\u00f3w, jutro pierwszy wpis. Zosta\u0144cie z nami \ud83d\ude09<\/span><\/p>\n<p><span style=\"font-weight: 400;\">Gwarantujemy, \u017ce najbli\u017csze siedem dni b\u0119d\u0105 po\u017cywn\u0105 dawk\u0105 informacji i krokiem do poznania marek od kuchni. <\/span><span style=\"font-weight: 400;\">To \u015bwietna okazja<\/span><span style=\"font-weight: 400;\"> do poszerzenia wiedzy lub jej uzupe\u0142nienia.<\/span><\/p>\n<p>Marki obj\u0119te\u00a0akcj\u0105 &#8222;7 dni dawania&#8221;\u00a0to:<\/p>\n<ul>\n<li><strong><span style=\"font-weight: 400;\"><strong><span style=\"font-weight: 400;\">Alterna<\/span><\/strong><\/span><\/strong><\/li>\n<li><strong><span style=\"font-weight: 400;\"><strong><span style=\"font-weight: 400;\">Kerastase<\/span><\/strong><\/span><\/strong><\/li>\n<li><strong><span style=\"font-weight: 400;\"><strong><span style=\"font-weight: 400;\">Davines<\/span><\/strong><\/span><\/strong><\/li>\n<li><strong><span style=\"font-weight: 400;\"><strong><span style=\"font-weight: 400;\">Joico<\/span><\/strong><\/span><\/strong><\/li>\n<li><strong><span style=\"font-weight: 400;\"><strong><span style=\"font-weight: 400;\">L&#8217;Oreal<\/span><\/strong><\/span><\/strong><\/li>\n<li><strong><span style=\"font-weight: 400;\"><strong><span style=\"font-weight: 400;\"> John Master Organics<\/span><\/strong><\/span><\/strong><\/li>\n<li><strong><span style=\"font-weight: 400;\"><strong><span style=\"font-weight: 400;\">&#8230; ostatni dzie\u0144 jest <\/span><span style=\"font-weight: 400;\">dniem-niespodziank\u0105!<\/span><\/strong> <\/span><\/strong><\/li>\n<\/ul>\n<p><span style=\"font-weight: 400;\">To jak? Gotowi na siedem dni dawania? \ud83d\ude09<\/span><\/p>\n<p><span style=\"font-weight: 400;\">Chcesz by\u0107 na bie\u017c\u0105co?\u00a0<\/span>Zapisz si\u0119 do naszego <a href=\"https:\/\/estyl.pl\/newsletter\/\" target=\"_blank\">newslettera<\/a><span style=\"font-weight: 400;\">\u00a0<\/span><strong><span style=\"font-weight: 400;\">albo\u00a0<\/span><\/strong><strong><span style=\"font-weight: 400;\">polub nas <a href=\"https:\/\/www.facebook.com\/estylpl\" target=\"_blank\">facebooku<\/a><\/span><\/strong><\/p>\n","protected":false},"excerpt":{"rendered":"<p>Mamy dla Was doskona\u0142y plan dzia\u0142ania &#8211; najbli\u017cszy tydzie\u0144 w Estyl.pl b\u0119dzie wyj\u0105tkowy! Dlaczego? Ka\u017cdego dnia wybrane przez nas kosmetyki obj\u0119te zostan\u0105\u00a0rabatem, a co wi\u0119cej b\u0119dziecie mogli dowiedzie\u0107 si\u0119 o nich czego\u015b interesuj\u0105cego, pozna\u0107 marki od \u201czaplecza\u201d. Szykujcie si\u0119 na wyj\u0105tkowe ciekawostki \ud83d\ude42<\/p>\n","protected":false},"author":1,"featured_media":27918,"comment_status":"open","ping_status":"closed","sticky":false,"template":"","format":"standard","meta":{"_eb_attr":""},"categories":[4,5],"tags":[2421,1008,2360,835],"acf":[],"yoast_head":"<!-- This site is optimized with the Yoast SEO plugin v20.8 - https:\/\/yoast.com\/wordpress\/plugins\/seo\/ -->\n<title>Siedem dni dawania w Estyl.pl<\/title>\n<meta name=\"description\" content=\"Siedem dni dawania\" \/>\n<meta name=\"robots\" content=\"index, follow, max-snippet:-1, max-image-preview:large, max-video-preview:-1\" \/>\n<link rel=\"canonical\" href=\"https:\/\/estyl.pl\/blog\/siedem-dni-dawania-i-swiatowe-marki-co-laczy-jedno-z-drugim\/\" \/>\n<meta property=\"og:locale\" content=\"pl_PL\" \/>\n<meta property=\"og:type\" content=\"article\" \/>\n<meta property=\"og:title\" content=\"Siedem dni dawania w Estyl.pl\" \/>\n<meta property=\"og:description\" content=\"Siedem dni dawania\" \/>\n<meta property=\"og:url\" content=\"https:\/\/estyl.pl\/blog\/siedem-dni-dawania-i-swiatowe-marki-co-laczy-jedno-z-drugim\/\" \/>\n<meta property=\"og:site_name\" content=\"Blog | Estyl.pl\" \/>\n<meta property=\"article:published_time\" content=\"2015-12-08T15:43:39+00:00\" \/>\n<meta property=\"article:modified_time\" content=\"2019-11-28T09:32:23+00:00\" \/>\n<meta property=\"og:image\" content=\"https:\/\/estyl.pl\/blog\/wp-content\/uploads\/2015\/12\/JMO-lp.jpg\" \/>\n\t<meta property=\"og:image:width\" content=\"720\" \/>\n\t<meta property=\"og:image:height\" content=\"315\" \/>\n\t<meta property=\"og:image:type\" content=\"image\/jpeg\" \/>\n<meta name=\"author\" content=\"admin\" \/>\n<meta name=\"twitter:label1\" content=\"Napisane przez\" \/>\n\t<meta name=\"twitter:data1\" content=\"admin\" \/>\n\t<meta name=\"twitter:label2\" content=\"Szacowany czas czytania\" \/>\n\t<meta name=\"twitter:data2\" content=\"2 minuty\" \/>\n<script type=\"application\/ld+json\" class=\"yoast-schema-graph\">{\"@context\":\"https:\/\/schema.org\",\"@graph\":[{\"@type\":\"WebPage\",\"@id\":\"https:\/\/estyl.pl\/blog\/siedem-dni-dawania-i-swiatowe-marki-co-laczy-jedno-z-drugim\/\",\"url\":\"https:\/\/estyl.pl\/blog\/siedem-dni-dawania-i-swiatowe-marki-co-laczy-jedno-z-drugim\/\",\"name\":\"Siedem dni dawania w Estyl.pl\",\"isPartOf\":{\"@id\":\"https:\/\/estyl.pl\/blog\/#website\"},\"datePublished\":\"2015-12-08T15:43:39+00:00\",\"dateModified\":\"2019-11-28T09:32:23+00:00\",\"author\":{\"@id\":\"https:\/\/estyl.pl\/blog\/#\/schema\/person\/22fff2064045ce23be580e18ca255220\"},\"description\":\"Siedem dni dawania\",\"breadcrumb\":{\"@id\":\"https:\/\/estyl.pl\/blog\/siedem-dni-dawania-i-swiatowe-marki-co-laczy-jedno-z-drugim\/#breadcrumb\"},\"inLanguage\":\"pl-PL\",\"potentialAction\":[{\"@type\":\"ReadAction\",\"target\":[\"https:\/\/estyl.pl\/blog\/siedem-dni-dawania-i-swiatowe-marki-co-laczy-jedno-z-drugim\/\"]}]},{\"@type\":\"BreadcrumbList\",\"@id\":\"https:\/\/estyl.pl\/blog\/siedem-dni-dawania-i-swiatowe-marki-co-laczy-jedno-z-drugim\/#breadcrumb\",\"itemListElement\":[{\"@type\":\"ListItem\",\"position\":1,\"name\":\"Piel\u0119gnacja w\u0142os\u00f3w\",\"item\":\"https:\/\/estyl.pl\/blog\/pielegnacja-wlosow\/\"},{\"@type\":\"ListItem\",\"position\":2,\"name\":\"Siedem Dni Dawania i \u015bwiatowe marki &#8211; co \u0142\u0105czy jedno z drugim?\"}]},{\"@type\":\"WebSite\",\"@id\":\"https:\/\/estyl.pl\/blog\/#website\",\"url\":\"https:\/\/estyl.pl\/blog\/\",\"name\":\"Blog | Estyl.pl\",\"description\":\"Kosmetyki do w\u0142os\u00f3w, porady, piel\u0119gnacja, stylizacja\",\"potentialAction\":[{\"@type\":\"SearchAction\",\"target\":{\"@type\":\"EntryPoint\",\"urlTemplate\":\"https:\/\/estyl.pl\/blog\/?s={search_term_string}\"},\"query-input\":\"required name=search_term_string\"}],\"inLanguage\":\"pl-PL\"},{\"@type\":\"Person\",\"@id\":\"https:\/\/estyl.pl\/blog\/#\/schema\/person\/22fff2064045ce23be580e18ca255220\",\"name\":\"admin\",\"url\":\"https:\/\/estyl.pl\/blog\/author\/admin\/\"}]}<\/script>\n<!-- \/ Yoast SEO plugin. -->","yoast_head_json":{"title":"Siedem dni dawania w Estyl.pl","description":"Siedem dni dawania","robots":{"index":"index","follow":"follow","max-snippet":"max-snippet:-1","max-image-preview":"max-image-preview:large","max-video-preview":"max-video-preview:-1"},"canonical":"https:\/\/estyl.pl\/blog\/siedem-dni-dawania-i-swiatowe-marki-co-laczy-jedno-z-drugim\/","og_locale":"pl_PL","og_type":"article","og_title":"Siedem dni dawania w Estyl.pl","og_description":"Siedem dni dawania","og_url":"https:\/\/estyl.pl\/blog\/siedem-dni-dawania-i-swiatowe-marki-co-laczy-jedno-z-drugim\/","og_site_name":"Blog | Estyl.pl","article_published_time":"2015-12-08T15:43:39+00:00","article_modified_time":"2019-11-28T09:32:23+00:00","og_image":[{"width":720,"height":315,"url":"https:\/\/estyl.pl\/blog\/wp-content\/uploads\/2015\/12\/JMO-lp.jpg","type":"image\/jpeg"}],"author":"admin","twitter_misc":{"Napisane przez":"admin","Szacowany czas czytania":"2 minuty"},"schema":{"@context":"https:\/\/schema.org","@graph":[{"@type":"WebPage","@id":"https:\/\/estyl.pl\/blog\/siedem-dni-dawania-i-swiatowe-marki-co-laczy-jedno-z-drugim\/","url":"https:\/\/estyl.pl\/blog\/siedem-dni-dawania-i-swiatowe-marki-co-laczy-jedno-z-drugim\/","name":"Siedem dni dawania w Estyl.pl","isPartOf":{"@id":"https:\/\/estyl.pl\/blog\/#website"},"datePublished":"2015-12-08T15:43:39+00:00","dateModified":"2019-11-28T09:32:23+00:00","author":{"@id":"https:\/\/estyl.pl\/blog\/#\/schema\/person\/22fff2064045ce23be580e18ca255220"},"description":"Siedem dni dawania","breadcrumb":{"@id":"https:\/\/estyl.pl\/blog\/siedem-dni-dawania-i-swiatowe-marki-co-laczy-jedno-z-drugim\/#breadcrumb"},"inLanguage":"pl-PL","potentialAction":[{"@type":"ReadAction","target":["https:\/\/estyl.pl\/blog\/siedem-dni-dawania-i-swiatowe-marki-co-laczy-jedno-z-drugim\/"]}]},{"@type":"BreadcrumbList","@id":"https:\/\/estyl.pl\/blog\/siedem-dni-dawania-i-swiatowe-marki-co-laczy-jedno-z-drugim\/#breadcrumb","itemListElement":[{"@type":"ListItem","position":1,"name":"Piel\u0119gnacja w\u0142os\u00f3w","item":"https:\/\/estyl.pl\/blog\/pielegnacja-wlosow\/"},{"@type":"ListItem","position":2,"name":"Siedem Dni Dawania i \u015bwiatowe marki &#8211; co \u0142\u0105czy jedno z drugim?"}]},{"@type":"WebSite","@id":"https:\/\/estyl.pl\/blog\/#website","url":"https:\/\/estyl.pl\/blog\/","name":"Blog | Estyl.pl","description":"Kosmetyki do w\u0142os\u00f3w, porady, piel\u0119gnacja, stylizacja","potentialAction":[{"@type":"SearchAction","target":{"@type":"EntryPoint","urlTemplate":"https:\/\/estyl.pl\/blog\/?s={search_term_string}"},"query-input":"required name=search_term_string"}],"inLanguage":"pl-PL"},{"@type":"Person","@id":"https:\/\/estyl.pl\/blog\/#\/schema\/person\/22fff2064045ce23be580e18ca255220","name":"admin","url":"https:\/\/estyl.pl\/blog\/author\/admin\/"}]}},"_links":{"self":[{"href":"https:\/\/estyl.pl\/blog\/wp-json\/wp\/v2\/posts\/27914"}],"collection":[{"href":"https:\/\/estyl.pl\/blog\/wp-json\/wp\/v2\/posts"}],"about":[{"href":"https:\/\/estyl.pl\/blog\/wp-json\/wp\/v2\/types\/post"}],"author":[{"embeddable":true,"href":"https:\/\/estyl.pl\/blog\/wp-json\/wp\/v2\/users\/1"}],"replies":[{"embeddable":true,"href":"https:\/\/estyl.pl\/blog\/wp-json\/wp\/v2\/comments?post=27914"}],"version-history":[{"count":20,"href":"https:\/\/estyl.pl\/blog\/wp-json\/wp\/v2\/posts\/27914\/revisions"}],"predecessor-version":[{"id":35504,"href":"https:\/\/estyl.pl\/blog\/wp-json\/wp\/v2\/posts\/27914\/revisions\/35504"}],"wp:featuredmedia":[{"embeddable":true,"href":"https:\/\/estyl.pl\/blog\/wp-json\/wp\/v2\/media\/27918"}],"wp:attachment":[{"href":"https:\/\/estyl.pl\/blog\/wp-json\/wp\/v2\/media?parent=27914"}],"wp:term":[{"taxonomy":"category","embeddable":true,"href":"https:\/\/estyl.pl\/blog\/wp-json\/wp\/v2\/categories?post=27914"},{"taxonomy":"post_tag","embeddable":true,"href":"https:\/\/estyl.pl\/blog\/wp-json\/wp\/v2\/tags?post=27914"}],"curies":[{"name":"wp","href":"https:\/\/api.w.org\/{rel}","templated":true}]}}