{"id":27947,"date":"2015-12-11T11:50:05","date_gmt":"2015-12-11T09:50:05","guid":{"rendered":"https:\/\/estyl.pl\/blog\/?p=27947"},"modified":"2020-02-10T14:42:43","modified_gmt":"2020-02-10T12:42:43","slug":"zapraszamy-na-terapie-z-kerastase","status":"publish","type":"post","link":"https:\/\/estyl.pl\/blog\/zapraszamy-na-terapie-z-kerastase\/","title":{"rendered":"Zapraszamy na terapi\u0119 z K\u00e9rastase"},"content":{"rendered":"<p><span style=\"font-weight: 400;\">Lubimy by\u0107 modne, mie\u0107 swoje pasje, spotyka\u0107 si\u0119 ze znajomymi, ale chyba jeszcze bardziej lubimy chodzi\u0107 do fryzjera. Czas relaksu i \u015bwietny wygl\u0105d to pewno\u015b\u0107 udanego dnia.\u00a0<\/span>Oczywi\u015bcie istnieje ryzyko, \u017ce podczas wizyty p\u00f3jdzie co\u015b nie tak&#8230; Bo fryzjer mia\u0142 z\u0142y dzie\u0144, bo my nie by\u0142y\u015bmy pewne co do zmian.\u00a0<strong><span style=\"font-weight: 400;\">Jednak, czy opr\u00f3cz wizyt zastanawiamy si\u0119 nad codzienn\u0105 piel\u0119gnacj\u0105 w\u0142os\u00f3w? Zbyt cz\u0119ste zabiegi nie s\u0105 dobrym pomys\u0142em, ale przecie\u017c to lubimy. Dlatego podpowiadam, jak dba\u0107 o <a href=\"https:\/\/estyl.pl\/wlosy\" data-internallinksmanager029f6b8e52c=\"2\" title=\"w\u0142osy\">w\u0142osy<\/a>, aby by\u0142y zdrowe i silne. Zanim to zrobi\u0119, zabieram Ci\u0119 na terapi\u0119 \ud83d\ude42<\/span><\/strong><\/p>\n<p><!--more--><\/p>\n<p><iframe loading=\"lazy\" width=\"500\" height=\"281\" src=\"https:\/\/www.youtube.com\/embed\/ECrvMRuaRtU?feature=oembed\" frameborder=\"0\" allow=\"accelerometer; autoplay; encrypted-media; gyroscope; picture-in-picture\" allowfullscreen><\/iframe><\/p>\n<p><span style=\"font-weight: 400;\">Jestem przekonana, \u017ce nie raz i nie dwa chcia\u0142a\u015b odm\u00f3wi\u0107 farbowania, zrobienia ombre. Ju\u017c nie wspomn\u0119 o lokach czy prostowaniu. Maj\u0105c z ty\u0142u g\u0142owy szkodliwo\u015b\u0107 takich zabieg\u00f3w &#8211; nie potrafimy si\u0119 powstrzyma\u0107. No ale we\u017a cz\u0142owieku odm\u00f3w, jak randka za pi\u0119\u0107 minut, urodziny taty czy zbli\u017caj\u0105ce si\u0119 \u015bwi\u0119ta. Jak wida\u0107 czasami to nie mo\u017cliwe! <\/span><\/p>\n<p><span style=\"font-weight: 400;\">Uspokajam, jest na to spos\u00f3b &#8211; kosmetyki K\u00e9rastase. L<\/span><span style=\"font-weight: 400;\">inia <\/span><b><a href=\"https:\/\/estyl.pl\/marka\/kerastase\/resistance\" target=\"_blank\">R\u00e9sistance Th\u00e9rapiste<\/a>, <\/b><span style=\"font-weight: 400;\">kt\u00f3ra zosta\u0142a pokazana na filmiku<\/span> <span style=\"font-weight: 400;\">jest przeznaczona dla uszkodzonych w\u0142os\u00f3w. \u00a0Gama produkt\u00f3w sk\u0142ada si\u0119 z wielu rodzaj\u00f3w, dlatego wymieni\u0119 kilka:<\/span><\/p>\n<ul>\n<li><a href=\"https:\/\/estyl.pl\/kerastase-therapiste-soin-odzywka-do-wlosow-bardzo-zniszczonych-200ml\" target=\"_blank\"><b>Od\u017cywki przed K\u0105piel\u0105 Th\u00e9rapiste<\/b><\/a><span style=\"font-weight: 400;\">, <\/span><\/li>\n<li><a href=\"https:\/\/estyl.pl\/kerastase-therapiste-bain-kapiel-do-wlosow-bardzo-zniszczonych-250ml\" target=\"_blank\"><b>K\u0105pieli Th\u00e9rapiste<\/b><\/a><span style=\"font-weight: 400;\">,<\/span><\/li>\n<li><a href=\"https:\/\/estyl.pl\/kerastase-therapiste-maska-do-wlosow-bardzo-zniszczonych-200ml\" target=\"_blank\"><b>Maski Th\u00e9rapiste<\/b><\/a><span style=\"font-weight: 400;\"> oraz <\/span><a href=\"https:\/\/estyl.pl\/kerastase-therapiste-3-4-serum-odbudowujace-do-bardzo-zniszczonych-koncowek-30ml\" target=\"_blank\"><b>Serum Th\u00e9rapiste<\/b><\/a><span style=\"font-weight: 400;\">. <\/span><\/li>\n<\/ul>\n<p>G\u0142\u00f3wne ich zadanie to odbudowa uszkodzonych, kruchych i \u00a0matowych w\u0142os\u00f3w. Zastan\u00f3wcie si\u0119 czy warto &#8211; moim zdaniem tak. \u00a0Nasuwa mi si\u0119 my\u015bl, po co nam pi\u0119kna sukienka jak w\u0142osy wygl\u0105daj\u0105 nijak? Gdy zasiadamy do sto\u0142u nikt nie skupia si\u0119 na ubraniu, ale na buzi, a co za tym idzie na w\u0142osach. Oczywi\u015bcie ubi\u00f3r jest wa\u017cny ale tylko dope\u0142nia nasz wygl\u0105d. Dlatego zach\u0119cam do przekonania si\u0119 na w\u0142asnych w\u0142osach!<\/p>\n<h3><b>Leszek Czajka &#8211; ambasador marki\u00a0K\u00e9rastase<\/b><\/h3>\n<p><span style=\"font-weight: 400;\">Leszek Czajka prowadzi instytut <a href=\"https:\/\/estyl.pl\/marka\/kerastase\" target=\"_blank\">K\u00e9rastase<\/a>\u00a0w Warszawie i jest dumnym polskim ambasadorem tej marki. Zrealizowa\u0142 wiele sesji <\/span><span style=\"font-weight: 400;\">zdj\u0119ciowych m.in. dla \u201eTw\u00f3j styl\u201d, \u201eUroda\u201d, \u201eElle\u201d, \u201eViva\u201d.\u00a0<\/span>Jego wywiady znajdziemy w miesi\u0119czniku \u201ePani\u201d. Zrealizowa\u0142 sw\u00f3j autorski program Salonowe Rewolucje.<\/p>\n<p><strong><span style=\"font-weight: 400;\">Kosmetyki K\u00e9rastase<\/span><span style=\"font-weight: 400;\">\u00a0<\/span><span style=\"font-weight: 400;\">jak sam twierdzi pozwalaj\u0105 mu na indywidualny program piel\u0119gnacji i s\u0105 dla Niego nieocenione oraz niezb\u0119dne, aby uzyska\u0107 spektakularn\u0105 jako\u015b\u0107 i wydoby\u0107 pi\u0119kno w\u0142osa.<\/span><\/strong><\/p>\n<p><strong><span style=\"font-weight: 400;\"><img decoding=\"async\" loading=\"lazy\" class=\"aligncenter size-full wp-image-27949\" src=\"https:\/\/estyl.pl\/blog\/wp-content\/uploads\/2015\/12\/Fluidealiste.jpg\" alt=\"Fluidealiste\" width=\"802\" height=\"512\" srcset=\"https:\/\/estyl.pl\/blog\/wp-content\/uploads\/2015\/12\/Fluidealiste.jpg 802w, https:\/\/estyl.pl\/blog\/wp-content\/uploads\/2015\/12\/Fluidealiste-300x192.jpg 300w, https:\/\/estyl.pl\/blog\/wp-content\/uploads\/2015\/12\/Fluidealiste-580x370.jpg 580w, https:\/\/estyl.pl\/blog\/wp-content\/uploads\/2015\/12\/Fluidealiste-755x482.jpg 755w, https:\/\/estyl.pl\/blog\/wp-content\/uploads\/2015\/12\/Fluidealiste-261x167.jpg 261w\" sizes=\"(max-width: 802px) 100vw, 802px\" \/><\/span><\/strong><\/p>\n<p style=\"text-align: center;\">\u0179r\u00f3d\u0142o: rouge18.com<\/p>\n<p><span style=\"font-weight: 400;\">Jak sam powiedzia\u0142: \u201c<\/span><i><span style=\"font-weight: 400;\">Marka K\u00e9rastase jest mark\u0105, z kt\u00f3r\u0105 zwi\u0105zany jestem od pocz\u0105tku jej istnienia na rynku polskim. Niew\u0105tpliwie jest to produkt luksusowy i tak te\u017c postrzegany jest przez klient\u00f3w jak i przeze mnie.\u00a0<\/span><\/i><i><span style=\"font-weight: 400;\">K\u0142ad\u0119 wielki nacisk na piel\u0119gnacj\u0119 w\u0142os\u00f3w i nie wyobra\u017cam sobie pracy w moim salonie bez posiadania kosmetyk\u00f3w tej marki.\u201d<\/span><\/i><\/p>\n<p><span style=\"font-weight: 400;\">\u0179r\u00f3d\u0142o: http:\/\/www.leszekczajka.com\/kerastase\/<\/span><\/p>\n<p><img decoding=\"async\" loading=\"lazy\" class=\"aligncenter size-full wp-image-27950\" src=\"https:\/\/estyl.pl\/blog\/wp-content\/uploads\/2015\/12\/dossier2.jpg\" alt=\"Leszek Czajka\" width=\"811\" height=\"550\" srcset=\"https:\/\/estyl.pl\/blog\/wp-content\/uploads\/2015\/12\/dossier2.jpg 811w, https:\/\/estyl.pl\/blog\/wp-content\/uploads\/2015\/12\/dossier2-220x150.jpg 220w, https:\/\/estyl.pl\/blog\/wp-content\/uploads\/2015\/12\/dossier2-300x203.jpg 300w, https:\/\/estyl.pl\/blog\/wp-content\/uploads\/2015\/12\/dossier2-580x393.jpg 580w, https:\/\/estyl.pl\/blog\/wp-content\/uploads\/2015\/12\/dossier2-755x512.jpg 755w, https:\/\/estyl.pl\/blog\/wp-content\/uploads\/2015\/12\/dossier2-261x177.jpg 261w\" sizes=\"(max-width: 811px) 100vw, 811px\" \/><\/p>\n<p style=\"text-align: center;\">\u0179r\u00f3d\u0142o: leszekczajka.com<\/p>\n<p><span style=\"font-weight: 400;\">Leszek Czajka nie wyobra\u017ca sobie pracy bez K\u00e9rastase, a mo\u017ce Ty nie wyobra\u017casz sobie piel\u0119gnacji bez tych kosmetyk\u00f3w? Albo chcesz si\u0119 przekona\u0107 jak to jest mie\u0107 pi\u0119kne, zdrowe w\u0142osy?<\/span><\/p>\n<p>Nasz festiwal 7 Dni Dawania, jest doskona\u0142\u0105 okazj\u0105 aby uzupe\u0142ni\u0107 zapasy lub rozpocz\u0105\u0107 magiczn\u0105 terapi\u0119.<\/p>\n<p>&nbsp;<\/p>\n<p>&nbsp;<\/p>\n","protected":false},"excerpt":{"rendered":"<p>Lubimy by\u0107 modne, mie\u0107 swoje pasje, spotyka\u0107 si\u0119 ze znajomymi, ale chyba jeszcze bardziej lubimy chodzi\u0107 do fryzjera. Czas relaksu i \u015bwietny wygl\u0105d to pewno\u015b\u0107 udanego dnia.\u00a0Oczywi\u015bcie istnieje ryzyko, \u017ce podczas wizyty p\u00f3jdzie co\u015b nie tak&#8230; Bo fryzjer mia\u0142 z\u0142y dzie\u0144, bo my nie by\u0142y\u015bmy pewne co do zmian.\u00a0Jednak, czy opr\u00f3cz wizyt zastanawiamy si\u0119 nad [&hellip;]<\/p>\n","protected":false},"author":23,"featured_media":27953,"comment_status":"open","ping_status":"closed","sticky":false,"template":"","format":"standard","meta":{"_eb_attr":""},"categories":[4,5],"tags":[582,38,2424,2425,283],"acf":[],"yoast_head":"<!-- This site is optimized with the Yoast SEO plugin v20.8 - https:\/\/yoast.com\/wordpress\/plugins\/seo\/ -->\n<title>Zapraszamy na terapi\u0119 z seri\u0105 Kerastase Therapiste<\/title>\n<meta name=\"description\" content=\"Zapraszamy na terapi\u0119 z seri\u0105 Kerastase Therapiste\" \/>\n<meta name=\"robots\" content=\"index, follow, max-snippet:-1, max-image-preview:large, max-video-preview:-1\" \/>\n<link rel=\"canonical\" href=\"https:\/\/estyl.pl\/blog\/zapraszamy-na-terapie-z-kerastase\/\" \/>\n<meta property=\"og:locale\" content=\"pl_PL\" \/>\n<meta property=\"og:type\" content=\"article\" \/>\n<meta property=\"og:title\" content=\"Zapraszamy na terapi\u0119 z seri\u0105 Kerastase Therapiste\" \/>\n<meta property=\"og:description\" content=\"Zapraszamy na terapi\u0119 z seri\u0105 Kerastase Therapiste\" \/>\n<meta property=\"og:url\" content=\"https:\/\/estyl.pl\/blog\/zapraszamy-na-terapie-z-kerastase\/\" \/>\n<meta property=\"og:site_name\" content=\"Blog | Estyl.pl\" \/>\n<meta property=\"article:author\" content=\"kdrogowskakwasnik\" \/>\n<meta property=\"article:published_time\" content=\"2015-12-11T09:50:05+00:00\" \/>\n<meta property=\"article:modified_time\" content=\"2020-02-10T12:42:43+00:00\" \/>\n<meta property=\"og:image\" content=\"https:\/\/estyl.pl\/blog\/wp-content\/uploads\/2015\/12\/estyl_7dni_kerastase_blog_755x315.jpg\" \/>\n\t<meta property=\"og:image:width\" content=\"755\" \/>\n\t<meta property=\"og:image:height\" content=\"315\" \/>\n\t<meta property=\"og:image:type\" content=\"image\/jpeg\" \/>\n<meta name=\"author\" content=\"Karolina\" \/>\n<meta name=\"twitter:label1\" content=\"Napisane przez\" \/>\n\t<meta name=\"twitter:data1\" content=\"Karolina\" \/>\n\t<meta name=\"twitter:label2\" content=\"Szacowany czas czytania\" \/>\n\t<meta name=\"twitter:data2\" content=\"3 minuty\" \/>\n<script type=\"application\/ld+json\" class=\"yoast-schema-graph\">{\"@context\":\"https:\/\/schema.org\",\"@graph\":[{\"@type\":\"WebPage\",\"@id\":\"https:\/\/estyl.pl\/blog\/zapraszamy-na-terapie-z-kerastase\/\",\"url\":\"https:\/\/estyl.pl\/blog\/zapraszamy-na-terapie-z-kerastase\/\",\"name\":\"Zapraszamy na terapi\u0119 z seri\u0105 Kerastase Therapiste\",\"isPartOf\":{\"@id\":\"https:\/\/estyl.pl\/blog\/#website\"},\"datePublished\":\"2015-12-11T09:50:05+00:00\",\"dateModified\":\"2020-02-10T12:42:43+00:00\",\"author\":{\"@id\":\"https:\/\/estyl.pl\/blog\/#\/schema\/person\/debe1fb907542b5dc82bccc2029e474f\"},\"description\":\"Zapraszamy na terapi\u0119 z seri\u0105 Kerastase Therapiste\",\"breadcrumb\":{\"@id\":\"https:\/\/estyl.pl\/blog\/zapraszamy-na-terapie-z-kerastase\/#breadcrumb\"},\"inLanguage\":\"pl-PL\",\"potentialAction\":[{\"@type\":\"ReadAction\",\"target\":[\"https:\/\/estyl.pl\/blog\/zapraszamy-na-terapie-z-kerastase\/\"]}]},{\"@type\":\"BreadcrumbList\",\"@id\":\"https:\/\/estyl.pl\/blog\/zapraszamy-na-terapie-z-kerastase\/#breadcrumb\",\"itemListElement\":[{\"@type\":\"ListItem\",\"position\":1,\"name\":\"Piel\u0119gnacja w\u0142os\u00f3w\",\"item\":\"https:\/\/estyl.pl\/blog\/pielegnacja-wlosow\/\"},{\"@type\":\"ListItem\",\"position\":2,\"name\":\"Zapraszamy na terapi\u0119 z K\u00e9rastase\"}]},{\"@type\":\"WebSite\",\"@id\":\"https:\/\/estyl.pl\/blog\/#website\",\"url\":\"https:\/\/estyl.pl\/blog\/\",\"name\":\"Blog | Estyl.pl\",\"description\":\"Kosmetyki do w\u0142os\u00f3w, porady, piel\u0119gnacja, stylizacja\",\"potentialAction\":[{\"@type\":\"SearchAction\",\"target\":{\"@type\":\"EntryPoint\",\"urlTemplate\":\"https:\/\/estyl.pl\/blog\/?s={search_term_string}\"},\"query-input\":\"required name=search_term_string\"}],\"inLanguage\":\"pl-PL\"},{\"@type\":\"Person\",\"@id\":\"https:\/\/estyl.pl\/blog\/#\/schema\/person\/debe1fb907542b5dc82bccc2029e474f\",\"name\":\"Karolina\",\"description\":\"Absolwentka kosmetologii i dietetyki na \u015al\u0105skiej Wy\u017cszej Szkole Medycznej w Katowicach. Ze sklepem Estyl.pl zwi\u0105zana od wielu lat. Wiedz\u0119 na temat produkt\u00f3w zebra\u0142a pracuj\u0105c w sklepie stacjonanym w Katowicach. Aktualnie pracuje jako copywriter, co daje jej du\u017co satysfakcji. Uwielbia testowa\u0107 nowe kosmetyki.\",\"sameAs\":[\"kdrogowskakwasnik\"],\"url\":\"https:\/\/estyl.pl\/blog\/author\/k-mistalsiekiera\/\"}]}<\/script>\n<!-- \/ Yoast SEO plugin. -->","yoast_head_json":{"title":"Zapraszamy na terapi\u0119 z seri\u0105 Kerastase Therapiste","description":"Zapraszamy na terapi\u0119 z seri\u0105 Kerastase Therapiste","robots":{"index":"index","follow":"follow","max-snippet":"max-snippet:-1","max-image-preview":"max-image-preview:large","max-video-preview":"max-video-preview:-1"},"canonical":"https:\/\/estyl.pl\/blog\/zapraszamy-na-terapie-z-kerastase\/","og_locale":"pl_PL","og_type":"article","og_title":"Zapraszamy na terapi\u0119 z seri\u0105 Kerastase Therapiste","og_description":"Zapraszamy na terapi\u0119 z seri\u0105 Kerastase Therapiste","og_url":"https:\/\/estyl.pl\/blog\/zapraszamy-na-terapie-z-kerastase\/","og_site_name":"Blog | Estyl.pl","article_author":"kdrogowskakwasnik","article_published_time":"2015-12-11T09:50:05+00:00","article_modified_time":"2020-02-10T12:42:43+00:00","og_image":[{"width":755,"height":315,"url":"https:\/\/estyl.pl\/blog\/wp-content\/uploads\/2015\/12\/estyl_7dni_kerastase_blog_755x315.jpg","type":"image\/jpeg"}],"author":"Karolina","twitter_misc":{"Napisane przez":"Karolina","Szacowany czas czytania":"3 minuty"},"schema":{"@context":"https:\/\/schema.org","@graph":[{"@type":"WebPage","@id":"https:\/\/estyl.pl\/blog\/zapraszamy-na-terapie-z-kerastase\/","url":"https:\/\/estyl.pl\/blog\/zapraszamy-na-terapie-z-kerastase\/","name":"Zapraszamy na terapi\u0119 z seri\u0105 Kerastase Therapiste","isPartOf":{"@id":"https:\/\/estyl.pl\/blog\/#website"},"datePublished":"2015-12-11T09:50:05+00:00","dateModified":"2020-02-10T12:42:43+00:00","author":{"@id":"https:\/\/estyl.pl\/blog\/#\/schema\/person\/debe1fb907542b5dc82bccc2029e474f"},"description":"Zapraszamy na terapi\u0119 z seri\u0105 Kerastase Therapiste","breadcrumb":{"@id":"https:\/\/estyl.pl\/blog\/zapraszamy-na-terapie-z-kerastase\/#breadcrumb"},"inLanguage":"pl-PL","potentialAction":[{"@type":"ReadAction","target":["https:\/\/estyl.pl\/blog\/zapraszamy-na-terapie-z-kerastase\/"]}]},{"@type":"BreadcrumbList","@id":"https:\/\/estyl.pl\/blog\/zapraszamy-na-terapie-z-kerastase\/#breadcrumb","itemListElement":[{"@type":"ListItem","position":1,"name":"Piel\u0119gnacja w\u0142os\u00f3w","item":"https:\/\/estyl.pl\/blog\/pielegnacja-wlosow\/"},{"@type":"ListItem","position":2,"name":"Zapraszamy na terapi\u0119 z K\u00e9rastase"}]},{"@type":"WebSite","@id":"https:\/\/estyl.pl\/blog\/#website","url":"https:\/\/estyl.pl\/blog\/","name":"Blog | Estyl.pl","description":"Kosmetyki do w\u0142os\u00f3w, porady, piel\u0119gnacja, stylizacja","potentialAction":[{"@type":"SearchAction","target":{"@type":"EntryPoint","urlTemplate":"https:\/\/estyl.pl\/blog\/?s={search_term_string}"},"query-input":"required name=search_term_string"}],"inLanguage":"pl-PL"},{"@type":"Person","@id":"https:\/\/estyl.pl\/blog\/#\/schema\/person\/debe1fb907542b5dc82bccc2029e474f","name":"Karolina","description":"Absolwentka kosmetologii i dietetyki na \u015al\u0105skiej Wy\u017cszej Szkole Medycznej w Katowicach. Ze sklepem Estyl.pl zwi\u0105zana od wielu lat. Wiedz\u0119 na temat produkt\u00f3w zebra\u0142a pracuj\u0105c w sklepie stacjonanym w Katowicach. Aktualnie pracuje jako copywriter, co daje jej du\u017co satysfakcji. Uwielbia testowa\u0107 nowe kosmetyki.","sameAs":["kdrogowskakwasnik"],"url":"https:\/\/estyl.pl\/blog\/author\/k-mistalsiekiera\/"}]}},"_links":{"self":[{"href":"https:\/\/estyl.pl\/blog\/wp-json\/wp\/v2\/posts\/27947"}],"collection":[{"href":"https:\/\/estyl.pl\/blog\/wp-json\/wp\/v2\/posts"}],"about":[{"href":"https:\/\/estyl.pl\/blog\/wp-json\/wp\/v2\/types\/post"}],"author":[{"embeddable":true,"href":"https:\/\/estyl.pl\/blog\/wp-json\/wp\/v2\/users\/23"}],"replies":[{"embeddable":true,"href":"https:\/\/estyl.pl\/blog\/wp-json\/wp\/v2\/comments?post=27947"}],"version-history":[{"count":13,"href":"https:\/\/estyl.pl\/blog\/wp-json\/wp\/v2\/posts\/27947\/revisions"}],"predecessor-version":[{"id":36079,"href":"https:\/\/estyl.pl\/blog\/wp-json\/wp\/v2\/posts\/27947\/revisions\/36079"}],"wp:featuredmedia":[{"embeddable":true,"href":"https:\/\/estyl.pl\/blog\/wp-json\/wp\/v2\/media\/27953"}],"wp:attachment":[{"href":"https:\/\/estyl.pl\/blog\/wp-json\/wp\/v2\/media?parent=27947"}],"wp:term":[{"taxonomy":"category","embeddable":true,"href":"https:\/\/estyl.pl\/blog\/wp-json\/wp\/v2\/categories?post=27947"},{"taxonomy":"post_tag","embeddable":true,"href":"https:\/\/estyl.pl\/blog\/wp-json\/wp\/v2\/tags?post=27947"}],"curies":[{"name":"wp","href":"https:\/\/api.w.org\/{rel}","templated":true}]}}