{"id":28337,"date":"2016-04-25T08:00:37","date_gmt":"2016-04-25T06:00:37","guid":{"rendered":"https:\/\/estyl.pl\/blog\/?p=28337"},"modified":"2018-03-06T22:13:48","modified_gmt":"2018-03-06T20:13:48","slug":"smokey-eye","status":"publish","type":"post","link":"https:\/\/estyl.pl\/blog\/smokey-eye\/","title":{"rendered":"Smoky eye"},"content":{"rendered":"<p style=\"text-align: left;\"><strong>WIOSENNY MAKIJA\u017b &#8211; TREND 2016<\/strong><\/p>\n<p style=\"text-align: left;\"><span style=\"font-weight: 400;\">Wiosn\u0105 nareszcie mo\u017cemy bezkarnie w ka\u017cdej wolnej chwili oddawa\u0107 si\u0119 relaksowi. Beztroskie wycieczki na rowerze, pyszne \u015bniadanie na balkonie czy notoryczny brak miejsc na si\u0142owni zawsze b\u0119dzie si\u0119 kojarzy\u0142o z nadej\u015bciem ciep\u0142ych dni. Tak jak wiele sytuacji jest powtarzalnych wraz z nadej\u015bciem wiosny tak smokey eye w makija\u017cu nigdy nie wyjdzie z mody.<\/span><\/p>\n<p><!--more--><\/p>\n<p>Ciemna oprawa oczu jest klasyczna i ponadczasowa. Zawsze i z ka\u017cdej sytuacji w takim makija\u017cu wyjdziesz obronn\u0105 r\u0119k\u0105. Jest to makija\u017c mocny, w kt\u00f3rym mo\u017ce wi\u0119kszo\u015b\u0107 kobiet nie czu\u0107 si\u0119 odpowiednio lecz uwierzcie, \u017ce pomimo swej mocy pasuje do ka\u017cdego typu twarzy. Wykonany w szaro\u015bciach to alternatywa do makija\u017cu dziennego. Natomiast na wieczorne wyj\u015bcia nie b\u00f3jcie si\u0119 si\u0119ga\u0107 po grafity i czernie, kt\u00f3re podkre\u015bl\u0105 oko.<\/p>\n<p><a href=\"http:\/\/estyl.pl\/makijaz?limit=all\" target=\"_blank\">Makija\u017c &#8211; ESTYL.PL<\/a><\/p>\n<h3><b>OKIEM KREATOR\u00d3W MODY<\/b><\/h3>\n<p><span style=\"font-weight: 400;\">Ci\u0119\u017cka oprawa oczu nigdy nie wyjdzie z mody. Pomimo licznych trend\u00f3w panuj\u0105cych na pokazach wiosna-lato 2016 mo\u017cemy znale\u017a\u0107 r\u00f3wnie\u017c makija\u017c smokey eye.<\/span><\/p>\n<p>&nbsp;<\/p>\n<p style=\"text-align: center;\"><strong>Diesel Black Gold\u00a0<\/strong><\/p>\n<p style=\"text-align: center;\"><span style=\"font-weight: 400;\">Smokey Eyes w l\u017cejszym wydaniu poprzez rozmazan\u0105 czarn\u0105 kresk\u0119 na powiece<\/span><\/p>\n<p style=\"text-align: center;\"><img decoding=\"async\" loading=\"lazy\" class=\"aligncenter wp-image-28338\" src=\"https:\/\/estyl.pl\/blog\/wp-content\/uploads\/2016\/04\/dieselblackgoldbeautyspringsummer2016nyfw11-580x870.jpg\" alt=\"dieselblackgoldbeautyspringsummer2016nyfw11\" width=\"420\" height=\"630\" srcset=\"https:\/\/estyl.pl\/blog\/wp-content\/uploads\/2016\/04\/dieselblackgoldbeautyspringsummer2016nyfw11-580x870.jpg 580w, https:\/\/estyl.pl\/blog\/wp-content\/uploads\/2016\/04\/dieselblackgoldbeautyspringsummer2016nyfw11-200x300.jpg 200w, https:\/\/estyl.pl\/blog\/wp-content\/uploads\/2016\/04\/dieselblackgoldbeautyspringsummer2016nyfw11-261x392.jpg 261w, https:\/\/estyl.pl\/blog\/wp-content\/uploads\/2016\/04\/dieselblackgoldbeautyspringsummer2016nyfw11.jpg 620w\" sizes=\"(max-width: 420px) 100vw, 420px\" \/><\/p>\n<p style=\"text-align: center;\">\u017ar\u00f3d\u0142o: fashionising.com<\/p>\n<p style=\"text-align: center;\"><strong>Julien Macdonald<\/strong><span style=\"font-weight: 400;\">\u00a0<\/span><\/p>\n<p style=\"text-align: center;\"><span style=\"font-weight: 400;\">Mocne smokey eye w po\u0142\u0105czeniu z delikatnym makija\u017cem twarzy sprawdza si\u0119 idealnie<\/span><\/p>\n<p style=\"text-align: center;\"><img decoding=\"async\" loading=\"lazy\" class=\"aligncenter wp-image-28341\" src=\"https:\/\/estyl.pl\/blog\/wp-content\/uploads\/2016\/04\/julien-macdonald-st-tropez.jpg\" alt=\"julien-macdonald-st-tropez\" width=\"420\" height=\"630\" srcset=\"https:\/\/estyl.pl\/blog\/wp-content\/uploads\/2016\/04\/julien-macdonald-st-tropez.jpg 480w, https:\/\/estyl.pl\/blog\/wp-content\/uploads\/2016\/04\/julien-macdonald-st-tropez-200x300.jpg 200w, https:\/\/estyl.pl\/blog\/wp-content\/uploads\/2016\/04\/julien-macdonald-st-tropez-261x392.jpg 261w\" sizes=\"(max-width: 420px) 100vw, 420px\" \/><\/p>\n<p style=\"text-align: center;\">\u017ar\u00f3d\u0142o: cosmopolitan.com<\/p>\n<p style=\"text-align: center;\"><span style=\"font-weight: 400;\"><strong>Diane von Furstenberg<\/strong>\u00a0<\/span><\/p>\n<p style=\"text-align: center;\"><span style=\"font-weight: 400;\">Delikatne, ale jak\u017ce eleganckie<\/span><\/p>\n<p style=\"text-align: center;\"><img decoding=\"async\" loading=\"lazy\" class=\"aligncenter wp-image-28340\" src=\"https:\/\/estyl.pl\/blog\/wp-content\/uploads\/2016\/04\/hbz-fw2015-trends-beauty-smoky-von-furstenberg-bks-a-rf15-8750.jpg\" alt=\"hbz-fw2015-trends-beauty-smoky-von-furstenberg-bks-a-rf15-8750\" width=\"420\" height=\"630\" srcset=\"https:\/\/estyl.pl\/blog\/wp-content\/uploads\/2016\/04\/hbz-fw2015-trends-beauty-smoky-von-furstenberg-bks-a-rf15-8750.jpg 480w, https:\/\/estyl.pl\/blog\/wp-content\/uploads\/2016\/04\/hbz-fw2015-trends-beauty-smoky-von-furstenberg-bks-a-rf15-8750-200x300.jpg 200w, https:\/\/estyl.pl\/blog\/wp-content\/uploads\/2016\/04\/hbz-fw2015-trends-beauty-smoky-von-furstenberg-bks-a-rf15-8750-261x392.jpg 261w\" sizes=\"(max-width: 420px) 100vw, 420px\" \/><\/p>\n<p style=\"text-align: center;\">\u017ar\u00f3d\u0142o:\u00a0harpersbazaar.com<\/p>\n<p style=\"text-align: center;\"><span style=\"font-weight: 400;\"><strong>Diane vof Furstenberg<\/strong>,<\/span><\/p>\n<p style=\"text-align: center;\"><span style=\"font-weight: 400;\">Co powiecie na br\u0105zowe smokye eye?<\/span><\/p>\n<p style=\"text-align: center;\"><img decoding=\"async\" loading=\"lazy\" class=\"aligncenter wp-image-28342\" src=\"https:\/\/estyl.pl\/blog\/wp-content\/uploads\/2016\/04\/Smokey-Eye-DvF.jpg\" alt=\"Smokey-Eye-DvF\" width=\"420\" height=\"630\" srcset=\"https:\/\/estyl.pl\/blog\/wp-content\/uploads\/2016\/04\/Smokey-Eye-DvF.jpg 1366w, https:\/\/estyl.pl\/blog\/wp-content\/uploads\/2016\/04\/Smokey-Eye-DvF-200x300.jpg 200w, https:\/\/estyl.pl\/blog\/wp-content\/uploads\/2016\/04\/Smokey-Eye-DvF-580x870.jpg 580w, https:\/\/estyl.pl\/blog\/wp-content\/uploads\/2016\/04\/Smokey-Eye-DvF-755x1132.jpg 755w, https:\/\/estyl.pl\/blog\/wp-content\/uploads\/2016\/04\/Smokey-Eye-DvF-261x391.jpg 261w\" sizes=\"(max-width: 420px) 100vw, 420px\" \/><\/p>\n<p style=\"text-align: center;\">\u017ar\u00f3d\u0142o:\u00a0fashionfilesmag.com<\/p>\n<h3><b>\u015aWIATOWE GAZETY I ICH PUNKT WIDZENIA FASHIONISING ORAZ COSMOPOLITAN<\/b><\/h3>\n<p><span style=\"font-weight: 400;\">O smokey eye pisa\u0142o ju\u017c przez lata wiele trendsetterskich magazyn\u00f3w. Dzisiaj par\u0119 s\u0142\u00f3w, kt\u00f3re uda\u0142o nam si\u0119 znale\u017a\u0107 w aktualnych magazynach m\u00f3wi\u0105ce o powy\u017cej opisanym trendzie.<\/span><\/p>\n<p><span style=\"font-weight: 400;\">Wg <\/span><b>Fashionising\u00a0<\/b><span style=\"font-weight: 400;\">ci\u0119\u017cka oprawa oczu jest pi\u0119knem ukazanym wiosn\u0105 2016 roku. Makija\u017c twarzy, kt\u00f3ry wygl\u0105dem przypomina, roz\u015bwietlon\u0105 zroszon\u0105 sk\u00f3r\u0119 jak trawa po rosie idealnie komponuje si\u0119 z ci\u0119\u017ck\u0105 opraw\u0105 oczu. Wszystko co musimy zrobi\u0107 to skupi\u0107 si\u0119 na oczach i doda\u0107 im czerni.<\/span><\/p>\n<p><b>Cosmopolitan <\/b><span style=\"font-weight: 400;\">potwierdza tez\u0119 powy\u017cszej przytoczonego przez nas magazynu. Po\u0142ysk supermodelki doskonale wed\u0142ug nich komponuje si\u0119 z intensywnym makija\u017cem oczu. Takim w\u0142a\u015bnie lookiem powinni\u015bmy si\u0119 inspirowa\u0107 przy tworzeniu makija\u017cu.<\/span><\/p>\n<p><span style=\"font-weight: 400;\">W <a href=\"http:\/\/estyl.pl\/makijaz\/f\/trend\/smoky_eye\"><span style=\"color: #333333;\"><strong>ESTYL.PL<\/strong><\/span><\/a> znajdziecie r\u00f3wnie\u017c produkty, kt\u00f3re pomog\u0105 Wam wykona\u0107 powy\u017cszy makija\u017c:<\/span><\/p>\n<p style=\"text-align: center;\"><strong>The Balm Smoke \u00a0&#8211; paleta do makija\u017cu oczu<\/strong><\/p>\n<p><a href=\"https:\/\/estyl.pl\/blog\/wp-content\/uploads\/2016\/04\/Smoke_NO1_681619803161.jpg\" target=\"_blank\" rel=\"lightbox[28337]\"><img decoding=\"async\" loading=\"lazy\" class=\"aligncenter wp-image-28440\" title=\"Smokey Eye\" src=\"https:\/\/estyl.pl\/blog\/wp-content\/uploads\/2016\/04\/Smoke_NO1_681619803161.jpg\" alt=\"Smoke_NO1_681619803161\" width=\"500\" height=\"210\" srcset=\"https:\/\/estyl.pl\/blog\/wp-content\/uploads\/2016\/04\/Smoke_NO1_681619803161.jpg 321w, https:\/\/estyl.pl\/blog\/wp-content\/uploads\/2016\/04\/Smoke_NO1_681619803161-300x126.jpg 300w, https:\/\/estyl.pl\/blog\/wp-content\/uploads\/2016\/04\/Smoke_NO1_681619803161-261x110.jpg 261w\" sizes=\"(max-width: 500px) 100vw, 500px\" \/><\/a><\/p>\n<p style=\"text-align: center;\"><strong>The Balm Smoke &#8211; druga propozycja smoke balm<\/strong><\/p>\n<p style=\"text-align: center;\"><a href=\"https:\/\/estyl.pl\/blog\/wp-content\/uploads\/2016\/04\/Smoke_NO2_681619803178.jpg\" target=\"_blank\" rel=\"lightbox[28337]\"><img decoding=\"async\" loading=\"lazy\" class=\"aligncenter wp-image-28441\" title=\"Smokey Eye\" src=\"https:\/\/estyl.pl\/blog\/wp-content\/uploads\/2016\/04\/Smoke_NO2_681619803178.jpg\" alt=\"Smoke_NO2_681619803178\" width=\"500\" height=\"223\" srcset=\"https:\/\/estyl.pl\/blog\/wp-content\/uploads\/2016\/04\/Smoke_NO2_681619803178.jpg 316w, https:\/\/estyl.pl\/blog\/wp-content\/uploads\/2016\/04\/Smoke_NO2_681619803178-300x134.jpg 300w, https:\/\/estyl.pl\/blog\/wp-content\/uploads\/2016\/04\/Smoke_NO2_681619803178-261x116.jpg 261w\" sizes=\"(max-width: 500px) 100vw, 500px\" \/><\/a><\/p>\n<p style=\"text-align: center;\"><a href=\"http:\/\/estyl.pl\/makijaz?limit=all\">Makija\u017c &#8211; ESTYL.PL<\/a><\/p>\n<p style=\"text-align: center;\">\n","protected":false},"excerpt":{"rendered":"<p>WIOSENNY MAKIJA\u017b &#8211; TREND 2016 Wiosn\u0105 nareszcie mo\u017cemy bezkarnie w ka\u017cdej wolnej chwili oddawa\u0107 si\u0119 relaksowi. Beztroskie wycieczki na rowerze, pyszne \u015bniadanie na balkonie czy notoryczny brak miejsc na si\u0142owni zawsze b\u0119dzie si\u0119 kojarzy\u0142o z nadej\u015bciem ciep\u0142ych dni. Tak jak wiele sytuacji jest powtarzalnych wraz z nadej\u015bciem wiosny tak smokey eye w makija\u017cu nigdy nie [&hellip;]<\/p>\n","protected":false},"author":23,"featured_media":29661,"comment_status":"open","ping_status":"closed","sticky":false,"template":"","format":"standard","meta":{"_eb_attr":""},"categories":[2091,2092,2094],"tags":[2456,2458,2457,2433,2455,2450,2447],"acf":[],"yoast_head":"<!-- This site is optimized with the Yoast SEO plugin v20.8 - https:\/\/yoast.com\/wordpress\/plugins\/seo\/ -->\n<title>Smoky eye - Blog | Estyl.pl<\/title>\n<meta name=\"description\" content=\"Nie b\u00f3j si\u0119 mocnego spojrzenia! Smoky eye to makija\u017c uniwersalny, kt\u00f3ry doskonale pasuje do ka\u017cdego. Inspiruj innych mocnym spojrzeniem kocich oczu.\" \/>\n<meta name=\"robots\" content=\"index, follow, max-snippet:-1, max-image-preview:large, max-video-preview:-1\" \/>\n<link rel=\"canonical\" href=\"https:\/\/estyl.pl\/blog\/smokey-eye\/\" \/>\n<meta property=\"og:locale\" content=\"pl_PL\" \/>\n<meta property=\"og:type\" content=\"article\" \/>\n<meta property=\"og:title\" content=\"Smoky eye - Blog | Estyl.pl\" \/>\n<meta property=\"og:description\" content=\"Nie b\u00f3j si\u0119 mocnego spojrzenia! Smoky eye to makija\u017c uniwersalny, kt\u00f3ry doskonale pasuje do ka\u017cdego. Inspiruj innych mocnym spojrzeniem kocich oczu.\" \/>\n<meta property=\"og:url\" content=\"https:\/\/estyl.pl\/blog\/smokey-eye\/\" \/>\n<meta property=\"og:site_name\" content=\"Blog | Estyl.pl\" \/>\n<meta property=\"article:author\" content=\"kdrogowskakwasnik\" \/>\n<meta property=\"article:published_time\" content=\"2016-04-25T06:00:37+00:00\" \/>\n<meta property=\"article:modified_time\" content=\"2018-03-06T20:13:48+00:00\" \/>\n<meta property=\"og:image\" content=\"https:\/\/estyl.pl\/blog\/wp-content\/uploads\/2016\/04\/maxresdefault-6.jpg\" \/>\n\t<meta property=\"og:image:width\" content=\"755\" \/>\n\t<meta property=\"og:image:height\" content=\"315\" \/>\n\t<meta property=\"og:image:type\" content=\"image\/jpeg\" \/>\n<meta name=\"author\" content=\"Karolina\" \/>\n<meta name=\"twitter:label1\" content=\"Napisane przez\" \/>\n\t<meta name=\"twitter:data1\" content=\"Karolina\" \/>\n\t<meta name=\"twitter:label2\" content=\"Szacowany czas czytania\" \/>\n\t<meta name=\"twitter:data2\" content=\"2 minuty\" \/>\n<script type=\"application\/ld+json\" class=\"yoast-schema-graph\">{\"@context\":\"https:\/\/schema.org\",\"@graph\":[{\"@type\":\"WebPage\",\"@id\":\"https:\/\/estyl.pl\/blog\/smokey-eye\/\",\"url\":\"https:\/\/estyl.pl\/blog\/smokey-eye\/\",\"name\":\"Smoky eye - Blog | Estyl.pl\",\"isPartOf\":{\"@id\":\"https:\/\/estyl.pl\/blog\/#website\"},\"datePublished\":\"2016-04-25T06:00:37+00:00\",\"dateModified\":\"2018-03-06T20:13:48+00:00\",\"author\":{\"@id\":\"https:\/\/estyl.pl\/blog\/#\/schema\/person\/debe1fb907542b5dc82bccc2029e474f\"},\"description\":\"Nie b\u00f3j si\u0119 mocnego spojrzenia! Smoky eye to makija\u017c uniwersalny, kt\u00f3ry doskonale pasuje do ka\u017cdego. Inspiruj innych mocnym spojrzeniem kocich oczu.\",\"breadcrumb\":{\"@id\":\"https:\/\/estyl.pl\/blog\/smokey-eye\/#breadcrumb\"},\"inLanguage\":\"pl-PL\",\"potentialAction\":[{\"@type\":\"ReadAction\",\"target\":[\"https:\/\/estyl.pl\/blog\/smokey-eye\/\"]}]},{\"@type\":\"BreadcrumbList\",\"@id\":\"https:\/\/estyl.pl\/blog\/smokey-eye\/#breadcrumb\",\"itemListElement\":[{\"@type\":\"ListItem\",\"position\":1,\"name\":\"Lifestyle\",\"item\":\"https:\/\/estyl.pl\/blog\/lifestyle-2\/\"},{\"@type\":\"ListItem\",\"position\":2,\"name\":\"Smoky eye\"}]},{\"@type\":\"WebSite\",\"@id\":\"https:\/\/estyl.pl\/blog\/#website\",\"url\":\"https:\/\/estyl.pl\/blog\/\",\"name\":\"Blog | Estyl.pl\",\"description\":\"Kosmetyki do w\u0142os\u00f3w, porady, piel\u0119gnacja, stylizacja\",\"potentialAction\":[{\"@type\":\"SearchAction\",\"target\":{\"@type\":\"EntryPoint\",\"urlTemplate\":\"https:\/\/estyl.pl\/blog\/?s={search_term_string}\"},\"query-input\":\"required name=search_term_string\"}],\"inLanguage\":\"pl-PL\"},{\"@type\":\"Person\",\"@id\":\"https:\/\/estyl.pl\/blog\/#\/schema\/person\/debe1fb907542b5dc82bccc2029e474f\",\"name\":\"Karolina\",\"description\":\"Absolwentka kosmetologii i dietetyki na \u015al\u0105skiej Wy\u017cszej Szkole Medycznej w Katowicach. Ze sklepem Estyl.pl zwi\u0105zana od wielu lat. Wiedz\u0119 na temat produkt\u00f3w zebra\u0142a pracuj\u0105c w sklepie stacjonanym w Katowicach. Aktualnie pracuje jako copywriter, co daje jej du\u017co satysfakcji. Uwielbia testowa\u0107 nowe kosmetyki.\",\"sameAs\":[\"kdrogowskakwasnik\"],\"url\":\"https:\/\/estyl.pl\/blog\/author\/k-mistalsiekiera\/\"}]}<\/script>\n<!-- \/ Yoast SEO plugin. -->","yoast_head_json":{"title":"Smoky eye - Blog | Estyl.pl","description":"Nie b\u00f3j si\u0119 mocnego spojrzenia! Smoky eye to makija\u017c uniwersalny, kt\u00f3ry doskonale pasuje do ka\u017cdego. Inspiruj innych mocnym spojrzeniem kocich oczu.","robots":{"index":"index","follow":"follow","max-snippet":"max-snippet:-1","max-image-preview":"max-image-preview:large","max-video-preview":"max-video-preview:-1"},"canonical":"https:\/\/estyl.pl\/blog\/smokey-eye\/","og_locale":"pl_PL","og_type":"article","og_title":"Smoky eye - Blog | Estyl.pl","og_description":"Nie b\u00f3j si\u0119 mocnego spojrzenia! Smoky eye to makija\u017c uniwersalny, kt\u00f3ry doskonale pasuje do ka\u017cdego. Inspiruj innych mocnym spojrzeniem kocich oczu.","og_url":"https:\/\/estyl.pl\/blog\/smokey-eye\/","og_site_name":"Blog | Estyl.pl","article_author":"kdrogowskakwasnik","article_published_time":"2016-04-25T06:00:37+00:00","article_modified_time":"2018-03-06T20:13:48+00:00","og_image":[{"width":755,"height":315,"url":"https:\/\/estyl.pl\/blog\/wp-content\/uploads\/2016\/04\/maxresdefault-6.jpg","type":"image\/jpeg"}],"author":"Karolina","twitter_misc":{"Napisane przez":"Karolina","Szacowany czas czytania":"2 minuty"},"schema":{"@context":"https:\/\/schema.org","@graph":[{"@type":"WebPage","@id":"https:\/\/estyl.pl\/blog\/smokey-eye\/","url":"https:\/\/estyl.pl\/blog\/smokey-eye\/","name":"Smoky eye - Blog | Estyl.pl","isPartOf":{"@id":"https:\/\/estyl.pl\/blog\/#website"},"datePublished":"2016-04-25T06:00:37+00:00","dateModified":"2018-03-06T20:13:48+00:00","author":{"@id":"https:\/\/estyl.pl\/blog\/#\/schema\/person\/debe1fb907542b5dc82bccc2029e474f"},"description":"Nie b\u00f3j si\u0119 mocnego spojrzenia! Smoky eye to makija\u017c uniwersalny, kt\u00f3ry doskonale pasuje do ka\u017cdego. Inspiruj innych mocnym spojrzeniem kocich oczu.","breadcrumb":{"@id":"https:\/\/estyl.pl\/blog\/smokey-eye\/#breadcrumb"},"inLanguage":"pl-PL","potentialAction":[{"@type":"ReadAction","target":["https:\/\/estyl.pl\/blog\/smokey-eye\/"]}]},{"@type":"BreadcrumbList","@id":"https:\/\/estyl.pl\/blog\/smokey-eye\/#breadcrumb","itemListElement":[{"@type":"ListItem","position":1,"name":"Lifestyle","item":"https:\/\/estyl.pl\/blog\/lifestyle-2\/"},{"@type":"ListItem","position":2,"name":"Smoky eye"}]},{"@type":"WebSite","@id":"https:\/\/estyl.pl\/blog\/#website","url":"https:\/\/estyl.pl\/blog\/","name":"Blog | Estyl.pl","description":"Kosmetyki do w\u0142os\u00f3w, porady, piel\u0119gnacja, stylizacja","potentialAction":[{"@type":"SearchAction","target":{"@type":"EntryPoint","urlTemplate":"https:\/\/estyl.pl\/blog\/?s={search_term_string}"},"query-input":"required name=search_term_string"}],"inLanguage":"pl-PL"},{"@type":"Person","@id":"https:\/\/estyl.pl\/blog\/#\/schema\/person\/debe1fb907542b5dc82bccc2029e474f","name":"Karolina","description":"Absolwentka kosmetologii i dietetyki na \u015al\u0105skiej Wy\u017cszej Szkole Medycznej w Katowicach. Ze sklepem Estyl.pl zwi\u0105zana od wielu lat. Wiedz\u0119 na temat produkt\u00f3w zebra\u0142a pracuj\u0105c w sklepie stacjonanym w Katowicach. Aktualnie pracuje jako copywriter, co daje jej du\u017co satysfakcji. Uwielbia testowa\u0107 nowe kosmetyki.","sameAs":["kdrogowskakwasnik"],"url":"https:\/\/estyl.pl\/blog\/author\/k-mistalsiekiera\/"}]}},"_links":{"self":[{"href":"https:\/\/estyl.pl\/blog\/wp-json\/wp\/v2\/posts\/28337"}],"collection":[{"href":"https:\/\/estyl.pl\/blog\/wp-json\/wp\/v2\/posts"}],"about":[{"href":"https:\/\/estyl.pl\/blog\/wp-json\/wp\/v2\/types\/post"}],"author":[{"embeddable":true,"href":"https:\/\/estyl.pl\/blog\/wp-json\/wp\/v2\/users\/23"}],"replies":[{"embeddable":true,"href":"https:\/\/estyl.pl\/blog\/wp-json\/wp\/v2\/comments?post=28337"}],"version-history":[{"count":21,"href":"https:\/\/estyl.pl\/blog\/wp-json\/wp\/v2\/posts\/28337\/revisions"}],"predecessor-version":[{"id":32970,"href":"https:\/\/estyl.pl\/blog\/wp-json\/wp\/v2\/posts\/28337\/revisions\/32970"}],"wp:featuredmedia":[{"embeddable":true,"href":"https:\/\/estyl.pl\/blog\/wp-json\/wp\/v2\/media\/29661"}],"wp:attachment":[{"href":"https:\/\/estyl.pl\/blog\/wp-json\/wp\/v2\/media?parent=28337"}],"wp:term":[{"taxonomy":"category","embeddable":true,"href":"https:\/\/estyl.pl\/blog\/wp-json\/wp\/v2\/categories?post=28337"},{"taxonomy":"post_tag","embeddable":true,"href":"https:\/\/estyl.pl\/blog\/wp-json\/wp\/v2\/tags?post=28337"}],"curies":[{"name":"wp","href":"https:\/\/api.w.org\/{rel}","templated":true}]}}