{"id":31619,"date":"2021-12-12T11:00:56","date_gmt":"2021-12-12T09:00:56","guid":{"rendered":"https:\/\/estyl.pl\/blog\/?p=31619"},"modified":"2022-01-14T14:17:04","modified_gmt":"2022-01-14T12:17:04","slug":"pakowanie-prezentow-kilka-sposobow","status":"publish","type":"post","link":"https:\/\/estyl.pl\/blog\/pakowanie-prezentow-kilka-sposobow\/","title":{"rendered":"Pakowanie prezent\u00f3w &#8211; kilka sposob\u00f3w jak zrobi\u0107 to szybko i efektownie"},"content":{"rendered":"<p style=\"text-align: justify;\">Okres \u015bwi\u0105teczny to nie tylko przygotowania kuchennych przek\u0105sek, sprz\u0105tania domu czy kupowania prezent\u00f3w to r\u00f3wnie\u017c czas kiedy pakowanie prezent\u00f3w nie mia\u0142o przez ca\u0142y rok takiego wymiaru. Obdarowujemy rodzin\u0119, bliskich, znajomych. Jak wi\u0119c zapakowa\u0107 prezent, aby\u00a0zachwyca\u0142 ju\u017c od samego spojrzenia? Zobacz nasze\u00a0pomys\u0142y na pakowanie prezent\u00f3w.<!--more--><\/p>\n<h2>Pakowanie prezent\u00f3w<\/h2>\n<p style=\"text-align: justify;\">Co rok zaczynam pakowanie prezent\u00f3w wcze\u015bniej, poniewa\u017c zale\u017cy mi, aby pi\u0119knie prezentowa\u0142y si\u0119 pod choink\u0105. Wp\u0142yw na to ma r\u00f3wnie\u017c ci\u0105gle powi\u0119kszaj\u0105ca si\u0119 rodzina przez co z roku na rok prezent\u00f3w jest wi\u0119cej. Zobaczcie zatem moje tegoroczne inspiracje znalezione na Pintere\u015bcie.<\/p>\n<h3>Eko pakowanie<\/h3>\n<p>Od kilku sezon\u00f3w niezmiennie kr\u00f3luje szary papier. Pakowanie prezent\u00f3w w spos\u00f3b jak robili to nasi dziadkowie wraca co rok. Szary papier pakunkowy mo\u017cna wykorzysta\u0107 na wiele sposob\u00f3w, ozdobiony \u015bwie\u017c\u0105 ga\u0142\u0105zk\u0105, zasuszonym plastrem pomara\u0144czy czy ozdobiony bia\u0142\u0105 farb\u0105\u00a0wygl\u0105da wspaniale pod choink\u0105.<\/p>\n<p style=\"padding-left: 60px;\"><a href=\"https:\/\/estyl.pl\/blog\/wp-content\/uploads\/2016\/12\/75a31188b6964cb3e9c36fe8be463a741.jpg\" target=\"_blank\" rel=\"noopener noreferrer\" rel=\"lightbox[31619]\"><img decoding=\"async\" loading=\"lazy\" class=\"alignnone wp-image-31634\" title=\"Pakowanie prezent\u00f3w - eko\" src=\"https:\/\/estyl.pl\/blog\/wp-content\/uploads\/2016\/12\/75a31188b6964cb3e9c36fe8be463a741.jpg\" alt=\"Eko prezenty \" width=\"300\" height=\"443\" srcset=\"https:\/\/estyl.pl\/blog\/wp-content\/uploads\/2016\/12\/75a31188b6964cb3e9c36fe8be463a741.jpg 250w, https:\/\/estyl.pl\/blog\/wp-content\/uploads\/2016\/12\/75a31188b6964cb3e9c36fe8be463a741-203x300.jpg 203w\" sizes=\"(max-width: 300px) 100vw, 300px\" \/><\/a>\u00a0<a href=\"https:\/\/estyl.pl\/blog\/wp-content\/uploads\/2016\/12\/193bdeacc7bb3aa21c794f03557189601.jpg\" target=\"_blank\" rel=\"noopener noreferrer\" rel=\"lightbox[31619]\"><img decoding=\"async\" loading=\"lazy\" class=\"alignnone wp-image-31635\" title=\"Pakowanie prezent\u00f3w - eko\" src=\"https:\/\/estyl.pl\/blog\/wp-content\/uploads\/2016\/12\/193bdeacc7bb3aa21c794f03557189601.jpg\" alt=\"Eko prezenty\" width=\"300\" height=\"445\" srcset=\"https:\/\/estyl.pl\/blog\/wp-content\/uploads\/2016\/12\/193bdeacc7bb3aa21c794f03557189601.jpg 250w, https:\/\/estyl.pl\/blog\/wp-content\/uploads\/2016\/12\/193bdeacc7bb3aa21c794f03557189601-202x300.jpg 202w\" sizes=\"(max-width: 300px) 100vw, 300px\" \/><\/a> <a href=\"https:\/\/estyl.pl\/blog\/wp-content\/uploads\/2016\/12\/466cd9ccbb22d8c016c601b8ab20d8e21.jpg\" target=\"_blank\" rel=\"noopener noreferrer\" rel=\"lightbox[31619]\"><img decoding=\"async\" loading=\"lazy\" class=\"alignnone wp-image-31636\" title=\"Pakowanie prezent\u00f3w - eko\" src=\"https:\/\/estyl.pl\/blog\/wp-content\/uploads\/2016\/12\/466cd9ccbb22d8c016c601b8ab20d8e21.jpg\" alt=\"Eko prezenty\" width=\"300\" height=\"448\" srcset=\"https:\/\/estyl.pl\/blog\/wp-content\/uploads\/2016\/12\/466cd9ccbb22d8c016c601b8ab20d8e21.jpg 250w, https:\/\/estyl.pl\/blog\/wp-content\/uploads\/2016\/12\/466cd9ccbb22d8c016c601b8ab20d8e21-201x300.jpg 201w\" sizes=\"(max-width: 300px) 100vw, 300px\" \/><\/a> <a href=\"https:\/\/estyl.pl\/blog\/wp-content\/uploads\/2016\/12\/535fed89d7e4c3c3770c956022f0baa31.jpg\" target=\"_blank\" rel=\"noopener noreferrer\" rel=\"lightbox[31619]\"><img decoding=\"async\" loading=\"lazy\" class=\"alignnone wp-image-31637\" title=\"Pakowanie prezent\u00f3w - eko\" src=\"https:\/\/estyl.pl\/blog\/wp-content\/uploads\/2016\/12\/535fed89d7e4c3c3770c956022f0baa31.jpg\" alt=\"Eko prezenty\" width=\"300\" height=\"353\" \/><\/a>\u00a0\u00a0<a href=\"https:\/\/estyl.pl\/blog\/wp-content\/uploads\/2016\/12\/a2e9d657ae3bb18026776baf26e1dd971.jpg\" target=\"_blank\" rel=\"noopener noreferrer\" rel=\"lightbox[31619]\"><img decoding=\"async\" loading=\"lazy\" class=\"alignnone wp-image-31639\" title=\"Pakowanie prezent\u00f3w - eko\" src=\"https:\/\/estyl.pl\/blog\/wp-content\/uploads\/2016\/12\/a2e9d657ae3bb18026776baf26e1dd971.jpg\" alt=\"Eko prezenty\" width=\"300\" height=\"450\" srcset=\"https:\/\/estyl.pl\/blog\/wp-content\/uploads\/2016\/12\/a2e9d657ae3bb18026776baf26e1dd971.jpg 250w, https:\/\/estyl.pl\/blog\/wp-content\/uploads\/2016\/12\/a2e9d657ae3bb18026776baf26e1dd971-200x300.jpg 200w\" sizes=\"(max-width: 300px) 100vw, 300px\" \/><\/a> <a href=\"https:\/\/estyl.pl\/blog\/wp-content\/uploads\/2016\/12\/a79cfa5daae7f23b89e18aa0b820a61c1.jpg\" target=\"_blank\" rel=\"noopener noreferrer\" rel=\"lightbox[31619]\"><img decoding=\"async\" loading=\"lazy\" class=\"alignnone wp-image-31640\" title=\"Pakowanie prezent\u00f3w - eko\" src=\"https:\/\/estyl.pl\/blog\/wp-content\/uploads\/2016\/12\/a79cfa5daae7f23b89e18aa0b820a61c1.jpg\" alt=\"Eko prezenty\" width=\"300\" height=\"432\" srcset=\"https:\/\/estyl.pl\/blog\/wp-content\/uploads\/2016\/12\/a79cfa5daae7f23b89e18aa0b820a61c1.jpg 250w, https:\/\/estyl.pl\/blog\/wp-content\/uploads\/2016\/12\/a79cfa5daae7f23b89e18aa0b820a61c1-208x300.jpg 208w\" sizes=\"(max-width: 300px) 100vw, 300px\" \/><\/a>\u00a0<a href=\"https:\/\/estyl.pl\/blog\/wp-content\/uploads\/2016\/12\/c23a75458fd8df58bacfe2bbb3f5d6581.jpg\" target=\"_blank\" rel=\"noopener noreferrer\" rel=\"lightbox[31619]\"><img decoding=\"async\" loading=\"lazy\" class=\"alignnone wp-image-31641\" title=\"Pakowanie prezent\u00f3w - eko\" src=\"https:\/\/estyl.pl\/blog\/wp-content\/uploads\/2016\/12\/c23a75458fd8df58bacfe2bbb3f5d6581.jpg\" alt=\"Eko prezenty\" width=\"300\" height=\"394\" srcset=\"https:\/\/estyl.pl\/blog\/wp-content\/uploads\/2016\/12\/c23a75458fd8df58bacfe2bbb3f5d6581.jpg 250w, https:\/\/estyl.pl\/blog\/wp-content\/uploads\/2016\/12\/c23a75458fd8df58bacfe2bbb3f5d6581-229x300.jpg 229w\" sizes=\"(max-width: 300px) 100vw, 300px\" \/><\/a> <a href=\"https:\/\/estyl.pl\/blog\/wp-content\/uploads\/2016\/12\/c654c5cda12a4d4142059e5e0313e3a81.jpg\" target=\"_blank\" rel=\"noopener noreferrer\" rel=\"lightbox[31619]\"><img decoding=\"async\" loading=\"lazy\" class=\"alignnone wp-image-31642\" title=\"Pakowanie prezent\u00f3w - eko\" src=\"https:\/\/estyl.pl\/blog\/wp-content\/uploads\/2016\/12\/c654c5cda12a4d4142059e5e0313e3a81.jpg\" alt=\"Eko prezenty\" width=\"300\" height=\"439\" srcset=\"https:\/\/estyl.pl\/blog\/wp-content\/uploads\/2016\/12\/c654c5cda12a4d4142059e5e0313e3a81.jpg 250w, https:\/\/estyl.pl\/blog\/wp-content\/uploads\/2016\/12\/c654c5cda12a4d4142059e5e0313e3a81-205x300.jpg 205w\" sizes=\"(max-width: 300px) 100vw, 300px\" \/><\/a><\/p>\n<h3>Mocne kolory<\/h3>\n<p>Rynek oferuje wiele kolorowych papier\u00f3w do pakowania prezent\u00f3w. Zobaczcie nasz\u0105 propozycj\u0119 odno\u015bnie wykorzystania ciemnych i mocnych kolor\u00f3w.<\/p>\n<p style=\"padding-left: 60px;\"><a href=\"https:\/\/estyl.pl\/blog\/wp-content\/uploads\/2016\/12\/0df8a5ee21038786cfe5fd96e5feb82c.jpg\" target=\"_blank\" rel=\"noopener noreferrer\" rel=\"lightbox[31619]\">\u00a0<\/a> <a href=\"https:\/\/estyl.pl\/blog\/wp-content\/uploads\/2016\/12\/1d3a5d8538cc5026d1df091b990bd1eb.jpg\" target=\"_blank\" rel=\"noopener noreferrer\" rel=\"lightbox[31619]\"><img decoding=\"async\" loading=\"lazy\" class=\"alignnone wp-image-31651 size-full\" title=\"Pakowanie prezent\u00f3w - kolory\" src=\"https:\/\/estyl.pl\/blog\/wp-content\/uploads\/2016\/12\/1d3a5d8538cc5026d1df091b990bd1eb-e1481790732476.jpg\" alt=\"mocne kolory w pakowaniu prezent\u00f3w\" width=\"299\" height=\"385\" srcset=\"https:\/\/estyl.pl\/blog\/wp-content\/uploads\/2016\/12\/1d3a5d8538cc5026d1df091b990bd1eb-e1481790732476.jpg 299w, https:\/\/estyl.pl\/blog\/wp-content\/uploads\/2016\/12\/1d3a5d8538cc5026d1df091b990bd1eb-e1481790732476-233x300.jpg 233w, https:\/\/estyl.pl\/blog\/wp-content\/uploads\/2016\/12\/1d3a5d8538cc5026d1df091b990bd1eb-e1481790732476-261x336.jpg 261w\" sizes=\"(max-width: 299px) 100vw, 299px\" \/><\/a>\u00a0<img decoding=\"async\" loading=\"lazy\" class=\"alignnone wp-image-31657 \" title=\"Pakowanie prezent\u00f3w - kolory\" src=\"https:\/\/estyl.pl\/blog\/wp-content\/uploads\/2016\/12\/72859b50bd3743577c71284fd73a73f9.jpg\" alt=\"Kolory - pakowanie prezent\u00f3w\" width=\"287\" height=\"383\" srcset=\"https:\/\/estyl.pl\/blog\/wp-content\/uploads\/2016\/12\/72859b50bd3743577c71284fd73a73f9.jpg 300w, https:\/\/estyl.pl\/blog\/wp-content\/uploads\/2016\/12\/72859b50bd3743577c71284fd73a73f9-225x300.jpg 225w, https:\/\/estyl.pl\/blog\/wp-content\/uploads\/2016\/12\/72859b50bd3743577c71284fd73a73f9-261x348.jpg 261w\" sizes=\"(max-width: 287px) 100vw, 287px\" \/>\u00a0<img decoding=\"async\" loading=\"lazy\" class=\"alignnone wp-image-31658 size-full\" title=\"Pakowanie prezent\u00f3w - kolory\" src=\"https:\/\/estyl.pl\/blog\/wp-content\/uploads\/2016\/12\/a6e05503f76ff5f1ca40bdacc87030ba.jpg\" alt=\"Czerwie\u0144 - pakowanie prezent\u00f3w\" width=\"300\" height=\"400\" srcset=\"https:\/\/estyl.pl\/blog\/wp-content\/uploads\/2016\/12\/a6e05503f76ff5f1ca40bdacc87030ba.jpg 300w, https:\/\/estyl.pl\/blog\/wp-content\/uploads\/2016\/12\/a6e05503f76ff5f1ca40bdacc87030ba-225x300.jpg 225w, https:\/\/estyl.pl\/blog\/wp-content\/uploads\/2016\/12\/a6e05503f76ff5f1ca40bdacc87030ba-261x348.jpg 261w\" sizes=\"(max-width: 300px) 100vw, 300px\" \/>\u00a0<a href=\"https:\/\/estyl.pl\/blog\/wp-content\/uploads\/2016\/12\/4a15738028cb788517a0157afbb6d333.jpg\" target=\"_blank\" rel=\"noopener noreferrer\" rel=\"lightbox[31619]\"><img decoding=\"async\" loading=\"lazy\" class=\" wp-image-31653 size-full alignnone\" title=\"Pakowanie prezent\u00f3w - kolory\" src=\"https:\/\/estyl.pl\/blog\/wp-content\/uploads\/2016\/12\/4a15738028cb788517a0157afbb6d333.jpg\" alt=\"Mocne kolory w pakowaniu prezent\u00f3w\" width=\"300\" height=\"402\" srcset=\"https:\/\/estyl.pl\/blog\/wp-content\/uploads\/2016\/12\/4a15738028cb788517a0157afbb6d333.jpg 300w, https:\/\/estyl.pl\/blog\/wp-content\/uploads\/2016\/12\/4a15738028cb788517a0157afbb6d333-224x300.jpg 224w, https:\/\/estyl.pl\/blog\/wp-content\/uploads\/2016\/12\/4a15738028cb788517a0157afbb6d333-261x350.jpg 261w\" sizes=\"(max-width: 300px) 100vw, 300px\" \/><\/a>\u00a0<a href=\"https:\/\/estyl.pl\/blog\/wp-content\/uploads\/2016\/12\/0df8a5ee21038786cfe5fd96e5feb82c.jpg\" target=\"_blank\" rel=\"noopener noreferrer\" rel=\"lightbox[31619]\"><img decoding=\"async\" loading=\"lazy\" class=\" alignnone wp-image-31650\" title=\"Pakowanie prezent\u00f3w - kolory\" src=\"https:\/\/estyl.pl\/blog\/wp-content\/uploads\/2016\/12\/0df8a5ee21038786cfe5fd96e5feb82c.jpg\" alt=\"mocne kolory w pakowaniu\" width=\"300\" height=\"224\" srcset=\"https:\/\/estyl.pl\/blog\/wp-content\/uploads\/2016\/12\/0df8a5ee21038786cfe5fd96e5feb82c.jpg 300w, https:\/\/estyl.pl\/blog\/wp-content\/uploads\/2016\/12\/0df8a5ee21038786cfe5fd96e5feb82c-261x195.jpg 261w\" sizes=\"(max-width: 300px) 100vw, 300px\" \/><\/a>\u00a0<img decoding=\"async\" loading=\"lazy\" class=\"alignnone wp-image-31655 size-full\" title=\"Pakowanie prezent\u00f3w - kolory\" src=\"https:\/\/estyl.pl\/blog\/wp-content\/uploads\/2016\/12\/66e39f96f7f3fa26618ce95840a92393.jpg\" alt=\"Czer\u0144 i ziele\u0144 w pakowanoi prezent\u00f3w\" width=\"300\" height=\"356\" srcset=\"https:\/\/estyl.pl\/blog\/wp-content\/uploads\/2016\/12\/66e39f96f7f3fa26618ce95840a92393.jpg 300w, https:\/\/estyl.pl\/blog\/wp-content\/uploads\/2016\/12\/66e39f96f7f3fa26618ce95840a92393-253x300.jpg 253w, https:\/\/estyl.pl\/blog\/wp-content\/uploads\/2016\/12\/66e39f96f7f3fa26618ce95840a92393-261x310.jpg 261w\" sizes=\"(max-width: 300px) 100vw, 300px\" \/><a href=\"https:\/\/estyl.pl\/blog\/wp-content\/uploads\/2016\/12\/4fb4ed40f5ac29b1b112a126d86c14f6.jpg\" target=\"_blank\" rel=\"noopener noreferrer\" rel=\"lightbox[31619]\"><img decoding=\"async\" loading=\"lazy\" class=\"alignnone wp-image-31654 size-full\" title=\"Pakowanie prezent\u00f3w - kolory\" src=\"https:\/\/estyl.pl\/blog\/wp-content\/uploads\/2016\/12\/4fb4ed40f5ac29b1b112a126d86c14f6.jpg\" alt=\"Czer\u0144 w pakowaniu prezent\u00f3w\" width=\"300\" height=\"430\" srcset=\"https:\/\/estyl.pl\/blog\/wp-content\/uploads\/2016\/12\/4fb4ed40f5ac29b1b112a126d86c14f6.jpg 300w, https:\/\/estyl.pl\/blog\/wp-content\/uploads\/2016\/12\/4fb4ed40f5ac29b1b112a126d86c14f6-209x300.jpg 209w, https:\/\/estyl.pl\/blog\/wp-content\/uploads\/2016\/12\/4fb4ed40f5ac29b1b112a126d86c14f6-261x374.jpg 261w\" sizes=\"(max-width: 300px) 100vw, 300px\" \/><\/a>\u00a0<img decoding=\"async\" loading=\"lazy\" class=\"alignnone wp-image-31652 size-full\" title=\"Pakowanie prezent\u00f3w - kolory\" src=\"https:\/\/estyl.pl\/blog\/wp-content\/uploads\/2016\/12\/3aebbb3e60d19020310a33d9775cec32.jpg\" alt=\"Mocne kolory w pakowaniu prezent\u00f3w\" width=\"300\" height=\"450\" srcset=\"https:\/\/estyl.pl\/blog\/wp-content\/uploads\/2016\/12\/3aebbb3e60d19020310a33d9775cec32.jpg 300w, https:\/\/estyl.pl\/blog\/wp-content\/uploads\/2016\/12\/3aebbb3e60d19020310a33d9775cec32-200x300.jpg 200w, https:\/\/estyl.pl\/blog\/wp-content\/uploads\/2016\/12\/3aebbb3e60d19020310a33d9775cec32-261x392.jpg 261w\" sizes=\"(max-width: 300px) 100vw, 300px\" \/>\u00a0\u00a0\u00a0\u00a0<a href=\"https:\/\/estyl.pl\/blog\/wp-content\/uploads\/2016\/12\/ac41c6d1a82e4e48ae9bb510db7ce9ff.jpg\" target=\"_blank\" rel=\"noopener noreferrer\" rel=\"lightbox[31619]\"><img decoding=\"async\" loading=\"lazy\" class=\"alignnone wp-image-31659 size-full\" title=\"Pakowanie prezent\u00f3w - kolory\" src=\"https:\/\/estyl.pl\/blog\/wp-content\/uploads\/2016\/12\/ac41c6d1a82e4e48ae9bb510db7ce9ff.jpg\" alt=\"Z\u0142oto i czer\u0144\" width=\"300\" height=\"443\" srcset=\"https:\/\/estyl.pl\/blog\/wp-content\/uploads\/2016\/12\/ac41c6d1a82e4e48ae9bb510db7ce9ff.jpg 300w, https:\/\/estyl.pl\/blog\/wp-content\/uploads\/2016\/12\/ac41c6d1a82e4e48ae9bb510db7ce9ff-203x300.jpg 203w, https:\/\/estyl.pl\/blog\/wp-content\/uploads\/2016\/12\/ac41c6d1a82e4e48ae9bb510db7ce9ff-261x385.jpg 261w\" sizes=\"(max-width: 300px) 100vw, 300px\" \/><\/a>\u00a0<img decoding=\"async\" loading=\"lazy\" class=\"alignnone wp-image-31661 size-full\" title=\"Pakowanie prezent\u00f3w - kolory\" src=\"https:\/\/estyl.pl\/blog\/wp-content\/uploads\/2016\/12\/dcbf2401b3d48bf981cad5ed20f152b0.jpg\" alt=\"Pi\u00f3rka w roli g\u0142\u00f3wnej\" width=\"300\" height=\"465\" srcset=\"https:\/\/estyl.pl\/blog\/wp-content\/uploads\/2016\/12\/dcbf2401b3d48bf981cad5ed20f152b0.jpg 300w, https:\/\/estyl.pl\/blog\/wp-content\/uploads\/2016\/12\/dcbf2401b3d48bf981cad5ed20f152b0-194x300.jpg 194w, https:\/\/estyl.pl\/blog\/wp-content\/uploads\/2016\/12\/dcbf2401b3d48bf981cad5ed20f152b0-261x405.jpg 261w\" sizes=\"(max-width: 300px) 100vw, 300px\" \/><a href=\"https:\/\/estyl.pl\/blog\/wp-content\/uploads\/2016\/12\/bc6e99888a27583410caa2234621880c.jpg\" target=\"_blank\" rel=\"noopener noreferrer\" rel=\"lightbox[31619]\"><img decoding=\"async\" loading=\"lazy\" class=\"alignnone wp-image-31660 size-full\" title=\"Pakowanie prezent\u00f3w - kolory\" src=\"https:\/\/estyl.pl\/blog\/wp-content\/uploads\/2016\/12\/bc6e99888a27583410caa2234621880c.jpg\" alt=\"Czer\u0144 i z\u0142oto\" width=\"300\" height=\"322\" srcset=\"https:\/\/estyl.pl\/blog\/wp-content\/uploads\/2016\/12\/bc6e99888a27583410caa2234621880c.jpg 300w, https:\/\/estyl.pl\/blog\/wp-content\/uploads\/2016\/12\/bc6e99888a27583410caa2234621880c-280x300.jpg 280w, https:\/\/estyl.pl\/blog\/wp-content\/uploads\/2016\/12\/bc6e99888a27583410caa2234621880c-261x280.jpg 261w\" sizes=\"(max-width: 300px) 100vw, 300px\" \/><\/a>\u00a0<img decoding=\"async\" loading=\"lazy\" class=\"alignnone wp-image-31656 size-full\" title=\"Pakowanie prezent\u00f3w - kolory\" src=\"https:\/\/estyl.pl\/blog\/wp-content\/uploads\/2016\/12\/67ec4cca13a29b4b3db0d05f3c1d0584.jpg\" alt=\"Czer\u0144 i ziele\u0144\" width=\"300\" height=\"300\" srcset=\"https:\/\/estyl.pl\/blog\/wp-content\/uploads\/2016\/12\/67ec4cca13a29b4b3db0d05f3c1d0584.jpg 300w, https:\/\/estyl.pl\/blog\/wp-content\/uploads\/2016\/12\/67ec4cca13a29b4b3db0d05f3c1d0584-261x261.jpg 261w\" sizes=\"(max-width: 300px) 100vw, 300px\" \/><\/p>\n<h3>Dzieci\u0119ce inspiracje<\/h3>\n<p style=\"text-align: justify;\">Prezenty \u015bwiateczne przygotowane dla dzieci same w sobie sprawi\u0105 ogromn\u0105 rado\u015b\u0107 naszych pociechom. Niemniej jednak warto zastanowi\u0107 si\u0119 nad ciekawym ich zapakowaniem, aby u\u015bmiech go\u015bci\u0142 na twarzach ju\u017c od momentu zobaczenia ich pod choink\u0105.<\/p>\n<p style=\"padding-left: 60px;\"><a href=\"https:\/\/estyl.pl\/blog\/wp-content\/uploads\/2016\/12\/1a27898165adcc50be7cbe034e6b39a1.jpg\" target=\"_blank\" rel=\"noopener noreferrer\" rel=\"lightbox[31619]\"><img decoding=\"async\" loading=\"lazy\" class=\"alignnone wp-image-31662 size-full\" title=\"Pakowanie prezent\u00f3w dla dzieci\" src=\"https:\/\/estyl.pl\/blog\/wp-content\/uploads\/2016\/12\/1a27898165adcc50be7cbe034e6b39a1.jpg\" alt=\"Pakowanie prezent\u00f3w dla dzieci\" width=\"300\" height=\"443\" srcset=\"https:\/\/estyl.pl\/blog\/wp-content\/uploads\/2016\/12\/1a27898165adcc50be7cbe034e6b39a1.jpg 300w, https:\/\/estyl.pl\/blog\/wp-content\/uploads\/2016\/12\/1a27898165adcc50be7cbe034e6b39a1-203x300.jpg 203w, https:\/\/estyl.pl\/blog\/wp-content\/uploads\/2016\/12\/1a27898165adcc50be7cbe034e6b39a1-261x385.jpg 261w\" sizes=\"(max-width: 300px) 100vw, 300px\" \/><\/a>\u00a0<a href=\"https:\/\/estyl.pl\/blog\/wp-content\/uploads\/2016\/12\/2afc4d152bce39b2380eaffdf23c409e.jpg\" target=\"_blank\" rel=\"noopener noreferrer\" rel=\"lightbox[31619]\"><img decoding=\"async\" loading=\"lazy\" class=\"alignnone wp-image-31663 size-full\" title=\"Pakowanie prezent\u00f3w dla dzieci\" src=\"https:\/\/estyl.pl\/blog\/wp-content\/uploads\/2016\/12\/2afc4d152bce39b2380eaffdf23c409e.jpg\" alt=\"Pakowanie prezent\u00f3w dla dzieci\" width=\"300\" height=\"440\" srcset=\"https:\/\/estyl.pl\/blog\/wp-content\/uploads\/2016\/12\/2afc4d152bce39b2380eaffdf23c409e.jpg 300w, https:\/\/estyl.pl\/blog\/wp-content\/uploads\/2016\/12\/2afc4d152bce39b2380eaffdf23c409e-205x300.jpg 205w, https:\/\/estyl.pl\/blog\/wp-content\/uploads\/2016\/12\/2afc4d152bce39b2380eaffdf23c409e-261x383.jpg 261w\" sizes=\"(max-width: 300px) 100vw, 300px\" \/><\/a>\u00a0<a href=\"https:\/\/estyl.pl\/blog\/wp-content\/uploads\/2016\/12\/9edf059040903eaac7a4ab90fcf4f31c.jpg\" target=\"_blank\" rel=\"noopener noreferrer\" rel=\"lightbox[31619]\"><img decoding=\"async\" loading=\"lazy\" class=\"alignnone wp-image-31664 size-full\" title=\"Pakowanie prezent\u00f3w dla dzieci\" src=\"https:\/\/estyl.pl\/blog\/wp-content\/uploads\/2016\/12\/9edf059040903eaac7a4ab90fcf4f31c.jpg\" alt=\"Pakowanie prezent\u00f3w dla dzieci\" width=\"300\" height=\"399\" srcset=\"https:\/\/estyl.pl\/blog\/wp-content\/uploads\/2016\/12\/9edf059040903eaac7a4ab90fcf4f31c.jpg 300w, https:\/\/estyl.pl\/blog\/wp-content\/uploads\/2016\/12\/9edf059040903eaac7a4ab90fcf4f31c-226x300.jpg 226w, https:\/\/estyl.pl\/blog\/wp-content\/uploads\/2016\/12\/9edf059040903eaac7a4ab90fcf4f31c-261x347.jpg 261w\" sizes=\"(max-width: 300px) 100vw, 300px\" \/><\/a>\u00a0<a href=\"https:\/\/estyl.pl\/blog\/wp-content\/uploads\/2016\/12\/9022bf16987308595295690d9f3f4367.jpg\" target=\"_blank\" rel=\"noopener noreferrer\" rel=\"lightbox[31619]\"><img decoding=\"async\" loading=\"lazy\" class=\"alignnone wp-image-31665 size-full\" title=\"Pakowanie prezent\u00f3w dla dzieci\" src=\"https:\/\/estyl.pl\/blog\/wp-content\/uploads\/2016\/12\/9022bf16987308595295690d9f3f4367.jpg\" alt=\"Pakowanie prezent\u00f3w dla dzieci\" width=\"300\" height=\"450\" srcset=\"https:\/\/estyl.pl\/blog\/wp-content\/uploads\/2016\/12\/9022bf16987308595295690d9f3f4367.jpg 300w, https:\/\/estyl.pl\/blog\/wp-content\/uploads\/2016\/12\/9022bf16987308595295690d9f3f4367-200x300.jpg 200w, https:\/\/estyl.pl\/blog\/wp-content\/uploads\/2016\/12\/9022bf16987308595295690d9f3f4367-261x392.jpg 261w\" sizes=\"(max-width: 300px) 100vw, 300px\" \/><\/a>\u00a0<a href=\"https:\/\/estyl.pl\/blog\/wp-content\/uploads\/2016\/12\/a40918e2ff38ce7026c79787e6c985d3.jpg\" target=\"_blank\" rel=\"noopener noreferrer\" rel=\"lightbox[31619]\"><img decoding=\"async\" loading=\"lazy\" class=\"alignnone wp-image-31666 size-full\" title=\"Pakowanie prezent\u00f3w dla dzieci\" src=\"https:\/\/estyl.pl\/blog\/wp-content\/uploads\/2016\/12\/a40918e2ff38ce7026c79787e6c985d3.jpg\" alt=\"Pakowanie prezent\u00f3w dla dzieci\" width=\"300\" height=\"449\" srcset=\"https:\/\/estyl.pl\/blog\/wp-content\/uploads\/2016\/12\/a40918e2ff38ce7026c79787e6c985d3.jpg 300w, https:\/\/estyl.pl\/blog\/wp-content\/uploads\/2016\/12\/a40918e2ff38ce7026c79787e6c985d3-200x300.jpg 200w, https:\/\/estyl.pl\/blog\/wp-content\/uploads\/2016\/12\/a40918e2ff38ce7026c79787e6c985d3-261x391.jpg 261w\" sizes=\"(max-width: 300px) 100vw, 300px\" \/><\/a>\u00a0<a href=\"https:\/\/estyl.pl\/blog\/wp-content\/uploads\/2016\/12\/ed707508ef717de9db32c74bc35c7931.jpg\" target=\"_blank\" rel=\"noopener noreferrer\" rel=\"lightbox[31619]\"><img decoding=\"async\" loading=\"lazy\" class=\"alignnone wp-image-31667 size-full\" title=\"Pakowanie prezent\u00f3w dla dzieci\" src=\"https:\/\/estyl.pl\/blog\/wp-content\/uploads\/2016\/12\/ed707508ef717de9db32c74bc35c7931.jpg\" alt=\"Pakowanie prezent\u00f3w dla dzieci\" width=\"300\" height=\"450\" srcset=\"https:\/\/estyl.pl\/blog\/wp-content\/uploads\/2016\/12\/ed707508ef717de9db32c74bc35c7931.jpg 300w, https:\/\/estyl.pl\/blog\/wp-content\/uploads\/2016\/12\/ed707508ef717de9db32c74bc35c7931-200x300.jpg 200w, https:\/\/estyl.pl\/blog\/wp-content\/uploads\/2016\/12\/ed707508ef717de9db32c74bc35c7931-261x392.jpg 261w\" sizes=\"(max-width: 300px) 100vw, 300px\" \/><\/a><\/p>\n<h3>Niestandardowe kszta\u0142ty prezent\u00f3w<\/h3>\n<p style=\"text-align: justify;\">Kupuj\u0105c prezenty nie zastanawiam si\u0119 nigdy nad tym w jaki spos\u00f3b je spakuj\u0119. To w momencie pakowania prezent\u00f3w stwierdzam, \u017ce nie wiem jak dany prezent spakowa\u0107 &#8211; za ma\u0142y, za du\u017cy, okrag\u0142y itp. W tym roku chyba jednak postawi\u0119 na torebki do pakowania prezent\u00f3w, \u015bniadani\u00f3wki, woreczki lniane itp. Zobaczcie jak pi\u0119knie wygl\u0105da tak zapakowany prezent.<\/p>\n<p style=\"padding-left: 60px;\"><a href=\"https:\/\/estyl.pl\/blog\/wp-content\/uploads\/2016\/12\/0df3a73202eea89d7bc9de444c208f84.jpg\" target=\"_blank\" rel=\"noopener noreferrer\" rel=\"lightbox[31619]\"><img decoding=\"async\" loading=\"lazy\" class=\"alignnone wp-image-31678 size-full\" title=\"Pakowanie niestandardowych prezent\u00f3w\" src=\"https:\/\/estyl.pl\/blog\/wp-content\/uploads\/2016\/12\/0df3a73202eea89d7bc9de444c208f84.jpg\" alt=\"Pakowanie niestandardowych prezent\u00f3w\" width=\"300\" height=\"799\" srcset=\"https:\/\/estyl.pl\/blog\/wp-content\/uploads\/2016\/12\/0df3a73202eea89d7bc9de444c208f84.jpg 300w, https:\/\/estyl.pl\/blog\/wp-content\/uploads\/2016\/12\/0df3a73202eea89d7bc9de444c208f84-113x300.jpg 113w, https:\/\/estyl.pl\/blog\/wp-content\/uploads\/2016\/12\/0df3a73202eea89d7bc9de444c208f84-261x695.jpg 261w\" sizes=\"(max-width: 300px) 100vw, 300px\" \/><\/a>\u00a0<img decoding=\"async\" loading=\"lazy\" class=\"alignnone wp-image-31679 \" title=\"Pakowanie niestandardowych prezent\u00f3w\" src=\"https:\/\/estyl.pl\/blog\/wp-content\/uploads\/2016\/12\/42a082d056817c0e88fb8657157599a9.jpg\" alt=\"Pakowanie niestandardowych prezent\u00f3w\" width=\"372\" height=\"800\" srcset=\"https:\/\/estyl.pl\/blog\/wp-content\/uploads\/2016\/12\/42a082d056817c0e88fb8657157599a9.jpg 300w, https:\/\/estyl.pl\/blog\/wp-content\/uploads\/2016\/12\/42a082d056817c0e88fb8657157599a9-140x300.jpg 140w, https:\/\/estyl.pl\/blog\/wp-content\/uploads\/2016\/12\/42a082d056817c0e88fb8657157599a9-261x561.jpg 261w\" sizes=\"(max-width: 372px) 100vw, 372px\" \/>\u00a0\u00a0\u00a0\u00a0<img decoding=\"async\" loading=\"lazy\" class=\"alignnone wp-image-31683 size-full\" title=\"Pakowanie niestandardowych prezent\u00f3w\" src=\"https:\/\/estyl.pl\/blog\/wp-content\/uploads\/2016\/12\/b9cd70d8d97381db4a99ce97b03114b5.jpg\" alt=\"Pakowanie niestandardowych prezent\u00f3w\" width=\"300\" height=\"757\" srcset=\"https:\/\/estyl.pl\/blog\/wp-content\/uploads\/2016\/12\/b9cd70d8d97381db4a99ce97b03114b5.jpg 300w, https:\/\/estyl.pl\/blog\/wp-content\/uploads\/2016\/12\/b9cd70d8d97381db4a99ce97b03114b5-119x300.jpg 119w, https:\/\/estyl.pl\/blog\/wp-content\/uploads\/2016\/12\/b9cd70d8d97381db4a99ce97b03114b5-261x659.jpg 261w\" sizes=\"(max-width: 300px) 100vw, 300px\" \/>\u00a0<img decoding=\"async\" loading=\"lazy\" class=\"alignnone wp-image-31687 \" title=\"Pakowanie niestandardowych prezent\u00f3w\" src=\"https:\/\/estyl.pl\/blog\/wp-content\/uploads\/2016\/12\/fdd7ae140736161201b6be63125ee8ed.jpg\" alt=\"Pakowanie niestandardowych prezent\u00f3w\" width=\"369\" height=\"711\" srcset=\"https:\/\/estyl.pl\/blog\/wp-content\/uploads\/2016\/12\/fdd7ae140736161201b6be63125ee8ed.jpg 300w, https:\/\/estyl.pl\/blog\/wp-content\/uploads\/2016\/12\/fdd7ae140736161201b6be63125ee8ed-156x300.jpg 156w, https:\/\/estyl.pl\/blog\/wp-content\/uploads\/2016\/12\/fdd7ae140736161201b6be63125ee8ed-261x503.jpg 261w\" sizes=\"(max-width: 369px) 100vw, 369px\" \/> <a href=\"https:\/\/estyl.pl\/blog\/wp-content\/uploads\/2016\/12\/52c41177baf6ad3215a9bafa693da517.jpg\" target=\"_blank\" rel=\"noopener noreferrer\" rel=\"lightbox[31619]\"><img decoding=\"async\" loading=\"lazy\" class=\"alignnone wp-image-31681 \" title=\"Pakowanie niestandardowych prezent\u00f3w\" src=\"https:\/\/estyl.pl\/blog\/wp-content\/uploads\/2016\/12\/52c41177baf6ad3215a9bafa693da517.jpg\" alt=\"Pakowanie niestandardowych prezent\u00f3w\" width=\"367\" height=\"453\" srcset=\"https:\/\/estyl.pl\/blog\/wp-content\/uploads\/2016\/12\/52c41177baf6ad3215a9bafa693da517.jpg 300w, https:\/\/estyl.pl\/blog\/wp-content\/uploads\/2016\/12\/52c41177baf6ad3215a9bafa693da517-243x300.jpg 243w, https:\/\/estyl.pl\/blog\/wp-content\/uploads\/2016\/12\/52c41177baf6ad3215a9bafa693da517-261x322.jpg 261w\" sizes=\"(max-width: 367px) 100vw, 367px\" \/><\/a>\u00a0\u00a0\u00a0\u00a0\u00a0<a href=\"https:\/\/estyl.pl\/blog\/wp-content\/uploads\/2016\/12\/fd9b42f5d40f2b4f590ccb2d5f8c22a4.jpg\" target=\"_blank\" rel=\"noopener noreferrer\" rel=\"lightbox[31619]\"><img decoding=\"async\" loading=\"lazy\" class=\"alignnone wp-image-31686 size-full\" title=\"Pakowanie niestandardowych prezent\u00f3w\" src=\"https:\/\/estyl.pl\/blog\/wp-content\/uploads\/2016\/12\/fd9b42f5d40f2b4f590ccb2d5f8c22a4.jpg\" alt=\"Pakowanie niestandardowych prezent\u00f3w\" width=\"300\" height=\"458\" srcset=\"https:\/\/estyl.pl\/blog\/wp-content\/uploads\/2016\/12\/fd9b42f5d40f2b4f590ccb2d5f8c22a4.jpg 300w, https:\/\/estyl.pl\/blog\/wp-content\/uploads\/2016\/12\/fd9b42f5d40f2b4f590ccb2d5f8c22a4-197x300.jpg 197w, https:\/\/estyl.pl\/blog\/wp-content\/uploads\/2016\/12\/fd9b42f5d40f2b4f590ccb2d5f8c22a4-261x398.jpg 261w\" sizes=\"(max-width: 300px) 100vw, 300px\" \/><\/a>\u00a0<img decoding=\"async\" loading=\"lazy\" class=\"alignnone wp-image-31685 size-full\" title=\"Pakowanie niestandardowych prezent\u00f3w\" src=\"https:\/\/estyl.pl\/blog\/wp-content\/uploads\/2016\/12\/f3ee3d5050be7d88c8e90f52d4465364.jpg\" alt=\"Pakowanie niestandardowych prezent\u00f3w\" width=\"300\" height=\"400\" srcset=\"https:\/\/estyl.pl\/blog\/wp-content\/uploads\/2016\/12\/f3ee3d5050be7d88c8e90f52d4465364.jpg 300w, https:\/\/estyl.pl\/blog\/wp-content\/uploads\/2016\/12\/f3ee3d5050be7d88c8e90f52d4465364-225x300.jpg 225w, https:\/\/estyl.pl\/blog\/wp-content\/uploads\/2016\/12\/f3ee3d5050be7d88c8e90f52d4465364-261x348.jpg 261w\" sizes=\"(max-width: 300px) 100vw, 300px\" \/>\u00a0<img decoding=\"async\" loading=\"lazy\" class=\"alignnone wp-image-31682 \" title=\"Pakowanie niestandardowych prezent\u00f3w\" src=\"https:\/\/estyl.pl\/blog\/wp-content\/uploads\/2016\/12\/59433569651c8b0c9baa5dafe8d8c445.jpg\" alt=\"Pakowanie niestandardowych prezent\u00f3w\" width=\"366\" height=\"366\" srcset=\"https:\/\/estyl.pl\/blog\/wp-content\/uploads\/2016\/12\/59433569651c8b0c9baa5dafe8d8c445.jpg 300w, https:\/\/estyl.pl\/blog\/wp-content\/uploads\/2016\/12\/59433569651c8b0c9baa5dafe8d8c445-261x261.jpg 261w\" sizes=\"(max-width: 366px) 100vw, 366px\" \/><\/p>\n<h2>Zawieszki do prezent\u00f3w<\/h2>\n<p style=\"text-align: justify;\">Kiedy\u015b nami\u0119tnie je kupowa\u0142am, jednak w tym roku zawieszki do prezent\u00f3w b\u0119d\u0105 <em>hand made.\u00a0<\/em>Zobaczcie zatem co znalaz\u0142am i mo\u017ce sami ch\u0119tnie ozdobicie swoje prezenty takimi zawieszkami?<\/p>\n<p style=\"padding-left: 60px;\"><a href=\"https:\/\/estyl.pl\/blog\/wp-content\/uploads\/2016\/12\/4f3f798ca0360ebb438344665ec6a403.jpg\" target=\"_blank\" rel=\"noopener noreferrer\" rel=\"lightbox[31619]\"><img decoding=\"async\" loading=\"lazy\" class=\"alignnone wp-image-31668 size-full\" title=\"Zawieszki do prezent\u00f3w \" src=\"https:\/\/estyl.pl\/blog\/wp-content\/uploads\/2016\/12\/4f3f798ca0360ebb438344665ec6a403.jpg\" alt=\"Zawieszki do prezent\u00f3w \" width=\"300\" height=\"300\" srcset=\"https:\/\/estyl.pl\/blog\/wp-content\/uploads\/2016\/12\/4f3f798ca0360ebb438344665ec6a403.jpg 300w, https:\/\/estyl.pl\/blog\/wp-content\/uploads\/2016\/12\/4f3f798ca0360ebb438344665ec6a403-261x261.jpg 261w\" sizes=\"(max-width: 300px) 100vw, 300px\" \/><\/a>\u00a0<a href=\"https:\/\/estyl.pl\/blog\/wp-content\/uploads\/2016\/12\/6f1e5a674b2d9b6444d9686c00e52570.jpg\" target=\"_blank\" rel=\"noopener noreferrer\" rel=\"lightbox[31619]\"><img decoding=\"async\" loading=\"lazy\" class=\"alignnone wp-image-31669 \" title=\"Zawieszki do prezent\u00f3w \" src=\"https:\/\/estyl.pl\/blog\/wp-content\/uploads\/2016\/12\/6f1e5a674b2d9b6444d9686c00e52570.jpg\" alt=\"Zawieszki do prezent\u00f3w \" width=\"264\" height=\"367\" srcset=\"https:\/\/estyl.pl\/blog\/wp-content\/uploads\/2016\/12\/6f1e5a674b2d9b6444d9686c00e52570.jpg 300w, https:\/\/estyl.pl\/blog\/wp-content\/uploads\/2016\/12\/6f1e5a674b2d9b6444d9686c00e52570-216x300.jpg 216w, https:\/\/estyl.pl\/blog\/wp-content\/uploads\/2016\/12\/6f1e5a674b2d9b6444d9686c00e52570-261x363.jpg 261w\" sizes=\"(max-width: 264px) 100vw, 264px\" \/><\/a>\u00a0<a href=\"https:\/\/estyl.pl\/blog\/wp-content\/uploads\/2016\/12\/33ddd1ddaa13fce77fe53527e64ae9fc.jpg\" target=\"_blank\" rel=\"noopener noreferrer\" rel=\"lightbox[31619]\"><img decoding=\"async\" loading=\"lazy\" class=\"alignnone wp-image-31670 size-full\" title=\"Zawieszki do prezent\u00f3w \" src=\"https:\/\/estyl.pl\/blog\/wp-content\/uploads\/2016\/12\/33ddd1ddaa13fce77fe53527e64ae9fc.jpg\" alt=\"Zawieszki do prezent\u00f3w \" width=\"300\" height=\"452\" srcset=\"https:\/\/estyl.pl\/blog\/wp-content\/uploads\/2016\/12\/33ddd1ddaa13fce77fe53527e64ae9fc.jpg 300w, https:\/\/estyl.pl\/blog\/wp-content\/uploads\/2016\/12\/33ddd1ddaa13fce77fe53527e64ae9fc-199x300.jpg 199w, https:\/\/estyl.pl\/blog\/wp-content\/uploads\/2016\/12\/33ddd1ddaa13fce77fe53527e64ae9fc-261x393.jpg 261w\" sizes=\"(max-width: 300px) 100vw, 300px\" \/><\/a>\u00a0<a href=\"https:\/\/estyl.pl\/blog\/wp-content\/uploads\/2016\/12\/51bdc15e6a42f2fb92327765a1c2b9d4.jpg\" target=\"_blank\" rel=\"noopener noreferrer\" rel=\"lightbox[31619]\"><img decoding=\"async\" loading=\"lazy\" class=\"alignnone wp-image-31671 size-full\" title=\"Zawieszki do prezent\u00f3w \" src=\"https:\/\/estyl.pl\/blog\/wp-content\/uploads\/2016\/12\/51bdc15e6a42f2fb92327765a1c2b9d4.jpg\" alt=\"Zawieszki do prezent\u00f3w \" width=\"300\" height=\"453\" srcset=\"https:\/\/estyl.pl\/blog\/wp-content\/uploads\/2016\/12\/51bdc15e6a42f2fb92327765a1c2b9d4.jpg 300w, https:\/\/estyl.pl\/blog\/wp-content\/uploads\/2016\/12\/51bdc15e6a42f2fb92327765a1c2b9d4-199x300.jpg 199w, https:\/\/estyl.pl\/blog\/wp-content\/uploads\/2016\/12\/51bdc15e6a42f2fb92327765a1c2b9d4-261x394.jpg 261w\" sizes=\"(max-width: 300px) 100vw, 300px\" \/><\/a>\u00a0 <a href=\"https:\/\/estyl.pl\/blog\/wp-content\/uploads\/2016\/12\/177a9b372d2f4ee6e2671150e2b3b54e.jpg\" target=\"_blank\" rel=\"noopener noreferrer\" rel=\"lightbox[31619]\"><img decoding=\"async\" loading=\"lazy\" class=\"alignnone wp-image-31673 size-full\" title=\"Zawieszki do prezent\u00f3w \" src=\"https:\/\/estyl.pl\/blog\/wp-content\/uploads\/2016\/12\/177a9b372d2f4ee6e2671150e2b3b54e.jpg\" alt=\"Zawieszki do prezent\u00f3w \" width=\"300\" height=\"450\" srcset=\"https:\/\/estyl.pl\/blog\/wp-content\/uploads\/2016\/12\/177a9b372d2f4ee6e2671150e2b3b54e.jpg 300w, https:\/\/estyl.pl\/blog\/wp-content\/uploads\/2016\/12\/177a9b372d2f4ee6e2671150e2b3b54e-200x300.jpg 200w, https:\/\/estyl.pl\/blog\/wp-content\/uploads\/2016\/12\/177a9b372d2f4ee6e2671150e2b3b54e-261x392.jpg 261w\" sizes=\"(max-width: 300px) 100vw, 300px\" \/><\/a>\u00a0<img decoding=\"async\" loading=\"lazy\" class=\"alignnone wp-image-31675 size-full\" title=\"Zawieszki do prezent\u00f3w \" src=\"https:\/\/estyl.pl\/blog\/wp-content\/uploads\/2016\/12\/43103b2f1c718640981a4d0b63942a62.jpg\" alt=\"Zawieszki do prezent\u00f3w \" width=\"300\" height=\"450\" srcset=\"https:\/\/estyl.pl\/blog\/wp-content\/uploads\/2016\/12\/43103b2f1c718640981a4d0b63942a62.jpg 300w, https:\/\/estyl.pl\/blog\/wp-content\/uploads\/2016\/12\/43103b2f1c718640981a4d0b63942a62-200x300.jpg 200w, https:\/\/estyl.pl\/blog\/wp-content\/uploads\/2016\/12\/43103b2f1c718640981a4d0b63942a62-261x392.jpg 261w\" sizes=\"(max-width: 300px) 100vw, 300px\" \/> <img decoding=\"async\" loading=\"lazy\" class=\" wp-image-31674 alignnone\" src=\"https:\/\/estyl.pl\/blog\/wp-content\/uploads\/2016\/12\/5440dad9c85a3d02e01e023d0e3831d3.jpg\" alt=\"5440dad9c85a3d02e01e023d0e3831d3\" width=\"263\" height=\"395\" srcset=\"https:\/\/estyl.pl\/blog\/wp-content\/uploads\/2016\/12\/5440dad9c85a3d02e01e023d0e3831d3.jpg 300w, https:\/\/estyl.pl\/blog\/wp-content\/uploads\/2016\/12\/5440dad9c85a3d02e01e023d0e3831d3-200x300.jpg 200w, https:\/\/estyl.pl\/blog\/wp-content\/uploads\/2016\/12\/5440dad9c85a3d02e01e023d0e3831d3-261x392.jpg 261w\" sizes=\"(max-width: 263px) 100vw, 263px\" \/> \u00a0<a href=\"https:\/\/estyl.pl\/blog\/wp-content\/uploads\/2016\/12\/2022942abb6d9ea8f1942e0e0502033f.jpg\" target=\"_blank\" rel=\"noopener noreferrer\" rel=\"lightbox[31619]\"><img decoding=\"async\" loading=\"lazy\" class=\"alignnone wp-image-31676 size-full\" title=\"Zawieszki do prezent\u00f3w \" src=\"https:\/\/estyl.pl\/blog\/wp-content\/uploads\/2016\/12\/2022942abb6d9ea8f1942e0e0502033f.jpg\" alt=\"Zawieszki do prezent\u00f3w \" width=\"300\" height=\"391\" srcset=\"https:\/\/estyl.pl\/blog\/wp-content\/uploads\/2016\/12\/2022942abb6d9ea8f1942e0e0502033f.jpg 300w, https:\/\/estyl.pl\/blog\/wp-content\/uploads\/2016\/12\/2022942abb6d9ea8f1942e0e0502033f-230x300.jpg 230w, https:\/\/estyl.pl\/blog\/wp-content\/uploads\/2016\/12\/2022942abb6d9ea8f1942e0e0502033f-261x340.jpg 261w\" sizes=\"(max-width: 300px) 100vw, 300px\" \/><\/a><\/p>\n<p style=\"text-align: center;\"><strong>Mam nadziej\u0119, \u017ce te kilka pomys\u0142\u00f3w sprawi\u0105, \u017ce\u00a0pakowanie prezent\u00f3w b\u0119dzie dla Was przyjemno\u015bci\u0105, a nie obowi\u0105zkiem. Cieszcie si\u0119 tym okresem i blisko\u015bci\u0105 rodziny.\u00a0<\/strong><\/p>\n","protected":false},"excerpt":{"rendered":"<p>Okres \u015bwi\u0105teczny to nie tylko przygotowania kuchennych przek\u0105sek, sprz\u0105tania domu czy kupowania prezent\u00f3w to r\u00f3wnie\u017c czas kiedy pakowanie prezent\u00f3w nie mia\u0142o przez ca\u0142y rok takiego wymiaru. Obdarowujemy rodzin\u0119, bliskich, znajomych. Jak wi\u0119c zapakowa\u0107 prezent, aby\u00a0zachwyca\u0142 ju\u017c od samego spojrzenia? Zobacz nasze\u00a0pomys\u0142y na pakowanie prezent\u00f3w.<\/p>\n","protected":false},"author":23,"featured_media":31695,"comment_status":"open","ping_status":"closed","sticky":false,"template":"","format":"standard","meta":{"_eb_attr":""},"categories":[2091],"tags":[2543,2542,1903,1818],"acf":[],"yoast_head":"<!-- This site is optimized with the Yoast SEO plugin v20.8 - https:\/\/yoast.com\/wordpress\/plugins\/seo\/ -->\n<title>Pakowanie prezent\u00f3w - kilka sposob\u00f3w jak zrobi\u0107 to szybko i efektownie - Blog | Estyl.pl<\/title>\n<meta name=\"description\" content=\"Je\u015bli nadal nie wiesz w jaki zaskakuj\u0105cy spos\u00f3b zapakowa\u0107 prezenty dla swoich bliskich zobacz na nasze pomys\u0142y na pakowanie prezent\u00f3w.\" \/>\n<meta name=\"robots\" content=\"index, follow, max-snippet:-1, max-image-preview:large, max-video-preview:-1\" \/>\n<link rel=\"canonical\" href=\"https:\/\/estyl.pl\/blog\/pakowanie-prezentow-kilka-sposobow\/\" \/>\n<meta property=\"og:locale\" content=\"pl_PL\" \/>\n<meta property=\"og:type\" content=\"article\" \/>\n<meta property=\"og:title\" content=\"Pakowanie prezent\u00f3w - kilka sposob\u00f3w jak zrobi\u0107 to szybko i efektownie - Blog | Estyl.pl\" \/>\n<meta property=\"og:description\" content=\"Je\u015bli nadal nie wiesz w jaki zaskakuj\u0105cy spos\u00f3b zapakowa\u0107 prezenty dla swoich bliskich zobacz na nasze pomys\u0142y na pakowanie prezent\u00f3w.\" \/>\n<meta property=\"og:url\" content=\"https:\/\/estyl.pl\/blog\/pakowanie-prezentow-kilka-sposobow\/\" \/>\n<meta property=\"og:site_name\" content=\"Blog | Estyl.pl\" \/>\n<meta property=\"article:author\" content=\"kdrogowskakwasnik\" \/>\n<meta property=\"article:published_time\" content=\"2021-12-12T09:00:56+00:00\" \/>\n<meta property=\"article:modified_time\" content=\"2022-01-14T12:17:04+00:00\" \/>\n<meta property=\"og:image\" content=\"https:\/\/estyl.pl\/blog\/wp-content\/uploads\/2016\/12\/A-darmowe-zdjecia-4.jpg\" \/>\n\t<meta property=\"og:image:width\" content=\"755\" \/>\n\t<meta property=\"og:image:height\" content=\"315\" \/>\n\t<meta property=\"og:image:type\" content=\"image\/jpeg\" \/>\n<meta name=\"author\" content=\"Karolina\" \/>\n<meta name=\"twitter:label1\" content=\"Napisane przez\" \/>\n\t<meta name=\"twitter:data1\" content=\"Karolina\" \/>\n\t<meta name=\"twitter:label2\" content=\"Szacowany czas czytania\" \/>\n\t<meta name=\"twitter:data2\" content=\"2 minuty\" \/>\n<script type=\"application\/ld+json\" class=\"yoast-schema-graph\">{\"@context\":\"https:\/\/schema.org\",\"@graph\":[{\"@type\":\"WebPage\",\"@id\":\"https:\/\/estyl.pl\/blog\/pakowanie-prezentow-kilka-sposobow\/\",\"url\":\"https:\/\/estyl.pl\/blog\/pakowanie-prezentow-kilka-sposobow\/\",\"name\":\"Pakowanie prezent\u00f3w - kilka sposob\u00f3w jak zrobi\u0107 to szybko i efektownie - Blog | Estyl.pl\",\"isPartOf\":{\"@id\":\"https:\/\/estyl.pl\/blog\/#website\"},\"datePublished\":\"2021-12-12T09:00:56+00:00\",\"dateModified\":\"2022-01-14T12:17:04+00:00\",\"author\":{\"@id\":\"https:\/\/estyl.pl\/blog\/#\/schema\/person\/debe1fb907542b5dc82bccc2029e474f\"},\"description\":\"Je\u015bli nadal nie wiesz w jaki zaskakuj\u0105cy spos\u00f3b zapakowa\u0107 prezenty dla swoich bliskich zobacz na nasze pomys\u0142y na pakowanie prezent\u00f3w.\",\"breadcrumb\":{\"@id\":\"https:\/\/estyl.pl\/blog\/pakowanie-prezentow-kilka-sposobow\/#breadcrumb\"},\"inLanguage\":\"pl-PL\",\"potentialAction\":[{\"@type\":\"ReadAction\",\"target\":[\"https:\/\/estyl.pl\/blog\/pakowanie-prezentow-kilka-sposobow\/\"]}]},{\"@type\":\"BreadcrumbList\",\"@id\":\"https:\/\/estyl.pl\/blog\/pakowanie-prezentow-kilka-sposobow\/#breadcrumb\",\"itemListElement\":[{\"@type\":\"ListItem\",\"position\":1,\"name\":\"Lifestyle\",\"item\":\"https:\/\/estyl.pl\/blog\/lifestyle-2\/\"},{\"@type\":\"ListItem\",\"position\":2,\"name\":\"Pakowanie prezent\u00f3w &#8211; kilka sposob\u00f3w jak zrobi\u0107 to szybko i efektownie\"}]},{\"@type\":\"WebSite\",\"@id\":\"https:\/\/estyl.pl\/blog\/#website\",\"url\":\"https:\/\/estyl.pl\/blog\/\",\"name\":\"Blog | Estyl.pl\",\"description\":\"Kosmetyki do w\u0142os\u00f3w, porady, piel\u0119gnacja, stylizacja\",\"potentialAction\":[{\"@type\":\"SearchAction\",\"target\":{\"@type\":\"EntryPoint\",\"urlTemplate\":\"https:\/\/estyl.pl\/blog\/?s={search_term_string}\"},\"query-input\":\"required name=search_term_string\"}],\"inLanguage\":\"pl-PL\"},{\"@type\":\"Person\",\"@id\":\"https:\/\/estyl.pl\/blog\/#\/schema\/person\/debe1fb907542b5dc82bccc2029e474f\",\"name\":\"Karolina\",\"description\":\"Absolwentka kosmetologii i dietetyki na \u015al\u0105skiej Wy\u017cszej Szkole Medycznej w Katowicach. Ze sklepem Estyl.pl zwi\u0105zana od wielu lat. Wiedz\u0119 na temat produkt\u00f3w zebra\u0142a pracuj\u0105c w sklepie stacjonanym w Katowicach. Aktualnie pracuje jako copywriter, co daje jej du\u017co satysfakcji. Uwielbia testowa\u0107 nowe kosmetyki.\",\"sameAs\":[\"kdrogowskakwasnik\"],\"url\":\"https:\/\/estyl.pl\/blog\/author\/k-mistalsiekiera\/\"}]}<\/script>\n<!-- \/ Yoast SEO plugin. -->","yoast_head_json":{"title":"Pakowanie prezent\u00f3w - kilka sposob\u00f3w jak zrobi\u0107 to szybko i efektownie - Blog | Estyl.pl","description":"Je\u015bli nadal nie wiesz w jaki zaskakuj\u0105cy spos\u00f3b zapakowa\u0107 prezenty dla swoich bliskich zobacz na nasze pomys\u0142y na pakowanie prezent\u00f3w.","robots":{"index":"index","follow":"follow","max-snippet":"max-snippet:-1","max-image-preview":"max-image-preview:large","max-video-preview":"max-video-preview:-1"},"canonical":"https:\/\/estyl.pl\/blog\/pakowanie-prezentow-kilka-sposobow\/","og_locale":"pl_PL","og_type":"article","og_title":"Pakowanie prezent\u00f3w - kilka sposob\u00f3w jak zrobi\u0107 to szybko i efektownie - Blog | Estyl.pl","og_description":"Je\u015bli nadal nie wiesz w jaki zaskakuj\u0105cy spos\u00f3b zapakowa\u0107 prezenty dla swoich bliskich zobacz na nasze pomys\u0142y na pakowanie prezent\u00f3w.","og_url":"https:\/\/estyl.pl\/blog\/pakowanie-prezentow-kilka-sposobow\/","og_site_name":"Blog | Estyl.pl","article_author":"kdrogowskakwasnik","article_published_time":"2021-12-12T09:00:56+00:00","article_modified_time":"2022-01-14T12:17:04+00:00","og_image":[{"width":755,"height":315,"url":"https:\/\/estyl.pl\/blog\/wp-content\/uploads\/2016\/12\/A-darmowe-zdjecia-4.jpg","type":"image\/jpeg"}],"author":"Karolina","twitter_misc":{"Napisane przez":"Karolina","Szacowany czas czytania":"2 minuty"},"schema":{"@context":"https:\/\/schema.org","@graph":[{"@type":"WebPage","@id":"https:\/\/estyl.pl\/blog\/pakowanie-prezentow-kilka-sposobow\/","url":"https:\/\/estyl.pl\/blog\/pakowanie-prezentow-kilka-sposobow\/","name":"Pakowanie prezent\u00f3w - kilka sposob\u00f3w jak zrobi\u0107 to szybko i efektownie - Blog | Estyl.pl","isPartOf":{"@id":"https:\/\/estyl.pl\/blog\/#website"},"datePublished":"2021-12-12T09:00:56+00:00","dateModified":"2022-01-14T12:17:04+00:00","author":{"@id":"https:\/\/estyl.pl\/blog\/#\/schema\/person\/debe1fb907542b5dc82bccc2029e474f"},"description":"Je\u015bli nadal nie wiesz w jaki zaskakuj\u0105cy spos\u00f3b zapakowa\u0107 prezenty dla swoich bliskich zobacz na nasze pomys\u0142y na pakowanie prezent\u00f3w.","breadcrumb":{"@id":"https:\/\/estyl.pl\/blog\/pakowanie-prezentow-kilka-sposobow\/#breadcrumb"},"inLanguage":"pl-PL","potentialAction":[{"@type":"ReadAction","target":["https:\/\/estyl.pl\/blog\/pakowanie-prezentow-kilka-sposobow\/"]}]},{"@type":"BreadcrumbList","@id":"https:\/\/estyl.pl\/blog\/pakowanie-prezentow-kilka-sposobow\/#breadcrumb","itemListElement":[{"@type":"ListItem","position":1,"name":"Lifestyle","item":"https:\/\/estyl.pl\/blog\/lifestyle-2\/"},{"@type":"ListItem","position":2,"name":"Pakowanie prezent\u00f3w &#8211; kilka sposob\u00f3w jak zrobi\u0107 to szybko i efektownie"}]},{"@type":"WebSite","@id":"https:\/\/estyl.pl\/blog\/#website","url":"https:\/\/estyl.pl\/blog\/","name":"Blog | Estyl.pl","description":"Kosmetyki do w\u0142os\u00f3w, porady, piel\u0119gnacja, stylizacja","potentialAction":[{"@type":"SearchAction","target":{"@type":"EntryPoint","urlTemplate":"https:\/\/estyl.pl\/blog\/?s={search_term_string}"},"query-input":"required name=search_term_string"}],"inLanguage":"pl-PL"},{"@type":"Person","@id":"https:\/\/estyl.pl\/blog\/#\/schema\/person\/debe1fb907542b5dc82bccc2029e474f","name":"Karolina","description":"Absolwentka kosmetologii i dietetyki na \u015al\u0105skiej Wy\u017cszej Szkole Medycznej w Katowicach. Ze sklepem Estyl.pl zwi\u0105zana od wielu lat. Wiedz\u0119 na temat produkt\u00f3w zebra\u0142a pracuj\u0105c w sklepie stacjonanym w Katowicach. Aktualnie pracuje jako copywriter, co daje jej du\u017co satysfakcji. Uwielbia testowa\u0107 nowe kosmetyki.","sameAs":["kdrogowskakwasnik"],"url":"https:\/\/estyl.pl\/blog\/author\/k-mistalsiekiera\/"}]}},"_links":{"self":[{"href":"https:\/\/estyl.pl\/blog\/wp-json\/wp\/v2\/posts\/31619"}],"collection":[{"href":"https:\/\/estyl.pl\/blog\/wp-json\/wp\/v2\/posts"}],"about":[{"href":"https:\/\/estyl.pl\/blog\/wp-json\/wp\/v2\/types\/post"}],"author":[{"embeddable":true,"href":"https:\/\/estyl.pl\/blog\/wp-json\/wp\/v2\/users\/23"}],"replies":[{"embeddable":true,"href":"https:\/\/estyl.pl\/blog\/wp-json\/wp\/v2\/comments?post=31619"}],"version-history":[{"count":25,"href":"https:\/\/estyl.pl\/blog\/wp-json\/wp\/v2\/posts\/31619\/revisions"}],"predecessor-version":[{"id":37305,"href":"https:\/\/estyl.pl\/blog\/wp-json\/wp\/v2\/posts\/31619\/revisions\/37305"}],"wp:featuredmedia":[{"embeddable":true,"href":"https:\/\/estyl.pl\/blog\/wp-json\/wp\/v2\/media\/31695"}],"wp:attachment":[{"href":"https:\/\/estyl.pl\/blog\/wp-json\/wp\/v2\/media?parent=31619"}],"wp:term":[{"taxonomy":"category","embeddable":true,"href":"https:\/\/estyl.pl\/blog\/wp-json\/wp\/v2\/categories?post=31619"},{"taxonomy":"post_tag","embeddable":true,"href":"https:\/\/estyl.pl\/blog\/wp-json\/wp\/v2\/tags?post=31619"}],"curies":[{"name":"wp","href":"https:\/\/api.w.org\/{rel}","templated":true}]}}