{"id":3177,"date":"2011-10-05T14:00:14","date_gmt":"2011-10-05T12:00:14","guid":{"rendered":"https:\/\/estyl.pl\/blog\/?p=3177"},"modified":"2021-02-16T16:25:38","modified_gmt":"2021-02-16T14:25:38","slug":"wlosy-do-ramion","status":"publish","type":"post","link":"https:\/\/estyl.pl\/blog\/wlosy-do-ramion\/","title":{"rendered":"Fryzura lob szturmem podbija \u015bwiat"},"content":{"rendered":"<p><b><a href=\"https:\/\/estyl.pl\/wlosy\" data-internallinksmanager029f6b8e52c=\"2\" title=\"w\u0142osy\">W\u0142osy<\/a> do ramion kojarzy\u0142y si\u0119 do tej pory z nud\u0105 i bezpiecznym wyborem kobiety, kt\u00f3ra nie chce mie\u0107 ani d\u0142ugiej, ani kr\u00f3tkiej fryzury. Tymczasem fryzura lob szturmem zdobywa pokazy mody i ulice. Na czym polega jej fenomen? Jak stylizowa\u0107 long boba? Komu b\u0119dzie pasowa\u0142a fryzura do ramion? Odpowiedzi znajdziesz w artykule.<\/b><\/p>\n<p><!--more--><\/p>\n<h2><strong>Lob &#8211; fryzura dla niezdecydowanych?<\/strong><\/h2>\n<p><b>D\u0142ugie w\u0142osy s\u0105 niczym ma\u0142a czarna: nie\u015bmierteln\u0105 klasyk\u0105 dobrego stylu<\/b><span style=\"font-weight: 400;\">. Obydwie rzeczy \u0142\u0105czy niezaprzeczalny fakt: zar\u00f3wno fryzura z <\/span><a href=\"https:\/\/estyl.pl\/blog\/2017\/01\/dla-kogo-dlugie-wlosy\/\" target=\"_blank\" rel=\"noopener\"><span style=\"font-weight: 400;\">d\u0142ugich w\u0142os\u00f3w<\/span><\/a><span style=\"font-weight: 400;\">, jak i str\u00f3j mini sprawdz\u0105 si\u0119 w\u00f3wczas, gdy ich w\u0142a\u015bcicielka ma si\u0119 czym pochwali\u0107. W przypadku fryzury \u2013 d\u0142ugie w\u0142osy musz\u0105 by\u0107 zadbane i zdrowe, w przypadku ma\u0142ej czarnej \u2013 figura i nogi powinny by\u0107 nienaganne.<\/span><\/p>\n<p><span style=\"font-weight: 400;\">D\u0142ugie w\u0142osy maj\u0105 to do siebie, \u017ce noszone latami staj\u0105 si\u0119 zbyt oswojone, a nasz wizerunek wydaje si\u0119 monotonny. <\/span><b>Fryzur\u0119 bob, czyli w\u0142osy si\u0119gaj\u0105ce linii brody<\/b><span style=\"font-weight: 400;\">, wybra\u0142o wiele d\u0142ugow\u0142osych. Wiele z nas przesz\u0142o mniej lub bardziej udane metamorfozy z d\u0142ugich w\u0142os\u00f3w, na kr\u00f3tkiego boba. Niemal ka\u017cdy fryzjer, proponuj\u0105c zmian\u0119 fryzury, oferowa\u0142 ci\u0119cie na boba. Fryzura ta wymaga jednak codziennego modelowania, bo ide\u0105 boba jest nienaganno\u015b\u0107 i precyzja. Fryzura niekoniecznie pasowa\u0142a do ka\u017cdej twarzy i ka\u017cdego typu urody.<\/span><\/p>\n<p>Odpowiedzi\u0105 na ten typ uczesania sta\u0142a si\u0119 fryzura\u00a0<em><strong>lob, czyli w\u0142osy do ramion w lekkim nie\u0142adzie, <\/strong><\/em>a fryzura na loba zosta\u0142a okrzykni\u0119ta najnowszym trendem w stylizacji w\u0142os\u00f3w na jesie\u0144 2011. Lob, b\u0119d\u0105cy odmian\u0105 boba w wersji maksi, to propozycja fryzury dla tych Pa\u0144, kt\u00f3re lubi\u0105 si\u0119 zmienia\u0107, ale nie maj\u0105 czasu na codzienne uk\u0142adanie fryzury szczotkami i przyrz\u0105dami termicznymi. Fryzura <strong>l<\/strong><strong>ob <\/strong>ma t\u0119 zalet\u0119, \u017ce mo\u017cesz j\u0105 nosi\u0107 w wersji mniej oficjalnej, ni\u017c klasycznego boba.<\/p>\n<p><strong>ZOBACZ R\u00d3WNIE\u017b:<\/strong>\u00a0<a title=\"Cool girl bob - fryzura, kt\u00f3r\u0105 pokocha\u0142y gwiazdy!\" href=\"https:\/\/estyl.pl\/blog\/2020\/01\/cool-girl-bob-fryzura-ktora-pokochaly-gwiazdy\/?preview=true&amp;preview_id=35798&amp;preview_nonce=f62d17d0b3\" target=\"_blank\" rel=\"noopener\">Cool girl bob \u2013 fryzura, kt\u00f3r\u0105 pokocha\u0142y gwiazdy<\/a><\/p>\n<h2><strong>Fryzura lob &#8211; dla kogo?<\/strong><\/h2>\n<p>Kr\u00f3tko i tre\u015bciwie &#8211; dla wszystkich z nas. Dowodem jest wysyp gwiazd i celebrytek, kt\u00f3re na czerwonych dywanach roku 2016 zaprezentowa\u0142y ca\u0142y kalejdoskop long bob\u00f3w. Natomiast ze srebrnego ekranu fryzura do ramion zdoby\u0142a serca milion\u00f3w kobiet na ca\u0142ym \u015bwiecie. Bowiem pasuje do ka\u017cdego kszta\u0142tu twarzy oraz do ka\u017cdego typu w\u0142os\u00f3w, cienkich, grubych czy falowanych.<\/p>\n<h2><strong>Dlaczego fryzura lob?<\/strong><\/h2>\n<p><span style=\"font-weight: 400;\">Moda i wygoda nierzadko id\u0105 w parze, tym razem przygotowa\u0142y pokaz, kt\u00f3ry zakr\u0119ci\u0142 wszystkim w g\u0142owach\u2026 a raczej na g\u0142owach. Fryzura do ramion ma swoje niezaprzeczalne plusy, kt\u00f3re mo\u017cesz z czystym sumieniem odm\u00f3wi\u0107 jej d\u0142u\u017cszym odmianom. Po pierwsze, o wiele bardziej wymagaj\u0105 piel\u0119gnacji, musisz na nie uwa\u017ca\u0107 niemal na ka\u017cdym kroku a ich podatno\u015b\u0107 na uszkodzenia, np. \u0142amanie, doprowadza wi\u0119kszo\u015b\u0107 kobiet do sza\u0142u. <\/span><b>D\u0142u\u017csze fryzury wymagaj\u0105 dodatkowego nawil\u017cania i od\u017cywek, dlatego utrzymanie zdrowych i pi\u0119knych d\u0142ugich w\u0142os\u00f3w przek\u0142ada si\u0119 nie tylko na czas, ale r\u00f3wnie\u017c \u00a0na ubytek znacznej ilo\u015bci got\u00f3wki z Twojego portfela, w por\u00f3wnaniu do w\u0142os\u00f3w kr\u00f3tszych.<\/b><span style=\"font-weight: 400;\"> R\u00f3wnie\u017c czas, kt\u00f3ry sp\u0119dzisz z w\u0142osami owini\u0119tymi w r\u0119cznik znacz\u0105co si\u0119 wyd\u0142u\u017cy. Dlaczego? Bo ani d\u0142ugie w\u0142osy, ani kr\u00f3tkie nie powinny by\u0107 suszone za pomoc\u0105 suszarek, gdy\u017c os\u0142abiana jest struktura w\u0142osa, przez co s\u0105 o wiele bardziej podatne na uszkodzenia. Efekt: ka\u017cda k\u0105piel staje si\u0119 bezwzgl\u0119dnym potworem po\u017ceraj\u0105cym Tw\u00f3j czas, kt\u00f3ry zawsze poprzedza <\/span><a href=\"https:\/\/estyl.pl\/blog\/2015\/06\/jak-szczotkowac-wlosy\/\"><span style=\"font-weight: 400;\">rytualne rozczesywanie<\/span><\/a><span style=\"font-weight: 400;\">. Dlatego tak wa\u017cnym jest, by nie w\u0142osy d\u0142ugie, ale r\u00f3wnie\u017c fryzury do ramion, traktowa\u0107 odpowiednimi <\/span><a href=\"https:\/\/estyl.pl\/wlosy\/typy-produktu\/stylizacja\"><span style=\"font-weight: 400;\">\u015brodkami do stylizacji w\u0142os\u00f3w<\/span><\/a><span style=\"font-weight: 400;\">.<\/span><\/p>\n<h2><strong>Jak stylizowa\u0107 w\u0142osy do ramion?<\/strong><\/h2>\n<h3><strong>Fryzura lob w wersji potarganej<\/strong><\/h3>\n<p>Lob w tej wersji jest hitem jesieni. Fryzur\u0119 imituj\u0105c\u0105\u00a0<a href=\"https:\/\/estyl.pl\/blog\/2011\/06\/jak-zrobic-delikatne-fale\/\" target=\"_blank\" rel=\"noopener\">pla\u017cowe fale<\/a> polecam w\u0142osom, kt\u00f3rym brakuje obj\u0119to\u015bci, czyli cienkim i delikatnym z natury.\u00a0 Podstaw\u0105 dla potarganego wiatrem loba jest dobre ci\u0119cie. Ko\u0144c\u00f3wki w\u0142os\u00f3w powinny by\u0107 lekko postrz\u0119pione lub delikatnie wycieniowane, za\u015b efekt ko\u0144cowy imitowa\u0107 fryzur\u0119 \u201eprosto z \u0142\u00f3\u017cka\u201d. Dotyczy to zar\u00f3wno w\u0142os\u00f3w prostych, jak i falowanych. Im grubsze masz w\u0142osy, tym mocniej wycieniuj ich ko\u0144ce. Gdy Twoje w\u0142osy s\u0105 proste, u\u017cyj termolok\u00f3w lub wa\u0142k\u00f3w, osi\u0105gniesz w ten spos\u00f3b pi\u0119kne fale i skr\u0119ty. Je\u015bli sprawnie pos\u0142ugujesz si\u0119 lok\u00f3wk\u0105, u\u017cyj jej \u2013 tym samym skr\u00f3cisz czas stylizacji swoich w\u0142os\u00f3w. U\u017cywaj\u0105c przyrz\u0105d\u00f3w termicznych, nie zapominaj o ochronie w\u0142os\u00f3w przed wysok\u0105 temperatur\u0105 za pomoc\u0105 odpowiednich <a href=\"https:\/\/estyl.pl\/wlosy\/stylizacja\/termoochrona-wlosow\" target=\"_blank\" rel=\"noopener\">kosmetyk\u00f3w termoochronnych<\/a>.<\/p>\n<div class=\"minpic\"><a href=\"https:\/\/estyl.pl\/blog\/wp-content\/uploads\/2011\/10\/lob_potargany_1.jpg\" rel=\"lightbox[3177]\"><img decoding=\"async\" loading=\"lazy\" class=\"alignnone wp-image-3202 \" title=\"Lob z w\u0142os\u00f3w falowanych Liv Tyler\" src=\"https:\/\/estyl.pl\/blog\/wp-content\/uploads\/2011\/10\/lob_potargany_1-220x300.jpg\" alt=\"fryzura lob\" width=\"206\" height=\"281\" srcset=\"https:\/\/estyl.pl\/blog\/wp-content\/uploads\/2011\/10\/lob_potargany_1-220x300.jpg 220w, https:\/\/estyl.pl\/blog\/wp-content\/uploads\/2011\/10\/lob_potargany_1-261x355.jpg 261w, https:\/\/estyl.pl\/blog\/wp-content\/uploads\/2011\/10\/lob_potargany_1.jpg 352w\" sizes=\"(max-width: 206px) 100vw, 206px\" \/><\/a><a href=\"https:\/\/estyl.pl\/blog\/wp-content\/uploads\/2011\/10\/lob_potargany_2.jpg\" rel=\"lightbox[3177]\"><img decoding=\"async\" loading=\"lazy\" class=\"alignnone wp-image-3203 \" title=\"Lob Anne Hathaway \" src=\"https:\/\/estyl.pl\/blog\/wp-content\/uploads\/2011\/10\/lob_potargany_2-249x300.jpg\" alt=\"Lob Anne Hathaway \" width=\"227\" height=\"273\" srcset=\"https:\/\/estyl.pl\/blog\/wp-content\/uploads\/2011\/10\/lob_potargany_2-249x300.jpg 249w, https:\/\/estyl.pl\/blog\/wp-content\/uploads\/2011\/10\/lob_potargany_2-261x313.jpg 261w, https:\/\/estyl.pl\/blog\/wp-content\/uploads\/2011\/10\/lob_potargany_2.jpg 399w\" sizes=\"(max-width: 227px) 100vw, 227px\" \/><\/a><a href=\"https:\/\/estyl.pl\/blog\/wp-content\/uploads\/2011\/10\/lob_potargany_3.jpg\" rel=\"lightbox[3177]\"><img decoding=\"async\" loading=\"lazy\" class=\"alignnone wp-image-3204 \" title=\"Fryzura na loba powinna by\u0107 fachowo wycieniowana\" src=\"https:\/\/estyl.pl\/blog\/wp-content\/uploads\/2011\/10\/lob_potargany_3-224x300.jpg\" alt=\"fryzura lob\" width=\"206\" height=\"276\" srcset=\"https:\/\/estyl.pl\/blog\/wp-content\/uploads\/2011\/10\/lob_potargany_3-224x300.jpg 224w, https:\/\/estyl.pl\/blog\/wp-content\/uploads\/2011\/10\/lob_potargany_3-261x348.jpg 261w, https:\/\/estyl.pl\/blog\/wp-content\/uploads\/2011\/10\/lob_potargany_3.jpg 359w\" sizes=\"(max-width: 206px) 100vw, 206px\" \/><\/a><a href=\"https:\/\/estyl.pl\/blog\/wp-content\/uploads\/2011\/10\/lob_potargany_4.jpg\" rel=\"lightbox[3177]\"><img decoding=\"async\" loading=\"lazy\" class=\"alignnone wp-image-3205 size-medium\" title=\"Potargany wiatrem lob ma sprawia\u0107 wra\u017cenie &quot;wymi\u0119tej snem&quot; fryzury\" src=\"https:\/\/estyl.pl\/blog\/wp-content\/uploads\/2011\/10\/lob_potargany_4-200x300.jpg\" alt=\"lob alexa chung\" width=\"200\" height=\"300\" srcset=\"https:\/\/estyl.pl\/blog\/wp-content\/uploads\/2011\/10\/lob_potargany_4-200x300.jpg 200w, https:\/\/estyl.pl\/blog\/wp-content\/uploads\/2011\/10\/lob_potargany_4-261x391.jpg 261w, https:\/\/estyl.pl\/blog\/wp-content\/uploads\/2011\/10\/lob_potargany_4.jpg 320w\" sizes=\"(max-width: 200px) 100vw, 200px\" \/><\/a><a href=\"https:\/\/estyl.pl\/blog\/wp-content\/uploads\/2011\/10\/lob_potargany_5.jpg\" rel=\"lightbox[3177]\"><img decoding=\"async\" loading=\"lazy\" class=\"alignnone wp-image-3206 size-medium\" title=\"fryzura lob w artystycznym nie\u0142adzie u Olgi Kurylenko\" src=\"https:\/\/estyl.pl\/blog\/wp-content\/uploads\/2011\/10\/lob_potargany_5-200x300.jpg\" alt=\"fryzura lob\" width=\"200\" height=\"300\" srcset=\"https:\/\/estyl.pl\/blog\/wp-content\/uploads\/2011\/10\/lob_potargany_5-200x300.jpg 200w, https:\/\/estyl.pl\/blog\/wp-content\/uploads\/2011\/10\/lob_potargany_5-261x391.jpg 261w, https:\/\/estyl.pl\/blog\/wp-content\/uploads\/2011\/10\/lob_potargany_5.jpg 320w\" sizes=\"(max-width: 200px) 100vw, 200px\" \/><\/a><a href=\"https:\/\/estyl.pl\/blog\/wp-content\/uploads\/2011\/10\/lob_potargany_6.jpg\" rel=\"lightbox[3177]\"><img decoding=\"async\" loading=\"lazy\" class=\"alignnone wp-image-3207 size-medium\" title=\"Scarlett Johansson wygl\u0105da w lobie zjawiskowo\" src=\"https:\/\/estyl.pl\/blog\/wp-content\/uploads\/2011\/10\/lob_potargany_6-226x300.jpg\" alt=\"w\u0142osy do ramion blond kr\u0119cone\" width=\"226\" height=\"300\" srcset=\"https:\/\/estyl.pl\/blog\/wp-content\/uploads\/2011\/10\/lob_potargany_6-226x300.jpg 226w, https:\/\/estyl.pl\/blog\/wp-content\/uploads\/2011\/10\/lob_potargany_6-261x345.jpg 261w, https:\/\/estyl.pl\/blog\/wp-content\/uploads\/2011\/10\/lob_potargany_6.jpg 363w\" sizes=\"(max-width: 226px) 100vw, 226px\" \/><\/a><\/div>\n<div class=\"minpic\"><\/div>\n<p><strong>Do stylizacji loba w wersji potarganej<\/strong> potrzebowa\u0107 b\u0119dziesz produkt\u00f3w, kt\u00f3re utrzymaj\u0105 fryzur\u0119 w artystycznym nie\u0142adzie przez ca\u0142y dzie\u0144. Polecam:<\/p>\n\n<div class=\"minpic\"><\/div>\n<h3><strong>Fryzura lob w wersji naturalnej<\/strong><\/h3>\n<p>Lob w wersji naturalnej, czyli saute, sprawdzi si\u0119 u tych Pa\u0144, kt\u00f3re nie lubi\u0105 u\u017cywa\u0107 wielu \u015brodk\u00f3w do stylizacji w\u0142os\u00f3w. Ten typ fryzury podkre\u015bla naturaln\u0105 faktur\u0119 naszych w\u0142os\u00f3w \u2013 sprawdzi si\u0119 wi\u0119c zar\u00f3wno na w\u0142osach prostych, jak i kr\u0119conych. W\u0142osy powinny by\u0107 obci\u0119te na prosto, w\u0142\u0105czaj\u0105c w to grzywk\u0119. Cieniowanie ma na celu doda\u0107 fryzurze lekko\u015bci, wi\u0119c je\u015bli Twoje w\u0142osy s\u0105 grube popro\u015b fryzjera o ci\u0119cie. W przypadku w\u0142os\u00f3w zbyt delikatnych, nie\u00a0 musisz przerzedza\u0107 ich ko\u0144c\u00f3w. Pozw\u00f3l w\u0142osom \u017cy\u0107 swoim \u017cyciem, im bardziej s\u0105 niesforne, tym lepiej. Lob naturalny\u00a0 wygl\u0105da najlepiej, gdy w\u0142osy lekko faluj\u0105 na ko\u0144cach, sprawiaj\u0105c wra\u017cenie fryzury \u201eod niechcenia\u201d.<\/p>\n<div class=\"minpic\"><a href=\"https:\/\/estyl.pl\/blog\/wp-content\/uploads\/2011\/10\/lob_naturalny_1.jpg\" rel=\"lightbox[3177]\"><img decoding=\"async\" loading=\"lazy\" class=\"alignnone wp-image-3213 size-medium\" title=\"Do loba mo\u017cesz nosi\u0107 ozdobne opaski do w\u0142os\u00f3w\" src=\"https:\/\/estyl.pl\/blog\/wp-content\/uploads\/2011\/10\/lob_naturalny_1-199x300.jpg\" alt=\"fryzura lob z opask\u0105\" width=\"199\" height=\"300\" srcset=\"https:\/\/estyl.pl\/blog\/wp-content\/uploads\/2011\/10\/lob_naturalny_1-199x300.jpg 199w, https:\/\/estyl.pl\/blog\/wp-content\/uploads\/2011\/10\/lob_naturalny_1-261x392.jpg 261w, https:\/\/estyl.pl\/blog\/wp-content\/uploads\/2011\/10\/lob_naturalny_1.jpg 319w\" sizes=\"(max-width: 199px) 100vw, 199px\" \/><\/a><a href=\"https:\/\/estyl.pl\/blog\/wp-content\/uploads\/2011\/10\/lob_naturalny_2.jpg\" rel=\"lightbox[3177]\"><img decoding=\"async\" loading=\"lazy\" class=\"alignnone wp-image-3214 size-medium\" title=\"Opadaj\u0105c\u0105 grzyw\u0119 loba mo\u017cesz upi\u0105\u0107, co odejmuje lat\" src=\"https:\/\/estyl.pl\/blog\/wp-content\/uploads\/2011\/10\/lob_naturalny_2-225x300.jpg\" alt=\"fryzura lob bez uk\u0142adania\" width=\"225\" height=\"300\" srcset=\"https:\/\/estyl.pl\/blog\/wp-content\/uploads\/2011\/10\/lob_naturalny_2-225x300.jpg 225w, https:\/\/estyl.pl\/blog\/wp-content\/uploads\/2011\/10\/lob_naturalny_2-261x348.jpg 261w, https:\/\/estyl.pl\/blog\/wp-content\/uploads\/2011\/10\/lob_naturalny_2.jpg 360w\" sizes=\"(max-width: 225px) 100vw, 225px\" \/><\/a><a href=\"https:\/\/estyl.pl\/blog\/wp-content\/uploads\/2011\/10\/lob_naturalny_3.jpg\" rel=\"lightbox[3177]\"><img decoding=\"async\" loading=\"lazy\" class=\"alignnone wp-image-3215 size-medium\" title=\"Wywini\u0119te ko\u0144c\u00f3wki loba wygl\u0105daj\u0105 bardzo naturalnie\" src=\"https:\/\/estyl.pl\/blog\/wp-content\/uploads\/2011\/10\/lob_naturalny_3-206x300.jpg\" alt=\"fryzura lob\" width=\"206\" height=\"300\" srcset=\"https:\/\/estyl.pl\/blog\/wp-content\/uploads\/2011\/10\/lob_naturalny_3-206x300.jpg 206w, https:\/\/estyl.pl\/blog\/wp-content\/uploads\/2011\/10\/lob_naturalny_3-261x379.jpg 261w, https:\/\/estyl.pl\/blog\/wp-content\/uploads\/2011\/10\/lob_naturalny_3.jpg 330w\" sizes=\"(max-width: 206px) 100vw, 206px\" \/><\/a><a href=\"https:\/\/estyl.pl\/blog\/wp-content\/uploads\/2011\/10\/lob_naturalny_4.jpg\" rel=\"lightbox[3177]\"><img decoding=\"async\" loading=\"lazy\" class=\"alignnone wp-image-3216 \" title=\"Naturalny lob mo\u017ce by\u0107 ozdob\u0105 ka\u017cdej gali, wystarczy lekko wywin\u0105\u0107 grzywk\u0119\" src=\"https:\/\/estyl.pl\/blog\/wp-content\/uploads\/2011\/10\/lob_naturalny_4-225x300.jpg\" alt=\"lob jessica alba\" width=\"213\" height=\"284\" srcset=\"https:\/\/estyl.pl\/blog\/wp-content\/uploads\/2011\/10\/lob_naturalny_4-225x300.jpg 225w, https:\/\/estyl.pl\/blog\/wp-content\/uploads\/2011\/10\/lob_naturalny_4-261x348.jpg 261w, https:\/\/estyl.pl\/blog\/wp-content\/uploads\/2011\/10\/lob_naturalny_4.jpg 360w\" sizes=\"(max-width: 213px) 100vw, 213px\" \/><\/a><a href=\"https:\/\/estyl.pl\/blog\/wp-content\/uploads\/2011\/10\/lob_naturalny_5.jpg\" rel=\"lightbox[3177]\"><img decoding=\"async\" loading=\"lazy\" class=\"alignnone wp-image-3217 \" title=\"Lob naturalny nie wymaga wielu \u015brodk\u00f3w do stylizacji\" src=\"https:\/\/estyl.pl\/blog\/wp-content\/uploads\/2011\/10\/lob_naturalny_5-260x300.jpg\" alt=\"jennifer anninston w\u0142osy do ramion\" width=\"241\" height=\"278\" srcset=\"https:\/\/estyl.pl\/blog\/wp-content\/uploads\/2011\/10\/lob_naturalny_5-260x300.jpg 260w, https:\/\/estyl.pl\/blog\/wp-content\/uploads\/2011\/10\/lob_naturalny_5-261x301.jpg 261w, https:\/\/estyl.pl\/blog\/wp-content\/uploads\/2011\/10\/lob_naturalny_5.jpg 416w\" sizes=\"(max-width: 241px) 100vw, 241px\" \/><\/a><a href=\"https:\/\/estyl.pl\/blog\/wp-content\/uploads\/2011\/10\/lob_naturalny_6.jpg\" rel=\"lightbox[3177]\"><img decoding=\"async\" loading=\"lazy\" class=\"alignnone wp-image-3218 size-medium\" title=\"Magda Mielcarz w kr\u00f3tszej wersji loba wygl\u0105da dziewcz\u0119co \" src=\"https:\/\/estyl.pl\/blog\/wp-content\/uploads\/2011\/10\/lob_naturalny_6-200x300.jpg\" alt=\"fryzura lob blond w\u0142osy\" width=\"200\" height=\"300\" srcset=\"https:\/\/estyl.pl\/blog\/wp-content\/uploads\/2011\/10\/lob_naturalny_6-200x300.jpg 200w, https:\/\/estyl.pl\/blog\/wp-content\/uploads\/2011\/10\/lob_naturalny_6-261x391.jpg 261w, https:\/\/estyl.pl\/blog\/wp-content\/uploads\/2011\/10\/lob_naturalny_6.jpg 320w\" sizes=\"(max-width: 200px) 100vw, 200px\" \/><\/a><\/div>\n<div class=\"minpic\"><\/div>\n<p><strong>Lob w wersji au naturel<\/strong> nie wymaga wielu \u015brodk\u00f3w do stylizacji. Wa\u017cne, by kosmetyki, kt\u00f3re wybierzesz, nie obci\u0105\u017cy\u0142y nadmiernie w\u0142os\u00f3w. Tu zasada brzmi: im mniej, tym lepiej. Polecam:<\/p>\n\n<div class=\"minpic\"><\/div>\n<h3><strong>Fryzura lob w wersji g\u0142adkiej<\/strong><\/h3>\n<p>Lob w wersji g\u0142adkiej najlepiej sprawdzi si\u0119 u Pa\u0144 z prostymi w\u0142osami. Fryzura wygl\u0105da dobrze, gdy w\u0142osy s\u0105 l\u015bni\u0105ce i nie pusz\u0105 si\u0119, dlatego je\u015bli marzysz o tej wersji loba musisz postawi\u0107 na przyrz\u0105dy termiczne lub wyg\u0142adzaj\u0105ce \u015brodki do stylizacji w\u0142os\u00f3w.<\/p>\n<div class=\"minpic\"><a href=\"https:\/\/estyl.pl\/blog\/wp-content\/uploads\/2011\/10\/lob_gladki_1.jpg\" rel=\"lightbox[3177]\"><img decoding=\"async\" loading=\"lazy\" class=\"alignnone wp-image-3224 size-medium\" title=\"Lob z grzywk\u0105 u Reese Witherspoon\" src=\"https:\/\/estyl.pl\/blog\/wp-content\/uploads\/2011\/10\/lob_gladki_1-195x300.jpg\" alt=\"lob z grzywk\u0105 blond\" width=\"195\" height=\"300\" srcset=\"https:\/\/estyl.pl\/blog\/wp-content\/uploads\/2011\/10\/lob_gladki_1-195x300.jpg 195w, https:\/\/estyl.pl\/blog\/wp-content\/uploads\/2011\/10\/lob_gladki_1-261x400.jpg 261w, https:\/\/estyl.pl\/blog\/wp-content\/uploads\/2011\/10\/lob_gladki_1.jpg 313w\" sizes=\"(max-width: 195px) 100vw, 195px\" \/><\/a><a href=\"https:\/\/estyl.pl\/blog\/wp-content\/uploads\/2011\/10\/lob_gladki_2.jpg\" rel=\"lightbox[3177]\"><img decoding=\"async\" loading=\"lazy\" class=\"alignnone wp-image-3225 size-medium\" title=\"Prosty lob w wersji ze sko\u015bn\u0105 grzywk\u0105\" src=\"https:\/\/estyl.pl\/blog\/wp-content\/uploads\/2011\/10\/lob_gladki_2-204x300.jpg\" alt=\"lob z grzywk\u0105 na bok\" width=\"204\" height=\"300\" srcset=\"https:\/\/estyl.pl\/blog\/wp-content\/uploads\/2011\/10\/lob_gladki_2-204x300.jpg 204w, https:\/\/estyl.pl\/blog\/wp-content\/uploads\/2011\/10\/lob_gladki_2-261x383.jpg 261w, https:\/\/estyl.pl\/blog\/wp-content\/uploads\/2011\/10\/lob_gladki_2.jpg 327w\" sizes=\"(max-width: 204px) 100vw, 204px\" \/><\/a><a href=\"https:\/\/estyl.pl\/blog\/wp-content\/uploads\/2011\/10\/lob_gladki_3.jpg\" rel=\"lightbox[3177]\"><img decoding=\"async\" loading=\"lazy\" class=\"alignnone wp-image-3226 size-medium\" title=\"Naomi Watts w lobie z d\u0142ug\u0105 grzywk\u0105 wygl\u0105da zupe\u0142nie inaczej\" src=\"https:\/\/estyl.pl\/blog\/wp-content\/uploads\/2011\/10\/lob_gladki_3-211x300.jpg\" alt=\"naomi watts w\u0142osy\" width=\"211\" height=\"300\" srcset=\"https:\/\/estyl.pl\/blog\/wp-content\/uploads\/2011\/10\/lob_gladki_3-211x300.jpg 211w, https:\/\/estyl.pl\/blog\/wp-content\/uploads\/2011\/10\/lob_gladki_3-261x370.jpg 261w, https:\/\/estyl.pl\/blog\/wp-content\/uploads\/2011\/10\/lob_gladki_3.jpg 338w\" sizes=\"(max-width: 211px) 100vw, 211px\" \/><\/a><a href=\"https:\/\/estyl.pl\/blog\/wp-content\/uploads\/2011\/10\/lob_gladki_4.jpg\" rel=\"lightbox[3177]\"><img decoding=\"async\" loading=\"lazy\" class=\"alignnone wp-image-3227 size-medium\" title=\"D\u0142uga grzyw\u0119 loba mo\u017cesz bezceremonilanie za\u0142o\u017cy\u0107 za ucho\" src=\"https:\/\/estyl.pl\/blog\/wp-content\/uploads\/2011\/10\/lob_gladki_4-235x300.jpg\" alt=\"jessica alba w\u0142osy\" width=\"235\" height=\"300\" srcset=\"https:\/\/estyl.pl\/blog\/wp-content\/uploads\/2011\/10\/lob_gladki_4-235x300.jpg 235w, https:\/\/estyl.pl\/blog\/wp-content\/uploads\/2011\/10\/lob_gladki_4-261x333.jpg 261w, https:\/\/estyl.pl\/blog\/wp-content\/uploads\/2011\/10\/lob_gladki_4.jpg 376w\" sizes=\"(max-width: 235px) 100vw, 235px\" \/><\/a><a href=\"https:\/\/estyl.pl\/blog\/wp-content\/uploads\/2011\/10\/lob_gladki_6.jpg\" rel=\"lightbox[3177]\"><img decoding=\"async\" loading=\"lazy\" class=\"alignnone wp-image-3229 size-medium\" title=\"Jennifer Aniston zapocz\u0105tkowa\u0142a mod\u0119 na loba\" src=\"https:\/\/estyl.pl\/blog\/wp-content\/uploads\/2011\/10\/lob_gladki_6-200x300.jpg\" alt=\"jennifer aninston w\u0142osy\" width=\"200\" height=\"300\" srcset=\"https:\/\/estyl.pl\/blog\/wp-content\/uploads\/2011\/10\/lob_gladki_6-200x300.jpg 200w, https:\/\/estyl.pl\/blog\/wp-content\/uploads\/2011\/10\/lob_gladki_6-261x391.jpg 261w, https:\/\/estyl.pl\/blog\/wp-content\/uploads\/2011\/10\/lob_gladki_6.jpg 320w\" sizes=\"(max-width: 200px) 100vw, 200px\" \/><\/a><a href=\"https:\/\/estyl.pl\/blog\/wp-content\/uploads\/2011\/10\/lob_gladki_5.jpg\" rel=\"lightbox[3177]\"><img decoding=\"async\" loading=\"lazy\" class=\"alignnone wp-image-3228 size-medium\" title=\"Lob w wersji g\u0142adkiej powinien l\u015bni\u0107\" src=\"https:\/\/estyl.pl\/blog\/wp-content\/uploads\/2011\/10\/lob_gladki_5-195x300.jpg\" alt=\"anne hathaway w\u0142osy\" width=\"195\" height=\"300\" srcset=\"https:\/\/estyl.pl\/blog\/wp-content\/uploads\/2011\/10\/lob_gladki_5-195x300.jpg 195w, https:\/\/estyl.pl\/blog\/wp-content\/uploads\/2011\/10\/lob_gladki_5-261x401.jpg 261w, https:\/\/estyl.pl\/blog\/wp-content\/uploads\/2011\/10\/lob_gladki_5.jpg 312w\" sizes=\"(max-width: 195px) 100vw, 195px\" \/><\/a><\/div>\n<div class=\"minpic\"><\/div>\n<p><strong>Loba w wersji g\u0142adkiej naj\u0142adniej utrwal\u0105<\/strong> \u015brodki nab\u0142yszczaj\u0105ce i wyg\u0142adzaj\u0105ce w\u0142osy. Polecam:<\/p>\n\n<div class=\"minpic\"><\/div>\n<h3><b>Fryzura lob w wersji grey ombre<\/b><\/h3>\n<p><span style=\"font-weight: 400;\">Ombre to prze\u017cytek roku 2015, w 2016 roku kr\u00f3luje ombre, ale\u2026 popielate! Jest to ostatni hit dla wi\u0119kszo\u015bci brunetek. Dlatego nic dziwnego, \u017ce po\u0142\u0105czenie loba i popielatego <\/span><a href=\"https:\/\/estyl.pl\/blog\/2014\/01\/balejaz-czy-ombre-hair\/\"><span style=\"font-weight: 400;\">ombre<\/span><\/a><span style=\"font-weight: 400;\"> musia\u0142o przypa\u015b\u0107 do gustu rzeszy Polek. Piel\u0119gnacj\u0119 takich w\u0142os\u00f3w podziel na dwa stopnie: sk\u00f3ry g\u0142owy oraz ko\u0144c\u00f3wek. Piel\u0119gnacj\u0119 rozja\u015bnionych ko\u0144c\u00f3wek oprzyj w g\u0142\u00f3wnej mierze na nawil\u017caniu i nat\u0142uszczaniu. Zr\u00f3b wszystko, by je odci\u0105\u017cy\u0107 mask\u0105 z dodatkami <\/span><span style=\"font-weight: 400;\">olej\u00f3w, ceramid\u00f3w, alkoholi t\u0142uszczowych, silikon\u00f3w i wosk\u00f3w oraz silikonowym serum.<\/span><span style=\"font-weight: 400;\"> \u00a0<\/span><span style=\"font-weight: 400;\">\u00a0<\/span><span style=\"font-weight: 400;\">\u00a0<\/span><\/p>\n<p style=\"padding-left: 90px;\"><a href=\"https:\/\/estyl.pl\/blog\/wp-content\/uploads\/2011\/10\/Olivia_Palermo_Green_Auction_J0001_001.jpg\" target=\"_blank\" rel=\"noopener\" rel=\"lightbox[3177]\"><img decoding=\"async\" loading=\"lazy\" class=\"alignnone wp-image-30716\" title=\"Lob w wersji grey ombre\" src=\"https:\/\/estyl.pl\/blog\/wp-content\/uploads\/2011\/10\/Short-Bob-Haircut-with-Wavy-Hair-Ombre-Hairstyle-for-Women-580x570.jpg\" alt=\"lob w weresji grey ombre\" width=\"153\" height=\"150\" srcset=\"https:\/\/estyl.pl\/blog\/wp-content\/uploads\/2011\/10\/Short-Bob-Haircut-with-Wavy-Hair-Ombre-Hairstyle-for-Women-580x570.jpg 580w, https:\/\/estyl.pl\/blog\/wp-content\/uploads\/2011\/10\/Short-Bob-Haircut-with-Wavy-Hair-Ombre-Hairstyle-for-Women-300x295.jpg 300w, https:\/\/estyl.pl\/blog\/wp-content\/uploads\/2011\/10\/Short-Bob-Haircut-with-Wavy-Hair-Ombre-Hairstyle-for-Women-261x257.jpg 261w, https:\/\/estyl.pl\/blog\/wp-content\/uploads\/2011\/10\/Short-Bob-Haircut-with-Wavy-Hair-Ombre-Hairstyle-for-Women.jpg 598w\" sizes=\"(max-width: 153px) 100vw, 153px\" \/>\u00a0<img decoding=\"async\" loading=\"lazy\" class=\" wp-image-30714 alignnone\" title=\"Lob - grey ombre na prostych w\u0142osach\" src=\"https:\/\/estyl.pl\/blog\/wp-content\/uploads\/2011\/10\/kittycolourist_-silver-grey-580x580.jpg\" alt=\"Lob - grey ombre\" width=\"150\" height=\"150\" srcset=\"https:\/\/estyl.pl\/blog\/wp-content\/uploads\/2011\/10\/kittycolourist_-silver-grey-580x580.jpg 580w, https:\/\/estyl.pl\/blog\/wp-content\/uploads\/2011\/10\/kittycolourist_-silver-grey-300x300.jpg 300w, https:\/\/estyl.pl\/blog\/wp-content\/uploads\/2011\/10\/kittycolourist_-silver-grey-261x261.jpg 261w, https:\/\/estyl.pl\/blog\/wp-content\/uploads\/2011\/10\/kittycolourist_-silver-grey.jpg 620w\" sizes=\"(max-width: 150px) 100vw, 150px\" \/>\u00a0<img decoding=\"async\" loading=\"lazy\" class=\" wp-image-30713 alignnone\" title=\"Grey ombre na wyg\u0142adzonych w\u0142osach\" src=\"https:\/\/estyl.pl\/blog\/wp-content\/uploads\/2011\/10\/ea3fa1439aee3b72d02a0d72358af99d.jpg\" alt=\"Grey ombre na wyg\u0142adzonych w\u0142osach\" width=\"104\" height=\"150\" srcset=\"https:\/\/estyl.pl\/blog\/wp-content\/uploads\/2011\/10\/ea3fa1439aee3b72d02a0d72358af99d.jpg 236w, https:\/\/estyl.pl\/blog\/wp-content\/uploads\/2011\/10\/ea3fa1439aee3b72d02a0d72358af99d-207x300.jpg 207w\" sizes=\"(max-width: 104px) 100vw, 104px\" \/><img decoding=\"async\" loading=\"lazy\" class=\" wp-image-30712 alignnone\" title=\"Grey ombre tylko od nasady? Mo\u017cliwe!\" src=\"https:\/\/estyl.pl\/blog\/wp-content\/uploads\/2011\/10\/blugi-bob-szatynka.jpg\" alt=\"Grey ombre tylko od nasady? Mo\u017cliwe!\" width=\"120\" height=\"150\" srcset=\"https:\/\/estyl.pl\/blog\/wp-content\/uploads\/2011\/10\/blugi-bob-szatynka.jpg 500w, https:\/\/estyl.pl\/blog\/wp-content\/uploads\/2011\/10\/blugi-bob-szatynka-240x300.jpg 240w, https:\/\/estyl.pl\/blog\/wp-content\/uploads\/2011\/10\/blugi-bob-szatynka-261x327.jpg 261w\" sizes=\"(max-width: 120px) 100vw, 120px\" \/><\/a><\/p>\n<p style=\"padding-left: 240px;\"><a href=\"https:\/\/estyl.pl\/blog\/wp-content\/uploads\/2011\/10\/Olivia_Palermo_Green_Auction_J0001_001.jpg\" target=\"_blank\" rel=\"noopener\" rel=\"lightbox[3177]\"><img decoding=\"async\" loading=\"lazy\" class=\" wp-image-30711 alignnone\" title=\"Lob w wersji grey ombre\" src=\"https:\/\/estyl.pl\/blog\/wp-content\/uploads\/2011\/10\/aab4985adb9dded9cb8e4c06aa1420ba-580x580.jpg\" alt=\"Lob w wersji grey ombre\" width=\"150\" height=\"150\" srcset=\"https:\/\/estyl.pl\/blog\/wp-content\/uploads\/2011\/10\/aab4985adb9dded9cb8e4c06aa1420ba-580x580.jpg 580w, https:\/\/estyl.pl\/blog\/wp-content\/uploads\/2011\/10\/aab4985adb9dded9cb8e4c06aa1420ba-300x300.jpg 300w, https:\/\/estyl.pl\/blog\/wp-content\/uploads\/2011\/10\/aab4985adb9dded9cb8e4c06aa1420ba-261x261.jpg 261w, https:\/\/estyl.pl\/blog\/wp-content\/uploads\/2011\/10\/aab4985adb9dded9cb8e4c06aa1420ba.jpg 736w\" sizes=\"(max-width: 150px) 100vw, 150px\" \/>\u00a0<img decoding=\"async\" loading=\"lazy\" class=\" wp-image-30715 alignnone\" title=\"Delikatne grey ombre na lobie\" src=\"https:\/\/estyl.pl\/blog\/wp-content\/uploads\/2011\/10\/Olivia_Palermo_Green_Auction_J0001_001-580x826.jpg\" alt=\"Delikatne grey ombre\" width=\"105\" height=\"150\" srcset=\"https:\/\/estyl.pl\/blog\/wp-content\/uploads\/2011\/10\/Olivia_Palermo_Green_Auction_J0001_001-580x826.jpg 580w, https:\/\/estyl.pl\/blog\/wp-content\/uploads\/2011\/10\/Olivia_Palermo_Green_Auction_J0001_001-211x300.jpg 211w, https:\/\/estyl.pl\/blog\/wp-content\/uploads\/2011\/10\/Olivia_Palermo_Green_Auction_J0001_001-755x1076.jpg 755w, https:\/\/estyl.pl\/blog\/wp-content\/uploads\/2011\/10\/Olivia_Palermo_Green_Auction_J0001_001-261x372.jpg 261w, https:\/\/estyl.pl\/blog\/wp-content\/uploads\/2011\/10\/Olivia_Palermo_Green_Auction_J0001_001.jpg 1123w\" sizes=\"(max-width: 105px) 100vw, 105px\" \/><\/a><\/p>\n<p><b>Loba w wersji ombre najlepiej zregeneruj\u0105 <\/b><span style=\"font-weight: 400;\">\u015brodki nat\u0142uszczaj\u0105ce i nawil\u017caj\u0105ce w\u0142osy. Polecam:<\/span><\/p>\n\n<h3><b>Fryzura lob w wersji kr\u0119conej<\/b><\/h3>\n<p><span style=\"font-weight: 400;\">Sta\u0142o si\u0119 tak, \u017ce o falowanych w\u0142osach marzy coraz wi\u0119cej kobiet, a do salon\u00f3w wr\u00f3ci\u0142a moda na trwa\u0142\u0105. W\u0142osy kr\u0119cone nie s\u0105 naj\u0142atwiejsze w piel\u0119gnacji, ani wcale w \u201ceksploatacji\u201d, jednak sprawiaj\u0105 wra\u017cenie wi\u0119kszej <\/span><a href=\"https:\/\/estyl.pl\/blog\/2013\/03\/alterna-bamboo-abundant-volume-odzywka-dodajaca-objetosci\/\"><span style=\"font-weight: 400;\">obj\u0119to\u015bci<\/span><\/a><span style=\"font-weight: 400;\"> oraz \u201clekko\u015bci\u201d fryzury. Tak jak w przypadku loba ombre, fryzura lob z kr\u0119conych w\u0142os\u00f3w r\u00f3wnie\u017c daje zniewalaj\u0105ce efekty. Oczywi\u015bcie nie mo\u017ce by\u0107 wy\u0142\u0105cznie kolorowo, kr\u0119cone w\u0142osy maj\u0105 tendencj\u0119 do przesuszania, elektryzowania i tracenia na spr\u0119\u017cysto\u015bci. Przed tymi z nas, kt\u00f3re nie maj\u0105 naturalnych lok\u00f3w, a chc\u0105 taki efekt uzyska\u0107, stoi jeszcze wi\u0119ksze wyzwanie: podkr\u0119cenie to jedna sprawa, ale p\u00f3\u017aniejsza piel\u0119gnacja staje si\u0119 prawdziw\u0105 zmor\u0105. <a href=\"https:\/\/estyl.pl\/davines-oi-oil-olejek-do-wlosow-50ml\" data-internallinksmanager029f6b8e52c=\"9\" title=\"Davines Oi Oi olejek do w\u0142os\u00f3w\" target=\"_blank\" rel=\"noopener\">Olejek<\/a>, czy to arganowy, czy kokosowy, czy jakikolwiek inny, to podstawa. Powinna\u015b wystrzega\u0107 si\u0119 r\u00f3wnie\u017c szampon\u00f3w o silnych detergentach. Szampony naturalne, zio\u0142owe albo dla dzieci wystarczaj\u0105 i spe\u0142ni\u0105 swoj\u0105 funkcj\u0119. Ponadto, by uzyska\u0107 efekt puszysto\u015bci, nale\u017cy w\u0142osy rozczesywa\u0107 jeszcze, gdy s\u0105 mokre i najwa\u017cniejsze, pozwoli\u0107 im wyschn\u0105\u0107 naturalnie &#8211; bez u\u017cywania suszarki.<\/span><\/p>\n<p style=\"padding-left: 60px;\"><a href=\"https:\/\/estyl.pl\/blog\/wp-content\/uploads\/2011\/10\/8d523fed8522c31da61973a226497e1c.jpg\" target=\"_blank\" rel=\"noopener\" rel=\"lightbox[3177]\"><img decoding=\"async\" loading=\"lazy\" class=\"alignnone wp-image-30724\" title=\"Lob w bardzo zakr\u0119conej wersji\" src=\"https:\/\/estyl.pl\/blog\/wp-content\/uploads\/2011\/10\/8d523fed8522c31da61973a226497e1c.jpg\" alt=\"Lob w bardzo zakr\u0119conej wersji\" width=\"153\" height=\"150\" \/><\/a>\u00a0<a href=\"https:\/\/estyl.pl\/blog\/wp-content\/uploads\/2011\/10\/141.jpg\" target=\"_blank\" rel=\"noopener\" rel=\"lightbox[3177]\"><img decoding=\"async\" loading=\"lazy\" class=\"alignnone wp-image-30725\" title=\"Delikatne fale\" src=\"https:\/\/estyl.pl\/blog\/wp-content\/uploads\/2011\/10\/141.jpg\" alt=\"Delikatne fale\" width=\"106\" height=\"150\" \/><\/a>\u00a0<a href=\"https:\/\/estyl.pl\/blog\/wp-content\/uploads\/2011\/10\/f170ba388c07c1224e13555c2410cb37.jpg\" target=\"_blank\" rel=\"noopener\" rel=\"lightbox[3177]\"><img decoding=\"async\" loading=\"lazy\" class=\"alignnone wp-image-30726\" title=\"Loki na fryzurze lob\" src=\"https:\/\/estyl.pl\/blog\/wp-content\/uploads\/2011\/10\/f170ba388c07c1224e13555c2410cb37.jpg\" alt=\"Loki na fryzurze lob\" width=\"154\" height=\"150\" \/><\/a>\u00a0<a href=\"https:\/\/estyl.pl\/blog\/wp-content\/uploads\/2011\/10\/Medium-Wavy-Hairstyle-Feminine-Soft-Wavy-Curly-Long-Bob.jpg\" target=\"_blank\" rel=\"noopener\" rel=\"lightbox[3177]\"><img decoding=\"async\" loading=\"lazy\" class=\"alignnone wp-image-30727\" title=\"Curly long bob\" src=\"https:\/\/estyl.pl\/blog\/wp-content\/uploads\/2011\/10\/Medium-Wavy-Hairstyle-Feminine-Soft-Wavy-Curly-Long-Bob.jpg\" alt=\"Curly long bob\" width=\"107\" height=\"150\" srcset=\"https:\/\/estyl.pl\/blog\/wp-content\/uploads\/2011\/10\/Medium-Wavy-Hairstyle-Feminine-Soft-Wavy-Curly-Long-Bob.jpg 496w, https:\/\/estyl.pl\/blog\/wp-content\/uploads\/2011\/10\/Medium-Wavy-Hairstyle-Feminine-Soft-Wavy-Curly-Long-Bob-214x300.jpg 214w, https:\/\/estyl.pl\/blog\/wp-content\/uploads\/2011\/10\/Medium-Wavy-Hairstyle-Feminine-Soft-Wavy-Curly-Long-Bob-261x365.jpg 261w\" sizes=\"(max-width: 107px) 100vw, 107px\" \/><\/a><\/p>\n<p style=\"padding-left: 210px;\"><a href=\"https:\/\/estyl.pl\/blog\/wp-content\/uploads\/2011\/10\/pag-7-wob.jpg\" target=\"_blank\" rel=\"noopener\" rel=\"lightbox[3177]\"><img decoding=\"async\" loading=\"lazy\" class=\"alignnone wp-image-30728\" title=\"Zakr\u0119cony lob\" src=\"https:\/\/estyl.pl\/blog\/wp-content\/uploads\/2011\/10\/pag-7-wob.jpg\" alt=\"Zakr\u0119cony lob\" width=\"150\" height=\"150\" srcset=\"https:\/\/estyl.pl\/blog\/wp-content\/uploads\/2011\/10\/pag-7-wob.jpg 550w, https:\/\/estyl.pl\/blog\/wp-content\/uploads\/2011\/10\/pag-7-wob-300x300.jpg 300w, https:\/\/estyl.pl\/blog\/wp-content\/uploads\/2011\/10\/pag-7-wob-261x261.jpg 261w\" sizes=\"(max-width: 150px) 100vw, 150px\" \/><\/a>\u00a0<a href=\"https:\/\/estyl.pl\/blog\/wp-content\/uploads\/2011\/10\/pobrane.jpg\" target=\"_blank\" rel=\"noopener\" rel=\"lightbox[3177]\"><img decoding=\"async\" loading=\"lazy\" class=\"alignnone wp-image-30729\" title=\"D\u0142ugi lob w wersji falowanej\" src=\"https:\/\/estyl.pl\/blog\/wp-content\/uploads\/2011\/10\/pobrane.jpg\" alt=\"D\u0142ugi lob\" width=\"114\" height=\"150\" \/><\/a><\/p>\n<p><b>Loba w wersji kr\u0119conej naj\u0142adniej zregeneruj\u0105 <\/b><span style=\"font-weight: 400;\">\u015brodki nawil\u017caj\u0105ce w\u0142osy. Polecam:<\/span><\/p>\n\n<p><b>Poza kosmetykami, warto zadba\u0107 r\u00f3wnie\u017c o odpowiedni <\/b><a href=\"https:\/\/estyl.pl\/macadamia-healing-oil-infused-comb-grzebien-nasaczony-olejkami\"><b>grzebie\u0144 do rozczesywania<\/b><\/a><b>.\u00a0<\/b><b>Najwa\u017cniejsze, by mia\u0142 szeroko rozstawione z\u0105bki.<\/b><\/p>\n<h3><b>Fryzura lob w wersji podpi\u0119tej<\/b><\/h3>\n<p><span style=\"font-weight: 400;\">Powiew lat czterdziestych mo\u017cna odczu\u0107 od jakiego\u015b czasu na polskich ulicach. Retro i pin-up girls wr\u00f3ci\u0142y do mody z zawrotn\u0105 pr\u0119dko\u015bci\u0105 kelnerek w barach typu roller drive. Lob fryzura, a do tego podpi\u0119ta, jeszcze bardziej zwi\u0119kszy obj\u0119to\u015b\u0107 Twoich w\u0142os\u00f3w, dlatego \u015bwietnie sprawdzi si\u0119 przy w\u0142osach cienkich i rzadkich. Pasma mo\u017cna podpi\u0105\u0107 metod\u0105 na faux boba. Czyli podkr\u0119ci\u0107, podtapirowa\u0107, skr\u0119ci\u0107 pasemka i podpina\u0107 wsuwkami. Tapirowanie jest jednak \u00a0bardzo wyniszczaj\u0105cym w\u0142osy zabiegiem, dlatego warto zadba\u0107 o szczeg\u00f3ln\u0105 piel\u0119gnacj\u0119 i postawi\u0107 na <\/span><a href=\"https:\/\/estyl.pl\/blog\/2016\/09\/jak-dobrac-odzywke-do-rodzaju-wlosow\/\" target=\"_blank\" rel=\"noopener\"><span style=\"font-weight: 400;\">od\u017cywki<\/span><\/a><span style=\"font-weight: 400;\">. \u015awietnie si\u0119 tutaj sprawdz\u0105 kosmetyki z zawarto\u015bci\u0105 aloesu.<\/span><\/p>\n<p style=\"padding-left: 120px;\"><a href=\"https:\/\/estyl.pl\/blog\/wp-content\/uploads\/2011\/10\/fau-434x560.jpg\" target=\"_blank\" rel=\"noopener\" rel=\"lightbox[3177]\"><img decoding=\"async\" loading=\"lazy\" class=\"alignnone wp-image-30736\" title=\"Lob podpi\u0119ty metod\u0105 faux bob\" src=\"https:\/\/estyl.pl\/blog\/wp-content\/uploads\/2011\/10\/fau-434x560.jpg\" alt=\"Lob podpi\u0119ty metod\u0105 faux bob\" width=\"116\" height=\"150\" srcset=\"https:\/\/estyl.pl\/blog\/wp-content\/uploads\/2011\/10\/fau-434x560.jpg 434w, https:\/\/estyl.pl\/blog\/wp-content\/uploads\/2011\/10\/fau-434x560-233x300.jpg 233w, https:\/\/estyl.pl\/blog\/wp-content\/uploads\/2011\/10\/fau-434x560-261x337.jpg 261w\" sizes=\"(max-width: 116px) 100vw, 116px\" \/><\/a>\u00a0<a href=\"https:\/\/estyl.pl\/blog\/wp-content\/uploads\/2011\/10\/images.jpg\" target=\"_blank\" rel=\"noopener\" rel=\"lightbox[3177]\"><img decoding=\"async\" loading=\"lazy\" class=\"alignnone wp-image-30737\" title=\"Delikatne upi\u0119cie loba\" src=\"https:\/\/estyl.pl\/blog\/wp-content\/uploads\/2011\/10\/images.jpg\" alt=\"Delikatne upi\u0119cie loba\" width=\"100\" height=\"150\" \/><\/a>\u00a0<a href=\"https:\/\/estyl.pl\/blog\/wp-content\/uploads\/2011\/10\/kate-winslet-w-granatowej-sukni-i-wlosach-podpietych-z-boku-336711-GALLERY_600.jpg\" target=\"_blank\" rel=\"noopener\" rel=\"lightbox[3177]\"><img decoding=\"async\" loading=\"lazy\" class=\"alignnone wp-image-30738\" title=\"Zmys\u0142owa elegancja \" src=\"https:\/\/estyl.pl\/blog\/wp-content\/uploads\/2011\/10\/kate-winslet-w-granatowej-sukni-i-wlosach-podpietych-z-boku-336711-GALLERY_600-580x737.jpg\" alt=\"Zmys\u0142owa elegancja\" width=\"118\" height=\"150\" srcset=\"https:\/\/estyl.pl\/blog\/wp-content\/uploads\/2011\/10\/kate-winslet-w-granatowej-sukni-i-wlosach-podpietych-z-boku-336711-GALLERY_600-580x737.jpg 580w, https:\/\/estyl.pl\/blog\/wp-content\/uploads\/2011\/10\/kate-winslet-w-granatowej-sukni-i-wlosach-podpietych-z-boku-336711-GALLERY_600-236x300.jpg 236w, https:\/\/estyl.pl\/blog\/wp-content\/uploads\/2011\/10\/kate-winslet-w-granatowej-sukni-i-wlosach-podpietych-z-boku-336711-GALLERY_600-261x332.jpg 261w, https:\/\/estyl.pl\/blog\/wp-content\/uploads\/2011\/10\/kate-winslet-w-granatowej-sukni-i-wlosach-podpietych-z-boku-336711-GALLERY_600.jpg 599w\" sizes=\"(max-width: 118px) 100vw, 118px\" \/><\/a>\u00a0<a href=\"https:\/\/estyl.pl\/blog\/wp-content\/uploads\/2011\/10\/pobrane-11.jpg\" target=\"_blank\" rel=\"noopener\" rel=\"lightbox[3177]\"><img decoding=\"async\" loading=\"lazy\" class=\"alignnone wp-image-30739\" title=\"Zakr\u0119cony d\u0142ugi bob\" src=\"https:\/\/estyl.pl\/blog\/wp-content\/uploads\/2011\/10\/pobrane-11.jpg\" alt=\"Zakr\u0119cony d\u0142ugi bob\" width=\"112\" height=\"150\" \/><\/a><\/p>\n<p style=\"padding-left: 210px;\">\u00a0<a href=\"https:\/\/estyl.pl\/blog\/wp-content\/uploads\/2011\/10\/pobrane-2.jpg\" target=\"_blank\" rel=\"noopener\" rel=\"lightbox[3177]\"><img decoding=\"async\" loading=\"lazy\" class=\"alignnone wp-image-30740\" title=\"Stylowa elegancja\" src=\"https:\/\/estyl.pl\/blog\/wp-content\/uploads\/2011\/10\/pobrane-2.jpg\" alt=\"Stylowa elegancja\" width=\"112\" height=\"150\" \/><\/a>\u00a0<a href=\"https:\/\/estyl.pl\/blog\/wp-content\/uploads\/2011\/10\/TrendReport_FauxBobs.png\" target=\"_blank\" rel=\"noopener\" rel=\"lightbox[3177]\"><img decoding=\"async\" loading=\"lazy\" class=\"alignnone wp-image-30741\" title=\"Delikatne, ale jak\u017ce romantyczne upi\u0119cie\" src=\"https:\/\/estyl.pl\/blog\/wp-content\/uploads\/2011\/10\/TrendReport_FauxBobs.png\" alt=\"Delikatne, ale jak\u017ce romantyczne upi\u0119cie\" width=\"150\" height=\"150\" srcset=\"https:\/\/estyl.pl\/blog\/wp-content\/uploads\/2011\/10\/TrendReport_FauxBobs.png 390w, https:\/\/estyl.pl\/blog\/wp-content\/uploads\/2011\/10\/TrendReport_FauxBobs-300x300.png 300w, https:\/\/estyl.pl\/blog\/wp-content\/uploads\/2011\/10\/TrendReport_FauxBobs-261x261.png 261w\" sizes=\"(max-width: 150px) 100vw, 150px\" \/><\/a><\/p>\n<h2>Dla kogo fryzura lob?<\/h2>\n<ul>\n<li style=\"font-weight: 400;\"><span style=\"font-weight: 400;\">kobiet w ka\u017cdym przedziale wiekowym, bo doskonale odm\u0142adza rysy twarzy,<\/span><\/li>\n<li style=\"font-weight: 400;\"><span style=\"font-weight: 400;\">zapuszczaj\u0105cych w\u0142osy, jako fryzura przej\u015bciowa,<\/span><\/li>\n<li style=\"font-weight: 400;\"><span style=\"font-weight: 400;\">tych, kt\u00f3rych w\u0142osy s\u0105 zbyt cienkie, by nosi\u0107 je d\u0142ugie,<\/span><\/li>\n<li style=\"font-weight: 400;\"><span style=\"font-weight: 400;\">pragn\u0105cych tymczasowej odmiany swojej fryzury, ale bez drastycznych zmian.<\/span><\/li>\n<li style=\"font-weight: 400;\"><span style=\"font-weight: 400;\">tych, kt\u00f3re szukaj\u0105 nowego pomys\u0142u na w\u0142osy do ramion<\/span><\/li>\n<\/ul>\n","protected":false},"excerpt":{"rendered":"<p>W\u0142osy do ramion kojarzy\u0142y si\u0119 do tej pory z nud\u0105 i bezpiecznym wyborem kobiety, kt\u00f3ra nie chce mie\u0107 ani d\u0142ugiej, ani kr\u00f3tkiej fryzury. Tymczasem fryzura lob szturmem zdobywa pokazy mody i ulice. Na czym polega jej fenomen? Jak stylizowa\u0107 long boba? Komu b\u0119dzie pasowa\u0142a fryzura do ramion? Odpowiedzi znajdziesz w artykule.<\/p>\n","protected":false},"author":23,"featured_media":24948,"comment_status":"open","ping_status":"closed","sticky":false,"template":"","format":"standard","meta":{"_eb_attr":""},"categories":[5],"tags":[13,368,2126,20,121,105,316],"acf":[],"yoast_head":"<!-- This site is optimized with the Yoast SEO plugin v20.8 - https:\/\/yoast.com\/wordpress\/plugins\/seo\/ -->\n<title>Fryzura lob - dla kogo? Jak stylizowa\u0107 w\u0142osy do ramion?<\/title>\n<meta name=\"description\" content=\"Fryzura lob niejedno ma imi\u0119. Sprawd\u017a r\u00f3\u017cne warianty ci\u0119cia i stylizacji. Dowiedz si\u0119, czy pasuj\u0105 Ci w\u0142osy do ramion.\" \/>\n<meta name=\"robots\" content=\"index, follow, max-snippet:-1, max-image-preview:large, max-video-preview:-1\" \/>\n<link rel=\"canonical\" href=\"https:\/\/estyl.pl\/blog\/wlosy-do-ramion\/\" \/>\n<meta property=\"og:locale\" content=\"pl_PL\" \/>\n<meta property=\"og:type\" content=\"article\" \/>\n<meta property=\"og:title\" content=\"Fryzura lob - dla kogo? Jak stylizowa\u0107 w\u0142osy do ramion?\" \/>\n<meta property=\"og:description\" content=\"Fryzura lob niejedno ma imi\u0119. Sprawd\u017a r\u00f3\u017cne warianty ci\u0119cia i stylizacji. Dowiedz si\u0119, czy pasuj\u0105 Ci w\u0142osy do ramion.\" \/>\n<meta property=\"og:url\" content=\"https:\/\/estyl.pl\/blog\/wlosy-do-ramion\/\" \/>\n<meta property=\"og:site_name\" content=\"Blog | Estyl.pl\" \/>\n<meta property=\"article:author\" content=\"kdrogowskakwasnik\" \/>\n<meta property=\"article:published_time\" content=\"2011-10-05T12:00:14+00:00\" \/>\n<meta property=\"article:modified_time\" content=\"2021-02-16T14:25:38+00:00\" \/>\n<meta property=\"og:image\" content=\"https:\/\/estyl.pl\/blog\/wp-content\/uploads\/2011\/10\/fryzura-lob.jpg\" \/>\n\t<meta property=\"og:image:width\" content=\"755\" \/>\n\t<meta property=\"og:image:height\" content=\"320\" \/>\n\t<meta property=\"og:image:type\" content=\"image\/jpeg\" \/>\n<meta name=\"author\" content=\"Karolina\" \/>\n<meta name=\"twitter:label1\" content=\"Napisane przez\" \/>\n\t<meta name=\"twitter:data1\" content=\"Karolina\" \/>\n\t<meta name=\"twitter:label2\" content=\"Szacowany czas czytania\" \/>\n\t<meta name=\"twitter:data2\" content=\"13 minut\" \/>\n<script type=\"application\/ld+json\" class=\"yoast-schema-graph\">{\"@context\":\"https:\/\/schema.org\",\"@graph\":[{\"@type\":\"WebPage\",\"@id\":\"https:\/\/estyl.pl\/blog\/wlosy-do-ramion\/\",\"url\":\"https:\/\/estyl.pl\/blog\/wlosy-do-ramion\/\",\"name\":\"Fryzura lob - dla kogo? Jak stylizowa\u0107 w\u0142osy do ramion?\",\"isPartOf\":{\"@id\":\"https:\/\/estyl.pl\/blog\/#website\"},\"datePublished\":\"2011-10-05T12:00:14+00:00\",\"dateModified\":\"2021-02-16T14:25:38+00:00\",\"author\":{\"@id\":\"https:\/\/estyl.pl\/blog\/#\/schema\/person\/debe1fb907542b5dc82bccc2029e474f\"},\"description\":\"Fryzura lob niejedno ma imi\u0119. Sprawd\u017a r\u00f3\u017cne warianty ci\u0119cia i stylizacji. Dowiedz si\u0119, czy pasuj\u0105 Ci w\u0142osy do ramion.\",\"breadcrumb\":{\"@id\":\"https:\/\/estyl.pl\/blog\/wlosy-do-ramion\/#breadcrumb\"},\"inLanguage\":\"pl-PL\",\"potentialAction\":[{\"@type\":\"ReadAction\",\"target\":[\"https:\/\/estyl.pl\/blog\/wlosy-do-ramion\/\"]}]},{\"@type\":\"BreadcrumbList\",\"@id\":\"https:\/\/estyl.pl\/blog\/wlosy-do-ramion\/#breadcrumb\",\"itemListElement\":[{\"@type\":\"ListItem\",\"position\":1,\"name\":\"Stylizacja w\u0142os\u00f3w\",\"item\":\"https:\/\/estyl.pl\/blog\/stylizacja-wlosow\/\"},{\"@type\":\"ListItem\",\"position\":2,\"name\":\"Fryzura lob szturmem podbija \u015bwiat\"}]},{\"@type\":\"WebSite\",\"@id\":\"https:\/\/estyl.pl\/blog\/#website\",\"url\":\"https:\/\/estyl.pl\/blog\/\",\"name\":\"Blog | Estyl.pl\",\"description\":\"Kosmetyki do w\u0142os\u00f3w, porady, piel\u0119gnacja, stylizacja\",\"potentialAction\":[{\"@type\":\"SearchAction\",\"target\":{\"@type\":\"EntryPoint\",\"urlTemplate\":\"https:\/\/estyl.pl\/blog\/?s={search_term_string}\"},\"query-input\":\"required name=search_term_string\"}],\"inLanguage\":\"pl-PL\"},{\"@type\":\"Person\",\"@id\":\"https:\/\/estyl.pl\/blog\/#\/schema\/person\/debe1fb907542b5dc82bccc2029e474f\",\"name\":\"Karolina\",\"description\":\"Absolwentka kosmetologii i dietetyki na \u015al\u0105skiej Wy\u017cszej Szkole Medycznej w Katowicach. Ze sklepem Estyl.pl zwi\u0105zana od wielu lat. Wiedz\u0119 na temat produkt\u00f3w zebra\u0142a pracuj\u0105c w sklepie stacjonanym w Katowicach. Aktualnie pracuje jako copywriter, co daje jej du\u017co satysfakcji. Uwielbia testowa\u0107 nowe kosmetyki.\",\"sameAs\":[\"kdrogowskakwasnik\"],\"url\":\"https:\/\/estyl.pl\/blog\/author\/k-mistalsiekiera\/\"}]}<\/script>\n<!-- \/ Yoast SEO plugin. -->","yoast_head_json":{"title":"Fryzura lob - dla kogo? Jak stylizowa\u0107 w\u0142osy do ramion?","description":"Fryzura lob niejedno ma imi\u0119. Sprawd\u017a r\u00f3\u017cne warianty ci\u0119cia i stylizacji. Dowiedz si\u0119, czy pasuj\u0105 Ci w\u0142osy do ramion.","robots":{"index":"index","follow":"follow","max-snippet":"max-snippet:-1","max-image-preview":"max-image-preview:large","max-video-preview":"max-video-preview:-1"},"canonical":"https:\/\/estyl.pl\/blog\/wlosy-do-ramion\/","og_locale":"pl_PL","og_type":"article","og_title":"Fryzura lob - dla kogo? Jak stylizowa\u0107 w\u0142osy do ramion?","og_description":"Fryzura lob niejedno ma imi\u0119. Sprawd\u017a r\u00f3\u017cne warianty ci\u0119cia i stylizacji. Dowiedz si\u0119, czy pasuj\u0105 Ci w\u0142osy do ramion.","og_url":"https:\/\/estyl.pl\/blog\/wlosy-do-ramion\/","og_site_name":"Blog | Estyl.pl","article_author":"kdrogowskakwasnik","article_published_time":"2011-10-05T12:00:14+00:00","article_modified_time":"2021-02-16T14:25:38+00:00","og_image":[{"width":755,"height":320,"url":"https:\/\/estyl.pl\/blog\/wp-content\/uploads\/2011\/10\/fryzura-lob.jpg","type":"image\/jpeg"}],"author":"Karolina","twitter_misc":{"Napisane przez":"Karolina","Szacowany czas czytania":"13 minut"},"schema":{"@context":"https:\/\/schema.org","@graph":[{"@type":"WebPage","@id":"https:\/\/estyl.pl\/blog\/wlosy-do-ramion\/","url":"https:\/\/estyl.pl\/blog\/wlosy-do-ramion\/","name":"Fryzura lob - dla kogo? Jak stylizowa\u0107 w\u0142osy do ramion?","isPartOf":{"@id":"https:\/\/estyl.pl\/blog\/#website"},"datePublished":"2011-10-05T12:00:14+00:00","dateModified":"2021-02-16T14:25:38+00:00","author":{"@id":"https:\/\/estyl.pl\/blog\/#\/schema\/person\/debe1fb907542b5dc82bccc2029e474f"},"description":"Fryzura lob niejedno ma imi\u0119. Sprawd\u017a r\u00f3\u017cne warianty ci\u0119cia i stylizacji. Dowiedz si\u0119, czy pasuj\u0105 Ci w\u0142osy do ramion.","breadcrumb":{"@id":"https:\/\/estyl.pl\/blog\/wlosy-do-ramion\/#breadcrumb"},"inLanguage":"pl-PL","potentialAction":[{"@type":"ReadAction","target":["https:\/\/estyl.pl\/blog\/wlosy-do-ramion\/"]}]},{"@type":"BreadcrumbList","@id":"https:\/\/estyl.pl\/blog\/wlosy-do-ramion\/#breadcrumb","itemListElement":[{"@type":"ListItem","position":1,"name":"Stylizacja w\u0142os\u00f3w","item":"https:\/\/estyl.pl\/blog\/stylizacja-wlosow\/"},{"@type":"ListItem","position":2,"name":"Fryzura lob szturmem podbija \u015bwiat"}]},{"@type":"WebSite","@id":"https:\/\/estyl.pl\/blog\/#website","url":"https:\/\/estyl.pl\/blog\/","name":"Blog | Estyl.pl","description":"Kosmetyki do w\u0142os\u00f3w, porady, piel\u0119gnacja, stylizacja","potentialAction":[{"@type":"SearchAction","target":{"@type":"EntryPoint","urlTemplate":"https:\/\/estyl.pl\/blog\/?s={search_term_string}"},"query-input":"required name=search_term_string"}],"inLanguage":"pl-PL"},{"@type":"Person","@id":"https:\/\/estyl.pl\/blog\/#\/schema\/person\/debe1fb907542b5dc82bccc2029e474f","name":"Karolina","description":"Absolwentka kosmetologii i dietetyki na \u015al\u0105skiej Wy\u017cszej Szkole Medycznej w Katowicach. Ze sklepem Estyl.pl zwi\u0105zana od wielu lat. Wiedz\u0119 na temat produkt\u00f3w zebra\u0142a pracuj\u0105c w sklepie stacjonanym w Katowicach. Aktualnie pracuje jako copywriter, co daje jej du\u017co satysfakcji. Uwielbia testowa\u0107 nowe kosmetyki.","sameAs":["kdrogowskakwasnik"],"url":"https:\/\/estyl.pl\/blog\/author\/k-mistalsiekiera\/"}]}},"_links":{"self":[{"href":"https:\/\/estyl.pl\/blog\/wp-json\/wp\/v2\/posts\/3177"}],"collection":[{"href":"https:\/\/estyl.pl\/blog\/wp-json\/wp\/v2\/posts"}],"about":[{"href":"https:\/\/estyl.pl\/blog\/wp-json\/wp\/v2\/types\/post"}],"author":[{"embeddable":true,"href":"https:\/\/estyl.pl\/blog\/wp-json\/wp\/v2\/users\/23"}],"replies":[{"embeddable":true,"href":"https:\/\/estyl.pl\/blog\/wp-json\/wp\/v2\/comments?post=3177"}],"version-history":[{"count":126,"href":"https:\/\/estyl.pl\/blog\/wp-json\/wp\/v2\/posts\/3177\/revisions"}],"predecessor-version":[{"id":37639,"href":"https:\/\/estyl.pl\/blog\/wp-json\/wp\/v2\/posts\/3177\/revisions\/37639"}],"wp:featuredmedia":[{"embeddable":true,"href":"https:\/\/estyl.pl\/blog\/wp-json\/wp\/v2\/media\/24948"}],"wp:attachment":[{"href":"https:\/\/estyl.pl\/blog\/wp-json\/wp\/v2\/media?parent=3177"}],"wp:term":[{"taxonomy":"category","embeddable":true,"href":"https:\/\/estyl.pl\/blog\/wp-json\/wp\/v2\/categories?post=3177"},{"taxonomy":"post_tag","embeddable":true,"href":"https:\/\/estyl.pl\/blog\/wp-json\/wp\/v2\/tags?post=3177"}],"curies":[{"name":"wp","href":"https:\/\/api.w.org\/{rel}","templated":true}]}}