{"id":31849,"date":"2017-02-03T09:00:30","date_gmt":"2017-02-03T07:00:30","guid":{"rendered":"https:\/\/estyl.pl\/blog\/?p=31849"},"modified":"2019-06-26T12:29:40","modified_gmt":"2019-06-26T10:29:40","slug":"ulubiency-tygodnia-czyli-wspaniala-siodemka","status":"publish","type":"post","link":"https:\/\/estyl.pl\/blog\/ulubiency-tygodnia-czyli-wspaniala-siodemka\/","title":{"rendered":"Ulubie\u0144cy Tygodnia czyli Wspania\u0142a Si\u00f3demka"},"content":{"rendered":"<p class=\"product-box__desc__heading\" style=\"text-align: justify;\">Koniec tygodnia to czas na kolejny wpis pod tytu\u0142em Ulubie\u0144cy Tygodnia. Przedstawiamy Wam kolejn\u0105 si\u00f3demk\u0119 produkt\u00f3w, kt\u00f3re skrad\u0142y Wasze serca. Zastanawiacie si\u0119, kt\u00f3re produkty\u00a0znalaz\u0142y si\u0119 na naszej li\u015bcie? Zobaczcie sami!<\/p>\n<p><!--more--><\/p>\n<h2 class=\"product-box__desc__heading\" style=\"text-align: justify;\"><img decoding=\"async\" loading=\"lazy\" class=\"aligncenter size-large wp-image-31838\" src=\"https:\/\/estyl.pl\/blog\/wp-content\/uploads\/2017\/01\/ta-580x291.jpg\" alt=\"ta\" width=\"580\" height=\"291\" srcset=\"https:\/\/estyl.pl\/blog\/wp-content\/uploads\/2017\/01\/ta-580x291.jpg 580w, https:\/\/estyl.pl\/blog\/wp-content\/uploads\/2017\/01\/ta-300x151.jpg 300w, https:\/\/estyl.pl\/blog\/wp-content\/uploads\/2017\/01\/ta-261x131.jpg 261w, https:\/\/estyl.pl\/blog\/wp-content\/uploads\/2017\/01\/ta.jpg 600w\" sizes=\"(max-width: 580px) 100vw, 580px\" \/><\/h2>\n<p>&nbsp;<\/p>\n<h2 class=\"product-box__desc__heading\" style=\"text-align: justify;\">Alterna Caviar Repair &#8211; spray chroni\u0105cy w\u0142osy<\/h2>\n<p style=\"text-align: justify;\">Multiwitaminowy spray marki Alterna doskonale chroni <a href=\"https:\/\/estyl.pl\/wlosy\" data-internallinksmanager029f6b8e52c=\"2\" title=\"w\u0142osy\">w\u0142osy<\/a> przed dzia\u0142aniem wysokiej temperatury dodatkowo zapewniaj\u0105c ochron\u0119 przed jego uszkodzeniami. <strong>Po zastosownaiu spray&#8217;u w\u0142osy s\u0105 wzmocnione, a przy tym mi\u0119kkie i delikatnie nab\u0142yszczone.<\/strong> Spray zawiera wiele witamin i cennych sk\u0142adnik\u00f3w, kt\u00f3re z pewno\u015bci\u0105 pokochaj\u0105 Twoje w\u0142osy. Dla potwierdznia naszych s\u0142\u00f3w przytocz\u0119 opini\u0119 naszych klientek:<\/p>\n<p style=\"text-align: justify;\">Marta &#8211; &#8222;<strong>Najlepszy, jaki mia\u0142am do tej pory<\/strong>. Moje w\u0142osy nawet po prostownicy s\u0105 w \u015bwietnej kondycji.&#8221;<\/p>\n<p style=\"text-align: justify;\">Beata &#8211; &#8222;Kiedy\u015b zniszczy\u0142am sobie w\u0142osy i nie zwraca\u0142am uwagi na tego typu produkty. Na szcz\u0119\u015bcie w por\u0119 si\u0119 ockn\u0119\u0142am i zacz\u0119\u0142am stosowa\u0107 termoochron\u0119. Jest to m\u00f3j trzeci z kolei produkt tego typu i <strong>ten przypad\u0142 mi najbardziej do gustu<\/strong>. A w\u0142a\u015bciwie moim w\u0142osom.&#8221;<\/p>\n<p style=\"text-align: center;\">\u00a0<a href=\"https:\/\/estyl.pl\/blog\/wp-content\/uploads\/2017\/02\/alterna.jpg\" target=\"_blank\" rel=\"lightbox[31849]\"><img decoding=\"async\" loading=\"lazy\" class=\"aligncenter wp-image-31855 size-full\" title=\"Alterna Caviar Rx  Heat protection\" src=\"https:\/\/estyl.pl\/blog\/wp-content\/uploads\/2017\/02\/alterna.jpg\" alt=\"Alterna Caviar Rx  Heat protection\" width=\"500\" height=\"500\" srcset=\"https:\/\/estyl.pl\/blog\/wp-content\/uploads\/2017\/02\/alterna.jpg 500w, https:\/\/estyl.pl\/blog\/wp-content\/uploads\/2017\/02\/alterna-300x300.jpg 300w, https:\/\/estyl.pl\/blog\/wp-content\/uploads\/2017\/02\/alterna-261x261.jpg 261w\" sizes=\"(max-width: 500px) 100vw, 500px\" \/><\/a><a href=\"https:\/\/estyl.pl\/alterna-caviar-repair-rx-heat-protecting-multi-vitamin-spray-125ml\" target=\"_blank\">Alterna Caviar Repair Rx Heat Protecting<\/a> &#8211; 139 z\u0142<\/p>\n<h2 class=\"product-box__desc__heading\">Cuccio Mas\u0142o do cia\u0142a miodowo \u2013 mleczne<\/h2>\n<p style=\"text-align: justify;\">Ma\u0142e i zarazem por\u0119czne mase\u0142ko marki Cuccio przeznaczone jest do piel\u0119gnacji ca\u0142ego cia\u0142a. W szczeg\u00f3lno\u015bci powinny go stosowa\u0107 osoby posiadaj\u0105ce szorstk\u0105 i wysuszon\u0105 sk\u00f3r\u0119. Mi\u00f3d w po\u0142\u0105czeniu z mlekiem w doskona\u0142y spos\u00f3b <strong>nawil\u017ca, od\u017cywia oraz pozostawia niesamowicie g\u0142adk\u0105 sk\u00f3r\u0119<\/strong>. Mase\u0142ka do cia\u0142a marki Cuccio zyska\u0142y rzesz\u0119 wiernych klient\u00f3w, zobaczcie zatem ich opini\u0119:<\/p>\n<p style=\"text-align: justify;\">Wiki &#8211; &#8221;\u00a0<strong>Lekki, nie klei si\u0119, szybko wch\u0142ania i pozostawia na sk\u00f3rze przyjemny zapach<\/strong> :)&#8221;<\/p>\n<p style=\"text-align: justify;\">Anita &#8211; &#8222;\u015awietnie nawil\u017ca i szybko si\u0119 wch\u0142ania.&#8221;<\/p>\n<p style=\"text-align: justify;\"><a href=\"https:\/\/estyl.pl\/blog\/wp-content\/uploads\/2017\/02\/cuccio.jpg\" target=\"_blank\" rel=\"lightbox[31849]\"><img decoding=\"async\" loading=\"lazy\" class=\"aligncenter wp-image-31856 size-full\" title=\"Cuccio mase\u0142ko do cia\u0142a miodowo-mleczne\" src=\"https:\/\/estyl.pl\/blog\/wp-content\/uploads\/2017\/02\/cuccio.jpg\" alt=\"Cuccio mase\u0142ko do cia\u0142a miodowo-mleczne\" width=\"500\" height=\"424\" srcset=\"https:\/\/estyl.pl\/blog\/wp-content\/uploads\/2017\/02\/cuccio.jpg 500w, https:\/\/estyl.pl\/blog\/wp-content\/uploads\/2017\/02\/cuccio-300x254.jpg 300w, https:\/\/estyl.pl\/blog\/wp-content\/uploads\/2017\/02\/cuccio-261x221.jpg 261w\" sizes=\"(max-width: 500px) 100vw, 500px\" \/><\/a><\/p>\n<p class=\"product-box__desc__heading\" style=\"text-align: center;\"><a href=\"https:\/\/estyl.pl\/cuccio-maslo-do-ciala-miodowo-mleczne-42g\" target=\"_blank\">Cuccio Mas\u0142o do cia\u0142a miodowo \u2013 mleczne<\/a> &#8211; 14,63 z\u0142<\/p>\n<h2 class=\"product-box__desc__heading\">Rahua Shower Gel &#8211; naturalny \u017cel pod prysznic<\/h2>\n<p style=\"text-align: justify;\">Naturalny \u017cel pod prysznic marki Rahua zaskakuje swoim zapachem drzewa Palo Santo,\u00a0lawendy, eukaliptusa i wanilii. Dzi\u0119ki zawartym w sk\u0142adzie kwasom omega &#8211; 3, omega-9 oraz olejkom takim jak:\u00a0Ungurahua, Sacha Inchi oraz Quinoa sprawia, \u017ce <strong>sk\u00f3ra\u00a0zostaje oczyszczona i wspaniale nawil\u017cona<\/strong>. Oto co s\u0105dz\u0105 o nim nasze klientki:<\/p>\n<p style=\"text-align: justify;\">Gabrysia &#8211; &#8222;To, ze si\u0119 ma\u0142o pieni nie przeszkadza mi w og\u00f3le. Najwa\u017cniejsze s\u0105 dla mnie efekty, jakie pozostawia na sk\u00f3rze, a te s\u0105 spektakularne!&#8221;<\/p>\n<p style=\"text-align: justify;\">Natalia &#8211; &#8222;<strong>Prawdziwe ukojenie dla wra\u017cliwej sk\u00f3ry \ud83d\ude42 Po jego u\u017cyciu nie potrzebuj\u0119 nawet balsamu \ud83d\ude00<\/strong>&#8222;<\/p>\n<p style=\"text-align: justify;\">Ewa &#8211; &#8222;Warty swojej ceny! Delikatny, od\u015bwie\u017caj\u0105cy, od\u017cywiaj\u0105cy i pi\u0119knie pachnie. Czego chcie\u0107 wi\u0119cej?&#8221;<\/p>\n<p style=\"text-align: justify;\"><a href=\"https:\/\/estyl.pl\/blog\/wp-content\/uploads\/2017\/02\/rahua_body_shower_gel_260ml.jpg\" target=\"_blank\" rel=\"lightbox[31849]\"><img decoding=\"async\" loading=\"lazy\" class=\"aligncenter wp-image-31857 size-full\" title=\"Rahua Shower Gel - naturalny \u017cel pod prysznic\" src=\"https:\/\/estyl.pl\/blog\/wp-content\/uploads\/2017\/02\/rahua_body_shower_gel_260ml.jpg\" alt=\"Rahua Shower Gel - naturalny \u017cel pod prysznic\" width=\"500\" height=\"750\" srcset=\"https:\/\/estyl.pl\/blog\/wp-content\/uploads\/2017\/02\/rahua_body_shower_gel_260ml.jpg 500w, https:\/\/estyl.pl\/blog\/wp-content\/uploads\/2017\/02\/rahua_body_shower_gel_260ml-200x300.jpg 200w, https:\/\/estyl.pl\/blog\/wp-content\/uploads\/2017\/02\/rahua_body_shower_gel_260ml-261x392.jpg 261w\" sizes=\"(max-width: 500px) 100vw, 500px\" \/><\/a><\/p>\n<p class=\"product-box__desc__heading\" style=\"text-align: center;\"><a href=\"https:\/\/estyl.pl\/rahua-shower-gel-naturalny-zel-pod-prysznic-260ml\" target=\"_blank\">Rahua Shower Gel &#8211; naturalny \u017cel pod prysznic<\/a> &#8211; 91,63 z\u0142<\/p>\n<h2 class=\"product-box__desc__heading\">TheBalm &#8211; p\u0119dzel do brwi<\/h2>\n<p style=\"text-align: justify;\">Mark\u0119 The Balm nie trzeba nikomu przedstawia\u0107. Ich paletki cieni, roz\u015bwietlacze czy bronzery zna chyba ka\u017cdy. P\u0119dzelki u\u0142atwiaj\u0105ce wykonanie makija\u017cu, kt\u00f3re wychodz\u0105 spod r\u0119ki marki The Balm s\u0105 r\u00f3wnie\u017c rewelacyjne. P\u0119dzelek do brwi i linera The Balm\u00a0Woman Empowderment posiada dwie ko\u0144c\u00f3wki za pomoc\u0105 kt\u00f3rych mo\u017cecie wykona\u0107<strong> precyzyjny makija\u017c brwi oraz idealn\u0105 kresk\u0119 na powiece.\u00a0<\/strong><\/p>\n<p style=\"text-align: justify;\">Izabela &#8211; &#8222;M\u00f3j pierwszy produkt tego typu, jestem zachwycona. <strong>Zdecydowanie u\u0142atwia &#8222;prac\u0119&#8221; nad brwiami \ud83d\ude42<\/strong>&#8222;<\/p>\n<p style=\"text-align: justify;\">\u0141ucja &#8211; &#8222;Nie tylko ko\u0144c\u00f3wka do brwi jest \u015bwietna. <strong>W \u017cyciu nie mia\u0142am tak perfekcyjnych kresek jak po namalowaniu ich drug\u0105 ko\u0144c\u00f3wk\u0105 \ud83d\ude1b<\/strong>&#8222;<\/p>\n<p style=\"text-align: justify;\"><a href=\"https:\/\/estyl.pl\/blog\/wp-content\/uploads\/2017\/02\/eyebelieve_681619800528.jpg\" target=\"_blank\" rel=\"lightbox[31849]\"><img decoding=\"async\" loading=\"lazy\" class=\"aligncenter wp-image-31858 size-full\" title=\"The Balm - p\u0119dzel do makija\u017cu brwi i kresek\" src=\"https:\/\/estyl.pl\/blog\/wp-content\/uploads\/2017\/02\/eyebelieve_681619800528.jpg\" alt=\"The Balm - p\u0119dzel do makija\u017cu brwi i kresek\" width=\"500\" height=\"44\" srcset=\"https:\/\/estyl.pl\/blog\/wp-content\/uploads\/2017\/02\/eyebelieve_681619800528.jpg 500w, https:\/\/estyl.pl\/blog\/wp-content\/uploads\/2017\/02\/eyebelieve_681619800528-300x26.jpg 300w, https:\/\/estyl.pl\/blog\/wp-content\/uploads\/2017\/02\/eyebelieve_681619800528-261x23.jpg 261w\" sizes=\"(max-width: 500px) 100vw, 500px\" \/><\/a><\/p>\n<p style=\"text-align: center;\"><a href=\"https:\/\/estyl.pl\/woman-empowderment-pedzel-do-brwi\" target=\"_blank\">The Balm p\u0119dzel do brwi<\/a> &#8211; 59 z\u0142<\/p>\n<h2 class=\"product-box__desc__heading\">TheBalm Body Builder &#8211; pogrubiaj\u0105cy tusz do rz\u0119s<\/h2>\n<p style=\"text-align: justify;\">Kolejny produkt marki the Balm skrad\u0142 Wasze serca. Tusz do rz\u0119s Body Builder <strong>wspaniale pogrubia rz\u0119sy, nie sklejaj\u0105c ich przy tym, a ultra czarny odcie\u0144 tylko podkre\u015bla spojrzenie.<\/strong> Zobaczcie co s\u0105dz\u0105 o nim nasze klientki:<\/p>\n<p style=\"text-align: justify;\">Iza &#8211; &#8222;By\u0142am troch\u0119 sceptycznie nastawiona na mascary The Balm i w ko\u0144cu kupi\u0142am.<br \/>\n<strong>PLUSY: tusz si\u0119 nie osypuje, wydajny, pogrubia, naturalny efekt. Znacznych minus\u00f3w brak<\/strong>&#8222;<\/p>\n<p style=\"text-align: justify;\">Jowita &#8211; \u00a0&#8222;<strong>Najlepszy tusz, jaki kiedykolwiek mia\u0142am.<\/strong> Nie mam problemu z d\u0142ugo\u015bci\u0105, natomiast moje rz\u0119sy s\u0105 bardzo rzadkie, dzi\u0119ki temu tuszowi wygl\u0105daj\u0105 nieziemsko \ud83d\ude42 &#8222;<\/p>\n<div class=\"opinion clearfix \">\u00a0<a href=\"https:\/\/estyl.pl\/blog\/wp-content\/uploads\/2017\/02\/bodybuilder_681619802324.jpg\" target=\"_blank\" rel=\"lightbox[31849]\"><img decoding=\"async\" loading=\"lazy\" class=\"aligncenter wp-image-31859 size-full\" title=\"The Balm pogrubiaj\u0105cy tusz do rz\u0119s\" src=\"https:\/\/estyl.pl\/blog\/wp-content\/uploads\/2017\/02\/bodybuilder_681619802324.jpg\" alt=\"The Balm pogrubiaj\u0105cy tusz do rz\u0119s\" width=\"500\" height=\"504\" srcset=\"https:\/\/estyl.pl\/blog\/wp-content\/uploads\/2017\/02\/bodybuilder_681619802324.jpg 500w, https:\/\/estyl.pl\/blog\/wp-content\/uploads\/2017\/02\/bodybuilder_681619802324-298x300.jpg 298w, https:\/\/estyl.pl\/blog\/wp-content\/uploads\/2017\/02\/bodybuilder_681619802324-261x263.jpg 261w\" sizes=\"(max-width: 500px) 100vw, 500px\" \/><\/a><\/div>\n<p class=\"product-box__desc__heading\" style=\"text-align: center;\"><a href=\"https:\/\/estyl.pl\/body-builder-pogrubiajacy-tusz-do-rzes-czarny-5-7g\" target=\"_blank\">TheBalm Body Builder &#8211; pogrubiaj\u0105cy tusz do rz\u0119s czarny <\/a>&#8211; 56,32 z\u0142<\/p>\n<h2 class=\"product-box__desc__heading\">K\u00e9rastase Divalent Bain &#8211; K\u0105piel do w\u0142os\u00f3w mieszanych<\/h2>\n<p style=\"text-align: justify;\">Jedyny taki szampon, k\u00f3ry przeznaczony jest do w\u0142os\u00f3w mieszanych &#8211; t\u0142ustych u nasady i suchych na ko\u0144cach. Marka K\u00e9rastase zadba\u0142a o zapewnienie nam jak najlepszej piel\u0119gnacji w przypadku w\u0142os\u00f3w problematycznych.<strong> K\u0105piel K\u00e9rastase Bain Divalent nie podra\u017cnia sk\u00f3ry g\u0142owy, a w\u0142osy staj\u0105 si\u0119 od\u017cywione, elastyczne i mi\u0119kkie<\/strong>. Szampon ten op\u00f3\u017ania przet\u0142uszczanie si\u0119 w\u0142os\u00f3w oraz idealnie nawil\u017ca ich ko\u0144ce. Nasze klientki ju\u017c go pokocha\u0142y:<\/p>\n<p style=\"text-align: justify;\">Ula &#8211; &#8222;<strong>U\u017cywam ten produkt ju\u017c od d\u0142u\u017cszego czasu i jestem zadowolona. Problem z przet\u0142uszczaj\u0105cymi w\u0142osami nie jest moim problemem.<\/strong>&#8222;<\/p>\n<p style=\"text-align: justify;\">Beata &#8211; &#8222;<strong>Cu-do-wny!<\/strong> \ud83d\ude00 Dzi\u0119ki niemu moje w\u0142osy przet\u0142uszczaj\u0105 si\u0119 mniej i moje ko\u0144ce w ko\u0144cu s\u0105 od\u017cywione!&#8221;<\/p>\n<p><a href=\"https:\/\/estyl.pl\/blog\/wp-content\/uploads\/2017\/02\/kerastase_divalent_bain_1000ml_ok.jpg\" target=\"_blank\" rel=\"lightbox[31849]\"><img decoding=\"async\" loading=\"lazy\" class=\"aligncenter wp-image-33704 size-full\" title=\"K\u00e9rastase Bain Divalent - k\u0105piel do w\u0142os\u00f3w mieszanych\" src=\"https:\/\/estyl.pl\/blog\/wp-content\/uploads\/2017\/02\/kerastase_divalent_bain_1000ml_ok.jpg\" alt=\"\" width=\"500\" height=\"500\" srcset=\"https:\/\/estyl.pl\/blog\/wp-content\/uploads\/2017\/02\/kerastase_divalent_bain_1000ml_ok.jpg 500w, https:\/\/estyl.pl\/blog\/wp-content\/uploads\/2017\/02\/kerastase_divalent_bain_1000ml_ok-300x300.jpg 300w, https:\/\/estyl.pl\/blog\/wp-content\/uploads\/2017\/02\/kerastase_divalent_bain_1000ml_ok-261x261.jpg 261w\" sizes=\"(max-width: 500px) 100vw, 500px\" \/><\/a><\/p>\n<p class=\"product-box__desc__heading\" style=\"text-align: center;\"><a href=\"https:\/\/estyl.pl\/kerastase-divalent-kapiel-do-wlosow-mieszanych-1000-ml\" target=\"_blank\">K\u00e9rastase Divalent Bain &#8211; K\u0105piel do w\u0142os\u00f3w mieszanych<\/a> 1000ml &#8211; 164 z\u0142<\/p>\n<h2 class=\"product-box__desc__heading\">Schwarzkopf Osis Label Session Strong &#8211; lakier utrwalaj\u0105cy<\/h2>\n<p style=\"text-align: justify;\"><strong><a href=\"https:\/\/estyl.pl\/wlosy\/stylizacja\/lakiery-i-spraye\" data-internallinksmanager029f6b8e52c=\"5\" title=\"lakier do w\u0142os\u00f3w\">Lakier do w\u0142os\u00f3w<\/a> marki Schwarzkopf to produkt o szybkoschn\u0105cej formule, kt\u00f3ry mocno utrwala w\u0142osy<\/strong>. Mimo mocnego dzia\u0142ania nie obci\u0105\u017ca w\u0142os\u00f3w. Dodatkow\u0105 zalet\u0105 lakieru Osis Label Session Strong jest mo\u017cliwo\u015b\u0107 \u0142atwego wyczesania go. Zobacz co s\u0105dz\u0105 o nim inni:<\/p>\n<p style=\"text-align: justify;\">Marta &#8211; &#8222;M\u00f3j codzienny niezb\u0119dnik. <strong>Ub\u00f3stwiam ten lakier za trwa\u0142o\u015b\u0107, wydajno\u015b\u0107 i zapach<\/strong>&#8222;<\/p>\n<p style=\"text-align: justify;\">Anastazja &#8211; &#8222;<strong>Dzi\u0119ki niemu moja fryzura przetrwa\u0142a ca\u0142\u0105 Studni\u00f3wk\u0119 w nienaruszonym stanie<\/strong> :D&#8221;<\/p>\n<p><a href=\"https:\/\/estyl.pl\/blog\/wp-content\/uploads\/2017\/02\/session_strong_hold_300.jpg\" target=\"_blank\" rel=\"lightbox[31849]\"><img decoding=\"async\" loading=\"lazy\" class=\"aligncenter wp-image-31861 size-full\" title=\"Schwarzkopf Osis session label \" src=\"https:\/\/estyl.pl\/blog\/wp-content\/uploads\/2017\/02\/session_strong_hold_300.jpg\" alt=\"Schwarzkopf Osis session label  - mocny lakier do w\u0142os\u00f3w\" width=\"320\" height=\"360\" srcset=\"https:\/\/estyl.pl\/blog\/wp-content\/uploads\/2017\/02\/session_strong_hold_300.jpg 320w, https:\/\/estyl.pl\/blog\/wp-content\/uploads\/2017\/02\/session_strong_hold_300-267x300.jpg 267w, https:\/\/estyl.pl\/blog\/wp-content\/uploads\/2017\/02\/session_strong_hold_300-261x294.jpg 261w\" sizes=\"(max-width: 320px) 100vw, 320px\" \/><\/a><\/p>\n<p class=\"product-box__desc__heading\" style=\"text-align: center;\"><a href=\"https:\/\/estyl.pl\/osis-label-session-strong-lakier-bardzo-mocno-utrwalajacy-300ml\" target=\"_blank\">Schwarzkopf Osis Label Session Strong<\/a> &#8211; lakier bardzo mocno utrwalaj\u0105cy 300ml &#8211; 32,34 z\u0142<\/p>\n<p class=\"product-box__desc__heading\" style=\"text-align: justify;\">Lakierem marki Schwarzkopf ko\u0144czymy list\u0119 Ulubie\u0144cy Tygodnia.\u00a0W tym tygodniu Wspania\u0142a Si\u00f3demka to g\u0142\u00f3wnie produkty makija\u017cowe oraz te do piel\u0119gnacji cia\u0142a. Co o nich my\u015blicie?<\/p>\n<p class=\"product-box__desc__heading\" style=\"text-align: center;\">\n","protected":false},"excerpt":{"rendered":"<p>Koniec tygodnia to czas na kolejny wpis pod tytu\u0142em Ulubie\u0144cy Tygodnia. Przedstawiamy Wam kolejn\u0105 si\u00f3demk\u0119 produkt\u00f3w, kt\u00f3re skrad\u0142y Wasze serca. Zastanawiacie si\u0119, kt\u00f3re produkty\u00a0znalaz\u0142y si\u0119 na naszej li\u015bcie? Zobaczcie sami!<\/p>\n","protected":false},"author":23,"featured_media":31969,"comment_status":"open","ping_status":"closed","sticky":false,"template":"","format":"standard","meta":{"_eb_attr":""},"categories":[2091],"tags":[1042,1909,38,2430,2549,2550],"acf":[],"yoast_head":"<!-- This site is optimized with the Yoast SEO plugin v20.8 - https:\/\/yoast.com\/wordpress\/plugins\/seo\/ -->\n<title>Ulubie\u0144cy Tygodnia czyli Wspania\u0142a Si\u00f3demka - Blog | Estyl.pl<\/title>\n<meta name=\"description\" content=\"Ulubie\u0144cy tygodnia czyli siedem produktow, kt\u00f3re zdecydowanie najcz\u0119\u015bciej kupowali\u015bcie. Zobaczcie sami co tym razem znalaz\u0142o sie na naszej li\u015bcie.\" \/>\n<meta name=\"robots\" content=\"index, follow, max-snippet:-1, max-image-preview:large, max-video-preview:-1\" \/>\n<link rel=\"canonical\" href=\"https:\/\/estyl.pl\/blog\/ulubiency-tygodnia-czyli-wspaniala-siodemka\/\" \/>\n<meta property=\"og:locale\" content=\"pl_PL\" \/>\n<meta property=\"og:type\" content=\"article\" \/>\n<meta property=\"og:title\" content=\"Ulubie\u0144cy Tygodnia czyli Wspania\u0142a Si\u00f3demka - Blog | Estyl.pl\" \/>\n<meta property=\"og:description\" content=\"Ulubie\u0144cy tygodnia czyli siedem produktow, kt\u00f3re zdecydowanie najcz\u0119\u015bciej kupowali\u015bcie. Zobaczcie sami co tym razem znalaz\u0142o sie na naszej li\u015bcie.\" \/>\n<meta property=\"og:url\" content=\"https:\/\/estyl.pl\/blog\/ulubiency-tygodnia-czyli-wspaniala-siodemka\/\" \/>\n<meta property=\"og:site_name\" content=\"Blog | Estyl.pl\" \/>\n<meta property=\"article:author\" content=\"kdrogowskakwasnik\" \/>\n<meta property=\"article:published_time\" content=\"2017-02-03T07:00:30+00:00\" \/>\n<meta property=\"article:modified_time\" content=\"2019-06-26T10:29:40+00:00\" \/>\n<meta property=\"og:image\" content=\"https:\/\/estyl.pl\/blog\/wp-content\/uploads\/2017\/02\/Czy-kosmetyki-naturalne-musza-miec-certyfikaty.jpg\" \/>\n\t<meta property=\"og:image:width\" content=\"755\" \/>\n\t<meta property=\"og:image:height\" content=\"315\" \/>\n\t<meta property=\"og:image:type\" content=\"image\/jpeg\" \/>\n<meta name=\"author\" content=\"Karolina\" \/>\n<meta name=\"twitter:label1\" content=\"Napisane przez\" \/>\n\t<meta name=\"twitter:data1\" content=\"Karolina\" \/>\n\t<meta name=\"twitter:label2\" content=\"Szacowany czas czytania\" \/>\n\t<meta name=\"twitter:data2\" content=\"5 minut\" \/>\n<script type=\"application\/ld+json\" class=\"yoast-schema-graph\">{\"@context\":\"https:\/\/schema.org\",\"@graph\":[{\"@type\":\"WebPage\",\"@id\":\"https:\/\/estyl.pl\/blog\/ulubiency-tygodnia-czyli-wspaniala-siodemka\/\",\"url\":\"https:\/\/estyl.pl\/blog\/ulubiency-tygodnia-czyli-wspaniala-siodemka\/\",\"name\":\"Ulubie\u0144cy Tygodnia czyli Wspania\u0142a Si\u00f3demka - Blog | Estyl.pl\",\"isPartOf\":{\"@id\":\"https:\/\/estyl.pl\/blog\/#website\"},\"datePublished\":\"2017-02-03T07:00:30+00:00\",\"dateModified\":\"2019-06-26T10:29:40+00:00\",\"author\":{\"@id\":\"https:\/\/estyl.pl\/blog\/#\/schema\/person\/debe1fb907542b5dc82bccc2029e474f\"},\"description\":\"Ulubie\u0144cy tygodnia czyli siedem produktow, kt\u00f3re zdecydowanie najcz\u0119\u015bciej kupowali\u015bcie. Zobaczcie sami co tym razem znalaz\u0142o sie na naszej li\u015bcie.\",\"breadcrumb\":{\"@id\":\"https:\/\/estyl.pl\/blog\/ulubiency-tygodnia-czyli-wspaniala-siodemka\/#breadcrumb\"},\"inLanguage\":\"pl-PL\",\"potentialAction\":[{\"@type\":\"ReadAction\",\"target\":[\"https:\/\/estyl.pl\/blog\/ulubiency-tygodnia-czyli-wspaniala-siodemka\/\"]}]},{\"@type\":\"BreadcrumbList\",\"@id\":\"https:\/\/estyl.pl\/blog\/ulubiency-tygodnia-czyli-wspaniala-siodemka\/#breadcrumb\",\"itemListElement\":[{\"@type\":\"ListItem\",\"position\":1,\"name\":\"Lifestyle\",\"item\":\"https:\/\/estyl.pl\/blog\/lifestyle-2\/\"},{\"@type\":\"ListItem\",\"position\":2,\"name\":\"Ulubie\u0144cy Tygodnia czyli Wspania\u0142a Si\u00f3demka\"}]},{\"@type\":\"WebSite\",\"@id\":\"https:\/\/estyl.pl\/blog\/#website\",\"url\":\"https:\/\/estyl.pl\/blog\/\",\"name\":\"Blog | Estyl.pl\",\"description\":\"Kosmetyki do w\u0142os\u00f3w, porady, piel\u0119gnacja, stylizacja\",\"potentialAction\":[{\"@type\":\"SearchAction\",\"target\":{\"@type\":\"EntryPoint\",\"urlTemplate\":\"https:\/\/estyl.pl\/blog\/?s={search_term_string}\"},\"query-input\":\"required name=search_term_string\"}],\"inLanguage\":\"pl-PL\"},{\"@type\":\"Person\",\"@id\":\"https:\/\/estyl.pl\/blog\/#\/schema\/person\/debe1fb907542b5dc82bccc2029e474f\",\"name\":\"Karolina\",\"description\":\"Absolwentka kosmetologii i dietetyki na \u015al\u0105skiej Wy\u017cszej Szkole Medycznej w Katowicach. Ze sklepem Estyl.pl zwi\u0105zana od wielu lat. Wiedz\u0119 na temat produkt\u00f3w zebra\u0142a pracuj\u0105c w sklepie stacjonanym w Katowicach. Aktualnie pracuje jako copywriter, co daje jej du\u017co satysfakcji. Uwielbia testowa\u0107 nowe kosmetyki.\",\"sameAs\":[\"kdrogowskakwasnik\"],\"url\":\"https:\/\/estyl.pl\/blog\/author\/k-mistalsiekiera\/\"}]}<\/script>\n<!-- \/ Yoast SEO plugin. -->","yoast_head_json":{"title":"Ulubie\u0144cy Tygodnia czyli Wspania\u0142a Si\u00f3demka - Blog | Estyl.pl","description":"Ulubie\u0144cy tygodnia czyli siedem produktow, kt\u00f3re zdecydowanie najcz\u0119\u015bciej kupowali\u015bcie. Zobaczcie sami co tym razem znalaz\u0142o sie na naszej li\u015bcie.","robots":{"index":"index","follow":"follow","max-snippet":"max-snippet:-1","max-image-preview":"max-image-preview:large","max-video-preview":"max-video-preview:-1"},"canonical":"https:\/\/estyl.pl\/blog\/ulubiency-tygodnia-czyli-wspaniala-siodemka\/","og_locale":"pl_PL","og_type":"article","og_title":"Ulubie\u0144cy Tygodnia czyli Wspania\u0142a Si\u00f3demka - Blog | Estyl.pl","og_description":"Ulubie\u0144cy tygodnia czyli siedem produktow, kt\u00f3re zdecydowanie najcz\u0119\u015bciej kupowali\u015bcie. Zobaczcie sami co tym razem znalaz\u0142o sie na naszej li\u015bcie.","og_url":"https:\/\/estyl.pl\/blog\/ulubiency-tygodnia-czyli-wspaniala-siodemka\/","og_site_name":"Blog | Estyl.pl","article_author":"kdrogowskakwasnik","article_published_time":"2017-02-03T07:00:30+00:00","article_modified_time":"2019-06-26T10:29:40+00:00","og_image":[{"width":755,"height":315,"url":"https:\/\/estyl.pl\/blog\/wp-content\/uploads\/2017\/02\/Czy-kosmetyki-naturalne-musza-miec-certyfikaty.jpg","type":"image\/jpeg"}],"author":"Karolina","twitter_misc":{"Napisane przez":"Karolina","Szacowany czas czytania":"5 minut"},"schema":{"@context":"https:\/\/schema.org","@graph":[{"@type":"WebPage","@id":"https:\/\/estyl.pl\/blog\/ulubiency-tygodnia-czyli-wspaniala-siodemka\/","url":"https:\/\/estyl.pl\/blog\/ulubiency-tygodnia-czyli-wspaniala-siodemka\/","name":"Ulubie\u0144cy Tygodnia czyli Wspania\u0142a Si\u00f3demka - Blog | Estyl.pl","isPartOf":{"@id":"https:\/\/estyl.pl\/blog\/#website"},"datePublished":"2017-02-03T07:00:30+00:00","dateModified":"2019-06-26T10:29:40+00:00","author":{"@id":"https:\/\/estyl.pl\/blog\/#\/schema\/person\/debe1fb907542b5dc82bccc2029e474f"},"description":"Ulubie\u0144cy tygodnia czyli siedem produktow, kt\u00f3re zdecydowanie najcz\u0119\u015bciej kupowali\u015bcie. Zobaczcie sami co tym razem znalaz\u0142o sie na naszej li\u015bcie.","breadcrumb":{"@id":"https:\/\/estyl.pl\/blog\/ulubiency-tygodnia-czyli-wspaniala-siodemka\/#breadcrumb"},"inLanguage":"pl-PL","potentialAction":[{"@type":"ReadAction","target":["https:\/\/estyl.pl\/blog\/ulubiency-tygodnia-czyli-wspaniala-siodemka\/"]}]},{"@type":"BreadcrumbList","@id":"https:\/\/estyl.pl\/blog\/ulubiency-tygodnia-czyli-wspaniala-siodemka\/#breadcrumb","itemListElement":[{"@type":"ListItem","position":1,"name":"Lifestyle","item":"https:\/\/estyl.pl\/blog\/lifestyle-2\/"},{"@type":"ListItem","position":2,"name":"Ulubie\u0144cy Tygodnia czyli Wspania\u0142a Si\u00f3demka"}]},{"@type":"WebSite","@id":"https:\/\/estyl.pl\/blog\/#website","url":"https:\/\/estyl.pl\/blog\/","name":"Blog | Estyl.pl","description":"Kosmetyki do w\u0142os\u00f3w, porady, piel\u0119gnacja, stylizacja","potentialAction":[{"@type":"SearchAction","target":{"@type":"EntryPoint","urlTemplate":"https:\/\/estyl.pl\/blog\/?s={search_term_string}"},"query-input":"required name=search_term_string"}],"inLanguage":"pl-PL"},{"@type":"Person","@id":"https:\/\/estyl.pl\/blog\/#\/schema\/person\/debe1fb907542b5dc82bccc2029e474f","name":"Karolina","description":"Absolwentka kosmetologii i dietetyki na \u015al\u0105skiej Wy\u017cszej Szkole Medycznej w Katowicach. Ze sklepem Estyl.pl zwi\u0105zana od wielu lat. Wiedz\u0119 na temat produkt\u00f3w zebra\u0142a pracuj\u0105c w sklepie stacjonanym w Katowicach. Aktualnie pracuje jako copywriter, co daje jej du\u017co satysfakcji. Uwielbia testowa\u0107 nowe kosmetyki.","sameAs":["kdrogowskakwasnik"],"url":"https:\/\/estyl.pl\/blog\/author\/k-mistalsiekiera\/"}]}},"_links":{"self":[{"href":"https:\/\/estyl.pl\/blog\/wp-json\/wp\/v2\/posts\/31849"}],"collection":[{"href":"https:\/\/estyl.pl\/blog\/wp-json\/wp\/v2\/posts"}],"about":[{"href":"https:\/\/estyl.pl\/blog\/wp-json\/wp\/v2\/types\/post"}],"author":[{"embeddable":true,"href":"https:\/\/estyl.pl\/blog\/wp-json\/wp\/v2\/users\/23"}],"replies":[{"embeddable":true,"href":"https:\/\/estyl.pl\/blog\/wp-json\/wp\/v2\/comments?post=31849"}],"version-history":[{"count":14,"href":"https:\/\/estyl.pl\/blog\/wp-json\/wp\/v2\/posts\/31849\/revisions"}],"predecessor-version":[{"id":33312,"href":"https:\/\/estyl.pl\/blog\/wp-json\/wp\/v2\/posts\/31849\/revisions\/33312"}],"wp:featuredmedia":[{"embeddable":true,"href":"https:\/\/estyl.pl\/blog\/wp-json\/wp\/v2\/media\/31969"}],"wp:attachment":[{"href":"https:\/\/estyl.pl\/blog\/wp-json\/wp\/v2\/media?parent=31849"}],"wp:term":[{"taxonomy":"category","embeddable":true,"href":"https:\/\/estyl.pl\/blog\/wp-json\/wp\/v2\/categories?post=31849"},{"taxonomy":"post_tag","embeddable":true,"href":"https:\/\/estyl.pl\/blog\/wp-json\/wp\/v2\/tags?post=31849"}],"curies":[{"name":"wp","href":"https:\/\/api.w.org\/{rel}","templated":true}]}}