{"id":32086,"date":"2017-03-16T15:57:24","date_gmt":"2017-03-16T13:57:24","guid":{"rendered":"https:\/\/estyl.pl\/blog\/?p=32086"},"modified":"2021-03-25T08:19:51","modified_gmt":"2021-03-25T06:19:51","slug":"poznaj-marke-o-10-twarzach-revlon","status":"publish","type":"post","link":"https:\/\/estyl.pl\/blog\/poznaj-marke-o-10-twarzach-revlon\/","title":{"rendered":"Poznaj mark\u0119 o 10 twarzach &#8211; REVLON"},"content":{"rendered":"<p style=\"text-align: justify;\">Marka Revlon na pierwszy rzut oka, a raczej ucha znana jest ka\u017cdemu.\u00a0Marka kojarzona jest z produktami do makija\u017cu. Natomiast wiele z nas nie wie, jak wieloma produktami mo\u017ce si\u0119 pochwali\u0107. Je\u015bli jeszcze nie zdajecie sobie sprawy, to zach\u0119cam do kr\u00f3tkiej lektury.<!--more--><\/p>\n<p style=\"text-align: justify;\"><a href=\"https:\/\/estyl.pl\/blog\/wp-content\/uploads\/2017\/03\/estylrevlon.jpg\" target=\"_blank\" rel=\"noopener\" rel=\"lightbox[32086]\"><img decoding=\"async\" loading=\"lazy\" class=\"aligncenter wp-image-32087 size-full\" title=\"Revlon Uniq One\" src=\"https:\/\/estyl.pl\/blog\/wp-content\/uploads\/2017\/03\/estylrevlon.jpg\" alt=\"Revlon Uniq One\" width=\"600\" height=\"225\" srcset=\"https:\/\/estyl.pl\/blog\/wp-content\/uploads\/2017\/03\/estylrevlon.jpg 600w, https:\/\/estyl.pl\/blog\/wp-content\/uploads\/2017\/03\/estylrevlon-300x113.jpg 300w, https:\/\/estyl.pl\/blog\/wp-content\/uploads\/2017\/03\/estylrevlon-580x218.jpg 580w, https:\/\/estyl.pl\/blog\/wp-content\/uploads\/2017\/03\/estylrevlon-261x98.jpg 261w\" sizes=\"(max-width: 600px) 100vw, 600px\" \/><\/a><\/p>\n<h2 style=\"text-align: justify;\">Revlon Uniq One &#8211; 10 twarzy jednego produktu<\/h2>\n<p style=\"text-align: justify;\">Sztandarowym produktem do piel\u0119gnacji w\u0142os\u00f3w marki Revlon jest <a href=\"https:\/\/estyl.pl\/marka\/revlon\/kuracje\" target=\"_blank\" rel=\"noopener\">od\u017cywka do w\u0142os\u00f3w<\/a> w postaci spray\u2019u. Jest to od\u017cywka nie byle jaka, bo idealnie sprawdza si\u0119 w piel\u0119gnacji ka\u017cdego rodzaju w\u0142os\u00f3w. Je\u015bli kiedykolwiek my\u015bla\u0142a\u015b, \u017ce jest to niemo\u017cliwe &#8211; jedna od\u017cywka do ka\u017cdego rodzaju w\u0142os\u00f3w &#8211; to w\u0142a\u015bnie b\u0119dziemy obala\u0107 ten mit. Jak wiadomo ka\u017cdy z nas posiada inny rodzaj w\u0142os\u00f3w. Dlatego te\u017c kierujemy si\u0119 innymi potrzebami przy wyborze od\u017cywki do w\u0142os\u00f3w. Marka Revlon Professional zadba\u0142a wi\u0119c o ka\u017cd\u0105 i ka\u017cdego z nas. Stworzy\u0142a bowiem produkt o dziesi\u0119ciu twarzach &#8211; od\u017cywk\u0119 Uniq One. Dlaczego? Od\u017cywka ta doskonale radzi sobie z 10-cioma najcz\u0119stszymi problemami w\u0142os\u00f3w.<\/p>\n<h3 style=\"text-align: justify;\">Najcz\u0119\u015bciej wyst\u0119puj\u0105ce problemy z w\u0142osami<\/h3>\n<p>Od\u017cywka do w\u0142os\u00f3w Revlon Uniq One doskonale nadaje si\u0119 do ka\u017cdego rodzaju w\u0142os\u00f3w ze wzgl\u0119du na jej szerokie dzia\u0142anie. A to one:<\/p>\n<ul>\n<li style=\"text-align: justify;\">Regeneracja suchych i zniszczonych w\u0142os\u00f3w,<\/li>\n<li style=\"text-align: justify;\">Nab\u0142yszczenie i wyg\u0142adzenie kr\u0119conych w\u0142os\u00f3w,<\/li>\n<li style=\"text-align: justify;\">Ochrona przed wysoka temperatur\u0105,<\/li>\n<li style=\"text-align: justify;\">Zniewalaj\u0105ca g\u0142adko\u015b\u0107,<\/li>\n<li style=\"text-align: justify;\">Ochrona przed wyp\u0142ukiwaniem koloru,<\/li>\n<li style=\"text-align: justify;\">Wspomaga prostowanie,<\/li>\n<li style=\"text-align: justify;\">U\u0142atwia rozczesywanie,<\/li>\n<li style=\"text-align: justify;\">Zapewnia utrwalanie,<\/li>\n<li style=\"text-align: justify;\">Wzmacnia ko\u0144c\u00f3wki w\u0142os\u00f3w i zapobiega ich rozdwajaniu,<\/li>\n<li style=\"text-align: justify;\">Umo\u017cliwia nadanie fryzurze wymarzonego kszta\u0142tu.<\/li>\n<\/ul>\n\n<p style=\"text-align: justify;\">Dodatkowo producenci zadbali, o to aby spe\u0142ni\u0107 oczekiwania ka\u017cdego z nas.<strong> Stworzyli nie tylko produkt idealny pod wzgl\u0119dem efekt\u00f3w jakie przynosi, lecz r\u00f3wnie\u017c pod wzgl\u0119dem zapachu.<\/strong> Dlatego te\u017c, marka Revlon stworzy\u0142a, a\u017c 3 od\u017cywki Uniq One, kt\u00f3re wyr\u00f3\u017cniaj\u0105 si\u0119 zapachem. Mo\u017cemy wi\u0119c wybra\u0107 spo\u015br\u00f3d <a href=\"https:\/\/estyl.pl\/revlon-uniq-one-kuracja-do-wlosow-10-w-1-150ml\" target=\"_blank\" rel=\"noopener\">delikatnego mlecznego zapachu<\/a>, <a href=\"https:\/\/estyl.pl\/revlon-uniq-one-kokosowa-kuracja-do-wlosow-10-w-1-150ml\" target=\"_blank\" rel=\"noopener\">s\u0142odkiego kokosu<\/a> lub <a href=\"https:\/\/estyl.pl\/uniq-one-lotus-kuracja-do-wlosow-10-w-1-150ml\" target=\"_blank\" rel=\"noopener\">\u015bwie\u017cego zapachu kwiatu lotosu<\/a>.<\/p>\n<h2 style=\"text-align: justify;\">Co jeszcze oferuje marka Revlon Uniq One?<\/h2>\n<p style=\"text-align: justify;\">Nie tylko zaskakuje wspania\u0142ymi efektami dzia\u0142ania od\u017cywki do w\u0142os\u00f3w. W sk\u0142ad produkt\u00f3w marki Revlon wchodzi r\u00f3wnie\u017c<a href=\"https:\/\/estyl.pl\/marka\/revlon\/szampony\" target=\"_blank\" rel=\"noopener\"> balsamiczny szampon<\/a>. <strong>Szampon, kt\u00f3ry spokojnie mo\u017ce by\u0107 stosowany przez osoby po zabiegu keratynowego prostowania w\u0142os\u00f3w.<\/strong> Poniewa\u017c nie zawiera w swoim sk\u0142adzie SLS\u2019\u00f3w, dzi\u0119ki czemu nie wyp\u0142ukuje keratyny z w\u0142os\u00f3w. Dodatkowo szampon ten <strong>dog\u0142\u0119bnie piel\u0119gnuje i od\u017cywia <a href=\"https:\/\/estyl.pl\/wlosy\" data-internallinksmanager029f6b8e52c=\"2\" title=\"w\u0142osy\">w\u0142osy<\/a>, a ponadto chroni przed dzia\u0142aniem wysokiej temperatury<\/strong>. Jego dzia\u0142anie wp\u0142ywa r\u00f3wnie\u017c korzystnie na sk\u00f3r\u0119 g\u0142owy oraz na ko\u0144ce w\u0142os\u00f3w, kt\u00f3re po systematycznym stosowaniu szamponu s\u0105 wzmocnione. Szampon Revlon Uniq One mo\u017cemy r\u00f3wnie\u017c otrzyma\u0107 w dw\u00f3ch wersjach zapachowych &#8211; <a href=\"https:\/\/estyl.pl\/uniq-one-odzywczy-szampon-do-wlosow-300ml\" target=\"_blank\" rel=\"noopener\">klasycznej w czerwonym opakowaniu<\/a> oraz <a href=\"https:\/\/estyl.pl\/revlon-uniqone-coconut-shampoo-300ml\" target=\"_blank\" rel=\"noopener\">kokosowym w bia\u0142ym opakowaniu<\/a>.<\/p>\n<p style=\"text-align: justify;\"><\/p>\n<p>W\u015br\u00f3d produkt\u00f3w Revlon na szczeg\u00f3ln\u0105 uwag\u0119 zas\u0142uguj\u0105 tak\u017ce dwufazowe od\u017cywki bez sp\u0142ukiwania <strong>Revlon Equave<\/strong>. Ka\u017cda z nich skierowana jest do innego typu w\u0142os\u00f3w &#8211; do przesuszonych , blond, nara\u017conych na dzia\u0142anie s\u0142o\u0144ca oraz do cienkich i przyklapni\u0119tych.<\/p>\n\n<p style=\"text-align: justify;\">Produkty znanej marki Revlon zdecydowanie zaskakuj\u0105 nie tylko swoim dzia\u0142aniem, ale r\u00f3wnie\u017c cen\u0105. Kosmetyki te powinien wypr\u00f3bowa\u0107 ka\u017cdy, komu zale\u017cy na odpowiedniej piel\u0119gnacji i kondycji swoich w\u0142os\u00f3w.<\/p>\n<p style=\"text-align: center;\"><strong>Wielozadaniowe produkty marki Revlon zyska\u0142y rzesz\u0119 fan\u00f3w na ca\u0142ym \u015bwiecie! Czy do\u0142\u0105czysz do ich grona?<\/strong><\/p>\n\n","protected":false},"excerpt":{"rendered":"<p>Marka Revlon na pierwszy rzut oka, a raczej ucha znana jest ka\u017cdemu.\u00a0Marka kojarzona jest z produktami do makija\u017cu. Natomiast wiele z nas nie wie, jak wieloma produktami mo\u017ce si\u0119 pochwali\u0107. Je\u015bli jeszcze nie zdajecie sobie sprawy, to zach\u0119cam do kr\u00f3tkiej lektury.<\/p>\n","protected":false},"author":1,"featured_media":32099,"comment_status":"open","ping_status":"closed","sticky":false,"template":"","format":"standard","meta":{"_eb_attr":""},"categories":[],"tags":[2558,1733,132,2556,57,2557],"acf":[],"yoast_head":"<!-- This site is optimized with the Yoast SEO plugin v20.8 - https:\/\/yoast.com\/wordpress\/plugins\/seo\/ -->\n<title>Poznaj mark\u0119 o 10 twarzach - REVLON - Blog | Estyl.pl<\/title>\n<meta name=\"description\" content=\"Marka Revlon znana jest z wielu profesjonalnych produkt\u00f3w. A czy znasz ju\u017c kosmetyki do piel\u0119gnacji w\u0142os\u00f3w w\u0142a\u015bnie tej marki?\" \/>\n<meta name=\"robots\" content=\"index, follow, max-snippet:-1, max-image-preview:large, max-video-preview:-1\" \/>\n<link rel=\"canonical\" href=\"https:\/\/estyl.pl\/blog\/poznaj-marke-o-10-twarzach-revlon\/\" \/>\n<meta property=\"og:locale\" content=\"pl_PL\" \/>\n<meta property=\"og:type\" content=\"article\" \/>\n<meta property=\"og:title\" content=\"Poznaj mark\u0119 o 10 twarzach - REVLON - Blog | Estyl.pl\" \/>\n<meta property=\"og:description\" content=\"Marka Revlon znana jest z wielu profesjonalnych produkt\u00f3w. A czy znasz ju\u017c kosmetyki do piel\u0119gnacji w\u0142os\u00f3w w\u0142a\u015bnie tej marki?\" \/>\n<meta property=\"og:url\" content=\"https:\/\/estyl.pl\/blog\/poznaj-marke-o-10-twarzach-revlon\/\" \/>\n<meta property=\"og:site_name\" content=\"Blog | Estyl.pl\" \/>\n<meta property=\"article:published_time\" content=\"2017-03-16T13:57:24+00:00\" \/>\n<meta property=\"article:modified_time\" content=\"2021-03-25T06:19:51+00:00\" \/>\n<meta property=\"og:image\" content=\"https:\/\/estyl.pl\/blog\/wp-content\/uploads\/2017\/03\/Revlon-Professional.aspx_.jpg\" \/>\n\t<meta property=\"og:image:width\" content=\"750\" \/>\n\t<meta property=\"og:image:height\" content=\"315\" \/>\n\t<meta property=\"og:image:type\" content=\"image\/jpeg\" \/>\n<meta name=\"author\" content=\"admin\" \/>\n<meta name=\"twitter:label1\" content=\"Napisane przez\" \/>\n\t<meta name=\"twitter:data1\" content=\"admin\" \/>\n\t<meta name=\"twitter:label2\" content=\"Szacowany czas czytania\" \/>\n\t<meta name=\"twitter:data2\" content=\"3 minuty\" \/>\n<script type=\"application\/ld+json\" class=\"yoast-schema-graph\">{\"@context\":\"https:\/\/schema.org\",\"@graph\":[{\"@type\":\"WebPage\",\"@id\":\"https:\/\/estyl.pl\/blog\/poznaj-marke-o-10-twarzach-revlon\/\",\"url\":\"https:\/\/estyl.pl\/blog\/poznaj-marke-o-10-twarzach-revlon\/\",\"name\":\"Poznaj mark\u0119 o 10 twarzach - REVLON - Blog | Estyl.pl\",\"isPartOf\":{\"@id\":\"https:\/\/estyl.pl\/blog\/#website\"},\"datePublished\":\"2017-03-16T13:57:24+00:00\",\"dateModified\":\"2021-03-25T06:19:51+00:00\",\"author\":{\"@id\":\"https:\/\/estyl.pl\/blog\/#\/schema\/person\/22fff2064045ce23be580e18ca255220\"},\"description\":\"Marka Revlon znana jest z wielu profesjonalnych produkt\u00f3w. A czy znasz ju\u017c kosmetyki do piel\u0119gnacji w\u0142os\u00f3w w\u0142a\u015bnie tej marki?\",\"inLanguage\":\"pl-PL\",\"potentialAction\":[{\"@type\":\"ReadAction\",\"target\":[\"https:\/\/estyl.pl\/blog\/poznaj-marke-o-10-twarzach-revlon\/\"]}]},{\"@type\":\"WebSite\",\"@id\":\"https:\/\/estyl.pl\/blog\/#website\",\"url\":\"https:\/\/estyl.pl\/blog\/\",\"name\":\"Blog | Estyl.pl\",\"description\":\"Kosmetyki do w\u0142os\u00f3w, porady, piel\u0119gnacja, stylizacja\",\"potentialAction\":[{\"@type\":\"SearchAction\",\"target\":{\"@type\":\"EntryPoint\",\"urlTemplate\":\"https:\/\/estyl.pl\/blog\/?s={search_term_string}\"},\"query-input\":\"required name=search_term_string\"}],\"inLanguage\":\"pl-PL\"},{\"@type\":\"Person\",\"@id\":\"https:\/\/estyl.pl\/blog\/#\/schema\/person\/22fff2064045ce23be580e18ca255220\",\"name\":\"admin\",\"url\":\"https:\/\/estyl.pl\/blog\/author\/admin\/\"}]}<\/script>\n<!-- \/ Yoast SEO plugin. -->","yoast_head_json":{"title":"Poznaj mark\u0119 o 10 twarzach - REVLON - Blog | Estyl.pl","description":"Marka Revlon znana jest z wielu profesjonalnych produkt\u00f3w. A czy znasz ju\u017c kosmetyki do piel\u0119gnacji w\u0142os\u00f3w w\u0142a\u015bnie tej marki?","robots":{"index":"index","follow":"follow","max-snippet":"max-snippet:-1","max-image-preview":"max-image-preview:large","max-video-preview":"max-video-preview:-1"},"canonical":"https:\/\/estyl.pl\/blog\/poznaj-marke-o-10-twarzach-revlon\/","og_locale":"pl_PL","og_type":"article","og_title":"Poznaj mark\u0119 o 10 twarzach - REVLON - Blog | Estyl.pl","og_description":"Marka Revlon znana jest z wielu profesjonalnych produkt\u00f3w. A czy znasz ju\u017c kosmetyki do piel\u0119gnacji w\u0142os\u00f3w w\u0142a\u015bnie tej marki?","og_url":"https:\/\/estyl.pl\/blog\/poznaj-marke-o-10-twarzach-revlon\/","og_site_name":"Blog | Estyl.pl","article_published_time":"2017-03-16T13:57:24+00:00","article_modified_time":"2021-03-25T06:19:51+00:00","og_image":[{"width":750,"height":315,"url":"https:\/\/estyl.pl\/blog\/wp-content\/uploads\/2017\/03\/Revlon-Professional.aspx_.jpg","type":"image\/jpeg"}],"author":"admin","twitter_misc":{"Napisane przez":"admin","Szacowany czas czytania":"3 minuty"},"schema":{"@context":"https:\/\/schema.org","@graph":[{"@type":"WebPage","@id":"https:\/\/estyl.pl\/blog\/poznaj-marke-o-10-twarzach-revlon\/","url":"https:\/\/estyl.pl\/blog\/poznaj-marke-o-10-twarzach-revlon\/","name":"Poznaj mark\u0119 o 10 twarzach - REVLON - Blog | Estyl.pl","isPartOf":{"@id":"https:\/\/estyl.pl\/blog\/#website"},"datePublished":"2017-03-16T13:57:24+00:00","dateModified":"2021-03-25T06:19:51+00:00","author":{"@id":"https:\/\/estyl.pl\/blog\/#\/schema\/person\/22fff2064045ce23be580e18ca255220"},"description":"Marka Revlon znana jest z wielu profesjonalnych produkt\u00f3w. A czy znasz ju\u017c kosmetyki do piel\u0119gnacji w\u0142os\u00f3w w\u0142a\u015bnie tej marki?","inLanguage":"pl-PL","potentialAction":[{"@type":"ReadAction","target":["https:\/\/estyl.pl\/blog\/poznaj-marke-o-10-twarzach-revlon\/"]}]},{"@type":"WebSite","@id":"https:\/\/estyl.pl\/blog\/#website","url":"https:\/\/estyl.pl\/blog\/","name":"Blog | Estyl.pl","description":"Kosmetyki do w\u0142os\u00f3w, porady, piel\u0119gnacja, stylizacja","potentialAction":[{"@type":"SearchAction","target":{"@type":"EntryPoint","urlTemplate":"https:\/\/estyl.pl\/blog\/?s={search_term_string}"},"query-input":"required name=search_term_string"}],"inLanguage":"pl-PL"},{"@type":"Person","@id":"https:\/\/estyl.pl\/blog\/#\/schema\/person\/22fff2064045ce23be580e18ca255220","name":"admin","url":"https:\/\/estyl.pl\/blog\/author\/admin\/"}]}},"_links":{"self":[{"href":"https:\/\/estyl.pl\/blog\/wp-json\/wp\/v2\/posts\/32086"}],"collection":[{"href":"https:\/\/estyl.pl\/blog\/wp-json\/wp\/v2\/posts"}],"about":[{"href":"https:\/\/estyl.pl\/blog\/wp-json\/wp\/v2\/types\/post"}],"author":[{"embeddable":true,"href":"https:\/\/estyl.pl\/blog\/wp-json\/wp\/v2\/users\/1"}],"replies":[{"embeddable":true,"href":"https:\/\/estyl.pl\/blog\/wp-json\/wp\/v2\/comments?post=32086"}],"version-history":[{"count":14,"href":"https:\/\/estyl.pl\/blog\/wp-json\/wp\/v2\/posts\/32086\/revisions"}],"predecessor-version":[{"id":37815,"href":"https:\/\/estyl.pl\/blog\/wp-json\/wp\/v2\/posts\/32086\/revisions\/37815"}],"wp:featuredmedia":[{"embeddable":true,"href":"https:\/\/estyl.pl\/blog\/wp-json\/wp\/v2\/media\/32099"}],"wp:attachment":[{"href":"https:\/\/estyl.pl\/blog\/wp-json\/wp\/v2\/media?parent=32086"}],"wp:term":[{"taxonomy":"category","embeddable":true,"href":"https:\/\/estyl.pl\/blog\/wp-json\/wp\/v2\/categories?post=32086"},{"taxonomy":"post_tag","embeddable":true,"href":"https:\/\/estyl.pl\/blog\/wp-json\/wp\/v2\/tags?post=32086"}],"curies":[{"name":"wp","href":"https:\/\/api.w.org\/{rel}","templated":true}]}}