{"id":32769,"date":"2017-08-11T11:37:37","date_gmt":"2017-08-11T09:37:37","guid":{"rendered":"https:\/\/estyl.pl\/blog\/?p=32769"},"modified":"2020-10-23T08:32:06","modified_gmt":"2020-10-23T06:32:06","slug":"makijaz-oczu-sprawdz-nasze-nowosci","status":"publish","type":"post","link":"https:\/\/estyl.pl\/blog\/makijaz-oczu-sprawdz-nasze-nowosci\/","title":{"rendered":"Sprawd\u017a nasze nowo\u015bci kosmetyczne!"},"content":{"rendered":"<p style=\"text-align: justify;\">Wiele kobiet uwa\u017ca, \u017ce bez makija\u017cu czuj\u0105 si\u0119 jak bez przys\u0142owiowej r\u0119ki. S\u0105 kobiety, dla kt\u00f3rych makija\u017c mo\u017ce nie istnie\u0107, ale s\u0105 r\u00f3wnie\u017c i te, kt\u00f3re lubi\u0105 i dobrze czuj\u0105 si\u0119, kiedy podkre\u015bl\u0105 swoj\u0105 urod\u0119 kolorowymi kosmetykami. Dla wi\u0119kszo\u015bci z nas makija\u017c oczu wydaje si\u0119 by\u0107 jednak najwa\u017cniejszy. To on bowiem zmienia nasz wygl\u0105d w szybki spos\u00f3b. Tak wi\u0119c wychodz\u0105c Ci na przeciw, do\u0142\u0105czyli\u015bmy do naszej oferty produkty do makija\u017cu znanych i lubianych marek. Sprawd\u017a nasze nowo\u015bci kosmetyczne!<!--more--><img decoding=\"async\" loading=\"lazy\" class=\"aligncenter wp-image-36938 size-full\" title=\"nowo\u015bci kosmetyczne w Estyl.pl\" src=\"https:\/\/estyl.pl\/blog\/wp-content\/uploads\/2017\/08\/nowosci.jpg\" alt=\"nowo\u015bci kosmetyczne w Estyl.pl\" width=\"600\" height=\"401\" srcset=\"https:\/\/estyl.pl\/blog\/wp-content\/uploads\/2017\/08\/nowosci.jpg 600w, https:\/\/estyl.pl\/blog\/wp-content\/uploads\/2017\/08\/nowosci-300x201.jpg 300w, https:\/\/estyl.pl\/blog\/wp-content\/uploads\/2017\/08\/nowosci-580x388.jpg 580w, https:\/\/estyl.pl\/blog\/wp-content\/uploads\/2017\/08\/nowosci-261x174.jpg 261w\" sizes=\"(max-width: 600px) 100vw, 600px\" \/><\/p>\n<p style=\"text-align: justify;\">A wi\u0119c skoro nowo\u015bci, to na naszych sklepowych p\u00f3\u0142kach l\u0105duj\u0105 nowe produkty znanych marek:<\/p>\n<h2>Nowo\u015bci kosmetyczne &#8222;The Balm&#8221; &#8211; najwy\u017cszej jako\u015bci kosmetyki do profesjonalnego makija\u017cu<\/h2>\n<p>Marce &#8222;<a href=\"https:\/\/estyl.pl\/marka\/thebalm\">The Balm<\/a>&#8221; jeste\u015bmy wierni ju\u017c od kilku lat. Tym razem na naszych sklepowych p\u00f3\u0142kach pojawi\u0142y si\u0119 nowo\u015bci kosmetyczne marki w jak zawsze intryguj\u0105cych i uroczych opakowaniach. Znasz &#8211; lubisz? A mo\u017ce jeszcze nie mia\u0142a\u015b okazji ich pozna\u0107? Oto one!<\/p>\n<h3 class=\"product-box__desc__heading \">Will Powder Blush Quad &#8211; Paleta r\u00f3\u017cy do policzk\u00f3w 10g<\/h3>\n<p>R\u00f3\u017c stosowany na policzki dodaje naszej twarzy \u015bwie\u017co\u015bci. Eleganckie opakowanie, do kt\u00f3rego przyzwyczai\u0142a nas marka The Balm skrywa w sobie a\u017c 4 odcienie r\u00f3\u017cu. Kolory doskonale wsp\u00f3\u0142graj\u0105 zar\u00f3wno z ciemn\u0105, jak i ja\u015bniejsz\u0105 karnacj\u0105. Idealnie sprawdz\u0105 si\u0119 na ka\u017cd\u0105 okazj\u0119, dodaj\u0105c \u015bwie\u017co\u015bci i naturalno\u015bci. G\u0142\u00f3wn\u0105 zalet\u0105 palety r\u00f3\u017cy do policzk\u00f3w jest zawarto\u015b\u0107 w sk\u0142adzie naturalnych substancji: olejku z rozmarynu, oleju z pestek winogron i oleju jojoba.<\/p>\n<p><a href=\"https:\/\/estyl.pl\/will-powder-blush-quad-paleta-rozy-do-policzkow-10g\" target=\"_blank\" rel=\"noopener noreferrer\"><img decoding=\"async\" loading=\"lazy\" class=\"alignnone wp-image-36939\" title=\"Nowo\u015bci kosmetyczne - r\u00f3\u017c The Balm\" src=\"https:\/\/estyl.pl\/blog\/wp-content\/uploads\/2017\/08\/thebalm-will_powder_blush_quad-1.jpg\" alt=\"Nowo\u015bci kosmetyczne - r\u00f3\u017c The Balm\" width=\"200\" height=\"200\" srcset=\"https:\/\/estyl.pl\/blog\/wp-content\/uploads\/2017\/08\/thebalm-will_powder_blush_quad-1.jpg 800w, https:\/\/estyl.pl\/blog\/wp-content\/uploads\/2017\/08\/thebalm-will_powder_blush_quad-1-300x300.jpg 300w, https:\/\/estyl.pl\/blog\/wp-content\/uploads\/2017\/08\/thebalm-will_powder_blush_quad-1-580x580.jpg 580w, https:\/\/estyl.pl\/blog\/wp-content\/uploads\/2017\/08\/thebalm-will_powder_blush_quad-1-768x768.jpg 768w, https:\/\/estyl.pl\/blog\/wp-content\/uploads\/2017\/08\/thebalm-will_powder_blush_quad-1-755x755.jpg 755w, https:\/\/estyl.pl\/blog\/wp-content\/uploads\/2017\/08\/thebalm-will_powder_blush_quad-1-261x261.jpg 261w\" sizes=\"(max-width: 200px) 100vw, 200px\" \/><\/a> <a href=\"https:\/\/estyl.pl\/will-powder-blush-quad-paleta-rozy-do-policzkow-10g\" target=\"_blank\" rel=\"noopener noreferrer\"><img decoding=\"async\" loading=\"lazy\" class=\"alignnone wp-image-36940\" title=\"Nowo\u015bci kosmetyczne - r\u00f3\u017c The Balm\" src=\"https:\/\/estyl.pl\/blog\/wp-content\/uploads\/2017\/08\/thebalm-will_powder_blush_quad-2.jpg\" alt=\"Nowo\u015bci kosmetyczne - r\u00f3\u017c The Balm\" width=\"200\" height=\"200\" srcset=\"https:\/\/estyl.pl\/blog\/wp-content\/uploads\/2017\/08\/thebalm-will_powder_blush_quad-2.jpg 834w, https:\/\/estyl.pl\/blog\/wp-content\/uploads\/2017\/08\/thebalm-will_powder_blush_quad-2-300x300.jpg 300w, https:\/\/estyl.pl\/blog\/wp-content\/uploads\/2017\/08\/thebalm-will_powder_blush_quad-2-580x580.jpg 580w, https:\/\/estyl.pl\/blog\/wp-content\/uploads\/2017\/08\/thebalm-will_powder_blush_quad-2-768x768.jpg 768w, https:\/\/estyl.pl\/blog\/wp-content\/uploads\/2017\/08\/thebalm-will_powder_blush_quad-2-755x755.jpg 755w, https:\/\/estyl.pl\/blog\/wp-content\/uploads\/2017\/08\/thebalm-will_powder_blush_quad-2-261x261.jpg 261w\" sizes=\"(max-width: 200px) 100vw, 200px\" \/><\/a> <a href=\"https:\/\/estyl.pl\/will-powder-blush-quad-paleta-rozy-do-policzkow-10g\" target=\"_blank\" rel=\"noopener noreferrer\"><img decoding=\"async\" loading=\"lazy\" class=\"alignnone wp-image-36941\" title=\"Nowo\u015bci kosmetyczne - r\u00f3\u017c The Balm\" src=\"https:\/\/estyl.pl\/blog\/wp-content\/uploads\/2017\/08\/thebalm-will_powder_blush_quad-3.jpg\" alt=\"Nowo\u015bci kosmetyczne - r\u00f3\u017c The Balm\" width=\"200\" height=\"200\" srcset=\"https:\/\/estyl.pl\/blog\/wp-content\/uploads\/2017\/08\/thebalm-will_powder_blush_quad-3.jpg 800w, https:\/\/estyl.pl\/blog\/wp-content\/uploads\/2017\/08\/thebalm-will_powder_blush_quad-3-300x300.jpg 300w, https:\/\/estyl.pl\/blog\/wp-content\/uploads\/2017\/08\/thebalm-will_powder_blush_quad-3-580x580.jpg 580w, https:\/\/estyl.pl\/blog\/wp-content\/uploads\/2017\/08\/thebalm-will_powder_blush_quad-3-768x768.jpg 768w, https:\/\/estyl.pl\/blog\/wp-content\/uploads\/2017\/08\/thebalm-will_powder_blush_quad-3-755x755.jpg 755w, https:\/\/estyl.pl\/blog\/wp-content\/uploads\/2017\/08\/thebalm-will_powder_blush_quad-3-261x261.jpg 261w\" sizes=\"(max-width: 200px) 100vw, 200px\" \/><\/a><\/p>\n<h3 class=\"product-box__desc__heading \">Priming is Everything Black &#8211; Baza pod cienie do powiek &#8211; czarna 3g<\/h3>\n<p>Ka\u017cda kobieta, kt\u00f3ra na co dzie\u0144 wykonuje makija\u017c oczu wie, jak wa\u017cna jest baza pod cienie do powiek. To w\u0142a\u015bnie dzi\u0119ki niej mo\u017cemy cieszy\u0107 si\u0119 perfekcyjnym makija\u017cem przez wiele godzin. Marka The Balm stworzy\u0142a baz\u0119 pod cienie do powiek w kolorze&#8230; czarnym! Jakie ma zadanie? Oczywi\u015bcie, opr\u00f3cz podstawowych cech takich jak: brak \u015bcierania, rolowania czy obsypywania si\u0119 cieni baza w kolorze czarnym podkr\u0119ca dodatkowo kolor wyj\u015bciowy cieni. Staj\u0105 si\u0119 one mocniejsze i bardziej wyraziste. Spr\u00f3bujesz?<\/p>\n<p><a href=\"https:\/\/estyl.pl\/priming-is-everything-black-baza-pod-cienie-do-powiek-czarna-3g\" target=\"_blank\" rel=\"noopener noreferrer\"><img decoding=\"async\" loading=\"lazy\" class=\"alignnone wp-image-36942\" title=\"Nowo\u015bci kosmetyczne - czarna baza pod cienie\" src=\"https:\/\/estyl.pl\/blog\/wp-content\/uploads\/2017\/08\/thebalm_priming_is_everything_-_black1.jpg\" alt=\"Nowo\u015bci kosmetyczne - czarna baza pod cienie\" width=\"200\" height=\"200\" srcset=\"https:\/\/estyl.pl\/blog\/wp-content\/uploads\/2017\/08\/thebalm_priming_is_everything_-_black1.jpg 990w, https:\/\/estyl.pl\/blog\/wp-content\/uploads\/2017\/08\/thebalm_priming_is_everything_-_black1-300x300.jpg 300w, https:\/\/estyl.pl\/blog\/wp-content\/uploads\/2017\/08\/thebalm_priming_is_everything_-_black1-580x580.jpg 580w, https:\/\/estyl.pl\/blog\/wp-content\/uploads\/2017\/08\/thebalm_priming_is_everything_-_black1-768x768.jpg 768w, https:\/\/estyl.pl\/blog\/wp-content\/uploads\/2017\/08\/thebalm_priming_is_everything_-_black1-755x755.jpg 755w, https:\/\/estyl.pl\/blog\/wp-content\/uploads\/2017\/08\/thebalm_priming_is_everything_-_black1-261x261.jpg 261w\" sizes=\"(max-width: 200px) 100vw, 200px\" \/><\/a> <a href=\"https:\/\/estyl.pl\/priming-is-everything-black-baza-pod-cienie-do-powiek-czarna-3g\" target=\"_blank\" rel=\"noopener noreferrer\"><img decoding=\"async\" loading=\"lazy\" class=\"alignnone wp-image-36943\" title=\"Nowo\u015bci kosmetyczne - czarna baza pod cienie\" src=\"https:\/\/estyl.pl\/blog\/wp-content\/uploads\/2017\/08\/thebalm_priming_is_everything_-_black2.jpg\" alt=\"Nowo\u015bci kosmetyczne - czarna baza pod cienie\" width=\"200\" height=\"200\" srcset=\"https:\/\/estyl.pl\/blog\/wp-content\/uploads\/2017\/08\/thebalm_priming_is_everything_-_black2.jpg 800w, https:\/\/estyl.pl\/blog\/wp-content\/uploads\/2017\/08\/thebalm_priming_is_everything_-_black2-300x300.jpg 300w, https:\/\/estyl.pl\/blog\/wp-content\/uploads\/2017\/08\/thebalm_priming_is_everything_-_black2-580x580.jpg 580w, https:\/\/estyl.pl\/blog\/wp-content\/uploads\/2017\/08\/thebalm_priming_is_everything_-_black2-768x768.jpg 768w, https:\/\/estyl.pl\/blog\/wp-content\/uploads\/2017\/08\/thebalm_priming_is_everything_-_black2-755x755.jpg 755w, https:\/\/estyl.pl\/blog\/wp-content\/uploads\/2017\/08\/thebalm_priming_is_everything_-_black2-261x261.jpg 261w\" sizes=\"(max-width: 200px) 100vw, 200px\" \/><\/a> <a href=\"https:\/\/estyl.pl\/priming-is-everything-black-baza-pod-cienie-do-powiek-czarna-3g\" target=\"_blank\" rel=\"noopener noreferrer\"><img decoding=\"async\" loading=\"lazy\" class=\"alignnone wp-image-36944\" title=\"Nowo\u015bci kosmetyczne - czarna baza pod cienie\" src=\"https:\/\/estyl.pl\/blog\/wp-content\/uploads\/2017\/08\/thebalm_priming_is_everything_-_black3.jpg\" alt=\"Nowo\u015bci kosmetyczne - czarna baza pod cienie\" width=\"200\" height=\"200\" srcset=\"https:\/\/estyl.pl\/blog\/wp-content\/uploads\/2017\/08\/thebalm_priming_is_everything_-_black3.jpg 800w, https:\/\/estyl.pl\/blog\/wp-content\/uploads\/2017\/08\/thebalm_priming_is_everything_-_black3-300x300.jpg 300w, https:\/\/estyl.pl\/blog\/wp-content\/uploads\/2017\/08\/thebalm_priming_is_everything_-_black3-580x580.jpg 580w, https:\/\/estyl.pl\/blog\/wp-content\/uploads\/2017\/08\/thebalm_priming_is_everything_-_black3-768x768.jpg 768w, https:\/\/estyl.pl\/blog\/wp-content\/uploads\/2017\/08\/thebalm_priming_is_everything_-_black3-755x755.jpg 755w, https:\/\/estyl.pl\/blog\/wp-content\/uploads\/2017\/08\/thebalm_priming_is_everything_-_black3-261x261.jpg 261w\" sizes=\"(max-width: 200px) 100vw, 200px\" \/><\/a><\/p>\n<h2>Nowo\u015bci kosmetyczne marki Beauty Blender<\/h2>\n<p>Marka <a href=\"https:\/\/estyl.pl\/marka\/beauty-blender\">Beauty Blender<\/a> to niekwestionowany lider w sprzeda\u017cy g\u0105beczek do makija\u017cu i akcesori\u00f3w do jej piel\u0119gnacji. W naszej ofercie opr\u00f3cz oczywi\u015bcie sztandarowych produkt\u00f3w marki pojawi\u0142 si\u0119 bardzo ciekawy zestaw. Jaki?<\/p>\n<h3 class=\"product-box__desc__heading \">Beauty Blender The Crown Jewels &#8211; Zestaw prezentowy<\/h3>\n<p><a href=\"https:\/\/estyl.pl\/the-crown-jewels-zestaw-prezentowy-do-makijazu-4-gabki-do-makijazu-4-mydelka-do-czyszczenia-gabek\">Zestaw prezentowy<\/a> marki Beauty Blender doskonale nadaje si\u0119 np. na prezent. R\u00f3\u017cowe, kartonowe pude\u0142eczko zawiera a\u017c 4 g\u0105beczki oraz 4 myde\u0142ka do czyszczenia g\u0105beczek. Inspiracj\u0105 do stworzenia tego zestawu by\u0142y klejnoty &#8211; st\u0105d te\u017c taki a nie inny kszta\u0142t opakowania zestawu, jak r\u00f3wnie\u017c wygl\u0105d myde\u0142ek.<\/p>\n<p><a href=\"https:\/\/estyl.pl\/the-crown-jewels-zestaw-prezentowy-do-makijazu-4-gabki-do-makijazu-4-mydelka-do-czyszczenia-gabek\" target=\"_blank\" rel=\"noopener noreferrer\"><img decoding=\"async\" loading=\"lazy\" class=\"alignnone wp-image-36946\" title=\"Nowo\u015bci kosmetyczne Beauty Blender\" src=\"https:\/\/estyl.pl\/blog\/wp-content\/uploads\/2017\/08\/beauty_blender_the_crown_jewels_1.jpg\" alt=\"Nowo\u015bci kosmetyczne Beauty Blender\" width=\"200\" height=\"200\" srcset=\"https:\/\/estyl.pl\/blog\/wp-content\/uploads\/2017\/08\/beauty_blender_the_crown_jewels_1.jpg 800w, https:\/\/estyl.pl\/blog\/wp-content\/uploads\/2017\/08\/beauty_blender_the_crown_jewels_1-300x300.jpg 300w, https:\/\/estyl.pl\/blog\/wp-content\/uploads\/2017\/08\/beauty_blender_the_crown_jewels_1-580x580.jpg 580w, https:\/\/estyl.pl\/blog\/wp-content\/uploads\/2017\/08\/beauty_blender_the_crown_jewels_1-768x768.jpg 768w, https:\/\/estyl.pl\/blog\/wp-content\/uploads\/2017\/08\/beauty_blender_the_crown_jewels_1-755x755.jpg 755w, https:\/\/estyl.pl\/blog\/wp-content\/uploads\/2017\/08\/beauty_blender_the_crown_jewels_1-261x261.jpg 261w\" sizes=\"(max-width: 200px) 100vw, 200px\" \/><\/a> <a href=\"https:\/\/estyl.pl\/the-crown-jewels-zestaw-prezentowy-do-makijazu-4-gabki-do-makijazu-4-mydelka-do-czyszczenia-gabek\" target=\"_blank\" rel=\"noopener noreferrer\"><img decoding=\"async\" loading=\"lazy\" class=\"alignnone wp-image-36947\" title=\"Nowo\u015bci kosmetyczne Beauty Blender\" src=\"https:\/\/estyl.pl\/blog\/wp-content\/uploads\/2017\/08\/beauty_blender_the_crown_jewels_2.jpg\" alt=\"Nowo\u015bci kosmetyczne Beauty Blender\" width=\"200\" height=\"200\" srcset=\"https:\/\/estyl.pl\/blog\/wp-content\/uploads\/2017\/08\/beauty_blender_the_crown_jewels_2.jpg 800w, https:\/\/estyl.pl\/blog\/wp-content\/uploads\/2017\/08\/beauty_blender_the_crown_jewels_2-300x300.jpg 300w, https:\/\/estyl.pl\/blog\/wp-content\/uploads\/2017\/08\/beauty_blender_the_crown_jewels_2-580x580.jpg 580w, https:\/\/estyl.pl\/blog\/wp-content\/uploads\/2017\/08\/beauty_blender_the_crown_jewels_2-768x768.jpg 768w, https:\/\/estyl.pl\/blog\/wp-content\/uploads\/2017\/08\/beauty_blender_the_crown_jewels_2-755x755.jpg 755w, https:\/\/estyl.pl\/blog\/wp-content\/uploads\/2017\/08\/beauty_blender_the_crown_jewels_2-261x261.jpg 261w\" sizes=\"(max-width: 200px) 100vw, 200px\" \/><\/a> <a href=\"https:\/\/estyl.pl\/the-crown-jewels-zestaw-prezentowy-do-makijazu-4-gabki-do-makijazu-4-mydelka-do-czyszczenia-gabek\" target=\"_blank\" rel=\"noopener noreferrer\"><img decoding=\"async\" loading=\"lazy\" class=\"alignnone wp-image-36948\" title=\"Nowo\u015bci kosmetyczne Beauty Blender\" src=\"https:\/\/estyl.pl\/blog\/wp-content\/uploads\/2017\/08\/beauty_blender_the_crown_jewels_3.jpg\" alt=\"Nowo\u015bci kosmetyczne Beauty Blender\" width=\"200\" height=\"200\" srcset=\"https:\/\/estyl.pl\/blog\/wp-content\/uploads\/2017\/08\/beauty_blender_the_crown_jewels_3.jpg 800w, https:\/\/estyl.pl\/blog\/wp-content\/uploads\/2017\/08\/beauty_blender_the_crown_jewels_3-300x300.jpg 300w, https:\/\/estyl.pl\/blog\/wp-content\/uploads\/2017\/08\/beauty_blender_the_crown_jewels_3-580x580.jpg 580w, https:\/\/estyl.pl\/blog\/wp-content\/uploads\/2017\/08\/beauty_blender_the_crown_jewels_3-768x768.jpg 768w, https:\/\/estyl.pl\/blog\/wp-content\/uploads\/2017\/08\/beauty_blender_the_crown_jewels_3-755x755.jpg 755w, https:\/\/estyl.pl\/blog\/wp-content\/uploads\/2017\/08\/beauty_blender_the_crown_jewels_3-261x261.jpg 261w\" sizes=\"(max-width: 200px) 100vw, 200px\" \/><\/a><\/p>\n<h2>Nowo\u015bci kosmetyczne &#8211; Revitalash<\/h2>\n<p><a href=\"https:\/\/estyl.pl\/marka\/revitalash\">Revitalash<\/a> to marka, kt\u00f3ra ju\u017c od wielu lat go\u015bci na naszych sklepowych p\u00f3\u0142kach. Znana na ca\u0142ym \u015bwiecie <a href=\"https:\/\/estyl.pl\/eyelash-advanced-conditioner-odzywka-pobudzajaca-wzrost-rzes-kuracja-na-6-miesiecy-3-5ml\">od\u017cywka do rz\u0119s<\/a> to zdecydowanie sztandarowy produkt marki. W tym sezonie pojawi\u0142a si\u0119 kolejna nowo\u015b\u0107, kt\u00f3ra znalaz\u0142a si\u0119 r\u00f3wnie\u017c w naszej sprzeda\u017cy. O czym mowa?<\/p>\n<h3 class=\"product-box__desc__heading \">RevitaLash Hi-Def Brow Pencil &#8211; Wodoodporna kredka do brwi<\/h3>\n<p><a href=\"https:\/\/estyl.pl\/hi-def-brow-pencil-wodoodporna-kredka-do-brwi-cieply-braz-0-14g\">Kredka do brwi<\/a> Revitalash to doskona\u0142y produkt dla ka\u017cdej kobiety. Posiada ona wiele cech, kt\u00f3rymi z pewno\u015bci\u0105 Ci\u0119 przekona. Kredka do brwi jest wodoodporna, dzi\u0119ki czemu utrzymuje si\u0119 do 10 godzin. Dost\u0119pna w 3 odcieniach pozwala na dopasowanie koloru do swojej karnacji i w\u0142os\u00f3w. W swoim sk\u0142adzie nie zawiera szkodliwych substancji takich jak parabeny, gluten, ftalany, za\u015b posiada witamin\u0119 E o dzia\u0142aniu od\u017cywczym.<\/p>\n<p><a href=\"https:\/\/estyl.pl\/hi-def-brow-pencil-wodoodporna-kredka-do-brwi-cieply-braz-0-14g\" target=\"_blank\" rel=\"noopener noreferrer\"><img decoding=\"async\" loading=\"lazy\" class=\"alignnone wp-image-36949\" title=\"Nowo\u015bci kosmetyczne Revitalash\" src=\"https:\/\/estyl.pl\/blog\/wp-content\/uploads\/2017\/08\/hi-def-brow-pencil_-_1_warm_brown.jpg\" alt=\"Nowo\u015bci kosmetyczne Revitalash\" width=\"200\" height=\"200\" srcset=\"https:\/\/estyl.pl\/blog\/wp-content\/uploads\/2017\/08\/hi-def-brow-pencil_-_1_warm_brown.jpg 800w, https:\/\/estyl.pl\/blog\/wp-content\/uploads\/2017\/08\/hi-def-brow-pencil_-_1_warm_brown-300x300.jpg 300w, https:\/\/estyl.pl\/blog\/wp-content\/uploads\/2017\/08\/hi-def-brow-pencil_-_1_warm_brown-580x580.jpg 580w, https:\/\/estyl.pl\/blog\/wp-content\/uploads\/2017\/08\/hi-def-brow-pencil_-_1_warm_brown-768x768.jpg 768w, https:\/\/estyl.pl\/blog\/wp-content\/uploads\/2017\/08\/hi-def-brow-pencil_-_1_warm_brown-755x755.jpg 755w, https:\/\/estyl.pl\/blog\/wp-content\/uploads\/2017\/08\/hi-def-brow-pencil_-_1_warm_brown-261x261.jpg 261w\" sizes=\"(max-width: 200px) 100vw, 200px\" \/><\/a> <a href=\"https:\/\/estyl.pl\/hi-def-brow-pencil-wodoodporna-kredka-do-brwi-cieply-braz-0-14g\" target=\"_blank\" rel=\"noopener noreferrer\"><img decoding=\"async\" loading=\"lazy\" class=\"alignnone wp-image-36950\" title=\"Nowo\u015bci kosmetyczne Revitalash\" src=\"https:\/\/estyl.pl\/blog\/wp-content\/uploads\/2017\/08\/hi-def-brow-pencil_-_5_1.jpg\" alt=\"Nowo\u015bci kosmetyczne Revitalash\" width=\"200\" height=\"200\" srcset=\"https:\/\/estyl.pl\/blog\/wp-content\/uploads\/2017\/08\/hi-def-brow-pencil_-_5_1.jpg 800w, https:\/\/estyl.pl\/blog\/wp-content\/uploads\/2017\/08\/hi-def-brow-pencil_-_5_1-300x300.jpg 300w, https:\/\/estyl.pl\/blog\/wp-content\/uploads\/2017\/08\/hi-def-brow-pencil_-_5_1-580x579.jpg 580w, https:\/\/estyl.pl\/blog\/wp-content\/uploads\/2017\/08\/hi-def-brow-pencil_-_5_1-768x767.jpg 768w, https:\/\/estyl.pl\/blog\/wp-content\/uploads\/2017\/08\/hi-def-brow-pencil_-_5_1-755x754.jpg 755w, https:\/\/estyl.pl\/blog\/wp-content\/uploads\/2017\/08\/hi-def-brow-pencil_-_5_1-261x261.jpg 261w\" sizes=\"(max-width: 200px) 100vw, 200px\" \/><\/a> <a href=\"https:\/\/estyl.pl\/hi-def-brow-pencil-wodoodporna-kredka-do-brwi-cieply-braz-0-14g\" target=\"_blank\" rel=\"noopener noreferrer\"><img decoding=\"async\" loading=\"lazy\" class=\"alignnone wp-image-36951\" title=\"Nowo\u015bci kosmetyczne Revitalash\" src=\"https:\/\/estyl.pl\/blog\/wp-content\/uploads\/2017\/08\/hi-def-brow-pencil_-_6_1.jpg\" alt=\"Nowo\u015bci kosmetyczne Revitalash\" width=\"200\" height=\"200\" srcset=\"https:\/\/estyl.pl\/blog\/wp-content\/uploads\/2017\/08\/hi-def-brow-pencil_-_6_1.jpg 800w, https:\/\/estyl.pl\/blog\/wp-content\/uploads\/2017\/08\/hi-def-brow-pencil_-_6_1-300x300.jpg 300w, https:\/\/estyl.pl\/blog\/wp-content\/uploads\/2017\/08\/hi-def-brow-pencil_-_6_1-580x580.jpg 580w, https:\/\/estyl.pl\/blog\/wp-content\/uploads\/2017\/08\/hi-def-brow-pencil_-_6_1-768x768.jpg 768w, https:\/\/estyl.pl\/blog\/wp-content\/uploads\/2017\/08\/hi-def-brow-pencil_-_6_1-755x755.jpg 755w, https:\/\/estyl.pl\/blog\/wp-content\/uploads\/2017\/08\/hi-def-brow-pencil_-_6_1-261x261.jpg 261w\" sizes=\"(max-width: 200px) 100vw, 200px\" \/><\/a><\/p>\n<p>&nbsp;<\/p>\n<h2>Embryolisse &#8211; must have w ka\u017cdej kosmetyczce!<\/h2>\n<p>S\u0105 kosmetyki, kt\u00f3re zna ka\u017cda kobieta. Z pewno\u015bci\u0105 mo\u017cemy do nich zaliczy\u0107 mark\u0119 <a href=\"https:\/\/estyl.pl\/marka\/embryolisse\">Embryoliss<\/a>e, a w\u0142a\u015bciwie <a href=\"https:\/\/estyl.pl\/embryiolisse-lait-creme-concentre-krem-odzywczo-nawilzajacy-75ml\">krem od\u017cywczo-nawil\u017caj\u0105cy<\/a> tej marki. Idealnie sprawdza si\u0119 pod makija\u017c &#8211; opr\u00f3cz funkcji piel\u0119gnuj\u0105cych utrwala r\u00f3wnie\u017c podk\u0142ad. Dzisiaj jednak przychodzimy z kolejn\u0105 nowo\u015bci\u0105 brandu &#8211; balsamem do ust.<\/p>\n<h3 class=\"product-box__desc__heading \">Embryolisse Comfort Lip Balm Coral Nude &#8211; Koloryzuj\u0105co-od\u017cywczy balsam do ust<\/h3>\n<p>Pi\u0119kne i nawil\u017cone usta? Teraz to mo\u017cliwe! <a href=\"https:\/\/estyl.pl\/comfort-lip-balm-coral-nude-koloryzujaco-odzywczy-balsam-do-ust-2-5g\">Balsam do ust<\/a> Embryolisse nie tylko nadaje ustom pi\u0119kny kolor, ale d\u0142ugotrwale je nawil\u017ca. Kosmetyk zawiera w sk\u0142adzie substancje o dzia\u0142aniu nawil\u017caj\u0105cym, ale r\u00f3wnie\u017c przeciwstarzeniowym, jak na przyk\u0142ad: witamin\u0119 E, olej rycynowy czy mas\u0142o bawe\u0142niane. Kremowa formu\u0142a kosmetyku pozwala na szybk\u0105 i \u0142atw\u0105 aplikacj\u0119 produktu. Dost\u0119pna w r\u00f3\u017cnych kolorach doskonale sprawdza si\u0119 do wszystkich odcieni sk\u00f3ry.<\/p>\n<p><a href=\"https:\/\/estyl.pl\/comfort-lip-balm-coral-nude-koloryzujaco-odzywczy-balsam-do-ust-2-5g\" target=\"_blank\" rel=\"noopener noreferrer\"><img decoding=\"async\" loading=\"lazy\" class=\"alignnone wp-image-36954\" title=\"Nowo\u015bci kosmetyczne Embryolisse\" src=\"https:\/\/estyl.pl\/blog\/wp-content\/uploads\/2017\/08\/coral3.jpg\" alt=\"Nowo\u015bci kosmetyczne Embryolisse\" width=\"200\" height=\"200\" srcset=\"https:\/\/estyl.pl\/blog\/wp-content\/uploads\/2017\/08\/coral3.jpg 709w, https:\/\/estyl.pl\/blog\/wp-content\/uploads\/2017\/08\/coral3-300x300.jpg 300w, https:\/\/estyl.pl\/blog\/wp-content\/uploads\/2017\/08\/coral3-580x580.jpg 580w, https:\/\/estyl.pl\/blog\/wp-content\/uploads\/2017\/08\/coral3-261x261.jpg 261w\" sizes=\"(max-width: 200px) 100vw, 200px\" \/><\/a> <a href=\"https:\/\/estyl.pl\/comfort-lip-balm-coral-nude-koloryzujaco-odzywczy-balsam-do-ust-2-5g\" target=\"_blank\" rel=\"noopener noreferrer\"><img decoding=\"async\" loading=\"lazy\" class=\"alignnone wp-image-36953\" title=\"Nowo\u015bci kosmetyczne Embryolisse\" src=\"https:\/\/estyl.pl\/blog\/wp-content\/uploads\/2017\/08\/coral2.jpg\" alt=\"Nowo\u015bci kosmetyczne Embryolisse\" width=\"200\" height=\"200\" srcset=\"https:\/\/estyl.pl\/blog\/wp-content\/uploads\/2017\/08\/coral2.jpg 800w, https:\/\/estyl.pl\/blog\/wp-content\/uploads\/2017\/08\/coral2-300x300.jpg 300w, https:\/\/estyl.pl\/blog\/wp-content\/uploads\/2017\/08\/coral2-580x580.jpg 580w, https:\/\/estyl.pl\/blog\/wp-content\/uploads\/2017\/08\/coral2-768x768.jpg 768w, https:\/\/estyl.pl\/blog\/wp-content\/uploads\/2017\/08\/coral2-755x755.jpg 755w, https:\/\/estyl.pl\/blog\/wp-content\/uploads\/2017\/08\/coral2-261x261.jpg 261w\" sizes=\"(max-width: 200px) 100vw, 200px\" \/><\/a>\u00a0<a href=\"https:\/\/estyl.pl\/comfort-lip-balm-coral-nude-koloryzujaco-odzywczy-balsam-do-ust-2-5g\" target=\"_blank\" rel=\"noopener noreferrer\"><img decoding=\"async\" loading=\"lazy\" class=\"alignnone wp-image-36952\" title=\"Nowo\u015bci kosmetyczne Embryolisse\" src=\"https:\/\/estyl.pl\/blog\/wp-content\/uploads\/2017\/08\/coral1.jpg\" alt=\"Nowo\u015bci kosmetyczne Embryolisse\" width=\"200\" height=\"200\" srcset=\"https:\/\/estyl.pl\/blog\/wp-content\/uploads\/2017\/08\/coral1.jpg 690w, https:\/\/estyl.pl\/blog\/wp-content\/uploads\/2017\/08\/coral1-300x300.jpg 300w, https:\/\/estyl.pl\/blog\/wp-content\/uploads\/2017\/08\/coral1-580x580.jpg 580w, https:\/\/estyl.pl\/blog\/wp-content\/uploads\/2017\/08\/coral1-261x261.jpg 261w\" sizes=\"(max-width: 200px) 100vw, 200px\" \/><\/a><\/p>\n<p>&nbsp;<\/p>\n<h2>Nowo\u015bci kosmetyczne PUPA &#8211; wysokiej jako\u015bci kosmetyki do piel\u0119gnacji i makija\u017cu<\/h2>\n<p>Firma <a href=\"https:\/\/estyl.pl\/marka\/pupa-1\">Pupa<\/a> od roku 1976 dzia\u0142a na ca\u0142ym \u015bwiecie jako producent kosmetyk\u00f3w do piel\u0119gnacji cia\u0142a i twarzy oraz makija\u017cu. Marce zaufa\u0142o ju\u017c wielu wiza\u017cyst\u00f3w oraz klient\u00f3w, kt\u00f3ry stosuj\u0105 produkty marki ka\u017cdego dnia. Dzisiejsza nowo\u015b\u0107 kosmetyczna to zestaw do makija\u017cu &#8211; jaki?<\/p>\n<h3 class=\"product-box__desc__heading \">Pupa Vamp! Mascara All in One &#8211; Zestaw do makija\u017cu<\/h3>\n<p><a href=\"https:\/\/estyl.pl\/vamp-mascara-all-in-one-zestaw-do-makijazu-tusz-do-rzes-9ml-kredka-do-oczu-torebka\">Zestaw do makija\u017cu<\/a> marki Pupa zawiera tusz do rz\u0119s, kredk\u0119 do oczu oraz torebk\u0119. Jest to doskonale rozwi\u0105zanie zar\u00f3wno na swoje indywidualne potrzeby, jak r\u00f3wnie\u017c jako prezent. Z pewno\u015bci\u0105 ka\u017cda kobieta ucieszy si\u0119 z takiego podarunku. Tusz do rz\u0119s to kultowy produkt marki &#8211; wyd\u0142u\u017ca i podkr\u0119ca rz\u0119sy oraz je wzmacnia. Kredka do oczu pozwala na podkre\u015blenie i wydobycie pi\u0119kna w ka\u017cdej sytuacji, a do tego torebka w formie kopert\u00f3wki jest istnym &#8222;must have&#8221; w ka\u017cdej kobiecej szafie.<\/p>\n<p><a href=\"https:\/\/estyl.pl\/vamp-mascara-all-in-one-zestaw-do-makijazu-tusz-do-rzes-9ml-kredka-do-oczu-torebka\" target=\"_blank\" rel=\"noopener noreferrer\"><img decoding=\"async\" loading=\"lazy\" class=\"aligncenter wp-image-36955\" title=\"Nowo\u015bci kosmetyczne PUPA\" src=\"https:\/\/estyl.pl\/blog\/wp-content\/uploads\/2017\/08\/all_in.jpg\" alt=\"Nowo\u015bci kosmetyczne PUPA\" width=\"400\" height=\"400\" srcset=\"https:\/\/estyl.pl\/blog\/wp-content\/uploads\/2017\/08\/all_in.jpg 900w, https:\/\/estyl.pl\/blog\/wp-content\/uploads\/2017\/08\/all_in-300x300.jpg 300w, https:\/\/estyl.pl\/blog\/wp-content\/uploads\/2017\/08\/all_in-580x579.jpg 580w, https:\/\/estyl.pl\/blog\/wp-content\/uploads\/2017\/08\/all_in-768x767.jpg 768w, https:\/\/estyl.pl\/blog\/wp-content\/uploads\/2017\/08\/all_in-755x754.jpg 755w, https:\/\/estyl.pl\/blog\/wp-content\/uploads\/2017\/08\/all_in-261x261.jpg 261w\" sizes=\"(max-width: 400px) 100vw, 400px\" \/><\/a><\/p>\n<p style=\"text-align: justify;\">Tak jak obiecali\u015bmy nasz sklep ci\u0105gle rozwija si\u0119 pod k\u0105tem nowo\u015bci. Chcemy wychodzi\u0107 Ci naprzeciw. W zwi\u0105zku z tym obserwuj bardzo uwa\u017cnie nasz sklep i blog, poniewa\u017c z pewno\u015bci\u0105 kolejne produkty zawitaj\u0105 na naszych sklepowych p\u00f3\u0142kach. Mam nadziej\u0119, \u017ce nasze nowo\u015bci kosmetyczne pozwol\u0105 Ci bez problemu wykreowa\u0107 zar\u00f3wno codzienny, jak i wieczorowy look.<\/p>\n","protected":false},"excerpt":{"rendered":"<p>Wiele kobiet uwa\u017ca, \u017ce bez makija\u017cu czuj\u0105 si\u0119 jak bez przys\u0142owiowej r\u0119ki. S\u0105 kobiety, dla kt\u00f3rych makija\u017c mo\u017ce nie istnie\u0107, ale s\u0105 r\u00f3wnie\u017c i te, kt\u00f3re lubi\u0105 i dobrze czuj\u0105 si\u0119, kiedy podkre\u015bl\u0105 swoj\u0105 urod\u0119 kolorowymi kosmetykami. Dla wi\u0119kszo\u015bci z nas makija\u017c oczu wydaje si\u0119 by\u0107 jednak najwa\u017cniejszy. To on bowiem zmienia nasz wygl\u0105d w [&hellip;]<\/p>\n","protected":false},"author":1,"featured_media":36957,"comment_status":"open","ping_status":"closed","sticky":false,"template":"","format":"standard","meta":{"_eb_attr":""},"categories":[2092,3],"tags":[2591,2482,1875],"acf":[],"yoast_head":"<!-- This site is optimized with the Yoast SEO plugin v20.8 - https:\/\/yoast.com\/wordpress\/plugins\/seo\/ -->\n<title>Sprawd\u017a nasze nowo\u015bci kosmetyczne! - Blog | Estyl.pl<\/title>\n<meta name=\"description\" content=\"Makija\u017c oczu to najszybszy spos\u00f3b na popraw\u0119 swojego wizerunku. Sprawd\u017a nasze nowo\u015bci kosmetyczne i ciesz sie pi\u0119knym makija\u017cem ka\u017cdego dnia.\" \/>\n<meta name=\"robots\" content=\"index, follow, max-snippet:-1, max-image-preview:large, max-video-preview:-1\" \/>\n<link rel=\"canonical\" href=\"https:\/\/estyl.pl\/blog\/makijaz-oczu-sprawdz-nasze-nowosci\/\" \/>\n<meta property=\"og:locale\" content=\"pl_PL\" \/>\n<meta property=\"og:type\" content=\"article\" \/>\n<meta property=\"og:title\" content=\"Sprawd\u017a nasze nowo\u015bci kosmetyczne! - Blog | Estyl.pl\" \/>\n<meta property=\"og:description\" content=\"Makija\u017c oczu to najszybszy spos\u00f3b na popraw\u0119 swojego wizerunku. Sprawd\u017a nasze nowo\u015bci kosmetyczne i ciesz sie pi\u0119knym makija\u017cem ka\u017cdego dnia.\" \/>\n<meta property=\"og:url\" content=\"https:\/\/estyl.pl\/blog\/makijaz-oczu-sprawdz-nasze-nowosci\/\" \/>\n<meta property=\"og:site_name\" content=\"Blog | Estyl.pl\" \/>\n<meta property=\"article:published_time\" content=\"2017-08-11T09:37:37+00:00\" \/>\n<meta property=\"article:modified_time\" content=\"2020-10-23T06:32:06+00:00\" \/>\n<meta property=\"og:image\" content=\"https:\/\/estyl.pl\/blog\/wp-content\/uploads\/2017\/08\/nowosci-1.jpg\" \/>\n\t<meta property=\"og:image:width\" content=\"755\" \/>\n\t<meta property=\"og:image:height\" content=\"315\" \/>\n\t<meta property=\"og:image:type\" content=\"image\/jpeg\" \/>\n<meta name=\"author\" content=\"admin\" \/>\n<meta name=\"twitter:label1\" content=\"Napisane przez\" \/>\n\t<meta name=\"twitter:data1\" content=\"admin\" \/>\n\t<meta name=\"twitter:label2\" content=\"Szacowany czas czytania\" \/>\n\t<meta name=\"twitter:data2\" content=\"5 minut\" \/>\n<script type=\"application\/ld+json\" class=\"yoast-schema-graph\">{\"@context\":\"https:\/\/schema.org\",\"@graph\":[{\"@type\":\"WebPage\",\"@id\":\"https:\/\/estyl.pl\/blog\/makijaz-oczu-sprawdz-nasze-nowosci\/\",\"url\":\"https:\/\/estyl.pl\/blog\/makijaz-oczu-sprawdz-nasze-nowosci\/\",\"name\":\"Sprawd\u017a nasze nowo\u015bci kosmetyczne! - Blog | Estyl.pl\",\"isPartOf\":{\"@id\":\"https:\/\/estyl.pl\/blog\/#website\"},\"datePublished\":\"2017-08-11T09:37:37+00:00\",\"dateModified\":\"2020-10-23T06:32:06+00:00\",\"author\":{\"@id\":\"https:\/\/estyl.pl\/blog\/#\/schema\/person\/22fff2064045ce23be580e18ca255220\"},\"description\":\"Makija\u017c oczu to najszybszy spos\u00f3b na popraw\u0119 swojego wizerunku. Sprawd\u017a nasze nowo\u015bci kosmetyczne i ciesz sie pi\u0119knym makija\u017cem ka\u017cdego dnia.\",\"breadcrumb\":{\"@id\":\"https:\/\/estyl.pl\/blog\/makijaz-oczu-sprawdz-nasze-nowosci\/#breadcrumb\"},\"inLanguage\":\"pl-PL\",\"potentialAction\":[{\"@type\":\"ReadAction\",\"target\":[\"https:\/\/estyl.pl\/blog\/makijaz-oczu-sprawdz-nasze-nowosci\/\"]}]},{\"@type\":\"BreadcrumbList\",\"@id\":\"https:\/\/estyl.pl\/blog\/makijaz-oczu-sprawdz-nasze-nowosci\/#breadcrumb\",\"itemListElement\":[{\"@type\":\"ListItem\",\"position\":1,\"name\":\"Makija\u017c\",\"item\":\"https:\/\/estyl.pl\/blog\/makijaz\/\"},{\"@type\":\"ListItem\",\"position\":2,\"name\":\"Sprawd\u017a nasze nowo\u015bci kosmetyczne!\"}]},{\"@type\":\"WebSite\",\"@id\":\"https:\/\/estyl.pl\/blog\/#website\",\"url\":\"https:\/\/estyl.pl\/blog\/\",\"name\":\"Blog | Estyl.pl\",\"description\":\"Kosmetyki do w\u0142os\u00f3w, porady, piel\u0119gnacja, stylizacja\",\"potentialAction\":[{\"@type\":\"SearchAction\",\"target\":{\"@type\":\"EntryPoint\",\"urlTemplate\":\"https:\/\/estyl.pl\/blog\/?s={search_term_string}\"},\"query-input\":\"required name=search_term_string\"}],\"inLanguage\":\"pl-PL\"},{\"@type\":\"Person\",\"@id\":\"https:\/\/estyl.pl\/blog\/#\/schema\/person\/22fff2064045ce23be580e18ca255220\",\"name\":\"admin\",\"url\":\"https:\/\/estyl.pl\/blog\/author\/admin\/\"}]}<\/script>\n<!-- \/ Yoast SEO plugin. -->","yoast_head_json":{"title":"Sprawd\u017a nasze nowo\u015bci kosmetyczne! - Blog | Estyl.pl","description":"Makija\u017c oczu to najszybszy spos\u00f3b na popraw\u0119 swojego wizerunku. Sprawd\u017a nasze nowo\u015bci kosmetyczne i ciesz sie pi\u0119knym makija\u017cem ka\u017cdego dnia.","robots":{"index":"index","follow":"follow","max-snippet":"max-snippet:-1","max-image-preview":"max-image-preview:large","max-video-preview":"max-video-preview:-1"},"canonical":"https:\/\/estyl.pl\/blog\/makijaz-oczu-sprawdz-nasze-nowosci\/","og_locale":"pl_PL","og_type":"article","og_title":"Sprawd\u017a nasze nowo\u015bci kosmetyczne! - Blog | Estyl.pl","og_description":"Makija\u017c oczu to najszybszy spos\u00f3b na popraw\u0119 swojego wizerunku. Sprawd\u017a nasze nowo\u015bci kosmetyczne i ciesz sie pi\u0119knym makija\u017cem ka\u017cdego dnia.","og_url":"https:\/\/estyl.pl\/blog\/makijaz-oczu-sprawdz-nasze-nowosci\/","og_site_name":"Blog | Estyl.pl","article_published_time":"2017-08-11T09:37:37+00:00","article_modified_time":"2020-10-23T06:32:06+00:00","og_image":[{"width":755,"height":315,"url":"https:\/\/estyl.pl\/blog\/wp-content\/uploads\/2017\/08\/nowosci-1.jpg","type":"image\/jpeg"}],"author":"admin","twitter_misc":{"Napisane przez":"admin","Szacowany czas czytania":"5 minut"},"schema":{"@context":"https:\/\/schema.org","@graph":[{"@type":"WebPage","@id":"https:\/\/estyl.pl\/blog\/makijaz-oczu-sprawdz-nasze-nowosci\/","url":"https:\/\/estyl.pl\/blog\/makijaz-oczu-sprawdz-nasze-nowosci\/","name":"Sprawd\u017a nasze nowo\u015bci kosmetyczne! - Blog | Estyl.pl","isPartOf":{"@id":"https:\/\/estyl.pl\/blog\/#website"},"datePublished":"2017-08-11T09:37:37+00:00","dateModified":"2020-10-23T06:32:06+00:00","author":{"@id":"https:\/\/estyl.pl\/blog\/#\/schema\/person\/22fff2064045ce23be580e18ca255220"},"description":"Makija\u017c oczu to najszybszy spos\u00f3b na popraw\u0119 swojego wizerunku. Sprawd\u017a nasze nowo\u015bci kosmetyczne i ciesz sie pi\u0119knym makija\u017cem ka\u017cdego dnia.","breadcrumb":{"@id":"https:\/\/estyl.pl\/blog\/makijaz-oczu-sprawdz-nasze-nowosci\/#breadcrumb"},"inLanguage":"pl-PL","potentialAction":[{"@type":"ReadAction","target":["https:\/\/estyl.pl\/blog\/makijaz-oczu-sprawdz-nasze-nowosci\/"]}]},{"@type":"BreadcrumbList","@id":"https:\/\/estyl.pl\/blog\/makijaz-oczu-sprawdz-nasze-nowosci\/#breadcrumb","itemListElement":[{"@type":"ListItem","position":1,"name":"Makija\u017c","item":"https:\/\/estyl.pl\/blog\/makijaz\/"},{"@type":"ListItem","position":2,"name":"Sprawd\u017a nasze nowo\u015bci kosmetyczne!"}]},{"@type":"WebSite","@id":"https:\/\/estyl.pl\/blog\/#website","url":"https:\/\/estyl.pl\/blog\/","name":"Blog | Estyl.pl","description":"Kosmetyki do w\u0142os\u00f3w, porady, piel\u0119gnacja, stylizacja","potentialAction":[{"@type":"SearchAction","target":{"@type":"EntryPoint","urlTemplate":"https:\/\/estyl.pl\/blog\/?s={search_term_string}"},"query-input":"required name=search_term_string"}],"inLanguage":"pl-PL"},{"@type":"Person","@id":"https:\/\/estyl.pl\/blog\/#\/schema\/person\/22fff2064045ce23be580e18ca255220","name":"admin","url":"https:\/\/estyl.pl\/blog\/author\/admin\/"}]}},"_links":{"self":[{"href":"https:\/\/estyl.pl\/blog\/wp-json\/wp\/v2\/posts\/32769"}],"collection":[{"href":"https:\/\/estyl.pl\/blog\/wp-json\/wp\/v2\/posts"}],"about":[{"href":"https:\/\/estyl.pl\/blog\/wp-json\/wp\/v2\/types\/post"}],"author":[{"embeddable":true,"href":"https:\/\/estyl.pl\/blog\/wp-json\/wp\/v2\/users\/1"}],"replies":[{"embeddable":true,"href":"https:\/\/estyl.pl\/blog\/wp-json\/wp\/v2\/comments?post=32769"}],"version-history":[{"count":11,"href":"https:\/\/estyl.pl\/blog\/wp-json\/wp\/v2\/posts\/32769\/revisions"}],"predecessor-version":[{"id":36959,"href":"https:\/\/estyl.pl\/blog\/wp-json\/wp\/v2\/posts\/32769\/revisions\/36959"}],"wp:featuredmedia":[{"embeddable":true,"href":"https:\/\/estyl.pl\/blog\/wp-json\/wp\/v2\/media\/36957"}],"wp:attachment":[{"href":"https:\/\/estyl.pl\/blog\/wp-json\/wp\/v2\/media?parent=32769"}],"wp:term":[{"taxonomy":"category","embeddable":true,"href":"https:\/\/estyl.pl\/blog\/wp-json\/wp\/v2\/categories?post=32769"},{"taxonomy":"post_tag","embeddable":true,"href":"https:\/\/estyl.pl\/blog\/wp-json\/wp\/v2\/tags?post=32769"}],"curies":[{"name":"wp","href":"https:\/\/api.w.org\/{rel}","templated":true}]}}