{"id":32840,"date":"2017-10-10T14:47:19","date_gmt":"2017-10-10T12:47:19","guid":{"rendered":"https:\/\/estyl.pl\/blog\/?p=32840"},"modified":"2019-05-28T15:14:29","modified_gmt":"2019-05-28T13:14:29","slug":"ulubiency-miesiaca-pazdziernik","status":"publish","type":"post","link":"https:\/\/estyl.pl\/blog\/ulubiency-miesiaca-pazdziernik\/","title":{"rendered":"Ulubie\u0144cy miesi\u0105ca &#8211; Czy Ty zakochasz si\u0119 w tych produktach?"},"content":{"rendered":"<p>Rozpoczynamy kolejny miesi\u0105c &#8211; pa\u017adziernik. Pocz\u0105tek miesi\u0105ca to dla nas czas podsumowa\u0144. Podsumowa\u0144 tego, co spodoba\u0142o Wam si\u0119 najbardziej z naszych produkt\u00f3w. Zastanawiasz si\u0119, kt\u00f3re produkty znajd\u0105 si\u0119 na li\u015bcie &#8222;Ulubie\u0144cy miesi\u0105ca&#8221;? Nie trzymam Ci\u0119 d\u0142u\u017cej w niepewno\u015bci! Zaczynam&#8230;<!--more--><\/p>\n<p><a href=\"https:\/\/estyl.pl\/blog\/wp-content\/uploads\/2017\/10\/estyl_UMSC_podstrona_734x277.jpg\" target=\"_blank\" rel=\"lightbox[32840]\"><img decoding=\"async\" loading=\"lazy\" class=\"aligncenter wp-image-32847 size-full\" title=\"Ulubie\u0144cy miesi\u0105ca\" src=\"https:\/\/estyl.pl\/blog\/wp-content\/uploads\/2017\/10\/estyl_UMSC_podstrona_734x277.jpg\" alt=\"Ulubie\u0144cy miesi\u0105ca Estyl.pl\" width=\"600\" height=\"226\" srcset=\"https:\/\/estyl.pl\/blog\/wp-content\/uploads\/2017\/10\/estyl_UMSC_podstrona_734x277.jpg 600w, https:\/\/estyl.pl\/blog\/wp-content\/uploads\/2017\/10\/estyl_UMSC_podstrona_734x277-300x113.jpg 300w, https:\/\/estyl.pl\/blog\/wp-content\/uploads\/2017\/10\/estyl_UMSC_podstrona_734x277-580x218.jpg 580w, https:\/\/estyl.pl\/blog\/wp-content\/uploads\/2017\/10\/estyl_UMSC_podstrona_734x277-261x98.jpg 261w\" sizes=\"(max-width: 600px) 100vw, 600px\" \/><\/a><\/p>\n<h2>Ulubie\u0144cy miesi\u0105ca &#8211; Czy Ty r\u00f3wnie\u017c zakochasz si\u0119 w tych produktach?<\/h2>\n<p>Ulubie\u0144cy miesi\u0105ca to dwana\u015bcie kosmetyk\u00f3w z naszej sklepowej (internetowej) p\u00f3\u0142ki. Dzisiaj chcia\u0142am Ci je om\u00f3wi\u0107, bior\u0105c pod uwag\u0119 rodzaje w\u0142os\u00f3w. My\u015bl\u0119, \u017ce taka propozycja przypadnie do gustu osobom, kt\u00f3re nie maj\u0105 zbyt wiele czasu na czytanie wpis\u00f3w. A wi\u0119c, do dzie\u0142a!<\/p>\n<h3>W\u0142osy cienkie<\/h3>\n<p><a href=\"https:\/\/estyl.pl\/wlosy\" data-internallinksmanager029f6b8e52c=\"2\" title=\"w\u0142osy\">W\u0142osy<\/a> cienkie i delikatne wymagaj\u0105 szczeg\u00f3lnej piel\u0119gnacji. Szampon do w\u0142os\u00f3w zawieraj\u0105cy wyci\u0105g z kawioru, witamin\u0119 C, jedwab morski czy wyci\u0105g z r\u00f3\u017ce\u0144ca g\u00f3rskiego sprawdzi si\u0119 doskonale w\u0142a\u015bnie w przypadku cienkich w\u0142os\u00f3w. <a title=\"Alterna szampon pogrubiaj\u0105cy\" href=\"https:\/\/estyl.pl\/alterna-seasilk-caviar-clinical-daily-detoxifying-szampon-pogrubiajacy-i-oczyszczajacy-wlosy-250-ml\" target=\"_blank\">Altrena Caviar Clinical Daily Detoxifying<\/a><strong> to produkt, kt\u00f3ry natychmiast pogrubia w\u0142osy, zapewniaj\u0105c im przy tym oczyszczenie i ochron\u0119 sk\u00f3ry g\u0142owy<\/strong>. Dodatkowo zmniejsza zawarto\u015b\u0107 DHT, kt\u00f3ra jest bezpo\u015bredni\u0105 przyczyna wypadania w\u0142os\u00f3w. Szampon nie tylko zapewnia pogrubienie w\u0142os\u00f3w lecz r\u00f3wnie\u017c dodaje im obj\u0119to\u015bci.<\/p>\n<p><a href=\"https:\/\/estyl.pl\/blog\/wp-content\/uploads\/2017\/10\/Alterna-Clinical-Shampoo-7.jpg\" target=\"_blank\" rel=\"lightbox[32840]\"><img decoding=\"async\" loading=\"lazy\" class=\"aligncenter wp-image-32849 size-full\" title=\"Alterna szampon pogrubiaj\u0105cy\" src=\"https:\/\/estyl.pl\/blog\/wp-content\/uploads\/2017\/10\/Alterna-Clinical-Shampoo-7.jpg\" alt=\"Alterna Caviar clinical\" width=\"600\" height=\"401\" srcset=\"https:\/\/estyl.pl\/blog\/wp-content\/uploads\/2017\/10\/Alterna-Clinical-Shampoo-7.jpg 600w, https:\/\/estyl.pl\/blog\/wp-content\/uploads\/2017\/10\/Alterna-Clinical-Shampoo-7-300x201.jpg 300w, https:\/\/estyl.pl\/blog\/wp-content\/uploads\/2017\/10\/Alterna-Clinical-Shampoo-7-580x388.jpg 580w, https:\/\/estyl.pl\/blog\/wp-content\/uploads\/2017\/10\/Alterna-Clinical-Shampoo-7-261x174.jpg 261w\" sizes=\"(max-width: 600px) 100vw, 600px\" \/><\/a><\/p>\n<p>Je\u015bli chcesz doda\u0107 swoim w\u0142osom d\u0142ugotrwa\u0142\u0105 obj\u0119to\u015b\u0107 warto zaprzyja\u017ani\u0107 si\u0119 z lekkim spray&#8217;em <a title=\"Alterna 48h spray dodaj\u0105cy obj\u0119to\u015b\u0107\" href=\"https:\/\/estyl.pl\/alterna-bamboo-volume-48-hour-lekki-spray-dodajacy-objetosci-25ml\" target=\"_blank\">Alterna Bamboo Volume 48-hour<\/a>. <strong>Ten lekki kosmetyk zamkni\u0119ty w por\u0119cznym opakowaniu zapewnia nie tylko objeto\u015b\u0107 o 105%, kt\u00f3ra utrzymuje si\u0119 do 48 godzin. Dodatkowo pogrubia w\u0142os, co powoduje, \u017ce staj\u0105 si\u0119 one zauwa\u017calnie g\u0119stsze.<\/strong><\/p>\n<p>Innym produktem do stylizacji, kt\u00f3ry r\u00f3wnie\u017c doskonale sprawdzi si\u0119 w ka\u017cdej sytuacji jest puder do w\u0142os\u00f3w. Puder <a title=\"Batiste puder dodaj\u0105cy objeto\u015bci\" href=\"https:\/\/estyl.pl\/batiste-dry-styling-xxl-powder-puder-nadajacy-objetosc-5g\" target=\"_blank\">Batiste Dry Styling XXL<\/a> to ma\u0142y kosmetyk, kt\u00f3ry <strong>doda niepowtarzalnej obj\u0119to\u015bci Twoim w\u0142osom w kilka sekund.<\/strong> Zreszt\u0105, co ja tu b\u0119d\u0119 du\u017co m\u00f3wi\u0107. Przekonaj si\u0119 sama.<\/p>\n<p><iframe loading=\"lazy\" width=\"500\" height=\"281\" src=\"https:\/\/www.youtube.com\/embed\/9VKcZppUw5M?feature=oembed\" frameborder=\"0\" allow=\"accelerometer; autoplay; encrypted-media; gyroscope; picture-in-picture\" allowfullscreen><\/iframe><\/p>\n<p style=\"text-align: center;\">\u0179r\u00f3d\u0142o: www.youtube.com\/watch?v=9VKcZppUw5M<\/p>\n<p>A je\u015bli nadal borykasz si\u0119 z wypadaniem w\u0142os\u00f3w i \u017cadne produkty nie przynosz\u0105 efekt\u00f3w sprawd\u017a kuracj\u0119 marki <a title=\"Loreal kuracja przeciw wypadaniu w\u0142os\u00f3w\" href=\"https:\/\/estyl.pl\/aminexil-kuracja-przeciwdzialajaca-wypadaniu-wlosow-10x6ml\" target=\"_blank\">L&#8217;oreal Aminexil<\/a>. Kuracja ta ma na celu przytwierdzenie w\u0142\u00f3kna w\u0142osa w sk\u00f3rze g\u0142owy. <strong>Skuteczno\u015b\u0107 Aminexilu zosta\u0142a udowodniona klinicznie. Zapewnia on bowiem znacz\u0105cy wzrost wytrzyma\u0142o\u015bci w\u0142os\u00f3w i przeciwdzia\u0142anie ich wypadaniu.<\/strong><\/p>\n<p><a href=\"https:\/\/estyl.pl\/blog\/wp-content\/uploads\/2017\/10\/aminexil.jpg\" target=\"_blank\" rel=\"lightbox[32840]\"><img decoding=\"async\" loading=\"lazy\" class=\"aligncenter wp-image-32850 size-full\" title=\"Loreal aminexil kuracja\" src=\"https:\/\/estyl.pl\/blog\/wp-content\/uploads\/2017\/10\/aminexil.jpg\" alt=\"aminexil\" width=\"600\" height=\"398\" srcset=\"https:\/\/estyl.pl\/blog\/wp-content\/uploads\/2017\/10\/aminexil.jpg 600w, https:\/\/estyl.pl\/blog\/wp-content\/uploads\/2017\/10\/aminexil-300x199.jpg 300w, https:\/\/estyl.pl\/blog\/wp-content\/uploads\/2017\/10\/aminexil-580x385.jpg 580w, https:\/\/estyl.pl\/blog\/wp-content\/uploads\/2017\/10\/aminexil-261x173.jpg 261w, https:\/\/estyl.pl\/blog\/wp-content\/uploads\/2017\/10\/aminexil-212x140.jpg 212w\" sizes=\"(max-width: 600px) 100vw, 600px\" \/><\/a><\/p>\n<h3>W\u0142osy suche<\/h3>\n<p>Je\u015bli Twoje w\u0142osy po umyciu nadal s\u0105 przesuszone zastosuj produkt, kt\u00f3ry nie tylko doskonale je nawil\u017cy, ale dodatkowo chroni przed dzia\u0142aniem wysokiej temperatury. Suszenie, prostowanie nie musi by\u0107 ju\u017c dla Ciebie straszne. <a title=\"K\u00e9rastase nektar termiczny\" href=\"https:\/\/estyl.pl\/kerastase-nectar-thermique-nektar-termiczny-150-ml\" target=\"_blank\">K\u00e9rastase Nectar Thermique<\/a> to kosmetyk, kt\u00f3ry zawiera ekstrakt z mleczka pszczelego, ksyloz\u0119, kt\u00f3re zapobiegaj\u0105 wysuszaniu si\u0119 w\u0142os\u00f3w. Dodatkowo <strong>kosmetyk ten u\u0142atwia stylizacj\u0119 w\u0142os\u00f3w, co zapewnia im mi\u0119kko\u015b\u0107, po\u0142ysk, ochron\u0119 i nawil\u017cenie.<\/strong><\/p>\n<p><a href=\"https:\/\/estyl.pl\/blog\/wp-content\/uploads\/2017\/10\/nektar.jpg\" target=\"_blank\" rel=\"lightbox[32840]\"><img decoding=\"async\" loading=\"lazy\" class=\"aligncenter wp-image-32856 size-full\" title=\"K\u00e9rastase nektar termiczny\" src=\"https:\/\/estyl.pl\/blog\/wp-content\/uploads\/2017\/10\/nektar.jpg\" alt=\"nektar\" width=\"564\" height=\"367\" srcset=\"https:\/\/estyl.pl\/blog\/wp-content\/uploads\/2017\/10\/nektar.jpg 564w, https:\/\/estyl.pl\/blog\/wp-content\/uploads\/2017\/10\/nektar-300x195.jpg 300w, https:\/\/estyl.pl\/blog\/wp-content\/uploads\/2017\/10\/nektar-261x170.jpg 261w\" sizes=\"(max-width: 564px) 100vw, 564px\" \/><\/a><\/p>\n<p style=\"text-align: center;\">\u0179r\u00f3d\u0142o: www.euvouderosa.com<\/p>\n<p>Kolejnym produktem, kt\u00f3ry idealnie sprawdzi si\u0119 w przypadku suchych w\u0142os\u00f3w jest kuracja do w\u0142os\u00f3w <a title=\"Revlon uniq one kuracja do w\u0142os\u00f3w\" href=\"https:\/\/estyl.pl\/revlon-uniq-one-kuracja-do-wlosow-10-w-1-150ml\" target=\"_blank\">Revlon Uniq One<\/a>. Kuracja ta jest przeznaczona do ka\u017cdego rodzaju w\u0142os\u00f3w, a g\u0142\u00f3wn\u0105 jej zalet\u0105 jest fakt, \u017ce <strong>zdecydowanie poprawia kondycj\u0119 suchych i zniszczonych w\u0142os\u00f3w<\/strong>.<\/p>\n<p><a href=\"https:\/\/estyl.pl\/blog\/wp-content\/uploads\/2017\/10\/revlon.jpg\" target=\"_blank\" rel=\"lightbox[32840]\"><img decoding=\"async\" loading=\"lazy\" class=\"aligncenter wp-image-32851 size-full\" title=\"Revlon uniq one\" src=\"https:\/\/estyl.pl\/blog\/wp-content\/uploads\/2017\/10\/revlon.jpg\" alt=\"revlon kuracja\" width=\"600\" height=\"332\" srcset=\"https:\/\/estyl.pl\/blog\/wp-content\/uploads\/2017\/10\/revlon.jpg 600w, https:\/\/estyl.pl\/blog\/wp-content\/uploads\/2017\/10\/revlon-300x166.jpg 300w, https:\/\/estyl.pl\/blog\/wp-content\/uploads\/2017\/10\/revlon-580x321.jpg 580w, https:\/\/estyl.pl\/blog\/wp-content\/uploads\/2017\/10\/revlon-261x144.jpg 261w\" sizes=\"(max-width: 600px) 100vw, 600px\" \/><\/a><\/p>\n<h3>W\u0142osy zniszczone<\/h3>\n<p>Twoje w\u0142osy krusz\u0105 si\u0119, \u0142ami\u0105, a mo\u017ce po prostu s\u0105 s\u0142abe? To znak, \u017ce w ich strukturze brakuje najwa\u017cniejszego sk\u0142adnika, jakim jest cement mi\u0119dzykom\u00f3rkowy. <a title=\"K\u00e9rastase Cement termiczny\" href=\"https:\/\/estyl.pl\/kerastase-cement-odbudowujacy-200-ml\" target=\"_blank\">K\u00e9rastase Ciment Thermique<\/a> to kosmetyk, kt\u00f3ry zawiera w swoim sk\u0142adzie Kompleks Vita-Cement oraz Vita TopSeal. Tak bogaty sk\u0142ad produktu zapewni Twoim w\u0142osom nie tylko zdrowy wygl\u0105d. <strong>Stan\u0105 si\u0119 one silne, spr\u0119\u017cyste, odporne i podatne na uk\u0142adanie. Od\u017cywka ta zdecydowanie u\u0142atwia rozczesywania, wzmacnia i wyg\u0142adza w\u0142osy na ca\u0142ej d\u0142ugo\u015bci, a dodatkowo przywraca si\u0142\u0119 i odporno\u015b\u0107 w\u0142osom os\u0142abionym.<\/strong><\/p>\n<p><a href=\"https:\/\/estyl.pl\/blog\/wp-content\/uploads\/2017\/10\/cement.jpg\" target=\"_blank\" rel=\"lightbox[32840]\"><img decoding=\"async\" loading=\"lazy\" class=\"aligncenter wp-image-32852 size-full\" title=\"K\u00e9rastase Cement thermique\" src=\"https:\/\/estyl.pl\/blog\/wp-content\/uploads\/2017\/10\/cement.jpg\" alt=\"cement termiczny\" width=\"600\" height=\"402\" srcset=\"https:\/\/estyl.pl\/blog\/wp-content\/uploads\/2017\/10\/cement.jpg 600w, https:\/\/estyl.pl\/blog\/wp-content\/uploads\/2017\/10\/cement-300x201.jpg 300w, https:\/\/estyl.pl\/blog\/wp-content\/uploads\/2017\/10\/cement-580x389.jpg 580w, https:\/\/estyl.pl\/blog\/wp-content\/uploads\/2017\/10\/cement-261x175.jpg 261w\" sizes=\"(max-width: 600px) 100vw, 600px\" \/><\/a><\/p>\n<h3>W\u0142osy kr\u0119cone<\/h3>\n<p>Je\u015bli jednak Twoje w\u0142osy s\u0105 z natury kr\u0119cone i niesforne z pewno\u015bci\u0105 pomo\u017ce im krem podkre\u015blaj\u0105cy skr\u0119t fal i lok\u00f3w marki Davines. <a title=\"Davines love curl\" href=\"https:\/\/estyl.pl\/davines-love-curl-cream-krem-podkreslajacy-skret-fal-i-lokow-150ml\" target=\"_blank\">Love curl<\/a> bo o nim mowa <strong>to lekki krem, kt\u00f3ry nie tylko podkre\u015bla Twoj\u0105 fryzur\u0119, ale jednocze\u015bnie nawil\u017cy i od\u017cywi w\u0142osy.<\/strong><\/p>\n<p><a href=\"https:\/\/estyl.pl\/blog\/wp-content\/uploads\/2017\/10\/love-curl.jpg\" target=\"_blank\" rel=\"lightbox[32840]\"><img decoding=\"async\" loading=\"lazy\" class=\"aligncenter wp-image-32857 size-full\" title=\"Davines love curl\" src=\"https:\/\/estyl.pl\/blog\/wp-content\/uploads\/2017\/10\/love-curl.jpg\" alt=\"love curl\" width=\"600\" height=\"400\" srcset=\"https:\/\/estyl.pl\/blog\/wp-content\/uploads\/2017\/10\/love-curl.jpg 600w, https:\/\/estyl.pl\/blog\/wp-content\/uploads\/2017\/10\/love-curl-300x200.jpg 300w, https:\/\/estyl.pl\/blog\/wp-content\/uploads\/2017\/10\/love-curl-580x387.jpg 580w, https:\/\/estyl.pl\/blog\/wp-content\/uploads\/2017\/10\/love-curl-261x174.jpg 261w, https:\/\/estyl.pl\/blog\/wp-content\/uploads\/2017\/10\/love-curl-212x140.jpg 212w\" sizes=\"(max-width: 600px) 100vw, 600px\" \/><\/a><\/p>\n<p style=\"text-align: center;\">\u0179r\u00f3d\u0142o: www.facebook.com\/pg\/davinespolska\/photos\/?ref=page_internal<\/p>\n<h3>W\u0142osy farbowane<\/h3>\n<p>Ka\u017cda kobieta doskonale wie, \u017ce w\u0142osy farbowane wymagaj\u0105 szczeg\u00f3lnej piel\u0119gnacji. Piel\u0119gnacji, kt\u00f3ra b\u0119dzie je nawil\u017ca\u0107, a dodatkowo zachowywa\u0107 kolor. Takie w\u0142a\u015bnie dzia\u0142anie posiada szampon <a title=\"Rahua szampon do w\u0142os\u00f3w farbowanych\" href=\"https:\/\/estyl.pl\/rahua-color-full-shampoo-szampon-do-wlosow-farbowanych-275ml\" target=\"_blank\">Rahua Color Full<\/a>. Szampon ten zawiera olejki ro\u015blin z las\u00f3w tropikalnych, a dodatkowo wzbogacony jest o mineralne pigmenty, kt\u00f3re chroni\u0105 kolor oraz nadaj\u0105 w\u0142osom blask. Kosmetyki tej serii s\u0105 wega\u0144skie i nietoksyczne. <strong>Dzi\u0119ki stosowaniu szamponu Rahua Color Full pigmenty koloru wnikn\u0105 g\u0142\u0119boko w struktur\u0119 w\u0142os\u00f3w, a sam kolor pozostanie intensywny.<\/strong><\/p>\n<h3>Piel\u0119gnacja i stylizacja ka\u017cdego rodzaju w\u0142os\u00f3w<\/h3>\n<p>S\u0105 takie produkty, kt\u00f3re idealnie sprawdzaj\u0105 si\u0119 w przypadku ka\u017cdego rodzaju w\u0142os\u00f3w. I w\u0142a\u015bnie w\u015br\u00f3d naszych ulubie\u0144c\u00f3w mam r\u00f3wnie\u017c dwie pere\u0142ki.<\/p>\n<p><a href=\"https:\/\/estyl.pl\/davines-oi-oil-olejek-do-wlosow-50ml\" data-internallinksmanager029f6b8e52c=\"9\" title=\"Davines Oi Oi olejek do w\u0142os\u00f3w\" target=\"_blank\" rel=\"noopener\">Olejek do w\u0142os\u00f3w<\/a> <a title=\"Loreal Mythic Oil olejek\" href=\"https:\/\/estyl.pl\/mythic-oil-oil\" target=\"_blank\">L&#8217;oreal Mythic Oil<\/a> sprawdzi si\u0119 doskonale zar\u00f3wno w przypadku w\u0142os\u00f3w normalnych, suchych, zniszczonych czy farbowanych. Jego od\u017cywcze dzia\u0142anie pokochaj\u0105 w\u0142osy ka\u017cdej z nas. <strong>Olejek z awokado i pestek winogron zapewnia w\u0142osom nawil\u017cenie, od\u017cywienie oraz roz\u015bwietlenie.<\/strong><\/p>\n<p><a href=\"https:\/\/estyl.pl\/blog\/wp-content\/uploads\/2017\/10\/19148966_1889465961079075_4540022123353169186_n.png\" target=\"_blank\" rel=\"lightbox[32840]\"><img decoding=\"async\" loading=\"lazy\" class=\"aligncenter wp-image-32862 size-full\" title=\"Loreal mythic oil olejek\" src=\"https:\/\/estyl.pl\/blog\/wp-content\/uploads\/2017\/10\/19148966_1889465961079075_4540022123353169186_n.png\" alt=\"loreal mythic oil\" width=\"600\" height=\"600\" srcset=\"https:\/\/estyl.pl\/blog\/wp-content\/uploads\/2017\/10\/19148966_1889465961079075_4540022123353169186_n.png 600w, https:\/\/estyl.pl\/blog\/wp-content\/uploads\/2017\/10\/19148966_1889465961079075_4540022123353169186_n-300x300.png 300w, https:\/\/estyl.pl\/blog\/wp-content\/uploads\/2017\/10\/19148966_1889465961079075_4540022123353169186_n-580x580.png 580w, https:\/\/estyl.pl\/blog\/wp-content\/uploads\/2017\/10\/19148966_1889465961079075_4540022123353169186_n-261x261.png 261w\" sizes=\"(max-width: 600px) 100vw, 600px\" \/><\/a><\/p>\n<p style=\"text-align: center;\">\u0179r\u00f3d\u0142o: www.facebook.com\/LOrealProfessionnelPl\/photos\/<\/p>\n<p>Je\u015bli jednak Twoje w\u0142osy potrzebuj\u0105 naturalnego utrwalenia przy jednoczesnym delikatnym po\u0142ysku to mam produkt idealny dla Ciebie. <a title=\"Loreal \u017cel elastycznie utrwalaj\u0105cy\" href=\"https:\/\/estyl.pl\/tecni-art-fix-move-zel-wosk-elastycznie-utrwalajacy-150ml\" target=\"_blank\">Loreal Techni.Art Fix Move<\/a> to kosmetyk, kt\u00f3ry <strong>utrwala w\u0142osy, nie usztywniaj\u0105c ich, a dodatkowo zawiera jeszcze filtry UV.<\/strong><\/p>\n<h3>Makija\u017c na wyci\u0105gni\u0119cie r\u0119ki<\/h3>\n<p>&#8222;Ulubie\u0144cy miesi\u0105ca&#8221; nie mog\u0105 si\u0119 odbywa\u0107 bez cho\u0107by jednego produktu z kategorii Makija\u017c. Tak wi\u0119c, dzisiaj kilka s\u0142\u00f3w o zestawie <a title=\"Revitalash zestaw\" href=\"https:\/\/estyl.pl\/revitalash-ultimate-lash-gift-set-zestaw-z-zalotka-eyelash-advanced-conditioner-3-5ml-volumizing-mascara-raven-3ml-zalotka\" target=\"_blank\">Revitalash Ultimate Lash Gift Set<\/a>. A wi\u0119c zestaw, o kt\u00f3rym mowa to, a\u017c trzy produkty w super cenie. <strong>Zestaw zawiera bowiem od\u017cywk\u0119 do rz\u0119s o pojemno\u015bci 3,5 ml, czarn\u0105 maskar\u0119 oraz zalotk\u0119.<\/strong> Co Wy na to?<\/p>\n<p><a href=\"https:\/\/estyl.pl\/blog\/wp-content\/uploads\/2017\/10\/lashtrio.png\" target=\"_blank\" rel=\"lightbox[32840]\"><img decoding=\"async\" loading=\"lazy\" class=\"aligncenter wp-image-32858 size-full\" title=\"Revitalash Ultimate Lash trio\" src=\"https:\/\/estyl.pl\/blog\/wp-content\/uploads\/2017\/10\/lashtrio.png\" alt=\"lashtrio revitalash\" width=\"479\" height=\"466\" srcset=\"https:\/\/estyl.pl\/blog\/wp-content\/uploads\/2017\/10\/lashtrio.png 479w, https:\/\/estyl.pl\/blog\/wp-content\/uploads\/2017\/10\/lashtrio-300x292.png 300w, https:\/\/estyl.pl\/blog\/wp-content\/uploads\/2017\/10\/lashtrio-261x254.png 261w\" sizes=\"(max-width: 479px) 100vw, 479px\" \/><\/a><\/p>\n<p style=\"text-align: center;\"><strong>Tak oto lista dobrn\u0119li\u015bmy do ko\u0144ca listy &#8222;Ulubie\u0144cy miesi\u0105ca&#8221;. Daj zna\u0107 w komentarzu, czy kt\u00f3ry\u015b z tych produkt\u00f3w znajdzie si\u0119 r\u00f3wnie\u017c na Twojej li\u015bcie?<\/strong><\/p>\n","protected":false},"excerpt":{"rendered":"<p>Rozpoczynamy kolejny miesi\u0105c &#8211; pa\u017adziernik. Pocz\u0105tek miesi\u0105ca to dla nas czas podsumowa\u0144. Podsumowa\u0144 tego, co spodoba\u0142o Wam si\u0119 najbardziej z naszych produkt\u00f3w. Zastanawiasz si\u0119, kt\u00f3re produkty znajd\u0105 si\u0119 na li\u015bcie &#8222;Ulubie\u0144cy miesi\u0105ca&#8221;? Nie trzymam Ci\u0119 d\u0142u\u017cej w niepewno\u015bci! Zaczynam&#8230;<\/p>\n","protected":false},"author":23,"featured_media":32846,"comment_status":"open","ping_status":"closed","sticky":false,"template":"","format":"standard","meta":{"_eb_attr":""},"categories":[2092,4],"tags":[1042,1969,38,1107,97,213,132,2134,2556,2592,239],"acf":[],"yoast_head":"<!-- This site is optimized with the Yoast SEO plugin v20.8 - https:\/\/yoast.com\/wordpress\/plugins\/seo\/ -->\n<title>Ulubie\u0144cy miesi\u0105ca - Czy Ty zakochasz si\u0119 w tych produktach? - Blog | Estyl.pl<\/title>\n<meta name=\"description\" content=\"&quot;Ulubie\u0144cy miesi\u0105ca&quot; to podsumowanie Waszych ulubionych produkt\u00f3w. Chcesz zobaczy\u0107, kt\u00f3re dwana\u015bcie produkt\u00f3w znalaz\u0142o si\u0119 na tej li\u015bcie? Sprawd\u017a!\" \/>\n<meta name=\"robots\" content=\"index, follow, max-snippet:-1, max-image-preview:large, max-video-preview:-1\" \/>\n<link rel=\"canonical\" href=\"https:\/\/estyl.pl\/blog\/ulubiency-miesiaca-pazdziernik\/\" \/>\n<meta property=\"og:locale\" content=\"pl_PL\" \/>\n<meta property=\"og:type\" content=\"article\" \/>\n<meta property=\"og:title\" content=\"Ulubie\u0144cy miesi\u0105ca - Czy Ty zakochasz si\u0119 w tych produktach? - Blog | Estyl.pl\" \/>\n<meta property=\"og:description\" content=\"&quot;Ulubie\u0144cy miesi\u0105ca&quot; to podsumowanie Waszych ulubionych produkt\u00f3w. Chcesz zobaczy\u0107, kt\u00f3re dwana\u015bcie produkt\u00f3w znalaz\u0142o si\u0119 na tej li\u015bcie? Sprawd\u017a!\" \/>\n<meta property=\"og:url\" content=\"https:\/\/estyl.pl\/blog\/ulubiency-miesiaca-pazdziernik\/\" \/>\n<meta property=\"og:site_name\" content=\"Blog | Estyl.pl\" \/>\n<meta property=\"article:author\" content=\"kdrogowskakwasnik\" \/>\n<meta property=\"article:published_time\" content=\"2017-10-10T12:47:19+00:00\" \/>\n<meta property=\"article:modified_time\" content=\"2019-05-28T13:14:29+00:00\" \/>\n<meta property=\"og:image\" content=\"https:\/\/estyl.pl\/blog\/wp-content\/uploads\/2017\/10\/755.jpg\" \/>\n\t<meta property=\"og:image:width\" content=\"755\" \/>\n\t<meta property=\"og:image:height\" content=\"315\" \/>\n\t<meta property=\"og:image:type\" content=\"image\/jpeg\" \/>\n<meta name=\"author\" content=\"Karolina\" \/>\n<meta name=\"twitter:label1\" content=\"Napisane przez\" \/>\n\t<meta name=\"twitter:data1\" content=\"Karolina\" \/>\n\t<meta name=\"twitter:label2\" content=\"Szacowany czas czytania\" \/>\n\t<meta name=\"twitter:data2\" content=\"5 minut\" \/>\n<script type=\"application\/ld+json\" class=\"yoast-schema-graph\">{\"@context\":\"https:\/\/schema.org\",\"@graph\":[{\"@type\":\"WebPage\",\"@id\":\"https:\/\/estyl.pl\/blog\/ulubiency-miesiaca-pazdziernik\/\",\"url\":\"https:\/\/estyl.pl\/blog\/ulubiency-miesiaca-pazdziernik\/\",\"name\":\"Ulubie\u0144cy miesi\u0105ca - Czy Ty zakochasz si\u0119 w tych produktach? - Blog | Estyl.pl\",\"isPartOf\":{\"@id\":\"https:\/\/estyl.pl\/blog\/#website\"},\"datePublished\":\"2017-10-10T12:47:19+00:00\",\"dateModified\":\"2019-05-28T13:14:29+00:00\",\"author\":{\"@id\":\"https:\/\/estyl.pl\/blog\/#\/schema\/person\/debe1fb907542b5dc82bccc2029e474f\"},\"description\":\"\\\"Ulubie\u0144cy miesi\u0105ca\\\" to podsumowanie Waszych ulubionych produkt\u00f3w. Chcesz zobaczy\u0107, kt\u00f3re dwana\u015bcie produkt\u00f3w znalaz\u0142o si\u0119 na tej li\u015bcie? Sprawd\u017a!\",\"breadcrumb\":{\"@id\":\"https:\/\/estyl.pl\/blog\/ulubiency-miesiaca-pazdziernik\/#breadcrumb\"},\"inLanguage\":\"pl-PL\",\"potentialAction\":[{\"@type\":\"ReadAction\",\"target\":[\"https:\/\/estyl.pl\/blog\/ulubiency-miesiaca-pazdziernik\/\"]}]},{\"@type\":\"BreadcrumbList\",\"@id\":\"https:\/\/estyl.pl\/blog\/ulubiency-miesiaca-pazdziernik\/#breadcrumb\",\"itemListElement\":[{\"@type\":\"ListItem\",\"position\":1,\"name\":\"Makija\u017c\",\"item\":\"https:\/\/estyl.pl\/blog\/makijaz\/\"},{\"@type\":\"ListItem\",\"position\":2,\"name\":\"Ulubie\u0144cy miesi\u0105ca &#8211; Czy Ty zakochasz si\u0119 w tych produktach?\"}]},{\"@type\":\"WebSite\",\"@id\":\"https:\/\/estyl.pl\/blog\/#website\",\"url\":\"https:\/\/estyl.pl\/blog\/\",\"name\":\"Blog | Estyl.pl\",\"description\":\"Kosmetyki do w\u0142os\u00f3w, porady, piel\u0119gnacja, stylizacja\",\"potentialAction\":[{\"@type\":\"SearchAction\",\"target\":{\"@type\":\"EntryPoint\",\"urlTemplate\":\"https:\/\/estyl.pl\/blog\/?s={search_term_string}\"},\"query-input\":\"required name=search_term_string\"}],\"inLanguage\":\"pl-PL\"},{\"@type\":\"Person\",\"@id\":\"https:\/\/estyl.pl\/blog\/#\/schema\/person\/debe1fb907542b5dc82bccc2029e474f\",\"name\":\"Karolina\",\"description\":\"Absolwentka kosmetologii i dietetyki na \u015al\u0105skiej Wy\u017cszej Szkole Medycznej w Katowicach. Ze sklepem Estyl.pl zwi\u0105zana od wielu lat. Wiedz\u0119 na temat produkt\u00f3w zebra\u0142a pracuj\u0105c w sklepie stacjonanym w Katowicach. Aktualnie pracuje jako copywriter, co daje jej du\u017co satysfakcji. Uwielbia testowa\u0107 nowe kosmetyki.\",\"sameAs\":[\"kdrogowskakwasnik\"],\"url\":\"https:\/\/estyl.pl\/blog\/author\/k-mistalsiekiera\/\"}]}<\/script>\n<!-- \/ Yoast SEO plugin. -->","yoast_head_json":{"title":"Ulubie\u0144cy miesi\u0105ca - Czy Ty zakochasz si\u0119 w tych produktach? - Blog | Estyl.pl","description":"\"Ulubie\u0144cy miesi\u0105ca\" to podsumowanie Waszych ulubionych produkt\u00f3w. Chcesz zobaczy\u0107, kt\u00f3re dwana\u015bcie produkt\u00f3w znalaz\u0142o si\u0119 na tej li\u015bcie? Sprawd\u017a!","robots":{"index":"index","follow":"follow","max-snippet":"max-snippet:-1","max-image-preview":"max-image-preview:large","max-video-preview":"max-video-preview:-1"},"canonical":"https:\/\/estyl.pl\/blog\/ulubiency-miesiaca-pazdziernik\/","og_locale":"pl_PL","og_type":"article","og_title":"Ulubie\u0144cy miesi\u0105ca - Czy Ty zakochasz si\u0119 w tych produktach? - Blog | Estyl.pl","og_description":"\"Ulubie\u0144cy miesi\u0105ca\" to podsumowanie Waszych ulubionych produkt\u00f3w. Chcesz zobaczy\u0107, kt\u00f3re dwana\u015bcie produkt\u00f3w znalaz\u0142o si\u0119 na tej li\u015bcie? Sprawd\u017a!","og_url":"https:\/\/estyl.pl\/blog\/ulubiency-miesiaca-pazdziernik\/","og_site_name":"Blog | Estyl.pl","article_author":"kdrogowskakwasnik","article_published_time":"2017-10-10T12:47:19+00:00","article_modified_time":"2019-05-28T13:14:29+00:00","og_image":[{"width":755,"height":315,"url":"https:\/\/estyl.pl\/blog\/wp-content\/uploads\/2017\/10\/755.jpg","type":"image\/jpeg"}],"author":"Karolina","twitter_misc":{"Napisane przez":"Karolina","Szacowany czas czytania":"5 minut"},"schema":{"@context":"https:\/\/schema.org","@graph":[{"@type":"WebPage","@id":"https:\/\/estyl.pl\/blog\/ulubiency-miesiaca-pazdziernik\/","url":"https:\/\/estyl.pl\/blog\/ulubiency-miesiaca-pazdziernik\/","name":"Ulubie\u0144cy miesi\u0105ca - Czy Ty zakochasz si\u0119 w tych produktach? - Blog | Estyl.pl","isPartOf":{"@id":"https:\/\/estyl.pl\/blog\/#website"},"datePublished":"2017-10-10T12:47:19+00:00","dateModified":"2019-05-28T13:14:29+00:00","author":{"@id":"https:\/\/estyl.pl\/blog\/#\/schema\/person\/debe1fb907542b5dc82bccc2029e474f"},"description":"\"Ulubie\u0144cy miesi\u0105ca\" to podsumowanie Waszych ulubionych produkt\u00f3w. Chcesz zobaczy\u0107, kt\u00f3re dwana\u015bcie produkt\u00f3w znalaz\u0142o si\u0119 na tej li\u015bcie? Sprawd\u017a!","breadcrumb":{"@id":"https:\/\/estyl.pl\/blog\/ulubiency-miesiaca-pazdziernik\/#breadcrumb"},"inLanguage":"pl-PL","potentialAction":[{"@type":"ReadAction","target":["https:\/\/estyl.pl\/blog\/ulubiency-miesiaca-pazdziernik\/"]}]},{"@type":"BreadcrumbList","@id":"https:\/\/estyl.pl\/blog\/ulubiency-miesiaca-pazdziernik\/#breadcrumb","itemListElement":[{"@type":"ListItem","position":1,"name":"Makija\u017c","item":"https:\/\/estyl.pl\/blog\/makijaz\/"},{"@type":"ListItem","position":2,"name":"Ulubie\u0144cy miesi\u0105ca &#8211; Czy Ty zakochasz si\u0119 w tych produktach?"}]},{"@type":"WebSite","@id":"https:\/\/estyl.pl\/blog\/#website","url":"https:\/\/estyl.pl\/blog\/","name":"Blog | Estyl.pl","description":"Kosmetyki do w\u0142os\u00f3w, porady, piel\u0119gnacja, stylizacja","potentialAction":[{"@type":"SearchAction","target":{"@type":"EntryPoint","urlTemplate":"https:\/\/estyl.pl\/blog\/?s={search_term_string}"},"query-input":"required name=search_term_string"}],"inLanguage":"pl-PL"},{"@type":"Person","@id":"https:\/\/estyl.pl\/blog\/#\/schema\/person\/debe1fb907542b5dc82bccc2029e474f","name":"Karolina","description":"Absolwentka kosmetologii i dietetyki na \u015al\u0105skiej Wy\u017cszej Szkole Medycznej w Katowicach. Ze sklepem Estyl.pl zwi\u0105zana od wielu lat. Wiedz\u0119 na temat produkt\u00f3w zebra\u0142a pracuj\u0105c w sklepie stacjonanym w Katowicach. Aktualnie pracuje jako copywriter, co daje jej du\u017co satysfakcji. Uwielbia testowa\u0107 nowe kosmetyki.","sameAs":["kdrogowskakwasnik"],"url":"https:\/\/estyl.pl\/blog\/author\/k-mistalsiekiera\/"}]}},"_links":{"self":[{"href":"https:\/\/estyl.pl\/blog\/wp-json\/wp\/v2\/posts\/32840"}],"collection":[{"href":"https:\/\/estyl.pl\/blog\/wp-json\/wp\/v2\/posts"}],"about":[{"href":"https:\/\/estyl.pl\/blog\/wp-json\/wp\/v2\/types\/post"}],"author":[{"embeddable":true,"href":"https:\/\/estyl.pl\/blog\/wp-json\/wp\/v2\/users\/23"}],"replies":[{"embeddable":true,"href":"https:\/\/estyl.pl\/blog\/wp-json\/wp\/v2\/comments?post=32840"}],"version-history":[{"count":14,"href":"https:\/\/estyl.pl\/blog\/wp-json\/wp\/v2\/posts\/32840\/revisions"}],"predecessor-version":[{"id":33432,"href":"https:\/\/estyl.pl\/blog\/wp-json\/wp\/v2\/posts\/32840\/revisions\/33432"}],"wp:featuredmedia":[{"embeddable":true,"href":"https:\/\/estyl.pl\/blog\/wp-json\/wp\/v2\/media\/32846"}],"wp:attachment":[{"href":"https:\/\/estyl.pl\/blog\/wp-json\/wp\/v2\/media?parent=32840"}],"wp:term":[{"taxonomy":"category","embeddable":true,"href":"https:\/\/estyl.pl\/blog\/wp-json\/wp\/v2\/categories?post=32840"},{"taxonomy":"post_tag","embeddable":true,"href":"https:\/\/estyl.pl\/blog\/wp-json\/wp\/v2\/tags?post=32840"}],"curies":[{"name":"wp","href":"https:\/\/api.w.org\/{rel}","templated":true}]}}