{"id":33167,"date":"2019-02-19T18:00:00","date_gmt":"2019-02-19T16:00:00","guid":{"rendered":"https:\/\/estyl.pl\/blog\/?p=33167"},"modified":"2021-05-25T16:00:17","modified_gmt":"2021-05-25T14:00:17","slug":"odkryj-naturalne-piekno-z-marka-rica","status":"publish","type":"post","link":"https:\/\/estyl.pl\/blog\/odkryj-naturalne-piekno-z-marka-rica\/","title":{"rendered":"Odkryj naturalne pi\u0119kno z mark\u0105 Rica"},"content":{"rendered":"<p><strong><span style=\"font-weight: 400;\">Ka\u017cdego dnia z wi\u0119kszym skupieniem zaczynamy zwraca\u0107 uwag\u0119 na otaczaj\u0105cy nas \u015bwiat, troszcz\u0105c si\u0119 o \u015brodowisko i cuda natury. Dbaj\u0105c o siebie r\u00f3wnie\u017c pragniemy unika\u0107 chemii i sztucznych sk\u0142adnik\u00f3w. W\u0142a\u015bnie z t\u0105 my\u015bl\u0105 uto\u017csamia si\u0119 <\/span><a href=\"https:\/\/estyl.pl\/marka\/rica\" target=\"_blank\" rel=\"noopener\"><b>marka Rica<\/b><\/a><span style=\"font-weight: 400;\">, produkuj\u0105ca kosmetyki oparte o si\u0142y rz\u0105dz\u0105ce \u015bwiatem natury. Je\u015bli pasjonujesz si\u0119 piel\u0119gnacj\u0105 w\u0142os\u00f3w, zwracasz uwag\u0119 na profesjonalizm i wa\u017cne jest dla Ciebie zdrowe, ale zr\u00f3wnowa\u017cone podej\u015bcie do urody &#8211; poznaj now\u0105 mark\u0119, znajd\u017a produkty dopasowane do Twoich potrzeb i odkryj jak skuteczna mo\u017ce by\u0107 piel\u0119gnacja inspirowana natur\u0105.<\/span><\/strong><\/p>\n<p><!--more--><strong><span style=\"font-weight: 400;\">Misj\u0105 marki nie jest d\u0105\u017cenie do jak najwi\u0119kszej popularno\u015bci, a raczej troska o natur\u0119 i ch\u0119\u0107 stworzenia zdrowych, naturalnych, ale profesjonalnych produkt\u00f3w do w\u0142os\u00f3w. Rica dost\u0119pna jest ju\u017c w <\/span><b>60 krajach na \u015bwiecie<\/b><span style=\"font-weight: 400;\"> i coraz wi\u0119cej os\u00f3b docenia jej skuteczno\u015b\u0107.<\/span><\/strong><\/p>\n<h2><strong><b>Jakie linie produkt\u00f3w znajdziesz w ofercie marki Rica?<\/b><\/strong><\/h2>\n<p><a href=\"https:\/\/estyl.pl\/blog\/wp-content\/uploads\/2019\/02\/estyl_RICA_podstrona_734x346_2.jpg\" rel=\"lightbox[33167]\"><img decoding=\"async\" loading=\"lazy\" class=\"aligncenter size-full wp-image-33197\" src=\"https:\/\/estyl.pl\/blog\/wp-content\/uploads\/2019\/02\/estyl_RICA_podstrona_734x346_2.jpg\" alt=\"Rica Balancing\" width=\"734\" height=\"346\" srcset=\"https:\/\/estyl.pl\/blog\/wp-content\/uploads\/2019\/02\/estyl_RICA_podstrona_734x346_2.jpg 734w, https:\/\/estyl.pl\/blog\/wp-content\/uploads\/2019\/02\/estyl_RICA_podstrona_734x346_2-300x141.jpg 300w, https:\/\/estyl.pl\/blog\/wp-content\/uploads\/2019\/02\/estyl_RICA_podstrona_734x346_2-580x273.jpg 580w, https:\/\/estyl.pl\/blog\/wp-content\/uploads\/2019\/02\/estyl_RICA_podstrona_734x346_2-261x123.jpg 261w\" sizes=\"(max-width: 734px) 100vw, 734px\" \/><\/a><\/p>\n<h3><a href=\"https:\/\/estyl.pl\/marka\/rica\/naturica-balancing\"><strong>Naturica Balancing<\/strong><\/a><\/h3>\n<p><strong><span style=\"font-weight: 400;\">Twoje <a href=\"https:\/\/estyl.pl\/wlosy\" data-internallinksmanager029f6b8e52c=\"2\" title=\"w\u0142osy\">w\u0142osy<\/a> po umyciu wygl\u0105daj\u0105 dobrze, ale po kilku godzinach masz wra\u017cenie, \u017ce nie s\u0105 ju\u017c tak \u015bwie\u017ce? Znamy to. Znaj\u0105 to te\u017c tw\u00f3rcy marki RICA i przychodz\u0105 do Ciebie z rozwi\u0105zaniem! Linia Balancing to produkty o kt\u00f3rych Twoja sk\u00f3ra g\u0142owy prawdopodobnie marzy. Reguluj\u0105 wydzielanie sebum i \u0142agodnie dbaj\u0105 o samopoczucie Twoich w\u0142os\u00f3w &#8211; czyli Ciebie! Czuj si\u0119 pi\u0119knie, wygl\u0105daj pi\u0119knie i zachwycaj sypkimi w\u0142osami kt\u00f3re l\u015bni\u0105 zdrowym, naturalnym blaskiem! <\/span><\/strong><\/p>\n<p>&nbsp;<\/p>\n<h3><img decoding=\"async\" loading=\"lazy\" class=\"aligncenter size-full wp-image-33198\" src=\"https:\/\/estyl.pl\/blog\/wp-content\/uploads\/2019\/02\/estyl_RICA_podstrona_734x346_3.jpg\" alt=\"Rica Detoxifying\" width=\"734\" height=\"346\" srcset=\"https:\/\/estyl.pl\/blog\/wp-content\/uploads\/2019\/02\/estyl_RICA_podstrona_734x346_3.jpg 734w, https:\/\/estyl.pl\/blog\/wp-content\/uploads\/2019\/02\/estyl_RICA_podstrona_734x346_3-300x141.jpg 300w, https:\/\/estyl.pl\/blog\/wp-content\/uploads\/2019\/02\/estyl_RICA_podstrona_734x346_3-580x273.jpg 580w, https:\/\/estyl.pl\/blog\/wp-content\/uploads\/2019\/02\/estyl_RICA_podstrona_734x346_3-261x123.jpg 261w\" sizes=\"(max-width: 734px) 100vw, 734px\" \/><a href=\"https:\/\/estyl.pl\/marka\/rica\/naturica-detoxifying\"><strong>Naturica Detoxifying<\/strong><\/a><a href=\"https:\/\/estyl.pl\/blog\/wp-content\/uploads\/2019\/02\/detox-rica.jpg\" rel=\"lightbox[33167]\"><br \/>\n<\/a><\/h3>\n<p><strong><span style=\"font-weight: 400;\">Usu\u0144 zanieczyszczenia z w\u0142os\u00f3w i zadbaj o skalp &#8211; tak w skr\u00f3cie mo\u017cna zdefiniowa\u0107 lini\u0119 Detoxifying. To prawdziwy detoks, kt\u00f3ry szybko przyniesie ulg\u0119, dzi\u0119ki zawarto\u015bci <\/span><b>wyci\u0105g\u00f3w z kapar\u00f3w ciernistych, a tak\u017ce olejk\u00f3w: mi\u0119towego i rozmarynowego<\/b><span style=\"font-weight: 400;\">. Odkryj moc profesjonalnej piel\u0119gnacji opartej na naturalnych sk\u0142adnikach &#8211; i dodaj swoim w\u0142osom lekko\u015bci i od\u017cywienia.<\/span><\/strong><\/p>\n\n<p><a href=\"https:\/\/estyl.pl\/blog\/wp-content\/uploads\/2019\/02\/estyl_RICA_podstrona_734x346_4.jpg\" rel=\"lightbox[33167]\"><img decoding=\"async\" loading=\"lazy\" class=\"aligncenter size-full wp-image-33199\" src=\"https:\/\/estyl.pl\/blog\/wp-content\/uploads\/2019\/02\/estyl_RICA_podstrona_734x346_4.jpg\" alt=\"Rica Energizing\" width=\"734\" height=\"346\" srcset=\"https:\/\/estyl.pl\/blog\/wp-content\/uploads\/2019\/02\/estyl_RICA_podstrona_734x346_4.jpg 734w, https:\/\/estyl.pl\/blog\/wp-content\/uploads\/2019\/02\/estyl_RICA_podstrona_734x346_4-300x141.jpg 300w, https:\/\/estyl.pl\/blog\/wp-content\/uploads\/2019\/02\/estyl_RICA_podstrona_734x346_4-580x273.jpg 580w, https:\/\/estyl.pl\/blog\/wp-content\/uploads\/2019\/02\/estyl_RICA_podstrona_734x346_4-261x123.jpg 261w\" sizes=\"(max-width: 734px) 100vw, 734px\" \/><\/a><\/p>\n<h3><a href=\"https:\/\/estyl.pl\/marka\/rica\/naturica-energizing\"><strong>Naturica Energizing<\/strong><\/a><\/h3>\n<p><strong><span style=\"font-weight: 400;\">Czasem naszym w\u0142osom brakuje energii i obj\u0119to\u015bci. Masz cienkie w\u0142osy? Spr\u00f3buj produkt\u00f3w w\u0142a\u015bnie z tej linii \u2013 bazuj\u0105 one na <\/span><b>wyci\u0105gach z \u017ce\u0144-szenia i z Ginkgo biloba,<\/b><span style=\"font-weight: 400;\"> co pozwala odzyska\u0107 fryzurze g\u0119sto\u015b\u0107 i blask. Seria pomaga upora\u0107 si\u0119 te\u017c z problemem wypadania w\u0142os\u00f3w &#8211; spraw swoim w\u0142osom zastrzyk pozytywnej energii z seri\u0105 Energizing!<\/span><\/strong><\/p>\n<p>&nbsp;<\/p>\n<h3><a href=\"https:\/\/estyl.pl\/blog\/wp-content\/uploads\/2019\/02\/estyl_RICA_podstrona_734x346_5.jpg\" rel=\"lightbox[33167]\"><img decoding=\"async\" loading=\"lazy\" class=\"aligncenter size-full wp-image-33200\" src=\"https:\/\/estyl.pl\/blog\/wp-content\/uploads\/2019\/02\/estyl_RICA_podstrona_734x346_5.jpg\" alt=\"Rica Moisturizing\" width=\"734\" height=\"346\" srcset=\"https:\/\/estyl.pl\/blog\/wp-content\/uploads\/2019\/02\/estyl_RICA_podstrona_734x346_5.jpg 734w, https:\/\/estyl.pl\/blog\/wp-content\/uploads\/2019\/02\/estyl_RICA_podstrona_734x346_5-300x141.jpg 300w, https:\/\/estyl.pl\/blog\/wp-content\/uploads\/2019\/02\/estyl_RICA_podstrona_734x346_5-580x273.jpg 580w, https:\/\/estyl.pl\/blog\/wp-content\/uploads\/2019\/02\/estyl_RICA_podstrona_734x346_5-261x123.jpg 261w\" sizes=\"(max-width: 734px) 100vw, 734px\" \/><\/a><a href=\"https:\/\/estyl.pl\/blog\/wp-content\/uploads\/2019\/02\/moist-linia-rica.jpg\" rel=\"lightbox[33167]\"><br \/>\n<\/a><a href=\"https:\/\/estyl.pl\/marka\/rica\/naturica-moisturizing\"><strong>Naturica Moisturizing<\/strong><\/a><\/h3>\n<p><strong><span style=\"font-weight: 400;\">Nawil\u017cone, mi\u0119kkie, g\u0142adkie w\u0142osy &#8211; marzenie! Linia Moisturizing to szampony, maski i od\u017cywki oparte na <\/span><b>witaminie E, prowitaminie B5, oleju z opuncji oraz oleju jojoba,<\/b><span style=\"font-weight: 400;\"> czyli sk\u0142adnikach kt\u00f3re sprawi\u0105, \u017ce Twoje w\u0142osy odzyskaj\u0105 zjawiskowy blask! Wiesz co jest dodatkow\u0105 zalet\u0105 produkt\u00f3w? Ochrona koloru! Twoje w\u0142osy b\u0119d\u0105 l\u015bni\u0107 naturalnym blaskiem i uwodzi\u0107 zmys\u0142ow\u0105 lekko\u015bci\u0105!<\/span><\/strong><\/p>\n\n<p>&nbsp;<\/p>\n<h3 class=\"aligncenter\"><a href=\"https:\/\/estyl.pl\/blog\/wp-content\/uploads\/2019\/02\/estyl_RICA_podstrona_734x346_6.jpg\" rel=\"lightbox[33167]\"><img decoding=\"async\" loading=\"lazy\" class=\"aligncenter size-full wp-image-33201\" src=\"https:\/\/estyl.pl\/blog\/wp-content\/uploads\/2019\/02\/estyl_RICA_podstrona_734x346_6.jpg\" alt=\"Rica Repairing\" width=\"734\" height=\"346\" srcset=\"https:\/\/estyl.pl\/blog\/wp-content\/uploads\/2019\/02\/estyl_RICA_podstrona_734x346_6.jpg 734w, https:\/\/estyl.pl\/blog\/wp-content\/uploads\/2019\/02\/estyl_RICA_podstrona_734x346_6-300x141.jpg 300w, https:\/\/estyl.pl\/blog\/wp-content\/uploads\/2019\/02\/estyl_RICA_podstrona_734x346_6-580x273.jpg 580w, https:\/\/estyl.pl\/blog\/wp-content\/uploads\/2019\/02\/estyl_RICA_podstrona_734x346_6-261x123.jpg 261w\" sizes=\"(max-width: 734px) 100vw, 734px\" \/><\/a><a href=\"https:\/\/estyl.pl\/marka\/rica\/naturica-repairing\"><strong>Naturica Repairing<\/strong><\/a><\/h3>\n<p class=\"aligncenter\"><strong><span style=\"font-weight: 400;\">Martwisz si\u0119, \u017ce Twoje w\u0142osy s\u0105 zniszczone i ju\u017c nigdy nie b\u0119d\u0105 wygl\u0105da\u0142y tak dobrze jak kiedy\u015b? Podpowiadamy: mog\u0105 wygl\u0105da\u0107 lepiej! Nie wierzysz? Poznaj linie produkt\u00f3w Repairing przeznaczon\u0105 do w\u0142os\u00f3w zniszczonych. Ryzyko zaniedbania w\u0142os\u00f3w czyha na Nas na ka\u017cdym kroku: cz\u0119ste zabiegi koloryzacji, stylizacja z pomoc\u0105 wysokiej temperatury czy nawet niesprzyjaj\u0105ce warunki atmosferyczne \u2013 to wszystko sprawia, \u017ce staj\u0105 si\u0119 os\u0142abione. Po regularnym stosowaniu kosmetyk\u00f3w z linii Repairing pasma zostaj\u0105 wzmocnione, ko\u0144c\u00f3wki nie rozdwajaj\u0105 si\u0119. S\u0105 one bogate w <\/span><b>olej z opuncji oraz wyci\u0105gi z orzecha w\u0142oskiego i kasztanowca.<\/b><\/strong><\/p>\n<p><a href=\"https:\/\/estyl.pl\/blog\/wp-content\/uploads\/2019\/02\/estyl_RICA_podstrona_734x346_7.jpg\" rel=\"lightbox[33167]\"><img decoding=\"async\" loading=\"lazy\" class=\"aligncenter size-full wp-image-33202\" src=\"https:\/\/estyl.pl\/blog\/wp-content\/uploads\/2019\/02\/estyl_RICA_podstrona_734x346_7.jpg\" alt=\"Rica Soothing\" width=\"734\" height=\"346\" srcset=\"https:\/\/estyl.pl\/blog\/wp-content\/uploads\/2019\/02\/estyl_RICA_podstrona_734x346_7.jpg 734w, https:\/\/estyl.pl\/blog\/wp-content\/uploads\/2019\/02\/estyl_RICA_podstrona_734x346_7-300x141.jpg 300w, https:\/\/estyl.pl\/blog\/wp-content\/uploads\/2019\/02\/estyl_RICA_podstrona_734x346_7-580x273.jpg 580w, https:\/\/estyl.pl\/blog\/wp-content\/uploads\/2019\/02\/estyl_RICA_podstrona_734x346_7-261x123.jpg 261w\" sizes=\"(max-width: 734px) 100vw, 734px\" \/><\/a><\/p>\n<h3><strong><a href=\"https:\/\/estyl.pl\/marka\/rica\/naturica-soothing-relief\">Naturica Soothing Relief<\/a> <\/strong><\/h3>\n<p><strong><b>\u0141upie\u017c to problem, kt\u00f3ry potrafi sp\u0119dza\u0107 sen z powiek. <\/b><span style=\"font-weight: 400;\">\u0141uszcz\u0105cy si\u0119 nask\u00f3rek wygl\u0105da nieestetycznie i cz\u0119sto jest powodem do wstydu. Produkty z tej serii pozwol\u0105 usun\u0105\u0107 go raz na zawsze i sprawi\u0105, \u017ce Twoje w\u0142osy b\u0119d\u0105 powodem do dumy! Kosmetyki z serii Soothing Relief zawieraj\u0105<\/span><b> <a href=\"https:\/\/estyl.pl\/davines-oi-oil-olejek-do-wlosow-50ml\" data-internallinksmanager029f6b8e52c=\"9\" title=\"Davines Oi Oi olejek do w\u0142os\u00f3w\" target=\"_blank\" rel=\"noopener\">olejek<\/a> rumiankowy z sza\u0142wii i tymianku, olej z opuncji figowej, wyci\u0105g z rumianku, witaminy E, B5 i F, <\/b><span style=\"font-weight: 400;\">czyli sam\u0105 natur\u0119 kt\u00f3ra pomo\u017ce Ci okie\u0142zna\u0107 niepos\u0142uszn\u0105 sk\u00f3r\u0119 g\u0142owy.<\/span><\/strong><\/p>\n\n<p><a href=\"https:\/\/estyl.pl\/blog\/wp-content\/uploads\/2019\/02\/estyl_RICA_podstrona_734x346_8.jpg\" rel=\"lightbox[33167]\"><img decoding=\"async\" loading=\"lazy\" class=\"aligncenter size-full wp-image-33203\" src=\"https:\/\/estyl.pl\/blog\/wp-content\/uploads\/2019\/02\/estyl_RICA_podstrona_734x346_8.jpg\" alt=\"Rica Volumizing\" width=\"734\" height=\"346\" srcset=\"https:\/\/estyl.pl\/blog\/wp-content\/uploads\/2019\/02\/estyl_RICA_podstrona_734x346_8.jpg 734w, https:\/\/estyl.pl\/blog\/wp-content\/uploads\/2019\/02\/estyl_RICA_podstrona_734x346_8-300x141.jpg 300w, https:\/\/estyl.pl\/blog\/wp-content\/uploads\/2019\/02\/estyl_RICA_podstrona_734x346_8-580x273.jpg 580w, https:\/\/estyl.pl\/blog\/wp-content\/uploads\/2019\/02\/estyl_RICA_podstrona_734x346_8-261x123.jpg 261w\" sizes=\"(max-width: 734px) 100vw, 734px\" \/><\/a><\/p>\n<h3><a href=\"https:\/\/estyl.pl\/marka\/rica\/naturica-volumizing\"><strong>Naturica Volumizing<\/strong><\/a><\/h3>\n<p><strong><b>Kt\u00f3ra z nas nie marzy o g\u0119stych w\u0142osach?<\/b><span style=\"font-weight: 400;\"> Rica postanowi\u0142a sprosta\u0107 oczekiwaniom kobiet i stworzy\u0142a seri\u0119 pomagaj\u0105c\u0105 uzyska\u0107 efekt fryzury pe\u0142nej obj\u0119to\u015bci. Dzi\u0119ki od\u017cywkom i szamponom <\/span><b>bazuj\u0105cym na bia\u0142kach pszenicy, wyci\u0105gach z kasztan\u00f3w i orzecha w\u0142oskiego<\/b><span style=\"font-weight: 400;\">, odzyskaj\u0105 swoj\u0105 energi\u0119. Zawieraj\u0105 r\u00f3wnie\u017c <\/span><b>wyci\u0105g z czerwonych pomara\u0144czy<\/b><span style=\"font-weight: 400;\"> op\u00f3\u017aniaj\u0105cy procesy starzenia.<\/span><\/strong><\/p>\n<p><a href=\"https:\/\/estyl.pl\/blog\/wp-content\/uploads\/2019\/02\/estyl_RICA_podstrona_734x346_9.jpg\" rel=\"lightbox[33167]\"><img decoding=\"async\" loading=\"lazy\" class=\"aligncenter size-full wp-image-33204\" src=\"https:\/\/estyl.pl\/blog\/wp-content\/uploads\/2019\/02\/estyl_RICA_podstrona_734x346_9.jpg\" alt=\"Rica Styling\" width=\"734\" height=\"346\" srcset=\"https:\/\/estyl.pl\/blog\/wp-content\/uploads\/2019\/02\/estyl_RICA_podstrona_734x346_9.jpg 734w, https:\/\/estyl.pl\/blog\/wp-content\/uploads\/2019\/02\/estyl_RICA_podstrona_734x346_9-300x141.jpg 300w, https:\/\/estyl.pl\/blog\/wp-content\/uploads\/2019\/02\/estyl_RICA_podstrona_734x346_9-580x273.jpg 580w, https:\/\/estyl.pl\/blog\/wp-content\/uploads\/2019\/02\/estyl_RICA_podstrona_734x346_9-261x123.jpg 261w\" sizes=\"(max-width: 734px) 100vw, 734px\" \/><\/a><\/p>\n<h3><a href=\"https:\/\/estyl.pl\/marka\/rica\/naturica-styling\"><strong>Naturica Styling<\/strong><\/a><\/h3>\n<p><strong><span style=\"font-weight: 400;\">Produkty do stylizacji nie zawsze s\u0142u\u017c\u0105 naszym w\u0142osom \u2013 obci\u0105\u017caj\u0105 je, sklejaj\u0105, sprawiaj\u0105, \u017ce przy rozczesywaniu zaczynamy je wyrywa\u0107. Oto linia, kt\u00f3ra pozwoli bezpiecznie uk\u0142ada\u0107 fryzur\u0119, nie nara\u017caj\u0105c kosmyk\u00f3w na uszkodzenia. Kosmetyki wzbogacone s\u0105 <\/span><b>filtrami s\u0142onecznymi oraz antyoksydantami.<\/b><\/strong><\/p>\n\n<p><a href=\"https:\/\/estyl.pl\/blog\/wp-content\/uploads\/2019\/02\/estyl_RICA_podstrona_734x346_10.jpg\" rel=\"lightbox[33167]\"><img decoding=\"async\" loading=\"lazy\" class=\"aligncenter size-full wp-image-33205\" src=\"https:\/\/estyl.pl\/blog\/wp-content\/uploads\/2019\/02\/estyl_RICA_podstrona_734x346_10.jpg\" alt=\"Rica Opuntia Oil\" width=\"734\" height=\"346\" srcset=\"https:\/\/estyl.pl\/blog\/wp-content\/uploads\/2019\/02\/estyl_RICA_podstrona_734x346_10.jpg 734w, https:\/\/estyl.pl\/blog\/wp-content\/uploads\/2019\/02\/estyl_RICA_podstrona_734x346_10-300x141.jpg 300w, https:\/\/estyl.pl\/blog\/wp-content\/uploads\/2019\/02\/estyl_RICA_podstrona_734x346_10-580x273.jpg 580w, https:\/\/estyl.pl\/blog\/wp-content\/uploads\/2019\/02\/estyl_RICA_podstrona_734x346_10-261x123.jpg 261w\" sizes=\"(max-width: 734px) 100vw, 734px\" \/><\/a><\/p>\n<h3><a href=\"https:\/\/estyl.pl\/marka\/rica\/opuntia-oil\"><strong>Rica Opuntia Oil<\/strong><\/a><\/h3>\n<p><strong><b>Ta seria to co\u015b w sam raz dla fanek naturalnej piel\u0119gnacji<\/b><span style=\"font-weight: 400;\"> &#8211; zosta\u0142a stworzona na bazie <\/span><b>unikalnego oleju z opuncji &#8211; bardzo rzadkiego i drogocennego oleju pozyskiwanego z czystych nasion opuncji figowej, ro\u015bliny pochodz\u0105cej z regionu Morza \u015ar\u00f3dziemnego.<\/b><span style=\"font-weight: 400;\"> W jej sk\u0142ad wchodzi szampon, od\u017cywka, wielofunkcyjny krem oraz serum. To si\u0142a skondensowanej natury, zamkni\u0119ta w profesjonalnych produktach do piel\u0119gnacji w\u0142os\u00f3w, ubrana w minimalistyczne opakowania. Wygl\u0105daj\u0105 pi\u0119knie, pachn\u0105 zachwycaj\u0105co i dostarczaj\u0105 Twoim w\u0142osom wszystkiego co najlepsze!<\/span><\/strong><\/p>\n<p><a href=\"https:\/\/estyl.pl\/blog\/wp-content\/uploads\/2019\/02\/estyl_RICA_podstrona_734x346_11.jpg\" rel=\"lightbox[33167]\"><img decoding=\"async\" loading=\"lazy\" class=\"aligncenter size-full wp-image-33206\" src=\"https:\/\/estyl.pl\/blog\/wp-content\/uploads\/2019\/02\/estyl_RICA_podstrona_734x346_11.jpg\" alt=\"Rica Opuntia Oil for Men\" width=\"734\" height=\"346\" srcset=\"https:\/\/estyl.pl\/blog\/wp-content\/uploads\/2019\/02\/estyl_RICA_podstrona_734x346_11.jpg 734w, https:\/\/estyl.pl\/blog\/wp-content\/uploads\/2019\/02\/estyl_RICA_podstrona_734x346_11-300x141.jpg 300w, https:\/\/estyl.pl\/blog\/wp-content\/uploads\/2019\/02\/estyl_RICA_podstrona_734x346_11-580x273.jpg 580w, https:\/\/estyl.pl\/blog\/wp-content\/uploads\/2019\/02\/estyl_RICA_podstrona_734x346_11-261x123.jpg 261w\" sizes=\"(max-width: 734px) 100vw, 734px\" \/><\/a><\/p>\n<h3><a href=\"https:\/\/estyl.pl\/marka\/rica\/opuntia-oil-for-men\"><strong>Rica Opuntia Oil for Men<\/strong><\/a><\/h3>\n<p><strong><b>Marka nie zapomnia\u0142a r\u00f3wnie\u017c o m\u0119\u017cczyznach i stworzy\u0142a co\u015b idealnego dla ich w\u0142os\u00f3w. <\/b><span style=\"font-weight: 400;\">S\u0105 to produkty zar\u00f3wno do piel\u0119gnacji, jak i stylizacji \u2013 r\u00f3wnie\u017c zarostu. Chroni\u0105 przed zanieczyszczeniami, od\u015bwie\u017caj\u0105, a to wszystko dzi\u0119ki <\/span><b>ekstraktowi z nasion moringi.<\/b><\/strong><\/p>\n\n<p><a href=\"https:\/\/estyl.pl\/blog\/wp-content\/uploads\/2019\/02\/estyl_RICA_podstrona_734x346_12.jpg\" rel=\"lightbox[33167]\"><img decoding=\"async\" loading=\"lazy\" class=\"aligncenter size-full wp-image-33207\" src=\"https:\/\/estyl.pl\/blog\/wp-content\/uploads\/2019\/02\/estyl_RICA_podstrona_734x346_12.jpg\" alt=\"Rica Cromearth\" width=\"734\" height=\"346\" srcset=\"https:\/\/estyl.pl\/blog\/wp-content\/uploads\/2019\/02\/estyl_RICA_podstrona_734x346_12.jpg 734w, https:\/\/estyl.pl\/blog\/wp-content\/uploads\/2019\/02\/estyl_RICA_podstrona_734x346_12-300x141.jpg 300w, https:\/\/estyl.pl\/blog\/wp-content\/uploads\/2019\/02\/estyl_RICA_podstrona_734x346_12-580x273.jpg 580w, https:\/\/estyl.pl\/blog\/wp-content\/uploads\/2019\/02\/estyl_RICA_podstrona_734x346_12-261x123.jpg 261w\" sizes=\"(max-width: 734px) 100vw, 734px\" \/><\/a><\/p>\n<h3><a href=\"https:\/\/estyl.pl\/marka\/rica\/cromearth\"><strong>Rica Cromearth<\/strong><\/a><\/h3>\n<p><strong>Ta linia jest wyj\u0105tkowa \u2013<\/strong> to maski i szampony najnowszej generacji zawieraj\u0105ce naturalne pigmenty, kt\u00f3re pozwalaj\u0105 od\u015bwie\u017cy\u0107 kolor w\u0142os\u00f3w farbowanych, unikn\u0105\u0107 niechcianych odcieni i jednocze\u015bnie piel\u0119gnuj\u0105. Obejmuje ona 7 masek oraz 1 odcie\u0144 Neutral \u2013 mo\u017cna je ze sob\u0105 miesza\u0107, aby uzyska\u0107 wymarzony efekt.<\/p>\n\n<h2>Rica &#8211; odkryj inspiracj\u0119 w naturze i zatroszcz si\u0119 o pi\u0119kno swoich w\u0142os\u00f3w<\/h2>\n<p><a href=\"https:\/\/estyl.pl\/blog\/wp-content\/uploads\/2019\/02\/wlosy.jpeg\" rel=\"lightbox[33167]\"><img decoding=\"async\" loading=\"lazy\" class=\"alignnone size-full wp-image-33183 aligncenter\" src=\"https:\/\/estyl.pl\/blog\/wp-content\/uploads\/2019\/02\/wlosy.jpeg\" alt=\"wlosy\" width=\"940\" height=\"628\" srcset=\"https:\/\/estyl.pl\/blog\/wp-content\/uploads\/2019\/02\/wlosy.jpeg 940w, https:\/\/estyl.pl\/blog\/wp-content\/uploads\/2019\/02\/wlosy-300x200.jpeg 300w, https:\/\/estyl.pl\/blog\/wp-content\/uploads\/2019\/02\/wlosy-580x387.jpeg 580w, https:\/\/estyl.pl\/blog\/wp-content\/uploads\/2019\/02\/wlosy-755x504.jpeg 755w, https:\/\/estyl.pl\/blog\/wp-content\/uploads\/2019\/02\/wlosy-261x174.jpeg 261w\" sizes=\"(max-width: 940px) 100vw, 940px\" \/><\/a><\/p>\n<p style=\"text-align: center;\">\u017ar\u00f3d\u0142o: pexels.com<\/p>\n<p>Marka Rica ma w swojej ofercie szerok\u0105 gam\u0119 produkt\u00f3w, dzi\u0119ki czemu ka\u017cdy mo\u017ce znale\u017a\u0107 co\u015b idealnego do rodzaju i potrzeb swoich w\u0142os\u00f3w. Korzystaj\u0105c z tych kosmetyk\u00f3w, masz pewno\u015b\u0107, \u017ce dzia\u0142asz w zgodzie ze \u015brodowiskiem i w naturalny spos\u00f3b dbasz o swoje pi\u0119kno.<\/p>\n","protected":false},"excerpt":{"rendered":"<p>Ka\u017cdego dnia z wi\u0119kszym skupieniem zaczynamy zwraca\u0107 uwag\u0119 na otaczaj\u0105cy nas \u015bwiat, troszcz\u0105c si\u0119 o \u015brodowisko i cuda natury. Dbaj\u0105c o siebie r\u00f3wnie\u017c pragniemy unika\u0107 chemii i sztucznych sk\u0142adnik\u00f3w. W\u0142a\u015bnie z t\u0105 my\u015bl\u0105 uto\u017csamia si\u0119 marka Rica, produkuj\u0105ca kosmetyki oparte o si\u0142y rz\u0105dz\u0105ce \u015bwiatem natury. Je\u015bli pasjonujesz si\u0119 piel\u0119gnacj\u0105 w\u0142os\u00f3w, zwracasz uwag\u0119 na profesjonalizm i [&hellip;]<\/p>\n","protected":false},"author":23,"featured_media":33231,"comment_status":"open","ping_status":"closed","sticky":false,"template":"","format":"standard","meta":{"_eb_attr":""},"categories":[34,4],"tags":[132,2612,121],"acf":[],"yoast_head":"<!-- This site is optimized with the Yoast SEO plugin v20.8 - https:\/\/yoast.com\/wordpress\/plugins\/seo\/ -->\n<title>Odkryj naturalne pi\u0119kno z mark\u0105 Rica - Blog | Estyl.pl<\/title>\n<meta name=\"description\" content=\"Rica to wyj\u0105tkowa marka produkt\u00f3w do w\u0142os\u00f3w bazuj\u0105ca na naturalnych produktach.\" \/>\n<meta name=\"robots\" content=\"index, follow, max-snippet:-1, max-image-preview:large, max-video-preview:-1\" \/>\n<link rel=\"canonical\" href=\"https:\/\/estyl.pl\/blog\/odkryj-naturalne-piekno-z-marka-rica\/\" \/>\n<meta property=\"og:locale\" content=\"pl_PL\" \/>\n<meta property=\"og:type\" content=\"article\" \/>\n<meta property=\"og:title\" content=\"Odkryj naturalne pi\u0119kno z mark\u0105 Rica - Blog | Estyl.pl\" \/>\n<meta property=\"og:description\" content=\"Rica to wyj\u0105tkowa marka produkt\u00f3w do w\u0142os\u00f3w bazuj\u0105ca na naturalnych produktach.\" \/>\n<meta property=\"og:url\" content=\"https:\/\/estyl.pl\/blog\/odkryj-naturalne-piekno-z-marka-rica\/\" \/>\n<meta property=\"og:site_name\" content=\"Blog | Estyl.pl\" \/>\n<meta property=\"article:author\" content=\"kdrogowskakwasnik\" \/>\n<meta property=\"article:published_time\" content=\"2019-02-19T16:00:00+00:00\" \/>\n<meta property=\"article:modified_time\" content=\"2021-05-25T14:00:17+00:00\" \/>\n<meta property=\"og:image\" content=\"https:\/\/estyl.pl\/blog\/wp-content\/uploads\/2019\/02\/estyl_RICA_podstrona_734x346_1-734x315ok.jpg\" \/>\n\t<meta property=\"og:image:width\" content=\"734\" \/>\n\t<meta property=\"og:image:height\" content=\"315\" \/>\n\t<meta property=\"og:image:type\" content=\"image\/jpeg\" \/>\n<meta name=\"author\" content=\"Karolina\" \/>\n<meta name=\"twitter:label1\" content=\"Napisane przez\" \/>\n\t<meta name=\"twitter:data1\" content=\"Karolina\" \/>\n\t<meta name=\"twitter:label2\" content=\"Szacowany czas czytania\" \/>\n\t<meta name=\"twitter:data2\" content=\"7 minut\" \/>\n<script type=\"application\/ld+json\" class=\"yoast-schema-graph\">{\"@context\":\"https:\/\/schema.org\",\"@graph\":[{\"@type\":\"WebPage\",\"@id\":\"https:\/\/estyl.pl\/blog\/odkryj-naturalne-piekno-z-marka-rica\/\",\"url\":\"https:\/\/estyl.pl\/blog\/odkryj-naturalne-piekno-z-marka-rica\/\",\"name\":\"Odkryj naturalne pi\u0119kno z mark\u0105 Rica - Blog | Estyl.pl\",\"isPartOf\":{\"@id\":\"https:\/\/estyl.pl\/blog\/#website\"},\"datePublished\":\"2019-02-19T16:00:00+00:00\",\"dateModified\":\"2021-05-25T14:00:17+00:00\",\"author\":{\"@id\":\"https:\/\/estyl.pl\/blog\/#\/schema\/person\/debe1fb907542b5dc82bccc2029e474f\"},\"description\":\"Rica to wyj\u0105tkowa marka produkt\u00f3w do w\u0142os\u00f3w bazuj\u0105ca na naturalnych produktach.\",\"breadcrumb\":{\"@id\":\"https:\/\/estyl.pl\/blog\/odkryj-naturalne-piekno-z-marka-rica\/#breadcrumb\"},\"inLanguage\":\"pl-PL\",\"potentialAction\":[{\"@type\":\"ReadAction\",\"target\":[\"https:\/\/estyl.pl\/blog\/odkryj-naturalne-piekno-z-marka-rica\/\"]}]},{\"@type\":\"BreadcrumbList\",\"@id\":\"https:\/\/estyl.pl\/blog\/odkryj-naturalne-piekno-z-marka-rica\/#breadcrumb\",\"itemListElement\":[{\"@type\":\"ListItem\",\"position\":1,\"name\":\"Leksykon kosmetyczny\",\"item\":\"https:\/\/estyl.pl\/blog\/leksykon-kosmetyczny\/\"},{\"@type\":\"ListItem\",\"position\":2,\"name\":\"Odkryj naturalne pi\u0119kno z mark\u0105 Rica\"}]},{\"@type\":\"WebSite\",\"@id\":\"https:\/\/estyl.pl\/blog\/#website\",\"url\":\"https:\/\/estyl.pl\/blog\/\",\"name\":\"Blog | Estyl.pl\",\"description\":\"Kosmetyki do w\u0142os\u00f3w, porady, piel\u0119gnacja, stylizacja\",\"potentialAction\":[{\"@type\":\"SearchAction\",\"target\":{\"@type\":\"EntryPoint\",\"urlTemplate\":\"https:\/\/estyl.pl\/blog\/?s={search_term_string}\"},\"query-input\":\"required name=search_term_string\"}],\"inLanguage\":\"pl-PL\"},{\"@type\":\"Person\",\"@id\":\"https:\/\/estyl.pl\/blog\/#\/schema\/person\/debe1fb907542b5dc82bccc2029e474f\",\"name\":\"Karolina\",\"description\":\"Absolwentka kosmetologii i dietetyki na \u015al\u0105skiej Wy\u017cszej Szkole Medycznej w Katowicach. Ze sklepem Estyl.pl zwi\u0105zana od wielu lat. Wiedz\u0119 na temat produkt\u00f3w zebra\u0142a pracuj\u0105c w sklepie stacjonanym w Katowicach. Aktualnie pracuje jako copywriter, co daje jej du\u017co satysfakcji. Uwielbia testowa\u0107 nowe kosmetyki.\",\"sameAs\":[\"kdrogowskakwasnik\"],\"url\":\"https:\/\/estyl.pl\/blog\/author\/k-mistalsiekiera\/\"}]}<\/script>\n<!-- \/ Yoast SEO plugin. -->","yoast_head_json":{"title":"Odkryj naturalne pi\u0119kno z mark\u0105 Rica - Blog | Estyl.pl","description":"Rica to wyj\u0105tkowa marka produkt\u00f3w do w\u0142os\u00f3w bazuj\u0105ca na naturalnych produktach.","robots":{"index":"index","follow":"follow","max-snippet":"max-snippet:-1","max-image-preview":"max-image-preview:large","max-video-preview":"max-video-preview:-1"},"canonical":"https:\/\/estyl.pl\/blog\/odkryj-naturalne-piekno-z-marka-rica\/","og_locale":"pl_PL","og_type":"article","og_title":"Odkryj naturalne pi\u0119kno z mark\u0105 Rica - Blog | Estyl.pl","og_description":"Rica to wyj\u0105tkowa marka produkt\u00f3w do w\u0142os\u00f3w bazuj\u0105ca na naturalnych produktach.","og_url":"https:\/\/estyl.pl\/blog\/odkryj-naturalne-piekno-z-marka-rica\/","og_site_name":"Blog | Estyl.pl","article_author":"kdrogowskakwasnik","article_published_time":"2019-02-19T16:00:00+00:00","article_modified_time":"2021-05-25T14:00:17+00:00","og_image":[{"width":734,"height":315,"url":"https:\/\/estyl.pl\/blog\/wp-content\/uploads\/2019\/02\/estyl_RICA_podstrona_734x346_1-734x315ok.jpg","type":"image\/jpeg"}],"author":"Karolina","twitter_misc":{"Napisane przez":"Karolina","Szacowany czas czytania":"7 minut"},"schema":{"@context":"https:\/\/schema.org","@graph":[{"@type":"WebPage","@id":"https:\/\/estyl.pl\/blog\/odkryj-naturalne-piekno-z-marka-rica\/","url":"https:\/\/estyl.pl\/blog\/odkryj-naturalne-piekno-z-marka-rica\/","name":"Odkryj naturalne pi\u0119kno z mark\u0105 Rica - Blog | Estyl.pl","isPartOf":{"@id":"https:\/\/estyl.pl\/blog\/#website"},"datePublished":"2019-02-19T16:00:00+00:00","dateModified":"2021-05-25T14:00:17+00:00","author":{"@id":"https:\/\/estyl.pl\/blog\/#\/schema\/person\/debe1fb907542b5dc82bccc2029e474f"},"description":"Rica to wyj\u0105tkowa marka produkt\u00f3w do w\u0142os\u00f3w bazuj\u0105ca na naturalnych produktach.","breadcrumb":{"@id":"https:\/\/estyl.pl\/blog\/odkryj-naturalne-piekno-z-marka-rica\/#breadcrumb"},"inLanguage":"pl-PL","potentialAction":[{"@type":"ReadAction","target":["https:\/\/estyl.pl\/blog\/odkryj-naturalne-piekno-z-marka-rica\/"]}]},{"@type":"BreadcrumbList","@id":"https:\/\/estyl.pl\/blog\/odkryj-naturalne-piekno-z-marka-rica\/#breadcrumb","itemListElement":[{"@type":"ListItem","position":1,"name":"Leksykon kosmetyczny","item":"https:\/\/estyl.pl\/blog\/leksykon-kosmetyczny\/"},{"@type":"ListItem","position":2,"name":"Odkryj naturalne pi\u0119kno z mark\u0105 Rica"}]},{"@type":"WebSite","@id":"https:\/\/estyl.pl\/blog\/#website","url":"https:\/\/estyl.pl\/blog\/","name":"Blog | Estyl.pl","description":"Kosmetyki do w\u0142os\u00f3w, porady, piel\u0119gnacja, stylizacja","potentialAction":[{"@type":"SearchAction","target":{"@type":"EntryPoint","urlTemplate":"https:\/\/estyl.pl\/blog\/?s={search_term_string}"},"query-input":"required name=search_term_string"}],"inLanguage":"pl-PL"},{"@type":"Person","@id":"https:\/\/estyl.pl\/blog\/#\/schema\/person\/debe1fb907542b5dc82bccc2029e474f","name":"Karolina","description":"Absolwentka kosmetologii i dietetyki na \u015al\u0105skiej Wy\u017cszej Szkole Medycznej w Katowicach. Ze sklepem Estyl.pl zwi\u0105zana od wielu lat. Wiedz\u0119 na temat produkt\u00f3w zebra\u0142a pracuj\u0105c w sklepie stacjonanym w Katowicach. Aktualnie pracuje jako copywriter, co daje jej du\u017co satysfakcji. Uwielbia testowa\u0107 nowe kosmetyki.","sameAs":["kdrogowskakwasnik"],"url":"https:\/\/estyl.pl\/blog\/author\/k-mistalsiekiera\/"}]}},"_links":{"self":[{"href":"https:\/\/estyl.pl\/blog\/wp-json\/wp\/v2\/posts\/33167"}],"collection":[{"href":"https:\/\/estyl.pl\/blog\/wp-json\/wp\/v2\/posts"}],"about":[{"href":"https:\/\/estyl.pl\/blog\/wp-json\/wp\/v2\/types\/post"}],"author":[{"embeddable":true,"href":"https:\/\/estyl.pl\/blog\/wp-json\/wp\/v2\/users\/23"}],"replies":[{"embeddable":true,"href":"https:\/\/estyl.pl\/blog\/wp-json\/wp\/v2\/comments?post=33167"}],"version-history":[{"count":17,"href":"https:\/\/estyl.pl\/blog\/wp-json\/wp\/v2\/posts\/33167\/revisions"}],"predecessor-version":[{"id":33212,"href":"https:\/\/estyl.pl\/blog\/wp-json\/wp\/v2\/posts\/33167\/revisions\/33212"}],"wp:featuredmedia":[{"embeddable":true,"href":"https:\/\/estyl.pl\/blog\/wp-json\/wp\/v2\/media\/33231"}],"wp:attachment":[{"href":"https:\/\/estyl.pl\/blog\/wp-json\/wp\/v2\/media?parent=33167"}],"wp:term":[{"taxonomy":"category","embeddable":true,"href":"https:\/\/estyl.pl\/blog\/wp-json\/wp\/v2\/categories?post=33167"},{"taxonomy":"post_tag","embeddable":true,"href":"https:\/\/estyl.pl\/blog\/wp-json\/wp\/v2\/tags?post=33167"}],"curies":[{"name":"wp","href":"https:\/\/api.w.org\/{rel}","templated":true}]}}