{"id":3406,"date":"2011-10-14T10:47:13","date_gmt":"2011-10-14T08:47:13","guid":{"rendered":"https:\/\/estyl.pl\/blog\/?p=3406"},"modified":"2019-06-18T11:52:36","modified_gmt":"2019-06-18T09:52:36","slug":"lakiery-do-paznokci-duri","status":"publish","type":"post","link":"https:\/\/estyl.pl\/blog\/lakiery-do-paznokci-duri\/","title":{"rendered":"Duri &#8211; intryguj\u0105ce lakiery do paznokci"},"content":{"rendered":"<h3><strong>Lakiery do paznokci Duri<\/strong> to kolekcja ponad 200 rodzaj\u00f3w najmodniejszych kolor\u00f3w na sezon jesienno-zimowy 2011\/2012. Ameryka\u0144ska firma Duri, istniej\u0105ca na rynku kosmetycznym do 1990 roku, <strong>nowe kolekcje modnych lakier\u00f3w<\/strong> dedykuje Paniom ceni\u0105cym sobie styl, niepowtarzaln\u0105 jako\u015b\u0107 i trwa\u0142o\u015b\u0107 wybranych kosmetyk\u00f3w. Unikalne receptury lakier\u00f3w Duri wyr\u00f3\u017cniono w presti\u017cowym konkursie Beauty Glam Award, gdzie <strong>produkt ten zosta\u0142 okrzykni\u0119ty lakierem roku 2008<\/strong>.<!--more--><\/h3>\n<p><a href=\"https:\/\/estyl.pl\/blog\/wp-content\/uploads\/2011\/10\/lakiery-do-paznokcie-duri.jpg\" rel=\"lightbox[3406]\"><img decoding=\"async\" loading=\"lazy\" class=\"aligncenter wp-image-24945 size-full\" title=\"lakiery do paznokci duri\" src=\"https:\/\/estyl.pl\/blog\/wp-content\/uploads\/2011\/10\/lakiery-do-paznokcie-duri.jpg\" alt=\"lakiery do paznokci duri\" width=\"755\" height=\"320\" srcset=\"https:\/\/estyl.pl\/blog\/wp-content\/uploads\/2011\/10\/lakiery-do-paznokcie-duri.jpg 755w, https:\/\/estyl.pl\/blog\/wp-content\/uploads\/2011\/10\/lakiery-do-paznokcie-duri-300x127.jpg 300w, https:\/\/estyl.pl\/blog\/wp-content\/uploads\/2011\/10\/lakiery-do-paznokcie-duri-580x245.jpg 580w, https:\/\/estyl.pl\/blog\/wp-content\/uploads\/2011\/10\/lakiery-do-paznokcie-duri-261x110.jpg 261w\" sizes=\"(max-width: 755px) 100vw, 755px\" \/><\/a><\/p>\n<p>&nbsp;<\/p>\n<p>&nbsp;<\/p>\n<p>Wtedy te\u017c lakiery do paznokci Duri zago\u015bci\u0142y na \u0142amach topowych ameryka\u0144skich magazyn\u00f3w mody, jak Cosmopolitan, Vogue, The Oprah Magazine, Shape, <strong>zdobi\u0105c cz\u0119sto ok\u0142adki tych pism i paznokcie najpopurniejszych kobiet show biznesu<\/strong> (Oprah, Salma Hayek, Jessica Biel, Christina Aguilera, Renee Zellweger). <strong>Marka Duri<\/strong> co roku oferuje nam palet\u0119 najbardziej trendowych kolor\u00f3w lakier\u00f3w, dopasowuj\u0105c je do aury za oknem, jaki i charakteru ka\u017cdej z nas. Poznaj pe\u0142ne \u017cycia i kobieco\u015bci kolekcje lakier\u00f3w do paznokci Duri na sezon jesie\u0144-zima 2011\/2012.<\/p>\n<p>Paznokcie Duri na <strong>jesie\u0144 2011<\/strong> s\u0105 kolorowe i soczyste, <strong>przypominaj\u0105c nam smak minionego lata i letnie, orze\u017awiaj\u0105ce\u00a0desery<\/strong>.\u00a0Patrz\u0105c na swoje kolorowe paznokcie masz czu\u0107 rado\u015b\u0107 i promienie s\u0142o\u0144ce na karku. Modne s\u0105 r\u00f3\u017ce prze\u0142amane czerwieni\u0105, korale i\u00a0nasycone\u00a0s\u0142o\u0144cem barwy cytrynowe.<\/p>\n<div class=\"minpic alignnone\"><img decoding=\"async\" loading=\"lazy\" class=\"alignnone size-thumbnail wp-image-3430\" title=\"Duri 283 to r\u00f3\u017c prze\u0142amany soczyst\u0105 czerwieni\u0105\" src=\"https:\/\/estyl.pl\/blog\/wp-content\/uploads\/2011\/10\/Duri_283-150x150.jpg\" alt=\"\" width=\"150\" height=\"150\" srcset=\"https:\/\/estyl.pl\/blog\/wp-content\/uploads\/2011\/10\/Duri_283-150x150.jpg 150w, https:\/\/estyl.pl\/blog\/wp-content\/uploads\/2011\/10\/Duri_283-300x300.jpg 300w, https:\/\/estyl.pl\/blog\/wp-content\/uploads\/2011\/10\/Duri_283-261x261.jpg 261w, https:\/\/estyl.pl\/blog\/wp-content\/uploads\/2011\/10\/Duri_283.jpg 450w\" sizes=\"(max-width: 150px) 100vw, 150px\" \/><a href=\"https:\/\/estyl.pl\/blog\/wp-content\/uploads\/2011\/10\/Duri_298.jpg\" rel=\"lightbox[3406]\"><img decoding=\"async\" loading=\"lazy\" class=\"alignnone wp-image-3431 size-thumbnail\" title=\"Duri 298 - odcie\u0144 koralowy z dodatkiem z\u0142otych drobinek\" src=\"https:\/\/estyl.pl\/blog\/wp-content\/uploads\/2011\/10\/Duri_298-150x150.jpg\" alt=\"\" width=\"150\" height=\"150\" srcset=\"https:\/\/estyl.pl\/blog\/wp-content\/uploads\/2011\/10\/Duri_298-150x150.jpg 150w, https:\/\/estyl.pl\/blog\/wp-content\/uploads\/2011\/10\/Duri_298.jpg 177w\" sizes=\"(max-width: 150px) 100vw, 150px\" \/><\/a><img decoding=\"async\" loading=\"lazy\" class=\"alignnone size-thumbnail wp-image-3432\" title=\"Duri 26 - brudny, owocowy r\u00f3\u017c\" src=\"https:\/\/estyl.pl\/blog\/wp-content\/uploads\/2011\/10\/Duri_26-150x150.jpg\" alt=\"\" width=\"150\" height=\"150\" srcset=\"https:\/\/estyl.pl\/blog\/wp-content\/uploads\/2011\/10\/Duri_26-150x150.jpg 150w, https:\/\/estyl.pl\/blog\/wp-content\/uploads\/2011\/10\/Duri_26-300x300.jpg 300w, https:\/\/estyl.pl\/blog\/wp-content\/uploads\/2011\/10\/Duri_26-261x261.jpg 261w, https:\/\/estyl.pl\/blog\/wp-content\/uploads\/2011\/10\/Duri_26.jpg 450w\" sizes=\"(max-width: 150px) 100vw, 150px\" \/><img decoding=\"async\" loading=\"lazy\" class=\"alignnone size-thumbnail wp-image-3433\" title=\"Duri 153 - to kolor pomara\u0144czowy w neonowym odcieniu\" src=\"https:\/\/estyl.pl\/blog\/wp-content\/uploads\/2011\/10\/Duri_153-150x150.jpg\" alt=\"\" width=\"150\" height=\"150\" srcset=\"https:\/\/estyl.pl\/blog\/wp-content\/uploads\/2011\/10\/Duri_153-150x150.jpg 150w, https:\/\/estyl.pl\/blog\/wp-content\/uploads\/2011\/10\/Duri_153-300x300.jpg 300w, https:\/\/estyl.pl\/blog\/wp-content\/uploads\/2011\/10\/Duri_153-261x261.jpg 261w, https:\/\/estyl.pl\/blog\/wp-content\/uploads\/2011\/10\/Duri_153.jpg 450w\" sizes=\"(max-width: 150px) 100vw, 150px\" \/><img decoding=\"async\" loading=\"lazy\" class=\"alignnone size-thumbnail wp-image-3434\" title=\"Duri 142 - lakier w kolorze sorbetu cytrynowego\" src=\"https:\/\/estyl.pl\/blog\/wp-content\/uploads\/2011\/10\/Duri_142-150x150.jpg\" alt=\"\" width=\"150\" height=\"150\" srcset=\"https:\/\/estyl.pl\/blog\/wp-content\/uploads\/2011\/10\/Duri_142-150x150.jpg 150w, https:\/\/estyl.pl\/blog\/wp-content\/uploads\/2011\/10\/Duri_142-300x300.jpg 300w, https:\/\/estyl.pl\/blog\/wp-content\/uploads\/2011\/10\/Duri_142-261x261.jpg 261w, https:\/\/estyl.pl\/blog\/wp-content\/uploads\/2011\/10\/Duri_142.jpg 450w\" sizes=\"(max-width: 150px) 100vw, 150px\" \/><a href=\"https:\/\/estyl.pl\/blog\/wp-content\/uploads\/2011\/10\/Duri_155.jpg\" rel=\"lightbox[3406]\"><img decoding=\"async\" loading=\"lazy\" class=\"alignnone wp-image-3435 size-thumbnail\" title=\"Duri 155 w kolorze intensywnego r\u00f3\u017cu\" src=\"https:\/\/estyl.pl\/blog\/wp-content\/uploads\/2011\/10\/Duri_155-150x150.jpg\" alt=\"\" width=\"150\" height=\"150\" srcset=\"https:\/\/estyl.pl\/blog\/wp-content\/uploads\/2011\/10\/Duri_155-150x150.jpg 150w, https:\/\/estyl.pl\/blog\/wp-content\/uploads\/2011\/10\/Duri_155-300x300.jpg 300w, https:\/\/estyl.pl\/blog\/wp-content\/uploads\/2011\/10\/Duri_155-261x261.jpg 261w, https:\/\/estyl.pl\/blog\/wp-content\/uploads\/2011\/10\/Duri_155.jpg 450w\" sizes=\"(max-width: 150px) 100vw, 150px\" \/><\/a><\/div>\n<p>R\u00f3wnie modne w sezonie jesiennym 2011\/2012 s\u0105 kolory paznokci stonowane, ale nie pozbawione charakteru. <strong>Kolory lakier\u00f3w Duri przywodz\u0105 na my\u015bl jesienne warzywa i owoce<\/strong>, jak bak\u0142a\u017can, bor\u00f3wki, \u015bliwki, a nawet las pe\u0142en grzyb\u00f3w. Zobacz lakiery Duri w\u00a0nasyconych\u00a0i zdecydowanych kolorach natury.<\/p>\n<div class=\"minpic\"><img decoding=\"async\" loading=\"lazy\" class=\"alignnone size-thumbnail wp-image-3440\" title=\"Duri 448 - kolor ciemnofioletowy\" src=\"https:\/\/estyl.pl\/blog\/wp-content\/uploads\/2011\/10\/Duri_448-150x150.jpg\" alt=\"\" width=\"150\" height=\"150\" srcset=\"https:\/\/estyl.pl\/blog\/wp-content\/uploads\/2011\/10\/Duri_448-150x150.jpg 150w, https:\/\/estyl.pl\/blog\/wp-content\/uploads\/2011\/10\/Duri_448-300x300.jpg 300w, https:\/\/estyl.pl\/blog\/wp-content\/uploads\/2011\/10\/Duri_448-261x261.jpg 261w, https:\/\/estyl.pl\/blog\/wp-content\/uploads\/2011\/10\/Duri_448.jpg 450w\" sizes=\"(max-width: 150px) 100vw, 150px\" \/><img decoding=\"async\" loading=\"lazy\" class=\"alignnone wp-image-3441 size-thumbnail\" title=\"Duri 472 w kolorze bak\u0142a\u017cana\" src=\"https:\/\/estyl.pl\/blog\/wp-content\/uploads\/2011\/10\/Duri_472-150x150.jpg\" alt=\"lakiery do paznokci duri\" width=\"150\" height=\"150\" srcset=\"https:\/\/estyl.pl\/blog\/wp-content\/uploads\/2011\/10\/Duri_472-150x150.jpg 150w, https:\/\/estyl.pl\/blog\/wp-content\/uploads\/2011\/10\/Duri_472-300x300.jpg 300w, https:\/\/estyl.pl\/blog\/wp-content\/uploads\/2011\/10\/Duri_472-261x261.jpg 261w, https:\/\/estyl.pl\/blog\/wp-content\/uploads\/2011\/10\/Duri_472.jpg 450w\" sizes=\"(max-width: 150px) 100vw, 150px\" \/><img decoding=\"async\" loading=\"lazy\" class=\"alignnone wp-image-3442 size-thumbnail\" title=\"Duri 471, czyli klasyczny \u015bliwkowy\" src=\"https:\/\/estyl.pl\/blog\/wp-content\/uploads\/2011\/10\/Duri_471-150x150.jpg\" alt=\"lakiery do paznokci duri\" width=\"150\" height=\"150\" srcset=\"https:\/\/estyl.pl\/blog\/wp-content\/uploads\/2011\/10\/Duri_471-150x150.jpg 150w, https:\/\/estyl.pl\/blog\/wp-content\/uploads\/2011\/10\/Duri_471-300x300.jpg 300w, https:\/\/estyl.pl\/blog\/wp-content\/uploads\/2011\/10\/Duri_471-261x261.jpg 261w, https:\/\/estyl.pl\/blog\/wp-content\/uploads\/2011\/10\/Duri_471.jpg 450w\" sizes=\"(max-width: 150px) 100vw, 150px\" \/><img decoding=\"async\" loading=\"lazy\" class=\"alignnone size-thumbnail wp-image-3443\" title=\"Duri 428 to czekoladowy br\u0105z mieni\u0105cy si\u0119 dojrza\u0142\u0105 \u015bliwk\u0105\" src=\"https:\/\/estyl.pl\/blog\/wp-content\/uploads\/2011\/10\/Duri_428-150x150.jpg\" alt=\"\" width=\"150\" height=\"150\" srcset=\"https:\/\/estyl.pl\/blog\/wp-content\/uploads\/2011\/10\/Duri_428-150x150.jpg 150w, https:\/\/estyl.pl\/blog\/wp-content\/uploads\/2011\/10\/Duri_428-300x300.jpg 300w, https:\/\/estyl.pl\/blog\/wp-content\/uploads\/2011\/10\/Duri_428-261x261.jpg 261w, https:\/\/estyl.pl\/blog\/wp-content\/uploads\/2011\/10\/Duri_428.jpg 450w\" sizes=\"(max-width: 150px) 100vw, 150px\" \/><img decoding=\"async\" loading=\"lazy\" class=\"alignnone wp-image-3444 size-thumbnail\" title=\"Duri 372 - odcie\u0144 \u015bredniego br\u0105zu\" src=\"https:\/\/estyl.pl\/blog\/wp-content\/uploads\/2011\/10\/Duri_372-150x150.jpg\" alt=\"lakiery do paznokcie duri\" width=\"150\" height=\"150\" srcset=\"https:\/\/estyl.pl\/blog\/wp-content\/uploads\/2011\/10\/Duri_372-150x150.jpg 150w, https:\/\/estyl.pl\/blog\/wp-content\/uploads\/2011\/10\/Duri_372-300x300.jpg 300w, https:\/\/estyl.pl\/blog\/wp-content\/uploads\/2011\/10\/Duri_372-261x261.jpg 261w, https:\/\/estyl.pl\/blog\/wp-content\/uploads\/2011\/10\/Duri_372.jpg 450w\" sizes=\"(max-width: 150px) 100vw, 150px\" \/><img decoding=\"async\" loading=\"lazy\" class=\"alignnone wp-image-3445 size-thumbnail\" title=\"Duri 174 - pi\u0119kny szafirowy odcie\u0144 \" src=\"https:\/\/estyl.pl\/blog\/wp-content\/uploads\/2011\/10\/Duri_174-150x150.jpg\" alt=\"lakiery do paznokcie duri\" width=\"150\" height=\"150\" srcset=\"https:\/\/estyl.pl\/blog\/wp-content\/uploads\/2011\/10\/Duri_174-150x150.jpg 150w, https:\/\/estyl.pl\/blog\/wp-content\/uploads\/2011\/10\/Duri_174-300x300.jpg 300w, https:\/\/estyl.pl\/blog\/wp-content\/uploads\/2011\/10\/Duri_174-261x261.jpg 261w, https:\/\/estyl.pl\/blog\/wp-content\/uploads\/2011\/10\/Duri_174.jpg 450w\" sizes=\"(max-width: 150px) 100vw, 150px\" \/><\/div>\n<p>Paznokcie na zim\u0119 2012 wed\u0142ug Duri s\u0105 ch\u0142odne, metaliczne i raczej jasne. Prym wiod\u0105 lakiery opalizuj\u0105ce, po\u0142yskuj\u0105ce i transparentne. Je\u015bli lubisz french manicure i <strong>zmro\u017cone odcienie pasteli<\/strong> z pewno\u015bci\u0105 b\u0119dziesz zachwycona. Kolory zimowych paznokci powinny by\u0107 zimne niczym aura za oknem.<\/p>\n<div class=\"minpic\"><img decoding=\"async\" loading=\"lazy\" class=\"alignnone size-thumbnail wp-image-3448\" title=\"Duri 365 - jasny fiolet\" src=\"https:\/\/estyl.pl\/blog\/wp-content\/uploads\/2011\/10\/Duri_365-150x150.jpg\" alt=\"\" width=\"150\" height=\"150\" srcset=\"https:\/\/estyl.pl\/blog\/wp-content\/uploads\/2011\/10\/Duri_365-150x150.jpg 150w, https:\/\/estyl.pl\/blog\/wp-content\/uploads\/2011\/10\/Duri_365-300x300.jpg 300w, https:\/\/estyl.pl\/blog\/wp-content\/uploads\/2011\/10\/Duri_365-261x261.jpg 261w, https:\/\/estyl.pl\/blog\/wp-content\/uploads\/2011\/10\/Duri_365.jpg 450w\" sizes=\"(max-width: 150px) 100vw, 150px\" \/><img decoding=\"async\" loading=\"lazy\" class=\"alignnone size-thumbnail wp-image-3449\" title=\"Duri 437 o barwie mlecznego r\u00f3\u017cu\" src=\"https:\/\/estyl.pl\/blog\/wp-content\/uploads\/2011\/10\/Duri_437-150x150.jpg\" alt=\"\" width=\"150\" height=\"150\" srcset=\"https:\/\/estyl.pl\/blog\/wp-content\/uploads\/2011\/10\/Duri_437-150x150.jpg 150w, https:\/\/estyl.pl\/blog\/wp-content\/uploads\/2011\/10\/Duri_437-300x300.jpg 300w, https:\/\/estyl.pl\/blog\/wp-content\/uploads\/2011\/10\/Duri_437-261x261.jpg 261w, https:\/\/estyl.pl\/blog\/wp-content\/uploads\/2011\/10\/Duri_437.jpg 450w\" sizes=\"(max-width: 150px) 100vw, 150px\" \/><img decoding=\"async\" loading=\"lazy\" class=\"alignnone size-thumbnail wp-image-3450\" title=\"Duri 513 - wygl\u0105da jak milion dolar\u00f3w\" src=\"https:\/\/estyl.pl\/blog\/wp-content\/uploads\/2011\/10\/Duri_513-150x150.jpg\" alt=\"\" width=\"150\" height=\"150\" srcset=\"https:\/\/estyl.pl\/blog\/wp-content\/uploads\/2011\/10\/Duri_513-150x150.jpg 150w, https:\/\/estyl.pl\/blog\/wp-content\/uploads\/2011\/10\/Duri_513-300x300.jpg 300w, https:\/\/estyl.pl\/blog\/wp-content\/uploads\/2011\/10\/Duri_513-261x261.jpg 261w, https:\/\/estyl.pl\/blog\/wp-content\/uploads\/2011\/10\/Duri_513.jpg 450w\" sizes=\"(max-width: 150px) 100vw, 150px\" \/><img decoding=\"async\" loading=\"lazy\" class=\"alignnone size-thumbnail wp-image-3451\" title=\"Dur 87 to mleczny kolor brzoskwiniowy\" src=\"https:\/\/estyl.pl\/blog\/wp-content\/uploads\/2011\/10\/Duri_87-150x150.jpg\" alt=\"\" width=\"150\" height=\"150\" srcset=\"https:\/\/estyl.pl\/blog\/wp-content\/uploads\/2011\/10\/Duri_87-150x150.jpg 150w, https:\/\/estyl.pl\/blog\/wp-content\/uploads\/2011\/10\/Duri_87-300x300.jpg 300w, https:\/\/estyl.pl\/blog\/wp-content\/uploads\/2011\/10\/Duri_87-261x261.jpg 261w, https:\/\/estyl.pl\/blog\/wp-content\/uploads\/2011\/10\/Duri_87.jpg 450w\" sizes=\"(max-width: 150px) 100vw, 150px\" \/><img decoding=\"async\" loading=\"lazy\" class=\"alignnone size-thumbnail wp-image-3452\" title=\"Duri 97 to opalizuj\u0105cy r\u00f3\u017c\" src=\"https:\/\/estyl.pl\/blog\/wp-content\/uploads\/2011\/10\/Duri_97-150x150.jpg\" alt=\"\" width=\"150\" height=\"150\" srcset=\"https:\/\/estyl.pl\/blog\/wp-content\/uploads\/2011\/10\/Duri_97-150x150.jpg 150w, https:\/\/estyl.pl\/blog\/wp-content\/uploads\/2011\/10\/Duri_97-300x300.jpg 300w, https:\/\/estyl.pl\/blog\/wp-content\/uploads\/2011\/10\/Duri_97-261x261.jpg 261w, https:\/\/estyl.pl\/blog\/wp-content\/uploads\/2011\/10\/Duri_97.jpg 450w\" sizes=\"(max-width: 150px) 100vw, 150px\" \/><img decoding=\"async\" loading=\"lazy\" class=\"alignnone size-thumbnail wp-image-3453\" title=\"Duri 506 - przepi\u0119kny jasny koral\" src=\"https:\/\/estyl.pl\/blog\/wp-content\/uploads\/2011\/10\/Duri_506-150x150.jpg\" alt=\"\" width=\"150\" height=\"150\" srcset=\"https:\/\/estyl.pl\/blog\/wp-content\/uploads\/2011\/10\/Duri_506-150x150.jpg 150w, https:\/\/estyl.pl\/blog\/wp-content\/uploads\/2011\/10\/Duri_506-300x300.jpg 300w, https:\/\/estyl.pl\/blog\/wp-content\/uploads\/2011\/10\/Duri_506-261x261.jpg 261w, https:\/\/estyl.pl\/blog\/wp-content\/uploads\/2011\/10\/Duri_506.jpg 450w\" sizes=\"(max-width: 150px) 100vw, 150px\" \/><\/div>\n<p>W bogatej kolekcji lakier\u00f3w do paznokci Duri ka\u017cda kobieta znajdzie co\u015b dla siebie, podkre\u015blaj\u0105c w ten spos\u00f3b sw\u0105 kobieco\u015b\u0107 i nastr\u00f3j. <strong>Sezon na intryguj\u0105ce paznokcie rozpocz\u0119ty<\/strong>. Czy jeste\u015b przygotowana?<\/p>\n","protected":false},"excerpt":{"rendered":"<p>Lakiery do paznokci Duri to kolekcja ponad 200 rodzaj\u00f3w najmodniejszych kolor\u00f3w na sezon jesienno-zimowy 2011\/2012. Ameryka\u0144ska firma Duri, istniej\u0105ca na rynku kosmetycznym do 1990 roku, nowe kolekcje modnych lakier\u00f3w dedykuje Paniom ceni\u0105cym sobie styl, niepowtarzaln\u0105 jako\u015b\u0107 i trwa\u0142o\u015b\u0107 wybranych kosmetyk\u00f3w. Unikalne receptury lakier\u00f3w Duri wyr\u00f3\u017cniono w presti\u017cowym konkursie Beauty Glam Award, gdzie produkt ten zosta\u0142 [&hellip;]<\/p>\n","protected":false},"author":1,"featured_media":24945,"comment_status":"open","ping_status":"closed","sticky":false,"template":"","format":"standard","meta":{"_eb_attr":""},"categories":[2092,3],"tags":[340,2125,2104],"acf":[],"yoast_head":"<!-- This site is optimized with the Yoast SEO plugin v20.8 - https:\/\/yoast.com\/wordpress\/plugins\/seo\/ -->\n<title>lakiery do paznokci duri - intryguj\u0105ce i kolorowe<\/title>\n<meta name=\"description\" content=\"Nowo\u015b\u0107- lakiery do paznokcie Duri. Marka Duri co roku oferuje nam palet\u0119 najbardziej trendowych kolor\u00f3w lakier\u00f3w, dopasowuj\u0105c je do charakteru ka\u017cdej z nas.\" \/>\n<meta name=\"robots\" content=\"index, follow, max-snippet:-1, max-image-preview:large, max-video-preview:-1\" \/>\n<link rel=\"canonical\" href=\"https:\/\/estyl.pl\/blog\/lakiery-do-paznokci-duri\/\" \/>\n<meta property=\"og:locale\" content=\"pl_PL\" \/>\n<meta property=\"og:type\" content=\"article\" \/>\n<meta property=\"og:title\" content=\"lakiery do paznokci duri - intryguj\u0105ce i kolorowe\" \/>\n<meta property=\"og:description\" content=\"Nowo\u015b\u0107- lakiery do paznokcie Duri. Marka Duri co roku oferuje nam palet\u0119 najbardziej trendowych kolor\u00f3w lakier\u00f3w, dopasowuj\u0105c je do charakteru ka\u017cdej z nas.\" \/>\n<meta property=\"og:url\" content=\"https:\/\/estyl.pl\/blog\/lakiery-do-paznokci-duri\/\" \/>\n<meta property=\"og:site_name\" content=\"Blog | Estyl.pl\" \/>\n<meta property=\"article:published_time\" content=\"2011-10-14T08:47:13+00:00\" \/>\n<meta property=\"article:modified_time\" content=\"2019-06-18T09:52:36+00:00\" \/>\n<meta property=\"og:image\" content=\"https:\/\/estyl.pl\/blog\/wp-content\/uploads\/2011\/10\/lakiery-do-paznokcie-duri.jpg\" \/>\n\t<meta property=\"og:image:width\" content=\"755\" \/>\n\t<meta property=\"og:image:height\" content=\"320\" \/>\n\t<meta property=\"og:image:type\" content=\"image\/jpeg\" \/>\n<meta name=\"author\" content=\"admin\" \/>\n<meta name=\"twitter:label1\" content=\"Napisane przez\" \/>\n\t<meta name=\"twitter:data1\" content=\"admin\" \/>\n\t<meta name=\"twitter:label2\" content=\"Szacowany czas czytania\" \/>\n\t<meta name=\"twitter:data2\" content=\"2 minuty\" \/>\n<script type=\"application\/ld+json\" class=\"yoast-schema-graph\">{\"@context\":\"https:\/\/schema.org\",\"@graph\":[{\"@type\":\"WebPage\",\"@id\":\"https:\/\/estyl.pl\/blog\/lakiery-do-paznokci-duri\/\",\"url\":\"https:\/\/estyl.pl\/blog\/lakiery-do-paznokci-duri\/\",\"name\":\"lakiery do paznokci duri - intryguj\u0105ce i kolorowe\",\"isPartOf\":{\"@id\":\"https:\/\/estyl.pl\/blog\/#website\"},\"datePublished\":\"2011-10-14T08:47:13+00:00\",\"dateModified\":\"2019-06-18T09:52:36+00:00\",\"author\":{\"@id\":\"https:\/\/estyl.pl\/blog\/#\/schema\/person\/22fff2064045ce23be580e18ca255220\"},\"description\":\"Nowo\u015b\u0107- lakiery do paznokcie Duri. Marka Duri co roku oferuje nam palet\u0119 najbardziej trendowych kolor\u00f3w lakier\u00f3w, dopasowuj\u0105c je do charakteru ka\u017cdej z nas.\",\"breadcrumb\":{\"@id\":\"https:\/\/estyl.pl\/blog\/lakiery-do-paznokci-duri\/#breadcrumb\"},\"inLanguage\":\"pl-PL\",\"potentialAction\":[{\"@type\":\"ReadAction\",\"target\":[\"https:\/\/estyl.pl\/blog\/lakiery-do-paznokci-duri\/\"]}]},{\"@type\":\"BreadcrumbList\",\"@id\":\"https:\/\/estyl.pl\/blog\/lakiery-do-paznokci-duri\/#breadcrumb\",\"itemListElement\":[{\"@type\":\"ListItem\",\"position\":1,\"name\":\"Makija\u017c\",\"item\":\"https:\/\/estyl.pl\/blog\/makijaz\/\"},{\"@type\":\"ListItem\",\"position\":2,\"name\":\"Duri &#8211; intryguj\u0105ce lakiery do paznokci\"}]},{\"@type\":\"WebSite\",\"@id\":\"https:\/\/estyl.pl\/blog\/#website\",\"url\":\"https:\/\/estyl.pl\/blog\/\",\"name\":\"Blog | Estyl.pl\",\"description\":\"Kosmetyki do w\u0142os\u00f3w, porady, piel\u0119gnacja, stylizacja\",\"potentialAction\":[{\"@type\":\"SearchAction\",\"target\":{\"@type\":\"EntryPoint\",\"urlTemplate\":\"https:\/\/estyl.pl\/blog\/?s={search_term_string}\"},\"query-input\":\"required name=search_term_string\"}],\"inLanguage\":\"pl-PL\"},{\"@type\":\"Person\",\"@id\":\"https:\/\/estyl.pl\/blog\/#\/schema\/person\/22fff2064045ce23be580e18ca255220\",\"name\":\"admin\",\"url\":\"https:\/\/estyl.pl\/blog\/author\/admin\/\"}]}<\/script>\n<!-- \/ Yoast SEO plugin. -->","yoast_head_json":{"title":"lakiery do paznokci duri - intryguj\u0105ce i kolorowe","description":"Nowo\u015b\u0107- lakiery do paznokcie Duri. Marka Duri co roku oferuje nam palet\u0119 najbardziej trendowych kolor\u00f3w lakier\u00f3w, dopasowuj\u0105c je do charakteru ka\u017cdej z nas.","robots":{"index":"index","follow":"follow","max-snippet":"max-snippet:-1","max-image-preview":"max-image-preview:large","max-video-preview":"max-video-preview:-1"},"canonical":"https:\/\/estyl.pl\/blog\/lakiery-do-paznokci-duri\/","og_locale":"pl_PL","og_type":"article","og_title":"lakiery do paznokci duri - intryguj\u0105ce i kolorowe","og_description":"Nowo\u015b\u0107- lakiery do paznokcie Duri. Marka Duri co roku oferuje nam palet\u0119 najbardziej trendowych kolor\u00f3w lakier\u00f3w, dopasowuj\u0105c je do charakteru ka\u017cdej z nas.","og_url":"https:\/\/estyl.pl\/blog\/lakiery-do-paznokci-duri\/","og_site_name":"Blog | Estyl.pl","article_published_time":"2011-10-14T08:47:13+00:00","article_modified_time":"2019-06-18T09:52:36+00:00","og_image":[{"width":755,"height":320,"url":"https:\/\/estyl.pl\/blog\/wp-content\/uploads\/2011\/10\/lakiery-do-paznokcie-duri.jpg","type":"image\/jpeg"}],"author":"admin","twitter_misc":{"Napisane przez":"admin","Szacowany czas czytania":"2 minuty"},"schema":{"@context":"https:\/\/schema.org","@graph":[{"@type":"WebPage","@id":"https:\/\/estyl.pl\/blog\/lakiery-do-paznokci-duri\/","url":"https:\/\/estyl.pl\/blog\/lakiery-do-paznokci-duri\/","name":"lakiery do paznokci duri - intryguj\u0105ce i kolorowe","isPartOf":{"@id":"https:\/\/estyl.pl\/blog\/#website"},"datePublished":"2011-10-14T08:47:13+00:00","dateModified":"2019-06-18T09:52:36+00:00","author":{"@id":"https:\/\/estyl.pl\/blog\/#\/schema\/person\/22fff2064045ce23be580e18ca255220"},"description":"Nowo\u015b\u0107- lakiery do paznokcie Duri. Marka Duri co roku oferuje nam palet\u0119 najbardziej trendowych kolor\u00f3w lakier\u00f3w, dopasowuj\u0105c je do charakteru ka\u017cdej z nas.","breadcrumb":{"@id":"https:\/\/estyl.pl\/blog\/lakiery-do-paznokci-duri\/#breadcrumb"},"inLanguage":"pl-PL","potentialAction":[{"@type":"ReadAction","target":["https:\/\/estyl.pl\/blog\/lakiery-do-paznokci-duri\/"]}]},{"@type":"BreadcrumbList","@id":"https:\/\/estyl.pl\/blog\/lakiery-do-paznokci-duri\/#breadcrumb","itemListElement":[{"@type":"ListItem","position":1,"name":"Makija\u017c","item":"https:\/\/estyl.pl\/blog\/makijaz\/"},{"@type":"ListItem","position":2,"name":"Duri &#8211; intryguj\u0105ce lakiery do paznokci"}]},{"@type":"WebSite","@id":"https:\/\/estyl.pl\/blog\/#website","url":"https:\/\/estyl.pl\/blog\/","name":"Blog | Estyl.pl","description":"Kosmetyki do w\u0142os\u00f3w, porady, piel\u0119gnacja, stylizacja","potentialAction":[{"@type":"SearchAction","target":{"@type":"EntryPoint","urlTemplate":"https:\/\/estyl.pl\/blog\/?s={search_term_string}"},"query-input":"required name=search_term_string"}],"inLanguage":"pl-PL"},{"@type":"Person","@id":"https:\/\/estyl.pl\/blog\/#\/schema\/person\/22fff2064045ce23be580e18ca255220","name":"admin","url":"https:\/\/estyl.pl\/blog\/author\/admin\/"}]}},"_links":{"self":[{"href":"https:\/\/estyl.pl\/blog\/wp-json\/wp\/v2\/posts\/3406"}],"collection":[{"href":"https:\/\/estyl.pl\/blog\/wp-json\/wp\/v2\/posts"}],"about":[{"href":"https:\/\/estyl.pl\/blog\/wp-json\/wp\/v2\/types\/post"}],"author":[{"embeddable":true,"href":"https:\/\/estyl.pl\/blog\/wp-json\/wp\/v2\/users\/1"}],"replies":[{"embeddable":true,"href":"https:\/\/estyl.pl\/blog\/wp-json\/wp\/v2\/comments?post=3406"}],"version-history":[{"count":92,"href":"https:\/\/estyl.pl\/blog\/wp-json\/wp\/v2\/posts\/3406\/revisions"}],"predecessor-version":[{"id":33671,"href":"https:\/\/estyl.pl\/blog\/wp-json\/wp\/v2\/posts\/3406\/revisions\/33671"}],"wp:featuredmedia":[{"embeddable":true,"href":"https:\/\/estyl.pl\/blog\/wp-json\/wp\/v2\/media\/24945"}],"wp:attachment":[{"href":"https:\/\/estyl.pl\/blog\/wp-json\/wp\/v2\/media?parent=3406"}],"wp:term":[{"taxonomy":"category","embeddable":true,"href":"https:\/\/estyl.pl\/blog\/wp-json\/wp\/v2\/categories?post=3406"},{"taxonomy":"post_tag","embeddable":true,"href":"https:\/\/estyl.pl\/blog\/wp-json\/wp\/v2\/tags?post=3406"}],"curies":[{"name":"wp","href":"https:\/\/api.w.org\/{rel}","templated":true}]}}