{"id":34316,"date":"2019-08-13T08:00:26","date_gmt":"2019-08-13T06:00:26","guid":{"rendered":"https:\/\/estyl.pl\/blog\/?p=34316"},"modified":"2019-12-16T11:21:54","modified_gmt":"2019-12-16T09:21:54","slug":"alfaparf-opinie-i-przeglad-marki","status":"publish","type":"post","link":"https:\/\/estyl.pl\/blog\/alfaparf-opinie-i-przeglad-marki\/","title":{"rendered":"Alfaparf opinie klient\u00f3w i przegl\u0105d marki"},"content":{"rendered":"<p><span style=\"font-weight: 400;\">W\u0142ochy to miejsce, w kt\u00f3rym ka\u017cdy z nas znajdzie cz\u0105stk\u0119 siebie. W\u0142oski klimat, jedzenie, styl \u017cycia &#8211; to wszystko jest ponadczasowe. Pi\u0119kno z Italii jest w zasi\u0119gu Twojej r\u0119ki. Wystarczy po nie si\u0119gn\u0105\u0107! Dzisiaj spr\u00f3bujemy przybli\u017cy\u0107 Ci kosmetyki w\u0142oskiej marki Alfaparf Milano. Aby jednak to zrobi\u0107, nie przedstawi\u0119 Ci tylko produkt\u00f3w i linii tej\u017ce marki, lecz r\u00f3wnie\u017c subiektywne opinie naszych klientek. Mam nadziej\u0119, \u017ce po przeczytaniu o marce Alfaparf opinie wyci\u0105gniesz sam\/a.\u00a0<\/span><!--more--><\/p>\n<p><a href=\"https:\/\/estyl.pl\/blog\/wp-content\/uploads\/2019\/08\/alfaparf.jpg\" target=\"_blank\" rel=\"lightbox[34316]\"><img decoding=\"async\" loading=\"lazy\" class=\"aligncenter wp-image-34321 size-full\" title=\"alfaparf\" src=\"https:\/\/estyl.pl\/blog\/wp-content\/uploads\/2019\/08\/alfaparf.jpg\" alt=\"alfaparf\" width=\"600\" height=\"296\" srcset=\"https:\/\/estyl.pl\/blog\/wp-content\/uploads\/2019\/08\/alfaparf.jpg 600w, https:\/\/estyl.pl\/blog\/wp-content\/uploads\/2019\/08\/alfaparf-300x148.jpg 300w, https:\/\/estyl.pl\/blog\/wp-content\/uploads\/2019\/08\/alfaparf-580x286.jpg 580w, https:\/\/estyl.pl\/blog\/wp-content\/uploads\/2019\/08\/alfaparf-261x129.jpg 261w\" sizes=\"(max-width: 600px) 100vw, 600px\" \/><\/a><\/p>\n<p style=\"text-align: center;\"><span style=\"color: #999999;\">\u0179r\u00f3d\u0142o: salonservicegroup.com<\/span><\/p>\n<h2><strong>Pi\u0119kno z W\u0142och &#8211; marka Alfaparf<\/strong><\/h2>\n<p><strong>Je\u015bli tworzysz co\u015b z wielk\u0105 pasj\u0105, nie ma szans, \u017ce to si\u0119 nie uda!<\/strong>\u00a0Marka <a href=\"https:\/\/estyl.pl\/marka\/alfaparf\" target=\"_blank\">Alfaparf <\/a>od ponad 40 lat jest numerem #1 je\u015bli chodzi o w\u0142osk\u0105 mark\u0119 w bran\u017cy fryzjerskiej na ca\u0142ym \u015bwiecie. Wszystkie kosmetyki s\u0105 tak produkowane, aby spe\u0142nia\u0107 oczekiwania klient\u00f3w. <em>Efekt zaskoczenia, doskona\u0142o\u015b\u0107 i pozytywne emocje &#8211; to w\u0142a\u015bnie marka chce wzbudzi\u0107 w swoich klientach.<\/em> Dlatego te\u017c wszystkie produkty, formu\u0142y i surowce s\u0105 tworzone w\u0142asnor\u0119cznie, testowane i ulepszane, aby wszystko, co zostanie wypuszczone pod szyldem Alfaparf, by\u0142o perfekcyjne. Nie ma si\u0119 wi\u0119c co dziwi\u0107, \u017ce marka Alfaparf opinie ma pozytywne. A jakie zdanie maj\u0105 klientki naszego sklepu? Przekonajmy si\u0119 sami!<\/p>\n<h2><strong>Alfaparf &#8211; opinie naszych klientek<\/strong><\/h2>\n<h3><strong>Zachowaj form\u0119 z Keratin Therapy Lisse Design<\/strong><\/h3>\n<p><span style=\"font-weight: 400;\"><a href=\"https:\/\/estyl.pl\/marka\/alfaparf\/keratin-therapy\" target=\"_blank\">Progresywne prostowanie w\u0142os\u00f3w<\/a> z keratyn\u0105 to linia sztandarowa marki Alfaparf.<strong> Produkty oparte na bazie keratyny s\u0105 w 100% bezpieczne, wszechstronne i skuteczne, a sam efekt zabiegu utrzymuje si\u0119 do 3 miesi\u0119cy<\/strong>. Czy\u017c to nie cudowne &#8211; pi\u0119kne, zdrowe i g\u0142adkie <a href=\"https:\/\/estyl.pl\/wlosy\" data-internallinksmanager029f6b8e52c=\"2\" title=\"w\u0142osy\">w\u0142osy<\/a> przez tak d\u0142ugi czas? <strong>Wszystkie produkty tej serii nie posiadaj\u0105 w swoim sk\u0142adzie formaldehydu, a wi\u0119c spokojnie mog\u0105 je stosowa\u0107 wszystkie osoby, bez wzgl\u0119du na rodzaj w\u0142os\u00f3w.<\/strong> Linia ta zawiera produkty potrzebne do wykonania zabiegu keratynowego prostowania w\u0142os\u00f3w, kt\u00f3ry mo\u017cna wykona\u0107 zar\u00f3wno w salonie, jak i w domowym zaciszu. Dodatkowo\u00a0seria oferuje r\u00f3wnie\u017c produkty PO keratynowym prostowaniu w\u0142os\u00f3w. Szampon nie zawiera siarczan\u00f3w, soli i paraben\u00f3w, a od\u017cywka doskonale piel\u0119gnuje pasma dzi\u0119ki zawarto\u015bci keratyny i kolagenu. A co nasze klientki s\u0105dz\u0105 o tych produktach?\u00a0<\/span><\/p>\n<p><a href=\"https:\/\/estyl.pl\/blog\/wp-content\/uploads\/2019\/08\/alfaparf_keratintherapy.jpg\" target=\"_blank\" rel=\"lightbox[34316]\"><img decoding=\"async\" loading=\"lazy\" class=\"aligncenter wp-image-34317 size-full\" title=\"Alfaparf keratin therapy zestaw do keratynowego prostowania w\u0142os\u00f3w\" src=\"https:\/\/estyl.pl\/blog\/wp-content\/uploads\/2019\/08\/alfaparf_keratintherapy.jpg\" alt=\"Alfaparf keratin therapy zestaw do keratynowego prostowania w\u0142os\u00f3w\" width=\"600\" height=\"362\" srcset=\"https:\/\/estyl.pl\/blog\/wp-content\/uploads\/2019\/08\/alfaparf_keratintherapy.jpg 600w, https:\/\/estyl.pl\/blog\/wp-content\/uploads\/2019\/08\/alfaparf_keratintherapy-300x181.jpg 300w, https:\/\/estyl.pl\/blog\/wp-content\/uploads\/2019\/08\/alfaparf_keratintherapy-580x350.jpg 580w, https:\/\/estyl.pl\/blog\/wp-content\/uploads\/2019\/08\/alfaparf_keratintherapy-261x157.jpg 261w\" sizes=\"(max-width: 600px) 100vw, 600px\" \/><\/a><\/p>\n<p style=\"text-align: center;\"><span style=\"color: #999999;\">\u0179r\u00f3d\u0142o:\u00a0styloprofesional.com<\/span><\/p>\n<p><span style=\"text-decoration: underline;\"><span style=\"font-weight: 400;\">Alfaparf opinie naszych klientek o Keratin Therapy &#8211; zestaw do keratynowego prostowania w\u0142os\u00f3w:<\/span><\/span><\/p>\n<p style=\"text-align: left;\"><b>SYLWIA<\/b><b><i> &#8211; \u201c<\/i><\/b><i><span style=\"font-weight: 400;\">\u0142atwa aplikacja, efekt do 3 miesi\u0119cy, bardzo \u0142adnie pachnie, polecam!\u201d<\/span><\/i><\/p>\n<p style=\"text-align: left;\"><b>Inga &#8211; <\/b><b><i>\u201c<\/i><\/b><i><span style=\"font-weight: 400;\">\u0141atwa aplikacja i zadowalaj\u0105cy efekt.\u201d<\/span><\/i><\/p>\n<p><span style=\"text-decoration: underline;\"><span style=\"font-weight: 400;\">A\u00a0co nasze klientki my\u015bl\u0105 o\u00a0pozosta\u0142ych produktach Alfaparf opinie:<\/span><\/span><\/p>\n<p style=\"text-align: left;\"><b>Kamila <\/b><b><i>&#8211; \u201c<\/i><\/b><i><span style=\"font-weight: 400;\">Najlepszy zestaw po keratynowym prostowaniu w\u0142os\u00f3w. Polecam.\u201d<\/span><\/i><\/p>\n<p style=\"text-align: left;\"><b>Olga<\/b> <i><span style=\"font-weight: 400;\">&#8211; \u201cPolecam, mam mega puszyste w\u0142osy. Robi\u0119 raz do roku keratynowe\u00a0prostowanie i ca\u0142y czas stosuj\u0119 ten zestaw. Dzia\u0142a rewelacyjnie.\u201d<\/span><\/i><\/p>\n<p style=\"text-align: left;\"><b>Ola &#8211;<\/b><i><span style=\"font-weight: 400;\"> \u201c Polecam, utrzymuje efekt du\u017co d\u0142u\u017cej!\u201d<\/span><\/i><\/p>\n<h3><strong>Nab\u0142yszczenie z Alfaparf Semi Di Lino<\/strong><\/h3>\n<p><strong>Kosmetyki, kt\u00f3re nie tylko nadaj\u0105 w\u0142osom nieziemski po\u0142ysk bez efektu obci\u0105\u017cenia, lecz r\u00f3wnie\u017c doskonale piel\u0119gnuj\u0105 ka\u017cdy rodzaj w\u0142os\u00f3w.<\/strong> Seria Alfaparf <a href=\"https:\/\/estyl.pl\/marka\/alfaparf\/semi-di-lino\" target=\"_blank\">Semi Di Lino<\/a> zapewnia kosmykom zaawansowan\u0105 ochron\u0119 oraz zabezpiecza je przed negatywnymi skutkami p\u0142yn\u0105cymi z zanieczyszcze\u0144 powietrza. To w\u0142a\u015bnie za ich po\u015brednictwem w\u0142osy staj\u0105 si\u0119 matowe, szorstkie, \u0142amliwe. Brand Alfaparf Semi Di Lino zawiera kilka linii, kt\u00f3re s\u0105 przeznaczone do piel\u0119gnacji w\u0142os\u00f3w wedle Twoich potrzeb.<\/p>\n<p><a href=\"https:\/\/estyl.pl\/blog\/wp-content\/uploads\/2019\/08\/alfaparf_semidilino.jpg\" target=\"_blank\" rel=\"lightbox[34316]\"><img decoding=\"async\" loading=\"lazy\" class=\"aligncenter wp-image-34318 size-full\" title=\"Alfaparf Semi Di Lino kosmetyki do piel\u0119gnacji w\u0142os\u00f3w\" src=\"https:\/\/estyl.pl\/blog\/wp-content\/uploads\/2019\/08\/alfaparf_semidilino.jpg\" alt=\"Alfaparf Semi Di Lino kosmetyki do piel\u0119gnacji w\u0142os\u00f3w\" width=\"600\" height=\"356\" srcset=\"https:\/\/estyl.pl\/blog\/wp-content\/uploads\/2019\/08\/alfaparf_semidilino.jpg 600w, https:\/\/estyl.pl\/blog\/wp-content\/uploads\/2019\/08\/alfaparf_semidilino-300x178.jpg 300w, https:\/\/estyl.pl\/blog\/wp-content\/uploads\/2019\/08\/alfaparf_semidilino-580x344.jpg 580w, https:\/\/estyl.pl\/blog\/wp-content\/uploads\/2019\/08\/alfaparf_semidilino-261x155.jpg 261w\" sizes=\"(max-width: 600px) 100vw, 600px\" \/><\/a><\/p>\n<p style=\"text-align: center;\"><span style=\"color: #999999;\">\u0179r\u00f3d\u0142o:\u00a0facebook.com\/pg\/AlfaparfMilanoPolska<\/span><\/p>\n<p style=\"text-align: justify;\"><b><br \/>\nSUBLIME<\/b><span style=\"font-weight: 400;\"> to kosmetyki przeznaczone do piel\u0119gnacji ka\u017cdego rodzaju w\u0142os\u00f3w. Zapewniaj\u0105 im oczyszczenie, zdrowy i pe\u0142en blasku wygl\u0105d. Dzi\u0119ki formule Urban Defence Pro zabezpieczaj\u0105 uczesanie przed zanieczyszczeniami. Dodatkowo produkty te zapewniaj\u0105 ochron\u0119 UVA oraz UVB i ochron\u0119 koloru.<\/span><\/p>\n<p><img decoding=\"async\" loading=\"lazy\" class=\"alignnone wp-image-34322 alignleft\" title=\"Alfaparf sublime\" src=\"https:\/\/estyl.pl\/blog\/wp-content\/uploads\/2019\/08\/alfaparf_sublime-300x260.jpg\" alt=\"alfaparf_sublime\" width=\"150\" height=\"130\" srcset=\"https:\/\/estyl.pl\/blog\/wp-content\/uploads\/2019\/08\/alfaparf_sublime-300x260.jpg 300w, https:\/\/estyl.pl\/blog\/wp-content\/uploads\/2019\/08\/alfaparf_sublime-261x226.jpg 261w, https:\/\/estyl.pl\/blog\/wp-content\/uploads\/2019\/08\/alfaparf_sublime.jpg 346w\" sizes=\"(max-width: 150px) 100vw, 150px\" \/><\/p>\n<p><span style=\"font-weight: 400;\">\u00a0<span style=\"text-decoration: underline;\"><span style=\"font-weight: 400;\">Alfaparf opinie o <\/span><a href=\"https:\/\/estyl.pl\/alfaparf-semi-di-lino-diamante-cristalli-liquidi-plyn-nablyszcajacy-50-ml-1\"><span style=\"font-weight: 400;\">p\u0142ynnych kryszta\u0142kach<\/span><\/a><span style=\"font-weight: 400;\">:<\/span><\/span><\/span><\/p>\n<p style=\"text-align: left;\"><b>Ma\u0142gorzata<\/b> <i><span style=\"font-weight: 400;\">&#8211; \u201cPrzepi\u0119knie\u00a0pachnie! Mega wydajny, wystarcza dos\u0142ownie\u00a02 kropelki na cale p\u00f3\u0142d\u0142ugie\u00a0w\u0142osy. Efekt natychmiastowy. Likwiduje puszenie si\u0119\u00a0ko\u0144c\u00f3wek, nab\u0142yszcza, nawil\u017ca, od\u017cywia. Sprawdza si\u0119\u00a0nie tylko na grubych w\u0142osach\u00a0ale tak\u017ce\u00a0na tych cienkich jak moje (tylko wtedy nak\u0142adam\u00a0go na same ko\u0144c\u00f3wki\u00a0bo m\u00f3g\u0142by\u00a0niepotrzebnie przet\u0142uszcza\u0107\u00a0i obci\u0105\u017ca\u0107\u00a0moje w\u0142osy).\u201d<\/span><\/i><\/p>\n<p style=\"text-align: left;\"><span style=\"text-decoration: underline;\"><span style=\"font-weight: 400;\">Alfaparf opinie o <\/span><a href=\"https:\/\/estyl.pl\/alfaparf-semi-di-lino-diamante-illuminating-essential-oil-olejek-regenerujacy-13-ml\"><span style=\"font-weight: 400;\">kuracji regeneruj\u0105cej w olejku Essential Oil<\/span><\/a><span style=\"font-weight: 400;\">:<\/span><\/span><\/p>\n<p style=\"text-align: left;\"><b>Karolina<\/b><span style=\"font-weight: 400;\"> &#8211; \u201c<\/span><i><span style=\"font-weight: 400;\">M\u00f3j ulubiony <a href=\"https:\/\/estyl.pl\/davines-oi-oil-olejek-do-wlosow-50ml\" data-internallinksmanager029f6b8e52c=\"9\" title=\"Davines Oi Oi olejek do w\u0142os\u00f3w\" target=\"_blank\" rel=\"noopener\">olejek<\/a>. W ko\u0144cu moje w\u0142osy si\u0119 tak nie rozdwajaj\u0105!\u201d<\/span><\/i><\/p>\n<p style=\"text-align: left;\"><b>Maria<\/b><span style=\"font-weight: 400;\"> &#8211; <\/span><i><span style=\"font-weight: 400;\">\u201cJest super jestem zachwycona. W\u0142osy b\u0142yszcz\u0105ce, nabra\u0142y koloru, nie pusz\u0105 si\u0119 i nie rozdwajaj\u0105.\u201d<\/span><\/i><\/p>\n<p style=\"text-align: left;\"><b>DIAMOND<\/b><span style=\"font-weight: 400;\"> &#8211; linia przeznaczona do w\u0142os\u00f3w normalnych, a wi\u0119c takich, kt\u00f3re nie wymagaj\u0105 szczeg\u00f3lnej regeneracji czy wzmocnienia. Jej dzia\u0142anie to g\u0142\u00f3wnie przywr\u00f3cenie energii w\u0142osom, ochrona oraz wydobycie naturalnego blasku. Kosmetyki linii Alfaparf Semi Di Lino Diamond posiadaj\u0105 w sk\u0142adzie kompleks multiwitaminowy, dzi\u0119ki kt\u00f3remu w\u0142osy otrzymuj\u0105 mocny zastrzyk antyoksydacyjnej energii.\u00a0<\/span><\/p>\n<p>\u00a0<img decoding=\"async\" loading=\"lazy\" class=\"alignnone wp-image-34323 alignleft\" title=\"semi di lino diamond set\" src=\"https:\/\/estyl.pl\/blog\/wp-content\/uploads\/2019\/08\/semi-di-lino-diamond-set-300x300.jpg\" alt=\"semi di lino diamond set\" width=\"150\" height=\"150\" srcset=\"https:\/\/estyl.pl\/blog\/wp-content\/uploads\/2019\/08\/semi-di-lino-diamond-set.jpg 300w, https:\/\/estyl.pl\/blog\/wp-content\/uploads\/2019\/08\/semi-di-lino-diamond-set-261x261.jpg 261w\" sizes=\"(max-width: 150px) 100vw, 150px\" \/><\/p>\n<p><span style=\"text-decoration: underline;\">Alfaparf opinie o <a title=\"Alfaparf semi di lino diamonds odzywka do w\u0142os\u00f3w\" href=\"https:\/\/estyl.pl\/semi-di-lino-diamond-illuminating-rozswietlajaca-odzywka-200ml\" target=\"_blank\">od\u017cywce do w\u0142os\u00f3w<\/a>:<\/span><\/p>\n<p style=\"text-align: left;\"><b>Izabela &#8211; <\/b><b><i>\u201c<\/i><\/b><i><span style=\"font-weight: 400;\">Od\u017cywka doskonale od\u017cywia w\u0142osy. Rewelacyjnie si\u0119 rozczesuj\u0105, bez efektu obci\u0105\u017cenia. W\u0142osy nabra\u0142y blasku, nie s\u0105 matowe jak dawniej. Polecam\u201d<\/span><\/i><\/p>\n<p>&nbsp;<\/p>\n<p><b>MOISTURE<\/b><span style=\"font-weight: 400;\"> to kosmetyki, kt\u00f3re zapewniaj\u0105 w\u0142osom suchym i odwodnionym maksymalne nawil\u017cenie. Przesuszone w\u0142osy z regu\u0142y s\u0105 pusz\u0105ce si\u0119 i nie chc\u0105 si\u0119 uk\u0142ada\u0107. Dzi\u0119ki zastosowaniu kosmetyk\u00f3w tej linii kosmyki zostan\u0105 nie tylko nawil\u017cone i od\u017cywione, ale r\u00f3wnie\u017c wyg\u0142adzone. Zyskujemy zatem pi\u0119kne w\u0142osy, kt\u00f3re s\u0105 mi\u0119kkie i g\u0142adkie. <\/span><\/p>\n<p><img decoding=\"async\" loading=\"lazy\" class=\"alignnone wp-image-34324 alignleft\" title=\"Alfaparf Semi di lino moisture seria nawil\u017caj\u0105ca\" src=\"https:\/\/estyl.pl\/blog\/wp-content\/uploads\/2019\/08\/moisture-300x300.jpg\" alt=\"Alfaparf Semi di lino moisture seria nawil\u017caj\u0105ca\" width=\"150\" height=\"150\" srcset=\"https:\/\/estyl.pl\/blog\/wp-content\/uploads\/2019\/08\/moisture.jpg 300w, https:\/\/estyl.pl\/blog\/wp-content\/uploads\/2019\/08\/moisture-261x261.jpg 261w\" sizes=\"(max-width: 150px) 100vw, 150px\" \/><\/p>\n<p><span style=\"text-decoration: underline;\">A co nasze klientki s\u0105dz\u0105 o tej linii?<\/span><\/p>\n<p style=\"text-align: left;\"><b>Sonia<\/b><span style=\"font-weight: 400;\"> &#8211; <\/span><i><span style=\"font-weight: 400;\">\u201cMam w\u0142osy lekko kr\u0119cone, pusz\u0105ce si\u0119. Po zastosowaniu szamponu s\u0105 nawil\u017cone. Dobrze si\u0119 rozczesuj\u0105 i uk\u0142adaj\u0105. W\u0142osy s\u0105 bardziej wyg\u0142adzone. \u201c<\/span><\/i><\/p>\n<p>&nbsp;<\/p>\n<p>&nbsp;<\/p>\n<p><strong>RECONSTRUCTION<\/strong> <span style=\"font-weight: 400;\">przeznaczona jest do w\u0142os\u00f3w zniszczonych, kt\u00f3re potrzebuj\u0105 wzmocnienia. Dzie\u0144 po dniu pukle staj\u0105 si\u0119 zregenerowane, a przez to mocne. Zawarty\u00a0w produktach Alfaparf Semi Di Lino Recontruction mi\u0105\u017csz z bambusa zapewnia silne dzia\u0142anie regeneracyjne.<\/span><\/p>\n<p><span style=\"text-decoration: underline;\">Alfapa<img decoding=\"async\" loading=\"lazy\" class=\"alignnone wp-image-34325 alignleft\" title=\"alfaparf semi di lino reconstruction seria regeneruj\u0105ca\" src=\"https:\/\/estyl.pl\/blog\/wp-content\/uploads\/2019\/08\/alfaparf_reconstruction-300x254.jpg\" alt=\"alfaparf semi di lino reconstruction seria regeneruj\u0105ca\" width=\"177\" height=\"150\" srcset=\"https:\/\/estyl.pl\/blog\/wp-content\/uploads\/2019\/08\/alfaparf_reconstruction.jpg 300w, https:\/\/estyl.pl\/blog\/wp-content\/uploads\/2019\/08\/alfaparf_reconstruction-261x221.jpg 261w\" sizes=\"(max-width: 177px) 100vw, 177px\" \/>rf opinie o serii Reconstruction:<\/span><\/p>\n<p style=\"text-align: left;\"><b>Aleksandra<\/b><span style=\"font-weight: 400;\"> &#8211;<\/span><i><span style=\"font-weight: 400;\"> \u201cNajlepsza maska!\u201d<\/span><\/i><\/p>\n<p style=\"text-align: left;\"><b>Karolina<\/b><span style=\"font-weight: 400;\"> &#8211; <\/span><i><span style=\"font-weight: 400;\">\u201cSzampon jak i maska z tej serii super regeneruj\u0105 w\u0142osy. Wcze\u015bniej suche, zniszczone i \u0142amliwe na ko\u0144cach zyska\u0142y lepszy wygl\u0105d. Po pierwszym zastosowaniu czu\u0107 r\u00f3\u017cnic\u0119 w \u0142atwiejszym rozczesywaniu w\u0142os\u00f3w i ich dotyku. Po czasie wida\u0107, \u017ce w\u0142osy zosta\u0142y zregenerowane. Super wygl\u0105daj\u0105!\u201d<\/span><\/i><\/p>\n<p><strong><strong>\u00a0<\/strong><\/strong><\/p>\n<h3><strong>Perfekcyjny kolor z Evolution of the Color<\/strong><\/h3>\n<p><span style=\"font-weight: 400;\"><a href=\"https:\/\/estyl.pl\/marka\/alfaparf\/evolution-of-the-color\" target=\"_blank\">Trwa\u0142a koloryzacja<\/a> zapewniaj\u0105ca 110 odcieni, kt\u00f3re gwarantuj\u0105 trwa\u0142o\u015b\u0107 i pi\u0119kny kolor pe\u0142en blasku. Farby, dzi\u0119ki kt\u00f3rym otrzymamy wymarzony odcie\u0144, ale r\u00f3wnie\u017c zdrowy wygl\u0105d pasm. Produkty do koloryzacji w\u0142os\u00f3w <strong>Alfaparf Evolution of the Color<\/strong> zawieraj\u0105 kwas hialuronowy i niskie st\u0119\u017cenie amoniaku (max. 1%). S\u0105 one bezpieczne dla sk\u00f3ry g\u0142owy jak i w\u0142os\u00f3w, poniewa\u017c zawieraj\u0105 delikatn\u0105 formu\u0142\u0119\u00a0pozbawion\u0105 uczulaj\u0105cego \u015brodka PPD.<\/span><\/p>\n<p><a href=\"https:\/\/estyl.pl\/blog\/wp-content\/uploads\/2019\/08\/alfaparf_evolution_of_the_colour.jpg\" target=\"_blank\" rel=\"lightbox[34316]\"><img decoding=\"async\" loading=\"lazy\" class=\"aligncenter wp-image-34333 size-full\" title=\"alfaparf_evolution_of_the_colour\" src=\"https:\/\/estyl.pl\/blog\/wp-content\/uploads\/2019\/08\/alfaparf_evolution_of_the_colour.jpg\" alt=\"alfaparf_evolution_of_the_colour\" width=\"600\" height=\"269\" srcset=\"https:\/\/estyl.pl\/blog\/wp-content\/uploads\/2019\/08\/alfaparf_evolution_of_the_colour.jpg 600w, https:\/\/estyl.pl\/blog\/wp-content\/uploads\/2019\/08\/alfaparf_evolution_of_the_colour-300x135.jpg 300w, https:\/\/estyl.pl\/blog\/wp-content\/uploads\/2019\/08\/alfaparf_evolution_of_the_colour-580x260.jpg 580w, https:\/\/estyl.pl\/blog\/wp-content\/uploads\/2019\/08\/alfaparf_evolution_of_the_colour-261x117.jpg 261w\" sizes=\"(max-width: 600px) 100vw, 600px\" \/><\/a><\/p>\n<p><span style=\"text-decoration: underline;\"><span style=\"font-weight: 400;\">Alfaparf opinie o farbach:<\/span><\/span><\/p>\n<p style=\"text-align: left;\"><b>Ewa<\/b><span style=\"font-weight: 400;\"> &#8211;<\/span><i><span style=\"font-weight: 400;\"> \u201cDobrze pokrywa, naturalny kolor pe\u0142en blasku.\u201c<\/span><\/i><\/p>\n<p style=\"text-align: left;\"><b>Agnieszka<\/b><i><span style=\"font-weight: 400;\"> &#8211; \u201cMam wra\u017cliw\u0105 sk\u00f3r\u0119 g\u0142owy, ale po zastosowaniu farby nic si\u0119 nie dzia\u0142o. Nie piek\u0142o i nie sw\u0119dzia\u0142o jako\u015b bardzo mocno. Jestem zadowolona! Kolor bardzo \u0142adny, bardzo naturalnie wychodzi.\u201d<\/span><\/i><\/p>\n<p><a href=\"https:\/\/estyl.pl\/blog\/wp-content\/uploads\/2019\/08\/alfaparf_kosmetyki.jpg\" target=\"_blank\" rel=\"lightbox[34316]\"><img decoding=\"async\" loading=\"lazy\" class=\"aligncenter wp-image-34319 size-full\" title=\"Alfaparf opinie o kosmetykach do piel\u0119gnacji w\u0142os\u00f3w\" src=\"https:\/\/estyl.pl\/blog\/wp-content\/uploads\/2019\/08\/alfaparf_kosmetyki.jpg\" alt=\"Alfaparf opinie o kosmetykach do piel\u0119gnacji w\u0142os\u00f3w\" width=\"600\" height=\"314\" srcset=\"https:\/\/estyl.pl\/blog\/wp-content\/uploads\/2019\/08\/alfaparf_kosmetyki.jpg 600w, https:\/\/estyl.pl\/blog\/wp-content\/uploads\/2019\/08\/alfaparf_kosmetyki-300x157.jpg 300w, https:\/\/estyl.pl\/blog\/wp-content\/uploads\/2019\/08\/alfaparf_kosmetyki-580x304.jpg 580w, https:\/\/estyl.pl\/blog\/wp-content\/uploads\/2019\/08\/alfaparf_kosmetyki-261x137.jpg 261w\" sizes=\"(max-width: 600px) 100vw, 600px\" \/><\/a><\/p>\n<p style=\"text-align: center;\"><span style=\"color: #999999;\">\u0179r\u00f3d\u0142o:\u00a0makabeauty.com<\/span><\/p>\n<p><span style=\"font-weight: 400;\">To nie wszystkie linie, jakie marka Alfaparf Milano oferuje w swojej ofercie. Wybrali\u015bmy jednak te, kt\u00f3re s\u0105 najcz\u0119\u015bciej kupowane przez naszych klient\u00f3w. Wiemy, \u017ce skoro zadowoli\u0142y ich, pewnie zaskocz\u0105 i Ciebie.\u00a0<\/span><\/p>\n<p><span style=\"font-weight: 400;\">Zacznij swoj\u0105 podr\u00f3\u017c do W\u0142och od piel\u0119gnacji w\u0142os\u00f3w. Ka\u017cdy, nawet najbardziej wymagaj\u0105cy podr\u00f3\u017cnik, znajdzie co\u015b dla siebie w\u015br\u00f3d propozycji wiod\u0105cej marki w bran\u017cy fryzjerskiej. Przedstawione o kosmetykach Alfaparf opinie naszych klient\u00f3w s\u0105 subiektywn\u0105 ocen\u0105 marki. A Ty co my\u015blisz o kosmetykach Alfaparf?<\/span><\/p>\n<p><strong>Podziel si\u0119 z nami swoj\u0105 opini\u0105 w komentarzach \ud83d\ude42\u00a0<\/strong><\/p>\n<p>P.S. Pami\u0119taj, \u017ce wszystkie kosmetyki dost\u0119pne w naszym sklepie, mo\u017cesz kupi\u0107 r\u00f3wnie\u017c w naszych sklepach stacjonarnych. Znajd\u017a nas w <a title=\"Sklep Estyl.pl w Warszawie\" href=\"https:\/\/www.google.com\/maps\/place\/ESTYL.pl+%7C+Profesjonalne+kosmetyki+w+Twoim+domu+%7C+Sklep+Stacjonarny\/@52.1445145,21.0338724,17z\/data=!3m1!4b1!4m5!3m4!1s0x0:0x9c62cba0fd47f26d!8m2!3d52.1445145!4d21.0360611?hl=pl\" target=\"_blank\">Warszawie<\/a> i <a title=\"Sklep Estyl.pl Katowice\" href=\"https:\/\/www.google.com\/maps\/place\/ESTYL.pl+%7C+Profesjonalne+kosmetyki+w+Twoim+domu+%7C+Sklep+Stacjonarny\/@50.258319,19.0211193,17z\/data=!3m1!4b1!4m5!3m4!1s0x0:0xa483307ec714587f!8m2!3d50.258319!4d19.023308\" target=\"_blank\">Katowicach<\/a>!<\/p>\n","protected":false},"excerpt":{"rendered":"<p>W\u0142ochy to miejsce, w kt\u00f3rym ka\u017cdy z nas znajdzie cz\u0105stk\u0119 siebie. W\u0142oski klimat, jedzenie, styl \u017cycia &#8211; to wszystko jest ponadczasowe. Pi\u0119kno z Italii jest w zasi\u0119gu Twojej r\u0119ki. Wystarczy po nie si\u0119gn\u0105\u0107! Dzisiaj spr\u00f3bujemy przybli\u017cy\u0107 Ci kosmetyki w\u0142oskiej marki Alfaparf Milano. Aby jednak to zrobi\u0107, nie przedstawi\u0119 Ci tylko produkt\u00f3w i linii tej\u017ce marki, [&hellip;]<\/p>\n","protected":false},"author":23,"featured_media":34345,"comment_status":"open","ping_status":"closed","sticky":false,"template":"","format":"standard","meta":{"_eb_attr":""},"categories":[4],"tags":[2629,2627,2628],"acf":[],"yoast_head":"<!-- This site is optimized with the Yoast SEO plugin v20.8 - https:\/\/yoast.com\/wordpress\/plugins\/seo\/ -->\n<title>Alfaparf opinie klient\u00f3w i przegl\u0105d marki - Blog | Estyl.pl<\/title>\n<meta name=\"description\" content=\"Zastanawiasz si\u0119 czy kosmetyki Alfaparf s\u0105 dla Ciebie? W\u0142oskie pi\u0119kno w zasi\u0119gu Twojej r\u0119ki! Alfaparf - opinie naszych klient\u00f3w w jednym miejscu. Zobacz!\" \/>\n<meta name=\"robots\" content=\"index, follow, max-snippet:-1, max-image-preview:large, max-video-preview:-1\" \/>\n<link rel=\"canonical\" href=\"https:\/\/estyl.pl\/blog\/alfaparf-opinie-i-przeglad-marki\/\" \/>\n<meta property=\"og:locale\" content=\"pl_PL\" \/>\n<meta property=\"og:type\" content=\"article\" \/>\n<meta property=\"og:title\" content=\"Alfaparf opinie klient\u00f3w i przegl\u0105d marki - Blog | Estyl.pl\" \/>\n<meta property=\"og:description\" content=\"Zastanawiasz si\u0119 czy kosmetyki Alfaparf s\u0105 dla Ciebie? W\u0142oskie pi\u0119kno w zasi\u0119gu Twojej r\u0119ki! Alfaparf - opinie naszych klient\u00f3w w jednym miejscu. Zobacz!\" \/>\n<meta property=\"og:url\" content=\"https:\/\/estyl.pl\/blog\/alfaparf-opinie-i-przeglad-marki\/\" \/>\n<meta property=\"og:site_name\" content=\"Blog | Estyl.pl\" \/>\n<meta property=\"article:author\" content=\"kdrogowskakwasnik\" \/>\n<meta property=\"article:published_time\" content=\"2019-08-13T06:00:26+00:00\" \/>\n<meta property=\"article:modified_time\" content=\"2019-12-16T09:21:54+00:00\" \/>\n<meta property=\"og:image\" content=\"https:\/\/estyl.pl\/blog\/wp-content\/uploads\/2019\/08\/alfaparf-banner.jpg\" \/>\n\t<meta property=\"og:image:width\" content=\"755\" \/>\n\t<meta property=\"og:image:height\" content=\"320\" \/>\n\t<meta property=\"og:image:type\" content=\"image\/jpeg\" \/>\n<meta name=\"author\" content=\"Karolina\" \/>\n<meta name=\"twitter:label1\" content=\"Napisane przez\" \/>\n\t<meta name=\"twitter:data1\" content=\"Karolina\" \/>\n\t<meta name=\"twitter:label2\" content=\"Szacowany czas czytania\" \/>\n\t<meta name=\"twitter:data2\" content=\"7 minut\" \/>\n<script type=\"application\/ld+json\" class=\"yoast-schema-graph\">{\"@context\":\"https:\/\/schema.org\",\"@graph\":[{\"@type\":\"WebPage\",\"@id\":\"https:\/\/estyl.pl\/blog\/alfaparf-opinie-i-przeglad-marki\/\",\"url\":\"https:\/\/estyl.pl\/blog\/alfaparf-opinie-i-przeglad-marki\/\",\"name\":\"Alfaparf opinie klient\u00f3w i przegl\u0105d marki - Blog | Estyl.pl\",\"isPartOf\":{\"@id\":\"https:\/\/estyl.pl\/blog\/#website\"},\"datePublished\":\"2019-08-13T06:00:26+00:00\",\"dateModified\":\"2019-12-16T09:21:54+00:00\",\"author\":{\"@id\":\"https:\/\/estyl.pl\/blog\/#\/schema\/person\/debe1fb907542b5dc82bccc2029e474f\"},\"description\":\"Zastanawiasz si\u0119 czy kosmetyki Alfaparf s\u0105 dla Ciebie? W\u0142oskie pi\u0119kno w zasi\u0119gu Twojej r\u0119ki! Alfaparf - opinie naszych klient\u00f3w w jednym miejscu. Zobacz!\",\"breadcrumb\":{\"@id\":\"https:\/\/estyl.pl\/blog\/alfaparf-opinie-i-przeglad-marki\/#breadcrumb\"},\"inLanguage\":\"pl-PL\",\"potentialAction\":[{\"@type\":\"ReadAction\",\"target\":[\"https:\/\/estyl.pl\/blog\/alfaparf-opinie-i-przeglad-marki\/\"]}]},{\"@type\":\"BreadcrumbList\",\"@id\":\"https:\/\/estyl.pl\/blog\/alfaparf-opinie-i-przeglad-marki\/#breadcrumb\",\"itemListElement\":[{\"@type\":\"ListItem\",\"position\":1,\"name\":\"Piel\u0119gnacja w\u0142os\u00f3w\",\"item\":\"https:\/\/estyl.pl\/blog\/pielegnacja-wlosow\/\"},{\"@type\":\"ListItem\",\"position\":2,\"name\":\"Alfaparf opinie klient\u00f3w i przegl\u0105d marki\"}]},{\"@type\":\"WebSite\",\"@id\":\"https:\/\/estyl.pl\/blog\/#website\",\"url\":\"https:\/\/estyl.pl\/blog\/\",\"name\":\"Blog | Estyl.pl\",\"description\":\"Kosmetyki do w\u0142os\u00f3w, porady, piel\u0119gnacja, stylizacja\",\"potentialAction\":[{\"@type\":\"SearchAction\",\"target\":{\"@type\":\"EntryPoint\",\"urlTemplate\":\"https:\/\/estyl.pl\/blog\/?s={search_term_string}\"},\"query-input\":\"required name=search_term_string\"}],\"inLanguage\":\"pl-PL\"},{\"@type\":\"Person\",\"@id\":\"https:\/\/estyl.pl\/blog\/#\/schema\/person\/debe1fb907542b5dc82bccc2029e474f\",\"name\":\"Karolina\",\"description\":\"Absolwentka kosmetologii i dietetyki na \u015al\u0105skiej Wy\u017cszej Szkole Medycznej w Katowicach. Ze sklepem Estyl.pl zwi\u0105zana od wielu lat. Wiedz\u0119 na temat produkt\u00f3w zebra\u0142a pracuj\u0105c w sklepie stacjonanym w Katowicach. Aktualnie pracuje jako copywriter, co daje jej du\u017co satysfakcji. Uwielbia testowa\u0107 nowe kosmetyki.\",\"sameAs\":[\"kdrogowskakwasnik\"],\"url\":\"https:\/\/estyl.pl\/blog\/author\/k-mistalsiekiera\/\"}]}<\/script>\n<!-- \/ Yoast SEO plugin. -->","yoast_head_json":{"title":"Alfaparf opinie klient\u00f3w i przegl\u0105d marki - Blog | Estyl.pl","description":"Zastanawiasz si\u0119 czy kosmetyki Alfaparf s\u0105 dla Ciebie? W\u0142oskie pi\u0119kno w zasi\u0119gu Twojej r\u0119ki! Alfaparf - opinie naszych klient\u00f3w w jednym miejscu. Zobacz!","robots":{"index":"index","follow":"follow","max-snippet":"max-snippet:-1","max-image-preview":"max-image-preview:large","max-video-preview":"max-video-preview:-1"},"canonical":"https:\/\/estyl.pl\/blog\/alfaparf-opinie-i-przeglad-marki\/","og_locale":"pl_PL","og_type":"article","og_title":"Alfaparf opinie klient\u00f3w i przegl\u0105d marki - Blog | Estyl.pl","og_description":"Zastanawiasz si\u0119 czy kosmetyki Alfaparf s\u0105 dla Ciebie? W\u0142oskie pi\u0119kno w zasi\u0119gu Twojej r\u0119ki! Alfaparf - opinie naszych klient\u00f3w w jednym miejscu. Zobacz!","og_url":"https:\/\/estyl.pl\/blog\/alfaparf-opinie-i-przeglad-marki\/","og_site_name":"Blog | Estyl.pl","article_author":"kdrogowskakwasnik","article_published_time":"2019-08-13T06:00:26+00:00","article_modified_time":"2019-12-16T09:21:54+00:00","og_image":[{"width":755,"height":320,"url":"https:\/\/estyl.pl\/blog\/wp-content\/uploads\/2019\/08\/alfaparf-banner.jpg","type":"image\/jpeg"}],"author":"Karolina","twitter_misc":{"Napisane przez":"Karolina","Szacowany czas czytania":"7 minut"},"schema":{"@context":"https:\/\/schema.org","@graph":[{"@type":"WebPage","@id":"https:\/\/estyl.pl\/blog\/alfaparf-opinie-i-przeglad-marki\/","url":"https:\/\/estyl.pl\/blog\/alfaparf-opinie-i-przeglad-marki\/","name":"Alfaparf opinie klient\u00f3w i przegl\u0105d marki - Blog | Estyl.pl","isPartOf":{"@id":"https:\/\/estyl.pl\/blog\/#website"},"datePublished":"2019-08-13T06:00:26+00:00","dateModified":"2019-12-16T09:21:54+00:00","author":{"@id":"https:\/\/estyl.pl\/blog\/#\/schema\/person\/debe1fb907542b5dc82bccc2029e474f"},"description":"Zastanawiasz si\u0119 czy kosmetyki Alfaparf s\u0105 dla Ciebie? W\u0142oskie pi\u0119kno w zasi\u0119gu Twojej r\u0119ki! Alfaparf - opinie naszych klient\u00f3w w jednym miejscu. Zobacz!","breadcrumb":{"@id":"https:\/\/estyl.pl\/blog\/alfaparf-opinie-i-przeglad-marki\/#breadcrumb"},"inLanguage":"pl-PL","potentialAction":[{"@type":"ReadAction","target":["https:\/\/estyl.pl\/blog\/alfaparf-opinie-i-przeglad-marki\/"]}]},{"@type":"BreadcrumbList","@id":"https:\/\/estyl.pl\/blog\/alfaparf-opinie-i-przeglad-marki\/#breadcrumb","itemListElement":[{"@type":"ListItem","position":1,"name":"Piel\u0119gnacja w\u0142os\u00f3w","item":"https:\/\/estyl.pl\/blog\/pielegnacja-wlosow\/"},{"@type":"ListItem","position":2,"name":"Alfaparf opinie klient\u00f3w i przegl\u0105d marki"}]},{"@type":"WebSite","@id":"https:\/\/estyl.pl\/blog\/#website","url":"https:\/\/estyl.pl\/blog\/","name":"Blog | Estyl.pl","description":"Kosmetyki do w\u0142os\u00f3w, porady, piel\u0119gnacja, stylizacja","potentialAction":[{"@type":"SearchAction","target":{"@type":"EntryPoint","urlTemplate":"https:\/\/estyl.pl\/blog\/?s={search_term_string}"},"query-input":"required name=search_term_string"}],"inLanguage":"pl-PL"},{"@type":"Person","@id":"https:\/\/estyl.pl\/blog\/#\/schema\/person\/debe1fb907542b5dc82bccc2029e474f","name":"Karolina","description":"Absolwentka kosmetologii i dietetyki na \u015al\u0105skiej Wy\u017cszej Szkole Medycznej w Katowicach. Ze sklepem Estyl.pl zwi\u0105zana od wielu lat. Wiedz\u0119 na temat produkt\u00f3w zebra\u0142a pracuj\u0105c w sklepie stacjonanym w Katowicach. Aktualnie pracuje jako copywriter, co daje jej du\u017co satysfakcji. Uwielbia testowa\u0107 nowe kosmetyki.","sameAs":["kdrogowskakwasnik"],"url":"https:\/\/estyl.pl\/blog\/author\/k-mistalsiekiera\/"}]}},"_links":{"self":[{"href":"https:\/\/estyl.pl\/blog\/wp-json\/wp\/v2\/posts\/34316"}],"collection":[{"href":"https:\/\/estyl.pl\/blog\/wp-json\/wp\/v2\/posts"}],"about":[{"href":"https:\/\/estyl.pl\/blog\/wp-json\/wp\/v2\/types\/post"}],"author":[{"embeddable":true,"href":"https:\/\/estyl.pl\/blog\/wp-json\/wp\/v2\/users\/23"}],"replies":[{"embeddable":true,"href":"https:\/\/estyl.pl\/blog\/wp-json\/wp\/v2\/comments?post=34316"}],"version-history":[{"count":24,"href":"https:\/\/estyl.pl\/blog\/wp-json\/wp\/v2\/posts\/34316\/revisions"}],"predecessor-version":[{"id":35625,"href":"https:\/\/estyl.pl\/blog\/wp-json\/wp\/v2\/posts\/34316\/revisions\/35625"}],"wp:featuredmedia":[{"embeddable":true,"href":"https:\/\/estyl.pl\/blog\/wp-json\/wp\/v2\/media\/34345"}],"wp:attachment":[{"href":"https:\/\/estyl.pl\/blog\/wp-json\/wp\/v2\/media?parent=34316"}],"wp:term":[{"taxonomy":"category","embeddable":true,"href":"https:\/\/estyl.pl\/blog\/wp-json\/wp\/v2\/categories?post=34316"},{"taxonomy":"post_tag","embeddable":true,"href":"https:\/\/estyl.pl\/blog\/wp-json\/wp\/v2\/tags?post=34316"}],"curies":[{"name":"wp","href":"https:\/\/api.w.org\/{rel}","templated":true}]}}