{"id":34513,"date":"2019-09-03T07:15:22","date_gmt":"2019-09-03T05:15:22","guid":{"rendered":"https:\/\/estyl.pl\/blog\/?p=34513"},"modified":"2020-01-22T11:25:16","modified_gmt":"2020-01-22T09:25:16","slug":"wlosy-trendy-2019-zobacz-propozycje-fryzur-na-jesien-zima-2019","status":"publish","type":"post","link":"https:\/\/estyl.pl\/blog\/wlosy-trendy-2019-zobacz-propozycje-fryzur-na-jesien-zima-2019\/","title":{"rendered":"W\u0142osy trendy 2019! Zobacz propozycje fryzur na jesie\u0144-zima 2019!"},"content":{"rendered":"<p>W dzisiejszym wpisie chcieli\u015bmy przypatrzy\u0107 si\u0119 trendom, kt\u00f3re projektanci i styli\u015bci narzucaj\u0105 nam na okres jesie\u0144-zima 2019. Wrzesie\u0144 to najlepsza pora, aby przygotowa\u0107 si\u0119 na ten zbli\u017caj\u0105cy si\u0119 czas. Po wyszukaniu has\u0142a &#8222;<a href=\"https:\/\/estyl.pl\/wlosy\" data-internallinksmanager029f6b8e52c=\"2\" title=\"w\u0142osy\">w\u0142osy<\/a> trendy 2019&#8221; wyskocz\u0105 bardzo zr\u00f3\u017cnicowane i nietypowe propozycje, kt\u00f3re zaspokoj\u0105 potrzeby metamorfozy ka\u017cdej z nas! Wiele uwypuklanych stylizacji jest kontynuacj\u0105 znanych ju\u017c nam trend\u00f3w z sezonu wiosna-lato, ale cz\u0119\u015b\u0107 z nich to zupe\u0142nie nowe inspiracje. Przekonaj si\u0119 zatem, co b\u0119dzie modne jesieni\u0105 2019.\u00a0<!--more--><\/p>\n<h2><span style=\"font-weight: 400;\">W\u0142osy trendy 2019 &#8211; przegl\u0105d modnych fryzur<\/span><\/h2>\n<p><span style=\"font-weight: 400;\">I kto by pomy\u015bla\u0142, \u017ce <a href=\"https:\/\/estyl.pl\/wlosy\/stylizacja\/zele\" target=\"_blank\">\u017cel do w\u0142os\u00f3w<\/a> b\u0119dzie mia\u0142 sw\u00f3j wielki \u201ccome back\u201d?! A tak w\u0142a\u015bnie b\u0119dzie w nadchodz\u0105cych trendach na jesie\u0144 i zim\u0119 2019\/2020! Zobaczcie zatem modne fryzury 2019 z jego u\u017cyciem w tym sezonie.<\/span><\/p>\n<h3><strong>Ponytail, niski kucyk &#8211; klasyka ponad wszystkim<\/strong><\/h3>\n<p>Kucyk od kilku sezon\u00f3w kr\u00f3luje na wybiegach. W najnowszych trendach wygl\u0105da troszk\u0119 inaczej ni\u017c ostatnio. aby czu\u0107 si\u0119 modnie powinni\u015bmy zebrane w\u0142osy upi\u0105\u0107 w niski kucyk. Minimalistycznego uroku tej jak\u017ce modnej fryzurze 2019 roku dodaje fakt, \u017ce w\u0142osy wygl\u0105daj\u0105 na lekko mokre i b\u0142yszcz\u0105ce.<\/p>\n<p><a href=\"https:\/\/estyl.pl\/blog\/wp-content\/uploads\/2019\/08\/w\u0142osy-trendy-2019-kucyk.jpg\" target=\"_blank\" rel=\"lightbox[34513]\"><img decoding=\"async\" loading=\"lazy\" class=\"aligncenter wp-image-34516 size-full\" title=\"w\u0142osy trendy 2019 - kucyk\" src=\"https:\/\/estyl.pl\/blog\/wp-content\/uploads\/2019\/08\/w\u0142osy-trendy-2019-kucyk.jpg\" alt=\"w\u0142osy trendy 2019 - kucyk\" width=\"600\" height=\"216\" srcset=\"https:\/\/estyl.pl\/blog\/wp-content\/uploads\/2019\/08\/w\u0142osy-trendy-2019-kucyk.jpg 600w, https:\/\/estyl.pl\/blog\/wp-content\/uploads\/2019\/08\/w\u0142osy-trendy-2019-kucyk-300x108.jpg 300w, https:\/\/estyl.pl\/blog\/wp-content\/uploads\/2019\/08\/w\u0142osy-trendy-2019-kucyk-580x209.jpg 580w, https:\/\/estyl.pl\/blog\/wp-content\/uploads\/2019\/08\/w\u0142osy-trendy-2019-kucyk-261x94.jpg 261w\" sizes=\"(max-width: 600px) 100vw, 600px\" \/><\/a><\/p>\n<p style=\"text-align: center;\"><span style=\"color: #999999;\">\u0179r\u00f3d\u0142o: elle.com \/ allure.com \/\u00a0<\/span><\/p>\n<h3><strong>Punk, grunge &#8211; kto kocha\u0142 ten styl?<\/strong><\/h3>\n<p>Po\u0142\u0105czenie \u017celu, lakieru i spray\u2019u koloryzuj\u0105cego pozwoli nam na wykreowanie fryzury prosto z wybiegu. Nie\u0142ad na g\u0142owie to jedyne s\u0142uszne okre\u015blenie, kt\u00f3re przychodzi mi do g\u0142owy, aby opisa\u0107 t\u0119 fryzur\u0119. Powr\u00f3t do stylu punk, grunge w tym sezonie jesienno-zimowym jest hitem! Jest to propozycja, kt\u00f3ra \u0142\u0105czy si\u0119 z ponadczasowym bobem i klasycznym uczesaniem, gdzie nie musimy przejmowa\u0107 si\u0119 odstaj\u0105cymi w\u0142oskami. Co powiecie na boba w nieco nonszalanckim wydaniu?<\/p>\n<p><a href=\"https:\/\/estyl.pl\/blog\/wp-content\/uploads\/2019\/08\/w\u0142osy-trendy-2019-punk.jpg\" target=\"_blank\" rel=\"lightbox[34513]\"><img decoding=\"async\" loading=\"lazy\" class=\"aligncenter wp-image-34517 size-full\" title=\"w\u0142osy trendy 2019 - punk\" src=\"https:\/\/estyl.pl\/blog\/wp-content\/uploads\/2019\/08\/w\u0142osy-trendy-2019-punk.jpg\" alt=\"w\u0142osy trendy 2019 - punk\" width=\"600\" height=\"400\" srcset=\"https:\/\/estyl.pl\/blog\/wp-content\/uploads\/2019\/08\/w\u0142osy-trendy-2019-punk.jpg 600w, https:\/\/estyl.pl\/blog\/wp-content\/uploads\/2019\/08\/w\u0142osy-trendy-2019-punk-300x200.jpg 300w, https:\/\/estyl.pl\/blog\/wp-content\/uploads\/2019\/08\/w\u0142osy-trendy-2019-punk-580x387.jpg 580w, https:\/\/estyl.pl\/blog\/wp-content\/uploads\/2019\/08\/w\u0142osy-trendy-2019-punk-261x174.jpg 261w, https:\/\/estyl.pl\/blog\/wp-content\/uploads\/2019\/08\/w\u0142osy-trendy-2019-punk-212x140.jpg 212w\" sizes=\"(max-width: 600px) 100vw, 600px\" \/><\/a><\/p>\n<p style=\"text-align: center;\"><span style=\"color: #999999;\">\u0179r\u00f3d\u0142o: vogue.fr<\/span><\/p>\n<h3><strong>Wet look &#8211; modna fryzura 2019<\/strong><\/h3>\n<p><span style=\"font-weight: 400;\">Oczywi\u015bcie, je\u015bli\u00a0omawiamy szerokie has\u0142o \u201cw\u0142osy trendy 2019\u201d, gdzie \u015bwi\u0119tujemy widowiskowy powr\u00f3t \u017celu do w\u0142os\u00f3w, nie mo\u017ce tutaj tak\u017ce zabrakn\u0105\u0107 fryzury typu wet look. To idealna propozycja, bo do jej wykonania nie potrzebujemy <a href=\"https:\/\/estyl.pl\/wlosy\/akcesoria-do-wlosow\/prostownice\" target=\"_blank\">prostownicy<\/a>\u00a0czy\u00a0<a href=\"https:\/\/estyl.pl\/wlosy\/akcesoria-do-wlosow\/lokowki-falownice\" target=\"_blank\">lok\u00f3wki<\/a>, tylko wspomniany wcze\u015bniej \u017cel do w\u0142os\u00f3w. Wystarczy pukle zaczesa\u0107 mocno do ty\u0142u, utrwali\u0107 \u017celem do w\u0142os\u00f3w i koniec. Elegancka i stylowa fryzura gotowa!<\/span><\/p>\n<p><a href=\"https:\/\/estyl.pl\/blog\/wp-content\/uploads\/2019\/08\/w\u0142osy-trendy-2019-wet-look.jpg\" target=\"_blank\" rel=\"lightbox[34513]\"><img decoding=\"async\" loading=\"lazy\" class=\"aligncenter wp-image-34518 size-full\" title=\"w\u0142osy trendy 2019 - wet look\" src=\"https:\/\/estyl.pl\/blog\/wp-content\/uploads\/2019\/08\/w\u0142osy-trendy-2019-wet-look.jpg\" alt=\"w\u0142osy trendy 2019 - wet look\" width=\"600\" height=\"290\" srcset=\"https:\/\/estyl.pl\/blog\/wp-content\/uploads\/2019\/08\/w\u0142osy-trendy-2019-wet-look.jpg 600w, https:\/\/estyl.pl\/blog\/wp-content\/uploads\/2019\/08\/w\u0142osy-trendy-2019-wet-look-300x145.jpg 300w, https:\/\/estyl.pl\/blog\/wp-content\/uploads\/2019\/08\/w\u0142osy-trendy-2019-wet-look-580x280.jpg 580w, https:\/\/estyl.pl\/blog\/wp-content\/uploads\/2019\/08\/w\u0142osy-trendy-2019-wet-look-261x126.jpg 261w\" sizes=\"(max-width: 600px) 100vw, 600px\" \/><\/a><\/p>\n<p style=\"text-align: center;\"><span style=\"color: #999999;\">\u0179r\u00f3d\u0142o: kiss925.com \/ glamcheck.com<\/span><\/p>\n<h3><strong>Warkocze na milion sposob\u00f3w<\/strong><\/h3>\n<p><span style=\"font-weight: 400;\">Warkocze r\u00f3wnie\u017c kr\u00f3lowa\u0142y w sezonie wiosenno-letnim. Trend przechodzi r\u00f3wnie\u017c na sezon jesie\u0144-zima 2019\/2020. D\u0142ugie, zar\u00f3wno te pojedyncze jak i podw\u00f3jne, u g\u00f3ry, jak i u do\u0142u g\u0142owy. Warkocz klasyczny, francuski, k\u0142os w ka\u017cdej wariacji!<\/span><\/p>\n<p><a href=\"https:\/\/estyl.pl\/blog\/wp-content\/uploads\/2019\/08\/w\u0142osy-trendy-2019-warkcoz.jpg\" target=\"_blank\" rel=\"lightbox[34513]\"><img decoding=\"async\" loading=\"lazy\" class=\"aligncenter wp-image-34519 size-full\" title=\"w\u0142osy trendy 2019 - warkcoz\" src=\"https:\/\/estyl.pl\/blog\/wp-content\/uploads\/2019\/08\/w\u0142osy-trendy-2019-warkcoz.jpg\" alt=\"w\u0142osy trendy 2019 - warkcoz\" width=\"600\" height=\"262\" srcset=\"https:\/\/estyl.pl\/blog\/wp-content\/uploads\/2019\/08\/w\u0142osy-trendy-2019-warkcoz.jpg 600w, https:\/\/estyl.pl\/blog\/wp-content\/uploads\/2019\/08\/w\u0142osy-trendy-2019-warkcoz-300x131.jpg 300w, https:\/\/estyl.pl\/blog\/wp-content\/uploads\/2019\/08\/w\u0142osy-trendy-2019-warkcoz-580x253.jpg 580w, https:\/\/estyl.pl\/blog\/wp-content\/uploads\/2019\/08\/w\u0142osy-trendy-2019-warkcoz-261x114.jpg 261w\" sizes=\"(max-width: 600px) 100vw, 600px\" \/><\/a><\/p>\n<p style=\"text-align: center;\"><span style=\"color: #999999;\">\u0179r\u00f3d\u0142o: glowsly.com \/\u00a0bodyhair.com \/\u00a0kobieta.gazeta.pl<\/span><\/p>\n<h3><strong>Prosty przedzia\u0142ek na \u015brodku g\u0142owy<\/strong><\/h3>\n<p><span style=\"font-weight: 400;\">Naturalno\u015b\u0107 i minimalizm. O tym nie zapomnieli styli\u015bci. Jest to r\u00f3wnie\u017c propozycja dla os\u00f3b, kt\u00f3rym prostota jest bliska. Idealnie r\u00f3wny przedzia\u0142ek na \u015brodku g\u0142owy wpisuje si\u0119 w trendy jesie\u0144-zima 2019\/2020. Po\u0142\u0105czony z rozpuszczonymi w\u0142osami i spi\u0119tymi. Wa\u017cne, aby by\u0142 idealnie prosty!<\/span><\/p>\n<p><a href=\"https:\/\/estyl.pl\/blog\/wp-content\/uploads\/2019\/08\/w\u0142osy-trendy-2019-przedzia\u0142ke.jpg\" target=\"_blank\" rel=\"lightbox[34513]\"><img decoding=\"async\" loading=\"lazy\" class=\"aligncenter wp-image-34520 size-full\" title=\"w\u0142osy trendy 2019 - przedzia\u0142ek\" src=\"https:\/\/estyl.pl\/blog\/wp-content\/uploads\/2019\/08\/w\u0142osy-trendy-2019-przedzia\u0142ke.jpg\" alt=\"w\u0142osy trendy 2019 - przedzia\u0142ek\" width=\"600\" height=\"262\" srcset=\"https:\/\/estyl.pl\/blog\/wp-content\/uploads\/2019\/08\/w\u0142osy-trendy-2019-przedzia\u0142ke.jpg 600w, https:\/\/estyl.pl\/blog\/wp-content\/uploads\/2019\/08\/w\u0142osy-trendy-2019-przedzia\u0142ke-300x131.jpg 300w, https:\/\/estyl.pl\/blog\/wp-content\/uploads\/2019\/08\/w\u0142osy-trendy-2019-przedzia\u0142ke-580x253.jpg 580w, https:\/\/estyl.pl\/blog\/wp-content\/uploads\/2019\/08\/w\u0142osy-trendy-2019-przedzia\u0142ke-261x114.jpg 261w\" sizes=\"(max-width: 600px) 100vw, 600px\" \/><\/a><\/p>\n<p style=\"text-align: center;\"><span style=\"color: #999999;\">\u0179r\u00f3d\u0142o: outfits.design \/ elle.pl \/ styl.fm<\/span><\/p>\n<p>ZOBACZ R\u00d3WNIE\u017b:\u00a0<a title=\"Cool girl bob - fryzura, kt\u00f3r\u0105 pokocha\u0142y gwiazdy!\" href=\"https:\/\/estyl.pl\/blog\/2020\/01\/cool-girl-bob-fryzura-ktora-pokochaly-gwiazdy\/?preview=true&amp;preview_id=35798&amp;preview_nonce=f62d17d0b3\" target=\"_blank\">Cool girl bob \u2013 fryzura, kt\u00f3r\u0105 pokocha\u0142y gwiazdy<\/a><\/p>\n<h3><strong>Szary na wag\u0119 z\u0142ota<\/strong><\/h3>\n<p><span style=\"font-weight: 400;\">Id\u0105c dalej nurtem naturalno\u015bci stawiamy na akceptowanie swojego wygl\u0105du. W\u0142osy trendy 2019 to r\u00f3wnie\u017c w pewnym sensie unikanie koloryzacji w\u0142os\u00f3w. Kiedy\u015b <a href=\"https:\/\/estyl.pl\/wlosy-siwe\" target=\"_blank\">siwe w\u0142osy<\/a> ukrywane by\u0142y pod wieloma kolorami, gdy\u017c by\u0142y oznak\u0105 utraty m\u0142odo\u015bci i pi\u0119kna. Trendy fryzjerskie jesie\u0144-zima 2019\/2020 przedstawiaj\u0105 siwe w\u0142osy jako kolor elegancki, wspania\u0142y i przede wszystkim supermodny. Nie b\u00f3jmy si\u0119 wi\u0119c i stawiajmy na naturalny szary! Pami\u0119tajcie, \u017ce ten trend nie tyczy si\u0119 koloryzacji w\u0142os\u00f3w. M\u0142ode dziewczyny z farbowanymi w\u0142osami w odcieniu szaro\u015bci s\u0105\u00a0<em>passe<\/em>.<\/span><\/p>\n<p><a href=\"https:\/\/estyl.pl\/blog\/wp-content\/uploads\/2019\/08\/w\u0142osy-trendy-2019-szary.jpg\" target=\"_blank\" rel=\"lightbox[34513]\"><img decoding=\"async\" loading=\"lazy\" class=\"aligncenter wp-image-34521 size-full\" title=\"w\u0142osy trendy 2019 - szary\" src=\"https:\/\/estyl.pl\/blog\/wp-content\/uploads\/2019\/08\/w\u0142osy-trendy-2019-szary.jpg\" alt=\"w\u0142osy trendy 2019 - szary\" width=\"600\" height=\"217\" srcset=\"https:\/\/estyl.pl\/blog\/wp-content\/uploads\/2019\/08\/w\u0142osy-trendy-2019-szary.jpg 600w, https:\/\/estyl.pl\/blog\/wp-content\/uploads\/2019\/08\/w\u0142osy-trendy-2019-szary-300x109.jpg 300w, https:\/\/estyl.pl\/blog\/wp-content\/uploads\/2019\/08\/w\u0142osy-trendy-2019-szary-580x210.jpg 580w, https:\/\/estyl.pl\/blog\/wp-content\/uploads\/2019\/08\/w\u0142osy-trendy-2019-szary-261x94.jpg 261w\" sizes=\"(max-width: 600px) 100vw, 600px\" \/><\/a><\/p>\n<p style=\"text-align: center;\"><span style=\"color: #999999;\">\u0179r\u00f3d\u0142o: health.com \/ pinterest.es \/ hola.com<\/span><\/p>\n<p>ZOBACZ R\u00d3WNIE\u017b: <a title=\"Fryzura money piece\" href=\"https:\/\/estyl.pl\/blog\/2019\/10\/fryzura-money-piece-znasz-nowy-trend-wsrod-gwiazd\/\" target=\"_blank\">Fryzura MONEY PIECE \u2013 znasz nowy trend w\u015br\u00f3d gwiazd?<\/a><\/p>\n<h2><span style=\"font-weight: 400;\">W\u0142osy trendy 2019 &#8211; ozdoby do w\u0142os\u00f3w<\/span><\/h2>\n<p><span style=\"font-weight: 400;\">Sezon jesie\u0144-zima 2019\/2020 to mn\u00f3stwo inspiracji i mo\u017cliwo\u015bci. Wydawa\u0107 by si\u0119 mog\u0142o, \u017ce klasyczny kucyk czy warkocz nie maj\u0105 prawa zaskoczy\u0107. \u0141\u0105cz\u0105c te fryzury jednak z ozdobami do w\u0142os\u00f3w\u00a0mo\u017cna stworzy\u0107 widowiskow\u0105 i w dodatku modn\u0105 fryzur\u0119. W zbli\u017caj\u0105cym si\u0119 sezonie tak naprawd\u0119 kontynuujemy wcze\u015bniej stosowane ozdoby do w\u0142os\u00f3w. A wi\u0119c zobaczmy, jakie trendy proponuj\u0105 styli\u015bci:<\/span><\/p>\n<h3><strong>Ozdobne per\u0142y i b\u0142yszcz\u0105ce dodatki<\/strong><\/h3>\n<p><span style=\"font-weight: 400;\">Pere\u0142ki i b\u0142yskotki we w\u0142osach to akurat trend, kt\u00f3ry chyba b\u0119dzie utrzymywa\u0142 si\u0119 kilka sezon\u00f3w. Kr\u00f3lowa\u0142 na wiosn\u0119, latem r\u00f3wnie\u017c by\u0142 idealnym uzupe\u0142nieniem zwiewnych sukienek, a teraz b\u0119dzie idealnie komponowa\u0142 si\u0119 z grubymi swetrami. Pere\u0142ki i po\u0142yskuj\u0105ce b\u0142yskotki na gumkach, spinkach, klamrach &#8211; wpi\u0119te we w\u0142osy to zdecydowany HIT!<\/span><\/p>\n<p><a href=\"https:\/\/estyl.pl\/blog\/wp-content\/uploads\/2019\/08\/w\u0142osy-trendy-2019-ozdoby-do-w\u0142os\u00f3w.jpg\" target=\"_blank\" rel=\"lightbox[34513]\"><img decoding=\"async\" loading=\"lazy\" class=\"aligncenter wp-image-34522 size-full\" title=\"w\u0142osy trendy 2019 - ozdoby do w\u0142os\u00f3w\" src=\"https:\/\/estyl.pl\/blog\/wp-content\/uploads\/2019\/08\/w\u0142osy-trendy-2019-ozdoby-do-w\u0142os\u00f3w.jpg\" alt=\"w\u0142osy trendy 2019 - ozdoby do w\u0142os\u00f3w\" width=\"600\" height=\"285\" srcset=\"https:\/\/estyl.pl\/blog\/wp-content\/uploads\/2019\/08\/w\u0142osy-trendy-2019-ozdoby-do-w\u0142os\u00f3w.jpg 600w, https:\/\/estyl.pl\/blog\/wp-content\/uploads\/2019\/08\/w\u0142osy-trendy-2019-ozdoby-do-w\u0142os\u00f3w-300x143.jpg 300w, https:\/\/estyl.pl\/blog\/wp-content\/uploads\/2019\/08\/w\u0142osy-trendy-2019-ozdoby-do-w\u0142os\u00f3w-580x276.jpg 580w, https:\/\/estyl.pl\/blog\/wp-content\/uploads\/2019\/08\/w\u0142osy-trendy-2019-ozdoby-do-w\u0142os\u00f3w-261x124.jpg 261w\" sizes=\"(max-width: 600px) 100vw, 600px\" \/><\/a><\/p>\n<p style=\"text-align: center;\"><span style=\"color: #999999;\">\u0179r\u00f3d\u0142o: whowhatwear.com \/ pinterest.com \/ harpersbazaar.com<\/span><\/p>\n<h3><strong>Opaski<\/strong><\/h3>\n<p><span style=\"font-weight: 400;\">Wiosn\u0105 i latem cz\u0119\u015bciej mogli\u015bmy zobaczy\u0107 lekkie i dziewcz\u0119ce opaski na w\u0142osach, wianki i inne delikatne ozdoby. Sezon jesienno-zimowy to zdecydowanie mocniejszy akcent we w\u0142osach. Mowa o klasycznych opaskach do w\u0142os\u00f3w &#8211; grubych, ozdobnych. Zak\u0142adane jako ozdoba w\u0142os\u00f3w rozpuszczonych, ale r\u00f3wnie\u017c spi\u0119tych.\u00a0<\/span><\/p>\n<p><a href=\"https:\/\/estyl.pl\/blog\/wp-content\/uploads\/2019\/08\/w\u0142osy-trendy-2019-opaski.jpg\" target=\"_blank\" rel=\"lightbox[34513]\"><img decoding=\"async\" loading=\"lazy\" class=\"aligncenter wp-image-34523 size-full\" title=\"w\u0142osy trendy 2019 - opaski\" src=\"https:\/\/estyl.pl\/blog\/wp-content\/uploads\/2019\/08\/w\u0142osy-trendy-2019-opaski.jpg\" alt=\"w\u0142osy trendy 2019 - opaski\" width=\"600\" height=\"253\" srcset=\"https:\/\/estyl.pl\/blog\/wp-content\/uploads\/2019\/08\/w\u0142osy-trendy-2019-opaski.jpg 600w, https:\/\/estyl.pl\/blog\/wp-content\/uploads\/2019\/08\/w\u0142osy-trendy-2019-opaski-300x127.jpg 300w, https:\/\/estyl.pl\/blog\/wp-content\/uploads\/2019\/08\/w\u0142osy-trendy-2019-opaski-580x245.jpg 580w, https:\/\/estyl.pl\/blog\/wp-content\/uploads\/2019\/08\/w\u0142osy-trendy-2019-opaski-261x110.jpg 261w\" sizes=\"(max-width: 600px) 100vw, 600px\" \/><\/a><\/p>\n<p style=\"text-align: center;\"><span style=\"color: #999999;\">\u0179r\u00f3d\u0142o: pinterest.com \/ awanti24.pl\u00a0\/ lilylulufashion.com<\/span><\/p>\n<h3><strong>Bandamki<\/strong><\/h3>\n<p><span style=\"font-weight: 400;\">Mog\u0142oby si\u0119 wydawa\u0107, \u017ce moda gna do przodu, a tu prosz\u0119 &#8211; bandamki wracaj\u0105 do \u0142ask! Klasyczne lub kolorowe wi\u0105zane na dwa sposoby:<\/span><\/p>\n<ol>\n<li style=\"font-weight: 400;\"><span style=\"font-weight: 400;\">Wok\u00f3\u0142 kucyka<\/span><\/li>\n<li style=\"font-weight: 400;\"><span style=\"font-weight: 400;\">Jako opaska na g\u0142ow\u0119<\/span><\/li>\n<\/ol>\n<p style=\"text-align: center;\"><strong><strong><a href=\"https:\/\/estyl.pl\/blog\/wp-content\/uploads\/2019\/08\/w\u0142osy-trendy-2019-bandamki.jpg\" target=\"_blank\" rel=\"lightbox[34513]\"><img decoding=\"async\" loading=\"lazy\" class=\"aligncenter wp-image-34524 size-full\" title=\"w\u0142osy trendy 2019 - bandamki\" src=\"https:\/\/estyl.pl\/blog\/wp-content\/uploads\/2019\/08\/w\u0142osy-trendy-2019-bandamki.jpg\" alt=\"w\u0142osy trendy 2019 - bandamki\" width=\"600\" height=\"247\" srcset=\"https:\/\/estyl.pl\/blog\/wp-content\/uploads\/2019\/08\/w\u0142osy-trendy-2019-bandamki.jpg 600w, https:\/\/estyl.pl\/blog\/wp-content\/uploads\/2019\/08\/w\u0142osy-trendy-2019-bandamki-300x124.jpg 300w, https:\/\/estyl.pl\/blog\/wp-content\/uploads\/2019\/08\/w\u0142osy-trendy-2019-bandamki-580x239.jpg 580w, https:\/\/estyl.pl\/blog\/wp-content\/uploads\/2019\/08\/w\u0142osy-trendy-2019-bandamki-261x107.jpg 261w\" sizes=\"(max-width: 600px) 100vw, 600px\" \/><\/a><br \/>\n<\/strong><\/strong><span style=\"color: #999999;\">\u0179r\u00f3d\u0142o:\u00a0 thezoereport.com \/ oracleerpapps.com \/ instaghub.com<\/span><strong><strong><br \/>\n<\/strong><\/strong><\/p>\n<h2><span style=\"font-weight: 400;\">A teraz \u2026 \u201cco\u015b ekstra\u201d!?<\/span><\/h2>\n<h3><strong>W\u0142osy obci\u0119te \u201cna zapa\u0142k\u0119\u201d<\/strong><\/h3>\n<p><span style=\"font-weight: 400;\">Pewnie, nie jest to nic zaskakuj\u0105cego, ale jednak wiele kobiet nie decyduje si\u0119 na tego rodzaju fryzur\u0119. Kr\u00f3tkie w\u0142osy, obci\u0119te idealnie od maszynki zaskoczy\u0142y widz\u00f3w tegorocznych pokaz\u00f3w mody. Mimo \u017ce kontrowersyjna, to jednak bardzo klasyczna fryzura. A Wy co my\u015blicie o tego typu stylizacji?<\/span><\/p>\n<p><a href=\"https:\/\/estyl.pl\/blog\/wp-content\/uploads\/2019\/08\/w\u0142osy-trendy-2019-kr\u00f3tkie-w\u0142osy.jpg\" target=\"_blank\" rel=\"lightbox[34513]\"><img decoding=\"async\" loading=\"lazy\" class=\"aligncenter wp-image-34525 size-full\" title=\"w\u0142osy trendy 2019 - kr\u00f3tkie w\u0142osy\" src=\"https:\/\/estyl.pl\/blog\/wp-content\/uploads\/2019\/08\/w\u0142osy-trendy-2019-kr\u00f3tkie-w\u0142osy.jpg\" alt=\"w\u0142osy trendy 2019 - kr\u00f3tkie w\u0142osy\" width=\"600\" height=\"285\" srcset=\"https:\/\/estyl.pl\/blog\/wp-content\/uploads\/2019\/08\/w\u0142osy-trendy-2019-kr\u00f3tkie-w\u0142osy.jpg 600w, https:\/\/estyl.pl\/blog\/wp-content\/uploads\/2019\/08\/w\u0142osy-trendy-2019-kr\u00f3tkie-w\u0142osy-300x143.jpg 300w, https:\/\/estyl.pl\/blog\/wp-content\/uploads\/2019\/08\/w\u0142osy-trendy-2019-kr\u00f3tkie-w\u0142osy-580x276.jpg 580w, https:\/\/estyl.pl\/blog\/wp-content\/uploads\/2019\/08\/w\u0142osy-trendy-2019-kr\u00f3tkie-w\u0142osy-261x124.jpg 261w\" sizes=\"(max-width: 600px) 100vw, 600px\" \/><\/a><\/p>\n<p style=\"text-align: center;\"><span style=\"color: #999999;\">\u0179r\u00f3d\u0142o: polki.pl \/ elle.pl\u00a0<\/span><\/p>\n<h3><strong>Wzory z na\u017celowanej grzywki na czole &#8211; kto si\u0119 zdecyduje?<\/strong><\/h3>\n<p><span style=\"font-weight: 400;\">Mimo \u017ce klasyka rz\u0105dzi w tym sezonie, projektanci nie zapomnieli o szale\u0144stwie. Wykorzystali du\u017ce ilo\u015bci \u017celu do wykonania ozdoby z w\u0142os\u00f3w na twarzach modelek. Ciekawi jeste\u015bmy, kto zdecyduje si\u0119 na tak\u0105 ekstrawagancj\u0119?! Fr\u0119dzle, a mo\u017ce greckie wzory? Wystarczy falowana grzywka przypominaj\u0105ca lata siedemdziesi\u0105te. Co Wy na to?<\/span><\/p>\n<p><a href=\"https:\/\/estyl.pl\/blog\/wp-content\/uploads\/2019\/08\/w\u0142osy-trendy-2019-grzywka.jpg\" target=\"_blank\" rel=\"lightbox[34513]\"><img decoding=\"async\" loading=\"lazy\" class=\"aligncenter wp-image-34526 size-full\" title=\"w\u0142osy trendy 2019 - grzywka\" src=\"https:\/\/estyl.pl\/blog\/wp-content\/uploads\/2019\/08\/w\u0142osy-trendy-2019-grzywka.jpg\" alt=\"w\u0142osy trendy 2019 - grzywka\" width=\"600\" height=\"235\" srcset=\"https:\/\/estyl.pl\/blog\/wp-content\/uploads\/2019\/08\/w\u0142osy-trendy-2019-grzywka.jpg 600w, https:\/\/estyl.pl\/blog\/wp-content\/uploads\/2019\/08\/w\u0142osy-trendy-2019-grzywka-300x118.jpg 300w, https:\/\/estyl.pl\/blog\/wp-content\/uploads\/2019\/08\/w\u0142osy-trendy-2019-grzywka-580x227.jpg 580w, https:\/\/estyl.pl\/blog\/wp-content\/uploads\/2019\/08\/w\u0142osy-trendy-2019-grzywka-261x102.jpg 261w\" sizes=\"(max-width: 600px) 100vw, 600px\" \/><\/a><\/p>\n<p style=\"text-align: center;\"><span style=\"color: #999999;\">\u0179r\u00f3d\u0142o: esteticamagazine.com \/ fashionmagazine.com<\/span><\/p>\n<p><strong>Nowa fryzura cz\u0119sto jest pocz\u0105tkiem zmian. Postaw na zmiany! W\u0142osy trendy jesie\u0144-zima 2019\/2020 to idealny czas na nowy pocz\u0105tek. Mo\u017ce dzi\u0119ki metamorfozie staniesz si\u0119 pewna siebie i wprowadzisz jakie\u015b zmiany do swojego \u017cycia? W tym sezonie mamy naprawd\u0119 szerokie pole manewru i wierzymy, \u017ce ka\u017cdy znajdzie co\u015b dla siebie, patrz\u0105c na propozycje z zakresu w\u0142osy trendy jesie\u0144-zima 2019\/2020.\u00a0<\/strong><\/p>\n","protected":false},"excerpt":{"rendered":"<p>W dzisiejszym wpisie chcieli\u015bmy przypatrzy\u0107 si\u0119 trendom, kt\u00f3re projektanci i styli\u015bci narzucaj\u0105 nam na okres jesie\u0144-zima 2019. Wrzesie\u0144 to najlepsza pora, aby przygotowa\u0107 si\u0119 na ten zbli\u017caj\u0105cy si\u0119 czas. Po wyszukaniu has\u0142a &#8222;w\u0142osy trendy 2019&#8221; wyskocz\u0105 bardzo zr\u00f3\u017cnicowane i nietypowe propozycje, kt\u00f3re zaspokoj\u0105 potrzeby metamorfozy ka\u017cdej z nas! Wiele uwypuklanych stylizacji jest kontynuacj\u0105 znanych ju\u017c [&hellip;]<\/p>\n","protected":false},"author":23,"featured_media":34515,"comment_status":"open","ping_status":"closed","sticky":false,"template":"","format":"standard","meta":{"_eb_attr":""},"categories":[2091,5],"tags":[13,2644,2642,2645,2643],"acf":[],"yoast_head":"<!-- This site is optimized with the Yoast SEO plugin v20.8 - https:\/\/yoast.com\/wordpress\/plugins\/seo\/ -->\n<title>W\u0142osy trendy 2019! Zobacz propozycje fryzur na jesie\u0144-zima 2019! - Blog | Estyl.pl<\/title>\n<meta name=\"description\" content=\"Poznaj najnowsze modne fryzury 2019 roku. W\u0142osy obci\u0119te &quot;na zapa\u0142k\u0119&quot;, przedzia\u0142ek na \u015brodku g\u0142owy i wiele wi\u0119cej! Zobacz wszystkie - W\u0141OSY trendy 2019!\" \/>\n<meta name=\"robots\" content=\"index, follow, max-snippet:-1, max-image-preview:large, max-video-preview:-1\" \/>\n<link rel=\"canonical\" href=\"https:\/\/estyl.pl\/blog\/wlosy-trendy-2019-zobacz-propozycje-fryzur-na-jesien-zima-2019\/\" \/>\n<meta property=\"og:locale\" content=\"pl_PL\" \/>\n<meta property=\"og:type\" content=\"article\" \/>\n<meta property=\"og:title\" content=\"W\u0142osy trendy 2019! Zobacz propozycje fryzur na jesie\u0144-zima 2019! - Blog | Estyl.pl\" \/>\n<meta property=\"og:description\" content=\"Poznaj najnowsze modne fryzury 2019 roku. W\u0142osy obci\u0119te &quot;na zapa\u0142k\u0119&quot;, przedzia\u0142ek na \u015brodku g\u0142owy i wiele wi\u0119cej! Zobacz wszystkie - W\u0141OSY trendy 2019!\" \/>\n<meta property=\"og:url\" content=\"https:\/\/estyl.pl\/blog\/wlosy-trendy-2019-zobacz-propozycje-fryzur-na-jesien-zima-2019\/\" \/>\n<meta property=\"og:site_name\" content=\"Blog | Estyl.pl\" \/>\n<meta property=\"article:author\" content=\"kdrogowskakwasnik\" \/>\n<meta property=\"article:published_time\" content=\"2019-09-03T05:15:22+00:00\" \/>\n<meta property=\"article:modified_time\" content=\"2020-01-22T09:25:16+00:00\" \/>\n<meta property=\"og:image\" content=\"https:\/\/estyl.pl\/blog\/wp-content\/uploads\/2019\/08\/w\u0142osy-trendy-2019.jpg\" \/>\n\t<meta property=\"og:image:width\" content=\"755\" \/>\n\t<meta property=\"og:image:height\" content=\"315\" \/>\n\t<meta property=\"og:image:type\" content=\"image\/jpeg\" \/>\n<meta name=\"author\" content=\"Karolina\" \/>\n<meta name=\"twitter:label1\" content=\"Napisane przez\" \/>\n\t<meta name=\"twitter:data1\" content=\"Karolina\" \/>\n\t<meta name=\"twitter:label2\" content=\"Szacowany czas czytania\" \/>\n\t<meta name=\"twitter:data2\" content=\"6 minut\" \/>\n<script type=\"application\/ld+json\" class=\"yoast-schema-graph\">{\"@context\":\"https:\/\/schema.org\",\"@graph\":[{\"@type\":\"WebPage\",\"@id\":\"https:\/\/estyl.pl\/blog\/wlosy-trendy-2019-zobacz-propozycje-fryzur-na-jesien-zima-2019\/\",\"url\":\"https:\/\/estyl.pl\/blog\/wlosy-trendy-2019-zobacz-propozycje-fryzur-na-jesien-zima-2019\/\",\"name\":\"W\u0142osy trendy 2019! Zobacz propozycje fryzur na jesie\u0144-zima 2019! - Blog | Estyl.pl\",\"isPartOf\":{\"@id\":\"https:\/\/estyl.pl\/blog\/#website\"},\"datePublished\":\"2019-09-03T05:15:22+00:00\",\"dateModified\":\"2020-01-22T09:25:16+00:00\",\"author\":{\"@id\":\"https:\/\/estyl.pl\/blog\/#\/schema\/person\/debe1fb907542b5dc82bccc2029e474f\"},\"description\":\"Poznaj najnowsze modne fryzury 2019 roku. W\u0142osy obci\u0119te \\\"na zapa\u0142k\u0119\\\", przedzia\u0142ek na \u015brodku g\u0142owy i wiele wi\u0119cej! Zobacz wszystkie - W\u0141OSY trendy 2019!\",\"breadcrumb\":{\"@id\":\"https:\/\/estyl.pl\/blog\/wlosy-trendy-2019-zobacz-propozycje-fryzur-na-jesien-zima-2019\/#breadcrumb\"},\"inLanguage\":\"pl-PL\",\"potentialAction\":[{\"@type\":\"ReadAction\",\"target\":[\"https:\/\/estyl.pl\/blog\/wlosy-trendy-2019-zobacz-propozycje-fryzur-na-jesien-zima-2019\/\"]}]},{\"@type\":\"BreadcrumbList\",\"@id\":\"https:\/\/estyl.pl\/blog\/wlosy-trendy-2019-zobacz-propozycje-fryzur-na-jesien-zima-2019\/#breadcrumb\",\"itemListElement\":[{\"@type\":\"ListItem\",\"position\":1,\"name\":\"Lifestyle\",\"item\":\"https:\/\/estyl.pl\/blog\/lifestyle-2\/\"},{\"@type\":\"ListItem\",\"position\":2,\"name\":\"W\u0142osy trendy 2019! Zobacz propozycje fryzur na jesie\u0144-zima 2019!\"}]},{\"@type\":\"WebSite\",\"@id\":\"https:\/\/estyl.pl\/blog\/#website\",\"url\":\"https:\/\/estyl.pl\/blog\/\",\"name\":\"Blog | Estyl.pl\",\"description\":\"Kosmetyki do w\u0142os\u00f3w, porady, piel\u0119gnacja, stylizacja\",\"potentialAction\":[{\"@type\":\"SearchAction\",\"target\":{\"@type\":\"EntryPoint\",\"urlTemplate\":\"https:\/\/estyl.pl\/blog\/?s={search_term_string}\"},\"query-input\":\"required name=search_term_string\"}],\"inLanguage\":\"pl-PL\"},{\"@type\":\"Person\",\"@id\":\"https:\/\/estyl.pl\/blog\/#\/schema\/person\/debe1fb907542b5dc82bccc2029e474f\",\"name\":\"Karolina\",\"description\":\"Absolwentka kosmetologii i dietetyki na \u015al\u0105skiej Wy\u017cszej Szkole Medycznej w Katowicach. Ze sklepem Estyl.pl zwi\u0105zana od wielu lat. Wiedz\u0119 na temat produkt\u00f3w zebra\u0142a pracuj\u0105c w sklepie stacjonanym w Katowicach. Aktualnie pracuje jako copywriter, co daje jej du\u017co satysfakcji. Uwielbia testowa\u0107 nowe kosmetyki.\",\"sameAs\":[\"kdrogowskakwasnik\"],\"url\":\"https:\/\/estyl.pl\/blog\/author\/k-mistalsiekiera\/\"}]}<\/script>\n<!-- \/ Yoast SEO plugin. -->","yoast_head_json":{"title":"W\u0142osy trendy 2019! Zobacz propozycje fryzur na jesie\u0144-zima 2019! - Blog | Estyl.pl","description":"Poznaj najnowsze modne fryzury 2019 roku. W\u0142osy obci\u0119te \"na zapa\u0142k\u0119\", przedzia\u0142ek na \u015brodku g\u0142owy i wiele wi\u0119cej! Zobacz wszystkie - W\u0141OSY trendy 2019!","robots":{"index":"index","follow":"follow","max-snippet":"max-snippet:-1","max-image-preview":"max-image-preview:large","max-video-preview":"max-video-preview:-1"},"canonical":"https:\/\/estyl.pl\/blog\/wlosy-trendy-2019-zobacz-propozycje-fryzur-na-jesien-zima-2019\/","og_locale":"pl_PL","og_type":"article","og_title":"W\u0142osy trendy 2019! Zobacz propozycje fryzur na jesie\u0144-zima 2019! - Blog | Estyl.pl","og_description":"Poznaj najnowsze modne fryzury 2019 roku. W\u0142osy obci\u0119te \"na zapa\u0142k\u0119\", przedzia\u0142ek na \u015brodku g\u0142owy i wiele wi\u0119cej! Zobacz wszystkie - W\u0141OSY trendy 2019!","og_url":"https:\/\/estyl.pl\/blog\/wlosy-trendy-2019-zobacz-propozycje-fryzur-na-jesien-zima-2019\/","og_site_name":"Blog | Estyl.pl","article_author":"kdrogowskakwasnik","article_published_time":"2019-09-03T05:15:22+00:00","article_modified_time":"2020-01-22T09:25:16+00:00","og_image":[{"width":755,"height":315,"url":"https:\/\/estyl.pl\/blog\/wp-content\/uploads\/2019\/08\/w\u0142osy-trendy-2019.jpg","type":"image\/jpeg"}],"author":"Karolina","twitter_misc":{"Napisane przez":"Karolina","Szacowany czas czytania":"6 minut"},"schema":{"@context":"https:\/\/schema.org","@graph":[{"@type":"WebPage","@id":"https:\/\/estyl.pl\/blog\/wlosy-trendy-2019-zobacz-propozycje-fryzur-na-jesien-zima-2019\/","url":"https:\/\/estyl.pl\/blog\/wlosy-trendy-2019-zobacz-propozycje-fryzur-na-jesien-zima-2019\/","name":"W\u0142osy trendy 2019! Zobacz propozycje fryzur na jesie\u0144-zima 2019! - Blog | Estyl.pl","isPartOf":{"@id":"https:\/\/estyl.pl\/blog\/#website"},"datePublished":"2019-09-03T05:15:22+00:00","dateModified":"2020-01-22T09:25:16+00:00","author":{"@id":"https:\/\/estyl.pl\/blog\/#\/schema\/person\/debe1fb907542b5dc82bccc2029e474f"},"description":"Poznaj najnowsze modne fryzury 2019 roku. W\u0142osy obci\u0119te \"na zapa\u0142k\u0119\", przedzia\u0142ek na \u015brodku g\u0142owy i wiele wi\u0119cej! Zobacz wszystkie - W\u0141OSY trendy 2019!","breadcrumb":{"@id":"https:\/\/estyl.pl\/blog\/wlosy-trendy-2019-zobacz-propozycje-fryzur-na-jesien-zima-2019\/#breadcrumb"},"inLanguage":"pl-PL","potentialAction":[{"@type":"ReadAction","target":["https:\/\/estyl.pl\/blog\/wlosy-trendy-2019-zobacz-propozycje-fryzur-na-jesien-zima-2019\/"]}]},{"@type":"BreadcrumbList","@id":"https:\/\/estyl.pl\/blog\/wlosy-trendy-2019-zobacz-propozycje-fryzur-na-jesien-zima-2019\/#breadcrumb","itemListElement":[{"@type":"ListItem","position":1,"name":"Lifestyle","item":"https:\/\/estyl.pl\/blog\/lifestyle-2\/"},{"@type":"ListItem","position":2,"name":"W\u0142osy trendy 2019! Zobacz propozycje fryzur na jesie\u0144-zima 2019!"}]},{"@type":"WebSite","@id":"https:\/\/estyl.pl\/blog\/#website","url":"https:\/\/estyl.pl\/blog\/","name":"Blog | Estyl.pl","description":"Kosmetyki do w\u0142os\u00f3w, porady, piel\u0119gnacja, stylizacja","potentialAction":[{"@type":"SearchAction","target":{"@type":"EntryPoint","urlTemplate":"https:\/\/estyl.pl\/blog\/?s={search_term_string}"},"query-input":"required name=search_term_string"}],"inLanguage":"pl-PL"},{"@type":"Person","@id":"https:\/\/estyl.pl\/blog\/#\/schema\/person\/debe1fb907542b5dc82bccc2029e474f","name":"Karolina","description":"Absolwentka kosmetologii i dietetyki na \u015al\u0105skiej Wy\u017cszej Szkole Medycznej w Katowicach. Ze sklepem Estyl.pl zwi\u0105zana od wielu lat. Wiedz\u0119 na temat produkt\u00f3w zebra\u0142a pracuj\u0105c w sklepie stacjonanym w Katowicach. Aktualnie pracuje jako copywriter, co daje jej du\u017co satysfakcji. Uwielbia testowa\u0107 nowe kosmetyki.","sameAs":["kdrogowskakwasnik"],"url":"https:\/\/estyl.pl\/blog\/author\/k-mistalsiekiera\/"}]}},"_links":{"self":[{"href":"https:\/\/estyl.pl\/blog\/wp-json\/wp\/v2\/posts\/34513"}],"collection":[{"href":"https:\/\/estyl.pl\/blog\/wp-json\/wp\/v2\/posts"}],"about":[{"href":"https:\/\/estyl.pl\/blog\/wp-json\/wp\/v2\/types\/post"}],"author":[{"embeddable":true,"href":"https:\/\/estyl.pl\/blog\/wp-json\/wp\/v2\/users\/23"}],"replies":[{"embeddable":true,"href":"https:\/\/estyl.pl\/blog\/wp-json\/wp\/v2\/comments?post=34513"}],"version-history":[{"count":9,"href":"https:\/\/estyl.pl\/blog\/wp-json\/wp\/v2\/posts\/34513\/revisions"}],"predecessor-version":[{"id":35934,"href":"https:\/\/estyl.pl\/blog\/wp-json\/wp\/v2\/posts\/34513\/revisions\/35934"}],"wp:featuredmedia":[{"embeddable":true,"href":"https:\/\/estyl.pl\/blog\/wp-json\/wp\/v2\/media\/34515"}],"wp:attachment":[{"href":"https:\/\/estyl.pl\/blog\/wp-json\/wp\/v2\/media?parent=34513"}],"wp:term":[{"taxonomy":"category","embeddable":true,"href":"https:\/\/estyl.pl\/blog\/wp-json\/wp\/v2\/categories?post=34513"},{"taxonomy":"post_tag","embeddable":true,"href":"https:\/\/estyl.pl\/blog\/wp-json\/wp\/v2\/tags?post=34513"}],"curies":[{"name":"wp","href":"https:\/\/api.w.org\/{rel}","templated":true}]}}