{"id":34806,"date":"2019-10-02T07:16:00","date_gmt":"2019-10-02T05:16:00","guid":{"rendered":"https:\/\/estyl.pl\/blog\/?p=34806"},"modified":"2020-01-29T13:51:22","modified_gmt":"2020-01-29T11:51:22","slug":"pompadour-jak-ulozyc-fryzure","status":"publish","type":"post","link":"https:\/\/estyl.pl\/blog\/pompadour-jak-ulozyc-fryzure\/","title":{"rendered":"Pompadour &#8211; jak u\u0142o\u017cy\u0107 fryzur\u0119?"},"content":{"rendered":"<p><span style=\"font-weight: 400;\">Stylizacja m\u0119skich w\u0142os\u00f3w to r\u00f3\u017cne ci\u0119cia, ale i r\u00f3\u017cne formy uk\u0142adania w\u0142os\u00f3w. Jedn\u0105 z najpopularniejszych fryzur m\u0119skich w roku 2019 jest pompadour. Stylizacja ta wywodzi si\u0119 z XVIII wieku z Francji i to nie pierwszy jej powr\u00f3t w stylizacji m\u0119skich w\u0142os\u00f3w. Je\u015bli zastanawiasz si\u0119, jak w szybki spos\u00f3b u\u0142o\u017cy\u0107 fryzur\u0119 pompadour, ten artyku\u0142 jest dla Ciebie.<\/span><!--more--><\/p>\n<h2><strong>Pompadour fryzura ponadczasowa<\/strong><\/h2>\n<p><span style=\"font-weight: 400;\">Stylizacja ta mia\u0142a ju\u017c sw\u00f3j \u201ccome back\u201d za spraw\u0105 Elvisa Presley\u2019a w latach 50. W tym roku r\u00f3wnie\u017c powr\u00f3ci\u0142a w wielkim stylu. <strong>Klasyczna forma, lekko zaktualizowana doskonale sprawdza si\u0119 zar\u00f3wno na co dzie\u0144, jak i na formalne wyj\u015bcia. Zalet\u0105 tej fryzury jest fakt, \u017ce mo\u017cna j\u0105 wykona\u0107 na r\u00f3\u017cnych typach w\u0142os\u00f3w maj\u0105cych dowoln\u0105 tekstur\u0119. Tak wi\u0119c zar\u00f3wno m\u0119\u017cczyzna posiadaj\u0105cy <a href=\"https:\/\/estyl.pl\/wlosy\" data-internallinksmanager029f6b8e52c=\"2\" title=\"w\u0142osy\">w\u0142osy<\/a> grube, kr\u0119cone czy falowane mo\u017ce u\u0142o\u017cy\u0107 w ten spos\u00f3b swoje w\u0142osy. Pompadour oferuje m\u0119\u017cczyznom fryzur\u0119 eleganck\u0105, a zarazem nonszalanck\u0105.<\/strong> A to wszystko dzi\u0119ki odpowiedniemu ci\u0119ciu po boku i stylizacji ku g\u00f3rze. Uk\u0142adanie w\u0142os\u00f3w m\u0119skich w ten spos\u00f3b daje panom wiele mo\u017cliwo\u015bci i swobody, a to sprawia, \u017ce fryzura ta jest idealna dla ka\u017cdego m\u0119\u017cczyzny.<\/span><\/p>\n<p style=\"padding-left: 60px;\"><img decoding=\"async\" loading=\"lazy\" class=\"aligncenter wp-image-34809 size-full\" title=\"Pompadour - jak u\u0142o\u017cy\u0107 fryzur\u0119? Stylizacja w\u0142os\u00f3w m\u0119skich.\" src=\"https:\/\/estyl.pl\/blog\/wp-content\/uploads\/2019\/10\/Pompadour.jpg\" alt=\"Pompadour - jak u\u0142o\u017cy\u0107 fryzur\u0119? Stylizacja w\u0142os\u00f3w m\u0119skich.\" width=\"600\" height=\"386\" srcset=\"https:\/\/estyl.pl\/blog\/wp-content\/uploads\/2019\/10\/Pompadour.jpg 600w, https:\/\/estyl.pl\/blog\/wp-content\/uploads\/2019\/10\/Pompadour-300x193.jpg 300w, https:\/\/estyl.pl\/blog\/wp-content\/uploads\/2019\/10\/Pompadour-580x373.jpg 580w, https:\/\/estyl.pl\/blog\/wp-content\/uploads\/2019\/10\/Pompadour-261x168.jpg 261w\" sizes=\"(max-width: 600px) 100vw, 600px\" \/><\/p>\n<h2><strong>Pompadour &#8211; jak zrobi\u0107 modn\u0105 fryzur\u0119?<\/strong><\/h2>\n<p><span style=\"font-weight: 400;\">Pompadour to fryzura charakteryzuj\u0105ca si\u0119 d\u0142u\u017cszymi w\u0142osami zaczesanymi do ty\u0142u z\u00a0 grzyw\u0105, kt\u00f3rej zdecydowanie nie brakuje obj\u0119to\u015bci. <strong>Grzywk\u0119 t\u0119 mo\u017cna stylizowa\u0107 na wiele sposob\u00f3w, co daje jeszcze wi\u0119cej mo\u017cliwo\u015bci uk\u0142adania m\u0119skich w\u0142os\u00f3w. Kosmyki z boku jak i z ty\u0142u g\u0142owy zostaj\u0105 lekko wycieniowanie. To, w jaki spos\u00f3b wyko\u0144czymy t\u0119 fryzur\u0119, zale\u017cy ju\u017c tylko od upodoba\u0144 pan\u00f3w.<\/strong> Boki mog\u0105 zosta\u0107 bardziej wycieniowane z widocznym przedzia\u0142kiem oddzielaj\u0105cym nasad\u0119 w\u0142os\u00f3w od bok\u00f3w. Mo\u017cliwo\u015bci jest wiele. M\u00f3wi si\u0119, \u017ce pompadour doskonale poddaje si\u0119 stylizacji je\u015bli d\u0142ugo\u015b\u0107 w\u0142os\u00f3w wynosi powy\u017cej 7-8 cm.<\/span><\/p>\n<h3><strong>Jak uk\u0142ada\u0107 w\u0142osy m\u0119skie?<\/strong><\/h3>\n<p><span style=\"font-weight: 400;\">Fryzura pompadour w <strong>du\u017cej mierze zale\u017cy od tego, jak d\u0142ugie s\u0105 w\u0142osy oraz jak\u0105 stylizacj\u0119 lubisz<\/strong>. Wa\u017cne, aby zadba\u0107 odpowiednio o w\u0142osy, nadaj\u0105c im obj\u0119to\u015bci z przodu. To, co zrobicie z ty\u0142em w\u0142os\u00f3w, jak i jego bokami zale\u017cy od Waszych upodoba\u0144. <\/span><\/p>\n<p><span style=\"text-decoration: underline;\"><span style=\"font-weight: 400;\">Zobacz, jak w kilku krokach wykona\u0107 fryzur\u0119 pompadour na w\u0142osach:<\/span><\/span><\/p>\n<ol>\n<li style=\"font-weight: 400;\"><span style=\"font-weight: 400;\">Umyj w\u0142osy tak jak zwykle i osusz r\u0119cznikiem.<\/span><\/li>\n<li style=\"font-weight: 400;\"><span style=\"font-weight: 400;\">Na\u0142\u00f3\u017c niewielk\u0105 ilo\u015b\u0107 pomady czy wosku na d\u0142onie, a nast\u0119pnie wmasuj we w\u0142osy. Pami\u0119taj, aby rozprowadzi\u0107 kosmetyk po ca\u0142ej d\u0142ugo\u015bci w\u0142os\u00f3w.\u00a0<\/span><\/li>\n<li style=\"font-weight: 400;\"><span style=\"font-weight: 400;\">Przeczesuj\u0105c w\u0142osy grzebieniem, osusz je suszark\u0105, staraj\u0105c si\u0119 nada\u0107 im odpowiedni kszta\u0142t i wysoko\u015b\u0107.\u00a0<\/span><\/li>\n<li style=\"font-weight: 400;\"><span style=\"font-weight: 400;\">Staraj si\u0119 rozczesywa\u0107 w\u0142osy od nasady, aby nada\u0107 im obj\u0119to\u015b\u0107. Mo\u017cesz r\u00f3wnie\u017c \u201cpodnosi\u0107\u201d w\u0142osy z przodu palcami, dzi\u0119ki czemu b\u0119dziesz mia\u0142 wi\u0119ksz\u0105 kontrol\u0119 nad finalnym wygl\u0105dem fryzury. Do u\u0142o\u017cenia kosmyk\u00f3w mo\u017ce Ci r\u00f3wnie\u017c pos\u0142u\u017cy\u0107 szczotka do modelowania w\u0142os\u00f3w.\u00a0<\/span><\/li>\n<li style=\"font-weight: 400;\"><span style=\"font-weight: 400;\">W\u0142osy mo\u017cesz kierowa\u0107 albo bezpo\u015brednio do ty\u0142u,\u00a0albo ko\u0144ce wywija\u0107 do boku &#8211; wszystko zale\u017cy bowiem od Twoich upodoba\u0144.<\/span><\/li>\n<li style=\"font-weight: 400;\"><span style=\"font-weight: 400;\">Pami\u0119taj, aby w\u0142osy z wierzchu pozostawi\u0107 wyg\u0142adzone.<\/span><\/li>\n<\/ol>\n<p><em><span style=\"font-weight: 400;\">Nie martw si\u0119! Z pocz\u0105tku mo\u017ce wydawa\u0107 si\u0119 to trudne, ale uwierz mi, \u017ce z czasem znajdziesz sw\u00f3j spos\u00f3b i stylizacja fryzury pompadour nie b\u0119dzie dla Ciebie niczym trudnym.<\/span><\/em><\/p>\n<p><iframe loading=\"lazy\" width=\"500\" height=\"281\" src=\"https:\/\/www.youtube.com\/embed\/K-cfVDfN-0s?feature=oembed\" frameborder=\"0\" allow=\"accelerometer; autoplay; encrypted-media; gyroscope; picture-in-picture\" allowfullscreen><\/iframe><\/p>\n<p style=\"text-align: center;\"><span style=\"font-weight: 400; color: #999999;\">\u0179rod\u0142o: youtube.com\/channel\/UCnM812GQ4JPfuByJ0GgTZHA<\/span><\/p>\n<h3><strong>Czym uk\u0142ada\u0107 w\u0142osy m\u0119skie?<\/strong><\/h3>\n<p><span style=\"font-weight: 400;\">Fryzur\u0119 pompadour mo\u017cna wykona\u0107 przy u\u017cyciu wielu kosmetyk\u00f3w przeznaczonych do stylizacji m\u0119skich w\u0142os\u00f3w. W du\u017cej mierze zale\u017cy to r\u00f3wnie\u017c od efektu finalnego, jaki chcemy uzyska\u0107.<\/span><\/p>\n<p><span style=\"font-weight: 400;\">Je\u015bli zale\u017cy Ci na efekcie lekkiego utrwalenia z po\u0142yskiem, polecam wykorzysta\u0107 <\/span><a href=\"https:\/\/estyl.pl\/the-dandy-pomada-lekko-utrwalajaca-z-polyskiem-75ml\"><span style=\"font-weight: 400;\">pomad\u0119 marki Seb Man The Dandy.<\/span><\/a><span style=\"font-weight: 400;\"> Kosmetyk ten dzia\u0142a bardzo delikatnie, utrwala w\u0142osy nie usztywniaj\u0105c ich. Dzi\u0119ki zastosowaniu jednak matowej <\/span><a href=\"https:\/\/estyl.pl\/uppercut-deluxe-featherweight-70g\"><span style=\"font-weight: 400;\">pasty do w\u0142os\u00f3w\u00a0 Uppercut Featherweight<\/span><\/a><span style=\"font-weight: 400;\"> uzyskasz efekt matowych w\u0142os\u00f3w i wi\u0119kszego \u201cluzu\u201d na g\u0142owie. Gdy jednak Twoim w\u0142osom potrzeba doda\u0107 obj\u0119to\u015bci, si\u0119gnij po <\/span><a href=\"https:\/\/estyl.pl\/structure-conform-srednio-utrwalajaca-pasta-zwiekszajaca-objetosc-wlosow-100ml\"><span style=\"font-weight: 400;\">past\u0119 Joico Structure Conform<\/span><\/a><span style=\"font-weight: 400;\">. Pasta ta unosi w\u0142osy od nasady dodaj\u0105c im lekko\u015bci.<\/span><\/p>\n<p><strong><strong>\u00a0<\/strong><\/strong><\/p>\n<p><a href=\"https:\/\/estyl.pl\/structure-conform-srednio-utrwalajaca-pasta-zwiekszajaca-objetosc-wlosow-100ml\" target=\"_blank\"><img decoding=\"async\" loading=\"lazy\" class=\"alignnone wp-image-34810\" title=\"seb_man_pomada_do_wlosow\" src=\"https:\/\/estyl.pl\/blog\/wp-content\/uploads\/2019\/10\/seb_man_pasta_do_wlosow-299x300.jpg\" alt=\"seb_man_pomada_do_wlosow\" width=\"250\" height=\"251\" srcset=\"https:\/\/estyl.pl\/blog\/wp-content\/uploads\/2019\/10\/seb_man_pasta_do_wlosow-299x300.jpg 299w, https:\/\/estyl.pl\/blog\/wp-content\/uploads\/2019\/10\/seb_man_pasta_do_wlosow-261x262.jpg 261w, https:\/\/estyl.pl\/blog\/wp-content\/uploads\/2019\/10\/seb_man_pasta_do_wlosow.jpg 300w\" sizes=\"(max-width: 250px) 100vw, 250px\" \/><img decoding=\"async\" loading=\"lazy\" class=\"alignnone wp-image-34811\" title=\"uppercut_feather_pomada_do_wlosow\" src=\"https:\/\/estyl.pl\/blog\/wp-content\/uploads\/2019\/10\/uppercut_feather_pomada_do_wlosow-300x260.png\" alt=\"uppercut_feather_pomada_do_wlosow\" width=\"250\" height=\"217\" srcset=\"https:\/\/estyl.pl\/blog\/wp-content\/uploads\/2019\/10\/uppercut_feather_pomada_do_wlosow.png 300w, https:\/\/estyl.pl\/blog\/wp-content\/uploads\/2019\/10\/uppercut_feather_pomada_do_wlosow-261x226.png 261w\" sizes=\"(max-width: 250px) 100vw, 250px\" \/><img decoding=\"async\" loading=\"lazy\" class=\"alignnone wp-image-34812\" title=\"joico_structure_conform_pasta_do_w\u0142os\u00f3w\" src=\"https:\/\/estyl.pl\/blog\/wp-content\/uploads\/2019\/10\/joico_structure_conform_100ml-300x300.jpg\" alt=\"joico_structure_conform_pasta_do_w\u0142os\u00f3w\" width=\"250\" height=\"250\" srcset=\"https:\/\/estyl.pl\/blog\/wp-content\/uploads\/2019\/10\/joico_structure_conform_100ml.jpg 300w, https:\/\/estyl.pl\/blog\/wp-content\/uploads\/2019\/10\/joico_structure_conform_100ml-261x261.jpg 261w\" sizes=\"(max-width: 250px) 100vw, 250px\" \/><\/a><\/p>\n<p><span style=\"font-weight: 400;\">Wyb\u00f3r odpowiedniego produktu do stylizacji m\u0119skich w\u0142os\u00f3w zale\u017cy od ich rodzaju. M\u0119\u017cczy\u017ani, kt\u00f3rzy posiadaj\u0105 w\u0142osy trudne do u\u0142o\u017cenia z pewno\u015bci\u0105 b\u0119d\u0105 korzysta\u0107 z mocniejszej pomady czy \u017celu do w\u0142os\u00f3w, aby zachowa\u0107 fryzur\u0119 przez ca\u0142y dzie\u0144 w nienaruszonym stanie. W tym celu polecamy <\/span><a href=\"https:\/\/estyl.pl\/rica-opuntia-oil-for-men-scrunch-gel-extra-hold-zel-utrwalajacy-o-supermocnym-utrwaleniu-125ml\"><span style=\"font-weight: 400;\">\u017cel do w\u0142os\u00f3w Rica Opuntia<\/span><\/a><span style=\"font-weight: 400;\">, kt\u00f3ry posiada bardzo silny stopie\u0144 utrwalenia pukli. Jego g\u0142\u00f3wna zalet\u0105 jest fakt, \u017ce nie skleja i nie obci\u0105\u017ca w\u0142os\u00f3w.<\/span><\/p>\n<p><em><strong>W trakcie wyboru produkt\u00f3w do stylizacji w\u0142os\u00f3w kieruj si\u0119 potrzeb\u0105 w\u0142os\u00f3w oraz swoim komfortem.\u00a0<\/strong><\/em><\/p>\n<p>ZOBACZ R\u00d3WNIE\u017b: <a title=\"Side Part - klasyczna fryzura m\u0119ska!\" href=\"https:\/\/estyl.pl\/blog\/2020\/01\/side-part-klasyczna-fryzura-meska\/?preview=true&amp;preview_id=35936&amp;preview_nonce=b01c456fe1\" target=\"_blank\">Side part \u2013 klasyczna fryzura m\u0119ska!<\/a><\/p>\n<h2><strong>Pompadour &#8211; wiele mo\u017cliwo\u015bci stylizacji w\u0142os\u00f3w<\/strong><\/h2>\n<p><span style=\"font-weight: 400;\">Dzi\u0119ki temu, \u017ce fryzura pompadour jest wielowymiarowa, mo\u017cemy dopasowa\u0107 j\u0105 do swoich potrzeb i upodoba\u0144. Nic wi\u0119c dziwnego, \u017ce sta\u0142a si\u0119 hitem 2019 roku. Poni\u017cej kilka zdj\u0119\u0107 pokazuj\u0105cych, w jaki spos\u00f3b mo\u017cna \u201cbawi\u0107\u201d si\u0119 ulubion\u0105 fryzur\u0105 Elvisa Presley\u2019a. <\/span><\/p>\n<p><span style=\"font-weight: 400;\"><strong>Wyr\u00f3\u017cnia si\u0119 kilka odmian tego rodzaju fryzury, <\/strong>mi\u0119dzy innymi:<\/span><\/p>\n<p><b>Disconnected Pompadour &#8211; <\/b><span style=\"font-weight: 400;\">charakteryzuje si\u0119 bardzo wysoko uniesionymi w\u0142osami ku g\u00f3rze i kr\u00f3tszymi w\u0142osami bo bokach. Aby podkre\u015bli\u0107 ten styl warto dodatkowo uwypukli\u0107 grzyw\u0119, wykonuj\u0105c na niej widocznie zaznaczone kosmyki.\u00a0<\/span><\/p>\n<p style=\"padding-left: 120px;\"><img decoding=\"async\" loading=\"lazy\" class=\"aligncenter wp-image-34816 size-full\" title=\"disconnected-pompadour\" src=\"https:\/\/estyl.pl\/blog\/wp-content\/uploads\/2019\/10\/disconnected-pompadour.jpg\" alt=\"disconnected-pompadour\" width=\"500\" height=\"625\" srcset=\"https:\/\/estyl.pl\/blog\/wp-content\/uploads\/2019\/10\/disconnected-pompadour.jpg 500w, https:\/\/estyl.pl\/blog\/wp-content\/uploads\/2019\/10\/disconnected-pompadour-240x300.jpg 240w, https:\/\/estyl.pl\/blog\/wp-content\/uploads\/2019\/10\/disconnected-pompadour-261x326.jpg 261w\" sizes=\"(max-width: 500px) 100vw, 500px\" \/><\/p>\n<p style=\"text-align: center;\"><span style=\"color: #999999;\">\u0179r\u00f3d\u0142o: IG @yakuzabarber<\/span><\/p>\n<p><b>Wsp\u00f3\u0142czesny Pompadour<\/b><span style=\"font-weight: 400;\"> &#8211; klasycznie podniesiona grzywa do g\u00f3ry w po\u0142\u0105czeniu z subteln\u0105, minimalistyczn\u0105 stylizacj\u0105 daj\u0105 elegancki i \u015bwie\u017cy wygl\u0105d ka\u017cdemu m\u0119\u017cczy\u017anie.\u00a0<\/span><\/p>\n<p style=\"padding-left: 150px;\"><strong><strong>\u00a0<img decoding=\"async\" loading=\"lazy\" class=\"aligncenter wp-image-34819 size-full\" title=\"wspolczesny_pompadour\" src=\"https:\/\/estyl.pl\/blog\/wp-content\/uploads\/2019\/10\/wspolczesny_pompadour.jpg\" alt=\"wspolczesny_pompadour\" width=\"400\" height=\"400\" srcset=\"https:\/\/estyl.pl\/blog\/wp-content\/uploads\/2019\/10\/wspolczesny_pompadour.jpg 400w, https:\/\/estyl.pl\/blog\/wp-content\/uploads\/2019\/10\/wspolczesny_pompadour-300x300.jpg 300w, https:\/\/estyl.pl\/blog\/wp-content\/uploads\/2019\/10\/wspolczesny_pompadour-261x261.jpg 261w\" sizes=\"(max-width: 400px) 100vw, 400px\" \/><\/strong><\/strong><\/p>\n<p style=\"text-align: center;\"><span style=\"color: #999999;\">\u0179r\u00f3d\u0142o:\u00a0menshairstylesnow.com<\/span><\/p>\n<p><b>Klasyczny Pompadour<\/b><span style=\"font-weight: 400;\"> &#8211; od wsp\u00f3\u0142czesnego r\u00f3\u017cni go tylko bardziej elegancka forma wyko\u0144czona b\u0142yszcz\u0105cym produktem do stylizacji w\u0142os\u00f3w.\u00a0<\/span><\/p>\n<p style=\"padding-left: 120px;\"><strong><strong>\u00a0<img decoding=\"async\" loading=\"lazy\" class=\"aligncenter wp-image-34815 size-full\" title=\"Klasyczny_pompadour\" src=\"https:\/\/estyl.pl\/blog\/wp-content\/uploads\/2019\/10\/Klasyczny_pompadour.jpg\" alt=\"Klasyczny_pompadour\" width=\"500\" height=\"469\" srcset=\"https:\/\/estyl.pl\/blog\/wp-content\/uploads\/2019\/10\/Klasyczny_pompadour.jpg 500w, https:\/\/estyl.pl\/blog\/wp-content\/uploads\/2019\/10\/Klasyczny_pompadour-300x281.jpg 300w, https:\/\/estyl.pl\/blog\/wp-content\/uploads\/2019\/10\/Klasyczny_pompadour-261x245.jpg 261w\" sizes=\"(max-width: 500px) 100vw, 500px\" \/><\/strong><\/strong><\/p>\n<p style=\"text-align: center;\"><span style=\"color: #999999;\">\u0179r\u00f3d\u0142o: IG @by_ciprian_ungureanu<\/span><\/p>\n<p><b>Pompadour Fade<\/b><span style=\"font-weight: 400;\"> &#8211; jest to fryzura, kt\u00f3ra polega na stopniowym zanikaniu bok\u00f3w. Zale\u017cy to tylko i wy\u0142\u0105cznie od m\u0119\u017cczyzny, jakiej d\u0142ugo\u015bci b\u0119d\u0105 boki w\u0142os\u00f3w.\u00a0<\/span><\/p>\n<p style=\"padding-left: 180px;\"><strong><strong>\u00a0<img decoding=\"async\" loading=\"lazy\" class=\"aligncenter wp-image-34817 size-full\" title=\"pompadour fade\" src=\"https:\/\/estyl.pl\/blog\/wp-content\/uploads\/2019\/10\/pompadour-fade.jpg\" alt=\"pompadour fade\" width=\"400\" height=\"400\" srcset=\"https:\/\/estyl.pl\/blog\/wp-content\/uploads\/2019\/10\/pompadour-fade.jpg 400w, https:\/\/estyl.pl\/blog\/wp-content\/uploads\/2019\/10\/pompadour-fade-300x300.jpg 300w, https:\/\/estyl.pl\/blog\/wp-content\/uploads\/2019\/10\/pompadour-fade-261x261.jpg 261w\" sizes=\"(max-width: 400px) 100vw, 400px\" \/><\/strong><\/strong><\/p>\n<p style=\"text-align: center;\"><span style=\"color: #999999;\">\u0179r\u00f3d\u0142o:\u00a0www.menshairstyletrends.com<\/span><\/p>\n<p><b>Kr\u00f3tki Pompadour<\/b><span style=\"font-weight: 400;\"> &#8211;\u00a0 jest to rozwi\u0105zanie dla m\u0119\u017cczyzn, kt\u00f3rzy nie przepadaj\u0105 za d\u0142ugimi w\u0142osami. W\u0142osy s\u0105 kr\u00f3tsze, ale r\u00f3wnie\u017c uniesione ku g\u00f3rze.\u00a0<\/span><\/p>\n<p style=\"padding-left: 180px;\"><strong><strong>\u00a0<img decoding=\"async\" loading=\"lazy\" class=\"aligncenter wp-image-34818 size-full\" title=\"krotki_pompadour\" src=\"https:\/\/estyl.pl\/blog\/wp-content\/uploads\/2019\/10\/krotki_pompadour.jpg\" alt=\"krotki_pompadour\" width=\"400\" height=\"400\" srcset=\"https:\/\/estyl.pl\/blog\/wp-content\/uploads\/2019\/10\/krotki_pompadour.jpg 400w, https:\/\/estyl.pl\/blog\/wp-content\/uploads\/2019\/10\/krotki_pompadour-300x300.jpg 300w, https:\/\/estyl.pl\/blog\/wp-content\/uploads\/2019\/10\/krotki_pompadour-261x261.jpg 261w\" sizes=\"(max-width: 400px) 100vw, 400px\" \/><\/strong><\/strong><\/p>\n<p style=\"text-align: center;\"><span style=\"color: #999999;\">\u0179r\u00f3d\u0142o:\u00a0www.menshairstyletrends.com<\/span><\/p>\n<p><b>D\u0142ugi Pompadour <\/b><span style=\"font-weight: 400;\">&#8211; wykonuje si\u0119 go u m\u0119\u017cczyzn, kt\u00f3rzy posiadaj\u0105 \u015brednie i d\u0142ugie w\u0142osy.\u00a0<\/span><\/p>\n<p style=\"text-align: center; padding-left: 60px;\">\u00a0<img decoding=\"async\" loading=\"lazy\" class=\"aligncenter wp-image-34814 size-full\" title=\"Pompadour d\u0142ugi - m\u0119ska stylizacja\" src=\"https:\/\/estyl.pl\/blog\/wp-content\/uploads\/2019\/10\/mens-pompadour-d\u0142ugi.jpg\" alt=\"Pompadour d\u0142ugi - m\u0119ska stylizacja\" width=\"400\" height=\"499\" srcset=\"https:\/\/estyl.pl\/blog\/wp-content\/uploads\/2019\/10\/mens-pompadour-d\u0142ugi.jpg 400w, https:\/\/estyl.pl\/blog\/wp-content\/uploads\/2019\/10\/mens-pompadour-d\u0142ugi-240x300.jpg 240w, https:\/\/estyl.pl\/blog\/wp-content\/uploads\/2019\/10\/mens-pompadour-d\u0142ugi-261x326.jpg 261w\" sizes=\"(max-width: 400px) 100vw, 400px\" \/><\/p>\n<p style=\"text-align: center; padding-left: 60px;\"><span style=\"color: #999999;\">\u0179r\u00f3d\u0142o: IG @Mattyconrad<\/span><\/p>\n<p>\u00a0<em><strong>Pompadour to zdecydowanie styl pasuj\u0105cy do ka\u017cdego m\u0119\u017cczyzny! Jest lu\u017any, a zarazem elegancki i klasyczny. Nic dziwnego, \u017ce styli\u015bci ponownie reaktywowali t\u0119 fryzur\u0119, poniewa\u017c jest ona ponadczasowa i wszechstronna. A czy Ty lubisz ten rodzaj fryzury?<\/strong><\/em><\/p>\n","protected":false},"excerpt":{"rendered":"<p>Stylizacja m\u0119skich w\u0142os\u00f3w to r\u00f3\u017cne ci\u0119cia, ale i r\u00f3\u017cne formy uk\u0142adania w\u0142os\u00f3w. Jedn\u0105 z najpopularniejszych fryzur m\u0119skich w roku 2019 jest pompadour. Stylizacja ta wywodzi si\u0119 z XVIII wieku z Francji i to nie pierwszy jej powr\u00f3t w stylizacji m\u0119skich w\u0142os\u00f3w. Je\u015bli zastanawiasz si\u0119, jak w szybki spos\u00f3b u\u0142o\u017cy\u0107 fryzur\u0119 pompadour, ten artyku\u0142 jest dla [&hellip;]<\/p>\n","protected":false},"author":23,"featured_media":34824,"comment_status":"open","ping_status":"closed","sticky":false,"template":"","format":"standard","meta":{"_eb_attr":""},"categories":[2105,5],"tags":[2661,2660,2662,2663,2659],"acf":[],"yoast_head":"<!-- This site is optimized with the Yoast SEO plugin v20.8 - https:\/\/yoast.com\/wordpress\/plugins\/seo\/ -->\n<title>Pompadour - jak u\u0142o\u017cy\u0107 fryzur\u0119? - Blog | Estyl.pl<\/title>\n<meta name=\"description\" content=\"Najmodniejsza fryzyra 2019 roku, kt\u00f3r\u0105 pokochali m\u0119\u017cczy\u017ani - pompadour. Sprawd\u017a, jakie s\u0105 jej odmiany i jak wykona\u0107 fryzur\u0119, kt\u00f3r\u0105 nosi\u0142 sam Elvis Presley.\" \/>\n<meta name=\"robots\" content=\"index, follow, max-snippet:-1, max-image-preview:large, max-video-preview:-1\" \/>\n<link rel=\"canonical\" href=\"https:\/\/estyl.pl\/blog\/pompadour-jak-ulozyc-fryzure\/\" \/>\n<meta property=\"og:locale\" content=\"pl_PL\" \/>\n<meta property=\"og:type\" content=\"article\" \/>\n<meta property=\"og:title\" content=\"Pompadour - jak u\u0142o\u017cy\u0107 fryzur\u0119? - Blog | Estyl.pl\" \/>\n<meta property=\"og:description\" content=\"Najmodniejsza fryzyra 2019 roku, kt\u00f3r\u0105 pokochali m\u0119\u017cczy\u017ani - pompadour. Sprawd\u017a, jakie s\u0105 jej odmiany i jak wykona\u0107 fryzur\u0119, kt\u00f3r\u0105 nosi\u0142 sam Elvis Presley.\" \/>\n<meta property=\"og:url\" content=\"https:\/\/estyl.pl\/blog\/pompadour-jak-ulozyc-fryzure\/\" \/>\n<meta property=\"og:site_name\" content=\"Blog | Estyl.pl\" \/>\n<meta property=\"article:author\" content=\"kdrogowskakwasnik\" \/>\n<meta property=\"article:published_time\" content=\"2019-10-02T05:16:00+00:00\" \/>\n<meta property=\"article:modified_time\" content=\"2020-01-29T11:51:22+00:00\" \/>\n<meta property=\"og:image\" content=\"https:\/\/estyl.pl\/blog\/wp-content\/uploads\/2019\/10\/Pompadour_jak_ulozyc_fryzure.jpg\" \/>\n\t<meta property=\"og:image:width\" content=\"755\" \/>\n\t<meta property=\"og:image:height\" content=\"315\" \/>\n\t<meta property=\"og:image:type\" content=\"image\/jpeg\" \/>\n<meta name=\"author\" content=\"Karolina\" \/>\n<meta name=\"twitter:label1\" content=\"Napisane przez\" \/>\n\t<meta name=\"twitter:data1\" content=\"Karolina\" \/>\n\t<meta name=\"twitter:label2\" content=\"Szacowany czas czytania\" \/>\n\t<meta name=\"twitter:data2\" content=\"6 minut\" \/>\n<script type=\"application\/ld+json\" class=\"yoast-schema-graph\">{\"@context\":\"https:\/\/schema.org\",\"@graph\":[{\"@type\":\"WebPage\",\"@id\":\"https:\/\/estyl.pl\/blog\/pompadour-jak-ulozyc-fryzure\/\",\"url\":\"https:\/\/estyl.pl\/blog\/pompadour-jak-ulozyc-fryzure\/\",\"name\":\"Pompadour - jak u\u0142o\u017cy\u0107 fryzur\u0119? - Blog | Estyl.pl\",\"isPartOf\":{\"@id\":\"https:\/\/estyl.pl\/blog\/#website\"},\"datePublished\":\"2019-10-02T05:16:00+00:00\",\"dateModified\":\"2020-01-29T11:51:22+00:00\",\"author\":{\"@id\":\"https:\/\/estyl.pl\/blog\/#\/schema\/person\/debe1fb907542b5dc82bccc2029e474f\"},\"description\":\"Najmodniejsza fryzyra 2019 roku, kt\u00f3r\u0105 pokochali m\u0119\u017cczy\u017ani - pompadour. Sprawd\u017a, jakie s\u0105 jej odmiany i jak wykona\u0107 fryzur\u0119, kt\u00f3r\u0105 nosi\u0142 sam Elvis Presley.\",\"breadcrumb\":{\"@id\":\"https:\/\/estyl.pl\/blog\/pompadour-jak-ulozyc-fryzure\/#breadcrumb\"},\"inLanguage\":\"pl-PL\",\"potentialAction\":[{\"@type\":\"ReadAction\",\"target\":[\"https:\/\/estyl.pl\/blog\/pompadour-jak-ulozyc-fryzure\/\"]}]},{\"@type\":\"BreadcrumbList\",\"@id\":\"https:\/\/estyl.pl\/blog\/pompadour-jak-ulozyc-fryzure\/#breadcrumb\",\"itemListElement\":[{\"@type\":\"ListItem\",\"position\":1,\"name\":\"Dla m\u0119\u017cczyzn\",\"item\":\"https:\/\/estyl.pl\/blog\/dla-mezczyzn-2\/\"},{\"@type\":\"ListItem\",\"position\":2,\"name\":\"Pompadour &#8211; jak u\u0142o\u017cy\u0107 fryzur\u0119?\"}]},{\"@type\":\"WebSite\",\"@id\":\"https:\/\/estyl.pl\/blog\/#website\",\"url\":\"https:\/\/estyl.pl\/blog\/\",\"name\":\"Blog | Estyl.pl\",\"description\":\"Kosmetyki do w\u0142os\u00f3w, porady, piel\u0119gnacja, stylizacja\",\"potentialAction\":[{\"@type\":\"SearchAction\",\"target\":{\"@type\":\"EntryPoint\",\"urlTemplate\":\"https:\/\/estyl.pl\/blog\/?s={search_term_string}\"},\"query-input\":\"required name=search_term_string\"}],\"inLanguage\":\"pl-PL\"},{\"@type\":\"Person\",\"@id\":\"https:\/\/estyl.pl\/blog\/#\/schema\/person\/debe1fb907542b5dc82bccc2029e474f\",\"name\":\"Karolina\",\"description\":\"Absolwentka kosmetologii i dietetyki na \u015al\u0105skiej Wy\u017cszej Szkole Medycznej w Katowicach. Ze sklepem Estyl.pl zwi\u0105zana od wielu lat. Wiedz\u0119 na temat produkt\u00f3w zebra\u0142a pracuj\u0105c w sklepie stacjonanym w Katowicach. Aktualnie pracuje jako copywriter, co daje jej du\u017co satysfakcji. Uwielbia testowa\u0107 nowe kosmetyki.\",\"sameAs\":[\"kdrogowskakwasnik\"],\"url\":\"https:\/\/estyl.pl\/blog\/author\/k-mistalsiekiera\/\"}]}<\/script>\n<!-- \/ Yoast SEO plugin. -->","yoast_head_json":{"title":"Pompadour - jak u\u0142o\u017cy\u0107 fryzur\u0119? - Blog | Estyl.pl","description":"Najmodniejsza fryzyra 2019 roku, kt\u00f3r\u0105 pokochali m\u0119\u017cczy\u017ani - pompadour. Sprawd\u017a, jakie s\u0105 jej odmiany i jak wykona\u0107 fryzur\u0119, kt\u00f3r\u0105 nosi\u0142 sam Elvis Presley.","robots":{"index":"index","follow":"follow","max-snippet":"max-snippet:-1","max-image-preview":"max-image-preview:large","max-video-preview":"max-video-preview:-1"},"canonical":"https:\/\/estyl.pl\/blog\/pompadour-jak-ulozyc-fryzure\/","og_locale":"pl_PL","og_type":"article","og_title":"Pompadour - jak u\u0142o\u017cy\u0107 fryzur\u0119? - Blog | Estyl.pl","og_description":"Najmodniejsza fryzyra 2019 roku, kt\u00f3r\u0105 pokochali m\u0119\u017cczy\u017ani - pompadour. Sprawd\u017a, jakie s\u0105 jej odmiany i jak wykona\u0107 fryzur\u0119, kt\u00f3r\u0105 nosi\u0142 sam Elvis Presley.","og_url":"https:\/\/estyl.pl\/blog\/pompadour-jak-ulozyc-fryzure\/","og_site_name":"Blog | Estyl.pl","article_author":"kdrogowskakwasnik","article_published_time":"2019-10-02T05:16:00+00:00","article_modified_time":"2020-01-29T11:51:22+00:00","og_image":[{"width":755,"height":315,"url":"https:\/\/estyl.pl\/blog\/wp-content\/uploads\/2019\/10\/Pompadour_jak_ulozyc_fryzure.jpg","type":"image\/jpeg"}],"author":"Karolina","twitter_misc":{"Napisane przez":"Karolina","Szacowany czas czytania":"6 minut"},"schema":{"@context":"https:\/\/schema.org","@graph":[{"@type":"WebPage","@id":"https:\/\/estyl.pl\/blog\/pompadour-jak-ulozyc-fryzure\/","url":"https:\/\/estyl.pl\/blog\/pompadour-jak-ulozyc-fryzure\/","name":"Pompadour - jak u\u0142o\u017cy\u0107 fryzur\u0119? - Blog | Estyl.pl","isPartOf":{"@id":"https:\/\/estyl.pl\/blog\/#website"},"datePublished":"2019-10-02T05:16:00+00:00","dateModified":"2020-01-29T11:51:22+00:00","author":{"@id":"https:\/\/estyl.pl\/blog\/#\/schema\/person\/debe1fb907542b5dc82bccc2029e474f"},"description":"Najmodniejsza fryzyra 2019 roku, kt\u00f3r\u0105 pokochali m\u0119\u017cczy\u017ani - pompadour. Sprawd\u017a, jakie s\u0105 jej odmiany i jak wykona\u0107 fryzur\u0119, kt\u00f3r\u0105 nosi\u0142 sam Elvis Presley.","breadcrumb":{"@id":"https:\/\/estyl.pl\/blog\/pompadour-jak-ulozyc-fryzure\/#breadcrumb"},"inLanguage":"pl-PL","potentialAction":[{"@type":"ReadAction","target":["https:\/\/estyl.pl\/blog\/pompadour-jak-ulozyc-fryzure\/"]}]},{"@type":"BreadcrumbList","@id":"https:\/\/estyl.pl\/blog\/pompadour-jak-ulozyc-fryzure\/#breadcrumb","itemListElement":[{"@type":"ListItem","position":1,"name":"Dla m\u0119\u017cczyzn","item":"https:\/\/estyl.pl\/blog\/dla-mezczyzn-2\/"},{"@type":"ListItem","position":2,"name":"Pompadour &#8211; jak u\u0142o\u017cy\u0107 fryzur\u0119?"}]},{"@type":"WebSite","@id":"https:\/\/estyl.pl\/blog\/#website","url":"https:\/\/estyl.pl\/blog\/","name":"Blog | Estyl.pl","description":"Kosmetyki do w\u0142os\u00f3w, porady, piel\u0119gnacja, stylizacja","potentialAction":[{"@type":"SearchAction","target":{"@type":"EntryPoint","urlTemplate":"https:\/\/estyl.pl\/blog\/?s={search_term_string}"},"query-input":"required name=search_term_string"}],"inLanguage":"pl-PL"},{"@type":"Person","@id":"https:\/\/estyl.pl\/blog\/#\/schema\/person\/debe1fb907542b5dc82bccc2029e474f","name":"Karolina","description":"Absolwentka kosmetologii i dietetyki na \u015al\u0105skiej Wy\u017cszej Szkole Medycznej w Katowicach. Ze sklepem Estyl.pl zwi\u0105zana od wielu lat. Wiedz\u0119 na temat produkt\u00f3w zebra\u0142a pracuj\u0105c w sklepie stacjonanym w Katowicach. Aktualnie pracuje jako copywriter, co daje jej du\u017co satysfakcji. Uwielbia testowa\u0107 nowe kosmetyki.","sameAs":["kdrogowskakwasnik"],"url":"https:\/\/estyl.pl\/blog\/author\/k-mistalsiekiera\/"}]}},"_links":{"self":[{"href":"https:\/\/estyl.pl\/blog\/wp-json\/wp\/v2\/posts\/34806"}],"collection":[{"href":"https:\/\/estyl.pl\/blog\/wp-json\/wp\/v2\/posts"}],"about":[{"href":"https:\/\/estyl.pl\/blog\/wp-json\/wp\/v2\/types\/post"}],"author":[{"embeddable":true,"href":"https:\/\/estyl.pl\/blog\/wp-json\/wp\/v2\/users\/23"}],"replies":[{"embeddable":true,"href":"https:\/\/estyl.pl\/blog\/wp-json\/wp\/v2\/comments?post=34806"}],"version-history":[{"count":14,"href":"https:\/\/estyl.pl\/blog\/wp-json\/wp\/v2\/posts\/34806\/revisions"}],"predecessor-version":[{"id":36016,"href":"https:\/\/estyl.pl\/blog\/wp-json\/wp\/v2\/posts\/34806\/revisions\/36016"}],"wp:featuredmedia":[{"embeddable":true,"href":"https:\/\/estyl.pl\/blog\/wp-json\/wp\/v2\/media\/34824"}],"wp:attachment":[{"href":"https:\/\/estyl.pl\/blog\/wp-json\/wp\/v2\/media?parent=34806"}],"wp:term":[{"taxonomy":"category","embeddable":true,"href":"https:\/\/estyl.pl\/blog\/wp-json\/wp\/v2\/categories?post=34806"},{"taxonomy":"post_tag","embeddable":true,"href":"https:\/\/estyl.pl\/blog\/wp-json\/wp\/v2\/tags?post=34806"}],"curies":[{"name":"wp","href":"https:\/\/api.w.org\/{rel}","templated":true}]}}