{"id":35028,"date":"2019-10-17T11:39:13","date_gmt":"2019-10-17T09:39:13","guid":{"rendered":"https:\/\/estyl.pl\/blog\/?p=35028"},"modified":"2020-10-02T11:50:42","modified_gmt":"2020-10-02T09:50:42","slug":"dzien-z-caudalie-opinie","status":"publish","type":"post","link":"https:\/\/estyl.pl\/blog\/dzien-z-caudalie-opinie\/","title":{"rendered":"Caudalie opinie klientek &#8211; Dzie\u0144 z mark\u0105!"},"content":{"rendered":"<p><strong>Dzie\u0144 z mark\u0105 Caudalie w sklepie stacjonarnym Estyl w Warszawie.\u00a0<\/strong><\/p>\n<p><span style=\"font-weight: 400;\">Wiele naszych klientek ceni sobie mo\u017cliwo\u015b\u0107 przetestowania produkt\u00f3w przed ich zakupem. W naszym sklepie stacjonarnym w Warszawie posiadamy testery naszych kosmetyk\u00f3w, aby jak najbardziej u\u0142atwi\u0107 kupuj\u0105cym dokonanie w\u0142a\u015bciwej decyzji dotycz\u0105cej wyboru odpowiedniego specyfiku do piel\u0119gnacji w\u0142os\u00f3w, cia\u0142a i twarzy. Ostatnio w naszej filii w stolicy klientki mia\u0142y okazj\u0119 pozna\u0107 o wiele bli\u017cej jedn\u0105 z marek piel\u0119gnacyjnych do twarzy i cia\u0142a &#8211; Caudalie opinie o kosmetykach. Testowanie, rozdawanie pr\u00f3bek, rozmowy z ambasadork\u0105 marki, badanie sk\u00f3ry, a nawet s\u0142odki pocz\u0119stunek &#8211; to wszystko czeka\u0142o na nasze klientki!<\/span><\/p>\n<p><!--more--><\/p>\n<p style=\"padding-left: 90px;\"><img decoding=\"async\" loading=\"lazy\" class=\"aligncenter wp-image-35054 size-full\" title=\"Caudalie Vinopure\" src=\"https:\/\/estyl.pl\/blog\/wp-content\/uploads\/2019\/10\/Vinopure1.jpg\" alt=\"Caudalie Vinopure\" width=\"500\" height=\"236\" srcset=\"https:\/\/estyl.pl\/blog\/wp-content\/uploads\/2019\/10\/Vinopure1.jpg 500w, https:\/\/estyl.pl\/blog\/wp-content\/uploads\/2019\/10\/Vinopure1-300x142.jpg 300w, https:\/\/estyl.pl\/blog\/wp-content\/uploads\/2019\/10\/Vinopure1-261x123.jpg 261w\" sizes=\"(max-width: 500px) 100vw, 500px\" \/><\/p>\n<p><span style=\"font-weight: 400;\">Pierwszym etapem &#8222;Dnia z Caudalie&#8221; by\u0142o <\/span><b>szkolenie produktowe<\/b><span style=\"font-weight: 400;\"> naszych doradc\u00f3w klienta prowadzone przez ambasadork\u0119 marki. W rzeczowy i profesjonalny spos\u00f3b nasi pracownicy zapoznali si\u0119 bli\u017cej ze wszystkimi produktami francuskiej marki, by m\u00f3c jak najlepiej doradzi\u0107 klientom w wyborze odpowiednich produkt\u00f3w do ich cery, wieku, problem\u00f3w sk\u00f3rnych oraz oczekiwanych rezultat\u00f3w. Marka <a title=\"Caudalie kosmetyki\" href=\"https:\/\/estyl.pl\/marka\/caudalie\" target=\"_blank\" rel=\"noopener noreferrer\">Caudalie<\/a> jest w Polsce od niedawna, dlatego poszerzenie wiedzy na jej temat przez naszych pracownik\u00f3w (w\u0142\u0105cznie z przetestowaniem produkt\u00f3w na w\u0142asnej sk\u00f3rze oraz zaznajomieniem si\u0119 z ich zapachami) by\u0142o kluczowe, by z pe\u0142n\u0105 \u015bwiadomo\u015bci\u0105 poleca\u0107 je naszym klientkom.<\/span><\/p>\n<h2><strong>Rozpieszczanie naszych klientek &#8211; to lubimy!<\/strong><\/h2>\n<p><span style=\"font-weight: 400;\">Po cz\u0119\u015bci akademickiej przyszed\u0142 czas na rozpocz\u0119cie oficjalnego &#8222;Dnia z Caudalie&#8221;! Klientki odwiedzaj\u0105ce nasz sklep by\u0142y bardzo pozytywnie zaskoczone, widz\u0105c kilkadziesi\u0105t <\/span><b>pr\u00f3bek kosmetyk\u00f3w Caudalie<\/b><span style=\"font-weight: 400;\"> przygotowanych specjalnie dla nich i gotowych do przetestowania. Konsultantka marki doradza\u0142a w kwestii doboru najlepszych produkt\u00f3w, m\u00f3wi\u0142a o r\u00f3\u017cnicach mi\u0119dzy poszczeg\u00f3lnymi liniami,<\/span><b> informowa\u0142a o sk\u0142adach produkt\u00f3w<\/b><span style=\"font-weight: 400;\"> oraz proekologicznej wizji brandu.<\/span><\/p>\n<p><span style=\"font-weight: 400;\">Klientki odwiedzaj\u0105ce nasz sklep na <a title=\"Estyl.pl Warszawa\" href=\"https:\/\/estyl.pl\/warszawa-gandhi\" target=\"_blank\" rel=\"noopener noreferrer\">ul. Ghandi w Warszawie<\/a> mog\u0142y na \u017cywo zapozna\u0107 si\u0119 z produktami Caudalie, otrzyma\u0107 pr\u00f3bki kosmetyk\u00f3w do przetestowania w domu, a tak\u017ce dokona\u0107<\/span><b> szczeg\u00f3\u0142owej analizy sk\u00f3ry skanerem najnowszej generacji<\/b><span style=\"font-weight: 400;\">. Dzi\u0119ki temu badaniu mo\u017cna bardzo precyzyjnie okre\u015bli\u0107, jakie potrzeby ma nasza sk\u00f3ra, czego oczekuje od codziennej piel\u0119gnacji, czego unika\u0107 i czego mo\u017cna spodziewa\u0107 si\u0119 w przysz\u0142o\u015bci je\u015bli chodzi o jej kondycj\u0119. Na koniec badania ambasadorka marki poleca\u0142a konkretne produkty dopasowane precyzyjnie do potrzeb cery klientki, a tak\u017ce oferowa\u0142a je w minipojemno\u015bciach, by samodzielnie przekona\u0107 si\u0119 o ich niesamowitym dzia\u0142aniu.<\/span><\/p>\n<p><a href=\"https:\/\/estyl.pl\/blog\/wp-content\/uploads\/2019\/10\/anigif1.gif\" rel=\"lightbox[35028]\"><img decoding=\"async\" loading=\"lazy\" class=\"aligncenter wp-image-35058 size-full\" title=\"Caudalie\" src=\"https:\/\/estyl.pl\/blog\/wp-content\/uploads\/2019\/10\/anigif1.gif\" alt=\"Caudalie anigif\" width=\"500\" height=\"500\" \/><\/a><\/p>\n<p><span style=\"font-weight: 400;\">Cz\u0119\u015b\u0107 klientek pojawi\u0142a si\u0119 w naszym sklepie ca\u0142kowicie spontanicznie, za\u015b cz\u0119\u015b\u0107 zosta\u0142a zaproszona na &#8222;Dzie\u0144 z Caudalie&#8221; przy pomocy naszego <\/span><b>dedykowanego newslettera<\/b><span style=\"font-weight: 400;\"> (zapisz si\u0119 do niego <strong><a title=\"Newsletter\" href=\"https:\/\/estyl.pl\/zapisz-sie-do-newslettera-estyl\" target=\"_blank\" rel=\"noopener noreferrer\">tutaj<\/a><\/strong>, by nie przegapi\u0107 kolejnych ciekawych wydarze\u0144 w Warszawie i <a title=\"Estyl.pl Katowice\" href=\"https:\/\/estyl.pl\/katowice-staromiejska\" target=\"_blank\" rel=\"noopener noreferrer\">Katowicach<\/a>!).<\/span><\/p>\n<h2>Marka Caudalie &#8211; dlaczego warto j\u0105 pozna\u0107 bli\u017cej?<\/h2>\n<p>Caudalie (czyt. <i>kodalii<\/i>) formu\u0142uje swoje produkty przy u\u017cyciu maksymalnie naturalnych sk\u0142adnik\u00f3w, szczeg\u00f3lnie aby chroni\u0107 sk\u00f3r\u0119 ka\u017cdej kobiety, a jednocze\u015bnie, by w \u017caden spos\u00f3b nie szkodzi\u0107 \u015brodowisku naturalnemu. W 2006 roku Caudalie wprowadzi\u0142o niesamowit\u0105 innowacj\u0119 w sekcji kosmetycznej &#8211; <strong>usun\u0119\u0142o paraben ze wszystkich swoich produkt\u00f3w<\/strong>. Od tego czasu formu\u0142y Caudalie zawieraj\u0105 konserwanty stosowane przez marki ekologiczne.<\/p>\n<p style=\"padding-left: 120px;\"><img decoding=\"async\" loading=\"lazy\" class=\"aligncenter wp-image-35053 size-full\" title=\"Caudalie PremierCru\" src=\"https:\/\/estyl.pl\/blog\/wp-content\/uploads\/2019\/10\/PremierCru1.jpg\" alt=\"Caudalie PremierCru\" width=\"500\" height=\"236\" srcset=\"https:\/\/estyl.pl\/blog\/wp-content\/uploads\/2019\/10\/PremierCru1.jpg 500w, https:\/\/estyl.pl\/blog\/wp-content\/uploads\/2019\/10\/PremierCru1-300x142.jpg 300w, https:\/\/estyl.pl\/blog\/wp-content\/uploads\/2019\/10\/PremierCru1-261x123.jpg 261w\" sizes=\"(max-width: 500px) 100vw, 500px\" \/><\/p>\n<p><span style=\"font-weight: 400;\">Marka Caudalie \u0142\u0105czy naturalne formu\u0142y opieraj\u0105ce si\u0119 przede wszystkim na <\/span><b>odm\u0142adzaj\u0105cych wyci\u0105gach z winoro\u015bli<\/b><span style=\"font-weight: 400;\">. Kosmetyki podzielone s\u0105 na kilka linii kolorystycznych, ka\u017cda z nich odpowiada na potrzeby okre\u015blonej cery: m\u0142odej z pierwszymi oznakami starzenia, zaczerwienionej i z problemami, dojrza\u0142ej i pozbawionej j\u0119drno\u015bci czy tej z przebarwieniami.<\/span><\/p>\n<h2>Caudalie opinie o kosmetykach naszych klientek<\/h2>\n<p>Poni\u017cej przedstawiamy Wam kilka s\u0142\u00f3w naszych klientek o produktach marki. Poznaj, co my\u015bl\u0105 nasze klientki po mo\u017cliwo\u015bci testowania kosmetyk\u00f3w. Caudalie opinie klientek Estyl.pl:<\/p>\n<p><strong><img decoding=\"async\" loading=\"lazy\" class=\"alignleft wp-image-35042\" title=\"Caudalie pianka oczyszczaj\u0105ca\" src=\"https:\/\/estyl.pl\/blog\/wp-content\/uploads\/2019\/10\/instant-foaming-cleanser-150ml-300x300.jpg\" alt=\"Caudalie pianka oczyszczaj\u0105ca\" width=\"150\" height=\"150\" srcset=\"https:\/\/estyl.pl\/blog\/wp-content\/uploads\/2019\/10\/instant-foaming-cleanser-150ml-300x300.jpg 300w, https:\/\/estyl.pl\/blog\/wp-content\/uploads\/2019\/10\/instant-foaming-cleanser-150ml-580x580.jpg 580w, https:\/\/estyl.pl\/blog\/wp-content\/uploads\/2019\/10\/instant-foaming-cleanser-150ml-755x755.jpg 755w, https:\/\/estyl.pl\/blog\/wp-content\/uploads\/2019\/10\/instant-foaming-cleanser-150ml-261x261.jpg 261w, https:\/\/estyl.pl\/blog\/wp-content\/uploads\/2019\/10\/instant-foaming-cleanser-150ml.jpg 800w\" sizes=\"(max-width: 150px) 100vw, 150px\" \/><\/strong><\/p>\n<p>&nbsp;<\/p>\n<p><strong>Ewa\u00a0&#8211; <\/strong><em>&#8222;Cudowny kosmetyk, m\u00f3j numer 1 w demakija\u017cu. Bardzo delikatna i lekka konsystencja, za to dzia\u0142anie &#8211; bezb\u0142\u0119dne! Po pe\u0142nym makija\u017cu nie ma \u015bladu, cera jest b\u0142yskawicznie oczyszczona, radzi sobie nawet z wodoodpornym tuszem i mocno kryj\u0105cym podk\u0142adem. Delikatny, lekki zapach. Bardzo wydajny kosmetyk i super sk\u0142ad. Polecam!&#8221; (<\/em><a title=\"Caudalie pianka oczyszczaj\u0105ca\" href=\"https:\/\/estyl.pl\/instant-foaming-cleanser-pianka-oczyszczajaca-150ml\" target=\"_blank\" rel=\"noopener noreferrer\">Instant Foaming Cleanser &#8211; Pianka oczyszczaj\u0105ca<\/a>)<\/p>\n<p>&nbsp;<\/p>\n<p><strong><img decoding=\"async\" loading=\"lazy\" class=\"alignleft wp-image-35043\" title=\"Caudalie wyj\u0105tkowy olejek\" src=\"https:\/\/estyl.pl\/blog\/wp-content\/uploads\/2019\/10\/divine-oil-50ml-300x300.jpg\" alt=\"Caudalie wyj\u0105tkowy olejek\" width=\"150\" height=\"150\" srcset=\"https:\/\/estyl.pl\/blog\/wp-content\/uploads\/2019\/10\/divine-oil-50ml-300x300.jpg 300w, https:\/\/estyl.pl\/blog\/wp-content\/uploads\/2019\/10\/divine-oil-50ml-580x580.jpg 580w, https:\/\/estyl.pl\/blog\/wp-content\/uploads\/2019\/10\/divine-oil-50ml-755x755.jpg 755w, https:\/\/estyl.pl\/blog\/wp-content\/uploads\/2019\/10\/divine-oil-50ml-261x261.jpg 261w, https:\/\/estyl.pl\/blog\/wp-content\/uploads\/2019\/10\/divine-oil-50ml.jpg 800w\" sizes=\"(max-width: 150px) 100vw, 150px\" \/><\/strong><\/p>\n<p>&nbsp;<\/p>\n<p><strong>Anna<\/strong> &#8211; <em>&#8222;Cudownie nawil\u017ca i pachnie&#8230;..&#8221; (<\/em><a title=\"Caudalie wyj\u0105tkowy olejek\" href=\"https:\/\/estyl.pl\/divine-wyjatkowy-olejek-50ml\" target=\"_blank\" rel=\"noopener noreferrer\">Divine &#8211; Wyj\u0105tkowy Olejek<\/a>)<\/p>\n<p>&nbsp;<\/p>\n<p>&nbsp;<\/p>\n<p>&nbsp;<\/p>\n<p><img decoding=\"async\" loading=\"lazy\" class=\"alignleft wp-image-35044\" title=\"Caudalie krem przeciws\u0142oneczny\" src=\"https:\/\/estyl.pl\/blog\/wp-content\/uploads\/2019\/10\/face-suncare-spf50-square-300x300.jpg\" alt=\"Caudalie krem przeciws\u0142oneczny\" width=\"150\" height=\"150\" srcset=\"https:\/\/estyl.pl\/blog\/wp-content\/uploads\/2019\/10\/face-suncare-spf50-square-300x300.jpg 300w, https:\/\/estyl.pl\/blog\/wp-content\/uploads\/2019\/10\/face-suncare-spf50-square-580x580.jpg 580w, https:\/\/estyl.pl\/blog\/wp-content\/uploads\/2019\/10\/face-suncare-spf50-square-755x755.jpg 755w, https:\/\/estyl.pl\/blog\/wp-content\/uploads\/2019\/10\/face-suncare-spf50-square-261x261.jpg 261w, https:\/\/estyl.pl\/blog\/wp-content\/uploads\/2019\/10\/face-suncare-spf50-square.jpg 1500w\" sizes=\"(max-width: 150px) 100vw, 150px\" \/><strong>Agnieszka\u00a0<\/strong>&#8211; <em>&#8222;Bardzo polecam ten krem, bardzo wysoki filtr, maksymalna ochrona, a jednocze\u015bnie mo\u017ce z powodzeniem by\u0107 stosowany pod makija\u017c. Must-have dla os\u00f3b stosuj\u0105cych kwasy. Niezast\u0105piony podczas okresu wakacyjnego. Nie lubi\u0119 si\u0119 opala\u0107, cera te\u017c tego nie znosi, a dzi\u0119ki temu kremowi sk\u00f3ra pozostaje nawil\u017cona i zabezpieczona nawet w najwi\u0119ksze upa\u0142y. \u017badnych niespodziewanych przebarwie\u0144 czy nadprogramowych pieg\u00f3w! Bardzo wydajny i przyjemny w stosowaniu.&#8221; (<\/em><a title=\"Caudalie krem przeciws\u0142oneczny\" href=\"https:\/\/estyl.pl\/suncare-spf50-krem-przeciwsloneczny-i-przeciwzmarszczkowy-do-twarzy-50ml\" target=\"_blank\" rel=\"noopener noreferrer\">Suncare SPF50 &#8211; Krem przeciws\u0142oneczny i przeciwzmarszczkowy do twarzy<\/a>)<\/p>\n<p>&nbsp;<\/p>\n<p><strong><img decoding=\"async\" loading=\"lazy\" class=\"alignleft wp-image-35046\" title=\"Caudalie woda orze\u017awiaj\u0105ca\" src=\"https:\/\/estyl.pl\/blog\/wp-content\/uploads\/2019\/10\/fresh-fragrance-tdv_1-300x300.jpg\" alt=\"Caudalie woda orze\u017awiaj\u0105ca\" width=\"150\" height=\"150\" srcset=\"https:\/\/estyl.pl\/blog\/wp-content\/uploads\/2019\/10\/fresh-fragrance-tdv_1-300x300.jpg 300w, https:\/\/estyl.pl\/blog\/wp-content\/uploads\/2019\/10\/fresh-fragrance-tdv_1-580x580.jpg 580w, https:\/\/estyl.pl\/blog\/wp-content\/uploads\/2019\/10\/fresh-fragrance-tdv_1-755x755.jpg 755w, https:\/\/estyl.pl\/blog\/wp-content\/uploads\/2019\/10\/fresh-fragrance-tdv_1-261x261.jpg 261w, https:\/\/estyl.pl\/blog\/wp-content\/uploads\/2019\/10\/fresh-fragrance-tdv_1.jpg 800w\" sizes=\"(max-width: 150px) 100vw, 150px\" \/>Ola\u00a0<\/strong>&#8211; &#8222;<em>Flagowy zapach marki Caudalie. Po spryskaniu si\u0119 nim nie mam w\u0105tpliwo\u015bci, dlaczego zosta\u0142 wybrany jako numer 1! Bardzo kobiecy, lekki, a jednak g\u0142\u0119boki, pasuje na wiele okazji. Nie jest dusz\u0105cy, cudownie rozwija si\u0119 na sk\u00f3rze, \u0142\u0105czy kwaskowato\u015b\u0107 cytrus\u00f3w i drapie\u017cno\u015b\u0107 oraz dziko\u015b\u0107 pi\u017cma. Wyborny zapach, na pewno uwiedzie niejeden m\u0119ski nos :)&#8221; (<\/em><a title=\"Caudalie orze\u017cwiaj\u0105ca woda\" href=\"https:\/\/estyl.pl\/the-des-vignes-orzezwiajaca-woda-100ml\" target=\"_blank\" rel=\"noopener noreferrer\">The Des Vignes &#8211; Orze\u017awiaj\u0105ca woda<\/a>)<\/p>\n<p>&nbsp;<\/p>\n<p><strong><img decoding=\"async\" loading=\"lazy\" class=\"alignleft wp-image-35047\" title=\"Caudalie krem do r\u0105k\" src=\"https:\/\/estyl.pl\/blog\/wp-content\/uploads\/2019\/10\/hand-and-nail-cream-300x300.jpg\" alt=\"Caudalie krem do r\u0105k\" width=\"150\" height=\"150\" srcset=\"https:\/\/estyl.pl\/blog\/wp-content\/uploads\/2019\/10\/hand-and-nail-cream-300x300.jpg 300w, https:\/\/estyl.pl\/blog\/wp-content\/uploads\/2019\/10\/hand-and-nail-cream-580x580.jpg 580w, https:\/\/estyl.pl\/blog\/wp-content\/uploads\/2019\/10\/hand-and-nail-cream-755x755.jpg 755w, https:\/\/estyl.pl\/blog\/wp-content\/uploads\/2019\/10\/hand-and-nail-cream-261x261.jpg 261w, https:\/\/estyl.pl\/blog\/wp-content\/uploads\/2019\/10\/hand-and-nail-cream.jpg 800w\" sizes=\"(max-width: 150px) 100vw, 150px\" \/>Paulina<\/strong> &#8211; &#8222;<em>Bardzo dobrze nawil\u017ca d\u0142onie, ma cudown\u0105 aksamitn\u0105 formu\u0142\u0119, szybko si\u0119 wch\u0142ania i postawia uczucie takiej jedwabistej, mi\u0119ciutkiej i od\u017cywionej sk\u00f3ry. Bardzo fajny efekt, nie spotka\u0142am si\u0119 jeszcze z czym\u015b takim stosuj\u0105c inne kremy. Zapach bardzo przyjemny, lekki, a jednocze\u015bnie elegancki, nie dra\u017cni. Smaruj\u0119 d\u0142onie 2-3 razy dziennie i ju\u017c po kilku dniach zapomnia\u0142am o przesuszonej sk\u00f3rze i p\u0119kni\u0119ciach. Teraz uwielbiam dotyka\u0107 moje d\u0142onie :<\/em>)&#8221; (<a title=\"Caudalie krem do r\u0105k\" href=\"https:\/\/estyl.pl\/hand-and-nail-krem-do-rak-i-paznokci-75ml\" target=\"_blank\" rel=\"noopener noreferrer\">Hand And Nail &#8211; Krem do r\u0105k i paznokci<\/a>)<\/p>\n<p>&nbsp;<\/p>\n<p>Caudalie to marka przywi\u0105zana do przyrody i \u015brodowiska. Cel marki jest prosty: wyr\u00f3\u017cnia\u0107 si\u0119 naturalnie wyst\u0119puj\u0105cymi komponentami. Aby uhonorowa\u0107 pi\u0119kno ka\u017cdej kobiety, marka oferuje piel\u0119gnacj\u0119 twarzy, piel\u0119gnacj\u0119 cia\u0142a, specjalne kolekcje i zestawy na prezenty. Ka\u017cdy rodzaj sk\u00f3ry znajdzie dostosowany do swoich potrzeb program piel\u0119gnacyjny. W swoich sk\u0142adnikach Caudalie opiera si\u0119 g\u0142\u00f3wnie na wodzie z winogron, winiferynie, resweratrolu i polifenolach.<\/p>\n","protected":false},"excerpt":{"rendered":"<p>Dzie\u0144 z mark\u0105 Caudalie w sklepie stacjonarnym Estyl w Warszawie.\u00a0 Wiele naszych klientek ceni sobie mo\u017cliwo\u015b\u0107 przetestowania produkt\u00f3w przed ich zakupem. W naszym sklepie stacjonarnym w Warszawie posiadamy testery naszych kosmetyk\u00f3w, aby jak najbardziej u\u0142atwi\u0107 kupuj\u0105cym dokonanie w\u0142a\u015bciwej decyzji dotycz\u0105cej wyboru odpowiedniego specyfiku do piel\u0119gnacji w\u0142os\u00f3w, cia\u0142a i twarzy. Ostatnio w naszej filii w stolicy [&hellip;]<\/p>\n","protected":false},"author":23,"featured_media":35063,"comment_status":"open","ping_status":"closed","sticky":false,"template":"","format":"standard","meta":{"_eb_attr":""},"categories":[2091,3,2094],"tags":[2670,2671],"acf":[],"yoast_head":"<!-- This site is optimized with the Yoast SEO plugin v20.8 - https:\/\/yoast.com\/wordpress\/plugins\/seo\/ -->\n<title>Caudalie opinie klientek - Dzie\u0144 z mark\u0105! - Blog | Estyl.pl<\/title>\n<meta name=\"description\" content=\"Francuska marka kosmetyk\u00f3w dost\u0119pna na Estyl.pl - Caudalie opinie o kosmetykach naszych klient\u00f3w. Dzie\u0144 z mark\u0105 tylko w naszych sklepach!\" \/>\n<meta name=\"robots\" content=\"index, follow, max-snippet:-1, max-image-preview:large, max-video-preview:-1\" \/>\n<link rel=\"canonical\" href=\"https:\/\/estyl.pl\/blog\/dzien-z-caudalie-opinie\/\" \/>\n<meta property=\"og:locale\" content=\"pl_PL\" \/>\n<meta property=\"og:type\" content=\"article\" \/>\n<meta property=\"og:title\" content=\"Caudalie opinie klientek - Dzie\u0144 z mark\u0105! - Blog | Estyl.pl\" \/>\n<meta property=\"og:description\" content=\"Francuska marka kosmetyk\u00f3w dost\u0119pna na Estyl.pl - Caudalie opinie o kosmetykach naszych klient\u00f3w. Dzie\u0144 z mark\u0105 tylko w naszych sklepach!\" \/>\n<meta property=\"og:url\" content=\"https:\/\/estyl.pl\/blog\/dzien-z-caudalie-opinie\/\" \/>\n<meta property=\"og:site_name\" content=\"Blog | Estyl.pl\" \/>\n<meta property=\"article:author\" content=\"kdrogowskakwasnik\" \/>\n<meta property=\"article:published_time\" content=\"2019-10-17T09:39:13+00:00\" \/>\n<meta property=\"article:modified_time\" content=\"2020-10-02T09:50:42+00:00\" \/>\n<meta property=\"og:image\" content=\"https:\/\/estyl.pl\/blog\/wp-content\/uploads\/2019\/10\/caudalie_banner.jpg\" \/>\n\t<meta property=\"og:image:width\" content=\"755\" \/>\n\t<meta property=\"og:image:height\" content=\"315\" \/>\n\t<meta property=\"og:image:type\" content=\"image\/jpeg\" \/>\n<meta name=\"author\" content=\"Karolina\" \/>\n<meta name=\"twitter:label1\" content=\"Napisane przez\" \/>\n\t<meta name=\"twitter:data1\" content=\"Karolina\" \/>\n\t<meta name=\"twitter:label2\" content=\"Szacowany czas czytania\" \/>\n\t<meta name=\"twitter:data2\" content=\"5 minut\" \/>\n<script type=\"application\/ld+json\" class=\"yoast-schema-graph\">{\"@context\":\"https:\/\/schema.org\",\"@graph\":[{\"@type\":\"WebPage\",\"@id\":\"https:\/\/estyl.pl\/blog\/dzien-z-caudalie-opinie\/\",\"url\":\"https:\/\/estyl.pl\/blog\/dzien-z-caudalie-opinie\/\",\"name\":\"Caudalie opinie klientek - Dzie\u0144 z mark\u0105! - Blog | Estyl.pl\",\"isPartOf\":{\"@id\":\"https:\/\/estyl.pl\/blog\/#website\"},\"datePublished\":\"2019-10-17T09:39:13+00:00\",\"dateModified\":\"2020-10-02T09:50:42+00:00\",\"author\":{\"@id\":\"https:\/\/estyl.pl\/blog\/#\/schema\/person\/debe1fb907542b5dc82bccc2029e474f\"},\"description\":\"Francuska marka kosmetyk\u00f3w dost\u0119pna na Estyl.pl - Caudalie opinie o kosmetykach naszych klient\u00f3w. Dzie\u0144 z mark\u0105 tylko w naszych sklepach!\",\"breadcrumb\":{\"@id\":\"https:\/\/estyl.pl\/blog\/dzien-z-caudalie-opinie\/#breadcrumb\"},\"inLanguage\":\"pl-PL\",\"potentialAction\":[{\"@type\":\"ReadAction\",\"target\":[\"https:\/\/estyl.pl\/blog\/dzien-z-caudalie-opinie\/\"]}]},{\"@type\":\"BreadcrumbList\",\"@id\":\"https:\/\/estyl.pl\/blog\/dzien-z-caudalie-opinie\/#breadcrumb\",\"itemListElement\":[{\"@type\":\"ListItem\",\"position\":1,\"name\":\"Lifestyle\",\"item\":\"https:\/\/estyl.pl\/blog\/lifestyle-2\/\"},{\"@type\":\"ListItem\",\"position\":2,\"name\":\"Caudalie opinie klientek &#8211; Dzie\u0144 z mark\u0105!\"}]},{\"@type\":\"WebSite\",\"@id\":\"https:\/\/estyl.pl\/blog\/#website\",\"url\":\"https:\/\/estyl.pl\/blog\/\",\"name\":\"Blog | Estyl.pl\",\"description\":\"Kosmetyki do w\u0142os\u00f3w, porady, piel\u0119gnacja, stylizacja\",\"potentialAction\":[{\"@type\":\"SearchAction\",\"target\":{\"@type\":\"EntryPoint\",\"urlTemplate\":\"https:\/\/estyl.pl\/blog\/?s={search_term_string}\"},\"query-input\":\"required name=search_term_string\"}],\"inLanguage\":\"pl-PL\"},{\"@type\":\"Person\",\"@id\":\"https:\/\/estyl.pl\/blog\/#\/schema\/person\/debe1fb907542b5dc82bccc2029e474f\",\"name\":\"Karolina\",\"description\":\"Absolwentka kosmetologii i dietetyki na \u015al\u0105skiej Wy\u017cszej Szkole Medycznej w Katowicach. Ze sklepem Estyl.pl zwi\u0105zana od wielu lat. Wiedz\u0119 na temat produkt\u00f3w zebra\u0142a pracuj\u0105c w sklepie stacjonanym w Katowicach. Aktualnie pracuje jako copywriter, co daje jej du\u017co satysfakcji. Uwielbia testowa\u0107 nowe kosmetyki.\",\"sameAs\":[\"kdrogowskakwasnik\"],\"url\":\"https:\/\/estyl.pl\/blog\/author\/k-mistalsiekiera\/\"}]}<\/script>\n<!-- \/ Yoast SEO plugin. -->","yoast_head_json":{"title":"Caudalie opinie klientek - Dzie\u0144 z mark\u0105! - Blog | Estyl.pl","description":"Francuska marka kosmetyk\u00f3w dost\u0119pna na Estyl.pl - Caudalie opinie o kosmetykach naszych klient\u00f3w. Dzie\u0144 z mark\u0105 tylko w naszych sklepach!","robots":{"index":"index","follow":"follow","max-snippet":"max-snippet:-1","max-image-preview":"max-image-preview:large","max-video-preview":"max-video-preview:-1"},"canonical":"https:\/\/estyl.pl\/blog\/dzien-z-caudalie-opinie\/","og_locale":"pl_PL","og_type":"article","og_title":"Caudalie opinie klientek - Dzie\u0144 z mark\u0105! - Blog | Estyl.pl","og_description":"Francuska marka kosmetyk\u00f3w dost\u0119pna na Estyl.pl - Caudalie opinie o kosmetykach naszych klient\u00f3w. Dzie\u0144 z mark\u0105 tylko w naszych sklepach!","og_url":"https:\/\/estyl.pl\/blog\/dzien-z-caudalie-opinie\/","og_site_name":"Blog | Estyl.pl","article_author":"kdrogowskakwasnik","article_published_time":"2019-10-17T09:39:13+00:00","article_modified_time":"2020-10-02T09:50:42+00:00","og_image":[{"width":755,"height":315,"url":"https:\/\/estyl.pl\/blog\/wp-content\/uploads\/2019\/10\/caudalie_banner.jpg","type":"image\/jpeg"}],"author":"Karolina","twitter_misc":{"Napisane przez":"Karolina","Szacowany czas czytania":"5 minut"},"schema":{"@context":"https:\/\/schema.org","@graph":[{"@type":"WebPage","@id":"https:\/\/estyl.pl\/blog\/dzien-z-caudalie-opinie\/","url":"https:\/\/estyl.pl\/blog\/dzien-z-caudalie-opinie\/","name":"Caudalie opinie klientek - Dzie\u0144 z mark\u0105! - Blog | Estyl.pl","isPartOf":{"@id":"https:\/\/estyl.pl\/blog\/#website"},"datePublished":"2019-10-17T09:39:13+00:00","dateModified":"2020-10-02T09:50:42+00:00","author":{"@id":"https:\/\/estyl.pl\/blog\/#\/schema\/person\/debe1fb907542b5dc82bccc2029e474f"},"description":"Francuska marka kosmetyk\u00f3w dost\u0119pna na Estyl.pl - Caudalie opinie o kosmetykach naszych klient\u00f3w. Dzie\u0144 z mark\u0105 tylko w naszych sklepach!","breadcrumb":{"@id":"https:\/\/estyl.pl\/blog\/dzien-z-caudalie-opinie\/#breadcrumb"},"inLanguage":"pl-PL","potentialAction":[{"@type":"ReadAction","target":["https:\/\/estyl.pl\/blog\/dzien-z-caudalie-opinie\/"]}]},{"@type":"BreadcrumbList","@id":"https:\/\/estyl.pl\/blog\/dzien-z-caudalie-opinie\/#breadcrumb","itemListElement":[{"@type":"ListItem","position":1,"name":"Lifestyle","item":"https:\/\/estyl.pl\/blog\/lifestyle-2\/"},{"@type":"ListItem","position":2,"name":"Caudalie opinie klientek &#8211; Dzie\u0144 z mark\u0105!"}]},{"@type":"WebSite","@id":"https:\/\/estyl.pl\/blog\/#website","url":"https:\/\/estyl.pl\/blog\/","name":"Blog | Estyl.pl","description":"Kosmetyki do w\u0142os\u00f3w, porady, piel\u0119gnacja, stylizacja","potentialAction":[{"@type":"SearchAction","target":{"@type":"EntryPoint","urlTemplate":"https:\/\/estyl.pl\/blog\/?s={search_term_string}"},"query-input":"required name=search_term_string"}],"inLanguage":"pl-PL"},{"@type":"Person","@id":"https:\/\/estyl.pl\/blog\/#\/schema\/person\/debe1fb907542b5dc82bccc2029e474f","name":"Karolina","description":"Absolwentka kosmetologii i dietetyki na \u015al\u0105skiej Wy\u017cszej Szkole Medycznej w Katowicach. Ze sklepem Estyl.pl zwi\u0105zana od wielu lat. Wiedz\u0119 na temat produkt\u00f3w zebra\u0142a pracuj\u0105c w sklepie stacjonanym w Katowicach. Aktualnie pracuje jako copywriter, co daje jej du\u017co satysfakcji. Uwielbia testowa\u0107 nowe kosmetyki.","sameAs":["kdrogowskakwasnik"],"url":"https:\/\/estyl.pl\/blog\/author\/k-mistalsiekiera\/"}]}},"_links":{"self":[{"href":"https:\/\/estyl.pl\/blog\/wp-json\/wp\/v2\/posts\/35028"}],"collection":[{"href":"https:\/\/estyl.pl\/blog\/wp-json\/wp\/v2\/posts"}],"about":[{"href":"https:\/\/estyl.pl\/blog\/wp-json\/wp\/v2\/types\/post"}],"author":[{"embeddable":true,"href":"https:\/\/estyl.pl\/blog\/wp-json\/wp\/v2\/users\/23"}],"replies":[{"embeddable":true,"href":"https:\/\/estyl.pl\/blog\/wp-json\/wp\/v2\/comments?post=35028"}],"version-history":[{"count":17,"href":"https:\/\/estyl.pl\/blog\/wp-json\/wp\/v2\/posts\/35028\/revisions"}],"predecessor-version":[{"id":36928,"href":"https:\/\/estyl.pl\/blog\/wp-json\/wp\/v2\/posts\/35028\/revisions\/36928"}],"wp:featuredmedia":[{"embeddable":true,"href":"https:\/\/estyl.pl\/blog\/wp-json\/wp\/v2\/media\/35063"}],"wp:attachment":[{"href":"https:\/\/estyl.pl\/blog\/wp-json\/wp\/v2\/media?parent=35028"}],"wp:term":[{"taxonomy":"category","embeddable":true,"href":"https:\/\/estyl.pl\/blog\/wp-json\/wp\/v2\/categories?post=35028"},{"taxonomy":"post_tag","embeddable":true,"href":"https:\/\/estyl.pl\/blog\/wp-json\/wp\/v2\/tags?post=35028"}],"curies":[{"name":"wp","href":"https:\/\/api.w.org\/{rel}","templated":true}]}}