{"id":35425,"date":"2019-11-19T12:44:35","date_gmt":"2019-11-19T10:44:35","guid":{"rendered":"https:\/\/estyl.pl\/blog\/?p=35425"},"modified":"2020-01-29T13:51:36","modified_gmt":"2020-01-29T11:51:36","slug":"jaka-broda-do-ksztaltu-twarzy-jest-idealna","status":"publish","type":"post","link":"https:\/\/estyl.pl\/blog\/jaka-broda-do-ksztaltu-twarzy-jest-idealna\/","title":{"rendered":"Jaka broda do kszta\u0142tu twarzy jest idealna?"},"content":{"rendered":"<p>Moda na zarost u m\u0119\u017cczyzn trwa ju\u017c kilka sezon\u00f3w. Panowie ochoczo przyj\u0119li ten nowy trend i z entuzjazmem do\u0142\u0105czaj\u0105 do grona tak zwanych \u201cbrodaczy\u201d. Samo zapuszczenie brody to nie wszystko! Aby wygl\u0105da\u0142a ona \u0142adnie, warto pozna\u0107, jaka broda do kszta\u0142tu twarzy jest idealna w\u0142a\u015bnie dla Ciebie. A wi\u0119c zaczynamy!\u00a0<!--more--><\/p>\n<p style=\"padding-left: 90px;\"><img decoding=\"async\" loading=\"lazy\" class=\"aligncenter wp-image-35432 size-full\" title=\"jaka broda do kszta\u0142tu twarzy\" src=\"https:\/\/estyl.pl\/blog\/wp-content\/uploads\/2019\/11\/GettyImages-691910455.jpg\" alt=\"jaka broda do kszta\u0142tu twarzy\" width=\"500\" height=\"333\" srcset=\"https:\/\/estyl.pl\/blog\/wp-content\/uploads\/2019\/11\/GettyImages-691910455.jpg 500w, https:\/\/estyl.pl\/blog\/wp-content\/uploads\/2019\/11\/GettyImages-691910455-300x200.jpg 300w, https:\/\/estyl.pl\/blog\/wp-content\/uploads\/2019\/11\/GettyImages-691910455-261x174.jpg 261w, https:\/\/estyl.pl\/blog\/wp-content\/uploads\/2019\/11\/GettyImages-691910455-212x140.jpg 212w\" sizes=\"(max-width: 500px) 100vw, 500px\" \/><\/p>\n<h2><strong>Jak zapu\u015bci\u0107 brod\u0119?\u00a0<\/strong><\/h2>\n<p><span style=\"font-weight: 400;\">Zanim zaczniemy m\u00f3wi\u0107 o kszta\u0142tach twarzy i rodzajach brody, kt\u00f3re im pasuj\u0105, warto zastanowi\u0107 si\u0119, jak powinno wygl\u0105da\u0107 zapuszczenie brody. Bo przecie\u017c bez tego ani rusz w wyborze jej kszta\u0142tu. O charakterystyce zarostu i zasadach jej zapuszczania pisali\u015bmy w artykule \u201c<\/span><a href=\"https:\/\/estyl.pl\/blog\/2019\/10\/jak-zapuscic-brode-w-krotkim-czasie\/\"><b>Jak zapu\u015bci\u0107 brod\u0119 w kr\u00f3tkim czasie?<\/b><\/a><b>\u201d. <\/b><span style=\"font-weight: 400;\"><strong>Jedn\u0105 z najwa\u017cniejszych zasad w trakcie zapuszczania zarostu jest z pewno\u015bci\u0105 du\u017co cierpliwo\u015bci oraz dbanie o prawid\u0142ow\u0105 piel\u0119gnacj\u0119 brody.<\/strong> Z artyku\u0142u dowiecie si\u0119 r\u00f3wnie\u017c, czy dieta ma wp\u0142yw na szybko\u015b\u0107 i wzrost zarostu oraz co zrobi\u0107, aby by\u0142a g\u0119stsza.\u00a0<\/span><\/p>\n<h2><strong>Jaka broda pasuje mi do kszta\u0142tu twarzy?<\/strong><\/h2>\n<p><span style=\"font-weight: 400;\">Aby odpowiedzie\u0107 sobie na pytanie \u201cJaka broda pasuje mi do kszta\u0142tu twarzy?\u201d musimy ustali\u0107 kszta\u0142t twarzy. Jak to zrobi\u0107? <strong>Wystarczy, \u017ce we\u017amiesz miark\u0119 krawieck\u0105 (elastyczn\u0105), a nast\u0119pnie wykonasz pomiary:<\/strong><\/span><\/p>\n<ol>\n<li style=\"font-weight: 400;\"><span style=\"color: #000000;\"><b>Czo\u0142o<\/b><span style=\"font-weight: 400;\"> &#8211; od jednego szczytu brwiowego do drugiego.\u00a0<\/span><\/span><\/li>\n<li style=\"font-weight: 400;\"><span style=\"color: #000000;\"><b>Ko\u015bci policzkowe<\/b><span style=\"font-weight: 400;\"> &#8211; powinno si\u0119 je mierzy\u0107, zaczynaj\u0105c i ko\u0144cz\u0105c od najbardziej wysuni\u0119tej cz\u0119\u015bci poni\u017cej zewn\u0119trznego k\u0105cika oka.<\/span><\/span><\/li>\n<li style=\"font-weight: 400;\"><span style=\"color: #000000;\"><b>Linia szcz\u0119ki <\/b><span style=\"font-weight: 400;\">&#8211; mierzymy od czubka podbr\u00f3dka do ucha, a wynik mno\u017cymy razy dwa.<\/span><\/span><\/li>\n<li style=\"font-weight: 400;\"><span style=\"color: #000000;\"><b>D\u0142ugo\u015b\u0107 twarzy<\/b><span style=\"font-weight: 400;\"> &#8211; rozpocznij mierzenie od \u015brodka linii w\u0142os\u00f3w do czubka podbr\u00f3dka.<\/span><\/span><\/li>\n<\/ol>\n<p>Je\u015bli wykona\u0142e\u015b pomiary i masz ju\u017c cztery wyniki, zwr\u00f3\u0107 uwag\u0119 na najwi\u0119kszy z nich. B\u0119dzie on wyznacznikiem tego, jaki kszta\u0142t twarzy posiadasz.<\/p>\n<h3><b>Poznaj 7 podstawowych kszta\u0142t\u00f3w twarzy!<\/b><\/h3>\n<p><span style=\"font-weight: 400;\">Najbardziej podstawowym i znanym w \u015brodowisku fryzjerskim jest podzia\u0142 kszta\u0142tu twarzy na 7 form. Przyjrzyjmy si\u0119 im bli\u017cej, aby \u0142atwiej by\u0142o nam stwierdzi\u0107, jaka broda do kszta\u0142tu Twojej twarzy jest odpowiednia.<\/span><\/p>\n<p><span style=\"color: #000000;\"><strong>Wyr\u00f3\u017cniamy kszta\u0142ty:<\/strong><\/span><\/p>\n<ol>\n<li style=\"font-weight: 400;\"><span style=\"color: #000000;\"><b>Owalny<\/b><span style=\"font-weight: 400;\"> &#8211; charakteryzuje si\u0119 tym,\u00a0 \u017ce d\u0142ugo\u015b\u0107 twarzy jest zdecydowanie wi\u0119ksza od jej szeroko\u015bci. dodatkowo czo\u0142o jest wi\u0119ksze ni\u017c linia \u017cuchwy. Sama szcz\u0119ka ma bardziej zaokr\u0105glony kszta\u0142t.\u00a0<\/span><\/span><\/li>\n<li style=\"font-weight: 400;\"><span style=\"color: #000000;\"><b>Prostok\u0105t<\/b><span style=\"font-weight: 400;\"> &#8211; kszta\u0142t twarzy definiuje g\u0142\u00f3wnie jej d\u0142ugo\u015b\u0107. Pozosta\u0142e wymiary &#8211; szcz\u0119ka, czo\u0142o oraz ko\u015bci policzkowe s\u0105 por\u00f3wnywalnych wymiar\u00f3w.<\/span><\/span><\/li>\n<li style=\"font-weight: 400;\"><span style=\"color: #000000;\"><b>Okr\u0105g\u0142y <\/b><span style=\"font-weight: 400;\">&#8211; podobnymi wymiarami wyr\u00f3\u017cniaj\u0105 si\u0119 ko\u015bci policzkowe i d\u0142ugo\u015b\u0107 twarzy, za\u015b zdecydowanie\u00a0wi\u0119ksze\u00a0s\u0105 czo\u0142o i szcz\u0119ka, kt\u00f3re maj\u0105 podobne wymiary. Je\u015bli chodzi o szcz\u0119k\u0119, to zdecydowanie jej rysy s\u0105 bardzo delikatne, zaokr\u0105glone.\u00a0<\/span><\/span><\/li>\n<li style=\"font-weight: 400;\"><span style=\"color: #000000;\"><b>Tr\u00f3jk\u0105tny <\/b><span style=\"font-weight: 400;\">&#8211; szcz\u0119ka jest szersza ni\u017c ko\u015bci policzkowe, a ko\u015bci policzkowe wi\u0119ksze ni\u017c czo\u0142o.<\/span><\/span><\/li>\n<li style=\"font-weight: 400;\"><span style=\"color: #000000;\"><b>Serca<\/b><span style=\"font-weight: 400;\"> &#8211; odwrotnie ni\u017c w przypadku tr\u00f3jk\u0105ta. Tu czo\u0142o jest najszersze, p\u00f3\u017aniej ko\u015bci policzkowe i szcz\u0119ka. Podbr\u00f3dek za\u015b jest spiczasty.\u00a0<\/span><\/span><\/li>\n<li style=\"font-weight: 400;\"><span style=\"color: #000000;\"><b>Kwadrat<\/b><span style=\"font-weight: 400;\"> &#8211; wyr\u00f3\u017cnia si\u0119 tym, \u017ce wszystkie wymiary s\u0105 do siebie bardzo podobne.<\/span><\/span><\/li>\n<li style=\"font-weight: 400;\"><span style=\"color: #000000;\"><b>Diament<\/b><span style=\"font-weight: 400;\"> &#8211; charakteryzuje si\u0119 tym, \u017ce d\u0142ugo\u015b\u0107 twarzy jest najwi\u0119ksza. P\u00f3\u017aniej ko\u015bci policzkowe, czo\u0142o i szcz\u0119ki. K\u0105t szcz\u0119ki wyr\u00f3\u017cnia si\u0119 tym, \u017ce jest spiczasty.<\/span><\/span><\/li>\n<\/ol>\n<p style=\"padding-left: 60px;\"><span style=\"font-weight: 400;\">\u00a0<img decoding=\"async\" loading=\"lazy\" class=\"aligncenter wp-image-35427 size-full\" title=\"Jaka broda do kszta\u0142tu twarzy\" src=\"https:\/\/estyl.pl\/blog\/wp-content\/uploads\/2019\/11\/kszta\u0142t-twarzy.jpg\" alt=\"Jaka broda do kszta\u0142tu twarzy\" width=\"600\" height=\"400\" srcset=\"https:\/\/estyl.pl\/blog\/wp-content\/uploads\/2019\/11\/kszta\u0142t-twarzy.jpg 600w, https:\/\/estyl.pl\/blog\/wp-content\/uploads\/2019\/11\/kszta\u0142t-twarzy-300x200.jpg 300w, https:\/\/estyl.pl\/blog\/wp-content\/uploads\/2019\/11\/kszta\u0142t-twarzy-580x387.jpg 580w, https:\/\/estyl.pl\/blog\/wp-content\/uploads\/2019\/11\/kszta\u0142t-twarzy-261x174.jpg 261w, https:\/\/estyl.pl\/blog\/wp-content\/uploads\/2019\/11\/kszta\u0142t-twarzy-212x140.jpg 212w\" sizes=\"(max-width: 600px) 100vw, 600px\" \/><\/span><\/p>\n<p><span style=\"font-weight: 400;\">Je\u015bli poradzi\u0142e\u015b sobie mniej wi\u0119cej z okre\u015bleniem, jaki kszta\u0142t ma Twoja twarz, to teraz p\u00f3jdzie ju\u017c \u201cz g\u00f3rki\u201d. Zobacz zatem, jaka broda pasuje do Twojego kszta\u0142tu twarzy.<\/span><\/p>\n<h2><strong>Jak dopasowa\u0107 brod\u0119 do twarzy?<\/strong><\/h2>\n<p><span style=\"font-weight: 400; color: #000000;\">Jak pewnie ju\u017c zdajesz sobie spraw\u0119, tak jak nie ka\u017cda fryzura pasuje do ka\u017cdego m\u0119\u017cczyzny, tak samo jest z brodami. Zobacz zatem, jaka broda pasuje idealnie do kszta\u0142tu Twojej twarzy, aby zachowa\u0107 jej jak najlepsze proporcje. <strong>Pami\u0119taj, \u017ce broda ma uzupe\u0142ni\u0107 i wyr\u00f3wna\u0107 proporcje kszta\u0142tu twarzy.<\/strong><\/span><\/p>\n<ul>\n<li><span style=\"color: #000000;\"><b>Broda do owalnej twarzy<\/b><\/span><\/li>\n<\/ul>\n<p><span style=\"font-weight: 400; color: #000000;\">Mo\u017cna powiedzie\u0107, \u017ce jeste\u015b zwyci\u0119zc\u0105! A tak zupe\u0142nie szczerze: <em><strong>zalet\u0105 twarzy owalnej jest to, \u017ce ka\u017cdy rodzaj brody czy zarostu pasuje do niej idealnie.<\/strong><\/em> Nie musisz si\u0119 martwi\u0107, \u017ce w kt\u00f3rym\u015b miejscu powinna by\u0107 w\u0119\u017csza, inaczej przyci\u0119ta. To, na czym powiniene\u015b si\u0119 skupi\u0107, to stricte piel\u0119gnacja. Zadbaj zatem o odpowiednie kosmetyki do stylizacji brody i ciesz si\u0119 zarostem, w jakim czujesz si\u0119 najlepiej.\u00a0<\/span><\/p>\n<ul>\n<li><span style=\"color: #000000;\"><b>Broda do prostok\u0105tnej twarzy<\/b><\/span><\/li>\n<\/ul>\n<p><span style=\"font-weight: 400; color: #000000;\">Je\u015bli zastanawiasz si\u0119, jaka broda do kszta\u0142tu twarzy jakim jest prostok\u0105t to musisz wiedzie\u0107, \u017ce z pewno\u015bci\u0105 nie powiniene\u015b utrzymywa\u0107 zarostu, kt\u00f3ry j\u0105 wyd\u0142u\u017cy czy poszerzy. <strong><em>Zarost powinien by\u0107 kr\u00f3tszy, dzi\u0119ki temu twarz nabierze \u0142agodniejszego wymiaru.\u00a0<\/em><\/strong><\/span><\/p>\n<ul>\n<li><span style=\"color: #000000;\"><b>Broda do okr\u0105g\u0142ej twarzy<\/b><\/span><\/li>\n<\/ul>\n<p><span style=\"font-weight: 400; color: #000000;\">W przypadku okr\u0105g\u0142ej twarzy bardzo istotn\u0105 rol\u0119 odgrywa jej piel\u0119gnacja. <strong><em>Nieestetyczna, rozwichrzona broda powoduje pogrubienie okr\u0105g\u0142ej twarzy.<\/em> <\/strong>Najbardziej polecanym rodzajem brody jest \u201ck\u00f3zka\u201d. Zarost r\u00f3wny na ca\u0142o\u015bci twarzy, za\u015b wyd\u0142u\u017cenie brody na podbr\u00f3dku.\u00a0<\/span><\/p>\n<ul>\n<li><span style=\"color: #000000;\"><b>Broda do tr\u00f3jk\u0105tnej twarzy<\/b><\/span><\/li>\n<\/ul>\n<p><span style=\"font-weight: 400; color: #000000;\">Zapytasz, jaka broda do kszta\u0142tu twarzy mi b\u0119dzie pasowa\u0107? A no prosz\u0119 bardzo! W\u0105sy z kr\u00f3tk\u0105 brod\u0105 lub zarostem. <strong><em>W przypadku twarzy tr\u00f3jk\u0105tnej nale\u017cy odwr\u00f3ci\u0107 uwag\u0119 od zbyt szerokiego podbr\u00f3dka<\/em><\/strong>. Jeste\u015bmy w stanie to zrobi\u0107, kieruj\u0105c uwag\u0119 na w\u0105sy. Zarost na policzkach nie powinien by\u0107 zbyt obfity, poniewa\u017c tylko uwydatni te i tak szerokie policzki.<\/span><\/p>\n<ul>\n<li><span style=\"color: #000000;\"><b>Broda do twarzy w kszta\u0142cie serca<\/b><\/span><\/li>\n<\/ul>\n<p><span style=\"font-weight: 400; color: #000000;\">W przypadku tego kszta\u0142tu twarzy doskonale sprawdzi si\u0119 broda typowego drwala. Niekoniecznie ogarni\u0119ta, wypiel\u0119gnowana.<strong><em> Chodzi o to, \u017ce w\u0105skie policzki spokojnie mo\u017cesz \u201cposzerzy\u0107\u201d naturaln\u0105 brod\u0105.<\/em><\/strong> Nie zapomnij jednak o w\u0105sach i d\u0142u\u017cszym podbr\u00f3dku. A wi\u0119c &#8211; niech broda ro\u015bnie!\u00a0<\/span><\/p>\n<ul>\n<li><span style=\"color: #000000;\"><b>Broda do kwadratowej twarzy<\/b><\/span><\/li>\n<\/ul>\n<p><span style=\"font-weight: 400; color: #000000;\">Jaka broda do kszta\u0142tu twarzy kwadratowej? <em><strong>A no taka, kt\u00f3ra nie poszerzy jej jeszcze bardziej.<\/strong> <\/em>Z pewno\u015bci\u0105 skupi\u0107 powinno si\u0119 na podbr\u00f3dku, kt\u00f3ry mo\u017cna wyd\u0142u\u017cy\u0107 za pomoc\u0105 koziej br\u00f3dki.<\/span><\/p>\n<ul>\n<li><span style=\"color: #000000;\"><b>Broda do diamentowej twarzy<\/b><\/span><\/li>\n<\/ul>\n<p><span style=\"font-weight: 400; color: #000000;\">W przypadku diamentowej twarzy <strong><em>bardzo wa\u017cne jest utrzymanie w\u0142os\u00f3w na policzkach w celu wyr\u00f3wnania rys\u00f3w twarzy<\/em><\/strong>. A wi\u0119c jest to miejsce, kt\u00f3re nie powinno znajdowa\u0107 si\u0119 w pobli\u017cu golarki.\u00a0<\/span><\/p>\n<p style=\"padding-left: 90px;\"><strong><strong>\u00a0<img decoding=\"async\" loading=\"lazy\" class=\"aligncenter wp-image-35433 size-full\" title=\"Jaka broda do kszta\u0142tu twarzy?\" src=\"https:\/\/estyl.pl\/blog\/wp-content\/uploads\/2019\/11\/GettyImages-1139970316.jpg\" alt=\"Jaka broda do kszta\u0142tu twarzy?\" width=\"500\" height=\"333\" srcset=\"https:\/\/estyl.pl\/blog\/wp-content\/uploads\/2019\/11\/GettyImages-1139970316.jpg 500w, https:\/\/estyl.pl\/blog\/wp-content\/uploads\/2019\/11\/GettyImages-1139970316-300x200.jpg 300w, https:\/\/estyl.pl\/blog\/wp-content\/uploads\/2019\/11\/GettyImages-1139970316-261x174.jpg 261w, https:\/\/estyl.pl\/blog\/wp-content\/uploads\/2019\/11\/GettyImages-1139970316-212x140.jpg 212w\" sizes=\"(max-width: 500px) 100vw, 500px\" \/><\/strong><\/strong><\/p>\n<h2><strong>Poznaj rodzaje zarost\u00f3w\u00a0<\/strong><\/h2>\n<p><span style=\"font-weight: 400;\">Kiedy\u015b broda by\u0142a po prostu brod\u0105, jednak teraz wyr\u00f3\u017cniamy kilka rodzaj\u00f3w zarost\u00f3w. Przyjrzyjmy si\u0119 kilku bli\u017cej, aby\u015bcie sami wiedzieli i znali niekt\u00f3re poj\u0119cia.\u00a0<\/span><\/p>\n<ol>\n<li style=\"font-weight: 400;\"><span style=\"color: #000000;\"><b>Kilkudniowy zarost <\/b><span style=\"font-weight: 400;\">&#8211; najcz\u0119\u015bciej wybierany przez m\u0119\u017cczyzn., kt\u00f3rzy nie lubi\u0105 si\u0119 goli\u0107, nie preferuj\u0105 d\u0142ugiej brody, a lekki zarost.\u00a0<\/span><\/span><\/li>\n<li style=\"font-weight: 400;\"><span style=\"font-weight: 400; color: #000000;\"><strong>Kr\u00f3tka broda<\/strong> &#8211; zalicza si\u0119 do niej zarost 10 dniowy, kt\u00f3ry dodaje m\u0119\u017cczyznom m\u0119sko\u015bci i elegancji.\u00a0<\/span><\/li>\n<li style=\"font-weight: 400;\"><span style=\"color: #000000;\"><b>D\u0142uga broda<\/b><span style=\"font-weight: 400;\"> &#8211; dawniej zarezerwowana dla starszych m\u0119\u017cczyzn, dzi\u015b jest synonimem m\u0119sko\u015bci, nowoczesno\u015bci. Zapocz\u0105tkowana przez hipster\u00f3w, wymaga najwi\u0119cej pracy nad\u00a0 swoim kszta\u0142tem i piel\u0119gnacj\u0105.\u00a0\u00a0<\/span><\/span><\/li>\n<li style=\"font-weight: 400;\"><span style=\"color: #000000;\"><b>\u201cK\u00f3zka\u201d <\/b><span style=\"font-weight: 400;\">&#8211;\u00a0 po\u0142\u0105czenie w\u0105s\u00f3w z zarostem wok\u00f3\u0142 ust wyd\u0142u\u017conym na podbr\u00f3dku. Klasyczna koza najbardziej sprawdza si\u0119 w przypadku os\u00f3b o okr\u0105g\u0142ej twarzy. Korzystnie wygl\u0105da kiedy jest starannie piel\u0119gnowana i podcinana.\u00a0<\/span><\/span><\/li>\n<li style=\"font-weight: 400;\"><span style=\"color: #000000;\"><b>Broda Van Dyke<\/b><span style=\"font-weight: 400;\"> &#8211;\u00a0 styl brody zapocz\u0105tkowany przez malarza. Jest to po\u0142\u0105czenie koziej br\u00f3dki o spiczastym kszta\u0142cie &#8211; forma klepsydry pod doln\u0105 warg\u0105 i szerokich, spiczastych w\u0105sach. Styl ten, mimo, \u017ce nieco zapomniany, jednak jest od\u015bwie\u017cany przez znane osoby, jak np. David Beckham czy Johnny Depp.\u00a0<\/span><\/span><\/li>\n<li style=\"font-weight: 400;\"><span style=\"color: #000000;\"><b>Ducktail<\/b><span style=\"font-weight: 400;\"> &#8211; inaczej zwana spiczast\u0105 brod\u0105. Chodzi tu o d\u0142ug\u0105 brod\u0119, kt\u00f3ra ma spiczaste zako\u0144czenie. Daje to wra\u017cenie wi\u0119kszej kontroli nad zarostem i zapewnia jej oryginalny wygl\u0105d. <a href=\"https:\/\/estyl.pl\/wlosy\" data-internallinksmanager029f6b8e52c=\"2\" title=\"w\u0142osy\">W\u0142osy<\/a> pozostaj\u0105 kr\u00f3tsze na policzkach, a zdecydowanie d\u0142u\u017csze ku podbr\u00f3dku.\u00a0<\/span><\/span><\/li>\n<li style=\"font-weight: 400;\"><span style=\"color: #000000;\"><b>Dzika broda<\/b><span style=\"font-weight: 400;\"> &#8211; mowa oczywi\u015bcie o klasycznej, niekontrolowanej, naturalnej brodzie. Styl ten uzyskasz, kiedy b\u0119dziesz j\u0105 zapuszcza\u0142 przez kilka miesi\u0119cy, a mo\u017ce nawet lat. Mimo, \u017ce stawiamy na naturalno\u015b\u0107, nie mo\u017cna zapomnie\u0107 o piel\u0119gnacji brody i stosowaniu <\/span><a style=\"color: #000000;\" href=\"https:\/\/estyl.pl\/the-groom-olejek-wygladzajacy-do-wlosow-i-brody-30ml\"><span style=\"font-weight: 400;\">olejk\u00f3w<\/span><\/a><span style=\"font-weight: 400;\">, kt\u00f3re zabezpiecz\u0105 przed tworzeniem si\u0119 ko\u0142tun\u00f3w.\u00a0<\/span><\/span><\/li>\n<\/ol>\n<h2><strong>Styl brody a fryzura?<\/strong><\/h2>\n<p><span style=\"font-weight: 400;\">Zastanawiamy si\u0119 &#8211; jaka broda do kszta\u0142tu twarzy, a mo\u017ce powinni\u015bmy zastanowi\u0107 si\u0119, co ma wsp\u00f3lnego broda z fryzur\u0105? <strong>Zarost, czy w\u0142a\u015bnie d\u0142u\u017csza broda praktycznie pasuj\u0105 do ka\u017cdej fryzury.<\/strong> Zar\u00f3wno m\u0119\u017cczyzna, kt\u00f3ry ma d\u0142u\u017csze w\u0142osy, jak i ten, kt\u00f3ry tych w\u0142os\u00f3w nie posiada mo\u017ce skusi\u0107 si\u0119 na noszenie jak\u017ce modnej w ostatnich latach brody. Oczywi\u015bcie, bior\u0105c pod uwag\u0119 kszta\u0142t twarzy, w\u0142asne upodobania i styl, kt\u00f3ry preferujesz wybierz zarost odpowiedni dla siebie.\u00a0<\/span><\/p>\n<p>ZOBACZ R\u00d3WNIE\u017b:\u00a0<a title=\"Side Part - klasyczna fryzura m\u0119ska!\" href=\"https:\/\/estyl.pl\/blog\/2020\/01\/side-part-klasyczna-fryzura-meska\/?preview=true&amp;preview_id=35936&amp;preview_nonce=b01c456fe1\" target=\"_blank\">Side part \u2013 klasyczna fryzura m\u0119ska!<\/a><\/p>\n<h2><strong>Jak powinno piel\u0119gnowa\u0107 si\u0119 brod\u0119?<\/strong><\/h2>\n<p><span style=\"font-weight: 400;\">Piel\u0119gnacji brody po\u015bwi\u0119cili\u015bmy ju\u017c osobny artyku\u0142 &#8211; <\/span><a href=\"https:\/\/estyl.pl\/blog\/2019\/09\/pielegnacja-brody-co-robic-aby-zarost-zachwycal-kazdego-dnia\/\"><b>Piel\u0119gnacja brody \u2013 co robi\u0107, aby zarost zachwyca\u0142 ka\u017cdego dnia?<\/b><\/a><b>. <\/b><span style=\"font-weight: 400;\">Najwa\u017cniejsze, aby\u015b na co dzie\u0144 pami\u0119ta\u0142 nie tylko o piel\u0119gnacji w\u0142os\u00f3w, ale r\u00f3wnie\u017c sk\u00f3ry twarzy. Ona bowiem odpowiada w du\u017cej mierze za to, w jaki spos\u00f3b broda b\u0119dzie si\u0119 uk\u0142ada\u0107. Stosowanie kremu nawil\u017caj\u0105cego sprawi, \u017ce Twoja sk\u00f3ra nie b\u0119dzie matowa. Bardzo wa\u017cne jest r\u00f3wnie\u017c systematyczne rozczesywanie brody.<b style=\"font-weight: 400;\"> Dzi\u0119ki temu masz mo\u017cliwo\u015b\u0107 nadawania jej kszta\u0142tu. W tym celu mo\u017cesz u\u017cy\u0107 specjalnych szczotek do stylizacji i <\/b><b>rozczesywania<\/b><b style=\"font-weight: 400;\">\u00a0brody. Posiadaj\u0105 one naturalne w\u0142osie, kt\u00f3re u\u0142atwia t\u0119 czynno\u015b\u0107 nie uszkadzaj\u0105c przy tym w\u0142os\u00f3w.\u00a0<\/b><\/span><\/p>\n<p><strong><strong>\u00a0<a href=\"https:\/\/estyl.pl\/grzebien-do-pielegnacji-brody-i-wasow\" target=\"_blank\"><img decoding=\"async\" loading=\"lazy\" class=\"alignnone wp-image-35428 size-full\" title=\"grzebien do brody\" src=\"https:\/\/estyl.pl\/blog\/wp-content\/uploads\/2019\/11\/grzebien.jpg\" alt=\"grzebien do brody\" width=\"250\" height=\"168\" \/><\/a><a href=\"https:\/\/estyl.pl\/szeroka-szczotka-do-brody\" target=\"_blank\"><img decoding=\"async\" loading=\"lazy\" class=\"alignnone wp-image-35429 size-full\" title=\"szczotka do brody\" src=\"https:\/\/estyl.pl\/blog\/wp-content\/uploads\/2019\/11\/szczotka.jpg\" alt=\"szczotka do brody\" width=\"250\" height=\"250\" \/><\/a><a href=\"https:\/\/estyl.pl\/beard-brush-szczotka-do-czesania-brody-z-naturalnym-wlosiem\" target=\"_blank\"><img decoding=\"async\" loading=\"lazy\" class=\"alignnone wp-image-35430 size-full\" title=\"kartacz do brody\" src=\"https:\/\/estyl.pl\/blog\/wp-content\/uploads\/2019\/11\/kartacz.jpg\" alt=\"kartacz do brody\" width=\"250\" height=\"196\" \/><\/a><\/strong><\/strong><\/p>\n<p><span style=\"font-weight: 400;\">W celu oczyszczenia brody stosuj specjalnie przygotowane do tego szampony. <\/span><a href=\"https:\/\/estyl.pl\/rica-opuntia-oil-for-men-hair-beard-normalizing-szampon-nawilzajacy-do-wlosow-i-brody-65ml\"><span style=\"font-weight: 400;\">Szampon nawil\u017caj\u0105cy Rica<\/span><\/a><span style=\"font-weight: 400;\"> zapewni zar\u00f3wno Twoim w\u0142osom jak i brodzie od\u017cywienie, ale r\u00f3wnie\u017c zmi\u0119kczy szorstk\u0105 brod\u0119 i u\u0142atwi jej stylizacj\u0119. <strong>Gdy ju\u017c wiesz, jaka broda do kszta\u0142tu twarzy Ci pasuje, wybierz odpowiedni kosmetyk do jej stylizacji. Rynek barber\u00f3w oferuje wiele produkt\u00f3w. Testuj i wybierz ten, kt\u00f3ry najlepiej sprawdzi si\u0119 w przypadku Twojego zarostu i spe\u0142ni wszystkie Twoje wymagania.<\/strong> Balsam do stylizacji brody <\/span><a href=\"https:\/\/estyl.pl\/beard-balm-balsam-do-brody-35g\"><span style=\"font-weight: 400;\">Reuzel Beard Balm<\/span><\/a><span style=\"font-weight: 400;\"> nie tylko piel\u0119gnuje i stylizuje zarost, ale r\u00f3wnie\u017c od\u017cywia sk\u00f3r\u0119 twarzy, aby zredukowa\u0107 jej sw\u0119dzenie czy pieczenie, kt\u00f3re jest cz\u0119sto nieodzownym elementem zapuszczania brody.\u00a0<\/span><\/p>\n<h2><strong>A co z w\u0105sami?<\/strong><\/h2>\n<p><span style=\"font-weight: 400;\">Moda na zapuszczanie w\u0105s\u00f3w jest najbardziej popularna w\u015br\u00f3d m\u0119\u017cczyzn w listopadzie,\u00a0<strong>kiedy to od kilku lat solidaryzuj\u0105 si\u0119 oni na ca\u0142ym \u015bwiecie z akcj\u0105 Movember. Akcja ma na celu wzbudzenie zainteresowania, rozmow\u0119, a w konsekwencji profilaktyk\u0119 nowotworow\u0105 m\u0119skich narz\u0105d\u00f3w.<\/strong> Cz\u0119\u015b\u0107 m\u0119\u017cczyzn tylko w listopadzie kusi si\u0119 na zapuszczanie w\u0105s\u00f3w, ale grono z nich tak si\u0119 z nimi zaprzyja\u017ania, \u017ce postanawia je zostawi\u0107 na d\u0142u\u017cej.\u00a0<\/span><\/p>\n<h3><b>Jakie w\u0105sy pasuj\u0105 do kszta\u0142tu twarzy?<\/b><\/h3>\n<p><span style=\"font-weight: 400;\">Tak jak w przypadku brody zastanawiamy si\u0119, jaka broda pasuje do kszta\u0142tu twarzy, tak samo jest w przypadku w\u0105s\u00f3w. Je\u015bli chcesz zaskakiwa\u0107 swoim wygl\u0105dem, poznaj kilka zasad dotycz\u0105cych tego, jakie w\u0105sy pasuj\u0105 do kszta\u0142tu twarzy. <b style=\"font-weight: 400;\">G\u0142\u00f3wn\u0105 zasad\u0105 jest zachowanie r\u00f3wnowagi mi\u0119dzy <\/b><b>kszta\u0142tem<\/b><b style=\"font-weight: 400;\">\u00a0twarzy, a szeroko\u015bci\u0105 i rodzajem w\u0105s\u00f3w. Je\u015bli wi\u0119c wiesz, jaki kszta\u0142t twarzy posiadasz, sprawa wydaje si\u0119 prosta.<\/b> Nie zapominaj, \u017ce o w\u0105sy r\u00f3wnie\u017c nale\u017cy dba\u0107, a do ich podkre\u015blenia mo\u017cna stosowa\u0107 produkty takie jak <\/span><a href=\"https:\/\/estyl.pl\/moustache-wax-wosk-do-wasow-25ml\"><span style=\"font-weight: 400;\">wosk do w\u0105s\u00f3w marki Dear Barber<\/span><\/a><span style=\"font-weight: 400;\">. Zobacz kilka naszych porad.<\/span><\/p>\n<ol>\n<li style=\"font-weight: 400;\"><span style=\"color: #000000;\"><b>Ma\u0142e usta<\/b><span style=\"font-weight: 400;\"> &#8211; unikaj w\u0105s\u00f3w du\u017cych, krzaczastych. Staraj si\u0119 utrzyma\u0107 kr\u00f3tszy styl z zachowaniem w\u0105s\u00f3w nieco poza k\u0105cik ust. Ten zabieg optycznie powi\u0119kszy wargi.\u00a0<\/span><\/span><\/li>\n<li style=\"font-weight: 400;\"><span style=\"color: #000000;\"><b>Du\u017ce usta<\/b><span style=\"font-weight: 400;\"> &#8211; mo\u017cesz zdecydowanie poszale\u0107 z d\u0142ugo\u015bci\u0105 w\u0105s\u00f3w. Kr\u00f3tsze u g\u00f3ry, a od spodu nieco d\u0142u\u017csze sprawi\u0105, \u017ce rozmiar Twoich ust zostanie zminimalizowany.\u00a0<\/span><\/span><\/li>\n<li style=\"font-weight: 400;\"><span style=\"color: #000000;\"><b>Szerokie usta i du\u017ca warga<\/b><span style=\"font-weight: 400;\"> &#8211; w tym wypadku najlepiej sprawdz\u0105 si\u0119 du\u017ce, krzaczaste w\u0105sy z przedzia\u0142kiem na \u015brodku.\u00a0<\/span><\/span><\/li>\n<li style=\"font-weight: 400;\"><span style=\"color: #000000;\"><b>Du\u017ce rysy twarzy <\/b><span style=\"font-weight: 400;\">&#8211; je\u015bli Twoje usta, nos, oczy czy podbr\u00f3dek s\u0105 zdecydowanie wyra\u017aniejsze, mo\u017cesz zdecydowa\u0107 si\u0119 na wi\u0119ksze, krzaczaste w\u0105sy. Dzi\u0119ki temu Tw\u00f3j wyraz twarzy b\u0119dzie bardziej \u0142agodniejszy.\u00a0<\/span><\/span><\/li>\n<li style=\"font-weight: 400;\"><span style=\"color: #000000;\"><b>Wydatny nos<\/b><span style=\"font-weight: 400;\"> &#8211; wybierz grubsze w\u0105sy.<\/span><\/span><\/li>\n<li style=\"font-weight: 400;\"><span style=\"color: #000000;\"><b>W\u0105ska, d\u0142uga twarz<\/b><span style=\"font-weight: 400;\"> &#8211; zdecyduj si\u0119 na w\u0105sy a\u2019la Chaplin. Kr\u00f3tsze i w\u0105skie, tylko one nie podkre\u015bl\u0105 jeszcze bardziej Twojej twarzy.<\/span><\/span><\/li>\n<\/ol>\n<p style=\"padding-left: 90px;\"><strong><strong><img decoding=\"async\" loading=\"lazy\" class=\"aligncenter wp-image-35431 size-full\" title=\"Jaka broda do kszta\u0142tu twarzy?\" src=\"https:\/\/estyl.pl\/blog\/wp-content\/uploads\/2019\/11\/GettyImages-515276863.jpg\" alt=\"Jaka broda do kszta\u0142tu twarzy?\" width=\"500\" height=\"333\" srcset=\"https:\/\/estyl.pl\/blog\/wp-content\/uploads\/2019\/11\/GettyImages-515276863.jpg 500w, https:\/\/estyl.pl\/blog\/wp-content\/uploads\/2019\/11\/GettyImages-515276863-300x200.jpg 300w, https:\/\/estyl.pl\/blog\/wp-content\/uploads\/2019\/11\/GettyImages-515276863-261x174.jpg 261w, https:\/\/estyl.pl\/blog\/wp-content\/uploads\/2019\/11\/GettyImages-515276863-212x140.jpg 212w\" sizes=\"(max-width: 500px) 100vw, 500px\" \/><\/strong><\/strong><\/p>\n<p><span style=\"font-weight: 400;\">Czy wiesz, \u017ce posiadanie brody pomaga Ci wyr\u00f3\u017cni\u0107 si\u0119 z t\u0142umu, a dodatkowo determinuje Twoj\u0105 si\u0142\u0119 i m\u0119sko\u015b\u0107? Tak przynajmniej m\u00f3wi\u0105 statystyki. Nie ma jednak w\u0105tpliwo\u015bci, \u017ce wi\u0119kszo\u015b\u0107 m\u0119\u017cczyzn zdecydowanie bardziej woli siebie z brod\u0105. Mamy nadziej\u0119, \u017ce teraz ju\u017c wiesz, jaka broda pasuje Ci do kszta\u0142tu twarzy i z dum\u0105 b\u0119dziesz nosi\u0142 zarost, w\u0105sy, a mo\u017ce brod\u0119.<\/span><\/p>\n<p>A jaka broda pasuje Tobie?<\/p>\n","protected":false},"excerpt":{"rendered":"<p>Moda na zarost u m\u0119\u017cczyzn trwa ju\u017c kilka sezon\u00f3w. Panowie ochoczo przyj\u0119li ten nowy trend i z entuzjazmem do\u0142\u0105czaj\u0105 do grona tak zwanych \u201cbrodaczy\u201d. Samo zapuszczenie brody to nie wszystko! Aby wygl\u0105da\u0142a ona \u0142adnie, warto pozna\u0107, jaka broda do kszta\u0142tu twarzy jest idealna w\u0142a\u015bnie dla Ciebie. A wi\u0119c zaczynamy!\u00a0<\/p>\n","protected":false},"author":23,"featured_media":35445,"comment_status":"open","ping_status":"closed","sticky":false,"template":"","format":"standard","meta":{"_eb_attr":""},"categories":[2105],"tags":[1559,104,2088],"acf":[],"yoast_head":"<!-- This site is optimized with the Yoast SEO plugin v20.8 - https:\/\/yoast.com\/wordpress\/plugins\/seo\/ -->\n<title>Jaka broda do kszta\u0142tu twarzy jest idealna? - Blog | Estyl.pl<\/title>\n<meta name=\"description\" content=\"Zastanawiasz si\u0119 jaka broda do kszta\u0142tu twarzy b\u0119dzie Ci pasowa\u0107? Sprawd\u017a kszta\u0142t swojej twarzy i przekonaj si\u0119 jak\u0105 brod\u0119 wybra\u0107. A mo\u017ce w\u0105sy?\" \/>\n<meta name=\"robots\" content=\"index, follow, max-snippet:-1, max-image-preview:large, max-video-preview:-1\" \/>\n<link rel=\"canonical\" href=\"https:\/\/estyl.pl\/blog\/jaka-broda-do-ksztaltu-twarzy-jest-idealna\/\" \/>\n<meta property=\"og:locale\" content=\"pl_PL\" \/>\n<meta property=\"og:type\" content=\"article\" \/>\n<meta property=\"og:title\" content=\"Jaka broda do kszta\u0142tu twarzy jest idealna? - Blog | Estyl.pl\" \/>\n<meta property=\"og:description\" content=\"Zastanawiasz si\u0119 jaka broda do kszta\u0142tu twarzy b\u0119dzie Ci pasowa\u0107? Sprawd\u017a kszta\u0142t swojej twarzy i przekonaj si\u0119 jak\u0105 brod\u0119 wybra\u0107. A mo\u017ce w\u0105sy?\" \/>\n<meta property=\"og:url\" content=\"https:\/\/estyl.pl\/blog\/jaka-broda-do-ksztaltu-twarzy-jest-idealna\/\" \/>\n<meta property=\"og:site_name\" content=\"Blog | Estyl.pl\" \/>\n<meta property=\"article:author\" content=\"kdrogowskakwasnik\" \/>\n<meta property=\"article:published_time\" content=\"2019-11-19T10:44:35+00:00\" \/>\n<meta property=\"article:modified_time\" content=\"2020-01-29T11:51:36+00:00\" \/>\n<meta property=\"og:image\" content=\"https:\/\/estyl.pl\/blog\/wp-content\/uploads\/2019\/11\/GettyImages-6919104551.jpg\" \/>\n\t<meta property=\"og:image:width\" content=\"755\" \/>\n\t<meta property=\"og:image:height\" content=\"315\" \/>\n\t<meta property=\"og:image:type\" content=\"image\/jpeg\" \/>\n<meta name=\"author\" content=\"Karolina\" \/>\n<meta name=\"twitter:label1\" content=\"Napisane przez\" \/>\n\t<meta name=\"twitter:data1\" content=\"Karolina\" \/>\n\t<meta name=\"twitter:label2\" content=\"Szacowany czas czytania\" \/>\n\t<meta name=\"twitter:data2\" content=\"11 minut\" \/>\n<script type=\"application\/ld+json\" class=\"yoast-schema-graph\">{\"@context\":\"https:\/\/schema.org\",\"@graph\":[{\"@type\":\"WebPage\",\"@id\":\"https:\/\/estyl.pl\/blog\/jaka-broda-do-ksztaltu-twarzy-jest-idealna\/\",\"url\":\"https:\/\/estyl.pl\/blog\/jaka-broda-do-ksztaltu-twarzy-jest-idealna\/\",\"name\":\"Jaka broda do kszta\u0142tu twarzy jest idealna? - Blog | Estyl.pl\",\"isPartOf\":{\"@id\":\"https:\/\/estyl.pl\/blog\/#website\"},\"datePublished\":\"2019-11-19T10:44:35+00:00\",\"dateModified\":\"2020-01-29T11:51:36+00:00\",\"author\":{\"@id\":\"https:\/\/estyl.pl\/blog\/#\/schema\/person\/debe1fb907542b5dc82bccc2029e474f\"},\"description\":\"Zastanawiasz si\u0119 jaka broda do kszta\u0142tu twarzy b\u0119dzie Ci pasowa\u0107? Sprawd\u017a kszta\u0142t swojej twarzy i przekonaj si\u0119 jak\u0105 brod\u0119 wybra\u0107. A mo\u017ce w\u0105sy?\",\"breadcrumb\":{\"@id\":\"https:\/\/estyl.pl\/blog\/jaka-broda-do-ksztaltu-twarzy-jest-idealna\/#breadcrumb\"},\"inLanguage\":\"pl-PL\",\"potentialAction\":[{\"@type\":\"ReadAction\",\"target\":[\"https:\/\/estyl.pl\/blog\/jaka-broda-do-ksztaltu-twarzy-jest-idealna\/\"]}]},{\"@type\":\"BreadcrumbList\",\"@id\":\"https:\/\/estyl.pl\/blog\/jaka-broda-do-ksztaltu-twarzy-jest-idealna\/#breadcrumb\",\"itemListElement\":[{\"@type\":\"ListItem\",\"position\":1,\"name\":\"Dla m\u0119\u017cczyzn\",\"item\":\"https:\/\/estyl.pl\/blog\/dla-mezczyzn-2\/\"},{\"@type\":\"ListItem\",\"position\":2,\"name\":\"Jaka broda do kszta\u0142tu twarzy jest idealna?\"}]},{\"@type\":\"WebSite\",\"@id\":\"https:\/\/estyl.pl\/blog\/#website\",\"url\":\"https:\/\/estyl.pl\/blog\/\",\"name\":\"Blog | Estyl.pl\",\"description\":\"Kosmetyki do w\u0142os\u00f3w, porady, piel\u0119gnacja, stylizacja\",\"potentialAction\":[{\"@type\":\"SearchAction\",\"target\":{\"@type\":\"EntryPoint\",\"urlTemplate\":\"https:\/\/estyl.pl\/blog\/?s={search_term_string}\"},\"query-input\":\"required name=search_term_string\"}],\"inLanguage\":\"pl-PL\"},{\"@type\":\"Person\",\"@id\":\"https:\/\/estyl.pl\/blog\/#\/schema\/person\/debe1fb907542b5dc82bccc2029e474f\",\"name\":\"Karolina\",\"description\":\"Absolwentka kosmetologii i dietetyki na \u015al\u0105skiej Wy\u017cszej Szkole Medycznej w Katowicach. Ze sklepem Estyl.pl zwi\u0105zana od wielu lat. Wiedz\u0119 na temat produkt\u00f3w zebra\u0142a pracuj\u0105c w sklepie stacjonanym w Katowicach. Aktualnie pracuje jako copywriter, co daje jej du\u017co satysfakcji. Uwielbia testowa\u0107 nowe kosmetyki.\",\"sameAs\":[\"kdrogowskakwasnik\"],\"url\":\"https:\/\/estyl.pl\/blog\/author\/k-mistalsiekiera\/\"}]}<\/script>\n<!-- \/ Yoast SEO plugin. -->","yoast_head_json":{"title":"Jaka broda do kszta\u0142tu twarzy jest idealna? - Blog | Estyl.pl","description":"Zastanawiasz si\u0119 jaka broda do kszta\u0142tu twarzy b\u0119dzie Ci pasowa\u0107? Sprawd\u017a kszta\u0142t swojej twarzy i przekonaj si\u0119 jak\u0105 brod\u0119 wybra\u0107. A mo\u017ce w\u0105sy?","robots":{"index":"index","follow":"follow","max-snippet":"max-snippet:-1","max-image-preview":"max-image-preview:large","max-video-preview":"max-video-preview:-1"},"canonical":"https:\/\/estyl.pl\/blog\/jaka-broda-do-ksztaltu-twarzy-jest-idealna\/","og_locale":"pl_PL","og_type":"article","og_title":"Jaka broda do kszta\u0142tu twarzy jest idealna? - Blog | Estyl.pl","og_description":"Zastanawiasz si\u0119 jaka broda do kszta\u0142tu twarzy b\u0119dzie Ci pasowa\u0107? Sprawd\u017a kszta\u0142t swojej twarzy i przekonaj si\u0119 jak\u0105 brod\u0119 wybra\u0107. A mo\u017ce w\u0105sy?","og_url":"https:\/\/estyl.pl\/blog\/jaka-broda-do-ksztaltu-twarzy-jest-idealna\/","og_site_name":"Blog | Estyl.pl","article_author":"kdrogowskakwasnik","article_published_time":"2019-11-19T10:44:35+00:00","article_modified_time":"2020-01-29T11:51:36+00:00","og_image":[{"width":755,"height":315,"url":"https:\/\/estyl.pl\/blog\/wp-content\/uploads\/2019\/11\/GettyImages-6919104551.jpg","type":"image\/jpeg"}],"author":"Karolina","twitter_misc":{"Napisane przez":"Karolina","Szacowany czas czytania":"11 minut"},"schema":{"@context":"https:\/\/schema.org","@graph":[{"@type":"WebPage","@id":"https:\/\/estyl.pl\/blog\/jaka-broda-do-ksztaltu-twarzy-jest-idealna\/","url":"https:\/\/estyl.pl\/blog\/jaka-broda-do-ksztaltu-twarzy-jest-idealna\/","name":"Jaka broda do kszta\u0142tu twarzy jest idealna? - Blog | Estyl.pl","isPartOf":{"@id":"https:\/\/estyl.pl\/blog\/#website"},"datePublished":"2019-11-19T10:44:35+00:00","dateModified":"2020-01-29T11:51:36+00:00","author":{"@id":"https:\/\/estyl.pl\/blog\/#\/schema\/person\/debe1fb907542b5dc82bccc2029e474f"},"description":"Zastanawiasz si\u0119 jaka broda do kszta\u0142tu twarzy b\u0119dzie Ci pasowa\u0107? Sprawd\u017a kszta\u0142t swojej twarzy i przekonaj si\u0119 jak\u0105 brod\u0119 wybra\u0107. A mo\u017ce w\u0105sy?","breadcrumb":{"@id":"https:\/\/estyl.pl\/blog\/jaka-broda-do-ksztaltu-twarzy-jest-idealna\/#breadcrumb"},"inLanguage":"pl-PL","potentialAction":[{"@type":"ReadAction","target":["https:\/\/estyl.pl\/blog\/jaka-broda-do-ksztaltu-twarzy-jest-idealna\/"]}]},{"@type":"BreadcrumbList","@id":"https:\/\/estyl.pl\/blog\/jaka-broda-do-ksztaltu-twarzy-jest-idealna\/#breadcrumb","itemListElement":[{"@type":"ListItem","position":1,"name":"Dla m\u0119\u017cczyzn","item":"https:\/\/estyl.pl\/blog\/dla-mezczyzn-2\/"},{"@type":"ListItem","position":2,"name":"Jaka broda do kszta\u0142tu twarzy jest idealna?"}]},{"@type":"WebSite","@id":"https:\/\/estyl.pl\/blog\/#website","url":"https:\/\/estyl.pl\/blog\/","name":"Blog | Estyl.pl","description":"Kosmetyki do w\u0142os\u00f3w, porady, piel\u0119gnacja, stylizacja","potentialAction":[{"@type":"SearchAction","target":{"@type":"EntryPoint","urlTemplate":"https:\/\/estyl.pl\/blog\/?s={search_term_string}"},"query-input":"required name=search_term_string"}],"inLanguage":"pl-PL"},{"@type":"Person","@id":"https:\/\/estyl.pl\/blog\/#\/schema\/person\/debe1fb907542b5dc82bccc2029e474f","name":"Karolina","description":"Absolwentka kosmetologii i dietetyki na \u015al\u0105skiej Wy\u017cszej Szkole Medycznej w Katowicach. Ze sklepem Estyl.pl zwi\u0105zana od wielu lat. Wiedz\u0119 na temat produkt\u00f3w zebra\u0142a pracuj\u0105c w sklepie stacjonanym w Katowicach. Aktualnie pracuje jako copywriter, co daje jej du\u017co satysfakcji. Uwielbia testowa\u0107 nowe kosmetyki.","sameAs":["kdrogowskakwasnik"],"url":"https:\/\/estyl.pl\/blog\/author\/k-mistalsiekiera\/"}]}},"_links":{"self":[{"href":"https:\/\/estyl.pl\/blog\/wp-json\/wp\/v2\/posts\/35425"}],"collection":[{"href":"https:\/\/estyl.pl\/blog\/wp-json\/wp\/v2\/posts"}],"about":[{"href":"https:\/\/estyl.pl\/blog\/wp-json\/wp\/v2\/types\/post"}],"author":[{"embeddable":true,"href":"https:\/\/estyl.pl\/blog\/wp-json\/wp\/v2\/users\/23"}],"replies":[{"embeddable":true,"href":"https:\/\/estyl.pl\/blog\/wp-json\/wp\/v2\/comments?post=35425"}],"version-history":[{"count":13,"href":"https:\/\/estyl.pl\/blog\/wp-json\/wp\/v2\/posts\/35425\/revisions"}],"predecessor-version":[{"id":36017,"href":"https:\/\/estyl.pl\/blog\/wp-json\/wp\/v2\/posts\/35425\/revisions\/36017"}],"wp:featuredmedia":[{"embeddable":true,"href":"https:\/\/estyl.pl\/blog\/wp-json\/wp\/v2\/media\/35445"}],"wp:attachment":[{"href":"https:\/\/estyl.pl\/blog\/wp-json\/wp\/v2\/media?parent=35425"}],"wp:term":[{"taxonomy":"category","embeddable":true,"href":"https:\/\/estyl.pl\/blog\/wp-json\/wp\/v2\/categories?post=35425"},{"taxonomy":"post_tag","embeddable":true,"href":"https:\/\/estyl.pl\/blog\/wp-json\/wp\/v2\/tags?post=35425"}],"curies":[{"name":"wp","href":"https:\/\/api.w.org\/{rel}","templated":true}]}}